{"id":260613,"date":"2022-11-14T12:37:13","date_gmt":"2022-11-14T08:37:13","guid":{"rendered":"https:\/\/www.meydan.tv\/?p=260613"},"modified":"2022-11-14T12:37:16","modified_gmt":"2022-11-14T08:37:16","slug":"kuryerler-birliyinin-rehberi-polis-dedi-ki-basini-asagi-sal-heyatini-yasa","status":"publish","type":"post","link":"https:\/\/www.meydan.tv\/az\/article\/kuryerler-birliyinin-rehberi-polis-dedi-ki-basini-asagi-sal-heyatini-yasa\/","title":{"rendered":"Kuryerl\u0259r Birliyinin r\u0259hb\u0259ri: &#8220;Polis dedi ki, ba\u015f\u0131n\u0131 a\u015fa\u011f\u0131 sal, h\u0259yat\u0131n\u0131 ya\u015fa&#8221;"},"content":{"rendered":"\n<figure class=\"wp-block-embed is-type-video is-provider-youtube wp-block-embed-youtube wp-embed-aspect-16-9 wp-has-aspect-ratio\"><div class=\"wp-block-embed__wrapper\">\n<iframe title=\"Kuryerl\u0259r Birliyinin r\u0259hb\u0259ri: &quot;Polis dedi ki, ba\u015f\u0131n\u0131 a\u015fa\u011f\u0131 sal, h\u0259yat\u0131n\u0131 ya\u015fa&quot;\" width=\"1200\" height=\"675\" data-src=\"https:\/\/www.youtube.com\/embed\/2wzvFmDkH1c?feature=oembed\" frameborder=\"0\" allow=\"accelerometer; autoplay; clipboard-write; encrypted-media; gyroscope; picture-in-picture\" allowfullscreen src=\"data:image\/svg+xml;base64,PHN2ZyB3aWR0aD0iMSIgaGVpZ2h0PSIxIiB4bWxucz0iaHR0cDovL3d3dy53My5vcmcvMjAwMC9zdmciPjwvc3ZnPg==\" class=\"lazyload\" data-load-mode=\"1\"><\/iframe>\n<\/div><\/figure>\n\n\n\n<!--more-->\n\n\n\n<p>\u201cPolis idar\u0259sind\u0259 ik\u0259n d\u00fc\u015f\u00fcnd\u00fcy\u00fcm o idi ki, m\u0259n n\u0259y\u0259 g\u00f6r\u0259 saxlan\u0131lm\u0131\u015fam? \u00d6zl\u0259rin\u0259 d\u0259 bu sual\u0131 verdim, amma \u00f6zl\u0259ri m\u0259n\u0259 cavab vermirdil\u0259r. Deyirdil\u0259r ki, s\u0259n \u00f6z\u00fcn bunu yax\u015f\u0131 bilirs\u0259n, s\u0259n qanunsuz f\u0259aliyy\u0259t g\u00f6st\u0259rirs\u0259n. M\u0259n d\u0259 onlara izah etdim ki, he\u00e7 bir qanunsuz f\u0259aliyy\u0259t g\u00f6st\u0259rm\u0259mi\u015f\u0259m\u201d.<\/p>\n\n\n\n<p>\u201c\u0130\u015f\u00e7i Masas\u0131\u201d Kuryerl\u0259r Birliyinin r\u0259hb\u0259ri Elvin Feyruzzad\u0259 24 saata yax\u0131n vaxt\u0131 Bak\u0131 \u015e\u0259h\u0259r Ba\u015f Polis \u0130dar\u0259sind\u0259 ke\u00e7irib. Onunla birlikd\u0259 saxlan\u0131lan D18 H\u0259r\u0259kat\u0131n\u0131n idar\u0259 hey\u0259tinin \u00fczv\u00fc Afi\u0259ddin M\u0259mm\u0259dov inzibati qaydada 30 sutkal\u0131q h\u0259bs edilib.&nbsp;<\/p>\n\n\n\n<p>H\u0259r\u0259kat noyabr\u0131n 13-d\u0259 m\u0259tbuat konfrans\u0131 ke\u00e7irib. Konfransda h\u00f6kum\u0259tin f\u0259allar\u0131n m\u00fcbariz\u0259sin\u0259 qar\u015f\u0131 apard\u0131\u011f\u0131 h\u0259bs siyas\u0259tind\u0259n dan\u0131\u015f\u0131l\u0131b.<\/p>\n\n\n\n<p>\u201c\u201d\u0130\u015f\u00e7i Masas\u0131\u201d Kuryerl\u0259r Birliyinin \u00fczv\u00fc Orxan Zeynall\u0131 evinin i\u015f\u0131\u011f\u0131 s\u00f6nd\u00fcr\u00fcl\u0259r\u0259k o\u011furland\u0131. Orxan Zeynall\u0131n\u0131 bizd\u0259n ayr\u0131lmas\u0131 \u00fc\u00e7\u00fcn t\u0259hdid etdil\u0259r. Onun s\u0259h\u0259ri idar\u0259 hey\u0259ti \u00fczv\u00fcm\u00fcz Afi\u0259ddin M\u0259mm\u0259dov v\u0259 \u201c\u0130\u015f\u00e7i Masas\u0131\u201d Kuryerl\u0259r Birliyinin s\u0259dri Elvin Feyruzzad\u0259 o\u011furland\u0131. Bak\u0131 \u015e\u0259h\u0259r Ba\u015f Polis \u0130dar\u0259sind\u0259 onlara t\u0259hdidl\u0259r edildi. Bizim i\u015f\u00e7i koordinasiyam\u0131z\u0131 s\u0131radan \u00e7\u0131xarmaq \u00fc\u00e7\u00fcn Afi\u0259ddin M\u0259mm\u0259dova 30 sutka h\u0259bs c\u0259zas\u0131 verildi. Daxili \u0130\u015fl\u0259r Nazirliyi n\u0259 Orxan Zeynall\u0131n\u0131n, n\u0259 d\u0259 Afi\u0259ddin M\u0259mm\u0259dovun h\u0259bs madd\u0259sini a\u00e7\u0131qlamad\u0131\u201d- D18 H\u0259r\u0259kat\u0131n\u0131n s\u0259dri \u018fhm\u0259d M\u0259mm\u0259dli deyir.<\/p>\n\n\n\n<p>D18 H\u0259r\u0259kat\u0131n\u0131n ayr\u0131ca qolu olan \u201c\u0130\u015f\u00e7i Masas\u0131\u201dnda Kuryerl\u0259r Birliyi f\u0259alliyy\u0259t g\u00f6st\u0259rir. Birliyin r\u0259hb\u0259ri Elvin Feyruzzad\u0259 dan\u0131\u015f\u0131r ki, o, polis idar\u0259sind\u0259 qanunsuz i\u015f g\u00f6rm\u0259m\u0259si, kuryerl\u0259r aras\u0131nda h\u00fcquqi maarifl\u0259ndirm\u0259 aparmas\u0131ndan dan\u0131\u015f\u0131b.<\/p>\n\n\n\n<p>\u201cM\u0259nd\u0259n ist\u0259nil\u0259n o idi ki, Afi\u0259ddin M\u0259mm\u0259dovla \u0259laq\u0259ni k\u0259s. O, do\u011fru yolda deyil. Onunla m\u00fcnasib\u0259ti k\u0259s. Get, \u00f6z\u00fcn i\u015finl\u0259 m\u0259\u015f\u011ful ol. Ba\u015f\u0131n\u0131 sal a\u015fa\u011f\u0131, h\u0259yat\u0131n\u0131 ya\u015fa. Bu kuryer birliyini da\u011f\u0131t. Bel\u0259 \u015fey il\u0259 m\u0259\u015f\u011ful olmaq laz\u0131m deyil. M\u0259n is\u0259 bunu laz\u0131m oldu\u011funu d\u00fc\u015f\u00fcnd\u00fcy\u00fcm \u00fc\u00e7\u00fcn yaratm\u0131\u015fam v\u0259 biz he\u00e7 bir qeyri-qanuni i\u015f g\u00f6rm\u00fcr\u00fck. Kuryerl\u0259r\u0259 qar\u015f\u0131lar\u0131na \u00e7\u0131xacaq haqs\u0131z yer\u0259 bloklanmalar, i\u015fd\u0259n \u00e7\u0131xar\u0131lmalar an\u0131nda n\u0259 etm\u0259li olduqlar\u0131n\u0131 izah edirik. B\u0259z\u0259n q\u0259za \u015f\u0259raiti ke\u00e7ir\u0259nd\u0259 kuryerl\u0259rl\u0259 onlara maddi yard\u0131m edirik. F\u0259alliyy\u0259timiz budur\u201d.<\/p>\n\n\n\n<p>H\u0259r\u0259kat\u0131n s\u0259dri \u018fhm\u0259d M\u0259mm\u0259dli d\u0259 bundan bir q\u0259d\u0259r \u00f6nc\u0259 bir ayl\u0131q h\u0259bs c\u0259zas\u0131 alm\u0131\u015fd\u0131. O, h\u0259bsd\u0259 ik\u0259n h\u0259r\u0259katdan uzaqla\u015fmad\u0131\u011f\u0131 halda h\u0259rbi xidm\u0259t\u0259 apar\u0131laca\u011f\u0131 il\u0259 t\u0259hdid olundu\u011funu a\u00e7\u0131qlam\u0131\u015fd\u0131. \u0130ndi is\u0259 C\u0259lilabad Rayon Prokurorlu\u011funa \u00e7a\u011f\u0131r\u0131lan f\u0259ala deyilib ki, onun t\u0259hsil \u00fc\u00e7\u00fcn ald\u0131\u011f\u0131 h\u0259rbi m\u00f6hl\u0259t s\u0259n\u0259dl\u0259ri qaydas\u0131nda deyil.<\/p>\n\n\n\n<p>\u201c\u018fvv\u0259la sistem n\u0259 add\u0131m atacaqsa, biz anti-sistem olaraq, ona adekvat cavab ver\u0259c\u0259yik. \u00c7\u00fcnki bizim m\u0259qs\u0259dimiz t\u0259kc\u0259 \u201cD18\u201d adl\u0131 H\u0259r\u0259kat\u0131 inki\u015faf etdirm\u0259k deyil. Biz Az\u0259rbaycanda yeni bir siyasi sfrea, siyasi seqment in\u015fa etdirm\u0259k fikrind\u0259yik. Klassikl\u0259rd\u0259n f\u0259rqli olaraq do\u011fru bildikl\u0259rimizi ifad\u0259 etm\u0259kd\u0259n qorxmaq kimi bir fikrimiz yoxdur. \u018fksin\u0259, bu sistem d\u0259yi\u015f\u0259c\u0259ks\u0259, yeni d\u0259y\u0259rl\u0259r \u0259sas\u0131nda d\u0259yi\u015fm\u0259lidir\u201d.<\/p>\n\n\n\n<p>Daxili \u0130\u015fl\u0259r Nazirliyi f\u0259allar\u0131n saxlan\u0131lmas\u0131 il\u0259 ba\u011fl\u0131 m\u0259lumat vers\u0259 d\u0259, onlar\u0131n n\u0259 \u00fczr\u0259 dindirildiyini, hans\u0131 madd\u0259 il\u0259 h\u0259bs ediliyini a\u00e7\u0131qlamay\u0131b. Az\u0259rbaycan r\u0259smil\u0259ri bir qayda olaraq \u00f6lk\u0259d\u0259 siyasi f\u0259aliyy\u0259t\u0259 basq\u0131larla ba\u011fl\u0131 deyil\u0259nl\u0259ri t\u0259kzib edir.<\/p>\n\n\n\n<p><\/p>\n","protected":false},"excerpt":{"rendered":"","protected":false},"author":14,"featured_media":260614,"comment_status":"closed","ping_status":"closed","sticky":false,"template":"","format":"standard","meta":{"_acf_changed":false,"_sitemap_exclude":false,"_sitemap_priority":"","_sitemap_frequency":"","footnotes":""},"categories":[63],"tags":[],"class_list":["post-260613","post","type-post","status-publish","format-standard","has-post-thumbnail","hentry","category-video-2","infinite-scroll-item","generate-columns","tablet-grid-50","mobile-grid-100","grid-parent","grid-33","no-featured-image-padding"],"acf":[],"yoast_head":"<!-- This site is optimized with the Yoast SEO plugin v27.5 - https:\/\/yoast.com\/product\/yoast-seo-wordpress\/ -->\n<title>Kuryerl\u0259r Birliyinin r\u0259hb\u0259ri: &quot;Polis dedi ki, ba\u015f\u0131n\u0131 a\u015fa\u011f\u0131 sal, h\u0259yat\u0131n\u0131 ya\u015fa&quot; - MEYDAN.TV<\/title>\n<meta name=\"robots\" content=\"index, follow, max-snippet:-1, max-image-preview:large, max-video-preview:-1\" \/>\n<link rel=\"canonical\" href=\"https:\/\/www.meydan.tv\/az\/article\/kuryerler-birliyinin-rehberi-polis-dedi-ki-basini-asagi-sal-heyatini-yasa\/\" \/>\n<meta property=\"og:locale\" content=\"az_AZ\" \/>\n<meta property=\"og:type\" content=\"article\" \/>\n<meta property=\"og:title\" content=\"Kuryerl\u0259r Birliyinin r\u0259hb\u0259ri: &quot;Polis dedi ki, ba\u015f\u0131n\u0131 a\u015fa\u011f\u0131 sal, h\u0259yat\u0131n\u0131 ya\u015fa&quot; - MEYDAN.TV\" \/>\n<meta property=\"og:url\" content=\"https:\/\/www.meydan.tv\/az\/article\/kuryerler-birliyinin-rehberi-polis-dedi-ki-basini-asagi-sal-heyatini-yasa\/\" \/>\n<meta property=\"og:site_name\" content=\"MEYDAN.TV\" \/>\n<meta property=\"article:published_time\" content=\"2022-11-14T08:37:13+00:00\" \/>\n<meta property=\"article:modified_time\" content=\"2022-11-14T08:37:16+00:00\" \/>\n<meta property=\"og:image\" content=\"https:\/\/www.meydan.tv\/wp-content\/uploads\/screenshot-at-nov-13-19-00-28-1200x679.png\" \/>\n\t<meta property=\"og:image:width\" content=\"1200\" \/>\n\t<meta property=\"og:image:height\" content=\"679\" \/>\n\t<meta property=\"og:image:type\" content=\"image\/png\" \/>\n<meta name=\"author\" content=\"roma\" \/>\n<meta name=\"twitter:card\" content=\"summary_large_image\" \/>\n<script type=\"application\/ld+json\" class=\"yoast-schema-graph\">{\"@context\":\"https:\\\/\\\/schema.org\",\"@graph\":[{\"@type\":\"Article\",\"@id\":\"https:\\\/\\\/www.meydan.tv\\\/az\\\/article\\\/kuryerler-birliyinin-rehberi-polis-dedi-ki-basini-asagi-sal-heyatini-yasa\\\/#article\",\"isPartOf\":{\"@id\":\"https:\\\/\\\/www.meydan.tv\\\/az\\\/article\\\/kuryerler-birliyinin-rehberi-polis-dedi-ki-basini-asagi-sal-heyatini-yasa\\\/\"},\"author\":{\"name\":\"roma\",\"@id\":\"https:\\\/\\\/www.meydan.tv\\\/az\\\/#\\\/schema\\\/person\\\/8f23e01c4de63326c13c319fb65ee65d\"},\"headline\":\"Kuryerl\u0259r Birliyinin r\u0259hb\u0259ri: &#8220;Polis dedi ki, ba\u015f\u0131n\u0131 a\u015fa\u011f\u0131 sal, h\u0259yat\u0131n\u0131 ya\u015fa&#8221;\",\"datePublished\":\"2022-11-14T08:37:13+00:00\",\"dateModified\":\"2022-11-14T08:37:16+00:00\",\"mainEntityOfPage\":{\"@id\":\"https:\\\/\\\/www.meydan.tv\\\/az\\\/article\\\/kuryerler-birliyinin-rehberi-polis-dedi-ki-basini-asagi-sal-heyatini-yasa\\\/\"},\"wordCount\":710,\"publisher\":{\"@id\":\"https:\\\/\\\/www.meydan.tv\\\/az\\\/#organization\"},\"image\":{\"@id\":\"https:\\\/\\\/www.meydan.tv\\\/az\\\/article\\\/kuryerler-birliyinin-rehberi-polis-dedi-ki-basini-asagi-sal-heyatini-yasa\\\/#primaryimage\"},\"thumbnailUrl\":\"https:\\\/\\\/www.meydan.tv\\\/wp-content\\\/uploads\\\/screenshot-at-nov-13-19-00-28.png\",\"articleSection\":[\"Video\"],\"inLanguage\":\"az\"},{\"@type\":\"WebPage\",\"@id\":\"https:\\\/\\\/www.meydan.tv\\\/az\\\/article\\\/kuryerler-birliyinin-rehberi-polis-dedi-ki-basini-asagi-sal-heyatini-yasa\\\/\",\"url\":\"https:\\\/\\\/www.meydan.tv\\\/az\\\/article\\\/kuryerler-birliyinin-rehberi-polis-dedi-ki-basini-asagi-sal-heyatini-yasa\\\/\",\"name\":\"Kuryerl\u0259r Birliyinin r\u0259hb\u0259ri: \\\"Polis dedi ki, ba\u015f\u0131n\u0131 a\u015fa\u011f\u0131 sal, h\u0259yat\u0131n\u0131 ya\u015fa\\\" - MEYDAN.TV\",\"isPartOf\":{\"@id\":\"https:\\\/\\\/www.meydan.tv\\\/az\\\/#website\"},\"primaryImageOfPage\":{\"@id\":\"https:\\\/\\\/www.meydan.tv\\\/az\\\/article\\\/kuryerler-birliyinin-rehberi-polis-dedi-ki-basini-asagi-sal-heyatini-yasa\\\/#primaryimage\"},\"image\":{\"@id\":\"https:\\\/\\\/www.meydan.tv\\\/az\\\/article\\\/kuryerler-birliyinin-rehberi-polis-dedi-ki-basini-asagi-sal-heyatini-yasa\\\/#primaryimage\"},\"thumbnailUrl\":\"https:\\\/\\\/www.meydan.tv\\\/wp-content\\\/uploads\\\/screenshot-at-nov-13-19-00-28.png\",\"datePublished\":\"2022-11-14T08:37:13+00:00\",\"dateModified\":\"2022-11-14T08:37:16+00:00\",\"breadcrumb\":{\"@id\":\"https:\\\/\\\/www.meydan.tv\\\/az\\\/article\\\/kuryerler-birliyinin-rehberi-polis-dedi-ki-basini-asagi-sal-heyatini-yasa\\\/#breadcrumb\"},\"inLanguage\":\"az\",\"potentialAction\":[{\"@type\":\"ReadAction\",\"target\":[\"https:\\\/\\\/www.meydan.tv\\\/az\\\/article\\\/kuryerler-birliyinin-rehberi-polis-dedi-ki-basini-asagi-sal-heyatini-yasa\\\/\"]}]},{\"@type\":\"ImageObject\",\"inLanguage\":\"az\",\"@id\":\"https:\\\/\\\/www.meydan.tv\\\/az\\\/article\\\/kuryerler-birliyinin-rehberi-polis-dedi-ki-basini-asagi-sal-heyatini-yasa\\\/#primaryimage\",\"url\":\"https:\\\/\\\/www.meydan.tv\\\/wp-content\\\/uploads\\\/screenshot-at-nov-13-19-00-28.png\",\"contentUrl\":\"https:\\\/\\\/www.meydan.tv\\\/wp-content\\\/uploads\\\/screenshot-at-nov-13-19-00-28.png\",\"width\":1268,\"height\":718},{\"@type\":\"BreadcrumbList\",\"@id\":\"https:\\\/\\\/www.meydan.tv\\\/az\\\/article\\\/kuryerler-birliyinin-rehberi-polis-dedi-ki-basini-asagi-sal-heyatini-yasa\\\/#breadcrumb\",\"itemListElement\":[{\"@type\":\"ListItem\",\"position\":1,\"name\":\"Ana s\u0259hif\u0259\",\"item\":\"https:\\\/\\\/www.meydan.tv\\\/az\\\/\"},{\"@type\":\"ListItem\",\"position\":2,\"name\":\"Video\",\"item\":\"https:\\\/\\\/www.meydan.tv\\\/az\\\/section\\\/video-2\\\/\"},{\"@type\":\"ListItem\",\"position\":3,\"name\":\"Kuryerl\u0259r Birliyinin r\u0259hb\u0259ri: &#8220;Polis dedi ki, ba\u015f\u0131n\u0131 a\u015fa\u011f\u0131 sal, h\u0259yat\u0131n\u0131 ya\u015fa&#8221;\"}]},{\"@type\":\"WebSite\",\"@id\":\"https:\\\/\\\/www.meydan.tv\\\/az\\\/#website\",\"url\":\"https:\\\/\\\/www.meydan.tv\\\/az\\\/\",\"name\":\"MEYDAN.TV\",\"description\":\"Meydan TV Az\u0259rbaycan\u0131n media m\u0259kan\u0131ndak\u0131 alternativ s\u0259sidir\",\"publisher\":{\"@id\":\"https:\\\/\\\/www.meydan.tv\\\/az\\\/#organization\"},\"potentialAction\":[{\"@type\":\"SearchAction\",\"target\":{\"@type\":\"EntryPoint\",\"urlTemplate\":\"https:\\\/\\\/www.meydan.tv\\\/az\\\/?s={search_term_string}\"},\"query-input\":{\"@type\":\"PropertyValueSpecification\",\"valueRequired\":true,\"valueName\":\"search_term_string\"}}],\"inLanguage\":\"az\"},{\"@type\":\"Organization\",\"@id\":\"https:\\\/\\\/www.meydan.tv\\\/az\\\/#organization\",\"name\":\"Meydan TV\",\"url\":\"https:\\\/\\\/www.meydan.tv\\\/az\\\/\",\"logo\":{\"@type\":\"ImageObject\",\"inLanguage\":\"az\",\"@id\":\"https:\\\/\\\/www.meydan.tv\\\/az\\\/#\\\/schema\\\/logo\\\/image\\\/\",\"url\":\"https:\\\/\\\/www.meydan.tv\\\/wp-content\\\/uploads\\\/2021\\\/07\\\/meydan-logo.svg\",\"contentUrl\":\"https:\\\/\\\/www.meydan.tv\\\/wp-content\\\/uploads\\\/2021\\\/07\\\/meydan-logo.svg\",\"width\":195,\"height\":46,\"caption\":\"Meydan TV\"},\"image\":{\"@id\":\"https:\\\/\\\/www.meydan.tv\\\/az\\\/#\\\/schema\\\/logo\\\/image\\\/\"}},{\"@type\":\"Person\",\"@id\":\"https:\\\/\\\/www.meydan.tv\\\/az\\\/#\\\/schema\\\/person\\\/8f23e01c4de63326c13c319fb65ee65d\",\"name\":\"roma\"}]}<\/script>\n<!-- \/ Yoast SEO plugin. -->","yoast_head_json":{"title":"Kuryerl\u0259r Birliyinin r\u0259hb\u0259ri: \"Polis dedi ki, ba\u015f\u0131n\u0131 a\u015fa\u011f\u0131 sal, h\u0259yat\u0131n\u0131 ya\u015fa\" - MEYDAN.TV","robots":{"index":"index","follow":"follow","max-snippet":"max-snippet:-1","max-image-preview":"max-image-preview:large","max-video-preview":"max-video-preview:-1"},"canonical":"https:\/\/www.meydan.tv\/az\/article\/kuryerler-birliyinin-rehberi-polis-dedi-ki-basini-asagi-sal-heyatini-yasa\/","og_locale":"az_AZ","og_type":"article","og_title":"Kuryerl\u0259r Birliyinin r\u0259hb\u0259ri: \"Polis dedi ki, ba\u015f\u0131n\u0131 a\u015fa\u011f\u0131 sal, h\u0259yat\u0131n\u0131 ya\u015fa\" - MEYDAN.TV","og_url":"https:\/\/www.meydan.tv\/az\/article\/kuryerler-birliyinin-rehberi-polis-dedi-ki-basini-asagi-sal-heyatini-yasa\/","og_site_name":"MEYDAN.TV","article_published_time":"2022-11-14T08:37:13+00:00","article_modified_time":"2022-11-14T08:37:16+00:00","og_image":[{"width":1200,"height":679,"url":"https:\/\/www.meydan.tv\/wp-content\/uploads\/screenshot-at-nov-13-19-00-28-1200x679.png","type":"image\/png"}],"author":"roma","twitter_card":"summary_large_image","schema":{"@context":"https:\/\/schema.org","@graph":[{"@type":"Article","@id":"https:\/\/www.meydan.tv\/az\/article\/kuryerler-birliyinin-rehberi-polis-dedi-ki-basini-asagi-sal-heyatini-yasa\/#article","isPartOf":{"@id":"https:\/\/www.meydan.tv\/az\/article\/kuryerler-birliyinin-rehberi-polis-dedi-ki-basini-asagi-sal-heyatini-yasa\/"},"author":{"name":"roma","@id":"https:\/\/www.meydan.tv\/az\/#\/schema\/person\/8f23e01c4de63326c13c319fb65ee65d"},"headline":"Kuryerl\u0259r Birliyinin r\u0259hb\u0259ri: &#8220;Polis dedi ki, ba\u015f\u0131n\u0131 a\u015fa\u011f\u0131 sal, h\u0259yat\u0131n\u0131 ya\u015fa&#8221;","datePublished":"2022-11-14T08:37:13+00:00","dateModified":"2022-11-14T08:37:16+00:00","mainEntityOfPage":{"@id":"https:\/\/www.meydan.tv\/az\/article\/kuryerler-birliyinin-rehberi-polis-dedi-ki-basini-asagi-sal-heyatini-yasa\/"},"wordCount":710,"publisher":{"@id":"https:\/\/www.meydan.tv\/az\/#organization"},"image":{"@id":"https:\/\/www.meydan.tv\/az\/article\/kuryerler-birliyinin-rehberi-polis-dedi-ki-basini-asagi-sal-heyatini-yasa\/#primaryimage"},"thumbnailUrl":"https:\/\/www.meydan.tv\/wp-content\/uploads\/screenshot-at-nov-13-19-00-28.png","articleSection":["Video"],"inLanguage":"az"},{"@type":"WebPage","@id":"https:\/\/www.meydan.tv\/az\/article\/kuryerler-birliyinin-rehberi-polis-dedi-ki-basini-asagi-sal-heyatini-yasa\/","url":"https:\/\/www.meydan.tv\/az\/article\/kuryerler-birliyinin-rehberi-polis-dedi-ki-basini-asagi-sal-heyatini-yasa\/","name":"Kuryerl\u0259r Birliyinin r\u0259hb\u0259ri: \"Polis dedi ki, ba\u015f\u0131n\u0131 a\u015fa\u011f\u0131 sal, h\u0259yat\u0131n\u0131 ya\u015fa\" - MEYDAN.TV","isPartOf":{"@id":"https:\/\/www.meydan.tv\/az\/#website"},"primaryImageOfPage":{"@id":"https:\/\/www.meydan.tv\/az\/article\/kuryerler-birliyinin-rehberi-polis-dedi-ki-basini-asagi-sal-heyatini-yasa\/#primaryimage"},"image":{"@id":"https:\/\/www.meydan.tv\/az\/article\/kuryerler-birliyinin-rehberi-polis-dedi-ki-basini-asagi-sal-heyatini-yasa\/#primaryimage"},"thumbnailUrl":"https:\/\/www.meydan.tv\/wp-content\/uploads\/screenshot-at-nov-13-19-00-28.png","datePublished":"2022-11-14T08:37:13+00:00","dateModified":"2022-11-14T08:37:16+00:00","breadcrumb":{"@id":"https:\/\/www.meydan.tv\/az\/article\/kuryerler-birliyinin-rehberi-polis-dedi-ki-basini-asagi-sal-heyatini-yasa\/#breadcrumb"},"inLanguage":"az","potentialAction":[{"@type":"ReadAction","target":["https:\/\/www.meydan.tv\/az\/article\/kuryerler-birliyinin-rehberi-polis-dedi-ki-basini-asagi-sal-heyatini-yasa\/"]}]},{"@type":"ImageObject","inLanguage":"az","@id":"https:\/\/www.meydan.tv\/az\/article\/kuryerler-birliyinin-rehberi-polis-dedi-ki-basini-asagi-sal-heyatini-yasa\/#primaryimage","url":"https:\/\/www.meydan.tv\/wp-content\/uploads\/screenshot-at-nov-13-19-00-28.png","contentUrl":"https:\/\/www.meydan.tv\/wp-content\/uploads\/screenshot-at-nov-13-19-00-28.png","width":1268,"height":718},{"@type":"BreadcrumbList","@id":"https:\/\/www.meydan.tv\/az\/article\/kuryerler-birliyinin-rehberi-polis-dedi-ki-basini-asagi-sal-heyatini-yasa\/#breadcrumb","itemListElement":[{"@type":"ListItem","position":1,"name":"Ana s\u0259hif\u0259","item":"https:\/\/www.meydan.tv\/az\/"},{"@type":"ListItem","position":2,"name":"Video","item":"https:\/\/www.meydan.tv\/az\/section\/video-2\/"},{"@type":"ListItem","position":3,"name":"Kuryerl\u0259r Birliyinin r\u0259hb\u0259ri: &#8220;Polis dedi ki, ba\u015f\u0131n\u0131 a\u015fa\u011f\u0131 sal, h\u0259yat\u0131n\u0131 ya\u015fa&#8221;"}]},{"@type":"WebSite","@id":"https:\/\/www.meydan.tv\/az\/#website","url":"https:\/\/www.meydan.tv\/az\/","name":"MEYDAN.TV","description":"Meydan TV Az\u0259rbaycan\u0131n media m\u0259kan\u0131ndak\u0131 alternativ s\u0259sidir","publisher":{"@id":"https:\/\/www.meydan.tv\/az\/#organization"},"potentialAction":[{"@type":"SearchAction","target":{"@type":"EntryPoint","urlTemplate":"https:\/\/www.meydan.tv\/az\/?s={search_term_string}"},"query-input":{"@type":"PropertyValueSpecification","valueRequired":true,"valueName":"search_term_string"}}],"inLanguage":"az"},{"@type":"Organization","@id":"https:\/\/www.meydan.tv\/az\/#organization","name":"Meydan TV","url":"https:\/\/www.meydan.tv\/az\/","logo":{"@type":"ImageObject","inLanguage":"az","@id":"https:\/\/www.meydan.tv\/az\/#\/schema\/logo\/image\/","url":"https:\/\/www.meydan.tv\/wp-content\/uploads\/2021\/07\/meydan-logo.svg","contentUrl":"https:\/\/www.meydan.tv\/wp-content\/uploads\/2021\/07\/meydan-logo.svg","width":195,"height":46,"caption":"Meydan TV"},"image":{"@id":"https:\/\/www.meydan.tv\/az\/#\/schema\/logo\/image\/"}},{"@type":"Person","@id":"https:\/\/www.meydan.tv\/az\/#\/schema\/person\/8f23e01c4de63326c13c319fb65ee65d","name":"roma"}]}},"_links":{"self":[{"href":"https:\/\/www.meydan.tv\/az\/wp-json\/wp\/v2\/posts\/260613","targetHints":{"allow":["GET"]}}],"collection":[{"href":"https:\/\/www.meydan.tv\/az\/wp-json\/wp\/v2\/posts"}],"about":[{"href":"https:\/\/www.meydan.tv\/az\/wp-json\/wp\/v2\/types\/post"}],"author":[{"embeddable":true,"href":"https:\/\/www.meydan.tv\/az\/wp-json\/wp\/v2\/users\/14"}],"replies":[{"embeddable":true,"href":"https:\/\/www.meydan.tv\/az\/wp-json\/wp\/v2\/comments?post=260613"}],"version-history":[{"count":1,"href":"https:\/\/www.meydan.tv\/az\/wp-json\/wp\/v2\/posts\/260613\/revisions"}],"predecessor-version":[{"id":260617,"href":"https:\/\/www.meydan.tv\/az\/wp-json\/wp\/v2\/posts\/260613\/revisions\/260617"}],"wp:featuredmedia":[{"embeddable":true,"href":"https:\/\/www.meydan.tv\/az\/wp-json\/wp\/v2\/media\/260614"}],"wp:attachment":[{"href":"https:\/\/www.meydan.tv\/az\/wp-json\/wp\/v2\/media?parent=260613"}],"wp:term":[{"taxonomy":"category","embeddable":true,"href":"https:\/\/www.meydan.tv\/az\/wp-json\/wp\/v2\/categories?post=260613"},{"taxonomy":"post_tag","embeddable":true,"href":"https:\/\/www.meydan.tv\/az\/wp-json\/wp\/v2\/tags?post=260613"}],"curies":[{"name":"wp","href":"https:\/\/api.w.org\/{rel}","templated":true}]}}