{"id":260608,"date":"2022-11-13T21:47:45","date_gmt":"2022-11-13T17:47:45","guid":{"rendered":"https:\/\/www.meydan.tv\/?p=260608"},"modified":"2022-11-13T21:47:48","modified_gmt":"2022-11-13T17:47:48","slug":"meyart-elilliyi-olan-sexs-gozellik-yarismasindafilmi-festivalda-yarisir","status":"publish","type":"post","link":"https:\/\/www.meydan.tv\/az\/article\/meyart-elilliyi-olan-sexs-gozellik-yarismasindafilmi-festivalda-yarisir\/","title":{"rendered":"MeyArt &#8211; &#8220;\u018flilliyi olan \u015f\u0259xs g\u00f6z\u0259llik yar\u0131\u015fmas\u0131nda&#8221;filmi festivalda yar\u0131\u015f\u0131r"},"content":{"rendered":"\n<figure class=\"wp-block-embed is-type-video is-provider-youtube wp-block-embed-youtube wp-embed-aspect-16-9 wp-has-aspect-ratio\"><div class=\"wp-block-embed__wrapper\">\n<iframe title=\"MeyArt - &quot;\u018flilliyi olan \u015f\u0259xs g\u00f6z\u0259llik yar\u0131\u015fmas\u0131nda&quot;filmi festivalda yar\u0131\u015f\u0131r\" width=\"1200\" height=\"675\" data-src=\"https:\/\/www.youtube.com\/embed\/4Dtkwj-inwU?feature=oembed\" frameborder=\"0\" allow=\"accelerometer; autoplay; clipboard-write; encrypted-media; gyroscope; picture-in-picture\" allowfullscreen src=\"data:image\/svg+xml;base64,PHN2ZyB3aWR0aD0iMSIgaGVpZ2h0PSIxIiB4bWxucz0iaHR0cDovL3d3dy53My5vcmcvMjAwMC9zdmciPjwvc3ZnPg==\" class=\"lazyload\" data-load-mode=\"1\"><\/iframe>\n<\/div><\/figure>\n\n\n\n<!--more-->\n\n\n\n<p>Bak\u0131da 13-c\u00fc Beyn\u0259lxalq Q\u0131sa Filml\u0259r Festival\u0131 ba\u015flay\u0131b. Noyabr\u0131n 11-d\u0259 \u201cNizami\u201d Kino Teatr\u0131nda festival\u0131n a\u00e7\u0131l\u0131\u015f m\u0259rasimi ba\u015f tutub. Festivala 79 \u00f6lk\u0259d\u0259n 814 film qat\u0131l\u0131b. Bunlardan 91 film yerli m\u00fcsabiq\u0259y\u0259 t\u0259qdim edilib. \u018fn yax\u015f\u0131 t\u0259l\u0259b\u0259 filmi nominasiyas\u0131 \u00fczr\u0259 yar\u0131\u015fan rejissor Kamal M\u00fc\u015ffiq \u0259rs\u0259y\u0259 g\u0259tirdiyi filml\u0259 \u00f6z hekay\u0259sini dan\u0131\u015f\u0131b. Bir avtomobil q\u0259zas\u0131 il\u0259 idman karyeras\u0131n\u0131 bitirm\u0259li olan Kamal \u00f6z\u00fcn\u00fc inc\u0259s\u0259n\u0259td\u0259 s\u0131namaq q\u0259rar\u0131na g\u0259lir. \u00d6z maliyy\u0259si il\u0259 \u0259rs\u0259y\u0259 g\u0259tirdiyi \u201cMotivator\u201d filmlind\u0259 \u0259lilliyi olan \u015f\u0259xsl\u0259 \u0259lilliyi olmayanlar\u0131n g\u00f6z\u0259llik yar\u0131\u015fmas\u0131nda m\u00fcbariz\u0259sind\u0259n b\u0259hs edir.<\/p>\n\n\n\n<p>Maliyy\u0259 naziri Samir \u015e\u0259rifov 2023-c\u00fc ilin b\u00fcdc\u0259sind\u0259 n\u0259z\u0259rd\u0259 tutulan kinoya v\u0259 teatra pul ayr\u0131lmas\u0131ndan dan\u0131\u015f\u0131b. Milli M\u0259clisd\u0259 \u00e7\u0131x\u0131\u015f\u0131 zaman\u0131 nazir deyib ki, yeni filml\u0259rin \u00e7\u0259kilm\u0259si, yeni teatr tama\u015falar\u0131n\u0131n qurulmas\u0131 \u00fc\u00e7\u00fcn v\u0259sait ayr\u0131lacaq. Ancaq nazir m\u0259d\u0259niyy\u0259t sah\u0259sin\u0259 ayr\u0131lan v\u0259saitin nec\u0259 x\u0259rcl\u0259nm\u0259yi il\u0259 ba\u011fl\u0131 da eyham vurma\u011f\u0131 unutmay\u0131b. O deyib ki, maliyy\u0259nin istifad\u0259sin\u0259 n\u0259zar\u0259t g\u00fccl\u0259ndirilm\u0259lidir. Samir \u015e\u0259rifov h\u0259m\u00e7inin filml\u0259rin T\u00fcrkiy\u0259 vasit\u0259sil\u0259 \u201cNetflix\u201d v\u0259 dig\u0259r platformalarda daha geni\u015f yay\u0131mlanmas\u0131 t\u0259klifl\u0259rinin oldu\u011funu da vur\u011fulay\u0131b.<\/p>\n\n\n\n<p>Rejissor Vaqif Mustafayevin &#8220;H\u0259yat, dey\u0259s\u0259n, g\u00f6z\u0259ldir&#8221; filmi Korkut Ata Film Festival\u0131nda &#8220;\u018fn yax\u015f\u0131 rejissor&#8221; m\u00fckafat\u0131n\u0131n qalibi olub. Film ikinci Qaraba\u011f m\u00fcharib\u0259sind\u0259n b\u0259hs edir. Festivalda \u00fcmumilikd\u0259 13 \u00f6lk\u0259d\u0259n 42 film i\u015ftirak edib. M\u0259rasimd\u0259 m\u0259d\u0259niyy\u0259t naziri Anar K\u0259rimovun r\u0259hb\u0259rlik etdiyi n\u00fcmay\u0259nd\u0259 hey\u0259ti d\u0259 i\u015ftirak edib. III D\u0259d\u0259 Qorqud T\u00fcrk D\u00fcnyas\u0131 Film Festival\u0131n\u0131n 2023-c\u00fc ild\u0259 \u015eu\u015fada ke\u00e7iril\u0259c\u0259yi elan edilib.<\/p>\n\n\n\n<p>Deputat V\u00fcqar \u0130sk\u0259nd\u0259rov kino sah\u0259sini t\u0259nqid edib. O deyib ki, haz\u0131rda \u00e7\u0259kil\u0259n filml\u0259r\u0259 el\u0259 \u00f6z\u00fcm\u00fcz bax\u0131r\u0131q. Az\u0259rbaycan\u0131n Qaraba\u011fda \u0259ld\u0259 etdiyi q\u0259l\u0259b\u0259 il\u0259 ba\u011fl\u0131 \u201cHollywood\u201d s\u0259viyy\u0259sind\u0259, b\u00f6y\u00fck b\u00fcdc\u0259si olan film \u00e7\u0259km\u0259k laz\u0131md\u0131r.<\/p>\n\n\n\n<p>\u201cQaraba\u011f\u0131 haz\u0131rda b\u0259rpa edirik, h\u0259min t\u0259bii m\u0259nz\u0259r\u0259 sonra al\u0131nmayacaq. D\u00fcnya s\u0259viyy\u0259sin\u0259 \u00e7\u0131xmaq \u00fc\u00e7\u00fcn bu, \u00e7ox vacibdir. Erm\u0259nil\u0259r bununla ba\u011fl\u0131 bir ne\u00e7\u0259 film \u00e7\u0259kibl\u0259r v\u0259 \u201cHollywood\u201d s\u0259viyy\u0259sind\u0259 bu filml\u0259ri g\u00f6st\u0259rirl\u0259r\u201d, &#8211; dey\u0259 deputat bildirib.<\/p>\n\n\n\n<p>\u0130ranl\u0131 aktrisa T\u0259ran\u0259 \u018flidusti \u00f6lk\u0259d\u0259ki etiraz aksiyalar\u0131na d\u0259st\u0259k olaraq hicabs\u0131z fotosunu yay\u0131mlay\u0131b.<\/p>\n\n\n\n<p>Aktrisa \u00fcz\u0259rind\u0259 k\u00fcrd dilind\u0259 \u201cQad\u0131n, h\u0259yat, azadl\u0131q\u201d yaz\u0131s\u0131 olan pankart qald\u0131rd\u0131\u011f\u0131 fotosunu \u201c\u0130nstagram\u201d s\u0259hif\u0259sind\u0259 yerl\u0259\u015fdirib.<\/p>\n\n\n\n<p>2022-ci il sentyabr\u0131n 13-d\u0259 \u0130randa \u0259xlaq polisinin guya hicab qaydalar\u0131n\u0131 pozma ittiham\u0131 il\u0259 tutdu\u011fu M\u0259hsa Amini \u00fc\u00e7 g\u00fcn sonra x\u0259st\u0259xanada v\u0259fat edib.<\/p>\n\n\n\n<p>Aksiyalar\u0131 yat\u0131rtmaq c\u0259hdl\u0259rinin indiy\u0259d\u0259k 300-d\u0259n \u00e7ox adam\u0131n \u00f6l\u00fcm\u00fc, 15 min\u0259 yax\u0131n adam\u0131n h\u0259bsi il\u0259 n\u0259tic\u0259l\u0259ndiyi bildirilir.<\/p>\n\n\n\n<p>T\u0259ran\u0259 \u018flidusti daha \u00f6nc\u0259 \u0130randa k\u00fc\u00e7\u0259d\u0259 hicab taxmayan bir qad\u0131na h\u00fccum ed\u0259n \u0259xlaq polisinin videosunu payla\u015fd\u0131\u011f\u0131na g\u00f6r\u0259 5 ayl\u0131q h\u0259bs c\u0259zas\u0131na m\u0259hkum edilib.&nbsp;<\/p>\n\n\n\n<p>\u201cDaily Mail\u201d n\u0259\u015fri yaz\u0131r ki, 2017-ci ild\u0259 \u201c\u018fn yax\u015f\u0131 xarici film\u201d nominasiyas\u0131 \u00fczr\u0259 \u201cOskar\u201d m\u00fckafat\u0131n\u0131 qazanm\u0131\u015f \u201cSat\u0131c\u0131\u201d filmind\u0259 rol alan 38 ya\u015fl\u0131 aktrisa bu d\u0259f\u0259 d\u0259 eyni aqib\u0259tl\u0259 \u00fczl\u0259\u015f\u0259 bil\u0259r.<\/p>\n\n\n\n<p>D\u00fcnya m\u0259tbuat\u0131 aktrisan\u0131 \u201c\u0130ran\u0131n Natali Portman\u0131\u201d adland\u0131r\u0131r.<\/p>\n","protected":false},"excerpt":{"rendered":"","protected":false},"author":14,"featured_media":260609,"comment_status":"closed","ping_status":"closed","sticky":false,"template":"","format":"standard","meta":{"_acf_changed":false,"_sitemap_exclude":false,"_sitemap_priority":"","_sitemap_frequency":"","footnotes":""},"categories":[52,63],"tags":[],"class_list":["post-260608","post","type-post","status-publish","format-standard","has-post-thumbnail","hentry","category-medeniyyet","category-video-2","infinite-scroll-item","generate-columns","tablet-grid-50","mobile-grid-100","grid-parent","grid-33","no-featured-image-padding"],"acf":[],"yoast_head":"<!-- This site is optimized with the Yoast SEO plugin v27.4 - https:\/\/yoast.com\/product\/yoast-seo-wordpress\/ -->\n<title>MeyArt - &quot;\u018flilliyi olan \u015f\u0259xs g\u00f6z\u0259llik yar\u0131\u015fmas\u0131nda&quot;filmi festivalda yar\u0131\u015f\u0131r - MEYDAN.TV<\/title>\n<meta name=\"robots\" content=\"index, follow, max-snippet:-1, max-image-preview:large, max-video-preview:-1\" \/>\n<link rel=\"canonical\" href=\"https:\/\/www.meydan.tv\/az\/article\/meyart-elilliyi-olan-sexs-gozellik-yarismasindafilmi-festivalda-yarisir\/\" \/>\n<meta property=\"og:locale\" content=\"az_AZ\" \/>\n<meta property=\"og:type\" content=\"article\" \/>\n<meta property=\"og:title\" content=\"MeyArt - &quot;\u018flilliyi olan \u015f\u0259xs g\u00f6z\u0259llik yar\u0131\u015fmas\u0131nda&quot;filmi festivalda yar\u0131\u015f\u0131r - MEYDAN.TV\" \/>\n<meta property=\"og:url\" content=\"https:\/\/www.meydan.tv\/az\/article\/meyart-elilliyi-olan-sexs-gozellik-yarismasindafilmi-festivalda-yarisir\/\" \/>\n<meta property=\"og:site_name\" content=\"MEYDAN.TV\" \/>\n<meta property=\"article:published_time\" content=\"2022-11-13T17:47:45+00:00\" \/>\n<meta property=\"article:modified_time\" content=\"2022-11-13T17:47:48+00:00\" \/>\n<meta property=\"og:image\" content=\"https:\/\/www.meydan.tv\/wp-content\/uploads\/screenshot-at-nov-13-18-45-40-1200x669.png\" \/>\n\t<meta property=\"og:image:width\" content=\"1200\" \/>\n\t<meta property=\"og:image:height\" content=\"669\" \/>\n\t<meta property=\"og:image:type\" content=\"image\/png\" \/>\n<meta name=\"author\" content=\"roma\" \/>\n<meta name=\"twitter:card\" content=\"summary_large_image\" \/>\n<script type=\"application\/ld+json\" class=\"yoast-schema-graph\">{\"@context\":\"https:\\\/\\\/schema.org\",\"@graph\":[{\"@type\":\"Article\",\"@id\":\"https:\\\/\\\/www.meydan.tv\\\/az\\\/article\\\/meyart-elilliyi-olan-sexs-gozellik-yarismasindafilmi-festivalda-yarisir\\\/#article\",\"isPartOf\":{\"@id\":\"https:\\\/\\\/www.meydan.tv\\\/az\\\/article\\\/meyart-elilliyi-olan-sexs-gozellik-yarismasindafilmi-festivalda-yarisir\\\/\"},\"author\":{\"name\":\"roma\",\"@id\":\"https:\\\/\\\/www.meydan.tv\\\/az\\\/#\\\/schema\\\/person\\\/8f23e01c4de63326c13c319fb65ee65d\"},\"headline\":\"MeyArt &#8211; &#8220;\u018flilliyi olan \u015f\u0259xs g\u00f6z\u0259llik yar\u0131\u015fmas\u0131nda&#8221;filmi festivalda yar\u0131\u015f\u0131r\",\"datePublished\":\"2022-11-13T17:47:45+00:00\",\"dateModified\":\"2022-11-13T17:47:48+00:00\",\"mainEntityOfPage\":{\"@id\":\"https:\\\/\\\/www.meydan.tv\\\/az\\\/article\\\/meyart-elilliyi-olan-sexs-gozellik-yarismasindafilmi-festivalda-yarisir\\\/\"},\"wordCount\":648,\"publisher\":{\"@id\":\"https:\\\/\\\/www.meydan.tv\\\/az\\\/#organization\"},\"image\":{\"@id\":\"https:\\\/\\\/www.meydan.tv\\\/az\\\/article\\\/meyart-elilliyi-olan-sexs-gozellik-yarismasindafilmi-festivalda-yarisir\\\/#primaryimage\"},\"thumbnailUrl\":\"https:\\\/\\\/www.meydan.tv\\\/wp-content\\\/uploads\\\/screenshot-at-nov-13-18-45-40.png\",\"articleSection\":[\"M\u0259d\u0259niyy\u0259t\",\"Video\"],\"inLanguage\":\"az\"},{\"@type\":\"WebPage\",\"@id\":\"https:\\\/\\\/www.meydan.tv\\\/az\\\/article\\\/meyart-elilliyi-olan-sexs-gozellik-yarismasindafilmi-festivalda-yarisir\\\/\",\"url\":\"https:\\\/\\\/www.meydan.tv\\\/az\\\/article\\\/meyart-elilliyi-olan-sexs-gozellik-yarismasindafilmi-festivalda-yarisir\\\/\",\"name\":\"MeyArt - \\\"\u018flilliyi olan \u015f\u0259xs g\u00f6z\u0259llik yar\u0131\u015fmas\u0131nda\\\"filmi festivalda yar\u0131\u015f\u0131r - MEYDAN.TV\",\"isPartOf\":{\"@id\":\"https:\\\/\\\/www.meydan.tv\\\/az\\\/#website\"},\"primaryImageOfPage\":{\"@id\":\"https:\\\/\\\/www.meydan.tv\\\/az\\\/article\\\/meyart-elilliyi-olan-sexs-gozellik-yarismasindafilmi-festivalda-yarisir\\\/#primaryimage\"},\"image\":{\"@id\":\"https:\\\/\\\/www.meydan.tv\\\/az\\\/article\\\/meyart-elilliyi-olan-sexs-gozellik-yarismasindafilmi-festivalda-yarisir\\\/#primaryimage\"},\"thumbnailUrl\":\"https:\\\/\\\/www.meydan.tv\\\/wp-content\\\/uploads\\\/screenshot-at-nov-13-18-45-40.png\",\"datePublished\":\"2022-11-13T17:47:45+00:00\",\"dateModified\":\"2022-11-13T17:47:48+00:00\",\"breadcrumb\":{\"@id\":\"https:\\\/\\\/www.meydan.tv\\\/az\\\/article\\\/meyart-elilliyi-olan-sexs-gozellik-yarismasindafilmi-festivalda-yarisir\\\/#breadcrumb\"},\"inLanguage\":\"az\",\"potentialAction\":[{\"@type\":\"ReadAction\",\"target\":[\"https:\\\/\\\/www.meydan.tv\\\/az\\\/article\\\/meyart-elilliyi-olan-sexs-gozellik-yarismasindafilmi-festivalda-yarisir\\\/\"]}]},{\"@type\":\"ImageObject\",\"inLanguage\":\"az\",\"@id\":\"https:\\\/\\\/www.meydan.tv\\\/az\\\/article\\\/meyart-elilliyi-olan-sexs-gozellik-yarismasindafilmi-festivalda-yarisir\\\/#primaryimage\",\"url\":\"https:\\\/\\\/www.meydan.tv\\\/wp-content\\\/uploads\\\/screenshot-at-nov-13-18-45-40.png\",\"contentUrl\":\"https:\\\/\\\/www.meydan.tv\\\/wp-content\\\/uploads\\\/screenshot-at-nov-13-18-45-40.png\",\"width\":1622,\"height\":904},{\"@type\":\"BreadcrumbList\",\"@id\":\"https:\\\/\\\/www.meydan.tv\\\/az\\\/article\\\/meyart-elilliyi-olan-sexs-gozellik-yarismasindafilmi-festivalda-yarisir\\\/#breadcrumb\",\"itemListElement\":[{\"@type\":\"ListItem\",\"position\":1,\"name\":\"Ana s\u0259hif\u0259\",\"item\":\"https:\\\/\\\/www.meydan.tv\\\/az\\\/\"},{\"@type\":\"ListItem\",\"position\":2,\"name\":\"Video\",\"item\":\"https:\\\/\\\/www.meydan.tv\\\/az\\\/section\\\/video-2\\\/\"},{\"@type\":\"ListItem\",\"position\":3,\"name\":\"MeyArt &#8211; &#8220;\u018flilliyi olan \u015f\u0259xs g\u00f6z\u0259llik yar\u0131\u015fmas\u0131nda&#8221;filmi festivalda yar\u0131\u015f\u0131r\"}]},{\"@type\":\"WebSite\",\"@id\":\"https:\\\/\\\/www.meydan.tv\\\/az\\\/#website\",\"url\":\"https:\\\/\\\/www.meydan.tv\\\/az\\\/\",\"name\":\"MEYDAN.TV\",\"description\":\"Meydan TV Az\u0259rbaycan\u0131n media m\u0259kan\u0131ndak\u0131 alternativ s\u0259sidir\",\"publisher\":{\"@id\":\"https:\\\/\\\/www.meydan.tv\\\/az\\\/#organization\"},\"potentialAction\":[{\"@type\":\"SearchAction\",\"target\":{\"@type\":\"EntryPoint\",\"urlTemplate\":\"https:\\\/\\\/www.meydan.tv\\\/az\\\/?s={search_term_string}\"},\"query-input\":{\"@type\":\"PropertyValueSpecification\",\"valueRequired\":true,\"valueName\":\"search_term_string\"}}],\"inLanguage\":\"az\"},{\"@type\":\"Organization\",\"@id\":\"https:\\\/\\\/www.meydan.tv\\\/az\\\/#organization\",\"name\":\"Meydan TV\",\"url\":\"https:\\\/\\\/www.meydan.tv\\\/az\\\/\",\"logo\":{\"@type\":\"ImageObject\",\"inLanguage\":\"az\",\"@id\":\"https:\\\/\\\/www.meydan.tv\\\/az\\\/#\\\/schema\\\/logo\\\/image\\\/\",\"url\":\"https:\\\/\\\/www.meydan.tv\\\/wp-content\\\/uploads\\\/2021\\\/07\\\/meydan-logo.svg\",\"contentUrl\":\"https:\\\/\\\/www.meydan.tv\\\/wp-content\\\/uploads\\\/2021\\\/07\\\/meydan-logo.svg\",\"width\":195,\"height\":46,\"caption\":\"Meydan TV\"},\"image\":{\"@id\":\"https:\\\/\\\/www.meydan.tv\\\/az\\\/#\\\/schema\\\/logo\\\/image\\\/\"}},{\"@type\":\"Person\",\"@id\":\"https:\\\/\\\/www.meydan.tv\\\/az\\\/#\\\/schema\\\/person\\\/8f23e01c4de63326c13c319fb65ee65d\",\"name\":\"roma\"}]}<\/script>\n<!-- \/ Yoast SEO plugin. -->","yoast_head_json":{"title":"MeyArt - \"\u018flilliyi olan \u015f\u0259xs g\u00f6z\u0259llik yar\u0131\u015fmas\u0131nda\"filmi festivalda yar\u0131\u015f\u0131r - MEYDAN.TV","robots":{"index":"index","follow":"follow","max-snippet":"max-snippet:-1","max-image-preview":"max-image-preview:large","max-video-preview":"max-video-preview:-1"},"canonical":"https:\/\/www.meydan.tv\/az\/article\/meyart-elilliyi-olan-sexs-gozellik-yarismasindafilmi-festivalda-yarisir\/","og_locale":"az_AZ","og_type":"article","og_title":"MeyArt - \"\u018flilliyi olan \u015f\u0259xs g\u00f6z\u0259llik yar\u0131\u015fmas\u0131nda\"filmi festivalda yar\u0131\u015f\u0131r - MEYDAN.TV","og_url":"https:\/\/www.meydan.tv\/az\/article\/meyart-elilliyi-olan-sexs-gozellik-yarismasindafilmi-festivalda-yarisir\/","og_site_name":"MEYDAN.TV","article_published_time":"2022-11-13T17:47:45+00:00","article_modified_time":"2022-11-13T17:47:48+00:00","og_image":[{"width":1200,"height":669,"url":"https:\/\/www.meydan.tv\/wp-content\/uploads\/screenshot-at-nov-13-18-45-40-1200x669.png","type":"image\/png"}],"author":"roma","twitter_card":"summary_large_image","schema":{"@context":"https:\/\/schema.org","@graph":[{"@type":"Article","@id":"https:\/\/www.meydan.tv\/az\/article\/meyart-elilliyi-olan-sexs-gozellik-yarismasindafilmi-festivalda-yarisir\/#article","isPartOf":{"@id":"https:\/\/www.meydan.tv\/az\/article\/meyart-elilliyi-olan-sexs-gozellik-yarismasindafilmi-festivalda-yarisir\/"},"author":{"name":"roma","@id":"https:\/\/www.meydan.tv\/az\/#\/schema\/person\/8f23e01c4de63326c13c319fb65ee65d"},"headline":"MeyArt &#8211; &#8220;\u018flilliyi olan \u015f\u0259xs g\u00f6z\u0259llik yar\u0131\u015fmas\u0131nda&#8221;filmi festivalda yar\u0131\u015f\u0131r","datePublished":"2022-11-13T17:47:45+00:00","dateModified":"2022-11-13T17:47:48+00:00","mainEntityOfPage":{"@id":"https:\/\/www.meydan.tv\/az\/article\/meyart-elilliyi-olan-sexs-gozellik-yarismasindafilmi-festivalda-yarisir\/"},"wordCount":648,"publisher":{"@id":"https:\/\/www.meydan.tv\/az\/#organization"},"image":{"@id":"https:\/\/www.meydan.tv\/az\/article\/meyart-elilliyi-olan-sexs-gozellik-yarismasindafilmi-festivalda-yarisir\/#primaryimage"},"thumbnailUrl":"https:\/\/www.meydan.tv\/wp-content\/uploads\/screenshot-at-nov-13-18-45-40.png","articleSection":["M\u0259d\u0259niyy\u0259t","Video"],"inLanguage":"az"},{"@type":"WebPage","@id":"https:\/\/www.meydan.tv\/az\/article\/meyart-elilliyi-olan-sexs-gozellik-yarismasindafilmi-festivalda-yarisir\/","url":"https:\/\/www.meydan.tv\/az\/article\/meyart-elilliyi-olan-sexs-gozellik-yarismasindafilmi-festivalda-yarisir\/","name":"MeyArt - \"\u018flilliyi olan \u015f\u0259xs g\u00f6z\u0259llik yar\u0131\u015fmas\u0131nda\"filmi festivalda yar\u0131\u015f\u0131r - MEYDAN.TV","isPartOf":{"@id":"https:\/\/www.meydan.tv\/az\/#website"},"primaryImageOfPage":{"@id":"https:\/\/www.meydan.tv\/az\/article\/meyart-elilliyi-olan-sexs-gozellik-yarismasindafilmi-festivalda-yarisir\/#primaryimage"},"image":{"@id":"https:\/\/www.meydan.tv\/az\/article\/meyart-elilliyi-olan-sexs-gozellik-yarismasindafilmi-festivalda-yarisir\/#primaryimage"},"thumbnailUrl":"https:\/\/www.meydan.tv\/wp-content\/uploads\/screenshot-at-nov-13-18-45-40.png","datePublished":"2022-11-13T17:47:45+00:00","dateModified":"2022-11-13T17:47:48+00:00","breadcrumb":{"@id":"https:\/\/www.meydan.tv\/az\/article\/meyart-elilliyi-olan-sexs-gozellik-yarismasindafilmi-festivalda-yarisir\/#breadcrumb"},"inLanguage":"az","potentialAction":[{"@type":"ReadAction","target":["https:\/\/www.meydan.tv\/az\/article\/meyart-elilliyi-olan-sexs-gozellik-yarismasindafilmi-festivalda-yarisir\/"]}]},{"@type":"ImageObject","inLanguage":"az","@id":"https:\/\/www.meydan.tv\/az\/article\/meyart-elilliyi-olan-sexs-gozellik-yarismasindafilmi-festivalda-yarisir\/#primaryimage","url":"https:\/\/www.meydan.tv\/wp-content\/uploads\/screenshot-at-nov-13-18-45-40.png","contentUrl":"https:\/\/www.meydan.tv\/wp-content\/uploads\/screenshot-at-nov-13-18-45-40.png","width":1622,"height":904},{"@type":"BreadcrumbList","@id":"https:\/\/www.meydan.tv\/az\/article\/meyart-elilliyi-olan-sexs-gozellik-yarismasindafilmi-festivalda-yarisir\/#breadcrumb","itemListElement":[{"@type":"ListItem","position":1,"name":"Ana s\u0259hif\u0259","item":"https:\/\/www.meydan.tv\/az\/"},{"@type":"ListItem","position":2,"name":"Video","item":"https:\/\/www.meydan.tv\/az\/section\/video-2\/"},{"@type":"ListItem","position":3,"name":"MeyArt &#8211; &#8220;\u018flilliyi olan \u015f\u0259xs g\u00f6z\u0259llik yar\u0131\u015fmas\u0131nda&#8221;filmi festivalda yar\u0131\u015f\u0131r"}]},{"@type":"WebSite","@id":"https:\/\/www.meydan.tv\/az\/#website","url":"https:\/\/www.meydan.tv\/az\/","name":"MEYDAN.TV","description":"Meydan TV Az\u0259rbaycan\u0131n media m\u0259kan\u0131ndak\u0131 alternativ s\u0259sidir","publisher":{"@id":"https:\/\/www.meydan.tv\/az\/#organization"},"potentialAction":[{"@type":"SearchAction","target":{"@type":"EntryPoint","urlTemplate":"https:\/\/www.meydan.tv\/az\/?s={search_term_string}"},"query-input":{"@type":"PropertyValueSpecification","valueRequired":true,"valueName":"search_term_string"}}],"inLanguage":"az"},{"@type":"Organization","@id":"https:\/\/www.meydan.tv\/az\/#organization","name":"Meydan TV","url":"https:\/\/www.meydan.tv\/az\/","logo":{"@type":"ImageObject","inLanguage":"az","@id":"https:\/\/www.meydan.tv\/az\/#\/schema\/logo\/image\/","url":"https:\/\/www.meydan.tv\/wp-content\/uploads\/2021\/07\/meydan-logo.svg","contentUrl":"https:\/\/www.meydan.tv\/wp-content\/uploads\/2021\/07\/meydan-logo.svg","width":195,"height":46,"caption":"Meydan TV"},"image":{"@id":"https:\/\/www.meydan.tv\/az\/#\/schema\/logo\/image\/"}},{"@type":"Person","@id":"https:\/\/www.meydan.tv\/az\/#\/schema\/person\/8f23e01c4de63326c13c319fb65ee65d","name":"roma"}]}},"_links":{"self":[{"href":"https:\/\/www.meydan.tv\/az\/wp-json\/wp\/v2\/posts\/260608","targetHints":{"allow":["GET"]}}],"collection":[{"href":"https:\/\/www.meydan.tv\/az\/wp-json\/wp\/v2\/posts"}],"about":[{"href":"https:\/\/www.meydan.tv\/az\/wp-json\/wp\/v2\/types\/post"}],"author":[{"embeddable":true,"href":"https:\/\/www.meydan.tv\/az\/wp-json\/wp\/v2\/users\/14"}],"replies":[{"embeddable":true,"href":"https:\/\/www.meydan.tv\/az\/wp-json\/wp\/v2\/comments?post=260608"}],"version-history":[{"count":1,"href":"https:\/\/www.meydan.tv\/az\/wp-json\/wp\/v2\/posts\/260608\/revisions"}],"predecessor-version":[{"id":260612,"href":"https:\/\/www.meydan.tv\/az\/wp-json\/wp\/v2\/posts\/260608\/revisions\/260612"}],"wp:featuredmedia":[{"embeddable":true,"href":"https:\/\/www.meydan.tv\/az\/wp-json\/wp\/v2\/media\/260609"}],"wp:attachment":[{"href":"https:\/\/www.meydan.tv\/az\/wp-json\/wp\/v2\/media?parent=260608"}],"wp:term":[{"taxonomy":"category","embeddable":true,"href":"https:\/\/www.meydan.tv\/az\/wp-json\/wp\/v2\/categories?post=260608"},{"taxonomy":"post_tag","embeddable":true,"href":"https:\/\/www.meydan.tv\/az\/wp-json\/wp\/v2\/tags?post=260608"}],"curies":[{"name":"wp","href":"https:\/\/api.w.org\/{rel}","templated":true}]}}