{"id":260394,"date":"2022-11-10T12:52:14","date_gmt":"2022-11-10T08:52:14","guid":{"rendered":"https:\/\/www.meydan.tv\/?p=260394"},"modified":"2022-11-10T14:14:26","modified_gmt":"2022-11-10T10:14:26","slug":"baki-beynelxalq-qisa-filmler-festivali-baslayir-2","status":"publish","type":"post","link":"https:\/\/www.meydan.tv\/az\/article\/baki-beynelxalq-qisa-filmler-festivali-baslayir-2\/","title":{"rendered":"Bak\u0131 Beyn\u0259lxalq Q\u0131sa Filml\u0259r Festival\u0131 ba\u015flay\u0131r"},"content":{"rendered":"\n<p>Yerli v\u0259 xarici filml\u0259r \u201cQ\u0131z\u0131l Nar\u201d u\u011frunda yar\u0131\u015facaqlar<\/p>\n\n\n\n<p>Noyabr\u0131n 11-d\u0259n 15-d\u0259k Bak\u0131da \u0259n\u0259n\u0259vi Beyn\u0259lxalq Q\u0131sa Filml\u0259r Festival\u0131 ke\u00e7iril\u0259c\u0259k.<\/p>\n\n\n\n<p>Art\u0131q on \u00fc\u00e7\u00fcnc\u00fc d\u0259f\u0259dir ki, ke\u00e7iril\u0259n festivala 79 \u00f6lk\u0259d\u0259n 814 film qat\u0131l\u0131b. Bunlardan 91 film \u201cYerli m\u00fcsabiq\u0259\u201dy\u0259 <a href=\"https:\/\/filmfestival.az\/xeberler\/128-13-cu-baki-beynelxalq-qisa-filmler-festivali-bashlayir\/\" target=\"_blank\" rel=\"noreferrer noopener\">t\u0259qdim edilib<\/a>.<\/p>\n\n\n\n<p>Se\u00e7im Komissiyas\u0131n\u0131n q\u0259rar\u0131na \u0259sas\u0259n, 32 film festival\u0131n beyn\u0259lxalq, 40 film is\u0259 yerli m\u00fcsabiq\u0259sind\u0259 i\u015ftirak h\u00fcququ qazan\u0131b.Bu filml\u0259r festival\u0131n \u0259sas m\u00fckafat\u0131 \u201cQ\u0131z\u0131l Nar\u201d u\u011frunda yar\u0131\u015facaqlar.<\/p>\n\n\n\n<p>Beyn\u0259lxalq m\u00fcsabiq\u0259d\u0259 yar\u0131\u015fan filml\u0259ri &#8211; rejissor Georgi Ova\u015fvili, f\u0259rqli m\u00f6vzularda kino m\u00fchazir\u0259l\u0259ri il\u0259 tan\u0131nan Adil\u0259 Xaybullina, prod\u00fcser Emrah K\u0131l\u0131\u00e7 qiym\u0259tl\u0259ndir\u0259c\u0259k.Yerli m\u00fcsabiq\u0259nin m\u00fcnsifl\u0259r hey\u0259tind\u0259 rejissor Mirsad\u0131q A\u011fazad\u0259, yaz\u0131\u00e7\u0131-publisist G\u00fcnel Rzayeva, rejissor \u018fli \u0130sa Cabbarov, \u015fair-t\u0259rc\u00fcm\u0259\u00e7i Qism\u0259t R\u00fcst\u0259mov olacaq.<\/p>\n\n\n\n<p>Bu ild\u0259n festivala yeni &#8211; \u201cAsiya istedadlar\u0131\u201d m\u00fcsabiq\u0259 proqram\u0131 \u0259lav\u0259 edilib.Bu b\u00f6lm\u0259d\u0259 on film yar\u0131\u015facaq. Qalibl\u0259ri teatr\u015f\u00fcnas Aliy\u0259 Dada\u015fova v\u0259 \u018fm\u0259kdar r\u0259ssam R\u0259\u015fad \u018fl\u0259kb\u0259rzad\u0259 se\u00e7\u0259\u00e7\u0259k.<\/p>\n\n\n\n<p>Mobil telefonla \u00e7\u0259kil\u0259n filml\u0259rd\u0259n ibar\u0259t \u201cCinemobil\u201d m\u00fcsabiq\u0259sind\u0259 is\u0259 4 film yar\u0131\u015facaq. Onlayn ke\u00e7iril\u0259c\u0259k m\u00fcsabiq\u0259nin qalibini tama\u015fa\u00e7\u0131lar se\u00e7\u0259c\u0259k.Bildirilir ki, festival\u0131n m\u00fcsabiq\u0259d\u0259nk\u0259nar b\u00f6lm\u0259l\u0259ri d\u0259 var.<\/p>\n\n\n\n<p>\u201cBritish Council\u201dla \u0259m\u0259kda\u015fl\u0131\u011f\u0131n n\u0259tic\u0259si olaraq festival \u00e7\u0259r\u00e7iv\u0259sind\u0259 \u0130ngilt\u0259r\u0259 Kino v\u0259 Televiziya S\u0259n\u0259tl\u0259ri Akademiyas\u0131 t\u0259r\u0259find\u0259n veril\u0259n d\u00fcnyan\u0131n \u0259n m\u0259\u015fhur m\u00fckafat\u0131 \u2013 \u201cBafta\u201d namiz\u0259dl\u0259rinin x\u00fcsusi t\u0259qdimat\u0131 olacaq.<\/p>\n\n\n\n<p>H\u0259m\u00e7inin \u201cDili bizim\u201d m\u00fcsabiq\u0259 proqram\u0131 Bak\u0131 Beyn\u0259lxalq Q\u0131sa Filml\u0259r Festival\u0131n\u0131n n\u00fcmayi\u015f xarakterli proqram\u0131d\u0131r. Burada d\u00fcnyan\u0131n m\u00fcxt\u0259lif \u00f6lk\u0259l\u0259rind\u0259 ya\u015fayan az\u0259rbaycanl\u0131lar\u0131n Az\u0259rbaycan dilind\u0259 \u00e7\u0259kdikl\u0259ri filml\u0259r n\u00fcmayi\u015f olunur.Festivalda yer alan yerli v\u0259 xarici q\u0131sa filml\u0259r 5 g\u00fcn m\u00fcdd\u0259tind\u0259 \u201cNizami\u201d Kino M\u0259rk\u0259zind\u0259 n\u00fcmayi\u015f olunacaq.<\/p>\n\n\n\n<p>Eyni zamanda, festival \u00e7\u0259r\u00e7iv\u0259sind\u0259 noyabr\u0131n 13-d\u0259 t\u00fcrkiy\u0259li prod\u00fcser \u018fmrah K\u0131l\u0131\u00e7la ustad d\u0259rsi ke\u00e7iril\u0259c\u0259k.<\/p>\n\n\n\n<p>Qalibl\u0259rin m\u00fckafatland\u0131r\u0131lmas\u0131 m\u0259rasimi noyabr\u0131n 15-d\u0259 eyni m\u0259kanda t\u0259\u015fkil olunacaq.<\/p>\n\n\n\n<p>\u201cCINEMA\u201d G\u0259nc Kinematoqraf\u00e7\u0131lar M\u0259rk\u0259zinin 2004-c\u00fc ild\u0259 t\u0259sis etdiyi festival M\u0259d\u0259niyy\u0259t Nazirliyinin t\u0259\u015fkilati d\u0259st\u0259yi il\u0259 ke\u00e7irilir.<\/p>\n","protected":false},"excerpt":{"rendered":"<p>Yerli v\u0259 xarici filml\u0259r \u201cQ\u0131z\u0131l Nar\u201d u\u011frunda yar\u0131\u015facaqlar Noyabr\u0131n 11-d\u0259n &#8230; <\/p>\n<p class=\"read-more-container\"><a title=\"Bak\u0131 Beyn\u0259lxalq Q\u0131sa Filml\u0259r Festival\u0131 ba\u015flay\u0131r\" class=\"read-more button\" href=\"https:\/\/www.meydan.tv\/az\/article\/baki-beynelxalq-qisa-filmler-festivali-baslayir-2\/#more-260394\" aria-label=\"Read more about Bak\u0131 Beyn\u0259lxalq Q\u0131sa Filml\u0259r Festival\u0131 ba\u015flay\u0131r\">Davam\u0131<\/a><\/p>\n","protected":false},"author":16,"featured_media":260396,"comment_status":"closed","ping_status":"closed","sticky":false,"template":"","format":"standard","meta":{"_acf_changed":false,"_sitemap_exclude":false,"_sitemap_priority":"","_sitemap_frequency":"","footnotes":""},"categories":[52,56],"tags":[],"class_list":["post-260394","post","type-post","status-publish","format-standard","has-post-thumbnail","hentry","category-medeniyyet","category-xeberler","infinite-scroll-item","generate-columns","tablet-grid-50","mobile-grid-100","grid-parent","grid-33","no-featured-image-padding"],"acf":[],"yoast_head":"<!-- This site is optimized with the Yoast SEO plugin v27.5 - https:\/\/yoast.com\/product\/yoast-seo-wordpress\/ -->\n<title>Bak\u0131 Beyn\u0259lxalq Q\u0131sa Filml\u0259r Festival\u0131 ba\u015flay\u0131r - MEYDAN.TV<\/title>\n<meta name=\"robots\" content=\"index, follow, max-snippet:-1, max-image-preview:large, max-video-preview:-1\" \/>\n<link rel=\"canonical\" href=\"https:\/\/www.meydan.tv\/az\/article\/baki-beynelxalq-qisa-filmler-festivali-baslayir-2\/\" \/>\n<meta property=\"og:locale\" content=\"az_AZ\" \/>\n<meta property=\"og:type\" content=\"article\" \/>\n<meta property=\"og:title\" content=\"Bak\u0131 Beyn\u0259lxalq Q\u0131sa Filml\u0259r Festival\u0131 ba\u015flay\u0131r - MEYDAN.TV\" \/>\n<meta property=\"og:description\" content=\"Yerli v\u0259 xarici filml\u0259r \u201cQ\u0131z\u0131l Nar\u201d u\u011frunda yar\u0131\u015facaqlar Noyabr\u0131n 11-d\u0259n ... Davam\u0131\" \/>\n<meta property=\"og:url\" content=\"https:\/\/www.meydan.tv\/az\/article\/baki-beynelxalq-qisa-filmler-festivali-baslayir-2\/\" \/>\n<meta property=\"og:site_name\" content=\"MEYDAN.TV\" \/>\n<meta property=\"article:published_time\" content=\"2022-11-10T08:52:14+00:00\" \/>\n<meta property=\"article:modified_time\" content=\"2022-11-10T10:14:26+00:00\" \/>\n<meta property=\"og:image\" content=\"https:\/\/www.meydan.tv\/wp-content\/uploads\/bakuisff__11.jpg\" \/>\n\t<meta property=\"og:image:width\" content=\"1200\" \/>\n\t<meta property=\"og:image:height\" content=\"840\" \/>\n\t<meta property=\"og:image:type\" content=\"image\/jpeg\" \/>\n<meta name=\"author\" content=\"sevda\" \/>\n<meta name=\"twitter:card\" content=\"summary_large_image\" \/>\n<script type=\"application\/ld+json\" class=\"yoast-schema-graph\">{\"@context\":\"https:\\\/\\\/schema.org\",\"@graph\":[{\"@type\":\"Article\",\"@id\":\"https:\\\/\\\/www.meydan.tv\\\/az\\\/article\\\/baki-beynelxalq-qisa-filmler-festivali-baslayir-2\\\/#article\",\"isPartOf\":{\"@id\":\"https:\\\/\\\/www.meydan.tv\\\/az\\\/article\\\/baki-beynelxalq-qisa-filmler-festivali-baslayir-2\\\/\"},\"author\":{\"name\":\"sevda\",\"@id\":\"https:\\\/\\\/www.meydan.tv\\\/az\\\/#\\\/schema\\\/person\\\/49b5f2bad5b126bb8ea9320eeb3e4dc9\"},\"headline\":\"Bak\u0131 Beyn\u0259lxalq Q\u0131sa Filml\u0259r Festival\u0131 ba\u015flay\u0131r\",\"datePublished\":\"2022-11-10T08:52:14+00:00\",\"dateModified\":\"2022-11-10T10:14:26+00:00\",\"mainEntityOfPage\":{\"@id\":\"https:\\\/\\\/www.meydan.tv\\\/az\\\/article\\\/baki-beynelxalq-qisa-filmler-festivali-baslayir-2\\\/\"},\"wordCount\":465,\"publisher\":{\"@id\":\"https:\\\/\\\/www.meydan.tv\\\/az\\\/#organization\"},\"image\":{\"@id\":\"https:\\\/\\\/www.meydan.tv\\\/az\\\/article\\\/baki-beynelxalq-qisa-filmler-festivali-baslayir-2\\\/#primaryimage\"},\"thumbnailUrl\":\"https:\\\/\\\/www.meydan.tv\\\/wp-content\\\/uploads\\\/bakuisff__11.jpg\",\"articleSection\":[\"M\u0259d\u0259niyy\u0259t\",\"X\u0259b\u0259rl\u0259r\"],\"inLanguage\":\"az\"},{\"@type\":\"WebPage\",\"@id\":\"https:\\\/\\\/www.meydan.tv\\\/az\\\/article\\\/baki-beynelxalq-qisa-filmler-festivali-baslayir-2\\\/\",\"url\":\"https:\\\/\\\/www.meydan.tv\\\/az\\\/article\\\/baki-beynelxalq-qisa-filmler-festivali-baslayir-2\\\/\",\"name\":\"Bak\u0131 Beyn\u0259lxalq Q\u0131sa Filml\u0259r Festival\u0131 ba\u015flay\u0131r - MEYDAN.TV\",\"isPartOf\":{\"@id\":\"https:\\\/\\\/www.meydan.tv\\\/az\\\/#website\"},\"primaryImageOfPage\":{\"@id\":\"https:\\\/\\\/www.meydan.tv\\\/az\\\/article\\\/baki-beynelxalq-qisa-filmler-festivali-baslayir-2\\\/#primaryimage\"},\"image\":{\"@id\":\"https:\\\/\\\/www.meydan.tv\\\/az\\\/article\\\/baki-beynelxalq-qisa-filmler-festivali-baslayir-2\\\/#primaryimage\"},\"thumbnailUrl\":\"https:\\\/\\\/www.meydan.tv\\\/wp-content\\\/uploads\\\/bakuisff__11.jpg\",\"datePublished\":\"2022-11-10T08:52:14+00:00\",\"dateModified\":\"2022-11-10T10:14:26+00:00\",\"breadcrumb\":{\"@id\":\"https:\\\/\\\/www.meydan.tv\\\/az\\\/article\\\/baki-beynelxalq-qisa-filmler-festivali-baslayir-2\\\/#breadcrumb\"},\"inLanguage\":\"az\",\"potentialAction\":[{\"@type\":\"ReadAction\",\"target\":[\"https:\\\/\\\/www.meydan.tv\\\/az\\\/article\\\/baki-beynelxalq-qisa-filmler-festivali-baslayir-2\\\/\"]}]},{\"@type\":\"ImageObject\",\"inLanguage\":\"az\",\"@id\":\"https:\\\/\\\/www.meydan.tv\\\/az\\\/article\\\/baki-beynelxalq-qisa-filmler-festivali-baslayir-2\\\/#primaryimage\",\"url\":\"https:\\\/\\\/www.meydan.tv\\\/wp-content\\\/uploads\\\/bakuisff__11.jpg\",\"contentUrl\":\"https:\\\/\\\/www.meydan.tv\\\/wp-content\\\/uploads\\\/bakuisff__11.jpg\",\"width\":1200,\"height\":840},{\"@type\":\"BreadcrumbList\",\"@id\":\"https:\\\/\\\/www.meydan.tv\\\/az\\\/article\\\/baki-beynelxalq-qisa-filmler-festivali-baslayir-2\\\/#breadcrumb\",\"itemListElement\":[{\"@type\":\"ListItem\",\"position\":1,\"name\":\"Ana s\u0259hif\u0259\",\"item\":\"https:\\\/\\\/www.meydan.tv\\\/az\\\/\"},{\"@type\":\"ListItem\",\"position\":2,\"name\":\"M\u0259d\u0259niyy\u0259t\",\"item\":\"https:\\\/\\\/www.meydan.tv\\\/az\\\/section\\\/medeniyyet\\\/\"},{\"@type\":\"ListItem\",\"position\":3,\"name\":\"Bak\u0131 Beyn\u0259lxalq Q\u0131sa Filml\u0259r Festival\u0131 ba\u015flay\u0131r\"}]},{\"@type\":\"WebSite\",\"@id\":\"https:\\\/\\\/www.meydan.tv\\\/az\\\/#website\",\"url\":\"https:\\\/\\\/www.meydan.tv\\\/az\\\/\",\"name\":\"MEYDAN.TV\",\"description\":\"Meydan TV Az\u0259rbaycan\u0131n media m\u0259kan\u0131ndak\u0131 alternativ s\u0259sidir\",\"publisher\":{\"@id\":\"https:\\\/\\\/www.meydan.tv\\\/az\\\/#organization\"},\"potentialAction\":[{\"@type\":\"SearchAction\",\"target\":{\"@type\":\"EntryPoint\",\"urlTemplate\":\"https:\\\/\\\/www.meydan.tv\\\/az\\\/?s={search_term_string}\"},\"query-input\":{\"@type\":\"PropertyValueSpecification\",\"valueRequired\":true,\"valueName\":\"search_term_string\"}}],\"inLanguage\":\"az\"},{\"@type\":\"Organization\",\"@id\":\"https:\\\/\\\/www.meydan.tv\\\/az\\\/#organization\",\"name\":\"Meydan TV\",\"url\":\"https:\\\/\\\/www.meydan.tv\\\/az\\\/\",\"logo\":{\"@type\":\"ImageObject\",\"inLanguage\":\"az\",\"@id\":\"https:\\\/\\\/www.meydan.tv\\\/az\\\/#\\\/schema\\\/logo\\\/image\\\/\",\"url\":\"https:\\\/\\\/www.meydan.tv\\\/wp-content\\\/uploads\\\/2021\\\/07\\\/meydan-logo.svg\",\"contentUrl\":\"https:\\\/\\\/www.meydan.tv\\\/wp-content\\\/uploads\\\/2021\\\/07\\\/meydan-logo.svg\",\"width\":195,\"height\":46,\"caption\":\"Meydan TV\"},\"image\":{\"@id\":\"https:\\\/\\\/www.meydan.tv\\\/az\\\/#\\\/schema\\\/logo\\\/image\\\/\"}},{\"@type\":\"Person\",\"@id\":\"https:\\\/\\\/www.meydan.tv\\\/az\\\/#\\\/schema\\\/person\\\/49b5f2bad5b126bb8ea9320eeb3e4dc9\",\"name\":\"sevda\"}]}<\/script>\n<!-- \/ Yoast SEO plugin. -->","yoast_head_json":{"title":"Bak\u0131 Beyn\u0259lxalq Q\u0131sa Filml\u0259r Festival\u0131 ba\u015flay\u0131r - MEYDAN.TV","robots":{"index":"index","follow":"follow","max-snippet":"max-snippet:-1","max-image-preview":"max-image-preview:large","max-video-preview":"max-video-preview:-1"},"canonical":"https:\/\/www.meydan.tv\/az\/article\/baki-beynelxalq-qisa-filmler-festivali-baslayir-2\/","og_locale":"az_AZ","og_type":"article","og_title":"Bak\u0131 Beyn\u0259lxalq Q\u0131sa Filml\u0259r Festival\u0131 ba\u015flay\u0131r - MEYDAN.TV","og_description":"Yerli v\u0259 xarici filml\u0259r \u201cQ\u0131z\u0131l Nar\u201d u\u011frunda yar\u0131\u015facaqlar Noyabr\u0131n 11-d\u0259n ... Davam\u0131","og_url":"https:\/\/www.meydan.tv\/az\/article\/baki-beynelxalq-qisa-filmler-festivali-baslayir-2\/","og_site_name":"MEYDAN.TV","article_published_time":"2022-11-10T08:52:14+00:00","article_modified_time":"2022-11-10T10:14:26+00:00","og_image":[{"width":1200,"height":840,"url":"https:\/\/www.meydan.tv\/wp-content\/uploads\/bakuisff__11.jpg","type":"image\/jpeg"}],"author":"sevda","twitter_card":"summary_large_image","schema":{"@context":"https:\/\/schema.org","@graph":[{"@type":"Article","@id":"https:\/\/www.meydan.tv\/az\/article\/baki-beynelxalq-qisa-filmler-festivali-baslayir-2\/#article","isPartOf":{"@id":"https:\/\/www.meydan.tv\/az\/article\/baki-beynelxalq-qisa-filmler-festivali-baslayir-2\/"},"author":{"name":"sevda","@id":"https:\/\/www.meydan.tv\/az\/#\/schema\/person\/49b5f2bad5b126bb8ea9320eeb3e4dc9"},"headline":"Bak\u0131 Beyn\u0259lxalq Q\u0131sa Filml\u0259r Festival\u0131 ba\u015flay\u0131r","datePublished":"2022-11-10T08:52:14+00:00","dateModified":"2022-11-10T10:14:26+00:00","mainEntityOfPage":{"@id":"https:\/\/www.meydan.tv\/az\/article\/baki-beynelxalq-qisa-filmler-festivali-baslayir-2\/"},"wordCount":465,"publisher":{"@id":"https:\/\/www.meydan.tv\/az\/#organization"},"image":{"@id":"https:\/\/www.meydan.tv\/az\/article\/baki-beynelxalq-qisa-filmler-festivali-baslayir-2\/#primaryimage"},"thumbnailUrl":"https:\/\/www.meydan.tv\/wp-content\/uploads\/bakuisff__11.jpg","articleSection":["M\u0259d\u0259niyy\u0259t","X\u0259b\u0259rl\u0259r"],"inLanguage":"az"},{"@type":"WebPage","@id":"https:\/\/www.meydan.tv\/az\/article\/baki-beynelxalq-qisa-filmler-festivali-baslayir-2\/","url":"https:\/\/www.meydan.tv\/az\/article\/baki-beynelxalq-qisa-filmler-festivali-baslayir-2\/","name":"Bak\u0131 Beyn\u0259lxalq Q\u0131sa Filml\u0259r Festival\u0131 ba\u015flay\u0131r - MEYDAN.TV","isPartOf":{"@id":"https:\/\/www.meydan.tv\/az\/#website"},"primaryImageOfPage":{"@id":"https:\/\/www.meydan.tv\/az\/article\/baki-beynelxalq-qisa-filmler-festivali-baslayir-2\/#primaryimage"},"image":{"@id":"https:\/\/www.meydan.tv\/az\/article\/baki-beynelxalq-qisa-filmler-festivali-baslayir-2\/#primaryimage"},"thumbnailUrl":"https:\/\/www.meydan.tv\/wp-content\/uploads\/bakuisff__11.jpg","datePublished":"2022-11-10T08:52:14+00:00","dateModified":"2022-11-10T10:14:26+00:00","breadcrumb":{"@id":"https:\/\/www.meydan.tv\/az\/article\/baki-beynelxalq-qisa-filmler-festivali-baslayir-2\/#breadcrumb"},"inLanguage":"az","potentialAction":[{"@type":"ReadAction","target":["https:\/\/www.meydan.tv\/az\/article\/baki-beynelxalq-qisa-filmler-festivali-baslayir-2\/"]}]},{"@type":"ImageObject","inLanguage":"az","@id":"https:\/\/www.meydan.tv\/az\/article\/baki-beynelxalq-qisa-filmler-festivali-baslayir-2\/#primaryimage","url":"https:\/\/www.meydan.tv\/wp-content\/uploads\/bakuisff__11.jpg","contentUrl":"https:\/\/www.meydan.tv\/wp-content\/uploads\/bakuisff__11.jpg","width":1200,"height":840},{"@type":"BreadcrumbList","@id":"https:\/\/www.meydan.tv\/az\/article\/baki-beynelxalq-qisa-filmler-festivali-baslayir-2\/#breadcrumb","itemListElement":[{"@type":"ListItem","position":1,"name":"Ana s\u0259hif\u0259","item":"https:\/\/www.meydan.tv\/az\/"},{"@type":"ListItem","position":2,"name":"M\u0259d\u0259niyy\u0259t","item":"https:\/\/www.meydan.tv\/az\/section\/medeniyyet\/"},{"@type":"ListItem","position":3,"name":"Bak\u0131 Beyn\u0259lxalq Q\u0131sa Filml\u0259r Festival\u0131 ba\u015flay\u0131r"}]},{"@type":"WebSite","@id":"https:\/\/www.meydan.tv\/az\/#website","url":"https:\/\/www.meydan.tv\/az\/","name":"MEYDAN.TV","description":"Meydan TV Az\u0259rbaycan\u0131n media m\u0259kan\u0131ndak\u0131 alternativ s\u0259sidir","publisher":{"@id":"https:\/\/www.meydan.tv\/az\/#organization"},"potentialAction":[{"@type":"SearchAction","target":{"@type":"EntryPoint","urlTemplate":"https:\/\/www.meydan.tv\/az\/?s={search_term_string}"},"query-input":{"@type":"PropertyValueSpecification","valueRequired":true,"valueName":"search_term_string"}}],"inLanguage":"az"},{"@type":"Organization","@id":"https:\/\/www.meydan.tv\/az\/#organization","name":"Meydan TV","url":"https:\/\/www.meydan.tv\/az\/","logo":{"@type":"ImageObject","inLanguage":"az","@id":"https:\/\/www.meydan.tv\/az\/#\/schema\/logo\/image\/","url":"https:\/\/www.meydan.tv\/wp-content\/uploads\/2021\/07\/meydan-logo.svg","contentUrl":"https:\/\/www.meydan.tv\/wp-content\/uploads\/2021\/07\/meydan-logo.svg","width":195,"height":46,"caption":"Meydan TV"},"image":{"@id":"https:\/\/www.meydan.tv\/az\/#\/schema\/logo\/image\/"}},{"@type":"Person","@id":"https:\/\/www.meydan.tv\/az\/#\/schema\/person\/49b5f2bad5b126bb8ea9320eeb3e4dc9","name":"sevda"}]}},"_links":{"self":[{"href":"https:\/\/www.meydan.tv\/az\/wp-json\/wp\/v2\/posts\/260394","targetHints":{"allow":["GET"]}}],"collection":[{"href":"https:\/\/www.meydan.tv\/az\/wp-json\/wp\/v2\/posts"}],"about":[{"href":"https:\/\/www.meydan.tv\/az\/wp-json\/wp\/v2\/types\/post"}],"author":[{"embeddable":true,"href":"https:\/\/www.meydan.tv\/az\/wp-json\/wp\/v2\/users\/16"}],"replies":[{"embeddable":true,"href":"https:\/\/www.meydan.tv\/az\/wp-json\/wp\/v2\/comments?post=260394"}],"version-history":[{"count":1,"href":"https:\/\/www.meydan.tv\/az\/wp-json\/wp\/v2\/posts\/260394\/revisions"}],"predecessor-version":[{"id":260395,"href":"https:\/\/www.meydan.tv\/az\/wp-json\/wp\/v2\/posts\/260394\/revisions\/260395"}],"wp:featuredmedia":[{"embeddable":true,"href":"https:\/\/www.meydan.tv\/az\/wp-json\/wp\/v2\/media\/260396"}],"wp:attachment":[{"href":"https:\/\/www.meydan.tv\/az\/wp-json\/wp\/v2\/media?parent=260394"}],"wp:term":[{"taxonomy":"category","embeddable":true,"href":"https:\/\/www.meydan.tv\/az\/wp-json\/wp\/v2\/categories?post=260394"},{"taxonomy":"post_tag","embeddable":true,"href":"https:\/\/www.meydan.tv\/az\/wp-json\/wp\/v2\/tags?post=260394"}],"curies":[{"name":"wp","href":"https:\/\/api.w.org\/{rel}","templated":true}]}}