{"id":260335,"date":"2022-11-08T16:44:52","date_gmt":"2022-11-08T12:44:52","guid":{"rendered":"https:\/\/www.meydan.tv\/?p=260335"},"modified":"2022-11-08T16:44:54","modified_gmt":"2022-11-08T12:44:54","slug":"evde-hazirlanan-narserabi-dadanlar-ferqi-anlayir","status":"publish","type":"post","link":"https:\/\/www.meydan.tv\/az\/article\/evde-hazirlanan-narserabi-dadanlar-ferqi-anlayir\/","title":{"rendered":"&#8220;Evd\u0259 haz\u0131rlanan nar\u015f\u0259rab\u0131 dadanlar f\u0259rqi anlay\u0131r\u201d"},"content":{"rendered":"\n<p>G\u00f6y\u00e7ayda nar\u015f\u0259rab m\u00f6vs\u00fcm\u00fc<\/p>\n\n\n\n<p>\u201cNar\u015f\u0259rab tam yeti\u015fmi\u015f, qal\u0131nqab\u0131q v\u0259 \u015fir\u0259li \u201cG\u00fcl\u00f6v\u015f\u0259\u201d sortundan haz\u0131rlay\u0131r\u0131q ki, dadl\u0131 v\u0259 l\u0259tli olsun. Nardan haz\u0131rlad\u0131\u011f\u0131m\u0131z \u015f\u0259rab\u0131n dad\u0131 da, ad\u0131 da dill\u0259r \u0259zb\u0259ridir\u201d.<\/p>\n\n\n\n<p>G\u00f6y\u00e7ay sakini R\u0259na \u018fliyeva ill\u0259rdir bu m\u00f6vs\u00fcmd\u0259 nar\u015f\u0259rab haz\u0131rlay\u0131r. Deyir ki, bu, bir \u0259n\u0259n\u0259dir, \u201cPay\u0131za t\u0259\u015f\u0259kk\u00fcr\u201d \u0259n\u0259n\u0259si. Y\u0259ni bu, bol m\u0259hsul, \u015f\u0259rab haz\u0131rlanmas\u0131n\u0131 lab\u00fcd edir. H\u0259r bir g\u00f6y\u00e7ayl\u0131 m\u0259tb\u0259xini nar\u015f\u0259rabs\u0131z t\u0259s\u0259vv\u00fcr etm\u0259k \u00e7\u0259tindir. \u00c7\u00fcnki sous \u015f\u0259klind\u0259 olan<\/p>\n\n\n\n<p>\u015f\u0259rab faydal\u0131 v\u0259 i\u015ftahart\u0131r\u0131c\u0131d\u0131r. Bu il d\u0259 nar m\u0259hsuldarl\u0131\u011f\u0131 yax\u015f\u0131d\u0131r v\u0259 nar\u015f\u0259rab da h\u0259r bir k\u0259ndd\u0259 t\u0259bii \u015f\u0259kild\u0259 haz\u0131rlan\u0131r.<\/p>\n\n\n\n<figure class=\"wp-block-image size-large\"><img decoding=\"async\" width=\"1200\" height=\"540\" data-src=\"https:\/\/www.meydan.tv\/wp-content\/uploads\/pm1_scivqtr_nnl-rr5hojeijm3i5lzbz_owibctn_q_plaintext_638029896255800097-1200x540.jpg\" alt=\"\" class=\"wp-image-260339 lazyload\" src=\"data:image\/svg+xml;base64,PHN2ZyB3aWR0aD0iMSIgaGVpZ2h0PSIxIiB4bWxucz0iaHR0cDovL3d3dy53My5vcmcvMjAwMC9zdmciPjwvc3ZnPg==\" style=\"--smush-placeholder-width: 1200px; --smush-placeholder-aspect-ratio: 1200\/540;\" \/><\/figure>\n\n\n\n<p>\u201cU\u015faql\u0131qdan bu \u0259n\u0259n\u0259ni g\u00f6rd\u00fcm ki, nar ba\u011flar\u0131nda bol m\u0259hsul yeti\u015f\u0259nd\u0259n sonra ana- n\u0259n\u0259l\u0259rimiz tam yeti\u015fmi\u015f, q\u0131rm\u0131z\u0131 irid\u0259n\u0259li, bol \u015fir\u0259li nar sortlar\u0131n\u0131 toplay\u0131b d\u0259n\u0259l\u0259yir. \u00c7\u00fcnki \u015f\u0259rab kal meyv\u0259d\u0259n, y\u0259ni tam yeti\u015fm\u0259mi\u015f nardan olmaz. Olsa da, \u0259sl nar\u015f\u0259rab\u0131n dad\u0131n\u0131 verm\u0259z. Ona g\u00f6r\u0259 d\u0259 \u00e7ox vaxt nar\u015f\u0259rab noyabr\u0131n \u0259vv\u0259li haz\u0131rlan\u0131r. Hans\u0131 ki, o vaxt a\u011facdan d\u0259ril\u0259n nar \u0259sl \u015f\u0259rabl\u0131qd\u0131r\u201d, &#8211; R\u0259na \u018fliyeva izah edir.<\/p>\n\n\n\n<p>Onun s\u00f6zl\u0259rin\u0259 g\u00f6r\u0259, z\u0259d\u0259li narlardan da \u015f\u0259rab haz\u0131rlamaq olar, yet\u0259r ki, nar israfa getm\u0259sin: \u201c\u018fn \u0259sas\u0131, \u00e7al\u0131\u015f\u0131r\u0131q ki, h\u0259min nar d\u0259n\u0259l\u0259rinin ham\u0131s\u0131 sa\u011flam olsun. \u00c7\u00fcnki \u00e7\u00fcr\u00fck, z\u0259d\u0259li nar d\u0259n\u0259l\u0259ri \u015f\u0259rab\u0131n dad\u0131n\u0131, tam\u0131n\u0131 d\u0259yi\u015fir \u201c.<\/p>\n\n\n\n<p>R\u0259na xan\u0131m deyir ki, \u015f\u0259rab g\u0259r\u0259k iri qabda, ocaq \u00fcst\u0259, \u201cG\u00fcl\u00f6v\u015f\u0259\u201d v\u0259 \u201cV\u0259l\u0259s\u201d nar sortlar\u0131n\u0131n qar\u0131\u015f\u0131\u011f\u0131 il\u0259 haz\u0131rlans\u0131n.<\/p>\n\n\n\n<figure class=\"wp-block-image size-large\"><img decoding=\"async\" width=\"1200\" height=\"540\" data-src=\"https:\/\/www.meydan.tv\/wp-content\/uploads\/t7e6jlgu6qpieiajtt_hibzxopevj8jaln2wcb7oq5g_plaintext_638029896256834727-1200x540.jpg\" alt=\"\" class=\"wp-image-260342 lazyload\" src=\"data:image\/svg+xml;base64,PHN2ZyB3aWR0aD0iMSIgaGVpZ2h0PSIxIiB4bWxucz0iaHR0cDovL3d3dy53My5vcmcvMjAwMC9zdmciPjwvc3ZnPg==\" style=\"--smush-placeholder-width: 1200px; --smush-placeholder-aspect-ratio: 1200\/540;\" \/><\/figure>\n\n\n\n<p>Qad\u0131nlar nar\u0131 d\u0259n\u0259l\u0259yib bitirdikd\u0259n sonra onu t\u0259miz su il\u0259 yuyur. Ard\u0131nca suyunu tam s\u00fcz\u00fcb qaba y\u0131\u011f\u0131rlar. Odundan ocaq d\u00fcz\u0259ldilir. Nar dolu qazan ocaq \u00fcst\u00fcn\u0259 qoyulur v\u0259 nar d\u0259n\u0259l\u0259ri \u0259lav\u0259 olunur. On kiloqramdan art\u0131q nar d\u0259n\u0259sin\u0259 bir litrlik su \u0259lav\u0259 etm\u0259k laz\u0131md\u0131r, &#8211; deyir R\u0259na \u018fliyeva. \u00c7\u00fcnki su nar\u0131n l\u0259tinin tumundan ayr\u0131lmas\u0131na s\u0259b\u0259b olur. Bel\u0259c\u0259 \u015f\u0259rab\u0131n haz\u0131rlanmas\u0131n\u0131n ilkin m\u0259rh\u0259l\u0259si ba\u015f tutur.<\/p>\n\n\n\n<p>\u201cAd\u0259t\u0259n ocaq \u00fcst\u0259 edirik, \u00e7\u00fcnki ocaqda haz\u0131rlanan \u015f\u0259rab\u0131n dad\u0131, keyfiyy\u0259ti ayr\u0131d\u0131r. Ancaq z\u0259hm\u0259tli i\u015f oldu\u011fundan oca\u011fa vaxt olmayanda gur yanan qaz \u00fcst\u00fcnd\u0259 d\u0259 edirik. Nar d\u0259n\u0259l\u0259ri tam bir saat qal\u0131r ocaq \u00fcst\u00fcnd\u0259. Yava\u015f-yava\u015f hiss olunur ki, oca\u011f\u0131n, odunun istisind\u0259n nar\u0131n \u015fir\u0259si, l\u0259ti tumundan ayr\u0131l\u0131r, tam qoyula\u015f\u0131r. Onda art\u0131q bilirs\u0259n ki, g\u00f6t\u00fcrm\u0259k laz\u0131md\u0131r. Tez-tez d\u0259 qar\u0131\u015fd\u0131rmaq laz\u0131md\u0131r, \u00f6z\u00fc d\u0259 taxta qa\u015f\u0131qla\u201d.<\/p>\n\n\n\n<figure class=\"wp-block-image size-large\"><img decoding=\"async\" width=\"1200\" height=\"540\" data-src=\"https:\/\/www.meydan.tv\/wp-content\/uploads\/k5j18j-rzyc920nky64o4_9kbtbx4zx1i_ep6zjpbuy_plaintext_638029896251121321-1200x540.jpg\" alt=\"\" class=\"wp-image-260345 lazyload\" src=\"data:image\/svg+xml;base64,PHN2ZyB3aWR0aD0iMSIgaGVpZ2h0PSIxIiB4bWxucz0iaHR0cDovL3d3dy53My5vcmcvMjAwMC9zdmciPjwvc3ZnPg==\" style=\"--smush-placeholder-width: 1200px; --smush-placeholder-aspect-ratio: 1200\/540;\" \/><\/figure>\n\n\n\n<p>Qat\u0131la\u015fm\u0131\u015f \u015f\u0259rab g\u00f6t\u00fcr\u00fcld\u00fckd\u0259n sonra tumlardan ayr\u0131l\u0131r. Y\u0259ni a\u015fs\u00fcz\u0259nd\u0259n ke\u00e7irilir. Nar l\u0259tini qatran hal\u0131na g\u0259tirm\u0259k \u00fc\u00e7\u00fcn yenid\u0259n y\u00fcks\u0259k odda bi\u015fm\u0259y\u0259 qoyurlar. Yanmamas\u0131 \u00fc\u00e7\u00fcn tam qat\u0131la\u015fana kimi qar\u0131\u015fd\u0131r\u0131l\u0131r. Tur\u015fm\u0259z\u0259, ya \u015firin dadmas\u0131 is\u0259 z\u00f6vq\u0259 ba\u011fl\u0131d\u0131r. Nar\u015f\u0259rab c vitamini z\u0259ngin olur.<\/p>\n\n\n\n<p>\u201cNar\u015f\u0259rab\u0131n tur\u015fm\u0259z\u0259 al\u0131nmas\u0131 \u00fc\u00e7\u00fcn duz \u0259lav\u0259 edirik v\u0259 ocaqdan g\u00f6t\u00fcr\u0259r\u0259k soyuduruq. Z\u00f6vq\u0259 g\u00f6r\u0259 \u015f\u0259k\u0259r tozu t\u00f6k\u0259nl\u0259r d\u0259 var. \u00c7\u00fcnki b\u0259zi insanlar \u015firin sevir. \u018fslind\u0259 tam d\u0259ymi\u015f q\u0131rm\u0131z\u0131 nar \u00f6z\u00fc d\u0259 \u015firin dad\u0131r. Duz \u0259lav\u0259 ed\u0259nd\u0259 tur\u015fm\u0259z\u0259 olur. G\u00f6y\u00e7ay nar\u0131ndan haz\u0131rlanan nar\u015f\u0259rab dad\u0131 v\u0259 keyfiyy\u0259ti il\u0259 se\u00e7ilir. Antioksidentl\u0259\u015fdirici qabiliyy\u0259ti yax\u015f\u0131d\u0131r. X\u00fcsusil\u0259 B\u0131\u011f\u0131r \u201cG\u00fcl\u00f6v\u015f\u0259\u201csind\u0259n. Tur\u015fm\u0259z\u0259 olur. \u0130\u015ftah art\u0131r\u0131r\u201d,- dey\u0259 R\u0259na \u018fliyeva \u0259lav\u0259 edir.<\/p>\n\n\n\n<p>M\u00fcsahibimiz deyir ki, 15-20 kiloqram nardan t\u0259xmin\u0259n 2-3 kiloqram \u015f\u0259rab al\u0131n\u0131r. Nar\u015f\u0259rab\u0131 2-3 il saxlamaq da m\u00fcmk\u00fcnd\u00fcr. Bunun \u00fc\u00e7\u00fcn i\u015f\u0131q d\u00fc\u015fm\u0259y\u0259n v\u0259 s\u0259rin yerd\u0259 saxlan\u0131lmal\u0131d\u0131r. Amma yax\u015f\u0131 olar ki, h\u0259r ilin \u015f\u0259rab\u0131 istifad\u0259 olunsun. \u018fks halda dad v\u0259 keyfiyy\u0259t t\u0259minatl\u0131 olmaz. M\u00f6vs\u00fcm vaxt\u0131 \u00e7oxalan nar\u015f\u0259rablar\u0131n t\u0259mizliyi d\u0259 sual do\u011furur.<\/p>\n\n\n\n<figure class=\"wp-block-image size-large\"><img decoding=\"async\" width=\"888\" height=\"821\" data-src=\"https:\/\/www.meydan.tv\/wp-content\/uploads\/wguhe2kfph5sqnfgejxit_-dcsh3togm5ed4du54k3s_plaintext_638029896253699742-888x821.jpg\" alt=\"\" class=\"wp-image-260348 lazyload\" src=\"data:image\/svg+xml;base64,PHN2ZyB3aWR0aD0iMSIgaGVpZ2h0PSIxIiB4bWxucz0iaHR0cDovL3d3dy53My5vcmcvMjAwMC9zdmciPjwvc3ZnPg==\" style=\"--smush-placeholder-width: 888px; --smush-placeholder-aspect-ratio: 888\/821;\" \/><\/figure>\n\n\n\n<p>R\u0259na \u018fliyeva deyir ki, ev \u015f\u0259raitind\u0259 haz\u0131rlanan nar\u015f\u0259rablar\u0131n t\u0259rkibin\u0259 konservant v\u0259 r\u0259ng qat\u0131\u015f\u0131qlar\u0131 \u0259lav\u0259 olunmur. Bu, yolverilm\u0259zdir. Zavodlarda is\u0259 olur v\u0259 qab\u0131qla birg\u0259 \u00e7\u0259kildiyind\u0259n ac\u0131 dad\u0131r:<\/p>\n\n\n\n<p>\u201cNar\u015f\u0259raba qar\u0131\u015f\u0131q da \u0259lav\u0259l\u0259r edirl\u0259r, x\u00fcsusil\u0259 un. Bu is\u0259 art\u0131ml\u0131 olsa da, ancaq t\u0259miz nar\u015f\u0259rab deyil. X\u00fcsusil\u0259 yolk\u0259narlar\u0131nda sat\u0131\u015f\u0131n\u0131 t\u0259\u015fkil ed\u0259n \u015f\u0259xsl\u0259r edir bunu. Ham\u0131s\u0131 olmasa da, bir \u00e7oxu edir.<\/p>\n\n\n\n<p>Zavod \u015f\u0259rab\u0131 v\u0259 \u015fir\u0259si is\u0259 qabla\u015fd\u0131r\u0131lmas\u0131na g\u00f6r\u0259 brend olur, ancaq dad\u0131 xo\u015fag\u0259l\u0259n deyil, ac\u0131 dad\u0131r. \u00c7\u00fcnki z\u0259d\u0259li m\u0259hsullardan haz\u0131rlan\u0131r v\u0259 qab\u0131qla birg\u0259 \u00e7\u0259kilir. Ona g\u00f6r\u0259 d\u0259 evd\u0259 haz\u0131rlanan \u0259sl nar\u015f\u0259rab\u0131 dadanlar f\u0259rqi anlay\u0131r\u201d.<\/p>\n\n\n\n<p>R\u0259na \u018fliyeva deyir ki, h\u0259r il Nar Festival\u0131 ke\u00e7irilirdi, insanlar haz\u0131rlad\u0131\u011f\u0131 nar v\u0259 nar m\u0259hsullar\u0131n\u0131 \u00e7\u0131xar\u0131b n\u00fcmayi\u015f etdirirdi, satan sat\u0131rd\u0131, pay ver\u0259n verirdi. Onun fikrinc\u0259, bu, daha \u00e7ox milli m\u0259tb\u0259xin d\u0259 tan\u0131d\u0131lmas\u0131 \u00fc\u00e7\u00fcn maraql\u0131 festivald\u0131r:<\/p>\n\n\n\n<p>\u201cG\u0259l\u0259n qonaqlar ancaq nar\u0131 deyil, nardan haz\u0131rlanan l\u0259ziz m\u0259hsullar\u0131 tan\u0131y\u0131r, dad\u0131r, al\u0131r, m\u0259lumatlan\u0131rd\u0131\u201c.<\/p>\n\n\n\n<p>Nar\u015f\u0259rabdan is\u0259 bal\u0131q, kabab, plov el\u0259c\u0259 d\u0259 dig\u0259r yem\u0259kl\u0259rd\u0259 \u0259dviyyat kimi istifad\u0259 olunur. Nar\u015f\u0259rabla yana\u015f\u0131, nardan\u00e7a v\u0259 t\u0259bii nar \u015fir\u0259l\u0259ri d\u0259 haz\u0131rlan\u0131r ki, onlar x\u00fcsusi dada v\u0259 \u00f6z\u0259lliy\u0259 m\u0259xsusdur.<\/p>\n","protected":false},"excerpt":{"rendered":"<p>G\u00f6y\u00e7ayda nar\u015f\u0259rab m\u00f6vs\u00fcm\u00fc \u201cNar\u015f\u0259rab tam yeti\u015fmi\u015f, qal\u0131nqab\u0131q v\u0259 \u015fir\u0259li \u201cG\u00fcl\u00f6v\u015f\u0259\u201d &#8230; <\/p>\n<p class=\"read-more-container\"><a title=\"&#8220;Evd\u0259 haz\u0131rlanan nar\u015f\u0259rab\u0131 dadanlar f\u0259rqi anlay\u0131r\u201d\" class=\"read-more button\" href=\"https:\/\/www.meydan.tv\/az\/article\/evde-hazirlanan-narserabi-dadanlar-ferqi-anlayir\/#more-260335\" aria-label=\"Read more about &#8220;Evd\u0259 haz\u0131rlanan nar\u015f\u0259rab\u0131 dadanlar f\u0259rqi anlay\u0131r\u201d\">Davam\u0131<\/a><\/p>\n","protected":false},"author":14,"featured_media":260336,"comment_status":"closed","ping_status":"closed","sticky":false,"template":"","format":"standard","meta":{"_acf_changed":false,"_sitemap_exclude":false,"_sitemap_priority":"","_sitemap_frequency":"","footnotes":""},"categories":[60,56],"tags":[],"class_list":["post-260335","post","type-post","status-publish","format-standard","has-post-thumbnail","hentry","category-bolge","category-xeberler","infinite-scroll-item","generate-columns","tablet-grid-50","mobile-grid-100","grid-parent","grid-33","no-featured-image-padding"],"acf":[],"yoast_head":"<!-- This site is optimized with the Yoast SEO plugin v27.5 - https:\/\/yoast.com\/product\/yoast-seo-wordpress\/ -->\n<title>&quot;Evd\u0259 haz\u0131rlanan nar\u015f\u0259rab\u0131 dadanlar f\u0259rqi anlay\u0131r\u201d - MEYDAN.TV<\/title>\n<meta name=\"robots\" content=\"index, follow, max-snippet:-1, max-image-preview:large, max-video-preview:-1\" \/>\n<link rel=\"canonical\" href=\"https:\/\/www.meydan.tv\/az\/article\/evde-hazirlanan-narserabi-dadanlar-ferqi-anlayir\/\" \/>\n<meta property=\"og:locale\" content=\"az_AZ\" \/>\n<meta property=\"og:type\" content=\"article\" \/>\n<meta property=\"og:title\" content=\"&quot;Evd\u0259 haz\u0131rlanan nar\u015f\u0259rab\u0131 dadanlar f\u0259rqi anlay\u0131r\u201d - MEYDAN.TV\" \/>\n<meta property=\"og:description\" content=\"G\u00f6y\u00e7ayda nar\u015f\u0259rab m\u00f6vs\u00fcm\u00fc \u201cNar\u015f\u0259rab tam yeti\u015fmi\u015f, qal\u0131nqab\u0131q v\u0259 \u015fir\u0259li \u201cG\u00fcl\u00f6v\u015f\u0259\u201d ... Davam\u0131\" \/>\n<meta property=\"og:url\" content=\"https:\/\/www.meydan.tv\/az\/article\/evde-hazirlanan-narserabi-dadanlar-ferqi-anlayir\/\" \/>\n<meta property=\"og:site_name\" content=\"MEYDAN.TV\" \/>\n<meta property=\"article:published_time\" content=\"2022-11-08T12:44:52+00:00\" \/>\n<meta property=\"article:modified_time\" content=\"2022-11-08T12:44:54+00:00\" \/>\n<meta property=\"og:image\" content=\"https:\/\/www.meydan.tv\/wp-content\/uploads\/tah2ll37wbyr4o9jrfzmaegodaecqztckftfj-koshm_plaintext_638029896250764378.jpg\" \/>\n\t<meta property=\"og:image:width\" content=\"1280\" \/>\n\t<meta property=\"og:image:height\" content=\"576\" \/>\n\t<meta property=\"og:image:type\" content=\"image\/jpeg\" \/>\n<meta name=\"author\" content=\"roma\" \/>\n<meta name=\"twitter:card\" content=\"summary_large_image\" \/>\n<script type=\"application\/ld+json\" class=\"yoast-schema-graph\">{\"@context\":\"https:\\\/\\\/schema.org\",\"@graph\":[{\"@type\":\"Article\",\"@id\":\"https:\\\/\\\/www.meydan.tv\\\/az\\\/article\\\/evde-hazirlanan-narserabi-dadanlar-ferqi-anlayir\\\/#article\",\"isPartOf\":{\"@id\":\"https:\\\/\\\/www.meydan.tv\\\/az\\\/article\\\/evde-hazirlanan-narserabi-dadanlar-ferqi-anlayir\\\/\"},\"author\":{\"name\":\"roma\",\"@id\":\"https:\\\/\\\/www.meydan.tv\\\/az\\\/#\\\/schema\\\/person\\\/8f23e01c4de63326c13c319fb65ee65d\"},\"headline\":\"&#8220;Evd\u0259 haz\u0131rlanan nar\u015f\u0259rab\u0131 dadanlar f\u0259rqi anlay\u0131r\u201d\",\"datePublished\":\"2022-11-08T12:44:52+00:00\",\"dateModified\":\"2022-11-08T12:44:54+00:00\",\"mainEntityOfPage\":{\"@id\":\"https:\\\/\\\/www.meydan.tv\\\/az\\\/article\\\/evde-hazirlanan-narserabi-dadanlar-ferqi-anlayir\\\/\"},\"wordCount\":1067,\"publisher\":{\"@id\":\"https:\\\/\\\/www.meydan.tv\\\/az\\\/#organization\"},\"image\":{\"@id\":\"https:\\\/\\\/www.meydan.tv\\\/az\\\/article\\\/evde-hazirlanan-narserabi-dadanlar-ferqi-anlayir\\\/#primaryimage\"},\"thumbnailUrl\":\"https:\\\/\\\/www.meydan.tv\\\/wp-content\\\/uploads\\\/tah2ll37wbyr4o9jrfzmaegodaecqztckftfj-koshm_plaintext_638029896250764378.jpg\",\"articleSection\":[\"B\u00f6lg\u0259\",\"X\u0259b\u0259rl\u0259r\"],\"inLanguage\":\"az\"},{\"@type\":\"WebPage\",\"@id\":\"https:\\\/\\\/www.meydan.tv\\\/az\\\/article\\\/evde-hazirlanan-narserabi-dadanlar-ferqi-anlayir\\\/\",\"url\":\"https:\\\/\\\/www.meydan.tv\\\/az\\\/article\\\/evde-hazirlanan-narserabi-dadanlar-ferqi-anlayir\\\/\",\"name\":\"\\\"Evd\u0259 haz\u0131rlanan nar\u015f\u0259rab\u0131 dadanlar f\u0259rqi anlay\u0131r\u201d - MEYDAN.TV\",\"isPartOf\":{\"@id\":\"https:\\\/\\\/www.meydan.tv\\\/az\\\/#website\"},\"primaryImageOfPage\":{\"@id\":\"https:\\\/\\\/www.meydan.tv\\\/az\\\/article\\\/evde-hazirlanan-narserabi-dadanlar-ferqi-anlayir\\\/#primaryimage\"},\"image\":{\"@id\":\"https:\\\/\\\/www.meydan.tv\\\/az\\\/article\\\/evde-hazirlanan-narserabi-dadanlar-ferqi-anlayir\\\/#primaryimage\"},\"thumbnailUrl\":\"https:\\\/\\\/www.meydan.tv\\\/wp-content\\\/uploads\\\/tah2ll37wbyr4o9jrfzmaegodaecqztckftfj-koshm_plaintext_638029896250764378.jpg\",\"datePublished\":\"2022-11-08T12:44:52+00:00\",\"dateModified\":\"2022-11-08T12:44:54+00:00\",\"breadcrumb\":{\"@id\":\"https:\\\/\\\/www.meydan.tv\\\/az\\\/article\\\/evde-hazirlanan-narserabi-dadanlar-ferqi-anlayir\\\/#breadcrumb\"},\"inLanguage\":\"az\",\"potentialAction\":[{\"@type\":\"ReadAction\",\"target\":[\"https:\\\/\\\/www.meydan.tv\\\/az\\\/article\\\/evde-hazirlanan-narserabi-dadanlar-ferqi-anlayir\\\/\"]}]},{\"@type\":\"ImageObject\",\"inLanguage\":\"az\",\"@id\":\"https:\\\/\\\/www.meydan.tv\\\/az\\\/article\\\/evde-hazirlanan-narserabi-dadanlar-ferqi-anlayir\\\/#primaryimage\",\"url\":\"https:\\\/\\\/www.meydan.tv\\\/wp-content\\\/uploads\\\/tah2ll37wbyr4o9jrfzmaegodaecqztckftfj-koshm_plaintext_638029896250764378.jpg\",\"contentUrl\":\"https:\\\/\\\/www.meydan.tv\\\/wp-content\\\/uploads\\\/tah2ll37wbyr4o9jrfzmaegodaecqztckftfj-koshm_plaintext_638029896250764378.jpg\",\"width\":1280,\"height\":576},{\"@type\":\"BreadcrumbList\",\"@id\":\"https:\\\/\\\/www.meydan.tv\\\/az\\\/article\\\/evde-hazirlanan-narserabi-dadanlar-ferqi-anlayir\\\/#breadcrumb\",\"itemListElement\":[{\"@type\":\"ListItem\",\"position\":1,\"name\":\"Ana s\u0259hif\u0259\",\"item\":\"https:\\\/\\\/www.meydan.tv\\\/az\\\/\"},{\"@type\":\"ListItem\",\"position\":2,\"name\":\"X\u0259b\u0259rl\u0259r\",\"item\":\"https:\\\/\\\/www.meydan.tv\\\/az\\\/section\\\/xeberler\\\/\"},{\"@type\":\"ListItem\",\"position\":3,\"name\":\"&#8220;Evd\u0259 haz\u0131rlanan nar\u015f\u0259rab\u0131 dadanlar f\u0259rqi anlay\u0131r\u201d\"}]},{\"@type\":\"WebSite\",\"@id\":\"https:\\\/\\\/www.meydan.tv\\\/az\\\/#website\",\"url\":\"https:\\\/\\\/www.meydan.tv\\\/az\\\/\",\"name\":\"MEYDAN.TV\",\"description\":\"Meydan TV Az\u0259rbaycan\u0131n media m\u0259kan\u0131ndak\u0131 alternativ s\u0259sidir\",\"publisher\":{\"@id\":\"https:\\\/\\\/www.meydan.tv\\\/az\\\/#organization\"},\"potentialAction\":[{\"@type\":\"SearchAction\",\"target\":{\"@type\":\"EntryPoint\",\"urlTemplate\":\"https:\\\/\\\/www.meydan.tv\\\/az\\\/?s={search_term_string}\"},\"query-input\":{\"@type\":\"PropertyValueSpecification\",\"valueRequired\":true,\"valueName\":\"search_term_string\"}}],\"inLanguage\":\"az\"},{\"@type\":\"Organization\",\"@id\":\"https:\\\/\\\/www.meydan.tv\\\/az\\\/#organization\",\"name\":\"Meydan TV\",\"url\":\"https:\\\/\\\/www.meydan.tv\\\/az\\\/\",\"logo\":{\"@type\":\"ImageObject\",\"inLanguage\":\"az\",\"@id\":\"https:\\\/\\\/www.meydan.tv\\\/az\\\/#\\\/schema\\\/logo\\\/image\\\/\",\"url\":\"https:\\\/\\\/www.meydan.tv\\\/wp-content\\\/uploads\\\/2021\\\/07\\\/meydan-logo.svg\",\"contentUrl\":\"https:\\\/\\\/www.meydan.tv\\\/wp-content\\\/uploads\\\/2021\\\/07\\\/meydan-logo.svg\",\"width\":195,\"height\":46,\"caption\":\"Meydan TV\"},\"image\":{\"@id\":\"https:\\\/\\\/www.meydan.tv\\\/az\\\/#\\\/schema\\\/logo\\\/image\\\/\"}},{\"@type\":\"Person\",\"@id\":\"https:\\\/\\\/www.meydan.tv\\\/az\\\/#\\\/schema\\\/person\\\/8f23e01c4de63326c13c319fb65ee65d\",\"name\":\"roma\"}]}<\/script>\n<!-- \/ Yoast SEO plugin. -->","yoast_head_json":{"title":"\"Evd\u0259 haz\u0131rlanan nar\u015f\u0259rab\u0131 dadanlar f\u0259rqi anlay\u0131r\u201d - MEYDAN.TV","robots":{"index":"index","follow":"follow","max-snippet":"max-snippet:-1","max-image-preview":"max-image-preview:large","max-video-preview":"max-video-preview:-1"},"canonical":"https:\/\/www.meydan.tv\/az\/article\/evde-hazirlanan-narserabi-dadanlar-ferqi-anlayir\/","og_locale":"az_AZ","og_type":"article","og_title":"\"Evd\u0259 haz\u0131rlanan nar\u015f\u0259rab\u0131 dadanlar f\u0259rqi anlay\u0131r\u201d - MEYDAN.TV","og_description":"G\u00f6y\u00e7ayda nar\u015f\u0259rab m\u00f6vs\u00fcm\u00fc \u201cNar\u015f\u0259rab tam yeti\u015fmi\u015f, qal\u0131nqab\u0131q v\u0259 \u015fir\u0259li \u201cG\u00fcl\u00f6v\u015f\u0259\u201d ... Davam\u0131","og_url":"https:\/\/www.meydan.tv\/az\/article\/evde-hazirlanan-narserabi-dadanlar-ferqi-anlayir\/","og_site_name":"MEYDAN.TV","article_published_time":"2022-11-08T12:44:52+00:00","article_modified_time":"2022-11-08T12:44:54+00:00","og_image":[{"width":1280,"height":576,"url":"https:\/\/www.meydan.tv\/wp-content\/uploads\/tah2ll37wbyr4o9jrfzmaegodaecqztckftfj-koshm_plaintext_638029896250764378.jpg","type":"image\/jpeg"}],"author":"roma","twitter_card":"summary_large_image","schema":{"@context":"https:\/\/schema.org","@graph":[{"@type":"Article","@id":"https:\/\/www.meydan.tv\/az\/article\/evde-hazirlanan-narserabi-dadanlar-ferqi-anlayir\/#article","isPartOf":{"@id":"https:\/\/www.meydan.tv\/az\/article\/evde-hazirlanan-narserabi-dadanlar-ferqi-anlayir\/"},"author":{"name":"roma","@id":"https:\/\/www.meydan.tv\/az\/#\/schema\/person\/8f23e01c4de63326c13c319fb65ee65d"},"headline":"&#8220;Evd\u0259 haz\u0131rlanan nar\u015f\u0259rab\u0131 dadanlar f\u0259rqi anlay\u0131r\u201d","datePublished":"2022-11-08T12:44:52+00:00","dateModified":"2022-11-08T12:44:54+00:00","mainEntityOfPage":{"@id":"https:\/\/www.meydan.tv\/az\/article\/evde-hazirlanan-narserabi-dadanlar-ferqi-anlayir\/"},"wordCount":1067,"publisher":{"@id":"https:\/\/www.meydan.tv\/az\/#organization"},"image":{"@id":"https:\/\/www.meydan.tv\/az\/article\/evde-hazirlanan-narserabi-dadanlar-ferqi-anlayir\/#primaryimage"},"thumbnailUrl":"https:\/\/www.meydan.tv\/wp-content\/uploads\/tah2ll37wbyr4o9jrfzmaegodaecqztckftfj-koshm_plaintext_638029896250764378.jpg","articleSection":["B\u00f6lg\u0259","X\u0259b\u0259rl\u0259r"],"inLanguage":"az"},{"@type":"WebPage","@id":"https:\/\/www.meydan.tv\/az\/article\/evde-hazirlanan-narserabi-dadanlar-ferqi-anlayir\/","url":"https:\/\/www.meydan.tv\/az\/article\/evde-hazirlanan-narserabi-dadanlar-ferqi-anlayir\/","name":"\"Evd\u0259 haz\u0131rlanan nar\u015f\u0259rab\u0131 dadanlar f\u0259rqi anlay\u0131r\u201d - MEYDAN.TV","isPartOf":{"@id":"https:\/\/www.meydan.tv\/az\/#website"},"primaryImageOfPage":{"@id":"https:\/\/www.meydan.tv\/az\/article\/evde-hazirlanan-narserabi-dadanlar-ferqi-anlayir\/#primaryimage"},"image":{"@id":"https:\/\/www.meydan.tv\/az\/article\/evde-hazirlanan-narserabi-dadanlar-ferqi-anlayir\/#primaryimage"},"thumbnailUrl":"https:\/\/www.meydan.tv\/wp-content\/uploads\/tah2ll37wbyr4o9jrfzmaegodaecqztckftfj-koshm_plaintext_638029896250764378.jpg","datePublished":"2022-11-08T12:44:52+00:00","dateModified":"2022-11-08T12:44:54+00:00","breadcrumb":{"@id":"https:\/\/www.meydan.tv\/az\/article\/evde-hazirlanan-narserabi-dadanlar-ferqi-anlayir\/#breadcrumb"},"inLanguage":"az","potentialAction":[{"@type":"ReadAction","target":["https:\/\/www.meydan.tv\/az\/article\/evde-hazirlanan-narserabi-dadanlar-ferqi-anlayir\/"]}]},{"@type":"ImageObject","inLanguage":"az","@id":"https:\/\/www.meydan.tv\/az\/article\/evde-hazirlanan-narserabi-dadanlar-ferqi-anlayir\/#primaryimage","url":"https:\/\/www.meydan.tv\/wp-content\/uploads\/tah2ll37wbyr4o9jrfzmaegodaecqztckftfj-koshm_plaintext_638029896250764378.jpg","contentUrl":"https:\/\/www.meydan.tv\/wp-content\/uploads\/tah2ll37wbyr4o9jrfzmaegodaecqztckftfj-koshm_plaintext_638029896250764378.jpg","width":1280,"height":576},{"@type":"BreadcrumbList","@id":"https:\/\/www.meydan.tv\/az\/article\/evde-hazirlanan-narserabi-dadanlar-ferqi-anlayir\/#breadcrumb","itemListElement":[{"@type":"ListItem","position":1,"name":"Ana s\u0259hif\u0259","item":"https:\/\/www.meydan.tv\/az\/"},{"@type":"ListItem","position":2,"name":"X\u0259b\u0259rl\u0259r","item":"https:\/\/www.meydan.tv\/az\/section\/xeberler\/"},{"@type":"ListItem","position":3,"name":"&#8220;Evd\u0259 haz\u0131rlanan nar\u015f\u0259rab\u0131 dadanlar f\u0259rqi anlay\u0131r\u201d"}]},{"@type":"WebSite","@id":"https:\/\/www.meydan.tv\/az\/#website","url":"https:\/\/www.meydan.tv\/az\/","name":"MEYDAN.TV","description":"Meydan TV Az\u0259rbaycan\u0131n media m\u0259kan\u0131ndak\u0131 alternativ s\u0259sidir","publisher":{"@id":"https:\/\/www.meydan.tv\/az\/#organization"},"potentialAction":[{"@type":"SearchAction","target":{"@type":"EntryPoint","urlTemplate":"https:\/\/www.meydan.tv\/az\/?s={search_term_string}"},"query-input":{"@type":"PropertyValueSpecification","valueRequired":true,"valueName":"search_term_string"}}],"inLanguage":"az"},{"@type":"Organization","@id":"https:\/\/www.meydan.tv\/az\/#organization","name":"Meydan TV","url":"https:\/\/www.meydan.tv\/az\/","logo":{"@type":"ImageObject","inLanguage":"az","@id":"https:\/\/www.meydan.tv\/az\/#\/schema\/logo\/image\/","url":"https:\/\/www.meydan.tv\/wp-content\/uploads\/2021\/07\/meydan-logo.svg","contentUrl":"https:\/\/www.meydan.tv\/wp-content\/uploads\/2021\/07\/meydan-logo.svg","width":195,"height":46,"caption":"Meydan TV"},"image":{"@id":"https:\/\/www.meydan.tv\/az\/#\/schema\/logo\/image\/"}},{"@type":"Person","@id":"https:\/\/www.meydan.tv\/az\/#\/schema\/person\/8f23e01c4de63326c13c319fb65ee65d","name":"roma"}]}},"_links":{"self":[{"href":"https:\/\/www.meydan.tv\/az\/wp-json\/wp\/v2\/posts\/260335","targetHints":{"allow":["GET"]}}],"collection":[{"href":"https:\/\/www.meydan.tv\/az\/wp-json\/wp\/v2\/posts"}],"about":[{"href":"https:\/\/www.meydan.tv\/az\/wp-json\/wp\/v2\/types\/post"}],"author":[{"embeddable":true,"href":"https:\/\/www.meydan.tv\/az\/wp-json\/wp\/v2\/users\/14"}],"replies":[{"embeddable":true,"href":"https:\/\/www.meydan.tv\/az\/wp-json\/wp\/v2\/comments?post=260335"}],"version-history":[{"count":1,"href":"https:\/\/www.meydan.tv\/az\/wp-json\/wp\/v2\/posts\/260335\/revisions"}],"predecessor-version":[{"id":260351,"href":"https:\/\/www.meydan.tv\/az\/wp-json\/wp\/v2\/posts\/260335\/revisions\/260351"}],"wp:featuredmedia":[{"embeddable":true,"href":"https:\/\/www.meydan.tv\/az\/wp-json\/wp\/v2\/media\/260336"}],"wp:attachment":[{"href":"https:\/\/www.meydan.tv\/az\/wp-json\/wp\/v2\/media?parent=260335"}],"wp:term":[{"taxonomy":"category","embeddable":true,"href":"https:\/\/www.meydan.tv\/az\/wp-json\/wp\/v2\/categories?post=260335"},{"taxonomy":"post_tag","embeddable":true,"href":"https:\/\/www.meydan.tv\/az\/wp-json\/wp\/v2\/tags?post=260335"}],"curies":[{"name":"wp","href":"https:\/\/api.w.org\/{rel}","templated":true}]}}