{"id":260312,"date":"2022-11-06T18:43:51","date_gmt":"2022-11-06T14:43:51","guid":{"rendered":"https:\/\/www.meydan.tv\/?p=260312"},"modified":"2022-11-06T18:43:53","modified_gmt":"2022-11-06T14:43:53","slug":"17-yasli-genc-dogus-zamani-olub","status":"publish","type":"post","link":"https:\/\/www.meydan.tv\/az\/article\/17-yasli-genc-dogus-zamani-olub\/","title":{"rendered":"17 ya\u015fl\u0131 g\u0259nc do\u011fu\u015f zaman\u0131 \u00f6l\u00fcb"},"content":{"rendered":"\n<p>15 ya\u015f\u0131nda \u0259r\u0259 verilmi\u015f q\u0131z\u0131n valideynl\u0259ri h\u0259kimi g\u00fcnahland\u0131r\u0131r<\/p>\n\n\n\n<p>K\u00fcrd\u0259mird\u0259 17 ya\u015fl\u0131 \u015e\u0259bnur \u0130smiyeva do\u011fu\u015f zaman\u0131 v\u0259fat edib. Qad\u0131n erk\u0259n nikah\u0131n qurban\u0131d\u0131r. O, 15 ya\u015f\u0131nda \u0259r\u0259 verilib.<br>Bu bar\u0259d\u0259 Meydan TV-y\u0259 Az\u0259rbaycan U\u015faqlar Birliyin s\u0259dri K\u0259mal\u0259 A\u011fazad\u0259 m\u0259lumat verib. K.A\u011fazad\u0259 deyib ki, \u015e\u0259bnur \u0130smiyeva K\u00fcrd\u0259mirin S\u0131\u011f\u0131l\u0131 k\u0259ndin\u0259 g\u0259lin k\u00f6\u00e7\u00fcr\u00fcl\u00fcb. Yeniyetm\u0259 noyabr\u0131n 5-d\u0259 ax\u015fam saatlar\u0131nda do\u011fu\u015f zaman\u0131 v\u0259fat edib. Onun d\u00fcnyaya g\u0259tirdiyi k\u00f6rp\u0259 sa\u011fd\u0131r, lakin v\u0259ziyy\u0259ti yax\u015f\u0131 deyil.<br>Ail\u0259 yeniyetm\u0259nin \u00f6l\u00fcm\u00fcn\u0259 g\u00f6r\u0259 h\u0259kiml\u0259ri g\u00fcnahland\u0131r\u0131b.<br>K\u0259mal\u0259 A\u011fazad\u0259 is\u0259 deyib ki, \u0259sas g\u00fcnahkar q\u0131z\u0131 \u0259r\u0259 ver\u0259n valideynl\u0259r, onunla evl\u0259n\u0259n ki\u015fidir:<br>&#8220;Valideynl\u0259r, onunla ail\u0259 quran ki\u015fi d\u0259 m\u0259suliyy\u0259t da\u015f\u0131y\u0131r. Onlar\u0131n r\u0259smi nikah\u0131 olmay\u0131b&#8221;.<br>A\u011fazad\u0259 bu erk\u0259n nikaha g\u00f6r\u0259<br>K\u00fcrd\u0259mir Rayon \u0130cra Hakimiyy\u0259ti v\u0259 dig\u0259r aidiyyat\u0131 qurumlar\u0131 g\u00fcnahland\u0131r\u0131b.<br>K\u0259ndin icra n\u00fcmay\u0259nd\u0259liyind\u0259n fakt\u0131 t\u0259sdiql\u0259yibl\u0259r. Bildirilib ki, q\u0131z ail\u0259 qurark\u0259n 16 ya\u015f\u0131nda olub.<br>Faktla ba\u011fl\u0131 ara\u015fd\u0131rma apar\u0131l\u0131r.<\/p>\n","protected":false},"excerpt":{"rendered":"<p>15 ya\u015f\u0131nda \u0259r\u0259 verilmi\u015f q\u0131z\u0131n valideynl\u0259ri h\u0259kimi g\u00fcnahland\u0131r\u0131r K\u00fcrd\u0259mird\u0259 17 &#8230; <\/p>\n<p class=\"read-more-container\"><a title=\"17 ya\u015fl\u0131 g\u0259nc do\u011fu\u015f zaman\u0131 \u00f6l\u00fcb\" class=\"read-more button\" href=\"https:\/\/www.meydan.tv\/az\/article\/17-yasli-genc-dogus-zamani-olub\/#more-260312\" aria-label=\"Read more about 17 ya\u015fl\u0131 g\u0259nc do\u011fu\u015f zaman\u0131 \u00f6l\u00fcb\">Davam\u0131<\/a><\/p>\n","protected":false},"author":14,"featured_media":127169,"comment_status":"closed","ping_status":"closed","sticky":false,"template":"","format":"standard","meta":{"_acf_changed":false,"_sitemap_exclude":false,"_sitemap_priority":"","_sitemap_frequency":"","footnotes":""},"categories":[60,56],"tags":[],"class_list":["post-260312","post","type-post","status-publish","format-standard","has-post-thumbnail","hentry","category-bolge","category-xeberler","infinite-scroll-item","generate-columns","tablet-grid-50","mobile-grid-100","grid-parent","grid-33","no-featured-image-padding"],"acf":[],"yoast_head":"<!-- This site is optimized with the Yoast SEO plugin v27.5 - https:\/\/yoast.com\/product\/yoast-seo-wordpress\/ -->\n<title>17 ya\u015fl\u0131 g\u0259nc do\u011fu\u015f zaman\u0131 \u00f6l\u00fcb - MEYDAN.TV<\/title>\n<meta name=\"robots\" content=\"index, follow, max-snippet:-1, max-image-preview:large, max-video-preview:-1\" \/>\n<link rel=\"canonical\" href=\"https:\/\/www.meydan.tv\/az\/article\/17-yasli-genc-dogus-zamani-olub\/\" \/>\n<meta property=\"og:locale\" content=\"az_AZ\" \/>\n<meta property=\"og:type\" content=\"article\" \/>\n<meta property=\"og:title\" content=\"17 ya\u015fl\u0131 g\u0259nc do\u011fu\u015f zaman\u0131 \u00f6l\u00fcb - MEYDAN.TV\" \/>\n<meta property=\"og:description\" content=\"15 ya\u015f\u0131nda \u0259r\u0259 verilmi\u015f q\u0131z\u0131n valideynl\u0259ri h\u0259kimi g\u00fcnahland\u0131r\u0131r K\u00fcrd\u0259mird\u0259 17 ... Davam\u0131\" \/>\n<meta property=\"og:url\" content=\"https:\/\/www.meydan.tv\/az\/article\/17-yasli-genc-dogus-zamani-olub\/\" \/>\n<meta property=\"og:site_name\" content=\"MEYDAN.TV\" \/>\n<meta property=\"article:published_time\" content=\"2022-11-06T14:43:51+00:00\" \/>\n<meta property=\"article:modified_time\" content=\"2022-11-06T14:43:53+00:00\" \/>\n<meta property=\"og:image\" content=\"https:\/\/www.meydan.tv\/wp-content\/uploads\/propublica_article_graphic.png\" \/>\n\t<meta property=\"og:image:width\" content=\"1089\" \/>\n\t<meta property=\"og:image:height\" content=\"632\" \/>\n\t<meta property=\"og:image:type\" content=\"image\/png\" \/>\n<meta name=\"author\" content=\"roma\" \/>\n<meta name=\"twitter:card\" content=\"summary_large_image\" \/>\n<script type=\"application\/ld+json\" class=\"yoast-schema-graph\">{\"@context\":\"https:\\\/\\\/schema.org\",\"@graph\":[{\"@type\":\"Article\",\"@id\":\"https:\\\/\\\/www.meydan.tv\\\/az\\\/article\\\/17-yasli-genc-dogus-zamani-olub\\\/#article\",\"isPartOf\":{\"@id\":\"https:\\\/\\\/www.meydan.tv\\\/az\\\/article\\\/17-yasli-genc-dogus-zamani-olub\\\/\"},\"author\":{\"name\":\"roma\",\"@id\":\"https:\\\/\\\/www.meydan.tv\\\/az\\\/#\\\/schema\\\/person\\\/8f23e01c4de63326c13c319fb65ee65d\"},\"headline\":\"17 ya\u015fl\u0131 g\u0259nc do\u011fu\u015f zaman\u0131 \u00f6l\u00fcb\",\"datePublished\":\"2022-11-06T14:43:51+00:00\",\"dateModified\":\"2022-11-06T14:43:53+00:00\",\"mainEntityOfPage\":{\"@id\":\"https:\\\/\\\/www.meydan.tv\\\/az\\\/article\\\/17-yasli-genc-dogus-zamani-olub\\\/\"},\"wordCount\":235,\"publisher\":{\"@id\":\"https:\\\/\\\/www.meydan.tv\\\/az\\\/#organization\"},\"image\":{\"@id\":\"https:\\\/\\\/www.meydan.tv\\\/az\\\/article\\\/17-yasli-genc-dogus-zamani-olub\\\/#primaryimage\"},\"thumbnailUrl\":\"https:\\\/\\\/www.meydan.tv\\\/wp-content\\\/uploads\\\/propublica_article_graphic.png\",\"articleSection\":[\"B\u00f6lg\u0259\",\"X\u0259b\u0259rl\u0259r\"],\"inLanguage\":\"az\"},{\"@type\":\"WebPage\",\"@id\":\"https:\\\/\\\/www.meydan.tv\\\/az\\\/article\\\/17-yasli-genc-dogus-zamani-olub\\\/\",\"url\":\"https:\\\/\\\/www.meydan.tv\\\/az\\\/article\\\/17-yasli-genc-dogus-zamani-olub\\\/\",\"name\":\"17 ya\u015fl\u0131 g\u0259nc do\u011fu\u015f zaman\u0131 \u00f6l\u00fcb - MEYDAN.TV\",\"isPartOf\":{\"@id\":\"https:\\\/\\\/www.meydan.tv\\\/az\\\/#website\"},\"primaryImageOfPage\":{\"@id\":\"https:\\\/\\\/www.meydan.tv\\\/az\\\/article\\\/17-yasli-genc-dogus-zamani-olub\\\/#primaryimage\"},\"image\":{\"@id\":\"https:\\\/\\\/www.meydan.tv\\\/az\\\/article\\\/17-yasli-genc-dogus-zamani-olub\\\/#primaryimage\"},\"thumbnailUrl\":\"https:\\\/\\\/www.meydan.tv\\\/wp-content\\\/uploads\\\/propublica_article_graphic.png\",\"datePublished\":\"2022-11-06T14:43:51+00:00\",\"dateModified\":\"2022-11-06T14:43:53+00:00\",\"breadcrumb\":{\"@id\":\"https:\\\/\\\/www.meydan.tv\\\/az\\\/article\\\/17-yasli-genc-dogus-zamani-olub\\\/#breadcrumb\"},\"inLanguage\":\"az\",\"potentialAction\":[{\"@type\":\"ReadAction\",\"target\":[\"https:\\\/\\\/www.meydan.tv\\\/az\\\/article\\\/17-yasli-genc-dogus-zamani-olub\\\/\"]}]},{\"@type\":\"ImageObject\",\"inLanguage\":\"az\",\"@id\":\"https:\\\/\\\/www.meydan.tv\\\/az\\\/article\\\/17-yasli-genc-dogus-zamani-olub\\\/#primaryimage\",\"url\":\"https:\\\/\\\/www.meydan.tv\\\/wp-content\\\/uploads\\\/propublica_article_graphic.png\",\"contentUrl\":\"https:\\\/\\\/www.meydan.tv\\\/wp-content\\\/uploads\\\/propublica_article_graphic.png\",\"width\":1089,\"height\":632,\"caption\":\"Foto: Meydan.TV\"},{\"@type\":\"BreadcrumbList\",\"@id\":\"https:\\\/\\\/www.meydan.tv\\\/az\\\/article\\\/17-yasli-genc-dogus-zamani-olub\\\/#breadcrumb\",\"itemListElement\":[{\"@type\":\"ListItem\",\"position\":1,\"name\":\"Ana s\u0259hif\u0259\",\"item\":\"https:\\\/\\\/www.meydan.tv\\\/az\\\/\"},{\"@type\":\"ListItem\",\"position\":2,\"name\":\"X\u0259b\u0259rl\u0259r\",\"item\":\"https:\\\/\\\/www.meydan.tv\\\/az\\\/section\\\/xeberler\\\/\"},{\"@type\":\"ListItem\",\"position\":3,\"name\":\"17 ya\u015fl\u0131 g\u0259nc do\u011fu\u015f zaman\u0131 \u00f6l\u00fcb\"}]},{\"@type\":\"WebSite\",\"@id\":\"https:\\\/\\\/www.meydan.tv\\\/az\\\/#website\",\"url\":\"https:\\\/\\\/www.meydan.tv\\\/az\\\/\",\"name\":\"MEYDAN.TV\",\"description\":\"Meydan TV Az\u0259rbaycan\u0131n media m\u0259kan\u0131ndak\u0131 alternativ s\u0259sidir\",\"publisher\":{\"@id\":\"https:\\\/\\\/www.meydan.tv\\\/az\\\/#organization\"},\"potentialAction\":[{\"@type\":\"SearchAction\",\"target\":{\"@type\":\"EntryPoint\",\"urlTemplate\":\"https:\\\/\\\/www.meydan.tv\\\/az\\\/?s={search_term_string}\"},\"query-input\":{\"@type\":\"PropertyValueSpecification\",\"valueRequired\":true,\"valueName\":\"search_term_string\"}}],\"inLanguage\":\"az\"},{\"@type\":\"Organization\",\"@id\":\"https:\\\/\\\/www.meydan.tv\\\/az\\\/#organization\",\"name\":\"Meydan TV\",\"url\":\"https:\\\/\\\/www.meydan.tv\\\/az\\\/\",\"logo\":{\"@type\":\"ImageObject\",\"inLanguage\":\"az\",\"@id\":\"https:\\\/\\\/www.meydan.tv\\\/az\\\/#\\\/schema\\\/logo\\\/image\\\/\",\"url\":\"https:\\\/\\\/www.meydan.tv\\\/wp-content\\\/uploads\\\/2021\\\/07\\\/meydan-logo.svg\",\"contentUrl\":\"https:\\\/\\\/www.meydan.tv\\\/wp-content\\\/uploads\\\/2021\\\/07\\\/meydan-logo.svg\",\"width\":195,\"height\":46,\"caption\":\"Meydan TV\"},\"image\":{\"@id\":\"https:\\\/\\\/www.meydan.tv\\\/az\\\/#\\\/schema\\\/logo\\\/image\\\/\"}},{\"@type\":\"Person\",\"@id\":\"https:\\\/\\\/www.meydan.tv\\\/az\\\/#\\\/schema\\\/person\\\/8f23e01c4de63326c13c319fb65ee65d\",\"name\":\"roma\"}]}<\/script>\n<!-- \/ Yoast SEO plugin. -->","yoast_head_json":{"title":"17 ya\u015fl\u0131 g\u0259nc do\u011fu\u015f zaman\u0131 \u00f6l\u00fcb - MEYDAN.TV","robots":{"index":"index","follow":"follow","max-snippet":"max-snippet:-1","max-image-preview":"max-image-preview:large","max-video-preview":"max-video-preview:-1"},"canonical":"https:\/\/www.meydan.tv\/az\/article\/17-yasli-genc-dogus-zamani-olub\/","og_locale":"az_AZ","og_type":"article","og_title":"17 ya\u015fl\u0131 g\u0259nc do\u011fu\u015f zaman\u0131 \u00f6l\u00fcb - MEYDAN.TV","og_description":"15 ya\u015f\u0131nda \u0259r\u0259 verilmi\u015f q\u0131z\u0131n valideynl\u0259ri h\u0259kimi g\u00fcnahland\u0131r\u0131r K\u00fcrd\u0259mird\u0259 17 ... Davam\u0131","og_url":"https:\/\/www.meydan.tv\/az\/article\/17-yasli-genc-dogus-zamani-olub\/","og_site_name":"MEYDAN.TV","article_published_time":"2022-11-06T14:43:51+00:00","article_modified_time":"2022-11-06T14:43:53+00:00","og_image":[{"width":1089,"height":632,"url":"https:\/\/www.meydan.tv\/wp-content\/uploads\/propublica_article_graphic.png","type":"image\/png"}],"author":"roma","twitter_card":"summary_large_image","schema":{"@context":"https:\/\/schema.org","@graph":[{"@type":"Article","@id":"https:\/\/www.meydan.tv\/az\/article\/17-yasli-genc-dogus-zamani-olub\/#article","isPartOf":{"@id":"https:\/\/www.meydan.tv\/az\/article\/17-yasli-genc-dogus-zamani-olub\/"},"author":{"name":"roma","@id":"https:\/\/www.meydan.tv\/az\/#\/schema\/person\/8f23e01c4de63326c13c319fb65ee65d"},"headline":"17 ya\u015fl\u0131 g\u0259nc do\u011fu\u015f zaman\u0131 \u00f6l\u00fcb","datePublished":"2022-11-06T14:43:51+00:00","dateModified":"2022-11-06T14:43:53+00:00","mainEntityOfPage":{"@id":"https:\/\/www.meydan.tv\/az\/article\/17-yasli-genc-dogus-zamani-olub\/"},"wordCount":235,"publisher":{"@id":"https:\/\/www.meydan.tv\/az\/#organization"},"image":{"@id":"https:\/\/www.meydan.tv\/az\/article\/17-yasli-genc-dogus-zamani-olub\/#primaryimage"},"thumbnailUrl":"https:\/\/www.meydan.tv\/wp-content\/uploads\/propublica_article_graphic.png","articleSection":["B\u00f6lg\u0259","X\u0259b\u0259rl\u0259r"],"inLanguage":"az"},{"@type":"WebPage","@id":"https:\/\/www.meydan.tv\/az\/article\/17-yasli-genc-dogus-zamani-olub\/","url":"https:\/\/www.meydan.tv\/az\/article\/17-yasli-genc-dogus-zamani-olub\/","name":"17 ya\u015fl\u0131 g\u0259nc do\u011fu\u015f zaman\u0131 \u00f6l\u00fcb - MEYDAN.TV","isPartOf":{"@id":"https:\/\/www.meydan.tv\/az\/#website"},"primaryImageOfPage":{"@id":"https:\/\/www.meydan.tv\/az\/article\/17-yasli-genc-dogus-zamani-olub\/#primaryimage"},"image":{"@id":"https:\/\/www.meydan.tv\/az\/article\/17-yasli-genc-dogus-zamani-olub\/#primaryimage"},"thumbnailUrl":"https:\/\/www.meydan.tv\/wp-content\/uploads\/propublica_article_graphic.png","datePublished":"2022-11-06T14:43:51+00:00","dateModified":"2022-11-06T14:43:53+00:00","breadcrumb":{"@id":"https:\/\/www.meydan.tv\/az\/article\/17-yasli-genc-dogus-zamani-olub\/#breadcrumb"},"inLanguage":"az","potentialAction":[{"@type":"ReadAction","target":["https:\/\/www.meydan.tv\/az\/article\/17-yasli-genc-dogus-zamani-olub\/"]}]},{"@type":"ImageObject","inLanguage":"az","@id":"https:\/\/www.meydan.tv\/az\/article\/17-yasli-genc-dogus-zamani-olub\/#primaryimage","url":"https:\/\/www.meydan.tv\/wp-content\/uploads\/propublica_article_graphic.png","contentUrl":"https:\/\/www.meydan.tv\/wp-content\/uploads\/propublica_article_graphic.png","width":1089,"height":632,"caption":"Foto: Meydan.TV"},{"@type":"BreadcrumbList","@id":"https:\/\/www.meydan.tv\/az\/article\/17-yasli-genc-dogus-zamani-olub\/#breadcrumb","itemListElement":[{"@type":"ListItem","position":1,"name":"Ana s\u0259hif\u0259","item":"https:\/\/www.meydan.tv\/az\/"},{"@type":"ListItem","position":2,"name":"X\u0259b\u0259rl\u0259r","item":"https:\/\/www.meydan.tv\/az\/section\/xeberler\/"},{"@type":"ListItem","position":3,"name":"17 ya\u015fl\u0131 g\u0259nc do\u011fu\u015f zaman\u0131 \u00f6l\u00fcb"}]},{"@type":"WebSite","@id":"https:\/\/www.meydan.tv\/az\/#website","url":"https:\/\/www.meydan.tv\/az\/","name":"MEYDAN.TV","description":"Meydan TV Az\u0259rbaycan\u0131n media m\u0259kan\u0131ndak\u0131 alternativ s\u0259sidir","publisher":{"@id":"https:\/\/www.meydan.tv\/az\/#organization"},"potentialAction":[{"@type":"SearchAction","target":{"@type":"EntryPoint","urlTemplate":"https:\/\/www.meydan.tv\/az\/?s={search_term_string}"},"query-input":{"@type":"PropertyValueSpecification","valueRequired":true,"valueName":"search_term_string"}}],"inLanguage":"az"},{"@type":"Organization","@id":"https:\/\/www.meydan.tv\/az\/#organization","name":"Meydan TV","url":"https:\/\/www.meydan.tv\/az\/","logo":{"@type":"ImageObject","inLanguage":"az","@id":"https:\/\/www.meydan.tv\/az\/#\/schema\/logo\/image\/","url":"https:\/\/www.meydan.tv\/wp-content\/uploads\/2021\/07\/meydan-logo.svg","contentUrl":"https:\/\/www.meydan.tv\/wp-content\/uploads\/2021\/07\/meydan-logo.svg","width":195,"height":46,"caption":"Meydan TV"},"image":{"@id":"https:\/\/www.meydan.tv\/az\/#\/schema\/logo\/image\/"}},{"@type":"Person","@id":"https:\/\/www.meydan.tv\/az\/#\/schema\/person\/8f23e01c4de63326c13c319fb65ee65d","name":"roma"}]}},"_links":{"self":[{"href":"https:\/\/www.meydan.tv\/az\/wp-json\/wp\/v2\/posts\/260312","targetHints":{"allow":["GET"]}}],"collection":[{"href":"https:\/\/www.meydan.tv\/az\/wp-json\/wp\/v2\/posts"}],"about":[{"href":"https:\/\/www.meydan.tv\/az\/wp-json\/wp\/v2\/types\/post"}],"author":[{"embeddable":true,"href":"https:\/\/www.meydan.tv\/az\/wp-json\/wp\/v2\/users\/14"}],"replies":[{"embeddable":true,"href":"https:\/\/www.meydan.tv\/az\/wp-json\/wp\/v2\/comments?post=260312"}],"version-history":[{"count":1,"href":"https:\/\/www.meydan.tv\/az\/wp-json\/wp\/v2\/posts\/260312\/revisions"}],"predecessor-version":[{"id":260313,"href":"https:\/\/www.meydan.tv\/az\/wp-json\/wp\/v2\/posts\/260312\/revisions\/260313"}],"wp:featuredmedia":[{"embeddable":true,"href":"https:\/\/www.meydan.tv\/az\/wp-json\/wp\/v2\/media\/127169"}],"wp:attachment":[{"href":"https:\/\/www.meydan.tv\/az\/wp-json\/wp\/v2\/media?parent=260312"}],"wp:term":[{"taxonomy":"category","embeddable":true,"href":"https:\/\/www.meydan.tv\/az\/wp-json\/wp\/v2\/categories?post=260312"},{"taxonomy":"post_tag","embeddable":true,"href":"https:\/\/www.meydan.tv\/az\/wp-json\/wp\/v2\/tags?post=260312"}],"curies":[{"name":"wp","href":"https:\/\/api.w.org\/{rel}","templated":true}]}}