{"id":260172,"date":"2022-11-03T19:54:35","date_gmt":"2022-11-03T15:54:35","guid":{"rendered":"https:\/\/www.meydan.tv\/?p=260172"},"modified":"2022-11-03T19:54:37","modified_gmt":"2022-11-03T15:54:37","slug":"aktyor-medeniyyet-nazirliyinin-sobe-mudirini-tenqid-edib","status":"publish","type":"post","link":"https:\/\/www.meydan.tv\/az\/article\/aktyor-medeniyyet-nazirliyinin-sobe-mudirini-tenqid-edib\/","title":{"rendered":"Aktyor M\u0259d\u0259niyy\u0259t Nazirliyinin \u015f\u00f6b\u0259 m\u00fcdirini t\u0259nqid edib"},"content":{"rendered":"\n<p><em>\u201cR\u00fcf\u0259t H\u0259s\u0259nov, m\u0259mur eqon imkan verm\u0259di s\u0259n\u0259, \u00f6z\u00fcnd\u0259n \u0259vv\u0259lkil\u0259r\u0259 r\u0259hm\u0259t oxutdurdun\u201d<\/em><\/p>\n\n\n\n<p>Aktyor Hikm\u0259t R\u0259himov M\u0259d\u0259niyy\u0259t Nazirliyinin Audiovizual v\u0259 interaktiv media \u015f\u00f6b\u0259sinin m\u00fcdiri R\u00fcf\u0259t H\u0259s\u0259nova qar\u015f\u0131 t\u0259nqidi fikirl\u0259r s\u0259sl\u0259ndirib.<\/p>\n\n\n\n<p>Aktyor \u201cFacebook\u201d s\u0259hif\u0259sind\u0259 yaz\u0131b ki, \u201cH\u0259yat, dey\u0259s\u0259n, g\u00f6z\u0259ldir\u201d b\u0259dii filmind\u0259 \u0259sas rollardan birini canland\u0131rsa da, ekran i\u015finin \u201cKorkut Ata\u201d (D\u0259d\u0259 Qorqud) T\u00fcrk D\u00fcnyas\u0131 Beyn\u0259lxalq Film Festival\u0131ndak\u0131 premyeras\u0131na d\u0259v\u0259t <a href=\"https:\/\/www.facebook.com\/photo\/?fbid=5657861270959685&amp;set=a.761427213936473\">olunmay\u0131b.<\/a><\/p>\n\n\n\n<p>Deyib ki, R\u00fcf\u0259t H\u0259s\u0259nov festivalda kinoya aidiyy\u0259ti olmayan adamlar\u0131n i\u015ftirak\u0131n\u0131 t\u0259\u015fkil edib:<\/p>\n\n\n\n<p>\u201cHey\u0259td\u0259 olan iki-\u00fc\u00e7 n\u0259f\u0259rd\u0259n qalanlar\u0131n\u0131n kino il\u0259 \u0259laq\u0259si yoxdur. R\u00fcf\u0259t H\u0259s\u0259nov, m\u0259mur eqon imkan verm\u0259di s\u0259n\u0259, \u00f6z\u00fcnd\u0259n \u0259vv\u0259lkil\u0259r\u0259 r\u0259hm\u0259t oxutdurdun\u201d.<\/p>\n\n\n\n<p>Art\u0131q ikinci ildir ki, noyabr\u0131n 1-d\u0259n 5-d\u0259k T\u00fcrkiy\u0259nin Bursa \u015f\u0259h\u0259rind\u0259 \u201cKorkut Ata\u201d (D\u0259d\u0259 Qorqud) T\u00fcrk D\u00fcnyas\u0131 Beyn\u0259lxalq Film Festival\u0131 t\u0259\u015fkil edilir.<\/p>\n\n\n\n<p>Festival \u00e7\u0259r\u00e7iv\u0259sind\u0259 Xalq artisti, kinorejissor Vaqif Mustafayevin \u201cH\u0259yat, dey\u0259s\u0259n, g\u00f6z\u0259ldir\u201d (F\u0259ryad II) b\u0259dii filminin preymyeras\u0131 olub.<\/p>\n\n\n\n<p>\u201cAz\u0259rbaycanfilm\u201d kinostudiyas\u0131n\u0131n m\u0259tbuat katibi Ramil \u018fl\u0259kb\u0259rov Meydan TV-y\u0259 bildirmi\u015fdi ki, festivalda Vaqif Mustafayev i\u015ftirak ed\u0259c\u0259k.<\/p>\n\n\n\n<p>\u201cH\u0259yat, dey\u0259s\u0259n, g\u00f6z\u0259ldir\u201d tammetrajl\u0131 b\u0259dii filmi \u0130kinci Qaraba\u011f m\u00fcharib\u0259sin\u0259 h\u0259sr <a href=\"https:\/\/d9mc3ts4czbpr.cloudfront.net\/az\/article\/kinotenqidci-korkut-atanin-qatildigi-festival-hec-de-nufuzlu-deyil\/\">olunub.<\/a><\/p>\n\n\n\n<p>\u0130lkin i\u015f\u00e7i ad\u0131 \u201cF\u0259ryad II\u201d olan filmin, ssenari m\u00fc\u0259llifi v\u0259 rejissoru Vaqif Mustafayev, t\u0259svir rejissoru Orxan Abbasov, r\u0259ssam\u0131 Quram Navroza\u015fvili, geyim r\u0259ssam\u0131 Keti Kalandadze, b\u0259st\u0259kar\u0131 Tural M\u0259mm\u0259dli, prod\u00fcseri is\u0259 Fariz \u018fhm\u0259dovdur.<\/p>\n\n\n\n<p>Ba\u015f rolda Hikm\u0259t R\u0259himov, rollarda Sevinc \u018fliyeva, Nino Qomarteli, Dmitri Samxaradze, Giorgi Celiya v\u0259 Aftandil Maxaradze \u00e7\u0259kilibl\u0259r.<\/p>\n\n\n\n<p>Film M\u0259d\u0259niyy\u0259t Nazirliyinin sifari\u015fi il\u0259 \u201cAz\u0259rbaycanfilm\u201d Kinostudiyas\u0131n\u0131n istehsal\u0131d\u0131r. M\u0259d\u0259niyy\u0259t Nazirliyind\u0259n m\u0259s\u0259l\u0259y\u0259 m\u00fcnasib\u0259t bildirilm\u0259yib.<\/p>\n","protected":false},"excerpt":{"rendered":"<p>\u201cR\u00fcf\u0259t H\u0259s\u0259nov, m\u0259mur eqon imkan verm\u0259di s\u0259n\u0259, \u00f6z\u00fcnd\u0259n \u0259vv\u0259lkil\u0259r\u0259 r\u0259hm\u0259t &#8230; <\/p>\n<p class=\"read-more-container\"><a title=\"Aktyor M\u0259d\u0259niyy\u0259t Nazirliyinin \u015f\u00f6b\u0259 m\u00fcdirini t\u0259nqid edib\" class=\"read-more button\" href=\"https:\/\/www.meydan.tv\/az\/article\/aktyor-medeniyyet-nazirliyinin-sobe-mudirini-tenqid-edib\/#more-260172\" aria-label=\"Read more about Aktyor M\u0259d\u0259niyy\u0259t Nazirliyinin \u015f\u00f6b\u0259 m\u00fcdirini t\u0259nqid edib\">Davam\u0131<\/a><\/p>\n","protected":false},"author":12,"featured_media":260173,"comment_status":"closed","ping_status":"closed","sticky":false,"template":"","format":"standard","meta":{"_acf_changed":false,"_sitemap_exclude":false,"_sitemap_priority":"","_sitemap_frequency":"","footnotes":""},"categories":[52,56],"tags":[],"class_list":["post-260172","post","type-post","status-publish","format-standard","has-post-thumbnail","hentry","category-medeniyyet","category-xeberler","infinite-scroll-item","generate-columns","tablet-grid-50","mobile-grid-100","grid-parent","grid-33","no-featured-image-padding"],"acf":[],"yoast_head":"<!-- This site is optimized with the Yoast SEO plugin v27.5 - https:\/\/yoast.com\/product\/yoast-seo-wordpress\/ -->\n<title>Aktyor M\u0259d\u0259niyy\u0259t Nazirliyinin \u015f\u00f6b\u0259 m\u00fcdirini t\u0259nqid edib - MEYDAN.TV<\/title>\n<meta name=\"robots\" content=\"index, follow, max-snippet:-1, max-image-preview:large, max-video-preview:-1\" \/>\n<link rel=\"canonical\" href=\"https:\/\/www.meydan.tv\/az\/article\/aktyor-medeniyyet-nazirliyinin-sobe-mudirini-tenqid-edib\/\" \/>\n<meta property=\"og:locale\" content=\"az_AZ\" \/>\n<meta property=\"og:type\" content=\"article\" \/>\n<meta property=\"og:title\" content=\"Aktyor M\u0259d\u0259niyy\u0259t Nazirliyinin \u015f\u00f6b\u0259 m\u00fcdirini t\u0259nqid edib - MEYDAN.TV\" \/>\n<meta property=\"og:description\" content=\"\u201cR\u00fcf\u0259t H\u0259s\u0259nov, m\u0259mur eqon imkan verm\u0259di s\u0259n\u0259, \u00f6z\u00fcnd\u0259n \u0259vv\u0259lkil\u0259r\u0259 r\u0259hm\u0259t ... Davam\u0131\" \/>\n<meta property=\"og:url\" content=\"https:\/\/www.meydan.tv\/az\/article\/aktyor-medeniyyet-nazirliyinin-sobe-mudirini-tenqid-edib\/\" \/>\n<meta property=\"og:site_name\" content=\"MEYDAN.TV\" \/>\n<meta property=\"article:published_time\" content=\"2022-11-03T15:54:35+00:00\" \/>\n<meta property=\"article:modified_time\" content=\"2022-11-03T15:54:37+00:00\" \/>\n<meta property=\"og:image\" content=\"https:\/\/www.meydan.tv\/wp-content\/uploads\/screenshot-2022-11-03-at-16.53.38-1200x644.png\" \/>\n\t<meta property=\"og:image:width\" content=\"1200\" \/>\n\t<meta property=\"og:image:height\" content=\"644\" \/>\n\t<meta property=\"og:image:type\" content=\"image\/png\" \/>\n<meta name=\"author\" content=\"aleks\" \/>\n<meta name=\"twitter:card\" content=\"summary_large_image\" \/>\n<script type=\"application\/ld+json\" class=\"yoast-schema-graph\">{\"@context\":\"https:\\\/\\\/schema.org\",\"@graph\":[{\"@type\":\"Article\",\"@id\":\"https:\\\/\\\/www.meydan.tv\\\/az\\\/article\\\/aktyor-medeniyyet-nazirliyinin-sobe-mudirini-tenqid-edib\\\/#article\",\"isPartOf\":{\"@id\":\"https:\\\/\\\/www.meydan.tv\\\/az\\\/article\\\/aktyor-medeniyyet-nazirliyinin-sobe-mudirini-tenqid-edib\\\/\"},\"author\":{\"name\":\"aleks\",\"@id\":\"https:\\\/\\\/www.meydan.tv\\\/az\\\/#\\\/schema\\\/person\\\/476e9360e593fa131d5d71d51866f8da\"},\"headline\":\"Aktyor M\u0259d\u0259niyy\u0259t Nazirliyinin \u015f\u00f6b\u0259 m\u00fcdirini t\u0259nqid edib\",\"datePublished\":\"2022-11-03T15:54:35+00:00\",\"dateModified\":\"2022-11-03T15:54:37+00:00\",\"mainEntityOfPage\":{\"@id\":\"https:\\\/\\\/www.meydan.tv\\\/az\\\/article\\\/aktyor-medeniyyet-nazirliyinin-sobe-mudirini-tenqid-edib\\\/\"},\"wordCount\":377,\"publisher\":{\"@id\":\"https:\\\/\\\/www.meydan.tv\\\/az\\\/#organization\"},\"image\":{\"@id\":\"https:\\\/\\\/www.meydan.tv\\\/az\\\/article\\\/aktyor-medeniyyet-nazirliyinin-sobe-mudirini-tenqid-edib\\\/#primaryimage\"},\"thumbnailUrl\":\"https:\\\/\\\/www.meydan.tv\\\/wp-content\\\/uploads\\\/screenshot-2022-11-03-at-16.53.38.png\",\"articleSection\":[\"M\u0259d\u0259niyy\u0259t\",\"X\u0259b\u0259rl\u0259r\"],\"inLanguage\":\"az\"},{\"@type\":\"WebPage\",\"@id\":\"https:\\\/\\\/www.meydan.tv\\\/az\\\/article\\\/aktyor-medeniyyet-nazirliyinin-sobe-mudirini-tenqid-edib\\\/\",\"url\":\"https:\\\/\\\/www.meydan.tv\\\/az\\\/article\\\/aktyor-medeniyyet-nazirliyinin-sobe-mudirini-tenqid-edib\\\/\",\"name\":\"Aktyor M\u0259d\u0259niyy\u0259t Nazirliyinin \u015f\u00f6b\u0259 m\u00fcdirini t\u0259nqid edib - MEYDAN.TV\",\"isPartOf\":{\"@id\":\"https:\\\/\\\/www.meydan.tv\\\/az\\\/#website\"},\"primaryImageOfPage\":{\"@id\":\"https:\\\/\\\/www.meydan.tv\\\/az\\\/article\\\/aktyor-medeniyyet-nazirliyinin-sobe-mudirini-tenqid-edib\\\/#primaryimage\"},\"image\":{\"@id\":\"https:\\\/\\\/www.meydan.tv\\\/az\\\/article\\\/aktyor-medeniyyet-nazirliyinin-sobe-mudirini-tenqid-edib\\\/#primaryimage\"},\"thumbnailUrl\":\"https:\\\/\\\/www.meydan.tv\\\/wp-content\\\/uploads\\\/screenshot-2022-11-03-at-16.53.38.png\",\"datePublished\":\"2022-11-03T15:54:35+00:00\",\"dateModified\":\"2022-11-03T15:54:37+00:00\",\"breadcrumb\":{\"@id\":\"https:\\\/\\\/www.meydan.tv\\\/az\\\/article\\\/aktyor-medeniyyet-nazirliyinin-sobe-mudirini-tenqid-edib\\\/#breadcrumb\"},\"inLanguage\":\"az\",\"potentialAction\":[{\"@type\":\"ReadAction\",\"target\":[\"https:\\\/\\\/www.meydan.tv\\\/az\\\/article\\\/aktyor-medeniyyet-nazirliyinin-sobe-mudirini-tenqid-edib\\\/\"]}]},{\"@type\":\"ImageObject\",\"inLanguage\":\"az\",\"@id\":\"https:\\\/\\\/www.meydan.tv\\\/az\\\/article\\\/aktyor-medeniyyet-nazirliyinin-sobe-mudirini-tenqid-edib\\\/#primaryimage\",\"url\":\"https:\\\/\\\/www.meydan.tv\\\/wp-content\\\/uploads\\\/screenshot-2022-11-03-at-16.53.38.png\",\"contentUrl\":\"https:\\\/\\\/www.meydan.tv\\\/wp-content\\\/uploads\\\/screenshot-2022-11-03-at-16.53.38.png\",\"width\":2514,\"height\":1350,\"caption\":\"Aktyor Hikm\u0259t R\u0259himov\"},{\"@type\":\"BreadcrumbList\",\"@id\":\"https:\\\/\\\/www.meydan.tv\\\/az\\\/article\\\/aktyor-medeniyyet-nazirliyinin-sobe-mudirini-tenqid-edib\\\/#breadcrumb\",\"itemListElement\":[{\"@type\":\"ListItem\",\"position\":1,\"name\":\"Ana s\u0259hif\u0259\",\"item\":\"https:\\\/\\\/www.meydan.tv\\\/az\\\/\"},{\"@type\":\"ListItem\",\"position\":2,\"name\":\"M\u0259d\u0259niyy\u0259t\",\"item\":\"https:\\\/\\\/www.meydan.tv\\\/az\\\/section\\\/medeniyyet\\\/\"},{\"@type\":\"ListItem\",\"position\":3,\"name\":\"Aktyor M\u0259d\u0259niyy\u0259t Nazirliyinin \u015f\u00f6b\u0259 m\u00fcdirini t\u0259nqid edib\"}]},{\"@type\":\"WebSite\",\"@id\":\"https:\\\/\\\/www.meydan.tv\\\/az\\\/#website\",\"url\":\"https:\\\/\\\/www.meydan.tv\\\/az\\\/\",\"name\":\"MEYDAN.TV\",\"description\":\"Meydan TV Az\u0259rbaycan\u0131n media m\u0259kan\u0131ndak\u0131 alternativ s\u0259sidir\",\"publisher\":{\"@id\":\"https:\\\/\\\/www.meydan.tv\\\/az\\\/#organization\"},\"potentialAction\":[{\"@type\":\"SearchAction\",\"target\":{\"@type\":\"EntryPoint\",\"urlTemplate\":\"https:\\\/\\\/www.meydan.tv\\\/az\\\/?s={search_term_string}\"},\"query-input\":{\"@type\":\"PropertyValueSpecification\",\"valueRequired\":true,\"valueName\":\"search_term_string\"}}],\"inLanguage\":\"az\"},{\"@type\":\"Organization\",\"@id\":\"https:\\\/\\\/www.meydan.tv\\\/az\\\/#organization\",\"name\":\"Meydan TV\",\"url\":\"https:\\\/\\\/www.meydan.tv\\\/az\\\/\",\"logo\":{\"@type\":\"ImageObject\",\"inLanguage\":\"az\",\"@id\":\"https:\\\/\\\/www.meydan.tv\\\/az\\\/#\\\/schema\\\/logo\\\/image\\\/\",\"url\":\"https:\\\/\\\/www.meydan.tv\\\/wp-content\\\/uploads\\\/2021\\\/07\\\/meydan-logo.svg\",\"contentUrl\":\"https:\\\/\\\/www.meydan.tv\\\/wp-content\\\/uploads\\\/2021\\\/07\\\/meydan-logo.svg\",\"width\":195,\"height\":46,\"caption\":\"Meydan TV\"},\"image\":{\"@id\":\"https:\\\/\\\/www.meydan.tv\\\/az\\\/#\\\/schema\\\/logo\\\/image\\\/\"}},{\"@type\":\"Person\",\"@id\":\"https:\\\/\\\/www.meydan.tv\\\/az\\\/#\\\/schema\\\/person\\\/476e9360e593fa131d5d71d51866f8da\",\"name\":\"aleks\"}]}<\/script>\n<!-- \/ Yoast SEO plugin. -->","yoast_head_json":{"title":"Aktyor M\u0259d\u0259niyy\u0259t Nazirliyinin \u015f\u00f6b\u0259 m\u00fcdirini t\u0259nqid edib - MEYDAN.TV","robots":{"index":"index","follow":"follow","max-snippet":"max-snippet:-1","max-image-preview":"max-image-preview:large","max-video-preview":"max-video-preview:-1"},"canonical":"https:\/\/www.meydan.tv\/az\/article\/aktyor-medeniyyet-nazirliyinin-sobe-mudirini-tenqid-edib\/","og_locale":"az_AZ","og_type":"article","og_title":"Aktyor M\u0259d\u0259niyy\u0259t Nazirliyinin \u015f\u00f6b\u0259 m\u00fcdirini t\u0259nqid edib - MEYDAN.TV","og_description":"\u201cR\u00fcf\u0259t H\u0259s\u0259nov, m\u0259mur eqon imkan verm\u0259di s\u0259n\u0259, \u00f6z\u00fcnd\u0259n \u0259vv\u0259lkil\u0259r\u0259 r\u0259hm\u0259t ... Davam\u0131","og_url":"https:\/\/www.meydan.tv\/az\/article\/aktyor-medeniyyet-nazirliyinin-sobe-mudirini-tenqid-edib\/","og_site_name":"MEYDAN.TV","article_published_time":"2022-11-03T15:54:35+00:00","article_modified_time":"2022-11-03T15:54:37+00:00","og_image":[{"width":1200,"height":644,"url":"https:\/\/www.meydan.tv\/wp-content\/uploads\/screenshot-2022-11-03-at-16.53.38-1200x644.png","type":"image\/png"}],"author":"aleks","twitter_card":"summary_large_image","schema":{"@context":"https:\/\/schema.org","@graph":[{"@type":"Article","@id":"https:\/\/www.meydan.tv\/az\/article\/aktyor-medeniyyet-nazirliyinin-sobe-mudirini-tenqid-edib\/#article","isPartOf":{"@id":"https:\/\/www.meydan.tv\/az\/article\/aktyor-medeniyyet-nazirliyinin-sobe-mudirini-tenqid-edib\/"},"author":{"name":"aleks","@id":"https:\/\/www.meydan.tv\/az\/#\/schema\/person\/476e9360e593fa131d5d71d51866f8da"},"headline":"Aktyor M\u0259d\u0259niyy\u0259t Nazirliyinin \u015f\u00f6b\u0259 m\u00fcdirini t\u0259nqid edib","datePublished":"2022-11-03T15:54:35+00:00","dateModified":"2022-11-03T15:54:37+00:00","mainEntityOfPage":{"@id":"https:\/\/www.meydan.tv\/az\/article\/aktyor-medeniyyet-nazirliyinin-sobe-mudirini-tenqid-edib\/"},"wordCount":377,"publisher":{"@id":"https:\/\/www.meydan.tv\/az\/#organization"},"image":{"@id":"https:\/\/www.meydan.tv\/az\/article\/aktyor-medeniyyet-nazirliyinin-sobe-mudirini-tenqid-edib\/#primaryimage"},"thumbnailUrl":"https:\/\/www.meydan.tv\/wp-content\/uploads\/screenshot-2022-11-03-at-16.53.38.png","articleSection":["M\u0259d\u0259niyy\u0259t","X\u0259b\u0259rl\u0259r"],"inLanguage":"az"},{"@type":"WebPage","@id":"https:\/\/www.meydan.tv\/az\/article\/aktyor-medeniyyet-nazirliyinin-sobe-mudirini-tenqid-edib\/","url":"https:\/\/www.meydan.tv\/az\/article\/aktyor-medeniyyet-nazirliyinin-sobe-mudirini-tenqid-edib\/","name":"Aktyor M\u0259d\u0259niyy\u0259t Nazirliyinin \u015f\u00f6b\u0259 m\u00fcdirini t\u0259nqid edib - MEYDAN.TV","isPartOf":{"@id":"https:\/\/www.meydan.tv\/az\/#website"},"primaryImageOfPage":{"@id":"https:\/\/www.meydan.tv\/az\/article\/aktyor-medeniyyet-nazirliyinin-sobe-mudirini-tenqid-edib\/#primaryimage"},"image":{"@id":"https:\/\/www.meydan.tv\/az\/article\/aktyor-medeniyyet-nazirliyinin-sobe-mudirini-tenqid-edib\/#primaryimage"},"thumbnailUrl":"https:\/\/www.meydan.tv\/wp-content\/uploads\/screenshot-2022-11-03-at-16.53.38.png","datePublished":"2022-11-03T15:54:35+00:00","dateModified":"2022-11-03T15:54:37+00:00","breadcrumb":{"@id":"https:\/\/www.meydan.tv\/az\/article\/aktyor-medeniyyet-nazirliyinin-sobe-mudirini-tenqid-edib\/#breadcrumb"},"inLanguage":"az","potentialAction":[{"@type":"ReadAction","target":["https:\/\/www.meydan.tv\/az\/article\/aktyor-medeniyyet-nazirliyinin-sobe-mudirini-tenqid-edib\/"]}]},{"@type":"ImageObject","inLanguage":"az","@id":"https:\/\/www.meydan.tv\/az\/article\/aktyor-medeniyyet-nazirliyinin-sobe-mudirini-tenqid-edib\/#primaryimage","url":"https:\/\/www.meydan.tv\/wp-content\/uploads\/screenshot-2022-11-03-at-16.53.38.png","contentUrl":"https:\/\/www.meydan.tv\/wp-content\/uploads\/screenshot-2022-11-03-at-16.53.38.png","width":2514,"height":1350,"caption":"Aktyor Hikm\u0259t R\u0259himov"},{"@type":"BreadcrumbList","@id":"https:\/\/www.meydan.tv\/az\/article\/aktyor-medeniyyet-nazirliyinin-sobe-mudirini-tenqid-edib\/#breadcrumb","itemListElement":[{"@type":"ListItem","position":1,"name":"Ana s\u0259hif\u0259","item":"https:\/\/www.meydan.tv\/az\/"},{"@type":"ListItem","position":2,"name":"M\u0259d\u0259niyy\u0259t","item":"https:\/\/www.meydan.tv\/az\/section\/medeniyyet\/"},{"@type":"ListItem","position":3,"name":"Aktyor M\u0259d\u0259niyy\u0259t Nazirliyinin \u015f\u00f6b\u0259 m\u00fcdirini t\u0259nqid edib"}]},{"@type":"WebSite","@id":"https:\/\/www.meydan.tv\/az\/#website","url":"https:\/\/www.meydan.tv\/az\/","name":"MEYDAN.TV","description":"Meydan TV Az\u0259rbaycan\u0131n media m\u0259kan\u0131ndak\u0131 alternativ s\u0259sidir","publisher":{"@id":"https:\/\/www.meydan.tv\/az\/#organization"},"potentialAction":[{"@type":"SearchAction","target":{"@type":"EntryPoint","urlTemplate":"https:\/\/www.meydan.tv\/az\/?s={search_term_string}"},"query-input":{"@type":"PropertyValueSpecification","valueRequired":true,"valueName":"search_term_string"}}],"inLanguage":"az"},{"@type":"Organization","@id":"https:\/\/www.meydan.tv\/az\/#organization","name":"Meydan TV","url":"https:\/\/www.meydan.tv\/az\/","logo":{"@type":"ImageObject","inLanguage":"az","@id":"https:\/\/www.meydan.tv\/az\/#\/schema\/logo\/image\/","url":"https:\/\/www.meydan.tv\/wp-content\/uploads\/2021\/07\/meydan-logo.svg","contentUrl":"https:\/\/www.meydan.tv\/wp-content\/uploads\/2021\/07\/meydan-logo.svg","width":195,"height":46,"caption":"Meydan TV"},"image":{"@id":"https:\/\/www.meydan.tv\/az\/#\/schema\/logo\/image\/"}},{"@type":"Person","@id":"https:\/\/www.meydan.tv\/az\/#\/schema\/person\/476e9360e593fa131d5d71d51866f8da","name":"aleks"}]}},"_links":{"self":[{"href":"https:\/\/www.meydan.tv\/az\/wp-json\/wp\/v2\/posts\/260172","targetHints":{"allow":["GET"]}}],"collection":[{"href":"https:\/\/www.meydan.tv\/az\/wp-json\/wp\/v2\/posts"}],"about":[{"href":"https:\/\/www.meydan.tv\/az\/wp-json\/wp\/v2\/types\/post"}],"author":[{"embeddable":true,"href":"https:\/\/www.meydan.tv\/az\/wp-json\/wp\/v2\/users\/12"}],"replies":[{"embeddable":true,"href":"https:\/\/www.meydan.tv\/az\/wp-json\/wp\/v2\/comments?post=260172"}],"version-history":[{"count":1,"href":"https:\/\/www.meydan.tv\/az\/wp-json\/wp\/v2\/posts\/260172\/revisions"}],"predecessor-version":[{"id":260176,"href":"https:\/\/www.meydan.tv\/az\/wp-json\/wp\/v2\/posts\/260172\/revisions\/260176"}],"wp:featuredmedia":[{"embeddable":true,"href":"https:\/\/www.meydan.tv\/az\/wp-json\/wp\/v2\/media\/260173"}],"wp:attachment":[{"href":"https:\/\/www.meydan.tv\/az\/wp-json\/wp\/v2\/media?parent=260172"}],"wp:term":[{"taxonomy":"category","embeddable":true,"href":"https:\/\/www.meydan.tv\/az\/wp-json\/wp\/v2\/categories?post=260172"},{"taxonomy":"post_tag","embeddable":true,"href":"https:\/\/www.meydan.tv\/az\/wp-json\/wp\/v2\/tags?post=260172"}],"curies":[{"name":"wp","href":"https:\/\/api.w.org\/{rel}","templated":true}]}}