{"id":260154,"date":"2022-11-03T17:11:48","date_gmt":"2022-11-03T13:11:48","guid":{"rendered":"https:\/\/www.meydan.tv\/?p=260154"},"modified":"2022-11-03T17:46:26","modified_gmt":"2022-11-03T13:46:26","slug":"iran-dtx-nin-iddialarini-redd-edir","status":"publish","type":"post","link":"https:\/\/www.meydan.tv\/az\/article\/iran-dtx-nin-iddialarini-redd-edir\/","title":{"rendered":"\u0130ran DTX-n\u0131n iddialar\u0131n\u0131 r\u0259dd edir"},"content":{"rendered":"\n<p><em>\u201cXidm\u0259t Pa\u015finyan\u0131n \u0130rana s\u0259f\u0259rin\u0259 \u0259s\u0259bi reaksiya ver\u0259r\u0259k, k\u00f6hn\u0259 siyah\u0131n\u0131 yenid\u0259n d\u0259rc etm\u0259y\u0259 ba\u015flay\u0131b\u201d<\/em><\/p>\n\n\n\n<p>Az\u0259rbaycan Prezidenti \u0130lham \u018fliyev Tehrana s\u0259f\u0259r\u0259 d\u0259v\u0259t olunub. Lakin h\u0259l\u0259lik, r\u0259smi Bak\u0131 d\u0259v\u0259tl\u0259 ba\u011fl\u0131 h\u0259r hans\u0131 cavab verm\u0259yib.&nbsp;<\/p>\n\n\n\n<p>\u0130ran\u0131n d\u00f6vl\u0259t\u0259 m\u0259xsus \u201cIRNA\u201d \u0130nformasiya Agentliyi bel\u0259 <a href=\"https:\/\/en.irna.ir\/news\/84930769\/Azerbaijan-levels-accusation-against-Iran\" target=\"_blank\" rel=\"noreferrer noopener\">yaz\u0131b<\/a>.<\/p>\n\n\n\n<p>H\u0259min m\u0259lumatda bildirilir ki, Az\u0259rbaycan\u0131n t\u0259hl\u00fck\u0259sizlik xidm\u0259ti \u0130ranla \u0259laq\u0259l\u0259ri olan qanunsuz silahl\u0131 d\u0259st\u0259 \u00fczvl\u0259rinin h\u0259bsi il\u0259 ba\u011fl\u0131 qeyri-konstruktiv iddia s\u0259sl\u0259ndirib.\u00a0<\/p>\n\n\n\n<p>\u201cAz\u0259rbaycan\u0131n t\u0259hl\u00fck\u0259sizlik xidm\u0259ti Erm\u0259nistan\u0131n Ba\u015f naziri Nikol Pa\u015finyan\u0131n \u0130rana s\u0259f\u0259rini \u0259s\u0259bi reaksiya il\u0259 qar\u015f\u0131lay\u0131b. Onlar k\u00f6hn\u0259 siyah\u0131n\u0131 yenid\u0259n yay\u0131b, vaxt\u0131 bitmi\u015f m\u0259s\u0259l\u0259l\u0259ri qald\u0131r\u0131blar\u201d \u2013 m\u0259lumatda qeyd edilir.&nbsp;<\/p>\n\n\n\n<p>r\u0259smi Tehrana s\u0259f\u0259r\u0259 d\u0259v\u0259t edib. Lakin Bak\u0131 h\u0259l\u0259 d\u0259 d\u0259v\u0259tin q\u0259bulunu yubad\u0131r.<\/p>\n\n\n\n<p>Az\u0259rbaycan D\u00f6vl\u0259t T\u0259hl\u00fck\u0259sizlik Xidm\u0259ti (DTX) 2022-ci il noyabr\u0131n 1-d\u0259 \u0130ran x\u00fcsusi xidm\u0259t orqan\u0131n\u0131n n\u0259zar\u0259ti alt\u0131nda yarad\u0131lan qanunsuz silahl\u0131 birl\u0259\u015fm\u0259nin if\u015fa olundu\u011funu <a href=\"https:\/\/d9mc3ts4czbpr.cloudfront.net\/az\/article\/dtx-iranla-isbirliyinde-subheli-bilinen-19-nefer-istintaqa-celb-olunub\/\">bildirib<\/a>.<\/p>\n\n\n\n<p>M\u0259lumata g\u00f6r\u0259, \u0259m\u0259liyyat-istintaq t\u0259dbirl\u0259ri il\u0259 m\u00fc\u0259yy\u0259n edilib ki, \u0130ran x\u00fcsusi xidm\u0259t orqan\u0131n\u0131n n\u0259zar\u0259ti alt\u0131nda, radikal-ekstremist dini ideyalar\u0131n a\u015f\u0131lanmas\u0131 yolu il\u0259 Az\u0259rbaycan v\u0259t\u0259nda\u015flar\u0131ndan ibar\u0259t gizli qanunsuz silahl\u0131 birl\u0259\u015fm\u0259 yarad\u0131l\u0131b.<\/p>\n\n\n\n<p>Cinay\u0259t i\u015find\u0259 M\u00fcs\u0259lman Birliyi H\u0259r\u0259kat\u0131n\u0131n (MHB) \u00fczvl\u0259rinin, el\u0259c\u0259 d\u0259 \u0259vv\u0259ll\u0259r h\u0259bs olunmu\u015f \u015f\u0259xsl\u0259rin adlar\u0131 hallan\u0131b. \u0130ranla i\u015fbirliyind\u0259 \u015f\u00fcbh\u0259li bilin\u0259n 19 n\u0259f\u0259r istintaqa c\u0259lb olunub.<\/p>\n\n\n\n<p>MHB is\u0259 DTX-nin iddialar\u0131n\u0131 t\u0259kzib edib.<br><\/p>\n\n\n\n<p>Daha \u00f6nc\u0259l\u0259r d\u0259 bu birliyin r\u0259hb\u0259r \u015f\u0259xsl\u0259ri Az\u0259rbaycan hakimiyy\u0259tin\u0259 t\u0259nqidi m\u00f6vqeyi il\u0259 se\u00e7ilibl\u0259r. Q\u0259tl v\u0259 daha bir \u00e7ox a\u011f\u0131r cinay\u0259tl\u0259rd\u0259 ittiham olunaraq h\u0259bs c\u0259zas\u0131 \u00e7\u0259kibl\u0259r. H\u0259bsl\u0259ri zaman\u0131 onlar v\u0259 v\u0259kill\u0259ri bar\u0259l\u0259rind\u0259 ir\u0259li s\u00fcr\u00fcl\u0259n ittihamlar\u0131 q\u0259bul etm\u0259yibl\u0259r.\u00a0<\/p>\n\n\n\n<p>Erm\u0259nistan\u0131n Ba\u015f naziri Nikol Pa\u015finyan \u0130rana noyabr\u0131n 1-d\u0259 s\u0259f\u0259r edib. \u0130ran Prezidenti \u0130brahim R\u0259isi onunla birg\u0259 brifinqd\u0259 deyib ki, \u201cQafqaz regionu \u0130ran\u0131n m\u0259d\u0259ni v\u0259 sivilizasiya ke\u00e7mi\u015finin bir hiss\u0259sidir\u201d. Odur ki, Tehran regiona h\u0259ssasl\u0131qla yana\u015f\u0131r.&nbsp;<\/p>\n\n\n\n<p>\u0130brahim R\u0259isi bildirib ki, regionda xarici q\u00fcvv\u0259l\u0259rin olmas\u0131 n\u0259inki he\u00e7 bir problemi h\u0259ll etmir, \u0259ksin\u0259 onlar\u0131 daha da d\u0259rinl\u0259\u015fdirir.<\/p>\n\n\n\n<p>Son zamanlar Az\u0259rbaycan-\u0130ran m\u00fcnasib\u0259tl\u0259rind\u0259 g\u0259rginlik sezilir. \u0130ran r\u0259smil\u0259ri s\u0259rh\u0259dl\u0259rin h\u0259r hans\u0131 formada d\u0259yi\u015fdirilm\u0259sin\u0259 qar\u015f\u0131 \u00e7\u0131xd\u0131qlar\u0131n\u0131 v\u0259 bunun qar\u015f\u0131s\u0131n\u0131 almaq g\u00fcc\u00fcnd\u0259 olduqlar\u0131n\u0131 a\u00e7\u0131qlay\u0131blar. Eyni zamanda, \u0130ran\u0131n Az\u0259rbaycanla s\u0259rh\u0259dd\u0259 t\u0259lim ke\u00e7m\u0259sini is\u0259 yerli deputatlar pisl\u0259yibl\u0259r.<\/p>\n\n\n\n<p>T\u0259liml\u0259r getdiyi m\u00fcdd\u0259td\u0259 Az\u0259rbaycan Prezidenti \u0130lham \u018fliyev a\u00e7\u0131qlama ver\u0259r\u0259k \u201cAz\u0259rbaycan d\u00fcnyan\u0131n m\u00fcxt\u0259lif \u00f6lk\u0259l\u0259rind\u0259 ya\u015fayan qarda\u015flar\u0131m\u0131z\u0131, &#8211; on milyonlarla qan qarda\u015flar\u0131m\u0131z\u0131, &#8211; d\u0259st\u0259kl\u0259y\u0259c\u0259k\u201d, &#8211; deyib. Prezident \u0259lav\u0259 edib ki, onlar\u0131n t\u0259hl\u00fck\u0259sizliyi, h\u00fcquqlar\u0131, salamatl\u0131\u011f\u0131 \u00e7ox b\u00f6y\u00fck \u0259h\u0259miyy\u0259t k\u0259sb edir. Bu b\u0259yanat \u0130randa k\u00fctl\u0259vi etirazlar fonunda verilib.<\/p>\n\n\n\n<p>Haz\u0131rda is\u0259 Az\u0259rbaycan c\u0259nub b\u00f6lg\u0259sind\u0259 t\u0259lim ke\u00e7ir. Ancaq Prezident \u018fliyevin \u0130rana d\u0259v\u0259t olunmas\u0131, bu d\u0259v\u0259t\u0259 cavab verilm\u0259m\u0259si bar\u0259d\u0259 h\u0259r hans\u0131 r\u0259smi a\u00e7\u0131qlama yoxdur.\u00a0<\/p>\n\n\n\n<p>Erm\u0259nistan\u0131n Ba\u015f naziri Nikol Pa\u015finyan 2022-ci il noyabr\u0131n 1-d\u0259 \u0130rana s\u0259f\u0259r edib.<\/p>\n","protected":false},"excerpt":{"rendered":"<p>\u201cXidm\u0259t Pa\u015finyan\u0131n \u0130rana s\u0259f\u0259rin\u0259 \u0259s\u0259bi reaksiya ver\u0259r\u0259k, k\u00f6hn\u0259 siyah\u0131n\u0131 yenid\u0259n &#8230; <\/p>\n<p class=\"read-more-container\"><a title=\"\u0130ran DTX-n\u0131n iddialar\u0131n\u0131 r\u0259dd edir\" class=\"read-more button\" href=\"https:\/\/www.meydan.tv\/az\/article\/iran-dtx-nin-iddialarini-redd-edir\/#more-260154\" aria-label=\"Read more about \u0130ran DTX-n\u0131n iddialar\u0131n\u0131 r\u0259dd edir\">Davam\u0131<\/a><\/p>\n","protected":false},"author":18,"featured_media":260155,"comment_status":"closed","ping_status":"closed","sticky":false,"template":"","format":"standard","meta":{"_acf_changed":false,"_sitemap_exclude":false,"_sitemap_priority":"","_sitemap_frequency":"","footnotes":""},"categories":[59,79,56],"tags":[],"class_list":["post-260154","post","type-post","status-publish","format-standard","has-post-thumbnail","hentry","category-siyaset","category-featured","category-xeberler","infinite-scroll-item","generate-columns","tablet-grid-50","mobile-grid-100","grid-parent","grid-33","no-featured-image-padding"],"acf":[],"yoast_head":"<!-- This site is optimized with the Yoast SEO plugin v27.5 - https:\/\/yoast.com\/product\/yoast-seo-wordpress\/ -->\n<title>\u0130ran DTX-n\u0131n iddialar\u0131n\u0131 r\u0259dd edir - MEYDAN.TV<\/title>\n<meta name=\"robots\" content=\"index, follow, max-snippet:-1, max-image-preview:large, max-video-preview:-1\" \/>\n<link rel=\"canonical\" href=\"https:\/\/www.meydan.tv\/az\/article\/iran-dtx-nin-iddialarini-redd-edir\/\" \/>\n<meta property=\"og:locale\" content=\"az_AZ\" \/>\n<meta property=\"og:type\" content=\"article\" \/>\n<meta property=\"og:title\" content=\"\u0130ran DTX-n\u0131n iddialar\u0131n\u0131 r\u0259dd edir - MEYDAN.TV\" \/>\n<meta property=\"og:description\" content=\"\u201cXidm\u0259t Pa\u015finyan\u0131n \u0130rana s\u0259f\u0259rin\u0259 \u0259s\u0259bi reaksiya ver\u0259r\u0259k, k\u00f6hn\u0259 siyah\u0131n\u0131 yenid\u0259n ... Davam\u0131\" \/>\n<meta property=\"og:url\" content=\"https:\/\/www.meydan.tv\/az\/article\/iran-dtx-nin-iddialarini-redd-edir\/\" \/>\n<meta property=\"og:site_name\" content=\"MEYDAN.TV\" \/>\n<meta property=\"article:published_time\" content=\"2022-11-03T13:11:48+00:00\" \/>\n<meta property=\"article:modified_time\" content=\"2022-11-03T13:46:26+00:00\" \/>\n<meta property=\"og:image\" content=\"https:\/\/www.meydan.tv\/wp-content\/uploads\/untitled_design_3_dmgllv4-1.png\" \/>\n\t<meta property=\"og:image:width\" content=\"1200\" \/>\n\t<meta property=\"og:image:height\" content=\"700\" \/>\n\t<meta property=\"og:image:type\" content=\"image\/png\" \/>\n<meta name=\"author\" content=\"miron\" \/>\n<meta name=\"twitter:card\" content=\"summary_large_image\" \/>\n<script type=\"application\/ld+json\" class=\"yoast-schema-graph\">{\"@context\":\"https:\\\/\\\/schema.org\",\"@graph\":[{\"@type\":\"Article\",\"@id\":\"https:\\\/\\\/www.meydan.tv\\\/az\\\/article\\\/iran-dtx-nin-iddialarini-redd-edir\\\/#article\",\"isPartOf\":{\"@id\":\"https:\\\/\\\/www.meydan.tv\\\/az\\\/article\\\/iran-dtx-nin-iddialarini-redd-edir\\\/\"},\"author\":{\"name\":\"miron\",\"@id\":\"https:\\\/\\\/www.meydan.tv\\\/az\\\/#\\\/schema\\\/person\\\/981b0b284aeaa9ad0cbf814cd4a9d67c\"},\"headline\":\"\u0130ran DTX-n\u0131n iddialar\u0131n\u0131 r\u0259dd edir\",\"datePublished\":\"2022-11-03T13:11:48+00:00\",\"dateModified\":\"2022-11-03T13:46:26+00:00\",\"mainEntityOfPage\":{\"@id\":\"https:\\\/\\\/www.meydan.tv\\\/az\\\/article\\\/iran-dtx-nin-iddialarini-redd-edir\\\/\"},\"wordCount\":692,\"publisher\":{\"@id\":\"https:\\\/\\\/www.meydan.tv\\\/az\\\/#organization\"},\"image\":{\"@id\":\"https:\\\/\\\/www.meydan.tv\\\/az\\\/article\\\/iran-dtx-nin-iddialarini-redd-edir\\\/#primaryimage\"},\"thumbnailUrl\":\"https:\\\/\\\/www.meydan.tv\\\/wp-content\\\/uploads\\\/untitled_design_3_dmgllv4-1.png\",\"articleSection\":[\"Siyas\u0259t\",\"T\u00f6vsiy\u0259\",\"X\u0259b\u0259rl\u0259r\"],\"inLanguage\":\"az\"},{\"@type\":\"WebPage\",\"@id\":\"https:\\\/\\\/www.meydan.tv\\\/az\\\/article\\\/iran-dtx-nin-iddialarini-redd-edir\\\/\",\"url\":\"https:\\\/\\\/www.meydan.tv\\\/az\\\/article\\\/iran-dtx-nin-iddialarini-redd-edir\\\/\",\"name\":\"\u0130ran DTX-n\u0131n iddialar\u0131n\u0131 r\u0259dd edir - MEYDAN.TV\",\"isPartOf\":{\"@id\":\"https:\\\/\\\/www.meydan.tv\\\/az\\\/#website\"},\"primaryImageOfPage\":{\"@id\":\"https:\\\/\\\/www.meydan.tv\\\/az\\\/article\\\/iran-dtx-nin-iddialarini-redd-edir\\\/#primaryimage\"},\"image\":{\"@id\":\"https:\\\/\\\/www.meydan.tv\\\/az\\\/article\\\/iran-dtx-nin-iddialarini-redd-edir\\\/#primaryimage\"},\"thumbnailUrl\":\"https:\\\/\\\/www.meydan.tv\\\/wp-content\\\/uploads\\\/untitled_design_3_dmgllv4-1.png\",\"datePublished\":\"2022-11-03T13:11:48+00:00\",\"dateModified\":\"2022-11-03T13:46:26+00:00\",\"breadcrumb\":{\"@id\":\"https:\\\/\\\/www.meydan.tv\\\/az\\\/article\\\/iran-dtx-nin-iddialarini-redd-edir\\\/#breadcrumb\"},\"inLanguage\":\"az\",\"potentialAction\":[{\"@type\":\"ReadAction\",\"target\":[\"https:\\\/\\\/www.meydan.tv\\\/az\\\/article\\\/iran-dtx-nin-iddialarini-redd-edir\\\/\"]}]},{\"@type\":\"ImageObject\",\"inLanguage\":\"az\",\"@id\":\"https:\\\/\\\/www.meydan.tv\\\/az\\\/article\\\/iran-dtx-nin-iddialarini-redd-edir\\\/#primaryimage\",\"url\":\"https:\\\/\\\/www.meydan.tv\\\/wp-content\\\/uploads\\\/untitled_design_3_dmgllv4-1.png\",\"contentUrl\":\"https:\\\/\\\/www.meydan.tv\\\/wp-content\\\/uploads\\\/untitled_design_3_dmgllv4-1.png\",\"width\":1200,\"height\":700},{\"@type\":\"BreadcrumbList\",\"@id\":\"https:\\\/\\\/www.meydan.tv\\\/az\\\/article\\\/iran-dtx-nin-iddialarini-redd-edir\\\/#breadcrumb\",\"itemListElement\":[{\"@type\":\"ListItem\",\"position\":1,\"name\":\"Ana s\u0259hif\u0259\",\"item\":\"https:\\\/\\\/www.meydan.tv\\\/az\\\/\"},{\"@type\":\"ListItem\",\"position\":2,\"name\":\"X\u0259b\u0259rl\u0259r\",\"item\":\"https:\\\/\\\/www.meydan.tv\\\/az\\\/section\\\/xeberler\\\/\"},{\"@type\":\"ListItem\",\"position\":3,\"name\":\"\u0130ran DTX-n\u0131n iddialar\u0131n\u0131 r\u0259dd edir\"}]},{\"@type\":\"WebSite\",\"@id\":\"https:\\\/\\\/www.meydan.tv\\\/az\\\/#website\",\"url\":\"https:\\\/\\\/www.meydan.tv\\\/az\\\/\",\"name\":\"MEYDAN.TV\",\"description\":\"Meydan TV Az\u0259rbaycan\u0131n media m\u0259kan\u0131ndak\u0131 alternativ s\u0259sidir\",\"publisher\":{\"@id\":\"https:\\\/\\\/www.meydan.tv\\\/az\\\/#organization\"},\"potentialAction\":[{\"@type\":\"SearchAction\",\"target\":{\"@type\":\"EntryPoint\",\"urlTemplate\":\"https:\\\/\\\/www.meydan.tv\\\/az\\\/?s={search_term_string}\"},\"query-input\":{\"@type\":\"PropertyValueSpecification\",\"valueRequired\":true,\"valueName\":\"search_term_string\"}}],\"inLanguage\":\"az\"},{\"@type\":\"Organization\",\"@id\":\"https:\\\/\\\/www.meydan.tv\\\/az\\\/#organization\",\"name\":\"Meydan TV\",\"url\":\"https:\\\/\\\/www.meydan.tv\\\/az\\\/\",\"logo\":{\"@type\":\"ImageObject\",\"inLanguage\":\"az\",\"@id\":\"https:\\\/\\\/www.meydan.tv\\\/az\\\/#\\\/schema\\\/logo\\\/image\\\/\",\"url\":\"https:\\\/\\\/www.meydan.tv\\\/wp-content\\\/uploads\\\/2021\\\/07\\\/meydan-logo.svg\",\"contentUrl\":\"https:\\\/\\\/www.meydan.tv\\\/wp-content\\\/uploads\\\/2021\\\/07\\\/meydan-logo.svg\",\"width\":195,\"height\":46,\"caption\":\"Meydan TV\"},\"image\":{\"@id\":\"https:\\\/\\\/www.meydan.tv\\\/az\\\/#\\\/schema\\\/logo\\\/image\\\/\"}},{\"@type\":\"Person\",\"@id\":\"https:\\\/\\\/www.meydan.tv\\\/az\\\/#\\\/schema\\\/person\\\/981b0b284aeaa9ad0cbf814cd4a9d67c\",\"name\":\"miron\"}]}<\/script>\n<!-- \/ Yoast SEO plugin. -->","yoast_head_json":{"title":"\u0130ran DTX-n\u0131n iddialar\u0131n\u0131 r\u0259dd edir - MEYDAN.TV","robots":{"index":"index","follow":"follow","max-snippet":"max-snippet:-1","max-image-preview":"max-image-preview:large","max-video-preview":"max-video-preview:-1"},"canonical":"https:\/\/www.meydan.tv\/az\/article\/iran-dtx-nin-iddialarini-redd-edir\/","og_locale":"az_AZ","og_type":"article","og_title":"\u0130ran DTX-n\u0131n iddialar\u0131n\u0131 r\u0259dd edir - MEYDAN.TV","og_description":"\u201cXidm\u0259t Pa\u015finyan\u0131n \u0130rana s\u0259f\u0259rin\u0259 \u0259s\u0259bi reaksiya ver\u0259r\u0259k, k\u00f6hn\u0259 siyah\u0131n\u0131 yenid\u0259n ... Davam\u0131","og_url":"https:\/\/www.meydan.tv\/az\/article\/iran-dtx-nin-iddialarini-redd-edir\/","og_site_name":"MEYDAN.TV","article_published_time":"2022-11-03T13:11:48+00:00","article_modified_time":"2022-11-03T13:46:26+00:00","og_image":[{"width":1200,"height":700,"url":"https:\/\/www.meydan.tv\/wp-content\/uploads\/untitled_design_3_dmgllv4-1.png","type":"image\/png"}],"author":"miron","twitter_card":"summary_large_image","schema":{"@context":"https:\/\/schema.org","@graph":[{"@type":"Article","@id":"https:\/\/www.meydan.tv\/az\/article\/iran-dtx-nin-iddialarini-redd-edir\/#article","isPartOf":{"@id":"https:\/\/www.meydan.tv\/az\/article\/iran-dtx-nin-iddialarini-redd-edir\/"},"author":{"name":"miron","@id":"https:\/\/www.meydan.tv\/az\/#\/schema\/person\/981b0b284aeaa9ad0cbf814cd4a9d67c"},"headline":"\u0130ran DTX-n\u0131n iddialar\u0131n\u0131 r\u0259dd edir","datePublished":"2022-11-03T13:11:48+00:00","dateModified":"2022-11-03T13:46:26+00:00","mainEntityOfPage":{"@id":"https:\/\/www.meydan.tv\/az\/article\/iran-dtx-nin-iddialarini-redd-edir\/"},"wordCount":692,"publisher":{"@id":"https:\/\/www.meydan.tv\/az\/#organization"},"image":{"@id":"https:\/\/www.meydan.tv\/az\/article\/iran-dtx-nin-iddialarini-redd-edir\/#primaryimage"},"thumbnailUrl":"https:\/\/www.meydan.tv\/wp-content\/uploads\/untitled_design_3_dmgllv4-1.png","articleSection":["Siyas\u0259t","T\u00f6vsiy\u0259","X\u0259b\u0259rl\u0259r"],"inLanguage":"az"},{"@type":"WebPage","@id":"https:\/\/www.meydan.tv\/az\/article\/iran-dtx-nin-iddialarini-redd-edir\/","url":"https:\/\/www.meydan.tv\/az\/article\/iran-dtx-nin-iddialarini-redd-edir\/","name":"\u0130ran DTX-n\u0131n iddialar\u0131n\u0131 r\u0259dd edir - MEYDAN.TV","isPartOf":{"@id":"https:\/\/www.meydan.tv\/az\/#website"},"primaryImageOfPage":{"@id":"https:\/\/www.meydan.tv\/az\/article\/iran-dtx-nin-iddialarini-redd-edir\/#primaryimage"},"image":{"@id":"https:\/\/www.meydan.tv\/az\/article\/iran-dtx-nin-iddialarini-redd-edir\/#primaryimage"},"thumbnailUrl":"https:\/\/www.meydan.tv\/wp-content\/uploads\/untitled_design_3_dmgllv4-1.png","datePublished":"2022-11-03T13:11:48+00:00","dateModified":"2022-11-03T13:46:26+00:00","breadcrumb":{"@id":"https:\/\/www.meydan.tv\/az\/article\/iran-dtx-nin-iddialarini-redd-edir\/#breadcrumb"},"inLanguage":"az","potentialAction":[{"@type":"ReadAction","target":["https:\/\/www.meydan.tv\/az\/article\/iran-dtx-nin-iddialarini-redd-edir\/"]}]},{"@type":"ImageObject","inLanguage":"az","@id":"https:\/\/www.meydan.tv\/az\/article\/iran-dtx-nin-iddialarini-redd-edir\/#primaryimage","url":"https:\/\/www.meydan.tv\/wp-content\/uploads\/untitled_design_3_dmgllv4-1.png","contentUrl":"https:\/\/www.meydan.tv\/wp-content\/uploads\/untitled_design_3_dmgllv4-1.png","width":1200,"height":700},{"@type":"BreadcrumbList","@id":"https:\/\/www.meydan.tv\/az\/article\/iran-dtx-nin-iddialarini-redd-edir\/#breadcrumb","itemListElement":[{"@type":"ListItem","position":1,"name":"Ana s\u0259hif\u0259","item":"https:\/\/www.meydan.tv\/az\/"},{"@type":"ListItem","position":2,"name":"X\u0259b\u0259rl\u0259r","item":"https:\/\/www.meydan.tv\/az\/section\/xeberler\/"},{"@type":"ListItem","position":3,"name":"\u0130ran DTX-n\u0131n iddialar\u0131n\u0131 r\u0259dd edir"}]},{"@type":"WebSite","@id":"https:\/\/www.meydan.tv\/az\/#website","url":"https:\/\/www.meydan.tv\/az\/","name":"MEYDAN.TV","description":"Meydan TV Az\u0259rbaycan\u0131n media m\u0259kan\u0131ndak\u0131 alternativ s\u0259sidir","publisher":{"@id":"https:\/\/www.meydan.tv\/az\/#organization"},"potentialAction":[{"@type":"SearchAction","target":{"@type":"EntryPoint","urlTemplate":"https:\/\/www.meydan.tv\/az\/?s={search_term_string}"},"query-input":{"@type":"PropertyValueSpecification","valueRequired":true,"valueName":"search_term_string"}}],"inLanguage":"az"},{"@type":"Organization","@id":"https:\/\/www.meydan.tv\/az\/#organization","name":"Meydan TV","url":"https:\/\/www.meydan.tv\/az\/","logo":{"@type":"ImageObject","inLanguage":"az","@id":"https:\/\/www.meydan.tv\/az\/#\/schema\/logo\/image\/","url":"https:\/\/www.meydan.tv\/wp-content\/uploads\/2021\/07\/meydan-logo.svg","contentUrl":"https:\/\/www.meydan.tv\/wp-content\/uploads\/2021\/07\/meydan-logo.svg","width":195,"height":46,"caption":"Meydan TV"},"image":{"@id":"https:\/\/www.meydan.tv\/az\/#\/schema\/logo\/image\/"}},{"@type":"Person","@id":"https:\/\/www.meydan.tv\/az\/#\/schema\/person\/981b0b284aeaa9ad0cbf814cd4a9d67c","name":"miron"}]}},"_links":{"self":[{"href":"https:\/\/www.meydan.tv\/az\/wp-json\/wp\/v2\/posts\/260154","targetHints":{"allow":["GET"]}}],"collection":[{"href":"https:\/\/www.meydan.tv\/az\/wp-json\/wp\/v2\/posts"}],"about":[{"href":"https:\/\/www.meydan.tv\/az\/wp-json\/wp\/v2\/types\/post"}],"author":[{"embeddable":true,"href":"https:\/\/www.meydan.tv\/az\/wp-json\/wp\/v2\/users\/18"}],"replies":[{"embeddable":true,"href":"https:\/\/www.meydan.tv\/az\/wp-json\/wp\/v2\/comments?post=260154"}],"version-history":[{"count":2,"href":"https:\/\/www.meydan.tv\/az\/wp-json\/wp\/v2\/posts\/260154\/revisions"}],"predecessor-version":[{"id":260167,"href":"https:\/\/www.meydan.tv\/az\/wp-json\/wp\/v2\/posts\/260154\/revisions\/260167"}],"wp:featuredmedia":[{"embeddable":true,"href":"https:\/\/www.meydan.tv\/az\/wp-json\/wp\/v2\/media\/260155"}],"wp:attachment":[{"href":"https:\/\/www.meydan.tv\/az\/wp-json\/wp\/v2\/media?parent=260154"}],"wp:term":[{"taxonomy":"category","embeddable":true,"href":"https:\/\/www.meydan.tv\/az\/wp-json\/wp\/v2\/categories?post=260154"},{"taxonomy":"post_tag","embeddable":true,"href":"https:\/\/www.meydan.tv\/az\/wp-json\/wp\/v2\/tags?post=260154"}],"curies":[{"name":"wp","href":"https:\/\/api.w.org\/{rel}","templated":true}]}}