{"id":260144,"date":"2022-11-03T16:18:27","date_gmt":"2022-11-03T12:18:27","guid":{"rendered":"https:\/\/www.meydan.tv\/?p=260144"},"modified":"2022-11-03T16:18:33","modified_gmt":"2022-11-03T12:18:33","slug":"elnur-eliyev-vezifesinden-azad-edildi","status":"publish","type":"post","link":"https:\/\/www.meydan.tv\/az\/article\/elnur-eliyev-vezifesinden-azad-edildi\/","title":{"rendered":"Elnur \u018fliyev v\u0259zif\u0259sind\u0259n azad edildi"},"content":{"rendered":"\n<p><em>\u0130lham \u018fliyev 1 il \u00f6nc\u0259 nazir m\u00fcavini qoydu\u011fu \u015f\u0259xsl\u0259 ba\u011fl\u0131 s\u0259r\u0259ncam imzalay\u0131b<\/em><\/p>\n\n\n\n<p>Elnur \u018fliyev Az\u0259rbaycan m\u0259d\u0259niyy\u0259t nazirinin birinci m\u00fcavini v\u0259zif\u0259sind\u0259n azad edilib.<\/p>\n\n\n\n<p>Prezident \u0130lham \u018fliyev 2022-ci il noyabr\u0131n 3-d\u0259 bununla ba\u011fl\u0131 s\u0259r\u0259ncam <a href=\"https:\/\/president.az\/az\/articles\/view\/57773\">imzalay\u0131b<\/a>.<\/p>\n\n\n\n<p>Elnur \u018fliyev 2021-ci il sentyabr\u0131n 7-d\u0259 Prezident \u0130lham \u018fliyevin s\u0259r\u0259ncam\u0131 il\u0259 Az\u0259rbaycan\u0131n m\u0259d\u0259niyy\u0259t nazirinin birinci m\u00fcavini v\u0259zif\u0259sin\u0259 t\u0259yin olunub.<\/p>\n\n\n\n<p>2022-ci il noyabr\u0131n 1-d\u0259 D\u00f6vl\u0259t T\u0259hl\u00fck\u0259sizliyi Xidm\u0259tinin (DTX) M\u0259d\u0259niyy\u0259t Nazirliyind\u0259 x\u00fcsusi \u0259m\u0259liyyat ke\u00e7irdiyi bildirilmi\u015fdi.<\/p>\n\n\n\n<p>\u018fm\u0259liyyat zaman\u0131 m\u0259d\u0259niyy\u0259t nazirinin birinci m\u00fcavini Elnur \u018fliyevin saxlan\u0131l\u0131b v\u0259 istintaqa c\u0259lb edildiyi <a href=\"https:\/\/d9mc3ts4czbpr.cloudfront.net\/az\/article\/medeniyyet-nazirinin-muavini-elnur-eliyevin-saxlanildigi-deyilir\/\">deyilirdi<\/a>.<\/p>\n\n\n\n<p>Lakin noyabr\u0131n 3-d\u0259 M\u0259d\u0259niyy\u0259t Nazirliyinin m\u0259tbuat xidm\u0259ti Elnur \u018fliyevin saxlan\u0131lmad\u0131\u011f\u0131n\u0131, haz\u0131rda i\u015fd\u0259 oldu\u011funu <a href=\"https:\/\/www.meydan.tv\/az\/article\/medeniyyet-nazirliyinden-elnur-eliyev-hazirda-is-basindadir\/.\">b\u0259yan etdi<\/a>.<\/p>\n\n\n\n<p>DTX-n\u0131n ke\u00e7irdiyi \u0259m\u0259liyyat zaman\u0131 nazirin birinci m\u00fcavinl\u0259 yana\u015f\u0131, qurumun T\u0259chizat v\u0259 \u0259mlak \u015f\u00f6b\u0259sinin m\u00fcdiri \u0130lkin N\u0259sibov, Protokol \u015f\u00f6b\u0259sinin \u0259m\u0259kda\u015f\u0131 Kamil Rzayevin d\u0259 saxlan\u0131lmas\u0131 haqda m\u0259lumat var.<\/p>\n\n\n\n<p>DTX t\u0259r\u0259find\u0259n saxlan\u0131lan M\u0259d\u0259niyy\u0259t Nazirliyinin \u015f\u00f6b\u0259 m\u00fcdiri \u0130lkin N\u0259sibov bar\u0259sind\u0259 4 ayl\u0131q h\u0259bsq\u0259timkan t\u0259dbiri se\u00e7ildiyi <a href=\"https:\/\/qafqazinfo.az\/news\/detail\/dtx-terefinden-saxlanilan-sobe-reisi-baresinde-qerar-verildi-380973\">bildirilir<\/a>.<\/p>\n\n\n\n<p>\u015e\u00f6b\u0259 m\u00fcdirinin Cinay\u0259t M\u0259c\u0259ll\u0259sinin 179.4-c\u00fc madd\u0259si (m\u0259nims\u0259m\u0259 v\u0259 ya israf etm\u0259) il\u0259 ittiham olundu\u011fu bildirilir.<\/p>\n\n\n\n<p>2022-ci il oktyabr\u0131n 26-da Hesablama Palatas\u0131 d\u00f6vl\u0259t sifari\u015fi il\u0259 filml\u0259rin \u00e7\u0259kilm\u0259si zaman\u0131 ciddi maliyy\u0259 pozuntular\u0131n\u0131n a\u015fkarlanmas\u0131na dair hesabat <a href=\"https:\/\/d9mc3ts4czbpr.cloudfront.net\/az\/article\/dovlet-sifarisi-ile-film-cekenler-pullari-nece-xercleyib\/\">yay\u0131mlay\u0131b<\/a>.<\/p>\n\n\n\n<p>Palata t\u00f6vsiy\u0259 edirdi ki, n\u00f6qsana yol ver\u0259n m\u0259sul \u015f\u0259xsl\u0259r m\u0259suliyy\u0259t\u0259 c\u0259lb olunsunlar.<\/p>\n\n\n\n<p>Bu, M\u0259d\u0259niyy\u0259t Nazirliyind\u0259 apar\u0131lan ilk \u0259m\u0259liyyat deyil. M\u0259d\u0259niyy\u0259t nazirinin ke\u00e7mi\u015f m\u00fcavini Rafiq Bayramov 2020-ci ild\u0259 DTX-n\u0131n ke\u00e7irdiyi \u0259m\u0259liyyatda saxlan\u0131l\u0131b v\u0259 m\u0259hk\u0259m\u0259nin h\u00f6km\u00fc il\u0259 azadl\u0131qdan <a href=\"https:\/\/d9mc3ts4czbpr.cloudfront.net\/az\/article\/milyonlarla-vesaiti-menimsemekde-ittiham-olunan-nazir-muavininin-cezasi-yariya-qeder-azaldildi\/\">m\u0259hrum edilib<\/a>.<\/p>\n","protected":false},"excerpt":{"rendered":"<p>\u0130lham \u018fliyev 1 il \u00f6nc\u0259 nazir m\u00fcavini qoydu\u011fu \u015f\u0259xsl\u0259 ba\u011fl\u0131 &#8230; <\/p>\n<p class=\"read-more-container\"><a title=\"Elnur \u018fliyev v\u0259zif\u0259sind\u0259n azad edildi\" class=\"read-more button\" href=\"https:\/\/www.meydan.tv\/az\/article\/elnur-eliyev-vezifesinden-azad-edildi\/#more-260144\" aria-label=\"Read more about Elnur \u018fliyev v\u0259zif\u0259sind\u0259n azad edildi\">Davam\u0131<\/a><\/p>\n","protected":false},"author":18,"featured_media":260145,"comment_status":"closed","ping_status":"closed","sticky":false,"template":"","format":"standard","meta":{"_acf_changed":false,"_sitemap_exclude":false,"_sitemap_priority":"","_sitemap_frequency":"","footnotes":""},"categories":[59,56],"tags":[],"class_list":["post-260144","post","type-post","status-publish","format-standard","has-post-thumbnail","hentry","category-siyaset","category-xeberler","infinite-scroll-item","generate-columns","tablet-grid-50","mobile-grid-100","grid-parent","grid-33","no-featured-image-padding"],"acf":[],"yoast_head":"<!-- This site is optimized with the Yoast SEO plugin v27.4 - https:\/\/yoast.com\/product\/yoast-seo-wordpress\/ -->\n<title>Elnur \u018fliyev v\u0259zif\u0259sind\u0259n azad edildi - MEYDAN.TV<\/title>\n<meta name=\"robots\" content=\"index, follow, max-snippet:-1, max-image-preview:large, max-video-preview:-1\" \/>\n<link rel=\"canonical\" href=\"https:\/\/www.meydan.tv\/az\/article\/elnur-eliyev-vezifesinden-azad-edildi\/\" \/>\n<meta property=\"og:locale\" content=\"az_AZ\" \/>\n<meta property=\"og:type\" content=\"article\" \/>\n<meta property=\"og:title\" content=\"Elnur \u018fliyev v\u0259zif\u0259sind\u0259n azad edildi - MEYDAN.TV\" \/>\n<meta property=\"og:description\" content=\"\u0130lham \u018fliyev 1 il \u00f6nc\u0259 nazir m\u00fcavini qoydu\u011fu \u015f\u0259xsl\u0259 ba\u011fl\u0131 ... Davam\u0131\" \/>\n<meta property=\"og:url\" content=\"https:\/\/www.meydan.tv\/az\/article\/elnur-eliyev-vezifesinden-azad-edildi\/\" \/>\n<meta property=\"og:site_name\" content=\"MEYDAN.TV\" \/>\n<meta property=\"article:published_time\" content=\"2022-11-03T12:18:27+00:00\" \/>\n<meta property=\"article:modified_time\" content=\"2022-11-03T12:18:33+00:00\" \/>\n<meta property=\"og:image\" content=\"https:\/\/www.meydan.tv\/wp-content\/uploads\/aciq-menbe32.jpg\" \/>\n\t<meta property=\"og:image:width\" content=\"1920\" \/>\n\t<meta property=\"og:image:height\" content=\"1080\" \/>\n\t<meta property=\"og:image:type\" content=\"image\/jpeg\" \/>\n<meta name=\"author\" content=\"miron\" \/>\n<meta name=\"twitter:card\" content=\"summary_large_image\" \/>\n<script type=\"application\/ld+json\" class=\"yoast-schema-graph\">{\"@context\":\"https:\\\/\\\/schema.org\",\"@graph\":[{\"@type\":\"Article\",\"@id\":\"https:\\\/\\\/www.meydan.tv\\\/az\\\/article\\\/elnur-eliyev-vezifesinden-azad-edildi\\\/#article\",\"isPartOf\":{\"@id\":\"https:\\\/\\\/www.meydan.tv\\\/az\\\/article\\\/elnur-eliyev-vezifesinden-azad-edildi\\\/\"},\"author\":{\"name\":\"miron\",\"@id\":\"https:\\\/\\\/www.meydan.tv\\\/az\\\/#\\\/schema\\\/person\\\/981b0b284aeaa9ad0cbf814cd4a9d67c\"},\"headline\":\"Elnur \u018fliyev v\u0259zif\u0259sind\u0259n azad edildi\",\"datePublished\":\"2022-11-03T12:18:27+00:00\",\"dateModified\":\"2022-11-03T12:18:33+00:00\",\"mainEntityOfPage\":{\"@id\":\"https:\\\/\\\/www.meydan.tv\\\/az\\\/article\\\/elnur-eliyev-vezifesinden-azad-edildi\\\/\"},\"wordCount\":357,\"publisher\":{\"@id\":\"https:\\\/\\\/www.meydan.tv\\\/az\\\/#organization\"},\"image\":{\"@id\":\"https:\\\/\\\/www.meydan.tv\\\/az\\\/article\\\/elnur-eliyev-vezifesinden-azad-edildi\\\/#primaryimage\"},\"thumbnailUrl\":\"https:\\\/\\\/www.meydan.tv\\\/wp-content\\\/uploads\\\/aciq-menbe32.jpg\",\"articleSection\":[\"Siyas\u0259t\",\"X\u0259b\u0259rl\u0259r\"],\"inLanguage\":\"az\"},{\"@type\":\"WebPage\",\"@id\":\"https:\\\/\\\/www.meydan.tv\\\/az\\\/article\\\/elnur-eliyev-vezifesinden-azad-edildi\\\/\",\"url\":\"https:\\\/\\\/www.meydan.tv\\\/az\\\/article\\\/elnur-eliyev-vezifesinden-azad-edildi\\\/\",\"name\":\"Elnur \u018fliyev v\u0259zif\u0259sind\u0259n azad edildi - MEYDAN.TV\",\"isPartOf\":{\"@id\":\"https:\\\/\\\/www.meydan.tv\\\/az\\\/#website\"},\"primaryImageOfPage\":{\"@id\":\"https:\\\/\\\/www.meydan.tv\\\/az\\\/article\\\/elnur-eliyev-vezifesinden-azad-edildi\\\/#primaryimage\"},\"image\":{\"@id\":\"https:\\\/\\\/www.meydan.tv\\\/az\\\/article\\\/elnur-eliyev-vezifesinden-azad-edildi\\\/#primaryimage\"},\"thumbnailUrl\":\"https:\\\/\\\/www.meydan.tv\\\/wp-content\\\/uploads\\\/aciq-menbe32.jpg\",\"datePublished\":\"2022-11-03T12:18:27+00:00\",\"dateModified\":\"2022-11-03T12:18:33+00:00\",\"breadcrumb\":{\"@id\":\"https:\\\/\\\/www.meydan.tv\\\/az\\\/article\\\/elnur-eliyev-vezifesinden-azad-edildi\\\/#breadcrumb\"},\"inLanguage\":\"az\",\"potentialAction\":[{\"@type\":\"ReadAction\",\"target\":[\"https:\\\/\\\/www.meydan.tv\\\/az\\\/article\\\/elnur-eliyev-vezifesinden-azad-edildi\\\/\"]}]},{\"@type\":\"ImageObject\",\"inLanguage\":\"az\",\"@id\":\"https:\\\/\\\/www.meydan.tv\\\/az\\\/article\\\/elnur-eliyev-vezifesinden-azad-edildi\\\/#primaryimage\",\"url\":\"https:\\\/\\\/www.meydan.tv\\\/wp-content\\\/uploads\\\/aciq-menbe32.jpg\",\"contentUrl\":\"https:\\\/\\\/www.meydan.tv\\\/wp-content\\\/uploads\\\/aciq-menbe32.jpg\",\"width\":1920,\"height\":1080,\"caption\":\"M\u0259nb\u0259: Bakupost\"},{\"@type\":\"BreadcrumbList\",\"@id\":\"https:\\\/\\\/www.meydan.tv\\\/az\\\/article\\\/elnur-eliyev-vezifesinden-azad-edildi\\\/#breadcrumb\",\"itemListElement\":[{\"@type\":\"ListItem\",\"position\":1,\"name\":\"Ana s\u0259hif\u0259\",\"item\":\"https:\\\/\\\/www.meydan.tv\\\/az\\\/\"},{\"@type\":\"ListItem\",\"position\":2,\"name\":\"X\u0259b\u0259rl\u0259r\",\"item\":\"https:\\\/\\\/www.meydan.tv\\\/az\\\/section\\\/xeberler\\\/\"},{\"@type\":\"ListItem\",\"position\":3,\"name\":\"Elnur \u018fliyev v\u0259zif\u0259sind\u0259n azad edildi\"}]},{\"@type\":\"WebSite\",\"@id\":\"https:\\\/\\\/www.meydan.tv\\\/az\\\/#website\",\"url\":\"https:\\\/\\\/www.meydan.tv\\\/az\\\/\",\"name\":\"MEYDAN.TV\",\"description\":\"Meydan TV Az\u0259rbaycan\u0131n media m\u0259kan\u0131ndak\u0131 alternativ s\u0259sidir\",\"publisher\":{\"@id\":\"https:\\\/\\\/www.meydan.tv\\\/az\\\/#organization\"},\"potentialAction\":[{\"@type\":\"SearchAction\",\"target\":{\"@type\":\"EntryPoint\",\"urlTemplate\":\"https:\\\/\\\/www.meydan.tv\\\/az\\\/?s={search_term_string}\"},\"query-input\":{\"@type\":\"PropertyValueSpecification\",\"valueRequired\":true,\"valueName\":\"search_term_string\"}}],\"inLanguage\":\"az\"},{\"@type\":\"Organization\",\"@id\":\"https:\\\/\\\/www.meydan.tv\\\/az\\\/#organization\",\"name\":\"Meydan TV\",\"url\":\"https:\\\/\\\/www.meydan.tv\\\/az\\\/\",\"logo\":{\"@type\":\"ImageObject\",\"inLanguage\":\"az\",\"@id\":\"https:\\\/\\\/www.meydan.tv\\\/az\\\/#\\\/schema\\\/logo\\\/image\\\/\",\"url\":\"https:\\\/\\\/www.meydan.tv\\\/wp-content\\\/uploads\\\/2021\\\/07\\\/meydan-logo.svg\",\"contentUrl\":\"https:\\\/\\\/www.meydan.tv\\\/wp-content\\\/uploads\\\/2021\\\/07\\\/meydan-logo.svg\",\"width\":195,\"height\":46,\"caption\":\"Meydan TV\"},\"image\":{\"@id\":\"https:\\\/\\\/www.meydan.tv\\\/az\\\/#\\\/schema\\\/logo\\\/image\\\/\"}},{\"@type\":\"Person\",\"@id\":\"https:\\\/\\\/www.meydan.tv\\\/az\\\/#\\\/schema\\\/person\\\/981b0b284aeaa9ad0cbf814cd4a9d67c\",\"name\":\"miron\"}]}<\/script>\n<!-- \/ Yoast SEO plugin. -->","yoast_head_json":{"title":"Elnur \u018fliyev v\u0259zif\u0259sind\u0259n azad edildi - MEYDAN.TV","robots":{"index":"index","follow":"follow","max-snippet":"max-snippet:-1","max-image-preview":"max-image-preview:large","max-video-preview":"max-video-preview:-1"},"canonical":"https:\/\/www.meydan.tv\/az\/article\/elnur-eliyev-vezifesinden-azad-edildi\/","og_locale":"az_AZ","og_type":"article","og_title":"Elnur \u018fliyev v\u0259zif\u0259sind\u0259n azad edildi - MEYDAN.TV","og_description":"\u0130lham \u018fliyev 1 il \u00f6nc\u0259 nazir m\u00fcavini qoydu\u011fu \u015f\u0259xsl\u0259 ba\u011fl\u0131 ... Davam\u0131","og_url":"https:\/\/www.meydan.tv\/az\/article\/elnur-eliyev-vezifesinden-azad-edildi\/","og_site_name":"MEYDAN.TV","article_published_time":"2022-11-03T12:18:27+00:00","article_modified_time":"2022-11-03T12:18:33+00:00","og_image":[{"width":1920,"height":1080,"url":"https:\/\/www.meydan.tv\/wp-content\/uploads\/aciq-menbe32.jpg","type":"image\/jpeg"}],"author":"miron","twitter_card":"summary_large_image","schema":{"@context":"https:\/\/schema.org","@graph":[{"@type":"Article","@id":"https:\/\/www.meydan.tv\/az\/article\/elnur-eliyev-vezifesinden-azad-edildi\/#article","isPartOf":{"@id":"https:\/\/www.meydan.tv\/az\/article\/elnur-eliyev-vezifesinden-azad-edildi\/"},"author":{"name":"miron","@id":"https:\/\/www.meydan.tv\/az\/#\/schema\/person\/981b0b284aeaa9ad0cbf814cd4a9d67c"},"headline":"Elnur \u018fliyev v\u0259zif\u0259sind\u0259n azad edildi","datePublished":"2022-11-03T12:18:27+00:00","dateModified":"2022-11-03T12:18:33+00:00","mainEntityOfPage":{"@id":"https:\/\/www.meydan.tv\/az\/article\/elnur-eliyev-vezifesinden-azad-edildi\/"},"wordCount":357,"publisher":{"@id":"https:\/\/www.meydan.tv\/az\/#organization"},"image":{"@id":"https:\/\/www.meydan.tv\/az\/article\/elnur-eliyev-vezifesinden-azad-edildi\/#primaryimage"},"thumbnailUrl":"https:\/\/www.meydan.tv\/wp-content\/uploads\/aciq-menbe32.jpg","articleSection":["Siyas\u0259t","X\u0259b\u0259rl\u0259r"],"inLanguage":"az"},{"@type":"WebPage","@id":"https:\/\/www.meydan.tv\/az\/article\/elnur-eliyev-vezifesinden-azad-edildi\/","url":"https:\/\/www.meydan.tv\/az\/article\/elnur-eliyev-vezifesinden-azad-edildi\/","name":"Elnur \u018fliyev v\u0259zif\u0259sind\u0259n azad edildi - MEYDAN.TV","isPartOf":{"@id":"https:\/\/www.meydan.tv\/az\/#website"},"primaryImageOfPage":{"@id":"https:\/\/www.meydan.tv\/az\/article\/elnur-eliyev-vezifesinden-azad-edildi\/#primaryimage"},"image":{"@id":"https:\/\/www.meydan.tv\/az\/article\/elnur-eliyev-vezifesinden-azad-edildi\/#primaryimage"},"thumbnailUrl":"https:\/\/www.meydan.tv\/wp-content\/uploads\/aciq-menbe32.jpg","datePublished":"2022-11-03T12:18:27+00:00","dateModified":"2022-11-03T12:18:33+00:00","breadcrumb":{"@id":"https:\/\/www.meydan.tv\/az\/article\/elnur-eliyev-vezifesinden-azad-edildi\/#breadcrumb"},"inLanguage":"az","potentialAction":[{"@type":"ReadAction","target":["https:\/\/www.meydan.tv\/az\/article\/elnur-eliyev-vezifesinden-azad-edildi\/"]}]},{"@type":"ImageObject","inLanguage":"az","@id":"https:\/\/www.meydan.tv\/az\/article\/elnur-eliyev-vezifesinden-azad-edildi\/#primaryimage","url":"https:\/\/www.meydan.tv\/wp-content\/uploads\/aciq-menbe32.jpg","contentUrl":"https:\/\/www.meydan.tv\/wp-content\/uploads\/aciq-menbe32.jpg","width":1920,"height":1080,"caption":"M\u0259nb\u0259: Bakupost"},{"@type":"BreadcrumbList","@id":"https:\/\/www.meydan.tv\/az\/article\/elnur-eliyev-vezifesinden-azad-edildi\/#breadcrumb","itemListElement":[{"@type":"ListItem","position":1,"name":"Ana s\u0259hif\u0259","item":"https:\/\/www.meydan.tv\/az\/"},{"@type":"ListItem","position":2,"name":"X\u0259b\u0259rl\u0259r","item":"https:\/\/www.meydan.tv\/az\/section\/xeberler\/"},{"@type":"ListItem","position":3,"name":"Elnur \u018fliyev v\u0259zif\u0259sind\u0259n azad edildi"}]},{"@type":"WebSite","@id":"https:\/\/www.meydan.tv\/az\/#website","url":"https:\/\/www.meydan.tv\/az\/","name":"MEYDAN.TV","description":"Meydan TV Az\u0259rbaycan\u0131n media m\u0259kan\u0131ndak\u0131 alternativ s\u0259sidir","publisher":{"@id":"https:\/\/www.meydan.tv\/az\/#organization"},"potentialAction":[{"@type":"SearchAction","target":{"@type":"EntryPoint","urlTemplate":"https:\/\/www.meydan.tv\/az\/?s={search_term_string}"},"query-input":{"@type":"PropertyValueSpecification","valueRequired":true,"valueName":"search_term_string"}}],"inLanguage":"az"},{"@type":"Organization","@id":"https:\/\/www.meydan.tv\/az\/#organization","name":"Meydan TV","url":"https:\/\/www.meydan.tv\/az\/","logo":{"@type":"ImageObject","inLanguage":"az","@id":"https:\/\/www.meydan.tv\/az\/#\/schema\/logo\/image\/","url":"https:\/\/www.meydan.tv\/wp-content\/uploads\/2021\/07\/meydan-logo.svg","contentUrl":"https:\/\/www.meydan.tv\/wp-content\/uploads\/2021\/07\/meydan-logo.svg","width":195,"height":46,"caption":"Meydan TV"},"image":{"@id":"https:\/\/www.meydan.tv\/az\/#\/schema\/logo\/image\/"}},{"@type":"Person","@id":"https:\/\/www.meydan.tv\/az\/#\/schema\/person\/981b0b284aeaa9ad0cbf814cd4a9d67c","name":"miron"}]}},"_links":{"self":[{"href":"https:\/\/www.meydan.tv\/az\/wp-json\/wp\/v2\/posts\/260144","targetHints":{"allow":["GET"]}}],"collection":[{"href":"https:\/\/www.meydan.tv\/az\/wp-json\/wp\/v2\/posts"}],"about":[{"href":"https:\/\/www.meydan.tv\/az\/wp-json\/wp\/v2\/types\/post"}],"author":[{"embeddable":true,"href":"https:\/\/www.meydan.tv\/az\/wp-json\/wp\/v2\/users\/18"}],"replies":[{"embeddable":true,"href":"https:\/\/www.meydan.tv\/az\/wp-json\/wp\/v2\/comments?post=260144"}],"version-history":[{"count":1,"href":"https:\/\/www.meydan.tv\/az\/wp-json\/wp\/v2\/posts\/260144\/revisions"}],"predecessor-version":[{"id":260148,"href":"https:\/\/www.meydan.tv\/az\/wp-json\/wp\/v2\/posts\/260144\/revisions\/260148"}],"wp:featuredmedia":[{"embeddable":true,"href":"https:\/\/www.meydan.tv\/az\/wp-json\/wp\/v2\/media\/260145"}],"wp:attachment":[{"href":"https:\/\/www.meydan.tv\/az\/wp-json\/wp\/v2\/media?parent=260144"}],"wp:term":[{"taxonomy":"category","embeddable":true,"href":"https:\/\/www.meydan.tv\/az\/wp-json\/wp\/v2\/categories?post=260144"},{"taxonomy":"post_tag","embeddable":true,"href":"https:\/\/www.meydan.tv\/az\/wp-json\/wp\/v2\/tags?post=260144"}],"curies":[{"name":"wp","href":"https:\/\/api.w.org\/{rel}","templated":true}]}}