{"id":260115,"date":"2022-11-03T12:43:21","date_gmt":"2022-11-03T08:43:21","guid":{"rendered":"https:\/\/www.meydan.tv\/?p=260115"},"modified":"2022-11-03T12:43:25","modified_gmt":"2022-11-03T08:43:25","slug":"medeniyyet-nazirliyinden-elnur-eliyev-hazirda-is-basindadir","status":"publish","type":"post","link":"https:\/\/www.meydan.tv\/az\/article\/medeniyyet-nazirliyinden-elnur-eliyev-hazirda-is-basindadir\/","title":{"rendered":"M\u0259d\u0259niyy\u0259t Nazirliyind\u0259n: \u201cElnur \u018fliyev haz\u0131rda i\u015f ba\u015f\u0131ndad\u0131r\u201d"},"content":{"rendered":"\n<p><em>\u201c\u018fm\u0259liyyat zaman\u0131 kiml\u0259rins\u0259 istintaqa c\u0259lb olunmas\u0131 onlar\u0131n h\u0259bs edilm\u0259si anlam\u0131na g\u0259lmir\u201d<\/em><\/p>\n\n\n\n<p>\u201cBir d\u00f6vl\u0259t qurumunun, dig\u0259rind\u0259 Az\u0259rbaycan Respublikas\u0131n\u0131n qanunvericiliyi \u00e7\u0259r\u00e7iv\u0259sind\u0259 v\u0259 s\u0259lahiyy\u0259l\u0259ri daxilind\u0259 \u0259m\u0259liyyat aparmaq h\u00fcququ, ixtiyar\u0131 var. Burada qeyri-adi he\u00e7 n\u0259 yoxdur. \u018fm\u0259liyyat zaman\u0131 kiml\u0259rins\u0259 istintaqa c\u0259lb olunmas\u0131 is\u0259 onlar\u0131n h\u0259bs edilm\u0259si anlam\u0131na g\u0259lmir\u201d.<\/p>\n\n\n\n<p><br>Bunu Meydan TV-y\u0259 M\u0259d\u0259niyy\u0259t Nazirliyinin m\u0259tbuat&nbsp; xidm\u0259tinin r\u0259hb\u0259ri v\u0259zif\u0259sini m\u00fcv\u0259qq\u0259ti icra ed\u0259n Nurid\u0259 Allahyarova bildirib.<\/p>\n\n\n\n<p><br>O, D\u00f6vl\u0259t T\u0259hl\u00fck\u0259sizliyi Xidm\u0259tinin (DTX) nazirlikd\u0259 ke\u00e7irdiyi \u0259m\u0259liyyat zaman\u0131 saxland\u0131\u011f\u0131 deyil\u0259n nazirin birinci m\u00fcavini Elnur \u018fliyevin haz\u0131rda i\u015finin ba\u015f\u0131nda olmas\u0131 x\u0259b\u0259rini \u015f\u0259rh ed\u0259rk\u0259n deyib.<\/p>\n\n\n\n<p><br>M\u0259d\u0259niyy\u0259t Nazirliyind\u0259 \u0259m\u0259liyyat apar\u0131lmas\u0131 il\u0259 ba\u011fl\u0131 ist\u0259r DTX, ist\u0259rs\u0259 d\u0259 nazirliyin r\u0259smi a\u00e7\u0131qlamas\u0131n\u0131n olmad\u0131\u011f\u0131n\u0131 xat\u0131rladan Nurid\u0259 Allahyarova iddialar\u0131n da \u0259sass\u0131z oldu\u011funu vur\u011fulay\u0131b:<\/p>\n\n\n\n<p><br>\u201cB\u00fct\u00fcn bunlar K\u00fctl\u0259vi \u0130nformasiya Vasit\u0259l\u0259rind\u0259 (K\u0130V) \u00e7\u0131xan ehtimal v\u0259 iddialard\u0131rsa, r\u0259smi bir a\u00e7\u0131qlama yoxdursa, bel\u0259 olan halda, Elnur \u018fliyev niy\u0259 i\u015fd\u0259 olmas\u0131n? Bu x\u0259b\u0259rl\u0259r fonunda Elnur \u018fliyevin i\u015f\u0259 g\u0259lm\u0259m\u0259sind\u0259 \u0259sas g\u00f6rm\u00fcr\u0259m. Adlar\u0131 hallanan dig\u0259r \u0259m\u0259kda\u015flara g\u0259linc\u0259, i\u015find\u0259 olan h\u0259r k\u0259s i\u015finin ba\u015f\u0131ndad\u0131r\u201d.<\/p>\n\n\n\n<p><br>2022-ci il noyabr\u0131n 1-d\u0259 DTX-n\u0131n M\u0259d\u0259niyy\u0259t Nazirliyind\u0259 x\u00fcsusi \u0259m\u0259liyyat ke\u00e7irdiyi <a href=\"https:\/\/d9mc3ts4czbpr.cloudfront.net\/az\/article\/medeniyyet-nazirinin-muavini-elnur-eliyevin-saxlanildigi-deyilir\/\">bildirilib<\/a>. \u018fm\u0259liyyat zaman\u0131 m\u0259d\u0259niyy\u0259t nazirinin birinci m\u00fcavini Elnur \u018fliyev, T\u0259chizat v\u0259 \u0259mlak \u015f\u00f6b\u0259sinin m\u00fcdiri \u0130lkin N\u0259sibov, Protokol \u015f\u00f6b\u0259sinin \u0259m\u0259kda\u015f\u0131 Kamil Rzayevin saxlan\u0131lmas\u0131 haqda m\u0259lumat var.<\/p>\n\n\n\n<p><br>2022-ci il noyabr\u0131n 2-d\u0259 \u201cQafqazinfo\u201d yaz\u0131b ki, DTX t\u0259r\u0259find\u0259n saxlan\u0131lan M\u0259d\u0259niyy\u0259t Nazirliyinin \u015f\u00f6b\u0259 m\u00fcdiri \u0130lkin N\u0259sibov bar\u0259sind\u0259 4 ayl\u0131q h\u0259bsq\u0259timkan t\u0259dbiri <a href=\"https:\/\/qafqazinfo.az\/news\/detail\/dtx-terefinden-saxlanilan-sobe-reisi-baresinde-qerar-verildi-380973\">se\u00e7ilib<\/a>.<\/p>\n\n\n\n<p><br>Bununla ba\u011fl\u0131 q\u0259rar\u0131 S\u0259bail Rayon M\u0259hk\u0259m\u0259si \u00e7\u0131xar\u0131b.<\/p>\n\n\n\n<p><br>\u015e\u00f6b\u0259 m\u00fcdirinin Cinay\u0259t M\u0259c\u0259ll\u0259sinin 179.4-c\u00fc madd\u0259si (m\u0259nims\u0259m\u0259 v\u0259 ya israf etm\u0259) il\u0259 ittiham olundu\u011fu bildirilir.<\/p>\n\n\n\n<p><br>\u0130lkin N\u0259sibov 2020-ci ild\u0259 m\u0259d\u0259niyy\u0259t nazirinin v\u0259zif\u0259l\u0259rini m\u00fcv\u0259qq\u0259ti icra ed\u0259n Anar K\u0259rimovun \u0259mri il\u0259 Texniki t\u0259chizat v\u0259 \u0259mlak\u0131n idar\u0259edilm\u0259si \u015f\u00f6b\u0259sinin m\u00fcdiri v\u0259zif\u0259sin\u0259 t\u0259yin edilib.<br>H\u0259l\u0259 ki, h\u0259r iki qurumdan m\u0259s\u0259l\u0259 il\u0259 ba\u011fl\u0131 r\u0259smi a\u00e7\u0131qlama verilm\u0259yib.<\/p>\n","protected":false},"excerpt":{"rendered":"<p>\u201c\u018fm\u0259liyyat zaman\u0131 kiml\u0259rins\u0259 istintaqa c\u0259lb olunmas\u0131 onlar\u0131n h\u0259bs edilm\u0259si anlam\u0131na &#8230; <\/p>\n<p class=\"read-more-container\"><a title=\"M\u0259d\u0259niyy\u0259t Nazirliyind\u0259n: \u201cElnur \u018fliyev haz\u0131rda i\u015f ba\u015f\u0131ndad\u0131r\u201d\" class=\"read-more button\" href=\"https:\/\/www.meydan.tv\/az\/article\/medeniyyet-nazirliyinden-elnur-eliyev-hazirda-is-basindadir\/#more-260115\" aria-label=\"Read more about M\u0259d\u0259niyy\u0259t Nazirliyind\u0259n: \u201cElnur \u018fliyev haz\u0131rda i\u015f ba\u015f\u0131ndad\u0131r\u201d\">Davam\u0131<\/a><\/p>\n","protected":false},"author":18,"featured_media":260116,"comment_status":"closed","ping_status":"closed","sticky":false,"template":"","format":"standard","meta":{"_acf_changed":false,"_sitemap_exclude":false,"_sitemap_priority":"","_sitemap_frequency":"","footnotes":""},"categories":[52,56],"tags":[],"class_list":["post-260115","post","type-post","status-publish","format-standard","has-post-thumbnail","hentry","category-medeniyyet","category-xeberler","infinite-scroll-item","generate-columns","tablet-grid-50","mobile-grid-100","grid-parent","grid-33","no-featured-image-padding"],"acf":[],"yoast_head":"<!-- This site is optimized with the Yoast SEO plugin v27.4 - https:\/\/yoast.com\/product\/yoast-seo-wordpress\/ -->\n<title>M\u0259d\u0259niyy\u0259t Nazirliyind\u0259n: \u201cElnur \u018fliyev haz\u0131rda i\u015f ba\u015f\u0131ndad\u0131r\u201d - MEYDAN.TV<\/title>\n<meta name=\"robots\" content=\"index, follow, max-snippet:-1, max-image-preview:large, max-video-preview:-1\" \/>\n<link rel=\"canonical\" href=\"https:\/\/www.meydan.tv\/az\/article\/medeniyyet-nazirliyinden-elnur-eliyev-hazirda-is-basindadir\/\" \/>\n<meta property=\"og:locale\" content=\"az_AZ\" \/>\n<meta property=\"og:type\" content=\"article\" \/>\n<meta property=\"og:title\" content=\"M\u0259d\u0259niyy\u0259t Nazirliyind\u0259n: \u201cElnur \u018fliyev haz\u0131rda i\u015f ba\u015f\u0131ndad\u0131r\u201d - MEYDAN.TV\" \/>\n<meta property=\"og:description\" content=\"\u201c\u018fm\u0259liyyat zaman\u0131 kiml\u0259rins\u0259 istintaqa c\u0259lb olunmas\u0131 onlar\u0131n h\u0259bs edilm\u0259si anlam\u0131na ... Davam\u0131\" \/>\n<meta property=\"og:url\" content=\"https:\/\/www.meydan.tv\/az\/article\/medeniyyet-nazirliyinden-elnur-eliyev-hazirda-is-basindadir\/\" \/>\n<meta property=\"og:site_name\" content=\"MEYDAN.TV\" \/>\n<meta property=\"article:published_time\" content=\"2022-11-03T08:43:21+00:00\" \/>\n<meta property=\"article:modified_time\" content=\"2022-11-03T08:43:25+00:00\" \/>\n<meta property=\"og:image\" content=\"https:\/\/www.meydan.tv\/wp-content\/uploads\/elnur.jpg\" \/>\n\t<meta property=\"og:image:width\" content=\"1200\" \/>\n\t<meta property=\"og:image:height\" content=\"800\" \/>\n\t<meta property=\"og:image:type\" content=\"image\/jpeg\" \/>\n<meta name=\"author\" content=\"miron\" \/>\n<meta name=\"twitter:card\" content=\"summary_large_image\" \/>\n<script type=\"application\/ld+json\" class=\"yoast-schema-graph\">{\"@context\":\"https:\\\/\\\/schema.org\",\"@graph\":[{\"@type\":\"Article\",\"@id\":\"https:\\\/\\\/www.meydan.tv\\\/az\\\/article\\\/medeniyyet-nazirliyinden-elnur-eliyev-hazirda-is-basindadir\\\/#article\",\"isPartOf\":{\"@id\":\"https:\\\/\\\/www.meydan.tv\\\/az\\\/article\\\/medeniyyet-nazirliyinden-elnur-eliyev-hazirda-is-basindadir\\\/\"},\"author\":{\"name\":\"miron\",\"@id\":\"https:\\\/\\\/www.meydan.tv\\\/az\\\/#\\\/schema\\\/person\\\/981b0b284aeaa9ad0cbf814cd4a9d67c\"},\"headline\":\"M\u0259d\u0259niyy\u0259t Nazirliyind\u0259n: \u201cElnur \u018fliyev haz\u0131rda i\u015f ba\u015f\u0131ndad\u0131r\u201d\",\"datePublished\":\"2022-11-03T08:43:21+00:00\",\"dateModified\":\"2022-11-03T08:43:25+00:00\",\"mainEntityOfPage\":{\"@id\":\"https:\\\/\\\/www.meydan.tv\\\/az\\\/article\\\/medeniyyet-nazirliyinden-elnur-eliyev-hazirda-is-basindadir\\\/\"},\"wordCount\":467,\"publisher\":{\"@id\":\"https:\\\/\\\/www.meydan.tv\\\/az\\\/#organization\"},\"image\":{\"@id\":\"https:\\\/\\\/www.meydan.tv\\\/az\\\/article\\\/medeniyyet-nazirliyinden-elnur-eliyev-hazirda-is-basindadir\\\/#primaryimage\"},\"thumbnailUrl\":\"https:\\\/\\\/www.meydan.tv\\\/wp-content\\\/uploads\\\/elnur.jpg\",\"articleSection\":[\"M\u0259d\u0259niyy\u0259t\",\"X\u0259b\u0259rl\u0259r\"],\"inLanguage\":\"az\"},{\"@type\":\"WebPage\",\"@id\":\"https:\\\/\\\/www.meydan.tv\\\/az\\\/article\\\/medeniyyet-nazirliyinden-elnur-eliyev-hazirda-is-basindadir\\\/\",\"url\":\"https:\\\/\\\/www.meydan.tv\\\/az\\\/article\\\/medeniyyet-nazirliyinden-elnur-eliyev-hazirda-is-basindadir\\\/\",\"name\":\"M\u0259d\u0259niyy\u0259t Nazirliyind\u0259n: \u201cElnur \u018fliyev haz\u0131rda i\u015f ba\u015f\u0131ndad\u0131r\u201d - MEYDAN.TV\",\"isPartOf\":{\"@id\":\"https:\\\/\\\/www.meydan.tv\\\/az\\\/#website\"},\"primaryImageOfPage\":{\"@id\":\"https:\\\/\\\/www.meydan.tv\\\/az\\\/article\\\/medeniyyet-nazirliyinden-elnur-eliyev-hazirda-is-basindadir\\\/#primaryimage\"},\"image\":{\"@id\":\"https:\\\/\\\/www.meydan.tv\\\/az\\\/article\\\/medeniyyet-nazirliyinden-elnur-eliyev-hazirda-is-basindadir\\\/#primaryimage\"},\"thumbnailUrl\":\"https:\\\/\\\/www.meydan.tv\\\/wp-content\\\/uploads\\\/elnur.jpg\",\"datePublished\":\"2022-11-03T08:43:21+00:00\",\"dateModified\":\"2022-11-03T08:43:25+00:00\",\"breadcrumb\":{\"@id\":\"https:\\\/\\\/www.meydan.tv\\\/az\\\/article\\\/medeniyyet-nazirliyinden-elnur-eliyev-hazirda-is-basindadir\\\/#breadcrumb\"},\"inLanguage\":\"az\",\"potentialAction\":[{\"@type\":\"ReadAction\",\"target\":[\"https:\\\/\\\/www.meydan.tv\\\/az\\\/article\\\/medeniyyet-nazirliyinden-elnur-eliyev-hazirda-is-basindadir\\\/\"]}]},{\"@type\":\"ImageObject\",\"inLanguage\":\"az\",\"@id\":\"https:\\\/\\\/www.meydan.tv\\\/az\\\/article\\\/medeniyyet-nazirliyinden-elnur-eliyev-hazirda-is-basindadir\\\/#primaryimage\",\"url\":\"https:\\\/\\\/www.meydan.tv\\\/wp-content\\\/uploads\\\/elnur.jpg\",\"contentUrl\":\"https:\\\/\\\/www.meydan.tv\\\/wp-content\\\/uploads\\\/elnur.jpg\",\"width\":1200,\"height\":800,\"caption\":\"M\u0259nb\u0259:Apa\"},{\"@type\":\"BreadcrumbList\",\"@id\":\"https:\\\/\\\/www.meydan.tv\\\/az\\\/article\\\/medeniyyet-nazirliyinden-elnur-eliyev-hazirda-is-basindadir\\\/#breadcrumb\",\"itemListElement\":[{\"@type\":\"ListItem\",\"position\":1,\"name\":\"Ana s\u0259hif\u0259\",\"item\":\"https:\\\/\\\/www.meydan.tv\\\/az\\\/\"},{\"@type\":\"ListItem\",\"position\":2,\"name\":\"X\u0259b\u0259rl\u0259r\",\"item\":\"https:\\\/\\\/www.meydan.tv\\\/az\\\/section\\\/xeberler\\\/\"},{\"@type\":\"ListItem\",\"position\":3,\"name\":\"M\u0259d\u0259niyy\u0259t Nazirliyind\u0259n: \u201cElnur \u018fliyev haz\u0131rda i\u015f ba\u015f\u0131ndad\u0131r\u201d\"}]},{\"@type\":\"WebSite\",\"@id\":\"https:\\\/\\\/www.meydan.tv\\\/az\\\/#website\",\"url\":\"https:\\\/\\\/www.meydan.tv\\\/az\\\/\",\"name\":\"MEYDAN.TV\",\"description\":\"Meydan TV Az\u0259rbaycan\u0131n media m\u0259kan\u0131ndak\u0131 alternativ s\u0259sidir\",\"publisher\":{\"@id\":\"https:\\\/\\\/www.meydan.tv\\\/az\\\/#organization\"},\"potentialAction\":[{\"@type\":\"SearchAction\",\"target\":{\"@type\":\"EntryPoint\",\"urlTemplate\":\"https:\\\/\\\/www.meydan.tv\\\/az\\\/?s={search_term_string}\"},\"query-input\":{\"@type\":\"PropertyValueSpecification\",\"valueRequired\":true,\"valueName\":\"search_term_string\"}}],\"inLanguage\":\"az\"},{\"@type\":\"Organization\",\"@id\":\"https:\\\/\\\/www.meydan.tv\\\/az\\\/#organization\",\"name\":\"Meydan TV\",\"url\":\"https:\\\/\\\/www.meydan.tv\\\/az\\\/\",\"logo\":{\"@type\":\"ImageObject\",\"inLanguage\":\"az\",\"@id\":\"https:\\\/\\\/www.meydan.tv\\\/az\\\/#\\\/schema\\\/logo\\\/image\\\/\",\"url\":\"https:\\\/\\\/www.meydan.tv\\\/wp-content\\\/uploads\\\/2021\\\/07\\\/meydan-logo.svg\",\"contentUrl\":\"https:\\\/\\\/www.meydan.tv\\\/wp-content\\\/uploads\\\/2021\\\/07\\\/meydan-logo.svg\",\"width\":195,\"height\":46,\"caption\":\"Meydan TV\"},\"image\":{\"@id\":\"https:\\\/\\\/www.meydan.tv\\\/az\\\/#\\\/schema\\\/logo\\\/image\\\/\"}},{\"@type\":\"Person\",\"@id\":\"https:\\\/\\\/www.meydan.tv\\\/az\\\/#\\\/schema\\\/person\\\/981b0b284aeaa9ad0cbf814cd4a9d67c\",\"name\":\"miron\"}]}<\/script>\n<!-- \/ Yoast SEO plugin. -->","yoast_head_json":{"title":"M\u0259d\u0259niyy\u0259t Nazirliyind\u0259n: \u201cElnur \u018fliyev haz\u0131rda i\u015f ba\u015f\u0131ndad\u0131r\u201d - MEYDAN.TV","robots":{"index":"index","follow":"follow","max-snippet":"max-snippet:-1","max-image-preview":"max-image-preview:large","max-video-preview":"max-video-preview:-1"},"canonical":"https:\/\/www.meydan.tv\/az\/article\/medeniyyet-nazirliyinden-elnur-eliyev-hazirda-is-basindadir\/","og_locale":"az_AZ","og_type":"article","og_title":"M\u0259d\u0259niyy\u0259t Nazirliyind\u0259n: \u201cElnur \u018fliyev haz\u0131rda i\u015f ba\u015f\u0131ndad\u0131r\u201d - MEYDAN.TV","og_description":"\u201c\u018fm\u0259liyyat zaman\u0131 kiml\u0259rins\u0259 istintaqa c\u0259lb olunmas\u0131 onlar\u0131n h\u0259bs edilm\u0259si anlam\u0131na ... Davam\u0131","og_url":"https:\/\/www.meydan.tv\/az\/article\/medeniyyet-nazirliyinden-elnur-eliyev-hazirda-is-basindadir\/","og_site_name":"MEYDAN.TV","article_published_time":"2022-11-03T08:43:21+00:00","article_modified_time":"2022-11-03T08:43:25+00:00","og_image":[{"width":1200,"height":800,"url":"https:\/\/www.meydan.tv\/wp-content\/uploads\/elnur.jpg","type":"image\/jpeg"}],"author":"miron","twitter_card":"summary_large_image","schema":{"@context":"https:\/\/schema.org","@graph":[{"@type":"Article","@id":"https:\/\/www.meydan.tv\/az\/article\/medeniyyet-nazirliyinden-elnur-eliyev-hazirda-is-basindadir\/#article","isPartOf":{"@id":"https:\/\/www.meydan.tv\/az\/article\/medeniyyet-nazirliyinden-elnur-eliyev-hazirda-is-basindadir\/"},"author":{"name":"miron","@id":"https:\/\/www.meydan.tv\/az\/#\/schema\/person\/981b0b284aeaa9ad0cbf814cd4a9d67c"},"headline":"M\u0259d\u0259niyy\u0259t Nazirliyind\u0259n: \u201cElnur \u018fliyev haz\u0131rda i\u015f ba\u015f\u0131ndad\u0131r\u201d","datePublished":"2022-11-03T08:43:21+00:00","dateModified":"2022-11-03T08:43:25+00:00","mainEntityOfPage":{"@id":"https:\/\/www.meydan.tv\/az\/article\/medeniyyet-nazirliyinden-elnur-eliyev-hazirda-is-basindadir\/"},"wordCount":467,"publisher":{"@id":"https:\/\/www.meydan.tv\/az\/#organization"},"image":{"@id":"https:\/\/www.meydan.tv\/az\/article\/medeniyyet-nazirliyinden-elnur-eliyev-hazirda-is-basindadir\/#primaryimage"},"thumbnailUrl":"https:\/\/www.meydan.tv\/wp-content\/uploads\/elnur.jpg","articleSection":["M\u0259d\u0259niyy\u0259t","X\u0259b\u0259rl\u0259r"],"inLanguage":"az"},{"@type":"WebPage","@id":"https:\/\/www.meydan.tv\/az\/article\/medeniyyet-nazirliyinden-elnur-eliyev-hazirda-is-basindadir\/","url":"https:\/\/www.meydan.tv\/az\/article\/medeniyyet-nazirliyinden-elnur-eliyev-hazirda-is-basindadir\/","name":"M\u0259d\u0259niyy\u0259t Nazirliyind\u0259n: \u201cElnur \u018fliyev haz\u0131rda i\u015f ba\u015f\u0131ndad\u0131r\u201d - MEYDAN.TV","isPartOf":{"@id":"https:\/\/www.meydan.tv\/az\/#website"},"primaryImageOfPage":{"@id":"https:\/\/www.meydan.tv\/az\/article\/medeniyyet-nazirliyinden-elnur-eliyev-hazirda-is-basindadir\/#primaryimage"},"image":{"@id":"https:\/\/www.meydan.tv\/az\/article\/medeniyyet-nazirliyinden-elnur-eliyev-hazirda-is-basindadir\/#primaryimage"},"thumbnailUrl":"https:\/\/www.meydan.tv\/wp-content\/uploads\/elnur.jpg","datePublished":"2022-11-03T08:43:21+00:00","dateModified":"2022-11-03T08:43:25+00:00","breadcrumb":{"@id":"https:\/\/www.meydan.tv\/az\/article\/medeniyyet-nazirliyinden-elnur-eliyev-hazirda-is-basindadir\/#breadcrumb"},"inLanguage":"az","potentialAction":[{"@type":"ReadAction","target":["https:\/\/www.meydan.tv\/az\/article\/medeniyyet-nazirliyinden-elnur-eliyev-hazirda-is-basindadir\/"]}]},{"@type":"ImageObject","inLanguage":"az","@id":"https:\/\/www.meydan.tv\/az\/article\/medeniyyet-nazirliyinden-elnur-eliyev-hazirda-is-basindadir\/#primaryimage","url":"https:\/\/www.meydan.tv\/wp-content\/uploads\/elnur.jpg","contentUrl":"https:\/\/www.meydan.tv\/wp-content\/uploads\/elnur.jpg","width":1200,"height":800,"caption":"M\u0259nb\u0259:Apa"},{"@type":"BreadcrumbList","@id":"https:\/\/www.meydan.tv\/az\/article\/medeniyyet-nazirliyinden-elnur-eliyev-hazirda-is-basindadir\/#breadcrumb","itemListElement":[{"@type":"ListItem","position":1,"name":"Ana s\u0259hif\u0259","item":"https:\/\/www.meydan.tv\/az\/"},{"@type":"ListItem","position":2,"name":"X\u0259b\u0259rl\u0259r","item":"https:\/\/www.meydan.tv\/az\/section\/xeberler\/"},{"@type":"ListItem","position":3,"name":"M\u0259d\u0259niyy\u0259t Nazirliyind\u0259n: \u201cElnur \u018fliyev haz\u0131rda i\u015f ba\u015f\u0131ndad\u0131r\u201d"}]},{"@type":"WebSite","@id":"https:\/\/www.meydan.tv\/az\/#website","url":"https:\/\/www.meydan.tv\/az\/","name":"MEYDAN.TV","description":"Meydan TV Az\u0259rbaycan\u0131n media m\u0259kan\u0131ndak\u0131 alternativ s\u0259sidir","publisher":{"@id":"https:\/\/www.meydan.tv\/az\/#organization"},"potentialAction":[{"@type":"SearchAction","target":{"@type":"EntryPoint","urlTemplate":"https:\/\/www.meydan.tv\/az\/?s={search_term_string}"},"query-input":{"@type":"PropertyValueSpecification","valueRequired":true,"valueName":"search_term_string"}}],"inLanguage":"az"},{"@type":"Organization","@id":"https:\/\/www.meydan.tv\/az\/#organization","name":"Meydan TV","url":"https:\/\/www.meydan.tv\/az\/","logo":{"@type":"ImageObject","inLanguage":"az","@id":"https:\/\/www.meydan.tv\/az\/#\/schema\/logo\/image\/","url":"https:\/\/www.meydan.tv\/wp-content\/uploads\/2021\/07\/meydan-logo.svg","contentUrl":"https:\/\/www.meydan.tv\/wp-content\/uploads\/2021\/07\/meydan-logo.svg","width":195,"height":46,"caption":"Meydan TV"},"image":{"@id":"https:\/\/www.meydan.tv\/az\/#\/schema\/logo\/image\/"}},{"@type":"Person","@id":"https:\/\/www.meydan.tv\/az\/#\/schema\/person\/981b0b284aeaa9ad0cbf814cd4a9d67c","name":"miron"}]}},"_links":{"self":[{"href":"https:\/\/www.meydan.tv\/az\/wp-json\/wp\/v2\/posts\/260115","targetHints":{"allow":["GET"]}}],"collection":[{"href":"https:\/\/www.meydan.tv\/az\/wp-json\/wp\/v2\/posts"}],"about":[{"href":"https:\/\/www.meydan.tv\/az\/wp-json\/wp\/v2\/types\/post"}],"author":[{"embeddable":true,"href":"https:\/\/www.meydan.tv\/az\/wp-json\/wp\/v2\/users\/18"}],"replies":[{"embeddable":true,"href":"https:\/\/www.meydan.tv\/az\/wp-json\/wp\/v2\/comments?post=260115"}],"version-history":[{"count":2,"href":"https:\/\/www.meydan.tv\/az\/wp-json\/wp\/v2\/posts\/260115\/revisions"}],"predecessor-version":[{"id":260120,"href":"https:\/\/www.meydan.tv\/az\/wp-json\/wp\/v2\/posts\/260115\/revisions\/260120"}],"wp:featuredmedia":[{"embeddable":true,"href":"https:\/\/www.meydan.tv\/az\/wp-json\/wp\/v2\/media\/260116"}],"wp:attachment":[{"href":"https:\/\/www.meydan.tv\/az\/wp-json\/wp\/v2\/media?parent=260115"}],"wp:term":[{"taxonomy":"category","embeddable":true,"href":"https:\/\/www.meydan.tv\/az\/wp-json\/wp\/v2\/categories?post=260115"},{"taxonomy":"post_tag","embeddable":true,"href":"https:\/\/www.meydan.tv\/az\/wp-json\/wp\/v2\/tags?post=260115"}],"curies":[{"name":"wp","href":"https:\/\/api.w.org\/{rel}","templated":true}]}}