{"id":259940,"date":"2022-11-01T15:01:17","date_gmt":"2022-11-01T11:01:17","guid":{"rendered":"https:\/\/www.meydan.tv\/?p=259940"},"modified":"2022-11-01T15:14:52","modified_gmt":"2022-11-01T11:14:52","slug":"medeniyyet-nazirinin-muavini-elnur-eliyevin-saxlanildigi-deyilir","status":"publish","type":"post","link":"https:\/\/www.meydan.tv\/az\/article\/medeniyyet-nazirinin-muavini-elnur-eliyevin-saxlanildigi-deyilir\/","title":{"rendered":"M\u0259d\u0259niyy\u0259t nazirinin m\u00fcavini Elnur \u018fliyevin saxlan\u0131ld\u0131\u011f\u0131 deyilir (Yenil\u0259nib)"},"content":{"rendered":"\n<p><em>DTX-n\u0131n nazirlikd\u0259 \u0259m\u0259liyyat ke\u00e7irdiyi deyils\u0259 d\u0259, r\u0259smi a\u00e7\u0131qlama yoxdur<\/em><\/p>\n\n\n\n<p>Saxlan\u0131lanlar aras\u0131nda nazirliyin T\u0259chizat v\u0259 \u0259mlak \u015f\u00f6b\u0259sinin m\u00fcdiri \u0130lkin N\u0259sibovin, Protokol \u015f\u00f6b\u0259sinin \u0259m\u0259kda\u015f\u0131 Kamil Rzayevin d\u0259 oldu\u011fu haqda <a href=\"https:\/\/az.trend.az\/azerbaijan\/gundem\/3664221.html\" target=\"_blank\" rel=\"noreferrer noopener\">m\u0259lumat<\/a> var\u00a0.<\/p>\n\n\n\n<p>+++<\/p>\n\n\n\n<p>D\u00f6vl\u0259t T\u0259hl\u00fck\u0259sizliyi Xidm\u0259tinin (DTX) M\u0259d\u0259niyy\u0259t Nazirliyind\u0259 x\u00fcsusi \u0259m\u0259liyyat ke\u00e7irdiyi bildirilir.<\/p>\n\n\n\n<p><a href=\"https:\/\/apa.az\/az\/hadise\/medeniyyet-nazirinin-birinci-muavini-elnur-eliyev-istintaqa-celb-edilib-730453\">APA-n\u0131n<\/a> m\u0259lumat\u0131na \u0259sas\u0259n, \u0259m\u0259liyyat zaman\u0131 m\u0259d\u0259niyy\u0259t nazirinin birinci m\u00fcavini Elnur \u018fliyev saxlan\u0131l\u0131b  v\u0259 istintaqa c\u0259lb edilib.<\/p>\n\n\n\n<p><br>M\u0259lumat\u0131 Meydan TV-y\u0259 h\u00fcquq-m\u00fchafiz\u0259 orqanlar\u0131ndak\u0131 m\u0259nb\u0259si d\u0259 t\u0259sdiql\u0259yib.<br>H\u0259l\u0259lik bu bar\u0259d\u0259 r\u0259smi a\u00e7\u0131qlama yoxdur.<\/p>\n\n\n\n<p><br>Elnur \u018fliyev 2021-ci il sentyabr\u0131n 7-d\u0259 Prezident \u0130lham \u018fliyevin s\u0259r\u0259ncam\u0131 il\u0259 Az\u0259rbaycan\u0131n m\u0259d\u0259niyy\u0259t nazirinin birinci m\u00fcavini v\u0259zif\u0259sin\u0259 t\u0259yin olunub.<\/p>\n\n\n\n<p>Elnur \u018fliyev 1979-cu ild\u0259 Bak\u0131da do\u011fulub.<\/p>\n\n\n\n<p><br>1999-cu ild\u0259 Az\u0259rbaycan D\u00f6vl\u0259t \u0130qtisad Universitetinin Maliyy\u0259 v\u0259 kredit ixtisas\u0131 \u00fczr\u0259 bakalavr v\u0259 2001-ci ild\u0259 \u0130qtisad Universitetinin eyni ixtisas \u00fczr\u0259 magistr d\u0259r\u0259c\u0259sini, 2013-c\u00fc ild\u0259 B\u00f6y\u00fck Britaniyan\u0131n Man\u00e7estr Universitetinin Maliyy\u0259 ixtisas\u0131 \u00fczr\u0259 MBA d\u0259r\u0259c\u0259sini al\u0131b.<\/p>\n\n\n\n<p><br>O, 2000-2008-ci ill\u0259rd\u0259 Xarici \u0130\u015fl\u0259r Nazirliyinin sistemind\u0259 \u00e7al\u0131\u015f\u0131b.<\/p>\n\n\n\n<p><br>2008-2017-ci ill\u0259rd\u0259 \u0130slam \u0130nki\u015faf Bank\u0131nda i\u015fl\u0259yib. Son t\u0259yinata q\u0259d\u0259r Birl\u0259\u015fmi\u015f \u018fr\u0259b \u018fmirlikl\u0259rind\u0259 Az\u0259rbaycan\u0131n Ticar\u0259t N\u00fcmay\u0259nd\u0259si kimi \u00e7al\u0131\u015f\u0131b.<\/p>\n\n\n\n<p><br>2020-ci il avqustun 12-d\u0259n m\u0259d\u0259niyy\u0259t nazirinin m\u00fc\u015faviri v\u0259zif\u0259sind\u0259 i\u015fl\u0259yib.<\/p>\n\n\n\n<p><br>2022-ci il oktyabr\u0131n 26-da Hesablama Palatas\u0131 d\u00f6vl\u0259t sifari\u015fi il\u0259 filml\u0259rin \u00e7\u0259kilm\u0259si zaman\u0131 ciddi maliyy\u0259 pozuntular\u0131n\u0131n a\u015fkarlanmas\u0131na dair <a href=\"https:\/\/d9mc3ts4czbpr.cloudfront.net\/az\/article\/dovlet-sifarisi-ile-film-cekenler-pullari-nece-xercleyib\/\">hesabat<\/a> yay\u0131mlay\u0131b.<\/p>\n\n\n\n<p>Palata t\u00f6vsiy\u0259 edirdi ki, n\u00f6qsana yol ver\u0259n m\u0259sul \u015f\u0259xsl\u0259r m\u0259suliyy\u0259t\u0259 c\u0259lb olunsunlar.<\/p>\n\n\n\n<p><br>M\u0259d\u0259niyy\u0259t nazirinin ke\u00e7mi\u015f m\u00fcavini Rafiq Bayramov 2020-ci ild\u0259 DTX-n\u0131n ke\u00e7irdiyi \u0259m\u0259liyyatda saxlan\u0131l\u0131b v\u0259 m\u0259hk\u0259m\u0259nin h\u00f6km\u00fc il\u0259 azadl\u0131qdan <a href=\"https:\/\/d9mc3ts4czbpr.cloudfront.net\/az\/article\/dovlet-sifarisi-ile-film-cekenler-pullari-nece-xercleyib\/\">m\u0259hrum edilib<\/a>.<\/p>\n\n\n\n<p><\/p>\n","protected":false},"excerpt":{"rendered":"<p>DTX-n\u0131n nazirlikd\u0259 \u0259m\u0259liyyat ke\u00e7irdiyi deyils\u0259 d\u0259, r\u0259smi a\u00e7\u0131qlama yoxdur Saxlan\u0131lanlar &#8230; <\/p>\n<p class=\"read-more-container\"><a title=\"M\u0259d\u0259niyy\u0259t nazirinin m\u00fcavini Elnur \u018fliyevin saxlan\u0131ld\u0131\u011f\u0131 deyilir (Yenil\u0259nib)\" class=\"read-more button\" href=\"https:\/\/www.meydan.tv\/az\/article\/medeniyyet-nazirinin-muavini-elnur-eliyevin-saxlanildigi-deyilir\/#more-259940\" aria-label=\"Read more about M\u0259d\u0259niyy\u0259t nazirinin m\u00fcavini Elnur \u018fliyevin saxlan\u0131ld\u0131\u011f\u0131 deyilir (Yenil\u0259nib)\">Davam\u0131<\/a><\/p>\n","protected":false},"author":18,"featured_media":259944,"comment_status":"closed","ping_status":"closed","sticky":false,"template":"","format":"standard","meta":{"_acf_changed":false,"_sitemap_exclude":false,"_sitemap_priority":"","_sitemap_frequency":"","footnotes":""},"categories":[52,79,56],"tags":[],"class_list":["post-259940","post","type-post","status-publish","format-standard","has-post-thumbnail","hentry","category-medeniyyet","category-featured","category-xeberler","infinite-scroll-item","generate-columns","tablet-grid-50","mobile-grid-100","grid-parent","grid-33","no-featured-image-padding"],"acf":[],"yoast_head":"<!-- This site is optimized with the Yoast SEO plugin v27.4 - https:\/\/yoast.com\/product\/yoast-seo-wordpress\/ -->\n<title>M\u0259d\u0259niyy\u0259t nazirinin m\u00fcavini Elnur \u018fliyevin saxlan\u0131ld\u0131\u011f\u0131 deyilir (Yenil\u0259nib) - MEYDAN.TV<\/title>\n<meta name=\"robots\" content=\"index, follow, max-snippet:-1, max-image-preview:large, max-video-preview:-1\" \/>\n<link rel=\"canonical\" href=\"https:\/\/www.meydan.tv\/az\/article\/medeniyyet-nazirinin-muavini-elnur-eliyevin-saxlanildigi-deyilir\/\" \/>\n<meta property=\"og:locale\" content=\"az_AZ\" \/>\n<meta property=\"og:type\" content=\"article\" \/>\n<meta property=\"og:title\" content=\"M\u0259d\u0259niyy\u0259t nazirinin m\u00fcavini Elnur \u018fliyevin saxlan\u0131ld\u0131\u011f\u0131 deyilir (Yenil\u0259nib) - MEYDAN.TV\" \/>\n<meta property=\"og:description\" content=\"DTX-n\u0131n nazirlikd\u0259 \u0259m\u0259liyyat ke\u00e7irdiyi deyils\u0259 d\u0259, r\u0259smi a\u00e7\u0131qlama yoxdur Saxlan\u0131lanlar ... Davam\u0131\" \/>\n<meta property=\"og:url\" content=\"https:\/\/www.meydan.tv\/az\/article\/medeniyyet-nazirinin-muavini-elnur-eliyevin-saxlanildigi-deyilir\/\" \/>\n<meta property=\"og:site_name\" content=\"MEYDAN.TV\" \/>\n<meta property=\"article:published_time\" content=\"2022-11-01T11:01:17+00:00\" \/>\n<meta property=\"article:modified_time\" content=\"2022-11-01T11:14:52+00:00\" \/>\n<meta property=\"og:image\" content=\"https:\/\/www.meydan.tv\/wp-content\/uploads\/6360ea9ab6d8e6360ea9ab6d8f16672958986360ea9ab6d8b6360ea9ab6d8c.jpg\" \/>\n\t<meta property=\"og:image:width\" content=\"1200\" \/>\n\t<meta property=\"og:image:height\" content=\"800\" \/>\n\t<meta property=\"og:image:type\" content=\"image\/jpeg\" \/>\n<meta name=\"author\" content=\"miron\" \/>\n<meta name=\"twitter:card\" content=\"summary_large_image\" \/>\n<script type=\"application\/ld+json\" class=\"yoast-schema-graph\">{\"@context\":\"https:\\\/\\\/schema.org\",\"@graph\":[{\"@type\":\"Article\",\"@id\":\"https:\\\/\\\/www.meydan.tv\\\/az\\\/article\\\/medeniyyet-nazirinin-muavini-elnur-eliyevin-saxlanildigi-deyilir\\\/#article\",\"isPartOf\":{\"@id\":\"https:\\\/\\\/www.meydan.tv\\\/az\\\/article\\\/medeniyyet-nazirinin-muavini-elnur-eliyevin-saxlanildigi-deyilir\\\/\"},\"author\":{\"name\":\"miron\",\"@id\":\"https:\\\/\\\/www.meydan.tv\\\/az\\\/#\\\/schema\\\/person\\\/981b0b284aeaa9ad0cbf814cd4a9d67c\"},\"headline\":\"M\u0259d\u0259niyy\u0259t nazirinin m\u00fcavini Elnur \u018fliyevin saxlan\u0131ld\u0131\u011f\u0131 deyilir (Yenil\u0259nib)\",\"datePublished\":\"2022-11-01T11:01:17+00:00\",\"dateModified\":\"2022-11-01T11:14:52+00:00\",\"mainEntityOfPage\":{\"@id\":\"https:\\\/\\\/www.meydan.tv\\\/az\\\/article\\\/medeniyyet-nazirinin-muavini-elnur-eliyevin-saxlanildigi-deyilir\\\/\"},\"wordCount\":374,\"publisher\":{\"@id\":\"https:\\\/\\\/www.meydan.tv\\\/az\\\/#organization\"},\"image\":{\"@id\":\"https:\\\/\\\/www.meydan.tv\\\/az\\\/article\\\/medeniyyet-nazirinin-muavini-elnur-eliyevin-saxlanildigi-deyilir\\\/#primaryimage\"},\"thumbnailUrl\":\"https:\\\/\\\/www.meydan.tv\\\/wp-content\\\/uploads\\\/6360ea9ab6d8e6360ea9ab6d8f16672958986360ea9ab6d8b6360ea9ab6d8c.jpg\",\"articleSection\":[\"M\u0259d\u0259niyy\u0259t\",\"T\u00f6vsiy\u0259\",\"X\u0259b\u0259rl\u0259r\"],\"inLanguage\":\"az\"},{\"@type\":\"WebPage\",\"@id\":\"https:\\\/\\\/www.meydan.tv\\\/az\\\/article\\\/medeniyyet-nazirinin-muavini-elnur-eliyevin-saxlanildigi-deyilir\\\/\",\"url\":\"https:\\\/\\\/www.meydan.tv\\\/az\\\/article\\\/medeniyyet-nazirinin-muavini-elnur-eliyevin-saxlanildigi-deyilir\\\/\",\"name\":\"M\u0259d\u0259niyy\u0259t nazirinin m\u00fcavini Elnur \u018fliyevin saxlan\u0131ld\u0131\u011f\u0131 deyilir (Yenil\u0259nib) - MEYDAN.TV\",\"isPartOf\":{\"@id\":\"https:\\\/\\\/www.meydan.tv\\\/az\\\/#website\"},\"primaryImageOfPage\":{\"@id\":\"https:\\\/\\\/www.meydan.tv\\\/az\\\/article\\\/medeniyyet-nazirinin-muavini-elnur-eliyevin-saxlanildigi-deyilir\\\/#primaryimage\"},\"image\":{\"@id\":\"https:\\\/\\\/www.meydan.tv\\\/az\\\/article\\\/medeniyyet-nazirinin-muavini-elnur-eliyevin-saxlanildigi-deyilir\\\/#primaryimage\"},\"thumbnailUrl\":\"https:\\\/\\\/www.meydan.tv\\\/wp-content\\\/uploads\\\/6360ea9ab6d8e6360ea9ab6d8f16672958986360ea9ab6d8b6360ea9ab6d8c.jpg\",\"datePublished\":\"2022-11-01T11:01:17+00:00\",\"dateModified\":\"2022-11-01T11:14:52+00:00\",\"breadcrumb\":{\"@id\":\"https:\\\/\\\/www.meydan.tv\\\/az\\\/article\\\/medeniyyet-nazirinin-muavini-elnur-eliyevin-saxlanildigi-deyilir\\\/#breadcrumb\"},\"inLanguage\":\"az\",\"potentialAction\":[{\"@type\":\"ReadAction\",\"target\":[\"https:\\\/\\\/www.meydan.tv\\\/az\\\/article\\\/medeniyyet-nazirinin-muavini-elnur-eliyevin-saxlanildigi-deyilir\\\/\"]}]},{\"@type\":\"ImageObject\",\"inLanguage\":\"az\",\"@id\":\"https:\\\/\\\/www.meydan.tv\\\/az\\\/article\\\/medeniyyet-nazirinin-muavini-elnur-eliyevin-saxlanildigi-deyilir\\\/#primaryimage\",\"url\":\"https:\\\/\\\/www.meydan.tv\\\/wp-content\\\/uploads\\\/6360ea9ab6d8e6360ea9ab6d8f16672958986360ea9ab6d8b6360ea9ab6d8c.jpg\",\"contentUrl\":\"https:\\\/\\\/www.meydan.tv\\\/wp-content\\\/uploads\\\/6360ea9ab6d8e6360ea9ab6d8f16672958986360ea9ab6d8b6360ea9ab6d8c.jpg\",\"width\":1200,\"height\":800,\"caption\":\"M\u0259nb\u0259: APA\"},{\"@type\":\"BreadcrumbList\",\"@id\":\"https:\\\/\\\/www.meydan.tv\\\/az\\\/article\\\/medeniyyet-nazirinin-muavini-elnur-eliyevin-saxlanildigi-deyilir\\\/#breadcrumb\",\"itemListElement\":[{\"@type\":\"ListItem\",\"position\":1,\"name\":\"Ana s\u0259hif\u0259\",\"item\":\"https:\\\/\\\/www.meydan.tv\\\/az\\\/\"},{\"@type\":\"ListItem\",\"position\":2,\"name\":\"X\u0259b\u0259rl\u0259r\",\"item\":\"https:\\\/\\\/www.meydan.tv\\\/az\\\/section\\\/xeberler\\\/\"},{\"@type\":\"ListItem\",\"position\":3,\"name\":\"M\u0259d\u0259niyy\u0259t nazirinin m\u00fcavini Elnur \u018fliyevin saxlan\u0131ld\u0131\u011f\u0131 deyilir (Yenil\u0259nib)\"}]},{\"@type\":\"WebSite\",\"@id\":\"https:\\\/\\\/www.meydan.tv\\\/az\\\/#website\",\"url\":\"https:\\\/\\\/www.meydan.tv\\\/az\\\/\",\"name\":\"MEYDAN.TV\",\"description\":\"Meydan TV Az\u0259rbaycan\u0131n media m\u0259kan\u0131ndak\u0131 alternativ s\u0259sidir\",\"publisher\":{\"@id\":\"https:\\\/\\\/www.meydan.tv\\\/az\\\/#organization\"},\"potentialAction\":[{\"@type\":\"SearchAction\",\"target\":{\"@type\":\"EntryPoint\",\"urlTemplate\":\"https:\\\/\\\/www.meydan.tv\\\/az\\\/?s={search_term_string}\"},\"query-input\":{\"@type\":\"PropertyValueSpecification\",\"valueRequired\":true,\"valueName\":\"search_term_string\"}}],\"inLanguage\":\"az\"},{\"@type\":\"Organization\",\"@id\":\"https:\\\/\\\/www.meydan.tv\\\/az\\\/#organization\",\"name\":\"Meydan TV\",\"url\":\"https:\\\/\\\/www.meydan.tv\\\/az\\\/\",\"logo\":{\"@type\":\"ImageObject\",\"inLanguage\":\"az\",\"@id\":\"https:\\\/\\\/www.meydan.tv\\\/az\\\/#\\\/schema\\\/logo\\\/image\\\/\",\"url\":\"https:\\\/\\\/www.meydan.tv\\\/wp-content\\\/uploads\\\/2021\\\/07\\\/meydan-logo.svg\",\"contentUrl\":\"https:\\\/\\\/www.meydan.tv\\\/wp-content\\\/uploads\\\/2021\\\/07\\\/meydan-logo.svg\",\"width\":195,\"height\":46,\"caption\":\"Meydan TV\"},\"image\":{\"@id\":\"https:\\\/\\\/www.meydan.tv\\\/az\\\/#\\\/schema\\\/logo\\\/image\\\/\"}},{\"@type\":\"Person\",\"@id\":\"https:\\\/\\\/www.meydan.tv\\\/az\\\/#\\\/schema\\\/person\\\/981b0b284aeaa9ad0cbf814cd4a9d67c\",\"name\":\"miron\"}]}<\/script>\n<!-- \/ Yoast SEO plugin. -->","yoast_head_json":{"title":"M\u0259d\u0259niyy\u0259t nazirinin m\u00fcavini Elnur \u018fliyevin saxlan\u0131ld\u0131\u011f\u0131 deyilir (Yenil\u0259nib) - MEYDAN.TV","robots":{"index":"index","follow":"follow","max-snippet":"max-snippet:-1","max-image-preview":"max-image-preview:large","max-video-preview":"max-video-preview:-1"},"canonical":"https:\/\/www.meydan.tv\/az\/article\/medeniyyet-nazirinin-muavini-elnur-eliyevin-saxlanildigi-deyilir\/","og_locale":"az_AZ","og_type":"article","og_title":"M\u0259d\u0259niyy\u0259t nazirinin m\u00fcavini Elnur \u018fliyevin saxlan\u0131ld\u0131\u011f\u0131 deyilir (Yenil\u0259nib) - MEYDAN.TV","og_description":"DTX-n\u0131n nazirlikd\u0259 \u0259m\u0259liyyat ke\u00e7irdiyi deyils\u0259 d\u0259, r\u0259smi a\u00e7\u0131qlama yoxdur Saxlan\u0131lanlar ... Davam\u0131","og_url":"https:\/\/www.meydan.tv\/az\/article\/medeniyyet-nazirinin-muavini-elnur-eliyevin-saxlanildigi-deyilir\/","og_site_name":"MEYDAN.TV","article_published_time":"2022-11-01T11:01:17+00:00","article_modified_time":"2022-11-01T11:14:52+00:00","og_image":[{"width":1200,"height":800,"url":"https:\/\/www.meydan.tv\/wp-content\/uploads\/6360ea9ab6d8e6360ea9ab6d8f16672958986360ea9ab6d8b6360ea9ab6d8c.jpg","type":"image\/jpeg"}],"author":"miron","twitter_card":"summary_large_image","schema":{"@context":"https:\/\/schema.org","@graph":[{"@type":"Article","@id":"https:\/\/www.meydan.tv\/az\/article\/medeniyyet-nazirinin-muavini-elnur-eliyevin-saxlanildigi-deyilir\/#article","isPartOf":{"@id":"https:\/\/www.meydan.tv\/az\/article\/medeniyyet-nazirinin-muavini-elnur-eliyevin-saxlanildigi-deyilir\/"},"author":{"name":"miron","@id":"https:\/\/www.meydan.tv\/az\/#\/schema\/person\/981b0b284aeaa9ad0cbf814cd4a9d67c"},"headline":"M\u0259d\u0259niyy\u0259t nazirinin m\u00fcavini Elnur \u018fliyevin saxlan\u0131ld\u0131\u011f\u0131 deyilir (Yenil\u0259nib)","datePublished":"2022-11-01T11:01:17+00:00","dateModified":"2022-11-01T11:14:52+00:00","mainEntityOfPage":{"@id":"https:\/\/www.meydan.tv\/az\/article\/medeniyyet-nazirinin-muavini-elnur-eliyevin-saxlanildigi-deyilir\/"},"wordCount":374,"publisher":{"@id":"https:\/\/www.meydan.tv\/az\/#organization"},"image":{"@id":"https:\/\/www.meydan.tv\/az\/article\/medeniyyet-nazirinin-muavini-elnur-eliyevin-saxlanildigi-deyilir\/#primaryimage"},"thumbnailUrl":"https:\/\/www.meydan.tv\/wp-content\/uploads\/6360ea9ab6d8e6360ea9ab6d8f16672958986360ea9ab6d8b6360ea9ab6d8c.jpg","articleSection":["M\u0259d\u0259niyy\u0259t","T\u00f6vsiy\u0259","X\u0259b\u0259rl\u0259r"],"inLanguage":"az"},{"@type":"WebPage","@id":"https:\/\/www.meydan.tv\/az\/article\/medeniyyet-nazirinin-muavini-elnur-eliyevin-saxlanildigi-deyilir\/","url":"https:\/\/www.meydan.tv\/az\/article\/medeniyyet-nazirinin-muavini-elnur-eliyevin-saxlanildigi-deyilir\/","name":"M\u0259d\u0259niyy\u0259t nazirinin m\u00fcavini Elnur \u018fliyevin saxlan\u0131ld\u0131\u011f\u0131 deyilir (Yenil\u0259nib) - MEYDAN.TV","isPartOf":{"@id":"https:\/\/www.meydan.tv\/az\/#website"},"primaryImageOfPage":{"@id":"https:\/\/www.meydan.tv\/az\/article\/medeniyyet-nazirinin-muavini-elnur-eliyevin-saxlanildigi-deyilir\/#primaryimage"},"image":{"@id":"https:\/\/www.meydan.tv\/az\/article\/medeniyyet-nazirinin-muavini-elnur-eliyevin-saxlanildigi-deyilir\/#primaryimage"},"thumbnailUrl":"https:\/\/www.meydan.tv\/wp-content\/uploads\/6360ea9ab6d8e6360ea9ab6d8f16672958986360ea9ab6d8b6360ea9ab6d8c.jpg","datePublished":"2022-11-01T11:01:17+00:00","dateModified":"2022-11-01T11:14:52+00:00","breadcrumb":{"@id":"https:\/\/www.meydan.tv\/az\/article\/medeniyyet-nazirinin-muavini-elnur-eliyevin-saxlanildigi-deyilir\/#breadcrumb"},"inLanguage":"az","potentialAction":[{"@type":"ReadAction","target":["https:\/\/www.meydan.tv\/az\/article\/medeniyyet-nazirinin-muavini-elnur-eliyevin-saxlanildigi-deyilir\/"]}]},{"@type":"ImageObject","inLanguage":"az","@id":"https:\/\/www.meydan.tv\/az\/article\/medeniyyet-nazirinin-muavini-elnur-eliyevin-saxlanildigi-deyilir\/#primaryimage","url":"https:\/\/www.meydan.tv\/wp-content\/uploads\/6360ea9ab6d8e6360ea9ab6d8f16672958986360ea9ab6d8b6360ea9ab6d8c.jpg","contentUrl":"https:\/\/www.meydan.tv\/wp-content\/uploads\/6360ea9ab6d8e6360ea9ab6d8f16672958986360ea9ab6d8b6360ea9ab6d8c.jpg","width":1200,"height":800,"caption":"M\u0259nb\u0259: APA"},{"@type":"BreadcrumbList","@id":"https:\/\/www.meydan.tv\/az\/article\/medeniyyet-nazirinin-muavini-elnur-eliyevin-saxlanildigi-deyilir\/#breadcrumb","itemListElement":[{"@type":"ListItem","position":1,"name":"Ana s\u0259hif\u0259","item":"https:\/\/www.meydan.tv\/az\/"},{"@type":"ListItem","position":2,"name":"X\u0259b\u0259rl\u0259r","item":"https:\/\/www.meydan.tv\/az\/section\/xeberler\/"},{"@type":"ListItem","position":3,"name":"M\u0259d\u0259niyy\u0259t nazirinin m\u00fcavini Elnur \u018fliyevin saxlan\u0131ld\u0131\u011f\u0131 deyilir (Yenil\u0259nib)"}]},{"@type":"WebSite","@id":"https:\/\/www.meydan.tv\/az\/#website","url":"https:\/\/www.meydan.tv\/az\/","name":"MEYDAN.TV","description":"Meydan TV Az\u0259rbaycan\u0131n media m\u0259kan\u0131ndak\u0131 alternativ s\u0259sidir","publisher":{"@id":"https:\/\/www.meydan.tv\/az\/#organization"},"potentialAction":[{"@type":"SearchAction","target":{"@type":"EntryPoint","urlTemplate":"https:\/\/www.meydan.tv\/az\/?s={search_term_string}"},"query-input":{"@type":"PropertyValueSpecification","valueRequired":true,"valueName":"search_term_string"}}],"inLanguage":"az"},{"@type":"Organization","@id":"https:\/\/www.meydan.tv\/az\/#organization","name":"Meydan TV","url":"https:\/\/www.meydan.tv\/az\/","logo":{"@type":"ImageObject","inLanguage":"az","@id":"https:\/\/www.meydan.tv\/az\/#\/schema\/logo\/image\/","url":"https:\/\/www.meydan.tv\/wp-content\/uploads\/2021\/07\/meydan-logo.svg","contentUrl":"https:\/\/www.meydan.tv\/wp-content\/uploads\/2021\/07\/meydan-logo.svg","width":195,"height":46,"caption":"Meydan TV"},"image":{"@id":"https:\/\/www.meydan.tv\/az\/#\/schema\/logo\/image\/"}},{"@type":"Person","@id":"https:\/\/www.meydan.tv\/az\/#\/schema\/person\/981b0b284aeaa9ad0cbf814cd4a9d67c","name":"miron"}]}},"_links":{"self":[{"href":"https:\/\/www.meydan.tv\/az\/wp-json\/wp\/v2\/posts\/259940","targetHints":{"allow":["GET"]}}],"collection":[{"href":"https:\/\/www.meydan.tv\/az\/wp-json\/wp\/v2\/posts"}],"about":[{"href":"https:\/\/www.meydan.tv\/az\/wp-json\/wp\/v2\/types\/post"}],"author":[{"embeddable":true,"href":"https:\/\/www.meydan.tv\/az\/wp-json\/wp\/v2\/users\/18"}],"replies":[{"embeddable":true,"href":"https:\/\/www.meydan.tv\/az\/wp-json\/wp\/v2\/comments?post=259940"}],"version-history":[{"count":3,"href":"https:\/\/www.meydan.tv\/az\/wp-json\/wp\/v2\/posts\/259940\/revisions"}],"predecessor-version":[{"id":259953,"href":"https:\/\/www.meydan.tv\/az\/wp-json\/wp\/v2\/posts\/259940\/revisions\/259953"}],"wp:featuredmedia":[{"embeddable":true,"href":"https:\/\/www.meydan.tv\/az\/wp-json\/wp\/v2\/media\/259944"}],"wp:attachment":[{"href":"https:\/\/www.meydan.tv\/az\/wp-json\/wp\/v2\/media?parent=259940"}],"wp:term":[{"taxonomy":"category","embeddable":true,"href":"https:\/\/www.meydan.tv\/az\/wp-json\/wp\/v2\/categories?post=259940"},{"taxonomy":"post_tag","embeddable":true,"href":"https:\/\/www.meydan.tv\/az\/wp-json\/wp\/v2\/tags?post=259940"}],"curies":[{"name":"wp","href":"https:\/\/api.w.org\/{rel}","templated":true}]}}