{"id":259925,"date":"2022-11-01T14:15:12","date_gmt":"2022-11-01T10:15:12","guid":{"rendered":"https:\/\/www.meydan.tv\/?p=259925"},"modified":"2022-11-01T14:15:15","modified_gmt":"2022-11-01T10:15:15","slug":"avropa-mehkemesi-azerbaycandan-gonderilmis-43-erizeni-arasdirir","status":"publish","type":"post","link":"https:\/\/www.meydan.tv\/az\/article\/avropa-mehkemesi-azerbaycandan-gonderilmis-43-erizeni-arasdirir\/","title":{"rendered":"Avropa M\u0259hk\u0259m\u0259si Az\u0259rbaycandan g\u00f6nd\u0259rilmi\u015f 43 \u0259riz\u0259ni ara\u015fd\u0131r\u0131r"},"content":{"rendered":"\n<p><em>\u018friz\u0259\u00e7il\u0259rin \u0259ks\u0259riyy\u0259ti Nardaran hadis\u0259l\u0259rind\u0259 h\u0259bs edil\u0259nl\u0259rd\u0259ndir<\/em><\/p>\n\n\n\n<p>Avropa \u0130nsan H\u00fcquqlar\u0131 M\u0259hk\u0259m\u0259si (A\u0130HM) oktyabrda Az\u0259rbaycandan g\u00f6nd\u0259rilmi\u015f 43 \u0259riz\u0259ni ara\u015fd\u0131rma\u011fa <a href=\"https:\/\/aihmaz.org\/aihm-oktyabrda-az%c9%99rbaycanla-bagli-43-%c9%99riz%c9%99ni-arasdirmaga-baslayib\/\">ba\u015flay\u0131b<\/a>. \u018friz\u0259\u00e7il\u0259rin \u0259ks\u0259riyy\u0259ti 2015-ci ilin noyabr\u0131nda Nardaran q\u0259s\u0259b\u0259sind\u0259 ba\u015f vermi\u015f hadis\u0259l\u0259rd\u0259 saxlanan, h\u0259bs edil\u0259n, m\u0259suliyy\u0259t\u0259 c\u0259lb edil\u0259n \u015f\u0259xsl\u0259rdir.<\/p>\n\n\n\n<p><br>M\u0259hk\u0259m\u0259 b\u00fct\u00fcn \u0259riz\u0259l\u0259ri birl\u0259\u015fdirib, onlar\u0131 h\u00f6kum\u0259tl\u0259 4 i\u015f \u00e7\u0259r\u00e7iv\u0259sind\u0259 kommunikasiya ed\u0259c\u0259k. \u201cA\u011fayev v\u0259 ba\u015fqalar\u0131 Az\u0259rbaycana qar\u015f\u0131\u201d i\u015fd\u0259 9 \u0259riz\u0259\u00e7inin, \u201cQas\u0131mov v\u0259 ba\u015fqalar\u0131 Az\u0259rbaycana qar\u015f\u0131\u201d i\u015fd\u0259 10 \u0259riz\u0259\u00e7inin \u015fikay\u0259tl\u0259ri ara\u015fd\u0131r\u0131l\u0131r.<\/p>\n\n\n\n<p><br>Taleh Ba\u011f\u0131rov v\u0259 ba\u015fqlar\u0131n\u0131n i\u015find\u0259 \u00fcmumilikd\u0259 19 \u0259riz\u0259\u00e7inin \u015fikay\u0259tl\u0259ri kommunikasiya edilm\u0259y\u0259 ba\u015flay\u0131b. Elxan \u0130sg\u0259nd\u0259rov v\u0259 \u018fb\u00fclf\u0259z B\u00fcnyatovun \u015fikay\u0259tl\u0259ri is\u0259 birlikd\u0259 ara\u015fd\u0131r\u0131l\u0131r.<\/p>\n\n\n\n<p><br>\u018friz\u0259\u00e7il\u0259r onlara m\u00fcnasib\u0259td\u0259 Konvensiyan\u0131n 6-c\u0131, 8-ci, 9-cu, 10-cu, 11-ci v\u0259 18-ci madd\u0259sinin pozuntusunun ba\u015f verdiyini iddia edib. \u018friz\u0259\u00e7il\u0259ri A\u0130HM qar\u015f\u0131s\u0131nda 13 yerli v\u0259 \u0259cn\u0259bi h\u00fcquq\u00e7u v\u0259 v\u0259kill\u0259r t\u0259msil edir.<\/p>\n\n\n\n<p>A\u0130HM-in oktyabrda ara\u015fd\u0131rma\u011fa ba\u015flad\u0131\u011f\u0131 dig\u0259r i\u015f is\u0259 V\u0259kill\u0259r Kollegiyas\u0131ndan xaric edil\u0259n v\u0259kil Yal\u00e7\u0131n \u0130manovun \u015fikay\u0259ti il\u0259 ba\u011fl\u0131d\u0131r. \u0130nsan h\u00fcquqlar\u0131n\u0131n m\u00fcdafi\u0259si sah\u0259sind\u0259 ixtisasla\u015fm\u0131\u015f v\u0259kil kimi tan\u0131nan Yal\u00e7\u0131n \u0130manov m\u00fcv\u0259kkill\u0259rind\u0259n birinin h\u0259bsxanada pis r\u0259ftara m\u0259ruz qalmas\u0131 haqda m\u0259tbuata verdiyi a\u00e7\u0131qlamas\u0131ndan sonra v\u0259killikd\u0259n xaric edilib. O, m\u0259tbuata verdiyi a\u00e7\u0131qlamalara g\u00f6r\u0259 v\u0259killikd\u0259n uzaqla\u015fd\u0131rlmas\u0131n\u0131 Konvensiya il\u0259 t\u0259minat alt\u0131na al\u0131nan \u015f\u0259xsi h\u0259yata h\u00f6rm\u0259t v\u0259 ifad\u0259 azadl\u0131\u011f\u0131 h\u00fcququna m\u00fcdaxil\u0259 say\u0131r.<\/p>\n\n\n\n<p><br>\u201cZ\u00f6hr\u0259 Hac\u0131yeva v\u0259 Fatma \u018fsg\u0259rova Az\u0259rbaycana qar\u015f\u0131\u201d i\u015fd\u0259 m\u00fclkiyy\u0259t h\u00fcququnun pozuntusu m\u00fcbahis\u0259l\u0259ndirilib. Bu i\u015fd\u0259 \u0259riz\u0259\u00e7il\u0259rin \u0259mlaklar\u0131 Bak\u0131 \u015e\u0259h\u0259r \u0130cra Hakimiyy\u0259ti (B\u015e\u0130H) t\u0259r\u0259find\u0259n \u00f6zg\u0259ninkil\u0259\u015fdirilib. \u018friz\u0259\u00e7il\u0259r onlara \u0259lav\u0259 kompensaiya \u00f6d\u0259nilm\u0259m\u0259sind\u0259n \u015fikay\u0259t edib.<\/p>\n","protected":false},"excerpt":{"rendered":"<p>\u018friz\u0259\u00e7il\u0259rin \u0259ks\u0259riyy\u0259ti Nardaran hadis\u0259l\u0259rind\u0259 h\u0259bs edil\u0259nl\u0259rd\u0259ndir Avropa \u0130nsan H\u00fcquqlar\u0131 M\u0259hk\u0259m\u0259si &#8230; <\/p>\n<p class=\"read-more-container\"><a title=\"Avropa M\u0259hk\u0259m\u0259si Az\u0259rbaycandan g\u00f6nd\u0259rilmi\u015f 43 \u0259riz\u0259ni ara\u015fd\u0131r\u0131r\" class=\"read-more button\" href=\"https:\/\/www.meydan.tv\/az\/article\/avropa-mehkemesi-azerbaycandan-gonderilmis-43-erizeni-arasdirir\/#more-259925\" aria-label=\"Read more about Avropa M\u0259hk\u0259m\u0259si Az\u0259rbaycandan g\u00f6nd\u0259rilmi\u015f 43 \u0259riz\u0259ni ara\u015fd\u0131r\u0131r\">Davam\u0131<\/a><\/p>\n","protected":false},"author":18,"featured_media":259926,"comment_status":"closed","ping_status":"closed","sticky":false,"template":"","format":"standard","meta":{"_acf_changed":false,"_sitemap_exclude":false,"_sitemap_priority":"","_sitemap_frequency":"","footnotes":""},"categories":[59,56],"tags":[],"class_list":["post-259925","post","type-post","status-publish","format-standard","has-post-thumbnail","hentry","category-siyaset","category-xeberler","infinite-scroll-item","generate-columns","tablet-grid-50","mobile-grid-100","grid-parent","grid-33","no-featured-image-padding"],"acf":[],"yoast_head":"<!-- This site is optimized with the Yoast SEO plugin v27.5 - https:\/\/yoast.com\/product\/yoast-seo-wordpress\/ -->\n<title>Avropa M\u0259hk\u0259m\u0259si Az\u0259rbaycandan g\u00f6nd\u0259rilmi\u015f 43 \u0259riz\u0259ni ara\u015fd\u0131r\u0131r - MEYDAN.TV<\/title>\n<meta name=\"robots\" content=\"index, follow, max-snippet:-1, max-image-preview:large, max-video-preview:-1\" \/>\n<link rel=\"canonical\" href=\"https:\/\/www.meydan.tv\/az\/article\/avropa-mehkemesi-azerbaycandan-gonderilmis-43-erizeni-arasdirir\/\" \/>\n<meta property=\"og:locale\" content=\"az_AZ\" \/>\n<meta property=\"og:type\" content=\"article\" \/>\n<meta property=\"og:title\" content=\"Avropa M\u0259hk\u0259m\u0259si Az\u0259rbaycandan g\u00f6nd\u0259rilmi\u015f 43 \u0259riz\u0259ni ara\u015fd\u0131r\u0131r - MEYDAN.TV\" \/>\n<meta property=\"og:description\" content=\"\u018friz\u0259\u00e7il\u0259rin \u0259ks\u0259riyy\u0259ti Nardaran hadis\u0259l\u0259rind\u0259 h\u0259bs edil\u0259nl\u0259rd\u0259ndir Avropa \u0130nsan H\u00fcquqlar\u0131 M\u0259hk\u0259m\u0259si ... Davam\u0131\" \/>\n<meta property=\"og:url\" content=\"https:\/\/www.meydan.tv\/az\/article\/avropa-mehkemesi-azerbaycandan-gonderilmis-43-erizeni-arasdirir\/\" \/>\n<meta property=\"og:site_name\" content=\"MEYDAN.TV\" \/>\n<meta property=\"article:published_time\" content=\"2022-11-01T10:15:12+00:00\" \/>\n<meta property=\"article:modified_time\" content=\"2022-11-01T10:15:15+00:00\" \/>\n<meta property=\"og:image\" content=\"https:\/\/www.meydan.tv\/wp-content\/uploads\/34080-1.jpg\" \/>\n\t<meta property=\"og:image:width\" content=\"1140\" \/>\n\t<meta property=\"og:image:height\" content=\"500\" \/>\n\t<meta property=\"og:image:type\" content=\"image\/jpeg\" \/>\n<meta name=\"author\" content=\"miron\" \/>\n<meta name=\"twitter:card\" content=\"summary_large_image\" \/>\n<script type=\"application\/ld+json\" class=\"yoast-schema-graph\">{\"@context\":\"https:\\\/\\\/schema.org\",\"@graph\":[{\"@type\":\"Article\",\"@id\":\"https:\\\/\\\/www.meydan.tv\\\/az\\\/article\\\/avropa-mehkemesi-azerbaycandan-gonderilmis-43-erizeni-arasdirir\\\/#article\",\"isPartOf\":{\"@id\":\"https:\\\/\\\/www.meydan.tv\\\/az\\\/article\\\/avropa-mehkemesi-azerbaycandan-gonderilmis-43-erizeni-arasdirir\\\/\"},\"author\":{\"name\":\"miron\",\"@id\":\"https:\\\/\\\/www.meydan.tv\\\/az\\\/#\\\/schema\\\/person\\\/981b0b284aeaa9ad0cbf814cd4a9d67c\"},\"headline\":\"Avropa M\u0259hk\u0259m\u0259si Az\u0259rbaycandan g\u00f6nd\u0259rilmi\u015f 43 \u0259riz\u0259ni ara\u015fd\u0131r\u0131r\",\"datePublished\":\"2022-11-01T10:15:12+00:00\",\"dateModified\":\"2022-11-01T10:15:15+00:00\",\"mainEntityOfPage\":{\"@id\":\"https:\\\/\\\/www.meydan.tv\\\/az\\\/article\\\/avropa-mehkemesi-azerbaycandan-gonderilmis-43-erizeni-arasdirir\\\/\"},\"wordCount\":410,\"publisher\":{\"@id\":\"https:\\\/\\\/www.meydan.tv\\\/az\\\/#organization\"},\"image\":{\"@id\":\"https:\\\/\\\/www.meydan.tv\\\/az\\\/article\\\/avropa-mehkemesi-azerbaycandan-gonderilmis-43-erizeni-arasdirir\\\/#primaryimage\"},\"thumbnailUrl\":\"https:\\\/\\\/www.meydan.tv\\\/wp-content\\\/uploads\\\/34080-1.jpg\",\"articleSection\":[\"Siyas\u0259t\",\"X\u0259b\u0259rl\u0259r\"],\"inLanguage\":\"az\"},{\"@type\":\"WebPage\",\"@id\":\"https:\\\/\\\/www.meydan.tv\\\/az\\\/article\\\/avropa-mehkemesi-azerbaycandan-gonderilmis-43-erizeni-arasdirir\\\/\",\"url\":\"https:\\\/\\\/www.meydan.tv\\\/az\\\/article\\\/avropa-mehkemesi-azerbaycandan-gonderilmis-43-erizeni-arasdirir\\\/\",\"name\":\"Avropa M\u0259hk\u0259m\u0259si Az\u0259rbaycandan g\u00f6nd\u0259rilmi\u015f 43 \u0259riz\u0259ni ara\u015fd\u0131r\u0131r - MEYDAN.TV\",\"isPartOf\":{\"@id\":\"https:\\\/\\\/www.meydan.tv\\\/az\\\/#website\"},\"primaryImageOfPage\":{\"@id\":\"https:\\\/\\\/www.meydan.tv\\\/az\\\/article\\\/avropa-mehkemesi-azerbaycandan-gonderilmis-43-erizeni-arasdirir\\\/#primaryimage\"},\"image\":{\"@id\":\"https:\\\/\\\/www.meydan.tv\\\/az\\\/article\\\/avropa-mehkemesi-azerbaycandan-gonderilmis-43-erizeni-arasdirir\\\/#primaryimage\"},\"thumbnailUrl\":\"https:\\\/\\\/www.meydan.tv\\\/wp-content\\\/uploads\\\/34080-1.jpg\",\"datePublished\":\"2022-11-01T10:15:12+00:00\",\"dateModified\":\"2022-11-01T10:15:15+00:00\",\"breadcrumb\":{\"@id\":\"https:\\\/\\\/www.meydan.tv\\\/az\\\/article\\\/avropa-mehkemesi-azerbaycandan-gonderilmis-43-erizeni-arasdirir\\\/#breadcrumb\"},\"inLanguage\":\"az\",\"potentialAction\":[{\"@type\":\"ReadAction\",\"target\":[\"https:\\\/\\\/www.meydan.tv\\\/az\\\/article\\\/avropa-mehkemesi-azerbaycandan-gonderilmis-43-erizeni-arasdirir\\\/\"]}]},{\"@type\":\"ImageObject\",\"inLanguage\":\"az\",\"@id\":\"https:\\\/\\\/www.meydan.tv\\\/az\\\/article\\\/avropa-mehkemesi-azerbaycandan-gonderilmis-43-erizeni-arasdirir\\\/#primaryimage\",\"url\":\"https:\\\/\\\/www.meydan.tv\\\/wp-content\\\/uploads\\\/34080-1.jpg\",\"contentUrl\":\"https:\\\/\\\/www.meydan.tv\\\/wp-content\\\/uploads\\\/34080-1.jpg\",\"width\":1140,\"height\":500},{\"@type\":\"BreadcrumbList\",\"@id\":\"https:\\\/\\\/www.meydan.tv\\\/az\\\/article\\\/avropa-mehkemesi-azerbaycandan-gonderilmis-43-erizeni-arasdirir\\\/#breadcrumb\",\"itemListElement\":[{\"@type\":\"ListItem\",\"position\":1,\"name\":\"Ana s\u0259hif\u0259\",\"item\":\"https:\\\/\\\/www.meydan.tv\\\/az\\\/\"},{\"@type\":\"ListItem\",\"position\":2,\"name\":\"X\u0259b\u0259rl\u0259r\",\"item\":\"https:\\\/\\\/www.meydan.tv\\\/az\\\/section\\\/xeberler\\\/\"},{\"@type\":\"ListItem\",\"position\":3,\"name\":\"Avropa M\u0259hk\u0259m\u0259si Az\u0259rbaycandan g\u00f6nd\u0259rilmi\u015f 43 \u0259riz\u0259ni ara\u015fd\u0131r\u0131r\"}]},{\"@type\":\"WebSite\",\"@id\":\"https:\\\/\\\/www.meydan.tv\\\/az\\\/#website\",\"url\":\"https:\\\/\\\/www.meydan.tv\\\/az\\\/\",\"name\":\"MEYDAN.TV\",\"description\":\"Meydan TV Az\u0259rbaycan\u0131n media m\u0259kan\u0131ndak\u0131 alternativ s\u0259sidir\",\"publisher\":{\"@id\":\"https:\\\/\\\/www.meydan.tv\\\/az\\\/#organization\"},\"potentialAction\":[{\"@type\":\"SearchAction\",\"target\":{\"@type\":\"EntryPoint\",\"urlTemplate\":\"https:\\\/\\\/www.meydan.tv\\\/az\\\/?s={search_term_string}\"},\"query-input\":{\"@type\":\"PropertyValueSpecification\",\"valueRequired\":true,\"valueName\":\"search_term_string\"}}],\"inLanguage\":\"az\"},{\"@type\":\"Organization\",\"@id\":\"https:\\\/\\\/www.meydan.tv\\\/az\\\/#organization\",\"name\":\"Meydan TV\",\"url\":\"https:\\\/\\\/www.meydan.tv\\\/az\\\/\",\"logo\":{\"@type\":\"ImageObject\",\"inLanguage\":\"az\",\"@id\":\"https:\\\/\\\/www.meydan.tv\\\/az\\\/#\\\/schema\\\/logo\\\/image\\\/\",\"url\":\"https:\\\/\\\/www.meydan.tv\\\/wp-content\\\/uploads\\\/2021\\\/07\\\/meydan-logo.svg\",\"contentUrl\":\"https:\\\/\\\/www.meydan.tv\\\/wp-content\\\/uploads\\\/2021\\\/07\\\/meydan-logo.svg\",\"width\":195,\"height\":46,\"caption\":\"Meydan TV\"},\"image\":{\"@id\":\"https:\\\/\\\/www.meydan.tv\\\/az\\\/#\\\/schema\\\/logo\\\/image\\\/\"}},{\"@type\":\"Person\",\"@id\":\"https:\\\/\\\/www.meydan.tv\\\/az\\\/#\\\/schema\\\/person\\\/981b0b284aeaa9ad0cbf814cd4a9d67c\",\"name\":\"miron\"}]}<\/script>\n<!-- \/ Yoast SEO plugin. -->","yoast_head_json":{"title":"Avropa M\u0259hk\u0259m\u0259si Az\u0259rbaycandan g\u00f6nd\u0259rilmi\u015f 43 \u0259riz\u0259ni ara\u015fd\u0131r\u0131r - MEYDAN.TV","robots":{"index":"index","follow":"follow","max-snippet":"max-snippet:-1","max-image-preview":"max-image-preview:large","max-video-preview":"max-video-preview:-1"},"canonical":"https:\/\/www.meydan.tv\/az\/article\/avropa-mehkemesi-azerbaycandan-gonderilmis-43-erizeni-arasdirir\/","og_locale":"az_AZ","og_type":"article","og_title":"Avropa M\u0259hk\u0259m\u0259si Az\u0259rbaycandan g\u00f6nd\u0259rilmi\u015f 43 \u0259riz\u0259ni ara\u015fd\u0131r\u0131r - MEYDAN.TV","og_description":"\u018friz\u0259\u00e7il\u0259rin \u0259ks\u0259riyy\u0259ti Nardaran hadis\u0259l\u0259rind\u0259 h\u0259bs edil\u0259nl\u0259rd\u0259ndir Avropa \u0130nsan H\u00fcquqlar\u0131 M\u0259hk\u0259m\u0259si ... Davam\u0131","og_url":"https:\/\/www.meydan.tv\/az\/article\/avropa-mehkemesi-azerbaycandan-gonderilmis-43-erizeni-arasdirir\/","og_site_name":"MEYDAN.TV","article_published_time":"2022-11-01T10:15:12+00:00","article_modified_time":"2022-11-01T10:15:15+00:00","og_image":[{"width":1140,"height":500,"url":"https:\/\/www.meydan.tv\/wp-content\/uploads\/34080-1.jpg","type":"image\/jpeg"}],"author":"miron","twitter_card":"summary_large_image","schema":{"@context":"https:\/\/schema.org","@graph":[{"@type":"Article","@id":"https:\/\/www.meydan.tv\/az\/article\/avropa-mehkemesi-azerbaycandan-gonderilmis-43-erizeni-arasdirir\/#article","isPartOf":{"@id":"https:\/\/www.meydan.tv\/az\/article\/avropa-mehkemesi-azerbaycandan-gonderilmis-43-erizeni-arasdirir\/"},"author":{"name":"miron","@id":"https:\/\/www.meydan.tv\/az\/#\/schema\/person\/981b0b284aeaa9ad0cbf814cd4a9d67c"},"headline":"Avropa M\u0259hk\u0259m\u0259si Az\u0259rbaycandan g\u00f6nd\u0259rilmi\u015f 43 \u0259riz\u0259ni ara\u015fd\u0131r\u0131r","datePublished":"2022-11-01T10:15:12+00:00","dateModified":"2022-11-01T10:15:15+00:00","mainEntityOfPage":{"@id":"https:\/\/www.meydan.tv\/az\/article\/avropa-mehkemesi-azerbaycandan-gonderilmis-43-erizeni-arasdirir\/"},"wordCount":410,"publisher":{"@id":"https:\/\/www.meydan.tv\/az\/#organization"},"image":{"@id":"https:\/\/www.meydan.tv\/az\/article\/avropa-mehkemesi-azerbaycandan-gonderilmis-43-erizeni-arasdirir\/#primaryimage"},"thumbnailUrl":"https:\/\/www.meydan.tv\/wp-content\/uploads\/34080-1.jpg","articleSection":["Siyas\u0259t","X\u0259b\u0259rl\u0259r"],"inLanguage":"az"},{"@type":"WebPage","@id":"https:\/\/www.meydan.tv\/az\/article\/avropa-mehkemesi-azerbaycandan-gonderilmis-43-erizeni-arasdirir\/","url":"https:\/\/www.meydan.tv\/az\/article\/avropa-mehkemesi-azerbaycandan-gonderilmis-43-erizeni-arasdirir\/","name":"Avropa M\u0259hk\u0259m\u0259si Az\u0259rbaycandan g\u00f6nd\u0259rilmi\u015f 43 \u0259riz\u0259ni ara\u015fd\u0131r\u0131r - MEYDAN.TV","isPartOf":{"@id":"https:\/\/www.meydan.tv\/az\/#website"},"primaryImageOfPage":{"@id":"https:\/\/www.meydan.tv\/az\/article\/avropa-mehkemesi-azerbaycandan-gonderilmis-43-erizeni-arasdirir\/#primaryimage"},"image":{"@id":"https:\/\/www.meydan.tv\/az\/article\/avropa-mehkemesi-azerbaycandan-gonderilmis-43-erizeni-arasdirir\/#primaryimage"},"thumbnailUrl":"https:\/\/www.meydan.tv\/wp-content\/uploads\/34080-1.jpg","datePublished":"2022-11-01T10:15:12+00:00","dateModified":"2022-11-01T10:15:15+00:00","breadcrumb":{"@id":"https:\/\/www.meydan.tv\/az\/article\/avropa-mehkemesi-azerbaycandan-gonderilmis-43-erizeni-arasdirir\/#breadcrumb"},"inLanguage":"az","potentialAction":[{"@type":"ReadAction","target":["https:\/\/www.meydan.tv\/az\/article\/avropa-mehkemesi-azerbaycandan-gonderilmis-43-erizeni-arasdirir\/"]}]},{"@type":"ImageObject","inLanguage":"az","@id":"https:\/\/www.meydan.tv\/az\/article\/avropa-mehkemesi-azerbaycandan-gonderilmis-43-erizeni-arasdirir\/#primaryimage","url":"https:\/\/www.meydan.tv\/wp-content\/uploads\/34080-1.jpg","contentUrl":"https:\/\/www.meydan.tv\/wp-content\/uploads\/34080-1.jpg","width":1140,"height":500},{"@type":"BreadcrumbList","@id":"https:\/\/www.meydan.tv\/az\/article\/avropa-mehkemesi-azerbaycandan-gonderilmis-43-erizeni-arasdirir\/#breadcrumb","itemListElement":[{"@type":"ListItem","position":1,"name":"Ana s\u0259hif\u0259","item":"https:\/\/www.meydan.tv\/az\/"},{"@type":"ListItem","position":2,"name":"X\u0259b\u0259rl\u0259r","item":"https:\/\/www.meydan.tv\/az\/section\/xeberler\/"},{"@type":"ListItem","position":3,"name":"Avropa M\u0259hk\u0259m\u0259si Az\u0259rbaycandan g\u00f6nd\u0259rilmi\u015f 43 \u0259riz\u0259ni ara\u015fd\u0131r\u0131r"}]},{"@type":"WebSite","@id":"https:\/\/www.meydan.tv\/az\/#website","url":"https:\/\/www.meydan.tv\/az\/","name":"MEYDAN.TV","description":"Meydan TV Az\u0259rbaycan\u0131n media m\u0259kan\u0131ndak\u0131 alternativ s\u0259sidir","publisher":{"@id":"https:\/\/www.meydan.tv\/az\/#organization"},"potentialAction":[{"@type":"SearchAction","target":{"@type":"EntryPoint","urlTemplate":"https:\/\/www.meydan.tv\/az\/?s={search_term_string}"},"query-input":{"@type":"PropertyValueSpecification","valueRequired":true,"valueName":"search_term_string"}}],"inLanguage":"az"},{"@type":"Organization","@id":"https:\/\/www.meydan.tv\/az\/#organization","name":"Meydan TV","url":"https:\/\/www.meydan.tv\/az\/","logo":{"@type":"ImageObject","inLanguage":"az","@id":"https:\/\/www.meydan.tv\/az\/#\/schema\/logo\/image\/","url":"https:\/\/www.meydan.tv\/wp-content\/uploads\/2021\/07\/meydan-logo.svg","contentUrl":"https:\/\/www.meydan.tv\/wp-content\/uploads\/2021\/07\/meydan-logo.svg","width":195,"height":46,"caption":"Meydan TV"},"image":{"@id":"https:\/\/www.meydan.tv\/az\/#\/schema\/logo\/image\/"}},{"@type":"Person","@id":"https:\/\/www.meydan.tv\/az\/#\/schema\/person\/981b0b284aeaa9ad0cbf814cd4a9d67c","name":"miron"}]}},"_links":{"self":[{"href":"https:\/\/www.meydan.tv\/az\/wp-json\/wp\/v2\/posts\/259925","targetHints":{"allow":["GET"]}}],"collection":[{"href":"https:\/\/www.meydan.tv\/az\/wp-json\/wp\/v2\/posts"}],"about":[{"href":"https:\/\/www.meydan.tv\/az\/wp-json\/wp\/v2\/types\/post"}],"author":[{"embeddable":true,"href":"https:\/\/www.meydan.tv\/az\/wp-json\/wp\/v2\/users\/18"}],"replies":[{"embeddable":true,"href":"https:\/\/www.meydan.tv\/az\/wp-json\/wp\/v2\/comments?post=259925"}],"version-history":[{"count":1,"href":"https:\/\/www.meydan.tv\/az\/wp-json\/wp\/v2\/posts\/259925\/revisions"}],"predecessor-version":[{"id":259929,"href":"https:\/\/www.meydan.tv\/az\/wp-json\/wp\/v2\/posts\/259925\/revisions\/259929"}],"wp:featuredmedia":[{"embeddable":true,"href":"https:\/\/www.meydan.tv\/az\/wp-json\/wp\/v2\/media\/259926"}],"wp:attachment":[{"href":"https:\/\/www.meydan.tv\/az\/wp-json\/wp\/v2\/media?parent=259925"}],"wp:term":[{"taxonomy":"category","embeddable":true,"href":"https:\/\/www.meydan.tv\/az\/wp-json\/wp\/v2\/categories?post=259925"},{"taxonomy":"post_tag","embeddable":true,"href":"https:\/\/www.meydan.tv\/az\/wp-json\/wp\/v2\/tags?post=259925"}],"curies":[{"name":"wp","href":"https:\/\/api.w.org\/{rel}","templated":true}]}}