{"id":259870,"date":"2022-10-31T18:45:41","date_gmt":"2022-10-31T14:45:41","guid":{"rendered":"https:\/\/www.meydan.tv\/?p=259870"},"modified":"2022-10-31T18:45:43","modified_gmt":"2022-10-31T14:45:43","slug":"goycay-sakini-uc-mektebin-yerlesdiyi-erazide-avtosluq-edirler","status":"publish","type":"post","link":"https:\/\/www.meydan.tv\/az\/article\/goycay-sakini-uc-mektebin-yerlesdiyi-erazide-avtosluq-edirler\/","title":{"rendered":"G\u00f6y\u00e7ay sakini: \u201c\u00dc\u00e7 m\u0259kt\u0259bin yerl\u0259\u015fdiyi \u0259razid\u0259 avto\u015fluq edirl\u0259r\u201d"},"content":{"rendered":"\n<p><em>&nbsp;M\u0259h\u0259mm\u0259d\u0259li \u018fs\u0259dovun s\u00f6zl\u0259rin\u0259 g\u00f6r\u0259, m\u0259kt\u0259blil\u0259r Heyd\u0259r \u018fliyev prospektd\u0259ki yolun bir \u00fcz\u00fcnd\u0259n dig\u0259r \u00fcz\u00fcn\u0259 k\u00f6m\u0259ksiz ke\u00e7\u0259 bilmirl\u0259r<\/em><\/p>\n\n\n\n<p>\u201cU\u015faqlar\u0131m\u0131z\u0131 m\u0259kt\u0259b\u0259 g\u00f6nd\u0259rib, s\u0259ks\u0259k\u0259d\u0259 qal\u0131r\u0131q. H\u0259r il m\u0259kt\u0259b ba\u015flayan g\u00fcnd\u0259n prospektin bu hiss\u0259sind\u0259 avtoq\u0259zalar\u0131n say\u0131 da art\u0131r\u201d.<\/p>\n\n\n\n<p>G\u00f6y\u00e7ay sakinl\u0259rini narahat ed\u0259n s\u0259b\u0259b rayonun m\u0259rk\u0259zin\u0259 yax\u0131n \u0259razid\u0259 &#8211; Heyd\u0259r \u018fliyev prospektinin 106 pe\u015f\u0259 liseyi, 9 sayl\u0131 orta m\u0259kt\u0259b,&nbsp; G\u00f6y\u00e7ay D\u00f6vl\u0259t \u0130dar\u0259etm\u0259 v\u0259 Texnologiya Kollecinin yerl\u0259\u015fdiyi hiss\u0259sind\u0259ki avtomobil yolunun n\u0259zar\u0259tsiz olmas\u0131d\u0131r. H\u0259min \u0259razid\u0259 ticar\u0259tl\u0259 m\u0259\u015f\u011ful olan M\u0259h\u0259mm\u0259d\u0259li S\u0259m\u0259dovun s\u00f6zl\u0259rin\u0259 g\u00f6r\u0259,&nbsp; n\u0259zar\u0259tsizlik faci\u0259l\u0259ri daha yax\u0131n edir:<\/p>\n\n\n\n<p>\u201cDem\u0259k olar h\u0259r g\u00fcn avtoq\u0259za ba\u015f verir. G\u00f6y\u00e7ay Polis \u015e\u00f6b\u0259sinin Yol Polisi B\u00f6lm\u0259si t\u0259r\u0259find\u0259n ciddi n\u0259zar\u0259t olunmur, avtoxuliqanl\u0131q ed\u0259nl\u0259r var ki, m\u0259kt\u0259blil\u0259rin d\u0259, \u0259razid\u0259n ke\u00e7\u0259n ba\u015fqa piyadalar\u0131n da h\u0259yat\u0131n\u0131 t\u0259hl\u00fck\u0259y\u0259 at\u0131rlar.&#8221;<\/p>\n\n\n\n<p>Sakin deyir, kamera, radar, tramplin qura\u015fd\u0131r\u0131ls\u0131n. M\u0259h\u0259mm\u0259d\u0259li S\u0259m\u0259dovun dem\u0259sin\u0259 g\u00f6r\u0259, \u0259razid\u0259 m\u00fc\u015fahid\u0259 kameras\u0131, radar, tramplin qura\u015fd\u0131r\u0131lmas\u0131 \u00fc\u00e7\u00fcn d\u0259f\u0259l\u0259rl\u0259 G\u00f6y\u00e7ay Rayon \u0130cra Hakimiyy\u0259tin\u0259 v\u0259 G\u00f6y\u00e7ay Rayon Polis \u015e\u00f6b\u0259sin\u0259 m\u00fcraci\u0259t olunsa da, n\u0259tic\u0259siz qal\u0131b:<\/p>\n\n\n\n<p>\u201cT\u0259hl\u00fck\u0259sizlik vasit\u0259l\u0259rinin qura\u015fd\u0131r\u0131lmamas\u0131 bir t\u0259r\u0259f\u0259, sanki DYP-nin \u0259m\u0259kda\u015flar\u0131 da bu \u0259raziy\u0259 n\u0259zar\u0259t etm\u0259yi \u201cunudublar\u201d. Bu \u0259razid\u0259 t\u0259k-t\u00fck hallarda yol polisi g\u00f6rm\u0259k olar. Halbuki, bura rayonun \u0259n ciddi n\u0259zar\u0259t alt\u0131nda saxlan\u0131lmal\u0131 olan hiss\u0259sidir, h\u0259r t\u0259r\u0259f m\u0259kt\u0259b, h\u0259r t\u0259r\u0259f azya\u015fl\u0131 u\u015faqlar&#8230; \u015eit-\u015fit mahn\u0131lar\u0131n s\u0259sini ucald\u0131b, avtomobill\u0259ri d\u0259 o q\u0259d\u0259r y\u00fcks\u0259k s\u00fcr\u0259td\u0259 s\u00fcr\u00fcrl\u0259r ki, bir d\u0259 g\u00f6rd\u00fcn getdi hans\u0131sa ticar\u0259t obyektin\u0259, ya\u015fay\u0131\u015f evin\u0259, qaz borusuna, rabit\u0259, elektrik dir\u0259yin\u0259 \u00e7\u0131rp\u0131ld\u0131&#8230;\u201d&nbsp;<\/p>\n\n\n\n<p>Polis deyir, ehtiyac yoxdur.<\/p>\n\n\n\n<p>G\u00f6y\u00e7ay Rayon Polis \u015e\u00f6b\u0259sind\u0259n Meydan TV-y\u0259 bildirilib ki, qeyd olunan \u0259razid\u0259 piyada zola\u011f\u0131 da var, polis n\u0259zar\u0259ti d\u0259. Ancaq m\u0259rk\u0259zi k\u00fc\u00e7\u0259 olmad\u0131\u011f\u0131na g\u00f6r\u0259 ba\u015fqa m\u00fc\u015fahid\u0259 kameralar\u0131n\u0131n, i\u015f\u0131qforun&nbsp; qura\u015fd\u0131r\u0131lmas\u0131na ehtiyac yoxdur.&nbsp;<\/p>\n\n\n\n<p>Sakinl\u0259r d\u0259 \u0259razid\u0259 piyada zola\u011f\u0131n\u0131n oldu\u011funu t\u0259sdiql\u0259yirl\u0259r. Ancaq bildirirl\u0259r ki, u\u015faqlar bu zola\u011f\u0131 t\u0259k ke\u00e7m\u0259y\u0259 qorxur, \u00e7\u00fcnki s\u00fcr\u0259tl\u0259 \u015f\u00fct\u00fcy\u0259n avto\u015flar zola\u011fa da m\u0259h\u0259l qoymur. U\u015faqlar\u0131n yolun bir t\u0259r\u0259find\u0259n dig\u0259r t\u0259r\u0259fin\u0259 ke\u00e7m\u0259sin\u0259 taksi s\u00fcr\u00fcc\u00fcl\u0259ri, \u0259razid\u0259ki obyekt sahibl\u0259ri yard\u0131m edir:<\/p>\n\n\n\n<p>\u201cDaha kim\u0259 dey\u0259k, hara ged\u0259k, nec\u0259 ed\u0259k, bilmirik. Bu q\u0259d\u0259r m\u0259suliyy\u0259tsizlik olmaz. \u0130nsan h\u0259yat\u0131 bu q\u0259d\u0259r ucuz olmamal\u0131d\u0131r. Rayonun aidiyy\u0259ti \u00fczr\u0259 h\u0259r v\u0259zif\u0259li \u015f\u0259xs o yoldan ke\u00e7\u0259n v\u0259t\u0259nda\u015fa g\u00f6r\u0259 cavabdehlik m\u0259suliyy\u0259ti hiss etm\u0259lidir\u201d.&nbsp;<\/p>\n\n\n\n<p><\/p>\n","protected":false},"excerpt":{"rendered":"<p>&nbsp;M\u0259h\u0259mm\u0259d\u0259li \u018fs\u0259dovun s\u00f6zl\u0259rin\u0259 g\u00f6r\u0259, m\u0259kt\u0259blil\u0259r Heyd\u0259r \u018fliyev prospektd\u0259ki yolun bir &#8230; <\/p>\n<p class=\"read-more-container\"><a title=\"G\u00f6y\u00e7ay sakini: \u201c\u00dc\u00e7 m\u0259kt\u0259bin yerl\u0259\u015fdiyi \u0259razid\u0259 avto\u015fluq edirl\u0259r\u201d\" class=\"read-more button\" href=\"https:\/\/www.meydan.tv\/az\/article\/goycay-sakini-uc-mektebin-yerlesdiyi-erazide-avtosluq-edirler\/#more-259870\" aria-label=\"Read more about G\u00f6y\u00e7ay sakini: \u201c\u00dc\u00e7 m\u0259kt\u0259bin yerl\u0259\u015fdiyi \u0259razid\u0259 avto\u015fluq edirl\u0259r\u201d\">Davam\u0131<\/a><\/p>\n","protected":false},"author":18,"featured_media":259879,"comment_status":"closed","ping_status":"closed","sticky":false,"template":"","format":"standard","meta":{"_acf_changed":false,"_sitemap_exclude":false,"_sitemap_priority":"","_sitemap_frequency":"","footnotes":""},"categories":[60,7,56],"tags":[],"class_list":["post-259870","post","type-post","status-publish","format-standard","has-post-thumbnail","hentry","category-bolge","category-uncategorized-az","category-xeberler","infinite-scroll-item","generate-columns","tablet-grid-50","mobile-grid-100","grid-parent","grid-33","no-featured-image-padding"],"acf":[],"yoast_head":"<!-- This site is optimized with the Yoast SEO plugin v27.5 - https:\/\/yoast.com\/product\/yoast-seo-wordpress\/ -->\n<title>G\u00f6y\u00e7ay sakini: \u201c\u00dc\u00e7 m\u0259kt\u0259bin yerl\u0259\u015fdiyi \u0259razid\u0259 avto\u015fluq edirl\u0259r\u201d - MEYDAN.TV<\/title>\n<meta name=\"robots\" content=\"index, follow, max-snippet:-1, max-image-preview:large, max-video-preview:-1\" \/>\n<link rel=\"canonical\" href=\"https:\/\/www.meydan.tv\/az\/article\/goycay-sakini-uc-mektebin-yerlesdiyi-erazide-avtosluq-edirler\/\" \/>\n<meta property=\"og:locale\" content=\"az_AZ\" \/>\n<meta property=\"og:type\" content=\"article\" \/>\n<meta property=\"og:title\" content=\"G\u00f6y\u00e7ay sakini: \u201c\u00dc\u00e7 m\u0259kt\u0259bin yerl\u0259\u015fdiyi \u0259razid\u0259 avto\u015fluq edirl\u0259r\u201d - MEYDAN.TV\" \/>\n<meta property=\"og:description\" content=\"&nbsp;M\u0259h\u0259mm\u0259d\u0259li \u018fs\u0259dovun s\u00f6zl\u0259rin\u0259 g\u00f6r\u0259, m\u0259kt\u0259blil\u0259r Heyd\u0259r \u018fliyev prospektd\u0259ki yolun bir ... Davam\u0131\" \/>\n<meta property=\"og:url\" content=\"https:\/\/www.meydan.tv\/az\/article\/goycay-sakini-uc-mektebin-yerlesdiyi-erazide-avtosluq-edirler\/\" \/>\n<meta property=\"og:site_name\" content=\"MEYDAN.TV\" \/>\n<meta property=\"article:published_time\" content=\"2022-10-31T14:45:41+00:00\" \/>\n<meta property=\"article:modified_time\" content=\"2022-10-31T14:45:43+00:00\" \/>\n<meta property=\"og:image\" content=\"https:\/\/www.meydan.tv\/wp-content\/uploads\/0ed43042-1b90-4757-b9d8-9ff2fd18e78f.jpeg\" \/>\n\t<meta property=\"og:image:width\" content=\"1280\" \/>\n\t<meta property=\"og:image:height\" content=\"576\" \/>\n\t<meta property=\"og:image:type\" content=\"image\/jpeg\" \/>\n<meta name=\"author\" content=\"miron\" \/>\n<meta name=\"twitter:card\" content=\"summary_large_image\" \/>\n<script type=\"application\/ld+json\" class=\"yoast-schema-graph\">{\"@context\":\"https:\\\/\\\/schema.org\",\"@graph\":[{\"@type\":\"Article\",\"@id\":\"https:\\\/\\\/www.meydan.tv\\\/az\\\/article\\\/goycay-sakini-uc-mektebin-yerlesdiyi-erazide-avtosluq-edirler\\\/#article\",\"isPartOf\":{\"@id\":\"https:\\\/\\\/www.meydan.tv\\\/az\\\/article\\\/goycay-sakini-uc-mektebin-yerlesdiyi-erazide-avtosluq-edirler\\\/\"},\"author\":{\"name\":\"miron\",\"@id\":\"https:\\\/\\\/www.meydan.tv\\\/az\\\/#\\\/schema\\\/person\\\/981b0b284aeaa9ad0cbf814cd4a9d67c\"},\"headline\":\"G\u00f6y\u00e7ay sakini: \u201c\u00dc\u00e7 m\u0259kt\u0259bin yerl\u0259\u015fdiyi \u0259razid\u0259 avto\u015fluq edirl\u0259r\u201d\",\"datePublished\":\"2022-10-31T14:45:41+00:00\",\"dateModified\":\"2022-10-31T14:45:43+00:00\",\"mainEntityOfPage\":{\"@id\":\"https:\\\/\\\/www.meydan.tv\\\/az\\\/article\\\/goycay-sakini-uc-mektebin-yerlesdiyi-erazide-avtosluq-edirler\\\/\"},\"wordCount\":611,\"publisher\":{\"@id\":\"https:\\\/\\\/www.meydan.tv\\\/az\\\/#organization\"},\"image\":{\"@id\":\"https:\\\/\\\/www.meydan.tv\\\/az\\\/article\\\/goycay-sakini-uc-mektebin-yerlesdiyi-erazide-avtosluq-edirler\\\/#primaryimage\"},\"thumbnailUrl\":\"https:\\\/\\\/www.meydan.tv\\\/wp-content\\\/uploads\\\/0ed43042-1b90-4757-b9d8-9ff2fd18e78f.jpeg\",\"articleSection\":[\"B\u00f6lg\u0259\",\"Uncategorized @az\",\"X\u0259b\u0259rl\u0259r\"],\"inLanguage\":\"az\"},{\"@type\":\"WebPage\",\"@id\":\"https:\\\/\\\/www.meydan.tv\\\/az\\\/article\\\/goycay-sakini-uc-mektebin-yerlesdiyi-erazide-avtosluq-edirler\\\/\",\"url\":\"https:\\\/\\\/www.meydan.tv\\\/az\\\/article\\\/goycay-sakini-uc-mektebin-yerlesdiyi-erazide-avtosluq-edirler\\\/\",\"name\":\"G\u00f6y\u00e7ay sakini: \u201c\u00dc\u00e7 m\u0259kt\u0259bin yerl\u0259\u015fdiyi \u0259razid\u0259 avto\u015fluq edirl\u0259r\u201d - MEYDAN.TV\",\"isPartOf\":{\"@id\":\"https:\\\/\\\/www.meydan.tv\\\/az\\\/#website\"},\"primaryImageOfPage\":{\"@id\":\"https:\\\/\\\/www.meydan.tv\\\/az\\\/article\\\/goycay-sakini-uc-mektebin-yerlesdiyi-erazide-avtosluq-edirler\\\/#primaryimage\"},\"image\":{\"@id\":\"https:\\\/\\\/www.meydan.tv\\\/az\\\/article\\\/goycay-sakini-uc-mektebin-yerlesdiyi-erazide-avtosluq-edirler\\\/#primaryimage\"},\"thumbnailUrl\":\"https:\\\/\\\/www.meydan.tv\\\/wp-content\\\/uploads\\\/0ed43042-1b90-4757-b9d8-9ff2fd18e78f.jpeg\",\"datePublished\":\"2022-10-31T14:45:41+00:00\",\"dateModified\":\"2022-10-31T14:45:43+00:00\",\"breadcrumb\":{\"@id\":\"https:\\\/\\\/www.meydan.tv\\\/az\\\/article\\\/goycay-sakini-uc-mektebin-yerlesdiyi-erazide-avtosluq-edirler\\\/#breadcrumb\"},\"inLanguage\":\"az\",\"potentialAction\":[{\"@type\":\"ReadAction\",\"target\":[\"https:\\\/\\\/www.meydan.tv\\\/az\\\/article\\\/goycay-sakini-uc-mektebin-yerlesdiyi-erazide-avtosluq-edirler\\\/\"]}]},{\"@type\":\"ImageObject\",\"inLanguage\":\"az\",\"@id\":\"https:\\\/\\\/www.meydan.tv\\\/az\\\/article\\\/goycay-sakini-uc-mektebin-yerlesdiyi-erazide-avtosluq-edirler\\\/#primaryimage\",\"url\":\"https:\\\/\\\/www.meydan.tv\\\/wp-content\\\/uploads\\\/0ed43042-1b90-4757-b9d8-9ff2fd18e78f.jpeg\",\"contentUrl\":\"https:\\\/\\\/www.meydan.tv\\\/wp-content\\\/uploads\\\/0ed43042-1b90-4757-b9d8-9ff2fd18e78f.jpeg\",\"width\":1280,\"height\":576},{\"@type\":\"BreadcrumbList\",\"@id\":\"https:\\\/\\\/www.meydan.tv\\\/az\\\/article\\\/goycay-sakini-uc-mektebin-yerlesdiyi-erazide-avtosluq-edirler\\\/#breadcrumb\",\"itemListElement\":[{\"@type\":\"ListItem\",\"position\":1,\"name\":\"Ana s\u0259hif\u0259\",\"item\":\"https:\\\/\\\/www.meydan.tv\\\/az\\\/\"},{\"@type\":\"ListItem\",\"position\":2,\"name\":\"Uncategorized @az\",\"item\":\"https:\\\/\\\/www.meydan.tv\\\/az\\\/section\\\/uncategorized-az\\\/\"},{\"@type\":\"ListItem\",\"position\":3,\"name\":\"G\u00f6y\u00e7ay sakini: \u201c\u00dc\u00e7 m\u0259kt\u0259bin yerl\u0259\u015fdiyi \u0259razid\u0259 avto\u015fluq edirl\u0259r\u201d\"}]},{\"@type\":\"WebSite\",\"@id\":\"https:\\\/\\\/www.meydan.tv\\\/az\\\/#website\",\"url\":\"https:\\\/\\\/www.meydan.tv\\\/az\\\/\",\"name\":\"MEYDAN.TV\",\"description\":\"Meydan TV Az\u0259rbaycan\u0131n media m\u0259kan\u0131ndak\u0131 alternativ s\u0259sidir\",\"publisher\":{\"@id\":\"https:\\\/\\\/www.meydan.tv\\\/az\\\/#organization\"},\"potentialAction\":[{\"@type\":\"SearchAction\",\"target\":{\"@type\":\"EntryPoint\",\"urlTemplate\":\"https:\\\/\\\/www.meydan.tv\\\/az\\\/?s={search_term_string}\"},\"query-input\":{\"@type\":\"PropertyValueSpecification\",\"valueRequired\":true,\"valueName\":\"search_term_string\"}}],\"inLanguage\":\"az\"},{\"@type\":\"Organization\",\"@id\":\"https:\\\/\\\/www.meydan.tv\\\/az\\\/#organization\",\"name\":\"Meydan TV\",\"url\":\"https:\\\/\\\/www.meydan.tv\\\/az\\\/\",\"logo\":{\"@type\":\"ImageObject\",\"inLanguage\":\"az\",\"@id\":\"https:\\\/\\\/www.meydan.tv\\\/az\\\/#\\\/schema\\\/logo\\\/image\\\/\",\"url\":\"https:\\\/\\\/www.meydan.tv\\\/wp-content\\\/uploads\\\/2021\\\/07\\\/meydan-logo.svg\",\"contentUrl\":\"https:\\\/\\\/www.meydan.tv\\\/wp-content\\\/uploads\\\/2021\\\/07\\\/meydan-logo.svg\",\"width\":195,\"height\":46,\"caption\":\"Meydan TV\"},\"image\":{\"@id\":\"https:\\\/\\\/www.meydan.tv\\\/az\\\/#\\\/schema\\\/logo\\\/image\\\/\"}},{\"@type\":\"Person\",\"@id\":\"https:\\\/\\\/www.meydan.tv\\\/az\\\/#\\\/schema\\\/person\\\/981b0b284aeaa9ad0cbf814cd4a9d67c\",\"name\":\"miron\"}]}<\/script>\n<!-- \/ Yoast SEO plugin. -->","yoast_head_json":{"title":"G\u00f6y\u00e7ay sakini: \u201c\u00dc\u00e7 m\u0259kt\u0259bin yerl\u0259\u015fdiyi \u0259razid\u0259 avto\u015fluq edirl\u0259r\u201d - MEYDAN.TV","robots":{"index":"index","follow":"follow","max-snippet":"max-snippet:-1","max-image-preview":"max-image-preview:large","max-video-preview":"max-video-preview:-1"},"canonical":"https:\/\/www.meydan.tv\/az\/article\/goycay-sakini-uc-mektebin-yerlesdiyi-erazide-avtosluq-edirler\/","og_locale":"az_AZ","og_type":"article","og_title":"G\u00f6y\u00e7ay sakini: \u201c\u00dc\u00e7 m\u0259kt\u0259bin yerl\u0259\u015fdiyi \u0259razid\u0259 avto\u015fluq edirl\u0259r\u201d - MEYDAN.TV","og_description":"&nbsp;M\u0259h\u0259mm\u0259d\u0259li \u018fs\u0259dovun s\u00f6zl\u0259rin\u0259 g\u00f6r\u0259, m\u0259kt\u0259blil\u0259r Heyd\u0259r \u018fliyev prospektd\u0259ki yolun bir ... Davam\u0131","og_url":"https:\/\/www.meydan.tv\/az\/article\/goycay-sakini-uc-mektebin-yerlesdiyi-erazide-avtosluq-edirler\/","og_site_name":"MEYDAN.TV","article_published_time":"2022-10-31T14:45:41+00:00","article_modified_time":"2022-10-31T14:45:43+00:00","og_image":[{"width":1280,"height":576,"url":"https:\/\/www.meydan.tv\/wp-content\/uploads\/0ed43042-1b90-4757-b9d8-9ff2fd18e78f.jpeg","type":"image\/jpeg"}],"author":"miron","twitter_card":"summary_large_image","schema":{"@context":"https:\/\/schema.org","@graph":[{"@type":"Article","@id":"https:\/\/www.meydan.tv\/az\/article\/goycay-sakini-uc-mektebin-yerlesdiyi-erazide-avtosluq-edirler\/#article","isPartOf":{"@id":"https:\/\/www.meydan.tv\/az\/article\/goycay-sakini-uc-mektebin-yerlesdiyi-erazide-avtosluq-edirler\/"},"author":{"name":"miron","@id":"https:\/\/www.meydan.tv\/az\/#\/schema\/person\/981b0b284aeaa9ad0cbf814cd4a9d67c"},"headline":"G\u00f6y\u00e7ay sakini: \u201c\u00dc\u00e7 m\u0259kt\u0259bin yerl\u0259\u015fdiyi \u0259razid\u0259 avto\u015fluq edirl\u0259r\u201d","datePublished":"2022-10-31T14:45:41+00:00","dateModified":"2022-10-31T14:45:43+00:00","mainEntityOfPage":{"@id":"https:\/\/www.meydan.tv\/az\/article\/goycay-sakini-uc-mektebin-yerlesdiyi-erazide-avtosluq-edirler\/"},"wordCount":611,"publisher":{"@id":"https:\/\/www.meydan.tv\/az\/#organization"},"image":{"@id":"https:\/\/www.meydan.tv\/az\/article\/goycay-sakini-uc-mektebin-yerlesdiyi-erazide-avtosluq-edirler\/#primaryimage"},"thumbnailUrl":"https:\/\/www.meydan.tv\/wp-content\/uploads\/0ed43042-1b90-4757-b9d8-9ff2fd18e78f.jpeg","articleSection":["B\u00f6lg\u0259","Uncategorized @az","X\u0259b\u0259rl\u0259r"],"inLanguage":"az"},{"@type":"WebPage","@id":"https:\/\/www.meydan.tv\/az\/article\/goycay-sakini-uc-mektebin-yerlesdiyi-erazide-avtosluq-edirler\/","url":"https:\/\/www.meydan.tv\/az\/article\/goycay-sakini-uc-mektebin-yerlesdiyi-erazide-avtosluq-edirler\/","name":"G\u00f6y\u00e7ay sakini: \u201c\u00dc\u00e7 m\u0259kt\u0259bin yerl\u0259\u015fdiyi \u0259razid\u0259 avto\u015fluq edirl\u0259r\u201d - MEYDAN.TV","isPartOf":{"@id":"https:\/\/www.meydan.tv\/az\/#website"},"primaryImageOfPage":{"@id":"https:\/\/www.meydan.tv\/az\/article\/goycay-sakini-uc-mektebin-yerlesdiyi-erazide-avtosluq-edirler\/#primaryimage"},"image":{"@id":"https:\/\/www.meydan.tv\/az\/article\/goycay-sakini-uc-mektebin-yerlesdiyi-erazide-avtosluq-edirler\/#primaryimage"},"thumbnailUrl":"https:\/\/www.meydan.tv\/wp-content\/uploads\/0ed43042-1b90-4757-b9d8-9ff2fd18e78f.jpeg","datePublished":"2022-10-31T14:45:41+00:00","dateModified":"2022-10-31T14:45:43+00:00","breadcrumb":{"@id":"https:\/\/www.meydan.tv\/az\/article\/goycay-sakini-uc-mektebin-yerlesdiyi-erazide-avtosluq-edirler\/#breadcrumb"},"inLanguage":"az","potentialAction":[{"@type":"ReadAction","target":["https:\/\/www.meydan.tv\/az\/article\/goycay-sakini-uc-mektebin-yerlesdiyi-erazide-avtosluq-edirler\/"]}]},{"@type":"ImageObject","inLanguage":"az","@id":"https:\/\/www.meydan.tv\/az\/article\/goycay-sakini-uc-mektebin-yerlesdiyi-erazide-avtosluq-edirler\/#primaryimage","url":"https:\/\/www.meydan.tv\/wp-content\/uploads\/0ed43042-1b90-4757-b9d8-9ff2fd18e78f.jpeg","contentUrl":"https:\/\/www.meydan.tv\/wp-content\/uploads\/0ed43042-1b90-4757-b9d8-9ff2fd18e78f.jpeg","width":1280,"height":576},{"@type":"BreadcrumbList","@id":"https:\/\/www.meydan.tv\/az\/article\/goycay-sakini-uc-mektebin-yerlesdiyi-erazide-avtosluq-edirler\/#breadcrumb","itemListElement":[{"@type":"ListItem","position":1,"name":"Ana s\u0259hif\u0259","item":"https:\/\/www.meydan.tv\/az\/"},{"@type":"ListItem","position":2,"name":"Uncategorized @az","item":"https:\/\/www.meydan.tv\/az\/section\/uncategorized-az\/"},{"@type":"ListItem","position":3,"name":"G\u00f6y\u00e7ay sakini: \u201c\u00dc\u00e7 m\u0259kt\u0259bin yerl\u0259\u015fdiyi \u0259razid\u0259 avto\u015fluq edirl\u0259r\u201d"}]},{"@type":"WebSite","@id":"https:\/\/www.meydan.tv\/az\/#website","url":"https:\/\/www.meydan.tv\/az\/","name":"MEYDAN.TV","description":"Meydan TV Az\u0259rbaycan\u0131n media m\u0259kan\u0131ndak\u0131 alternativ s\u0259sidir","publisher":{"@id":"https:\/\/www.meydan.tv\/az\/#organization"},"potentialAction":[{"@type":"SearchAction","target":{"@type":"EntryPoint","urlTemplate":"https:\/\/www.meydan.tv\/az\/?s={search_term_string}"},"query-input":{"@type":"PropertyValueSpecification","valueRequired":true,"valueName":"search_term_string"}}],"inLanguage":"az"},{"@type":"Organization","@id":"https:\/\/www.meydan.tv\/az\/#organization","name":"Meydan TV","url":"https:\/\/www.meydan.tv\/az\/","logo":{"@type":"ImageObject","inLanguage":"az","@id":"https:\/\/www.meydan.tv\/az\/#\/schema\/logo\/image\/","url":"https:\/\/www.meydan.tv\/wp-content\/uploads\/2021\/07\/meydan-logo.svg","contentUrl":"https:\/\/www.meydan.tv\/wp-content\/uploads\/2021\/07\/meydan-logo.svg","width":195,"height":46,"caption":"Meydan TV"},"image":{"@id":"https:\/\/www.meydan.tv\/az\/#\/schema\/logo\/image\/"}},{"@type":"Person","@id":"https:\/\/www.meydan.tv\/az\/#\/schema\/person\/981b0b284aeaa9ad0cbf814cd4a9d67c","name":"miron"}]}},"_links":{"self":[{"href":"https:\/\/www.meydan.tv\/az\/wp-json\/wp\/v2\/posts\/259870","targetHints":{"allow":["GET"]}}],"collection":[{"href":"https:\/\/www.meydan.tv\/az\/wp-json\/wp\/v2\/posts"}],"about":[{"href":"https:\/\/www.meydan.tv\/az\/wp-json\/wp\/v2\/types\/post"}],"author":[{"embeddable":true,"href":"https:\/\/www.meydan.tv\/az\/wp-json\/wp\/v2\/users\/18"}],"replies":[{"embeddable":true,"href":"https:\/\/www.meydan.tv\/az\/wp-json\/wp\/v2\/comments?post=259870"}],"version-history":[{"count":2,"href":"https:\/\/www.meydan.tv\/az\/wp-json\/wp\/v2\/posts\/259870\/revisions"}],"predecessor-version":[{"id":259882,"href":"https:\/\/www.meydan.tv\/az\/wp-json\/wp\/v2\/posts\/259870\/revisions\/259882"}],"wp:featuredmedia":[{"embeddable":true,"href":"https:\/\/www.meydan.tv\/az\/wp-json\/wp\/v2\/media\/259879"}],"wp:attachment":[{"href":"https:\/\/www.meydan.tv\/az\/wp-json\/wp\/v2\/media?parent=259870"}],"wp:term":[{"taxonomy":"category","embeddable":true,"href":"https:\/\/www.meydan.tv\/az\/wp-json\/wp\/v2\/categories?post=259870"},{"taxonomy":"post_tag","embeddable":true,"href":"https:\/\/www.meydan.tv\/az\/wp-json\/wp\/v2\/tags?post=259870"}],"curies":[{"name":"wp","href":"https:\/\/api.w.org\/{rel}","templated":true}]}}