{"id":259865,"date":"2022-10-31T18:26:11","date_gmt":"2022-10-31T14:26:11","guid":{"rendered":"https:\/\/www.meydan.tv\/?p=259865"},"modified":"2022-10-31T18:56:17","modified_gmt":"2022-10-31T14:56:17","slug":"kinotenqidci-korkut-atanin-qatildigi-festival-hec-de-nufuzlu-deyil","status":"publish","type":"post","link":"https:\/\/www.meydan.tv\/az\/article\/kinotenqidci-korkut-atanin-qatildigi-festival-hec-de-nufuzlu-deyil\/","title":{"rendered":"Kinot\u0259nqid\u00e7i: \u201c\u201cF\u0259ryad II\u201d filminin qat\u0131ld\u0131\u011f\u0131 festival he\u00e7 d\u0259 n\u00fcfuzlu deyil\u201d"},"content":{"rendered":"\n<p><em>Filmin premyeras\u0131 \u201cBursada ke\u00e7iril\u0259c\u0259k festivalda olacaq<\/em><\/p>\n\n\n\n<p>&#8220;H\u0259yat, dey\u0259s\u0259n, g\u00f6z\u0259ldir&#8221; (F\u0259ryad II) b\u0259dii filminin preymyeras\u0131 \u201cKorkut Ata\u201d (D\u0259d\u0259 Qorqud) T\u00fcrk D\u00fcnyas\u0131 Beyn\u0259lxalq Film Festival\u0131nda <a href=\"https:\/\/www.youtube.com\/watch?v=wgE8pN3H8kk.\">olacaq<\/a>. <\/p>\n\n\n\n<p>Bu haqda m\u0259lumat\u0131 Meydan TV-y\u0259 \u201cAz\u0259rbaycanfilm\u201d kinostudiyas\u0131n\u0131n m\u0259tbuat xidm\u0259ti Ramil \u018fl\u0259kb\u0259rov verib. Filmin ssenari m\u00fc\u0259llifi v\u0259 qurulu\u015f\u00e7u rejissoru Xalq artisti Vaqif Mustafayev \u00f6z\u00fc d\u0259 festivalda i\u015ftirak ed\u0259c\u0259k. Festival\u0131n s\u0259n\u0259dli film kateqoriyas\u0131nda is\u0259 kinorejissor Teymur Hac\u0131yevin \u201cDalan\u201d s\u0259n\u0259dli filmi yar\u0131\u015facaq.<\/p>\n\n\n\n<p>\u201cTarixi ponarama\u201d v\u0259 \u201cM\u00fcasir insan m\u0259nz\u0259r\u0259l\u0259ri\u201d adl\u0131 m\u00fcsabiq\u0259d\u0259nk\u0259nar kateqoriyalarda da \u201cD\u0259li K\u00fcr\u201d filminin yenil\u0259nmi\u015f versiyas\u0131 v\u0259 \u201cOtel ota\u011f\u0131\u201d filmi n\u00fcmayi\u015f olunacaq.<\/p>\n\n\n\n<p>Festival 2022-ci il noyabr\u0131n 1-d\u0259n 5-d\u0259k Bursa \u015f\u0259h\u0259rind\u0259 t\u0259\u015fkil olunacaq.2021-ci ild\u0259 t\u0259sis olunan festivalda t\u00fcrkdilli \u00f6lk\u0259l\u0259rd\u0259n filml\u0259r yer al\u0131r. \u0130lk festival\u0131n qalibi az\u0259rbaycanl\u0131 kinorejissor Hilal Baydarov olub. Onun \u201cS\u0259p\u0259l\u0259nmi\u015f \u00f6l\u00fcml\u0259r aras\u0131nda\u201d b\u0259dii filmi festival\u0131n \u201c\u018fn yax\u015f\u0131 film\u201d nominasiyas\u0131 \u00fczr\u0259 m\u00fckafata layiq g\u00f6r\u00fcl\u00fcb. <\/p>\n\n\n\n<p>Kinot\u0259nqid\u00e7i Hac\u0131 S\u0259f\u0259rov \u201cKorkut Ata\u201d (D\u0259d\u0259 Qorqud) T\u00fcrk D\u00fcnyas\u0131 Beyn\u0259lxalq Film Festival\u0131n\u0131 he\u00e7 d\u0259 n\u00fcfuzlu <a href=\"https:\/\/t.me\/haciseferov\/522\" target=\"_blank\" rel=\"noreferrer noopener\">hesab etmir<\/a> :<\/p>\n\n\n\n<p>\u201cBu festival \u00f6t\u0259n il yarad\u0131l\u0131b. D\u00fcnyadak\u0131 populyarl\u0131\u011f\u0131n\u0131 ke\u00e7dim, he\u00e7 T\u00fcrkiy\u0259d\u0259 \u0259n n\u00fcfuzlu \u00fc\u00e7 festivaldan biri d\u0259 deyil. Niy\u0259 insanlara yalan dan\u0131\u015f\u0131rlar, aldad\u0131rlar? Filmin n\u00fcfuzlu v\u0259 ya n\u00fcfuzsuz festivala qat\u0131lmas\u0131, \u0259s\u0259rin \u00f6z\u00fcn\u00fcn yax\u015f\u0131-pisliyind\u0259n x\u0259b\u0259r vermir\u201d.<\/p>\n\n\n\n<p>2022-ci il oktyabr\u0131n 14-d\u0259n 23-d\u0259k Pol\u015fan\u0131n paytaxt\u0131nda \u0259n\u0259n\u0259vi 38-ci Beyn\u0259lxalq Var\u015fava Film Festival\u0131 ke\u00e7irildi. <\/p>\n\n\n\n<p>Kinot\u0259nqid\u00e7i Hac\u0131 S\u0259f\u0259rov festivalda g\u04d9nc kinot\u04d9nqid\u00e7il\u04d9rin \u04d9n yax\u015f\u0131 filmi m\u00fc\u04d9yy\u04d9n etdiyi j\u00fcri hey\u04d9tind\u0259 t\u0259msil olunurdu. <\/p>\n\n\n\n<p>Kinot\u0259nqid\u00e7i festival \u00e7\u0259r\u00e7iv\u0259sind\u0259 \u0130kinci Qaraba\u011f m\u00fcharib\u0259sin\u0259 dair Erm\u0259nistan istehsal\u0131 olan \u201cInvisible Republic\u201d adl\u0131 s\u0259n\u0259dli filml\u0259 ba\u011fl\u0131 m\u00fcsb\u0259t fikirl\u0259rini <a href=\"https:\/\/d9mc3ts4czbpr.cloudfront.net\/az\/article\/kinotenqidci-invisible-republic-fulya-filmind%d3%99n-daha-yaxsidir\/\">bildirmi\u015fdi<\/a>.<\/p>\n\n\n\n<p>\u201cInvisible Republic\u201d filmini \u201cFulya\u201d il\u0259 m\u00fcqayis\u0259 ed\u0259rk\u0259n, ikincinin z\u0259if \u00e7\u0259kildyini demi\u015fdi.<\/p>\n\n\n\n<p>M\u0259d\u0259niyy\u0259t Nazirliyinin Audiovizual v\u0259 interaktiv media \u015f\u00f6b\u0259sinin m\u00fcdiri R\u00fcf\u0259t H\u0259s\u0259nov is\u0259 m\u0259s\u0259l\u0259y\u0259 m\u00fcnasib\u0259t bildir\u0259rk\u0259n demi\u015fdi ki, Erm\u0259nistan\u0131n \u00e7\u0259kdiyi b\u0259dii filml\u0259rin i\u015ftirak etdiyi festivallar ciddi deyil. \u018flav\u0259 etmi\u015fdi ki, \u0130kinci Qaraba\u011f m\u00fcharib\u0259sind\u0259n b\u0259hs ed\u0259n \u201cH\u0259yat, dey\u0259s\u0259n, g\u00f6z\u0259ldir\u201d filmi n\u00fcfuzlu festivalda i\u015ftirak <a href=\"https:\/\/report.az\/medeniyyet-siyaseti\/medeniyyet-nazirliyi-ermenistanin-cekdiyi-filmlerin-istirak-etdiyi-festivallar-ciddi-deyil\/\">ed\u0259c\u0259k<\/a>.&nbsp;<\/p>\n\n\n\n<p>\u201cH\u0259yat, dey\u0259s\u0259n, g\u00f6z\u0259ldir\u201d tammetrajl\u0131 b\u0259dii filmi \u0130kinci Qaraba\u011f m\u00fcharib\u0259sin\u0259 h\u0259sr <a href=\"https:\/\/d9mc3ts4czbpr.cloudfront.net\/az\/article\/feryad-ii-netflixde-yayimlana-biler\/\">olunub<\/a>.<\/p>\n\n\n\n<p>\u0130lkin i\u015f\u00e7i ad\u0131 \u201cF\u0259ryad II\u201d olan filmin, ssenari m\u00fc\u0259llifi v\u0259 rejissoru Vaqif Mustafayev, t\u0259svir rejissoru Orxan Abbasov, r\u0259ssam\u0131 Quram Navroza\u015fvili, geyim r\u0259ssam\u0131 Keti Kalandadze, b\u0259st\u0259kar\u0131 Tural M\u0259mm\u0259dli, prod\u00fcseri is\u0259 Fariz \u018fhm\u0259dovdur.<\/p>\n\n\n\n<p>Ba\u015f rolda Hikm\u0259t R\u0259himov, rollarda Sevinc \u018fliyeva, Nino Qomarteli, Dmitri Samxaradze, Giorgi Celiya v\u0259 Aftandil Maxaradze \u00e7\u0259kilibl\u0259r.<\/p>\n\n\n\n<p>Film M\u0259d\u0259niyy\u0259t Nazirliyinin sifari\u015fi il\u0259 \u201cAz\u0259rbaycanfilm\u201d Kinostudiyas\u0131n\u0131n istehsal\u0131d\u0131r.<\/p>\n","protected":false},"excerpt":{"rendered":"<p>Filmin premyeras\u0131 \u201cBursada ke\u00e7iril\u0259c\u0259k festivalda olacaq &#8220;H\u0259yat, dey\u0259s\u0259n, g\u00f6z\u0259ldir&#8221; (F\u0259ryad &#8230; <\/p>\n<p class=\"read-more-container\"><a title=\"Kinot\u0259nqid\u00e7i: \u201c\u201cF\u0259ryad II\u201d filminin qat\u0131ld\u0131\u011f\u0131 festival he\u00e7 d\u0259 n\u00fcfuzlu deyil\u201d\" class=\"read-more button\" href=\"https:\/\/www.meydan.tv\/az\/article\/kinotenqidci-korkut-atanin-qatildigi-festival-hec-de-nufuzlu-deyil\/#more-259865\" aria-label=\"Read more about Kinot\u0259nqid\u00e7i: \u201c\u201cF\u0259ryad II\u201d filminin qat\u0131ld\u0131\u011f\u0131 festival he\u00e7 d\u0259 n\u00fcfuzlu deyil\u201d\">Davam\u0131<\/a><\/p>\n","protected":false},"author":18,"featured_media":259866,"comment_status":"closed","ping_status":"closed","sticky":false,"template":"","format":"standard","meta":{"_acf_changed":false,"_sitemap_exclude":false,"_sitemap_priority":"","_sitemap_frequency":"","footnotes":""},"categories":[7],"tags":[],"class_list":["post-259865","post","type-post","status-publish","format-standard","has-post-thumbnail","hentry","category-uncategorized-az","infinite-scroll-item","generate-columns","tablet-grid-50","mobile-grid-100","grid-parent","grid-33","no-featured-image-padding"],"acf":[],"yoast_head":"<!-- This site is optimized with the Yoast SEO plugin v27.5 - https:\/\/yoast.com\/product\/yoast-seo-wordpress\/ -->\n<title>Kinot\u0259nqid\u00e7i: \u201c\u201cF\u0259ryad II\u201d filminin qat\u0131ld\u0131\u011f\u0131 festival he\u00e7 d\u0259 n\u00fcfuzlu deyil\u201d - MEYDAN.TV<\/title>\n<meta name=\"robots\" content=\"index, follow, max-snippet:-1, max-image-preview:large, max-video-preview:-1\" \/>\n<link rel=\"canonical\" href=\"https:\/\/www.meydan.tv\/az\/article\/kinotenqidci-korkut-atanin-qatildigi-festival-hec-de-nufuzlu-deyil\/\" \/>\n<meta property=\"og:locale\" content=\"az_AZ\" \/>\n<meta property=\"og:type\" content=\"article\" \/>\n<meta property=\"og:title\" content=\"Kinot\u0259nqid\u00e7i: \u201c\u201cF\u0259ryad II\u201d filminin qat\u0131ld\u0131\u011f\u0131 festival he\u00e7 d\u0259 n\u00fcfuzlu deyil\u201d - MEYDAN.TV\" \/>\n<meta property=\"og:description\" content=\"Filmin premyeras\u0131 \u201cBursada ke\u00e7iril\u0259c\u0259k festivalda olacaq &#8220;H\u0259yat, dey\u0259s\u0259n, g\u00f6z\u0259ldir&#8221; (F\u0259ryad ... Davam\u0131\" \/>\n<meta property=\"og:url\" content=\"https:\/\/www.meydan.tv\/az\/article\/kinotenqidci-korkut-atanin-qatildigi-festival-hec-de-nufuzlu-deyil\/\" \/>\n<meta property=\"og:site_name\" content=\"MEYDAN.TV\" \/>\n<meta property=\"article:published_time\" content=\"2022-10-31T14:26:11+00:00\" \/>\n<meta property=\"article:modified_time\" content=\"2022-10-31T14:56:17+00:00\" \/>\n<meta property=\"og:image\" content=\"https:\/\/www.meydan.tv\/wp-content\/uploads\/2022-10-31-15.22.06.jpg\" \/>\n\t<meta property=\"og:image:width\" content=\"1280\" \/>\n\t<meta property=\"og:image:height\" content=\"789\" \/>\n\t<meta property=\"og:image:type\" content=\"image\/jpeg\" \/>\n<meta name=\"author\" content=\"miron\" \/>\n<meta name=\"twitter:card\" content=\"summary_large_image\" \/>\n<script type=\"application\/ld+json\" class=\"yoast-schema-graph\">{\"@context\":\"https:\\\/\\\/schema.org\",\"@graph\":[{\"@type\":\"Article\",\"@id\":\"https:\\\/\\\/www.meydan.tv\\\/az\\\/article\\\/kinotenqidci-korkut-atanin-qatildigi-festival-hec-de-nufuzlu-deyil\\\/#article\",\"isPartOf\":{\"@id\":\"https:\\\/\\\/www.meydan.tv\\\/az\\\/article\\\/kinotenqidci-korkut-atanin-qatildigi-festival-hec-de-nufuzlu-deyil\\\/\"},\"author\":{\"name\":\"miron\",\"@id\":\"https:\\\/\\\/www.meydan.tv\\\/az\\\/#\\\/schema\\\/person\\\/981b0b284aeaa9ad0cbf814cd4a9d67c\"},\"headline\":\"Kinot\u0259nqid\u00e7i: \u201c\u201cF\u0259ryad II\u201d filminin qat\u0131ld\u0131\u011f\u0131 festival he\u00e7 d\u0259 n\u00fcfuzlu deyil\u201d\",\"datePublished\":\"2022-10-31T14:26:11+00:00\",\"dateModified\":\"2022-10-31T14:56:17+00:00\",\"mainEntityOfPage\":{\"@id\":\"https:\\\/\\\/www.meydan.tv\\\/az\\\/article\\\/kinotenqidci-korkut-atanin-qatildigi-festival-hec-de-nufuzlu-deyil\\\/\"},\"wordCount\":580,\"publisher\":{\"@id\":\"https:\\\/\\\/www.meydan.tv\\\/az\\\/#organization\"},\"image\":{\"@id\":\"https:\\\/\\\/www.meydan.tv\\\/az\\\/article\\\/kinotenqidci-korkut-atanin-qatildigi-festival-hec-de-nufuzlu-deyil\\\/#primaryimage\"},\"thumbnailUrl\":\"https:\\\/\\\/www.meydan.tv\\\/wp-content\\\/uploads\\\/2022-10-31-15.22.06.jpg\",\"articleSection\":[\"Uncategorized @az\"],\"inLanguage\":\"az\"},{\"@type\":\"WebPage\",\"@id\":\"https:\\\/\\\/www.meydan.tv\\\/az\\\/article\\\/kinotenqidci-korkut-atanin-qatildigi-festival-hec-de-nufuzlu-deyil\\\/\",\"url\":\"https:\\\/\\\/www.meydan.tv\\\/az\\\/article\\\/kinotenqidci-korkut-atanin-qatildigi-festival-hec-de-nufuzlu-deyil\\\/\",\"name\":\"Kinot\u0259nqid\u00e7i: \u201c\u201cF\u0259ryad II\u201d filminin qat\u0131ld\u0131\u011f\u0131 festival he\u00e7 d\u0259 n\u00fcfuzlu deyil\u201d - MEYDAN.TV\",\"isPartOf\":{\"@id\":\"https:\\\/\\\/www.meydan.tv\\\/az\\\/#website\"},\"primaryImageOfPage\":{\"@id\":\"https:\\\/\\\/www.meydan.tv\\\/az\\\/article\\\/kinotenqidci-korkut-atanin-qatildigi-festival-hec-de-nufuzlu-deyil\\\/#primaryimage\"},\"image\":{\"@id\":\"https:\\\/\\\/www.meydan.tv\\\/az\\\/article\\\/kinotenqidci-korkut-atanin-qatildigi-festival-hec-de-nufuzlu-deyil\\\/#primaryimage\"},\"thumbnailUrl\":\"https:\\\/\\\/www.meydan.tv\\\/wp-content\\\/uploads\\\/2022-10-31-15.22.06.jpg\",\"datePublished\":\"2022-10-31T14:26:11+00:00\",\"dateModified\":\"2022-10-31T14:56:17+00:00\",\"breadcrumb\":{\"@id\":\"https:\\\/\\\/www.meydan.tv\\\/az\\\/article\\\/kinotenqidci-korkut-atanin-qatildigi-festival-hec-de-nufuzlu-deyil\\\/#breadcrumb\"},\"inLanguage\":\"az\",\"potentialAction\":[{\"@type\":\"ReadAction\",\"target\":[\"https:\\\/\\\/www.meydan.tv\\\/az\\\/article\\\/kinotenqidci-korkut-atanin-qatildigi-festival-hec-de-nufuzlu-deyil\\\/\"]}]},{\"@type\":\"ImageObject\",\"inLanguage\":\"az\",\"@id\":\"https:\\\/\\\/www.meydan.tv\\\/az\\\/article\\\/kinotenqidci-korkut-atanin-qatildigi-festival-hec-de-nufuzlu-deyil\\\/#primaryimage\",\"url\":\"https:\\\/\\\/www.meydan.tv\\\/wp-content\\\/uploads\\\/2022-10-31-15.22.06.jpg\",\"contentUrl\":\"https:\\\/\\\/www.meydan.tv\\\/wp-content\\\/uploads\\\/2022-10-31-15.22.06.jpg\",\"width\":1280,\"height\":789,\"caption\":\"H\u0259yat, dey\u0259s\u0259n, g\u00f6z\u0259ldir filmind\u0259n screenshot\"},{\"@type\":\"BreadcrumbList\",\"@id\":\"https:\\\/\\\/www.meydan.tv\\\/az\\\/article\\\/kinotenqidci-korkut-atanin-qatildigi-festival-hec-de-nufuzlu-deyil\\\/#breadcrumb\",\"itemListElement\":[{\"@type\":\"ListItem\",\"position\":1,\"name\":\"Ana s\u0259hif\u0259\",\"item\":\"https:\\\/\\\/www.meydan.tv\\\/az\\\/\"},{\"@type\":\"ListItem\",\"position\":2,\"name\":\"Uncategorized @az\",\"item\":\"https:\\\/\\\/www.meydan.tv\\\/az\\\/section\\\/uncategorized-az\\\/\"},{\"@type\":\"ListItem\",\"position\":3,\"name\":\"Kinot\u0259nqid\u00e7i: \u201c\u201cF\u0259ryad II\u201d filminin qat\u0131ld\u0131\u011f\u0131 festival he\u00e7 d\u0259 n\u00fcfuzlu deyil\u201d\"}]},{\"@type\":\"WebSite\",\"@id\":\"https:\\\/\\\/www.meydan.tv\\\/az\\\/#website\",\"url\":\"https:\\\/\\\/www.meydan.tv\\\/az\\\/\",\"name\":\"MEYDAN.TV\",\"description\":\"Meydan TV Az\u0259rbaycan\u0131n media m\u0259kan\u0131ndak\u0131 alternativ s\u0259sidir\",\"publisher\":{\"@id\":\"https:\\\/\\\/www.meydan.tv\\\/az\\\/#organization\"},\"potentialAction\":[{\"@type\":\"SearchAction\",\"target\":{\"@type\":\"EntryPoint\",\"urlTemplate\":\"https:\\\/\\\/www.meydan.tv\\\/az\\\/?s={search_term_string}\"},\"query-input\":{\"@type\":\"PropertyValueSpecification\",\"valueRequired\":true,\"valueName\":\"search_term_string\"}}],\"inLanguage\":\"az\"},{\"@type\":\"Organization\",\"@id\":\"https:\\\/\\\/www.meydan.tv\\\/az\\\/#organization\",\"name\":\"Meydan TV\",\"url\":\"https:\\\/\\\/www.meydan.tv\\\/az\\\/\",\"logo\":{\"@type\":\"ImageObject\",\"inLanguage\":\"az\",\"@id\":\"https:\\\/\\\/www.meydan.tv\\\/az\\\/#\\\/schema\\\/logo\\\/image\\\/\",\"url\":\"https:\\\/\\\/www.meydan.tv\\\/wp-content\\\/uploads\\\/2021\\\/07\\\/meydan-logo.svg\",\"contentUrl\":\"https:\\\/\\\/www.meydan.tv\\\/wp-content\\\/uploads\\\/2021\\\/07\\\/meydan-logo.svg\",\"width\":195,\"height\":46,\"caption\":\"Meydan TV\"},\"image\":{\"@id\":\"https:\\\/\\\/www.meydan.tv\\\/az\\\/#\\\/schema\\\/logo\\\/image\\\/\"}},{\"@type\":\"Person\",\"@id\":\"https:\\\/\\\/www.meydan.tv\\\/az\\\/#\\\/schema\\\/person\\\/981b0b284aeaa9ad0cbf814cd4a9d67c\",\"name\":\"miron\"}]}<\/script>\n<!-- \/ Yoast SEO plugin. -->","yoast_head_json":{"title":"Kinot\u0259nqid\u00e7i: \u201c\u201cF\u0259ryad II\u201d filminin qat\u0131ld\u0131\u011f\u0131 festival he\u00e7 d\u0259 n\u00fcfuzlu deyil\u201d - MEYDAN.TV","robots":{"index":"index","follow":"follow","max-snippet":"max-snippet:-1","max-image-preview":"max-image-preview:large","max-video-preview":"max-video-preview:-1"},"canonical":"https:\/\/www.meydan.tv\/az\/article\/kinotenqidci-korkut-atanin-qatildigi-festival-hec-de-nufuzlu-deyil\/","og_locale":"az_AZ","og_type":"article","og_title":"Kinot\u0259nqid\u00e7i: \u201c\u201cF\u0259ryad II\u201d filminin qat\u0131ld\u0131\u011f\u0131 festival he\u00e7 d\u0259 n\u00fcfuzlu deyil\u201d - MEYDAN.TV","og_description":"Filmin premyeras\u0131 \u201cBursada ke\u00e7iril\u0259c\u0259k festivalda olacaq &#8220;H\u0259yat, dey\u0259s\u0259n, g\u00f6z\u0259ldir&#8221; (F\u0259ryad ... Davam\u0131","og_url":"https:\/\/www.meydan.tv\/az\/article\/kinotenqidci-korkut-atanin-qatildigi-festival-hec-de-nufuzlu-deyil\/","og_site_name":"MEYDAN.TV","article_published_time":"2022-10-31T14:26:11+00:00","article_modified_time":"2022-10-31T14:56:17+00:00","og_image":[{"width":1280,"height":789,"url":"https:\/\/www.meydan.tv\/wp-content\/uploads\/2022-10-31-15.22.06.jpg","type":"image\/jpeg"}],"author":"miron","twitter_card":"summary_large_image","schema":{"@context":"https:\/\/schema.org","@graph":[{"@type":"Article","@id":"https:\/\/www.meydan.tv\/az\/article\/kinotenqidci-korkut-atanin-qatildigi-festival-hec-de-nufuzlu-deyil\/#article","isPartOf":{"@id":"https:\/\/www.meydan.tv\/az\/article\/kinotenqidci-korkut-atanin-qatildigi-festival-hec-de-nufuzlu-deyil\/"},"author":{"name":"miron","@id":"https:\/\/www.meydan.tv\/az\/#\/schema\/person\/981b0b284aeaa9ad0cbf814cd4a9d67c"},"headline":"Kinot\u0259nqid\u00e7i: \u201c\u201cF\u0259ryad II\u201d filminin qat\u0131ld\u0131\u011f\u0131 festival he\u00e7 d\u0259 n\u00fcfuzlu deyil\u201d","datePublished":"2022-10-31T14:26:11+00:00","dateModified":"2022-10-31T14:56:17+00:00","mainEntityOfPage":{"@id":"https:\/\/www.meydan.tv\/az\/article\/kinotenqidci-korkut-atanin-qatildigi-festival-hec-de-nufuzlu-deyil\/"},"wordCount":580,"publisher":{"@id":"https:\/\/www.meydan.tv\/az\/#organization"},"image":{"@id":"https:\/\/www.meydan.tv\/az\/article\/kinotenqidci-korkut-atanin-qatildigi-festival-hec-de-nufuzlu-deyil\/#primaryimage"},"thumbnailUrl":"https:\/\/www.meydan.tv\/wp-content\/uploads\/2022-10-31-15.22.06.jpg","articleSection":["Uncategorized @az"],"inLanguage":"az"},{"@type":"WebPage","@id":"https:\/\/www.meydan.tv\/az\/article\/kinotenqidci-korkut-atanin-qatildigi-festival-hec-de-nufuzlu-deyil\/","url":"https:\/\/www.meydan.tv\/az\/article\/kinotenqidci-korkut-atanin-qatildigi-festival-hec-de-nufuzlu-deyil\/","name":"Kinot\u0259nqid\u00e7i: \u201c\u201cF\u0259ryad II\u201d filminin qat\u0131ld\u0131\u011f\u0131 festival he\u00e7 d\u0259 n\u00fcfuzlu deyil\u201d - MEYDAN.TV","isPartOf":{"@id":"https:\/\/www.meydan.tv\/az\/#website"},"primaryImageOfPage":{"@id":"https:\/\/www.meydan.tv\/az\/article\/kinotenqidci-korkut-atanin-qatildigi-festival-hec-de-nufuzlu-deyil\/#primaryimage"},"image":{"@id":"https:\/\/www.meydan.tv\/az\/article\/kinotenqidci-korkut-atanin-qatildigi-festival-hec-de-nufuzlu-deyil\/#primaryimage"},"thumbnailUrl":"https:\/\/www.meydan.tv\/wp-content\/uploads\/2022-10-31-15.22.06.jpg","datePublished":"2022-10-31T14:26:11+00:00","dateModified":"2022-10-31T14:56:17+00:00","breadcrumb":{"@id":"https:\/\/www.meydan.tv\/az\/article\/kinotenqidci-korkut-atanin-qatildigi-festival-hec-de-nufuzlu-deyil\/#breadcrumb"},"inLanguage":"az","potentialAction":[{"@type":"ReadAction","target":["https:\/\/www.meydan.tv\/az\/article\/kinotenqidci-korkut-atanin-qatildigi-festival-hec-de-nufuzlu-deyil\/"]}]},{"@type":"ImageObject","inLanguage":"az","@id":"https:\/\/www.meydan.tv\/az\/article\/kinotenqidci-korkut-atanin-qatildigi-festival-hec-de-nufuzlu-deyil\/#primaryimage","url":"https:\/\/www.meydan.tv\/wp-content\/uploads\/2022-10-31-15.22.06.jpg","contentUrl":"https:\/\/www.meydan.tv\/wp-content\/uploads\/2022-10-31-15.22.06.jpg","width":1280,"height":789,"caption":"H\u0259yat, dey\u0259s\u0259n, g\u00f6z\u0259ldir filmind\u0259n screenshot"},{"@type":"BreadcrumbList","@id":"https:\/\/www.meydan.tv\/az\/article\/kinotenqidci-korkut-atanin-qatildigi-festival-hec-de-nufuzlu-deyil\/#breadcrumb","itemListElement":[{"@type":"ListItem","position":1,"name":"Ana s\u0259hif\u0259","item":"https:\/\/www.meydan.tv\/az\/"},{"@type":"ListItem","position":2,"name":"Uncategorized @az","item":"https:\/\/www.meydan.tv\/az\/section\/uncategorized-az\/"},{"@type":"ListItem","position":3,"name":"Kinot\u0259nqid\u00e7i: \u201c\u201cF\u0259ryad II\u201d filminin qat\u0131ld\u0131\u011f\u0131 festival he\u00e7 d\u0259 n\u00fcfuzlu deyil\u201d"}]},{"@type":"WebSite","@id":"https:\/\/www.meydan.tv\/az\/#website","url":"https:\/\/www.meydan.tv\/az\/","name":"MEYDAN.TV","description":"Meydan TV Az\u0259rbaycan\u0131n media m\u0259kan\u0131ndak\u0131 alternativ s\u0259sidir","publisher":{"@id":"https:\/\/www.meydan.tv\/az\/#organization"},"potentialAction":[{"@type":"SearchAction","target":{"@type":"EntryPoint","urlTemplate":"https:\/\/www.meydan.tv\/az\/?s={search_term_string}"},"query-input":{"@type":"PropertyValueSpecification","valueRequired":true,"valueName":"search_term_string"}}],"inLanguage":"az"},{"@type":"Organization","@id":"https:\/\/www.meydan.tv\/az\/#organization","name":"Meydan TV","url":"https:\/\/www.meydan.tv\/az\/","logo":{"@type":"ImageObject","inLanguage":"az","@id":"https:\/\/www.meydan.tv\/az\/#\/schema\/logo\/image\/","url":"https:\/\/www.meydan.tv\/wp-content\/uploads\/2021\/07\/meydan-logo.svg","contentUrl":"https:\/\/www.meydan.tv\/wp-content\/uploads\/2021\/07\/meydan-logo.svg","width":195,"height":46,"caption":"Meydan TV"},"image":{"@id":"https:\/\/www.meydan.tv\/az\/#\/schema\/logo\/image\/"}},{"@type":"Person","@id":"https:\/\/www.meydan.tv\/az\/#\/schema\/person\/981b0b284aeaa9ad0cbf814cd4a9d67c","name":"miron"}]}},"_links":{"self":[{"href":"https:\/\/www.meydan.tv\/az\/wp-json\/wp\/v2\/posts\/259865","targetHints":{"allow":["GET"]}}],"collection":[{"href":"https:\/\/www.meydan.tv\/az\/wp-json\/wp\/v2\/posts"}],"about":[{"href":"https:\/\/www.meydan.tv\/az\/wp-json\/wp\/v2\/types\/post"}],"author":[{"embeddable":true,"href":"https:\/\/www.meydan.tv\/az\/wp-json\/wp\/v2\/users\/18"}],"replies":[{"embeddable":true,"href":"https:\/\/www.meydan.tv\/az\/wp-json\/wp\/v2\/comments?post=259865"}],"version-history":[{"count":4,"href":"https:\/\/www.meydan.tv\/az\/wp-json\/wp\/v2\/posts\/259865\/revisions"}],"predecessor-version":[{"id":259895,"href":"https:\/\/www.meydan.tv\/az\/wp-json\/wp\/v2\/posts\/259865\/revisions\/259895"}],"wp:featuredmedia":[{"embeddable":true,"href":"https:\/\/www.meydan.tv\/az\/wp-json\/wp\/v2\/media\/259866"}],"wp:attachment":[{"href":"https:\/\/www.meydan.tv\/az\/wp-json\/wp\/v2\/media?parent=259865"}],"wp:term":[{"taxonomy":"category","embeddable":true,"href":"https:\/\/www.meydan.tv\/az\/wp-json\/wp\/v2\/categories?post=259865"},{"taxonomy":"post_tag","embeddable":true,"href":"https:\/\/www.meydan.tv\/az\/wp-json\/wp\/v2\/tags?post=259865"}],"curies":[{"name":"wp","href":"https:\/\/api.w.org\/{rel}","templated":true}]}}