{"id":259791,"date":"2022-10-30T23:00:46","date_gmt":"2022-10-30T19:00:46","guid":{"rendered":"https:\/\/www.meydan.tv\/?p=259791"},"modified":"2022-10-30T23:00:50","modified_gmt":"2022-10-30T19:00:50","slug":"yazdigim-pozuntulari-arasdirmaq-evezine-ozumu-cezalandirdilar","status":"publish","type":"post","link":"https:\/\/www.meydan.tv\/az\/article\/yazdigim-pozuntulari-arasdirmaq-evezine-ozumu-cezalandirdilar\/","title":{"rendered":"\u201cYazd\u0131\u011f\u0131m pozuntular\u0131 ara\u015fd\u0131rmaq \u0259v\u0259zin\u0259 \u00f6z\u00fcm\u00fc c\u0259zaland\u0131rd\u0131lar\u201d"},"content":{"rendered":"\n<p><\/p>\n\n\n\n<p><em>\u015eirvan \u015f\u0259h\u0259rind\u0259ki m\u0259kt\u0259b v\u0259 ba\u011f\u00e7alarla ba\u011fl\u0131 Ba\u015f Prokurorlu\u011fa \u015fikay\u0259t etmi\u015f ke\u00e7mi\u015f direktor haqq\u0131nda niy\u0259 cinay\u0259t i\u015fi ba\u015flan\u0131b?<\/em><\/p>\n\n\n\n<p>\u015eirvan \u015f\u0259h\u0259rind\u0259ki 3 n\u00f6mr\u0259li \u201cYas\u0259m\u0259n\u201d k\u00f6rp\u0259l\u0259r evi-u\u015faq ba\u011f\u00e7as\u0131n\u0131n ke\u00e7mi\u015f m\u00fcdiri Elmira S\u0259f\u0259rova deyir ki, onu \u015fikay\u0259t etdiyin\u0259 g\u00f6r\u0259 c\u0259zaland\u0131r\u0131rlar. S\u00f6hb\u0259t \u015eirvandak\u0131 u\u015faq ba\u011f\u00e7alar\u0131nda, m\u0259kt\u0259bd\u0259 ba\u015f ver\u0259n qanunsuzluqlardan v\u0259 bu \u00f6zba\u015f\u0131nal\u0131qlara yol ver\u0259n \u015f\u0259xsl\u0259ri himay\u0259 ed\u0259n m\u0259murlarla ba\u011fl\u0131 \u015fikay\u0259tl\u0259rd\u0259n gedir.<\/p>\n\n\n\n<p><strong>Ba\u011f\u00e7ada yeyinti ittiham\u0131<\/strong><\/p>\n\n\n\n<p>T\u0259xmin\u0259n 20 g\u00fcn \u0259vv\u0259l \u015eirvan \u015e\u0259h\u0259r Prokurorlu\u011fu \u201cYas\u0259m\u0259n\u201d u\u015faq ba\u011f\u00e7as\u0131nda yeyinti haqda a\u00e7\u0131qlama yaym\u0131\u015fd\u0131. \u0130ddia olunur ki, prokurorlu\u011fa g\u0259l\u0259n \u015fikay\u0259t \u0259sas\u0259nda ara\u015fd\u0131rma apar\u0131l\u0131b v\u0259 ba\u011f\u00e7an\u0131n m\u00fcdiri Elmira S\u0259f\u0259rovan\u0131n bu v\u0259zif\u0259d\u0259 i\u015fl\u0259diyi m\u00fcdd\u0259td\u0259 16 min 177 manat pul m\u0259nims\u0259diyi \u00fcz\u0259 \u00e7\u0131x\u0131b. Bu \u00fczd\u0259n faktla ba\u011fl\u0131 \u015eirvan \u015e\u0259h\u0259r Prokurorlu\u011funda Cinay\u0259t M\u0259c\u0259ll\u0259sinin 179.2.3 v\u0259 179.2.4 (qulluq m\u00f6vqeyind\u0259n istifad\u0259 etm\u0259kl\u0259 xeyli miqdarda m\u0259nims\u0259m\u0259) madd\u0259l\u0259ril\u0259 cinay\u0259t i\u015fi ba\u015flan\u0131b.<\/p>\n\n\n<div class=\"wp-block-image\">\n<figure class=\"alignleft size-large is-resized\"><img decoding=\"async\" data-src=\"https:\/\/www.meydan.tv\/wp-content\/uploads\/photo-2022-10-30-14-14-56-435x821.jpg\" alt=\"\" class=\"wp-image-259776 lazyload\" width=\"234\" height=\"442\" src=\"data:image\/svg+xml;base64,PHN2ZyB3aWR0aD0iMSIgaGVpZ2h0PSIxIiB4bWxucz0iaHR0cDovL3d3dy53My5vcmcvMjAwMC9zdmciPjwvc3ZnPg==\" style=\"--smush-placeholder-width: 234px; --smush-placeholder-aspect-ratio: 234\/442;\" \/><\/figure>\n<\/div>\n\n\n<p><strong>\u201c\u015eirvan \u015e\u0259h\u0259r Prokurorlu\u011fu korrupsiya hallar\u0131n\u0131 ara\u015fd\u0131rmaqdan yay\u0131nd\u0131\u201d<\/strong><\/p>\n\n\n\n<p>2015-ci ild\u0259n 2022-ci ilin avqustuna q\u0259d\u0259r ba\u011f\u00e7a m\u00fcdiri i\u015fl\u0259mi\u015f Elmira S\u0259f\u0259rova is\u0259 bildirir ki, onun \u00f6z\u00fcn\u00fcn \u015fikay\u0259tl\u0259rind\u0259n sonra onu susdurmaq \u00fc\u00e7\u00fcn cinay\u0259t i\u015fi ba\u015flan\u0131b. O, bu bar\u0259d\u0259 elm v\u0259 t\u0259hsil naziri Emin \u018fmrullayevd\u0259n tutmu\u015f, Ba\u015f prokuror, Ombudsmana q\u0259d\u0259r m\u00fcxt\u0259lif instansiyalara m\u0259ktub yaz\u0131b. Ke\u00e7mi\u015f direktor cinay\u0259t i\u015fi ba\u015flanmam\u0131\u015fdan \u00f6nc\u0259 yazd\u0131\u011f\u0131 \u015fikay\u0259td\u0259 b\u0259hs olunan probleml\u0259ri onlar\u0131n n\u0259z\u0259rin\u0259 \u00e7atd\u0131r\u0131b. Elmira S\u0259f\u0259rova vur\u011fulay\u0131b ki, m\u0259hz bu pozuntular\u0131 s\u0259lahiyy\u0259t sahibl\u0259rinin n\u0259z\u0259rin\u0259 \u00e7atd\u0131rd\u0131\u011f\u0131na g\u00f6r\u0259 onu c\u0259zaland\u0131r\u0131rlar.<\/p>\n\n\n\n<p>O, h\u0259m d\u0259 gileyl\u0259nir ki, Ba\u015f Prokurorlu\u011fa \u00fcnvanlad\u0131\u011f\u0131 \u0259vv\u0259lki \u015fikay\u0259t m\u0259ktubu ara\u015fd\u0131r\u0131lmas\u0131 \u00fc\u00e7\u00fcn Korrupsiyaya Qar\u015f\u0131 M\u00fcbariz\u0259 \u0130dar\u0259sin\u0259 yox, \u015eirvan \u015e\u0259h\u0259r Prokurorlu\u011funa y\u00f6nl\u0259ndirilib:<\/p>\n\n\n\n<p>\u201c\u015eirvan \u015e\u0259h\u0259r Prokurorlu\u011fu m\u0259nim \u015fikay\u0259timd\u0259 g\u00f6st\u0259ril\u0259n x\u00fcsusatlar\u0131 yoxlamaq \u0259v\u0259zin\u0259, i\u015fd\u0259n \u00e7\u0131xar\u0131lma\u011f\u0131mla ba\u011fl\u0131 m\u0259s\u0259l\u0259ni ara\u015fd\u0131rmaqla m\u0259\u015f\u011ful oldu. Son n\u0259tic\u0259d\u0259 korrupsiyaya \u015f\u0259rait yaradan hallar\u0131, \u015eirvan \u015e\u0259h\u0259r \u0130cra Hakimiyy\u0259ti il\u0259 Regional T\u0259hsil \u0130dar\u0259si s\u0259viyy\u0259sind\u0259 yol veril\u0259n qanunsuzluqlar\u0131 ara\u015fd\u0131rmaqdan yay\u0131nd\u0131. \u015eirvan \u015e\u0259h\u0259r Prokurorlu\u011fu \u00fcmumi \u015f\u0259h\u0259r s\u0259viyy\u0259sind\u0259 olan v\u0259 sistemli xarakteri da\u015f\u0131yan bu \u0259m\u0259ll\u0259ri if\u015fa etm\u0259k, qanuna uy\u011fun t\u0259dbir g\u00f6rm\u0259k iqtidar\u0131nda deyil\u201d.<\/p>\n\n\n\n<p><strong>\u201c\u0130cra ba\u015f\u00e7\u0131s\u0131n\u0131n m\u00fcavininin bald\u0131z\u0131d\u0131r dey\u0259\u2026\u201d<\/strong><\/p>\n\n\n\n<p>Elmira S\u0259f\u0259rova iddia edir ki, onu c\u0259zaland\u0131rmaq \u00fc\u00e7\u00fcn prokurorlu\u011fa \u00fcnvanlanan \u015fikay\u0259t m\u0259ktublar\u0131 da bil\u0259r\u0259kd\u0259n t\u0259\u015fkil olunub:<\/p>\n\n\n\n<p>\u201cBa\u011f\u00e7an\u0131n t\u0259rbiy\u0259\u00e7isi V\u00fcsal\u0259 \u018fhm\u0259dovan\u0131n h\u0259m m\u0259nim, h\u0259m d\u0259 ba\u011f\u00e7an\u0131n kollektivind\u0259n yazd\u0131\u011f\u0131 \u015f\u0259r-b\u00f6htanlar\u0131ndan, ona himay\u0259darl\u0131q ed\u0259n \u015eirvan-Salyan Regional T\u0259hsil \u0130dar\u0259sinin m\u00fcdir m\u00fcavini R\u00f6v\u015f\u0259n Allahverdiyevin (\u015eirvan \u015e\u0259h\u0259r T\u0259hsil \u015e\u00f6b\u0259sinin ke\u00e7mi\u015f m\u00fcdiri-red.) \u0259lind\u0259n bo\u011faza y\u0131\u011f\u0131lm\u0131\u015fam. R\u00f6v\u015f\u0259n Allahverdiyevin, \u015eirvan \u015e\u0259h\u0259r \u0130cra Hakimiyy\u0259tinin maliyy\u0259 sektorunun m\u00fcdiri H\u0259zi Qas\u0131movun \u0259m\u0259ll\u0259rind\u0259n ba\u011f\u00e7a v\u0259 m\u0259kt\u0259bl\u0259rd\u0259 n\u0259 q\u0259d\u0259r \u0259ziyy\u0259t \u00e7\u0259k\u0259n var. T\u0259s\u0259vv\u00fcr edin, he\u00e7 bir r\u0259smi \u0259mr, T\u0259hsil Nazirliyinin raz\u0131l\u0131\u011f\u0131 olmadan, 13 sayl\u0131 m\u0259kt\u0259bin direktoru Aynur\u0259 Rzayeva eyni zamanda, 16 sayl\u0131 m\u0259kt\u0259bin direktoru v\u0259zif\u0259sini d\u0259 faktiki icra edib. H\u0259min d\u00f6vrd\u0259 b\u00fct\u00fcn maliyy\u0259- t\u0259s\u0259rr\u00fcfat s\u0259n\u0259dl\u0259rin\u0259 imza at\u0131b. Vaxtil\u0259 bu m\u0259s\u0259l\u0259 il\u0259 \u0259laq\u0259dar m\u00fc\u0259yy\u0259n orqanlar yoxlama apard\u0131. Lakin n\u0259 m\u0259s\u0259l\u0259dirs\u0259, himay\u0259darlar\u0131 say\u0259sind\u0259 \u00f6rt-basd\u0131r edildi. S\u0259b\u0259b d\u0259 budur ki, h\u0259min direktor Aynur\u0259 Rzayeva \u015eirvan \u015f\u0259h\u0259rinin icra ba\u015f\u00e7\u0131s\u0131n\u0131n m\u00fcavini M\u0259har\u0259t Mustafayevin bald\u0131z\u0131d\u0131r\u201d.<\/p>\n\n\n<div class=\"wp-block-image\">\n<figure class=\"alignright size-large is-resized\"><img decoding=\"async\" data-src=\"https:\/\/www.meydan.tv\/wp-content\/uploads\/photo-2022-10-30-14-14-55-582x821.jpg\" alt=\"\" class=\"wp-image-259779 lazyload\" width=\"329\" height=\"464\" src=\"data:image\/svg+xml;base64,PHN2ZyB3aWR0aD0iMSIgaGVpZ2h0PSIxIiB4bWxucz0iaHR0cDovL3d3dy53My5vcmcvMjAwMC9zdmciPjwvc3ZnPg==\" style=\"--smush-placeholder-width: 329px; --smush-placeholder-aspect-ratio: 329\/464;\" \/><\/figure>\n<\/div>\n\n\n<p><strong>\u201cElektron imzalar \u00f6z\u00fcm\u00fczd\u0259 yox, icra hakimiyy\u0259tinin m\u0259sul \u015f\u0259xsind\u0259 olub\u201d<\/strong><\/p>\n\n\n\n<p>Elmira S\u0259f\u0259rova d\u00f6vl\u0259t orqanlar\u0131na \u015fikay\u0259t m\u0259ktublar\u0131nda ba\u011f\u00e7alara aid elektron imzalardan da b\u0259hs edib. Onun s\u00f6zl\u0259rin\u0259 g\u00f6r\u0259, ba\u011f\u00e7alara aid elektron imzalar ba\u011f\u00e7a m\u00fcdirl\u0259rind\u0259 deyil. Onlar icra hakimiyy\u0259tind\u0259 v\u0259 R\u00f6v\u015f\u0259n Allahverdiyevin n\u0259zar\u0259tind\u0259dir. O iddia edir ki, h\u0259min imzalardan istifad\u0259 olunmaqla, maliyy\u0259 m\u0259s\u0259l\u0259l\u0259rin\u0259 m\u00fcdaxil\u0259 olunur, d\u00f6vl\u0259t b\u00fcdc\u0259sin\u0259 ziyan vurulur.<\/p>\n\n\n\n<p>\u201cBu maliyy\u0259 maxinasiyalar\u0131 \u00fcz\u0259 \u00e7\u0131xanda is\u0259 b\u00fct\u00fcn m\u0259suliyy\u0259ti ba\u011f\u00e7a m\u00fcdirl\u0259rinin \u00fcst\u00fcn\u0259 at\u0131rlar. \u0130\u015fl\u0259diyim m\u00fcdd\u0259td\u0259 m\u0259n\u0259 m\u0259xsus elektron imza he\u00e7 vaxt m\u0259n\u0259 verilm\u0259yib. Bu, ba\u015fqa ba\u011f\u00e7a m\u00fcdirl\u0259rin\u0259 d\u0259 aiddir. Bizim icaz\u0259miz olmadan ba\u015fqa icra hakimiyy\u0259tinin m\u0259sul \u015f\u0259xsi ondan istifad\u0259 edib. Ba\u011f\u00e7alar icra hakimiyy\u0259tl\u0259rind\u0259n al\u0131n\u0131b t\u0259hsil \u015f\u00f6b\u0259l\u0259rin\u0259 verils\u0259 d\u0259, \u015eirvandak\u0131 ba\u011f\u00e7alar\u0131n m\u00fcdirl\u0259rinin elektron imzalar\u0131 h\u0259min \u015f\u0259xsl\u0259rd\u0259dir. M\u0259n v\u0259 b\u00fct\u00fcn ba\u011f\u00e7a m\u00fcdirl\u0259ri \u015f\u0259h\u0259r icra hakimiyy\u0259ti v\u0259 sonradan t\u0259hsil \u015f\u00f6b\u0259sinin verdiyi tap\u015f\u0131r\u0131qlar\u0131 icra etmi\u015fik\u201d, &#8211; Elmira S\u0259f\u0259rovan\u0131n s\u00f6zl\u0259ridir.<\/p>\n\n\n\n<p>O hesab edir ki, \u0259g\u0259r bu m\u0259s\u0259l\u0259l\u0259ri Korrupsiyaya Qar\u015f\u0131 M\u00fcbariz\u0259 \u0130dar\u0259si ara\u015fd\u0131rsa, \u015fikay\u0259t m\u0259ktublar\u0131nda g\u00f6st\u0259rdiyi hallar t\u0259sdiqini tapacaq.<\/p>\n\n\n\n<p><strong>Prokurorluq n\u0259 deyir?<\/strong><\/p>\n\n\n\n<p>Prokurorluqda \u0130stintaqa N\u0259zar\u0259t \u0130dar\u0259sinin r\u0259is m\u00fcavini F\u0259qan Mahmudov ke\u00e7mi\u015f ba\u011f\u00e7a m\u00fcdirinin onun haqq\u0131nda \u015eirvan \u015e\u0259h\u0259r Prokurorlu\u011funda ara\u015fd\u0131rmalar\u0131n obyektiv apar\u0131lmamas\u0131, q\u0259r\u0259zli olmas\u0131 haqda \u015fikay\u0259tin\u0259 cavab verib. O bildirib ki, \u015eirvan-Salyan Regional T\u0259hsil \u0130dar\u0259sinin 4 iyul 2022-ci il tarixli \u0259mrin\u0259 \u0259sas\u0259n, \u201cYas\u0259m\u0259n\u201d u\u015faq ba\u011f\u00e7as\u0131nda yoxlama apar\u0131l\u0131b v\u0259 akt t\u0259rtib edilib. H\u0259min akta \u0259lav\u0259 edilmi\u015f yoxlama materiallar\u0131 \u0259sas\u0131nda \u015eirvan \u015e\u0259h\u0259r Prokurorlu\u011funda ilkin ara\u015fd\u0131rma gedib. N\u0259tic\u0259d\u0259 27 min 808 manat israfetm\u0259 m\u00fc\u0259yy\u0259nl\u0259\u015fdirilib. Bu faktlar \u0259sas\u0131nda da Cinay\u0259t M\u0259c\u0259ll\u0259sinin 179.2.3 v\u0259 179.2.4 madd\u0259l\u0259ril\u0259 3 avqust 2022-ci ild\u0259 cinay\u0259t i\u015fi ba\u015flan\u0131b:<\/p>\n\n\n<div class=\"wp-block-image\">\n<figure class=\"alignleft size-large is-resized\"><img decoding=\"async\" data-src=\"https:\/\/www.meydan.tv\/wp-content\/uploads\/photo-2022-10-30-14-14-54-620x821.jpg\" alt=\"\" class=\"wp-image-259782 lazyload\" width=\"330\" height=\"437\" src=\"data:image\/svg+xml;base64,PHN2ZyB3aWR0aD0iMSIgaGVpZ2h0PSIxIiB4bWxucz0iaHR0cDovL3d3dy53My5vcmcvMjAwMC9zdmciPjwvc3ZnPg==\" style=\"--smush-placeholder-width: 330px; --smush-placeholder-aspect-ratio: 330\/437;\" \/><\/figure>\n<\/div>\n\n\n<p>\u201cHaz\u0131rda cinay\u0259t i\u015fi \u00fczr\u0259 ibtidai istintaq davam etdirilir. \u0130stintaq\u0131n n\u0259tic\u0259sind\u0259n as\u0131l\u0131 olaraq, qanuni q\u0259rar\u0131n q\u0259bul edilm\u0259si t\u0259min olunacaq\u201d.<\/p>\n","protected":false},"excerpt":{"rendered":"<p>\u015eirvan \u015f\u0259h\u0259rind\u0259ki m\u0259kt\u0259b v\u0259 ba\u011f\u00e7alarla ba\u011fl\u0131 Ba\u015f Prokurorlu\u011fa \u015fikay\u0259t etmi\u015f &#8230; <\/p>\n<p class=\"read-more-container\"><a title=\"\u201cYazd\u0131\u011f\u0131m pozuntular\u0131 ara\u015fd\u0131rmaq \u0259v\u0259zin\u0259 \u00f6z\u00fcm\u00fc c\u0259zaland\u0131rd\u0131lar\u201d\" class=\"read-more button\" href=\"https:\/\/www.meydan.tv\/az\/article\/yazdigim-pozuntulari-arasdirmaq-evezine-ozumu-cezalandirdilar\/#more-259791\" aria-label=\"Read more about \u201cYazd\u0131\u011f\u0131m pozuntular\u0131 ara\u015fd\u0131rmaq \u0259v\u0259zin\u0259 \u00f6z\u00fcm\u00fc c\u0259zaland\u0131rd\u0131lar\u201d\">Davam\u0131<\/a><\/p>\n","protected":false},"author":8,"featured_media":259788,"comment_status":"closed","ping_status":"closed","sticky":false,"template":"","format":"standard","meta":{"_acf_changed":false,"_sitemap_exclude":false,"_sitemap_priority":"","_sitemap_frequency":"","footnotes":""},"categories":[60,56],"tags":[],"class_list":["post-259791","post","type-post","status-publish","format-standard","has-post-thumbnail","hentry","category-bolge","category-xeberler","infinite-scroll-item","generate-columns","tablet-grid-50","mobile-grid-100","grid-parent","grid-33","no-featured-image-padding"],"acf":[],"yoast_head":"<!-- This site is optimized with the Yoast SEO plugin v27.5 - https:\/\/yoast.com\/product\/yoast-seo-wordpress\/ -->\n<title>\u201cYazd\u0131\u011f\u0131m pozuntular\u0131 ara\u015fd\u0131rmaq \u0259v\u0259zin\u0259 \u00f6z\u00fcm\u00fc c\u0259zaland\u0131rd\u0131lar\u201d - MEYDAN.TV<\/title>\n<meta name=\"robots\" content=\"index, follow, max-snippet:-1, max-image-preview:large, max-video-preview:-1\" \/>\n<link rel=\"canonical\" href=\"https:\/\/www.meydan.tv\/az\/article\/yazdigim-pozuntulari-arasdirmaq-evezine-ozumu-cezalandirdilar\/\" \/>\n<meta property=\"og:locale\" content=\"az_AZ\" \/>\n<meta property=\"og:type\" content=\"article\" \/>\n<meta property=\"og:title\" content=\"\u201cYazd\u0131\u011f\u0131m pozuntular\u0131 ara\u015fd\u0131rmaq \u0259v\u0259zin\u0259 \u00f6z\u00fcm\u00fc c\u0259zaland\u0131rd\u0131lar\u201d - MEYDAN.TV\" \/>\n<meta property=\"og:description\" content=\"\u015eirvan \u015f\u0259h\u0259rind\u0259ki m\u0259kt\u0259b v\u0259 ba\u011f\u00e7alarla ba\u011fl\u0131 Ba\u015f Prokurorlu\u011fa \u015fikay\u0259t etmi\u015f ... Davam\u0131\" \/>\n<meta property=\"og:url\" content=\"https:\/\/www.meydan.tv\/az\/article\/yazdigim-pozuntulari-arasdirmaq-evezine-ozumu-cezalandirdilar\/\" \/>\n<meta property=\"og:site_name\" content=\"MEYDAN.TV\" \/>\n<meta property=\"article:published_time\" content=\"2022-10-30T19:00:46+00:00\" \/>\n<meta property=\"article:modified_time\" content=\"2022-10-30T19:00:50+00:00\" \/>\n<meta property=\"og:image\" content=\"https:\/\/www.meydan.tv\/wp-content\/uploads\/1200px-shirvan_city.jpg\" \/>\n\t<meta property=\"og:image:width\" content=\"1200\" \/>\n\t<meta property=\"og:image:height\" content=\"762\" \/>\n\t<meta property=\"og:image:type\" content=\"image\/jpeg\" \/>\n<meta name=\"author\" content=\"elli\" \/>\n<meta name=\"twitter:card\" content=\"summary_large_image\" \/>\n<meta name=\"twitter:creator\" content=\"@elli\" \/>\n<script type=\"application\/ld+json\" class=\"yoast-schema-graph\">{\"@context\":\"https:\\\/\\\/schema.org\",\"@graph\":[{\"@type\":\"Article\",\"@id\":\"https:\\\/\\\/www.meydan.tv\\\/az\\\/article\\\/yazdigim-pozuntulari-arasdirmaq-evezine-ozumu-cezalandirdilar\\\/#article\",\"isPartOf\":{\"@id\":\"https:\\\/\\\/www.meydan.tv\\\/az\\\/article\\\/yazdigim-pozuntulari-arasdirmaq-evezine-ozumu-cezalandirdilar\\\/\"},\"author\":{\"name\":\"elli\",\"@id\":\"https:\\\/\\\/www.meydan.tv\\\/az\\\/#\\\/schema\\\/person\\\/9cdbecf90d17180ce1dfbd95b08dcf47\"},\"headline\":\"\u201cYazd\u0131\u011f\u0131m pozuntular\u0131 ara\u015fd\u0131rmaq \u0259v\u0259zin\u0259 \u00f6z\u00fcm\u00fc c\u0259zaland\u0131rd\u0131lar\u201d\",\"datePublished\":\"2022-10-30T19:00:46+00:00\",\"dateModified\":\"2022-10-30T19:00:50+00:00\",\"mainEntityOfPage\":{\"@id\":\"https:\\\/\\\/www.meydan.tv\\\/az\\\/article\\\/yazdigim-pozuntulari-arasdirmaq-evezine-ozumu-cezalandirdilar\\\/\"},\"wordCount\":1198,\"publisher\":{\"@id\":\"https:\\\/\\\/www.meydan.tv\\\/az\\\/#organization\"},\"image\":{\"@id\":\"https:\\\/\\\/www.meydan.tv\\\/az\\\/article\\\/yazdigim-pozuntulari-arasdirmaq-evezine-ozumu-cezalandirdilar\\\/#primaryimage\"},\"thumbnailUrl\":\"https:\\\/\\\/www.meydan.tv\\\/wp-content\\\/uploads\\\/1200px-shirvan_city.jpg\",\"articleSection\":[\"B\u00f6lg\u0259\",\"X\u0259b\u0259rl\u0259r\"],\"inLanguage\":\"az\"},{\"@type\":\"WebPage\",\"@id\":\"https:\\\/\\\/www.meydan.tv\\\/az\\\/article\\\/yazdigim-pozuntulari-arasdirmaq-evezine-ozumu-cezalandirdilar\\\/\",\"url\":\"https:\\\/\\\/www.meydan.tv\\\/az\\\/article\\\/yazdigim-pozuntulari-arasdirmaq-evezine-ozumu-cezalandirdilar\\\/\",\"name\":\"\u201cYazd\u0131\u011f\u0131m pozuntular\u0131 ara\u015fd\u0131rmaq \u0259v\u0259zin\u0259 \u00f6z\u00fcm\u00fc c\u0259zaland\u0131rd\u0131lar\u201d - MEYDAN.TV\",\"isPartOf\":{\"@id\":\"https:\\\/\\\/www.meydan.tv\\\/az\\\/#website\"},\"primaryImageOfPage\":{\"@id\":\"https:\\\/\\\/www.meydan.tv\\\/az\\\/article\\\/yazdigim-pozuntulari-arasdirmaq-evezine-ozumu-cezalandirdilar\\\/#primaryimage\"},\"image\":{\"@id\":\"https:\\\/\\\/www.meydan.tv\\\/az\\\/article\\\/yazdigim-pozuntulari-arasdirmaq-evezine-ozumu-cezalandirdilar\\\/#primaryimage\"},\"thumbnailUrl\":\"https:\\\/\\\/www.meydan.tv\\\/wp-content\\\/uploads\\\/1200px-shirvan_city.jpg\",\"datePublished\":\"2022-10-30T19:00:46+00:00\",\"dateModified\":\"2022-10-30T19:00:50+00:00\",\"breadcrumb\":{\"@id\":\"https:\\\/\\\/www.meydan.tv\\\/az\\\/article\\\/yazdigim-pozuntulari-arasdirmaq-evezine-ozumu-cezalandirdilar\\\/#breadcrumb\"},\"inLanguage\":\"az\",\"potentialAction\":[{\"@type\":\"ReadAction\",\"target\":[\"https:\\\/\\\/www.meydan.tv\\\/az\\\/article\\\/yazdigim-pozuntulari-arasdirmaq-evezine-ozumu-cezalandirdilar\\\/\"]}]},{\"@type\":\"ImageObject\",\"inLanguage\":\"az\",\"@id\":\"https:\\\/\\\/www.meydan.tv\\\/az\\\/article\\\/yazdigim-pozuntulari-arasdirmaq-evezine-ozumu-cezalandirdilar\\\/#primaryimage\",\"url\":\"https:\\\/\\\/www.meydan.tv\\\/wp-content\\\/uploads\\\/1200px-shirvan_city.jpg\",\"contentUrl\":\"https:\\\/\\\/www.meydan.tv\\\/wp-content\\\/uploads\\\/1200px-shirvan_city.jpg\",\"width\":1200,\"height\":762,\"caption\":\"\u015eirvan \u015f\u0259h\u0259ri. Foto: Vikipediya\"},{\"@type\":\"BreadcrumbList\",\"@id\":\"https:\\\/\\\/www.meydan.tv\\\/az\\\/article\\\/yazdigim-pozuntulari-arasdirmaq-evezine-ozumu-cezalandirdilar\\\/#breadcrumb\",\"itemListElement\":[{\"@type\":\"ListItem\",\"position\":1,\"name\":\"Ana s\u0259hif\u0259\",\"item\":\"https:\\\/\\\/www.meydan.tv\\\/az\\\/\"},{\"@type\":\"ListItem\",\"position\":2,\"name\":\"B\u00f6lg\u0259\",\"item\":\"https:\\\/\\\/www.meydan.tv\\\/az\\\/section\\\/bolge\\\/\"},{\"@type\":\"ListItem\",\"position\":3,\"name\":\"\u201cYazd\u0131\u011f\u0131m pozuntular\u0131 ara\u015fd\u0131rmaq \u0259v\u0259zin\u0259 \u00f6z\u00fcm\u00fc c\u0259zaland\u0131rd\u0131lar\u201d\"}]},{\"@type\":\"WebSite\",\"@id\":\"https:\\\/\\\/www.meydan.tv\\\/az\\\/#website\",\"url\":\"https:\\\/\\\/www.meydan.tv\\\/az\\\/\",\"name\":\"MEYDAN.TV\",\"description\":\"Meydan TV Az\u0259rbaycan\u0131n media m\u0259kan\u0131ndak\u0131 alternativ s\u0259sidir\",\"publisher\":{\"@id\":\"https:\\\/\\\/www.meydan.tv\\\/az\\\/#organization\"},\"potentialAction\":[{\"@type\":\"SearchAction\",\"target\":{\"@type\":\"EntryPoint\",\"urlTemplate\":\"https:\\\/\\\/www.meydan.tv\\\/az\\\/?s={search_term_string}\"},\"query-input\":{\"@type\":\"PropertyValueSpecification\",\"valueRequired\":true,\"valueName\":\"search_term_string\"}}],\"inLanguage\":\"az\"},{\"@type\":\"Organization\",\"@id\":\"https:\\\/\\\/www.meydan.tv\\\/az\\\/#organization\",\"name\":\"Meydan TV\",\"url\":\"https:\\\/\\\/www.meydan.tv\\\/az\\\/\",\"logo\":{\"@type\":\"ImageObject\",\"inLanguage\":\"az\",\"@id\":\"https:\\\/\\\/www.meydan.tv\\\/az\\\/#\\\/schema\\\/logo\\\/image\\\/\",\"url\":\"https:\\\/\\\/www.meydan.tv\\\/wp-content\\\/uploads\\\/2021\\\/07\\\/meydan-logo.svg\",\"contentUrl\":\"https:\\\/\\\/www.meydan.tv\\\/wp-content\\\/uploads\\\/2021\\\/07\\\/meydan-logo.svg\",\"width\":195,\"height\":46,\"caption\":\"Meydan TV\"},\"image\":{\"@id\":\"https:\\\/\\\/www.meydan.tv\\\/az\\\/#\\\/schema\\\/logo\\\/image\\\/\"}},{\"@type\":\"Person\",\"@id\":\"https:\\\/\\\/www.meydan.tv\\\/az\\\/#\\\/schema\\\/person\\\/9cdbecf90d17180ce1dfbd95b08dcf47\",\"name\":\"elli\",\"sameAs\":[\"https:\\\/\\\/x.com\\\/elli\"]}]}<\/script>\n<!-- \/ Yoast SEO plugin. -->","yoast_head_json":{"title":"\u201cYazd\u0131\u011f\u0131m pozuntular\u0131 ara\u015fd\u0131rmaq \u0259v\u0259zin\u0259 \u00f6z\u00fcm\u00fc c\u0259zaland\u0131rd\u0131lar\u201d - MEYDAN.TV","robots":{"index":"index","follow":"follow","max-snippet":"max-snippet:-1","max-image-preview":"max-image-preview:large","max-video-preview":"max-video-preview:-1"},"canonical":"https:\/\/www.meydan.tv\/az\/article\/yazdigim-pozuntulari-arasdirmaq-evezine-ozumu-cezalandirdilar\/","og_locale":"az_AZ","og_type":"article","og_title":"\u201cYazd\u0131\u011f\u0131m pozuntular\u0131 ara\u015fd\u0131rmaq \u0259v\u0259zin\u0259 \u00f6z\u00fcm\u00fc c\u0259zaland\u0131rd\u0131lar\u201d - MEYDAN.TV","og_description":"\u015eirvan \u015f\u0259h\u0259rind\u0259ki m\u0259kt\u0259b v\u0259 ba\u011f\u00e7alarla ba\u011fl\u0131 Ba\u015f Prokurorlu\u011fa \u015fikay\u0259t etmi\u015f ... Davam\u0131","og_url":"https:\/\/www.meydan.tv\/az\/article\/yazdigim-pozuntulari-arasdirmaq-evezine-ozumu-cezalandirdilar\/","og_site_name":"MEYDAN.TV","article_published_time":"2022-10-30T19:00:46+00:00","article_modified_time":"2022-10-30T19:00:50+00:00","og_image":[{"width":1200,"height":762,"url":"https:\/\/www.meydan.tv\/wp-content\/uploads\/1200px-shirvan_city.jpg","type":"image\/jpeg"}],"author":"elli","twitter_card":"summary_large_image","twitter_creator":"@elli","schema":{"@context":"https:\/\/schema.org","@graph":[{"@type":"Article","@id":"https:\/\/www.meydan.tv\/az\/article\/yazdigim-pozuntulari-arasdirmaq-evezine-ozumu-cezalandirdilar\/#article","isPartOf":{"@id":"https:\/\/www.meydan.tv\/az\/article\/yazdigim-pozuntulari-arasdirmaq-evezine-ozumu-cezalandirdilar\/"},"author":{"name":"elli","@id":"https:\/\/www.meydan.tv\/az\/#\/schema\/person\/9cdbecf90d17180ce1dfbd95b08dcf47"},"headline":"\u201cYazd\u0131\u011f\u0131m pozuntular\u0131 ara\u015fd\u0131rmaq \u0259v\u0259zin\u0259 \u00f6z\u00fcm\u00fc c\u0259zaland\u0131rd\u0131lar\u201d","datePublished":"2022-10-30T19:00:46+00:00","dateModified":"2022-10-30T19:00:50+00:00","mainEntityOfPage":{"@id":"https:\/\/www.meydan.tv\/az\/article\/yazdigim-pozuntulari-arasdirmaq-evezine-ozumu-cezalandirdilar\/"},"wordCount":1198,"publisher":{"@id":"https:\/\/www.meydan.tv\/az\/#organization"},"image":{"@id":"https:\/\/www.meydan.tv\/az\/article\/yazdigim-pozuntulari-arasdirmaq-evezine-ozumu-cezalandirdilar\/#primaryimage"},"thumbnailUrl":"https:\/\/www.meydan.tv\/wp-content\/uploads\/1200px-shirvan_city.jpg","articleSection":["B\u00f6lg\u0259","X\u0259b\u0259rl\u0259r"],"inLanguage":"az"},{"@type":"WebPage","@id":"https:\/\/www.meydan.tv\/az\/article\/yazdigim-pozuntulari-arasdirmaq-evezine-ozumu-cezalandirdilar\/","url":"https:\/\/www.meydan.tv\/az\/article\/yazdigim-pozuntulari-arasdirmaq-evezine-ozumu-cezalandirdilar\/","name":"\u201cYazd\u0131\u011f\u0131m pozuntular\u0131 ara\u015fd\u0131rmaq \u0259v\u0259zin\u0259 \u00f6z\u00fcm\u00fc c\u0259zaland\u0131rd\u0131lar\u201d - MEYDAN.TV","isPartOf":{"@id":"https:\/\/www.meydan.tv\/az\/#website"},"primaryImageOfPage":{"@id":"https:\/\/www.meydan.tv\/az\/article\/yazdigim-pozuntulari-arasdirmaq-evezine-ozumu-cezalandirdilar\/#primaryimage"},"image":{"@id":"https:\/\/www.meydan.tv\/az\/article\/yazdigim-pozuntulari-arasdirmaq-evezine-ozumu-cezalandirdilar\/#primaryimage"},"thumbnailUrl":"https:\/\/www.meydan.tv\/wp-content\/uploads\/1200px-shirvan_city.jpg","datePublished":"2022-10-30T19:00:46+00:00","dateModified":"2022-10-30T19:00:50+00:00","breadcrumb":{"@id":"https:\/\/www.meydan.tv\/az\/article\/yazdigim-pozuntulari-arasdirmaq-evezine-ozumu-cezalandirdilar\/#breadcrumb"},"inLanguage":"az","potentialAction":[{"@type":"ReadAction","target":["https:\/\/www.meydan.tv\/az\/article\/yazdigim-pozuntulari-arasdirmaq-evezine-ozumu-cezalandirdilar\/"]}]},{"@type":"ImageObject","inLanguage":"az","@id":"https:\/\/www.meydan.tv\/az\/article\/yazdigim-pozuntulari-arasdirmaq-evezine-ozumu-cezalandirdilar\/#primaryimage","url":"https:\/\/www.meydan.tv\/wp-content\/uploads\/1200px-shirvan_city.jpg","contentUrl":"https:\/\/www.meydan.tv\/wp-content\/uploads\/1200px-shirvan_city.jpg","width":1200,"height":762,"caption":"\u015eirvan \u015f\u0259h\u0259ri. Foto: Vikipediya"},{"@type":"BreadcrumbList","@id":"https:\/\/www.meydan.tv\/az\/article\/yazdigim-pozuntulari-arasdirmaq-evezine-ozumu-cezalandirdilar\/#breadcrumb","itemListElement":[{"@type":"ListItem","position":1,"name":"Ana s\u0259hif\u0259","item":"https:\/\/www.meydan.tv\/az\/"},{"@type":"ListItem","position":2,"name":"B\u00f6lg\u0259","item":"https:\/\/www.meydan.tv\/az\/section\/bolge\/"},{"@type":"ListItem","position":3,"name":"\u201cYazd\u0131\u011f\u0131m pozuntular\u0131 ara\u015fd\u0131rmaq \u0259v\u0259zin\u0259 \u00f6z\u00fcm\u00fc c\u0259zaland\u0131rd\u0131lar\u201d"}]},{"@type":"WebSite","@id":"https:\/\/www.meydan.tv\/az\/#website","url":"https:\/\/www.meydan.tv\/az\/","name":"MEYDAN.TV","description":"Meydan TV Az\u0259rbaycan\u0131n media m\u0259kan\u0131ndak\u0131 alternativ s\u0259sidir","publisher":{"@id":"https:\/\/www.meydan.tv\/az\/#organization"},"potentialAction":[{"@type":"SearchAction","target":{"@type":"EntryPoint","urlTemplate":"https:\/\/www.meydan.tv\/az\/?s={search_term_string}"},"query-input":{"@type":"PropertyValueSpecification","valueRequired":true,"valueName":"search_term_string"}}],"inLanguage":"az"},{"@type":"Organization","@id":"https:\/\/www.meydan.tv\/az\/#organization","name":"Meydan TV","url":"https:\/\/www.meydan.tv\/az\/","logo":{"@type":"ImageObject","inLanguage":"az","@id":"https:\/\/www.meydan.tv\/az\/#\/schema\/logo\/image\/","url":"https:\/\/www.meydan.tv\/wp-content\/uploads\/2021\/07\/meydan-logo.svg","contentUrl":"https:\/\/www.meydan.tv\/wp-content\/uploads\/2021\/07\/meydan-logo.svg","width":195,"height":46,"caption":"Meydan TV"},"image":{"@id":"https:\/\/www.meydan.tv\/az\/#\/schema\/logo\/image\/"}},{"@type":"Person","@id":"https:\/\/www.meydan.tv\/az\/#\/schema\/person\/9cdbecf90d17180ce1dfbd95b08dcf47","name":"elli","sameAs":["https:\/\/x.com\/elli"]}]}},"_links":{"self":[{"href":"https:\/\/www.meydan.tv\/az\/wp-json\/wp\/v2\/posts\/259791","targetHints":{"allow":["GET"]}}],"collection":[{"href":"https:\/\/www.meydan.tv\/az\/wp-json\/wp\/v2\/posts"}],"about":[{"href":"https:\/\/www.meydan.tv\/az\/wp-json\/wp\/v2\/types\/post"}],"author":[{"embeddable":true,"href":"https:\/\/www.meydan.tv\/az\/wp-json\/wp\/v2\/users\/8"}],"replies":[{"embeddable":true,"href":"https:\/\/www.meydan.tv\/az\/wp-json\/wp\/v2\/comments?post=259791"}],"version-history":[{"count":2,"href":"https:\/\/www.meydan.tv\/az\/wp-json\/wp\/v2\/posts\/259791\/revisions"}],"predecessor-version":[{"id":259793,"href":"https:\/\/www.meydan.tv\/az\/wp-json\/wp\/v2\/posts\/259791\/revisions\/259793"}],"wp:featuredmedia":[{"embeddable":true,"href":"https:\/\/www.meydan.tv\/az\/wp-json\/wp\/v2\/media\/259788"}],"wp:attachment":[{"href":"https:\/\/www.meydan.tv\/az\/wp-json\/wp\/v2\/media?parent=259791"}],"wp:term":[{"taxonomy":"category","embeddable":true,"href":"https:\/\/www.meydan.tv\/az\/wp-json\/wp\/v2\/categories?post=259791"},{"taxonomy":"post_tag","embeddable":true,"href":"https:\/\/www.meydan.tv\/az\/wp-json\/wp\/v2\/tags?post=259791"}],"curies":[{"name":"wp","href":"https:\/\/api.w.org\/{rel}","templated":true}]}}