{"id":259754,"date":"2022-10-30T22:33:56","date_gmt":"2022-10-30T18:33:56","guid":{"rendered":"https:\/\/www.meydan.tv\/?p=259754"},"modified":"2022-10-30T22:33:58","modified_gmt":"2022-10-30T18:33:58","slug":"fermer-mal-qarani-kendimizdeki-orus-yerine-buraxmirlar","status":"publish","type":"post","link":"https:\/\/www.meydan.tv\/az\/article\/fermer-mal-qarani-kendimizdeki-orus-yerine-buraxmirlar\/","title":{"rendered":"Fermer: \u201cMal-qaran\u0131 k\u0259ndimizd\u0259ki \u00f6r\u00fc\u015f yerin\u0259 buraxm\u0131rlar\u201d"},"content":{"rendered":"\n<p><\/p>\n\n\n\n<p><em>\u018ffqan M\u0259h\u0259rr\u0259mov deyir ki, k\u0259nd\u0259 m\u0259xsus \u00f6r\u00fc\u015f yeri bir ne\u00e7\u0259 qohum t\u0259r\u0259find\u0259n z\u0259bt edilib<\/em><\/p>\n\n\n\n<p>\u201cBiz d\u0259d\u0259-babadan heyvandarl\u0131q t\u0259s\u0259rr\u00fcfat\u0131 il\u0259 m\u0259\u015f\u011ful olmu\u015fuq. Q\u0131\u015flaq d\u00f6vr\u00fcnd\u0259 Hac\u0131qabul rayonundak\u0131 q\u0131\u015flaq \u0259razil\u0259rind\u0259, yay aylar\u0131nda is\u0259 \u015fimal zonas\u0131nda olan yaylaqlardan istifad\u0259 etm\u0259kl\u0259 dolan\u0131r\u0131q. \u0130ndi mal-qaran\u0131 k\u0259ndimizd\u0259ki \u00f6r\u00fc\u015f yerl\u0259rin\u0259 buraxm\u0131rlar\u201d.<\/p>\n\n\n\n<p>Bunu Meydan TV-y\u0259 m\u00fcraci\u0259tind\u0259 Qobustan rayonu T\u0259kl\u0259 k\u0259ndind\u0259 ya\u015fayan fermer \u018ffqan M\u0259h\u0259rr\u0259mov bildirib. \u015eikay\u0259t\u00e7i deyib ki, 400 ba\u015f x\u0131rdabuynuzlu heyvan\u0131 yaylaqdan T\u0259kl\u0259 k\u0259ndin\u0259 g\u0259tirib. Heyvanlar\u0131 k\u0259ndin \u201cAc\u0131d\u0259r\u0259\u201d adland\u0131r\u0131lan 100 hektar \u00f6r\u00fc\u015f sah\u0259sin\u0259 buraxm\u0131rlar.<\/p>\n\n\n\n<p>\u201cK\u0259nd\u0259 m\u0259xsus \u00f6r\u00fc\u015f \u0259razisini z\u0259bt edibl\u0259r, yax\u0131n qohum olan h\u0259min \u015f\u0259xsl\u0259r dig\u0259rl\u0259rini \u0259raziy\u0259 buraxm\u0131rlar. Qoyunlar sah\u0259d\u0259 olark\u0259n heyvanlar\u0131 otaran \u00e7oban R\u00f6v\u015f\u0259n Abdullayevi d\u00f6y\u00fcbl\u0259r. \u00c7oban lal-kar oldu\u011fundan g\u00fcnahs\u0131zl\u0131\u011f\u0131n\u0131 ba\u015fa sala bilm\u0259yib. O, ald\u0131\u011f\u0131 x\u0259sar\u0259tl\u0259r\u0259 g\u00f6r\u0259 haz\u0131rda m\u00fcalic\u0259 al\u0131r\u201d,-fermer deyib.<\/p>\n\n\n\n<p>\u015ekay\u0259t\u00e7i bildirib ki, h\u0259min \u015f\u0259xsl\u0259r onun telefonuna t\u0259hqirdolu h\u0259d\u0259l\u0259r g\u00f6nd\u0259rirl\u0259r:<\/p>\n\n\n\n<p>\u201cM\u0259n v\u0259 mal-qara sahibi olan dig\u0259r k\u0259ndlil\u0259r d\u0259f\u0259l\u0259rl\u0259 yerli b\u0259l\u0259diyy\u0259 s\u0259dri v\u0259 k\u0259nd icra n\u00fcmay\u0259nd\u0259liyinin yan\u0131na gedib \u015fikay\u0259t etmi\u015fik. Amma \u00fcmumilikd\u0259 60 ail\u0259nin m\u00fcraci\u0259tin\u0259 bax\u0131lm\u0131r. Qar\u015f\u0131 t\u0259r\u0259f is\u0259 deyir ki, \u00f6r\u00fc\u015f yerl\u0259rini pul verib al\u0131blar\u201d.<\/p>\n\n\n\n<p>\u018ffqan M\u0259h\u0259rr\u0259mov bildirib ki, \u00e7oban\u0131n d\u00f6y\u00fclm\u0259si il\u0259 ba\u011fl\u0131 polis\u0259 \u015fikay\u0259t edib. H\u0259m\u00e7inin dig\u0259r d\u00f6vl\u0259t qurumlar\u0131na, Prezident \u0130lham \u018fliyev\u0259 m\u00fcraci\u0259t \u00fcnvanlay\u0131b.<\/p>\n\n\n\n<p>Qobustan Rayon \u0130cra Hakimiyy\u0259tinin T\u0259kl\u0259 k\u0259nd \u00fczr\u0259 n\u00fcmay\u0259nd\u0259si H\u00fcseyna\u011fa H\u00fcseynov Meydan TV-y\u0259 bildirib ki, \u00f6r\u00fc\u015f sah\u0259si k\u0259nd \u0259halisinin m\u00fclkiyy\u0259tind\u0259dir v\u0259 b\u00fct\u00fcn fermerl\u0259r h\u0259min sah\u0259d\u0259n istifad\u0259 ed\u0259 bil\u0259rl\u0259r.<\/p>\n\n\n\n<p>\u201cBak\u0131-\u015eamax\u0131 yolunun \u00fcst\u00fcnd\u0259 Ayd\u0259r\u0259 adlanan \u0259razi var. Orada bir k\u0259nd sakininin t\u0259xmin\u0259n bir hektar sah\u0259ni \u0259hat\u0259 ed\u0259n fermas\u0131 var. O fermer d\u0259 k\u00f6\u00e7\u0259ridir, yayda heyvanlar\u0131 yayla\u011fa apar\u0131r, q\u0131\u015fda da fermaya g\u0259tirir. H\u0259min fermer deyib ki, fermada qad\u0131n, u\u015faq var, ona g\u00f6r\u0259 d\u0259 k\u0259nar \u015f\u0259xsl\u0259r yax\u0131nl\u0131\u011fa g\u0259lm\u0259sinl\u0259r. Amma dig\u0259rl\u0259rinin d\u0259 tam h\u00fcququ var ki, heyvanlar\u0131n\u0131 \u00f6r\u00fc\u015f sah\u0259sin\u0259 buraxs\u0131n\u201d,-icra n\u00fcmay\u0259nd\u0259si deyib.<\/p>\n\n\n\n<p>Onun s\u00f6zl\u0259rin\u0259 g\u00f6r\u0259, \u015fikay\u0259tl\u0259rd\u0259n sonra qar\u015f\u0131 t\u0259r\u0259fl\u0259 dan\u0131\u015f\u0131b:<\/p>\n\n\n\n<p>\u201cOna da ba\u015fa sald\u0131m, yaln\u0131z xahi\u015f ed\u0259 bil\u0259r ki heyvanlar\u0131 fermaya yax\u0131n \u0259raziy\u0259 buraxmas\u0131nlar. Amma he\u00e7 kim\u0259 qada\u011fa qoya, t\u0259l\u0259b ed\u0259 bilm\u0259z. \u00c7oban\u0131n d\u00f6y\u00fclm\u0259si il\u0259 ba\u011fl\u0131 polis\u0259 \u015fikay\u0259t edilib. T\u0259r\u0259fl\u0259r aras\u0131nda anla\u015fmazl\u0131q olub, y\u0259qin ki, h\u0259ll edil\u0259c\u0259k. Amma \u00f6r\u00fc\u015f sah\u0259si sat\u0131lmay\u0131b, fermerl\u0259r ora burax\u0131l\u0131r\u201d.<\/p>\n","protected":false},"excerpt":{"rendered":"<p>\u018ffqan M\u0259h\u0259rr\u0259mov deyir ki, k\u0259nd\u0259 m\u0259xsus \u00f6r\u00fc\u015f yeri bir ne\u00e7\u0259 &#8230; <\/p>\n<p class=\"read-more-container\"><a title=\"Fermer: \u201cMal-qaran\u0131 k\u0259ndimizd\u0259ki \u00f6r\u00fc\u015f yerin\u0259 buraxm\u0131rlar\u201d\" class=\"read-more button\" href=\"https:\/\/www.meydan.tv\/az\/article\/fermer-mal-qarani-kendimizdeki-orus-yerine-buraxmirlar\/#more-259754\" aria-label=\"Read more about Fermer: \u201cMal-qaran\u0131 k\u0259ndimizd\u0259ki \u00f6r\u00fc\u015f yerin\u0259 buraxm\u0131rlar\u201d\">Davam\u0131<\/a><\/p>\n","protected":false},"author":8,"featured_media":259751,"comment_status":"closed","ping_status":"closed","sticky":false,"template":"","format":"standard","meta":{"_acf_changed":false,"_sitemap_exclude":false,"_sitemap_priority":"","_sitemap_frequency":"","footnotes":""},"categories":[60,56],"tags":[],"class_list":["post-259754","post","type-post","status-publish","format-standard","has-post-thumbnail","hentry","category-bolge","category-xeberler","infinite-scroll-item","generate-columns","tablet-grid-50","mobile-grid-100","grid-parent","grid-33","no-featured-image-padding"],"acf":[],"yoast_head":"<!-- This site is optimized with the Yoast SEO plugin v27.5 - https:\/\/yoast.com\/product\/yoast-seo-wordpress\/ -->\n<title>Fermer: \u201cMal-qaran\u0131 k\u0259ndimizd\u0259ki \u00f6r\u00fc\u015f yerin\u0259 buraxm\u0131rlar\u201d - MEYDAN.TV<\/title>\n<meta name=\"robots\" content=\"index, follow, max-snippet:-1, max-image-preview:large, max-video-preview:-1\" \/>\n<link rel=\"canonical\" href=\"https:\/\/www.meydan.tv\/az\/article\/fermer-mal-qarani-kendimizdeki-orus-yerine-buraxmirlar\/\" \/>\n<meta property=\"og:locale\" content=\"az_AZ\" \/>\n<meta property=\"og:type\" content=\"article\" \/>\n<meta property=\"og:title\" content=\"Fermer: \u201cMal-qaran\u0131 k\u0259ndimizd\u0259ki \u00f6r\u00fc\u015f yerin\u0259 buraxm\u0131rlar\u201d - MEYDAN.TV\" \/>\n<meta property=\"og:description\" content=\"\u018ffqan M\u0259h\u0259rr\u0259mov deyir ki, k\u0259nd\u0259 m\u0259xsus \u00f6r\u00fc\u015f yeri bir ne\u00e7\u0259 ... Davam\u0131\" \/>\n<meta property=\"og:url\" content=\"https:\/\/www.meydan.tv\/az\/article\/fermer-mal-qarani-kendimizdeki-orus-yerine-buraxmirlar\/\" \/>\n<meta property=\"og:site_name\" content=\"MEYDAN.TV\" \/>\n<meta property=\"article:published_time\" content=\"2022-10-30T18:33:56+00:00\" \/>\n<meta property=\"article:modified_time\" content=\"2022-10-30T18:33:58+00:00\" \/>\n<meta property=\"og:image\" content=\"https:\/\/www.meydan.tv\/wp-content\/uploads\/untitled-design-2-56.jpg\" \/>\n\t<meta property=\"og:image:width\" content=\"1200\" \/>\n\t<meta property=\"og:image:height\" content=\"800\" \/>\n\t<meta property=\"og:image:type\" content=\"image\/jpeg\" \/>\n<meta name=\"author\" content=\"elli\" \/>\n<meta name=\"twitter:card\" content=\"summary_large_image\" \/>\n<meta name=\"twitter:creator\" content=\"@elli\" \/>\n<script type=\"application\/ld+json\" class=\"yoast-schema-graph\">{\"@context\":\"https:\\\/\\\/schema.org\",\"@graph\":[{\"@type\":\"Article\",\"@id\":\"https:\\\/\\\/www.meydan.tv\\\/az\\\/article\\\/fermer-mal-qarani-kendimizdeki-orus-yerine-buraxmirlar\\\/#article\",\"isPartOf\":{\"@id\":\"https:\\\/\\\/www.meydan.tv\\\/az\\\/article\\\/fermer-mal-qarani-kendimizdeki-orus-yerine-buraxmirlar\\\/\"},\"author\":{\"name\":\"elli\",\"@id\":\"https:\\\/\\\/www.meydan.tv\\\/az\\\/#\\\/schema\\\/person\\\/9cdbecf90d17180ce1dfbd95b08dcf47\"},\"headline\":\"Fermer: \u201cMal-qaran\u0131 k\u0259ndimizd\u0259ki \u00f6r\u00fc\u015f yerin\u0259 buraxm\u0131rlar\u201d\",\"datePublished\":\"2022-10-30T18:33:56+00:00\",\"dateModified\":\"2022-10-30T18:33:58+00:00\",\"mainEntityOfPage\":{\"@id\":\"https:\\\/\\\/www.meydan.tv\\\/az\\\/article\\\/fermer-mal-qarani-kendimizdeki-orus-yerine-buraxmirlar\\\/\"},\"wordCount\":560,\"publisher\":{\"@id\":\"https:\\\/\\\/www.meydan.tv\\\/az\\\/#organization\"},\"image\":{\"@id\":\"https:\\\/\\\/www.meydan.tv\\\/az\\\/article\\\/fermer-mal-qarani-kendimizdeki-orus-yerine-buraxmirlar\\\/#primaryimage\"},\"thumbnailUrl\":\"https:\\\/\\\/www.meydan.tv\\\/wp-content\\\/uploads\\\/untitled-design-2-56.jpg\",\"articleSection\":[\"B\u00f6lg\u0259\",\"X\u0259b\u0259rl\u0259r\"],\"inLanguage\":\"az\"},{\"@type\":\"WebPage\",\"@id\":\"https:\\\/\\\/www.meydan.tv\\\/az\\\/article\\\/fermer-mal-qarani-kendimizdeki-orus-yerine-buraxmirlar\\\/\",\"url\":\"https:\\\/\\\/www.meydan.tv\\\/az\\\/article\\\/fermer-mal-qarani-kendimizdeki-orus-yerine-buraxmirlar\\\/\",\"name\":\"Fermer: \u201cMal-qaran\u0131 k\u0259ndimizd\u0259ki \u00f6r\u00fc\u015f yerin\u0259 buraxm\u0131rlar\u201d - MEYDAN.TV\",\"isPartOf\":{\"@id\":\"https:\\\/\\\/www.meydan.tv\\\/az\\\/#website\"},\"primaryImageOfPage\":{\"@id\":\"https:\\\/\\\/www.meydan.tv\\\/az\\\/article\\\/fermer-mal-qarani-kendimizdeki-orus-yerine-buraxmirlar\\\/#primaryimage\"},\"image\":{\"@id\":\"https:\\\/\\\/www.meydan.tv\\\/az\\\/article\\\/fermer-mal-qarani-kendimizdeki-orus-yerine-buraxmirlar\\\/#primaryimage\"},\"thumbnailUrl\":\"https:\\\/\\\/www.meydan.tv\\\/wp-content\\\/uploads\\\/untitled-design-2-56.jpg\",\"datePublished\":\"2022-10-30T18:33:56+00:00\",\"dateModified\":\"2022-10-30T18:33:58+00:00\",\"breadcrumb\":{\"@id\":\"https:\\\/\\\/www.meydan.tv\\\/az\\\/article\\\/fermer-mal-qarani-kendimizdeki-orus-yerine-buraxmirlar\\\/#breadcrumb\"},\"inLanguage\":\"az\",\"potentialAction\":[{\"@type\":\"ReadAction\",\"target\":[\"https:\\\/\\\/www.meydan.tv\\\/az\\\/article\\\/fermer-mal-qarani-kendimizdeki-orus-yerine-buraxmirlar\\\/\"]}]},{\"@type\":\"ImageObject\",\"inLanguage\":\"az\",\"@id\":\"https:\\\/\\\/www.meydan.tv\\\/az\\\/article\\\/fermer-mal-qarani-kendimizdeki-orus-yerine-buraxmirlar\\\/#primaryimage\",\"url\":\"https:\\\/\\\/www.meydan.tv\\\/wp-content\\\/uploads\\\/untitled-design-2-56.jpg\",\"contentUrl\":\"https:\\\/\\\/www.meydan.tv\\\/wp-content\\\/uploads\\\/untitled-design-2-56.jpg\",\"width\":1200,\"height\":800,\"caption\":\"Foto: \u018ffqan M\u0259h\u0259rr\u0259movun \u015f\u0259xsi arxivind\u0259n.\"},{\"@type\":\"BreadcrumbList\",\"@id\":\"https:\\\/\\\/www.meydan.tv\\\/az\\\/article\\\/fermer-mal-qarani-kendimizdeki-orus-yerine-buraxmirlar\\\/#breadcrumb\",\"itemListElement\":[{\"@type\":\"ListItem\",\"position\":1,\"name\":\"Ana s\u0259hif\u0259\",\"item\":\"https:\\\/\\\/www.meydan.tv\\\/az\\\/\"},{\"@type\":\"ListItem\",\"position\":2,\"name\":\"B\u00f6lg\u0259\",\"item\":\"https:\\\/\\\/www.meydan.tv\\\/az\\\/section\\\/bolge\\\/\"},{\"@type\":\"ListItem\",\"position\":3,\"name\":\"Fermer: \u201cMal-qaran\u0131 k\u0259ndimizd\u0259ki \u00f6r\u00fc\u015f yerin\u0259 buraxm\u0131rlar\u201d\"}]},{\"@type\":\"WebSite\",\"@id\":\"https:\\\/\\\/www.meydan.tv\\\/az\\\/#website\",\"url\":\"https:\\\/\\\/www.meydan.tv\\\/az\\\/\",\"name\":\"MEYDAN.TV\",\"description\":\"Meydan TV Az\u0259rbaycan\u0131n media m\u0259kan\u0131ndak\u0131 alternativ s\u0259sidir\",\"publisher\":{\"@id\":\"https:\\\/\\\/www.meydan.tv\\\/az\\\/#organization\"},\"potentialAction\":[{\"@type\":\"SearchAction\",\"target\":{\"@type\":\"EntryPoint\",\"urlTemplate\":\"https:\\\/\\\/www.meydan.tv\\\/az\\\/?s={search_term_string}\"},\"query-input\":{\"@type\":\"PropertyValueSpecification\",\"valueRequired\":true,\"valueName\":\"search_term_string\"}}],\"inLanguage\":\"az\"},{\"@type\":\"Organization\",\"@id\":\"https:\\\/\\\/www.meydan.tv\\\/az\\\/#organization\",\"name\":\"Meydan TV\",\"url\":\"https:\\\/\\\/www.meydan.tv\\\/az\\\/\",\"logo\":{\"@type\":\"ImageObject\",\"inLanguage\":\"az\",\"@id\":\"https:\\\/\\\/www.meydan.tv\\\/az\\\/#\\\/schema\\\/logo\\\/image\\\/\",\"url\":\"https:\\\/\\\/www.meydan.tv\\\/wp-content\\\/uploads\\\/2021\\\/07\\\/meydan-logo.svg\",\"contentUrl\":\"https:\\\/\\\/www.meydan.tv\\\/wp-content\\\/uploads\\\/2021\\\/07\\\/meydan-logo.svg\",\"width\":195,\"height\":46,\"caption\":\"Meydan TV\"},\"image\":{\"@id\":\"https:\\\/\\\/www.meydan.tv\\\/az\\\/#\\\/schema\\\/logo\\\/image\\\/\"}},{\"@type\":\"Person\",\"@id\":\"https:\\\/\\\/www.meydan.tv\\\/az\\\/#\\\/schema\\\/person\\\/9cdbecf90d17180ce1dfbd95b08dcf47\",\"name\":\"elli\",\"sameAs\":[\"https:\\\/\\\/x.com\\\/elli\"]}]}<\/script>\n<!-- \/ Yoast SEO plugin. -->","yoast_head_json":{"title":"Fermer: \u201cMal-qaran\u0131 k\u0259ndimizd\u0259ki \u00f6r\u00fc\u015f yerin\u0259 buraxm\u0131rlar\u201d - MEYDAN.TV","robots":{"index":"index","follow":"follow","max-snippet":"max-snippet:-1","max-image-preview":"max-image-preview:large","max-video-preview":"max-video-preview:-1"},"canonical":"https:\/\/www.meydan.tv\/az\/article\/fermer-mal-qarani-kendimizdeki-orus-yerine-buraxmirlar\/","og_locale":"az_AZ","og_type":"article","og_title":"Fermer: \u201cMal-qaran\u0131 k\u0259ndimizd\u0259ki \u00f6r\u00fc\u015f yerin\u0259 buraxm\u0131rlar\u201d - MEYDAN.TV","og_description":"\u018ffqan M\u0259h\u0259rr\u0259mov deyir ki, k\u0259nd\u0259 m\u0259xsus \u00f6r\u00fc\u015f yeri bir ne\u00e7\u0259 ... Davam\u0131","og_url":"https:\/\/www.meydan.tv\/az\/article\/fermer-mal-qarani-kendimizdeki-orus-yerine-buraxmirlar\/","og_site_name":"MEYDAN.TV","article_published_time":"2022-10-30T18:33:56+00:00","article_modified_time":"2022-10-30T18:33:58+00:00","og_image":[{"width":1200,"height":800,"url":"https:\/\/www.meydan.tv\/wp-content\/uploads\/untitled-design-2-56.jpg","type":"image\/jpeg"}],"author":"elli","twitter_card":"summary_large_image","twitter_creator":"@elli","schema":{"@context":"https:\/\/schema.org","@graph":[{"@type":"Article","@id":"https:\/\/www.meydan.tv\/az\/article\/fermer-mal-qarani-kendimizdeki-orus-yerine-buraxmirlar\/#article","isPartOf":{"@id":"https:\/\/www.meydan.tv\/az\/article\/fermer-mal-qarani-kendimizdeki-orus-yerine-buraxmirlar\/"},"author":{"name":"elli","@id":"https:\/\/www.meydan.tv\/az\/#\/schema\/person\/9cdbecf90d17180ce1dfbd95b08dcf47"},"headline":"Fermer: \u201cMal-qaran\u0131 k\u0259ndimizd\u0259ki \u00f6r\u00fc\u015f yerin\u0259 buraxm\u0131rlar\u201d","datePublished":"2022-10-30T18:33:56+00:00","dateModified":"2022-10-30T18:33:58+00:00","mainEntityOfPage":{"@id":"https:\/\/www.meydan.tv\/az\/article\/fermer-mal-qarani-kendimizdeki-orus-yerine-buraxmirlar\/"},"wordCount":560,"publisher":{"@id":"https:\/\/www.meydan.tv\/az\/#organization"},"image":{"@id":"https:\/\/www.meydan.tv\/az\/article\/fermer-mal-qarani-kendimizdeki-orus-yerine-buraxmirlar\/#primaryimage"},"thumbnailUrl":"https:\/\/www.meydan.tv\/wp-content\/uploads\/untitled-design-2-56.jpg","articleSection":["B\u00f6lg\u0259","X\u0259b\u0259rl\u0259r"],"inLanguage":"az"},{"@type":"WebPage","@id":"https:\/\/www.meydan.tv\/az\/article\/fermer-mal-qarani-kendimizdeki-orus-yerine-buraxmirlar\/","url":"https:\/\/www.meydan.tv\/az\/article\/fermer-mal-qarani-kendimizdeki-orus-yerine-buraxmirlar\/","name":"Fermer: \u201cMal-qaran\u0131 k\u0259ndimizd\u0259ki \u00f6r\u00fc\u015f yerin\u0259 buraxm\u0131rlar\u201d - MEYDAN.TV","isPartOf":{"@id":"https:\/\/www.meydan.tv\/az\/#website"},"primaryImageOfPage":{"@id":"https:\/\/www.meydan.tv\/az\/article\/fermer-mal-qarani-kendimizdeki-orus-yerine-buraxmirlar\/#primaryimage"},"image":{"@id":"https:\/\/www.meydan.tv\/az\/article\/fermer-mal-qarani-kendimizdeki-orus-yerine-buraxmirlar\/#primaryimage"},"thumbnailUrl":"https:\/\/www.meydan.tv\/wp-content\/uploads\/untitled-design-2-56.jpg","datePublished":"2022-10-30T18:33:56+00:00","dateModified":"2022-10-30T18:33:58+00:00","breadcrumb":{"@id":"https:\/\/www.meydan.tv\/az\/article\/fermer-mal-qarani-kendimizdeki-orus-yerine-buraxmirlar\/#breadcrumb"},"inLanguage":"az","potentialAction":[{"@type":"ReadAction","target":["https:\/\/www.meydan.tv\/az\/article\/fermer-mal-qarani-kendimizdeki-orus-yerine-buraxmirlar\/"]}]},{"@type":"ImageObject","inLanguage":"az","@id":"https:\/\/www.meydan.tv\/az\/article\/fermer-mal-qarani-kendimizdeki-orus-yerine-buraxmirlar\/#primaryimage","url":"https:\/\/www.meydan.tv\/wp-content\/uploads\/untitled-design-2-56.jpg","contentUrl":"https:\/\/www.meydan.tv\/wp-content\/uploads\/untitled-design-2-56.jpg","width":1200,"height":800,"caption":"Foto: \u018ffqan M\u0259h\u0259rr\u0259movun \u015f\u0259xsi arxivind\u0259n."},{"@type":"BreadcrumbList","@id":"https:\/\/www.meydan.tv\/az\/article\/fermer-mal-qarani-kendimizdeki-orus-yerine-buraxmirlar\/#breadcrumb","itemListElement":[{"@type":"ListItem","position":1,"name":"Ana s\u0259hif\u0259","item":"https:\/\/www.meydan.tv\/az\/"},{"@type":"ListItem","position":2,"name":"B\u00f6lg\u0259","item":"https:\/\/www.meydan.tv\/az\/section\/bolge\/"},{"@type":"ListItem","position":3,"name":"Fermer: \u201cMal-qaran\u0131 k\u0259ndimizd\u0259ki \u00f6r\u00fc\u015f yerin\u0259 buraxm\u0131rlar\u201d"}]},{"@type":"WebSite","@id":"https:\/\/www.meydan.tv\/az\/#website","url":"https:\/\/www.meydan.tv\/az\/","name":"MEYDAN.TV","description":"Meydan TV Az\u0259rbaycan\u0131n media m\u0259kan\u0131ndak\u0131 alternativ s\u0259sidir","publisher":{"@id":"https:\/\/www.meydan.tv\/az\/#organization"},"potentialAction":[{"@type":"SearchAction","target":{"@type":"EntryPoint","urlTemplate":"https:\/\/www.meydan.tv\/az\/?s={search_term_string}"},"query-input":{"@type":"PropertyValueSpecification","valueRequired":true,"valueName":"search_term_string"}}],"inLanguage":"az"},{"@type":"Organization","@id":"https:\/\/www.meydan.tv\/az\/#organization","name":"Meydan TV","url":"https:\/\/www.meydan.tv\/az\/","logo":{"@type":"ImageObject","inLanguage":"az","@id":"https:\/\/www.meydan.tv\/az\/#\/schema\/logo\/image\/","url":"https:\/\/www.meydan.tv\/wp-content\/uploads\/2021\/07\/meydan-logo.svg","contentUrl":"https:\/\/www.meydan.tv\/wp-content\/uploads\/2021\/07\/meydan-logo.svg","width":195,"height":46,"caption":"Meydan TV"},"image":{"@id":"https:\/\/www.meydan.tv\/az\/#\/schema\/logo\/image\/"}},{"@type":"Person","@id":"https:\/\/www.meydan.tv\/az\/#\/schema\/person\/9cdbecf90d17180ce1dfbd95b08dcf47","name":"elli","sameAs":["https:\/\/x.com\/elli"]}]}},"_links":{"self":[{"href":"https:\/\/www.meydan.tv\/az\/wp-json\/wp\/v2\/posts\/259754","targetHints":{"allow":["GET"]}}],"collection":[{"href":"https:\/\/www.meydan.tv\/az\/wp-json\/wp\/v2\/posts"}],"about":[{"href":"https:\/\/www.meydan.tv\/az\/wp-json\/wp\/v2\/types\/post"}],"author":[{"embeddable":true,"href":"https:\/\/www.meydan.tv\/az\/wp-json\/wp\/v2\/users\/8"}],"replies":[{"embeddable":true,"href":"https:\/\/www.meydan.tv\/az\/wp-json\/wp\/v2\/comments?post=259754"}],"version-history":[{"count":1,"href":"https:\/\/www.meydan.tv\/az\/wp-json\/wp\/v2\/posts\/259754\/revisions"}],"predecessor-version":[{"id":259755,"href":"https:\/\/www.meydan.tv\/az\/wp-json\/wp\/v2\/posts\/259754\/revisions\/259755"}],"wp:featuredmedia":[{"embeddable":true,"href":"https:\/\/www.meydan.tv\/az\/wp-json\/wp\/v2\/media\/259751"}],"wp:attachment":[{"href":"https:\/\/www.meydan.tv\/az\/wp-json\/wp\/v2\/media?parent=259754"}],"wp:term":[{"taxonomy":"category","embeddable":true,"href":"https:\/\/www.meydan.tv\/az\/wp-json\/wp\/v2\/categories?post=259754"},{"taxonomy":"post_tag","embeddable":true,"href":"https:\/\/www.meydan.tv\/az\/wp-json\/wp\/v2\/tags?post=259754"}],"curies":[{"name":"wp","href":"https:\/\/api.w.org\/{rel}","templated":true}]}}