{"id":259657,"date":"2022-10-28T16:07:31","date_gmt":"2022-10-28T12:07:31","guid":{"rendered":"https:\/\/www.meydan.tv\/?p=259657"},"modified":"2022-10-28T16:07:33","modified_gmt":"2022-10-28T12:07:33","slug":"polislerin-vetendaslari-gullelemesini-ort-basdir-elemek-ucun-bunu-duzub-qosublar","status":"publish","type":"post","link":"https:\/\/www.meydan.tv\/az\/article\/polislerin-vetendaslari-gullelemesini-ort-basdir-elemek-ucun-bunu-duzub-qosublar\/","title":{"rendered":"\u201cPolisl\u0259rin v\u0259t\u0259nda\u015flar\u0131 g\u00fcll\u0259l\u0259m\u0259sini \u00f6rt-basd\u0131r el\u0259m\u0259k \u00fc\u00e7\u00fcn bunu d\u00fcz\u00fcb qo\u015fublar\u201d"},"content":{"rendered":"\n<p><\/p>\n\n\n\n<p><em>Rauf Zaitov: \u201c2 il 7 ayd\u0131r \u00f6vladlar\u0131m\u0131z nahaqdan h\u0259bsd\u0259 saxlan\u0131l\u0131r\u2026\u201d<\/em><\/p>\n\n\n\n<p>C\u0259lilabadda polisl\u0259rin g\u00fcll\u0259l\u0259diyi R\u00fcf\u0259t Zaitov v\u0259 \u0130smay\u0131l \u0130smay\u0131lovun valideynl\u0259ri hesab edir ki, bu m\u0259s\u0259l\u0259ni \u00f6rt-basd\u0131r el\u0259m\u0259k \u00fc\u00e7\u00fcn onlar\u0131n \u00f6vladlar\u0131n\u0131 narkotik ittiham\u0131yla h\u0259bs edibl\u0259r. Onlar 2 il yar\u0131mdan \u00e7oxdur h\u0259bsd\u0259dir.<\/p>\n\n\n\n<p><strong>\u201cNiy\u0259 g\u00fcll\u0259l\u0259yibl\u0259r, buna cavab verm\u0259k laz\u0131md\u0131r\u201d<\/strong><\/p>\n\n\n\n<p>R\u00fcf\u0259t Zaitov v\u0259 \u0130smay\u0131l \u0130smay\u0131lov \u00f6nc\u0259 polis\u0259 m\u00fcqavim\u0259td\u0259 t\u0259qsirli bilinirdi. \u0130ddia olunurdu ki, onlar polis\u0259 m\u00fcqavim\u0259t g\u00f6st\u0259rdikl\u0259rin\u0259 g\u00f6r\u0259 at\u0259\u015f a\u00e7\u0131l\u0131b. Daha do\u011frusu, polis \u00f6nc\u0259 \u201cdayan\u201d \u0259mri verib, x\u0259b\u0259rdarl\u0131q at\u0259\u015fi a\u00e7\u0131b. Onlar tabe olmay\u0131b, m\u00fcqavim\u0259t g\u00f6st\u0259rdikl\u0259rin\u0259 g\u00f6r\u0259 g\u00fcll\u0259l\u0259nibl\u0259r.<\/p>\n\n\n\n<p>\u0130ddiaya g\u00f6r\u0259, onlar C\u0259lilabad rayonu, Qaraz\u0259ncir k\u0259ndi \u0259razisind\u0259 narkotiki gizl\u0259tdikl\u0259ri yerd\u0259n g\u00f6t\u00fcr\u00fcb qa\u00e7anda bu hadis\u0259 ba\u015f verib. R\u00fcf\u0259t Zaitov qa\u00e7\u0131b avtomobil\u0259 min\u0259nd\u0259 at\u0131lan g\u00fcll\u0259 onun aya\u011f\u0131ndan, s\u00fckan arxas\u0131nda olan \u0130smay\u0131l \u0130smay\u0131lova is\u0259 \u015f\u00fc\u015f\u0259ni ke\u00e7\u0259n g\u00fcll\u0259 sin\u0259sind\u0259n d\u0259yib. H\u0259m\u00e7inin iddia edilir ki, onlar yaral\u0131 v\u0259ziyy\u0259td\u0259 ma\u015f\u0131nla qa\u00e7\u0131blar, Bak\u0131n\u0131n Qarada\u011f rayonu \u0259razisind\u0259 &#8211; \u018fl\u0259t postunda saxlan\u0131l\u0131blar. H\u0259min vaxt avtomobild\u0259n 3 kiloqramdan art\u0131q narkotik tap\u0131l\u0131b. \u00dcst\u0259lik, Qaraz\u0259ncir k\u0259ndi \u0259razisind\u0259 &#8211; hadis\u0259 ba\u015f ver\u0259n yerd\u0259 d\u0259 polisl\u0259rin kol dibind\u0259n 2 kiloqram narkotik tapd\u0131\u011f\u0131 cinay\u0259t i\u015finin materiallar\u0131nda yaz\u0131l\u0131b.<\/p>\n\n\n\n<p>R\u00fcf\u0259t Zaitov v\u0259 \u0130smay\u0131l \u0130smay\u0131lova \u0259vv\u0259l sat\u0131\u015f m\u0259qs\u0259dil\u0259 k\u00fclli miqdarda narkotik da\u015f\u0131ma il\u0259 yana\u015f\u0131, h\u0259m d\u0259 polis\u0259 m\u00fcqavim\u0259t ittiham\u0131 verilib. Lakin istintaq\u0131n gedi\u015find\u0259 polis\u0259 m\u00fcqavim\u0259t ittiham\u0131na xitam verilib.<\/p>\n\n\n\n<p>\u201cOnlarda narkotik olmay\u0131b. Sad\u0259c\u0259, C\u0259lilabad rayon Polis \u015e\u00f6b\u0259sinin \u0259m\u0259kda\u015flar\u0131n\u0131n \u00f6zba\u015f\u0131nal\u0131qlar\u0131na haqq qazand\u0131rmaq, v\u0259t\u0259nda\u015flar\u0131 dayanan yerd\u0259 g\u00fcll\u0259l\u0259m\u0259kl\u0259rini \u00f6rt-basd\u0131r el\u0259m\u0259k \u00fc\u00e7\u00fcn bunu d\u00fcz\u00fcb-qo\u015fublar. Hadis\u0259 yerind\u0259n 4 g\u00fcll\u0259 gilizi a\u015fkarlan\u0131b. M\u00fc\u0259yy\u0259nl\u0259\u015fdirilib ki, bunun da \u00fc\u00e7\u00fc ma\u015f\u0131na d\u0259yib ke\u00e7ib, biri d\u0259 R\u00fcf\u0259tin aya\u011f\u0131na. Polis \u0259vv\u0259ld\u0259n x\u0259b\u0259rdarl\u0131q at\u0259\u015fi a\u00e7\u0131bsa, onun gilizi hardad\u0131r? \u0130stintaq\u0131n gedi\u015find\u0259 Cinay\u0259t M\u0259c\u0259ll\u0259sinin 315-ci (hakimiyy\u0259t n\u00fcmay\u0259nd\u0259sin\u0259 m\u00fcqavim\u0259t g\u00f6st\u0259rm\u0259, zor t\u0259tbiq etm\u0259) madd\u0259sin\u0259 xitam verilib. Bu da s\u00fcbut edir ki, n\u0259 polis\u0259 m\u00fcqavim\u0259t g\u00f6st\u0259r\u0259n olub, n\u0259 d\u0259 zor t\u0259tbiq ed\u0259n. X\u0259b\u0259rdarl\u0131q at\u0259\u015finin d\u0259 s\u00fcbutu yoxdur. B\u0259s onda niy\u0259 g\u00fcll\u0259l\u0259yibl\u0259r bu adamlar\u0131? Buna cavab verm\u0259k laz\u0131md\u0131r. \u00d6rt-basd\u0131r el\u0259m\u0259k \u00fc\u00e7\u00fcn d\u0259 bu ssenarini d\u00fcz\u00fcb-qo\u015fublar\u201d, &#8211; Rauf Zaitovun s\u00f6zl\u0259ridir.<\/p>\n\n\n\n<p><strong>Qan i\u00e7ind\u0259, g\u00fcll\u0259 de\u015fmi\u015f ma\u015f\u0131nla polis postuna do\u011fru\u2026<\/strong><\/p>\n\n\n\n<p>Ata deyir ki, \u00f6n \u015f\u00fc\u015f\u0259sind\u0259 g\u00fcll\u0259 de\u015fikl\u0259ri olan avtomobil ist\u0259r-ist\u0259m\u0259z diqq\u0259t \u00e7\u0259kir. Bu v\u0259ziyy\u0259td\u0259 olan avtomobill\u0259 R\u00fcf\u0259t v\u0259 \u0130smay\u0131l\u0131n Bak\u0131ya q\u0259d\u0259r 3 kiloqramdan art\u0131q narkotiki aparmas\u0131 inand\u0131r\u0131c\u0131 deyil. O vur\u011fulay\u0131b ki, ma\u015f\u0131nda narkotik olsayd\u0131 bel\u0259, C\u0259lilabaddan Bak\u0131ya q\u0259d\u0259rki yolda imkan tap\u0131b onu atard\u0131lar: \u201cQan i\u00e7ind\u0259dil\u0259r, g\u00fcll\u0259 de\u015fmi\u015f \u015f\u00fc\u015f\u0259li ma\u015f\u0131nla gedirl\u0259r, bilirl\u0259r ki, postu ke\u00e7\u0259c\u0259kl\u0259r, diqq\u0259t \u00e7\u0259k\u0259c\u0259kl\u0259r v\u0259 3 kiloqram 200 qram narkotiki d\u0259 \u00f6zl\u0259ril\u0259 apar\u0131rlar. Bunu he\u00e7 u\u015faq da el\u0259m\u0259z\u2026\u201d<\/p>\n\n\n\n<p>Rauf Zaitov \u0259lav\u0259 edib ki, cinay\u0259t i\u015finin materiallar\u0131nda \u00e7oxsayl\u0131 ziddiyy\u0259tl\u0259r var. M\u0259s\u0259l\u0259n, t\u0259hqiqat\u00e7\u0131n\u0131n hadis\u0259 yerind\u0259 t\u0259rtib etdiyi protokolun vaxt\u0131 10.30-10.45 g\u00f6st\u0259rilib. Lakin bax\u0131\u015f zaman\u0131 apar\u0131lan \u00e7\u0259kili\u015fl\u0259 ba\u011fl\u0131 videog\u00f6r\u00fcnt\u00fcd\u0259n g\u00f6r\u00fcn\u00fcr ki, h\u0259min video saat 14.46-da \u00e7\u0259kilm\u0259y\u0259 ba\u015flay\u0131b, saat 15.01-d\u0259 is\u0259 \u00e7\u0259kilib qurtar\u0131b: \u201cBu, i\u015fd\u0259ki \u00e7oxsayl\u0131 ziddiyy\u0259tl\u0259rin sad\u0259c\u0259, biridir. Onlar karantin postunda saxlan\u0131landan sonra 3 saat \u0259rzind\u0259 avtomobil polisl\u0259rd\u0259 qal\u0131b. Ondan sonra ma\u015f\u0131na bax\u0131\u015f ke\u00e7irilib v\u0259 guya heroin tap\u0131l\u0131b. Kim z\u0259man\u0259t verir ki, o narkotiki avtomobil\u0259 h\u0259min m\u00fcdd\u0259td\u0259 polisl\u0259r atmay\u0131b?\u201d<\/p>\n\n\n\n<p>\u201c<strong>\u00dcmid edirik haqs\u0131zl\u0131\u011fa g\u00f6z yummayacaqs\u0131z\u201d<\/strong><\/p>\n\n\n\n<p>Rauf Zaitov v\u0259 \u0130smay\u0131l \u0130smay\u0131lov haqq\u0131nda cinay\u0259t i\u015fi bax\u0131lmas\u0131 \u00fc\u00e7\u00fcn \u00f6nc\u0259 L\u0259nk\u0259ran A\u011f\u0131r Cinay\u0259tl\u0259r M\u0259hk\u0259m\u0259sin\u0259 g\u00f6nd\u0259rilib. Orada q\u0259rar verilib ki, bu i\u015f\u0259 Bak\u0131 A\u011f\u0131r Cinay\u0259tl\u0259r M\u0259hk\u0259m\u0259si baxmal\u0131d\u0131r. \u00c7\u00fcnki t\u0259qsirl\u0259ndiril\u0259n \u015f\u0259xsl\u0259r Bak\u0131da tutulub v\u0259 avtomobild\u0259n d\u0259 bu \u0259razid\u0259 narkotik tap\u0131l\u0131b.<\/p>\n\n\n\n<p>Rauf Zaitovla yana\u015f\u0131, M\u0259d\u0259t \u0130smay\u0131lov da bu m\u0259hk\u0259m\u0259d\u0259 i\u015f\u0259 baxan hakim Zeynal A\u011fayev\u0259 m\u00fcraci\u0259t edib, bu i\u015fin obyektiv, h\u0259rt\u0259r\u0259fli ara\u015fd\u0131r\u0131l\u0131b, \u0259dal\u0259tli q\u0259rar verilm\u0259sini ist\u0259yib:<\/p>\n\n\n\n<p>\u201cHaz\u0131rda \u00f6vladlar\u0131m\u0131z 2 il 7 ayd\u0131r ki, qanunsuz olaraq h\u0259bsd\u0259 saxlan\u0131l\u0131r. \u00dcmid edirik ki, siz bu haqs\u0131zl\u0131\u011fa g\u00f6z yummayacaqs\u0131n\u0131z, i\u015fi \u0259trafl\u0131 \u00f6yr\u0259n\u0259r\u0259k ara\u015fd\u0131racaqs\u0131n\u0131z v\u0259 b\u00fct\u00fcn hallar\u0131 n\u0259z\u0259r\u0259 alaraq \u0259dal\u0259ti b\u0259rq\u0259rar ed\u0259r\u0259k \u00f6vladlar\u0131m\u0131z bar\u0259sind\u0259 b\u0259ra\u0259t h\u00f6km\u00fc \u00e7\u0131xaracaqs\u0131n\u0131z\u201d.<\/p>\n\n\n\n<p>Bak\u0131 A\u011f\u0131r Cinay\u0259tl\u0259r M\u0259hk\u0259m\u0259sind\u0259n Meydan TV-y\u0259 bildirilib ki, yanvar\u0131n 24-d\u0259 adlar\u0131 \u00e7\u0259kil\u0259n \u015f\u0259xsl\u0259r\u0259 h\u00f6km oxunub. Onlar\u0131n h\u0259r biri 10 il azadl\u0131qdan m\u0259hrum edilib.<\/p>\n\n\n\n<p>Daxili \u0130\u015fl\u0259r Nazirliyinin M\u0259tbuat xidm\u0259tind\u0259n is\u0259 Meydan TV-y\u0259 bildirilib ki, valideynl\u0259rin C\u0259lilabad Rayon Polis \u015e\u00f6b\u0259sinin \u0259m\u0259kda\u015flar\u0131 haqda iddialar\u0131 onlar\u0131n \u015f\u0259xsi m\u00fclahiz\u0259l\u0259rdir:<\/p>\n\n\n\n<p>\u201cBu iddialar\u0131n h\u00fcquqi \u0259sas\u0131 ara\u015fd\u0131rmalarla t\u0259sdiql\u0259nm\u0259yib\u201d.<\/p>\n","protected":false},"excerpt":{"rendered":"<p>Rauf Zaitov: \u201c2 il 7 ayd\u0131r \u00f6vladlar\u0131m\u0131z nahaqdan h\u0259bsd\u0259 saxlan\u0131l\u0131r\u2026\u201d &#8230; <\/p>\n<p class=\"read-more-container\"><a title=\"\u201cPolisl\u0259rin v\u0259t\u0259nda\u015flar\u0131 g\u00fcll\u0259l\u0259m\u0259sini \u00f6rt-basd\u0131r el\u0259m\u0259k \u00fc\u00e7\u00fcn bunu d\u00fcz\u00fcb qo\u015fublar\u201d\" class=\"read-more button\" href=\"https:\/\/www.meydan.tv\/az\/article\/polislerin-vetendaslari-gullelemesini-ort-basdir-elemek-ucun-bunu-duzub-qosublar\/#more-259657\" aria-label=\"Read more about \u201cPolisl\u0259rin v\u0259t\u0259nda\u015flar\u0131 g\u00fcll\u0259l\u0259m\u0259sini \u00f6rt-basd\u0131r el\u0259m\u0259k \u00fc\u00e7\u00fcn bunu d\u00fcz\u00fcb qo\u015fublar\u201d\">Davam\u0131<\/a><\/p>\n","protected":false},"author":8,"featured_media":155631,"comment_status":"closed","ping_status":"closed","sticky":false,"template":"","format":"standard","meta":{"_acf_changed":false,"_sitemap_exclude":false,"_sitemap_priority":"","_sitemap_frequency":"","footnotes":""},"categories":[60,56],"tags":[],"class_list":["post-259657","post","type-post","status-publish","format-standard","has-post-thumbnail","hentry","category-bolge","category-xeberler","infinite-scroll-item","generate-columns","tablet-grid-50","mobile-grid-100","grid-parent","grid-33","no-featured-image-padding"],"acf":[],"yoast_head":"<!-- This site is optimized with the Yoast SEO plugin v27.5 - https:\/\/yoast.com\/product\/yoast-seo-wordpress\/ -->\n<title>\u201cPolisl\u0259rin v\u0259t\u0259nda\u015flar\u0131 g\u00fcll\u0259l\u0259m\u0259sini \u00f6rt-basd\u0131r el\u0259m\u0259k \u00fc\u00e7\u00fcn bunu d\u00fcz\u00fcb qo\u015fublar\u201d - MEYDAN.TV<\/title>\n<meta name=\"robots\" content=\"index, follow, max-snippet:-1, max-image-preview:large, max-video-preview:-1\" \/>\n<link rel=\"canonical\" href=\"https:\/\/www.meydan.tv\/az\/article\/polislerin-vetendaslari-gullelemesini-ort-basdir-elemek-ucun-bunu-duzub-qosublar\/\" \/>\n<meta property=\"og:locale\" content=\"az_AZ\" \/>\n<meta property=\"og:type\" content=\"article\" \/>\n<meta property=\"og:title\" content=\"\u201cPolisl\u0259rin v\u0259t\u0259nda\u015flar\u0131 g\u00fcll\u0259l\u0259m\u0259sini \u00f6rt-basd\u0131r el\u0259m\u0259k \u00fc\u00e7\u00fcn bunu d\u00fcz\u00fcb qo\u015fublar\u201d - MEYDAN.TV\" \/>\n<meta property=\"og:description\" content=\"Rauf Zaitov: \u201c2 il 7 ayd\u0131r \u00f6vladlar\u0131m\u0131z nahaqdan h\u0259bsd\u0259 saxlan\u0131l\u0131r\u2026\u201d ... Davam\u0131\" \/>\n<meta property=\"og:url\" content=\"https:\/\/www.meydan.tv\/az\/article\/polislerin-vetendaslari-gullelemesini-ort-basdir-elemek-ucun-bunu-duzub-qosublar\/\" \/>\n<meta property=\"og:site_name\" content=\"MEYDAN.TV\" \/>\n<meta property=\"article:published_time\" content=\"2022-10-28T12:07:31+00:00\" \/>\n<meta property=\"article:modified_time\" content=\"2022-10-28T12:07:33+00:00\" \/>\n<meta property=\"og:image\" content=\"https:\/\/www.meydan.tv\/wp-content\/uploads\/mehkeme19-scaled.jpg\" \/>\n\t<meta property=\"og:image:width\" content=\"2560\" \/>\n\t<meta property=\"og:image:height\" content=\"1440\" \/>\n\t<meta property=\"og:image:type\" content=\"image\/jpeg\" \/>\n<meta name=\"author\" content=\"elli\" \/>\n<meta name=\"twitter:card\" content=\"summary_large_image\" \/>\n<meta name=\"twitter:creator\" content=\"@elli\" \/>\n<script type=\"application\/ld+json\" class=\"yoast-schema-graph\">{\"@context\":\"https:\\\/\\\/schema.org\",\"@graph\":[{\"@type\":\"Article\",\"@id\":\"https:\\\/\\\/www.meydan.tv\\\/az\\\/article\\\/polislerin-vetendaslari-gullelemesini-ort-basdir-elemek-ucun-bunu-duzub-qosublar\\\/#article\",\"isPartOf\":{\"@id\":\"https:\\\/\\\/www.meydan.tv\\\/az\\\/article\\\/polislerin-vetendaslari-gullelemesini-ort-basdir-elemek-ucun-bunu-duzub-qosublar\\\/\"},\"author\":{\"name\":\"elli\",\"@id\":\"https:\\\/\\\/www.meydan.tv\\\/az\\\/#\\\/schema\\\/person\\\/9cdbecf90d17180ce1dfbd95b08dcf47\"},\"headline\":\"\u201cPolisl\u0259rin v\u0259t\u0259nda\u015flar\u0131 g\u00fcll\u0259l\u0259m\u0259sini \u00f6rt-basd\u0131r el\u0259m\u0259k \u00fc\u00e7\u00fcn bunu d\u00fcz\u00fcb qo\u015fublar\u201d\",\"datePublished\":\"2022-10-28T12:07:31+00:00\",\"dateModified\":\"2022-10-28T12:07:33+00:00\",\"mainEntityOfPage\":{\"@id\":\"https:\\\/\\\/www.meydan.tv\\\/az\\\/article\\\/polislerin-vetendaslari-gullelemesini-ort-basdir-elemek-ucun-bunu-duzub-qosublar\\\/\"},\"wordCount\":1078,\"publisher\":{\"@id\":\"https:\\\/\\\/www.meydan.tv\\\/az\\\/#organization\"},\"image\":{\"@id\":\"https:\\\/\\\/www.meydan.tv\\\/az\\\/article\\\/polislerin-vetendaslari-gullelemesini-ort-basdir-elemek-ucun-bunu-duzub-qosublar\\\/#primaryimage\"},\"thumbnailUrl\":\"https:\\\/\\\/www.meydan.tv\\\/wp-content\\\/uploads\\\/mehkeme19-scaled.jpg\",\"articleSection\":[\"B\u00f6lg\u0259\",\"X\u0259b\u0259rl\u0259r\"],\"inLanguage\":\"az\"},{\"@type\":\"WebPage\",\"@id\":\"https:\\\/\\\/www.meydan.tv\\\/az\\\/article\\\/polislerin-vetendaslari-gullelemesini-ort-basdir-elemek-ucun-bunu-duzub-qosublar\\\/\",\"url\":\"https:\\\/\\\/www.meydan.tv\\\/az\\\/article\\\/polislerin-vetendaslari-gullelemesini-ort-basdir-elemek-ucun-bunu-duzub-qosublar\\\/\",\"name\":\"\u201cPolisl\u0259rin v\u0259t\u0259nda\u015flar\u0131 g\u00fcll\u0259l\u0259m\u0259sini \u00f6rt-basd\u0131r el\u0259m\u0259k \u00fc\u00e7\u00fcn bunu d\u00fcz\u00fcb qo\u015fublar\u201d - MEYDAN.TV\",\"isPartOf\":{\"@id\":\"https:\\\/\\\/www.meydan.tv\\\/az\\\/#website\"},\"primaryImageOfPage\":{\"@id\":\"https:\\\/\\\/www.meydan.tv\\\/az\\\/article\\\/polislerin-vetendaslari-gullelemesini-ort-basdir-elemek-ucun-bunu-duzub-qosublar\\\/#primaryimage\"},\"image\":{\"@id\":\"https:\\\/\\\/www.meydan.tv\\\/az\\\/article\\\/polislerin-vetendaslari-gullelemesini-ort-basdir-elemek-ucun-bunu-duzub-qosublar\\\/#primaryimage\"},\"thumbnailUrl\":\"https:\\\/\\\/www.meydan.tv\\\/wp-content\\\/uploads\\\/mehkeme19-scaled.jpg\",\"datePublished\":\"2022-10-28T12:07:31+00:00\",\"dateModified\":\"2022-10-28T12:07:33+00:00\",\"breadcrumb\":{\"@id\":\"https:\\\/\\\/www.meydan.tv\\\/az\\\/article\\\/polislerin-vetendaslari-gullelemesini-ort-basdir-elemek-ucun-bunu-duzub-qosublar\\\/#breadcrumb\"},\"inLanguage\":\"az\",\"potentialAction\":[{\"@type\":\"ReadAction\",\"target\":[\"https:\\\/\\\/www.meydan.tv\\\/az\\\/article\\\/polislerin-vetendaslari-gullelemesini-ort-basdir-elemek-ucun-bunu-duzub-qosublar\\\/\"]}]},{\"@type\":\"ImageObject\",\"inLanguage\":\"az\",\"@id\":\"https:\\\/\\\/www.meydan.tv\\\/az\\\/article\\\/polislerin-vetendaslari-gullelemesini-ort-basdir-elemek-ucun-bunu-duzub-qosublar\\\/#primaryimage\",\"url\":\"https:\\\/\\\/www.meydan.tv\\\/wp-content\\\/uploads\\\/mehkeme19-scaled.jpg\",\"contentUrl\":\"https:\\\/\\\/www.meydan.tv\\\/wp-content\\\/uploads\\\/mehkeme19-scaled.jpg\",\"width\":2560,\"height\":1440,\"caption\":\"M\u0259nb\u0259: Meydan TV\"},{\"@type\":\"BreadcrumbList\",\"@id\":\"https:\\\/\\\/www.meydan.tv\\\/az\\\/article\\\/polislerin-vetendaslari-gullelemesini-ort-basdir-elemek-ucun-bunu-duzub-qosublar\\\/#breadcrumb\",\"itemListElement\":[{\"@type\":\"ListItem\",\"position\":1,\"name\":\"Ana s\u0259hif\u0259\",\"item\":\"https:\\\/\\\/www.meydan.tv\\\/az\\\/\"},{\"@type\":\"ListItem\",\"position\":2,\"name\":\"B\u00f6lg\u0259\",\"item\":\"https:\\\/\\\/www.meydan.tv\\\/az\\\/section\\\/bolge\\\/\"},{\"@type\":\"ListItem\",\"position\":3,\"name\":\"\u201cPolisl\u0259rin v\u0259t\u0259nda\u015flar\u0131 g\u00fcll\u0259l\u0259m\u0259sini \u00f6rt-basd\u0131r el\u0259m\u0259k \u00fc\u00e7\u00fcn bunu d\u00fcz\u00fcb qo\u015fublar\u201d\"}]},{\"@type\":\"WebSite\",\"@id\":\"https:\\\/\\\/www.meydan.tv\\\/az\\\/#website\",\"url\":\"https:\\\/\\\/www.meydan.tv\\\/az\\\/\",\"name\":\"MEYDAN.TV\",\"description\":\"Meydan TV Az\u0259rbaycan\u0131n media m\u0259kan\u0131ndak\u0131 alternativ s\u0259sidir\",\"publisher\":{\"@id\":\"https:\\\/\\\/www.meydan.tv\\\/az\\\/#organization\"},\"potentialAction\":[{\"@type\":\"SearchAction\",\"target\":{\"@type\":\"EntryPoint\",\"urlTemplate\":\"https:\\\/\\\/www.meydan.tv\\\/az\\\/?s={search_term_string}\"},\"query-input\":{\"@type\":\"PropertyValueSpecification\",\"valueRequired\":true,\"valueName\":\"search_term_string\"}}],\"inLanguage\":\"az\"},{\"@type\":\"Organization\",\"@id\":\"https:\\\/\\\/www.meydan.tv\\\/az\\\/#organization\",\"name\":\"Meydan TV\",\"url\":\"https:\\\/\\\/www.meydan.tv\\\/az\\\/\",\"logo\":{\"@type\":\"ImageObject\",\"inLanguage\":\"az\",\"@id\":\"https:\\\/\\\/www.meydan.tv\\\/az\\\/#\\\/schema\\\/logo\\\/image\\\/\",\"url\":\"https:\\\/\\\/www.meydan.tv\\\/wp-content\\\/uploads\\\/2021\\\/07\\\/meydan-logo.svg\",\"contentUrl\":\"https:\\\/\\\/www.meydan.tv\\\/wp-content\\\/uploads\\\/2021\\\/07\\\/meydan-logo.svg\",\"width\":195,\"height\":46,\"caption\":\"Meydan TV\"},\"image\":{\"@id\":\"https:\\\/\\\/www.meydan.tv\\\/az\\\/#\\\/schema\\\/logo\\\/image\\\/\"}},{\"@type\":\"Person\",\"@id\":\"https:\\\/\\\/www.meydan.tv\\\/az\\\/#\\\/schema\\\/person\\\/9cdbecf90d17180ce1dfbd95b08dcf47\",\"name\":\"elli\",\"sameAs\":[\"https:\\\/\\\/x.com\\\/elli\"]}]}<\/script>\n<!-- \/ Yoast SEO plugin. -->","yoast_head_json":{"title":"\u201cPolisl\u0259rin v\u0259t\u0259nda\u015flar\u0131 g\u00fcll\u0259l\u0259m\u0259sini \u00f6rt-basd\u0131r el\u0259m\u0259k \u00fc\u00e7\u00fcn bunu d\u00fcz\u00fcb qo\u015fublar\u201d - MEYDAN.TV","robots":{"index":"index","follow":"follow","max-snippet":"max-snippet:-1","max-image-preview":"max-image-preview:large","max-video-preview":"max-video-preview:-1"},"canonical":"https:\/\/www.meydan.tv\/az\/article\/polislerin-vetendaslari-gullelemesini-ort-basdir-elemek-ucun-bunu-duzub-qosublar\/","og_locale":"az_AZ","og_type":"article","og_title":"\u201cPolisl\u0259rin v\u0259t\u0259nda\u015flar\u0131 g\u00fcll\u0259l\u0259m\u0259sini \u00f6rt-basd\u0131r el\u0259m\u0259k \u00fc\u00e7\u00fcn bunu d\u00fcz\u00fcb qo\u015fublar\u201d - MEYDAN.TV","og_description":"Rauf Zaitov: \u201c2 il 7 ayd\u0131r \u00f6vladlar\u0131m\u0131z nahaqdan h\u0259bsd\u0259 saxlan\u0131l\u0131r\u2026\u201d ... Davam\u0131","og_url":"https:\/\/www.meydan.tv\/az\/article\/polislerin-vetendaslari-gullelemesini-ort-basdir-elemek-ucun-bunu-duzub-qosublar\/","og_site_name":"MEYDAN.TV","article_published_time":"2022-10-28T12:07:31+00:00","article_modified_time":"2022-10-28T12:07:33+00:00","og_image":[{"width":2560,"height":1440,"url":"https:\/\/www.meydan.tv\/wp-content\/uploads\/mehkeme19-scaled.jpg","type":"image\/jpeg"}],"author":"elli","twitter_card":"summary_large_image","twitter_creator":"@elli","schema":{"@context":"https:\/\/schema.org","@graph":[{"@type":"Article","@id":"https:\/\/www.meydan.tv\/az\/article\/polislerin-vetendaslari-gullelemesini-ort-basdir-elemek-ucun-bunu-duzub-qosublar\/#article","isPartOf":{"@id":"https:\/\/www.meydan.tv\/az\/article\/polislerin-vetendaslari-gullelemesini-ort-basdir-elemek-ucun-bunu-duzub-qosublar\/"},"author":{"name":"elli","@id":"https:\/\/www.meydan.tv\/az\/#\/schema\/person\/9cdbecf90d17180ce1dfbd95b08dcf47"},"headline":"\u201cPolisl\u0259rin v\u0259t\u0259nda\u015flar\u0131 g\u00fcll\u0259l\u0259m\u0259sini \u00f6rt-basd\u0131r el\u0259m\u0259k \u00fc\u00e7\u00fcn bunu d\u00fcz\u00fcb qo\u015fublar\u201d","datePublished":"2022-10-28T12:07:31+00:00","dateModified":"2022-10-28T12:07:33+00:00","mainEntityOfPage":{"@id":"https:\/\/www.meydan.tv\/az\/article\/polislerin-vetendaslari-gullelemesini-ort-basdir-elemek-ucun-bunu-duzub-qosublar\/"},"wordCount":1078,"publisher":{"@id":"https:\/\/www.meydan.tv\/az\/#organization"},"image":{"@id":"https:\/\/www.meydan.tv\/az\/article\/polislerin-vetendaslari-gullelemesini-ort-basdir-elemek-ucun-bunu-duzub-qosublar\/#primaryimage"},"thumbnailUrl":"https:\/\/www.meydan.tv\/wp-content\/uploads\/mehkeme19-scaled.jpg","articleSection":["B\u00f6lg\u0259","X\u0259b\u0259rl\u0259r"],"inLanguage":"az"},{"@type":"WebPage","@id":"https:\/\/www.meydan.tv\/az\/article\/polislerin-vetendaslari-gullelemesini-ort-basdir-elemek-ucun-bunu-duzub-qosublar\/","url":"https:\/\/www.meydan.tv\/az\/article\/polislerin-vetendaslari-gullelemesini-ort-basdir-elemek-ucun-bunu-duzub-qosublar\/","name":"\u201cPolisl\u0259rin v\u0259t\u0259nda\u015flar\u0131 g\u00fcll\u0259l\u0259m\u0259sini \u00f6rt-basd\u0131r el\u0259m\u0259k \u00fc\u00e7\u00fcn bunu d\u00fcz\u00fcb qo\u015fublar\u201d - MEYDAN.TV","isPartOf":{"@id":"https:\/\/www.meydan.tv\/az\/#website"},"primaryImageOfPage":{"@id":"https:\/\/www.meydan.tv\/az\/article\/polislerin-vetendaslari-gullelemesini-ort-basdir-elemek-ucun-bunu-duzub-qosublar\/#primaryimage"},"image":{"@id":"https:\/\/www.meydan.tv\/az\/article\/polislerin-vetendaslari-gullelemesini-ort-basdir-elemek-ucun-bunu-duzub-qosublar\/#primaryimage"},"thumbnailUrl":"https:\/\/www.meydan.tv\/wp-content\/uploads\/mehkeme19-scaled.jpg","datePublished":"2022-10-28T12:07:31+00:00","dateModified":"2022-10-28T12:07:33+00:00","breadcrumb":{"@id":"https:\/\/www.meydan.tv\/az\/article\/polislerin-vetendaslari-gullelemesini-ort-basdir-elemek-ucun-bunu-duzub-qosublar\/#breadcrumb"},"inLanguage":"az","potentialAction":[{"@type":"ReadAction","target":["https:\/\/www.meydan.tv\/az\/article\/polislerin-vetendaslari-gullelemesini-ort-basdir-elemek-ucun-bunu-duzub-qosublar\/"]}]},{"@type":"ImageObject","inLanguage":"az","@id":"https:\/\/www.meydan.tv\/az\/article\/polislerin-vetendaslari-gullelemesini-ort-basdir-elemek-ucun-bunu-duzub-qosublar\/#primaryimage","url":"https:\/\/www.meydan.tv\/wp-content\/uploads\/mehkeme19-scaled.jpg","contentUrl":"https:\/\/www.meydan.tv\/wp-content\/uploads\/mehkeme19-scaled.jpg","width":2560,"height":1440,"caption":"M\u0259nb\u0259: Meydan TV"},{"@type":"BreadcrumbList","@id":"https:\/\/www.meydan.tv\/az\/article\/polislerin-vetendaslari-gullelemesini-ort-basdir-elemek-ucun-bunu-duzub-qosublar\/#breadcrumb","itemListElement":[{"@type":"ListItem","position":1,"name":"Ana s\u0259hif\u0259","item":"https:\/\/www.meydan.tv\/az\/"},{"@type":"ListItem","position":2,"name":"B\u00f6lg\u0259","item":"https:\/\/www.meydan.tv\/az\/section\/bolge\/"},{"@type":"ListItem","position":3,"name":"\u201cPolisl\u0259rin v\u0259t\u0259nda\u015flar\u0131 g\u00fcll\u0259l\u0259m\u0259sini \u00f6rt-basd\u0131r el\u0259m\u0259k \u00fc\u00e7\u00fcn bunu d\u00fcz\u00fcb qo\u015fublar\u201d"}]},{"@type":"WebSite","@id":"https:\/\/www.meydan.tv\/az\/#website","url":"https:\/\/www.meydan.tv\/az\/","name":"MEYDAN.TV","description":"Meydan TV Az\u0259rbaycan\u0131n media m\u0259kan\u0131ndak\u0131 alternativ s\u0259sidir","publisher":{"@id":"https:\/\/www.meydan.tv\/az\/#organization"},"potentialAction":[{"@type":"SearchAction","target":{"@type":"EntryPoint","urlTemplate":"https:\/\/www.meydan.tv\/az\/?s={search_term_string}"},"query-input":{"@type":"PropertyValueSpecification","valueRequired":true,"valueName":"search_term_string"}}],"inLanguage":"az"},{"@type":"Organization","@id":"https:\/\/www.meydan.tv\/az\/#organization","name":"Meydan TV","url":"https:\/\/www.meydan.tv\/az\/","logo":{"@type":"ImageObject","inLanguage":"az","@id":"https:\/\/www.meydan.tv\/az\/#\/schema\/logo\/image\/","url":"https:\/\/www.meydan.tv\/wp-content\/uploads\/2021\/07\/meydan-logo.svg","contentUrl":"https:\/\/www.meydan.tv\/wp-content\/uploads\/2021\/07\/meydan-logo.svg","width":195,"height":46,"caption":"Meydan TV"},"image":{"@id":"https:\/\/www.meydan.tv\/az\/#\/schema\/logo\/image\/"}},{"@type":"Person","@id":"https:\/\/www.meydan.tv\/az\/#\/schema\/person\/9cdbecf90d17180ce1dfbd95b08dcf47","name":"elli","sameAs":["https:\/\/x.com\/elli"]}]}},"_links":{"self":[{"href":"https:\/\/www.meydan.tv\/az\/wp-json\/wp\/v2\/posts\/259657","targetHints":{"allow":["GET"]}}],"collection":[{"href":"https:\/\/www.meydan.tv\/az\/wp-json\/wp\/v2\/posts"}],"about":[{"href":"https:\/\/www.meydan.tv\/az\/wp-json\/wp\/v2\/types\/post"}],"author":[{"embeddable":true,"href":"https:\/\/www.meydan.tv\/az\/wp-json\/wp\/v2\/users\/8"}],"replies":[{"embeddable":true,"href":"https:\/\/www.meydan.tv\/az\/wp-json\/wp\/v2\/comments?post=259657"}],"version-history":[{"count":1,"href":"https:\/\/www.meydan.tv\/az\/wp-json\/wp\/v2\/posts\/259657\/revisions"}],"predecessor-version":[{"id":259658,"href":"https:\/\/www.meydan.tv\/az\/wp-json\/wp\/v2\/posts\/259657\/revisions\/259658"}],"wp:featuredmedia":[{"embeddable":true,"href":"https:\/\/www.meydan.tv\/az\/wp-json\/wp\/v2\/media\/155631"}],"wp:attachment":[{"href":"https:\/\/www.meydan.tv\/az\/wp-json\/wp\/v2\/media?parent=259657"}],"wp:term":[{"taxonomy":"category","embeddable":true,"href":"https:\/\/www.meydan.tv\/az\/wp-json\/wp\/v2\/categories?post=259657"},{"taxonomy":"post_tag","embeddable":true,"href":"https:\/\/www.meydan.tv\/az\/wp-json\/wp\/v2\/tags?post=259657"}],"curies":[{"name":"wp","href":"https:\/\/api.w.org\/{rel}","templated":true}]}}