{"id":259651,"date":"2022-10-28T15:54:38","date_gmt":"2022-10-28T11:54:38","guid":{"rendered":"https:\/\/www.meydan.tv\/?p=259651"},"modified":"2022-10-28T15:54:40","modified_gmt":"2022-10-28T11:54:40","slug":"kudurlu-sakinleri-buradan-geden-geri-qayitmir","status":"publish","type":"post","link":"https:\/\/www.meydan.tv\/az\/article\/kudurlu-sakinleri-buradan-geden-geri-qayitmir\/","title":{"rendered":"K\u00fcd\u00fcrl\u00fc sakinl\u0259ri: \u201cBuradan ged\u0259n, geri qay\u0131tm\u0131r\u201d"},"content":{"rendered":"\n<p><\/p>\n\n\n\n<p><em>K\u0259nd sakinl\u0259rinin s\u00f6zl\u0259rin\u0259 g\u00f6r\u0259, uzun ill\u0259rdir ki, probleml\u0259rini m\u00fcxt\u0259lif qurumlara \u00e7atd\u0131rsalar da, k\u0259ndd\u0259 he\u00e7 bir i\u015f g\u00f6r\u00fclm\u0259yib<\/em><\/p>\n\n\n\n<p>\u201cK\u0259ndimiz rayon m\u0259rk\u0259zind\u0259n c\u0259mi 12 kilometr aral\u0131da yerl\u0259\u015fir. M\u0259rk\u0259z\u0259 gedirik, tamamil\u0259 ba\u015fqa h\u0259yata d\u00fc\u015f\u00fcr\u00fck, k\u0259nd\u0259 qay\u0131d\u0131r\u0131q, \u00fcr\u0259yimiz s\u0131x\u0131l\u0131r\u201d.<\/p>\n\n\n\n<p>\u015e\u0259kinin K\u00fcd\u00fcrl\u00fc k\u0259ndinin sakinl\u0259ri Meydan TV-y\u0259 sosial probleml\u0259rind\u0259n dan\u0131\u015f\u0131blar. K\u0259nd sakini R\u0259smiyy\u0259 Axundova deyir, k\u0259ndd\u0259ki \u00e7ar\u0259si d\u00fcy\u00fcn\u0259 d\u00fc\u015fm\u00fc\u015f probleml\u0259rin \u00fcz\u00fcnd\u0259n g\u0259nc n\u0259sil duru\u015f g\u0259tir\u0259 bilmir. Nec\u0259 dey\u0259rl\u0259r, k\u0259ndd\u0259n ged\u0259nin aya\u011f\u0131 buralardan h\u0259mi\u015f\u0259lik k\u0259silir.<\/p>\n\n\n\n<p>\u201cBiz birt\u0259h\u0259r d\u00f6z\u0259-d\u00f6z\u0259 g\u0259lib bu yer\u0259 \u00e7\u0131xm\u0131\u015f\u0131q, cavanlarda d\u00f6z\u00fcm qalmay\u0131b. Nec\u0259 d\u00f6zs\u00fcnl\u0259r ax\u0131? Gedirl\u0259r rayon m\u0259rk\u0259zin\u0259, m\u0259mur balalar\u0131n\u0131n ya\u015fay\u0131\u015f\u0131n\u0131, g\u00fcz\u0259ran\u0131n\u0131 g\u00f6r\u00fcrl\u0259r, g\u0259lib girirl\u0259r pal\u00e7\u0131ql\u0131 yola, qaz yox, su yox, o yox, bu yox\u2026 Ruh d\u00fc\u015fk\u00fcnl\u00fcy\u00fcn\u0259 qap\u0131l\u0131rlar. Bir d\u0259 e\u015fidirs\u0259n ki, filank\u0259sin u\u015fa\u011f\u0131 ba\u015f g\u00f6t\u00fcr\u00fcb getdi Bak\u0131ya\u2026\u201d<\/p>\n\n\n\n<p>Sakinl\u0259r deyir, K\u00fcd\u00fcrl\u00fcn\u00fcn yollar\u0131 o q\u0259d\u0259r b\u0259rbadd\u0131r ki, ya\u011f\u0131\u015f ya\u011fanda k\u0259nd\u0259 gedi\u015f-g\u0259li\u015f k\u0259silir. Yol ma\u015f\u0131n\u0131, t\u0259cili yard\u0131m k\u0259nd\u0259 girmir:<\/p>\n\n\n\n<p>\u201cBiri yata\u011fa d\u00fc\u015fs\u0259, \u00e7\u0259tinliyimiz yaran\u0131r. Ya\u011f\u0131\u015fl\u0131, qarl\u0131 havalarda v\u0259ziyy\u0259t lap d\u00f6z\u00fclm\u0259z olur. Bir d\u0259 g\u00f6r\u00fcrs\u0259n \u015faxtal\u0131 havada ham\u0131 elektrik q\u0131zd\u0131r\u0131c\u0131lar\u0131 qo\u015fur, kabell\u0259rd\u0259 q\u0131saqapanma ba\u015f verir, k\u0259ndd\u0259ki evl\u0259r tez-tez i\u015f\u0131qs\u0131z qal\u0131r. Q\u0131saqapanma b\u0259z\u0259n yan\u011f\u0131na da s\u0259b\u0259b olur, yan\u011f\u0131ns\u00f6nd\u00fcr\u0259nl\u0259r \u00f6z\u00fcn\u00fc \u00e7atd\u0131ra bilmir\u201d.<\/p>\n\n\n\n<p>20 ild\u0259n \u00e7oxdur ki, k\u0259nd iki yer\u0259 b\u00f6l\u00fcn\u00fcb. Daha do\u011frusu, ortadak\u0131 k\u00f6rp\u00fc da\u011f\u0131l\u0131b v\u0259 k\u0259nd nec\u0259 dey\u0259rl\u0259r, o tayl\u0131 \u2013 bu tayl\u0131 olub. O t\u0259r\u0259f bu t\u0259r\u0259f\u0259, bu t\u0259r\u0259f o t\u0259r\u0259f\u0259 ke\u00e7m\u0259k \u00fc\u00e7\u00fcn ba\u015fqa yollardan ke\u00e7m\u0259li, \u0259lav\u0259 yol q\u0259t etm\u0259li v\u0259 vaxt itirm\u0259li olurlar. Sakinl\u0259rin dem\u0259sin\u0259 g\u00f6r\u0259, m\u00fcxt\u0259lif qurumlara m\u00fcraci\u0259t ets\u0259l\u0259r d\u0259, k\u00f6rp\u00fc d\u00fcz\u0259ldilm\u0259yib.<\/p>\n\n\n\n<p>K\u0259ndd\u0259 mavi yanacaq da yoxdur. K\u0259ndlil\u0259r evl\u0259rini isitm\u0259k \u00fc\u00e7\u00fcn odun alma\u011fa m\u0259cburdur.<\/p>\n\n\n\n<p>R\u0259smiyy\u0259 Axundova s\u00f6z\u00fcn\u0259 davam edir:<\/p>\n\n\n\n<p>\u201cBiz hesab edirik ki, k\u0259ndl\u0259rin yanacaqs\u0131z qalmas\u0131n\u0131n \u0259sas s\u0259b\u0259bi kimins\u0259 odun biznesin\u0259 g\u00f6r\u0259dir. Qaz verils\u0259, oduna ehtiyac qalmayacaq. Kimins\u0259 odunu sat\u0131lmayacaq, pul qazanmayacaq. Y\u0259ni kims\u0259 pul qazans\u0131n dey\u0259, \u0259halinin \u201cbelini q\u0131r\u0131rlar\u201d. 21-ci \u0259srdir, m\u0259n niy\u0259 evimd\u0259 odun i\u015fl\u0259tm\u0259liy\u0259m, h\u00f6kum\u0259timiz el-al\u0259m\u0259 qaz sat\u0131r, ba\u011f\u0131\u015flay\u0131r, m\u0259nim balam\u0131n \u0259l-aya\u011f\u0131 niy\u0259 soyuqdan donmal\u0131d\u0131r?\u201d<\/p>\n\n\n\n<p>\u018fslind\u0259 qaz k\u0259m\u0259ri k\u0259nd\u0259 q\u0259d\u0259r g\u0259tirilib, ancaq h\u0259l\u0259 d\u0259 qaz verilm\u0259yib v\u0259 x\u0259tl\u0259r \u00fcnvanlara \u00e7\u0259kilm\u0259yib. Sakinl\u0259r deyir, 9 ildir ki, g\u00f6zl\u0259m\u0259d\u0259 qal\u0131blar.<\/p>\n\n\n\n<p>K\u00fcd\u00fcrl\u00fcd\u0259 su q\u0131tl\u0131\u011f\u0131 da var. K\u0259nd\u0259 su rezin \u015flanqla hardansa \u00e7\u0259kilib g\u0259tirilib. H\u0259r g\u00fcn bu rezin \u015flanq\u0131n \u0259traf\u0131nda suya g\u00f6r\u0259 n\u00f6vb\u0259 olur. Ya da su dal\u0131nca qon\u015fu k\u0259ndl\u0259r\u0259 getm\u0259k laz\u0131m g\u0259lir. Kimisi k\u00f6hn\u0259 ma\u015f\u0131n\u0131yla, kimisi d\u0259 at-e\u015f\u015f\u0259kl\u0259 qon\u015fu k\u0259ndd\u0259n su da\u015f\u0131y\u0131r:<\/p>\n\n\n\n<p>\u201cPul ayr\u0131ld\u0131, quyu qaz\u0131ld\u0131, ancaq quyunu el\u0259 n\u00f6qt\u0259d\u0259 qazd\u0131lar ki, su \u00e7\u0131xmad\u0131. Sakinl\u0259r dedi ki, daha bir ne\u00e7\u0259 n\u00f6qt\u0259ni qaz\u0131n, qazmad\u0131lar\u201d.<\/p>\n\n\n\n<p>K\u00fcd\u00fcrl\u00fcd\u0259ki m\u0259kt\u0259b 9 illikdir. 9-cu sinifi bitir\u0259nl\u0259r 10-11-ci sinifl\u0259rd\u0259 davam etm\u0259k \u00fc\u00e7\u00fcn ba\u015fqa k\u0259ndl\u0259r\u0259, ya da rayon m\u0259rk\u0259zin\u0259 getm\u0259lidil\u0259r. Ancaq yolsuzluq, \u015f\u0259raitsizlik, ictimai n\u0259qliyyat\u0131n olmamas\u0131 \u00fcz\u00fcnd\u0259n \u00e7oxunda t\u0259hsilini davam etdirm\u0259y\u0259 h\u0259v\u0259s qalm\u0131r.<\/p>\n\n\n\n<p>Sakinl\u0259r k\u0259ndd\u0259ki probleml\u0259rin h\u0259lli \u00fc\u00e7\u00fcn uzun ill\u0259rdir ki, aidiyy\u0259ti qurumlara m\u00fcraci\u0259t etdikl\u0259rini, ancaq \u0259v\u0259zind\u0259 v\u0259ziyy\u0259tin ilb\u0259il daha da a\u011f\u0131rla\u015fd\u0131\u011f\u0131n\u0131 bildirirl\u0259r.<\/p>\n\n\n\n<p>\u015e\u0259ki \u015e\u0259h\u0259r \u0130cra Hakimiyy\u0259tind\u0259n Meydan TV-y\u0259 bildirilib ki, k\u0259ndl\u0259rd\u0259ki sosial v\u0259 kommunikasiya probleml\u0259rinin m\u0259rh\u0259l\u0259li \u015f\u0259kild\u0259 h\u0259lli \u00fc\u00e7\u00fcn aidiyy\u0259ti \u00fczr\u0259 qurumlara m\u00fcraci\u0259tl\u0259r edilir. K\u00fcrd\u00fcl\u00fc k\u0259ndind\u0259ki probleml\u0259rin d\u0259 aradan qald\u0131r\u0131lmas\u0131 istiqam\u0259tind\u0259 i\u015fl\u0259r g\u00f6r\u00fcl\u00fcr. K\u0259ndd\u0259ki k\u00f6rp\u00fc m\u0259s\u0259l\u0259sin\u0259 g\u0259linc\u0259, qurumdan bildirilib ki, da\u011f\u0131landan sonra el\u0259 h\u0259min \u0259razid\u0259 d\u0259mir konstruksiyal\u0131 ba\u015fqa k\u00f6rp\u00fc tikilib v\u0259 \u0259halinin istifad\u0259sind\u0259dir. Ancaq k\u0259nd sakinl\u0259ri bildirir ki, h\u0259min k\u00f6rp\u00fc \u00e7ox ensizdir, tez-tez eyni vaxtda h\u0259m avtomobill\u0259r, h\u0259m m\u0259kt\u0259blil\u0259r, h\u0259m d\u0259 mal-qara ke\u00e7\u0259nd\u0259 t\u0131xac yaran\u0131r.<\/p>\n","protected":false},"excerpt":{"rendered":"<p>K\u0259nd sakinl\u0259rinin s\u00f6zl\u0259rin\u0259 g\u00f6r\u0259, uzun ill\u0259rdir ki, probleml\u0259rini m\u00fcxt\u0259lif qurumlara &#8230; <\/p>\n<p class=\"read-more-container\"><a title=\"K\u00fcd\u00fcrl\u00fc sakinl\u0259ri: \u201cBuradan ged\u0259n, geri qay\u0131tm\u0131r\u201d\" class=\"read-more button\" href=\"https:\/\/www.meydan.tv\/az\/article\/kudurlu-sakinleri-buradan-geden-geri-qayitmir\/#more-259651\" aria-label=\"Read more about K\u00fcd\u00fcrl\u00fc sakinl\u0259ri: \u201cBuradan ged\u0259n, geri qay\u0131tm\u0131r\u201d\">Davam\u0131<\/a><\/p>\n","protected":false},"author":8,"featured_media":259645,"comment_status":"closed","ping_status":"closed","sticky":false,"template":"","format":"standard","meta":{"_acf_changed":false,"_sitemap_exclude":false,"_sitemap_priority":"","_sitemap_frequency":"","footnotes":""},"categories":[60,56],"tags":[],"class_list":["post-259651","post","type-post","status-publish","format-standard","has-post-thumbnail","hentry","category-bolge","category-xeberler","infinite-scroll-item","generate-columns","tablet-grid-50","mobile-grid-100","grid-parent","grid-33","no-featured-image-padding"],"acf":[],"yoast_head":"<!-- This site is optimized with the Yoast SEO plugin v27.5 - https:\/\/yoast.com\/product\/yoast-seo-wordpress\/ -->\n<title>K\u00fcd\u00fcrl\u00fc sakinl\u0259ri: \u201cBuradan ged\u0259n, geri qay\u0131tm\u0131r\u201d - MEYDAN.TV<\/title>\n<meta name=\"robots\" content=\"index, follow, max-snippet:-1, max-image-preview:large, max-video-preview:-1\" \/>\n<link rel=\"canonical\" href=\"https:\/\/www.meydan.tv\/az\/article\/kudurlu-sakinleri-buradan-geden-geri-qayitmir\/\" \/>\n<meta property=\"og:locale\" content=\"az_AZ\" \/>\n<meta property=\"og:type\" content=\"article\" \/>\n<meta property=\"og:title\" content=\"K\u00fcd\u00fcrl\u00fc sakinl\u0259ri: \u201cBuradan ged\u0259n, geri qay\u0131tm\u0131r\u201d - MEYDAN.TV\" \/>\n<meta property=\"og:description\" content=\"K\u0259nd sakinl\u0259rinin s\u00f6zl\u0259rin\u0259 g\u00f6r\u0259, uzun ill\u0259rdir ki, probleml\u0259rini m\u00fcxt\u0259lif qurumlara ... Davam\u0131\" \/>\n<meta property=\"og:url\" content=\"https:\/\/www.meydan.tv\/az\/article\/kudurlu-sakinleri-buradan-geden-geri-qayitmir\/\" \/>\n<meta property=\"og:site_name\" content=\"MEYDAN.TV\" \/>\n<meta property=\"article:published_time\" content=\"2022-10-28T11:54:38+00:00\" \/>\n<meta property=\"article:modified_time\" content=\"2022-10-28T11:54:40+00:00\" \/>\n<meta property=\"og:image\" content=\"https:\/\/www.meydan.tv\/wp-content\/uploads\/photo-2022-10-28-14-47-34.jpg\" \/>\n\t<meta property=\"og:image:width\" content=\"1200\" \/>\n\t<meta property=\"og:image:height\" content=\"900\" \/>\n\t<meta property=\"og:image:type\" content=\"image\/jpeg\" \/>\n<meta name=\"author\" content=\"elli\" \/>\n<meta name=\"twitter:card\" content=\"summary_large_image\" \/>\n<meta name=\"twitter:creator\" content=\"@elli\" \/>\n<script type=\"application\/ld+json\" class=\"yoast-schema-graph\">{\"@context\":\"https:\\\/\\\/schema.org\",\"@graph\":[{\"@type\":\"Article\",\"@id\":\"https:\\\/\\\/www.meydan.tv\\\/az\\\/article\\\/kudurlu-sakinleri-buradan-geden-geri-qayitmir\\\/#article\",\"isPartOf\":{\"@id\":\"https:\\\/\\\/www.meydan.tv\\\/az\\\/article\\\/kudurlu-sakinleri-buradan-geden-geri-qayitmir\\\/\"},\"author\":{\"name\":\"elli\",\"@id\":\"https:\\\/\\\/www.meydan.tv\\\/az\\\/#\\\/schema\\\/person\\\/9cdbecf90d17180ce1dfbd95b08dcf47\"},\"headline\":\"K\u00fcd\u00fcrl\u00fc sakinl\u0259ri: \u201cBuradan ged\u0259n, geri qay\u0131tm\u0131r\u201d\",\"datePublished\":\"2022-10-28T11:54:38+00:00\",\"dateModified\":\"2022-10-28T11:54:40+00:00\",\"mainEntityOfPage\":{\"@id\":\"https:\\\/\\\/www.meydan.tv\\\/az\\\/article\\\/kudurlu-sakinleri-buradan-geden-geri-qayitmir\\\/\"},\"wordCount\":908,\"publisher\":{\"@id\":\"https:\\\/\\\/www.meydan.tv\\\/az\\\/#organization\"},\"image\":{\"@id\":\"https:\\\/\\\/www.meydan.tv\\\/az\\\/article\\\/kudurlu-sakinleri-buradan-geden-geri-qayitmir\\\/#primaryimage\"},\"thumbnailUrl\":\"https:\\\/\\\/www.meydan.tv\\\/wp-content\\\/uploads\\\/photo-2022-10-28-14-47-34.jpg\",\"articleSection\":[\"B\u00f6lg\u0259\",\"X\u0259b\u0259rl\u0259r\"],\"inLanguage\":\"az\"},{\"@type\":\"WebPage\",\"@id\":\"https:\\\/\\\/www.meydan.tv\\\/az\\\/article\\\/kudurlu-sakinleri-buradan-geden-geri-qayitmir\\\/\",\"url\":\"https:\\\/\\\/www.meydan.tv\\\/az\\\/article\\\/kudurlu-sakinleri-buradan-geden-geri-qayitmir\\\/\",\"name\":\"K\u00fcd\u00fcrl\u00fc sakinl\u0259ri: \u201cBuradan ged\u0259n, geri qay\u0131tm\u0131r\u201d - MEYDAN.TV\",\"isPartOf\":{\"@id\":\"https:\\\/\\\/www.meydan.tv\\\/az\\\/#website\"},\"primaryImageOfPage\":{\"@id\":\"https:\\\/\\\/www.meydan.tv\\\/az\\\/article\\\/kudurlu-sakinleri-buradan-geden-geri-qayitmir\\\/#primaryimage\"},\"image\":{\"@id\":\"https:\\\/\\\/www.meydan.tv\\\/az\\\/article\\\/kudurlu-sakinleri-buradan-geden-geri-qayitmir\\\/#primaryimage\"},\"thumbnailUrl\":\"https:\\\/\\\/www.meydan.tv\\\/wp-content\\\/uploads\\\/photo-2022-10-28-14-47-34.jpg\",\"datePublished\":\"2022-10-28T11:54:38+00:00\",\"dateModified\":\"2022-10-28T11:54:40+00:00\",\"breadcrumb\":{\"@id\":\"https:\\\/\\\/www.meydan.tv\\\/az\\\/article\\\/kudurlu-sakinleri-buradan-geden-geri-qayitmir\\\/#breadcrumb\"},\"inLanguage\":\"az\",\"potentialAction\":[{\"@type\":\"ReadAction\",\"target\":[\"https:\\\/\\\/www.meydan.tv\\\/az\\\/article\\\/kudurlu-sakinleri-buradan-geden-geri-qayitmir\\\/\"]}]},{\"@type\":\"ImageObject\",\"inLanguage\":\"az\",\"@id\":\"https:\\\/\\\/www.meydan.tv\\\/az\\\/article\\\/kudurlu-sakinleri-buradan-geden-geri-qayitmir\\\/#primaryimage\",\"url\":\"https:\\\/\\\/www.meydan.tv\\\/wp-content\\\/uploads\\\/photo-2022-10-28-14-47-34.jpg\",\"contentUrl\":\"https:\\\/\\\/www.meydan.tv\\\/wp-content\\\/uploads\\\/photo-2022-10-28-14-47-34.jpg\",\"width\":1200,\"height\":900,\"caption\":\"Foto: Meydan TV\"},{\"@type\":\"BreadcrumbList\",\"@id\":\"https:\\\/\\\/www.meydan.tv\\\/az\\\/article\\\/kudurlu-sakinleri-buradan-geden-geri-qayitmir\\\/#breadcrumb\",\"itemListElement\":[{\"@type\":\"ListItem\",\"position\":1,\"name\":\"Ana s\u0259hif\u0259\",\"item\":\"https:\\\/\\\/www.meydan.tv\\\/az\\\/\"},{\"@type\":\"ListItem\",\"position\":2,\"name\":\"B\u00f6lg\u0259\",\"item\":\"https:\\\/\\\/www.meydan.tv\\\/az\\\/section\\\/bolge\\\/\"},{\"@type\":\"ListItem\",\"position\":3,\"name\":\"K\u00fcd\u00fcrl\u00fc sakinl\u0259ri: \u201cBuradan ged\u0259n, geri qay\u0131tm\u0131r\u201d\"}]},{\"@type\":\"WebSite\",\"@id\":\"https:\\\/\\\/www.meydan.tv\\\/az\\\/#website\",\"url\":\"https:\\\/\\\/www.meydan.tv\\\/az\\\/\",\"name\":\"MEYDAN.TV\",\"description\":\"Meydan TV Az\u0259rbaycan\u0131n media m\u0259kan\u0131ndak\u0131 alternativ s\u0259sidir\",\"publisher\":{\"@id\":\"https:\\\/\\\/www.meydan.tv\\\/az\\\/#organization\"},\"potentialAction\":[{\"@type\":\"SearchAction\",\"target\":{\"@type\":\"EntryPoint\",\"urlTemplate\":\"https:\\\/\\\/www.meydan.tv\\\/az\\\/?s={search_term_string}\"},\"query-input\":{\"@type\":\"PropertyValueSpecification\",\"valueRequired\":true,\"valueName\":\"search_term_string\"}}],\"inLanguage\":\"az\"},{\"@type\":\"Organization\",\"@id\":\"https:\\\/\\\/www.meydan.tv\\\/az\\\/#organization\",\"name\":\"Meydan TV\",\"url\":\"https:\\\/\\\/www.meydan.tv\\\/az\\\/\",\"logo\":{\"@type\":\"ImageObject\",\"inLanguage\":\"az\",\"@id\":\"https:\\\/\\\/www.meydan.tv\\\/az\\\/#\\\/schema\\\/logo\\\/image\\\/\",\"url\":\"https:\\\/\\\/www.meydan.tv\\\/wp-content\\\/uploads\\\/2021\\\/07\\\/meydan-logo.svg\",\"contentUrl\":\"https:\\\/\\\/www.meydan.tv\\\/wp-content\\\/uploads\\\/2021\\\/07\\\/meydan-logo.svg\",\"width\":195,\"height\":46,\"caption\":\"Meydan TV\"},\"image\":{\"@id\":\"https:\\\/\\\/www.meydan.tv\\\/az\\\/#\\\/schema\\\/logo\\\/image\\\/\"}},{\"@type\":\"Person\",\"@id\":\"https:\\\/\\\/www.meydan.tv\\\/az\\\/#\\\/schema\\\/person\\\/9cdbecf90d17180ce1dfbd95b08dcf47\",\"name\":\"elli\",\"sameAs\":[\"https:\\\/\\\/x.com\\\/elli\"]}]}<\/script>\n<!-- \/ Yoast SEO plugin. -->","yoast_head_json":{"title":"K\u00fcd\u00fcrl\u00fc sakinl\u0259ri: \u201cBuradan ged\u0259n, geri qay\u0131tm\u0131r\u201d - MEYDAN.TV","robots":{"index":"index","follow":"follow","max-snippet":"max-snippet:-1","max-image-preview":"max-image-preview:large","max-video-preview":"max-video-preview:-1"},"canonical":"https:\/\/www.meydan.tv\/az\/article\/kudurlu-sakinleri-buradan-geden-geri-qayitmir\/","og_locale":"az_AZ","og_type":"article","og_title":"K\u00fcd\u00fcrl\u00fc sakinl\u0259ri: \u201cBuradan ged\u0259n, geri qay\u0131tm\u0131r\u201d - MEYDAN.TV","og_description":"K\u0259nd sakinl\u0259rinin s\u00f6zl\u0259rin\u0259 g\u00f6r\u0259, uzun ill\u0259rdir ki, probleml\u0259rini m\u00fcxt\u0259lif qurumlara ... Davam\u0131","og_url":"https:\/\/www.meydan.tv\/az\/article\/kudurlu-sakinleri-buradan-geden-geri-qayitmir\/","og_site_name":"MEYDAN.TV","article_published_time":"2022-10-28T11:54:38+00:00","article_modified_time":"2022-10-28T11:54:40+00:00","og_image":[{"width":1200,"height":900,"url":"https:\/\/www.meydan.tv\/wp-content\/uploads\/photo-2022-10-28-14-47-34.jpg","type":"image\/jpeg"}],"author":"elli","twitter_card":"summary_large_image","twitter_creator":"@elli","schema":{"@context":"https:\/\/schema.org","@graph":[{"@type":"Article","@id":"https:\/\/www.meydan.tv\/az\/article\/kudurlu-sakinleri-buradan-geden-geri-qayitmir\/#article","isPartOf":{"@id":"https:\/\/www.meydan.tv\/az\/article\/kudurlu-sakinleri-buradan-geden-geri-qayitmir\/"},"author":{"name":"elli","@id":"https:\/\/www.meydan.tv\/az\/#\/schema\/person\/9cdbecf90d17180ce1dfbd95b08dcf47"},"headline":"K\u00fcd\u00fcrl\u00fc sakinl\u0259ri: \u201cBuradan ged\u0259n, geri qay\u0131tm\u0131r\u201d","datePublished":"2022-10-28T11:54:38+00:00","dateModified":"2022-10-28T11:54:40+00:00","mainEntityOfPage":{"@id":"https:\/\/www.meydan.tv\/az\/article\/kudurlu-sakinleri-buradan-geden-geri-qayitmir\/"},"wordCount":908,"publisher":{"@id":"https:\/\/www.meydan.tv\/az\/#organization"},"image":{"@id":"https:\/\/www.meydan.tv\/az\/article\/kudurlu-sakinleri-buradan-geden-geri-qayitmir\/#primaryimage"},"thumbnailUrl":"https:\/\/www.meydan.tv\/wp-content\/uploads\/photo-2022-10-28-14-47-34.jpg","articleSection":["B\u00f6lg\u0259","X\u0259b\u0259rl\u0259r"],"inLanguage":"az"},{"@type":"WebPage","@id":"https:\/\/www.meydan.tv\/az\/article\/kudurlu-sakinleri-buradan-geden-geri-qayitmir\/","url":"https:\/\/www.meydan.tv\/az\/article\/kudurlu-sakinleri-buradan-geden-geri-qayitmir\/","name":"K\u00fcd\u00fcrl\u00fc sakinl\u0259ri: \u201cBuradan ged\u0259n, geri qay\u0131tm\u0131r\u201d - MEYDAN.TV","isPartOf":{"@id":"https:\/\/www.meydan.tv\/az\/#website"},"primaryImageOfPage":{"@id":"https:\/\/www.meydan.tv\/az\/article\/kudurlu-sakinleri-buradan-geden-geri-qayitmir\/#primaryimage"},"image":{"@id":"https:\/\/www.meydan.tv\/az\/article\/kudurlu-sakinleri-buradan-geden-geri-qayitmir\/#primaryimage"},"thumbnailUrl":"https:\/\/www.meydan.tv\/wp-content\/uploads\/photo-2022-10-28-14-47-34.jpg","datePublished":"2022-10-28T11:54:38+00:00","dateModified":"2022-10-28T11:54:40+00:00","breadcrumb":{"@id":"https:\/\/www.meydan.tv\/az\/article\/kudurlu-sakinleri-buradan-geden-geri-qayitmir\/#breadcrumb"},"inLanguage":"az","potentialAction":[{"@type":"ReadAction","target":["https:\/\/www.meydan.tv\/az\/article\/kudurlu-sakinleri-buradan-geden-geri-qayitmir\/"]}]},{"@type":"ImageObject","inLanguage":"az","@id":"https:\/\/www.meydan.tv\/az\/article\/kudurlu-sakinleri-buradan-geden-geri-qayitmir\/#primaryimage","url":"https:\/\/www.meydan.tv\/wp-content\/uploads\/photo-2022-10-28-14-47-34.jpg","contentUrl":"https:\/\/www.meydan.tv\/wp-content\/uploads\/photo-2022-10-28-14-47-34.jpg","width":1200,"height":900,"caption":"Foto: Meydan TV"},{"@type":"BreadcrumbList","@id":"https:\/\/www.meydan.tv\/az\/article\/kudurlu-sakinleri-buradan-geden-geri-qayitmir\/#breadcrumb","itemListElement":[{"@type":"ListItem","position":1,"name":"Ana s\u0259hif\u0259","item":"https:\/\/www.meydan.tv\/az\/"},{"@type":"ListItem","position":2,"name":"B\u00f6lg\u0259","item":"https:\/\/www.meydan.tv\/az\/section\/bolge\/"},{"@type":"ListItem","position":3,"name":"K\u00fcd\u00fcrl\u00fc sakinl\u0259ri: \u201cBuradan ged\u0259n, geri qay\u0131tm\u0131r\u201d"}]},{"@type":"WebSite","@id":"https:\/\/www.meydan.tv\/az\/#website","url":"https:\/\/www.meydan.tv\/az\/","name":"MEYDAN.TV","description":"Meydan TV Az\u0259rbaycan\u0131n media m\u0259kan\u0131ndak\u0131 alternativ s\u0259sidir","publisher":{"@id":"https:\/\/www.meydan.tv\/az\/#organization"},"potentialAction":[{"@type":"SearchAction","target":{"@type":"EntryPoint","urlTemplate":"https:\/\/www.meydan.tv\/az\/?s={search_term_string}"},"query-input":{"@type":"PropertyValueSpecification","valueRequired":true,"valueName":"search_term_string"}}],"inLanguage":"az"},{"@type":"Organization","@id":"https:\/\/www.meydan.tv\/az\/#organization","name":"Meydan TV","url":"https:\/\/www.meydan.tv\/az\/","logo":{"@type":"ImageObject","inLanguage":"az","@id":"https:\/\/www.meydan.tv\/az\/#\/schema\/logo\/image\/","url":"https:\/\/www.meydan.tv\/wp-content\/uploads\/2021\/07\/meydan-logo.svg","contentUrl":"https:\/\/www.meydan.tv\/wp-content\/uploads\/2021\/07\/meydan-logo.svg","width":195,"height":46,"caption":"Meydan TV"},"image":{"@id":"https:\/\/www.meydan.tv\/az\/#\/schema\/logo\/image\/"}},{"@type":"Person","@id":"https:\/\/www.meydan.tv\/az\/#\/schema\/person\/9cdbecf90d17180ce1dfbd95b08dcf47","name":"elli","sameAs":["https:\/\/x.com\/elli"]}]}},"_links":{"self":[{"href":"https:\/\/www.meydan.tv\/az\/wp-json\/wp\/v2\/posts\/259651","targetHints":{"allow":["GET"]}}],"collection":[{"href":"https:\/\/www.meydan.tv\/az\/wp-json\/wp\/v2\/posts"}],"about":[{"href":"https:\/\/www.meydan.tv\/az\/wp-json\/wp\/v2\/types\/post"}],"author":[{"embeddable":true,"href":"https:\/\/www.meydan.tv\/az\/wp-json\/wp\/v2\/users\/8"}],"replies":[{"embeddable":true,"href":"https:\/\/www.meydan.tv\/az\/wp-json\/wp\/v2\/comments?post=259651"}],"version-history":[{"count":1,"href":"https:\/\/www.meydan.tv\/az\/wp-json\/wp\/v2\/posts\/259651\/revisions"}],"predecessor-version":[{"id":259653,"href":"https:\/\/www.meydan.tv\/az\/wp-json\/wp\/v2\/posts\/259651\/revisions\/259653"}],"wp:featuredmedia":[{"embeddable":true,"href":"https:\/\/www.meydan.tv\/az\/wp-json\/wp\/v2\/media\/259645"}],"wp:attachment":[{"href":"https:\/\/www.meydan.tv\/az\/wp-json\/wp\/v2\/media?parent=259651"}],"wp:term":[{"taxonomy":"category","embeddable":true,"href":"https:\/\/www.meydan.tv\/az\/wp-json\/wp\/v2\/categories?post=259651"},{"taxonomy":"post_tag","embeddable":true,"href":"https:\/\/www.meydan.tv\/az\/wp-json\/wp\/v2\/tags?post=259651"}],"curies":[{"name":"wp","href":"https:\/\/api.w.org\/{rel}","templated":true}]}}