{"id":259638,"date":"2022-10-28T15:32:47","date_gmt":"2022-10-28T11:32:47","guid":{"rendered":"https:\/\/www.meydan.tv\/?p=259638"},"modified":"2022-10-28T15:56:54","modified_gmt":"2022-10-28T11:56:54","slug":"qusarli-sahibkar-ev-esiyimi-teserrufatimi-elimden-alib-ozumu-rayondan-didergin-saliblar","status":"publish","type":"post","link":"https:\/\/www.meydan.tv\/az\/article\/qusarli-sahibkar-ev-esiyimi-teserrufatimi-elimden-alib-ozumu-rayondan-didergin-saliblar\/","title":{"rendered":"Qusarl\u0131 sahibkar: \u201cEv-e\u015fiyimi, t\u0259s\u0259rr\u00fcfat\u0131m\u0131 \u0259limd\u0259n al\u0131b, \u00f6z\u00fcm\u00fc rayondan did\u0259rgin sal\u0131blar\u201d"},"content":{"rendered":"\n<p><\/p>\n\n\n\n<p><em>Ayven \u015eamuradov deyir ki, Qusar Rayon Prokurorlu\u011funun m\u00fcst\u0259ntiqi b\u0259ra\u0259t verdiyi cinay\u0259t i\u015fini t\u0259z\u0259d\u0259n ba\u015flay\u0131b<\/em><\/p>\n\n\n\n<p>\u00d6t\u0259n ilin avqustunda Meydan TV Qusar rayonunun Quxuroba k\u0259nd sakini Ayven \u015eamuradovun dilind\u0259n ba\u015f\u0131na g\u0259l\u0259nl\u0259ri yazm\u0131\u015fd\u0131. Q\u0131sas\u0131, Ayven \u015eahmuradov dan\u0131\u015f\u0131rd\u0131 ki, f\u0131nd\u0131q\u00e7\u0131l\u0131q t\u0259s\u0259rr\u00fcfat\u0131n\u0131 geni\u015fl\u0259ndirm\u0259kl\u0259 Qusarda say\u0131l\u0131b-se\u00e7il\u0259n fermerl\u0259rd\u0259n biri olub. \u015e\u0259riki olan Rusiya v\u0259t\u0259nda\u015f\u0131, do\u011fma xalas\u0131 o\u011flu H\u0259mdulla Q\u0259dirov t\u0259s\u0259rr\u00fcfat\u0131n geni\u015fl\u0259ndiyi v\u0259 daha \u00e7ox g\u0259lir g\u0259tirdiyi bir vaxtda bu biznes\u0259 daha \u015f\u0259rik yox, sahib \u00e7\u0131xmaq ist\u0259yib. Biznes\u0259 daha q\u0131sa yolla sahibl\u0259nm\u0259k \u00fc\u00e7\u00fcn qar\u015f\u0131 t\u0259r\u0259f\u0259 polis v\u0259 prokurorluq vasit\u0259siyl\u0259 t\u0259zyiql\u0259r g\u00f6st\u0259rm\u0259y\u0259 \u00e7al\u0131\u015f\u0131b.<\/p>\n\n\n\n<p>V\u0259t\u0259nda\u015f\u0131n \u00f6t\u0259n ilin avqustunad\u0259k ba\u015f\u0131na g\u0259l\u0259nl\u0259rl\u0259 ba\u011fl\u0131 daha geni\u015fini is\u0259 linkd\u0259n oxuya <a href=\"https:\/\/www.meydan.tv\/az\/article\/istintaq-sobesinin-reisi-meni-doyerek-torpaqlari-kecmis-serikime-vermeyimi-teleb-etdi\" target=\"_blank\" rel=\"noreferrer noopener\">bil\u0259rsiniz<\/a>.<\/p>\n\n\n\n<p>B\u0259s sonralar Ayven \u015eamuradovun ba\u015f\u0131na n\u0259l\u0259r g\u0259ldi? O, bu bar\u0259d\u0259 dan\u0131\u015fmaq \u00fc\u00e7\u00fcn yen\u0259 Meydan TV-y\u0259 \u00fcz tutub. M\u0259lum olub ki, ona qar\u015f\u0131 8 epizod \u00fczr\u0259 cinay\u0259t i\u015fi qald\u0131r\u0131l\u0131b, \u00f6z\u00fc v\u0259 atas\u0131 h\u0259bs olunub, atas\u0131 burax\u0131lsa da, \u00f6z\u00fc bar\u0259sind\u0259 4 ayl\u0131q h\u0259bs-q\u0259timkan t\u0259dbiri se\u00e7ilib. Q\u0259rardan \u015fikay\u0259t verib, azadl\u0131\u011fa burax\u0131l\u0131b, i\u015fin d\u00fczg\u00fcn ara\u015fd\u0131r\u0131lmamas\u0131na g\u00f6r\u0259 intihara c\u0259hd edib:<\/p>\n\n\n\n<p>\u201c1 il 6 ayd\u0131r ki, Qusar rayon prokuroru Elxan \u018fbd\u00fcrr\u0259hmanov t\u0259r\u0259find\u0259n t\u0259zyiql\u0259r\u0259 m\u0259ruz qal\u0131ram. \u018fziyy\u0259tl\u0259 yaratd\u0131\u011f\u0131m f\u0131nd\u0131q\u00e7\u0131l\u0131q t\u0259s\u0259rr\u00fcfat\u0131n\u0131 xalam o\u011fluna verm\u0259diyim \u00fc\u00e7\u00fcn ba\u015f\u0131m\u0131n \u00e7\u0259km\u0259diyi a\u011fr\u0131 qalmam\u0131\u015fd\u0131. Xalam o\u011flu rayon prokuroruyla \u0259lbir olaraq m\u0259n\u0259 v\u0259 atama qar\u015f\u0131 d\u0259l\u0259duzluq madd\u0259siyl\u0259 cinay\u0259t i\u015fi ba\u015flanmas\u0131na nail olmu\u015fdu. Guya biz onun \u015f\u0259rikli biznesin qurulmas\u0131 \u00fc\u00e7\u00fcn hiss\u0259-hiss\u0259 verdiyi 780 min manat\u0131n\u0131 m\u0259nims\u0259mi\u015fik\u201d.<\/p>\n\n\n\n<p>\u201c\u0130stintaq d\u00f6vr\u00fcnd\u0259 m\u0259n\u0259 aid olan torpaqlar\u0131n, h\u0259min torpaqda birlikd\u0259 qurdu\u011fumuz biznesin xalam o\u011fluna verilm\u0259si \u00fc\u00e7\u00fcn d\u0259f\u0259l\u0259rl\u0259 ciddi t\u0259zyiql\u0259r, i\u015fg\u0259nc\u0259l\u0259rl\u0259 \u00fczl\u0259\u015fmi\u015f\u0259m. M\u0259hz o t\u0259zyiql\u0259r\u0259 d\u00f6zm\u0259y\u0259r\u0259k f\u0131nf\u0131q\u00e7\u0131l\u0131q t\u0259s\u0259rr\u00fcfat\u0131m\u0131, \u00fcst\u0259lik, m\u00fcxt\u0259lif \u00f6lk\u0259l\u0259rd\u0259n meyv\u0259l\u0259r g\u0259tirib yeti\u015fdirdiyim 300 min manat d\u0259y\u0259ri olan meyv\u0259\u00e7ilik ba\u011f\u0131m\u0131, fermam\u0131, ev-e\u015fiyimi \u2013 h\u0259r \u015feyimi cinay\u0259t i\u015fin\u0259 xitam verilm\u0259si \u015f\u0259rtil\u0259 H\u0259mdullaya d\u00f6vr etm\u0259li olmu\u015fam. Buna baxmayaraq, m\u0259ni qanunsuz olaraq 4 ay m\u00fcdd\u0259tin\u0259 h\u0259bs etdil\u0259r. Sumqay\u0131t Apelyasiya M\u0259hk\u0259m\u0259si h\u0259bs q\u0259rar\u0131n\u0131 l\u0259\u011fv etdi\u201d, &#8211; Ayven \u015eamuradov deyib.<\/p>\n\n\n\n<p>\u015eikay\u0259t\u00e7inin s\u00f6zl\u0259rin\u0259 g\u00f6r\u0259, Qusar Rayon Prokurorlu\u011funda ona qar\u015f\u0131 ir\u0259li s\u00fcr\u00fclm\u00fc\u015f daha s\u0259kkiz madd\u0259 \u00fczr\u0259 ittihamlar s\u00fcbuta yetirilm\u0259diyind\u0259n el\u0259 istintaq\u0131 aparan m\u00fcst\u0259ntiq Rahim Z\u00fclbal\u0131yev t\u0259r\u0259find\u0259n 22 dekabr 2021-ci il tarixd\u0259 i\u015f\u0259 bara\u0259tverici \u0259saslarla xitam verilib. Ancaq bir ne\u00e7\u0259 ay sonra Qusar Rayon Polis \u015e\u00f6b\u0259sind\u0259n yen\u0259 z\u0259ng g\u0259lib:<\/p>\n\n\n\n<p>\u201cZ\u0259ng vuran \u0259v\u0259ll\u0259r bar\u0259md\u0259 istintaq\u0131 aparan v\u0259 m\u0259n\u0259 qar\u015f\u0131 q\u0259r\u0259zli olan \u00dcm\u00fcd Xanki\u015fiyev idi. Bu d\u0259f\u0259 m\u0259n\u0259 qar\u015f\u0131 fermamda i\u015fl\u0259y\u0259n v\u0259 m\u0259niml\u0259 v\u0259t\u0259nda\u015f nikah\u0131nda olan qad\u0131n\u0131 qoymu\u015fdu. Halbuki, h\u0259min qad\u0131n d\u0259f\u0259l\u0259rl\u0259 m\u0259nim xeyrim\u0259 ifad\u0259 vermi\u015fdi. Dedi ki, h\u0259min qad\u0131n v\u0259 xalas\u0131 o\u011flu s\u0259nd\u0259n \u015fikay\u0259t\u00e7idir. Psixologiyam\u0131 tamamil\u0259 pozmu\u015fdular, Ba\u015f Prokurorlu\u011fun qar\u015f\u0131s\u0131na getdim, haqs\u0131zl\u0131qlara d\u00f6zm\u0259y\u0259r\u0259k intihar etm\u0259k ist\u0259dim, polisl\u0259r t\u00f6k\u00fcl\u00fc\u015fd\u00fcl\u0259r. Prokurorlu\u011fun bir v\u0259zif\u0259li \u015f\u0259xsi m\u0259ni q\u0259bul etdi, n\u0259hay\u0259t, v\u0259t\u0259nda\u015f\u0131 s\u0259brl\u0259 dinl\u0259y\u0259c\u0259k biri tap\u0131lm\u0131\u015fd\u0131. Dinl\u0259di, Qusar\u0131n prokuroruna i\u015fin \u0259dal\u0259tli apar\u0131lmas\u0131 bar\u0259d\u0259 g\u00f6st\u0259ri\u015f verdi\u201d.<\/p>\n\n\n\n<p>V\u0259t\u0259nda\u015f nikah\u0131nda olmu\u015f qad\u0131n\u0131n v\u0259 sonuncunun xalas\u0131 o\u011flunun \u015fikay\u0259ti \u0259sas\u0131nda polis \u015f\u00f6b\u0259sind\u0259 a\u00e7\u0131lm\u0131\u015f cinay\u0259t i\u015fin\u0259 d\u0259 m\u0259hz Ba\u015f Prokurorluqdan i\u015f\u0259 \u0259dal\u0259tli bax\u0131lmas\u0131 bar\u0259d\u0259 rayon prokuroruna verilmi\u015f g\u00f6st\u0259ri\u015fd\u0259n sonra xitam verilib. Ancaq bu d\u0259f\u0259 d\u0259 Ayven \u015eamuradovun dem\u0259sin\u0259 g\u00f6r\u0259, v\u0259kili onu \u00e7\u0131x\u0131lmaz duruma sal\u0131b. Bir d\u0259 x\u0259b\u0259r tutub ki, v\u0259kil Ayven \u015eamurdovun verdiyi etibarnam\u0259yl\u0259 ona m\u0259xsus 1.15 hektar \u0259razini \u00f6z qay\u0131natas\u0131n\u0131n ad\u0131na ke\u00e7irib. Ayven \u015eamuradov h\u0259m bu h\u0259r\u0259k\u0259tin\u0259, h\u0259m d\u0259 prokurora verm\u0259k ad\u0131 il\u0259 aldadaraq ondan ald\u0131\u011f\u0131 20 min manat pulu m\u0259nims\u0259diyin\u0259 g\u00f6r\u0259 \u00f6z v\u0259kili bar\u0259d\u0259 h\u00fcquq-m\u00fchafiz\u0259 orqanlar\u0131na \u015fikay\u0259t edib.<\/p>\n\n\n\n<p>Ayven \u015eamuradovun s\u00f6zl\u0259rin\u0259 g\u00f6r\u0259, bir m\u00fcdd\u0259t \u0259vv\u0259ls\u0259 rayon prokurorlu\u011funun m\u00fcst\u0259ntiqi Rahim Z\u00fclbal\u0131yev yen\u0259 ona z\u0259ng vurub v\u0259 178-ci madd\u0259 \u00fczr\u0259 c\u0259lb olundu\u011funu bildirib:<\/p>\n\n\n\n<p>\u201c\u00d6z\u00fcn\u00fcn b\u0259ra\u0259t verdiyi i\u015f \u00fczr\u0259 t\u0259z\u0259d\u0259n cinay\u0259t i\u015fi ba\u015flay\u0131b. Halbuki, xalam o\u011flu \u00f6z\u00fc \u0259riz\u0259yl\u0259 m\u00fcraci\u0259t edib, d\u0259ymi\u015f z\u0259r\u0259rin \u00f6d\u0259nildiyini v\u0259 m\u0259nd\u0259n \u015fikay\u0259t\u00e7i olmad\u0131\u011f\u0131n\u0131 bildirib. \u0130ndi d\u0259 tan\u0131d\u0131\u011f\u0131m-tan\u0131mad\u0131\u011f\u0131m adamlardan t\u0259zyiq yoluyla m\u0259n\u0259 qar\u015f\u0131 saxta s\u00fcbutlar toplama\u011fa \u00e7al\u0131\u015f\u0131r\u201d.<\/p>\n\n\n\n<p>Ayven \u015eamuradov t\u0259krar \u015f\u0259rl\u0259nib h\u0259bs olunaca\u011f\u0131ndan ehtiyat etdiyin\u0259 g\u00f6r\u0259 Qusardan did\u0259rgin d\u00fc\u015fd\u00fcy\u00fcn\u00fc deyir:<\/p>\n\n\n\n<p>\u201cEvim-e\u015fiyim, t\u0259s\u0259rr\u00fcfatlar\u0131m, ba\u011flar\u0131m &#8211; n\u0259yim vard\u0131sa, \u00fcz\u00fcm\u0259 dayan\u0131b \u0259limd\u0259n ald\u0131lar. \u0130ndi Qusardan k\u0259narda kiray\u0259l\u0259rd\u0259 qal\u0131ram. Yen\u0259 m\u0259nd\u0259n \u0259l \u00e7\u0259kmirl\u0259r. M\u0259n vaxtil\u0259 Ba\u015f Prokurorlu\u011fa \u015fikay\u0259t etdiyim\u0259 g\u00f6r\u0259, m\u00fcst\u0259ntiq m\u0259niml\u0259 q\u0259r\u0259zlidir, deyir, n\u0259 yolla olursa olsun, s\u0259ni h\u0259bsxanaya atacam\u201d.<\/p>\n\n\n\n<p>Meydan TV Qusar Rayon Prokurorlu\u011fu il\u0259 \u0259laq\u0259 saxlay\u0131b. Prokurorluqdan bu bar\u0259d\u0259 m\u0259lumat verm\u0259k ist\u0259m\u0259yibl\u0259r. M\u00fcst\u0259ntiq Rahim Z\u00fclbal\u0131yevin Meydan TV il\u0259 \u0259laq\u0259 saxlayaca\u011f\u0131 bildirilib. Yaz\u0131 d\u0259rc\u0259 haz\u0131rlanana q\u0259d\u0259r m\u00fcst\u0259ntiq \u0259laq\u0259 saxlamay\u0131b.  <\/p>\n","protected":false},"excerpt":{"rendered":"<p>Ayven \u015eamuradov deyir ki, Qusar Rayon Prokurorlu\u011funun m\u00fcst\u0259ntiqi b\u0259ra\u0259t verdiyi &#8230; <\/p>\n<p class=\"read-more-container\"><a title=\"Qusarl\u0131 sahibkar: \u201cEv-e\u015fiyimi, t\u0259s\u0259rr\u00fcfat\u0131m\u0131 \u0259limd\u0259n al\u0131b, \u00f6z\u00fcm\u00fc rayondan did\u0259rgin sal\u0131blar\u201d\" class=\"read-more button\" href=\"https:\/\/www.meydan.tv\/az\/article\/qusarli-sahibkar-ev-esiyimi-teserrufatimi-elimden-alib-ozumu-rayondan-didergin-saliblar\/#more-259638\" aria-label=\"Read more about Qusarl\u0131 sahibkar: \u201cEv-e\u015fiyimi, t\u0259s\u0259rr\u00fcfat\u0131m\u0131 \u0259limd\u0259n al\u0131b, \u00f6z\u00fcm\u00fc rayondan did\u0259rgin sal\u0131blar\u201d\">Davam\u0131<\/a><\/p>\n","protected":false},"author":8,"featured_media":259639,"comment_status":"closed","ping_status":"closed","sticky":false,"template":"","format":"standard","meta":{"_acf_changed":false,"_sitemap_exclude":false,"_sitemap_priority":"","_sitemap_frequency":"","footnotes":""},"categories":[60,56],"tags":[],"class_list":["post-259638","post","type-post","status-publish","format-standard","has-post-thumbnail","hentry","category-bolge","category-xeberler","infinite-scroll-item","generate-columns","tablet-grid-50","mobile-grid-100","grid-parent","grid-33","no-featured-image-padding"],"acf":[],"yoast_head":"<!-- This site is optimized with the Yoast SEO plugin v27.5 - https:\/\/yoast.com\/product\/yoast-seo-wordpress\/ -->\n<title>Qusarl\u0131 sahibkar: \u201cEv-e\u015fiyimi, t\u0259s\u0259rr\u00fcfat\u0131m\u0131 \u0259limd\u0259n al\u0131b, \u00f6z\u00fcm\u00fc rayondan did\u0259rgin sal\u0131blar\u201d - MEYDAN.TV<\/title>\n<meta name=\"robots\" content=\"index, follow, max-snippet:-1, max-image-preview:large, max-video-preview:-1\" \/>\n<link rel=\"canonical\" href=\"https:\/\/www.meydan.tv\/az\/article\/qusarli-sahibkar-ev-esiyimi-teserrufatimi-elimden-alib-ozumu-rayondan-didergin-saliblar\/\" \/>\n<meta property=\"og:locale\" content=\"az_AZ\" \/>\n<meta property=\"og:type\" content=\"article\" \/>\n<meta property=\"og:title\" content=\"Qusarl\u0131 sahibkar: \u201cEv-e\u015fiyimi, t\u0259s\u0259rr\u00fcfat\u0131m\u0131 \u0259limd\u0259n al\u0131b, \u00f6z\u00fcm\u00fc rayondan did\u0259rgin sal\u0131blar\u201d - MEYDAN.TV\" \/>\n<meta property=\"og:description\" content=\"Ayven \u015eamuradov deyir ki, Qusar Rayon Prokurorlu\u011funun m\u00fcst\u0259ntiqi b\u0259ra\u0259t verdiyi ... Davam\u0131\" \/>\n<meta property=\"og:url\" content=\"https:\/\/www.meydan.tv\/az\/article\/qusarli-sahibkar-ev-esiyimi-teserrufatimi-elimden-alib-ozumu-rayondan-didergin-saliblar\/\" \/>\n<meta property=\"og:site_name\" content=\"MEYDAN.TV\" \/>\n<meta property=\"article:published_time\" content=\"2022-10-28T11:32:47+00:00\" \/>\n<meta property=\"article:modified_time\" content=\"2022-10-28T11:56:54+00:00\" \/>\n<meta property=\"og:image\" content=\"https:\/\/www.meydan.tv\/wp-content\/uploads\/untitled-design-7-24-e1666956746733.jpg\" \/>\n\t<meta property=\"og:image:width\" content=\"1200\" \/>\n\t<meta property=\"og:image:height\" content=\"621\" \/>\n\t<meta property=\"og:image:type\" content=\"image\/jpeg\" \/>\n<meta name=\"author\" content=\"elli\" \/>\n<meta name=\"twitter:card\" content=\"summary_large_image\" \/>\n<meta name=\"twitter:creator\" content=\"@elli\" \/>\n<script type=\"application\/ld+json\" class=\"yoast-schema-graph\">{\"@context\":\"https:\\\/\\\/schema.org\",\"@graph\":[{\"@type\":\"Article\",\"@id\":\"https:\\\/\\\/www.meydan.tv\\\/az\\\/article\\\/qusarli-sahibkar-ev-esiyimi-teserrufatimi-elimden-alib-ozumu-rayondan-didergin-saliblar\\\/#article\",\"isPartOf\":{\"@id\":\"https:\\\/\\\/www.meydan.tv\\\/az\\\/article\\\/qusarli-sahibkar-ev-esiyimi-teserrufatimi-elimden-alib-ozumu-rayondan-didergin-saliblar\\\/\"},\"author\":{\"name\":\"elli\",\"@id\":\"https:\\\/\\\/www.meydan.tv\\\/az\\\/#\\\/schema\\\/person\\\/9cdbecf90d17180ce1dfbd95b08dcf47\"},\"headline\":\"Qusarl\u0131 sahibkar: \u201cEv-e\u015fiyimi, t\u0259s\u0259rr\u00fcfat\u0131m\u0131 \u0259limd\u0259n al\u0131b, \u00f6z\u00fcm\u00fc rayondan did\u0259rgin sal\u0131blar\u201d\",\"datePublished\":\"2022-10-28T11:32:47+00:00\",\"dateModified\":\"2022-10-28T11:56:54+00:00\",\"mainEntityOfPage\":{\"@id\":\"https:\\\/\\\/www.meydan.tv\\\/az\\\/article\\\/qusarli-sahibkar-ev-esiyimi-teserrufatimi-elimden-alib-ozumu-rayondan-didergin-saliblar\\\/\"},\"wordCount\":1128,\"publisher\":{\"@id\":\"https:\\\/\\\/www.meydan.tv\\\/az\\\/#organization\"},\"image\":{\"@id\":\"https:\\\/\\\/www.meydan.tv\\\/az\\\/article\\\/qusarli-sahibkar-ev-esiyimi-teserrufatimi-elimden-alib-ozumu-rayondan-didergin-saliblar\\\/#primaryimage\"},\"thumbnailUrl\":\"https:\\\/\\\/www.meydan.tv\\\/wp-content\\\/uploads\\\/untitled-design-7-24-e1666956746733.jpg\",\"articleSection\":[\"B\u00f6lg\u0259\",\"X\u0259b\u0259rl\u0259r\"],\"inLanguage\":\"az\"},{\"@type\":\"WebPage\",\"@id\":\"https:\\\/\\\/www.meydan.tv\\\/az\\\/article\\\/qusarli-sahibkar-ev-esiyimi-teserrufatimi-elimden-alib-ozumu-rayondan-didergin-saliblar\\\/\",\"url\":\"https:\\\/\\\/www.meydan.tv\\\/az\\\/article\\\/qusarli-sahibkar-ev-esiyimi-teserrufatimi-elimden-alib-ozumu-rayondan-didergin-saliblar\\\/\",\"name\":\"Qusarl\u0131 sahibkar: \u201cEv-e\u015fiyimi, t\u0259s\u0259rr\u00fcfat\u0131m\u0131 \u0259limd\u0259n al\u0131b, \u00f6z\u00fcm\u00fc rayondan did\u0259rgin sal\u0131blar\u201d - MEYDAN.TV\",\"isPartOf\":{\"@id\":\"https:\\\/\\\/www.meydan.tv\\\/az\\\/#website\"},\"primaryImageOfPage\":{\"@id\":\"https:\\\/\\\/www.meydan.tv\\\/az\\\/article\\\/qusarli-sahibkar-ev-esiyimi-teserrufatimi-elimden-alib-ozumu-rayondan-didergin-saliblar\\\/#primaryimage\"},\"image\":{\"@id\":\"https:\\\/\\\/www.meydan.tv\\\/az\\\/article\\\/qusarli-sahibkar-ev-esiyimi-teserrufatimi-elimden-alib-ozumu-rayondan-didergin-saliblar\\\/#primaryimage\"},\"thumbnailUrl\":\"https:\\\/\\\/www.meydan.tv\\\/wp-content\\\/uploads\\\/untitled-design-7-24-e1666956746733.jpg\",\"datePublished\":\"2022-10-28T11:32:47+00:00\",\"dateModified\":\"2022-10-28T11:56:54+00:00\",\"breadcrumb\":{\"@id\":\"https:\\\/\\\/www.meydan.tv\\\/az\\\/article\\\/qusarli-sahibkar-ev-esiyimi-teserrufatimi-elimden-alib-ozumu-rayondan-didergin-saliblar\\\/#breadcrumb\"},\"inLanguage\":\"az\",\"potentialAction\":[{\"@type\":\"ReadAction\",\"target\":[\"https:\\\/\\\/www.meydan.tv\\\/az\\\/article\\\/qusarli-sahibkar-ev-esiyimi-teserrufatimi-elimden-alib-ozumu-rayondan-didergin-saliblar\\\/\"]}]},{\"@type\":\"ImageObject\",\"inLanguage\":\"az\",\"@id\":\"https:\\\/\\\/www.meydan.tv\\\/az\\\/article\\\/qusarli-sahibkar-ev-esiyimi-teserrufatimi-elimden-alib-ozumu-rayondan-didergin-saliblar\\\/#primaryimage\",\"url\":\"https:\\\/\\\/www.meydan.tv\\\/wp-content\\\/uploads\\\/untitled-design-7-24-e1666956746733.jpg\",\"contentUrl\":\"https:\\\/\\\/www.meydan.tv\\\/wp-content\\\/uploads\\\/untitled-design-7-24-e1666956746733.jpg\",\"width\":1200,\"height\":621,\"caption\":\"Foto: Ayven \u015eamuradovun \u015f\u0259xsi arxivind\u0259n\"},{\"@type\":\"BreadcrumbList\",\"@id\":\"https:\\\/\\\/www.meydan.tv\\\/az\\\/article\\\/qusarli-sahibkar-ev-esiyimi-teserrufatimi-elimden-alib-ozumu-rayondan-didergin-saliblar\\\/#breadcrumb\",\"itemListElement\":[{\"@type\":\"ListItem\",\"position\":1,\"name\":\"Ana s\u0259hif\u0259\",\"item\":\"https:\\\/\\\/www.meydan.tv\\\/az\\\/\"},{\"@type\":\"ListItem\",\"position\":2,\"name\":\"B\u00f6lg\u0259\",\"item\":\"https:\\\/\\\/www.meydan.tv\\\/az\\\/section\\\/bolge\\\/\"},{\"@type\":\"ListItem\",\"position\":3,\"name\":\"Qusarl\u0131 sahibkar: \u201cEv-e\u015fiyimi, t\u0259s\u0259rr\u00fcfat\u0131m\u0131 \u0259limd\u0259n al\u0131b, \u00f6z\u00fcm\u00fc rayondan did\u0259rgin sal\u0131blar\u201d\"}]},{\"@type\":\"WebSite\",\"@id\":\"https:\\\/\\\/www.meydan.tv\\\/az\\\/#website\",\"url\":\"https:\\\/\\\/www.meydan.tv\\\/az\\\/\",\"name\":\"MEYDAN.TV\",\"description\":\"Meydan TV Az\u0259rbaycan\u0131n media m\u0259kan\u0131ndak\u0131 alternativ s\u0259sidir\",\"publisher\":{\"@id\":\"https:\\\/\\\/www.meydan.tv\\\/az\\\/#organization\"},\"potentialAction\":[{\"@type\":\"SearchAction\",\"target\":{\"@type\":\"EntryPoint\",\"urlTemplate\":\"https:\\\/\\\/www.meydan.tv\\\/az\\\/?s={search_term_string}\"},\"query-input\":{\"@type\":\"PropertyValueSpecification\",\"valueRequired\":true,\"valueName\":\"search_term_string\"}}],\"inLanguage\":\"az\"},{\"@type\":\"Organization\",\"@id\":\"https:\\\/\\\/www.meydan.tv\\\/az\\\/#organization\",\"name\":\"Meydan TV\",\"url\":\"https:\\\/\\\/www.meydan.tv\\\/az\\\/\",\"logo\":{\"@type\":\"ImageObject\",\"inLanguage\":\"az\",\"@id\":\"https:\\\/\\\/www.meydan.tv\\\/az\\\/#\\\/schema\\\/logo\\\/image\\\/\",\"url\":\"https:\\\/\\\/www.meydan.tv\\\/wp-content\\\/uploads\\\/2021\\\/07\\\/meydan-logo.svg\",\"contentUrl\":\"https:\\\/\\\/www.meydan.tv\\\/wp-content\\\/uploads\\\/2021\\\/07\\\/meydan-logo.svg\",\"width\":195,\"height\":46,\"caption\":\"Meydan TV\"},\"image\":{\"@id\":\"https:\\\/\\\/www.meydan.tv\\\/az\\\/#\\\/schema\\\/logo\\\/image\\\/\"}},{\"@type\":\"Person\",\"@id\":\"https:\\\/\\\/www.meydan.tv\\\/az\\\/#\\\/schema\\\/person\\\/9cdbecf90d17180ce1dfbd95b08dcf47\",\"name\":\"elli\",\"sameAs\":[\"https:\\\/\\\/x.com\\\/elli\"]}]}<\/script>\n<!-- \/ Yoast SEO plugin. -->","yoast_head_json":{"title":"Qusarl\u0131 sahibkar: \u201cEv-e\u015fiyimi, t\u0259s\u0259rr\u00fcfat\u0131m\u0131 \u0259limd\u0259n al\u0131b, \u00f6z\u00fcm\u00fc rayondan did\u0259rgin sal\u0131blar\u201d - MEYDAN.TV","robots":{"index":"index","follow":"follow","max-snippet":"max-snippet:-1","max-image-preview":"max-image-preview:large","max-video-preview":"max-video-preview:-1"},"canonical":"https:\/\/www.meydan.tv\/az\/article\/qusarli-sahibkar-ev-esiyimi-teserrufatimi-elimden-alib-ozumu-rayondan-didergin-saliblar\/","og_locale":"az_AZ","og_type":"article","og_title":"Qusarl\u0131 sahibkar: \u201cEv-e\u015fiyimi, t\u0259s\u0259rr\u00fcfat\u0131m\u0131 \u0259limd\u0259n al\u0131b, \u00f6z\u00fcm\u00fc rayondan did\u0259rgin sal\u0131blar\u201d - MEYDAN.TV","og_description":"Ayven \u015eamuradov deyir ki, Qusar Rayon Prokurorlu\u011funun m\u00fcst\u0259ntiqi b\u0259ra\u0259t verdiyi ... Davam\u0131","og_url":"https:\/\/www.meydan.tv\/az\/article\/qusarli-sahibkar-ev-esiyimi-teserrufatimi-elimden-alib-ozumu-rayondan-didergin-saliblar\/","og_site_name":"MEYDAN.TV","article_published_time":"2022-10-28T11:32:47+00:00","article_modified_time":"2022-10-28T11:56:54+00:00","og_image":[{"width":1200,"height":621,"url":"https:\/\/www.meydan.tv\/wp-content\/uploads\/untitled-design-7-24-e1666956746733.jpg","type":"image\/jpeg"}],"author":"elli","twitter_card":"summary_large_image","twitter_creator":"@elli","schema":{"@context":"https:\/\/schema.org","@graph":[{"@type":"Article","@id":"https:\/\/www.meydan.tv\/az\/article\/qusarli-sahibkar-ev-esiyimi-teserrufatimi-elimden-alib-ozumu-rayondan-didergin-saliblar\/#article","isPartOf":{"@id":"https:\/\/www.meydan.tv\/az\/article\/qusarli-sahibkar-ev-esiyimi-teserrufatimi-elimden-alib-ozumu-rayondan-didergin-saliblar\/"},"author":{"name":"elli","@id":"https:\/\/www.meydan.tv\/az\/#\/schema\/person\/9cdbecf90d17180ce1dfbd95b08dcf47"},"headline":"Qusarl\u0131 sahibkar: \u201cEv-e\u015fiyimi, t\u0259s\u0259rr\u00fcfat\u0131m\u0131 \u0259limd\u0259n al\u0131b, \u00f6z\u00fcm\u00fc rayondan did\u0259rgin sal\u0131blar\u201d","datePublished":"2022-10-28T11:32:47+00:00","dateModified":"2022-10-28T11:56:54+00:00","mainEntityOfPage":{"@id":"https:\/\/www.meydan.tv\/az\/article\/qusarli-sahibkar-ev-esiyimi-teserrufatimi-elimden-alib-ozumu-rayondan-didergin-saliblar\/"},"wordCount":1128,"publisher":{"@id":"https:\/\/www.meydan.tv\/az\/#organization"},"image":{"@id":"https:\/\/www.meydan.tv\/az\/article\/qusarli-sahibkar-ev-esiyimi-teserrufatimi-elimden-alib-ozumu-rayondan-didergin-saliblar\/#primaryimage"},"thumbnailUrl":"https:\/\/www.meydan.tv\/wp-content\/uploads\/untitled-design-7-24-e1666956746733.jpg","articleSection":["B\u00f6lg\u0259","X\u0259b\u0259rl\u0259r"],"inLanguage":"az"},{"@type":"WebPage","@id":"https:\/\/www.meydan.tv\/az\/article\/qusarli-sahibkar-ev-esiyimi-teserrufatimi-elimden-alib-ozumu-rayondan-didergin-saliblar\/","url":"https:\/\/www.meydan.tv\/az\/article\/qusarli-sahibkar-ev-esiyimi-teserrufatimi-elimden-alib-ozumu-rayondan-didergin-saliblar\/","name":"Qusarl\u0131 sahibkar: \u201cEv-e\u015fiyimi, t\u0259s\u0259rr\u00fcfat\u0131m\u0131 \u0259limd\u0259n al\u0131b, \u00f6z\u00fcm\u00fc rayondan did\u0259rgin sal\u0131blar\u201d - MEYDAN.TV","isPartOf":{"@id":"https:\/\/www.meydan.tv\/az\/#website"},"primaryImageOfPage":{"@id":"https:\/\/www.meydan.tv\/az\/article\/qusarli-sahibkar-ev-esiyimi-teserrufatimi-elimden-alib-ozumu-rayondan-didergin-saliblar\/#primaryimage"},"image":{"@id":"https:\/\/www.meydan.tv\/az\/article\/qusarli-sahibkar-ev-esiyimi-teserrufatimi-elimden-alib-ozumu-rayondan-didergin-saliblar\/#primaryimage"},"thumbnailUrl":"https:\/\/www.meydan.tv\/wp-content\/uploads\/untitled-design-7-24-e1666956746733.jpg","datePublished":"2022-10-28T11:32:47+00:00","dateModified":"2022-10-28T11:56:54+00:00","breadcrumb":{"@id":"https:\/\/www.meydan.tv\/az\/article\/qusarli-sahibkar-ev-esiyimi-teserrufatimi-elimden-alib-ozumu-rayondan-didergin-saliblar\/#breadcrumb"},"inLanguage":"az","potentialAction":[{"@type":"ReadAction","target":["https:\/\/www.meydan.tv\/az\/article\/qusarli-sahibkar-ev-esiyimi-teserrufatimi-elimden-alib-ozumu-rayondan-didergin-saliblar\/"]}]},{"@type":"ImageObject","inLanguage":"az","@id":"https:\/\/www.meydan.tv\/az\/article\/qusarli-sahibkar-ev-esiyimi-teserrufatimi-elimden-alib-ozumu-rayondan-didergin-saliblar\/#primaryimage","url":"https:\/\/www.meydan.tv\/wp-content\/uploads\/untitled-design-7-24-e1666956746733.jpg","contentUrl":"https:\/\/www.meydan.tv\/wp-content\/uploads\/untitled-design-7-24-e1666956746733.jpg","width":1200,"height":621,"caption":"Foto: Ayven \u015eamuradovun \u015f\u0259xsi arxivind\u0259n"},{"@type":"BreadcrumbList","@id":"https:\/\/www.meydan.tv\/az\/article\/qusarli-sahibkar-ev-esiyimi-teserrufatimi-elimden-alib-ozumu-rayondan-didergin-saliblar\/#breadcrumb","itemListElement":[{"@type":"ListItem","position":1,"name":"Ana s\u0259hif\u0259","item":"https:\/\/www.meydan.tv\/az\/"},{"@type":"ListItem","position":2,"name":"B\u00f6lg\u0259","item":"https:\/\/www.meydan.tv\/az\/section\/bolge\/"},{"@type":"ListItem","position":3,"name":"Qusarl\u0131 sahibkar: \u201cEv-e\u015fiyimi, t\u0259s\u0259rr\u00fcfat\u0131m\u0131 \u0259limd\u0259n al\u0131b, \u00f6z\u00fcm\u00fc rayondan did\u0259rgin sal\u0131blar\u201d"}]},{"@type":"WebSite","@id":"https:\/\/www.meydan.tv\/az\/#website","url":"https:\/\/www.meydan.tv\/az\/","name":"MEYDAN.TV","description":"Meydan TV Az\u0259rbaycan\u0131n media m\u0259kan\u0131ndak\u0131 alternativ s\u0259sidir","publisher":{"@id":"https:\/\/www.meydan.tv\/az\/#organization"},"potentialAction":[{"@type":"SearchAction","target":{"@type":"EntryPoint","urlTemplate":"https:\/\/www.meydan.tv\/az\/?s={search_term_string}"},"query-input":{"@type":"PropertyValueSpecification","valueRequired":true,"valueName":"search_term_string"}}],"inLanguage":"az"},{"@type":"Organization","@id":"https:\/\/www.meydan.tv\/az\/#organization","name":"Meydan TV","url":"https:\/\/www.meydan.tv\/az\/","logo":{"@type":"ImageObject","inLanguage":"az","@id":"https:\/\/www.meydan.tv\/az\/#\/schema\/logo\/image\/","url":"https:\/\/www.meydan.tv\/wp-content\/uploads\/2021\/07\/meydan-logo.svg","contentUrl":"https:\/\/www.meydan.tv\/wp-content\/uploads\/2021\/07\/meydan-logo.svg","width":195,"height":46,"caption":"Meydan TV"},"image":{"@id":"https:\/\/www.meydan.tv\/az\/#\/schema\/logo\/image\/"}},{"@type":"Person","@id":"https:\/\/www.meydan.tv\/az\/#\/schema\/person\/9cdbecf90d17180ce1dfbd95b08dcf47","name":"elli","sameAs":["https:\/\/x.com\/elli"]}]}},"_links":{"self":[{"href":"https:\/\/www.meydan.tv\/az\/wp-json\/wp\/v2\/posts\/259638","targetHints":{"allow":["GET"]}}],"collection":[{"href":"https:\/\/www.meydan.tv\/az\/wp-json\/wp\/v2\/posts"}],"about":[{"href":"https:\/\/www.meydan.tv\/az\/wp-json\/wp\/v2\/types\/post"}],"author":[{"embeddable":true,"href":"https:\/\/www.meydan.tv\/az\/wp-json\/wp\/v2\/users\/8"}],"replies":[{"embeddable":true,"href":"https:\/\/www.meydan.tv\/az\/wp-json\/wp\/v2\/comments?post=259638"}],"version-history":[{"count":2,"href":"https:\/\/www.meydan.tv\/az\/wp-json\/wp\/v2\/posts\/259638\/revisions"}],"predecessor-version":[{"id":259655,"href":"https:\/\/www.meydan.tv\/az\/wp-json\/wp\/v2\/posts\/259638\/revisions\/259655"}],"wp:featuredmedia":[{"embeddable":true,"href":"https:\/\/www.meydan.tv\/az\/wp-json\/wp\/v2\/media\/259639"}],"wp:attachment":[{"href":"https:\/\/www.meydan.tv\/az\/wp-json\/wp\/v2\/media?parent=259638"}],"wp:term":[{"taxonomy":"category","embeddable":true,"href":"https:\/\/www.meydan.tv\/az\/wp-json\/wp\/v2\/categories?post=259638"},{"taxonomy":"post_tag","embeddable":true,"href":"https:\/\/www.meydan.tv\/az\/wp-json\/wp\/v2\/tags?post=259638"}],"curies":[{"name":"wp","href":"https:\/\/api.w.org\/{rel}","templated":true}]}}