{"id":259628,"date":"2022-10-28T15:13:07","date_gmt":"2022-10-28T11:13:07","guid":{"rendered":"https:\/\/www.meydan.tv\/?p=259628"},"modified":"2022-10-28T15:13:11","modified_gmt":"2022-10-28T11:13:11","slug":"xalq-artisti-kiyevdeki-15-milyon-dollarliq-menzilini-itirib","status":"publish","type":"post","link":"https:\/\/www.meydan.tv\/az\/article\/xalq-artisti-kiyevdeki-15-milyon-dollarliq-menzilini-itirib\/","title":{"rendered":"Xalq artisti Kiyevd\u0259ki 1,5 milyon dollarl\u0131q m\u0259nzilini itirib"},"content":{"rendered":"\n<p><\/p>\n\n\n\n<p><em>Rusiyada ya\u015fayan ukraynal\u0131 s\u0259n\u0259t\u00e7il\u0259rin bir qismi \u201cqara siyah\u0131\u201dya sal\u0131n\u0131b<\/em><\/p>\n\n\n\n<p>Prezident Volodimir Zelenskinin Rusiyan\u0131n Ukraynada ke\u00e7irdiyi h\u0259rbi \u0259m\u0259liyyatlar\u0131 d\u0259st\u0259kl\u0259y\u0259n bir s\u0131ra s\u0259n\u0259t\u00e7il\u0259r\u0259 qar\u015f\u0131 sanksiyalar t\u0259tbiq etm\u0259sind\u0259n sonra apar\u0131c\u0131 Regina Todorenko, m\u00fc\u011f\u0259nnil\u0259r Ani Lorak, Taisiya Povaliy, Hanna Sedokova, Oleq Qazmanov, Timati, Nikolay Baskov, Stas Mixaylov, Nadejda Babkina, Yuliya \u00c7i\u00e7erina, aktyorlar \u0130van Oxlob\u0131stin, Mixail Boyarski \u201cqara siyah\u0131\u201dya d\u00fc\u015f\u00fcb.<\/p>\n\n\n\n<p>\u201cStarHit\u201d rus n\u0259\u015fri yaz\u0131r ki, \u0259sl\u0259n Ukraynadan olan bu s\u0259n\u0259t adamlar\u0131 art\u0131q v\u0259t\u0259nl\u0259rind\u0259 qalan pul v\u0259 m\u00fclkl\u0259rini idar\u0259 ed\u0259 <a href=\"http:\/\/<!-- wp:paragraph --&gt; <p&gt;<\/p&gt; <!-- \/wp:paragraph --&gt;  <!-- wp:paragraph --&gt; <p&gt;<a href=&quot;https:\/\/www.starhit.ru\/novosti\/elitnaya-kvartira-za-1-5-mln-dollarov-usadba-chego-lishilis-lorak-povalii-iz-za-sankcii-na-ukraine-844692\/&quot;&gt;https:\/\/www.starhit.ru\/novosti\/elitnaya-kvartira-za-1-5-mln-dollarov-usadba-chego-lishilis-lorak-povalii-iz-za-sankcii-na-ukraine-844692\/<\/a&gt;<\/p&gt; <!-- \/wp:paragraph --&gt;\" target=\"_blank\" rel=\"noreferrer noopener\">bilm\u0259y\u0259c\u0259kl\u0259r.<\/a><\/p>\n\n\n\n<p>Rusiyan\u0131n xalq artisti, \u0259sl\u0259n ukraynal\u0131 olan Ani Lorak Kiyevd\u0259 400 kvadratmetrlik m\u0259nzilin sahibidir. Evin d\u0259y\u0259ri 1,5 milyon dollar (2,5 milyon manatdan \u00e7ox) qiym\u0259tl\u0259ndirilir.<\/p>\n\n\n\n<p>N\u0259\u015fr bildirir ki, Rusiyada ya\u015fayan Ukraynan\u0131n Xalq artisti Taisiya Povalinin is\u0259 v\u0259t\u0259nind\u0259 ba\u011f evi v\u0259 \u00fc\u00e7m\u0259rt\u0259b\u0259li malikan\u0259si qal\u0131b.<\/p>\n\n\n\n<p>Prezident Volodimir Zelenski 2022-ci il oktyabr\u0131n 20-d\u0259 Ukraynada do\u011fulan, lakin Rusiyada pe\u015f\u0259kar f\u0259aliyy\u0259t g\u00f6st\u0259r\u0259n \u015f\u0259xsl\u0259r\u0259 qar\u015f\u0131 sanksiya t\u0259tbiq edilm\u0259si haqq\u0131nda f\u0259rman <a href=\"https:\/\/www.president.gov.ua\/documents\/7262022-44481\" target=\"_blank\" rel=\"noreferrer noopener\">imzalay\u0131b<\/a>.<\/p>\n\n\n\n<p>Qeyd olunub ki, sanksiyalar be\u015f il m\u00fcdd\u0259tin\u0259 t\u0259tbiq edilib v\u0259 aktivl\u0259rin bloklanmas\u0131, lisenziya v\u0259 icaz\u0259l\u0259rin l\u0259\u011fvi, ticar\u0259t\u0259 qada\u011fa v\u0259 kapital\u0131n Ukraynadan \u00e7\u0131xar\u0131lmas\u0131, Ukraynada \u00f6z\u0259ll\u0259\u015fdirm\u0259 v\u0259 icar\u0259 i\u015fl\u0259rind\u0259, torpaq al\u0131nmas\u0131nda i\u015ftirak qada\u011fas\u0131 daxil olmaqla, 15 m\u0259hdudiyy\u0259t b\u0259ndini \u0259hat\u0259 edir.<\/p>\n\n\n\n<p>S\u0259n\u0259dd\u0259 bildirilib ki, adlar\u0131 \u00e7\u0259kil\u0259n \u015fou-biznes n\u00fcmay\u0259nd\u0259l\u0259ri Ukrayna d\u00f6vl\u0259t m\u00fckafatlar\u0131ndan da m\u0259hrum edil\u0259c\u0259kl\u0259r.<\/p>\n\n\n\n<p>\u00dcmumilikd\u0259 siyah\u0131ya 3600-d\u0259n \u00e7ox fiziki v\u0259 h\u00fcquqi \u015f\u0259xs daxildir.<\/p>\n\n\n\n<p>Rusiya Prezidenti Vladimir Putin Ukraynan\u0131n \u015f\u0259rqind\u0259ki separat\u00e7\u0131 qurumlar\u0131 tan\u0131d\u0131\u011f\u0131n\u0131 b\u0259yan etdikd\u0259n 2 g\u00fcn sonra, fevral\u0131n 24-d\u0259 Ukraynaya qar\u015f\u0131 m\u00fcharib\u0259y\u0259 ba\u015flay\u0131b.<\/p>\n\n\n\n<p>Bundan sonra Avropa Birliyi \u00f6lk\u0259l\u0259ri, el\u0259c\u0259 d\u0259 AB\u015e Rusiyaya qar\u015f\u0131 sanksiyalar t\u0259tbiq edib. 600-d\u0259n \u00e7ox rusiyal\u0131 oliqarx, y\u00fcks\u0259k r\u00fctb\u0259li h\u0259rb\u00e7il\u0259r, \u015firk\u0259t sahibl\u0259ri, biznesmenl\u0259rl\u0259 yana\u015f\u0131, Rusiya Prezidenti Vladimir Putin v\u0259 xarici i\u015fl\u0259r naziri Sergey Lavrov sanksiyalara m\u0259ruz qal\u0131blar.<\/p>\n\n\n\n<p>Rusiyada t\u0259\u015fkil olunacaq yar\u0131\u015flar t\u0259xir\u0259 sal\u0131n\u0131b, bu \u00f6lk\u0259nin ad\u0131 m\u00fch\u00fcm t\u0259dbirl\u0259rd\u0259n v\u0259 t\u0259\u015fkilatlardan \u00e7\u0131xar\u0131l\u0131b.<\/p>\n","protected":false},"excerpt":{"rendered":"<p>Rusiyada ya\u015fayan ukraynal\u0131 s\u0259n\u0259t\u00e7il\u0259rin bir qismi \u201cqara siyah\u0131\u201dya sal\u0131n\u0131b Prezident &#8230; <\/p>\n<p class=\"read-more-container\"><a title=\"Xalq artisti Kiyevd\u0259ki 1,5 milyon dollarl\u0131q m\u0259nzilini itirib\" class=\"read-more button\" href=\"https:\/\/www.meydan.tv\/az\/article\/xalq-artisti-kiyevdeki-15-milyon-dollarliq-menzilini-itirib\/#more-259628\" aria-label=\"Read more about Xalq artisti Kiyevd\u0259ki 1,5 milyon dollarl\u0131q m\u0259nzilini itirib\">Davam\u0131<\/a><\/p>\n","protected":false},"author":8,"featured_media":259633,"comment_status":"closed","ping_status":"closed","sticky":false,"template":"","format":"standard","meta":{"_acf_changed":false,"_sitemap_exclude":false,"_sitemap_priority":"","_sitemap_frequency":"","footnotes":""},"categories":[52,56],"tags":[],"class_list":["post-259628","post","type-post","status-publish","format-standard","has-post-thumbnail","hentry","category-medeniyyet","category-xeberler","infinite-scroll-item","generate-columns","tablet-grid-50","mobile-grid-100","grid-parent","grid-33","no-featured-image-padding"],"acf":[],"yoast_head":"<!-- This site is optimized with the Yoast SEO plugin v27.5 - https:\/\/yoast.com\/product\/yoast-seo-wordpress\/ -->\n<title>Xalq artisti Kiyevd\u0259ki 1,5 milyon dollarl\u0131q m\u0259nzilini itirib - MEYDAN.TV<\/title>\n<meta name=\"robots\" content=\"index, follow, max-snippet:-1, max-image-preview:large, max-video-preview:-1\" \/>\n<link rel=\"canonical\" href=\"https:\/\/www.meydan.tv\/az\/article\/xalq-artisti-kiyevdeki-15-milyon-dollarliq-menzilini-itirib\/\" \/>\n<meta property=\"og:locale\" content=\"az_AZ\" \/>\n<meta property=\"og:type\" content=\"article\" \/>\n<meta property=\"og:title\" content=\"Xalq artisti Kiyevd\u0259ki 1,5 milyon dollarl\u0131q m\u0259nzilini itirib - MEYDAN.TV\" \/>\n<meta property=\"og:description\" content=\"Rusiyada ya\u015fayan ukraynal\u0131 s\u0259n\u0259t\u00e7il\u0259rin bir qismi \u201cqara siyah\u0131\u201dya sal\u0131n\u0131b Prezident ... Davam\u0131\" \/>\n<meta property=\"og:url\" content=\"https:\/\/www.meydan.tv\/az\/article\/xalq-artisti-kiyevdeki-15-milyon-dollarliq-menzilini-itirib\/\" \/>\n<meta property=\"og:site_name\" content=\"MEYDAN.TV\" \/>\n<meta property=\"article:published_time\" content=\"2022-10-28T11:13:07+00:00\" \/>\n<meta property=\"article:modified_time\" content=\"2022-10-28T11:13:11+00:00\" \/>\n<meta property=\"og:image\" content=\"https:\/\/www.meydan.tv\/wp-content\/uploads\/untitled-design-6-23.jpg\" \/>\n\t<meta property=\"og:image:width\" content=\"1200\" \/>\n\t<meta property=\"og:image:height\" content=\"800\" \/>\n\t<meta property=\"og:image:type\" content=\"image\/jpeg\" \/>\n<meta name=\"author\" content=\"elli\" \/>\n<meta name=\"twitter:card\" content=\"summary_large_image\" \/>\n<meta name=\"twitter:creator\" content=\"@elli\" \/>\n<script type=\"application\/ld+json\" class=\"yoast-schema-graph\">{\"@context\":\"https:\\\/\\\/schema.org\",\"@graph\":[{\"@type\":\"Article\",\"@id\":\"https:\\\/\\\/www.meydan.tv\\\/az\\\/article\\\/xalq-artisti-kiyevdeki-15-milyon-dollarliq-menzilini-itirib\\\/#article\",\"isPartOf\":{\"@id\":\"https:\\\/\\\/www.meydan.tv\\\/az\\\/article\\\/xalq-artisti-kiyevdeki-15-milyon-dollarliq-menzilini-itirib\\\/\"},\"author\":{\"name\":\"elli\",\"@id\":\"https:\\\/\\\/www.meydan.tv\\\/az\\\/#\\\/schema\\\/person\\\/9cdbecf90d17180ce1dfbd95b08dcf47\"},\"headline\":\"Xalq artisti Kiyevd\u0259ki 1,5 milyon dollarl\u0131q m\u0259nzilini itirib\",\"datePublished\":\"2022-10-28T11:13:07+00:00\",\"dateModified\":\"2022-10-28T11:13:11+00:00\",\"mainEntityOfPage\":{\"@id\":\"https:\\\/\\\/www.meydan.tv\\\/az\\\/article\\\/xalq-artisti-kiyevdeki-15-milyon-dollarliq-menzilini-itirib\\\/\"},\"wordCount\":126,\"publisher\":{\"@id\":\"https:\\\/\\\/www.meydan.tv\\\/az\\\/#organization\"},\"image\":{\"@id\":\"https:\\\/\\\/www.meydan.tv\\\/az\\\/article\\\/xalq-artisti-kiyevdeki-15-milyon-dollarliq-menzilini-itirib\\\/#primaryimage\"},\"thumbnailUrl\":\"https:\\\/\\\/www.meydan.tv\\\/wp-content\\\/uploads\\\/untitled-design-6-23.jpg\",\"articleSection\":[\"M\u0259d\u0259niyy\u0259t\",\"X\u0259b\u0259rl\u0259r\"],\"inLanguage\":\"az\"},{\"@type\":\"WebPage\",\"@id\":\"https:\\\/\\\/www.meydan.tv\\\/az\\\/article\\\/xalq-artisti-kiyevdeki-15-milyon-dollarliq-menzilini-itirib\\\/\",\"url\":\"https:\\\/\\\/www.meydan.tv\\\/az\\\/article\\\/xalq-artisti-kiyevdeki-15-milyon-dollarliq-menzilini-itirib\\\/\",\"name\":\"Xalq artisti Kiyevd\u0259ki 1,5 milyon dollarl\u0131q m\u0259nzilini itirib - MEYDAN.TV\",\"isPartOf\":{\"@id\":\"https:\\\/\\\/www.meydan.tv\\\/az\\\/#website\"},\"primaryImageOfPage\":{\"@id\":\"https:\\\/\\\/www.meydan.tv\\\/az\\\/article\\\/xalq-artisti-kiyevdeki-15-milyon-dollarliq-menzilini-itirib\\\/#primaryimage\"},\"image\":{\"@id\":\"https:\\\/\\\/www.meydan.tv\\\/az\\\/article\\\/xalq-artisti-kiyevdeki-15-milyon-dollarliq-menzilini-itirib\\\/#primaryimage\"},\"thumbnailUrl\":\"https:\\\/\\\/www.meydan.tv\\\/wp-content\\\/uploads\\\/untitled-design-6-23.jpg\",\"datePublished\":\"2022-10-28T11:13:07+00:00\",\"dateModified\":\"2022-10-28T11:13:11+00:00\",\"breadcrumb\":{\"@id\":\"https:\\\/\\\/www.meydan.tv\\\/az\\\/article\\\/xalq-artisti-kiyevdeki-15-milyon-dollarliq-menzilini-itirib\\\/#breadcrumb\"},\"inLanguage\":\"az\",\"potentialAction\":[{\"@type\":\"ReadAction\",\"target\":[\"https:\\\/\\\/www.meydan.tv\\\/az\\\/article\\\/xalq-artisti-kiyevdeki-15-milyon-dollarliq-menzilini-itirib\\\/\"]}]},{\"@type\":\"ImageObject\",\"inLanguage\":\"az\",\"@id\":\"https:\\\/\\\/www.meydan.tv\\\/az\\\/article\\\/xalq-artisti-kiyevdeki-15-milyon-dollarliq-menzilini-itirib\\\/#primaryimage\",\"url\":\"https:\\\/\\\/www.meydan.tv\\\/wp-content\\\/uploads\\\/untitled-design-6-23.jpg\",\"contentUrl\":\"https:\\\/\\\/www.meydan.tv\\\/wp-content\\\/uploads\\\/untitled-design-6-23.jpg\",\"width\":1200,\"height\":800,\"caption\":\"M\u0259nb\u0259: \\\"starhit.ru\\\"\"},{\"@type\":\"BreadcrumbList\",\"@id\":\"https:\\\/\\\/www.meydan.tv\\\/az\\\/article\\\/xalq-artisti-kiyevdeki-15-milyon-dollarliq-menzilini-itirib\\\/#breadcrumb\",\"itemListElement\":[{\"@type\":\"ListItem\",\"position\":1,\"name\":\"Ana s\u0259hif\u0259\",\"item\":\"https:\\\/\\\/www.meydan.tv\\\/az\\\/\"},{\"@type\":\"ListItem\",\"position\":2,\"name\":\"M\u0259d\u0259niyy\u0259t\",\"item\":\"https:\\\/\\\/www.meydan.tv\\\/az\\\/section\\\/medeniyyet\\\/\"},{\"@type\":\"ListItem\",\"position\":3,\"name\":\"Xalq artisti Kiyevd\u0259ki 1,5 milyon dollarl\u0131q m\u0259nzilini itirib\"}]},{\"@type\":\"WebSite\",\"@id\":\"https:\\\/\\\/www.meydan.tv\\\/az\\\/#website\",\"url\":\"https:\\\/\\\/www.meydan.tv\\\/az\\\/\",\"name\":\"MEYDAN.TV\",\"description\":\"Meydan TV Az\u0259rbaycan\u0131n media m\u0259kan\u0131ndak\u0131 alternativ s\u0259sidir\",\"publisher\":{\"@id\":\"https:\\\/\\\/www.meydan.tv\\\/az\\\/#organization\"},\"potentialAction\":[{\"@type\":\"SearchAction\",\"target\":{\"@type\":\"EntryPoint\",\"urlTemplate\":\"https:\\\/\\\/www.meydan.tv\\\/az\\\/?s={search_term_string}\"},\"query-input\":{\"@type\":\"PropertyValueSpecification\",\"valueRequired\":true,\"valueName\":\"search_term_string\"}}],\"inLanguage\":\"az\"},{\"@type\":\"Organization\",\"@id\":\"https:\\\/\\\/www.meydan.tv\\\/az\\\/#organization\",\"name\":\"Meydan TV\",\"url\":\"https:\\\/\\\/www.meydan.tv\\\/az\\\/\",\"logo\":{\"@type\":\"ImageObject\",\"inLanguage\":\"az\",\"@id\":\"https:\\\/\\\/www.meydan.tv\\\/az\\\/#\\\/schema\\\/logo\\\/image\\\/\",\"url\":\"https:\\\/\\\/www.meydan.tv\\\/wp-content\\\/uploads\\\/2021\\\/07\\\/meydan-logo.svg\",\"contentUrl\":\"https:\\\/\\\/www.meydan.tv\\\/wp-content\\\/uploads\\\/2021\\\/07\\\/meydan-logo.svg\",\"width\":195,\"height\":46,\"caption\":\"Meydan TV\"},\"image\":{\"@id\":\"https:\\\/\\\/www.meydan.tv\\\/az\\\/#\\\/schema\\\/logo\\\/image\\\/\"}},{\"@type\":\"Person\",\"@id\":\"https:\\\/\\\/www.meydan.tv\\\/az\\\/#\\\/schema\\\/person\\\/9cdbecf90d17180ce1dfbd95b08dcf47\",\"name\":\"elli\",\"sameAs\":[\"https:\\\/\\\/x.com\\\/elli\"]}]}<\/script>\n<!-- \/ Yoast SEO plugin. -->","yoast_head_json":{"title":"Xalq artisti Kiyevd\u0259ki 1,5 milyon dollarl\u0131q m\u0259nzilini itirib - MEYDAN.TV","robots":{"index":"index","follow":"follow","max-snippet":"max-snippet:-1","max-image-preview":"max-image-preview:large","max-video-preview":"max-video-preview:-1"},"canonical":"https:\/\/www.meydan.tv\/az\/article\/xalq-artisti-kiyevdeki-15-milyon-dollarliq-menzilini-itirib\/","og_locale":"az_AZ","og_type":"article","og_title":"Xalq artisti Kiyevd\u0259ki 1,5 milyon dollarl\u0131q m\u0259nzilini itirib - MEYDAN.TV","og_description":"Rusiyada ya\u015fayan ukraynal\u0131 s\u0259n\u0259t\u00e7il\u0259rin bir qismi \u201cqara siyah\u0131\u201dya sal\u0131n\u0131b Prezident ... Davam\u0131","og_url":"https:\/\/www.meydan.tv\/az\/article\/xalq-artisti-kiyevdeki-15-milyon-dollarliq-menzilini-itirib\/","og_site_name":"MEYDAN.TV","article_published_time":"2022-10-28T11:13:07+00:00","article_modified_time":"2022-10-28T11:13:11+00:00","og_image":[{"width":1200,"height":800,"url":"https:\/\/www.meydan.tv\/wp-content\/uploads\/untitled-design-6-23.jpg","type":"image\/jpeg"}],"author":"elli","twitter_card":"summary_large_image","twitter_creator":"@elli","schema":{"@context":"https:\/\/schema.org","@graph":[{"@type":"Article","@id":"https:\/\/www.meydan.tv\/az\/article\/xalq-artisti-kiyevdeki-15-milyon-dollarliq-menzilini-itirib\/#article","isPartOf":{"@id":"https:\/\/www.meydan.tv\/az\/article\/xalq-artisti-kiyevdeki-15-milyon-dollarliq-menzilini-itirib\/"},"author":{"name":"elli","@id":"https:\/\/www.meydan.tv\/az\/#\/schema\/person\/9cdbecf90d17180ce1dfbd95b08dcf47"},"headline":"Xalq artisti Kiyevd\u0259ki 1,5 milyon dollarl\u0131q m\u0259nzilini itirib","datePublished":"2022-10-28T11:13:07+00:00","dateModified":"2022-10-28T11:13:11+00:00","mainEntityOfPage":{"@id":"https:\/\/www.meydan.tv\/az\/article\/xalq-artisti-kiyevdeki-15-milyon-dollarliq-menzilini-itirib\/"},"wordCount":126,"publisher":{"@id":"https:\/\/www.meydan.tv\/az\/#organization"},"image":{"@id":"https:\/\/www.meydan.tv\/az\/article\/xalq-artisti-kiyevdeki-15-milyon-dollarliq-menzilini-itirib\/#primaryimage"},"thumbnailUrl":"https:\/\/www.meydan.tv\/wp-content\/uploads\/untitled-design-6-23.jpg","articleSection":["M\u0259d\u0259niyy\u0259t","X\u0259b\u0259rl\u0259r"],"inLanguage":"az"},{"@type":"WebPage","@id":"https:\/\/www.meydan.tv\/az\/article\/xalq-artisti-kiyevdeki-15-milyon-dollarliq-menzilini-itirib\/","url":"https:\/\/www.meydan.tv\/az\/article\/xalq-artisti-kiyevdeki-15-milyon-dollarliq-menzilini-itirib\/","name":"Xalq artisti Kiyevd\u0259ki 1,5 milyon dollarl\u0131q m\u0259nzilini itirib - MEYDAN.TV","isPartOf":{"@id":"https:\/\/www.meydan.tv\/az\/#website"},"primaryImageOfPage":{"@id":"https:\/\/www.meydan.tv\/az\/article\/xalq-artisti-kiyevdeki-15-milyon-dollarliq-menzilini-itirib\/#primaryimage"},"image":{"@id":"https:\/\/www.meydan.tv\/az\/article\/xalq-artisti-kiyevdeki-15-milyon-dollarliq-menzilini-itirib\/#primaryimage"},"thumbnailUrl":"https:\/\/www.meydan.tv\/wp-content\/uploads\/untitled-design-6-23.jpg","datePublished":"2022-10-28T11:13:07+00:00","dateModified":"2022-10-28T11:13:11+00:00","breadcrumb":{"@id":"https:\/\/www.meydan.tv\/az\/article\/xalq-artisti-kiyevdeki-15-milyon-dollarliq-menzilini-itirib\/#breadcrumb"},"inLanguage":"az","potentialAction":[{"@type":"ReadAction","target":["https:\/\/www.meydan.tv\/az\/article\/xalq-artisti-kiyevdeki-15-milyon-dollarliq-menzilini-itirib\/"]}]},{"@type":"ImageObject","inLanguage":"az","@id":"https:\/\/www.meydan.tv\/az\/article\/xalq-artisti-kiyevdeki-15-milyon-dollarliq-menzilini-itirib\/#primaryimage","url":"https:\/\/www.meydan.tv\/wp-content\/uploads\/untitled-design-6-23.jpg","contentUrl":"https:\/\/www.meydan.tv\/wp-content\/uploads\/untitled-design-6-23.jpg","width":1200,"height":800,"caption":"M\u0259nb\u0259: \"starhit.ru\""},{"@type":"BreadcrumbList","@id":"https:\/\/www.meydan.tv\/az\/article\/xalq-artisti-kiyevdeki-15-milyon-dollarliq-menzilini-itirib\/#breadcrumb","itemListElement":[{"@type":"ListItem","position":1,"name":"Ana s\u0259hif\u0259","item":"https:\/\/www.meydan.tv\/az\/"},{"@type":"ListItem","position":2,"name":"M\u0259d\u0259niyy\u0259t","item":"https:\/\/www.meydan.tv\/az\/section\/medeniyyet\/"},{"@type":"ListItem","position":3,"name":"Xalq artisti Kiyevd\u0259ki 1,5 milyon dollarl\u0131q m\u0259nzilini itirib"}]},{"@type":"WebSite","@id":"https:\/\/www.meydan.tv\/az\/#website","url":"https:\/\/www.meydan.tv\/az\/","name":"MEYDAN.TV","description":"Meydan TV Az\u0259rbaycan\u0131n media m\u0259kan\u0131ndak\u0131 alternativ s\u0259sidir","publisher":{"@id":"https:\/\/www.meydan.tv\/az\/#organization"},"potentialAction":[{"@type":"SearchAction","target":{"@type":"EntryPoint","urlTemplate":"https:\/\/www.meydan.tv\/az\/?s={search_term_string}"},"query-input":{"@type":"PropertyValueSpecification","valueRequired":true,"valueName":"search_term_string"}}],"inLanguage":"az"},{"@type":"Organization","@id":"https:\/\/www.meydan.tv\/az\/#organization","name":"Meydan TV","url":"https:\/\/www.meydan.tv\/az\/","logo":{"@type":"ImageObject","inLanguage":"az","@id":"https:\/\/www.meydan.tv\/az\/#\/schema\/logo\/image\/","url":"https:\/\/www.meydan.tv\/wp-content\/uploads\/2021\/07\/meydan-logo.svg","contentUrl":"https:\/\/www.meydan.tv\/wp-content\/uploads\/2021\/07\/meydan-logo.svg","width":195,"height":46,"caption":"Meydan TV"},"image":{"@id":"https:\/\/www.meydan.tv\/az\/#\/schema\/logo\/image\/"}},{"@type":"Person","@id":"https:\/\/www.meydan.tv\/az\/#\/schema\/person\/9cdbecf90d17180ce1dfbd95b08dcf47","name":"elli","sameAs":["https:\/\/x.com\/elli"]}]}},"_links":{"self":[{"href":"https:\/\/www.meydan.tv\/az\/wp-json\/wp\/v2\/posts\/259628","targetHints":{"allow":["GET"]}}],"collection":[{"href":"https:\/\/www.meydan.tv\/az\/wp-json\/wp\/v2\/posts"}],"about":[{"href":"https:\/\/www.meydan.tv\/az\/wp-json\/wp\/v2\/types\/post"}],"author":[{"embeddable":true,"href":"https:\/\/www.meydan.tv\/az\/wp-json\/wp\/v2\/users\/8"}],"replies":[{"embeddable":true,"href":"https:\/\/www.meydan.tv\/az\/wp-json\/wp\/v2\/comments?post=259628"}],"version-history":[{"count":1,"href":"https:\/\/www.meydan.tv\/az\/wp-json\/wp\/v2\/posts\/259628\/revisions"}],"predecessor-version":[{"id":259636,"href":"https:\/\/www.meydan.tv\/az\/wp-json\/wp\/v2\/posts\/259628\/revisions\/259636"}],"wp:featuredmedia":[{"embeddable":true,"href":"https:\/\/www.meydan.tv\/az\/wp-json\/wp\/v2\/media\/259633"}],"wp:attachment":[{"href":"https:\/\/www.meydan.tv\/az\/wp-json\/wp\/v2\/media?parent=259628"}],"wp:term":[{"taxonomy":"category","embeddable":true,"href":"https:\/\/www.meydan.tv\/az\/wp-json\/wp\/v2\/categories?post=259628"},{"taxonomy":"post_tag","embeddable":true,"href":"https:\/\/www.meydan.tv\/az\/wp-json\/wp\/v2\/tags?post=259628"}],"curies":[{"name":"wp","href":"https:\/\/api.w.org\/{rel}","templated":true}]}}