{"id":259608,"date":"2022-10-28T12:32:44","date_gmt":"2022-10-28T08:32:44","guid":{"rendered":"https:\/\/www.meydan.tv\/?p=259608"},"modified":"2022-10-28T12:32:47","modified_gmt":"2022-10-28T08:32:47","slug":"dovlet-bascisi-bir-kelme-he-dese-qisa-zamanda-teatr-binasi-tikiler","status":"publish","type":"post","link":"https:\/\/www.meydan.tv\/az\/article\/dovlet-bascisi-bir-kelme-he-dese-qisa-zamanda-teatr-binasi-tikiler\/","title":{"rendered":"\u201cD\u00f6vl\u0259t ba\u015f\u00e7\u0131s\u0131 bir k\u0259lm\u0259 \u201ch\u0259\u201d des\u0259, q\u0131sa zamanda teatr binas\u0131 tikil\u0259r\u201d"},"content":{"rendered":"\n<p><\/p>\n\n\n\n<p><em>Yadigar Muradov: \u201cAktyor hey\u0259tind\u0259n kiml\u0259rin \u015eu\u015faya qay\u0131daca\u011f\u0131n\u0131 indid\u0259n s\u00f6yl\u0259m\u0259k \u00e7\u0259tindir\u201d<br><\/em><\/p>\n\n\n\n<p>\u201c\u015eu\u015faya qay\u0131dan aktyorlar\u0131n orada m\u0259skunla\u015fmas\u0131 il\u0259 \u0259laq\u0259dar d\u00f6vl\u0259t qar\u015f\u0131s\u0131nda m\u0259s\u0259l\u0259 qald\u0131raca\u011fam\u201d.<\/p>\n\n\n\n<p>Bunu Meydan TV-y\u0259 \u015eu\u015fa D\u00f6vl\u0259t Musiqili Dram Teatr\u0131n\u0131n direktoru, \u0259m\u0259kdar artist Yadigar Muradov deyib.<\/p>\n\n\n\n<p>Direktor bildirib ki, \u015eu\u015fada b\u0259rpa i\u015fl\u0259ri ba\u015fa \u00e7atd\u0131qdan sonra kollektiv yenid\u0259n orada f\u0259aliyy\u0259tini davam etdir\u0259c\u0259k:<\/p>\n\n\n\n<p>\u201cAktyor hey\u0259tind\u0259n kiml\u0259rin \u015eu\u015faya qay\u0131daca\u011f\u0131n\u0131 indid\u0259n s\u00f6yl\u0259m\u0259k \u00e7\u0259tindir. Haz\u0131rda kimd\u0259n soru\u015fursan, deyir ki, birinci m\u0259n qay\u0131daca\u011fam. K\u00f6\u00e7 prosesi ba\u015flayanda kiml\u0259rin ged\u0259c\u0259yi m\u0259lum olacaq. M\u0259nim \u015f\u00fcar\u0131m var; haral\u0131 olmas\u0131ndan as\u0131l\u0131 olmayaraq, kim g\u0259lib, \u015eu\u015fa Teatr\u0131nda i\u015f\u0259 girdis\u0259, teatr\u0131n ya\u015famas\u0131 \u00fc\u00e7\u00fcn \u00e7al\u0131\u015fd\u0131sa, onu \u015fu\u015fal\u0131 hesab edir\u0259m. \u015eu\u015faya qay\u0131dan aktyorlar\u0131n orada evl\u0259 t\u0259min olunmas\u0131 il\u0259 \u0259laqdara da d\u00f6vl\u0259t qar\u015f\u0131s\u0131nda m\u0259s\u0259l\u0259 qald\u0131raca\u011fam\u201d.<\/p>\n\n\n\n<p>\u015eu\u015fa Teatr\u0131n\u0131n f\u0259aliyy\u0259tind\u0259 fasil\u0259l\u0259r <a href=\"https:\/\/d9mc3ts4czbpr.cloudfront.net\/az\/article\/susa-teatrinin-direktor-muavini-bakiya-qastrolumuz-basa-catir\/\" target=\"_blank\" rel=\"noreferrer noopener\">olub<\/a>. 1990-c\u0131 ild\u0259 d\u00f6vl\u0259t teatr\u0131 statusunu b\u0259rpa ed\u0259n teatr\u0131n binas\u0131 olmay\u0131b. H\u0259min ill\u0259rd\u0259 kollektiv\u0259 m\u00fcv\u0259qq\u0259ti Rayon Partiya Komit\u0259sinin yan\u0131nda yerl\u0259\u015f\u0259n M\u0259d\u0259niyy\u0259t evinin binas\u0131n\u0131 veribl\u0259r:<\/p>\n\n\n\n<p>\u201cTeatr\u0131n binas\u0131 il\u0259 ba\u011fl\u0131 layih\u0259 haz\u0131rlanm\u0131\u015fd\u0131. \u015eu\u015fada Nat\u0259van ba\u011f\u0131ndak\u0131 Yay teatr\u0131 olan \u0259razid\u0259 \u015eu\u015fa teatr\u0131 \u00fc\u00e7\u00fcn yeni bina tikil\u0259c\u0259kdi. Binan\u0131n maketi \u015eu\u015fa Rayon \u0130cra Hakimiyy\u0259tinin sabiq ba\u015f\u00e7\u0131s\u0131 Mikay\u0131l G\u00f6z\u0259lovun kabinetind\u0259ydi. T\u0259\u0259ss\u00fcf ki, qism\u0259t olmad\u0131\u201d.<\/p>\n\n\n\n<p>Yadigar Muradov \u00fcmid edir ki, \u015eu\u015fada teatr \u00fc\u00e7\u00fcn bina tikil\u0259c\u0259k:<\/p>\n\n\n\n<p>\u201cO boyda F\u00fczuli, Z\u0259ngilan aeroportunu q\u0131sa bir vaxtda qurub-yaradan ba\u015f\u00e7\u0131m\u0131z, birc\u0259 k\u0259lm\u0259 \u201ch\u0259\u201d des\u0259, y\u0259qin q\u0131sa zamanda teatra bina tikil\u0259r. O g\u00fcn d\u0259 g\u0259l\u0259r. \u015eu\u015fada teatr binan\u0131n tikintisi il\u0259 ba\u011fl\u0131 m\u00fcraci\u0259t etm\u0259k s\u0259lahiyy\u0259tim yoxdur. Bu, onlarl\u0131q i\u015fdir. \u015eu\u015fa m\u0259d\u0259niyy\u0259t \u015f\u0259h\u0259ridir. Birinci elm-t\u0259hsil m\u00fc\u0259ssis\u0259l\u0259ri, daha sonra s\u0259hiyy\u0259 i\u015f\u0259 sal\u0131nmal\u0131d\u0131r. \u015e\u0259h\u0259r\u0259 insanlar k\u00f6\u00e7\u0259nd\u0259n, orada ya\u015fay\u0131\u015f olandan sonra y\u0259qin ham\u0131 \u00fc\u00e7\u00fcn teatra da ehtiyac yaranacaq\u201d.<\/p>\n\n\n\n<p>\u018fm\u0259kdar artist onu da \u0259lav\u0259 edib ki, \u015eu\u015fadak\u0131 ikim\u0259rt\u0259b\u0259li evini teatra ba\u011f\u0131\u015flay\u0131b.<\/p>\n\n\n\n<p>\u201c\u015eu\u015fa azad olunmam\u0131\u015fdan \u0259vv\u0259l evimd\u0259 ke\u015fi\u015f ya\u015fay\u0131b, h\u0259m d\u0259 h\u0259rbi komissarl\u0131q binas\u0131 kimi istifad\u0259 edilib. Haz\u0131rda evimd\u0259 \u015eu\u015fan\u0131n infrastrukturu il\u0259 m\u0259\u015f\u011ful olan 35-40 aras\u0131 adam ya\u015fay\u0131r. K\u00f6\u00e7 ba\u015flas\u0131n, Allah qoysa, \u00fcz\u00fcm\u00fcz\u0259 g\u0259l\u0259n il ged\u0259c\u0259yik\u201d.<\/p>\n\n\n\n<p>M\u0259d\u0259niyy\u0259t naziri Anar K\u0259rimov 2020-ci ild\u0259 \u015eu\u015fada b\u0259rpa olunacaq m\u0259d\u0259niyy\u0259t m\u00fc\u0259ssis\u0259l\u0259rinin siyah\u0131s\u0131n\u0131 a\u00e7\u0131qlam\u0131\u015fd\u0131.<\/p>\n\n\n\n<p>O, \u015eu\u015fada 210 tarix-m\u0259d\u0259niyy\u0259t abid\u0259sinin, 20 m\u0259d\u0259niyy\u0259t evinin, 19 kitabxanan\u0131n, 8 musiqi m\u0259kt\u0259binin, 7 muzeyin, 1 qalereyan\u0131n, 1 teatr\u0131n b\u0259rpa olunaca\u011f\u0131n\u0131 <a href=\"https:\/\/www.meydan.tv\/az\/article\/susada-berpa-olunacaq-medeniyyet-muessiselerinin-siyahisi\/\" target=\"_blank\" rel=\"noreferrer noopener\">bildirmi\u015fdi.<\/a><br><\/p>\n","protected":false},"excerpt":{"rendered":"<p>Yadigar Muradov: \u201cAktyor hey\u0259tind\u0259n kiml\u0259rin \u015eu\u015faya qay\u0131daca\u011f\u0131n\u0131 indid\u0259n s\u00f6yl\u0259m\u0259k \u00e7\u0259tindir\u201d &#8230; <\/p>\n<p class=\"read-more-container\"><a title=\"\u201cD\u00f6vl\u0259t ba\u015f\u00e7\u0131s\u0131 bir k\u0259lm\u0259 \u201ch\u0259\u201d des\u0259, q\u0131sa zamanda teatr binas\u0131 tikil\u0259r\u201d\" class=\"read-more button\" href=\"https:\/\/www.meydan.tv\/az\/article\/dovlet-bascisi-bir-kelme-he-dese-qisa-zamanda-teatr-binasi-tikiler\/#more-259608\" aria-label=\"Read more about \u201cD\u00f6vl\u0259t ba\u015f\u00e7\u0131s\u0131 bir k\u0259lm\u0259 \u201ch\u0259\u201d des\u0259, q\u0131sa zamanda teatr binas\u0131 tikil\u0259r\u201d\">Davam\u0131<\/a><\/p>\n","protected":false},"author":8,"featured_media":259609,"comment_status":"closed","ping_status":"closed","sticky":false,"template":"","format":"standard","meta":{"_acf_changed":false,"_sitemap_exclude":false,"_sitemap_priority":"","_sitemap_frequency":"","footnotes":""},"categories":[52,56],"tags":[],"class_list":["post-259608","post","type-post","status-publish","format-standard","has-post-thumbnail","hentry","category-medeniyyet","category-xeberler","infinite-scroll-item","generate-columns","tablet-grid-50","mobile-grid-100","grid-parent","grid-33","no-featured-image-padding"],"acf":[],"yoast_head":"<!-- This site is optimized with the Yoast SEO plugin v27.5 - https:\/\/yoast.com\/product\/yoast-seo-wordpress\/ -->\n<title>\u201cD\u00f6vl\u0259t ba\u015f\u00e7\u0131s\u0131 bir k\u0259lm\u0259 \u201ch\u0259\u201d des\u0259, q\u0131sa zamanda teatr binas\u0131 tikil\u0259r\u201d - MEYDAN.TV<\/title>\n<meta name=\"robots\" content=\"index, follow, max-snippet:-1, max-image-preview:large, max-video-preview:-1\" \/>\n<link rel=\"canonical\" href=\"https:\/\/www.meydan.tv\/az\/article\/dovlet-bascisi-bir-kelme-he-dese-qisa-zamanda-teatr-binasi-tikiler\/\" \/>\n<meta property=\"og:locale\" content=\"az_AZ\" \/>\n<meta property=\"og:type\" content=\"article\" \/>\n<meta property=\"og:title\" content=\"\u201cD\u00f6vl\u0259t ba\u015f\u00e7\u0131s\u0131 bir k\u0259lm\u0259 \u201ch\u0259\u201d des\u0259, q\u0131sa zamanda teatr binas\u0131 tikil\u0259r\u201d - MEYDAN.TV\" \/>\n<meta property=\"og:description\" content=\"Yadigar Muradov: \u201cAktyor hey\u0259tind\u0259n kiml\u0259rin \u015eu\u015faya qay\u0131daca\u011f\u0131n\u0131 indid\u0259n s\u00f6yl\u0259m\u0259k \u00e7\u0259tindir\u201d ... Davam\u0131\" \/>\n<meta property=\"og:url\" content=\"https:\/\/www.meydan.tv\/az\/article\/dovlet-bascisi-bir-kelme-he-dese-qisa-zamanda-teatr-binasi-tikiler\/\" \/>\n<meta property=\"og:site_name\" content=\"MEYDAN.TV\" \/>\n<meta property=\"article:published_time\" content=\"2022-10-28T08:32:44+00:00\" \/>\n<meta property=\"article:modified_time\" content=\"2022-10-28T08:32:47+00:00\" \/>\n<meta property=\"og:image\" content=\"https:\/\/www.meydan.tv\/wp-content\/uploads\/untitled-design-5-32-e1666945958133.jpg\" \/>\n\t<meta property=\"og:image:width\" content=\"1200\" \/>\n\t<meta property=\"og:image:height\" content=\"705\" \/>\n\t<meta property=\"og:image:type\" content=\"image\/jpeg\" \/>\n<meta name=\"author\" content=\"elli\" \/>\n<meta name=\"twitter:card\" content=\"summary_large_image\" \/>\n<meta name=\"twitter:creator\" content=\"@elli\" \/>\n<script type=\"application\/ld+json\" class=\"yoast-schema-graph\">{\"@context\":\"https:\\\/\\\/schema.org\",\"@graph\":[{\"@type\":\"Article\",\"@id\":\"https:\\\/\\\/www.meydan.tv\\\/az\\\/article\\\/dovlet-bascisi-bir-kelme-he-dese-qisa-zamanda-teatr-binasi-tikiler\\\/#article\",\"isPartOf\":{\"@id\":\"https:\\\/\\\/www.meydan.tv\\\/az\\\/article\\\/dovlet-bascisi-bir-kelme-he-dese-qisa-zamanda-teatr-binasi-tikiler\\\/\"},\"author\":{\"name\":\"elli\",\"@id\":\"https:\\\/\\\/www.meydan.tv\\\/az\\\/#\\\/schema\\\/person\\\/9cdbecf90d17180ce1dfbd95b08dcf47\"},\"headline\":\"\u201cD\u00f6vl\u0259t ba\u015f\u00e7\u0131s\u0131 bir k\u0259lm\u0259 \u201ch\u0259\u201d des\u0259, q\u0131sa zamanda teatr binas\u0131 tikil\u0259r\u201d\",\"datePublished\":\"2022-10-28T08:32:44+00:00\",\"dateModified\":\"2022-10-28T08:32:47+00:00\",\"mainEntityOfPage\":{\"@id\":\"https:\\\/\\\/www.meydan.tv\\\/az\\\/article\\\/dovlet-bascisi-bir-kelme-he-dese-qisa-zamanda-teatr-binasi-tikiler\\\/\"},\"wordCount\":572,\"publisher\":{\"@id\":\"https:\\\/\\\/www.meydan.tv\\\/az\\\/#organization\"},\"image\":{\"@id\":\"https:\\\/\\\/www.meydan.tv\\\/az\\\/article\\\/dovlet-bascisi-bir-kelme-he-dese-qisa-zamanda-teatr-binasi-tikiler\\\/#primaryimage\"},\"thumbnailUrl\":\"https:\\\/\\\/www.meydan.tv\\\/wp-content\\\/uploads\\\/untitled-design-5-32-e1666945958133.jpg\",\"articleSection\":[\"M\u0259d\u0259niyy\u0259t\",\"X\u0259b\u0259rl\u0259r\"],\"inLanguage\":\"az\"},{\"@type\":\"WebPage\",\"@id\":\"https:\\\/\\\/www.meydan.tv\\\/az\\\/article\\\/dovlet-bascisi-bir-kelme-he-dese-qisa-zamanda-teatr-binasi-tikiler\\\/\",\"url\":\"https:\\\/\\\/www.meydan.tv\\\/az\\\/article\\\/dovlet-bascisi-bir-kelme-he-dese-qisa-zamanda-teatr-binasi-tikiler\\\/\",\"name\":\"\u201cD\u00f6vl\u0259t ba\u015f\u00e7\u0131s\u0131 bir k\u0259lm\u0259 \u201ch\u0259\u201d des\u0259, q\u0131sa zamanda teatr binas\u0131 tikil\u0259r\u201d - MEYDAN.TV\",\"isPartOf\":{\"@id\":\"https:\\\/\\\/www.meydan.tv\\\/az\\\/#website\"},\"primaryImageOfPage\":{\"@id\":\"https:\\\/\\\/www.meydan.tv\\\/az\\\/article\\\/dovlet-bascisi-bir-kelme-he-dese-qisa-zamanda-teatr-binasi-tikiler\\\/#primaryimage\"},\"image\":{\"@id\":\"https:\\\/\\\/www.meydan.tv\\\/az\\\/article\\\/dovlet-bascisi-bir-kelme-he-dese-qisa-zamanda-teatr-binasi-tikiler\\\/#primaryimage\"},\"thumbnailUrl\":\"https:\\\/\\\/www.meydan.tv\\\/wp-content\\\/uploads\\\/untitled-design-5-32-e1666945958133.jpg\",\"datePublished\":\"2022-10-28T08:32:44+00:00\",\"dateModified\":\"2022-10-28T08:32:47+00:00\",\"breadcrumb\":{\"@id\":\"https:\\\/\\\/www.meydan.tv\\\/az\\\/article\\\/dovlet-bascisi-bir-kelme-he-dese-qisa-zamanda-teatr-binasi-tikiler\\\/#breadcrumb\"},\"inLanguage\":\"az\",\"potentialAction\":[{\"@type\":\"ReadAction\",\"target\":[\"https:\\\/\\\/www.meydan.tv\\\/az\\\/article\\\/dovlet-bascisi-bir-kelme-he-dese-qisa-zamanda-teatr-binasi-tikiler\\\/\"]}]},{\"@type\":\"ImageObject\",\"inLanguage\":\"az\",\"@id\":\"https:\\\/\\\/www.meydan.tv\\\/az\\\/article\\\/dovlet-bascisi-bir-kelme-he-dese-qisa-zamanda-teatr-binasi-tikiler\\\/#primaryimage\",\"url\":\"https:\\\/\\\/www.meydan.tv\\\/wp-content\\\/uploads\\\/untitled-design-5-32-e1666945958133.jpg\",\"contentUrl\":\"https:\\\/\\\/www.meydan.tv\\\/wp-content\\\/uploads\\\/untitled-design-5-32-e1666945958133.jpg\",\"width\":1200,\"height\":705,\"caption\":\"Yadigar Muradov. Foto: \\\"teleqraf.com\\\"\"},{\"@type\":\"BreadcrumbList\",\"@id\":\"https:\\\/\\\/www.meydan.tv\\\/az\\\/article\\\/dovlet-bascisi-bir-kelme-he-dese-qisa-zamanda-teatr-binasi-tikiler\\\/#breadcrumb\",\"itemListElement\":[{\"@type\":\"ListItem\",\"position\":1,\"name\":\"Ana s\u0259hif\u0259\",\"item\":\"https:\\\/\\\/www.meydan.tv\\\/az\\\/\"},{\"@type\":\"ListItem\",\"position\":2,\"name\":\"M\u0259d\u0259niyy\u0259t\",\"item\":\"https:\\\/\\\/www.meydan.tv\\\/az\\\/section\\\/medeniyyet\\\/\"},{\"@type\":\"ListItem\",\"position\":3,\"name\":\"\u201cD\u00f6vl\u0259t ba\u015f\u00e7\u0131s\u0131 bir k\u0259lm\u0259 \u201ch\u0259\u201d des\u0259, q\u0131sa zamanda teatr binas\u0131 tikil\u0259r\u201d\"}]},{\"@type\":\"WebSite\",\"@id\":\"https:\\\/\\\/www.meydan.tv\\\/az\\\/#website\",\"url\":\"https:\\\/\\\/www.meydan.tv\\\/az\\\/\",\"name\":\"MEYDAN.TV\",\"description\":\"Meydan TV Az\u0259rbaycan\u0131n media m\u0259kan\u0131ndak\u0131 alternativ s\u0259sidir\",\"publisher\":{\"@id\":\"https:\\\/\\\/www.meydan.tv\\\/az\\\/#organization\"},\"potentialAction\":[{\"@type\":\"SearchAction\",\"target\":{\"@type\":\"EntryPoint\",\"urlTemplate\":\"https:\\\/\\\/www.meydan.tv\\\/az\\\/?s={search_term_string}\"},\"query-input\":{\"@type\":\"PropertyValueSpecification\",\"valueRequired\":true,\"valueName\":\"search_term_string\"}}],\"inLanguage\":\"az\"},{\"@type\":\"Organization\",\"@id\":\"https:\\\/\\\/www.meydan.tv\\\/az\\\/#organization\",\"name\":\"Meydan TV\",\"url\":\"https:\\\/\\\/www.meydan.tv\\\/az\\\/\",\"logo\":{\"@type\":\"ImageObject\",\"inLanguage\":\"az\",\"@id\":\"https:\\\/\\\/www.meydan.tv\\\/az\\\/#\\\/schema\\\/logo\\\/image\\\/\",\"url\":\"https:\\\/\\\/www.meydan.tv\\\/wp-content\\\/uploads\\\/2021\\\/07\\\/meydan-logo.svg\",\"contentUrl\":\"https:\\\/\\\/www.meydan.tv\\\/wp-content\\\/uploads\\\/2021\\\/07\\\/meydan-logo.svg\",\"width\":195,\"height\":46,\"caption\":\"Meydan TV\"},\"image\":{\"@id\":\"https:\\\/\\\/www.meydan.tv\\\/az\\\/#\\\/schema\\\/logo\\\/image\\\/\"}},{\"@type\":\"Person\",\"@id\":\"https:\\\/\\\/www.meydan.tv\\\/az\\\/#\\\/schema\\\/person\\\/9cdbecf90d17180ce1dfbd95b08dcf47\",\"name\":\"elli\",\"sameAs\":[\"https:\\\/\\\/x.com\\\/elli\"]}]}<\/script>\n<!-- \/ Yoast SEO plugin. -->","yoast_head_json":{"title":"\u201cD\u00f6vl\u0259t ba\u015f\u00e7\u0131s\u0131 bir k\u0259lm\u0259 \u201ch\u0259\u201d des\u0259, q\u0131sa zamanda teatr binas\u0131 tikil\u0259r\u201d - MEYDAN.TV","robots":{"index":"index","follow":"follow","max-snippet":"max-snippet:-1","max-image-preview":"max-image-preview:large","max-video-preview":"max-video-preview:-1"},"canonical":"https:\/\/www.meydan.tv\/az\/article\/dovlet-bascisi-bir-kelme-he-dese-qisa-zamanda-teatr-binasi-tikiler\/","og_locale":"az_AZ","og_type":"article","og_title":"\u201cD\u00f6vl\u0259t ba\u015f\u00e7\u0131s\u0131 bir k\u0259lm\u0259 \u201ch\u0259\u201d des\u0259, q\u0131sa zamanda teatr binas\u0131 tikil\u0259r\u201d - MEYDAN.TV","og_description":"Yadigar Muradov: \u201cAktyor hey\u0259tind\u0259n kiml\u0259rin \u015eu\u015faya qay\u0131daca\u011f\u0131n\u0131 indid\u0259n s\u00f6yl\u0259m\u0259k \u00e7\u0259tindir\u201d ... Davam\u0131","og_url":"https:\/\/www.meydan.tv\/az\/article\/dovlet-bascisi-bir-kelme-he-dese-qisa-zamanda-teatr-binasi-tikiler\/","og_site_name":"MEYDAN.TV","article_published_time":"2022-10-28T08:32:44+00:00","article_modified_time":"2022-10-28T08:32:47+00:00","og_image":[{"width":1200,"height":705,"url":"https:\/\/www.meydan.tv\/wp-content\/uploads\/untitled-design-5-32-e1666945958133.jpg","type":"image\/jpeg"}],"author":"elli","twitter_card":"summary_large_image","twitter_creator":"@elli","schema":{"@context":"https:\/\/schema.org","@graph":[{"@type":"Article","@id":"https:\/\/www.meydan.tv\/az\/article\/dovlet-bascisi-bir-kelme-he-dese-qisa-zamanda-teatr-binasi-tikiler\/#article","isPartOf":{"@id":"https:\/\/www.meydan.tv\/az\/article\/dovlet-bascisi-bir-kelme-he-dese-qisa-zamanda-teatr-binasi-tikiler\/"},"author":{"name":"elli","@id":"https:\/\/www.meydan.tv\/az\/#\/schema\/person\/9cdbecf90d17180ce1dfbd95b08dcf47"},"headline":"\u201cD\u00f6vl\u0259t ba\u015f\u00e7\u0131s\u0131 bir k\u0259lm\u0259 \u201ch\u0259\u201d des\u0259, q\u0131sa zamanda teatr binas\u0131 tikil\u0259r\u201d","datePublished":"2022-10-28T08:32:44+00:00","dateModified":"2022-10-28T08:32:47+00:00","mainEntityOfPage":{"@id":"https:\/\/www.meydan.tv\/az\/article\/dovlet-bascisi-bir-kelme-he-dese-qisa-zamanda-teatr-binasi-tikiler\/"},"wordCount":572,"publisher":{"@id":"https:\/\/www.meydan.tv\/az\/#organization"},"image":{"@id":"https:\/\/www.meydan.tv\/az\/article\/dovlet-bascisi-bir-kelme-he-dese-qisa-zamanda-teatr-binasi-tikiler\/#primaryimage"},"thumbnailUrl":"https:\/\/www.meydan.tv\/wp-content\/uploads\/untitled-design-5-32-e1666945958133.jpg","articleSection":["M\u0259d\u0259niyy\u0259t","X\u0259b\u0259rl\u0259r"],"inLanguage":"az"},{"@type":"WebPage","@id":"https:\/\/www.meydan.tv\/az\/article\/dovlet-bascisi-bir-kelme-he-dese-qisa-zamanda-teatr-binasi-tikiler\/","url":"https:\/\/www.meydan.tv\/az\/article\/dovlet-bascisi-bir-kelme-he-dese-qisa-zamanda-teatr-binasi-tikiler\/","name":"\u201cD\u00f6vl\u0259t ba\u015f\u00e7\u0131s\u0131 bir k\u0259lm\u0259 \u201ch\u0259\u201d des\u0259, q\u0131sa zamanda teatr binas\u0131 tikil\u0259r\u201d - MEYDAN.TV","isPartOf":{"@id":"https:\/\/www.meydan.tv\/az\/#website"},"primaryImageOfPage":{"@id":"https:\/\/www.meydan.tv\/az\/article\/dovlet-bascisi-bir-kelme-he-dese-qisa-zamanda-teatr-binasi-tikiler\/#primaryimage"},"image":{"@id":"https:\/\/www.meydan.tv\/az\/article\/dovlet-bascisi-bir-kelme-he-dese-qisa-zamanda-teatr-binasi-tikiler\/#primaryimage"},"thumbnailUrl":"https:\/\/www.meydan.tv\/wp-content\/uploads\/untitled-design-5-32-e1666945958133.jpg","datePublished":"2022-10-28T08:32:44+00:00","dateModified":"2022-10-28T08:32:47+00:00","breadcrumb":{"@id":"https:\/\/www.meydan.tv\/az\/article\/dovlet-bascisi-bir-kelme-he-dese-qisa-zamanda-teatr-binasi-tikiler\/#breadcrumb"},"inLanguage":"az","potentialAction":[{"@type":"ReadAction","target":["https:\/\/www.meydan.tv\/az\/article\/dovlet-bascisi-bir-kelme-he-dese-qisa-zamanda-teatr-binasi-tikiler\/"]}]},{"@type":"ImageObject","inLanguage":"az","@id":"https:\/\/www.meydan.tv\/az\/article\/dovlet-bascisi-bir-kelme-he-dese-qisa-zamanda-teatr-binasi-tikiler\/#primaryimage","url":"https:\/\/www.meydan.tv\/wp-content\/uploads\/untitled-design-5-32-e1666945958133.jpg","contentUrl":"https:\/\/www.meydan.tv\/wp-content\/uploads\/untitled-design-5-32-e1666945958133.jpg","width":1200,"height":705,"caption":"Yadigar Muradov. Foto: \"teleqraf.com\""},{"@type":"BreadcrumbList","@id":"https:\/\/www.meydan.tv\/az\/article\/dovlet-bascisi-bir-kelme-he-dese-qisa-zamanda-teatr-binasi-tikiler\/#breadcrumb","itemListElement":[{"@type":"ListItem","position":1,"name":"Ana s\u0259hif\u0259","item":"https:\/\/www.meydan.tv\/az\/"},{"@type":"ListItem","position":2,"name":"M\u0259d\u0259niyy\u0259t","item":"https:\/\/www.meydan.tv\/az\/section\/medeniyyet\/"},{"@type":"ListItem","position":3,"name":"\u201cD\u00f6vl\u0259t ba\u015f\u00e7\u0131s\u0131 bir k\u0259lm\u0259 \u201ch\u0259\u201d des\u0259, q\u0131sa zamanda teatr binas\u0131 tikil\u0259r\u201d"}]},{"@type":"WebSite","@id":"https:\/\/www.meydan.tv\/az\/#website","url":"https:\/\/www.meydan.tv\/az\/","name":"MEYDAN.TV","description":"Meydan TV Az\u0259rbaycan\u0131n media m\u0259kan\u0131ndak\u0131 alternativ s\u0259sidir","publisher":{"@id":"https:\/\/www.meydan.tv\/az\/#organization"},"potentialAction":[{"@type":"SearchAction","target":{"@type":"EntryPoint","urlTemplate":"https:\/\/www.meydan.tv\/az\/?s={search_term_string}"},"query-input":{"@type":"PropertyValueSpecification","valueRequired":true,"valueName":"search_term_string"}}],"inLanguage":"az"},{"@type":"Organization","@id":"https:\/\/www.meydan.tv\/az\/#organization","name":"Meydan TV","url":"https:\/\/www.meydan.tv\/az\/","logo":{"@type":"ImageObject","inLanguage":"az","@id":"https:\/\/www.meydan.tv\/az\/#\/schema\/logo\/image\/","url":"https:\/\/www.meydan.tv\/wp-content\/uploads\/2021\/07\/meydan-logo.svg","contentUrl":"https:\/\/www.meydan.tv\/wp-content\/uploads\/2021\/07\/meydan-logo.svg","width":195,"height":46,"caption":"Meydan TV"},"image":{"@id":"https:\/\/www.meydan.tv\/az\/#\/schema\/logo\/image\/"}},{"@type":"Person","@id":"https:\/\/www.meydan.tv\/az\/#\/schema\/person\/9cdbecf90d17180ce1dfbd95b08dcf47","name":"elli","sameAs":["https:\/\/x.com\/elli"]}]}},"_links":{"self":[{"href":"https:\/\/www.meydan.tv\/az\/wp-json\/wp\/v2\/posts\/259608","targetHints":{"allow":["GET"]}}],"collection":[{"href":"https:\/\/www.meydan.tv\/az\/wp-json\/wp\/v2\/posts"}],"about":[{"href":"https:\/\/www.meydan.tv\/az\/wp-json\/wp\/v2\/types\/post"}],"author":[{"embeddable":true,"href":"https:\/\/www.meydan.tv\/az\/wp-json\/wp\/v2\/users\/8"}],"replies":[{"embeddable":true,"href":"https:\/\/www.meydan.tv\/az\/wp-json\/wp\/v2\/comments?post=259608"}],"version-history":[{"count":1,"href":"https:\/\/www.meydan.tv\/az\/wp-json\/wp\/v2\/posts\/259608\/revisions"}],"predecessor-version":[{"id":259612,"href":"https:\/\/www.meydan.tv\/az\/wp-json\/wp\/v2\/posts\/259608\/revisions\/259612"}],"wp:featuredmedia":[{"embeddable":true,"href":"https:\/\/www.meydan.tv\/az\/wp-json\/wp\/v2\/media\/259609"}],"wp:attachment":[{"href":"https:\/\/www.meydan.tv\/az\/wp-json\/wp\/v2\/media?parent=259608"}],"wp:term":[{"taxonomy":"category","embeddable":true,"href":"https:\/\/www.meydan.tv\/az\/wp-json\/wp\/v2\/categories?post=259608"},{"taxonomy":"post_tag","embeddable":true,"href":"https:\/\/www.meydan.tv\/az\/wp-json\/wp\/v2\/tags?post=259608"}],"curies":[{"name":"wp","href":"https:\/\/api.w.org\/{rel}","templated":true}]}}