{"id":259584,"date":"2022-10-27T22:16:30","date_gmt":"2022-10-27T18:16:30","guid":{"rendered":"https:\/\/www.meydan.tv\/?p=259584"},"modified":"2022-10-27T22:16:33","modified_gmt":"2022-10-27T18:16:33","slug":"atet-stiven-siqala-qarsi-sanksiya-tetbiq-olunmasini-isteyir%ef%bf%bc","status":"publish","type":"post","link":"https:\/\/www.meydan.tv\/az\/article\/atet-stiven-siqala-qarsi-sanksiya-tetbiq-olunmasini-isteyir%ef%bf%bc\/","title":{"rendered":"AT\u018fT Stiven Siqala qar\u015f\u0131 sanksiya t\u0259tbiq olunmas\u0131n\u0131 ist\u0259yir\ufffc"},"content":{"rendered":"\n<p><\/p>\n\n\n\n<p><em>Qurum AB\u015e-\u0131n d\u00f6vl\u0259t katibi Entoni Blinken\u0259 v\u0259 Avropa \u0130ttifaq\u0131n\u0131n xarici i\u015fl\u0259r v\u0259 t\u0259hl\u00fck\u0259sizlik siyas\u0259ti \u00fczr\u0259 ali n\u00fcmay\u0259nd\u0259si Cozep Borrel\u0259 m\u0259ktub g\u00f6nd\u0259rib<\/em><\/p>\n\n\n\n<p>Avropada T\u0259hl\u00fck\u0259sizlik v\u0259 \u018fm\u0259kda\u015fl\u0131q T\u0259\u015fkilat\u0131 (AT\u018fT) Va\u015finqtona aktyor, rejissor, Rusiya Xarici \u0130\u015fl\u0259r Nazirliyinin AB\u015e-la humanitar \u0259laq\u0259l\u0259r \u00fczr\u0259 x\u00fcsusi n\u00fcmay\u0259nd\u0259si Stiven Siqala qar\u015f\u0131 \u015f\u0259xsi sanksiya t\u0259tbiq edilm\u0259si il\u0259 ba\u011fl\u0131 t\u00f6vsiy\u0259 \u00fcnvanlay\u0131b.<\/p>\n\n\n\n<p>Bu bar\u0259d\u0259 \u201cNewsweek\u201d m\u0259lumat <a href=\"https:\/\/www.newsweek.com\/steven-seagal-russia-ukraine-war-sanction-1754922\" target=\"_blank\" rel=\"noreferrer noopener\">yay\u0131b.<\/a><\/p>\n\n\n\n<p>AT\u018fT AB\u015e-\u0131n d\u00f6vl\u0259t katibi Entoni Blinken\u0259 v\u0259 Avropa \u0130ttifaq\u0131n\u0131n xarici i\u015fl\u0259r v\u0259 t\u0259hl\u00fck\u0259sizlik siyas\u0259ti \u00fczr\u0259 ali n\u00fcmay\u0259nd\u0259si Cozep Borrel\u0259 m\u0259ktub g\u00f6nd\u0259rib.<\/p>\n\n\n\n<p>H\u0259ms\u0259dr Stiv Koen, konqresmen Co Vilson v\u0259 Estoniya, Ukrayna, Avropa Parlamenti v\u0259 Pol\u015fadan olan siyas\u0259t\u00e7il\u0259r t\u0259klifi imzalay\u0131blar.<\/p>\n\n\n\n<p>Sanksiya bar\u0259d\u0259 m\u00fcraci\u0259t\u0259 s\u0259b\u0259b Siqal\u0131n 2022-ci ilin avqustunda Donbasa m\u00fcharib\u0259 haqq\u0131nda s\u0259n\u0259dli film \u00e7\u0259km\u0259k \u00fc\u00e7\u00fcn getm\u0259si olub.<\/p>\n\n\n\n<p>Yelenovka \u015f\u0259h\u0259rind\u0259ki raket z\u0259rb\u0259si n\u0259tic\u0259sind\u0259 da\u011f\u0131d\u0131lan t\u0259cridxanan\u0131n xarabal\u0131\u011f\u0131nda olan aktyor Ukrayna Prezidenti Volodimir Zelenskini Cenevr\u0259 Konvensiyas\u0131n\u0131 (H\u0259rbi \u0259sirl\u0259rl\u0259 r\u0259ftar haqq\u0131nda) pozmaqda ittiham edib.<\/p>\n\n\n\n<p>2022-ci il iyulun 29-da Rusiya M\u00fcdafi\u0259 Nazirliyi \u0259sir g\u00f6t\u00fcr\u00fclm\u00fc\u015f Ukrayna \u0259sg\u0259rl\u0259rinin saxland\u0131\u011f\u0131 Donetskin Yelenovka \u015f\u0259h\u0259rind\u0259ki t\u0259cridxanaya Amerikan\u0131n \u201cHIMARS\u201d reaktiv yayl\u0131m at\u0259\u015fi sistemind\u0259n raket z\u0259rb\u0259l\u0259ri endirilm\u0259si bar\u0259d\u0259 m\u0259lumat yay\u0131b.<\/p>\n\n\n\n<p>Stiven Siqal 2016-c\u0131 ild\u0259 Rusiya v\u0259t\u0259nda\u015fl\u0131\u011f\u0131na dair pasport al\u0131b.<\/p>\n\n\n\n<p>Ona s\u0259n\u0259di Prezident Vladimir Putin t\u0259qdim edib.<\/p>\n\n\n\n<p>Siqal 2021-ci ild\u0259n \u018fdal\u0259tli Rusiya Partiyas\u0131n\u0131n \u00fczv\u00fcd\u00fcr.<\/p>\n\n\n\n<p>H\u0259m\u00e7inin Rusiyan\u0131n AB\u015e-dak\u0131 x\u00fcsusi n\u00fcmay\u0259nd\u0259sidir.<\/p>\n\n\n\n<p>Fevral\u0131n 24-d\u0259 Rusiya Ukraynan\u0131n Donbas b\u00f6lg\u0259sind\u0259 geni\u015fmiqyasl\u0131 h\u0259rbi \u0259m\u0259liyyatlara ba\u015flay\u0131b.<\/p>\n\n\n\n<p>D\u00fcnyan\u0131n \u0259ks\u0259r \u00f6lk\u0259si Rusiyan\u0131n h\u00fccumunu pisl\u0259yib.<\/p>\n\n\n\n<p>Bundan sonra Avropa Birliyi \u00f6lk\u0259l\u0259ri, el\u0259c\u0259 d\u0259 AB\u015e Rusiyaya qar\u015f\u0131 sanksiyalar t\u0259tbiq edib.<\/p>\n","protected":false},"excerpt":{"rendered":"<p>Qurum AB\u015e-\u0131n d\u00f6vl\u0259t katibi Entoni Blinken\u0259 v\u0259 Avropa \u0130ttifaq\u0131n\u0131n xarici &#8230; <\/p>\n<p class=\"read-more-container\"><a title=\"AT\u018fT Stiven Siqala qar\u015f\u0131 sanksiya t\u0259tbiq olunmas\u0131n\u0131 ist\u0259yir\ufffc\" class=\"read-more button\" href=\"https:\/\/www.meydan.tv\/az\/article\/atet-stiven-siqala-qarsi-sanksiya-tetbiq-olunmasini-isteyir%ef%bf%bc\/#more-259584\" aria-label=\"Read more about AT\u018fT Stiven Siqala qar\u015f\u0131 sanksiya t\u0259tbiq olunmas\u0131n\u0131 ist\u0259yir\ufffc\">Davam\u0131<\/a><\/p>\n","protected":false},"author":8,"featured_media":252902,"comment_status":"closed","ping_status":"closed","sticky":false,"template":"","format":"standard","meta":{"_acf_changed":false,"_sitemap_exclude":false,"_sitemap_priority":"","_sitemap_frequency":"","footnotes":""},"categories":[52,56],"tags":[],"class_list":["post-259584","post","type-post","status-publish","format-standard","has-post-thumbnail","hentry","category-medeniyyet","category-xeberler","infinite-scroll-item","generate-columns","tablet-grid-50","mobile-grid-100","grid-parent","grid-33","no-featured-image-padding"],"acf":[],"yoast_head":"<!-- This site is optimized with the Yoast SEO plugin v27.5 - https:\/\/yoast.com\/product\/yoast-seo-wordpress\/ -->\n<title>AT\u018fT Stiven Siqala qar\u015f\u0131 sanksiya t\u0259tbiq olunmas\u0131n\u0131 ist\u0259yir\ufffc - MEYDAN.TV<\/title>\n<meta name=\"robots\" content=\"index, follow, max-snippet:-1, max-image-preview:large, max-video-preview:-1\" \/>\n<link rel=\"canonical\" href=\"https:\/\/www.meydan.tv\/az\/article\/atet-stiven-siqala-qarsi-sanksiya-tetbiq-olunmasini-isteyir%ef%bf%bc\/\" \/>\n<meta property=\"og:locale\" content=\"az_AZ\" \/>\n<meta property=\"og:type\" content=\"article\" \/>\n<meta property=\"og:title\" content=\"AT\u018fT Stiven Siqala qar\u015f\u0131 sanksiya t\u0259tbiq olunmas\u0131n\u0131 ist\u0259yir\ufffc - MEYDAN.TV\" \/>\n<meta property=\"og:description\" content=\"Qurum AB\u015e-\u0131n d\u00f6vl\u0259t katibi Entoni Blinken\u0259 v\u0259 Avropa \u0130ttifaq\u0131n\u0131n xarici ... Davam\u0131\" \/>\n<meta property=\"og:url\" content=\"https:\/\/www.meydan.tv\/az\/article\/atet-stiven-siqala-qarsi-sanksiya-tetbiq-olunmasini-isteyir%ef%bf%bc\/\" \/>\n<meta property=\"og:site_name\" content=\"MEYDAN.TV\" \/>\n<meta property=\"article:published_time\" content=\"2022-10-27T18:16:30+00:00\" \/>\n<meta property=\"article:modified_time\" content=\"2022-10-27T18:16:33+00:00\" \/>\n<meta property=\"og:image\" content=\"https:\/\/www.meydan.tv\/wp-content\/uploads\/siqal-e1660129311749.jpg\" \/>\n\t<meta property=\"og:image:width\" content=\"1200\" \/>\n\t<meta property=\"og:image:height\" content=\"477\" \/>\n\t<meta property=\"og:image:type\" content=\"image\/jpeg\" \/>\n<meta name=\"author\" content=\"elli\" \/>\n<meta name=\"twitter:card\" content=\"summary_large_image\" \/>\n<meta name=\"twitter:creator\" content=\"@elli\" \/>\n<script type=\"application\/ld+json\" class=\"yoast-schema-graph\">{\"@context\":\"https:\\\/\\\/schema.org\",\"@graph\":[{\"@type\":\"Article\",\"@id\":\"https:\\\/\\\/www.meydan.tv\\\/az\\\/article\\\/atet-stiven-siqala-qarsi-sanksiya-tetbiq-olunmasini-isteyir%ef%bf%bc\\\/#article\",\"isPartOf\":{\"@id\":\"https:\\\/\\\/www.meydan.tv\\\/az\\\/article\\\/atet-stiven-siqala-qarsi-sanksiya-tetbiq-olunmasini-isteyir%ef%bf%bc\\\/\"},\"author\":{\"name\":\"elli\",\"@id\":\"https:\\\/\\\/www.meydan.tv\\\/az\\\/#\\\/schema\\\/person\\\/9cdbecf90d17180ce1dfbd95b08dcf47\"},\"headline\":\"AT\u018fT Stiven Siqala qar\u015f\u0131 sanksiya t\u0259tbiq olunmas\u0131n\u0131 ist\u0259yir\ufffc\",\"datePublished\":\"2022-10-27T18:16:30+00:00\",\"dateModified\":\"2022-10-27T18:16:33+00:00\",\"mainEntityOfPage\":{\"@id\":\"https:\\\/\\\/www.meydan.tv\\\/az\\\/article\\\/atet-stiven-siqala-qarsi-sanksiya-tetbiq-olunmasini-isteyir%ef%bf%bc\\\/\"},\"wordCount\":391,\"publisher\":{\"@id\":\"https:\\\/\\\/www.meydan.tv\\\/az\\\/#organization\"},\"image\":{\"@id\":\"https:\\\/\\\/www.meydan.tv\\\/az\\\/article\\\/atet-stiven-siqala-qarsi-sanksiya-tetbiq-olunmasini-isteyir%ef%bf%bc\\\/#primaryimage\"},\"thumbnailUrl\":\"https:\\\/\\\/www.meydan.tv\\\/wp-content\\\/uploads\\\/siqal-e1660129311749.jpg\",\"articleSection\":[\"M\u0259d\u0259niyy\u0259t\",\"X\u0259b\u0259rl\u0259r\"],\"inLanguage\":\"az\"},{\"@type\":\"WebPage\",\"@id\":\"https:\\\/\\\/www.meydan.tv\\\/az\\\/article\\\/atet-stiven-siqala-qarsi-sanksiya-tetbiq-olunmasini-isteyir%ef%bf%bc\\\/\",\"url\":\"https:\\\/\\\/www.meydan.tv\\\/az\\\/article\\\/atet-stiven-siqala-qarsi-sanksiya-tetbiq-olunmasini-isteyir%ef%bf%bc\\\/\",\"name\":\"AT\u018fT Stiven Siqala qar\u015f\u0131 sanksiya t\u0259tbiq olunmas\u0131n\u0131 ist\u0259yir\ufffc - MEYDAN.TV\",\"isPartOf\":{\"@id\":\"https:\\\/\\\/www.meydan.tv\\\/az\\\/#website\"},\"primaryImageOfPage\":{\"@id\":\"https:\\\/\\\/www.meydan.tv\\\/az\\\/article\\\/atet-stiven-siqala-qarsi-sanksiya-tetbiq-olunmasini-isteyir%ef%bf%bc\\\/#primaryimage\"},\"image\":{\"@id\":\"https:\\\/\\\/www.meydan.tv\\\/az\\\/article\\\/atet-stiven-siqala-qarsi-sanksiya-tetbiq-olunmasini-isteyir%ef%bf%bc\\\/#primaryimage\"},\"thumbnailUrl\":\"https:\\\/\\\/www.meydan.tv\\\/wp-content\\\/uploads\\\/siqal-e1660129311749.jpg\",\"datePublished\":\"2022-10-27T18:16:30+00:00\",\"dateModified\":\"2022-10-27T18:16:33+00:00\",\"breadcrumb\":{\"@id\":\"https:\\\/\\\/www.meydan.tv\\\/az\\\/article\\\/atet-stiven-siqala-qarsi-sanksiya-tetbiq-olunmasini-isteyir%ef%bf%bc\\\/#breadcrumb\"},\"inLanguage\":\"az\",\"potentialAction\":[{\"@type\":\"ReadAction\",\"target\":[\"https:\\\/\\\/www.meydan.tv\\\/az\\\/article\\\/atet-stiven-siqala-qarsi-sanksiya-tetbiq-olunmasini-isteyir%ef%bf%bc\\\/\"]}]},{\"@type\":\"ImageObject\",\"inLanguage\":\"az\",\"@id\":\"https:\\\/\\\/www.meydan.tv\\\/az\\\/article\\\/atet-stiven-siqala-qarsi-sanksiya-tetbiq-olunmasini-isteyir%ef%bf%bc\\\/#primaryimage\",\"url\":\"https:\\\/\\\/www.meydan.tv\\\/wp-content\\\/uploads\\\/siqal-e1660129311749.jpg\",\"contentUrl\":\"https:\\\/\\\/www.meydan.tv\\\/wp-content\\\/uploads\\\/siqal-e1660129311749.jpg\",\"width\":1200,\"height\":477,\"caption\":\"Stiven Siqal. M\u0259nb\u0259: \\\"Lenta.ru\\\"\"},{\"@type\":\"BreadcrumbList\",\"@id\":\"https:\\\/\\\/www.meydan.tv\\\/az\\\/article\\\/atet-stiven-siqala-qarsi-sanksiya-tetbiq-olunmasini-isteyir%ef%bf%bc\\\/#breadcrumb\",\"itemListElement\":[{\"@type\":\"ListItem\",\"position\":1,\"name\":\"Ana s\u0259hif\u0259\",\"item\":\"https:\\\/\\\/www.meydan.tv\\\/az\\\/\"},{\"@type\":\"ListItem\",\"position\":2,\"name\":\"M\u0259d\u0259niyy\u0259t\",\"item\":\"https:\\\/\\\/www.meydan.tv\\\/az\\\/section\\\/medeniyyet\\\/\"},{\"@type\":\"ListItem\",\"position\":3,\"name\":\"AT\u018fT Stiven Siqala qar\u015f\u0131 sanksiya t\u0259tbiq olunmas\u0131n\u0131 ist\u0259yir\ufffc\"}]},{\"@type\":\"WebSite\",\"@id\":\"https:\\\/\\\/www.meydan.tv\\\/az\\\/#website\",\"url\":\"https:\\\/\\\/www.meydan.tv\\\/az\\\/\",\"name\":\"MEYDAN.TV\",\"description\":\"Meydan TV Az\u0259rbaycan\u0131n media m\u0259kan\u0131ndak\u0131 alternativ s\u0259sidir\",\"publisher\":{\"@id\":\"https:\\\/\\\/www.meydan.tv\\\/az\\\/#organization\"},\"potentialAction\":[{\"@type\":\"SearchAction\",\"target\":{\"@type\":\"EntryPoint\",\"urlTemplate\":\"https:\\\/\\\/www.meydan.tv\\\/az\\\/?s={search_term_string}\"},\"query-input\":{\"@type\":\"PropertyValueSpecification\",\"valueRequired\":true,\"valueName\":\"search_term_string\"}}],\"inLanguage\":\"az\"},{\"@type\":\"Organization\",\"@id\":\"https:\\\/\\\/www.meydan.tv\\\/az\\\/#organization\",\"name\":\"Meydan TV\",\"url\":\"https:\\\/\\\/www.meydan.tv\\\/az\\\/\",\"logo\":{\"@type\":\"ImageObject\",\"inLanguage\":\"az\",\"@id\":\"https:\\\/\\\/www.meydan.tv\\\/az\\\/#\\\/schema\\\/logo\\\/image\\\/\",\"url\":\"https:\\\/\\\/www.meydan.tv\\\/wp-content\\\/uploads\\\/2021\\\/07\\\/meydan-logo.svg\",\"contentUrl\":\"https:\\\/\\\/www.meydan.tv\\\/wp-content\\\/uploads\\\/2021\\\/07\\\/meydan-logo.svg\",\"width\":195,\"height\":46,\"caption\":\"Meydan TV\"},\"image\":{\"@id\":\"https:\\\/\\\/www.meydan.tv\\\/az\\\/#\\\/schema\\\/logo\\\/image\\\/\"}},{\"@type\":\"Person\",\"@id\":\"https:\\\/\\\/www.meydan.tv\\\/az\\\/#\\\/schema\\\/person\\\/9cdbecf90d17180ce1dfbd95b08dcf47\",\"name\":\"elli\",\"sameAs\":[\"https:\\\/\\\/x.com\\\/elli\"]}]}<\/script>\n<!-- \/ Yoast SEO plugin. -->","yoast_head_json":{"title":"AT\u018fT Stiven Siqala qar\u015f\u0131 sanksiya t\u0259tbiq olunmas\u0131n\u0131 ist\u0259yir\ufffc - MEYDAN.TV","robots":{"index":"index","follow":"follow","max-snippet":"max-snippet:-1","max-image-preview":"max-image-preview:large","max-video-preview":"max-video-preview:-1"},"canonical":"https:\/\/www.meydan.tv\/az\/article\/atet-stiven-siqala-qarsi-sanksiya-tetbiq-olunmasini-isteyir%ef%bf%bc\/","og_locale":"az_AZ","og_type":"article","og_title":"AT\u018fT Stiven Siqala qar\u015f\u0131 sanksiya t\u0259tbiq olunmas\u0131n\u0131 ist\u0259yir\ufffc - MEYDAN.TV","og_description":"Qurum AB\u015e-\u0131n d\u00f6vl\u0259t katibi Entoni Blinken\u0259 v\u0259 Avropa \u0130ttifaq\u0131n\u0131n xarici ... Davam\u0131","og_url":"https:\/\/www.meydan.tv\/az\/article\/atet-stiven-siqala-qarsi-sanksiya-tetbiq-olunmasini-isteyir%ef%bf%bc\/","og_site_name":"MEYDAN.TV","article_published_time":"2022-10-27T18:16:30+00:00","article_modified_time":"2022-10-27T18:16:33+00:00","og_image":[{"width":1200,"height":477,"url":"https:\/\/www.meydan.tv\/wp-content\/uploads\/siqal-e1660129311749.jpg","type":"image\/jpeg"}],"author":"elli","twitter_card":"summary_large_image","twitter_creator":"@elli","schema":{"@context":"https:\/\/schema.org","@graph":[{"@type":"Article","@id":"https:\/\/www.meydan.tv\/az\/article\/atet-stiven-siqala-qarsi-sanksiya-tetbiq-olunmasini-isteyir%ef%bf%bc\/#article","isPartOf":{"@id":"https:\/\/www.meydan.tv\/az\/article\/atet-stiven-siqala-qarsi-sanksiya-tetbiq-olunmasini-isteyir%ef%bf%bc\/"},"author":{"name":"elli","@id":"https:\/\/www.meydan.tv\/az\/#\/schema\/person\/9cdbecf90d17180ce1dfbd95b08dcf47"},"headline":"AT\u018fT Stiven Siqala qar\u015f\u0131 sanksiya t\u0259tbiq olunmas\u0131n\u0131 ist\u0259yir\ufffc","datePublished":"2022-10-27T18:16:30+00:00","dateModified":"2022-10-27T18:16:33+00:00","mainEntityOfPage":{"@id":"https:\/\/www.meydan.tv\/az\/article\/atet-stiven-siqala-qarsi-sanksiya-tetbiq-olunmasini-isteyir%ef%bf%bc\/"},"wordCount":391,"publisher":{"@id":"https:\/\/www.meydan.tv\/az\/#organization"},"image":{"@id":"https:\/\/www.meydan.tv\/az\/article\/atet-stiven-siqala-qarsi-sanksiya-tetbiq-olunmasini-isteyir%ef%bf%bc\/#primaryimage"},"thumbnailUrl":"https:\/\/www.meydan.tv\/wp-content\/uploads\/siqal-e1660129311749.jpg","articleSection":["M\u0259d\u0259niyy\u0259t","X\u0259b\u0259rl\u0259r"],"inLanguage":"az"},{"@type":"WebPage","@id":"https:\/\/www.meydan.tv\/az\/article\/atet-stiven-siqala-qarsi-sanksiya-tetbiq-olunmasini-isteyir%ef%bf%bc\/","url":"https:\/\/www.meydan.tv\/az\/article\/atet-stiven-siqala-qarsi-sanksiya-tetbiq-olunmasini-isteyir%ef%bf%bc\/","name":"AT\u018fT Stiven Siqala qar\u015f\u0131 sanksiya t\u0259tbiq olunmas\u0131n\u0131 ist\u0259yir\ufffc - MEYDAN.TV","isPartOf":{"@id":"https:\/\/www.meydan.tv\/az\/#website"},"primaryImageOfPage":{"@id":"https:\/\/www.meydan.tv\/az\/article\/atet-stiven-siqala-qarsi-sanksiya-tetbiq-olunmasini-isteyir%ef%bf%bc\/#primaryimage"},"image":{"@id":"https:\/\/www.meydan.tv\/az\/article\/atet-stiven-siqala-qarsi-sanksiya-tetbiq-olunmasini-isteyir%ef%bf%bc\/#primaryimage"},"thumbnailUrl":"https:\/\/www.meydan.tv\/wp-content\/uploads\/siqal-e1660129311749.jpg","datePublished":"2022-10-27T18:16:30+00:00","dateModified":"2022-10-27T18:16:33+00:00","breadcrumb":{"@id":"https:\/\/www.meydan.tv\/az\/article\/atet-stiven-siqala-qarsi-sanksiya-tetbiq-olunmasini-isteyir%ef%bf%bc\/#breadcrumb"},"inLanguage":"az","potentialAction":[{"@type":"ReadAction","target":["https:\/\/www.meydan.tv\/az\/article\/atet-stiven-siqala-qarsi-sanksiya-tetbiq-olunmasini-isteyir%ef%bf%bc\/"]}]},{"@type":"ImageObject","inLanguage":"az","@id":"https:\/\/www.meydan.tv\/az\/article\/atet-stiven-siqala-qarsi-sanksiya-tetbiq-olunmasini-isteyir%ef%bf%bc\/#primaryimage","url":"https:\/\/www.meydan.tv\/wp-content\/uploads\/siqal-e1660129311749.jpg","contentUrl":"https:\/\/www.meydan.tv\/wp-content\/uploads\/siqal-e1660129311749.jpg","width":1200,"height":477,"caption":"Stiven Siqal. M\u0259nb\u0259: \"Lenta.ru\""},{"@type":"BreadcrumbList","@id":"https:\/\/www.meydan.tv\/az\/article\/atet-stiven-siqala-qarsi-sanksiya-tetbiq-olunmasini-isteyir%ef%bf%bc\/#breadcrumb","itemListElement":[{"@type":"ListItem","position":1,"name":"Ana s\u0259hif\u0259","item":"https:\/\/www.meydan.tv\/az\/"},{"@type":"ListItem","position":2,"name":"M\u0259d\u0259niyy\u0259t","item":"https:\/\/www.meydan.tv\/az\/section\/medeniyyet\/"},{"@type":"ListItem","position":3,"name":"AT\u018fT Stiven Siqala qar\u015f\u0131 sanksiya t\u0259tbiq olunmas\u0131n\u0131 ist\u0259yir\ufffc"}]},{"@type":"WebSite","@id":"https:\/\/www.meydan.tv\/az\/#website","url":"https:\/\/www.meydan.tv\/az\/","name":"MEYDAN.TV","description":"Meydan TV Az\u0259rbaycan\u0131n media m\u0259kan\u0131ndak\u0131 alternativ s\u0259sidir","publisher":{"@id":"https:\/\/www.meydan.tv\/az\/#organization"},"potentialAction":[{"@type":"SearchAction","target":{"@type":"EntryPoint","urlTemplate":"https:\/\/www.meydan.tv\/az\/?s={search_term_string}"},"query-input":{"@type":"PropertyValueSpecification","valueRequired":true,"valueName":"search_term_string"}}],"inLanguage":"az"},{"@type":"Organization","@id":"https:\/\/www.meydan.tv\/az\/#organization","name":"Meydan TV","url":"https:\/\/www.meydan.tv\/az\/","logo":{"@type":"ImageObject","inLanguage":"az","@id":"https:\/\/www.meydan.tv\/az\/#\/schema\/logo\/image\/","url":"https:\/\/www.meydan.tv\/wp-content\/uploads\/2021\/07\/meydan-logo.svg","contentUrl":"https:\/\/www.meydan.tv\/wp-content\/uploads\/2021\/07\/meydan-logo.svg","width":195,"height":46,"caption":"Meydan TV"},"image":{"@id":"https:\/\/www.meydan.tv\/az\/#\/schema\/logo\/image\/"}},{"@type":"Person","@id":"https:\/\/www.meydan.tv\/az\/#\/schema\/person\/9cdbecf90d17180ce1dfbd95b08dcf47","name":"elli","sameAs":["https:\/\/x.com\/elli"]}]}},"_links":{"self":[{"href":"https:\/\/www.meydan.tv\/az\/wp-json\/wp\/v2\/posts\/259584","targetHints":{"allow":["GET"]}}],"collection":[{"href":"https:\/\/www.meydan.tv\/az\/wp-json\/wp\/v2\/posts"}],"about":[{"href":"https:\/\/www.meydan.tv\/az\/wp-json\/wp\/v2\/types\/post"}],"author":[{"embeddable":true,"href":"https:\/\/www.meydan.tv\/az\/wp-json\/wp\/v2\/users\/8"}],"replies":[{"embeddable":true,"href":"https:\/\/www.meydan.tv\/az\/wp-json\/wp\/v2\/comments?post=259584"}],"version-history":[{"count":1,"href":"https:\/\/www.meydan.tv\/az\/wp-json\/wp\/v2\/posts\/259584\/revisions"}],"predecessor-version":[{"id":259585,"href":"https:\/\/www.meydan.tv\/az\/wp-json\/wp\/v2\/posts\/259584\/revisions\/259585"}],"wp:featuredmedia":[{"embeddable":true,"href":"https:\/\/www.meydan.tv\/az\/wp-json\/wp\/v2\/media\/252902"}],"wp:attachment":[{"href":"https:\/\/www.meydan.tv\/az\/wp-json\/wp\/v2\/media?parent=259584"}],"wp:term":[{"taxonomy":"category","embeddable":true,"href":"https:\/\/www.meydan.tv\/az\/wp-json\/wp\/v2\/categories?post=259584"},{"taxonomy":"post_tag","embeddable":true,"href":"https:\/\/www.meydan.tv\/az\/wp-json\/wp\/v2\/tags?post=259584"}],"curies":[{"name":"wp","href":"https:\/\/api.w.org\/{rel}","templated":true}]}}