{"id":259569,"date":"2022-10-27T17:11:28","date_gmt":"2022-10-27T13:11:28","guid":{"rendered":"https:\/\/www.meydan.tv\/?p=259569"},"modified":"2022-10-27T17:11:30","modified_gmt":"2022-10-27T13:11:30","slug":"jurnaliste-qarsi-tehqiramiz-ifadelerin-isledilmesi-yolverilmezdir","status":"publish","type":"post","link":"https:\/\/www.meydan.tv\/az\/article\/jurnaliste-qarsi-tehqiramiz-ifadelerin-isledilmesi-yolverilmezdir\/","title":{"rendered":"\u201cJurnalist\u0259 qar\u015f\u0131 t\u0259hqiramiz ifad\u0259l\u0259rin i\u015fl\u0259dilm\u0259si yolverilm\u0259zdir\u201d"},"content":{"rendered":"\n<p><em>\u00c7ingiz Abdullayevin jurnalist\u0259 cavab\u0131 media t\u0259msil\u00e7il\u0259ri t\u0259r\u0259find\u0259n t\u0259nqid olundu<\/em><\/p>\n\n\n\n<p>Az\u0259rbaycan Yaz\u0131\u00e7\u0131lar Birliyinin (AYB) XIII qurultay\u0131 \u0259traf\u0131nda qalmaqal s\u0259ngimir.<\/p>\n\n\n\n<p>Oktyabr\u0131n 26-da ke\u00e7iril\u0259n qurultayda \u201cBakuTV\u201d-nin \u0259m\u0259kda\u015f\u0131 Birliyin birinci m\u00fcavini, Xalq yaz\u0131\u00e7\u0131s\u0131 \u00c7ingiz Abdullayev\u0259 \u201cQurultay\u0131n ke\u00e7irilm\u0259sin\u0259 203 min manat\u0131n ayr\u0131ld\u0131\u011f\u0131 s\u00f6yl\u0259nilir. Burda 203 minlik n\u0259s\u0259 var idi?\u201c, &#8211; sual\u0131n\u0131 \u00fcnvanlay\u0131b.<\/p>\n\n\n\n<p>Sualdan q\u0259z\u0259bl\u0259n\u0259n yaz\u0131\u00e7\u0131 jurnalist\u0259 s\u0259rt cavab verib: \u201cBu q\u0259d\u0259r adama bilet alm\u0131\u015f\u0131q. Buran\u0131n icar\u0259 haqq\u0131n\u0131 \u00f6d\u0259mi\u015fik. Qonaqlar\u0131 mehmanxanaya yerl\u0259\u015fdirmi\u015fik, kitab \u00e7ap el\u0259mi\u015fik. B\u0259s siz bilmirsiniz ki, bunlar x\u0259rc t\u0259l\u0259b edir? Biz daha \u00e7ox x\u0259rcl\u0259mi\u015fik. \u00d6l\u00fcb-utanm\u0131rsan, xalq yaz\u0131\u00e7\u0131s\u0131dan soru\u015fursan pullar<a href=\"https:\/\/baku.tv\/az\/cemiyyet\/63568\/\"> han\u0131?\u201d <\/a><br><\/p>\n\n\n\n<figure class=\"wp-block-image size-full\"><img decoding=\"async\" width=\"600\" height=\"400\" data-src=\"https:\/\/www.meydan.tv\/wp-content\/uploads\/19239.jpg\" alt=\"R\u0259\u015fad M\u0259cid\" class=\"wp-image-51067 lazyload\" src=\"data:image\/svg+xml;base64,PHN2ZyB3aWR0aD0iMSIgaGVpZ2h0PSIxIiB4bWxucz0iaHR0cDovL3d3dy53My5vcmcvMjAwMC9zdmciPjwvc3ZnPg==\" style=\"--smush-placeholder-width: 600px; --smush-placeholder-aspect-ratio: 600\/400;\" \/><\/figure>\n\n\n\n<p>M\u0259tbuat \u015euras\u0131n\u0131n s\u0259dri R\u0259\u015fad M\u0259cid \u201cBakupost\u201da m\u0259s\u0259l\u0259ni \u015f\u0259rh ed\u0259rk\u0259n, \u201cJurnalist sual\u0131 ittiham kimi ver\u0259nd\u0259 el\u0259 d\u0259 cavab almal\u0131 idi\u201d, &#8211; <a href=\"https:\/\/baku.tv\/az\/cemiyyet\/63568\/\">deyib.<\/a><\/p>\n\n\n\n<p>\u201cSakit vaxt olan kimi orda x\u0131rda mikrofonu yaz\u0131\u00e7\u0131n\u0131n, alimin a\u011fz\u0131na soxan \u201cjurnalistl\u0259r\u201d\u0259 m\u00fcnasib\u0259timi bildir\u0259c\u0259y\u0259m. Bu, jurnalistika deyil, t\u0259rbiy\u0259sizlikdir\u201d, &#8211; dey\u0259 M\u0259tbuat \u015euras\u0131n\u0131n s\u0259dri \u0259lav\u0259 <a href=\"https:\/\/www.bakupost.az\/bu-jurnalistika-deyil-terbiyesizlikdi-resad-mecidden-cingiz-abdullayev-qalmaqalina-reaksiya\">edib.<\/a><br>Ba\u015f ver\u0259nl\u0259r c\u0259miyy\u0259td\u0259 d\u0259 birm\u0259nal\u0131 qar\u015f\u0131lanmay\u0131b.<\/p>\n\n\n\n<p>Jurnalistl\u0259r, yaz\u0131\u00e7\u0131lar, ictimai \u015f\u0259xsl\u0259r bununla ba\u011fl\u0131 fikirl\u0259rini bildiribl\u0259r.<\/p>\n\n\n\n<p>\u201cJurnalistin davran\u0131\u015f\u0131 qeyri-pe\u015f\u0259kar idi. Bu sual\u0131 daha ayd\u0131n, daha konkret \u015f\u0259kild\u0259 qoymaq laz\u0131m idi. Bununla bel\u0259, m\u0259s\u0259l\u0259y\u0259 birt\u0259r\u0259fli yana\u015fmamal\u0131y\u0131q. Fikrimc\u0259, burada Yaz\u0131\u00e7\u0131lar \u0130ttifaq\u0131n\u0131n t\u0259msil\u00e7isinin davran\u0131\u015f\u0131 il\u0259 jurnalistin davran\u0131\u015f\u0131 aras\u0131nda he\u00e7 bir f\u0259rq yox idi\u201d,- \u201cYeni N\u0259sil\u201d Jurnalistl\u0259r Birliyinin s\u0259dri Arif \u018fliyev Meydan TV-y\u0259 a\u00e7\u0131qlamas\u0131nda deyib:<\/p>\n\n\n\n<p>\u201cH\u0259r ikisi d\u0259 eyni d\u0259r\u0259c\u0259d\u0259 qeyri-pe\u015f\u0259kar v\u0259 m\u0259nc\u0259, kobud formada bu s\u0259hn\u0259d\u0259 i\u015ftirak edirl\u0259r. \u018fg\u0259r jurnalistl\u0259r prezidentd\u0259n b\u00fcdc\u0259 v\u0259saitini n\u0259 c\u00fcr, hara x\u0259rcl\u0259diyini soru\u015furlarsa, AYB r\u0259smisin\u0259 d\u0259 bu sual\u0131 verm\u0259kl\u0259ri normald\u0131r. Niy\u0259 jurnalistin b\u00fcdc\u0259d\u0259n x\u0259rcl\u0259n\u0259n bir v\u0259saitin, n\u0259 c\u00fcr x\u0259rcl\u0259ndiyini soru\u015fmaq ixtiyar\u0131 olmas\u0131n? \u201cUtan\u0131b-\u00f6lm\u00fcrs\u0259n\u201d, &#8211; kimi ifad\u0259l\u0259r media il\u0259 \u00fcnsiyy\u0259t dili deyil. \u0130st\u0259nil\u0259n halda, jurnalist n\u0259 c\u00fcr davran\u0131r-davrans\u0131n, o, media t\u0259msil\u00e7isidir. S\u0259n onu o c\u00fcr q\u0259bul etm\u0259lis\u0259n\u201d.<br><\/p>\n\n\n\n<figure class=\"wp-block-image size-full\"><img decoding=\"async\" width=\"637\" height=\"400\" data-src=\"https:\/\/www.meydan.tv\/wp-content\/uploads\/26102.jpg\" alt=\"Alya Yaqublu\" class=\"wp-image-68289 lazyload\" src=\"data:image\/svg+xml;base64,PHN2ZyB3aWR0aD0iMSIgaGVpZ2h0PSIxIiB4bWxucz0iaHR0cDovL3d3dy53My5vcmcvMjAwMC9zdmciPjwvc3ZnPg==\" style=\"--smush-placeholder-width: 637px; --smush-placeholder-aspect-ratio: 637\/400;\" \/><\/figure>\n\n\n\n<p>Jurnalist Alya Yaqublu M\u0259tbuat \u015euras\u0131n\u0131n s\u0259dri R\u0259\u015fad M\u0259cidin s\u00f6yl\u0259diyi fikirl\u0259rin do\u011fru olmad\u0131\u011f\u0131 q\u0259na\u0259tind\u0259dir.<\/p>\n\n\n\n<p>O, Meydan TV-y\u0259 jurnalist\u0259 bu \u015f\u0259kild\u0259 yana\u015fman\u0131 son d\u0259r\u0259c\u0259 yanl\u0131\u015f hesab etdiyini deyib:<\/p>\n\n\n\n<p>\u201cSual\u0131 b\u0259y\u0259n\u0259 v\u0259 ya b\u0259y\u0259nm\u0259y\u0259 bil\u0259rsiz. Amma bunu \u015f\u0259r\u0259f v\u0259 l\u0259yaq\u0259t m\u0259s\u0259l\u0259sin\u0259 toxunacaq \u015f\u0259kild\u0259 \u015f\u0259rh etm\u0259k son d\u0259r\u0259c\u0259 yanl\u0131\u015fd\u0131r. \u00dcst\u0259lik, bunu M\u0259tbuat \u015euras\u0131na s\u0259dr se\u00e7ilmi\u015f, daha do\u011frusu, s\u0259dr t\u0259yin edilmi\u015f bir adam\u0131n dilind\u0259n e\u015fitm\u0259k, \u00e7ox k\u0259d\u0259rlidir. R\u0259\u015fad M\u0259cidin ritorikas\u0131 kolxoz s\u0259dridir, yana\u015fma t\u0259rzi is\u0259 \u0259sl polis r\u0259isi kimidir. M\u0259tbuat \u015euras\u0131 m\u0259hk\u0259m\u0259 deyil ki, jurnalisti pe\u015f\u0259 f\u0259aliyy\u0259tin\u0259 g\u00f6r\u0259 c\u0259zalnd\u0131rs\u0131n. M\u0259s\u0259l\u0259y\u0259 etika \u00e7\u0259r\u00e7iv\u0259sind\u0259 r\u0259y bildirm\u0259k laz\u0131md\u0131r\u201d.<\/p>\n\n\n\n<p>Alya Yaqublu jurnalistin b\u00fcdc\u0259 il\u0259 ba\u011fl\u0131 sual\u0131n\u0131 m\u00fcsb\u0259t hal hesab edir:<\/p>\n\n\n\n<p>\u201cAz\u0259rbaycan korrupsiya\u00e7\u0131 sisteml\u0259 idar\u0259 olunan bir \u00f6lk\u0259dir. Az\u0259rbaycan jurnalistl\u0259rinin d\u0259 \u0259sas sual\u0131 budur: pullar hara x\u0259rcl\u0259nir? Az\u0259rbaycana g\u0259l\u0259n milyardlarla neft v\u0259 ya qeyri-neft pullar\u0131 hara x\u0259rcl\u0259nir? \u0130lham \u018fliyev toxunulmazd\u0131r, hakimiyy\u0259t toxunulmazd\u0131r, ail\u0259 toxunulmazd\u0131r. Art\u0131q AYB d\u0259, \u00c7ingiz Abdullayev d\u0259 toxunulmazd\u0131r. Niy\u0259? Bunu \u015fidd\u0259tl\u0259 q\u0131nay\u0131ram\u201d.<\/p>\n\n\n\n<figure class=\"wp-block-image size-full\"><img decoding=\"async\" width=\"806\" height=\"480\" data-src=\"https:\/\/www.meydan.tv\/wp-content\/uploads\/elcin1507120683.jpg\" alt=\"El\u00e7in \u015e\u0131xl\u0131\" class=\"wp-image-119930 lazyload\" src=\"data:image\/svg+xml;base64,PHN2ZyB3aWR0aD0iMSIgaGVpZ2h0PSIxIiB4bWxucz0iaHR0cDovL3d3dy53My5vcmcvMjAwMC9zdmciPjwvc3ZnPg==\" style=\"--smush-placeholder-width: 806px; --smush-placeholder-aspect-ratio: 806\/480;\" \/><\/figure>\n\n\n\n<p>Az\u0259rbaycan Jurnalistl\u0259r Birliyinin s\u0259dri, \u201cAyna-Zerkalo\u201d n\u0259\u015frinin ba\u015f redaktoru El\u00e7in \u015e\u0131xl\u0131n\u0131n fikrinc\u0259, \u00c7ingiz Abdullayev jurnalist\u0259 cavab\u0131nda kobudlu\u011fa yol verm\u0259m\u0259li idi:<\/p>\n\n\n\n<p>\u201cJurnalistin sual\u0131n\u0131 e\u015fitm\u0259mi\u015f\u0259m. \u00c7ingiz Abdullayevin cavab\u0131na \u0259sas\u0259n, bel\u0259 ba\u015fa d\u00fc\u015f\u00fcr\u0259m ki, qurultay\u0131n ke\u00e7irilm\u0259si \u00fc\u00e7\u00fcn ayr\u0131lan v\u0259saitin n\u0259y\u0259 v\u0259 nec\u0259 x\u0259rcl\u0259ndiyi bar\u0259d\u0259 sual verilib. Jurnalistin sual\u0131 n\u0259 formada verdiyini bilmir\u0259m. Ola bilsin, jurnalistin \u00fcz ifad\u0259si \u00c7ingiz Abdullayev\u0259 xo\u015f g\u0259lm\u0259yib. Dey\u0259 bilm\u0259r\u0259m. Amma jurnalistin i\u015fi sual verm\u0259kdir. Jurnalistin sual\u0131 d\u00fczg\u00fcn formada verm\u0259sini m\u00fczakir\u0259 etm\u0259k olar. H\u0259r halda \u00c7ingiz Abdullayev el\u0259 cavab verm\u0259m\u0259li idi\u201d.<\/p>\n\n\n\n<p>\u201cJurnalistin sual ver\u0259rk\u0259n, pe\u015f\u0259kar bax\u0131mdan m\u00fc\u0259yy\u0259n davran\u0131\u015f probleml\u0259ri olub. \u018fslind\u0259, onun verdiyi sual yaz\u0131l\u0131 so\u011fru predmeti idi\u201d, &#8211; Media huquqlar\u0131 \u00fczr\u0259 ekspert, h\u00fcquq\u015f\u00fcnas \u018fl\u0259sg\u0259r M\u0259mm\u0259dli Meydan TV-y\u0259 deyir:<\/p>\n\n\n\n<p>\u201cJurnalist daha pe\u015f\u0259kar, \u00f6nc\u0259d\u0259n haz\u0131rl\u0131ql\u0131 ola bil\u0259rdi. \u201cQurultay\u0131n ke\u00e7irilm\u0259si \u00fc\u00e7\u00fcn 203 min manat v\u0259saitin ayr\u0131ld\u0131\u011f\u0131 s\u00f6yl\u0259nilir\u201d, &#8211; yox, konkret sual qoyulmal\u0131 idi &#8211; M\u0259d\u0259niyy\u0259t Nazirliyi 12 oktyabrda a\u00e7\u0131qlay\u0131b ki, AYB-y\u0259 203, 6 min manat pul ayr\u0131l\u0131b. Jurnalist sor\u011funu ver\u0259rk\u0259n, konkret n\u0259y\u0259 istinad etdiyini bilm\u0259lidir. \u201cDeyirl\u0259r ki\u201d, &#8211; il\u0259 sual verilm\u0259m\u0259lidir\u201d.<\/p>\n\n\n\n<p>Ekspert \u0259lav\u0259 edir ki, jurnalist sual ver\u0259rk\u0259n q\u0259r\u0259zli m\u00f6vqed\u0259 olmamal\u0131d\u0131r:<\/p>\n\n\n\n<p>\u201c\u201dBurada 203 minlik n\u0259 var?\u201d \u2013 dey\u0259 yox, \u201c203 min manat bu tip qurultay\u0131n idar\u0259 olunmas\u0131 \u00fc\u00e7\u00fcn yet\u0259rli idimi?\u201c, &#8211; kimi daha t\u0259r\u0259fsiz sual ver\u0259 bil\u0259rdi. Bunu jurnalistin t\u0259cr\u00fcb\u0259sizliyi kimi q\u0259bul ed\u0259 bil\u0259rik. Lakin \u00c7ingiz Abdullayevin \u015f\u0259xsiyy\u0259t\u0259 y\u00f6n\u0259lmi\u015f davran\u0131\u015f\u0131 yolverilm\u0259zdir. Jurnalistin sor\u011fulad\u0131\u011f\u0131 ictimai informasiyad\u0131r, bu tip suallar veril\u0259 bil\u0259r. \u00c7ingiz Abdullayev daha uy\u011fun dill\u0259 cavab verm\u0259li, bunu qar\u015f\u0131s\u0131ndak\u0131n\u0131n \u015f\u0259xsiyy\u0259tin\u0259 toxunmadan etm\u0259liydi\u201d.<\/p>\n\n\n\n<p>H\u00fcquq\u015f\u00fcnas deyir ki, jurnalistin sual\u0131na qanunvericiliy\u0259 uy\u011fun \u015f\u0259kild\u0259, n\u0259zak\u0259tl\u0259 cavab verm\u0259y\u0259n t\u0259r\u0259f m\u0259suliyy\u0259t da\u015f\u0131ya bilir.<\/p>\n\n\n\n<p>\u201cJurnalistin informasiya sor\u011fusuna qar\u015f\u0131 bel\u0259 adekvat olmayan reaksiyalara g\u00f6r\u0259 h\u0259min \u015f\u0259xsl\u0259r\u0259 x\u0259b\u0259rdarl\u0131q edilm\u0259lidir. H\u0259tta onlara bu tip hadis\u0259l\u0259rin dayand\u0131r\u0131lmas\u0131n\u0131 t\u0259l\u0259b etm\u0259lidirl\u0259r. Jurnalist\u0259 qar\u015f\u0131 t\u0259hqiramiz ifad\u0259l\u0259rin i\u015fl\u0259dilm\u0259si yolverilm\u0259zdir\u201d.<\/p>\n\n\n\n<p>AYB-nin qurultay\u0131n\u0131n 2022-ci il sentyabr\u0131n 30-da ke\u00e7irilm\u0259si planla\u015fd\u0131r\u0131lsa da, daha sonra t\u0259xir\u0259 sal\u0131nm\u0131\u015fd\u0131.<br>AYB s\u0259dri, Xalq yaz\u0131\u00e7\u0131s\u0131 Anar Rzayev qurultay\u0131n gecikm\u0259sini maliyy\u0259 \u00e7at\u0131\u015fmazl\u0131\u011f\u0131 il\u0259 izah etmi\u015f, h\u0259tta t\u0259dbirin t\u0259\u015fkili \u00fc\u00e7\u00fcn kredit g\u00f6t\u00fcr\u00fcld\u00fcy\u00fcn\u00fc bildirmi\u015fdi.<\/p>\n\n\n\n<p>S\u0259dr qurultay\u0131n ke\u00e7irilm\u0259si \u00fc\u00e7\u00fcn daha sonra \u00f6lk\u0259 r\u0259hb\u0259rliyin\u0259 d\u0259 m\u00fcraci\u0259t etmi\u015fdi.<\/p>\n\n\n\n<p>N\u0259tic\u0259d\u0259 d\u00f6vl\u0259t t\u0259r\u0259find\u0259n M\u0259d\u0259niyy\u0259t Nazirliyi vasit\u0259sil\u0259 AYB-nin hesab\u0131na 203,6 min manat k\u00f6\u00e7\u00fcr\u00fclm\u00fc\u015fd\u00fc.<br>Qurultay 2022-ci il oktyabr\u0131n 26-da ke\u00e7irildi v\u0259 Xalq yaz\u0131\u00e7\u0131s\u0131 Anar n\u00f6vb\u0259ti d\u0259f\u0259 Birliyinin s\u0259dri <a href=\"https:\/\/d9mc3ts4czbpr.cloudfront.net\/az\/article\/yazici-anar-bu-defe-de-postunu-hec-kime-vermedi\/\">se\u00e7ildi.<\/a><br><br>Se\u00e7ki \u00fc\u00e7\u00fcn \u015fairl\u0259r Emil Rasimo\u011flu v\u0259 Fuad C\u0259f\u0259rlinin namiz\u0259dliyi s\u0259s\u0259 qoyulmad\u0131. Buna s\u0259b\u0259b qurultay i\u015ftirak\u00e7\u0131lar\u0131n\u0131n Anar\u0131 d\u0259st\u0259kl\u0259m\u0259si oldu. Emil Rasimo\u011flu v\u0259 Fuad C\u0259f\u0259rli namiz\u0259dlikl\u0259rinin s\u0259s\u0259 qoyulmamas\u0131na etiraz edib, n\u0259tic\u0259d\u0259 m\u00fcbahis\u0259 <a href=\"https:\/\/d9mc3ts4czbpr.cloudfront.net\/az\/article\/ayb-qurultayinda-dava-namizedler-etiraz-edib-zali-terk-etdi\/\">d\u00fc\u015f\u00fcb.<\/a><br><\/p>\n","protected":false},"excerpt":{"rendered":"<p>\u00c7ingiz Abdullayevin jurnalist\u0259 cavab\u0131 media t\u0259msil\u00e7il\u0259ri t\u0259r\u0259find\u0259n t\u0259nqid olundu Az\u0259rbaycan &#8230; <\/p>\n<p class=\"read-more-container\"><a title=\"\u201cJurnalist\u0259 qar\u015f\u0131 t\u0259hqiramiz ifad\u0259l\u0259rin i\u015fl\u0259dilm\u0259si yolverilm\u0259zdir\u201d\" class=\"read-more button\" href=\"https:\/\/www.meydan.tv\/az\/article\/jurnaliste-qarsi-tehqiramiz-ifadelerin-isledilmesi-yolverilmezdir\/#more-259569\" aria-label=\"Read more about \u201cJurnalist\u0259 qar\u015f\u0131 t\u0259hqiramiz ifad\u0259l\u0259rin i\u015fl\u0259dilm\u0259si yolverilm\u0259zdir\u201d\">Davam\u0131<\/a><\/p>\n","protected":false},"author":12,"featured_media":209611,"comment_status":"closed","ping_status":"closed","sticky":false,"template":"","format":"standard","meta":{"_acf_changed":false,"_sitemap_exclude":false,"_sitemap_priority":"","_sitemap_frequency":"","footnotes":""},"categories":[52,59,79,56],"tags":[],"class_list":["post-259569","post","type-post","status-publish","format-standard","has-post-thumbnail","hentry","category-medeniyyet","category-siyaset","category-featured","category-xeberler","infinite-scroll-item","generate-columns","tablet-grid-50","mobile-grid-100","grid-parent","grid-33","no-featured-image-padding"],"acf":[],"yoast_head":"<!-- This site is optimized with the Yoast SEO plugin v27.4 - https:\/\/yoast.com\/product\/yoast-seo-wordpress\/ -->\n<title>\u201cJurnalist\u0259 qar\u015f\u0131 t\u0259hqiramiz ifad\u0259l\u0259rin i\u015fl\u0259dilm\u0259si yolverilm\u0259zdir\u201d - MEYDAN.TV<\/title>\n<meta name=\"robots\" content=\"index, follow, max-snippet:-1, max-image-preview:large, max-video-preview:-1\" \/>\n<link rel=\"canonical\" href=\"https:\/\/www.meydan.tv\/az\/article\/jurnaliste-qarsi-tehqiramiz-ifadelerin-isledilmesi-yolverilmezdir\/\" \/>\n<meta property=\"og:locale\" content=\"az_AZ\" \/>\n<meta property=\"og:type\" content=\"article\" \/>\n<meta property=\"og:title\" content=\"\u201cJurnalist\u0259 qar\u015f\u0131 t\u0259hqiramiz ifad\u0259l\u0259rin i\u015fl\u0259dilm\u0259si yolverilm\u0259zdir\u201d - MEYDAN.TV\" \/>\n<meta property=\"og:description\" content=\"\u00c7ingiz Abdullayevin jurnalist\u0259 cavab\u0131 media t\u0259msil\u00e7il\u0259ri t\u0259r\u0259find\u0259n t\u0259nqid olundu Az\u0259rbaycan ... Davam\u0131\" \/>\n<meta property=\"og:url\" content=\"https:\/\/www.meydan.tv\/az\/article\/jurnaliste-qarsi-tehqiramiz-ifadelerin-isledilmesi-yolverilmezdir\/\" \/>\n<meta property=\"og:site_name\" content=\"MEYDAN.TV\" \/>\n<meta property=\"article:published_time\" content=\"2022-10-27T13:11:28+00:00\" \/>\n<meta property=\"article:modified_time\" content=\"2022-10-27T13:11:30+00:00\" \/>\n<meta property=\"og:image\" content=\"https:\/\/www.meydan.tv\/wp-content\/uploads\/60cb59be728eb60cb59be728ec162393951860cb59be728e960cb59be728ea.jpeg\" \/>\n\t<meta property=\"og:image:width\" content=\"1200\" \/>\n\t<meta property=\"og:image:height\" content=\"800\" \/>\n\t<meta property=\"og:image:type\" content=\"image\/jpeg\" \/>\n<meta name=\"author\" content=\"aleks\" \/>\n<meta name=\"twitter:card\" content=\"summary_large_image\" \/>\n<script type=\"application\/ld+json\" class=\"yoast-schema-graph\">{\"@context\":\"https:\\\/\\\/schema.org\",\"@graph\":[{\"@type\":\"Article\",\"@id\":\"https:\\\/\\\/www.meydan.tv\\\/az\\\/article\\\/jurnaliste-qarsi-tehqiramiz-ifadelerin-isledilmesi-yolverilmezdir\\\/#article\",\"isPartOf\":{\"@id\":\"https:\\\/\\\/www.meydan.tv\\\/az\\\/article\\\/jurnaliste-qarsi-tehqiramiz-ifadelerin-isledilmesi-yolverilmezdir\\\/\"},\"author\":{\"name\":\"aleks\",\"@id\":\"https:\\\/\\\/www.meydan.tv\\\/az\\\/#\\\/schema\\\/person\\\/476e9360e593fa131d5d71d51866f8da\"},\"headline\":\"\u201cJurnalist\u0259 qar\u015f\u0131 t\u0259hqiramiz ifad\u0259l\u0259rin i\u015fl\u0259dilm\u0259si yolverilm\u0259zdir\u201d\",\"datePublished\":\"2022-10-27T13:11:28+00:00\",\"dateModified\":\"2022-10-27T13:11:30+00:00\",\"mainEntityOfPage\":{\"@id\":\"https:\\\/\\\/www.meydan.tv\\\/az\\\/article\\\/jurnaliste-qarsi-tehqiramiz-ifadelerin-isledilmesi-yolverilmezdir\\\/\"},\"wordCount\":1296,\"publisher\":{\"@id\":\"https:\\\/\\\/www.meydan.tv\\\/az\\\/#organization\"},\"image\":{\"@id\":\"https:\\\/\\\/www.meydan.tv\\\/az\\\/article\\\/jurnaliste-qarsi-tehqiramiz-ifadelerin-isledilmesi-yolverilmezdir\\\/#primaryimage\"},\"thumbnailUrl\":\"https:\\\/\\\/www.meydan.tv\\\/wp-content\\\/uploads\\\/60cb59be728eb60cb59be728ec162393951860cb59be728e960cb59be728ea.jpeg\",\"articleSection\":[\"M\u0259d\u0259niyy\u0259t\",\"Siyas\u0259t\",\"T\u00f6vsiy\u0259\",\"X\u0259b\u0259rl\u0259r\"],\"inLanguage\":\"az\"},{\"@type\":\"WebPage\",\"@id\":\"https:\\\/\\\/www.meydan.tv\\\/az\\\/article\\\/jurnaliste-qarsi-tehqiramiz-ifadelerin-isledilmesi-yolverilmezdir\\\/\",\"url\":\"https:\\\/\\\/www.meydan.tv\\\/az\\\/article\\\/jurnaliste-qarsi-tehqiramiz-ifadelerin-isledilmesi-yolverilmezdir\\\/\",\"name\":\"\u201cJurnalist\u0259 qar\u015f\u0131 t\u0259hqiramiz ifad\u0259l\u0259rin i\u015fl\u0259dilm\u0259si yolverilm\u0259zdir\u201d - MEYDAN.TV\",\"isPartOf\":{\"@id\":\"https:\\\/\\\/www.meydan.tv\\\/az\\\/#website\"},\"primaryImageOfPage\":{\"@id\":\"https:\\\/\\\/www.meydan.tv\\\/az\\\/article\\\/jurnaliste-qarsi-tehqiramiz-ifadelerin-isledilmesi-yolverilmezdir\\\/#primaryimage\"},\"image\":{\"@id\":\"https:\\\/\\\/www.meydan.tv\\\/az\\\/article\\\/jurnaliste-qarsi-tehqiramiz-ifadelerin-isledilmesi-yolverilmezdir\\\/#primaryimage\"},\"thumbnailUrl\":\"https:\\\/\\\/www.meydan.tv\\\/wp-content\\\/uploads\\\/60cb59be728eb60cb59be728ec162393951860cb59be728e960cb59be728ea.jpeg\",\"datePublished\":\"2022-10-27T13:11:28+00:00\",\"dateModified\":\"2022-10-27T13:11:30+00:00\",\"breadcrumb\":{\"@id\":\"https:\\\/\\\/www.meydan.tv\\\/az\\\/article\\\/jurnaliste-qarsi-tehqiramiz-ifadelerin-isledilmesi-yolverilmezdir\\\/#breadcrumb\"},\"inLanguage\":\"az\",\"potentialAction\":[{\"@type\":\"ReadAction\",\"target\":[\"https:\\\/\\\/www.meydan.tv\\\/az\\\/article\\\/jurnaliste-qarsi-tehqiramiz-ifadelerin-isledilmesi-yolverilmezdir\\\/\"]}]},{\"@type\":\"ImageObject\",\"inLanguage\":\"az\",\"@id\":\"https:\\\/\\\/www.meydan.tv\\\/az\\\/article\\\/jurnaliste-qarsi-tehqiramiz-ifadelerin-isledilmesi-yolverilmezdir\\\/#primaryimage\",\"url\":\"https:\\\/\\\/www.meydan.tv\\\/wp-content\\\/uploads\\\/60cb59be728eb60cb59be728ec162393951860cb59be728e960cb59be728ea.jpeg\",\"contentUrl\":\"https:\\\/\\\/www.meydan.tv\\\/wp-content\\\/uploads\\\/60cb59be728eb60cb59be728ec162393951860cb59be728e960cb59be728ea.jpeg\",\"width\":1200,\"height\":800,\"caption\":\"\u00c7ingiz Abdullayev, foto: \u015f\u0259xsi facebook\"},{\"@type\":\"BreadcrumbList\",\"@id\":\"https:\\\/\\\/www.meydan.tv\\\/az\\\/article\\\/jurnaliste-qarsi-tehqiramiz-ifadelerin-isledilmesi-yolverilmezdir\\\/#breadcrumb\",\"itemListElement\":[{\"@type\":\"ListItem\",\"position\":1,\"name\":\"Ana s\u0259hif\u0259\",\"item\":\"https:\\\/\\\/www.meydan.tv\\\/az\\\/\"},{\"@type\":\"ListItem\",\"position\":2,\"name\":\"X\u0259b\u0259rl\u0259r\",\"item\":\"https:\\\/\\\/www.meydan.tv\\\/az\\\/section\\\/xeberler\\\/\"},{\"@type\":\"ListItem\",\"position\":3,\"name\":\"\u201cJurnalist\u0259 qar\u015f\u0131 t\u0259hqiramiz ifad\u0259l\u0259rin i\u015fl\u0259dilm\u0259si yolverilm\u0259zdir\u201d\"}]},{\"@type\":\"WebSite\",\"@id\":\"https:\\\/\\\/www.meydan.tv\\\/az\\\/#website\",\"url\":\"https:\\\/\\\/www.meydan.tv\\\/az\\\/\",\"name\":\"MEYDAN.TV\",\"description\":\"Meydan TV Az\u0259rbaycan\u0131n media m\u0259kan\u0131ndak\u0131 alternativ s\u0259sidir\",\"publisher\":{\"@id\":\"https:\\\/\\\/www.meydan.tv\\\/az\\\/#organization\"},\"potentialAction\":[{\"@type\":\"SearchAction\",\"target\":{\"@type\":\"EntryPoint\",\"urlTemplate\":\"https:\\\/\\\/www.meydan.tv\\\/az\\\/?s={search_term_string}\"},\"query-input\":{\"@type\":\"PropertyValueSpecification\",\"valueRequired\":true,\"valueName\":\"search_term_string\"}}],\"inLanguage\":\"az\"},{\"@type\":\"Organization\",\"@id\":\"https:\\\/\\\/www.meydan.tv\\\/az\\\/#organization\",\"name\":\"Meydan TV\",\"url\":\"https:\\\/\\\/www.meydan.tv\\\/az\\\/\",\"logo\":{\"@type\":\"ImageObject\",\"inLanguage\":\"az\",\"@id\":\"https:\\\/\\\/www.meydan.tv\\\/az\\\/#\\\/schema\\\/logo\\\/image\\\/\",\"url\":\"https:\\\/\\\/www.meydan.tv\\\/wp-content\\\/uploads\\\/2021\\\/07\\\/meydan-logo.svg\",\"contentUrl\":\"https:\\\/\\\/www.meydan.tv\\\/wp-content\\\/uploads\\\/2021\\\/07\\\/meydan-logo.svg\",\"width\":195,\"height\":46,\"caption\":\"Meydan TV\"},\"image\":{\"@id\":\"https:\\\/\\\/www.meydan.tv\\\/az\\\/#\\\/schema\\\/logo\\\/image\\\/\"}},{\"@type\":\"Person\",\"@id\":\"https:\\\/\\\/www.meydan.tv\\\/az\\\/#\\\/schema\\\/person\\\/476e9360e593fa131d5d71d51866f8da\",\"name\":\"aleks\"}]}<\/script>\n<!-- \/ Yoast SEO plugin. -->","yoast_head_json":{"title":"\u201cJurnalist\u0259 qar\u015f\u0131 t\u0259hqiramiz ifad\u0259l\u0259rin i\u015fl\u0259dilm\u0259si yolverilm\u0259zdir\u201d - MEYDAN.TV","robots":{"index":"index","follow":"follow","max-snippet":"max-snippet:-1","max-image-preview":"max-image-preview:large","max-video-preview":"max-video-preview:-1"},"canonical":"https:\/\/www.meydan.tv\/az\/article\/jurnaliste-qarsi-tehqiramiz-ifadelerin-isledilmesi-yolverilmezdir\/","og_locale":"az_AZ","og_type":"article","og_title":"\u201cJurnalist\u0259 qar\u015f\u0131 t\u0259hqiramiz ifad\u0259l\u0259rin i\u015fl\u0259dilm\u0259si yolverilm\u0259zdir\u201d - MEYDAN.TV","og_description":"\u00c7ingiz Abdullayevin jurnalist\u0259 cavab\u0131 media t\u0259msil\u00e7il\u0259ri t\u0259r\u0259find\u0259n t\u0259nqid olundu Az\u0259rbaycan ... Davam\u0131","og_url":"https:\/\/www.meydan.tv\/az\/article\/jurnaliste-qarsi-tehqiramiz-ifadelerin-isledilmesi-yolverilmezdir\/","og_site_name":"MEYDAN.TV","article_published_time":"2022-10-27T13:11:28+00:00","article_modified_time":"2022-10-27T13:11:30+00:00","og_image":[{"width":1200,"height":800,"url":"https:\/\/www.meydan.tv\/wp-content\/uploads\/60cb59be728eb60cb59be728ec162393951860cb59be728e960cb59be728ea.jpeg","type":"image\/jpeg"}],"author":"aleks","twitter_card":"summary_large_image","schema":{"@context":"https:\/\/schema.org","@graph":[{"@type":"Article","@id":"https:\/\/www.meydan.tv\/az\/article\/jurnaliste-qarsi-tehqiramiz-ifadelerin-isledilmesi-yolverilmezdir\/#article","isPartOf":{"@id":"https:\/\/www.meydan.tv\/az\/article\/jurnaliste-qarsi-tehqiramiz-ifadelerin-isledilmesi-yolverilmezdir\/"},"author":{"name":"aleks","@id":"https:\/\/www.meydan.tv\/az\/#\/schema\/person\/476e9360e593fa131d5d71d51866f8da"},"headline":"\u201cJurnalist\u0259 qar\u015f\u0131 t\u0259hqiramiz ifad\u0259l\u0259rin i\u015fl\u0259dilm\u0259si yolverilm\u0259zdir\u201d","datePublished":"2022-10-27T13:11:28+00:00","dateModified":"2022-10-27T13:11:30+00:00","mainEntityOfPage":{"@id":"https:\/\/www.meydan.tv\/az\/article\/jurnaliste-qarsi-tehqiramiz-ifadelerin-isledilmesi-yolverilmezdir\/"},"wordCount":1296,"publisher":{"@id":"https:\/\/www.meydan.tv\/az\/#organization"},"image":{"@id":"https:\/\/www.meydan.tv\/az\/article\/jurnaliste-qarsi-tehqiramiz-ifadelerin-isledilmesi-yolverilmezdir\/#primaryimage"},"thumbnailUrl":"https:\/\/www.meydan.tv\/wp-content\/uploads\/60cb59be728eb60cb59be728ec162393951860cb59be728e960cb59be728ea.jpeg","articleSection":["M\u0259d\u0259niyy\u0259t","Siyas\u0259t","T\u00f6vsiy\u0259","X\u0259b\u0259rl\u0259r"],"inLanguage":"az"},{"@type":"WebPage","@id":"https:\/\/www.meydan.tv\/az\/article\/jurnaliste-qarsi-tehqiramiz-ifadelerin-isledilmesi-yolverilmezdir\/","url":"https:\/\/www.meydan.tv\/az\/article\/jurnaliste-qarsi-tehqiramiz-ifadelerin-isledilmesi-yolverilmezdir\/","name":"\u201cJurnalist\u0259 qar\u015f\u0131 t\u0259hqiramiz ifad\u0259l\u0259rin i\u015fl\u0259dilm\u0259si yolverilm\u0259zdir\u201d - MEYDAN.TV","isPartOf":{"@id":"https:\/\/www.meydan.tv\/az\/#website"},"primaryImageOfPage":{"@id":"https:\/\/www.meydan.tv\/az\/article\/jurnaliste-qarsi-tehqiramiz-ifadelerin-isledilmesi-yolverilmezdir\/#primaryimage"},"image":{"@id":"https:\/\/www.meydan.tv\/az\/article\/jurnaliste-qarsi-tehqiramiz-ifadelerin-isledilmesi-yolverilmezdir\/#primaryimage"},"thumbnailUrl":"https:\/\/www.meydan.tv\/wp-content\/uploads\/60cb59be728eb60cb59be728ec162393951860cb59be728e960cb59be728ea.jpeg","datePublished":"2022-10-27T13:11:28+00:00","dateModified":"2022-10-27T13:11:30+00:00","breadcrumb":{"@id":"https:\/\/www.meydan.tv\/az\/article\/jurnaliste-qarsi-tehqiramiz-ifadelerin-isledilmesi-yolverilmezdir\/#breadcrumb"},"inLanguage":"az","potentialAction":[{"@type":"ReadAction","target":["https:\/\/www.meydan.tv\/az\/article\/jurnaliste-qarsi-tehqiramiz-ifadelerin-isledilmesi-yolverilmezdir\/"]}]},{"@type":"ImageObject","inLanguage":"az","@id":"https:\/\/www.meydan.tv\/az\/article\/jurnaliste-qarsi-tehqiramiz-ifadelerin-isledilmesi-yolverilmezdir\/#primaryimage","url":"https:\/\/www.meydan.tv\/wp-content\/uploads\/60cb59be728eb60cb59be728ec162393951860cb59be728e960cb59be728ea.jpeg","contentUrl":"https:\/\/www.meydan.tv\/wp-content\/uploads\/60cb59be728eb60cb59be728ec162393951860cb59be728e960cb59be728ea.jpeg","width":1200,"height":800,"caption":"\u00c7ingiz Abdullayev, foto: \u015f\u0259xsi facebook"},{"@type":"BreadcrumbList","@id":"https:\/\/www.meydan.tv\/az\/article\/jurnaliste-qarsi-tehqiramiz-ifadelerin-isledilmesi-yolverilmezdir\/#breadcrumb","itemListElement":[{"@type":"ListItem","position":1,"name":"Ana s\u0259hif\u0259","item":"https:\/\/www.meydan.tv\/az\/"},{"@type":"ListItem","position":2,"name":"X\u0259b\u0259rl\u0259r","item":"https:\/\/www.meydan.tv\/az\/section\/xeberler\/"},{"@type":"ListItem","position":3,"name":"\u201cJurnalist\u0259 qar\u015f\u0131 t\u0259hqiramiz ifad\u0259l\u0259rin i\u015fl\u0259dilm\u0259si yolverilm\u0259zdir\u201d"}]},{"@type":"WebSite","@id":"https:\/\/www.meydan.tv\/az\/#website","url":"https:\/\/www.meydan.tv\/az\/","name":"MEYDAN.TV","description":"Meydan TV Az\u0259rbaycan\u0131n media m\u0259kan\u0131ndak\u0131 alternativ s\u0259sidir","publisher":{"@id":"https:\/\/www.meydan.tv\/az\/#organization"},"potentialAction":[{"@type":"SearchAction","target":{"@type":"EntryPoint","urlTemplate":"https:\/\/www.meydan.tv\/az\/?s={search_term_string}"},"query-input":{"@type":"PropertyValueSpecification","valueRequired":true,"valueName":"search_term_string"}}],"inLanguage":"az"},{"@type":"Organization","@id":"https:\/\/www.meydan.tv\/az\/#organization","name":"Meydan TV","url":"https:\/\/www.meydan.tv\/az\/","logo":{"@type":"ImageObject","inLanguage":"az","@id":"https:\/\/www.meydan.tv\/az\/#\/schema\/logo\/image\/","url":"https:\/\/www.meydan.tv\/wp-content\/uploads\/2021\/07\/meydan-logo.svg","contentUrl":"https:\/\/www.meydan.tv\/wp-content\/uploads\/2021\/07\/meydan-logo.svg","width":195,"height":46,"caption":"Meydan TV"},"image":{"@id":"https:\/\/www.meydan.tv\/az\/#\/schema\/logo\/image\/"}},{"@type":"Person","@id":"https:\/\/www.meydan.tv\/az\/#\/schema\/person\/476e9360e593fa131d5d71d51866f8da","name":"aleks"}]}},"_links":{"self":[{"href":"https:\/\/www.meydan.tv\/az\/wp-json\/wp\/v2\/posts\/259569","targetHints":{"allow":["GET"]}}],"collection":[{"href":"https:\/\/www.meydan.tv\/az\/wp-json\/wp\/v2\/posts"}],"about":[{"href":"https:\/\/www.meydan.tv\/az\/wp-json\/wp\/v2\/types\/post"}],"author":[{"embeddable":true,"href":"https:\/\/www.meydan.tv\/az\/wp-json\/wp\/v2\/users\/12"}],"replies":[{"embeddable":true,"href":"https:\/\/www.meydan.tv\/az\/wp-json\/wp\/v2\/comments?post=259569"}],"version-history":[{"count":1,"href":"https:\/\/www.meydan.tv\/az\/wp-json\/wp\/v2\/posts\/259569\/revisions"}],"predecessor-version":[{"id":259570,"href":"https:\/\/www.meydan.tv\/az\/wp-json\/wp\/v2\/posts\/259569\/revisions\/259570"}],"wp:featuredmedia":[{"embeddable":true,"href":"https:\/\/www.meydan.tv\/az\/wp-json\/wp\/v2\/media\/209611"}],"wp:attachment":[{"href":"https:\/\/www.meydan.tv\/az\/wp-json\/wp\/v2\/media?parent=259569"}],"wp:term":[{"taxonomy":"category","embeddable":true,"href":"https:\/\/www.meydan.tv\/az\/wp-json\/wp\/v2\/categories?post=259569"},{"taxonomy":"post_tag","embeddable":true,"href":"https:\/\/www.meydan.tv\/az\/wp-json\/wp\/v2\/tags?post=259569"}],"curies":[{"name":"wp","href":"https:\/\/api.w.org\/{rel}","templated":true}]}}