{"id":259564,"date":"2022-10-27T17:05:19","date_gmt":"2022-10-27T13:05:19","guid":{"rendered":"https:\/\/www.meydan.tv\/?p=259564"},"modified":"2022-10-27T17:05:22","modified_gmt":"2022-10-27T13:05:22","slug":"mehman-qaraxanoglu-yazici-serefinin-nece-ezabla-can-verdiyini-gormek-dehsetdir","status":"publish","type":"post","link":"https:\/\/www.meydan.tv\/az\/article\/mehman-qaraxanoglu-yazici-serefinin-nece-ezabla-can-verdiyini-gormek-dehsetdir\/","title":{"rendered":"Mehman Qaraxano\u011flu: \u201cYaz\u0131\u00e7\u0131 \u015f\u0259r\u0259finin nec\u0259 \u0259zabla can verdiyini g\u00f6rm\u0259k d\u0259h\u015f\u0259tdir\u201d"},"content":{"rendered":"\n<p><em>T\u0259nqid\u00e7i Az\u0259rbaycan Yaz\u0131\u00e7\u0131lar Birliyinin \u00fczvl\u00fcy\u00fcnd\u0259n imtina etdi<\/em><\/p>\n\n\n\n<p>\u201cYaz\u0131\u00e7\u0131 \u015f\u0259r\u0259finin nec\u0259 \u0259zabla can verdiyini g\u00f6rm\u0259k d\u0259h\u015f\u0259tdir. B\u00fct\u00fcn bunlara etiraz olaraq qurumun \u00fczvl\u00fcy\u00fcnd\u0259n imtina edir\u0259m\u201d.<\/p>\n\n\n\n<p>Bunu t\u0259nqid\u00e7i Mehman Qaraxano\u011flu \u201cFacebook\u201d s\u0259hif\u0259sind\u0259 <a href=\"https:\/\/www.facebook.com\/mehman.aliyev.90260\/posts\/4059136400977629\">yaz\u0131b.<\/a><br><br>O, Az\u0259rbaycan Yaz\u0131\u00e7\u0131lar Birliyinin (AYB) \u00fczvl\u00fcy\u00fcnd\u0259n imtina etdiyini bildirib.<\/p>\n\n\n\n<p>\u201cAz\u0259rbaycan Yaz\u0131\u00e7\u0131lar Birliyinin XIII qurultay\u0131nda r\u0259zillikl\u0259r, l\u0259\u00e7\u0259rlikl\u0259r, simas\u0131zl\u0131qlar, avtoritar oyunbazl\u0131qlar, planla\u015fd\u0131r\u0131lm\u0131\u015f maskaradlar, \u0259d\u0259bi diktatura yaratmaq \u00e7abalar\u0131, demokratik fikirli istedadlara qar\u015f\u0131 gizli s\u00f6vd\u0259l\u0259\u015fm\u0259l\u0259r, proletar t\u0259f\u0259kk\u00fcr\u00fcn\u0259 amans\u0131z qay\u0131d\u0131\u015f\u0131 v\u0259 milli-tarixi yadda\u015f\u0131n q\u0259ddarl\u0131qla qapad\u0131lmas\u0131n\u0131 s\u0259ciyy\u0259l\u0259ndir\u0259n \u0259sas c\u0259h\u0259tl\u0259r idi\u201d, &#8211; t\u0259nqid\u00e7i yaz\u0131b.<\/p>\n\n\n\n<p>2022-ci il oktyabr\u0131n 26-da Az\u0259rbaycan Yaz\u0131\u00e7\u0131lar Birliyinin (AYB) XIII qurultay\u0131 ke\u00e7irilib v\u0259 Xalq yaz\u0131\u00e7\u0131s\u0131 Anar yen\u0259 d\u0259 Birliyin s\u0259dri <a href=\"https:\/\/d9mc3ts4czbpr.cloudfront.net\/az\/article\/yazici-anar-bu-defe-de-postunu-hec-kime-vermedi\/\">se\u00e7ilib.<\/a><br><\/p>\n","protected":false},"excerpt":{"rendered":"<p>T\u0259nqid\u00e7i Az\u0259rbaycan Yaz\u0131\u00e7\u0131lar Birliyinin \u00fczvl\u00fcy\u00fcnd\u0259n imtina etdi \u201cYaz\u0131\u00e7\u0131 \u015f\u0259r\u0259finin nec\u0259 &#8230; <\/p>\n<p class=\"read-more-container\"><a title=\"Mehman Qaraxano\u011flu: \u201cYaz\u0131\u00e7\u0131 \u015f\u0259r\u0259finin nec\u0259 \u0259zabla can verdiyini g\u00f6rm\u0259k d\u0259h\u015f\u0259tdir\u201d\" class=\"read-more button\" href=\"https:\/\/www.meydan.tv\/az\/article\/mehman-qaraxanoglu-yazici-serefinin-nece-ezabla-can-verdiyini-gormek-dehsetdir\/#more-259564\" aria-label=\"Read more about Mehman Qaraxano\u011flu: \u201cYaz\u0131\u00e7\u0131 \u015f\u0259r\u0259finin nec\u0259 \u0259zabla can verdiyini g\u00f6rm\u0259k d\u0259h\u015f\u0259tdir\u201d\">Davam\u0131<\/a><\/p>\n","protected":false},"author":12,"featured_media":259565,"comment_status":"closed","ping_status":"closed","sticky":false,"template":"","format":"standard","meta":{"_acf_changed":false,"_sitemap_exclude":false,"_sitemap_priority":"","_sitemap_frequency":"","footnotes":""},"categories":[52,62,56],"tags":[],"class_list":["post-259564","post","type-post","status-publish","format-standard","has-post-thumbnail","hentry","category-medeniyyet","category-sosial","category-xeberler","infinite-scroll-item","generate-columns","tablet-grid-50","mobile-grid-100","grid-parent","grid-33","no-featured-image-padding"],"acf":[],"yoast_head":"<!-- This site is optimized with the Yoast SEO plugin v27.5 - https:\/\/yoast.com\/product\/yoast-seo-wordpress\/ -->\n<title>Mehman Qaraxano\u011flu: \u201cYaz\u0131\u00e7\u0131 \u015f\u0259r\u0259finin nec\u0259 \u0259zabla can verdiyini g\u00f6rm\u0259k d\u0259h\u015f\u0259tdir\u201d - MEYDAN.TV<\/title>\n<meta name=\"robots\" content=\"index, follow, max-snippet:-1, max-image-preview:large, max-video-preview:-1\" \/>\n<link rel=\"canonical\" href=\"https:\/\/www.meydan.tv\/az\/article\/mehman-qaraxanoglu-yazici-serefinin-nece-ezabla-can-verdiyini-gormek-dehsetdir\/\" \/>\n<meta property=\"og:locale\" content=\"az_AZ\" \/>\n<meta property=\"og:type\" content=\"article\" \/>\n<meta property=\"og:title\" content=\"Mehman Qaraxano\u011flu: \u201cYaz\u0131\u00e7\u0131 \u015f\u0259r\u0259finin nec\u0259 \u0259zabla can verdiyini g\u00f6rm\u0259k d\u0259h\u015f\u0259tdir\u201d - MEYDAN.TV\" \/>\n<meta property=\"og:description\" content=\"T\u0259nqid\u00e7i Az\u0259rbaycan Yaz\u0131\u00e7\u0131lar Birliyinin \u00fczvl\u00fcy\u00fcnd\u0259n imtina etdi \u201cYaz\u0131\u00e7\u0131 \u015f\u0259r\u0259finin nec\u0259 ... Davam\u0131\" \/>\n<meta property=\"og:url\" content=\"https:\/\/www.meydan.tv\/az\/article\/mehman-qaraxanoglu-yazici-serefinin-nece-ezabla-can-verdiyini-gormek-dehsetdir\/\" \/>\n<meta property=\"og:site_name\" content=\"MEYDAN.TV\" \/>\n<meta property=\"article:published_time\" content=\"2022-10-27T13:05:19+00:00\" \/>\n<meta property=\"article:modified_time\" content=\"2022-10-27T13:05:22+00:00\" \/>\n<meta property=\"og:image\" content=\"https:\/\/www.meydan.tv\/wp-content\/uploads\/1496050506_13912877_2072799826277973_1106723499823035290_n.jpg\" \/>\n\t<meta property=\"og:image:width\" content=\"960\" \/>\n\t<meta property=\"og:image:height\" content=\"540\" \/>\n\t<meta property=\"og:image:type\" content=\"image\/jpeg\" \/>\n<meta name=\"author\" content=\"aleks\" \/>\n<meta name=\"twitter:card\" content=\"summary_large_image\" \/>\n<script type=\"application\/ld+json\" class=\"yoast-schema-graph\">{\"@context\":\"https:\\\/\\\/schema.org\",\"@graph\":[{\"@type\":\"Article\",\"@id\":\"https:\\\/\\\/www.meydan.tv\\\/az\\\/article\\\/mehman-qaraxanoglu-yazici-serefinin-nece-ezabla-can-verdiyini-gormek-dehsetdir\\\/#article\",\"isPartOf\":{\"@id\":\"https:\\\/\\\/www.meydan.tv\\\/az\\\/article\\\/mehman-qaraxanoglu-yazici-serefinin-nece-ezabla-can-verdiyini-gormek-dehsetdir\\\/\"},\"author\":{\"name\":\"aleks\",\"@id\":\"https:\\\/\\\/www.meydan.tv\\\/az\\\/#\\\/schema\\\/person\\\/476e9360e593fa131d5d71d51866f8da\"},\"headline\":\"Mehman Qaraxano\u011flu: \u201cYaz\u0131\u00e7\u0131 \u015f\u0259r\u0259finin nec\u0259 \u0259zabla can verdiyini g\u00f6rm\u0259k d\u0259h\u015f\u0259tdir\u201d\",\"datePublished\":\"2022-10-27T13:05:19+00:00\",\"dateModified\":\"2022-10-27T13:05:22+00:00\",\"mainEntityOfPage\":{\"@id\":\"https:\\\/\\\/www.meydan.tv\\\/az\\\/article\\\/mehman-qaraxanoglu-yazici-serefinin-nece-ezabla-can-verdiyini-gormek-dehsetdir\\\/\"},\"wordCount\":189,\"publisher\":{\"@id\":\"https:\\\/\\\/www.meydan.tv\\\/az\\\/#organization\"},\"image\":{\"@id\":\"https:\\\/\\\/www.meydan.tv\\\/az\\\/article\\\/mehman-qaraxanoglu-yazici-serefinin-nece-ezabla-can-verdiyini-gormek-dehsetdir\\\/#primaryimage\"},\"thumbnailUrl\":\"https:\\\/\\\/www.meydan.tv\\\/wp-content\\\/uploads\\\/1496050506_13912877_2072799826277973_1106723499823035290_n.jpg\",\"articleSection\":[\"M\u0259d\u0259niyy\u0259t\",\"Sosial\",\"X\u0259b\u0259rl\u0259r\"],\"inLanguage\":\"az\"},{\"@type\":\"WebPage\",\"@id\":\"https:\\\/\\\/www.meydan.tv\\\/az\\\/article\\\/mehman-qaraxanoglu-yazici-serefinin-nece-ezabla-can-verdiyini-gormek-dehsetdir\\\/\",\"url\":\"https:\\\/\\\/www.meydan.tv\\\/az\\\/article\\\/mehman-qaraxanoglu-yazici-serefinin-nece-ezabla-can-verdiyini-gormek-dehsetdir\\\/\",\"name\":\"Mehman Qaraxano\u011flu: \u201cYaz\u0131\u00e7\u0131 \u015f\u0259r\u0259finin nec\u0259 \u0259zabla can verdiyini g\u00f6rm\u0259k d\u0259h\u015f\u0259tdir\u201d - MEYDAN.TV\",\"isPartOf\":{\"@id\":\"https:\\\/\\\/www.meydan.tv\\\/az\\\/#website\"},\"primaryImageOfPage\":{\"@id\":\"https:\\\/\\\/www.meydan.tv\\\/az\\\/article\\\/mehman-qaraxanoglu-yazici-serefinin-nece-ezabla-can-verdiyini-gormek-dehsetdir\\\/#primaryimage\"},\"image\":{\"@id\":\"https:\\\/\\\/www.meydan.tv\\\/az\\\/article\\\/mehman-qaraxanoglu-yazici-serefinin-nece-ezabla-can-verdiyini-gormek-dehsetdir\\\/#primaryimage\"},\"thumbnailUrl\":\"https:\\\/\\\/www.meydan.tv\\\/wp-content\\\/uploads\\\/1496050506_13912877_2072799826277973_1106723499823035290_n.jpg\",\"datePublished\":\"2022-10-27T13:05:19+00:00\",\"dateModified\":\"2022-10-27T13:05:22+00:00\",\"breadcrumb\":{\"@id\":\"https:\\\/\\\/www.meydan.tv\\\/az\\\/article\\\/mehman-qaraxanoglu-yazici-serefinin-nece-ezabla-can-verdiyini-gormek-dehsetdir\\\/#breadcrumb\"},\"inLanguage\":\"az\",\"potentialAction\":[{\"@type\":\"ReadAction\",\"target\":[\"https:\\\/\\\/www.meydan.tv\\\/az\\\/article\\\/mehman-qaraxanoglu-yazici-serefinin-nece-ezabla-can-verdiyini-gormek-dehsetdir\\\/\"]}]},{\"@type\":\"ImageObject\",\"inLanguage\":\"az\",\"@id\":\"https:\\\/\\\/www.meydan.tv\\\/az\\\/article\\\/mehman-qaraxanoglu-yazici-serefinin-nece-ezabla-can-verdiyini-gormek-dehsetdir\\\/#primaryimage\",\"url\":\"https:\\\/\\\/www.meydan.tv\\\/wp-content\\\/uploads\\\/1496050506_13912877_2072799826277973_1106723499823035290_n.jpg\",\"contentUrl\":\"https:\\\/\\\/www.meydan.tv\\\/wp-content\\\/uploads\\\/1496050506_13912877_2072799826277973_1106723499823035290_n.jpg\",\"width\":960,\"height\":540,\"caption\":\"Mehman Qaraxano\u011flu\"},{\"@type\":\"BreadcrumbList\",\"@id\":\"https:\\\/\\\/www.meydan.tv\\\/az\\\/article\\\/mehman-qaraxanoglu-yazici-serefinin-nece-ezabla-can-verdiyini-gormek-dehsetdir\\\/#breadcrumb\",\"itemListElement\":[{\"@type\":\"ListItem\",\"position\":1,\"name\":\"Ana s\u0259hif\u0259\",\"item\":\"https:\\\/\\\/www.meydan.tv\\\/az\\\/\"},{\"@type\":\"ListItem\",\"position\":2,\"name\":\"X\u0259b\u0259rl\u0259r\",\"item\":\"https:\\\/\\\/www.meydan.tv\\\/az\\\/section\\\/xeberler\\\/\"},{\"@type\":\"ListItem\",\"position\":3,\"name\":\"Mehman Qaraxano\u011flu: \u201cYaz\u0131\u00e7\u0131 \u015f\u0259r\u0259finin nec\u0259 \u0259zabla can verdiyini g\u00f6rm\u0259k d\u0259h\u015f\u0259tdir\u201d\"}]},{\"@type\":\"WebSite\",\"@id\":\"https:\\\/\\\/www.meydan.tv\\\/az\\\/#website\",\"url\":\"https:\\\/\\\/www.meydan.tv\\\/az\\\/\",\"name\":\"MEYDAN.TV\",\"description\":\"Meydan TV Az\u0259rbaycan\u0131n media m\u0259kan\u0131ndak\u0131 alternativ s\u0259sidir\",\"publisher\":{\"@id\":\"https:\\\/\\\/www.meydan.tv\\\/az\\\/#organization\"},\"potentialAction\":[{\"@type\":\"SearchAction\",\"target\":{\"@type\":\"EntryPoint\",\"urlTemplate\":\"https:\\\/\\\/www.meydan.tv\\\/az\\\/?s={search_term_string}\"},\"query-input\":{\"@type\":\"PropertyValueSpecification\",\"valueRequired\":true,\"valueName\":\"search_term_string\"}}],\"inLanguage\":\"az\"},{\"@type\":\"Organization\",\"@id\":\"https:\\\/\\\/www.meydan.tv\\\/az\\\/#organization\",\"name\":\"Meydan TV\",\"url\":\"https:\\\/\\\/www.meydan.tv\\\/az\\\/\",\"logo\":{\"@type\":\"ImageObject\",\"inLanguage\":\"az\",\"@id\":\"https:\\\/\\\/www.meydan.tv\\\/az\\\/#\\\/schema\\\/logo\\\/image\\\/\",\"url\":\"https:\\\/\\\/www.meydan.tv\\\/wp-content\\\/uploads\\\/2021\\\/07\\\/meydan-logo.svg\",\"contentUrl\":\"https:\\\/\\\/www.meydan.tv\\\/wp-content\\\/uploads\\\/2021\\\/07\\\/meydan-logo.svg\",\"width\":195,\"height\":46,\"caption\":\"Meydan TV\"},\"image\":{\"@id\":\"https:\\\/\\\/www.meydan.tv\\\/az\\\/#\\\/schema\\\/logo\\\/image\\\/\"}},{\"@type\":\"Person\",\"@id\":\"https:\\\/\\\/www.meydan.tv\\\/az\\\/#\\\/schema\\\/person\\\/476e9360e593fa131d5d71d51866f8da\",\"name\":\"aleks\"}]}<\/script>\n<!-- \/ Yoast SEO plugin. -->","yoast_head_json":{"title":"Mehman Qaraxano\u011flu: \u201cYaz\u0131\u00e7\u0131 \u015f\u0259r\u0259finin nec\u0259 \u0259zabla can verdiyini g\u00f6rm\u0259k d\u0259h\u015f\u0259tdir\u201d - MEYDAN.TV","robots":{"index":"index","follow":"follow","max-snippet":"max-snippet:-1","max-image-preview":"max-image-preview:large","max-video-preview":"max-video-preview:-1"},"canonical":"https:\/\/www.meydan.tv\/az\/article\/mehman-qaraxanoglu-yazici-serefinin-nece-ezabla-can-verdiyini-gormek-dehsetdir\/","og_locale":"az_AZ","og_type":"article","og_title":"Mehman Qaraxano\u011flu: \u201cYaz\u0131\u00e7\u0131 \u015f\u0259r\u0259finin nec\u0259 \u0259zabla can verdiyini g\u00f6rm\u0259k d\u0259h\u015f\u0259tdir\u201d - MEYDAN.TV","og_description":"T\u0259nqid\u00e7i Az\u0259rbaycan Yaz\u0131\u00e7\u0131lar Birliyinin \u00fczvl\u00fcy\u00fcnd\u0259n imtina etdi \u201cYaz\u0131\u00e7\u0131 \u015f\u0259r\u0259finin nec\u0259 ... Davam\u0131","og_url":"https:\/\/www.meydan.tv\/az\/article\/mehman-qaraxanoglu-yazici-serefinin-nece-ezabla-can-verdiyini-gormek-dehsetdir\/","og_site_name":"MEYDAN.TV","article_published_time":"2022-10-27T13:05:19+00:00","article_modified_time":"2022-10-27T13:05:22+00:00","og_image":[{"width":960,"height":540,"url":"https:\/\/www.meydan.tv\/wp-content\/uploads\/1496050506_13912877_2072799826277973_1106723499823035290_n.jpg","type":"image\/jpeg"}],"author":"aleks","twitter_card":"summary_large_image","schema":{"@context":"https:\/\/schema.org","@graph":[{"@type":"Article","@id":"https:\/\/www.meydan.tv\/az\/article\/mehman-qaraxanoglu-yazici-serefinin-nece-ezabla-can-verdiyini-gormek-dehsetdir\/#article","isPartOf":{"@id":"https:\/\/www.meydan.tv\/az\/article\/mehman-qaraxanoglu-yazici-serefinin-nece-ezabla-can-verdiyini-gormek-dehsetdir\/"},"author":{"name":"aleks","@id":"https:\/\/www.meydan.tv\/az\/#\/schema\/person\/476e9360e593fa131d5d71d51866f8da"},"headline":"Mehman Qaraxano\u011flu: \u201cYaz\u0131\u00e7\u0131 \u015f\u0259r\u0259finin nec\u0259 \u0259zabla can verdiyini g\u00f6rm\u0259k d\u0259h\u015f\u0259tdir\u201d","datePublished":"2022-10-27T13:05:19+00:00","dateModified":"2022-10-27T13:05:22+00:00","mainEntityOfPage":{"@id":"https:\/\/www.meydan.tv\/az\/article\/mehman-qaraxanoglu-yazici-serefinin-nece-ezabla-can-verdiyini-gormek-dehsetdir\/"},"wordCount":189,"publisher":{"@id":"https:\/\/www.meydan.tv\/az\/#organization"},"image":{"@id":"https:\/\/www.meydan.tv\/az\/article\/mehman-qaraxanoglu-yazici-serefinin-nece-ezabla-can-verdiyini-gormek-dehsetdir\/#primaryimage"},"thumbnailUrl":"https:\/\/www.meydan.tv\/wp-content\/uploads\/1496050506_13912877_2072799826277973_1106723499823035290_n.jpg","articleSection":["M\u0259d\u0259niyy\u0259t","Sosial","X\u0259b\u0259rl\u0259r"],"inLanguage":"az"},{"@type":"WebPage","@id":"https:\/\/www.meydan.tv\/az\/article\/mehman-qaraxanoglu-yazici-serefinin-nece-ezabla-can-verdiyini-gormek-dehsetdir\/","url":"https:\/\/www.meydan.tv\/az\/article\/mehman-qaraxanoglu-yazici-serefinin-nece-ezabla-can-verdiyini-gormek-dehsetdir\/","name":"Mehman Qaraxano\u011flu: \u201cYaz\u0131\u00e7\u0131 \u015f\u0259r\u0259finin nec\u0259 \u0259zabla can verdiyini g\u00f6rm\u0259k d\u0259h\u015f\u0259tdir\u201d - MEYDAN.TV","isPartOf":{"@id":"https:\/\/www.meydan.tv\/az\/#website"},"primaryImageOfPage":{"@id":"https:\/\/www.meydan.tv\/az\/article\/mehman-qaraxanoglu-yazici-serefinin-nece-ezabla-can-verdiyini-gormek-dehsetdir\/#primaryimage"},"image":{"@id":"https:\/\/www.meydan.tv\/az\/article\/mehman-qaraxanoglu-yazici-serefinin-nece-ezabla-can-verdiyini-gormek-dehsetdir\/#primaryimage"},"thumbnailUrl":"https:\/\/www.meydan.tv\/wp-content\/uploads\/1496050506_13912877_2072799826277973_1106723499823035290_n.jpg","datePublished":"2022-10-27T13:05:19+00:00","dateModified":"2022-10-27T13:05:22+00:00","breadcrumb":{"@id":"https:\/\/www.meydan.tv\/az\/article\/mehman-qaraxanoglu-yazici-serefinin-nece-ezabla-can-verdiyini-gormek-dehsetdir\/#breadcrumb"},"inLanguage":"az","potentialAction":[{"@type":"ReadAction","target":["https:\/\/www.meydan.tv\/az\/article\/mehman-qaraxanoglu-yazici-serefinin-nece-ezabla-can-verdiyini-gormek-dehsetdir\/"]}]},{"@type":"ImageObject","inLanguage":"az","@id":"https:\/\/www.meydan.tv\/az\/article\/mehman-qaraxanoglu-yazici-serefinin-nece-ezabla-can-verdiyini-gormek-dehsetdir\/#primaryimage","url":"https:\/\/www.meydan.tv\/wp-content\/uploads\/1496050506_13912877_2072799826277973_1106723499823035290_n.jpg","contentUrl":"https:\/\/www.meydan.tv\/wp-content\/uploads\/1496050506_13912877_2072799826277973_1106723499823035290_n.jpg","width":960,"height":540,"caption":"Mehman Qaraxano\u011flu"},{"@type":"BreadcrumbList","@id":"https:\/\/www.meydan.tv\/az\/article\/mehman-qaraxanoglu-yazici-serefinin-nece-ezabla-can-verdiyini-gormek-dehsetdir\/#breadcrumb","itemListElement":[{"@type":"ListItem","position":1,"name":"Ana s\u0259hif\u0259","item":"https:\/\/www.meydan.tv\/az\/"},{"@type":"ListItem","position":2,"name":"X\u0259b\u0259rl\u0259r","item":"https:\/\/www.meydan.tv\/az\/section\/xeberler\/"},{"@type":"ListItem","position":3,"name":"Mehman Qaraxano\u011flu: \u201cYaz\u0131\u00e7\u0131 \u015f\u0259r\u0259finin nec\u0259 \u0259zabla can verdiyini g\u00f6rm\u0259k d\u0259h\u015f\u0259tdir\u201d"}]},{"@type":"WebSite","@id":"https:\/\/www.meydan.tv\/az\/#website","url":"https:\/\/www.meydan.tv\/az\/","name":"MEYDAN.TV","description":"Meydan TV Az\u0259rbaycan\u0131n media m\u0259kan\u0131ndak\u0131 alternativ s\u0259sidir","publisher":{"@id":"https:\/\/www.meydan.tv\/az\/#organization"},"potentialAction":[{"@type":"SearchAction","target":{"@type":"EntryPoint","urlTemplate":"https:\/\/www.meydan.tv\/az\/?s={search_term_string}"},"query-input":{"@type":"PropertyValueSpecification","valueRequired":true,"valueName":"search_term_string"}}],"inLanguage":"az"},{"@type":"Organization","@id":"https:\/\/www.meydan.tv\/az\/#organization","name":"Meydan TV","url":"https:\/\/www.meydan.tv\/az\/","logo":{"@type":"ImageObject","inLanguage":"az","@id":"https:\/\/www.meydan.tv\/az\/#\/schema\/logo\/image\/","url":"https:\/\/www.meydan.tv\/wp-content\/uploads\/2021\/07\/meydan-logo.svg","contentUrl":"https:\/\/www.meydan.tv\/wp-content\/uploads\/2021\/07\/meydan-logo.svg","width":195,"height":46,"caption":"Meydan TV"},"image":{"@id":"https:\/\/www.meydan.tv\/az\/#\/schema\/logo\/image\/"}},{"@type":"Person","@id":"https:\/\/www.meydan.tv\/az\/#\/schema\/person\/476e9360e593fa131d5d71d51866f8da","name":"aleks"}]}},"_links":{"self":[{"href":"https:\/\/www.meydan.tv\/az\/wp-json\/wp\/v2\/posts\/259564","targetHints":{"allow":["GET"]}}],"collection":[{"href":"https:\/\/www.meydan.tv\/az\/wp-json\/wp\/v2\/posts"}],"about":[{"href":"https:\/\/www.meydan.tv\/az\/wp-json\/wp\/v2\/types\/post"}],"author":[{"embeddable":true,"href":"https:\/\/www.meydan.tv\/az\/wp-json\/wp\/v2\/users\/12"}],"replies":[{"embeddable":true,"href":"https:\/\/www.meydan.tv\/az\/wp-json\/wp\/v2\/comments?post=259564"}],"version-history":[{"count":1,"href":"https:\/\/www.meydan.tv\/az\/wp-json\/wp\/v2\/posts\/259564\/revisions"}],"predecessor-version":[{"id":259568,"href":"https:\/\/www.meydan.tv\/az\/wp-json\/wp\/v2\/posts\/259564\/revisions\/259568"}],"wp:featuredmedia":[{"embeddable":true,"href":"https:\/\/www.meydan.tv\/az\/wp-json\/wp\/v2\/media\/259565"}],"wp:attachment":[{"href":"https:\/\/www.meydan.tv\/az\/wp-json\/wp\/v2\/media?parent=259564"}],"wp:term":[{"taxonomy":"category","embeddable":true,"href":"https:\/\/www.meydan.tv\/az\/wp-json\/wp\/v2\/categories?post=259564"},{"taxonomy":"post_tag","embeddable":true,"href":"https:\/\/www.meydan.tv\/az\/wp-json\/wp\/v2\/tags?post=259564"}],"curies":[{"name":"wp","href":"https:\/\/api.w.org\/{rel}","templated":true}]}}