{"id":259536,"date":"2022-10-27T12:54:21","date_gmt":"2022-10-27T08:54:21","guid":{"rendered":"https:\/\/www.meydan.tv\/?p=259536"},"modified":"2022-10-27T12:54:26","modified_gmt":"2022-10-27T08:54:26","slug":"gedebey-sakini-ovladimi-oldurmek-isteyirlerse-aciq-desinler-men-de-bilim","status":"publish","type":"post","link":"https:\/\/www.meydan.tv\/az\/article\/gedebey-sakini-ovladimi-oldurmek-isteyirlerse-aciq-desinler-men-de-bilim\/","title":{"rendered":"G\u0259d\u0259b\u0259y sakini: \u201c\u00d6vlad\u0131m\u0131 \u00f6ld\u00fcrm\u0259k ist\u0259yirl\u0259rs\u0259, a\u00e7\u0131q desinl\u0259r, m\u0259n d\u0259 bilim&#8230;\u201d"},"content":{"rendered":"\n<p><\/p>\n\n\n\n<p><em>Faiq M\u0259mm\u0259dov: \u201cKas\u0131b olanda adam\u0131n ba\u015f\u0131na bel\u0259 oyun a\u00e7arlar?\u201d<\/em><\/p>\n\n\n\n<p>G\u0259d\u0259b\u0259y rayonunun Qas\u0131ml\u0131 k\u0259nd sakini Faiq M\u0259mm\u0259dov deyir ki, h\u00fcquq-m\u00fchafiz\u0259 orqanlar\u0131 2016-c\u0131 ild\u0259 ba\u015f vermi\u015f \u00f6l\u00fcm hadis\u0259sini o\u011flunun \u00fcst\u00fcn\u0259 qoyma\u011fa \u00e7al\u0131\u015f\u0131rlar. Onun s\u00f6zl\u0259rin\u0259 g\u00f6r\u0259, bundan \u00f6tr\u00fc o\u011flu Bab\u0259k\u0259 a\u011flas\u0131\u011fmaz i\u015fg\u0259nc\u0259l\u0259r verirl\u0259r.<\/p>\n\n\n\n<p><strong>\u201cO q\u0259d\u0259r i\u015fg\u0259nc\u0259 veribl\u0259r, \u00f6l\u00fcm i\u015fini boynuna g\u00f6t\u00fcr\u00fcb\u201d<\/strong><\/p>\n\n\n\n<p>58 ya\u015fl\u0131 Faiq M\u0259mm\u0259dov dan\u0131\u015f\u0131r ki, onlarla eyni k\u0259ndd\u0259 ya\u015fayan S\u0259may\u0259 M\u0259mm\u0259dovan\u0131n q\u0259tlini h\u0259l\u0259 5 il \u0259vv\u0259l \u2013 2017-ci ilin avqustunda o\u011flunun \u00fcz\u0259rin\u0259 qoymaq ist\u0259yibl\u0259r. Atan\u0131n s\u00f6zl\u0259rin\u0259 g\u00f6r\u0259, o\u011flu ona veril\u0259n i\u015fg\u0259nc\u0259l\u0259r\u0259 d\u00f6zm\u0259yib, bu cinay\u0259ti \u00fcz\u0259rin\u0259 g\u00f6t\u00fcr\u00fcb, etiraf ifad\u0259sin\u0259 imza at\u0131b. Amma onun m\u00fcxt\u0259lif orqanlara \u015fikay\u0259tl\u0259rind\u0259n sonra Bab\u0259k M\u0259mm\u0259dova m\u00fcnasib\u0259td\u0259 bu i\u015f\u0259 xitam verilib.<\/p>\n\n\n\n<p>G\u0259d\u0259b\u0259yin Qas\u0131ml\u0131 k\u0259nd sakini olan S\u0259may\u0259 M\u0259mm\u0259dova 2016-c\u0131 ilin dekabr\u0131nda q\u0259tl\u0259 yetirilib.<\/p>\n\n\n<div class=\"wp-block-image\">\n<figure class=\"alignleft size-large is-resized\"><img decoding=\"async\" data-src=\"https:\/\/www.meydan.tv\/wp-content\/uploads\/photo-2022-10-26-22-59-38-1-513x821.jpg\" alt=\"\" class=\"wp-image-259537 lazyload\" width=\"327\" height=\"523\" src=\"data:image\/svg+xml;base64,PHN2ZyB3aWR0aD0iMSIgaGVpZ2h0PSIxIiB4bWxucz0iaHR0cDovL3d3dy53My5vcmcvMjAwMC9zdmciPjwvc3ZnPg==\" style=\"--smush-placeholder-width: 327px; --smush-placeholder-aspect-ratio: 327\/523;\" \/><figcaption>Foto: Bab\u0259k M\u0259mm\u0259dovun ail\u0259sinin arxivind\u0259n<\/figcaption><\/figure>\n<\/div>\n\n\n<p>\u201c2017-ci ilin avqustunda o\u011flumu k\u0259ndimizd\u0259 m\u0259kt\u0259bin yan\u0131nda saxlay\u0131b, polis \u015f\u00f6b\u0259sin\u0259 apar\u0131blar. Deyibl\u0259r ki, \u0130n\u0259kbo\u011fan k\u0259ndind\u0259 \u018fjd\u0259r \u018fl\u0259kb\u0259rovun evin\u0259 girmis\u0259n, telefon g\u00f6t\u00fcrm\u00fcs\u0259n. Ona o q\u0259d\u0259r i\u015fg\u0259nc\u0259 veribl\u0259r, \u00fcst\u00fcn\u0259 g\u00f6t\u00fcrm\u0259kd\u0259n ba\u015fqa \u00e7ar\u0259si qalmay\u0131b. G\u00f6r\u00fcbl\u0259r ki, bunu g\u00f6t\u00fcrd\u00fc, \u0259vv\u0259lki ild\u0259n ba\u011fl\u0131 qalm\u0131\u015f \u00f6l\u00fcm i\u015fini d\u0259 boynuna qoymaq ist\u0259yibl\u0259r. El\u0259 \u0259zablar veribl\u0259r, deyil\u0259si deyil. \u00d6l\u00fcm i\u015fini d\u0259 \u00fcst\u00fcn\u0259 g\u00f6t\u00fcr\u00fcb\u2026\u201d, &#8211; Faiq M\u0259mm\u0259dov bildirib.<\/p>\n\n\n\n<p><strong>\u201c\u015e\u00fcbh\u0259l\u0259r t\u0259sdiqini tapmad\u0131\u011f\u0131na g\u00f6r\u0259 xitam verilib\u201d<\/strong><\/p>\n\n\n\n<p>O zaman 23 ya\u015f\u0131 olan Bab\u0259k M\u0259mm\u0259dov S\u0259may\u0259 M\u0259mm\u0259dovan\u0131 q\u0259tl\u0259 yetirm\u0259si haqda \u015f\u00fcbh\u0259li \u015f\u0259xs qismind\u0259 dindirm\u0259 protokolunda etirafedici ifad\u0259y\u0259 d\u0259 imza at\u0131b. Amma t\u0259cridxanaya g\u0259tiril\u0259nd\u0259n sonra intihara c\u0259hd edib. Ail\u0259 \u00fczvl\u0259ri d\u0259 onun ba\u015f\u0131na g\u0259l\u0259nl\u0259rl\u0259 \u0259laq\u0259dar m\u00fcxt\u0259lif d\u00f6vl\u0259t orqanlar\u0131na \u015fikay\u0259tl\u0259r g\u00f6nd\u0259ribl\u0259r.<\/p>\n\n\n\n<p>Dindirm\u0259 zaman\u0131 Bab\u0259k M\u0259mm\u0259dov prokurorluq i\u015f\u00e7il\u0259rin\u0259 d\u0259 deyib ki, S\u0259may\u0259 M\u0259mm\u0259dovan\u0131n q\u0259tlini i\u015fg\u0259nc\u0259 alt\u0131nda onun boynuna qoyublar, etiraf ifad\u0259si al\u0131blar, \u0259slind\u0259, bu hadis\u0259y\u0259 aidiyy\u0259ti yoxdur. O, 11 avqust 2017-ci ild\u0259 m\u00fcv\u0259qq\u0259ti saxlama t\u0259cridxanas\u0131nda \u00f6z\u00fcn\u0259 x\u0259sar\u0259t yetirm\u0259sini d\u0259 ona veril\u0259n i\u015fg\u0259nc\u0259l\u0259rl\u0259 izah edib.<\/p>\n\n\n\n<p>\u201cBu x\u00fcsusat \u00fczr\u0259 B\u0259b\u0259k M\u0259mm\u0259dovun t\u0259qsirl\u0259ndiril\u0259n \u015f\u0259xs qismind\u0259 c\u0259lb edilm\u0259si \u00fc\u00e7\u00fcn \u0259saslar olmad\u0131\u011f\u0131ndan, bar\u0259sind\u0259ki \u015f\u00fcbh\u0259l\u0259r t\u0259sdiql\u0259nm\u0259diyin\u0259 g\u00f6r\u0259 onun \u015f\u00fcbh\u0259li \u015f\u0259xs statusuna xitam verilmi\u015fdir\u201d, &#8211; prokurorlu\u011fun q\u0259rar\u0131nda yaz\u0131l\u0131b.<\/p>\n\n\n\n<p><strong>\u201cProkurorluq ayd\u0131nla\u015fd\u0131rm\u0131r ki, o\u011flum niy\u0259 t\u00f6r\u0259tm\u0259diyi \u00f6l\u00fcm\u00fc boynuna g\u00f6t\u00fcr\u00fcb?<\/strong><\/p>\n\n\n\n<p>Prokurorluq onunla ba\u011fl\u0131 xitam q\u0259rar\u0131 vers\u0259 d\u0259, onun i\u015fg\u0259nc\u0259 \u015fikay\u0259tin\u0259 m\u00fcsb\u0259t cavab verm\u0259yib.<br>O zaman Ba\u015f Prokurorlu\u011fun Daxili \u0130\u015fl\u0259r orqanlar\u0131n\u0131n istintaq, t\u0259hqiqat v\u0259 \u0259m\u0259liyyat-axtar\u0131\u015f f\u0259aliyy\u0259tind\u0259 qanunlar\u0131n icras\u0131na n\u0259zar\u0259t idar\u0259sinin r\u0259isi Kamal Q\u0131l\u0131cov (haz\u0131rda Ba\u015f Prokurorlu\u011fun Xidm\u0259ti Ara\u015fd\u0131rmalar \u0130dar\u0259sinin r\u0259isidir-red.) yaz\u0131r ki, prokurorluq ara\u015fd\u0131rma apar\u0131b, Bab\u0259k M\u0259mm\u0259dovun i\u015fg\u0259nc\u0259y\u0259 m\u0259ruz qalmas\u0131yla ba\u011fl\u0131 x\u00fcsusatlar t\u0259sdiqini tapmay\u0131b. Ona g\u00f6r\u0259 i\u015fg\u0259nc\u0259 \u015fikay\u0259ti \u00fczr\u0259 cinay\u0259t i\u015fi ba\u015flanmas\u0131 r\u0259dd edilib.<\/p>\n\n\n<div class=\"wp-block-image\">\n<figure class=\"alignright size-full is-resized\"><img decoding=\"async\" data-src=\"https:\/\/www.meydan.tv\/wp-content\/uploads\/photo-2022-10-26-22-59-39-1.jpg\" alt=\"\" class=\"wp-image-259527 lazyload\" width=\"782\" height=\"503\" src=\"data:image\/svg+xml;base64,PHN2ZyB3aWR0aD0iMSIgaGVpZ2h0PSIxIiB4bWxucz0iaHR0cDovL3d3dy53My5vcmcvMjAwMC9zdmciPjwvc3ZnPg==\" style=\"--smush-placeholder-width: 782px; --smush-placeholder-aspect-ratio: 782\/503;\" \/><figcaption>\u018friz\u0259.<\/figcaption><\/figure>\n<\/div>\n\n\n<p>\u201cB\u0259s prokurorluq niy\u0259 ayd\u0131nl\u0131q g\u0259tirmir ki, hans\u0131 s\u0259b\u0259bd\u0259n Bab\u0259k M\u0259mm\u0259dov ona aidiyy\u0259ti olmayan a\u011f\u0131r cinay\u0259ti \u2013 \u00f6l\u00fcm i\u015fini \u00fcz\u0259rin\u0259 g\u00f6t\u00fcrm\u00fc\u015fd\u00fc? Ax\u0131 prokurorluq \u00f6z\u00fc q\u0259rar\u0131nda yaz\u0131b ki, \u015f\u00fcbh\u0259l\u0259r t\u0259sdiqini tapmad\u0131, onu bu i\u015fd\u0259 ittiham el\u0259m\u0259k \u00fc\u00e7\u00fcn \u0259sas yoxdur. B\u0259s nec\u0259 olub ki, Bab\u0259k etiraf ifad\u0259si verib? Dem\u0259li, a\u00e7\u0131q-a\u015fkar ortada i\u015fg\u0259nc\u0259 fakt\u0131 olub. Amma i\u015fg\u0259nc\u0259 ver\u0259nl\u0259r c\u0259zas\u0131z qal\u0131b\u201d, &#8211; Bab\u0259k M\u0259mm\u0259dovun ail\u0259 \u00fczvl\u0259ri dan\u0131\u015f\u0131r.<\/p>\n\n\n<div class=\"wp-block-image\">\n<figure class=\"alignright size-large is-resized\"><img decoding=\"async\" data-src=\"https:\/\/www.meydan.tv\/wp-content\/uploads\/photo-2022-10-26-22-59-39-532x821.jpg\" alt=\"\" class=\"wp-image-259530 lazyload\" width=\"340\" height=\"525\" src=\"data:image\/svg+xml;base64,PHN2ZyB3aWR0aD0iMSIgaGVpZ2h0PSIxIiB4bWxucz0iaHR0cDovL3d3dy53My5vcmcvMjAwMC9zdmciPjwvc3ZnPg==\" style=\"--smush-placeholder-width: 340px; --smush-placeholder-aspect-ratio: 340\/525;\" \/><figcaption>\u00d6l\u00fcm h\u00f6km\u00fcn\u00fcn xitam\u0131<\/figcaption><\/figure>\n<\/div>\n\n\n<p><strong>\u201cYen\u0259 d\u0259 rahat buraxm\u0131rlar\u201d<\/strong><\/p>\n\n\n\n<p>2018-ci ild\u0259 Bab\u0259k M\u0259mm\u0259dov \u0130n\u0259kbo\u011fan k\u0259ndind\u0259 \u018fjd\u0259r \u018fl\u0259kb\u0259rovun evin\u0259 basq\u0131n ittiham\u0131yla m\u0259hk\u0259m\u0259 qar\u015f\u0131s\u0131na \u00e7\u0131xar\u0131l\u0131b. G\u0259nc\u0259 A\u011f\u0131r Cinay\u0259tl\u0259r M\u0259hk\u0259m\u0259sinin h\u00f6km\u00fcyl\u0259 o, Cinay\u0259t M\u0259c\u0259ll\u0259sinin 181-ci (quldurluq) madd\u0259sil\u0259 t\u0259qsirli say\u0131l\u0131b v\u0259 8 il 6 ay azadl\u0131qdan m\u0259hrum edilib.<\/p>\n\n\n\n<p>\u201cO i\u015fd\u0259 n\u0259 q\u0259d\u0259r \u015fahid \u00e7a\u011f\u0131r\u0131l\u0131b m\u0259hk\u0259m\u0259d\u0259 dindirildi, he\u00e7 biri dem\u0259di ki, Bab\u0259ki o ev\u0259 ya gir\u0259nd\u0259, ya \u00e7\u0131xanda g\u00f6rm\u00fc\u015f\u0259m. \u00d6l\u00fcm i\u015fin\u0259 xitam veril\u0259nd\u0259n sonra m\u0259nd\u0259n 3 min pul ist\u0259dil\u0259r ki, u\u015fa\u011f\u0131m\u0131 tamam buraxs\u0131nlar. M\u0259n d\u0259 kas\u0131b adamam, dedim, bir in\u0259yim var, sat\u0131m, ne\u00e7\u0259y\u0259 gets\u0259, ham\u0131s\u0131n\u0131 verim. Raz\u0131la\u015fmad\u0131lar. Ona g\u00f6r\u0259 ev\u0259 basq\u0131n edib, telefon g\u00f6t\u00fcrm\u0259k ittiham\u0131n\u0131 \u00fcst\u00fcnd\u0259 saxlay\u0131b g\u00f6nd\u0259rdil\u0259r. Ev sahibini d\u0259 \u00f6yr\u0259tdil\u0259r. B\u00fct\u00fcn bunlar\u0131 ba\u015f\u0131m\u0131za g\u0259tirdil\u0259r, he\u00e7 n\u0259d\u0259n 8 il 6 ay c\u0259za verdil\u0259r, yen\u0259 d\u0259 rahat buraxm\u0131rlar\u201d, &#8211; Faiq M\u0259mm\u0259dov bildirib.<\/p>\n\n\n\n<p><\/p>\n\n\n\n<p><\/p>\n\n\n\n<p><\/p>\n\n\n\n<p><\/p>\n\n\n\n<p><\/p>\n\n\n\n<p><strong>\u201c58 ya\u015f\u0131m var, 70 ya\u015fl\u0131 ki\u015fiy\u0259 ox\u015fay\u0131ram, fikird\u0259n \u00f6l\u00fcr\u0259m\u201d<\/strong><\/p>\n\n\n\n<p>Onun s\u00f6zl\u0259rin\u0259 g\u00f6r\u0259, o\u011flunu 2022-ci il avqustun 16-da saxland\u0131\u011f\u0131 13 sayl\u0131 c\u0259za\u00e7\u0259km\u0259 m\u00fc\u0259ssis\u0259sind\u0259n K\u00fcrd\u0259xan\u0131dak\u0131 Bak\u0131 \u0130stintaq T\u0259cridxanas\u0131na, oradan is\u0259 Ba\u015f M\u00fct\u0259\u015f\u0259kkil Cinay\u0259tkarl\u0131qla M\u00fcbariz\u0259 \u0130dar\u0259sin\u0259 apar\u0131blar. 11 g\u00fcn \u0259rzind\u0259 o idar\u0259d\u0259 o\u011flunun i\u015fg\u0259nc\u0259l\u0259r\u0259 m\u0259ruz qald\u0131\u011f\u0131n\u0131 dey\u0259n Faiq M\u0259mm\u0259dovun s\u00f6zl\u0259rin\u0259 g\u00f6r\u0259, ba\u011fl\u0131 qalm\u0131\u015f \u00f6l\u00fcm i\u015fini yen\u0259 Bab\u0259k M\u0259mm\u0259dovun \u00fcz\u0259rin\u0259 qoyma\u011fa \u00e7al\u0131\u015f\u0131rlar:<\/p>\n\n\n\n<p>\u201c\u015eikay\u0259t el\u0259dim, teleqram vurdum, qaytard\u0131lar K\u00fcrd\u0259xan\u0131 t\u0259cridxanas\u0131na, oradan da c\u0259za\u00e7\u0259km\u0259 m\u00fc\u0259ssis\u0259sin\u0259. Bir m\u00fcdd\u0259t \u0259vv\u0259l yen\u0259 g\u00f6t\u00fcr\u00fcb apar\u0131blar. Biz\u0259 ail\u0259si olaraq, he\u00e7 bir m\u0259lumat vermirl\u0259r. M\u00fc\u0259ssis\u0259 r\u0259hb\u0259rliyind\u0259n soru\u015furam ki, ax\u0131 m\u0259nim \u00f6vlad\u0131m\u0131 niy\u0259 apar\u0131blar yen\u0259? He\u00e7 n\u0259 deyilmir. \u00d6vlad\u0131mla \u0259laq\u0259 saxlaya bilmir\u0259m. Ax\u0131 atayam, \u00fcr\u0259yim partlay\u0131r. Adam kas\u0131b olanda ba\u015f\u0131na h\u0259r oyunu g\u0259tir\u0259rl\u0259r? \u0130mkan\u0131m olsayd\u0131, o vaxt ver\u0259rdim ki, u\u015fa\u011f\u0131mdan \u0259l \u00e7\u0259ksinl\u0259r. \u018fg\u0259r \u00f6vlad\u0131m\u0131 \u00f6ld\u00fcrm\u0259k ist\u0259yirl\u0259rs\u0259, a\u00e7\u0131q desinl\u0259r, m\u0259n d\u0259 bilim. 58 ya\u015f\u0131m var, 70 ya\u015fl\u0131 ki\u015fiy\u0259 ox\u015fay\u0131ram, fikird\u0259n \u00f6l\u00fcr\u0259m. Bir var, haql\u0131 tutalar, he\u00e7 m\u0259n\u0259 bu q\u0259d\u0259r t\u0259sir el\u0259m\u0259zdi\u2026\u201d.<\/p>\n\n\n<div class=\"wp-block-image\">\n<figure class=\"alignleft size-full is-resized\"><img decoding=\"async\" data-src=\"https:\/\/www.meydan.tv\/wp-content\/uploads\/untitled-design-2-55.jpg\" alt=\"\" class=\"wp-image-259533 lazyload\" width=\"419\" height=\"279\" src=\"data:image\/svg+xml;base64,PHN2ZyB3aWR0aD0iMSIgaGVpZ2h0PSIxIiB4bWxucz0iaHR0cDovL3d3dy53My5vcmcvMjAwMC9zdmciPjwvc3ZnPg==\" style=\"--smush-placeholder-width: 419px; --smush-placeholder-aspect-ratio: 419\/279;\" \/><figcaption>Faiq M\u0259mm\u0259dov. Foto: Meydan TV<\/figcaption><\/figure>\n<\/div>\n\n\n<p>Penitensiar Xidm\u0259tin ictimaiyy\u0259tl\u0259 \u0259laq\u0259l\u0259r \u015f\u00f6b\u0259sind\u0259n bildirilib ki, m\u0259hkumlar\u0131n yerd\u0259yi\u015fm\u0259si, bunun s\u0259b\u0259bl\u0259ri bar\u0259d\u0259 yaln\u0131z m\u0259hkumlar\u0131n ail\u0259 \u00fczvl\u0259rin\u0259 m\u0259lumat verilir. Bu bar\u0259d\u0259 mediaya informasiya veril\u0259 bilm\u0259z.<\/p>\n\n\n\n<p>Daxili \u0130\u015fl\u0259r Nazirliyinin m\u0259tbuat xidm\u0259tind\u0259n Meydan TV-y\u0259 bildirilib ki, m\u0259s\u0259l\u0259 ara\u015fd\u0131r\u0131lacaq v\u0259 m\u0259lumat veril\u0259c\u0259k.<\/p>\n","protected":false},"excerpt":{"rendered":"<p>Faiq M\u0259mm\u0259dov: \u201cKas\u0131b olanda adam\u0131n ba\u015f\u0131na bel\u0259 oyun a\u00e7arlar?\u201d G\u0259d\u0259b\u0259y &#8230; <\/p>\n<p class=\"read-more-container\"><a title=\"G\u0259d\u0259b\u0259y sakini: \u201c\u00d6vlad\u0131m\u0131 \u00f6ld\u00fcrm\u0259k ist\u0259yirl\u0259rs\u0259, a\u00e7\u0131q desinl\u0259r, m\u0259n d\u0259 bilim&#8230;\u201d\" class=\"read-more button\" href=\"https:\/\/www.meydan.tv\/az\/article\/gedebey-sakini-ovladimi-oldurmek-isteyirlerse-aciq-desinler-men-de-bilim\/#more-259536\" aria-label=\"Read more about G\u0259d\u0259b\u0259y sakini: \u201c\u00d6vlad\u0131m\u0131 \u00f6ld\u00fcrm\u0259k ist\u0259yirl\u0259rs\u0259, a\u00e7\u0131q desinl\u0259r, m\u0259n d\u0259 bilim&#8230;\u201d\">Davam\u0131<\/a><\/p>\n","protected":false},"author":8,"featured_media":136914,"comment_status":"closed","ping_status":"closed","sticky":false,"template":"","format":"standard","meta":{"_acf_changed":false,"_sitemap_exclude":false,"_sitemap_priority":"","_sitemap_frequency":"","footnotes":""},"categories":[60,79,56],"tags":[],"class_list":["post-259536","post","type-post","status-publish","format-standard","has-post-thumbnail","hentry","category-bolge","category-featured","category-xeberler","infinite-scroll-item","generate-columns","tablet-grid-50","mobile-grid-100","grid-parent","grid-33","no-featured-image-padding"],"acf":[],"yoast_head":"<!-- This site is optimized with the Yoast SEO plugin v27.5 - https:\/\/yoast.com\/product\/yoast-seo-wordpress\/ -->\n<title>G\u0259d\u0259b\u0259y sakini: \u201c\u00d6vlad\u0131m\u0131 \u00f6ld\u00fcrm\u0259k ist\u0259yirl\u0259rs\u0259, a\u00e7\u0131q desinl\u0259r, m\u0259n d\u0259 bilim...\u201d - MEYDAN.TV<\/title>\n<meta name=\"robots\" content=\"index, follow, max-snippet:-1, max-image-preview:large, max-video-preview:-1\" \/>\n<link rel=\"canonical\" href=\"https:\/\/www.meydan.tv\/az\/article\/gedebey-sakini-ovladimi-oldurmek-isteyirlerse-aciq-desinler-men-de-bilim\/\" \/>\n<meta property=\"og:locale\" content=\"az_AZ\" \/>\n<meta property=\"og:type\" content=\"article\" \/>\n<meta property=\"og:title\" content=\"G\u0259d\u0259b\u0259y sakini: \u201c\u00d6vlad\u0131m\u0131 \u00f6ld\u00fcrm\u0259k ist\u0259yirl\u0259rs\u0259, a\u00e7\u0131q desinl\u0259r, m\u0259n d\u0259 bilim...\u201d - MEYDAN.TV\" \/>\n<meta property=\"og:description\" content=\"Faiq M\u0259mm\u0259dov: \u201cKas\u0131b olanda adam\u0131n ba\u015f\u0131na bel\u0259 oyun a\u00e7arlar?\u201d G\u0259d\u0259b\u0259y ... Davam\u0131\" \/>\n<meta property=\"og:url\" content=\"https:\/\/www.meydan.tv\/az\/article\/gedebey-sakini-ovladimi-oldurmek-isteyirlerse-aciq-desinler-men-de-bilim\/\" \/>\n<meta property=\"og:site_name\" content=\"MEYDAN.TV\" \/>\n<meta property=\"article:published_time\" content=\"2022-10-27T08:54:21+00:00\" \/>\n<meta property=\"article:modified_time\" content=\"2022-10-27T08:54:26+00:00\" \/>\n<meta property=\"og:image\" content=\"https:\/\/www.meydan.tv\/wp-content\/uploads\/image_from_ios_3_5srselk-scaled-e1661965039947.jpg\" \/>\n\t<meta property=\"og:image:width\" content=\"2560\" \/>\n\t<meta property=\"og:image:height\" content=\"1516\" \/>\n\t<meta property=\"og:image:type\" content=\"image\/jpeg\" \/>\n<meta name=\"author\" content=\"elli\" \/>\n<meta name=\"twitter:card\" content=\"summary_large_image\" \/>\n<meta name=\"twitter:creator\" content=\"@elli\" \/>\n<script type=\"application\/ld+json\" class=\"yoast-schema-graph\">{\"@context\":\"https:\\\/\\\/schema.org\",\"@graph\":[{\"@type\":\"Article\",\"@id\":\"https:\\\/\\\/www.meydan.tv\\\/az\\\/article\\\/gedebey-sakini-ovladimi-oldurmek-isteyirlerse-aciq-desinler-men-de-bilim\\\/#article\",\"isPartOf\":{\"@id\":\"https:\\\/\\\/www.meydan.tv\\\/az\\\/article\\\/gedebey-sakini-ovladimi-oldurmek-isteyirlerse-aciq-desinler-men-de-bilim\\\/\"},\"author\":{\"name\":\"elli\",\"@id\":\"https:\\\/\\\/www.meydan.tv\\\/az\\\/#\\\/schema\\\/person\\\/9cdbecf90d17180ce1dfbd95b08dcf47\"},\"headline\":\"G\u0259d\u0259b\u0259y sakini: \u201c\u00d6vlad\u0131m\u0131 \u00f6ld\u00fcrm\u0259k ist\u0259yirl\u0259rs\u0259, a\u00e7\u0131q desinl\u0259r, m\u0259n d\u0259 bilim&#8230;\u201d\",\"datePublished\":\"2022-10-27T08:54:21+00:00\",\"dateModified\":\"2022-10-27T08:54:26+00:00\",\"mainEntityOfPage\":{\"@id\":\"https:\\\/\\\/www.meydan.tv\\\/az\\\/article\\\/gedebey-sakini-ovladimi-oldurmek-isteyirlerse-aciq-desinler-men-de-bilim\\\/\"},\"wordCount\":1374,\"publisher\":{\"@id\":\"https:\\\/\\\/www.meydan.tv\\\/az\\\/#organization\"},\"image\":{\"@id\":\"https:\\\/\\\/www.meydan.tv\\\/az\\\/article\\\/gedebey-sakini-ovladimi-oldurmek-isteyirlerse-aciq-desinler-men-de-bilim\\\/#primaryimage\"},\"thumbnailUrl\":\"https:\\\/\\\/www.meydan.tv\\\/wp-content\\\/uploads\\\/image_from_ios_3_5srselk-scaled-e1661965039947.jpg\",\"articleSection\":[\"B\u00f6lg\u0259\",\"T\u00f6vsiy\u0259\",\"X\u0259b\u0259rl\u0259r\"],\"inLanguage\":\"az\"},{\"@type\":\"WebPage\",\"@id\":\"https:\\\/\\\/www.meydan.tv\\\/az\\\/article\\\/gedebey-sakini-ovladimi-oldurmek-isteyirlerse-aciq-desinler-men-de-bilim\\\/\",\"url\":\"https:\\\/\\\/www.meydan.tv\\\/az\\\/article\\\/gedebey-sakini-ovladimi-oldurmek-isteyirlerse-aciq-desinler-men-de-bilim\\\/\",\"name\":\"G\u0259d\u0259b\u0259y sakini: \u201c\u00d6vlad\u0131m\u0131 \u00f6ld\u00fcrm\u0259k ist\u0259yirl\u0259rs\u0259, a\u00e7\u0131q desinl\u0259r, m\u0259n d\u0259 bilim...\u201d - MEYDAN.TV\",\"isPartOf\":{\"@id\":\"https:\\\/\\\/www.meydan.tv\\\/az\\\/#website\"},\"primaryImageOfPage\":{\"@id\":\"https:\\\/\\\/www.meydan.tv\\\/az\\\/article\\\/gedebey-sakini-ovladimi-oldurmek-isteyirlerse-aciq-desinler-men-de-bilim\\\/#primaryimage\"},\"image\":{\"@id\":\"https:\\\/\\\/www.meydan.tv\\\/az\\\/article\\\/gedebey-sakini-ovladimi-oldurmek-isteyirlerse-aciq-desinler-men-de-bilim\\\/#primaryimage\"},\"thumbnailUrl\":\"https:\\\/\\\/www.meydan.tv\\\/wp-content\\\/uploads\\\/image_from_ios_3_5srselk-scaled-e1661965039947.jpg\",\"datePublished\":\"2022-10-27T08:54:21+00:00\",\"dateModified\":\"2022-10-27T08:54:26+00:00\",\"breadcrumb\":{\"@id\":\"https:\\\/\\\/www.meydan.tv\\\/az\\\/article\\\/gedebey-sakini-ovladimi-oldurmek-isteyirlerse-aciq-desinler-men-de-bilim\\\/#breadcrumb\"},\"inLanguage\":\"az\",\"potentialAction\":[{\"@type\":\"ReadAction\",\"target\":[\"https:\\\/\\\/www.meydan.tv\\\/az\\\/article\\\/gedebey-sakini-ovladimi-oldurmek-isteyirlerse-aciq-desinler-men-de-bilim\\\/\"]}]},{\"@type\":\"ImageObject\",\"inLanguage\":\"az\",\"@id\":\"https:\\\/\\\/www.meydan.tv\\\/az\\\/article\\\/gedebey-sakini-ovladimi-oldurmek-isteyirlerse-aciq-desinler-men-de-bilim\\\/#primaryimage\",\"url\":\"https:\\\/\\\/www.meydan.tv\\\/wp-content\\\/uploads\\\/image_from_ios_3_5srselk-scaled-e1661965039947.jpg\",\"contentUrl\":\"https:\\\/\\\/www.meydan.tv\\\/wp-content\\\/uploads\\\/image_from_ios_3_5srselk-scaled-e1661965039947.jpg\",\"width\":2560,\"height\":1516,\"caption\":\"\u0130ll\u00fcstrasiya: Meydan TV\"},{\"@type\":\"BreadcrumbList\",\"@id\":\"https:\\\/\\\/www.meydan.tv\\\/az\\\/article\\\/gedebey-sakini-ovladimi-oldurmek-isteyirlerse-aciq-desinler-men-de-bilim\\\/#breadcrumb\",\"itemListElement\":[{\"@type\":\"ListItem\",\"position\":1,\"name\":\"Ana s\u0259hif\u0259\",\"item\":\"https:\\\/\\\/www.meydan.tv\\\/az\\\/\"},{\"@type\":\"ListItem\",\"position\":2,\"name\":\"B\u00f6lg\u0259\",\"item\":\"https:\\\/\\\/www.meydan.tv\\\/az\\\/section\\\/bolge\\\/\"},{\"@type\":\"ListItem\",\"position\":3,\"name\":\"G\u0259d\u0259b\u0259y sakini: \u201c\u00d6vlad\u0131m\u0131 \u00f6ld\u00fcrm\u0259k ist\u0259yirl\u0259rs\u0259, a\u00e7\u0131q desinl\u0259r, m\u0259n d\u0259 bilim&#8230;\u201d\"}]},{\"@type\":\"WebSite\",\"@id\":\"https:\\\/\\\/www.meydan.tv\\\/az\\\/#website\",\"url\":\"https:\\\/\\\/www.meydan.tv\\\/az\\\/\",\"name\":\"MEYDAN.TV\",\"description\":\"Meydan TV Az\u0259rbaycan\u0131n media m\u0259kan\u0131ndak\u0131 alternativ s\u0259sidir\",\"publisher\":{\"@id\":\"https:\\\/\\\/www.meydan.tv\\\/az\\\/#organization\"},\"potentialAction\":[{\"@type\":\"SearchAction\",\"target\":{\"@type\":\"EntryPoint\",\"urlTemplate\":\"https:\\\/\\\/www.meydan.tv\\\/az\\\/?s={search_term_string}\"},\"query-input\":{\"@type\":\"PropertyValueSpecification\",\"valueRequired\":true,\"valueName\":\"search_term_string\"}}],\"inLanguage\":\"az\"},{\"@type\":\"Organization\",\"@id\":\"https:\\\/\\\/www.meydan.tv\\\/az\\\/#organization\",\"name\":\"Meydan TV\",\"url\":\"https:\\\/\\\/www.meydan.tv\\\/az\\\/\",\"logo\":{\"@type\":\"ImageObject\",\"inLanguage\":\"az\",\"@id\":\"https:\\\/\\\/www.meydan.tv\\\/az\\\/#\\\/schema\\\/logo\\\/image\\\/\",\"url\":\"https:\\\/\\\/www.meydan.tv\\\/wp-content\\\/uploads\\\/2021\\\/07\\\/meydan-logo.svg\",\"contentUrl\":\"https:\\\/\\\/www.meydan.tv\\\/wp-content\\\/uploads\\\/2021\\\/07\\\/meydan-logo.svg\",\"width\":195,\"height\":46,\"caption\":\"Meydan TV\"},\"image\":{\"@id\":\"https:\\\/\\\/www.meydan.tv\\\/az\\\/#\\\/schema\\\/logo\\\/image\\\/\"}},{\"@type\":\"Person\",\"@id\":\"https:\\\/\\\/www.meydan.tv\\\/az\\\/#\\\/schema\\\/person\\\/9cdbecf90d17180ce1dfbd95b08dcf47\",\"name\":\"elli\",\"sameAs\":[\"https:\\\/\\\/x.com\\\/elli\"]}]}<\/script>\n<!-- \/ Yoast SEO plugin. -->","yoast_head_json":{"title":"G\u0259d\u0259b\u0259y sakini: \u201c\u00d6vlad\u0131m\u0131 \u00f6ld\u00fcrm\u0259k ist\u0259yirl\u0259rs\u0259, a\u00e7\u0131q desinl\u0259r, m\u0259n d\u0259 bilim...\u201d - MEYDAN.TV","robots":{"index":"index","follow":"follow","max-snippet":"max-snippet:-1","max-image-preview":"max-image-preview:large","max-video-preview":"max-video-preview:-1"},"canonical":"https:\/\/www.meydan.tv\/az\/article\/gedebey-sakini-ovladimi-oldurmek-isteyirlerse-aciq-desinler-men-de-bilim\/","og_locale":"az_AZ","og_type":"article","og_title":"G\u0259d\u0259b\u0259y sakini: \u201c\u00d6vlad\u0131m\u0131 \u00f6ld\u00fcrm\u0259k ist\u0259yirl\u0259rs\u0259, a\u00e7\u0131q desinl\u0259r, m\u0259n d\u0259 bilim...\u201d - MEYDAN.TV","og_description":"Faiq M\u0259mm\u0259dov: \u201cKas\u0131b olanda adam\u0131n ba\u015f\u0131na bel\u0259 oyun a\u00e7arlar?\u201d G\u0259d\u0259b\u0259y ... Davam\u0131","og_url":"https:\/\/www.meydan.tv\/az\/article\/gedebey-sakini-ovladimi-oldurmek-isteyirlerse-aciq-desinler-men-de-bilim\/","og_site_name":"MEYDAN.TV","article_published_time":"2022-10-27T08:54:21+00:00","article_modified_time":"2022-10-27T08:54:26+00:00","og_image":[{"width":2560,"height":1516,"url":"https:\/\/www.meydan.tv\/wp-content\/uploads\/image_from_ios_3_5srselk-scaled-e1661965039947.jpg","type":"image\/jpeg"}],"author":"elli","twitter_card":"summary_large_image","twitter_creator":"@elli","schema":{"@context":"https:\/\/schema.org","@graph":[{"@type":"Article","@id":"https:\/\/www.meydan.tv\/az\/article\/gedebey-sakini-ovladimi-oldurmek-isteyirlerse-aciq-desinler-men-de-bilim\/#article","isPartOf":{"@id":"https:\/\/www.meydan.tv\/az\/article\/gedebey-sakini-ovladimi-oldurmek-isteyirlerse-aciq-desinler-men-de-bilim\/"},"author":{"name":"elli","@id":"https:\/\/www.meydan.tv\/az\/#\/schema\/person\/9cdbecf90d17180ce1dfbd95b08dcf47"},"headline":"G\u0259d\u0259b\u0259y sakini: \u201c\u00d6vlad\u0131m\u0131 \u00f6ld\u00fcrm\u0259k ist\u0259yirl\u0259rs\u0259, a\u00e7\u0131q desinl\u0259r, m\u0259n d\u0259 bilim&#8230;\u201d","datePublished":"2022-10-27T08:54:21+00:00","dateModified":"2022-10-27T08:54:26+00:00","mainEntityOfPage":{"@id":"https:\/\/www.meydan.tv\/az\/article\/gedebey-sakini-ovladimi-oldurmek-isteyirlerse-aciq-desinler-men-de-bilim\/"},"wordCount":1374,"publisher":{"@id":"https:\/\/www.meydan.tv\/az\/#organization"},"image":{"@id":"https:\/\/www.meydan.tv\/az\/article\/gedebey-sakini-ovladimi-oldurmek-isteyirlerse-aciq-desinler-men-de-bilim\/#primaryimage"},"thumbnailUrl":"https:\/\/www.meydan.tv\/wp-content\/uploads\/image_from_ios_3_5srselk-scaled-e1661965039947.jpg","articleSection":["B\u00f6lg\u0259","T\u00f6vsiy\u0259","X\u0259b\u0259rl\u0259r"],"inLanguage":"az"},{"@type":"WebPage","@id":"https:\/\/www.meydan.tv\/az\/article\/gedebey-sakini-ovladimi-oldurmek-isteyirlerse-aciq-desinler-men-de-bilim\/","url":"https:\/\/www.meydan.tv\/az\/article\/gedebey-sakini-ovladimi-oldurmek-isteyirlerse-aciq-desinler-men-de-bilim\/","name":"G\u0259d\u0259b\u0259y sakini: \u201c\u00d6vlad\u0131m\u0131 \u00f6ld\u00fcrm\u0259k ist\u0259yirl\u0259rs\u0259, a\u00e7\u0131q desinl\u0259r, m\u0259n d\u0259 bilim...\u201d - MEYDAN.TV","isPartOf":{"@id":"https:\/\/www.meydan.tv\/az\/#website"},"primaryImageOfPage":{"@id":"https:\/\/www.meydan.tv\/az\/article\/gedebey-sakini-ovladimi-oldurmek-isteyirlerse-aciq-desinler-men-de-bilim\/#primaryimage"},"image":{"@id":"https:\/\/www.meydan.tv\/az\/article\/gedebey-sakini-ovladimi-oldurmek-isteyirlerse-aciq-desinler-men-de-bilim\/#primaryimage"},"thumbnailUrl":"https:\/\/www.meydan.tv\/wp-content\/uploads\/image_from_ios_3_5srselk-scaled-e1661965039947.jpg","datePublished":"2022-10-27T08:54:21+00:00","dateModified":"2022-10-27T08:54:26+00:00","breadcrumb":{"@id":"https:\/\/www.meydan.tv\/az\/article\/gedebey-sakini-ovladimi-oldurmek-isteyirlerse-aciq-desinler-men-de-bilim\/#breadcrumb"},"inLanguage":"az","potentialAction":[{"@type":"ReadAction","target":["https:\/\/www.meydan.tv\/az\/article\/gedebey-sakini-ovladimi-oldurmek-isteyirlerse-aciq-desinler-men-de-bilim\/"]}]},{"@type":"ImageObject","inLanguage":"az","@id":"https:\/\/www.meydan.tv\/az\/article\/gedebey-sakini-ovladimi-oldurmek-isteyirlerse-aciq-desinler-men-de-bilim\/#primaryimage","url":"https:\/\/www.meydan.tv\/wp-content\/uploads\/image_from_ios_3_5srselk-scaled-e1661965039947.jpg","contentUrl":"https:\/\/www.meydan.tv\/wp-content\/uploads\/image_from_ios_3_5srselk-scaled-e1661965039947.jpg","width":2560,"height":1516,"caption":"\u0130ll\u00fcstrasiya: Meydan TV"},{"@type":"BreadcrumbList","@id":"https:\/\/www.meydan.tv\/az\/article\/gedebey-sakini-ovladimi-oldurmek-isteyirlerse-aciq-desinler-men-de-bilim\/#breadcrumb","itemListElement":[{"@type":"ListItem","position":1,"name":"Ana s\u0259hif\u0259","item":"https:\/\/www.meydan.tv\/az\/"},{"@type":"ListItem","position":2,"name":"B\u00f6lg\u0259","item":"https:\/\/www.meydan.tv\/az\/section\/bolge\/"},{"@type":"ListItem","position":3,"name":"G\u0259d\u0259b\u0259y sakini: \u201c\u00d6vlad\u0131m\u0131 \u00f6ld\u00fcrm\u0259k ist\u0259yirl\u0259rs\u0259, a\u00e7\u0131q desinl\u0259r, m\u0259n d\u0259 bilim&#8230;\u201d"}]},{"@type":"WebSite","@id":"https:\/\/www.meydan.tv\/az\/#website","url":"https:\/\/www.meydan.tv\/az\/","name":"MEYDAN.TV","description":"Meydan TV Az\u0259rbaycan\u0131n media m\u0259kan\u0131ndak\u0131 alternativ s\u0259sidir","publisher":{"@id":"https:\/\/www.meydan.tv\/az\/#organization"},"potentialAction":[{"@type":"SearchAction","target":{"@type":"EntryPoint","urlTemplate":"https:\/\/www.meydan.tv\/az\/?s={search_term_string}"},"query-input":{"@type":"PropertyValueSpecification","valueRequired":true,"valueName":"search_term_string"}}],"inLanguage":"az"},{"@type":"Organization","@id":"https:\/\/www.meydan.tv\/az\/#organization","name":"Meydan TV","url":"https:\/\/www.meydan.tv\/az\/","logo":{"@type":"ImageObject","inLanguage":"az","@id":"https:\/\/www.meydan.tv\/az\/#\/schema\/logo\/image\/","url":"https:\/\/www.meydan.tv\/wp-content\/uploads\/2021\/07\/meydan-logo.svg","contentUrl":"https:\/\/www.meydan.tv\/wp-content\/uploads\/2021\/07\/meydan-logo.svg","width":195,"height":46,"caption":"Meydan TV"},"image":{"@id":"https:\/\/www.meydan.tv\/az\/#\/schema\/logo\/image\/"}},{"@type":"Person","@id":"https:\/\/www.meydan.tv\/az\/#\/schema\/person\/9cdbecf90d17180ce1dfbd95b08dcf47","name":"elli","sameAs":["https:\/\/x.com\/elli"]}]}},"_links":{"self":[{"href":"https:\/\/www.meydan.tv\/az\/wp-json\/wp\/v2\/posts\/259536","targetHints":{"allow":["GET"]}}],"collection":[{"href":"https:\/\/www.meydan.tv\/az\/wp-json\/wp\/v2\/posts"}],"about":[{"href":"https:\/\/www.meydan.tv\/az\/wp-json\/wp\/v2\/types\/post"}],"author":[{"embeddable":true,"href":"https:\/\/www.meydan.tv\/az\/wp-json\/wp\/v2\/users\/8"}],"replies":[{"embeddable":true,"href":"https:\/\/www.meydan.tv\/az\/wp-json\/wp\/v2\/comments?post=259536"}],"version-history":[{"count":1,"href":"https:\/\/www.meydan.tv\/az\/wp-json\/wp\/v2\/posts\/259536\/revisions"}],"predecessor-version":[{"id":259540,"href":"https:\/\/www.meydan.tv\/az\/wp-json\/wp\/v2\/posts\/259536\/revisions\/259540"}],"wp:featuredmedia":[{"embeddable":true,"href":"https:\/\/www.meydan.tv\/az\/wp-json\/wp\/v2\/media\/136914"}],"wp:attachment":[{"href":"https:\/\/www.meydan.tv\/az\/wp-json\/wp\/v2\/media?parent=259536"}],"wp:term":[{"taxonomy":"category","embeddable":true,"href":"https:\/\/www.meydan.tv\/az\/wp-json\/wp\/v2\/categories?post=259536"},{"taxonomy":"post_tag","embeddable":true,"href":"https:\/\/www.meydan.tv\/az\/wp-json\/wp\/v2\/tags?post=259536"}],"curies":[{"name":"wp","href":"https:\/\/api.w.org\/{rel}","templated":true}]}}