{"id":259496,"date":"2022-10-26T18:33:08","date_gmt":"2022-10-26T14:33:08","guid":{"rendered":"https:\/\/www.meydan.tv\/?p=259496"},"modified":"2022-10-26T18:33:10","modified_gmt":"2022-10-26T14:33:10","slug":"yazici-anar-bu-defe-de-postunu-hec-kime-vermedi","status":"publish","type":"post","link":"https:\/\/www.meydan.tv\/az\/article\/yazici-anar-bu-defe-de-postunu-hec-kime-vermedi\/","title":{"rendered":"Yaz\u0131\u00e7\u0131 Anar bu d\u0259f\u0259 d\u0259 postunu he\u00e7 kim\u0259 verm\u0259di"},"content":{"rendered":"\n<p><em>AYB s\u0259dri d\u0259yi\u015fm\u0259di<\/em><\/p>\n\n\n\n<p>Xalq yaz\u0131\u00e7\u0131s\u0131 Anar n\u00f6vb\u0259ti d\u0259f\u0259 Az\u0259rbaycan Yaz\u0131\u00e7\u0131lar Birliyinin (AYB) s\u0259dri se\u00e7ilib.<\/p>\n\n\n\n<p>Se\u00e7ki \u00fc\u00e7\u00fcn \u015fairl\u0259r Emil Rasimo\u011flu v\u0259 Fuad C\u0259f\u0259rlinin namiz\u0259dliyi s\u0259s\u0259 qoyulmay\u0131b. Buna s\u0259b\u0259b qurultay i\u015ftirak\u00e7\u0131lar\u0131n\u0131n Anar\u0131 d\u0259st\u0259kl\u0259m\u0259si olub. Emil Rasimo\u011flu v\u0259 Fuad C\u0259f\u0259rli namiz\u0259dlikl\u0259rinin s\u0259s\u0259 qoyulmamas\u0131na etiraz edib, n\u0259tic\u0259d\u0259 m\u00fcbahis\u0259 d\u00fc\u015f\u00fcb.<\/p>\n\n\n\n<p>Anar Rzayev is\u0259 h\u0259min \u015fairl\u0259r\u0259 n\u00f6vb\u0259ti qurultayda u\u011furlar arzulay\u0131b.<\/p>\n\n\n\n<p>S\u0259sverm\u0259 n\u0259tic\u0259sind\u0259 yegan\u0259 namiz\u0259d Anar n\u00f6vb\u0259ti 5 il \u0259rzind\u0259 d\u0259 AYB-y\u0259 s\u0259drlik ed\u0259c\u0259k.<\/p>\n\n\n\n<p>AYB 1934-c\u00fc ild\u0259 yaran\u0131b.<\/p>\n\n\n\n<p>Seyfulla \u015eamilov 2 il, R\u0259sul Rza 1 il, Mehdi H\u00fcseyn 7 il, S\u00fcleyman R\u0259himov 6 il (fasil\u0259l\u0259rl\u0259), S\u0259m\u0259d Vur\u011fun 6 il (fasil\u0259l\u0259rl\u0259), Mirz\u0259 \u0130brahimov 21 il (fasil\u0259l\u0259rl\u0259), \u0130smay\u0131l \u015e\u0131xl\u0131 1 il bu birliyin s\u0259dri v\u0259zif\u0259sini tutublar.<\/p>\n\n\n\n<p>Yaz\u0131\u00e7\u0131 Anar 1987-ci ild\u0259n birliyin s\u0259dri v\u0259zif\u0259sind\u0259 \u00e7al\u0131\u015f\u0131r.<\/p>\n","protected":false},"excerpt":{"rendered":"<p>AYB s\u0259dri d\u0259yi\u015fm\u0259di Xalq yaz\u0131\u00e7\u0131s\u0131 Anar n\u00f6vb\u0259ti d\u0259f\u0259 Az\u0259rbaycan Yaz\u0131\u00e7\u0131lar &#8230; <\/p>\n<p class=\"read-more-container\"><a title=\"Yaz\u0131\u00e7\u0131 Anar bu d\u0259f\u0259 d\u0259 postunu he\u00e7 kim\u0259 verm\u0259di\" class=\"read-more button\" href=\"https:\/\/www.meydan.tv\/az\/article\/yazici-anar-bu-defe-de-postunu-hec-kime-vermedi\/#more-259496\" aria-label=\"Read more about Yaz\u0131\u00e7\u0131 Anar bu d\u0259f\u0259 d\u0259 postunu he\u00e7 kim\u0259 verm\u0259di\">Davam\u0131<\/a><\/p>\n","protected":false},"author":8,"featured_media":100509,"comment_status":"closed","ping_status":"closed","sticky":false,"template":"","format":"standard","meta":{"_acf_changed":false,"_sitemap_exclude":false,"_sitemap_priority":"","_sitemap_frequency":"","footnotes":""},"categories":[52,56],"tags":[],"class_list":["post-259496","post","type-post","status-publish","format-standard","has-post-thumbnail","hentry","category-medeniyyet","category-xeberler","infinite-scroll-item","generate-columns","tablet-grid-50","mobile-grid-100","grid-parent","grid-33","no-featured-image-padding"],"acf":[],"yoast_head":"<!-- This site is optimized with the Yoast SEO plugin v27.4 - https:\/\/yoast.com\/product\/yoast-seo-wordpress\/ -->\n<title>Yaz\u0131\u00e7\u0131 Anar bu d\u0259f\u0259 d\u0259 postunu he\u00e7 kim\u0259 verm\u0259di - MEYDAN.TV<\/title>\n<meta name=\"robots\" content=\"index, follow, max-snippet:-1, max-image-preview:large, max-video-preview:-1\" \/>\n<link rel=\"canonical\" href=\"https:\/\/www.meydan.tv\/az\/article\/yazici-anar-bu-defe-de-postunu-hec-kime-vermedi\/\" \/>\n<meta property=\"og:locale\" content=\"az_AZ\" \/>\n<meta property=\"og:type\" content=\"article\" \/>\n<meta property=\"og:title\" content=\"Yaz\u0131\u00e7\u0131 Anar bu d\u0259f\u0259 d\u0259 postunu he\u00e7 kim\u0259 verm\u0259di - MEYDAN.TV\" \/>\n<meta property=\"og:description\" content=\"AYB s\u0259dri d\u0259yi\u015fm\u0259di Xalq yaz\u0131\u00e7\u0131s\u0131 Anar n\u00f6vb\u0259ti d\u0259f\u0259 Az\u0259rbaycan Yaz\u0131\u00e7\u0131lar ... Davam\u0131\" \/>\n<meta property=\"og:url\" content=\"https:\/\/www.meydan.tv\/az\/article\/yazici-anar-bu-defe-de-postunu-hec-kime-vermedi\/\" \/>\n<meta property=\"og:site_name\" content=\"MEYDAN.TV\" \/>\n<meta property=\"article:published_time\" content=\"2022-10-26T14:33:08+00:00\" \/>\n<meta property=\"article:modified_time\" content=\"2022-10-26T14:33:10+00:00\" \/>\n<meta property=\"og:image\" content=\"https:\/\/www.meydan.tv\/wp-content\/uploads\/39762-e1666794781583.jpg\" \/>\n\t<meta property=\"og:image:width\" content=\"1000\" \/>\n\t<meta property=\"og:image:height\" content=\"427\" \/>\n\t<meta property=\"og:image:type\" content=\"image\/jpeg\" \/>\n<meta name=\"author\" content=\"elli\" \/>\n<meta name=\"twitter:card\" content=\"summary_large_image\" \/>\n<meta name=\"twitter:creator\" content=\"@elli\" \/>\n<script type=\"application\/ld+json\" class=\"yoast-schema-graph\">{\"@context\":\"https:\\\/\\\/schema.org\",\"@graph\":[{\"@type\":\"Article\",\"@id\":\"https:\\\/\\\/www.meydan.tv\\\/az\\\/article\\\/yazici-anar-bu-defe-de-postunu-hec-kime-vermedi\\\/#article\",\"isPartOf\":{\"@id\":\"https:\\\/\\\/www.meydan.tv\\\/az\\\/article\\\/yazici-anar-bu-defe-de-postunu-hec-kime-vermedi\\\/\"},\"author\":{\"name\":\"elli\",\"@id\":\"https:\\\/\\\/www.meydan.tv\\\/az\\\/#\\\/schema\\\/person\\\/9cdbecf90d17180ce1dfbd95b08dcf47\"},\"headline\":\"Yaz\u0131\u00e7\u0131 Anar bu d\u0259f\u0259 d\u0259 postunu he\u00e7 kim\u0259 verm\u0259di\",\"datePublished\":\"2022-10-26T14:33:08+00:00\",\"dateModified\":\"2022-10-26T14:33:10+00:00\",\"mainEntityOfPage\":{\"@id\":\"https:\\\/\\\/www.meydan.tv\\\/az\\\/article\\\/yazici-anar-bu-defe-de-postunu-hec-kime-vermedi\\\/\"},\"wordCount\":197,\"publisher\":{\"@id\":\"https:\\\/\\\/www.meydan.tv\\\/az\\\/#organization\"},\"image\":{\"@id\":\"https:\\\/\\\/www.meydan.tv\\\/az\\\/article\\\/yazici-anar-bu-defe-de-postunu-hec-kime-vermedi\\\/#primaryimage\"},\"thumbnailUrl\":\"https:\\\/\\\/www.meydan.tv\\\/wp-content\\\/uploads\\\/39762-e1666794781583.jpg\",\"articleSection\":[\"M\u0259d\u0259niyy\u0259t\",\"X\u0259b\u0259rl\u0259r\"],\"inLanguage\":\"az\"},{\"@type\":\"WebPage\",\"@id\":\"https:\\\/\\\/www.meydan.tv\\\/az\\\/article\\\/yazici-anar-bu-defe-de-postunu-hec-kime-vermedi\\\/\",\"url\":\"https:\\\/\\\/www.meydan.tv\\\/az\\\/article\\\/yazici-anar-bu-defe-de-postunu-hec-kime-vermedi\\\/\",\"name\":\"Yaz\u0131\u00e7\u0131 Anar bu d\u0259f\u0259 d\u0259 postunu he\u00e7 kim\u0259 verm\u0259di - MEYDAN.TV\",\"isPartOf\":{\"@id\":\"https:\\\/\\\/www.meydan.tv\\\/az\\\/#website\"},\"primaryImageOfPage\":{\"@id\":\"https:\\\/\\\/www.meydan.tv\\\/az\\\/article\\\/yazici-anar-bu-defe-de-postunu-hec-kime-vermedi\\\/#primaryimage\"},\"image\":{\"@id\":\"https:\\\/\\\/www.meydan.tv\\\/az\\\/article\\\/yazici-anar-bu-defe-de-postunu-hec-kime-vermedi\\\/#primaryimage\"},\"thumbnailUrl\":\"https:\\\/\\\/www.meydan.tv\\\/wp-content\\\/uploads\\\/39762-e1666794781583.jpg\",\"datePublished\":\"2022-10-26T14:33:08+00:00\",\"dateModified\":\"2022-10-26T14:33:10+00:00\",\"breadcrumb\":{\"@id\":\"https:\\\/\\\/www.meydan.tv\\\/az\\\/article\\\/yazici-anar-bu-defe-de-postunu-hec-kime-vermedi\\\/#breadcrumb\"},\"inLanguage\":\"az\",\"potentialAction\":[{\"@type\":\"ReadAction\",\"target\":[\"https:\\\/\\\/www.meydan.tv\\\/az\\\/article\\\/yazici-anar-bu-defe-de-postunu-hec-kime-vermedi\\\/\"]}]},{\"@type\":\"ImageObject\",\"inLanguage\":\"az\",\"@id\":\"https:\\\/\\\/www.meydan.tv\\\/az\\\/article\\\/yazici-anar-bu-defe-de-postunu-hec-kime-vermedi\\\/#primaryimage\",\"url\":\"https:\\\/\\\/www.meydan.tv\\\/wp-content\\\/uploads\\\/39762-e1666794781583.jpg\",\"contentUrl\":\"https:\\\/\\\/www.meydan.tv\\\/wp-content\\\/uploads\\\/39762-e1666794781583.jpg\",\"width\":1000,\"height\":427,\"caption\":\"Anar. M\u0259nb\u0259: Kulis.az\"},{\"@type\":\"BreadcrumbList\",\"@id\":\"https:\\\/\\\/www.meydan.tv\\\/az\\\/article\\\/yazici-anar-bu-defe-de-postunu-hec-kime-vermedi\\\/#breadcrumb\",\"itemListElement\":[{\"@type\":\"ListItem\",\"position\":1,\"name\":\"Ana s\u0259hif\u0259\",\"item\":\"https:\\\/\\\/www.meydan.tv\\\/az\\\/\"},{\"@type\":\"ListItem\",\"position\":2,\"name\":\"M\u0259d\u0259niyy\u0259t\",\"item\":\"https:\\\/\\\/www.meydan.tv\\\/az\\\/section\\\/medeniyyet\\\/\"},{\"@type\":\"ListItem\",\"position\":3,\"name\":\"Yaz\u0131\u00e7\u0131 Anar bu d\u0259f\u0259 d\u0259 postunu he\u00e7 kim\u0259 verm\u0259di\"}]},{\"@type\":\"WebSite\",\"@id\":\"https:\\\/\\\/www.meydan.tv\\\/az\\\/#website\",\"url\":\"https:\\\/\\\/www.meydan.tv\\\/az\\\/\",\"name\":\"MEYDAN.TV\",\"description\":\"Meydan TV Az\u0259rbaycan\u0131n media m\u0259kan\u0131ndak\u0131 alternativ s\u0259sidir\",\"publisher\":{\"@id\":\"https:\\\/\\\/www.meydan.tv\\\/az\\\/#organization\"},\"potentialAction\":[{\"@type\":\"SearchAction\",\"target\":{\"@type\":\"EntryPoint\",\"urlTemplate\":\"https:\\\/\\\/www.meydan.tv\\\/az\\\/?s={search_term_string}\"},\"query-input\":{\"@type\":\"PropertyValueSpecification\",\"valueRequired\":true,\"valueName\":\"search_term_string\"}}],\"inLanguage\":\"az\"},{\"@type\":\"Organization\",\"@id\":\"https:\\\/\\\/www.meydan.tv\\\/az\\\/#organization\",\"name\":\"Meydan TV\",\"url\":\"https:\\\/\\\/www.meydan.tv\\\/az\\\/\",\"logo\":{\"@type\":\"ImageObject\",\"inLanguage\":\"az\",\"@id\":\"https:\\\/\\\/www.meydan.tv\\\/az\\\/#\\\/schema\\\/logo\\\/image\\\/\",\"url\":\"https:\\\/\\\/www.meydan.tv\\\/wp-content\\\/uploads\\\/2021\\\/07\\\/meydan-logo.svg\",\"contentUrl\":\"https:\\\/\\\/www.meydan.tv\\\/wp-content\\\/uploads\\\/2021\\\/07\\\/meydan-logo.svg\",\"width\":195,\"height\":46,\"caption\":\"Meydan TV\"},\"image\":{\"@id\":\"https:\\\/\\\/www.meydan.tv\\\/az\\\/#\\\/schema\\\/logo\\\/image\\\/\"}},{\"@type\":\"Person\",\"@id\":\"https:\\\/\\\/www.meydan.tv\\\/az\\\/#\\\/schema\\\/person\\\/9cdbecf90d17180ce1dfbd95b08dcf47\",\"name\":\"elli\",\"sameAs\":[\"https:\\\/\\\/x.com\\\/elli\"]}]}<\/script>\n<!-- \/ Yoast SEO plugin. -->","yoast_head_json":{"title":"Yaz\u0131\u00e7\u0131 Anar bu d\u0259f\u0259 d\u0259 postunu he\u00e7 kim\u0259 verm\u0259di - MEYDAN.TV","robots":{"index":"index","follow":"follow","max-snippet":"max-snippet:-1","max-image-preview":"max-image-preview:large","max-video-preview":"max-video-preview:-1"},"canonical":"https:\/\/www.meydan.tv\/az\/article\/yazici-anar-bu-defe-de-postunu-hec-kime-vermedi\/","og_locale":"az_AZ","og_type":"article","og_title":"Yaz\u0131\u00e7\u0131 Anar bu d\u0259f\u0259 d\u0259 postunu he\u00e7 kim\u0259 verm\u0259di - MEYDAN.TV","og_description":"AYB s\u0259dri d\u0259yi\u015fm\u0259di Xalq yaz\u0131\u00e7\u0131s\u0131 Anar n\u00f6vb\u0259ti d\u0259f\u0259 Az\u0259rbaycan Yaz\u0131\u00e7\u0131lar ... Davam\u0131","og_url":"https:\/\/www.meydan.tv\/az\/article\/yazici-anar-bu-defe-de-postunu-hec-kime-vermedi\/","og_site_name":"MEYDAN.TV","article_published_time":"2022-10-26T14:33:08+00:00","article_modified_time":"2022-10-26T14:33:10+00:00","og_image":[{"width":1000,"height":427,"url":"https:\/\/www.meydan.tv\/wp-content\/uploads\/39762-e1666794781583.jpg","type":"image\/jpeg"}],"author":"elli","twitter_card":"summary_large_image","twitter_creator":"@elli","schema":{"@context":"https:\/\/schema.org","@graph":[{"@type":"Article","@id":"https:\/\/www.meydan.tv\/az\/article\/yazici-anar-bu-defe-de-postunu-hec-kime-vermedi\/#article","isPartOf":{"@id":"https:\/\/www.meydan.tv\/az\/article\/yazici-anar-bu-defe-de-postunu-hec-kime-vermedi\/"},"author":{"name":"elli","@id":"https:\/\/www.meydan.tv\/az\/#\/schema\/person\/9cdbecf90d17180ce1dfbd95b08dcf47"},"headline":"Yaz\u0131\u00e7\u0131 Anar bu d\u0259f\u0259 d\u0259 postunu he\u00e7 kim\u0259 verm\u0259di","datePublished":"2022-10-26T14:33:08+00:00","dateModified":"2022-10-26T14:33:10+00:00","mainEntityOfPage":{"@id":"https:\/\/www.meydan.tv\/az\/article\/yazici-anar-bu-defe-de-postunu-hec-kime-vermedi\/"},"wordCount":197,"publisher":{"@id":"https:\/\/www.meydan.tv\/az\/#organization"},"image":{"@id":"https:\/\/www.meydan.tv\/az\/article\/yazici-anar-bu-defe-de-postunu-hec-kime-vermedi\/#primaryimage"},"thumbnailUrl":"https:\/\/www.meydan.tv\/wp-content\/uploads\/39762-e1666794781583.jpg","articleSection":["M\u0259d\u0259niyy\u0259t","X\u0259b\u0259rl\u0259r"],"inLanguage":"az"},{"@type":"WebPage","@id":"https:\/\/www.meydan.tv\/az\/article\/yazici-anar-bu-defe-de-postunu-hec-kime-vermedi\/","url":"https:\/\/www.meydan.tv\/az\/article\/yazici-anar-bu-defe-de-postunu-hec-kime-vermedi\/","name":"Yaz\u0131\u00e7\u0131 Anar bu d\u0259f\u0259 d\u0259 postunu he\u00e7 kim\u0259 verm\u0259di - MEYDAN.TV","isPartOf":{"@id":"https:\/\/www.meydan.tv\/az\/#website"},"primaryImageOfPage":{"@id":"https:\/\/www.meydan.tv\/az\/article\/yazici-anar-bu-defe-de-postunu-hec-kime-vermedi\/#primaryimage"},"image":{"@id":"https:\/\/www.meydan.tv\/az\/article\/yazici-anar-bu-defe-de-postunu-hec-kime-vermedi\/#primaryimage"},"thumbnailUrl":"https:\/\/www.meydan.tv\/wp-content\/uploads\/39762-e1666794781583.jpg","datePublished":"2022-10-26T14:33:08+00:00","dateModified":"2022-10-26T14:33:10+00:00","breadcrumb":{"@id":"https:\/\/www.meydan.tv\/az\/article\/yazici-anar-bu-defe-de-postunu-hec-kime-vermedi\/#breadcrumb"},"inLanguage":"az","potentialAction":[{"@type":"ReadAction","target":["https:\/\/www.meydan.tv\/az\/article\/yazici-anar-bu-defe-de-postunu-hec-kime-vermedi\/"]}]},{"@type":"ImageObject","inLanguage":"az","@id":"https:\/\/www.meydan.tv\/az\/article\/yazici-anar-bu-defe-de-postunu-hec-kime-vermedi\/#primaryimage","url":"https:\/\/www.meydan.tv\/wp-content\/uploads\/39762-e1666794781583.jpg","contentUrl":"https:\/\/www.meydan.tv\/wp-content\/uploads\/39762-e1666794781583.jpg","width":1000,"height":427,"caption":"Anar. M\u0259nb\u0259: Kulis.az"},{"@type":"BreadcrumbList","@id":"https:\/\/www.meydan.tv\/az\/article\/yazici-anar-bu-defe-de-postunu-hec-kime-vermedi\/#breadcrumb","itemListElement":[{"@type":"ListItem","position":1,"name":"Ana s\u0259hif\u0259","item":"https:\/\/www.meydan.tv\/az\/"},{"@type":"ListItem","position":2,"name":"M\u0259d\u0259niyy\u0259t","item":"https:\/\/www.meydan.tv\/az\/section\/medeniyyet\/"},{"@type":"ListItem","position":3,"name":"Yaz\u0131\u00e7\u0131 Anar bu d\u0259f\u0259 d\u0259 postunu he\u00e7 kim\u0259 verm\u0259di"}]},{"@type":"WebSite","@id":"https:\/\/www.meydan.tv\/az\/#website","url":"https:\/\/www.meydan.tv\/az\/","name":"MEYDAN.TV","description":"Meydan TV Az\u0259rbaycan\u0131n media m\u0259kan\u0131ndak\u0131 alternativ s\u0259sidir","publisher":{"@id":"https:\/\/www.meydan.tv\/az\/#organization"},"potentialAction":[{"@type":"SearchAction","target":{"@type":"EntryPoint","urlTemplate":"https:\/\/www.meydan.tv\/az\/?s={search_term_string}"},"query-input":{"@type":"PropertyValueSpecification","valueRequired":true,"valueName":"search_term_string"}}],"inLanguage":"az"},{"@type":"Organization","@id":"https:\/\/www.meydan.tv\/az\/#organization","name":"Meydan TV","url":"https:\/\/www.meydan.tv\/az\/","logo":{"@type":"ImageObject","inLanguage":"az","@id":"https:\/\/www.meydan.tv\/az\/#\/schema\/logo\/image\/","url":"https:\/\/www.meydan.tv\/wp-content\/uploads\/2021\/07\/meydan-logo.svg","contentUrl":"https:\/\/www.meydan.tv\/wp-content\/uploads\/2021\/07\/meydan-logo.svg","width":195,"height":46,"caption":"Meydan TV"},"image":{"@id":"https:\/\/www.meydan.tv\/az\/#\/schema\/logo\/image\/"}},{"@type":"Person","@id":"https:\/\/www.meydan.tv\/az\/#\/schema\/person\/9cdbecf90d17180ce1dfbd95b08dcf47","name":"elli","sameAs":["https:\/\/x.com\/elli"]}]}},"_links":{"self":[{"href":"https:\/\/www.meydan.tv\/az\/wp-json\/wp\/v2\/posts\/259496","targetHints":{"allow":["GET"]}}],"collection":[{"href":"https:\/\/www.meydan.tv\/az\/wp-json\/wp\/v2\/posts"}],"about":[{"href":"https:\/\/www.meydan.tv\/az\/wp-json\/wp\/v2\/types\/post"}],"author":[{"embeddable":true,"href":"https:\/\/www.meydan.tv\/az\/wp-json\/wp\/v2\/users\/8"}],"replies":[{"embeddable":true,"href":"https:\/\/www.meydan.tv\/az\/wp-json\/wp\/v2\/comments?post=259496"}],"version-history":[{"count":1,"href":"https:\/\/www.meydan.tv\/az\/wp-json\/wp\/v2\/posts\/259496\/revisions"}],"predecessor-version":[{"id":259497,"href":"https:\/\/www.meydan.tv\/az\/wp-json\/wp\/v2\/posts\/259496\/revisions\/259497"}],"wp:featuredmedia":[{"embeddable":true,"href":"https:\/\/www.meydan.tv\/az\/wp-json\/wp\/v2\/media\/100509"}],"wp:attachment":[{"href":"https:\/\/www.meydan.tv\/az\/wp-json\/wp\/v2\/media?parent=259496"}],"wp:term":[{"taxonomy":"category","embeddable":true,"href":"https:\/\/www.meydan.tv\/az\/wp-json\/wp\/v2\/categories?post=259496"},{"taxonomy":"post_tag","embeddable":true,"href":"https:\/\/www.meydan.tv\/az\/wp-json\/wp\/v2\/tags?post=259496"}],"curies":[{"name":"wp","href":"https:\/\/api.w.org\/{rel}","templated":true}]}}