{"id":259462,"date":"2022-10-26T16:55:13","date_gmt":"2022-10-26T12:55:13","guid":{"rendered":"https:\/\/www.meydan.tv\/?p=259462"},"modified":"2022-10-26T16:55:15","modified_gmt":"2022-10-26T12:55:15","slug":"qubali-massivindeki-fermerler-hektarlarla-otlaq-sahesi-elimizden-alindi","status":"publish","type":"post","link":"https:\/\/www.meydan.tv\/az\/article\/qubali-massivindeki-fermerler-hektarlarla-otlaq-sahesi-elimizden-alindi\/","title":{"rendered":"\u201cQubal\u0131 massivi\u201dnd\u0259ki fermerl\u0259r: \u201cHektarlarla otlaq sah\u0259si \u0259limizd\u0259n al\u0131nd\u0131\u2026\u201d"},"content":{"rendered":"\n<p><\/p>\n\n\n\n<p><em> \u201c\u0130cra ba\u00e7\u015f\u0131s\u0131 bizi m\u0259hk\u0259m\u0259y\u0259 verdi, m\u0259hk\u0259m\u0259 d\u0259 onun sifari\u015fini yerin\u0259 yetirdi\u201d<\/em> <\/p>\n\n\n\n<p>\u201c5 ildir ki, 30-40 min ba\u015f qoyun, 2700 hektardan \u00e7ox q\u0131\u015f otlaq sah\u0259si, iri heyvan t\u00f6vl\u0259l\u0259ri, infrastruktur, bir s\u00f6zl\u0259, k\u0259ndlil\u0259rin \u0259sas m\u0259\u015f\u011fuliyy\u0259ti olan heyvandarl\u0131q m\u0259hv edilib. Aqropark yaratmaq ad\u0131yla \u0259limizd\u0259n al\u0131nm\u0131\u015f otlaq sah\u0259l\u0259rind\u0259 pamb\u0131q, tax\u0131l \u0259kdil\u0259r, m\u0259hsul g\u00f6t\u00fcr\u0259 bilm\u0259dil\u0259r. Torpaqlar indi n\u0259 \u0259kin\u0259 yaray\u0131r, n\u0259 otlaq sah\u0259sin\u0259\u2026 \u018flimizd\u0259n al\u0131b hasarlay\u0131blar, qal\u0131b istifad\u0259siz\u2026\u201d.<\/p>\n\n\n\n<p>K\u00fcrd\u0259mir rayonu, \u018fr\u0259bqubal\u0131 k\u0259ndi \u0259razisind\u0259ki \u201cQubal\u0131 massivi\u201d adlanan q\u0131\u015f otlaq sah\u0259si aqropark sal\u0131nmas\u0131 ad\u0131yla fermerl\u0259rin \u0259lind\u0259n al\u0131n\u0131b. Bu bar\u0259d\u0259 Meydan TV-y\u0259 \u0259razid\u0259 heyvandarl\u0131qla m\u0259\u015f\u011ful olmu\u015f v\u0259 heyvandarl\u0131q t\u0259s\u0259rr\u00fcfat\u0131 m\u0259hv edilmi\u015f fermerl\u0259r dan\u0131\u015f\u0131b. Onlar\u0131n s\u00f6zl\u0259rin\u0259 g\u00f6r\u0259, h\u0259min \u0259razi Sovet vaxt\u0131 \u201cQarasu bataql\u0131\u011f\u0131\u201d kimi tan\u0131n\u0131b. Ke\u00e7mi\u015f prezident Heyd\u0259r \u018fliyevin tap\u015f\u0131r\u0131\u011f\u0131 il\u0259 heyvandarl\u0131\u011f\u0131n inki\u015faf etdirilm\u0259si \u00fc\u00e7\u00fcn hektarlarla \u0259razi qurudulub, q\u0131\u015f otlaq sah\u0259si kimi k\u0259ndlil\u0259rin istifad\u0259sin\u0259 verilib. Uzun ill\u0259r imi\u015f ki, 3 hektarl\u0131q otlaq sah\u0259sind\u0259 t\u0259kc\u0259 K\u00fcrd\u0259mirin yox, A\u011fsu v\u0259 dig\u0259r qon\u015fu rayonlardan olan fermerl\u0259rin d\u0259 t\u0259s\u0259rr\u00fcfatlar\u0131 yerl\u0259\u015firmi\u015f. <\/p>\n\n\n\n<p>M\u0259s\u0259l\u0259n, fermerlik f\u0259aliyy\u0259tiyl\u0259 m\u0259\u015f\u011ful olmu\u015f H\u0259mid Qulamzad\u0259 deyir, 1992-ci ild\u0259 ail\u0259si 365 hektar otlaq sah\u0259si icar\u0259y\u0259 g\u00f6t\u00fcr\u00fcb. 1000 ba\u015f x\u0131rdabuynuzlu heyvanlar\u0131 olub. \u00dc\u00e7 iri t\u00f6vl\u0259, \u00e7obanlar \u00fc\u00e7\u00fcn \u00fc\u00e7 otaq v\u0259 tax\u0131l anbarlar\u0131 varm\u0131\u015f. 5 il \u0259vv\u0259l ham\u0131s\u0131n\u0131 itiribl\u0259r. H\u0259mid Quluzad\u0259 heyvanlar\u0131 k\u00f6\u00e7\u00fcrm\u0259y\u0259 ba\u015fqa yer tapmad\u0131\u011f\u0131na g\u00f6r\u0259 ham\u0131s\u0131n\u0131 d\u0259y\u0259r-d\u0259ym\u0259zin\u0259 satmal\u0131 olub: <\/p>\n\n\n\n<figure class=\"wp-block-image size-full\"><img decoding=\"async\" width=\"1200\" height=\"675\" data-src=\"https:\/\/www.meydan.tv\/wp-content\/uploads\/photo-2022-10-26-15-07-49-1.jpg\" alt=\"\" class=\"wp-image-259459 lazyload\" src=\"data:image\/svg+xml;base64,PHN2ZyB3aWR0aD0iMSIgaGVpZ2h0PSIxIiB4bWxucz0iaHR0cDovL3d3dy53My5vcmcvMjAwMC9zdmciPjwvc3ZnPg==\" style=\"--smush-placeholder-width: 1200px; --smush-placeholder-aspect-ratio: 1200\/675;\" \/><\/figure>\n\n\n\n<p>\u201cHeyvanlar\u0131m\u0131z\u0131 \u00e7oxald\u0131rd\u0131q, h\u0259r il \u0259n az\u0131 500 quzu sat\u0131rd\u0131q, bu da bug\u00fcnk\u00fc qiym\u0259tl\u0259 h\u0259r il \u00fc\u00e7\u00fcn 75 min manat qazanc dem\u0259kdir ki, bu qazanc \u0259limizd\u0259n \u00e7\u0131x\u0131b\u201d. <\/p>\n\n\n\n<p>Ke\u00e7mi\u015f fermerin s\u00f6zl\u0259rin\u0259 g\u00f6r\u0259, heyvandarl\u0131q t\u0259s\u0259rr\u00fcfatlar\u0131 \u0259ll\u0259rind\u0259n \u00e7\u0131xm\u0131\u015f fermerl\u0259r\u0259 kompensasiya da \u00f6d\u0259nilm\u0259yib. <\/p>\n\n\n\n<p>H\u0259mid Qulamzad\u0259 deyir, q\u0131\u015f otlaq sah\u0259sind\u0259 ayr\u0131-ayr\u0131 fermerl\u0259r\u0259 m\u0259xsus olan \u00fcmumilikd\u0259 t\u0259qrib\u0259n 30-40 min ba\u015f qoyun, mal-qara saxlan\u0131l\u0131rm\u0131\u015f. K\u00fcrd\u0259mir Rayon \u0130cra Hakimiyy\u0259tind\u0259n Meydan TV-y\u0259 yaln\u0131z o bildirilib ki, h\u0259min \u0259razil\u0259r vaxtil\u0259 fermerl\u0259rd\u0259n m\u0259hk\u0259m\u0259 qaydas\u0131nda geri al\u0131n\u0131b v\u0259 \u0259kin i\u015fl\u0259ri \u00fc\u00e7\u00fcn uzunm\u00fcdd\u0259tli olaraq \u201cAz\u0259r Aqro\u201d MMC-y\u0259 verilib. <\/p>\n\n\n\n<p>H\u0259mid Qulamzad\u0259 is\u0259 deyir, q\u0131\u015f otlaq sah\u0259si fermerl\u0259rin \u0259lind\u0259n m\u0259hk\u0259m\u0259l\u0259r\u0259 t\u0259zyiq etm\u0259kl\u0259 al\u0131n\u0131b: <\/p>\n\n\n\n<p>\u201cB\u0259li, el\u0259dir, ke\u00e7mi\u015f icra ba\u015f\u00e7\u0131s\u0131, haz\u0131rda h\u0259bsd\u0259 olan Ceyhun C\u0259f\u0259rov bir g\u00fcnd\u0259 ham\u0131s\u0131n\u0131 alt-\u00fcst el\u0259di. Sah\u0259d\u0259 aqropark sal\u0131naca\u011f\u0131n\u0131 deyib, heyvandarl\u0131q t\u0259s\u0259rr\u00fcfatlar\u0131m\u0131z\u0131 da\u011f\u0131td\u0131. Bizi m\u0259hk\u0259m\u0259y\u0259 verdi, m\u0259hk\u0259m\u0259 d\u0259 onun sifari\u015fini yerin\u0259 yetirdi. Yuxar\u0131 m\u0259hk\u0259m\u0259l\u0259r d\u0259 birinci m\u0259hk\u0259m\u0259nin q\u0259ra\u0131n\u0131 q\u00fcvv\u0259d\u0259 saxlad\u0131. Bel\u0259c\u0259, otlaq sah\u0259l\u0259ri \u0259limizd\u0259n al\u0131nd\u0131. Heyvanlar\u0131m\u0131z ortal\u0131qda qald\u0131. M\u0259cbur olub ham\u0131s\u0131n\u0131 d\u0259y\u0259rind\u0259n ucuz satd\u0131q. Bir s\u00f6zl\u0259, ke\u00e7mi\u015f ba\u015f\u00e7\u0131 bir q\u0259rar\u0131yla K\u00fcrd\u0259mird\u0259 v\u0259 qon\u015fu rayonlarda heyvandarl\u0131\u011f\u0131n belini q\u0131rd\u0131\u201d. <\/p>\n\n\n\n<figure class=\"wp-block-image size-full\"><img decoding=\"async\" width=\"1200\" height=\"675\" data-src=\"https:\/\/www.meydan.tv\/wp-content\/uploads\/photo-2022-10-26-15-07-49-2.jpg\" alt=\"\" class=\"wp-image-259456 lazyload\" src=\"data:image\/svg+xml;base64,PHN2ZyB3aWR0aD0iMSIgaGVpZ2h0PSIxIiB4bWxucz0iaHR0cDovL3d3dy53My5vcmcvMjAwMC9zdmciPjwvc3ZnPg==\" style=\"--smush-placeholder-width: 1200px; --smush-placeholder-aspect-ratio: 1200\/675;\" \/><\/figure>\n\n\n\n<p>Q\u0131\u015f otlaq sah\u0259l\u0259ri fermerl\u0259rin \u0259lind\u0259n al\u0131nandan sonra statusu \u0259kin sah\u0259l\u0259ri statusuna \u00e7evrilib v\u0259 icar\u0259 m\u00fcqavil\u0259siyl\u0259 \u201cAz\u0259r Aqro\u201d MMC-y\u0259 verilib. Ancaq \u015firk\u0259t qurudulmu\u015f bataql\u0131qda n\u0259 pamb\u0131q \u0259k\u0259 bilir, n\u0259 d\u0259 tax\u0131l\u2026 <\/p>\n\n\n\n<p>\u201cSubsidiyalar ayr\u0131ld\u0131, g\u00fcbr\u0259l\u0259nm\u0259 i\u015fl\u0259ri apar\u0131ld\u0131, ancaq he\u00e7 n\u0259 bitm\u0259di. \u00c7\u00fcnki qurudulmu\u015f bataql\u0131q \u0259razisind\u0259 tax\u0131l, pamb\u0131q \u0259kini \u00fc\u00e7\u00fcn m\u00fcnbit torpaq ola bilm\u0259z\u201d. <\/p>\n\n\n\n<p>H\u00fcquq\u015f\u00fcnas Namiz\u0259d S\u0259f\u0259rov deyir, torpaqlar\u0131n haz\u0131rda faktiki istifad\u0259siz qalmas\u0131yla ba\u011fl\u0131 fermerl\u0259r h\u00f6kum\u0259t\u0259 m\u00fcraci\u0259t etm\u0259li, komissiya yarad\u0131lmas\u0131n\u0131 t\u0259l\u0259b etm\u0259lidil\u0259r. Komissiya torpaqlara bax\u0131\u015f ke\u00e7irib, faktiki istifad\u0259siz qalmas\u0131 bar\u0259d\u0259 akt t\u0259rtib etm\u0259li, torpaqlar\u0131n t\u0259yinat\u0131n\u0131n d\u0259yi\u015fdirilm\u0259si \u00fc\u00e7\u00fcn m\u0259hk\u0259m\u0259y\u0259 t\u0259qdim etm\u0259lidir: <\/p>\n\n\n\n<p>\u201cAncaq bir m\u0259s\u0259l\u0259 var ki, bu torpaqlarda yax\u0131n ill\u0259rd\u0259 ot qat\u0131 yaranmas\u0131 m\u00fcmk\u00fcnd\u00fcrm\u00fc, bu, sual alt\u0131ndad\u0131r. Bunu art\u0131q torpaq m\u00fct\u0259x\u0259ssisl\u0259ri dey\u0259 bil\u0259r. M\u0259nim bildiyim q\u0259d\u0259r, Az\u0259rbaycanda bel\u0259 korlanm\u0131\u015f torpaqlar min hektarlarlad\u0131r v\u0259 bel\u0259 torpaqlar\u0131n yenid\u0259n canlanmas\u0131, ot qat\u0131yla \u00f6rt\u00fclm\u0259si, otlaq sah\u0259sin\u0259 \u00e7evrilm\u0259si \u00fc\u00e7\u00fcn az\u0131 20-25 il g\u00f6zl\u0259m\u0259k laz\u0131md\u0131r\u201d. <\/p>\n\n\n\n<p>5 il \u0259vv\u0259l K\u00fcrd\u0259mird\u0259ki \u015eilyan massivind\u0259 6150 hektar sah\u0259d\u0259 \u201cSM Aqro\u201d MMC t\u0259r\u0259find\u0259n aqropark yarad\u0131l\u0131b. El\u0259 h\u0259min il \u201cV\u00fcqar Fermer T\u0259s\u0259rr\u00fcfat\u0131\u201d MMC t\u0259r\u0259find\u0259n Muradxan massivind\u0259 2500 hektar, \u201cAz\u0259r Aqro\u201d MMC t\u0259r\u0259find\u0259ns\u0259 \u018fr\u0259bqubal\u0131 massivind\u0259 2800 hektar sah\u0259d\u0259 aqroparklar yarad\u0131l\u0131b. Ancaq \u0259kin i\u015fl\u0259ri \u00f6z\u00fcn\u00fc tam do\u011frultmay\u0131b.<\/p>\n","protected":false},"excerpt":{"rendered":"<p>\u201c\u0130cra ba\u00e7\u015f\u0131s\u0131 bizi m\u0259hk\u0259m\u0259y\u0259 verdi, m\u0259hk\u0259m\u0259 d\u0259 onun sifari\u015fini yerin\u0259 &#8230; <\/p>\n<p class=\"read-more-container\"><a title=\"\u201cQubal\u0131 massivi\u201dnd\u0259ki fermerl\u0259r: \u201cHektarlarla otlaq sah\u0259si \u0259limizd\u0259n al\u0131nd\u0131\u2026\u201d\" class=\"read-more button\" href=\"https:\/\/www.meydan.tv\/az\/article\/qubali-massivindeki-fermerler-hektarlarla-otlaq-sahesi-elimizden-alindi\/#more-259462\" aria-label=\"Read more about \u201cQubal\u0131 massivi\u201dnd\u0259ki fermerl\u0259r: \u201cHektarlarla otlaq sah\u0259si \u0259limizd\u0259n al\u0131nd\u0131\u2026\u201d\">Davam\u0131<\/a><\/p>\n","protected":false},"author":8,"featured_media":259453,"comment_status":"closed","ping_status":"closed","sticky":false,"template":"","format":"standard","meta":{"_acf_changed":false,"_sitemap_exclude":false,"_sitemap_priority":"","_sitemap_frequency":"","footnotes":""},"categories":[60,79,56],"tags":[],"class_list":["post-259462","post","type-post","status-publish","format-standard","has-post-thumbnail","hentry","category-bolge","category-featured","category-xeberler","infinite-scroll-item","generate-columns","tablet-grid-50","mobile-grid-100","grid-parent","grid-33","no-featured-image-padding"],"acf":[],"yoast_head":"<!-- This site is optimized with the Yoast SEO plugin v27.5 - https:\/\/yoast.com\/product\/yoast-seo-wordpress\/ -->\n<title>\u201cQubal\u0131 massivi\u201dnd\u0259ki fermerl\u0259r: \u201cHektarlarla otlaq sah\u0259si \u0259limizd\u0259n al\u0131nd\u0131\u2026\u201d - MEYDAN.TV<\/title>\n<meta name=\"robots\" content=\"index, follow, max-snippet:-1, max-image-preview:large, max-video-preview:-1\" \/>\n<link rel=\"canonical\" href=\"https:\/\/www.meydan.tv\/az\/article\/qubali-massivindeki-fermerler-hektarlarla-otlaq-sahesi-elimizden-alindi\/\" \/>\n<meta property=\"og:locale\" content=\"az_AZ\" \/>\n<meta property=\"og:type\" content=\"article\" \/>\n<meta property=\"og:title\" content=\"\u201cQubal\u0131 massivi\u201dnd\u0259ki fermerl\u0259r: \u201cHektarlarla otlaq sah\u0259si \u0259limizd\u0259n al\u0131nd\u0131\u2026\u201d - MEYDAN.TV\" \/>\n<meta property=\"og:description\" content=\"\u201c\u0130cra ba\u00e7\u015f\u0131s\u0131 bizi m\u0259hk\u0259m\u0259y\u0259 verdi, m\u0259hk\u0259m\u0259 d\u0259 onun sifari\u015fini yerin\u0259 ... Davam\u0131\" \/>\n<meta property=\"og:url\" content=\"https:\/\/www.meydan.tv\/az\/article\/qubali-massivindeki-fermerler-hektarlarla-otlaq-sahesi-elimizden-alindi\/\" \/>\n<meta property=\"og:site_name\" content=\"MEYDAN.TV\" \/>\n<meta property=\"article:published_time\" content=\"2022-10-26T12:55:13+00:00\" \/>\n<meta property=\"article:modified_time\" content=\"2022-10-26T12:55:15+00:00\" \/>\n<meta property=\"og:image\" content=\"https:\/\/www.meydan.tv\/wp-content\/uploads\/photo-2022-10-26-15-07-50.jpg\" \/>\n\t<meta property=\"og:image:width\" content=\"1200\" \/>\n\t<meta property=\"og:image:height\" content=\"675\" \/>\n\t<meta property=\"og:image:type\" content=\"image\/jpeg\" \/>\n<meta name=\"author\" content=\"elli\" \/>\n<meta name=\"twitter:card\" content=\"summary_large_image\" \/>\n<meta name=\"twitter:creator\" content=\"@elli\" \/>\n<script type=\"application\/ld+json\" class=\"yoast-schema-graph\">{\"@context\":\"https:\\\/\\\/schema.org\",\"@graph\":[{\"@type\":\"Article\",\"@id\":\"https:\\\/\\\/www.meydan.tv\\\/az\\\/article\\\/qubali-massivindeki-fermerler-hektarlarla-otlaq-sahesi-elimizden-alindi\\\/#article\",\"isPartOf\":{\"@id\":\"https:\\\/\\\/www.meydan.tv\\\/az\\\/article\\\/qubali-massivindeki-fermerler-hektarlarla-otlaq-sahesi-elimizden-alindi\\\/\"},\"author\":{\"name\":\"elli\",\"@id\":\"https:\\\/\\\/www.meydan.tv\\\/az\\\/#\\\/schema\\\/person\\\/9cdbecf90d17180ce1dfbd95b08dcf47\"},\"headline\":\"\u201cQubal\u0131 massivi\u201dnd\u0259ki fermerl\u0259r: \u201cHektarlarla otlaq sah\u0259si \u0259limizd\u0259n al\u0131nd\u0131\u2026\u201d\",\"datePublished\":\"2022-10-26T12:55:13+00:00\",\"dateModified\":\"2022-10-26T12:55:15+00:00\",\"mainEntityOfPage\":{\"@id\":\"https:\\\/\\\/www.meydan.tv\\\/az\\\/article\\\/qubali-massivindeki-fermerler-hektarlarla-otlaq-sahesi-elimizden-alindi\\\/\"},\"wordCount\":921,\"publisher\":{\"@id\":\"https:\\\/\\\/www.meydan.tv\\\/az\\\/#organization\"},\"image\":{\"@id\":\"https:\\\/\\\/www.meydan.tv\\\/az\\\/article\\\/qubali-massivindeki-fermerler-hektarlarla-otlaq-sahesi-elimizden-alindi\\\/#primaryimage\"},\"thumbnailUrl\":\"https:\\\/\\\/www.meydan.tv\\\/wp-content\\\/uploads\\\/photo-2022-10-26-15-07-50.jpg\",\"articleSection\":[\"B\u00f6lg\u0259\",\"T\u00f6vsiy\u0259\",\"X\u0259b\u0259rl\u0259r\"],\"inLanguage\":\"az\"},{\"@type\":\"WebPage\",\"@id\":\"https:\\\/\\\/www.meydan.tv\\\/az\\\/article\\\/qubali-massivindeki-fermerler-hektarlarla-otlaq-sahesi-elimizden-alindi\\\/\",\"url\":\"https:\\\/\\\/www.meydan.tv\\\/az\\\/article\\\/qubali-massivindeki-fermerler-hektarlarla-otlaq-sahesi-elimizden-alindi\\\/\",\"name\":\"\u201cQubal\u0131 massivi\u201dnd\u0259ki fermerl\u0259r: \u201cHektarlarla otlaq sah\u0259si \u0259limizd\u0259n al\u0131nd\u0131\u2026\u201d - MEYDAN.TV\",\"isPartOf\":{\"@id\":\"https:\\\/\\\/www.meydan.tv\\\/az\\\/#website\"},\"primaryImageOfPage\":{\"@id\":\"https:\\\/\\\/www.meydan.tv\\\/az\\\/article\\\/qubali-massivindeki-fermerler-hektarlarla-otlaq-sahesi-elimizden-alindi\\\/#primaryimage\"},\"image\":{\"@id\":\"https:\\\/\\\/www.meydan.tv\\\/az\\\/article\\\/qubali-massivindeki-fermerler-hektarlarla-otlaq-sahesi-elimizden-alindi\\\/#primaryimage\"},\"thumbnailUrl\":\"https:\\\/\\\/www.meydan.tv\\\/wp-content\\\/uploads\\\/photo-2022-10-26-15-07-50.jpg\",\"datePublished\":\"2022-10-26T12:55:13+00:00\",\"dateModified\":\"2022-10-26T12:55:15+00:00\",\"breadcrumb\":{\"@id\":\"https:\\\/\\\/www.meydan.tv\\\/az\\\/article\\\/qubali-massivindeki-fermerler-hektarlarla-otlaq-sahesi-elimizden-alindi\\\/#breadcrumb\"},\"inLanguage\":\"az\",\"potentialAction\":[{\"@type\":\"ReadAction\",\"target\":[\"https:\\\/\\\/www.meydan.tv\\\/az\\\/article\\\/qubali-massivindeki-fermerler-hektarlarla-otlaq-sahesi-elimizden-alindi\\\/\"]}]},{\"@type\":\"ImageObject\",\"inLanguage\":\"az\",\"@id\":\"https:\\\/\\\/www.meydan.tv\\\/az\\\/article\\\/qubali-massivindeki-fermerler-hektarlarla-otlaq-sahesi-elimizden-alindi\\\/#primaryimage\",\"url\":\"https:\\\/\\\/www.meydan.tv\\\/wp-content\\\/uploads\\\/photo-2022-10-26-15-07-50.jpg\",\"contentUrl\":\"https:\\\/\\\/www.meydan.tv\\\/wp-content\\\/uploads\\\/photo-2022-10-26-15-07-50.jpg\",\"width\":1200,\"height\":675,\"caption\":\"Fotolar: Meydan TV\"},{\"@type\":\"BreadcrumbList\",\"@id\":\"https:\\\/\\\/www.meydan.tv\\\/az\\\/article\\\/qubali-massivindeki-fermerler-hektarlarla-otlaq-sahesi-elimizden-alindi\\\/#breadcrumb\",\"itemListElement\":[{\"@type\":\"ListItem\",\"position\":1,\"name\":\"Ana s\u0259hif\u0259\",\"item\":\"https:\\\/\\\/www.meydan.tv\\\/az\\\/\"},{\"@type\":\"ListItem\",\"position\":2,\"name\":\"B\u00f6lg\u0259\",\"item\":\"https:\\\/\\\/www.meydan.tv\\\/az\\\/section\\\/bolge\\\/\"},{\"@type\":\"ListItem\",\"position\":3,\"name\":\"\u201cQubal\u0131 massivi\u201dnd\u0259ki fermerl\u0259r: \u201cHektarlarla otlaq sah\u0259si \u0259limizd\u0259n al\u0131nd\u0131\u2026\u201d\"}]},{\"@type\":\"WebSite\",\"@id\":\"https:\\\/\\\/www.meydan.tv\\\/az\\\/#website\",\"url\":\"https:\\\/\\\/www.meydan.tv\\\/az\\\/\",\"name\":\"MEYDAN.TV\",\"description\":\"Meydan TV Az\u0259rbaycan\u0131n media m\u0259kan\u0131ndak\u0131 alternativ s\u0259sidir\",\"publisher\":{\"@id\":\"https:\\\/\\\/www.meydan.tv\\\/az\\\/#organization\"},\"potentialAction\":[{\"@type\":\"SearchAction\",\"target\":{\"@type\":\"EntryPoint\",\"urlTemplate\":\"https:\\\/\\\/www.meydan.tv\\\/az\\\/?s={search_term_string}\"},\"query-input\":{\"@type\":\"PropertyValueSpecification\",\"valueRequired\":true,\"valueName\":\"search_term_string\"}}],\"inLanguage\":\"az\"},{\"@type\":\"Organization\",\"@id\":\"https:\\\/\\\/www.meydan.tv\\\/az\\\/#organization\",\"name\":\"Meydan TV\",\"url\":\"https:\\\/\\\/www.meydan.tv\\\/az\\\/\",\"logo\":{\"@type\":\"ImageObject\",\"inLanguage\":\"az\",\"@id\":\"https:\\\/\\\/www.meydan.tv\\\/az\\\/#\\\/schema\\\/logo\\\/image\\\/\",\"url\":\"https:\\\/\\\/www.meydan.tv\\\/wp-content\\\/uploads\\\/2021\\\/07\\\/meydan-logo.svg\",\"contentUrl\":\"https:\\\/\\\/www.meydan.tv\\\/wp-content\\\/uploads\\\/2021\\\/07\\\/meydan-logo.svg\",\"width\":195,\"height\":46,\"caption\":\"Meydan TV\"},\"image\":{\"@id\":\"https:\\\/\\\/www.meydan.tv\\\/az\\\/#\\\/schema\\\/logo\\\/image\\\/\"}},{\"@type\":\"Person\",\"@id\":\"https:\\\/\\\/www.meydan.tv\\\/az\\\/#\\\/schema\\\/person\\\/9cdbecf90d17180ce1dfbd95b08dcf47\",\"name\":\"elli\",\"sameAs\":[\"https:\\\/\\\/x.com\\\/elli\"]}]}<\/script>\n<!-- \/ Yoast SEO plugin. -->","yoast_head_json":{"title":"\u201cQubal\u0131 massivi\u201dnd\u0259ki fermerl\u0259r: \u201cHektarlarla otlaq sah\u0259si \u0259limizd\u0259n al\u0131nd\u0131\u2026\u201d - MEYDAN.TV","robots":{"index":"index","follow":"follow","max-snippet":"max-snippet:-1","max-image-preview":"max-image-preview:large","max-video-preview":"max-video-preview:-1"},"canonical":"https:\/\/www.meydan.tv\/az\/article\/qubali-massivindeki-fermerler-hektarlarla-otlaq-sahesi-elimizden-alindi\/","og_locale":"az_AZ","og_type":"article","og_title":"\u201cQubal\u0131 massivi\u201dnd\u0259ki fermerl\u0259r: \u201cHektarlarla otlaq sah\u0259si \u0259limizd\u0259n al\u0131nd\u0131\u2026\u201d - MEYDAN.TV","og_description":"\u201c\u0130cra ba\u00e7\u015f\u0131s\u0131 bizi m\u0259hk\u0259m\u0259y\u0259 verdi, m\u0259hk\u0259m\u0259 d\u0259 onun sifari\u015fini yerin\u0259 ... Davam\u0131","og_url":"https:\/\/www.meydan.tv\/az\/article\/qubali-massivindeki-fermerler-hektarlarla-otlaq-sahesi-elimizden-alindi\/","og_site_name":"MEYDAN.TV","article_published_time":"2022-10-26T12:55:13+00:00","article_modified_time":"2022-10-26T12:55:15+00:00","og_image":[{"width":1200,"height":675,"url":"https:\/\/www.meydan.tv\/wp-content\/uploads\/photo-2022-10-26-15-07-50.jpg","type":"image\/jpeg"}],"author":"elli","twitter_card":"summary_large_image","twitter_creator":"@elli","schema":{"@context":"https:\/\/schema.org","@graph":[{"@type":"Article","@id":"https:\/\/www.meydan.tv\/az\/article\/qubali-massivindeki-fermerler-hektarlarla-otlaq-sahesi-elimizden-alindi\/#article","isPartOf":{"@id":"https:\/\/www.meydan.tv\/az\/article\/qubali-massivindeki-fermerler-hektarlarla-otlaq-sahesi-elimizden-alindi\/"},"author":{"name":"elli","@id":"https:\/\/www.meydan.tv\/az\/#\/schema\/person\/9cdbecf90d17180ce1dfbd95b08dcf47"},"headline":"\u201cQubal\u0131 massivi\u201dnd\u0259ki fermerl\u0259r: \u201cHektarlarla otlaq sah\u0259si \u0259limizd\u0259n al\u0131nd\u0131\u2026\u201d","datePublished":"2022-10-26T12:55:13+00:00","dateModified":"2022-10-26T12:55:15+00:00","mainEntityOfPage":{"@id":"https:\/\/www.meydan.tv\/az\/article\/qubali-massivindeki-fermerler-hektarlarla-otlaq-sahesi-elimizden-alindi\/"},"wordCount":921,"publisher":{"@id":"https:\/\/www.meydan.tv\/az\/#organization"},"image":{"@id":"https:\/\/www.meydan.tv\/az\/article\/qubali-massivindeki-fermerler-hektarlarla-otlaq-sahesi-elimizden-alindi\/#primaryimage"},"thumbnailUrl":"https:\/\/www.meydan.tv\/wp-content\/uploads\/photo-2022-10-26-15-07-50.jpg","articleSection":["B\u00f6lg\u0259","T\u00f6vsiy\u0259","X\u0259b\u0259rl\u0259r"],"inLanguage":"az"},{"@type":"WebPage","@id":"https:\/\/www.meydan.tv\/az\/article\/qubali-massivindeki-fermerler-hektarlarla-otlaq-sahesi-elimizden-alindi\/","url":"https:\/\/www.meydan.tv\/az\/article\/qubali-massivindeki-fermerler-hektarlarla-otlaq-sahesi-elimizden-alindi\/","name":"\u201cQubal\u0131 massivi\u201dnd\u0259ki fermerl\u0259r: \u201cHektarlarla otlaq sah\u0259si \u0259limizd\u0259n al\u0131nd\u0131\u2026\u201d - MEYDAN.TV","isPartOf":{"@id":"https:\/\/www.meydan.tv\/az\/#website"},"primaryImageOfPage":{"@id":"https:\/\/www.meydan.tv\/az\/article\/qubali-massivindeki-fermerler-hektarlarla-otlaq-sahesi-elimizden-alindi\/#primaryimage"},"image":{"@id":"https:\/\/www.meydan.tv\/az\/article\/qubali-massivindeki-fermerler-hektarlarla-otlaq-sahesi-elimizden-alindi\/#primaryimage"},"thumbnailUrl":"https:\/\/www.meydan.tv\/wp-content\/uploads\/photo-2022-10-26-15-07-50.jpg","datePublished":"2022-10-26T12:55:13+00:00","dateModified":"2022-10-26T12:55:15+00:00","breadcrumb":{"@id":"https:\/\/www.meydan.tv\/az\/article\/qubali-massivindeki-fermerler-hektarlarla-otlaq-sahesi-elimizden-alindi\/#breadcrumb"},"inLanguage":"az","potentialAction":[{"@type":"ReadAction","target":["https:\/\/www.meydan.tv\/az\/article\/qubali-massivindeki-fermerler-hektarlarla-otlaq-sahesi-elimizden-alindi\/"]}]},{"@type":"ImageObject","inLanguage":"az","@id":"https:\/\/www.meydan.tv\/az\/article\/qubali-massivindeki-fermerler-hektarlarla-otlaq-sahesi-elimizden-alindi\/#primaryimage","url":"https:\/\/www.meydan.tv\/wp-content\/uploads\/photo-2022-10-26-15-07-50.jpg","contentUrl":"https:\/\/www.meydan.tv\/wp-content\/uploads\/photo-2022-10-26-15-07-50.jpg","width":1200,"height":675,"caption":"Fotolar: Meydan TV"},{"@type":"BreadcrumbList","@id":"https:\/\/www.meydan.tv\/az\/article\/qubali-massivindeki-fermerler-hektarlarla-otlaq-sahesi-elimizden-alindi\/#breadcrumb","itemListElement":[{"@type":"ListItem","position":1,"name":"Ana s\u0259hif\u0259","item":"https:\/\/www.meydan.tv\/az\/"},{"@type":"ListItem","position":2,"name":"B\u00f6lg\u0259","item":"https:\/\/www.meydan.tv\/az\/section\/bolge\/"},{"@type":"ListItem","position":3,"name":"\u201cQubal\u0131 massivi\u201dnd\u0259ki fermerl\u0259r: \u201cHektarlarla otlaq sah\u0259si \u0259limizd\u0259n al\u0131nd\u0131\u2026\u201d"}]},{"@type":"WebSite","@id":"https:\/\/www.meydan.tv\/az\/#website","url":"https:\/\/www.meydan.tv\/az\/","name":"MEYDAN.TV","description":"Meydan TV Az\u0259rbaycan\u0131n media m\u0259kan\u0131ndak\u0131 alternativ s\u0259sidir","publisher":{"@id":"https:\/\/www.meydan.tv\/az\/#organization"},"potentialAction":[{"@type":"SearchAction","target":{"@type":"EntryPoint","urlTemplate":"https:\/\/www.meydan.tv\/az\/?s={search_term_string}"},"query-input":{"@type":"PropertyValueSpecification","valueRequired":true,"valueName":"search_term_string"}}],"inLanguage":"az"},{"@type":"Organization","@id":"https:\/\/www.meydan.tv\/az\/#organization","name":"Meydan TV","url":"https:\/\/www.meydan.tv\/az\/","logo":{"@type":"ImageObject","inLanguage":"az","@id":"https:\/\/www.meydan.tv\/az\/#\/schema\/logo\/image\/","url":"https:\/\/www.meydan.tv\/wp-content\/uploads\/2021\/07\/meydan-logo.svg","contentUrl":"https:\/\/www.meydan.tv\/wp-content\/uploads\/2021\/07\/meydan-logo.svg","width":195,"height":46,"caption":"Meydan TV"},"image":{"@id":"https:\/\/www.meydan.tv\/az\/#\/schema\/logo\/image\/"}},{"@type":"Person","@id":"https:\/\/www.meydan.tv\/az\/#\/schema\/person\/9cdbecf90d17180ce1dfbd95b08dcf47","name":"elli","sameAs":["https:\/\/x.com\/elli"]}]}},"_links":{"self":[{"href":"https:\/\/www.meydan.tv\/az\/wp-json\/wp\/v2\/posts\/259462","targetHints":{"allow":["GET"]}}],"collection":[{"href":"https:\/\/www.meydan.tv\/az\/wp-json\/wp\/v2\/posts"}],"about":[{"href":"https:\/\/www.meydan.tv\/az\/wp-json\/wp\/v2\/types\/post"}],"author":[{"embeddable":true,"href":"https:\/\/www.meydan.tv\/az\/wp-json\/wp\/v2\/users\/8"}],"replies":[{"embeddable":true,"href":"https:\/\/www.meydan.tv\/az\/wp-json\/wp\/v2\/comments?post=259462"}],"version-history":[{"count":1,"href":"https:\/\/www.meydan.tv\/az\/wp-json\/wp\/v2\/posts\/259462\/revisions"}],"predecessor-version":[{"id":259463,"href":"https:\/\/www.meydan.tv\/az\/wp-json\/wp\/v2\/posts\/259462\/revisions\/259463"}],"wp:featuredmedia":[{"embeddable":true,"href":"https:\/\/www.meydan.tv\/az\/wp-json\/wp\/v2\/media\/259453"}],"wp:attachment":[{"href":"https:\/\/www.meydan.tv\/az\/wp-json\/wp\/v2\/media?parent=259462"}],"wp:term":[{"taxonomy":"category","embeddable":true,"href":"https:\/\/www.meydan.tv\/az\/wp-json\/wp\/v2\/categories?post=259462"},{"taxonomy":"post_tag","embeddable":true,"href":"https:\/\/www.meydan.tv\/az\/wp-json\/wp\/v2\/tags?post=259462"}],"curies":[{"name":"wp","href":"https:\/\/api.w.org\/{rel}","templated":true}]}}