{"id":259413,"date":"2022-10-26T13:01:42","date_gmt":"2022-10-26T09:01:42","guid":{"rendered":"https:\/\/www.meydan.tv\/?p=259413"},"modified":"2022-10-26T13:01:46","modified_gmt":"2022-10-26T09:01:46","slug":"saatli-sakini-ozumden-xebersiz-adima-pensiya-maas-kartlari-acib-pullari-menimseyibler","status":"publish","type":"post","link":"https:\/\/www.meydan.tv\/az\/article\/saatli-sakini-ozumden-xebersiz-adima-pensiya-maas-kartlari-acib-pullari-menimseyibler\/","title":{"rendered":"Saatl\u0131 sakini: \u201c\u00d6z\u00fcmd\u0259n x\u0259b\u0259rsiz ad\u0131ma pensiya, maa\u015f kartlar\u0131 a\u00e7\u0131b, pullar\u0131 m\u0259nims\u0259yibl\u0259r\u201d"},"content":{"rendered":"\n<p><\/p>\n\n\n\n<p><em>\u0130cra ba\u015f\u00e7\u0131s\u0131 ke\u00e7mi\u00e7 h\u0259rb\u00e7i, ikinci qrup \u0259lil Cavan\u015fir Abbasovu m\u0259hk\u0259m\u0259y\u0259 ver\u0259r\u0259k, ondan 30 min manat t\u0259zminat t\u0259l\u0259b edir<\/em><\/p>\n\n\n\n<p>Saatl\u0131 rayonunun D\u0259d\u0259 Qorqud k\u0259nd sakini Cavan\u015fir Abbasov iddia edir ki, \u00f6z\u00fcn\u00fcn x\u0259b\u0259ri olmadan ona \u0259lillik t\u0259yin edilib, xeyli vaxt pensiyas\u0131 al\u0131naraq m\u0259nims\u0259nilib. Bundan ba\u015fqa, o, h\u0259rbi xidm\u0259t zaman\u0131 \u0259lil oldu\u011funu \u0259sas g\u0259tir\u0259r\u0259k, ona s\u0131\u011forta v\u0259 Prezident t\u0259qa\u00fcd\u00fcn\u00fcn verilm\u0259m\u0259sind\u0259n naraz\u0131d\u0131r.<\/p>\n\n\n\n<p><strong>\u201cAd\u0131ma pensiya kart\u0131n\u0131n olmas\u0131ndan 2019-cu ild\u0259 x\u0259b\u0259r tutdum\u201d<\/strong><\/p>\n\n\n\n<p>1980-ci il t\u0259v\u0259ll\u00fcdl\u00fc Cavan\u015fir Abbasov ikinci qrup \u0259lildir. O, Silahl\u0131 Q\u00fcvv\u0259l\u0259rd\u0259 gizir kimi xidm\u0259t edib, ta\u011f\u0131m komandirinin m\u00fcavini olub. Meydan TV-y\u0259 dan\u0131\u015f\u0131r ki, sa\u011flaml\u0131\u011f\u0131n\u0131 2012-ci ild\u0259 h\u0259rbi xidm\u0259t zaman\u0131 itirib:<\/p>\n\n\n\n<p>\u201cH\u0259rbid\u0259 x\u0259st\u0259l\u0259ndim, m\u0259ni G\u0259nc\u0259d\u0259ki h\u0259rbi hospitala apard\u0131lar. Xeyli vaxt orada m\u00fcalic\u0259 olundum. Ax\u0131rda astma-bronxit diaqnozuyla m\u0259ni t\u0259rxis el\u0259dil\u0259r\u201d.<\/p>\n\n\n\n<p>Cavan\u015fir Abbasov iddia edir ki, onun h\u0259rbi qulluq\u00e7u kimi, xidm\u0259td\u0259 olark\u0259n sa\u011flaml\u0131\u011f\u0131n\u0131 itirm\u0259sini t\u0259sdiql\u0259y\u0259n s\u0259n\u0259dl\u0259rin haz\u0131rlan\u0131b ona verilm\u0259si prosesi yubad\u0131l\u0131b. 2017-ci ild\u0259 bu s\u0259n\u0259dl\u0259ri M\u0259rk\u0259zi H\u0259rbi Hospitaldan al\u0131b.<\/p>\n\n\n\n<p>\u201cSaatl\u0131da M\u0259rk\u0259zi X\u0259st\u0259xanaya getdim. Orada m\u0259nd\u0259n \u0259lil kimi t\u0259qa\u00fcd\u0259 \u00e7\u0131xma\u011f\u0131ma laz\u0131m olan s\u0259n\u0259di verm\u0259k \u00fc\u00e7\u00fcn 3 min pul ist\u0259dil\u0259r, verm\u0259dim. Bu hadis\u0259 2017-ci ild\u0259 olub. O zaman q\u0259rar\u0131n sur\u0259ti d\u0259 onlarda qald\u0131. S\u0259n dem\u0259, h\u0259min s\u0259n\u0259dl\u0259r \u0259sas\u0131nda m\u0259nim ad\u0131ma \u00f6z\u00fcmd\u0259n x\u0259b\u0259rsiz m\u00fclki qaydada \u0259lillik d\u00fcz\u0259ldibl\u0259r, pensiyam\u0131 al\u0131blar. M\u0259n bundan 2019-cu ild\u0259 x\u0259b\u0259r tutdum\u201d.<\/p>\n\n\n\n<p><strong>\u201c\u00d6z pensiya kart\u0131m\u0131 g\u00f6t\u00fcrm\u0259y\u0259 ged\u0259nd\u0259 m\u0259lum oldu ki\u2026\u201d<\/strong><\/p>\n\n\n\n<p>Cavan\u015fir Abbasovun dediyin\u0259 g\u00f6r\u0259, 2019-cu ild\u0259 rayonun o vaxtk\u0131 deputat\u0131 \u018fflatun Ama\u015fovun k\u00f6m\u0259yil\u0259 Bak\u0131ya g\u0259lib, D\u00f6vl\u0259t Tibbi Sosial Ekspertiza M\u0259rk\u0259zind\u0259 m\u00fcayin\u0259d\u0259n ke\u00e7ib v\u0259 \u0259lil olmas\u0131 t\u0259sdiql\u0259nib. Onun s\u00f6zl\u0259rin\u0259 g\u00f6r\u0259, pensiya hesablanmas\u0131 \u00fc\u00e7\u00fcn s\u0259n\u0259dl\u0259rini t\u0259qdim ed\u0259nd\u0259 sistemd\u0259 onun 2017-ci ild\u0259n pensiya almas\u0131 \u00fcz\u0259 \u00e7\u0131x\u0131b:<\/p>\n\n\n\n<figure class=\"wp-block-image size-full\"><img decoding=\"async\" width=\"1200\" height=\"800\" data-src=\"https:\/\/www.meydan.tv\/wp-content\/uploads\/untitled-design-4-42.jpg\" alt=\"\" class=\"wp-image-259404 lazyload\" src=\"data:image\/svg+xml;base64,PHN2ZyB3aWR0aD0iMSIgaGVpZ2h0PSIxIiB4bWxucz0iaHR0cDovL3d3dy53My5vcmcvMjAwMC9zdmciPjwvc3ZnPg==\" style=\"--smush-placeholder-width: 1200px; --smush-placeholder-aspect-ratio: 1200\/800;\" \/><figcaption>Foto: Cavan\u015fir Abbasovun arxivind\u0259n<\/figcaption><\/figure>\n\n\n\n<p>\u201cM\u0259n\u0259 dedil\u0259r ki, m\u00fclki \u0259lil kimi pensiya al\u0131rsan, niy\u0259 gizl\u0259dirs\u0259n? Dedim, el\u0259 \u015fey yoxdur ax\u0131. Bildirdil\u0259r ki, ad\u0131ma t\u0259qa\u00fcd g\u00f6r\u00fcn\u00fcr. Bak\u0131ya g\u0259ldim, burada da eyni s\u00f6z\u00fc dedil\u0259r. 2020-ci ilin yanvar\u0131nda metronun \u201cN\u0259rimanov\u201d stansiyas\u0131n\u0131n yax\u0131nl\u0131\u011f\u0131ndak\u0131 \u201cKapitalbank\u201ddan h\u0259rbi \u0259lil kimi m\u0259n\u0259 k\u0259silmi\u015f pensiyan\u0131n kart\u0131n\u0131 g\u00f6t\u00fcrm\u0259y\u0259 getmi\u015fdim. Onda m\u0259lum oldu ki, ad\u0131ma ba\u015fqa kartlar da var. Onlardan da x\u0259b\u0259rim yoxdur. S\u0259n dem\u0259, M\u0259\u015f\u011fulluq \u0130dar\u0259sind\u0259 ad\u0131ma i\u015fl\u0259r yaz\u0131b, \u0259m\u0259khaqq\u0131 kartlar\u0131 a\u00e7\u0131blarm\u0131\u015f\u2026\u201d.<\/p>\n\n\n\n<p>Cavan\u015fir Abbasov bununla \u0259laq\u0259dar Prezident Administrasiyas\u0131, D\u00f6vl\u0259t T\u0259hl\u00fck\u0259sizliyi Xidm\u0259ti, Korrupsiyaya Qar\u015f\u0131 M\u00fcbariz\u0259 \u0130dar\u0259si v\u0259 ba\u015fqa qurumlara \u015fikay\u0259t edib.<\/p>\n\n\n\n<p>\u201c<strong>M\u0259n\u0259 deyirl\u0259r, s\u0259n\u0259 d\u00fc\u015fm\u00fcr\u201d<\/strong><\/p>\n\n\n\n<p>O, h\u0259m d\u0259 h\u0259rbi xidm\u0259t zaman\u0131 sa\u011flaml\u0131\u011f\u0131n\u0131 itirdiyi halda, ona Prezident t\u0259qa\u00fcd\u00fc v\u0259 s\u0131\u011forta \u00f6d\u0259ni\u015finin verilm\u0259m\u0259sind\u0259n naraz\u0131d\u0131r:<\/p>\n\n\n\n<p>\u201cM\u0259n\u0259 deyirl\u0259r ki, s\u0259n\u0259 d\u00fc\u015fm\u00fcr. Niy\u0259sini m\u0259n d\u0259 ba\u015fa d\u00fc\u015fm\u00fcr\u0259m\u201d.<\/p>\n\n\n\n<p>Saatl\u0131 sakini ehtiyac i\u00e7ind\u0259 oldu\u011funu, \u00f6vladlar\u0131na aliment \u00f6d\u0259m\u0259y\u0259 imkan\u0131 \u00e7atmad\u0131\u011f\u0131n\u0131 deyir. Onun s\u00f6zl\u0259rin\u0259 g\u00f6r\u0259, h\u0259tta aliment \u00f6hd\u0259liyini yerin\u0259 yetir\u0259 bilm\u0259diyin\u0259 g\u00f6r\u0259 bar\u0259sind\u0259 cinay\u0259t i\u015fi ba\u015flan\u0131b, bir m\u00fcdd\u0259t \u0259vv\u0259l h\u0259bs edilib.<\/p>\n\n\n<div class=\"wp-block-image\">\n<figure class=\"alignright size-large is-resized\"><img decoding=\"async\" data-src=\"https:\/\/www.meydan.tv\/wp-content\/uploads\/photo-2022-10-26-11-02-39-539x821.jpg\" alt=\"\" class=\"wp-image-259410 lazyload\" width=\"327\" height=\"498\" src=\"data:image\/svg+xml;base64,PHN2ZyB3aWR0aD0iMSIgaGVpZ2h0PSIxIiB4bWxucz0iaHR0cDovL3d3dy53My5vcmcvMjAwMC9zdmciPjwvc3ZnPg==\" style=\"--smush-placeholder-width: 327px; --smush-placeholder-aspect-ratio: 327\/498;\" \/><\/figure>\n<\/div>\n\n\n<p>Cavan\u015fir Abbasov ba\u015f ver\u0259nl\u0259r\u0259 g\u00f6r\u0259 h\u0259m d\u0259 Saatl\u0131 rayonunun ke\u00e7mi\u015f icra ba\u015f\u00e7\u0131s\u0131 (2019-cu ild\u0259n indiy\u0259d\u0259k Sabirabadda eyni v\u0259zif\u0259d\u0259dir-red.) Siraq\u0259ddin Cabbarovu ittiham edir. Deyir ki, icra ba\u015f\u00e7\u0131s\u0131n\u0131n x\u0259b\u0259ri olmadan v\u0259t\u0259nda\u015f\u0131n ba\u015f\u0131na bel\u0259 oyun g\u0259tirm\u0259zdil\u0259r.<\/p>\n\n\n\n<p>Siraq\u0259ddin Cabbarov is\u0259 onun dedikl\u0259rinin b\u00f6htan oldu\u011funu bildir\u0259r\u0259k, buna g\u00f6r\u0259 Cavan\u015fir Abbasovu m\u0259hk\u0259m\u0259y\u0259 verib. \u018flild\u0259n 30 min manat t\u0259zminat t\u0259l\u0259b ed\u0259n icra ba\u015f\u00e7\u0131s\u0131n\u0131n iddias\u0131na Saatl\u0131 Rayon M\u0259hk\u0259m\u0259sind\u0259 bax\u0131l\u0131r.<\/p>\n\n\n\n<p><strong>\u015eikay\u0259t\u0259 Korrupsiyaya Qar\u015f\u0131 M\u00fcbariz\u0259 \u0130dar\u0259si bax\u0131b, Ba\u015f Prokurorlu\u011fa g\u00f6nd\u0259rib<\/strong><\/p>\n\n\n\n<p>Cavan\u015fir Abbasovun D\u00f6vl\u0259t Sosial M\u00fcdafi\u0259 Fondunun Saatl\u0131 rayon \u015f\u00f6b\u0259sinin \u0259m\u0259kda\u015flar\u0131yla ba\u011fl\u0131 (ona \u00e7atas\u0131 v\u0259saitl\u0259rin m\u0259nims\u0259nilm\u0259si bar\u0259d\u0259) \u015fikay\u0259tin\u0259 Ba\u015f Prokurorlu\u011fun Preventiv t\u0259dbirl\u0259r v\u0259 t\u0259hqiqat idar\u0259sinin r\u0259is m\u00fcavini Kaz\u0131m H\u0259mz\u0259tov cavab verib. O bildirib ki, Cavan\u015fir Abbasovun g\u00f6nd\u0259rdiyi \u015fikay\u0259t\u0259 Korrupsiyaya Qar\u015f\u0131 M\u00fcbariz\u0259 \u0130dar\u0259sind\u0259 bax\u0131l\u0131b:<\/p>\n\n\n\n<p>\u201cM\u00fcraci\u0259t aidiyy\u0259ti \u00fczr\u0259 g\u00f6nd\u0259rilm\u0259si v\u0259 ara\u015fd\u0131rma apar\u0131lmas\u0131n\u0131n t\u0259min olunmas\u0131 \u00fc\u00e7\u00fcn Ba\u015f Prokurorlu\u011fa g\u00f6nd\u0259rilib\u201d.<\/p>\n\n\n<div class=\"wp-block-image\">\n<figure class=\"alignleft size-large is-resized\"><img decoding=\"async\" data-src=\"https:\/\/www.meydan.tv\/wp-content\/uploads\/photo-2022-10-26-11-02-46-598x821.jpg\" alt=\"\" class=\"wp-image-259407 lazyload\" width=\"325\" height=\"446\" src=\"data:image\/svg+xml;base64,PHN2ZyB3aWR0aD0iMSIgaGVpZ2h0PSIxIiB4bWxucz0iaHR0cDovL3d3dy53My5vcmcvMjAwMC9zdmciPjwvc3ZnPg==\" style=\"--smush-placeholder-width: 325px; --smush-placeholder-aspect-ratio: 325\/446;\" \/><\/figure>\n<\/div>\n\n\n<p>D\u00f6vl\u0259t Sosial M\u00fcdafi\u0259 Fondundan is\u0259 Prezident t\u0259qa\u00fcd\u00fcn\u00fcn verilm\u0259m\u0259si \u015fikay\u0259til\u0259 \u0259laq\u0259dar bildirilib ki, Cavan\u015fir Abbasovun h\u0259rbi xidm\u0259t d\u00f6vr\u00fc il\u0259 \u0259laq\u0259dar \u0259lilliyi m\u00fc\u0259yy\u0259n olundu\u011funa g\u00f6r\u0259 ona Prezident t\u0259qa\u00fcd\u00fcn\u00fcn t\u0259yin edilm\u0259si qanunvericilikl\u0259 m\u00fcmk\u00fcn deyil.<\/p>\n\n\n\n<p>S\u0131\u011fortan\u0131n verilm\u0259m\u0259sin\u0259 g\u0259linc\u0259, D\u00f6vl\u0259t S\u0131\u011forta Kommersiya \u015eirk\u0259tind\u0259n bildirilib ki, Cavan\u015fir Abbasovla ba\u011fl\u0131 m\u0259s\u0259l\u0259y\u0259 bax\u0131lmas\u0131 \u00fc\u00e7\u00fcn o, m\u00fcvafiq t\u0259sdiqedici s\u0259n\u0259dl\u0259r t\u0259qdim etm\u0259lidir:<\/p>\n\n\n\n<p>\u201cS\u0259n\u0259dl\u0259r t\u0259qdim olunandan sonra onlara bax\u0131l\u0131b, Cavan\u015fir Abbasova s\u0131\u011forta \u00f6d\u0259ni\u015finin t\u0259yin edilib-edilm\u0259m\u0259si m\u0259s\u0259l\u0259sin\u0259 ayd\u0131nl\u0131q g\u0259tiril\u0259c\u0259k\u201d.<\/p>\n","protected":false},"excerpt":{"rendered":"<p>\u0130cra ba\u015f\u00e7\u0131s\u0131 ke\u00e7mi\u00e7 h\u0259rb\u00e7i, ikinci qrup \u0259lil Cavan\u015fir Abbasovu m\u0259hk\u0259m\u0259y\u0259 &#8230; <\/p>\n<p class=\"read-more-container\"><a title=\"Saatl\u0131 sakini: \u201c\u00d6z\u00fcmd\u0259n x\u0259b\u0259rsiz ad\u0131ma pensiya, maa\u015f kartlar\u0131 a\u00e7\u0131b, pullar\u0131 m\u0259nims\u0259yibl\u0259r\u201d\" class=\"read-more button\" href=\"https:\/\/www.meydan.tv\/az\/article\/saatli-sakini-ozumden-xebersiz-adima-pensiya-maas-kartlari-acib-pullari-menimseyibler\/#more-259413\" aria-label=\"Read more about Saatl\u0131 sakini: \u201c\u00d6z\u00fcmd\u0259n x\u0259b\u0259rsiz ad\u0131ma pensiya, maa\u015f kartlar\u0131 a\u00e7\u0131b, pullar\u0131 m\u0259nims\u0259yibl\u0259r\u201d\">Davam\u0131<\/a><\/p>\n","protected":false},"author":8,"featured_media":259417,"comment_status":"closed","ping_status":"closed","sticky":false,"template":"","format":"standard","meta":{"_acf_changed":false,"_sitemap_exclude":false,"_sitemap_priority":"","_sitemap_frequency":"","footnotes":""},"categories":[60,79,56],"tags":[],"class_list":["post-259413","post","type-post","status-publish","format-standard","has-post-thumbnail","hentry","category-bolge","category-featured","category-xeberler","infinite-scroll-item","generate-columns","tablet-grid-50","mobile-grid-100","grid-parent","grid-33","no-featured-image-padding"],"acf":[],"yoast_head":"<!-- This site is optimized with the Yoast SEO plugin v27.5 - https:\/\/yoast.com\/product\/yoast-seo-wordpress\/ -->\n<title>Saatl\u0131 sakini: \u201c\u00d6z\u00fcmd\u0259n x\u0259b\u0259rsiz ad\u0131ma pensiya, maa\u015f kartlar\u0131 a\u00e7\u0131b, pullar\u0131 m\u0259nims\u0259yibl\u0259r\u201d - MEYDAN.TV<\/title>\n<meta name=\"robots\" content=\"index, follow, max-snippet:-1, max-image-preview:large, max-video-preview:-1\" \/>\n<link rel=\"canonical\" href=\"https:\/\/www.meydan.tv\/az\/article\/saatli-sakini-ozumden-xebersiz-adima-pensiya-maas-kartlari-acib-pullari-menimseyibler\/\" \/>\n<meta property=\"og:locale\" content=\"az_AZ\" \/>\n<meta property=\"og:type\" content=\"article\" \/>\n<meta property=\"og:title\" content=\"Saatl\u0131 sakini: \u201c\u00d6z\u00fcmd\u0259n x\u0259b\u0259rsiz ad\u0131ma pensiya, maa\u015f kartlar\u0131 a\u00e7\u0131b, pullar\u0131 m\u0259nims\u0259yibl\u0259r\u201d - MEYDAN.TV\" \/>\n<meta property=\"og:description\" content=\"\u0130cra ba\u015f\u00e7\u0131s\u0131 ke\u00e7mi\u00e7 h\u0259rb\u00e7i, ikinci qrup \u0259lil Cavan\u015fir Abbasovu m\u0259hk\u0259m\u0259y\u0259 ... Davam\u0131\" \/>\n<meta property=\"og:url\" content=\"https:\/\/www.meydan.tv\/az\/article\/saatli-sakini-ozumden-xebersiz-adima-pensiya-maas-kartlari-acib-pullari-menimseyibler\/\" \/>\n<meta property=\"og:site_name\" content=\"MEYDAN.TV\" \/>\n<meta property=\"article:published_time\" content=\"2022-10-26T09:01:42+00:00\" \/>\n<meta property=\"article:modified_time\" content=\"2022-10-26T09:01:46+00:00\" \/>\n<meta property=\"og:image\" content=\"https:\/\/www.meydan.tv\/wp-content\/uploads\/pensiya-teqaud-bankomat-atm.jpg\" \/>\n\t<meta property=\"og:image:width\" content=\"1200\" \/>\n\t<meta property=\"og:image:height\" content=\"720\" \/>\n\t<meta property=\"og:image:type\" content=\"image\/jpeg\" \/>\n<meta name=\"author\" content=\"elli\" \/>\n<meta name=\"twitter:card\" content=\"summary_large_image\" \/>\n<meta name=\"twitter:creator\" content=\"@elli\" \/>\n<script type=\"application\/ld+json\" class=\"yoast-schema-graph\">{\"@context\":\"https:\\\/\\\/schema.org\",\"@graph\":[{\"@type\":\"Article\",\"@id\":\"https:\\\/\\\/www.meydan.tv\\\/az\\\/article\\\/saatli-sakini-ozumden-xebersiz-adima-pensiya-maas-kartlari-acib-pullari-menimseyibler\\\/#article\",\"isPartOf\":{\"@id\":\"https:\\\/\\\/www.meydan.tv\\\/az\\\/article\\\/saatli-sakini-ozumden-xebersiz-adima-pensiya-maas-kartlari-acib-pullari-menimseyibler\\\/\"},\"author\":{\"name\":\"elli\",\"@id\":\"https:\\\/\\\/www.meydan.tv\\\/az\\\/#\\\/schema\\\/person\\\/9cdbecf90d17180ce1dfbd95b08dcf47\"},\"headline\":\"Saatl\u0131 sakini: \u201c\u00d6z\u00fcmd\u0259n x\u0259b\u0259rsiz ad\u0131ma pensiya, maa\u015f kartlar\u0131 a\u00e7\u0131b, pullar\u0131 m\u0259nims\u0259yibl\u0259r\u201d\",\"datePublished\":\"2022-10-26T09:01:42+00:00\",\"dateModified\":\"2022-10-26T09:01:46+00:00\",\"mainEntityOfPage\":{\"@id\":\"https:\\\/\\\/www.meydan.tv\\\/az\\\/article\\\/saatli-sakini-ozumden-xebersiz-adima-pensiya-maas-kartlari-acib-pullari-menimseyibler\\\/\"},\"wordCount\":1075,\"publisher\":{\"@id\":\"https:\\\/\\\/www.meydan.tv\\\/az\\\/#organization\"},\"image\":{\"@id\":\"https:\\\/\\\/www.meydan.tv\\\/az\\\/article\\\/saatli-sakini-ozumden-xebersiz-adima-pensiya-maas-kartlari-acib-pullari-menimseyibler\\\/#primaryimage\"},\"thumbnailUrl\":\"https:\\\/\\\/www.meydan.tv\\\/wp-content\\\/uploads\\\/pensiya-teqaud-bankomat-atm.jpg\",\"articleSection\":[\"B\u00f6lg\u0259\",\"T\u00f6vsiy\u0259\",\"X\u0259b\u0259rl\u0259r\"],\"inLanguage\":\"az\"},{\"@type\":\"WebPage\",\"@id\":\"https:\\\/\\\/www.meydan.tv\\\/az\\\/article\\\/saatli-sakini-ozumden-xebersiz-adima-pensiya-maas-kartlari-acib-pullari-menimseyibler\\\/\",\"url\":\"https:\\\/\\\/www.meydan.tv\\\/az\\\/article\\\/saatli-sakini-ozumden-xebersiz-adima-pensiya-maas-kartlari-acib-pullari-menimseyibler\\\/\",\"name\":\"Saatl\u0131 sakini: \u201c\u00d6z\u00fcmd\u0259n x\u0259b\u0259rsiz ad\u0131ma pensiya, maa\u015f kartlar\u0131 a\u00e7\u0131b, pullar\u0131 m\u0259nims\u0259yibl\u0259r\u201d - MEYDAN.TV\",\"isPartOf\":{\"@id\":\"https:\\\/\\\/www.meydan.tv\\\/az\\\/#website\"},\"primaryImageOfPage\":{\"@id\":\"https:\\\/\\\/www.meydan.tv\\\/az\\\/article\\\/saatli-sakini-ozumden-xebersiz-adima-pensiya-maas-kartlari-acib-pullari-menimseyibler\\\/#primaryimage\"},\"image\":{\"@id\":\"https:\\\/\\\/www.meydan.tv\\\/az\\\/article\\\/saatli-sakini-ozumden-xebersiz-adima-pensiya-maas-kartlari-acib-pullari-menimseyibler\\\/#primaryimage\"},\"thumbnailUrl\":\"https:\\\/\\\/www.meydan.tv\\\/wp-content\\\/uploads\\\/pensiya-teqaud-bankomat-atm.jpg\",\"datePublished\":\"2022-10-26T09:01:42+00:00\",\"dateModified\":\"2022-10-26T09:01:46+00:00\",\"breadcrumb\":{\"@id\":\"https:\\\/\\\/www.meydan.tv\\\/az\\\/article\\\/saatli-sakini-ozumden-xebersiz-adima-pensiya-maas-kartlari-acib-pullari-menimseyibler\\\/#breadcrumb\"},\"inLanguage\":\"az\",\"potentialAction\":[{\"@type\":\"ReadAction\",\"target\":[\"https:\\\/\\\/www.meydan.tv\\\/az\\\/article\\\/saatli-sakini-ozumden-xebersiz-adima-pensiya-maas-kartlari-acib-pullari-menimseyibler\\\/\"]}]},{\"@type\":\"ImageObject\",\"inLanguage\":\"az\",\"@id\":\"https:\\\/\\\/www.meydan.tv\\\/az\\\/article\\\/saatli-sakini-ozumden-xebersiz-adima-pensiya-maas-kartlari-acib-pullari-menimseyibler\\\/#primaryimage\",\"url\":\"https:\\\/\\\/www.meydan.tv\\\/wp-content\\\/uploads\\\/pensiya-teqaud-bankomat-atm.jpg\",\"contentUrl\":\"https:\\\/\\\/www.meydan.tv\\\/wp-content\\\/uploads\\\/pensiya-teqaud-bankomat-atm.jpg\",\"width\":1200,\"height\":720,\"caption\":\"\u015e\u0259rti \u015f\u0259kil. Foto: banker.az\"},{\"@type\":\"BreadcrumbList\",\"@id\":\"https:\\\/\\\/www.meydan.tv\\\/az\\\/article\\\/saatli-sakini-ozumden-xebersiz-adima-pensiya-maas-kartlari-acib-pullari-menimseyibler\\\/#breadcrumb\",\"itemListElement\":[{\"@type\":\"ListItem\",\"position\":1,\"name\":\"Ana s\u0259hif\u0259\",\"item\":\"https:\\\/\\\/www.meydan.tv\\\/az\\\/\"},{\"@type\":\"ListItem\",\"position\":2,\"name\":\"B\u00f6lg\u0259\",\"item\":\"https:\\\/\\\/www.meydan.tv\\\/az\\\/section\\\/bolge\\\/\"},{\"@type\":\"ListItem\",\"position\":3,\"name\":\"Saatl\u0131 sakini: \u201c\u00d6z\u00fcmd\u0259n x\u0259b\u0259rsiz ad\u0131ma pensiya, maa\u015f kartlar\u0131 a\u00e7\u0131b, pullar\u0131 m\u0259nims\u0259yibl\u0259r\u201d\"}]},{\"@type\":\"WebSite\",\"@id\":\"https:\\\/\\\/www.meydan.tv\\\/az\\\/#website\",\"url\":\"https:\\\/\\\/www.meydan.tv\\\/az\\\/\",\"name\":\"MEYDAN.TV\",\"description\":\"Meydan TV Az\u0259rbaycan\u0131n media m\u0259kan\u0131ndak\u0131 alternativ s\u0259sidir\",\"publisher\":{\"@id\":\"https:\\\/\\\/www.meydan.tv\\\/az\\\/#organization\"},\"potentialAction\":[{\"@type\":\"SearchAction\",\"target\":{\"@type\":\"EntryPoint\",\"urlTemplate\":\"https:\\\/\\\/www.meydan.tv\\\/az\\\/?s={search_term_string}\"},\"query-input\":{\"@type\":\"PropertyValueSpecification\",\"valueRequired\":true,\"valueName\":\"search_term_string\"}}],\"inLanguage\":\"az\"},{\"@type\":\"Organization\",\"@id\":\"https:\\\/\\\/www.meydan.tv\\\/az\\\/#organization\",\"name\":\"Meydan TV\",\"url\":\"https:\\\/\\\/www.meydan.tv\\\/az\\\/\",\"logo\":{\"@type\":\"ImageObject\",\"inLanguage\":\"az\",\"@id\":\"https:\\\/\\\/www.meydan.tv\\\/az\\\/#\\\/schema\\\/logo\\\/image\\\/\",\"url\":\"https:\\\/\\\/www.meydan.tv\\\/wp-content\\\/uploads\\\/2021\\\/07\\\/meydan-logo.svg\",\"contentUrl\":\"https:\\\/\\\/www.meydan.tv\\\/wp-content\\\/uploads\\\/2021\\\/07\\\/meydan-logo.svg\",\"width\":195,\"height\":46,\"caption\":\"Meydan TV\"},\"image\":{\"@id\":\"https:\\\/\\\/www.meydan.tv\\\/az\\\/#\\\/schema\\\/logo\\\/image\\\/\"}},{\"@type\":\"Person\",\"@id\":\"https:\\\/\\\/www.meydan.tv\\\/az\\\/#\\\/schema\\\/person\\\/9cdbecf90d17180ce1dfbd95b08dcf47\",\"name\":\"elli\",\"sameAs\":[\"https:\\\/\\\/x.com\\\/elli\"]}]}<\/script>\n<!-- \/ Yoast SEO plugin. -->","yoast_head_json":{"title":"Saatl\u0131 sakini: \u201c\u00d6z\u00fcmd\u0259n x\u0259b\u0259rsiz ad\u0131ma pensiya, maa\u015f kartlar\u0131 a\u00e7\u0131b, pullar\u0131 m\u0259nims\u0259yibl\u0259r\u201d - MEYDAN.TV","robots":{"index":"index","follow":"follow","max-snippet":"max-snippet:-1","max-image-preview":"max-image-preview:large","max-video-preview":"max-video-preview:-1"},"canonical":"https:\/\/www.meydan.tv\/az\/article\/saatli-sakini-ozumden-xebersiz-adima-pensiya-maas-kartlari-acib-pullari-menimseyibler\/","og_locale":"az_AZ","og_type":"article","og_title":"Saatl\u0131 sakini: \u201c\u00d6z\u00fcmd\u0259n x\u0259b\u0259rsiz ad\u0131ma pensiya, maa\u015f kartlar\u0131 a\u00e7\u0131b, pullar\u0131 m\u0259nims\u0259yibl\u0259r\u201d - MEYDAN.TV","og_description":"\u0130cra ba\u015f\u00e7\u0131s\u0131 ke\u00e7mi\u00e7 h\u0259rb\u00e7i, ikinci qrup \u0259lil Cavan\u015fir Abbasovu m\u0259hk\u0259m\u0259y\u0259 ... Davam\u0131","og_url":"https:\/\/www.meydan.tv\/az\/article\/saatli-sakini-ozumden-xebersiz-adima-pensiya-maas-kartlari-acib-pullari-menimseyibler\/","og_site_name":"MEYDAN.TV","article_published_time":"2022-10-26T09:01:42+00:00","article_modified_time":"2022-10-26T09:01:46+00:00","og_image":[{"width":1200,"height":720,"url":"https:\/\/www.meydan.tv\/wp-content\/uploads\/pensiya-teqaud-bankomat-atm.jpg","type":"image\/jpeg"}],"author":"elli","twitter_card":"summary_large_image","twitter_creator":"@elli","schema":{"@context":"https:\/\/schema.org","@graph":[{"@type":"Article","@id":"https:\/\/www.meydan.tv\/az\/article\/saatli-sakini-ozumden-xebersiz-adima-pensiya-maas-kartlari-acib-pullari-menimseyibler\/#article","isPartOf":{"@id":"https:\/\/www.meydan.tv\/az\/article\/saatli-sakini-ozumden-xebersiz-adima-pensiya-maas-kartlari-acib-pullari-menimseyibler\/"},"author":{"name":"elli","@id":"https:\/\/www.meydan.tv\/az\/#\/schema\/person\/9cdbecf90d17180ce1dfbd95b08dcf47"},"headline":"Saatl\u0131 sakini: \u201c\u00d6z\u00fcmd\u0259n x\u0259b\u0259rsiz ad\u0131ma pensiya, maa\u015f kartlar\u0131 a\u00e7\u0131b, pullar\u0131 m\u0259nims\u0259yibl\u0259r\u201d","datePublished":"2022-10-26T09:01:42+00:00","dateModified":"2022-10-26T09:01:46+00:00","mainEntityOfPage":{"@id":"https:\/\/www.meydan.tv\/az\/article\/saatli-sakini-ozumden-xebersiz-adima-pensiya-maas-kartlari-acib-pullari-menimseyibler\/"},"wordCount":1075,"publisher":{"@id":"https:\/\/www.meydan.tv\/az\/#organization"},"image":{"@id":"https:\/\/www.meydan.tv\/az\/article\/saatli-sakini-ozumden-xebersiz-adima-pensiya-maas-kartlari-acib-pullari-menimseyibler\/#primaryimage"},"thumbnailUrl":"https:\/\/www.meydan.tv\/wp-content\/uploads\/pensiya-teqaud-bankomat-atm.jpg","articleSection":["B\u00f6lg\u0259","T\u00f6vsiy\u0259","X\u0259b\u0259rl\u0259r"],"inLanguage":"az"},{"@type":"WebPage","@id":"https:\/\/www.meydan.tv\/az\/article\/saatli-sakini-ozumden-xebersiz-adima-pensiya-maas-kartlari-acib-pullari-menimseyibler\/","url":"https:\/\/www.meydan.tv\/az\/article\/saatli-sakini-ozumden-xebersiz-adima-pensiya-maas-kartlari-acib-pullari-menimseyibler\/","name":"Saatl\u0131 sakini: \u201c\u00d6z\u00fcmd\u0259n x\u0259b\u0259rsiz ad\u0131ma pensiya, maa\u015f kartlar\u0131 a\u00e7\u0131b, pullar\u0131 m\u0259nims\u0259yibl\u0259r\u201d - MEYDAN.TV","isPartOf":{"@id":"https:\/\/www.meydan.tv\/az\/#website"},"primaryImageOfPage":{"@id":"https:\/\/www.meydan.tv\/az\/article\/saatli-sakini-ozumden-xebersiz-adima-pensiya-maas-kartlari-acib-pullari-menimseyibler\/#primaryimage"},"image":{"@id":"https:\/\/www.meydan.tv\/az\/article\/saatli-sakini-ozumden-xebersiz-adima-pensiya-maas-kartlari-acib-pullari-menimseyibler\/#primaryimage"},"thumbnailUrl":"https:\/\/www.meydan.tv\/wp-content\/uploads\/pensiya-teqaud-bankomat-atm.jpg","datePublished":"2022-10-26T09:01:42+00:00","dateModified":"2022-10-26T09:01:46+00:00","breadcrumb":{"@id":"https:\/\/www.meydan.tv\/az\/article\/saatli-sakini-ozumden-xebersiz-adima-pensiya-maas-kartlari-acib-pullari-menimseyibler\/#breadcrumb"},"inLanguage":"az","potentialAction":[{"@type":"ReadAction","target":["https:\/\/www.meydan.tv\/az\/article\/saatli-sakini-ozumden-xebersiz-adima-pensiya-maas-kartlari-acib-pullari-menimseyibler\/"]}]},{"@type":"ImageObject","inLanguage":"az","@id":"https:\/\/www.meydan.tv\/az\/article\/saatli-sakini-ozumden-xebersiz-adima-pensiya-maas-kartlari-acib-pullari-menimseyibler\/#primaryimage","url":"https:\/\/www.meydan.tv\/wp-content\/uploads\/pensiya-teqaud-bankomat-atm.jpg","contentUrl":"https:\/\/www.meydan.tv\/wp-content\/uploads\/pensiya-teqaud-bankomat-atm.jpg","width":1200,"height":720,"caption":"\u015e\u0259rti \u015f\u0259kil. Foto: banker.az"},{"@type":"BreadcrumbList","@id":"https:\/\/www.meydan.tv\/az\/article\/saatli-sakini-ozumden-xebersiz-adima-pensiya-maas-kartlari-acib-pullari-menimseyibler\/#breadcrumb","itemListElement":[{"@type":"ListItem","position":1,"name":"Ana s\u0259hif\u0259","item":"https:\/\/www.meydan.tv\/az\/"},{"@type":"ListItem","position":2,"name":"B\u00f6lg\u0259","item":"https:\/\/www.meydan.tv\/az\/section\/bolge\/"},{"@type":"ListItem","position":3,"name":"Saatl\u0131 sakini: \u201c\u00d6z\u00fcmd\u0259n x\u0259b\u0259rsiz ad\u0131ma pensiya, maa\u015f kartlar\u0131 a\u00e7\u0131b, pullar\u0131 m\u0259nims\u0259yibl\u0259r\u201d"}]},{"@type":"WebSite","@id":"https:\/\/www.meydan.tv\/az\/#website","url":"https:\/\/www.meydan.tv\/az\/","name":"MEYDAN.TV","description":"Meydan TV Az\u0259rbaycan\u0131n media m\u0259kan\u0131ndak\u0131 alternativ s\u0259sidir","publisher":{"@id":"https:\/\/www.meydan.tv\/az\/#organization"},"potentialAction":[{"@type":"SearchAction","target":{"@type":"EntryPoint","urlTemplate":"https:\/\/www.meydan.tv\/az\/?s={search_term_string}"},"query-input":{"@type":"PropertyValueSpecification","valueRequired":true,"valueName":"search_term_string"}}],"inLanguage":"az"},{"@type":"Organization","@id":"https:\/\/www.meydan.tv\/az\/#organization","name":"Meydan TV","url":"https:\/\/www.meydan.tv\/az\/","logo":{"@type":"ImageObject","inLanguage":"az","@id":"https:\/\/www.meydan.tv\/az\/#\/schema\/logo\/image\/","url":"https:\/\/www.meydan.tv\/wp-content\/uploads\/2021\/07\/meydan-logo.svg","contentUrl":"https:\/\/www.meydan.tv\/wp-content\/uploads\/2021\/07\/meydan-logo.svg","width":195,"height":46,"caption":"Meydan TV"},"image":{"@id":"https:\/\/www.meydan.tv\/az\/#\/schema\/logo\/image\/"}},{"@type":"Person","@id":"https:\/\/www.meydan.tv\/az\/#\/schema\/person\/9cdbecf90d17180ce1dfbd95b08dcf47","name":"elli","sameAs":["https:\/\/x.com\/elli"]}]}},"_links":{"self":[{"href":"https:\/\/www.meydan.tv\/az\/wp-json\/wp\/v2\/posts\/259413","targetHints":{"allow":["GET"]}}],"collection":[{"href":"https:\/\/www.meydan.tv\/az\/wp-json\/wp\/v2\/posts"}],"about":[{"href":"https:\/\/www.meydan.tv\/az\/wp-json\/wp\/v2\/types\/post"}],"author":[{"embeddable":true,"href":"https:\/\/www.meydan.tv\/az\/wp-json\/wp\/v2\/users\/8"}],"replies":[{"embeddable":true,"href":"https:\/\/www.meydan.tv\/az\/wp-json\/wp\/v2\/comments?post=259413"}],"version-history":[{"count":1,"href":"https:\/\/www.meydan.tv\/az\/wp-json\/wp\/v2\/posts\/259413\/revisions"}],"predecessor-version":[{"id":259420,"href":"https:\/\/www.meydan.tv\/az\/wp-json\/wp\/v2\/posts\/259413\/revisions\/259420"}],"wp:featuredmedia":[{"embeddable":true,"href":"https:\/\/www.meydan.tv\/az\/wp-json\/wp\/v2\/media\/259417"}],"wp:attachment":[{"href":"https:\/\/www.meydan.tv\/az\/wp-json\/wp\/v2\/media?parent=259413"}],"wp:term":[{"taxonomy":"category","embeddable":true,"href":"https:\/\/www.meydan.tv\/az\/wp-json\/wp\/v2\/categories?post=259413"},{"taxonomy":"post_tag","embeddable":true,"href":"https:\/\/www.meydan.tv\/az\/wp-json\/wp\/v2\/tags?post=259413"}],"curies":[{"name":"wp","href":"https:\/\/api.w.org\/{rel}","templated":true}]}}