{"id":259240,"date":"2022-10-25T12:43:19","date_gmt":"2022-10-25T08:43:19","guid":{"rendered":"https:\/\/www.meydan.tv\/?p=259240"},"modified":"2022-10-25T12:43:21","modified_gmt":"2022-10-25T08:43:21","slug":"qebelenin-iki-kendinde-qaz-su-isiq-yol-problemi","status":"publish","type":"post","link":"https:\/\/www.meydan.tv\/az\/article\/qebelenin-iki-kendinde-qaz-su-isiq-yol-problemi\/","title":{"rendered":"Q\u0259b\u0259l\u0259nin iki k\u0259ndind\u0259 qaz, su, i\u015f\u0131q, yol problemi"},"content":{"rendered":"\n<p><\/p>\n\n\n\n<p><em>\u201cH\u0259r iki k\u0259ndin x\u0259st\u0259l\u0259ri \u0259n a\u015fa\u011f\u0131 tibbi xidm\u0259t almaq \u00fc\u00e7\u00fcn d\u0259 rayon m\u0259rk\u0259zin\u0259 getm\u0259lidir\u201d<\/em><br><\/p>\n\n\n\n<p>\u201cQaz, yol, m\u0259kt\u0259b, u\u015faq ba\u011f\u00e7as\u0131, tibb m\u0259nt\u0259q\u0259si, ictimai n\u0259qliyyat yoxdur, i\u015f\u0131q dir\u0259kl\u0259ri a\u015f\u0131r, \u0259sas\u0259n yayda su q\u0131tl\u0131\u011f\u0131 h\u00f6km s\u00fcr\u00fcr\u201d.<\/p>\n\n\n\n<p>Q\u0259b\u0259l\u0259nin B\u0259yli v\u0259 Qu\u015flar k\u0259ndl\u0259rinin sakinl\u0259ri Meydan TV-y\u0259 k\u0259ndd\u0259ki sosial probleml\u0259rd\u0259n dan\u0131\u015f\u0131blar. <\/p>\n\n\n\n<p>Onlar bildiribl\u0259r ki, h\u0259r iki k\u0259ndd\u0259 ya\u015fay\u0131\u015f \u00fc\u00e7\u00fcn vacib \u015f\u0259rtl\u0259r olmad\u0131\u011f\u0131ndan, insanlar\u0131n g\u00fcz\u0259ran\u0131 olduqca a\u011f\u0131r ke\u00e7ir. B\u0259ylid\u0259 75, Qu\u015flarda da t\u0259qrib\u0259n o civarda ail\u0259 ya\u015fay\u0131r. Sakinl\u0259rin s\u00f6zl\u0259rin\u0259 g\u00f6r\u0259, Sovet vaxt\u0131 Q\u0259b\u0259l\u0259nin k\u0259ndl\u0259rind\u0259, o c\u00fcml\u0259d\u0259n, B\u0259yli v\u0259 Qu\u015flarda mavi yanacaq olub. 1990-c\u0131 ill\u0259rin \u0259vv\u0259ll\u0259rind\u0259 k\u0259ndl\u0259r\u0259 mavi yanaca\u011f\u0131n verili\u015fi dayand\u0131r\u0131l\u0131b. Mavi yanaca\u011f\u0131n verilm\u0259si son ill\u0259rd\u0259 ba\u015fqa k\u0259ndl\u0259rd\u0259 b\u0259rpa olunsa da, bu iki k\u0259ndd\u0259 h\u0259l\u0259 d\u0259 adamlar qaz x\u0259tl\u0259rin\u0259 bax\u0131b, k\u00f6ks \u00f6t\u00fcr\u00fcrl\u0259r.<\/p>\n\n\n\n<figure class=\"wp-block-image size-large\"><img decoding=\"async\" width=\"1095\" height=\"821\" data-src=\"https:\/\/www.meydan.tv\/wp-content\/uploads\/kend_yollari-1095x821.jpg\" alt=\"\" class=\"wp-image-259228 lazyload\" src=\"data:image\/svg+xml;base64,PHN2ZyB3aWR0aD0iMSIgaGVpZ2h0PSIxIiB4bWxucz0iaHR0cDovL3d3dy53My5vcmcvMjAwMC9zdmciPjwvc3ZnPg==\" style=\"--smush-placeholder-width: 1095px; --smush-placeholder-aspect-ratio: 1095\/821;\" \/><\/figure>\n\n\n\n<p>B\u0259yli sakini \u0130ntiqam Quliyev dan\u0131\u015f\u0131r:<\/p>\n\n\n\n<p>\u201cSovet vaxt\u0131 A\u011fda\u015f istiqam\u0259tind\u0259n g\u0259l\u0259n qaz borusu ilk bu k\u0259ndd\u0259n ke\u00e7ib, bizd\u0259n Qu\u015flara, oradansa ba\u015fqa k\u0259ndl\u0259r\u0259 gedib. \u0130ndi d\u0259 qaz x\u0259tl\u0259ri yerind\u0259dir, bir az q\u0131r\u0131q yerl\u0259rin t\u0259mir-b\u0259rpas\u0131na ehtiyac var. Ancaq qaz verilmir. Qaz qon\u015fuluqdak\u0131 Savalan k\u0259ndin\u0259d\u0259k g\u0259lir, ordan bu t\u0259r\u0259f\u0259 x\u0259tt ba\u011fl\u0131d\u0131r, verilmir. M\u0259s\u0259l\u0259n, Qu\u015flardan sonrak\u0131 k\u0259ndl\u0259rd\u0259 qaz var, o k\u0259ndl\u0259r\u0259 ba\u015fqa istiqam\u0259td\u0259n g\u0259lir. Bir s\u00f6zl\u0259, \u0259traf k\u0259ndl\u0259rin ham\u0131s\u0131nda qaz var, iki k\u0259nd qal\u0131b ortada\u2026\u201d.<\/p>\n\n\n\n<p>B\u0259yli v\u0259 Qu\u015flarda q\u0131\u015f s\u0259rt ke\u00e7ir. Ancaq bir ne\u00e7\u0259 ildir ki, k\u0259ndlil\u0259r evl\u0259rini isitm\u0259k \u00fc\u00e7\u00fcn me\u015f\u0259d\u0259n \u00e7\u00f6r-\u00e7\u00f6p d\u0259 y\u0131\u011fa bilmirl\u0259r. N\u0259tic\u0259d\u0259 baha qiym\u0259t\u0259 odun almal\u0131 olurlar. Odunun qiym\u0259ti ilb\u0259il art\u0131r ki, bu da b\u00fcdc\u0259si olmayan k\u0259ndliy\u0259 uy\u011fun deyil.<\/p>\n\n\n\n<p>H\u0259r iki k\u0259ndin enerji t\u0259minat\u0131 b\u0259rbadd\u0131r. Q\u0259zal\u0131 v\u0259ziyy\u0259td\u0259 olan naqill\u0259ri saxlayan 30-40 ilin \u00e7\u00fcr\u00fcm\u00fc\u015f taxta dir\u0259kl\u0259r a\u015fmas\u0131n dey\u0259, k\u0259ndlil\u0259r onlar\u0131n dibin\u0259 \u0259lav\u0259 dir\u0259kl\u0259r basd\u0131r\u0131blar. Q\u0131\u015fda isinm\u0259k \u00fc\u00e7\u00fcn q\u0131zd\u0131r\u0131c\u0131lardan istifad\u0259 olundu\u011funa g\u00f6r\u0259, naqill\u0259rd\u0259 q\u0131saqapanmalar olur, k\u00f6hn\u0259 \u00f6t\u00fcr\u00fcc\u00fc \u015fitl\u0259r s\u0131radan \u00e7\u0131x\u0131r, n\u0259tic\u0259d\u0259 bu iki k\u0259nd tez-tez i\u015f\u0131qs\u0131z qal\u0131r.<\/p>\n\n\n\n<figure class=\"wp-block-image size-large\"><img decoding=\"async\" width=\"1095\" height=\"821\" data-src=\"https:\/\/www.meydan.tv\/wp-content\/uploads\/kendden_kecen_qaz_xetti-1095x821.jpg\" alt=\"\" class=\"wp-image-259231 lazyload\" src=\"data:image\/svg+xml;base64,PHN2ZyB3aWR0aD0iMSIgaGVpZ2h0PSIxIiB4bWxucz0iaHR0cDovL3d3dy53My5vcmcvMjAwMC9zdmciPjwvc3ZnPg==\" style=\"--smush-placeholder-width: 1095px; --smush-placeholder-aspect-ratio: 1095\/821;\" \/><\/figure>\n\n\n\n<p>T\u0259hsil m\u0259s\u0259l\u0259si d\u0259 h\u0259r iki k\u0259ndd\u0259 problemlidir. B\u0259yli k\u0259ndinin u\u015faqlar\u0131 2-3 kilometr qol q\u0259t ed\u0259r\u0259k Qu\u015flardak\u0131 m\u0259kt\u0259b\u0259 gedir. Halbuki, he\u00e7 bu m\u0259kt\u0259b d\u0259 istifad\u0259y\u0259 yararl\u0131 deyil. Bina k\u00f6hn\u0259dir, d\u0259rs l\u0259vazimatlar\u0131, avadanl\u0131qlar yarars\u0131zd\u0131r.<\/p>\n\n\n\n<p>B\u0259ylid\u0259 tibb m\u0259nt\u0259q\u0259si yoxdur, Qu\u015flardasa tibb m\u0259nt\u0259q\u0259si ad\u0131na Sovetd\u0259nqalma bir tikili var &#8211; da\u011f\u0131lm\u0131\u015f, qap\u0131s\u0131 q\u0131f\u0131ll\u0131\u2026<\/p>\n\n\n\n<p>Sakin \u0130lham\u0259 S\u0259f\u0259rova dan\u0131\u015f\u0131r:<\/p>\n\n\n\n<p>\u201c\u018fvv\u0259ll\u0259r B\u0259yli il\u0259 Qu\u015flar eyni sovetlikd\u0259 idi, indi ay\u0131r\u0131blar. Tibb m\u0259nt\u0259q\u0259si Qu\u015flarda olub, B\u0259yli k\u0259ndinin sakinl\u0259ri d\u0259 h\u0259min tibb m\u0259nt\u0259q\u0259sind\u0259n istifad\u0259 edib. Uzun ill\u0259rdir ki, tibb m\u0259nt\u0259q\u0259sind\u0259n geriy\u0259 u\u00e7uq-s\u00f6k\u00fck bir daxma qal\u0131b. H\u0259r iki k\u0259ndin x\u0259st\u0259l\u0259ri \u0259n a\u015fa\u011f\u0131 tibbi xidm\u0259t almaq \u00fc\u00e7\u00fcn d\u0259 rayon m\u0259rk\u0259zin\u0259 getm\u0259lidir. H\u0259r d\u0259f\u0259 sistem qo\u015fdurmaq \u00fc\u00e7\u00fcn 10 manat o ba\u015fa, 10 manat bu ba\u015fa x\u0259rcl\u0259m\u0259lis\u0259n. \u00c7oxu x\u0259st\u0259l\u0259nir, imkans\u0131zl\u0131qdan tibbi xidm\u0259t ala bilmir, d\u00fcnyas\u0131n\u0131 d\u0259yi\u015fir\u201d.<\/p>\n\n\n\n<p>Bu k\u0259ndl\u0259rd\u0259 yol da b\u0259rbadd\u0131r. Ya\u011f\u0131\u015f ya\u011fanda pal\u00e7\u0131q diz\u0259 qalx\u0131r, u\u015faqlar m\u0259kt\u0259b\u0259 ged\u0259nd\u0259 ayaqlar\u0131na sellofan ba\u011flay\u0131r.<\/p>\n\n\n\n<p>K\u0259ndlil\u0259ri narahat ed\u0259n m\u0259s\u0259l\u0259l\u0259rd\u0259n biri d\u0259 i\u015fsizlikdir. B\u0259yli v\u0259 Qu\u015flarla rayon m\u0259rk\u0259zi aras\u0131nda 30 kilometr yol var. Ancaq sakinl\u0259rin m\u0259rk\u0259z\u0259 gedib-g\u0259lm\u0259l\u0259ri \u00fc\u00e7\u00fcn ictimai n\u0259qliyyat yoxdur. Taksiyl\u0259 gedib-g\u0259lm\u0259k t\u0259xmin\u0259n 20 manata ba\u015fa g\u0259lir:<\/p>\n\n\n\n<figure class=\"wp-block-image size-large\"><img decoding=\"async\" width=\"1095\" height=\"821\" data-src=\"https:\/\/www.meydan.tv\/wp-content\/uploads\/qushlar_kend_orta_mektebi-1095x821.jpg\" alt=\"\" class=\"wp-image-259234 lazyload\" src=\"data:image\/svg+xml;base64,PHN2ZyB3aWR0aD0iMSIgaGVpZ2h0PSIxIiB4bWxucz0iaHR0cDovL3d3dy53My5vcmcvMjAwMC9zdmciPjwvc3ZnPg==\" style=\"--smush-placeholder-width: 1095px; --smush-placeholder-aspect-ratio: 1095\/821;\" \/><\/figure>\n\n\n\n<p>\u201cK\u0259ndl\u0259rd\u0259 i\u015f yoxdur, m\u0259\u015f\u011fuliyy\u0259timiz maldarl\u0131qd\u0131r, \u0259kindir, ancaq bu i\u015fl\u0259rl\u0259 m\u0259\u015f\u011ful olma\u011fa \u015f\u0259rait, su yoxdur. \u018fkin\u00e7ilik a\u015fa\u011f\u0131 s\u0259viyy\u0259d\u0259dir, baha ba\u015fa g\u0259ldiyi \u00fc\u00e7\u00fcn k\u0259ndlil\u0259r \u0259kin i\u015fin\u0259 giri\u015fmir. Qal\u0131r birc\u0259 heyvandarl\u0131q, o da orta s\u0259viyy\u0259d\u0259dir. \u0130\u015f yaln\u0131z rayonun \u00f6z\u00fcnd\u0259 tapmaq m\u00fcmk\u00fcnd\u00fcr, ancaq ictimai n\u0259qliyyat olmad\u0131\u011f\u0131ndan, adamlar k\u0259ndd\u0259n k\u0259nara \u00e7\u0131xa bilmir\u201d.<\/p>\n\n\n\n<p>M\u0259s\u0259l\u0259n, B\u0259ylid\u0259 yaln\u0131z bir \u00fcz\u00fcm\u00e7\u00fcl\u00fck t\u0259s\u0259rr\u00fcfat\u0131 var, k\u0259ndlil\u0259rin bir qismi orada i\u015fl\u0259yir, o da m\u00f6vs\u00fcmi i\u015fdir. \u00dcst\u0259lik, bu i\u015f b\u00fct\u00fcn ail\u0259l\u0259ri \u0259hat\u0259 etmir.<\/p>\n\n\n\n<p>H\u0259r iki k\u0259ndin sakinl\u0259ri uzun ill\u0259rdir ki, sadalanan probleml\u0259rin h\u0259ll olunmas\u0131 \u00fc\u00e7\u00fcn aidiyy\u0259ti qurumlara yaz\u0131r, ayaq d\u00f6y\u00fcr. H\u0259r d\u0259f\u0259 d\u0259 eyni s\u00f6zl\u0259ri e\u015fidirl\u0259r \u2013 n\u00f6vb\u0259ti ild\u0259n h\u0259r \u015fey yax\u015f\u0131 olacaq:<\/p>\n\n\n\n<p>\u201cDeyirl\u0259r, g\u0259l\u0259n ay yol \u00e7\u0259kil\u0259c\u0259k, o biri ay qaz veril\u0259c\u0259k\u2026 Art\u0131q bu bo\u015f v\u0259dl\u0259rd\u0259n bo\u011faza y\u0131\u011f\u0131lm\u0131\u015f\u0131q\u201d.<\/p>\n\n\n\n<p>Q\u0259b\u0259l\u0259 Rayon \u0130cra Hakimiyy\u0259tind\u0259n Meydan TV-y\u0259 bildirilib ki, qurumun n\u00fcmay\u0259nd\u0259l\u0259ri tez-tez h\u0259min k\u0259ndl\u0259rd\u0259 olur, probleml\u0259ri qeyd\u0259 al\u0131r. \u0130cra hakimiyy\u0259ti probleml\u0259rin aradan qald\u0131r\u0131lmas\u0131 \u00fc\u00e7\u00fcn dig\u0259r aidiyy\u0259ti qurumlara r\u0259smi m\u00fcraci\u0259tl\u0259r edir. K\u0259ndl\u0259rd\u0259 ilk n\u00f6vb\u0259d\u0259 qaz v\u0259 yol probleml\u0259rinin h\u0259lli n\u0259z\u0259rd\u0259 tutulub.<\/p>\n","protected":false},"excerpt":{"rendered":"<p>\u201cH\u0259r iki k\u0259ndin x\u0259st\u0259l\u0259ri \u0259n a\u015fa\u011f\u0131 tibbi xidm\u0259t almaq \u00fc\u00e7\u00fcn &#8230; <\/p>\n<p class=\"read-more-container\"><a title=\"Q\u0259b\u0259l\u0259nin iki k\u0259ndind\u0259 qaz, su, i\u015f\u0131q, yol problemi\" class=\"read-more button\" href=\"https:\/\/www.meydan.tv\/az\/article\/qebelenin-iki-kendinde-qaz-su-isiq-yol-problemi\/#more-259240\" aria-label=\"Read more about Q\u0259b\u0259l\u0259nin iki k\u0259ndind\u0259 qaz, su, i\u015f\u0131q, yol problemi\">Davam\u0131<\/a><\/p>\n","protected":false},"author":8,"featured_media":259237,"comment_status":"closed","ping_status":"closed","sticky":false,"template":"","format":"standard","meta":{"_acf_changed":false,"_sitemap_exclude":false,"_sitemap_priority":"","_sitemap_frequency":"","footnotes":""},"categories":[60,56],"tags":[],"class_list":["post-259240","post","type-post","status-publish","format-standard","has-post-thumbnail","hentry","category-bolge","category-xeberler","infinite-scroll-item","generate-columns","tablet-grid-50","mobile-grid-100","grid-parent","grid-33","no-featured-image-padding"],"acf":[],"yoast_head":"<!-- This site is optimized with the Yoast SEO plugin v27.5 - https:\/\/yoast.com\/product\/yoast-seo-wordpress\/ -->\n<title>Q\u0259b\u0259l\u0259nin iki k\u0259ndind\u0259 qaz, su, i\u015f\u0131q, yol problemi - MEYDAN.TV<\/title>\n<meta name=\"robots\" content=\"index, follow, max-snippet:-1, max-image-preview:large, max-video-preview:-1\" \/>\n<link rel=\"canonical\" href=\"https:\/\/www.meydan.tv\/az\/article\/qebelenin-iki-kendinde-qaz-su-isiq-yol-problemi\/\" \/>\n<meta property=\"og:locale\" content=\"az_AZ\" \/>\n<meta property=\"og:type\" content=\"article\" \/>\n<meta property=\"og:title\" content=\"Q\u0259b\u0259l\u0259nin iki k\u0259ndind\u0259 qaz, su, i\u015f\u0131q, yol problemi - MEYDAN.TV\" \/>\n<meta property=\"og:description\" content=\"\u201cH\u0259r iki k\u0259ndin x\u0259st\u0259l\u0259ri \u0259n a\u015fa\u011f\u0131 tibbi xidm\u0259t almaq \u00fc\u00e7\u00fcn ... Davam\u0131\" \/>\n<meta property=\"og:url\" content=\"https:\/\/www.meydan.tv\/az\/article\/qebelenin-iki-kendinde-qaz-su-isiq-yol-problemi\/\" \/>\n<meta property=\"og:site_name\" content=\"MEYDAN.TV\" \/>\n<meta property=\"article:published_time\" content=\"2022-10-25T08:43:19+00:00\" \/>\n<meta property=\"article:modified_time\" content=\"2022-10-25T08:43:21+00:00\" \/>\n<meta property=\"og:image\" content=\"https:\/\/www.meydan.tv\/wp-content\/uploads\/untitled-design-3-42.jpg\" \/>\n\t<meta property=\"og:image:width\" content=\"1200\" \/>\n\t<meta property=\"og:image:height\" content=\"800\" \/>\n\t<meta property=\"og:image:type\" content=\"image\/jpeg\" \/>\n<meta name=\"author\" content=\"elli\" \/>\n<meta name=\"twitter:card\" content=\"summary_large_image\" \/>\n<meta name=\"twitter:creator\" content=\"@elli\" \/>\n<script type=\"application\/ld+json\" class=\"yoast-schema-graph\">{\"@context\":\"https:\\\/\\\/schema.org\",\"@graph\":[{\"@type\":\"Article\",\"@id\":\"https:\\\/\\\/www.meydan.tv\\\/az\\\/article\\\/qebelenin-iki-kendinde-qaz-su-isiq-yol-problemi\\\/#article\",\"isPartOf\":{\"@id\":\"https:\\\/\\\/www.meydan.tv\\\/az\\\/article\\\/qebelenin-iki-kendinde-qaz-su-isiq-yol-problemi\\\/\"},\"author\":{\"name\":\"elli\",\"@id\":\"https:\\\/\\\/www.meydan.tv\\\/az\\\/#\\\/schema\\\/person\\\/9cdbecf90d17180ce1dfbd95b08dcf47\"},\"headline\":\"Q\u0259b\u0259l\u0259nin iki k\u0259ndind\u0259 qaz, su, i\u015f\u0131q, yol problemi\",\"datePublished\":\"2022-10-25T08:43:19+00:00\",\"dateModified\":\"2022-10-25T08:43:21+00:00\",\"mainEntityOfPage\":{\"@id\":\"https:\\\/\\\/www.meydan.tv\\\/az\\\/article\\\/qebelenin-iki-kendinde-qaz-su-isiq-yol-problemi\\\/\"},\"wordCount\":1078,\"publisher\":{\"@id\":\"https:\\\/\\\/www.meydan.tv\\\/az\\\/#organization\"},\"image\":{\"@id\":\"https:\\\/\\\/www.meydan.tv\\\/az\\\/article\\\/qebelenin-iki-kendinde-qaz-su-isiq-yol-problemi\\\/#primaryimage\"},\"thumbnailUrl\":\"https:\\\/\\\/www.meydan.tv\\\/wp-content\\\/uploads\\\/untitled-design-3-42.jpg\",\"articleSection\":[\"B\u00f6lg\u0259\",\"X\u0259b\u0259rl\u0259r\"],\"inLanguage\":\"az\"},{\"@type\":\"WebPage\",\"@id\":\"https:\\\/\\\/www.meydan.tv\\\/az\\\/article\\\/qebelenin-iki-kendinde-qaz-su-isiq-yol-problemi\\\/\",\"url\":\"https:\\\/\\\/www.meydan.tv\\\/az\\\/article\\\/qebelenin-iki-kendinde-qaz-su-isiq-yol-problemi\\\/\",\"name\":\"Q\u0259b\u0259l\u0259nin iki k\u0259ndind\u0259 qaz, su, i\u015f\u0131q, yol problemi - MEYDAN.TV\",\"isPartOf\":{\"@id\":\"https:\\\/\\\/www.meydan.tv\\\/az\\\/#website\"},\"primaryImageOfPage\":{\"@id\":\"https:\\\/\\\/www.meydan.tv\\\/az\\\/article\\\/qebelenin-iki-kendinde-qaz-su-isiq-yol-problemi\\\/#primaryimage\"},\"image\":{\"@id\":\"https:\\\/\\\/www.meydan.tv\\\/az\\\/article\\\/qebelenin-iki-kendinde-qaz-su-isiq-yol-problemi\\\/#primaryimage\"},\"thumbnailUrl\":\"https:\\\/\\\/www.meydan.tv\\\/wp-content\\\/uploads\\\/untitled-design-3-42.jpg\",\"datePublished\":\"2022-10-25T08:43:19+00:00\",\"dateModified\":\"2022-10-25T08:43:21+00:00\",\"breadcrumb\":{\"@id\":\"https:\\\/\\\/www.meydan.tv\\\/az\\\/article\\\/qebelenin-iki-kendinde-qaz-su-isiq-yol-problemi\\\/#breadcrumb\"},\"inLanguage\":\"az\",\"potentialAction\":[{\"@type\":\"ReadAction\",\"target\":[\"https:\\\/\\\/www.meydan.tv\\\/az\\\/article\\\/qebelenin-iki-kendinde-qaz-su-isiq-yol-problemi\\\/\"]}]},{\"@type\":\"ImageObject\",\"inLanguage\":\"az\",\"@id\":\"https:\\\/\\\/www.meydan.tv\\\/az\\\/article\\\/qebelenin-iki-kendinde-qaz-su-isiq-yol-problemi\\\/#primaryimage\",\"url\":\"https:\\\/\\\/www.meydan.tv\\\/wp-content\\\/uploads\\\/untitled-design-3-42.jpg\",\"contentUrl\":\"https:\\\/\\\/www.meydan.tv\\\/wp-content\\\/uploads\\\/untitled-design-3-42.jpg\",\"width\":1200,\"height\":800,\"caption\":\"Fotolar: Meydan TV\"},{\"@type\":\"BreadcrumbList\",\"@id\":\"https:\\\/\\\/www.meydan.tv\\\/az\\\/article\\\/qebelenin-iki-kendinde-qaz-su-isiq-yol-problemi\\\/#breadcrumb\",\"itemListElement\":[{\"@type\":\"ListItem\",\"position\":1,\"name\":\"Ana s\u0259hif\u0259\",\"item\":\"https:\\\/\\\/www.meydan.tv\\\/az\\\/\"},{\"@type\":\"ListItem\",\"position\":2,\"name\":\"B\u00f6lg\u0259\",\"item\":\"https:\\\/\\\/www.meydan.tv\\\/az\\\/section\\\/bolge\\\/\"},{\"@type\":\"ListItem\",\"position\":3,\"name\":\"Q\u0259b\u0259l\u0259nin iki k\u0259ndind\u0259 qaz, su, i\u015f\u0131q, yol problemi\"}]},{\"@type\":\"WebSite\",\"@id\":\"https:\\\/\\\/www.meydan.tv\\\/az\\\/#website\",\"url\":\"https:\\\/\\\/www.meydan.tv\\\/az\\\/\",\"name\":\"MEYDAN.TV\",\"description\":\"Meydan TV Az\u0259rbaycan\u0131n media m\u0259kan\u0131ndak\u0131 alternativ s\u0259sidir\",\"publisher\":{\"@id\":\"https:\\\/\\\/www.meydan.tv\\\/az\\\/#organization\"},\"potentialAction\":[{\"@type\":\"SearchAction\",\"target\":{\"@type\":\"EntryPoint\",\"urlTemplate\":\"https:\\\/\\\/www.meydan.tv\\\/az\\\/?s={search_term_string}\"},\"query-input\":{\"@type\":\"PropertyValueSpecification\",\"valueRequired\":true,\"valueName\":\"search_term_string\"}}],\"inLanguage\":\"az\"},{\"@type\":\"Organization\",\"@id\":\"https:\\\/\\\/www.meydan.tv\\\/az\\\/#organization\",\"name\":\"Meydan TV\",\"url\":\"https:\\\/\\\/www.meydan.tv\\\/az\\\/\",\"logo\":{\"@type\":\"ImageObject\",\"inLanguage\":\"az\",\"@id\":\"https:\\\/\\\/www.meydan.tv\\\/az\\\/#\\\/schema\\\/logo\\\/image\\\/\",\"url\":\"https:\\\/\\\/www.meydan.tv\\\/wp-content\\\/uploads\\\/2021\\\/07\\\/meydan-logo.svg\",\"contentUrl\":\"https:\\\/\\\/www.meydan.tv\\\/wp-content\\\/uploads\\\/2021\\\/07\\\/meydan-logo.svg\",\"width\":195,\"height\":46,\"caption\":\"Meydan TV\"},\"image\":{\"@id\":\"https:\\\/\\\/www.meydan.tv\\\/az\\\/#\\\/schema\\\/logo\\\/image\\\/\"}},{\"@type\":\"Person\",\"@id\":\"https:\\\/\\\/www.meydan.tv\\\/az\\\/#\\\/schema\\\/person\\\/9cdbecf90d17180ce1dfbd95b08dcf47\",\"name\":\"elli\",\"sameAs\":[\"https:\\\/\\\/x.com\\\/elli\"]}]}<\/script>\n<!-- \/ Yoast SEO plugin. -->","yoast_head_json":{"title":"Q\u0259b\u0259l\u0259nin iki k\u0259ndind\u0259 qaz, su, i\u015f\u0131q, yol problemi - MEYDAN.TV","robots":{"index":"index","follow":"follow","max-snippet":"max-snippet:-1","max-image-preview":"max-image-preview:large","max-video-preview":"max-video-preview:-1"},"canonical":"https:\/\/www.meydan.tv\/az\/article\/qebelenin-iki-kendinde-qaz-su-isiq-yol-problemi\/","og_locale":"az_AZ","og_type":"article","og_title":"Q\u0259b\u0259l\u0259nin iki k\u0259ndind\u0259 qaz, su, i\u015f\u0131q, yol problemi - MEYDAN.TV","og_description":"\u201cH\u0259r iki k\u0259ndin x\u0259st\u0259l\u0259ri \u0259n a\u015fa\u011f\u0131 tibbi xidm\u0259t almaq \u00fc\u00e7\u00fcn ... Davam\u0131","og_url":"https:\/\/www.meydan.tv\/az\/article\/qebelenin-iki-kendinde-qaz-su-isiq-yol-problemi\/","og_site_name":"MEYDAN.TV","article_published_time":"2022-10-25T08:43:19+00:00","article_modified_time":"2022-10-25T08:43:21+00:00","og_image":[{"width":1200,"height":800,"url":"https:\/\/www.meydan.tv\/wp-content\/uploads\/untitled-design-3-42.jpg","type":"image\/jpeg"}],"author":"elli","twitter_card":"summary_large_image","twitter_creator":"@elli","schema":{"@context":"https:\/\/schema.org","@graph":[{"@type":"Article","@id":"https:\/\/www.meydan.tv\/az\/article\/qebelenin-iki-kendinde-qaz-su-isiq-yol-problemi\/#article","isPartOf":{"@id":"https:\/\/www.meydan.tv\/az\/article\/qebelenin-iki-kendinde-qaz-su-isiq-yol-problemi\/"},"author":{"name":"elli","@id":"https:\/\/www.meydan.tv\/az\/#\/schema\/person\/9cdbecf90d17180ce1dfbd95b08dcf47"},"headline":"Q\u0259b\u0259l\u0259nin iki k\u0259ndind\u0259 qaz, su, i\u015f\u0131q, yol problemi","datePublished":"2022-10-25T08:43:19+00:00","dateModified":"2022-10-25T08:43:21+00:00","mainEntityOfPage":{"@id":"https:\/\/www.meydan.tv\/az\/article\/qebelenin-iki-kendinde-qaz-su-isiq-yol-problemi\/"},"wordCount":1078,"publisher":{"@id":"https:\/\/www.meydan.tv\/az\/#organization"},"image":{"@id":"https:\/\/www.meydan.tv\/az\/article\/qebelenin-iki-kendinde-qaz-su-isiq-yol-problemi\/#primaryimage"},"thumbnailUrl":"https:\/\/www.meydan.tv\/wp-content\/uploads\/untitled-design-3-42.jpg","articleSection":["B\u00f6lg\u0259","X\u0259b\u0259rl\u0259r"],"inLanguage":"az"},{"@type":"WebPage","@id":"https:\/\/www.meydan.tv\/az\/article\/qebelenin-iki-kendinde-qaz-su-isiq-yol-problemi\/","url":"https:\/\/www.meydan.tv\/az\/article\/qebelenin-iki-kendinde-qaz-su-isiq-yol-problemi\/","name":"Q\u0259b\u0259l\u0259nin iki k\u0259ndind\u0259 qaz, su, i\u015f\u0131q, yol problemi - MEYDAN.TV","isPartOf":{"@id":"https:\/\/www.meydan.tv\/az\/#website"},"primaryImageOfPage":{"@id":"https:\/\/www.meydan.tv\/az\/article\/qebelenin-iki-kendinde-qaz-su-isiq-yol-problemi\/#primaryimage"},"image":{"@id":"https:\/\/www.meydan.tv\/az\/article\/qebelenin-iki-kendinde-qaz-su-isiq-yol-problemi\/#primaryimage"},"thumbnailUrl":"https:\/\/www.meydan.tv\/wp-content\/uploads\/untitled-design-3-42.jpg","datePublished":"2022-10-25T08:43:19+00:00","dateModified":"2022-10-25T08:43:21+00:00","breadcrumb":{"@id":"https:\/\/www.meydan.tv\/az\/article\/qebelenin-iki-kendinde-qaz-su-isiq-yol-problemi\/#breadcrumb"},"inLanguage":"az","potentialAction":[{"@type":"ReadAction","target":["https:\/\/www.meydan.tv\/az\/article\/qebelenin-iki-kendinde-qaz-su-isiq-yol-problemi\/"]}]},{"@type":"ImageObject","inLanguage":"az","@id":"https:\/\/www.meydan.tv\/az\/article\/qebelenin-iki-kendinde-qaz-su-isiq-yol-problemi\/#primaryimage","url":"https:\/\/www.meydan.tv\/wp-content\/uploads\/untitled-design-3-42.jpg","contentUrl":"https:\/\/www.meydan.tv\/wp-content\/uploads\/untitled-design-3-42.jpg","width":1200,"height":800,"caption":"Fotolar: Meydan TV"},{"@type":"BreadcrumbList","@id":"https:\/\/www.meydan.tv\/az\/article\/qebelenin-iki-kendinde-qaz-su-isiq-yol-problemi\/#breadcrumb","itemListElement":[{"@type":"ListItem","position":1,"name":"Ana s\u0259hif\u0259","item":"https:\/\/www.meydan.tv\/az\/"},{"@type":"ListItem","position":2,"name":"B\u00f6lg\u0259","item":"https:\/\/www.meydan.tv\/az\/section\/bolge\/"},{"@type":"ListItem","position":3,"name":"Q\u0259b\u0259l\u0259nin iki k\u0259ndind\u0259 qaz, su, i\u015f\u0131q, yol problemi"}]},{"@type":"WebSite","@id":"https:\/\/www.meydan.tv\/az\/#website","url":"https:\/\/www.meydan.tv\/az\/","name":"MEYDAN.TV","description":"Meydan TV Az\u0259rbaycan\u0131n media m\u0259kan\u0131ndak\u0131 alternativ s\u0259sidir","publisher":{"@id":"https:\/\/www.meydan.tv\/az\/#organization"},"potentialAction":[{"@type":"SearchAction","target":{"@type":"EntryPoint","urlTemplate":"https:\/\/www.meydan.tv\/az\/?s={search_term_string}"},"query-input":{"@type":"PropertyValueSpecification","valueRequired":true,"valueName":"search_term_string"}}],"inLanguage":"az"},{"@type":"Organization","@id":"https:\/\/www.meydan.tv\/az\/#organization","name":"Meydan TV","url":"https:\/\/www.meydan.tv\/az\/","logo":{"@type":"ImageObject","inLanguage":"az","@id":"https:\/\/www.meydan.tv\/az\/#\/schema\/logo\/image\/","url":"https:\/\/www.meydan.tv\/wp-content\/uploads\/2021\/07\/meydan-logo.svg","contentUrl":"https:\/\/www.meydan.tv\/wp-content\/uploads\/2021\/07\/meydan-logo.svg","width":195,"height":46,"caption":"Meydan TV"},"image":{"@id":"https:\/\/www.meydan.tv\/az\/#\/schema\/logo\/image\/"}},{"@type":"Person","@id":"https:\/\/www.meydan.tv\/az\/#\/schema\/person\/9cdbecf90d17180ce1dfbd95b08dcf47","name":"elli","sameAs":["https:\/\/x.com\/elli"]}]}},"_links":{"self":[{"href":"https:\/\/www.meydan.tv\/az\/wp-json\/wp\/v2\/posts\/259240","targetHints":{"allow":["GET"]}}],"collection":[{"href":"https:\/\/www.meydan.tv\/az\/wp-json\/wp\/v2\/posts"}],"about":[{"href":"https:\/\/www.meydan.tv\/az\/wp-json\/wp\/v2\/types\/post"}],"author":[{"embeddable":true,"href":"https:\/\/www.meydan.tv\/az\/wp-json\/wp\/v2\/users\/8"}],"replies":[{"embeddable":true,"href":"https:\/\/www.meydan.tv\/az\/wp-json\/wp\/v2\/comments?post=259240"}],"version-history":[{"count":1,"href":"https:\/\/www.meydan.tv\/az\/wp-json\/wp\/v2\/posts\/259240\/revisions"}],"predecessor-version":[{"id":259244,"href":"https:\/\/www.meydan.tv\/az\/wp-json\/wp\/v2\/posts\/259240\/revisions\/259244"}],"wp:featuredmedia":[{"embeddable":true,"href":"https:\/\/www.meydan.tv\/az\/wp-json\/wp\/v2\/media\/259237"}],"wp:attachment":[{"href":"https:\/\/www.meydan.tv\/az\/wp-json\/wp\/v2\/media?parent=259240"}],"wp:term":[{"taxonomy":"category","embeddable":true,"href":"https:\/\/www.meydan.tv\/az\/wp-json\/wp\/v2\/categories?post=259240"},{"taxonomy":"post_tag","embeddable":true,"href":"https:\/\/www.meydan.tv\/az\/wp-json\/wp\/v2\/tags?post=259240"}],"curies":[{"name":"wp","href":"https:\/\/api.w.org\/{rel}","templated":true}]}}