{"id":259187,"date":"2022-10-24T20:39:51","date_gmt":"2022-10-24T16:39:51","guid":{"rendered":"https:\/\/www.meydan.tv\/?p=259187"},"modified":"2022-10-24T20:39:53","modified_gmt":"2022-10-24T16:39:53","slug":"kinoya-ayrilan-pulun-televiziyaya-xerclenmesi-absurddur","status":"publish","type":"post","link":"https:\/\/www.meydan.tv\/az\/article\/kinoya-ayrilan-pulun-televiziyaya-xerclenmesi-absurddur\/","title":{"rendered":"\u201cKinoya ayr\u0131lan pulun\u00a0 televiziyaya x\u0259rcl\u0259nm\u0259si absurddur\u201d"},"content":{"rendered":"\n<p><em>Seriala ayr\u0131lan v\u0259sait film t\u0259nqid\u00e7il\u0259rinin naraz\u0131l\u0131\u011f\u0131na s\u0259b\u0259b olub<\/em><\/p>\n\n\n\n<p>M\u0259d\u0259niyy\u0259t Nazirliyinin Audiovizual v\u0259 interaktiv media \u015f\u00f6b\u0259sinin m\u00fcdiri R\u00fcf\u0259t H\u0259s\u0259nov bug\u00fcnl\u0259rd\u0259 demi\u015fdi ki, \u0130kinci Qaraba\u011f m\u00fcharib\u0259sind\u0259n b\u0259sh ed\u0259c\u0259k s\u0259kkiz seriyal\u0131 b\u0259dii filmin h\u0259r b\u00f6l\u00fcm\u00fcn istehsal\u0131na 212 min dollar (360 min manatdan \u00e7ox-red.) <a href=\"https:\/\/d9mc3ts4czbpr.cloudfront.net\/az\/article\/ikinci-qarabag-muharibesi-haqqinda-film-gelen-il-cekilecek\/\">x\u0259rcl\u0259n\u0259c\u0259k.<\/a><\/p>\n\n\n\n<p>Halbuki, 2022-ci ilin iyulunda D\u00f6vl\u0259t sat\u0131nalmalar\u0131n\u0131n vahid internet portal\u0131nda d\u00f6vl\u0259t b\u00fcdc\u0259sind\u0259n layih\u0259y\u0259 1 milyon 700 min manat v\u0259sait ayr\u0131lmas\u0131 haqda m\u0259lumat <a href=\"https:\/\/d9mc3ts4czbpr.cloudfront.net\/az\/article\/muharibe-ile-bagli-film-tenderle-deyil-satinalma-ile-xarici-sirkete-verilib\/\">yerl\u0259\u015fdirilmi\u015fdi.<\/a><\/p>\n\n\n\n<p>S\u00f6hb\u0259t T\u00fcrkiy\u0259nin \u201cBozda\u011f Film\u201d Yap\u0131m Prod\u00fcksiyon Reklam \u0130n\u015faat Turizm Sanayi Ticaret Anonim \u015eirk\u0259ti t\u0259r\u0259find\u0259n 2023-c\u00fc ilin mart\u0131nda \u00e7\u0259kil\u0259c\u0259k, \u015f\u0259rti ad\u0131 \u201cQaraba\u011f V\u0259t\u0259n m\u00fcharib\u0259si\u201d adlanacaq s\u0259kkiz seriyal\u0131 b\u0259dii filmd\u0259n gedir.<\/p>\n\n\n\n<p>R\u00fcf\u0259t H\u0259s\u0259novun dediyi kimi, \u0259g\u0259r h\u0259r seriya 360 min manata ba\u015fa g\u0259l\u0259c\u0259ks\u0259, s\u0259kkiz b\u00f6l\u00fcm 3 milyon manata yax\u0131n x\u0259rc aparacaq.<\/p>\n\n\n\n<p>Meydan TV-nin sor\u011fusuna cavab olaraq M\u0259d\u0259niyy\u0259t Nazirliyinin m\u0259tbuat xidm\u0259tinin r\u0259hb\u0259ri v\u0259zif\u0259sini m\u00fcv\u0259qq\u0259ti icra ed\u0259n Nurid\u0259 Allahyarova bildirib ki, D\u00f6vl\u0259t sat\u0131nalmalar\u0131n\u0131n vahid internet portal\u0131nda yerl\u0259\u015fdiril\u0259nd\u0259 m\u0259bl\u0259\u011f dollar \u0259v\u0259zin\u0259, manatla qeyd edilib:<\/p>\n\n\n\n<p>\u201cSeriala ayr\u0131lan v\u0259sait 1 milyon 700 min manat yox, dollard\u0131r. R\u00fcf\u0259t H\u0259s\u0259nov brifinqd\u0259 s\u00f6yl\u0259di ki, serial\u0131n bir b\u00f6l\u00fcm\u00fc 212 min dollara ba\u015fa g\u0259l\u0259c\u0259k. Bu, do\u011frudur, serial\u0131n istehsal\u0131n\u0131n \u00fcmumi m\u0259bl\u0259\u011fi 3 milyon manatd\u0131r\u201d.<\/p>\n\n\n\n<p>Az\u0259rbaycanda film \u00e7\u0259kili\u015fl\u0259rin\u0259 il \u0259rzind\u0259 a\u015fa\u011f\u0131-yuxar\u0131 6-7 milyon manat aras\u0131nda m\u0259sait ayr\u0131l\u0131r.<\/p>\n\n\n\n<p>Serial \u00e7\u0259kili\u015fi \u00fc\u00e7\u00fcn film b\u00fcdc\u0259sinin yar\u0131s\u0131n\u0131n x\u0259rcl\u0259nm\u0259si kinematorqaf\u00e7\u0131lar, film t\u0259nqid\u00e7il\u0259rinin naraz\u0131l\u0131\u011f\u0131na s\u0259b\u0259b olub.<\/p>\n\n\n\n<p>\u018fm\u0259kdar inc\u0259s\u0259n\u0259t xadimi, kinorejissor H\u00fcseyn Mehdiyev hesab edir ki, milli kinonun inki\u015faf\u0131 \u00fc\u00e7\u00fcn ayr\u0131lan pulun seriala x\u0259rcl\u0259nm\u0259si do\u011fru add\u0131m <a href=\"https:\/\/www.facebook.com\/photo\/?fbid=6038226582872500&amp;set=a.1015220078506534\">deyil: <\/a><\/p>\n\n\n\n<p>\u201c2022-ci ild\u0259 milli kinomuzun inki\u015faf\u0131na b\u00fcdc\u0259d\u0259n ayr\u0131lan 6,5 milyon manat\u0131n b\u00f6lg\u00fcs\u00fcn\u00fcn m\u0259nz\u0259r\u0259si ax\u0131r ki ayd\u0131nla\u015fd\u0131. 3 milyon manat T\u00fcrkiy\u0259 kino\u015firk\u0259tin\u0259 &#8211; Qaraba\u011fla ba\u011fl\u0131 serial\u0131n \u00e7\u0259kili\u015fin\u0259 veril\u0259c\u0259k. 1,5 milyon manat Bak\u0131 Media M\u0259rk\u0259zin\u0259 (BMM) Hac\u0131 Zeynalabidin Ta\u011f\u0131yev haqq\u0131nda b\u0259dii filmin istehsal\u0131na x\u0259rcl\u0259n\u0259c\u0259k. 1,5 milyon manat da \u201cAz\u0259rbaycanfilm\u201d kinostudiyas\u0131na s\u0259n\u0259dli filml\u0259rin \u00e7\u0259kili\u015fi \u00fc\u00e7\u00fcn ayr\u0131lacaq. Yar\u0131m milyon manat da t\u0259liml\u0259r, m\u00fcsabiq\u0259l\u0259r v\u0259 s. \u00fc\u00e7\u00fcn n\u0259z\u0259rd\u0259 tutulub. B\u00f6lg\u00fcn\u00fcn hans\u0131 m\u0259ntiq\u0259 \u0259sas\u0259n v\u0259 kim t\u0259r\u0259find\u0259n apar\u0131lmas\u0131ndan as\u0131l\u0131 olmayaraq deyim ki, bu, milli kinomuzun v\u0259 s\u0259n\u0259t\u00e7il\u0259rimizin potensial\u0131n\u0131n inki\u015faf\u0131na y\u00f6n\u0259lm\u0259yib\u201d.<\/p>\n\n\n\n<p>Kinorejissor \u0259lav\u0259 edib ki, d\u00fcnya kino t\u0259cr\u00fcb\u0259sind\u0259 d\u00f6vl\u0259t h\u0259r hans\u0131 bir m\u00f6vzu il\u0259 ba\u011fl\u0131 xarici kino \u015firk\u0259tl\u0259r\u0259 sifari\u015f ver\u0259nd\u0259, bunu \u00f6z s\u0259n\u0259t\u00e7il\u0259rinin v\u0259 istehsal\u00e7\u0131lar\u0131n\u0131n z\u0259r\u0259ri hesab\u0131na etmir:<\/p>\n\n\n\n<p>\u201c\u00d6z s\u0259n\u0259t\u00e7il\u0259rin\u0259 n\u0259 q\u0259d\u0259r h\u00f6rm\u0259tsizlik ed\u0259s\u0259n ki, bel\u0259 bir q\u0259rar ver\u0259s\u0259n. Bu b\u00f6lg\u00fc, bir daha g\u00f6st\u0259rdi ki, kinomuzda he\u00e7 n\u0259 d\u0259yi\u015fm\u0259yib. Az\u0259rbaycan milli kinosunun faci\u0259si davam edir. Probleml\u0259r v\u0259 suallar g\u00fcnd\u0259n-g\u00fcn\u0259 azalmaq \u0259v\u0259zin\u0259 art\u0131r. \u018fn birinci v\u0259 vacib sual budur ki, kinomuzu idar\u0259 ed\u0259n kimdir? M\u0259mur? Siyas\u0259t\u00e7i? \u0130qtisad\u00e7\u0131? Maaliyy\u0259\u00e7i? Sahibkar? H\u0259v\u0259skar? Yoxsa pe\u015f\u0259kar? \u018fsas bu suala cavab tapmaqd\u0131r\u201d.<\/p>\n\n\n\n<p>Kino\u015f\u00fcnas Ayg\u00fcn Aslanl\u0131 Meydan TV-y\u0259 deyir ki, m\u00f6vzusundan as\u0131l\u0131 olmayaraq, kino istehsal\u0131na ayr\u0131lan v\u0259sait ba\u015fqa sah\u0259y\u0259 x\u0259rcl\u0259nm\u0259m\u0259lidir. D\u00f6vl\u0259t televiziyalara m\u00fc\u0259yy\u0259n v\u0259sait ay\u0131r\u0131r v\u0259 seriallar h\u0259min pullarla \u00e7\u0259kilm\u0259lidir:<\/p>\n\n\n\n<p>\u201cD\u00f6vl\u0259t televiziyalar\u0131 \u2013 \u201c\u0130TV\u201d, \u201cAzTV\u201d v\u0259 h\u0259tta b\u0259zi \u00f6z\u0259l kanallar da m\u00fc\u0259yy\u0259n miqdarda d\u00f6vl\u0259td\u0259n b\u00fcdc\u0259 al\u0131rlar. Kinoya ayr\u0131lan pulun televiziyaya x\u0259rcl\u0259nm\u0259si absurddur. Sual yaran\u0131r: b\u0259s televiziyaya ayr\u0131lan pullar hara x\u0259rcl\u0259nir? Serial\u0131n b\u00fcdc\u0259si \u00e7ox ola bil\u0259r, bu normald\u0131r. X\u00fcsus\u0259n d\u0259 n\u0259z\u0259r\u0259 alsaq ki, \u201caction\u201d (d\u00f6y\u00fc\u015f) janr\u0131nda serial \u00e7\u0259km\u0259y\u0259 \u00e7al\u0131\u015f\u0131rlar. E\u015fitdiyim\u0259 g\u00f6r\u0259, haz\u0131rda aktyorlara bununla ba\u011fl\u0131 ayr\u0131ca t\u0259liml\u0259r ke\u00e7irilir. Burada anormal olan kinoya ayr\u0131lan pulun televiziya m\u0259hsuluna s\u0259rf olunmas\u0131d\u0131r\u201d.<\/p>\n\n\n\n<p>Kino\u015f\u00fcnas deyir ki, serial lokal bir m\u0259hsuldur v\u0259 yaln\u0131z az\u0259rbaycanl\u0131 tama\u015fa\u00e7\u0131lar \u00fc\u00e7\u00fcn n\u0259z\u0259rd\u0259 tutulub. 2022-ci ilin aprelind\u0259 ke\u00e7iril\u0259n \u201cTammetrajl\u0131 b\u0259dii film layih\u0259l\u0259rin\u0259 d\u0259st\u0259k \u2013 2022\u201d m\u00fcsabiq\u0259sini xat\u0131rladan t\u0259nqid\u00e7i deyir ki, qalibl\u0259r \u00fc\u00e7\u00fcn n\u0259z\u0259rd\u0259 tutulmu\u015f 300 min manat h\u0259l\u0259 d\u0259 sahibl\u0259rin\u0259 \u00e7atmay\u0131b.<\/p>\n\n\n\n<p>O hesab edir ki, serial beyn\u0259lxalq yay\u0131m platformas\u0131nda da n\u00fcmayi\u015f olunmayacaq:<\/p>\n\n\n\n<p>\u201cBel\u0259 olsayd\u0131, tutal\u0131m, film \u201cNetflix\u201dd\u0259 n\u00fcmayi\u015f \u00fc\u00e7\u00fcn \u00e7\u0259kils\u0259ydi, bu q\u0259d\u0259r s\u00f6z-s\u00f6hb\u0259tin, naraz\u0131l\u0131\u011f\u0131n qar\u015f\u0131s\u0131n\u0131 almaq \u00fc\u00e7\u00fcn \u0259vv\u0259lc\u0259d\u0259n bu haqda dan\u0131\u015fard\u0131lar. G\u00f6r\u00fcn\u00fcr, 3 milyon manatl\u0131q filmi yan\u0131z az\u0259rbaycanl\u0131lar izl\u0259y\u0259c\u0259k\u201d.<\/p>\n\n\n\n<p>M\u0259d\u0259niyy\u0259t Nazirliyinin s\u00f6z\u00e7\u00fcs\u00fc Nurid\u0259 Allahyarova is\u0259 deyil\u0259nl\u0259rl\u0259 raz\u0131la\u015fm\u0131r.<\/p>\n\n\n\n<p>Onun s\u00f6zl\u0259rin\u0259 g\u00f6r\u0259, serial h\u0259m yerli, h\u0259m d\u0259 beyn\u0259lxalq auditoriya \u00fc\u00e7\u00fcn n\u0259z\u0259rd\u0259 tutulub.<\/p>\n\n\n\n<p>2021-ci ilin iyulunda maliyy\u0259 naziri Samir \u015e\u0259rifov Milli M\u0259clisd\u0259ki \u00e7\u0131x\u0131\u015f\u0131 zaman\u0131 demi\u015fdi ki, M\u0259d\u0259niyy\u0259t Nazirliyin\u0259 kinolar\u0131n \u00e7\u0259kilm\u0259si il\u0259 ba\u011fl\u0131 v\u0259sait ayr\u0131lsa da, bu sah\u0259d\u0259 h\u0259r hans\u0131 m\u00fch\u00fcm d\u0259yi\u015fiklikl\u0259r yoxdur.<\/p>\n\n\n\n<figure class=\"wp-block-embed\"><div class=\"wp-block-embed__wrapper\">\nhttps:\/\/d9mc3ts4czbpr.cloudfront.net\/az\/article\/niye-cekilen-filmlerin-budcesi-aciqlanmir\/\n<\/div><\/figure>\n\n\n\n<p>\u201cV\u0259saitl\u0259r ayr\u0131l\u0131r, ancaq n\u0259tic\u0259d\u0259 h\u0259r hans\u0131 ekran \u0259s\u0259rl\u0259rini g\u00f6rm\u00fcr\u00fck. Bunu da ham\u0131m\u0131z bilirik v\u0259 deyirik. Hesab edirik ki, v\u0259saitl\u0259rin ayr\u0131lmas\u0131 konkret n\u0259tic\u0259l\u0259r verm\u0259lidir\u201d, \u2013 nazir s\u00f6yl\u0259mi\u015fdi.<\/p>\n\n\n\n<p>Kinot\u0259nqid\u00e7il\u0259r d\u0259 nazirin dedikl\u0259rinin h\u0259qiq\u0259t oldu\u011funu bildirmi\u015fdil\u0259r.<\/p>\n","protected":false},"excerpt":{"rendered":"<p>Seriala ayr\u0131lan v\u0259sait film t\u0259nqid\u00e7il\u0259rinin naraz\u0131l\u0131\u011f\u0131na s\u0259b\u0259b olub M\u0259d\u0259niyy\u0259t Nazirliyinin &#8230; <\/p>\n<p class=\"read-more-container\"><a title=\"\u201cKinoya ayr\u0131lan pulun\u00a0 televiziyaya x\u0259rcl\u0259nm\u0259si absurddur\u201d\" class=\"read-more button\" href=\"https:\/\/www.meydan.tv\/az\/article\/kinoya-ayrilan-pulun-televiziyaya-xerclenmesi-absurddur\/#more-259187\" aria-label=\"Read more about \u201cKinoya ayr\u0131lan pulun\u00a0 televiziyaya x\u0259rcl\u0259nm\u0259si absurddur\u201d\">Davam\u0131<\/a><\/p>\n","protected":false},"author":12,"featured_media":259188,"comment_status":"closed","ping_status":"closed","sticky":false,"template":"","format":"standard","meta":{"_acf_changed":false,"_sitemap_exclude":false,"_sitemap_priority":"","_sitemap_frequency":"","footnotes":""},"categories":[52,56],"tags":[],"class_list":["post-259187","post","type-post","status-publish","format-standard","has-post-thumbnail","hentry","category-medeniyyet","category-xeberler","infinite-scroll-item","generate-columns","tablet-grid-50","mobile-grid-100","grid-parent","grid-33","no-featured-image-padding"],"acf":[],"yoast_head":"<!-- This site is optimized with the Yoast SEO plugin v27.4 - https:\/\/yoast.com\/product\/yoast-seo-wordpress\/ -->\n<title>\u201cKinoya ayr\u0131lan pulun\u00a0 televiziyaya x\u0259rcl\u0259nm\u0259si absurddur\u201d - MEYDAN.TV<\/title>\n<meta name=\"robots\" content=\"index, follow, max-snippet:-1, max-image-preview:large, max-video-preview:-1\" \/>\n<link rel=\"canonical\" href=\"https:\/\/www.meydan.tv\/az\/article\/kinoya-ayrilan-pulun-televiziyaya-xerclenmesi-absurddur\/\" \/>\n<meta property=\"og:locale\" content=\"az_AZ\" \/>\n<meta property=\"og:type\" content=\"article\" \/>\n<meta property=\"og:title\" content=\"\u201cKinoya ayr\u0131lan pulun\u00a0 televiziyaya x\u0259rcl\u0259nm\u0259si absurddur\u201d - MEYDAN.TV\" \/>\n<meta property=\"og:description\" content=\"Seriala ayr\u0131lan v\u0259sait film t\u0259nqid\u00e7il\u0259rinin naraz\u0131l\u0131\u011f\u0131na s\u0259b\u0259b olub M\u0259d\u0259niyy\u0259t Nazirliyinin ... Davam\u0131\" \/>\n<meta property=\"og:url\" content=\"https:\/\/www.meydan.tv\/az\/article\/kinoya-ayrilan-pulun-televiziyaya-xerclenmesi-absurddur\/\" \/>\n<meta property=\"og:site_name\" content=\"MEYDAN.TV\" \/>\n<meta property=\"article:published_time\" content=\"2022-10-24T16:39:51+00:00\" \/>\n<meta property=\"article:modified_time\" content=\"2022-10-24T16:39:53+00:00\" \/>\n<meta property=\"og:image\" content=\"https:\/\/www.meydan.tv\/wp-content\/uploads\/screenshot-2022-10-24-at-18.39.12-1200x743.png\" \/>\n\t<meta property=\"og:image:width\" content=\"1200\" \/>\n\t<meta property=\"og:image:height\" content=\"743\" \/>\n\t<meta property=\"og:image:type\" content=\"image\/png\" \/>\n<meta name=\"author\" content=\"aleks\" \/>\n<meta name=\"twitter:card\" content=\"summary_large_image\" \/>\n<script type=\"application\/ld+json\" class=\"yoast-schema-graph\">{\"@context\":\"https:\\\/\\\/schema.org\",\"@graph\":[{\"@type\":\"Article\",\"@id\":\"https:\\\/\\\/www.meydan.tv\\\/az\\\/article\\\/kinoya-ayrilan-pulun-televiziyaya-xerclenmesi-absurddur\\\/#article\",\"isPartOf\":{\"@id\":\"https:\\\/\\\/www.meydan.tv\\\/az\\\/article\\\/kinoya-ayrilan-pulun-televiziyaya-xerclenmesi-absurddur\\\/\"},\"author\":{\"name\":\"aleks\",\"@id\":\"https:\\\/\\\/www.meydan.tv\\\/az\\\/#\\\/schema\\\/person\\\/476e9360e593fa131d5d71d51866f8da\"},\"headline\":\"\u201cKinoya ayr\u0131lan pulun\u00a0 televiziyaya x\u0259rcl\u0259nm\u0259si absurddur\u201d\",\"datePublished\":\"2022-10-24T16:39:51+00:00\",\"dateModified\":\"2022-10-24T16:39:53+00:00\",\"mainEntityOfPage\":{\"@id\":\"https:\\\/\\\/www.meydan.tv\\\/az\\\/article\\\/kinoya-ayrilan-pulun-televiziyaya-xerclenmesi-absurddur\\\/\"},\"wordCount\":1146,\"publisher\":{\"@id\":\"https:\\\/\\\/www.meydan.tv\\\/az\\\/#organization\"},\"image\":{\"@id\":\"https:\\\/\\\/www.meydan.tv\\\/az\\\/article\\\/kinoya-ayrilan-pulun-televiziyaya-xerclenmesi-absurddur\\\/#primaryimage\"},\"thumbnailUrl\":\"https:\\\/\\\/www.meydan.tv\\\/wp-content\\\/uploads\\\/screenshot-2022-10-24-at-18.39.12.png\",\"articleSection\":[\"M\u0259d\u0259niyy\u0259t\",\"X\u0259b\u0259rl\u0259r\"],\"inLanguage\":\"az\"},{\"@type\":\"WebPage\",\"@id\":\"https:\\\/\\\/www.meydan.tv\\\/az\\\/article\\\/kinoya-ayrilan-pulun-televiziyaya-xerclenmesi-absurddur\\\/\",\"url\":\"https:\\\/\\\/www.meydan.tv\\\/az\\\/article\\\/kinoya-ayrilan-pulun-televiziyaya-xerclenmesi-absurddur\\\/\",\"name\":\"\u201cKinoya ayr\u0131lan pulun\u00a0 televiziyaya x\u0259rcl\u0259nm\u0259si absurddur\u201d - MEYDAN.TV\",\"isPartOf\":{\"@id\":\"https:\\\/\\\/www.meydan.tv\\\/az\\\/#website\"},\"primaryImageOfPage\":{\"@id\":\"https:\\\/\\\/www.meydan.tv\\\/az\\\/article\\\/kinoya-ayrilan-pulun-televiziyaya-xerclenmesi-absurddur\\\/#primaryimage\"},\"image\":{\"@id\":\"https:\\\/\\\/www.meydan.tv\\\/az\\\/article\\\/kinoya-ayrilan-pulun-televiziyaya-xerclenmesi-absurddur\\\/#primaryimage\"},\"thumbnailUrl\":\"https:\\\/\\\/www.meydan.tv\\\/wp-content\\\/uploads\\\/screenshot-2022-10-24-at-18.39.12.png\",\"datePublished\":\"2022-10-24T16:39:51+00:00\",\"dateModified\":\"2022-10-24T16:39:53+00:00\",\"breadcrumb\":{\"@id\":\"https:\\\/\\\/www.meydan.tv\\\/az\\\/article\\\/kinoya-ayrilan-pulun-televiziyaya-xerclenmesi-absurddur\\\/#breadcrumb\"},\"inLanguage\":\"az\",\"potentialAction\":[{\"@type\":\"ReadAction\",\"target\":[\"https:\\\/\\\/www.meydan.tv\\\/az\\\/article\\\/kinoya-ayrilan-pulun-televiziyaya-xerclenmesi-absurddur\\\/\"]}]},{\"@type\":\"ImageObject\",\"inLanguage\":\"az\",\"@id\":\"https:\\\/\\\/www.meydan.tv\\\/az\\\/article\\\/kinoya-ayrilan-pulun-televiziyaya-xerclenmesi-absurddur\\\/#primaryimage\",\"url\":\"https:\\\/\\\/www.meydan.tv\\\/wp-content\\\/uploads\\\/screenshot-2022-10-24-at-18.39.12.png\",\"contentUrl\":\"https:\\\/\\\/www.meydan.tv\\\/wp-content\\\/uploads\\\/screenshot-2022-10-24-at-18.39.12.png\",\"width\":1912,\"height\":1184,\"caption\":\"H\u00fcseyn Mehdiyev\"},{\"@type\":\"BreadcrumbList\",\"@id\":\"https:\\\/\\\/www.meydan.tv\\\/az\\\/article\\\/kinoya-ayrilan-pulun-televiziyaya-xerclenmesi-absurddur\\\/#breadcrumb\",\"itemListElement\":[{\"@type\":\"ListItem\",\"position\":1,\"name\":\"Ana s\u0259hif\u0259\",\"item\":\"https:\\\/\\\/www.meydan.tv\\\/az\\\/\"},{\"@type\":\"ListItem\",\"position\":2,\"name\":\"X\u0259b\u0259rl\u0259r\",\"item\":\"https:\\\/\\\/www.meydan.tv\\\/az\\\/section\\\/xeberler\\\/\"},{\"@type\":\"ListItem\",\"position\":3,\"name\":\"\u201cKinoya ayr\u0131lan pulun\u00a0 televiziyaya x\u0259rcl\u0259nm\u0259si absurddur\u201d\"}]},{\"@type\":\"WebSite\",\"@id\":\"https:\\\/\\\/www.meydan.tv\\\/az\\\/#website\",\"url\":\"https:\\\/\\\/www.meydan.tv\\\/az\\\/\",\"name\":\"MEYDAN.TV\",\"description\":\"Meydan TV Az\u0259rbaycan\u0131n media m\u0259kan\u0131ndak\u0131 alternativ s\u0259sidir\",\"publisher\":{\"@id\":\"https:\\\/\\\/www.meydan.tv\\\/az\\\/#organization\"},\"potentialAction\":[{\"@type\":\"SearchAction\",\"target\":{\"@type\":\"EntryPoint\",\"urlTemplate\":\"https:\\\/\\\/www.meydan.tv\\\/az\\\/?s={search_term_string}\"},\"query-input\":{\"@type\":\"PropertyValueSpecification\",\"valueRequired\":true,\"valueName\":\"search_term_string\"}}],\"inLanguage\":\"az\"},{\"@type\":\"Organization\",\"@id\":\"https:\\\/\\\/www.meydan.tv\\\/az\\\/#organization\",\"name\":\"Meydan TV\",\"url\":\"https:\\\/\\\/www.meydan.tv\\\/az\\\/\",\"logo\":{\"@type\":\"ImageObject\",\"inLanguage\":\"az\",\"@id\":\"https:\\\/\\\/www.meydan.tv\\\/az\\\/#\\\/schema\\\/logo\\\/image\\\/\",\"url\":\"https:\\\/\\\/www.meydan.tv\\\/wp-content\\\/uploads\\\/2021\\\/07\\\/meydan-logo.svg\",\"contentUrl\":\"https:\\\/\\\/www.meydan.tv\\\/wp-content\\\/uploads\\\/2021\\\/07\\\/meydan-logo.svg\",\"width\":195,\"height\":46,\"caption\":\"Meydan TV\"},\"image\":{\"@id\":\"https:\\\/\\\/www.meydan.tv\\\/az\\\/#\\\/schema\\\/logo\\\/image\\\/\"}},{\"@type\":\"Person\",\"@id\":\"https:\\\/\\\/www.meydan.tv\\\/az\\\/#\\\/schema\\\/person\\\/476e9360e593fa131d5d71d51866f8da\",\"name\":\"aleks\"}]}<\/script>\n<!-- \/ Yoast SEO plugin. -->","yoast_head_json":{"title":"\u201cKinoya ayr\u0131lan pulun\u00a0 televiziyaya x\u0259rcl\u0259nm\u0259si absurddur\u201d - MEYDAN.TV","robots":{"index":"index","follow":"follow","max-snippet":"max-snippet:-1","max-image-preview":"max-image-preview:large","max-video-preview":"max-video-preview:-1"},"canonical":"https:\/\/www.meydan.tv\/az\/article\/kinoya-ayrilan-pulun-televiziyaya-xerclenmesi-absurddur\/","og_locale":"az_AZ","og_type":"article","og_title":"\u201cKinoya ayr\u0131lan pulun\u00a0 televiziyaya x\u0259rcl\u0259nm\u0259si absurddur\u201d - MEYDAN.TV","og_description":"Seriala ayr\u0131lan v\u0259sait film t\u0259nqid\u00e7il\u0259rinin naraz\u0131l\u0131\u011f\u0131na s\u0259b\u0259b olub M\u0259d\u0259niyy\u0259t Nazirliyinin ... Davam\u0131","og_url":"https:\/\/www.meydan.tv\/az\/article\/kinoya-ayrilan-pulun-televiziyaya-xerclenmesi-absurddur\/","og_site_name":"MEYDAN.TV","article_published_time":"2022-10-24T16:39:51+00:00","article_modified_time":"2022-10-24T16:39:53+00:00","og_image":[{"width":1200,"height":743,"url":"https:\/\/www.meydan.tv\/wp-content\/uploads\/screenshot-2022-10-24-at-18.39.12-1200x743.png","type":"image\/png"}],"author":"aleks","twitter_card":"summary_large_image","schema":{"@context":"https:\/\/schema.org","@graph":[{"@type":"Article","@id":"https:\/\/www.meydan.tv\/az\/article\/kinoya-ayrilan-pulun-televiziyaya-xerclenmesi-absurddur\/#article","isPartOf":{"@id":"https:\/\/www.meydan.tv\/az\/article\/kinoya-ayrilan-pulun-televiziyaya-xerclenmesi-absurddur\/"},"author":{"name":"aleks","@id":"https:\/\/www.meydan.tv\/az\/#\/schema\/person\/476e9360e593fa131d5d71d51866f8da"},"headline":"\u201cKinoya ayr\u0131lan pulun\u00a0 televiziyaya x\u0259rcl\u0259nm\u0259si absurddur\u201d","datePublished":"2022-10-24T16:39:51+00:00","dateModified":"2022-10-24T16:39:53+00:00","mainEntityOfPage":{"@id":"https:\/\/www.meydan.tv\/az\/article\/kinoya-ayrilan-pulun-televiziyaya-xerclenmesi-absurddur\/"},"wordCount":1146,"publisher":{"@id":"https:\/\/www.meydan.tv\/az\/#organization"},"image":{"@id":"https:\/\/www.meydan.tv\/az\/article\/kinoya-ayrilan-pulun-televiziyaya-xerclenmesi-absurddur\/#primaryimage"},"thumbnailUrl":"https:\/\/www.meydan.tv\/wp-content\/uploads\/screenshot-2022-10-24-at-18.39.12.png","articleSection":["M\u0259d\u0259niyy\u0259t","X\u0259b\u0259rl\u0259r"],"inLanguage":"az"},{"@type":"WebPage","@id":"https:\/\/www.meydan.tv\/az\/article\/kinoya-ayrilan-pulun-televiziyaya-xerclenmesi-absurddur\/","url":"https:\/\/www.meydan.tv\/az\/article\/kinoya-ayrilan-pulun-televiziyaya-xerclenmesi-absurddur\/","name":"\u201cKinoya ayr\u0131lan pulun\u00a0 televiziyaya x\u0259rcl\u0259nm\u0259si absurddur\u201d - MEYDAN.TV","isPartOf":{"@id":"https:\/\/www.meydan.tv\/az\/#website"},"primaryImageOfPage":{"@id":"https:\/\/www.meydan.tv\/az\/article\/kinoya-ayrilan-pulun-televiziyaya-xerclenmesi-absurddur\/#primaryimage"},"image":{"@id":"https:\/\/www.meydan.tv\/az\/article\/kinoya-ayrilan-pulun-televiziyaya-xerclenmesi-absurddur\/#primaryimage"},"thumbnailUrl":"https:\/\/www.meydan.tv\/wp-content\/uploads\/screenshot-2022-10-24-at-18.39.12.png","datePublished":"2022-10-24T16:39:51+00:00","dateModified":"2022-10-24T16:39:53+00:00","breadcrumb":{"@id":"https:\/\/www.meydan.tv\/az\/article\/kinoya-ayrilan-pulun-televiziyaya-xerclenmesi-absurddur\/#breadcrumb"},"inLanguage":"az","potentialAction":[{"@type":"ReadAction","target":["https:\/\/www.meydan.tv\/az\/article\/kinoya-ayrilan-pulun-televiziyaya-xerclenmesi-absurddur\/"]}]},{"@type":"ImageObject","inLanguage":"az","@id":"https:\/\/www.meydan.tv\/az\/article\/kinoya-ayrilan-pulun-televiziyaya-xerclenmesi-absurddur\/#primaryimage","url":"https:\/\/www.meydan.tv\/wp-content\/uploads\/screenshot-2022-10-24-at-18.39.12.png","contentUrl":"https:\/\/www.meydan.tv\/wp-content\/uploads\/screenshot-2022-10-24-at-18.39.12.png","width":1912,"height":1184,"caption":"H\u00fcseyn Mehdiyev"},{"@type":"BreadcrumbList","@id":"https:\/\/www.meydan.tv\/az\/article\/kinoya-ayrilan-pulun-televiziyaya-xerclenmesi-absurddur\/#breadcrumb","itemListElement":[{"@type":"ListItem","position":1,"name":"Ana s\u0259hif\u0259","item":"https:\/\/www.meydan.tv\/az\/"},{"@type":"ListItem","position":2,"name":"X\u0259b\u0259rl\u0259r","item":"https:\/\/www.meydan.tv\/az\/section\/xeberler\/"},{"@type":"ListItem","position":3,"name":"\u201cKinoya ayr\u0131lan pulun\u00a0 televiziyaya x\u0259rcl\u0259nm\u0259si absurddur\u201d"}]},{"@type":"WebSite","@id":"https:\/\/www.meydan.tv\/az\/#website","url":"https:\/\/www.meydan.tv\/az\/","name":"MEYDAN.TV","description":"Meydan TV Az\u0259rbaycan\u0131n media m\u0259kan\u0131ndak\u0131 alternativ s\u0259sidir","publisher":{"@id":"https:\/\/www.meydan.tv\/az\/#organization"},"potentialAction":[{"@type":"SearchAction","target":{"@type":"EntryPoint","urlTemplate":"https:\/\/www.meydan.tv\/az\/?s={search_term_string}"},"query-input":{"@type":"PropertyValueSpecification","valueRequired":true,"valueName":"search_term_string"}}],"inLanguage":"az"},{"@type":"Organization","@id":"https:\/\/www.meydan.tv\/az\/#organization","name":"Meydan TV","url":"https:\/\/www.meydan.tv\/az\/","logo":{"@type":"ImageObject","inLanguage":"az","@id":"https:\/\/www.meydan.tv\/az\/#\/schema\/logo\/image\/","url":"https:\/\/www.meydan.tv\/wp-content\/uploads\/2021\/07\/meydan-logo.svg","contentUrl":"https:\/\/www.meydan.tv\/wp-content\/uploads\/2021\/07\/meydan-logo.svg","width":195,"height":46,"caption":"Meydan TV"},"image":{"@id":"https:\/\/www.meydan.tv\/az\/#\/schema\/logo\/image\/"}},{"@type":"Person","@id":"https:\/\/www.meydan.tv\/az\/#\/schema\/person\/476e9360e593fa131d5d71d51866f8da","name":"aleks"}]}},"_links":{"self":[{"href":"https:\/\/www.meydan.tv\/az\/wp-json\/wp\/v2\/posts\/259187","targetHints":{"allow":["GET"]}}],"collection":[{"href":"https:\/\/www.meydan.tv\/az\/wp-json\/wp\/v2\/posts"}],"about":[{"href":"https:\/\/www.meydan.tv\/az\/wp-json\/wp\/v2\/types\/post"}],"author":[{"embeddable":true,"href":"https:\/\/www.meydan.tv\/az\/wp-json\/wp\/v2\/users\/12"}],"replies":[{"embeddable":true,"href":"https:\/\/www.meydan.tv\/az\/wp-json\/wp\/v2\/comments?post=259187"}],"version-history":[{"count":1,"href":"https:\/\/www.meydan.tv\/az\/wp-json\/wp\/v2\/posts\/259187\/revisions"}],"predecessor-version":[{"id":259191,"href":"https:\/\/www.meydan.tv\/az\/wp-json\/wp\/v2\/posts\/259187\/revisions\/259191"}],"wp:featuredmedia":[{"embeddable":true,"href":"https:\/\/www.meydan.tv\/az\/wp-json\/wp\/v2\/media\/259188"}],"wp:attachment":[{"href":"https:\/\/www.meydan.tv\/az\/wp-json\/wp\/v2\/media?parent=259187"}],"wp:term":[{"taxonomy":"category","embeddable":true,"href":"https:\/\/www.meydan.tv\/az\/wp-json\/wp\/v2\/categories?post=259187"},{"taxonomy":"post_tag","embeddable":true,"href":"https:\/\/www.meydan.tv\/az\/wp-json\/wp\/v2\/tags?post=259187"}],"curies":[{"name":"wp","href":"https:\/\/api.w.org\/{rel}","templated":true}]}}