{"id":259088,"date":"2022-10-24T13:03:07","date_gmt":"2022-10-24T09:03:07","guid":{"rendered":"https:\/\/www.meydan.tv\/?p=259088"},"modified":"2022-10-24T13:03:10","modified_gmt":"2022-10-24T09:03:10","slug":"meyart-kecmis-siyasi-muhacir-elmir-mirzeyev-bakida-konsert-kecirib","status":"publish","type":"post","link":"https:\/\/www.meydan.tv\/az\/article\/meyart-kecmis-siyasi-muhacir-elmir-mirzeyev-bakida-konsert-kecirib\/","title":{"rendered":"MeyArt &#8211; Ke\u00e7mi\u015f siyasi m\u00fchacir Elmir Mirz\u0259yev Bak\u0131da konsert ke\u00e7irib"},"content":{"rendered":"\n<figure class=\"wp-block-embed is-type-video is-provider-youtube wp-block-embed-youtube wp-embed-aspect-16-9 wp-has-aspect-ratio\"><div class=\"wp-block-embed__wrapper\">\n<iframe title=\"MeyArt - Ke\u00e7mi\u015f siyasi m\u00fchacir Elmir Mirz\u0259yev Bak\u0131da konsert ke\u00e7irib\" width=\"1200\" height=\"675\" data-src=\"https:\/\/www.youtube.com\/embed\/DDxRTOdx4Sw?feature=oembed\" frameborder=\"0\" allow=\"accelerometer; autoplay; clipboard-write; encrypted-media; gyroscope; picture-in-picture\" allowfullscreen src=\"data:image\/svg+xml;base64,PHN2ZyB3aWR0aD0iMSIgaGVpZ2h0PSIxIiB4bWxucz0iaHR0cDovL3d3dy53My5vcmcvMjAwMC9zdmciPjwvc3ZnPg==\" class=\"lazyload\" data-load-mode=\"1\"><\/iframe>\n<\/div><\/figure>\n\n\n\n<!--more-->\n\n\n\n<p>B\u0259st\u0259kar, musiqi\u015f\u00fcnas Elmir Mirz\u0259yev 7 ild\u0259n sonra Az\u0259rbaycandad\u0131r. Uzun ill\u0259r Almaniyada siyasi m\u00fchacir h\u0259yat\u0131 ya\u015fam\u0131\u015f s\u0259n\u0259tkar 21 oktyabrda M\u0259d\u0259niyy\u0259t Nazirliyinin t\u0259klifi il\u0259 Beyn\u0259lxalq Mu\u011fam M\u0259rk\u0259zind\u0259 konsert ke\u00e7irib. \u201cM\u00fcq\u0259dd\u0259s Allegoria\u201d adlanan konsertd\u0259 b\u0259st\u0259kar Elmir Mirz\u0259yevin yarad\u0131c\u0131l\u0131\u011f\u0131n\u0131n 20 illik d\u00f6vr\u00fcn\u00fc \u0259hat\u0259 ed\u0259n, f\u0259rqli janrlarda yaz\u0131lm\u0131\u015f kamera-instrumental v\u0259 s\u0259hn\u0259 \u0259s\u0259rl\u0259ri t\u0259qdim olunub.&nbsp;<\/p>\n\n\n\n<p>T\u00fcrkiy\u0259nin \u201cBozda\u011f Film\u201d \u015firk\u0259ti Az\u0259rbaycan M\u0259d\u0259niyy\u0259t Nazirliyinin d\u0259st\u0259yi il\u0259 \u015f\u0259rti ad\u0131 \u201cQaraba\u011f \u2013 V\u0259t\u0259n m\u00fcharib\u0259si\u201d olan \u00e7oxseriyal\u0131 b\u0259dii televiziya filminin istehsal\u0131na ba\u015flayacaq. Ekran i\u015fi Az\u0259rbaycanla yana\u015f\u0131, bir s\u0131ra xarici \u00f6lk\u0259l\u0259rd\u0259 d\u0259 yay\u0131mlanacaq. Film 8 seriyadan ibar\u0259t olacaq. M\u0259d\u0259niyy\u0259t Nazirliyinin Audiovizual v\u0259 interaktiv media \u015f\u00f6b\u0259sinin m\u00fcdiri R\u00fcf\u0259t H\u0259s\u0259nov \u00e7\u0259kili\u015fl\u0259rin 2023-c\u00fc ilin mart ay\u0131nda realla\u015faca\u011f\u0131n\u0131 bildirib. H\u0259r seriya \u00fc\u00e7\u00fcn 212 min dollar v\u0259sait n\u0259z\u0259rd\u0259 tutulur. D\u00f6vl\u0259t sat\u0131nalmalar\u0131n\u0131n internet portal\u0131nda yerl\u0259\u015fdiril\u0259n m\u0259lumat\u0131na g\u00f6r\u0259, d\u00f6vl\u0259t b\u00fcdc\u0259sind\u0259n layih\u0259y\u0259 1 milyon 700 min manat v\u0259sait ayr\u0131l\u0131b. \u201cBozda\u011f Film\u201d \u015firk\u0259ti \u201cKurulu\u015f Osman\u201d, \u201cDirili\u015f Ertu\u011frul\u201d kimi layih\u0259l\u0259rin istehsal\u00e7\u0131s\u0131d\u0131r.&nbsp;<\/p>\n\n\n\n<p>M\u0259d\u0259niyy\u0259t Nazirliyinin d\u0259st\u0259yi il\u0259 \u201cAz\u0259rbaycanfilm\u201d kinostudiyas\u0131, \u0130ctimai Televiziya, Bak\u0131 Media M\u0259rk\u0259zi v\u0259 Fransan\u0131n \u201cArizona Films\u201d \u015firk\u0259tl\u0259rinin birg\u0259 istehsal\u0131 olan \u201cM\u0259rm\u0259r soyu\u011fu\u201d tammetrajl\u0131 b\u0259dii filmi P\u00d6FF Tallinn \u201cQara Gec\u0259l\u0259r\u201dFilm Festival\u0131n\u0131n \u0259sas m\u00fcsabiq\u0259 proqram\u0131na daxil edilib. \u201cM\u0259rm\u0259r soyu\u011fu\u201d festival\u0131n \u0259sas m\u00fcsabiq\u0259 proqram\u0131nda i\u015ftirak ed\u0259n 23 filmd\u0259n biridir.<\/p>\n\n\n\n<p>P\u00d6FF Tallin Qara Gec\u0259l\u0259r Film Festival\u0131n\u0131n 26-c\u0131 burax\u0131l\u0131\u015f\u0131 11-27 noyabr tarixl\u0259rind\u0259 Estoniyan\u0131n Tallin \u015f\u0259h\u0259rind\u0259 ba\u015f tutacaq.<\/p>\n\n\n\n<p>Filmin rejissoru Asif R\u00fcst\u0259movdur.<\/p>\n\n\n\n<p>Film u\u011fursuz r\u0259ssam v\u0259 sevgilisinin qar\u0131\u015f\u0131q m\u00fcnasib\u0259tl\u0259rind\u0259n b\u0259hs edir. H\u0259bs h\u0259yat\u0131ndan sonra ev\u0259 qay\u0131dan ata \u0259n radikal yollarla o\u011flunun h\u0259yat\u0131na m\u00fcdaxil\u0259 etm\u0259y\u0259 \u00e7al\u0131\u015f\u0131r.<\/p>\n\n\n\n<p>M\u0259\u015fhur t\u00fcrk m\u00fc\u011f\u0259nnisi S\u0131la yeni klipini \u0130ranl\u0131 qad\u0131nlara h\u0259sr edib. 22 ya\u015fl\u0131 M\u0259hsa \u018fmini guya hicab qaydalar\u0131n\u0131 pozdu\u011funa g\u00f6r\u0259 polis t\u0259r\u0259find\u0259n saxlanandan sonra v\u0259fat edib. Bu hadis\u0259d\u0259n sonra \u0130randa qad\u0131nlar ba\u015f \u00f6rt\u00fckl\u0259rini yand\u0131r\u0131b, sa\u00e7lar\u0131n\u0131 k\u0259s\u0259r\u0259k etirazlara ba\u015flay\u0131b. S\u0131la \u201cQalxs\u0131n yatanlar\u201d adl\u0131 klipind\u0259 Mahsa Aminin \u00f6l\u00fcm\u00fcyl\u0259 simvoliz\u0259 edil\u0259n sa\u00e7lardan d\u00fcz\u0259ldil\u0259n bayra\u011fa da yer verilib.&nbsp;<\/p>\n\n\n\n<p>T\u00fcrkiy\u0259nin pop ulduzu G\u00fcl\u015f\u0259nin b\u0259ra\u0259t t\u0259l\u0259bi m\u0259hk\u0259m\u0259 t\u0259r\u0259find\u0259n r\u0259dd edilib. M\u0259hk\u0259m\u0259 G\u00fcl\u015f\u0259nin polis b\u00f6lm\u0259sind\u0259 imza atma \u00f6hd\u0259liyini aradan qald\u0131r\u0131b, lakin s\u0259n\u0259t\u00e7inin s\u0259yah\u0259t qada\u011fas\u0131 davam edir. G\u00fcl\u015f\u0259nin konsertl\u0259rin birind\u0259 dostu il\u0259 \u201c\u0130mam Hatip\u201d m\u0259kt\u0259bl\u0259ril\u0259 ba\u011fl\u0131 el\u0259diyi zarafat\u0131n videosu twitter \u00fcz\u0259rid\u0259n yay\u0131landan sonra s\u0259n\u0259t\u00e7inin haqq\u0131nda ara\u015fd\u0131rma ba\u015flad\u0131l\u0131b, ictimaiyy\u0259ti nifr\u0259t v\u0259 d\u00fc\u015fm\u0259n\u00e7iliy\u0259 s\u00f6vq etm\u0259k\u201d madd\u0259si il\u0259 haqq\u0131nda h\u0259bs q\u0259rar\u0131 \u00e7\u0131xar\u0131l\u0131b. G\u00fcl\u015f\u0259n 4 g\u00fcnd\u0259n sonra evini t\u0259rk etm\u0259m\u0259k \u015f\u0259rti il\u0259 azadl\u0131\u011fa burax\u0131l\u0131b. S\u0259n\u0259t\u00e7i deyir ki, m\u0259n g\u00fcnahs\u0131zam. \u00dcz\u0259rim at\u0131lan cinay\u0259ti t\u00f6r\u0259tm\u0259mi\u015f\u0259m v\u0259 q\u0259bul etmir\u0259m. Yen\u0259 d\u0259 d\u0259y\u0259rl\u0259rin\u0259 z\u0259r\u0259r verdiyini d\u00fc\u015f\u00fcnd\u00fcy\u00fcm h\u0259r k\u0259sd\u0259n s\u0259mimi olaraq \u00fczr ist\u0259dim.<\/p>\n","protected":false},"excerpt":{"rendered":"","protected":false},"author":14,"featured_media":259089,"comment_status":"closed","ping_status":"closed","sticky":false,"template":"","format":"standard","meta":{"_acf_changed":false,"_sitemap_exclude":false,"_sitemap_priority":"","_sitemap_frequency":"","footnotes":""},"categories":[52,63],"tags":[],"class_list":["post-259088","post","type-post","status-publish","format-standard","has-post-thumbnail","hentry","category-medeniyyet","category-video-2","infinite-scroll-item","generate-columns","tablet-grid-50","mobile-grid-100","grid-parent","grid-33","no-featured-image-padding"],"acf":[],"yoast_head":"<!-- This site is optimized with the Yoast SEO plugin v27.5 - https:\/\/yoast.com\/product\/yoast-seo-wordpress\/ -->\n<title>MeyArt - Ke\u00e7mi\u015f siyasi m\u00fchacir Elmir Mirz\u0259yev Bak\u0131da konsert ke\u00e7irib - MEYDAN.TV<\/title>\n<meta name=\"robots\" content=\"index, follow, max-snippet:-1, max-image-preview:large, max-video-preview:-1\" \/>\n<link rel=\"canonical\" href=\"https:\/\/www.meydan.tv\/az\/article\/meyart-kecmis-siyasi-muhacir-elmir-mirzeyev-bakida-konsert-kecirib\/\" \/>\n<meta property=\"og:locale\" content=\"az_AZ\" \/>\n<meta property=\"og:type\" content=\"article\" \/>\n<meta property=\"og:title\" content=\"MeyArt - Ke\u00e7mi\u015f siyasi m\u00fchacir Elmir Mirz\u0259yev Bak\u0131da konsert ke\u00e7irib - MEYDAN.TV\" \/>\n<meta property=\"og:url\" content=\"https:\/\/www.meydan.tv\/az\/article\/meyart-kecmis-siyasi-muhacir-elmir-mirzeyev-bakida-konsert-kecirib\/\" \/>\n<meta property=\"og:site_name\" content=\"MEYDAN.TV\" \/>\n<meta property=\"article:published_time\" content=\"2022-10-24T09:03:07+00:00\" \/>\n<meta property=\"article:modified_time\" content=\"2022-10-24T09:03:10+00:00\" \/>\n<meta property=\"og:image\" content=\"https:\/\/www.meydan.tv\/wp-content\/uploads\/screenshot-at-oct-24-11-00-31.png\" \/>\n\t<meta property=\"og:image:width\" content=\"1468\" \/>\n\t<meta property=\"og:image:height\" content=\"822\" \/>\n\t<meta property=\"og:image:type\" content=\"image\/png\" \/>\n<meta name=\"author\" content=\"roma\" \/>\n<meta name=\"twitter:card\" content=\"summary_large_image\" \/>\n<script type=\"application\/ld+json\" class=\"yoast-schema-graph\">{\"@context\":\"https:\\\/\\\/schema.org\",\"@graph\":[{\"@type\":\"Article\",\"@id\":\"https:\\\/\\\/www.meydan.tv\\\/az\\\/article\\\/meyart-kecmis-siyasi-muhacir-elmir-mirzeyev-bakida-konsert-kecirib\\\/#article\",\"isPartOf\":{\"@id\":\"https:\\\/\\\/www.meydan.tv\\\/az\\\/article\\\/meyart-kecmis-siyasi-muhacir-elmir-mirzeyev-bakida-konsert-kecirib\\\/\"},\"author\":{\"name\":\"roma\",\"@id\":\"https:\\\/\\\/www.meydan.tv\\\/az\\\/#\\\/schema\\\/person\\\/8f23e01c4de63326c13c319fb65ee65d\"},\"headline\":\"MeyArt &#8211; Ke\u00e7mi\u015f siyasi m\u00fchacir Elmir Mirz\u0259yev Bak\u0131da konsert ke\u00e7irib\",\"datePublished\":\"2022-10-24T09:03:07+00:00\",\"dateModified\":\"2022-10-24T09:03:10+00:00\",\"mainEntityOfPage\":{\"@id\":\"https:\\\/\\\/www.meydan.tv\\\/az\\\/article\\\/meyart-kecmis-siyasi-muhacir-elmir-mirzeyev-bakida-konsert-kecirib\\\/\"},\"wordCount\":694,\"publisher\":{\"@id\":\"https:\\\/\\\/www.meydan.tv\\\/az\\\/#organization\"},\"image\":{\"@id\":\"https:\\\/\\\/www.meydan.tv\\\/az\\\/article\\\/meyart-kecmis-siyasi-muhacir-elmir-mirzeyev-bakida-konsert-kecirib\\\/#primaryimage\"},\"thumbnailUrl\":\"https:\\\/\\\/www.meydan.tv\\\/wp-content\\\/uploads\\\/screenshot-at-oct-24-11-00-31.png\",\"articleSection\":[\"M\u0259d\u0259niyy\u0259t\",\"Video\"],\"inLanguage\":\"az\"},{\"@type\":\"WebPage\",\"@id\":\"https:\\\/\\\/www.meydan.tv\\\/az\\\/article\\\/meyart-kecmis-siyasi-muhacir-elmir-mirzeyev-bakida-konsert-kecirib\\\/\",\"url\":\"https:\\\/\\\/www.meydan.tv\\\/az\\\/article\\\/meyart-kecmis-siyasi-muhacir-elmir-mirzeyev-bakida-konsert-kecirib\\\/\",\"name\":\"MeyArt - Ke\u00e7mi\u015f siyasi m\u00fchacir Elmir Mirz\u0259yev Bak\u0131da konsert ke\u00e7irib - MEYDAN.TV\",\"isPartOf\":{\"@id\":\"https:\\\/\\\/www.meydan.tv\\\/az\\\/#website\"},\"primaryImageOfPage\":{\"@id\":\"https:\\\/\\\/www.meydan.tv\\\/az\\\/article\\\/meyart-kecmis-siyasi-muhacir-elmir-mirzeyev-bakida-konsert-kecirib\\\/#primaryimage\"},\"image\":{\"@id\":\"https:\\\/\\\/www.meydan.tv\\\/az\\\/article\\\/meyart-kecmis-siyasi-muhacir-elmir-mirzeyev-bakida-konsert-kecirib\\\/#primaryimage\"},\"thumbnailUrl\":\"https:\\\/\\\/www.meydan.tv\\\/wp-content\\\/uploads\\\/screenshot-at-oct-24-11-00-31.png\",\"datePublished\":\"2022-10-24T09:03:07+00:00\",\"dateModified\":\"2022-10-24T09:03:10+00:00\",\"breadcrumb\":{\"@id\":\"https:\\\/\\\/www.meydan.tv\\\/az\\\/article\\\/meyart-kecmis-siyasi-muhacir-elmir-mirzeyev-bakida-konsert-kecirib\\\/#breadcrumb\"},\"inLanguage\":\"az\",\"potentialAction\":[{\"@type\":\"ReadAction\",\"target\":[\"https:\\\/\\\/www.meydan.tv\\\/az\\\/article\\\/meyart-kecmis-siyasi-muhacir-elmir-mirzeyev-bakida-konsert-kecirib\\\/\"]}]},{\"@type\":\"ImageObject\",\"inLanguage\":\"az\",\"@id\":\"https:\\\/\\\/www.meydan.tv\\\/az\\\/article\\\/meyart-kecmis-siyasi-muhacir-elmir-mirzeyev-bakida-konsert-kecirib\\\/#primaryimage\",\"url\":\"https:\\\/\\\/www.meydan.tv\\\/wp-content\\\/uploads\\\/screenshot-at-oct-24-11-00-31.png\",\"contentUrl\":\"https:\\\/\\\/www.meydan.tv\\\/wp-content\\\/uploads\\\/screenshot-at-oct-24-11-00-31.png\",\"width\":1468,\"height\":822},{\"@type\":\"BreadcrumbList\",\"@id\":\"https:\\\/\\\/www.meydan.tv\\\/az\\\/article\\\/meyart-kecmis-siyasi-muhacir-elmir-mirzeyev-bakida-konsert-kecirib\\\/#breadcrumb\",\"itemListElement\":[{\"@type\":\"ListItem\",\"position\":1,\"name\":\"Ana s\u0259hif\u0259\",\"item\":\"https:\\\/\\\/www.meydan.tv\\\/az\\\/\"},{\"@type\":\"ListItem\",\"position\":2,\"name\":\"Video\",\"item\":\"https:\\\/\\\/www.meydan.tv\\\/az\\\/section\\\/video-2\\\/\"},{\"@type\":\"ListItem\",\"position\":3,\"name\":\"MeyArt &#8211; Ke\u00e7mi\u015f siyasi m\u00fchacir Elmir Mirz\u0259yev Bak\u0131da konsert ke\u00e7irib\"}]},{\"@type\":\"WebSite\",\"@id\":\"https:\\\/\\\/www.meydan.tv\\\/az\\\/#website\",\"url\":\"https:\\\/\\\/www.meydan.tv\\\/az\\\/\",\"name\":\"MEYDAN.TV\",\"description\":\"Meydan TV Az\u0259rbaycan\u0131n media m\u0259kan\u0131ndak\u0131 alternativ s\u0259sidir\",\"publisher\":{\"@id\":\"https:\\\/\\\/www.meydan.tv\\\/az\\\/#organization\"},\"potentialAction\":[{\"@type\":\"SearchAction\",\"target\":{\"@type\":\"EntryPoint\",\"urlTemplate\":\"https:\\\/\\\/www.meydan.tv\\\/az\\\/?s={search_term_string}\"},\"query-input\":{\"@type\":\"PropertyValueSpecification\",\"valueRequired\":true,\"valueName\":\"search_term_string\"}}],\"inLanguage\":\"az\"},{\"@type\":\"Organization\",\"@id\":\"https:\\\/\\\/www.meydan.tv\\\/az\\\/#organization\",\"name\":\"Meydan TV\",\"url\":\"https:\\\/\\\/www.meydan.tv\\\/az\\\/\",\"logo\":{\"@type\":\"ImageObject\",\"inLanguage\":\"az\",\"@id\":\"https:\\\/\\\/www.meydan.tv\\\/az\\\/#\\\/schema\\\/logo\\\/image\\\/\",\"url\":\"https:\\\/\\\/www.meydan.tv\\\/wp-content\\\/uploads\\\/2021\\\/07\\\/meydan-logo.svg\",\"contentUrl\":\"https:\\\/\\\/www.meydan.tv\\\/wp-content\\\/uploads\\\/2021\\\/07\\\/meydan-logo.svg\",\"width\":195,\"height\":46,\"caption\":\"Meydan TV\"},\"image\":{\"@id\":\"https:\\\/\\\/www.meydan.tv\\\/az\\\/#\\\/schema\\\/logo\\\/image\\\/\"}},{\"@type\":\"Person\",\"@id\":\"https:\\\/\\\/www.meydan.tv\\\/az\\\/#\\\/schema\\\/person\\\/8f23e01c4de63326c13c319fb65ee65d\",\"name\":\"roma\"}]}<\/script>\n<!-- \/ Yoast SEO plugin. -->","yoast_head_json":{"title":"MeyArt - Ke\u00e7mi\u015f siyasi m\u00fchacir Elmir Mirz\u0259yev Bak\u0131da konsert ke\u00e7irib - MEYDAN.TV","robots":{"index":"index","follow":"follow","max-snippet":"max-snippet:-1","max-image-preview":"max-image-preview:large","max-video-preview":"max-video-preview:-1"},"canonical":"https:\/\/www.meydan.tv\/az\/article\/meyart-kecmis-siyasi-muhacir-elmir-mirzeyev-bakida-konsert-kecirib\/","og_locale":"az_AZ","og_type":"article","og_title":"MeyArt - Ke\u00e7mi\u015f siyasi m\u00fchacir Elmir Mirz\u0259yev Bak\u0131da konsert ke\u00e7irib - MEYDAN.TV","og_url":"https:\/\/www.meydan.tv\/az\/article\/meyart-kecmis-siyasi-muhacir-elmir-mirzeyev-bakida-konsert-kecirib\/","og_site_name":"MEYDAN.TV","article_published_time":"2022-10-24T09:03:07+00:00","article_modified_time":"2022-10-24T09:03:10+00:00","og_image":[{"width":1468,"height":822,"url":"https:\/\/www.meydan.tv\/wp-content\/uploads\/screenshot-at-oct-24-11-00-31.png","type":"image\/png"}],"author":"roma","twitter_card":"summary_large_image","schema":{"@context":"https:\/\/schema.org","@graph":[{"@type":"Article","@id":"https:\/\/www.meydan.tv\/az\/article\/meyart-kecmis-siyasi-muhacir-elmir-mirzeyev-bakida-konsert-kecirib\/#article","isPartOf":{"@id":"https:\/\/www.meydan.tv\/az\/article\/meyart-kecmis-siyasi-muhacir-elmir-mirzeyev-bakida-konsert-kecirib\/"},"author":{"name":"roma","@id":"https:\/\/www.meydan.tv\/az\/#\/schema\/person\/8f23e01c4de63326c13c319fb65ee65d"},"headline":"MeyArt &#8211; Ke\u00e7mi\u015f siyasi m\u00fchacir Elmir Mirz\u0259yev Bak\u0131da konsert ke\u00e7irib","datePublished":"2022-10-24T09:03:07+00:00","dateModified":"2022-10-24T09:03:10+00:00","mainEntityOfPage":{"@id":"https:\/\/www.meydan.tv\/az\/article\/meyart-kecmis-siyasi-muhacir-elmir-mirzeyev-bakida-konsert-kecirib\/"},"wordCount":694,"publisher":{"@id":"https:\/\/www.meydan.tv\/az\/#organization"},"image":{"@id":"https:\/\/www.meydan.tv\/az\/article\/meyart-kecmis-siyasi-muhacir-elmir-mirzeyev-bakida-konsert-kecirib\/#primaryimage"},"thumbnailUrl":"https:\/\/www.meydan.tv\/wp-content\/uploads\/screenshot-at-oct-24-11-00-31.png","articleSection":["M\u0259d\u0259niyy\u0259t","Video"],"inLanguage":"az"},{"@type":"WebPage","@id":"https:\/\/www.meydan.tv\/az\/article\/meyart-kecmis-siyasi-muhacir-elmir-mirzeyev-bakida-konsert-kecirib\/","url":"https:\/\/www.meydan.tv\/az\/article\/meyart-kecmis-siyasi-muhacir-elmir-mirzeyev-bakida-konsert-kecirib\/","name":"MeyArt - Ke\u00e7mi\u015f siyasi m\u00fchacir Elmir Mirz\u0259yev Bak\u0131da konsert ke\u00e7irib - MEYDAN.TV","isPartOf":{"@id":"https:\/\/www.meydan.tv\/az\/#website"},"primaryImageOfPage":{"@id":"https:\/\/www.meydan.tv\/az\/article\/meyart-kecmis-siyasi-muhacir-elmir-mirzeyev-bakida-konsert-kecirib\/#primaryimage"},"image":{"@id":"https:\/\/www.meydan.tv\/az\/article\/meyart-kecmis-siyasi-muhacir-elmir-mirzeyev-bakida-konsert-kecirib\/#primaryimage"},"thumbnailUrl":"https:\/\/www.meydan.tv\/wp-content\/uploads\/screenshot-at-oct-24-11-00-31.png","datePublished":"2022-10-24T09:03:07+00:00","dateModified":"2022-10-24T09:03:10+00:00","breadcrumb":{"@id":"https:\/\/www.meydan.tv\/az\/article\/meyart-kecmis-siyasi-muhacir-elmir-mirzeyev-bakida-konsert-kecirib\/#breadcrumb"},"inLanguage":"az","potentialAction":[{"@type":"ReadAction","target":["https:\/\/www.meydan.tv\/az\/article\/meyart-kecmis-siyasi-muhacir-elmir-mirzeyev-bakida-konsert-kecirib\/"]}]},{"@type":"ImageObject","inLanguage":"az","@id":"https:\/\/www.meydan.tv\/az\/article\/meyart-kecmis-siyasi-muhacir-elmir-mirzeyev-bakida-konsert-kecirib\/#primaryimage","url":"https:\/\/www.meydan.tv\/wp-content\/uploads\/screenshot-at-oct-24-11-00-31.png","contentUrl":"https:\/\/www.meydan.tv\/wp-content\/uploads\/screenshot-at-oct-24-11-00-31.png","width":1468,"height":822},{"@type":"BreadcrumbList","@id":"https:\/\/www.meydan.tv\/az\/article\/meyart-kecmis-siyasi-muhacir-elmir-mirzeyev-bakida-konsert-kecirib\/#breadcrumb","itemListElement":[{"@type":"ListItem","position":1,"name":"Ana s\u0259hif\u0259","item":"https:\/\/www.meydan.tv\/az\/"},{"@type":"ListItem","position":2,"name":"Video","item":"https:\/\/www.meydan.tv\/az\/section\/video-2\/"},{"@type":"ListItem","position":3,"name":"MeyArt &#8211; Ke\u00e7mi\u015f siyasi m\u00fchacir Elmir Mirz\u0259yev Bak\u0131da konsert ke\u00e7irib"}]},{"@type":"WebSite","@id":"https:\/\/www.meydan.tv\/az\/#website","url":"https:\/\/www.meydan.tv\/az\/","name":"MEYDAN.TV","description":"Meydan TV Az\u0259rbaycan\u0131n media m\u0259kan\u0131ndak\u0131 alternativ s\u0259sidir","publisher":{"@id":"https:\/\/www.meydan.tv\/az\/#organization"},"potentialAction":[{"@type":"SearchAction","target":{"@type":"EntryPoint","urlTemplate":"https:\/\/www.meydan.tv\/az\/?s={search_term_string}"},"query-input":{"@type":"PropertyValueSpecification","valueRequired":true,"valueName":"search_term_string"}}],"inLanguage":"az"},{"@type":"Organization","@id":"https:\/\/www.meydan.tv\/az\/#organization","name":"Meydan TV","url":"https:\/\/www.meydan.tv\/az\/","logo":{"@type":"ImageObject","inLanguage":"az","@id":"https:\/\/www.meydan.tv\/az\/#\/schema\/logo\/image\/","url":"https:\/\/www.meydan.tv\/wp-content\/uploads\/2021\/07\/meydan-logo.svg","contentUrl":"https:\/\/www.meydan.tv\/wp-content\/uploads\/2021\/07\/meydan-logo.svg","width":195,"height":46,"caption":"Meydan TV"},"image":{"@id":"https:\/\/www.meydan.tv\/az\/#\/schema\/logo\/image\/"}},{"@type":"Person","@id":"https:\/\/www.meydan.tv\/az\/#\/schema\/person\/8f23e01c4de63326c13c319fb65ee65d","name":"roma"}]}},"_links":{"self":[{"href":"https:\/\/www.meydan.tv\/az\/wp-json\/wp\/v2\/posts\/259088","targetHints":{"allow":["GET"]}}],"collection":[{"href":"https:\/\/www.meydan.tv\/az\/wp-json\/wp\/v2\/posts"}],"about":[{"href":"https:\/\/www.meydan.tv\/az\/wp-json\/wp\/v2\/types\/post"}],"author":[{"embeddable":true,"href":"https:\/\/www.meydan.tv\/az\/wp-json\/wp\/v2\/users\/14"}],"replies":[{"embeddable":true,"href":"https:\/\/www.meydan.tv\/az\/wp-json\/wp\/v2\/comments?post=259088"}],"version-history":[{"count":1,"href":"https:\/\/www.meydan.tv\/az\/wp-json\/wp\/v2\/posts\/259088\/revisions"}],"predecessor-version":[{"id":259092,"href":"https:\/\/www.meydan.tv\/az\/wp-json\/wp\/v2\/posts\/259088\/revisions\/259092"}],"wp:featuredmedia":[{"embeddable":true,"href":"https:\/\/www.meydan.tv\/az\/wp-json\/wp\/v2\/media\/259089"}],"wp:attachment":[{"href":"https:\/\/www.meydan.tv\/az\/wp-json\/wp\/v2\/media?parent=259088"}],"wp:term":[{"taxonomy":"category","embeddable":true,"href":"https:\/\/www.meydan.tv\/az\/wp-json\/wp\/v2\/categories?post=259088"},{"taxonomy":"post_tag","embeddable":true,"href":"https:\/\/www.meydan.tv\/az\/wp-json\/wp\/v2\/tags?post=259088"}],"curies":[{"name":"wp","href":"https:\/\/api.w.org\/{rel}","templated":true}]}}