{"id":259078,"date":"2022-10-24T12:17:56","date_gmt":"2022-10-24T08:17:56","guid":{"rendered":"https:\/\/www.meydan.tv\/?p=259078"},"modified":"2022-10-24T12:17:58","modified_gmt":"2022-10-24T08:17:58","slug":"adr-uzvu-saxlanilib","status":"publish","type":"post","link":"https:\/\/www.meydan.tv\/az\/article\/adr-uzvu-saxlanilib\/","title":{"rendered":"ADR \u00fczv\u00fc saxlan\u0131l\u0131b"},"content":{"rendered":"\n<p><\/p>\n\n\n\n<p><em>\u018fnv\u0259r A\u011famal\u0131zad\u0259nin aksiyada i\u015ftirak etm\u0259sin dey\u0259 saxlan\u0131ld\u0131\u011f\u0131 ehtimal olunur<\/em><br><\/p>\n\n\n\n<p>Oktyabr\u0131n 24-d\u0259 Az\u0259rbaycan Demokratiya v\u0259 Rifah Partiyas\u0131n\u0131n (ADR) \u00fczv\u00fc \u018fnv\u0259r A\u011famal\u0131zad\u0259nin polis \u0259m\u0259kda\u015flar\u0131 t\u0259r\u0259find\u0259n saxlan\u0131ld\u0131\u011f\u0131 bildirilir. Onun ya\u015fad\u0131\u011f\u0131 evd\u0259n apar\u0131ld\u0131\u011f\u0131 deyilir.<\/p>\n\n\n\n<p>Bu bar\u0259d\u0259 m\u0259lumat yayan ADR s\u0259dri Qubad \u0130bado\u011flunun s\u00f6zl\u0259rin\u0259 g\u00f6r\u0259, oktyabr\u0131n 24-d\u0259 saat 7:30 rad\u0259l\u0259rind\u0259 \u018fnv\u0259r A\u011famal\u0131zad\u0259nin evin\u0259 g\u0259l\u0259n polis \u0259m\u0259kda\u015flar\u0131 ona v\u0259 ail\u0259 \u00fczvl\u0259rin\u0259 he\u00e7 bir s\u0259b\u0259b g\u00f6st\u0259rm\u0259d\u0259n evind\u0259n apar\u0131blar:<\/p>\n\n\n\n<p>\u201cPartiyan\u0131n Suraxan\u0131 rayon t\u0259\u015fkilat\u0131n\u0131n \u00fczv\u00fc, qocaman m\u00fc\u0259llim, ziyal\u0131 insan \u018fnv\u0259r A\u011famal\u0131zad\u0259 evind\u0259n \u00e7\u0131xark\u0259n polisl\u0259r onun mitinqd\u0259 i\u015ftirak\u0131n\u0131 \u0259ng\u0259ll\u0259m\u0259k \u00fc\u00e7\u00fcn saxlay\u0131b. ADR Partiyas\u0131 \u018fnv\u0259r m\u00fc\u0259llimin d\u0259rhal azadl\u0131\u011fa burax\u0131lmas\u0131n\u0131 t\u0259l\u0259b edir\u201d.<\/p>\n\n\n\n<p>Partiya s\u0259dri onun haz\u0131rda harada saxlan\u0131ld\u0131\u011f\u0131 v\u0259 durumu bar\u0259d\u0259 m\u0259lumatlar\u0131n\u0131n olmad\u0131\u011f\u0131n\u0131 deyib.<br>Bu bar\u0259d\u0259 Daxili \u0130\u015fl\u0259r Nazirliyind\u0259n (D\u0130N), h\u0259l\u0259lik, m\u00fcnasib\u0259t \u00f6yr\u0259nm\u0259k m\u00fcmk\u00fcn olmay\u0131b.<\/p>\n\n\n\n<p>Oktyabr\u0131n 24-d\u0259 Az\u0259rbaycan Xalq C\u0259bh\u0259si Partiyas\u0131 s\u0259rb\u0259st topla\u015fmaq azadl\u0131\u011f\u0131 v\u0259 ba\u015fqa t\u0259l\u0259bl\u0259rl\u0259 aksiya ke\u00e7irm\u0259yi planla\u015fd\u0131r\u0131b. T\u0259\u015fkilat\u00e7\u0131lar\u0131n m\u00fcraci\u0259tin\u0259 Bak\u0131 \u015e\u0259h\u0259r \u0130cra Hakimiyy\u0259ti Aparat\u0131ndan m\u00fcsb\u0259t cavab verilm\u0259yib. Cavab m\u0259ktubunda buna s\u0259b\u0259b kimi aksiyan\u0131n elan olundu\u011fu yerin t\u0259hsil m\u00fc\u0259ssis\u0259l\u0259ri, metro \u00e7\u0131x\u0131\u015f\u0131 v\u0259 n\u0259qliyyat\u0131n intensiv h\u0259r\u0259k\u0259t etdiyi yola yax\u0131n olmas\u0131 g\u00f6st\u0259rilib. Bununla bel\u0259, AXCP aksiyan\u0131n ke\u00e7iril\u0259c\u0259yini b\u0259yan edib.<\/p>\n\n\n\n<p>ADR hesab edir ki, \u018fnv\u0259r A\u011famal\u0131zad\u0259nin s\u0131rf mitinqd\u0259 i\u015ftirak\u0131n\u0131n qar\u015f\u0131s\u0131n\u0131 al\u0131nmaq \u00fc\u00e7\u00fcn evind\u0259n apar\u0131blar.<br>Aksiya il\u0259 ba\u011fl\u0131 D\u0130N-d\u0259n bildirilib ki, \u015f\u0259h\u0259r r\u0259hb\u0259rliyi il\u0259 raz\u0131la\u015fd\u0131r\u0131lmam\u0131\u015f aksiyaya c\u0259hdin qar\u015f\u0131s\u0131 al\u0131nacaq v\u0259 t\u0259\u015fkilat\u00e7\u0131lar m\u0259suliyy\u0259t da\u015f\u0131yacaqlar.<\/p>\n","protected":false},"excerpt":{"rendered":"<p>\u018fnv\u0259r A\u011famal\u0131zad\u0259nin aksiyada i\u015ftirak etm\u0259sin dey\u0259 saxlan\u0131ld\u0131\u011f\u0131 ehtimal olunur Oktyabr\u0131n &#8230; <\/p>\n<p class=\"read-more-container\"><a title=\"ADR \u00fczv\u00fc saxlan\u0131l\u0131b\" class=\"read-more button\" href=\"https:\/\/www.meydan.tv\/az\/article\/adr-uzvu-saxlanilib\/#more-259078\" aria-label=\"Read more about ADR \u00fczv\u00fc saxlan\u0131l\u0131b\">Davam\u0131<\/a><\/p>\n","protected":false},"author":8,"featured_media":259079,"comment_status":"closed","ping_status":"closed","sticky":false,"template":"","format":"standard","meta":{"_acf_changed":false,"_sitemap_exclude":false,"_sitemap_priority":"","_sitemap_frequency":"","footnotes":""},"categories":[59,56],"tags":[],"class_list":["post-259078","post","type-post","status-publish","format-standard","has-post-thumbnail","hentry","category-siyaset","category-xeberler","infinite-scroll-item","generate-columns","tablet-grid-50","mobile-grid-100","grid-parent","grid-33","no-featured-image-padding"],"acf":[],"yoast_head":"<!-- This site is optimized with the Yoast SEO plugin v27.4 - https:\/\/yoast.com\/product\/yoast-seo-wordpress\/ -->\n<title>ADR \u00fczv\u00fc saxlan\u0131l\u0131b - MEYDAN.TV<\/title>\n<meta name=\"robots\" content=\"index, follow, max-snippet:-1, max-image-preview:large, max-video-preview:-1\" \/>\n<link rel=\"canonical\" href=\"https:\/\/www.meydan.tv\/az\/article\/adr-uzvu-saxlanilib\/\" \/>\n<meta property=\"og:locale\" content=\"az_AZ\" \/>\n<meta property=\"og:type\" content=\"article\" \/>\n<meta property=\"og:title\" content=\"ADR \u00fczv\u00fc saxlan\u0131l\u0131b - MEYDAN.TV\" \/>\n<meta property=\"og:description\" content=\"\u018fnv\u0259r A\u011famal\u0131zad\u0259nin aksiyada i\u015ftirak etm\u0259sin dey\u0259 saxlan\u0131ld\u0131\u011f\u0131 ehtimal olunur Oktyabr\u0131n ... Davam\u0131\" \/>\n<meta property=\"og:url\" content=\"https:\/\/www.meydan.tv\/az\/article\/adr-uzvu-saxlanilib\/\" \/>\n<meta property=\"og:site_name\" content=\"MEYDAN.TV\" \/>\n<meta property=\"article:published_time\" content=\"2022-10-24T08:17:56+00:00\" \/>\n<meta property=\"article:modified_time\" content=\"2022-10-24T08:17:58+00:00\" \/>\n<meta property=\"og:image\" content=\"https:\/\/www.meydan.tv\/wp-content\/uploads\/maxresdefault-14-e1666599471899.jpg\" \/>\n\t<meta property=\"og:image:width\" content=\"1143\" \/>\n\t<meta property=\"og:image:height\" content=\"514\" \/>\n\t<meta property=\"og:image:type\" content=\"image\/jpeg\" \/>\n<meta name=\"author\" content=\"elli\" \/>\n<meta name=\"twitter:card\" content=\"summary_large_image\" \/>\n<meta name=\"twitter:creator\" content=\"@elli\" \/>\n<script type=\"application\/ld+json\" class=\"yoast-schema-graph\">{\"@context\":\"https:\\\/\\\/schema.org\",\"@graph\":[{\"@type\":\"Article\",\"@id\":\"https:\\\/\\\/www.meydan.tv\\\/az\\\/article\\\/adr-uzvu-saxlanilib\\\/#article\",\"isPartOf\":{\"@id\":\"https:\\\/\\\/www.meydan.tv\\\/az\\\/article\\\/adr-uzvu-saxlanilib\\\/\"},\"author\":{\"name\":\"elli\",\"@id\":\"https:\\\/\\\/www.meydan.tv\\\/az\\\/#\\\/schema\\\/person\\\/9cdbecf90d17180ce1dfbd95b08dcf47\"},\"headline\":\"ADR \u00fczv\u00fc saxlan\u0131l\u0131b\",\"datePublished\":\"2022-10-24T08:17:56+00:00\",\"dateModified\":\"2022-10-24T08:17:58+00:00\",\"mainEntityOfPage\":{\"@id\":\"https:\\\/\\\/www.meydan.tv\\\/az\\\/article\\\/adr-uzvu-saxlanilib\\\/\"},\"wordCount\":380,\"publisher\":{\"@id\":\"https:\\\/\\\/www.meydan.tv\\\/az\\\/#organization\"},\"image\":{\"@id\":\"https:\\\/\\\/www.meydan.tv\\\/az\\\/article\\\/adr-uzvu-saxlanilib\\\/#primaryimage\"},\"thumbnailUrl\":\"https:\\\/\\\/www.meydan.tv\\\/wp-content\\\/uploads\\\/maxresdefault-14-e1666599471899.jpg\",\"articleSection\":[\"Siyas\u0259t\",\"X\u0259b\u0259rl\u0259r\"],\"inLanguage\":\"az\"},{\"@type\":\"WebPage\",\"@id\":\"https:\\\/\\\/www.meydan.tv\\\/az\\\/article\\\/adr-uzvu-saxlanilib\\\/\",\"url\":\"https:\\\/\\\/www.meydan.tv\\\/az\\\/article\\\/adr-uzvu-saxlanilib\\\/\",\"name\":\"ADR \u00fczv\u00fc saxlan\u0131l\u0131b - MEYDAN.TV\",\"isPartOf\":{\"@id\":\"https:\\\/\\\/www.meydan.tv\\\/az\\\/#website\"},\"primaryImageOfPage\":{\"@id\":\"https:\\\/\\\/www.meydan.tv\\\/az\\\/article\\\/adr-uzvu-saxlanilib\\\/#primaryimage\"},\"image\":{\"@id\":\"https:\\\/\\\/www.meydan.tv\\\/az\\\/article\\\/adr-uzvu-saxlanilib\\\/#primaryimage\"},\"thumbnailUrl\":\"https:\\\/\\\/www.meydan.tv\\\/wp-content\\\/uploads\\\/maxresdefault-14-e1666599471899.jpg\",\"datePublished\":\"2022-10-24T08:17:56+00:00\",\"dateModified\":\"2022-10-24T08:17:58+00:00\",\"breadcrumb\":{\"@id\":\"https:\\\/\\\/www.meydan.tv\\\/az\\\/article\\\/adr-uzvu-saxlanilib\\\/#breadcrumb\"},\"inLanguage\":\"az\",\"potentialAction\":[{\"@type\":\"ReadAction\",\"target\":[\"https:\\\/\\\/www.meydan.tv\\\/az\\\/article\\\/adr-uzvu-saxlanilib\\\/\"]}]},{\"@type\":\"ImageObject\",\"inLanguage\":\"az\",\"@id\":\"https:\\\/\\\/www.meydan.tv\\\/az\\\/article\\\/adr-uzvu-saxlanilib\\\/#primaryimage\",\"url\":\"https:\\\/\\\/www.meydan.tv\\\/wp-content\\\/uploads\\\/maxresdefault-14-e1666599471899.jpg\",\"contentUrl\":\"https:\\\/\\\/www.meydan.tv\\\/wp-content\\\/uploads\\\/maxresdefault-14-e1666599471899.jpg\",\"width\":1143,\"height\":514,\"caption\":\"\u018fnv\u0259r A\u011famal\u0131zad\u0259. Foto: Youtube-d\u0259n skrinshot\"},{\"@type\":\"BreadcrumbList\",\"@id\":\"https:\\\/\\\/www.meydan.tv\\\/az\\\/article\\\/adr-uzvu-saxlanilib\\\/#breadcrumb\",\"itemListElement\":[{\"@type\":\"ListItem\",\"position\":1,\"name\":\"Ana s\u0259hif\u0259\",\"item\":\"https:\\\/\\\/www.meydan.tv\\\/az\\\/\"},{\"@type\":\"ListItem\",\"position\":2,\"name\":\"Siyas\u0259t\",\"item\":\"https:\\\/\\\/www.meydan.tv\\\/az\\\/section\\\/siyaset\\\/\"},{\"@type\":\"ListItem\",\"position\":3,\"name\":\"ADR \u00fczv\u00fc saxlan\u0131l\u0131b\"}]},{\"@type\":\"WebSite\",\"@id\":\"https:\\\/\\\/www.meydan.tv\\\/az\\\/#website\",\"url\":\"https:\\\/\\\/www.meydan.tv\\\/az\\\/\",\"name\":\"MEYDAN.TV\",\"description\":\"Meydan TV Az\u0259rbaycan\u0131n media m\u0259kan\u0131ndak\u0131 alternativ s\u0259sidir\",\"publisher\":{\"@id\":\"https:\\\/\\\/www.meydan.tv\\\/az\\\/#organization\"},\"potentialAction\":[{\"@type\":\"SearchAction\",\"target\":{\"@type\":\"EntryPoint\",\"urlTemplate\":\"https:\\\/\\\/www.meydan.tv\\\/az\\\/?s={search_term_string}\"},\"query-input\":{\"@type\":\"PropertyValueSpecification\",\"valueRequired\":true,\"valueName\":\"search_term_string\"}}],\"inLanguage\":\"az\"},{\"@type\":\"Organization\",\"@id\":\"https:\\\/\\\/www.meydan.tv\\\/az\\\/#organization\",\"name\":\"Meydan TV\",\"url\":\"https:\\\/\\\/www.meydan.tv\\\/az\\\/\",\"logo\":{\"@type\":\"ImageObject\",\"inLanguage\":\"az\",\"@id\":\"https:\\\/\\\/www.meydan.tv\\\/az\\\/#\\\/schema\\\/logo\\\/image\\\/\",\"url\":\"https:\\\/\\\/www.meydan.tv\\\/wp-content\\\/uploads\\\/2021\\\/07\\\/meydan-logo.svg\",\"contentUrl\":\"https:\\\/\\\/www.meydan.tv\\\/wp-content\\\/uploads\\\/2021\\\/07\\\/meydan-logo.svg\",\"width\":195,\"height\":46,\"caption\":\"Meydan TV\"},\"image\":{\"@id\":\"https:\\\/\\\/www.meydan.tv\\\/az\\\/#\\\/schema\\\/logo\\\/image\\\/\"}},{\"@type\":\"Person\",\"@id\":\"https:\\\/\\\/www.meydan.tv\\\/az\\\/#\\\/schema\\\/person\\\/9cdbecf90d17180ce1dfbd95b08dcf47\",\"name\":\"elli\",\"sameAs\":[\"https:\\\/\\\/x.com\\\/elli\"]}]}<\/script>\n<!-- \/ Yoast SEO plugin. -->","yoast_head_json":{"title":"ADR \u00fczv\u00fc saxlan\u0131l\u0131b - MEYDAN.TV","robots":{"index":"index","follow":"follow","max-snippet":"max-snippet:-1","max-image-preview":"max-image-preview:large","max-video-preview":"max-video-preview:-1"},"canonical":"https:\/\/www.meydan.tv\/az\/article\/adr-uzvu-saxlanilib\/","og_locale":"az_AZ","og_type":"article","og_title":"ADR \u00fczv\u00fc saxlan\u0131l\u0131b - MEYDAN.TV","og_description":"\u018fnv\u0259r A\u011famal\u0131zad\u0259nin aksiyada i\u015ftirak etm\u0259sin dey\u0259 saxlan\u0131ld\u0131\u011f\u0131 ehtimal olunur Oktyabr\u0131n ... Davam\u0131","og_url":"https:\/\/www.meydan.tv\/az\/article\/adr-uzvu-saxlanilib\/","og_site_name":"MEYDAN.TV","article_published_time":"2022-10-24T08:17:56+00:00","article_modified_time":"2022-10-24T08:17:58+00:00","og_image":[{"width":1143,"height":514,"url":"https:\/\/www.meydan.tv\/wp-content\/uploads\/maxresdefault-14-e1666599471899.jpg","type":"image\/jpeg"}],"author":"elli","twitter_card":"summary_large_image","twitter_creator":"@elli","schema":{"@context":"https:\/\/schema.org","@graph":[{"@type":"Article","@id":"https:\/\/www.meydan.tv\/az\/article\/adr-uzvu-saxlanilib\/#article","isPartOf":{"@id":"https:\/\/www.meydan.tv\/az\/article\/adr-uzvu-saxlanilib\/"},"author":{"name":"elli","@id":"https:\/\/www.meydan.tv\/az\/#\/schema\/person\/9cdbecf90d17180ce1dfbd95b08dcf47"},"headline":"ADR \u00fczv\u00fc saxlan\u0131l\u0131b","datePublished":"2022-10-24T08:17:56+00:00","dateModified":"2022-10-24T08:17:58+00:00","mainEntityOfPage":{"@id":"https:\/\/www.meydan.tv\/az\/article\/adr-uzvu-saxlanilib\/"},"wordCount":380,"publisher":{"@id":"https:\/\/www.meydan.tv\/az\/#organization"},"image":{"@id":"https:\/\/www.meydan.tv\/az\/article\/adr-uzvu-saxlanilib\/#primaryimage"},"thumbnailUrl":"https:\/\/www.meydan.tv\/wp-content\/uploads\/maxresdefault-14-e1666599471899.jpg","articleSection":["Siyas\u0259t","X\u0259b\u0259rl\u0259r"],"inLanguage":"az"},{"@type":"WebPage","@id":"https:\/\/www.meydan.tv\/az\/article\/adr-uzvu-saxlanilib\/","url":"https:\/\/www.meydan.tv\/az\/article\/adr-uzvu-saxlanilib\/","name":"ADR \u00fczv\u00fc saxlan\u0131l\u0131b - MEYDAN.TV","isPartOf":{"@id":"https:\/\/www.meydan.tv\/az\/#website"},"primaryImageOfPage":{"@id":"https:\/\/www.meydan.tv\/az\/article\/adr-uzvu-saxlanilib\/#primaryimage"},"image":{"@id":"https:\/\/www.meydan.tv\/az\/article\/adr-uzvu-saxlanilib\/#primaryimage"},"thumbnailUrl":"https:\/\/www.meydan.tv\/wp-content\/uploads\/maxresdefault-14-e1666599471899.jpg","datePublished":"2022-10-24T08:17:56+00:00","dateModified":"2022-10-24T08:17:58+00:00","breadcrumb":{"@id":"https:\/\/www.meydan.tv\/az\/article\/adr-uzvu-saxlanilib\/#breadcrumb"},"inLanguage":"az","potentialAction":[{"@type":"ReadAction","target":["https:\/\/www.meydan.tv\/az\/article\/adr-uzvu-saxlanilib\/"]}]},{"@type":"ImageObject","inLanguage":"az","@id":"https:\/\/www.meydan.tv\/az\/article\/adr-uzvu-saxlanilib\/#primaryimage","url":"https:\/\/www.meydan.tv\/wp-content\/uploads\/maxresdefault-14-e1666599471899.jpg","contentUrl":"https:\/\/www.meydan.tv\/wp-content\/uploads\/maxresdefault-14-e1666599471899.jpg","width":1143,"height":514,"caption":"\u018fnv\u0259r A\u011famal\u0131zad\u0259. Foto: Youtube-d\u0259n skrinshot"},{"@type":"BreadcrumbList","@id":"https:\/\/www.meydan.tv\/az\/article\/adr-uzvu-saxlanilib\/#breadcrumb","itemListElement":[{"@type":"ListItem","position":1,"name":"Ana s\u0259hif\u0259","item":"https:\/\/www.meydan.tv\/az\/"},{"@type":"ListItem","position":2,"name":"Siyas\u0259t","item":"https:\/\/www.meydan.tv\/az\/section\/siyaset\/"},{"@type":"ListItem","position":3,"name":"ADR \u00fczv\u00fc saxlan\u0131l\u0131b"}]},{"@type":"WebSite","@id":"https:\/\/www.meydan.tv\/az\/#website","url":"https:\/\/www.meydan.tv\/az\/","name":"MEYDAN.TV","description":"Meydan TV Az\u0259rbaycan\u0131n media m\u0259kan\u0131ndak\u0131 alternativ s\u0259sidir","publisher":{"@id":"https:\/\/www.meydan.tv\/az\/#organization"},"potentialAction":[{"@type":"SearchAction","target":{"@type":"EntryPoint","urlTemplate":"https:\/\/www.meydan.tv\/az\/?s={search_term_string}"},"query-input":{"@type":"PropertyValueSpecification","valueRequired":true,"valueName":"search_term_string"}}],"inLanguage":"az"},{"@type":"Organization","@id":"https:\/\/www.meydan.tv\/az\/#organization","name":"Meydan TV","url":"https:\/\/www.meydan.tv\/az\/","logo":{"@type":"ImageObject","inLanguage":"az","@id":"https:\/\/www.meydan.tv\/az\/#\/schema\/logo\/image\/","url":"https:\/\/www.meydan.tv\/wp-content\/uploads\/2021\/07\/meydan-logo.svg","contentUrl":"https:\/\/www.meydan.tv\/wp-content\/uploads\/2021\/07\/meydan-logo.svg","width":195,"height":46,"caption":"Meydan TV"},"image":{"@id":"https:\/\/www.meydan.tv\/az\/#\/schema\/logo\/image\/"}},{"@type":"Person","@id":"https:\/\/www.meydan.tv\/az\/#\/schema\/person\/9cdbecf90d17180ce1dfbd95b08dcf47","name":"elli","sameAs":["https:\/\/x.com\/elli"]}]}},"_links":{"self":[{"href":"https:\/\/www.meydan.tv\/az\/wp-json\/wp\/v2\/posts\/259078","targetHints":{"allow":["GET"]}}],"collection":[{"href":"https:\/\/www.meydan.tv\/az\/wp-json\/wp\/v2\/posts"}],"about":[{"href":"https:\/\/www.meydan.tv\/az\/wp-json\/wp\/v2\/types\/post"}],"author":[{"embeddable":true,"href":"https:\/\/www.meydan.tv\/az\/wp-json\/wp\/v2\/users\/8"}],"replies":[{"embeddable":true,"href":"https:\/\/www.meydan.tv\/az\/wp-json\/wp\/v2\/comments?post=259078"}],"version-history":[{"count":1,"href":"https:\/\/www.meydan.tv\/az\/wp-json\/wp\/v2\/posts\/259078\/revisions"}],"predecessor-version":[{"id":259082,"href":"https:\/\/www.meydan.tv\/az\/wp-json\/wp\/v2\/posts\/259078\/revisions\/259082"}],"wp:featuredmedia":[{"embeddable":true,"href":"https:\/\/www.meydan.tv\/az\/wp-json\/wp\/v2\/media\/259079"}],"wp:attachment":[{"href":"https:\/\/www.meydan.tv\/az\/wp-json\/wp\/v2\/media?parent=259078"}],"wp:term":[{"taxonomy":"category","embeddable":true,"href":"https:\/\/www.meydan.tv\/az\/wp-json\/wp\/v2\/categories?post=259078"},{"taxonomy":"post_tag","embeddable":true,"href":"https:\/\/www.meydan.tv\/az\/wp-json\/wp\/v2\/tags?post=259078"}],"curies":[{"name":"wp","href":"https:\/\/api.w.org\/{rel}","templated":true}]}}