{"id":259065,"date":"2022-10-23T15:52:54","date_gmt":"2022-10-23T11:52:54","guid":{"rendered":"https:\/\/www.meydan.tv\/?p=259065"},"modified":"2022-10-23T15:52:56","modified_gmt":"2022-10-23T11:52:56","slug":"goycayda-ilk-defe-sergi-kecirilib-rengleri-danisdiran-adam","status":"publish","type":"post","link":"https:\/\/www.meydan.tv\/az\/article\/goycayda-ilk-defe-sergi-kecirilib-rengleri-danisdiran-adam\/","title":{"rendered":"G\u00f6y\u00e7ayda ilk d\u0259f\u0259 s\u0259rgi ke\u00e7irilib: \u201cR\u0259ngl\u0259ri dan\u0131\u015fd\u0131ran adam\u201d"},"content":{"rendered":"\n<p><\/p>\n\n\n\n<p><em>\u201cBel\u0259 r\u0259ssamlar\u0131 olan rayonun qalereyas\u0131n\u0131n olmamas\u0131 eyibdir\u201d<\/em><\/p>\n\n\n\n<p>Regionlar\u0131n m\u0259d\u0259ni h\u0259yat\u0131n\u0131n dir\u00e7\u0259ldilm\u0259sin\u0259 ehtiyac var. Paytaxt Bak\u0131dan f\u0259rqli olaraq \u0259yal\u0259tin m\u0259d\u0259ni h\u0259yat\u0131 kinosuz, teatrs\u0131z, r\u0259sm qalereyalars\u0131z boz ke\u00e7ir. Bu boz ya\u015fam h\u0259rd\u0259n kitabxanalar, rayon s\u0259viyy\u0259li ki\u00e7ik bayram t\u0259dbirl\u0259ri il\u0259 r\u0259ngl\u0259ns\u0259 d\u0259, n\u0259hay\u0259t, G\u00f6y\u00e7ayda s\u0259n\u0259tsev\u0259r t\u0259\u015f\u0259bb\u00fcskarlar ilk\u0259 imza atd\u0131lar.<\/p>\n\n\n\n<p>\u201cR\u0259ngl\u0259ri dan\u0131\u015fd\u0131ran adam\u201d adl\u0131 s\u0259rgi rayonun r\u0259ssam\u0131, ill\u0259rin pedaqoqu Ehtiram K\u0259rimovun v\u0259 onun yetirm\u0259l\u0259rinin \u0259l i\u015fl\u0259rinin t\u0259qdimat\u0131na h\u0259sr olunub.<\/p>\n\n\n\n<p>Layih\u0259nin t\u0259\u015fkilat\u00e7\u0131s\u0131, G\u00f6y\u00e7ay \u015f\u0259h\u0259r \u018fli S\u0259m\u0259dli ad\u0131na \u201cArvan\u201d kitab muzeyinin r\u0259hb\u0259ri Mehriban M\u0259mm\u0259dova Meydan TV-y\u0259 m\u00fcsahib\u0259sind\u0259 bildirib ki, bir ne\u00e7\u0259 ildir \u0259d\u0259bi-b\u0259dii gec\u0259l\u0259r, fl\u0259\u015fmoblar ke\u00e7irs\u0259l\u0259r d\u0259, Ehtiram K\u0259rimovun yarad\u0131c\u0131l\u0131\u011f\u0131 il\u0259 tan\u0131\u015fl\u0131qdan sonra s\u0259rgi ke\u00e7irm\u0259yi q\u0259rarla\u015fd\u0131r\u0131blar. Avqustdan etibar\u0259n ba\u015flayan haz\u0131rl\u0131q i\u015fl\u0259ri n\u0259hay\u0259t, oktyabrda realla\u015f\u0131b.<\/p>\n\n\n\n<figure class=\"wp-block-image size-large\"><img decoding=\"async\" width=\"1095\" height=\"821\" data-src=\"https:\/\/www.meydan.tv\/wp-content\/uploads\/6e6774ea-26a7-40ba-9cd6-3f968c0eec63-1095x821.jpg\" alt=\"\" class=\"wp-image-259062 lazyload\" src=\"data:image\/svg+xml;base64,PHN2ZyB3aWR0aD0iMSIgaGVpZ2h0PSIxIiB4bWxucz0iaHR0cDovL3d3dy53My5vcmcvMjAwMC9zdmciPjwvc3ZnPg==\" style=\"--smush-placeholder-width: 1095px; --smush-placeholder-aspect-ratio: 1095\/821;\" \/><\/figure>\n\n\n\n<p>\u201cH\u0259mi\u015f\u0259 ist\u0259mi\u015f\u0259m regionda bel\u0259 s\u0259rgil\u0259r olsun. \u018fvv\u0259l nar festival\u0131nda olurdu, o da art\u0131q son ill\u0259r ke\u00e7irilmir. Televiziyadan g\u00f6r\u00fcrd\u00fck, indi s\u0259rgiy\u0259 g\u0259l\u0259nl\u0259r\u0259 tama\u015fa edir\u0259m, sevinirl\u0259r. Bir g\u00fcnl\u00fck ed\u0259c\u0259kdik, ancaq maraq oldu\u011fundan 2 g\u00fcn sabaha da ed\u0259c\u0259yik. Kimi d\u0259v\u0259t edirdik , inanm\u0131rd\u0131lar ki, bel\u0259 s\u0259rgi olacaq. M\u0259n n\u0259inki bel\u0259 s\u0259rgil\u0259r, ist\u0259yir\u0259m \u00fcmumiyy\u0259tl\u0259 \u0259d\u0259bi- b\u0259dii t\u0259dbirl\u0259r, m\u0259d\u0259ni t\u0259dbirl\u0259r ke\u00e7irilsin. \u0130nsana n\u0259 ver\u0259c\u0259ks\u0259n, o da onunla qidalanacaq, formala\u015facaq. \u0130st\u0259rdim ki, davaml\u0131 olsun bu t\u0259\u015f\u0259bb\u00fcs. T\u0259k bizim kitabxana deyil, dig\u0259r t\u0259\u015fkilatlar da k\u00f6m\u0259k etsin\u201d, &#8211; Mehriban M\u0259mm\u0259dova deyir.<\/p>\n\n\n\n<figure class=\"wp-block-image size-full\"><img decoding=\"async\" width=\"1200\" height=\"540\" data-src=\"https:\/\/www.meydan.tv\/wp-content\/uploads\/4f6de341-bf85-4e7c-be63-8cdaf5b535ed.jpg\" alt=\"\" class=\"wp-image-259044 lazyload\" src=\"data:image\/svg+xml;base64,PHN2ZyB3aWR0aD0iMSIgaGVpZ2h0PSIxIiB4bWxucz0iaHR0cDovL3d3dy53My5vcmcvMjAwMC9zdmciPjwvc3ZnPg==\" style=\"--smush-placeholder-width: 1200px; --smush-placeholder-aspect-ratio: 1200\/540;\" \/><\/figure>\n\n\n\n<p><strong>\u201cB\u0259zi insanlar k\u0259nardan \u00e7\u0259kin\u0259r\u0259k bax\u0131r, utan\u0131r i\u00e7\u0259ri daxil olma\u011fa\u201d<\/strong><\/p>\n\n\n\n<p>T\u0259\u015f\u0259bb\u00fcskar\u0131n rayonun m\u0259d\u0259ni h\u0259yat\u0131n\u0131n inki\u015faf\u0131na d\u0259st\u0259k olacaq t\u0259klifi d\u0259 var. \u0130st\u0259yir rayonda r\u0259sm qalereyas\u0131 olsun. D\u00fc\u015f\u00fcn\u00fcr ki, s\u0259n\u0259tkar v\u0259 s\u0259n\u0259tsev\u0259rl\u0259r bir arada olmal\u0131, \u0259yal\u0259t insan\u0131n\u0131n m\u0259d\u0259ni d\u00fcnyag\u00f6r\u00fc\u015f\u00fcn\u0259 t\u0259sir etm\u0259lidir:<\/p>\n\n\n\n<p>\u201cEl\u0259 t\u0259k Ehtiram m\u00fc\u0259llimin \u00f6z\u00fcn\u00fcn 120-d\u0259n \u00e7ox t\u0259l\u0259b\u0259si var. 60-dan \u00e7oxu R\u0259ssaml\u0131q Akademiyas\u0131n\u0131n m\u0259zunudur. T\u0259bii ki, bel\u0259 r\u0259ssamlar\u0131 olan rayonun qalereyas\u0131n\u0131n olmamas\u0131 eyibdir. He\u00e7 olmasa ayda bir d\u0259f\u0259 bir r\u0259ssam\u0131n s\u0259rgisi ke\u00e7irilsin. G\u0259nc r\u0259ssamlar motivasiya als\u0131n, bilsin n\u0259 \u00fc\u00e7\u00fcn yarad\u0131r, \u00e7\u0259kir. S\u0259n\u0259tkar el\u0259dir ki, onun \u0259s\u0259rl\u0259ri g\u00f6z qar\u015f\u0131s\u0131nda olmal\u0131d\u0131r\u201d.<\/p>\n\n\n\n<figure class=\"wp-block-image size-large\"><img decoding=\"async\" width=\"1095\" height=\"821\" data-src=\"https:\/\/www.meydan.tv\/wp-content\/uploads\/1f13807d-abb9-4a92-9b5f-876d85d46c47-1095x821.jpg\" alt=\"\" class=\"wp-image-259047 lazyload\" src=\"data:image\/svg+xml;base64,PHN2ZyB3aWR0aD0iMSIgaGVpZ2h0PSIxIiB4bWxucz0iaHR0cDovL3d3dy53My5vcmcvMjAwMC9zdmciPjwvc3ZnPg==\" style=\"--smush-placeholder-width: 1095px; --smush-placeholder-aspect-ratio: 1095\/821;\" \/><\/figure>\n\n\n\n<p>Mehriban M\u0259mm\u0259dova deyir ki, bu, h\u0259m d\u0259 insanlar \u00fc\u00e7\u00fcn d\u0259 m\u0259n\u0259vi qidad\u0131r:<\/p>\n\n\n\n<p>\u201cM\u0259d\u0259niyy\u0259t el\u0259 bir n\u00fcansd\u0131r ki, insan\u0131 formala\u015fd\u0131r\u0131r, asud\u0259 vaxt m\u0259nas\u0131z ke\u00e7mir. M\u0259d\u0259ni xarakter, d\u00fcnyag\u00f6r\u00fc\u015f d\u0259yi\u015fir. \u0130nsanlar maraqla yana\u015f\u0131r. Bir d\u0259 bax\u0131n, b\u0259zi insanlar k\u0259nardan \u00e7\u0259kin\u0259r\u0259k bax\u0131r, utan\u0131r i\u00e7\u0259ri daxil olma\u011fa. Ad\u0259t ets\u0259l\u0259r, ham\u0131 g\u0259lib s\u0259rgil\u0259rd\u0259n b\u0259hr\u0259l\u0259n\u0259r. Baxan bir d\u0259 baxmaq ist\u0259yir, h\u0259tta almaq ist\u0259y\u0259nl\u0259r d\u0259 var\u201d.<\/p>\n\n\n\n<p>F\u0259rdi s\u0259rgid\u0259 70 r\u0259sm tablosu n\u00fcmayi\u015f olunur. \u018fs\u0259rl\u0259rd\u0259n 24 nat\u00fcrmot, dig\u0259rl\u0259ri m\u0259nz\u0259r\u0259, kompozisiyad\u0131r. H\u0259tta 40 il \u00f6nc\u0259 i\u015fl\u0259nmi\u015f \u0259s\u0259rl\u0259r\u0259 rast g\u0259linir.<\/p>\n\n\n\n<figure class=\"wp-block-image size-full\"><img decoding=\"async\" width=\"1200\" height=\"540\" data-src=\"https:\/\/www.meydan.tv\/wp-content\/uploads\/40e42610-6c1d-4b65-8d9e-ad8efd02b226.jpg\" alt=\"\" class=\"wp-image-259053 lazyload\" src=\"data:image\/svg+xml;base64,PHN2ZyB3aWR0aD0iMSIgaGVpZ2h0PSIxIiB4bWxucz0iaHR0cDovL3d3dy53My5vcmcvMjAwMC9zdmciPjwvc3ZnPg==\" style=\"--smush-placeholder-width: 1200px; --smush-placeholder-aspect-ratio: 1200\/540;\" \/><\/figure>\n\n\n\n<p>4 ya\u015f\u0131ndan \u00f6z\u00fcnd\u0259 r\u0259ssaml\u0131q istedad\u0131n\u0131 a\u015fkarlad\u0131\u011f\u0131n\u0131 dey\u0259n Ehtiram K\u0259rimov 40 ildir ki, m\u00fcxt\u0259lif t\u0259hsil ocaqlar\u0131nda ali t\u0259hsilli r\u0259ssam- pedaqoq kimi \u00e7al\u0131\u015f\u0131r. Haz\u0131rda rayon m\u0259rk\u0259zind\u0259 ki\u00e7ik emalatxanas\u0131 olan r\u0259ssam y\u00fczl\u0259rl\u0259 t\u0259l\u0259b\u0259nin m\u00fc\u0259llimidir. \u00d6t\u0259n il 15, bu il 12 t\u0259l\u0259b\u0259si R\u0259ssaml\u0131q Akademiyas\u0131na daxil olub . R\u0259ssam, r\u0259ssam-dizayner kimi \u00e7al\u0131\u015fan \u00e7oxsayl\u0131 yetirm\u0259l\u0259ri var. Ancaq bu, onun ilk s\u0259rgisidir.<\/p>\n\n\n\n<p><strong>\u201cBiz\u0259 yer versinl\u0259r u\u015faq qalereyas\u0131 yaradaq\u201d<\/strong><\/p>\n\n\n\n<p>\u201cT\u0259\u0259ss\u00fcf ki, indiy\u0259 q\u0259d\u0259r rayon s\u0259viyy\u0259sind\u0259 m\u0259n\u0259 bel\u0259 bir s\u0259rginin ke\u00e7irilm\u0259si \u00fc\u00e7\u00fcn t\u0259klif edilm\u0259yib. Bir t\u0259k Mehriban xan\u0131m t\u0259klif etdi kitabxanadan. Raz\u0131la\u015fd\u0131q v\u0259 15 g\u00fcn\u0259 bunu haz\u0131r etdik. Tama\u015fa\u00e7\u0131lar\u0131n xo\u015funa g\u0259ldi, g\u0259lm\u0259di bilmir\u0259m, art\u0131q bu, onlar\u0131n ixtiyar\u0131ndad\u0131r\u201d, &#8211; r\u0259ssam deyir.<\/p>\n\n\n\n<p>Onun s\u00f6zl\u0259rin\u0259 g\u00f6r\u0259, haz\u0131rda \u00f6z\u00fcn\u00fcn 53, t\u0259l\u0259b\u0259l\u0259rinin is\u0259 20 \u0259s\u0259ri s\u0259rgil\u0259nir:<\/p>\n\n\n\n<figure class=\"wp-block-image size-full\"><img decoding=\"async\" width=\"1200\" height=\"540\" data-src=\"https:\/\/www.meydan.tv\/wp-content\/uploads\/90b5345c-5430-4a3b-bf92-23c070132a1a.jpg\" alt=\"\" class=\"wp-image-259056 lazyload\" src=\"data:image\/svg+xml;base64,PHN2ZyB3aWR0aD0iMSIgaGVpZ2h0PSIxIiB4bWxucz0iaHR0cDovL3d3dy53My5vcmcvMjAwMC9zdmciPjwvc3ZnPg==\" style=\"--smush-placeholder-width: 1200px; --smush-placeholder-aspect-ratio: 1200\/540;\" \/><\/figure>\n\n\n\n<p>\u201cT\u0259l\u0259b\u0259l\u0259rimin d\u0259 s\u0259rgisini etdim, \u00e7\u00fcnki m\u0259n r\u0259ssam-pedaqoqam. \u018fs\u0259rl\u0259rimd\u0259n \u00e7ox t\u0259l\u0259b\u0259l\u0259rim var. M\u0259n \u0259vv\u0259ll\u0259r rayon icra ba\u015f\u00e7\u0131s\u0131na demi\u015fdim ki, biz\u0259 yer versinl\u0259r, u\u015faq qalereyas\u0131 yaradaq. Tez-tez h\u0259min istedadl\u0131 u\u015faqlar\u0131n \u0259l i\u015fl\u0259rind\u0259n ibar\u0259t s\u0259rgil\u0259r ed\u0259k, \u00f6z s\u0259rgimizi a\u00e7aq. Ancaq etm\u0259dil\u0259r, biz\u0259 qiym\u0259t verilm\u0259di. Bel\u0259 s\u0259rgil\u0259r insanlara \u00e7ox m\u00fcsb\u0259t t\u0259sir edir. \u0130stedadl\u0131 u\u015faqlar \u00e7oxdur. O, u\u015faqlara r\u0259ssaml\u0131\u011f\u0131n, r\u0259ngkarl\u0131\u011f\u0131n sirrl\u0259rini \u00f6yr\u0259dir\u0259m\u201d.<\/p>\n\n\n\n<p><strong>\u201cTelefon, internetl\u0259 olmur, \u0259yani, canl\u0131 m\u0259d\u0259niyy\u0259t ba\u015fqad\u0131r<\/strong>\u201d<\/p>\n\n\n\n<p>S\u0259rgiy\u0259 \u00fcz tutan rayon sakinl\u0259ri, ziyal\u0131lar, istedadl\u0131 g\u0259ncl\u0259r v\u0259 u\u015faqlar is\u0259 g\u00f6rd\u00fcy\u00fc m\u0259nz\u0259r\u0259d\u0259n sevincli idil\u0259r. \u00c7\u00fcnki yenilik h\u0259m maraql\u0131, h\u0259m d\u0259 arzulanan idi. Vaxtil\u0259 iki kinostudiyas\u0131 olan G\u00f6y\u00e7ay rayonunun m\u0259d\u0259niyy\u0259t evl\u0259ri d\u0259 f\u0259aliyy\u0259tsizdir. Daha do\u011frusu, adlar\u0131 var, f\u0259aliyy\u0259tl\u0259ri yox . Vaxtil\u0259 m\u00fc\u0259yy\u0259n kinolar, tama\u015falar k\u0259ndl\u0259r\u0259 bel\u0259 ayaq a\u00e7ark\u0259n, indi m\u0259d\u0259ni istirah\u0259t, m\u0259d\u0259ni inki\u015faf regionlarda can \u00e7\u0259ki\u015fir.<\/p>\n\n\n\n<p>\u0130xtisasca pedaqoq olan Nail\u0259 Quliyeva da k\u0259ndd\u0259n s\u0259rgiy\u0259 \u00fcz tutanlardand\u0131r. S\u0259rgini d\u0259, t\u0259\u015f\u0259bb\u00fcs\u00fc d\u0259 t\u0259qdir edir, \u00fcst\u0259lik rayonun m\u0259d\u0259ni h\u0259yat\u0131n\u0131n canlanmas\u0131n\u0131 arzu edir:<\/p>\n\n\n\n<figure class=\"wp-block-image size-large\"><img decoding=\"async\" width=\"1200\" height=\"540\" data-src=\"https:\/\/www.meydan.tv\/wp-content\/uploads\/4be1fcfe-7baf-4a38-a087-fb044247530a-1200x540.jpg\" alt=\"\" class=\"wp-image-259066 lazyload\" src=\"data:image\/svg+xml;base64,PHN2ZyB3aWR0aD0iMSIgaGVpZ2h0PSIxIiB4bWxucz0iaHR0cDovL3d3dy53My5vcmcvMjAwMC9zdmciPjwvc3ZnPg==\" style=\"--smush-placeholder-width: 1200px; --smush-placeholder-aspect-ratio: 1200\/540;\" \/><\/figure>\n\n\n\n<p>\u201cH\u0259qiq\u0259t\u0259n e\u015fitm\u0259mi\u015fdim ki, rayonda bel\u0259 bir s\u0259rgi olsun. R\u0259ssam\u0131n maraql\u0131 \u0259s\u0259rl\u0259ri var, istedad\u0131n\u0131, x\u0259yallar\u0131n\u0131, d\u00fc\u015f\u00fcnc\u0259l\u0259rini inc\u0259 notlarla, \u015ftrixl\u0259rl\u0259 tablolara h\u0259kk edib. Bax, q\u0259l\u0259ml\u0259 \u00e7\u0259kil\u0259n bu \u0259s\u0259r \u00e7ox xo\u015fuma g\u0259ldi. \u0130stedadl\u0131 r\u0259ssamlar yeti\u015fir. \u0130st\u0259rdim davaml\u0131 olsun, ard\u0131c\u0131llar\u0131 yeti\u015fsin. Onun emlatxanas\u0131 var, yan\u0131ndan ke\u00e7\u0259nd\u0259 h\u0259mi\u015f\u0259 girib baxm\u0131\u015fam \u0259s\u0259rl\u0259rin\u0259. Arzum h\u0259m d\u0259 rayonda tama\u015falar\u0131n, kinolar\u0131n n\u00fcmayi\u015fi, \u0259sl ifa\u00e7\u0131lar\u0131n konsertl\u0259rinin t\u0259\u015fkili il\u0259 ba\u011fl\u0131d\u0131r. Bunlar\u0131n t\u0259rbiy\u0259vi \u0259h\u0259miyy\u0259ti var. G\u0259ncl\u0259rimizin z\u00f6vql\u0259rinin, h\u0259yata bax\u0131\u015f\u0131n\u0131n formala\u015fmas\u0131nda \u0259h\u0259miyy\u0259ti \u00e7ox olar. Telefon, internetl\u0259 olmur, \u0259yani, canl\u0131 m\u0259d\u0259niyy\u0259t ba\u015fqad\u0131r\u201d.<\/p>\n\n\n\n<p><strong>\u201c\u0130ndiy\u0259 q\u0259d\u0259r bir ne\u00e7\u0259 d\u0259f\u0259 s\u0259rgi t\u0259\u015fkil oluna bil\u0259rdi\u201d<\/strong><\/p>\n\n\n\n<p>S\u0259rgid\u0259 i\u015ftirak ed\u0259n yazar, filoloq \u018fkb\u0259r \u018flio\u011flunun s\u00f6zl\u0259rin\u0259 g\u00f6r\u0259, istedadl\u0131 insanlara zaman\u0131nda d\u0259y\u0259r verilm\u0259li, \u0259m\u0259yind\u0259n faydalanmal\u0131d\u0131r. Bunun \u00fc\u00e7\u00fcn is\u0259 \u015f\u0259rait yarad\u0131lmal\u0131d\u0131r:<\/p>\n\n\n\n<p>\u201cRegionda ya\u015fay\u0131b da h\u0259r il onlarla \u015fagird yeti\u015fdir\u0259s\u0259n, R\u0259ssaml\u0131q Akademiyas\u0131na u\u011furlu m\u0259zunlar n\u0259sib ed\u0259s\u0259n, bu, m\u0259d\u0259niyy\u0259t tarixin\u0259 az xidm\u0259t deyil. \u00c7ox ist\u0259rdim ki, Ehtiram m\u00fc\u0259llimin \u0259m\u0259yi d\u0259y\u0259rl\u0259ndirilsin. T\u0259hsil Nazirliyin\u0259 t\u0259qdimat\u0131n\u0131 versinl\u0259r, onun \u0259m\u0259yi qiym\u0259tl\u0259ndirilsin, \u201c\u018fm\u0259kdar m\u00fc\u0259llim\u201d ad\u0131n\u0131 als\u0131n v\u0259 bel\u0259 s\u0259rgil\u0259r\u0259 \u015f\u0259rait yarad\u0131ls\u0131n\u201d.<\/p>\n\n\n<div class=\"wp-block-image\">\n<figure class=\"alignright size-large is-resized\"><img decoding=\"async\" data-src=\"https:\/\/www.meydan.tv\/wp-content\/uploads\/3a10c64d-413d-4dfa-b791-628784ce6359-369x821.jpg\" alt=\"\" class=\"wp-image-259059 lazyload\" width=\"243\" height=\"541\" src=\"data:image\/svg+xml;base64,PHN2ZyB3aWR0aD0iMSIgaGVpZ2h0PSIxIiB4bWxucz0iaHR0cDovL3d3dy53My5vcmcvMjAwMC9zdmciPjwvc3ZnPg==\" style=\"--smush-placeholder-width: 243px; --smush-placeholder-aspect-ratio: 243\/541;\" \/><figcaption>G\u00fcnel \u0130sayeva. <\/figcaption><\/figure>\n<\/div>\n\n\n<p>\u201cS\u0259rgid\u0259ki \u0259s\u0259rl\u0259r g\u0259ncl\u0259r\u0259 \u00f6rn\u0259kdir, tama\u015fa\u00e7\u0131lara sevgidir. \u00c7ox t\u0259\u0259ss\u00fcf ki, indiy\u0259 q\u0259d\u0259r bir ne\u00e7\u0259 d\u0259f\u0259 s\u0259rgi t\u0259\u015fkil oluna bil\u0259rdi. G\u00f6y\u00e7ay tarixind\u0259 s\u0259n\u0259t ad\u0131na ilk hadis\u0259dir bu s\u0259rgi. \u0130ri \u015f\u0259h\u0259rl\u0259rd\u0259 olur, ancaq regionlar ad\u0131na bir ilkdir. Ehtiram m\u00fc\u0259llim\u0259 s\u0259lahiyy\u0259t verilm\u0259li, ayr\u0131-ayr\u0131 m\u0259kt\u0259bl\u0259r\u0259 d\u0259v\u0259t olunmal\u0131d\u0131r. G\u0259ncl\u0259r M\u0259rk\u0259zind\u0259 ild\u0259 iki-\u00fc\u00e7 d\u0259f\u0259 \u015fagirdl\u0259rinin, \u00f6z\u00fcn\u00fcn \u0259l i\u015fl\u0259ri n\u00fcmayi\u015f oluna bil\u0259r. Bu, yaln\u0131z fayda ver\u0259r\u201d, &#8211; yazar vur\u011fulay\u0131b.<\/p>\n\n\n\n<p><strong>\u201cRegionda ya\u015fayan istedadl\u0131, yarad\u0131c\u0131 \u015f\u0259xsl\u0259r\u0259, insanlara diqq\u0259t ayr\u0131ls\u0131n\u201d<\/strong><\/p>\n\n\n\n<p>\u0130\u015ftirak\u00e7\u0131lardan Fatim\u0259 M\u00f6vs\u00fcm is\u0259 hesab edir ki, tama\u015fa\u00e7\u0131 kimi s\u0259n\u0259t v\u0259 \u0259s\u0259rl\u0259r\u0259 layiqli qiym\u0259t verm\u0259k \u00fc\u00e7\u00fcn g\u0259r\u0259k s\u0259rgil\u0259r, s\u0259n\u0259t, yarad\u0131c\u0131l\u0131q davaml\u0131 olsun. Tama\u015fa\u00e7\u0131 is\u0259 yarad\u0131c\u0131 m\u00fch\u00fctd\u0259 zamanla fikir v\u0259 d\u00fcnyag\u00f6r\u00fc\u015f\u00fcn\u00fc art\u0131ra, s\u0259n\u0259t\u0259 qiym\u0259tini v\u0259rdi\u015f etm\u0259kl\u0259 ver\u0259 bil\u0259r.<\/p>\n\n\n\n<p>\u201cBurdak\u0131 s\u0259n\u0259t \u0259s\u0259rl\u0259ri maraq k\u0259sb edir. B\u00f6y\u00fckl\u0259rl\u0259 yana\u015f\u0131, onlarla g\u0259l\u0259n balacalar\u0131n diqq\u0259ti d\u0259 s\u0259n\u0259t\u0259 y\u00f6n\u0259lir. \u0130nsanlar s\u0259n\u0259tl\u0259, s\u0259n\u0259t \u0259s\u0259rl\u0259ri il\u0259, yarad\u0131c\u0131l\u0131qla bel\u0259 tan\u0131\u015f olmal\u0131d\u0131r. M\u0259n ist\u0259rdim ki, M\u0259d\u0259niyy\u0259t Nazirliyi bu m\u0259qam\u0131 diqq\u0259td\u0259 saxlas\u0131n, regionda ya\u015fayan istedadl\u0131, yarad\u0131c\u0131 \u015f\u0259xsl\u0259r\u0259, insanlara diqq\u0259t ayr\u0131ls\u0131n, onlar\u0131 da tan\u0131tmaq, m\u0259d\u0259ni inki\u015faf\u0131 namin\u0259 m\u00fc\u0259yy\u0259n i\u015fl\u0259r g\u00f6r\u00fcls\u00fcn. Qalereyalarda onlar\u0131n s\u0259rgil\u0259ri olsun, yarad\u0131c\u0131l\u0131qlar\u0131 d\u0259y\u0259rl\u0259ndirilsin\u201d.<\/p>\n","protected":false},"excerpt":{"rendered":"<p>\u201cBel\u0259 r\u0259ssamlar\u0131 olan rayonun qalereyas\u0131n\u0131n olmamas\u0131 eyibdir\u201d Regionlar\u0131n m\u0259d\u0259ni h\u0259yat\u0131n\u0131n &#8230; <\/p>\n<p class=\"read-more-container\"><a title=\"G\u00f6y\u00e7ayda ilk d\u0259f\u0259 s\u0259rgi ke\u00e7irilib: \u201cR\u0259ngl\u0259ri dan\u0131\u015fd\u0131ran adam\u201d\" class=\"read-more button\" href=\"https:\/\/www.meydan.tv\/az\/article\/goycayda-ilk-defe-sergi-kecirilib-rengleri-danisdiran-adam\/#more-259065\" aria-label=\"Read more about G\u00f6y\u00e7ayda ilk d\u0259f\u0259 s\u0259rgi ke\u00e7irilib: \u201cR\u0259ngl\u0259ri dan\u0131\u015fd\u0131ran adam\u201d\">Davam\u0131<\/a><\/p>\n","protected":false},"author":8,"featured_media":259050,"comment_status":"closed","ping_status":"closed","sticky":false,"template":"","format":"standard","meta":{"_acf_changed":false,"_sitemap_exclude":false,"_sitemap_priority":"","_sitemap_frequency":"","footnotes":""},"categories":[52,56],"tags":[],"class_list":["post-259065","post","type-post","status-publish","format-standard","has-post-thumbnail","hentry","category-medeniyyet","category-xeberler","infinite-scroll-item","generate-columns","tablet-grid-50","mobile-grid-100","grid-parent","grid-33","no-featured-image-padding"],"acf":[],"yoast_head":"<!-- This site is optimized with the Yoast SEO plugin v27.5 - https:\/\/yoast.com\/product\/yoast-seo-wordpress\/ -->\n<title>G\u00f6y\u00e7ayda ilk d\u0259f\u0259 s\u0259rgi ke\u00e7irilib: \u201cR\u0259ngl\u0259ri dan\u0131\u015fd\u0131ran adam\u201d - MEYDAN.TV<\/title>\n<meta name=\"robots\" content=\"index, follow, max-snippet:-1, max-image-preview:large, max-video-preview:-1\" \/>\n<link rel=\"canonical\" href=\"https:\/\/www.meydan.tv\/az\/article\/goycayda-ilk-defe-sergi-kecirilib-rengleri-danisdiran-adam\/\" \/>\n<meta property=\"og:locale\" content=\"az_AZ\" \/>\n<meta property=\"og:type\" content=\"article\" \/>\n<meta property=\"og:title\" content=\"G\u00f6y\u00e7ayda ilk d\u0259f\u0259 s\u0259rgi ke\u00e7irilib: \u201cR\u0259ngl\u0259ri dan\u0131\u015fd\u0131ran adam\u201d - MEYDAN.TV\" \/>\n<meta property=\"og:description\" content=\"\u201cBel\u0259 r\u0259ssamlar\u0131 olan rayonun qalereyas\u0131n\u0131n olmamas\u0131 eyibdir\u201d Regionlar\u0131n m\u0259d\u0259ni h\u0259yat\u0131n\u0131n ... Davam\u0131\" \/>\n<meta property=\"og:url\" content=\"https:\/\/www.meydan.tv\/az\/article\/goycayda-ilk-defe-sergi-kecirilib-rengleri-danisdiran-adam\/\" \/>\n<meta property=\"og:site_name\" content=\"MEYDAN.TV\" \/>\n<meta property=\"article:published_time\" content=\"2022-10-23T11:52:54+00:00\" \/>\n<meta property=\"article:modified_time\" content=\"2022-10-23T11:52:56+00:00\" \/>\n<meta property=\"og:image\" content=\"https:\/\/www.meydan.tv\/wp-content\/uploads\/0e0bed1c-e65d-402a-bc5a-0f14a7f5dbb5.jpg\" \/>\n\t<meta property=\"og:image:width\" content=\"1200\" \/>\n\t<meta property=\"og:image:height\" content=\"900\" \/>\n\t<meta property=\"og:image:type\" content=\"image\/jpeg\" \/>\n<meta name=\"author\" content=\"elli\" \/>\n<meta name=\"twitter:card\" content=\"summary_large_image\" \/>\n<meta name=\"twitter:creator\" content=\"@elli\" \/>\n<script type=\"application\/ld+json\" class=\"yoast-schema-graph\">{\"@context\":\"https:\\\/\\\/schema.org\",\"@graph\":[{\"@type\":\"Article\",\"@id\":\"https:\\\/\\\/www.meydan.tv\\\/az\\\/article\\\/goycayda-ilk-defe-sergi-kecirilib-rengleri-danisdiran-adam\\\/#article\",\"isPartOf\":{\"@id\":\"https:\\\/\\\/www.meydan.tv\\\/az\\\/article\\\/goycayda-ilk-defe-sergi-kecirilib-rengleri-danisdiran-adam\\\/\"},\"author\":{\"name\":\"elli\",\"@id\":\"https:\\\/\\\/www.meydan.tv\\\/az\\\/#\\\/schema\\\/person\\\/9cdbecf90d17180ce1dfbd95b08dcf47\"},\"headline\":\"G\u00f6y\u00e7ayda ilk d\u0259f\u0259 s\u0259rgi ke\u00e7irilib: \u201cR\u0259ngl\u0259ri dan\u0131\u015fd\u0131ran adam\u201d\",\"datePublished\":\"2022-10-23T11:52:54+00:00\",\"dateModified\":\"2022-10-23T11:52:56+00:00\",\"mainEntityOfPage\":{\"@id\":\"https:\\\/\\\/www.meydan.tv\\\/az\\\/article\\\/goycayda-ilk-defe-sergi-kecirilib-rengleri-danisdiran-adam\\\/\"},\"wordCount\":1730,\"publisher\":{\"@id\":\"https:\\\/\\\/www.meydan.tv\\\/az\\\/#organization\"},\"image\":{\"@id\":\"https:\\\/\\\/www.meydan.tv\\\/az\\\/article\\\/goycayda-ilk-defe-sergi-kecirilib-rengleri-danisdiran-adam\\\/#primaryimage\"},\"thumbnailUrl\":\"https:\\\/\\\/www.meydan.tv\\\/wp-content\\\/uploads\\\/0e0bed1c-e65d-402a-bc5a-0f14a7f5dbb5.jpg\",\"articleSection\":[\"M\u0259d\u0259niyy\u0259t\",\"X\u0259b\u0259rl\u0259r\"],\"inLanguage\":\"az\"},{\"@type\":\"WebPage\",\"@id\":\"https:\\\/\\\/www.meydan.tv\\\/az\\\/article\\\/goycayda-ilk-defe-sergi-kecirilib-rengleri-danisdiran-adam\\\/\",\"url\":\"https:\\\/\\\/www.meydan.tv\\\/az\\\/article\\\/goycayda-ilk-defe-sergi-kecirilib-rengleri-danisdiran-adam\\\/\",\"name\":\"G\u00f6y\u00e7ayda ilk d\u0259f\u0259 s\u0259rgi ke\u00e7irilib: \u201cR\u0259ngl\u0259ri dan\u0131\u015fd\u0131ran adam\u201d - MEYDAN.TV\",\"isPartOf\":{\"@id\":\"https:\\\/\\\/www.meydan.tv\\\/az\\\/#website\"},\"primaryImageOfPage\":{\"@id\":\"https:\\\/\\\/www.meydan.tv\\\/az\\\/article\\\/goycayda-ilk-defe-sergi-kecirilib-rengleri-danisdiran-adam\\\/#primaryimage\"},\"image\":{\"@id\":\"https:\\\/\\\/www.meydan.tv\\\/az\\\/article\\\/goycayda-ilk-defe-sergi-kecirilib-rengleri-danisdiran-adam\\\/#primaryimage\"},\"thumbnailUrl\":\"https:\\\/\\\/www.meydan.tv\\\/wp-content\\\/uploads\\\/0e0bed1c-e65d-402a-bc5a-0f14a7f5dbb5.jpg\",\"datePublished\":\"2022-10-23T11:52:54+00:00\",\"dateModified\":\"2022-10-23T11:52:56+00:00\",\"breadcrumb\":{\"@id\":\"https:\\\/\\\/www.meydan.tv\\\/az\\\/article\\\/goycayda-ilk-defe-sergi-kecirilib-rengleri-danisdiran-adam\\\/#breadcrumb\"},\"inLanguage\":\"az\",\"potentialAction\":[{\"@type\":\"ReadAction\",\"target\":[\"https:\\\/\\\/www.meydan.tv\\\/az\\\/article\\\/goycayda-ilk-defe-sergi-kecirilib-rengleri-danisdiran-adam\\\/\"]}]},{\"@type\":\"ImageObject\",\"inLanguage\":\"az\",\"@id\":\"https:\\\/\\\/www.meydan.tv\\\/az\\\/article\\\/goycayda-ilk-defe-sergi-kecirilib-rengleri-danisdiran-adam\\\/#primaryimage\",\"url\":\"https:\\\/\\\/www.meydan.tv\\\/wp-content\\\/uploads\\\/0e0bed1c-e65d-402a-bc5a-0f14a7f5dbb5.jpg\",\"contentUrl\":\"https:\\\/\\\/www.meydan.tv\\\/wp-content\\\/uploads\\\/0e0bed1c-e65d-402a-bc5a-0f14a7f5dbb5.jpg\",\"width\":1200,\"height\":900,\"caption\":\"Fotolar: G\u00fcnel \u0130sayevaya m\u0259xsusdur\"},{\"@type\":\"BreadcrumbList\",\"@id\":\"https:\\\/\\\/www.meydan.tv\\\/az\\\/article\\\/goycayda-ilk-defe-sergi-kecirilib-rengleri-danisdiran-adam\\\/#breadcrumb\",\"itemListElement\":[{\"@type\":\"ListItem\",\"position\":1,\"name\":\"Ana s\u0259hif\u0259\",\"item\":\"https:\\\/\\\/www.meydan.tv\\\/az\\\/\"},{\"@type\":\"ListItem\",\"position\":2,\"name\":\"M\u0259d\u0259niyy\u0259t\",\"item\":\"https:\\\/\\\/www.meydan.tv\\\/az\\\/section\\\/medeniyyet\\\/\"},{\"@type\":\"ListItem\",\"position\":3,\"name\":\"G\u00f6y\u00e7ayda ilk d\u0259f\u0259 s\u0259rgi ke\u00e7irilib: \u201cR\u0259ngl\u0259ri dan\u0131\u015fd\u0131ran adam\u201d\"}]},{\"@type\":\"WebSite\",\"@id\":\"https:\\\/\\\/www.meydan.tv\\\/az\\\/#website\",\"url\":\"https:\\\/\\\/www.meydan.tv\\\/az\\\/\",\"name\":\"MEYDAN.TV\",\"description\":\"Meydan TV Az\u0259rbaycan\u0131n media m\u0259kan\u0131ndak\u0131 alternativ s\u0259sidir\",\"publisher\":{\"@id\":\"https:\\\/\\\/www.meydan.tv\\\/az\\\/#organization\"},\"potentialAction\":[{\"@type\":\"SearchAction\",\"target\":{\"@type\":\"EntryPoint\",\"urlTemplate\":\"https:\\\/\\\/www.meydan.tv\\\/az\\\/?s={search_term_string}\"},\"query-input\":{\"@type\":\"PropertyValueSpecification\",\"valueRequired\":true,\"valueName\":\"search_term_string\"}}],\"inLanguage\":\"az\"},{\"@type\":\"Organization\",\"@id\":\"https:\\\/\\\/www.meydan.tv\\\/az\\\/#organization\",\"name\":\"Meydan TV\",\"url\":\"https:\\\/\\\/www.meydan.tv\\\/az\\\/\",\"logo\":{\"@type\":\"ImageObject\",\"inLanguage\":\"az\",\"@id\":\"https:\\\/\\\/www.meydan.tv\\\/az\\\/#\\\/schema\\\/logo\\\/image\\\/\",\"url\":\"https:\\\/\\\/www.meydan.tv\\\/wp-content\\\/uploads\\\/2021\\\/07\\\/meydan-logo.svg\",\"contentUrl\":\"https:\\\/\\\/www.meydan.tv\\\/wp-content\\\/uploads\\\/2021\\\/07\\\/meydan-logo.svg\",\"width\":195,\"height\":46,\"caption\":\"Meydan TV\"},\"image\":{\"@id\":\"https:\\\/\\\/www.meydan.tv\\\/az\\\/#\\\/schema\\\/logo\\\/image\\\/\"}},{\"@type\":\"Person\",\"@id\":\"https:\\\/\\\/www.meydan.tv\\\/az\\\/#\\\/schema\\\/person\\\/9cdbecf90d17180ce1dfbd95b08dcf47\",\"name\":\"elli\",\"sameAs\":[\"https:\\\/\\\/x.com\\\/elli\"]}]}<\/script>\n<!-- \/ Yoast SEO plugin. -->","yoast_head_json":{"title":"G\u00f6y\u00e7ayda ilk d\u0259f\u0259 s\u0259rgi ke\u00e7irilib: \u201cR\u0259ngl\u0259ri dan\u0131\u015fd\u0131ran adam\u201d - MEYDAN.TV","robots":{"index":"index","follow":"follow","max-snippet":"max-snippet:-1","max-image-preview":"max-image-preview:large","max-video-preview":"max-video-preview:-1"},"canonical":"https:\/\/www.meydan.tv\/az\/article\/goycayda-ilk-defe-sergi-kecirilib-rengleri-danisdiran-adam\/","og_locale":"az_AZ","og_type":"article","og_title":"G\u00f6y\u00e7ayda ilk d\u0259f\u0259 s\u0259rgi ke\u00e7irilib: \u201cR\u0259ngl\u0259ri dan\u0131\u015fd\u0131ran adam\u201d - MEYDAN.TV","og_description":"\u201cBel\u0259 r\u0259ssamlar\u0131 olan rayonun qalereyas\u0131n\u0131n olmamas\u0131 eyibdir\u201d Regionlar\u0131n m\u0259d\u0259ni h\u0259yat\u0131n\u0131n ... Davam\u0131","og_url":"https:\/\/www.meydan.tv\/az\/article\/goycayda-ilk-defe-sergi-kecirilib-rengleri-danisdiran-adam\/","og_site_name":"MEYDAN.TV","article_published_time":"2022-10-23T11:52:54+00:00","article_modified_time":"2022-10-23T11:52:56+00:00","og_image":[{"width":1200,"height":900,"url":"https:\/\/www.meydan.tv\/wp-content\/uploads\/0e0bed1c-e65d-402a-bc5a-0f14a7f5dbb5.jpg","type":"image\/jpeg"}],"author":"elli","twitter_card":"summary_large_image","twitter_creator":"@elli","schema":{"@context":"https:\/\/schema.org","@graph":[{"@type":"Article","@id":"https:\/\/www.meydan.tv\/az\/article\/goycayda-ilk-defe-sergi-kecirilib-rengleri-danisdiran-adam\/#article","isPartOf":{"@id":"https:\/\/www.meydan.tv\/az\/article\/goycayda-ilk-defe-sergi-kecirilib-rengleri-danisdiran-adam\/"},"author":{"name":"elli","@id":"https:\/\/www.meydan.tv\/az\/#\/schema\/person\/9cdbecf90d17180ce1dfbd95b08dcf47"},"headline":"G\u00f6y\u00e7ayda ilk d\u0259f\u0259 s\u0259rgi ke\u00e7irilib: \u201cR\u0259ngl\u0259ri dan\u0131\u015fd\u0131ran adam\u201d","datePublished":"2022-10-23T11:52:54+00:00","dateModified":"2022-10-23T11:52:56+00:00","mainEntityOfPage":{"@id":"https:\/\/www.meydan.tv\/az\/article\/goycayda-ilk-defe-sergi-kecirilib-rengleri-danisdiran-adam\/"},"wordCount":1730,"publisher":{"@id":"https:\/\/www.meydan.tv\/az\/#organization"},"image":{"@id":"https:\/\/www.meydan.tv\/az\/article\/goycayda-ilk-defe-sergi-kecirilib-rengleri-danisdiran-adam\/#primaryimage"},"thumbnailUrl":"https:\/\/www.meydan.tv\/wp-content\/uploads\/0e0bed1c-e65d-402a-bc5a-0f14a7f5dbb5.jpg","articleSection":["M\u0259d\u0259niyy\u0259t","X\u0259b\u0259rl\u0259r"],"inLanguage":"az"},{"@type":"WebPage","@id":"https:\/\/www.meydan.tv\/az\/article\/goycayda-ilk-defe-sergi-kecirilib-rengleri-danisdiran-adam\/","url":"https:\/\/www.meydan.tv\/az\/article\/goycayda-ilk-defe-sergi-kecirilib-rengleri-danisdiran-adam\/","name":"G\u00f6y\u00e7ayda ilk d\u0259f\u0259 s\u0259rgi ke\u00e7irilib: \u201cR\u0259ngl\u0259ri dan\u0131\u015fd\u0131ran adam\u201d - MEYDAN.TV","isPartOf":{"@id":"https:\/\/www.meydan.tv\/az\/#website"},"primaryImageOfPage":{"@id":"https:\/\/www.meydan.tv\/az\/article\/goycayda-ilk-defe-sergi-kecirilib-rengleri-danisdiran-adam\/#primaryimage"},"image":{"@id":"https:\/\/www.meydan.tv\/az\/article\/goycayda-ilk-defe-sergi-kecirilib-rengleri-danisdiran-adam\/#primaryimage"},"thumbnailUrl":"https:\/\/www.meydan.tv\/wp-content\/uploads\/0e0bed1c-e65d-402a-bc5a-0f14a7f5dbb5.jpg","datePublished":"2022-10-23T11:52:54+00:00","dateModified":"2022-10-23T11:52:56+00:00","breadcrumb":{"@id":"https:\/\/www.meydan.tv\/az\/article\/goycayda-ilk-defe-sergi-kecirilib-rengleri-danisdiran-adam\/#breadcrumb"},"inLanguage":"az","potentialAction":[{"@type":"ReadAction","target":["https:\/\/www.meydan.tv\/az\/article\/goycayda-ilk-defe-sergi-kecirilib-rengleri-danisdiran-adam\/"]}]},{"@type":"ImageObject","inLanguage":"az","@id":"https:\/\/www.meydan.tv\/az\/article\/goycayda-ilk-defe-sergi-kecirilib-rengleri-danisdiran-adam\/#primaryimage","url":"https:\/\/www.meydan.tv\/wp-content\/uploads\/0e0bed1c-e65d-402a-bc5a-0f14a7f5dbb5.jpg","contentUrl":"https:\/\/www.meydan.tv\/wp-content\/uploads\/0e0bed1c-e65d-402a-bc5a-0f14a7f5dbb5.jpg","width":1200,"height":900,"caption":"Fotolar: G\u00fcnel \u0130sayevaya m\u0259xsusdur"},{"@type":"BreadcrumbList","@id":"https:\/\/www.meydan.tv\/az\/article\/goycayda-ilk-defe-sergi-kecirilib-rengleri-danisdiran-adam\/#breadcrumb","itemListElement":[{"@type":"ListItem","position":1,"name":"Ana s\u0259hif\u0259","item":"https:\/\/www.meydan.tv\/az\/"},{"@type":"ListItem","position":2,"name":"M\u0259d\u0259niyy\u0259t","item":"https:\/\/www.meydan.tv\/az\/section\/medeniyyet\/"},{"@type":"ListItem","position":3,"name":"G\u00f6y\u00e7ayda ilk d\u0259f\u0259 s\u0259rgi ke\u00e7irilib: \u201cR\u0259ngl\u0259ri dan\u0131\u015fd\u0131ran adam\u201d"}]},{"@type":"WebSite","@id":"https:\/\/www.meydan.tv\/az\/#website","url":"https:\/\/www.meydan.tv\/az\/","name":"MEYDAN.TV","description":"Meydan TV Az\u0259rbaycan\u0131n media m\u0259kan\u0131ndak\u0131 alternativ s\u0259sidir","publisher":{"@id":"https:\/\/www.meydan.tv\/az\/#organization"},"potentialAction":[{"@type":"SearchAction","target":{"@type":"EntryPoint","urlTemplate":"https:\/\/www.meydan.tv\/az\/?s={search_term_string}"},"query-input":{"@type":"PropertyValueSpecification","valueRequired":true,"valueName":"search_term_string"}}],"inLanguage":"az"},{"@type":"Organization","@id":"https:\/\/www.meydan.tv\/az\/#organization","name":"Meydan TV","url":"https:\/\/www.meydan.tv\/az\/","logo":{"@type":"ImageObject","inLanguage":"az","@id":"https:\/\/www.meydan.tv\/az\/#\/schema\/logo\/image\/","url":"https:\/\/www.meydan.tv\/wp-content\/uploads\/2021\/07\/meydan-logo.svg","contentUrl":"https:\/\/www.meydan.tv\/wp-content\/uploads\/2021\/07\/meydan-logo.svg","width":195,"height":46,"caption":"Meydan TV"},"image":{"@id":"https:\/\/www.meydan.tv\/az\/#\/schema\/logo\/image\/"}},{"@type":"Person","@id":"https:\/\/www.meydan.tv\/az\/#\/schema\/person\/9cdbecf90d17180ce1dfbd95b08dcf47","name":"elli","sameAs":["https:\/\/x.com\/elli"]}]}},"_links":{"self":[{"href":"https:\/\/www.meydan.tv\/az\/wp-json\/wp\/v2\/posts\/259065","targetHints":{"allow":["GET"]}}],"collection":[{"href":"https:\/\/www.meydan.tv\/az\/wp-json\/wp\/v2\/posts"}],"about":[{"href":"https:\/\/www.meydan.tv\/az\/wp-json\/wp\/v2\/types\/post"}],"author":[{"embeddable":true,"href":"https:\/\/www.meydan.tv\/az\/wp-json\/wp\/v2\/users\/8"}],"replies":[{"embeddable":true,"href":"https:\/\/www.meydan.tv\/az\/wp-json\/wp\/v2\/comments?post=259065"}],"version-history":[{"count":1,"href":"https:\/\/www.meydan.tv\/az\/wp-json\/wp\/v2\/posts\/259065\/revisions"}],"predecessor-version":[{"id":259069,"href":"https:\/\/www.meydan.tv\/az\/wp-json\/wp\/v2\/posts\/259065\/revisions\/259069"}],"wp:featuredmedia":[{"embeddable":true,"href":"https:\/\/www.meydan.tv\/az\/wp-json\/wp\/v2\/media\/259050"}],"wp:attachment":[{"href":"https:\/\/www.meydan.tv\/az\/wp-json\/wp\/v2\/media?parent=259065"}],"wp:term":[{"taxonomy":"category","embeddable":true,"href":"https:\/\/www.meydan.tv\/az\/wp-json\/wp\/v2\/categories?post=259065"},{"taxonomy":"post_tag","embeddable":true,"href":"https:\/\/www.meydan.tv\/az\/wp-json\/wp\/v2\/tags?post=259065"}],"curies":[{"name":"wp","href":"https:\/\/api.w.org\/{rel}","templated":true}]}}