{"id":258989,"date":"2022-10-21T16:41:36","date_gmt":"2022-10-21T12:41:36","guid":{"rendered":"https:\/\/www.meydan.tv\/?p=258989"},"modified":"2022-10-21T16:41:39","modified_gmt":"2022-10-21T12:41:39","slug":"beynelxalq-musabiqelere-dovlet-vesaiti-xerclenmemelidir","status":"publish","type":"post","link":"https:\/\/www.meydan.tv\/az\/article\/beynelxalq-musabiqelere-dovlet-vesaiti-xerclenmemelidir\/","title":{"rendered":"\u201cBeyn\u0259lxalq m\u00fcsabiq\u0259l\u0259r\u0259 d\u00f6vl\u0259t v\u0259saiti x\u0259rcl\u0259nm\u0259m\u0259lidir\u201d"},"content":{"rendered":"\n<p><\/p>\n\n\n\n<p><em>Az\u0259rbaycan \u201cEurovision 2023\u201d m\u00fcsabiq\u0259sin\u0259 haz\u0131rla\u015f\u0131r<\/em><\/p>\n\n\n\n<p>B\u00f6y\u00fck Britaniyan\u0131n Liverpul \u015f\u0259h\u0259rind\u0259 ke\u00e7iril\u0259c\u0259k \u201cEurovision 2023\u201d m\u00fcsabiq\u0259sind\u0259 37 \u00f6lk\u0259 i\u015ftirak <a href=\"https:\/\/eurovision.tv\/story\/eurovision-2023-here-are-37-countries-competing-liverpool\" target=\"_blank\" rel=\"noreferrer noopener\">ed\u0259c\u0259k<\/a>.<\/p>\n\n\n\n<p>Yar\u0131\u015fmaya qat\u0131lan \u00f6lk\u0259l\u0259r Az\u0259rbaycan, Albaniya, Avstraliya, Avstriya, Bel\u00e7ika, Erm\u0259nistan, Kipr, Xorvatiya, \u00c7exiya, Danimarka, Estoniya, Finlandiya, Fransa, G\u00fcrc\u00fcstan, Almaniya, Yunan\u0131stan, \u0130slandiya, \u0130rlandiya, \u0130srail, \u0130taliya, Latviya, Litva, Malta, Moldova, Niderland, Norve\u00e7, Pol\u015fa, Portuqaliya, Rum\u0131niya, San-Marino, Serbiya, Sloveniya, \u0130spaniya, \u0130sve\u00e7, \u0130sve\u00e7r\u0259, Ukrayna, B\u00f6y\u00fck Britaniyad\u0131r.<\/p>\n\n\n\n<p>Bolqar\u0131stan, Monteneqro, \u015eimali Makedoniya, Bosniya v\u0259 Herseqovina is\u0259 \u201cEurovision 2023\u201d mahn\u0131 m\u00fcsabiq\u0259sind\u0259 i\u015ftirakdan imtina edib.<\/p>\n\n\n\n<p>\u00d6lk\u0259 yay\u0131m\u00e7\u0131lar\u0131 s\u0259b\u0259b kimi yar\u0131\u015fmaya mara\u011f\u0131n azalmas\u0131, eyni zamanda iqtisadi v\u0259 enerji b\u00f6hran\u0131n\u0131, h\u0259m\u00e7inin i\u015ftirakla ba\u011fl\u0131 yarana bil\u0259c\u0259k y\u00fcks\u0259k x\u0259rcl\u0259ri g\u00f6st\u0259ribl\u0259r.<\/p>\n\n\n\n<p>\u00dcmumiyy\u0259tl\u0259, m\u00fcsabiq\u0259d\u0259 i\u015ftirak ed\u0259n h\u0259r hans\u0131 \u00f6lk\u0259nin milli yay\u0131m\u00e7\u0131s\u0131 olan tele\u015firk\u0259t yar\u0131\u015fman\u0131n t\u0259\u015fkili v\u0259 i\u015ftirak\u0131 il\u0259 \u0259laq\u0259dar x\u0259rcl\u0259ri \u00f6z\u00fc hesab\u0131na edir. Bu, telekanal\u0131n reklam g\u0259lirl\u0259ri, sponsor \u0259laq\u0259l\u0259ri hesab\u0131na ba\u015f verir.<\/p>\n\n\n\n<p>Yar\u0131\u015fma il\u0259 ba\u011fl\u0131 maliyy\u0259 m\u0259s\u0259l\u0259l\u0259rin\u0259 yay\u0131m\u00e7\u0131 deyil, d\u00f6vl\u0259t hesab\u0131na ed\u0259n \u00f6lk\u0259l\u0259r d\u0259 var. Az\u0259rbaycan da bel\u0259l\u0259rind\u0259ndir.<\/p>\n\n\n\n<p>Az\u0259rbaycan \u0130ctimai Televizya v\u0259 Radio Yay\u0131mlar\u0131 \u015eirk\u0259ti (\u0130TV) 2007-ci ild\u0259n Avropa Yay\u0131m Birliyinin \u00fczv\u00fcd\u00fcr v\u0259 2008-ci ild\u0259n \u201cEurovision\u201d mahn\u0131 m\u00fcsabiq\u0259sind\u0259 i\u015ftirak edir.<\/p>\n\n\n\n<p>Yar\u0131\u015fmada i\u015ftirak da \u0130TV t\u0259r\u0259find\u0259n deyil, d\u00f6vl\u0259t maliyy\u0259si il\u0259 realla\u015f\u0131r.<\/p>\n\n\n\n<p>Ekspertl\u0259rin fikrinc\u0259, yar\u0131\u015flarda i\u015ftirak d\u00f6vl\u0259t t\u0259r\u0259find\u0259n maliyy\u0259l\u0259\u015fm\u0259m\u0259lidir.<\/p>\n\n\n\n<p>\u0130qtisad\u00e7\u0131 To\u011frul Ma\u015fall\u0131 Meydan TV-y\u0259 Az\u0259rbaycan\u0131n yar\u0131\u015fmada i\u015ftirak\u0131n\u0131n d\u00f6vl\u0259t s\u0259viyy\u0259sind\u0259 maliyy\u0259l\u0259\u015fm\u0259sini do\u011fru hesab etm\u0259diyini deyir:<\/p>\n\n\n\n<p>\u201cBizd\u0259 beyn\u0259lxalq t\u0259dbirl\u0259rd\u0259 i\u015ftirak, ad\u0259t\u0259n, bu v\u0259 ya dig\u0259r formada d\u00f6vl\u0259t b\u00fcdc\u0259sind\u0259n maliyy\u0259l\u0259\u015fdirilir. \u00dcmumiyy\u0259tl\u0259, d\u00f6vl\u0259t v\u0259saiti bel\u0259 m\u0259s\u0259l\u0259l\u0259r\u0259 x\u0259rcl\u0259nm\u0259m\u0259lidir. Bu m\u0259s\u0259l\u0259d\u0259 d\u00f6vl\u0259t k\u0259nara \u00e7\u0259kilm\u0259lidir. \u0130TV i\u015ftirak etm\u0259k imkan\u0131n olub-olmamas\u0131n\u0131 \u00f6z\u00fc m\u00fc\u0259yy\u0259n etm\u0259lidir. M\u00fcsabiq\u0259nin t\u0259\u015fkili m\u00fc\u0259yy\u0259n v\u0259sait\u0259 ba\u015fa g\u0259lir. \u0130ndiki artan qiym\u0259t \u015f\u0259raitind\u0259 bu x\u0259rcl\u0259r effektli deyil. Yar\u0131\u015fman\u0131n x\u0259rci \u00e7oxdur, amma qazanc\u0131 y\u00fcks\u0259k deyil\u201d.<\/p>\n\n\n\n<p>\u0130qtisad\u00e7\u0131 Natiq C\u0259f\u0259rli is\u0259 hesab edir ki, Az\u0259rbaycan h\u00f6kum\u0259tinin \u00fcmumiyy\u0259tl\u0259 yar\u0131\u015flara x\u00fcsusi mara\u011f\u0131 var:<\/p>\n\n\n\n<p>\u201cH\u00f6kum\u0259t 2023-c\u00fc ild\u0259 ke\u00e7iril\u0259c\u0259k \u201cEurovison\u201d yar\u0131\u015fmas\u0131na reklam kimi bax\u0131r. Yar\u0131\u015fmada i\u015ftirak\u0131 n\u00f6vb\u0259ti piar aksiyas\u0131na \u00e7evirm\u0259k ist\u0259yir. H\u0259tta qalib g\u0259lm\u0259k \u00fc\u00e7\u00fcn m\u00fc\u0259yy\u0259n add\u0131mlar da at\u0131la bil\u0259r\u201d.<\/p>\n\n\n\n<p>\u0130lkin olaraq 68-ci d\u0259f\u0259 ke\u00e7iril\u0259c\u0259k m\u00fcsabiq\u0259y\u0259 Ukrayna ev sahibliyi etm\u0259li idi, \u00e7\u00fcnki \u00f6lk\u0259ni t\u0259msil ed\u0259n \u201cKalush Orchestra\u201d qrupu \u201cEurovision 2022\u201dd\u0259 birinci yeri qazanm\u0131\u015fd\u0131.<\/p>\n\n\n\n<p>Lakin haz\u0131rda Ukraynada davam ed\u0259n d\u00f6y\u00fc\u015fl\u0259r s\u0259b\u0259bind\u0259n Avropa Yay\u0131m Birliyi \u015founu B\u00f6y\u00fck Britaniyaya k\u00f6\u00e7\u00fcrm\u0259k q\u0259rar\u0131na g\u0259lib.<\/p>\n\n\n\n<p>2022-ci il fevral\u0131n 24-d\u0259 Rusiya Ukraynada h\u0259rbi \u0259m\u0259liyyatlara ba\u015flay\u0131b.<\/p>\n\n\n\n<p>Buna g\u00f6r\u0259 d\u0259 Avropa Yay\u0131m Birliyi t\u0259r\u0259find\u0259n \u201cEurovision 2022\u201d mahn\u0131 m\u00fcsabiq\u0259sind\u0259n uzaqla\u015fd\u0131r\u0131l\u0131b.<\/p>\n\n\n\n<p>2022-ci il may\u0131n 10-dan 14-d\u0259k \u0130taliyan\u0131n Turin \u015f\u0259h\u0259rind\u0259 \u201cEurovision 2022\u201d Beyn\u0259lxalq Musiqi M\u00fcsabiq\u0259si ke\u00e7irilib.<\/p>\n\n\n\n<p>\u00dcmumilikd\u0259 25 \u00f6lk\u0259nin i\u015ftirak etdiyi yar\u0131\u015fman\u0131n final m\u0259rh\u0259l\u0259sind\u0259 631 s\u0259sl\u0259 Ukrayna (\u201cKalush Orchestra\u201d \u2013 \u201cStefania\u201d) qalib olub.<\/p>\n\n\n\n<p>B\u00f6y\u00fck Britaniya (Sam Ryder \u2013 \u201cSpace Man\u201d) ikinci, \u0130spaniya is\u0259 (Chanel \u2013 \u201cSloMo\u201d) \u00fc\u00e7\u00fcnc\u00fc olub.<\/p>\n\n\n\n<p>Az\u0259rbaycan\u0131 \u201cFade to black\u201d mahn\u0131s\u0131 il\u0259 t\u0259msil ed\u0259n Nadir R\u00fcst\u0259mli \u00fcmumilikd\u0259 103 xal toplayaraq, 16-c\u0131 yerd\u0259 q\u0259rarla\u015f\u0131b.<\/p>\n","protected":false},"excerpt":{"rendered":"<p>Az\u0259rbaycan \u201cEurovision 2023\u201d m\u00fcsabiq\u0259sin\u0259 haz\u0131rla\u015f\u0131r B\u00f6y\u00fck Britaniyan\u0131n Liverpul \u015f\u0259h\u0259rind\u0259 ke\u00e7iril\u0259c\u0259k &#8230; <\/p>\n<p class=\"read-more-container\"><a title=\"\u201cBeyn\u0259lxalq m\u00fcsabiq\u0259l\u0259r\u0259 d\u00f6vl\u0259t v\u0259saiti x\u0259rcl\u0259nm\u0259m\u0259lidir\u201d\" class=\"read-more button\" href=\"https:\/\/www.meydan.tv\/az\/article\/beynelxalq-musabiqelere-dovlet-vesaiti-xerclenmemelidir\/#more-258989\" aria-label=\"Read more about \u201cBeyn\u0259lxalq m\u00fcsabiq\u0259l\u0259r\u0259 d\u00f6vl\u0259t v\u0259saiti x\u0259rcl\u0259nm\u0259m\u0259lidir\u201d\">Davam\u0131<\/a><\/p>\n","protected":false},"author":8,"featured_media":236083,"comment_status":"closed","ping_status":"closed","sticky":false,"template":"","format":"standard","meta":{"_acf_changed":false,"_sitemap_exclude":false,"_sitemap_priority":"","_sitemap_frequency":"","footnotes":""},"categories":[52,56],"tags":[],"class_list":["post-258989","post","type-post","status-publish","format-standard","has-post-thumbnail","hentry","category-medeniyyet","category-xeberler","infinite-scroll-item","generate-columns","tablet-grid-50","mobile-grid-100","grid-parent","grid-33","no-featured-image-padding"],"acf":[],"yoast_head":"<!-- This site is optimized with the Yoast SEO plugin v27.5 - https:\/\/yoast.com\/product\/yoast-seo-wordpress\/ -->\n<title>\u201cBeyn\u0259lxalq m\u00fcsabiq\u0259l\u0259r\u0259 d\u00f6vl\u0259t v\u0259saiti x\u0259rcl\u0259nm\u0259m\u0259lidir\u201d - MEYDAN.TV<\/title>\n<meta name=\"robots\" content=\"index, follow, max-snippet:-1, max-image-preview:large, max-video-preview:-1\" \/>\n<link rel=\"canonical\" href=\"https:\/\/www.meydan.tv\/az\/article\/beynelxalq-musabiqelere-dovlet-vesaiti-xerclenmemelidir\/\" \/>\n<meta property=\"og:locale\" content=\"az_AZ\" \/>\n<meta property=\"og:type\" content=\"article\" \/>\n<meta property=\"og:title\" content=\"\u201cBeyn\u0259lxalq m\u00fcsabiq\u0259l\u0259r\u0259 d\u00f6vl\u0259t v\u0259saiti x\u0259rcl\u0259nm\u0259m\u0259lidir\u201d - MEYDAN.TV\" \/>\n<meta property=\"og:description\" content=\"Az\u0259rbaycan \u201cEurovision 2023\u201d m\u00fcsabiq\u0259sin\u0259 haz\u0131rla\u015f\u0131r B\u00f6y\u00fck Britaniyan\u0131n Liverpul \u015f\u0259h\u0259rind\u0259 ke\u00e7iril\u0259c\u0259k ... Davam\u0131\" \/>\n<meta property=\"og:url\" content=\"https:\/\/www.meydan.tv\/az\/article\/beynelxalq-musabiqelere-dovlet-vesaiti-xerclenmemelidir\/\" \/>\n<meta property=\"og:site_name\" content=\"MEYDAN.TV\" \/>\n<meta property=\"article:published_time\" content=\"2022-10-21T12:41:36+00:00\" \/>\n<meta property=\"article:modified_time\" content=\"2022-10-21T12:41:39+00:00\" \/>\n<meta property=\"og:image\" content=\"https:\/\/www.meydan.tv\/wp-content\/uploads\/shutterstock_1643769724.jpg\" \/>\n\t<meta property=\"og:image:width\" content=\"1200\" \/>\n\t<meta property=\"og:image:height\" content=\"799\" \/>\n\t<meta property=\"og:image:type\" content=\"image\/jpeg\" \/>\n<meta name=\"author\" content=\"elli\" \/>\n<meta name=\"twitter:card\" content=\"summary_large_image\" \/>\n<meta name=\"twitter:creator\" content=\"@elli\" \/>\n<script type=\"application\/ld+json\" class=\"yoast-schema-graph\">{\"@context\":\"https:\\\/\\\/schema.org\",\"@graph\":[{\"@type\":\"Article\",\"@id\":\"https:\\\/\\\/www.meydan.tv\\\/az\\\/article\\\/beynelxalq-musabiqelere-dovlet-vesaiti-xerclenmemelidir\\\/#article\",\"isPartOf\":{\"@id\":\"https:\\\/\\\/www.meydan.tv\\\/az\\\/article\\\/beynelxalq-musabiqelere-dovlet-vesaiti-xerclenmemelidir\\\/\"},\"author\":{\"name\":\"elli\",\"@id\":\"https:\\\/\\\/www.meydan.tv\\\/az\\\/#\\\/schema\\\/person\\\/9cdbecf90d17180ce1dfbd95b08dcf47\"},\"headline\":\"\u201cBeyn\u0259lxalq m\u00fcsabiq\u0259l\u0259r\u0259 d\u00f6vl\u0259t v\u0259saiti x\u0259rcl\u0259nm\u0259m\u0259lidir\u201d\",\"datePublished\":\"2022-10-21T12:41:36+00:00\",\"dateModified\":\"2022-10-21T12:41:39+00:00\",\"mainEntityOfPage\":{\"@id\":\"https:\\\/\\\/www.meydan.tv\\\/az\\\/article\\\/beynelxalq-musabiqelere-dovlet-vesaiti-xerclenmemelidir\\\/\"},\"wordCount\":719,\"publisher\":{\"@id\":\"https:\\\/\\\/www.meydan.tv\\\/az\\\/#organization\"},\"image\":{\"@id\":\"https:\\\/\\\/www.meydan.tv\\\/az\\\/article\\\/beynelxalq-musabiqelere-dovlet-vesaiti-xerclenmemelidir\\\/#primaryimage\"},\"thumbnailUrl\":\"https:\\\/\\\/www.meydan.tv\\\/wp-content\\\/uploads\\\/shutterstock_1643769724.jpg\",\"articleSection\":[\"M\u0259d\u0259niyy\u0259t\",\"X\u0259b\u0259rl\u0259r\"],\"inLanguage\":\"az\"},{\"@type\":\"WebPage\",\"@id\":\"https:\\\/\\\/www.meydan.tv\\\/az\\\/article\\\/beynelxalq-musabiqelere-dovlet-vesaiti-xerclenmemelidir\\\/\",\"url\":\"https:\\\/\\\/www.meydan.tv\\\/az\\\/article\\\/beynelxalq-musabiqelere-dovlet-vesaiti-xerclenmemelidir\\\/\",\"name\":\"\u201cBeyn\u0259lxalq m\u00fcsabiq\u0259l\u0259r\u0259 d\u00f6vl\u0259t v\u0259saiti x\u0259rcl\u0259nm\u0259m\u0259lidir\u201d - MEYDAN.TV\",\"isPartOf\":{\"@id\":\"https:\\\/\\\/www.meydan.tv\\\/az\\\/#website\"},\"primaryImageOfPage\":{\"@id\":\"https:\\\/\\\/www.meydan.tv\\\/az\\\/article\\\/beynelxalq-musabiqelere-dovlet-vesaiti-xerclenmemelidir\\\/#primaryimage\"},\"image\":{\"@id\":\"https:\\\/\\\/www.meydan.tv\\\/az\\\/article\\\/beynelxalq-musabiqelere-dovlet-vesaiti-xerclenmemelidir\\\/#primaryimage\"},\"thumbnailUrl\":\"https:\\\/\\\/www.meydan.tv\\\/wp-content\\\/uploads\\\/shutterstock_1643769724.jpg\",\"datePublished\":\"2022-10-21T12:41:36+00:00\",\"dateModified\":\"2022-10-21T12:41:39+00:00\",\"breadcrumb\":{\"@id\":\"https:\\\/\\\/www.meydan.tv\\\/az\\\/article\\\/beynelxalq-musabiqelere-dovlet-vesaiti-xerclenmemelidir\\\/#breadcrumb\"},\"inLanguage\":\"az\",\"potentialAction\":[{\"@type\":\"ReadAction\",\"target\":[\"https:\\\/\\\/www.meydan.tv\\\/az\\\/article\\\/beynelxalq-musabiqelere-dovlet-vesaiti-xerclenmemelidir\\\/\"]}]},{\"@type\":\"ImageObject\",\"inLanguage\":\"az\",\"@id\":\"https:\\\/\\\/www.meydan.tv\\\/az\\\/article\\\/beynelxalq-musabiqelere-dovlet-vesaiti-xerclenmemelidir\\\/#primaryimage\",\"url\":\"https:\\\/\\\/www.meydan.tv\\\/wp-content\\\/uploads\\\/shutterstock_1643769724.jpg\",\"contentUrl\":\"https:\\\/\\\/www.meydan.tv\\\/wp-content\\\/uploads\\\/shutterstock_1643769724.jpg\",\"width\":1200,\"height\":799,\"caption\":\"\u201cEurovision\u201d. M\u0259nb\u0259: Review News\\\/shutterstock\"},{\"@type\":\"BreadcrumbList\",\"@id\":\"https:\\\/\\\/www.meydan.tv\\\/az\\\/article\\\/beynelxalq-musabiqelere-dovlet-vesaiti-xerclenmemelidir\\\/#breadcrumb\",\"itemListElement\":[{\"@type\":\"ListItem\",\"position\":1,\"name\":\"Ana s\u0259hif\u0259\",\"item\":\"https:\\\/\\\/www.meydan.tv\\\/az\\\/\"},{\"@type\":\"ListItem\",\"position\":2,\"name\":\"M\u0259d\u0259niyy\u0259t\",\"item\":\"https:\\\/\\\/www.meydan.tv\\\/az\\\/section\\\/medeniyyet\\\/\"},{\"@type\":\"ListItem\",\"position\":3,\"name\":\"\u201cBeyn\u0259lxalq m\u00fcsabiq\u0259l\u0259r\u0259 d\u00f6vl\u0259t v\u0259saiti x\u0259rcl\u0259nm\u0259m\u0259lidir\u201d\"}]},{\"@type\":\"WebSite\",\"@id\":\"https:\\\/\\\/www.meydan.tv\\\/az\\\/#website\",\"url\":\"https:\\\/\\\/www.meydan.tv\\\/az\\\/\",\"name\":\"MEYDAN.TV\",\"description\":\"Meydan TV Az\u0259rbaycan\u0131n media m\u0259kan\u0131ndak\u0131 alternativ s\u0259sidir\",\"publisher\":{\"@id\":\"https:\\\/\\\/www.meydan.tv\\\/az\\\/#organization\"},\"potentialAction\":[{\"@type\":\"SearchAction\",\"target\":{\"@type\":\"EntryPoint\",\"urlTemplate\":\"https:\\\/\\\/www.meydan.tv\\\/az\\\/?s={search_term_string}\"},\"query-input\":{\"@type\":\"PropertyValueSpecification\",\"valueRequired\":true,\"valueName\":\"search_term_string\"}}],\"inLanguage\":\"az\"},{\"@type\":\"Organization\",\"@id\":\"https:\\\/\\\/www.meydan.tv\\\/az\\\/#organization\",\"name\":\"Meydan TV\",\"url\":\"https:\\\/\\\/www.meydan.tv\\\/az\\\/\",\"logo\":{\"@type\":\"ImageObject\",\"inLanguage\":\"az\",\"@id\":\"https:\\\/\\\/www.meydan.tv\\\/az\\\/#\\\/schema\\\/logo\\\/image\\\/\",\"url\":\"https:\\\/\\\/www.meydan.tv\\\/wp-content\\\/uploads\\\/2021\\\/07\\\/meydan-logo.svg\",\"contentUrl\":\"https:\\\/\\\/www.meydan.tv\\\/wp-content\\\/uploads\\\/2021\\\/07\\\/meydan-logo.svg\",\"width\":195,\"height\":46,\"caption\":\"Meydan TV\"},\"image\":{\"@id\":\"https:\\\/\\\/www.meydan.tv\\\/az\\\/#\\\/schema\\\/logo\\\/image\\\/\"}},{\"@type\":\"Person\",\"@id\":\"https:\\\/\\\/www.meydan.tv\\\/az\\\/#\\\/schema\\\/person\\\/9cdbecf90d17180ce1dfbd95b08dcf47\",\"name\":\"elli\",\"sameAs\":[\"https:\\\/\\\/x.com\\\/elli\"]}]}<\/script>\n<!-- \/ Yoast SEO plugin. -->","yoast_head_json":{"title":"\u201cBeyn\u0259lxalq m\u00fcsabiq\u0259l\u0259r\u0259 d\u00f6vl\u0259t v\u0259saiti x\u0259rcl\u0259nm\u0259m\u0259lidir\u201d - MEYDAN.TV","robots":{"index":"index","follow":"follow","max-snippet":"max-snippet:-1","max-image-preview":"max-image-preview:large","max-video-preview":"max-video-preview:-1"},"canonical":"https:\/\/www.meydan.tv\/az\/article\/beynelxalq-musabiqelere-dovlet-vesaiti-xerclenmemelidir\/","og_locale":"az_AZ","og_type":"article","og_title":"\u201cBeyn\u0259lxalq m\u00fcsabiq\u0259l\u0259r\u0259 d\u00f6vl\u0259t v\u0259saiti x\u0259rcl\u0259nm\u0259m\u0259lidir\u201d - MEYDAN.TV","og_description":"Az\u0259rbaycan \u201cEurovision 2023\u201d m\u00fcsabiq\u0259sin\u0259 haz\u0131rla\u015f\u0131r B\u00f6y\u00fck Britaniyan\u0131n Liverpul \u015f\u0259h\u0259rind\u0259 ke\u00e7iril\u0259c\u0259k ... Davam\u0131","og_url":"https:\/\/www.meydan.tv\/az\/article\/beynelxalq-musabiqelere-dovlet-vesaiti-xerclenmemelidir\/","og_site_name":"MEYDAN.TV","article_published_time":"2022-10-21T12:41:36+00:00","article_modified_time":"2022-10-21T12:41:39+00:00","og_image":[{"width":1200,"height":799,"url":"https:\/\/www.meydan.tv\/wp-content\/uploads\/shutterstock_1643769724.jpg","type":"image\/jpeg"}],"author":"elli","twitter_card":"summary_large_image","twitter_creator":"@elli","schema":{"@context":"https:\/\/schema.org","@graph":[{"@type":"Article","@id":"https:\/\/www.meydan.tv\/az\/article\/beynelxalq-musabiqelere-dovlet-vesaiti-xerclenmemelidir\/#article","isPartOf":{"@id":"https:\/\/www.meydan.tv\/az\/article\/beynelxalq-musabiqelere-dovlet-vesaiti-xerclenmemelidir\/"},"author":{"name":"elli","@id":"https:\/\/www.meydan.tv\/az\/#\/schema\/person\/9cdbecf90d17180ce1dfbd95b08dcf47"},"headline":"\u201cBeyn\u0259lxalq m\u00fcsabiq\u0259l\u0259r\u0259 d\u00f6vl\u0259t v\u0259saiti x\u0259rcl\u0259nm\u0259m\u0259lidir\u201d","datePublished":"2022-10-21T12:41:36+00:00","dateModified":"2022-10-21T12:41:39+00:00","mainEntityOfPage":{"@id":"https:\/\/www.meydan.tv\/az\/article\/beynelxalq-musabiqelere-dovlet-vesaiti-xerclenmemelidir\/"},"wordCount":719,"publisher":{"@id":"https:\/\/www.meydan.tv\/az\/#organization"},"image":{"@id":"https:\/\/www.meydan.tv\/az\/article\/beynelxalq-musabiqelere-dovlet-vesaiti-xerclenmemelidir\/#primaryimage"},"thumbnailUrl":"https:\/\/www.meydan.tv\/wp-content\/uploads\/shutterstock_1643769724.jpg","articleSection":["M\u0259d\u0259niyy\u0259t","X\u0259b\u0259rl\u0259r"],"inLanguage":"az"},{"@type":"WebPage","@id":"https:\/\/www.meydan.tv\/az\/article\/beynelxalq-musabiqelere-dovlet-vesaiti-xerclenmemelidir\/","url":"https:\/\/www.meydan.tv\/az\/article\/beynelxalq-musabiqelere-dovlet-vesaiti-xerclenmemelidir\/","name":"\u201cBeyn\u0259lxalq m\u00fcsabiq\u0259l\u0259r\u0259 d\u00f6vl\u0259t v\u0259saiti x\u0259rcl\u0259nm\u0259m\u0259lidir\u201d - MEYDAN.TV","isPartOf":{"@id":"https:\/\/www.meydan.tv\/az\/#website"},"primaryImageOfPage":{"@id":"https:\/\/www.meydan.tv\/az\/article\/beynelxalq-musabiqelere-dovlet-vesaiti-xerclenmemelidir\/#primaryimage"},"image":{"@id":"https:\/\/www.meydan.tv\/az\/article\/beynelxalq-musabiqelere-dovlet-vesaiti-xerclenmemelidir\/#primaryimage"},"thumbnailUrl":"https:\/\/www.meydan.tv\/wp-content\/uploads\/shutterstock_1643769724.jpg","datePublished":"2022-10-21T12:41:36+00:00","dateModified":"2022-10-21T12:41:39+00:00","breadcrumb":{"@id":"https:\/\/www.meydan.tv\/az\/article\/beynelxalq-musabiqelere-dovlet-vesaiti-xerclenmemelidir\/#breadcrumb"},"inLanguage":"az","potentialAction":[{"@type":"ReadAction","target":["https:\/\/www.meydan.tv\/az\/article\/beynelxalq-musabiqelere-dovlet-vesaiti-xerclenmemelidir\/"]}]},{"@type":"ImageObject","inLanguage":"az","@id":"https:\/\/www.meydan.tv\/az\/article\/beynelxalq-musabiqelere-dovlet-vesaiti-xerclenmemelidir\/#primaryimage","url":"https:\/\/www.meydan.tv\/wp-content\/uploads\/shutterstock_1643769724.jpg","contentUrl":"https:\/\/www.meydan.tv\/wp-content\/uploads\/shutterstock_1643769724.jpg","width":1200,"height":799,"caption":"\u201cEurovision\u201d. M\u0259nb\u0259: Review News\/shutterstock"},{"@type":"BreadcrumbList","@id":"https:\/\/www.meydan.tv\/az\/article\/beynelxalq-musabiqelere-dovlet-vesaiti-xerclenmemelidir\/#breadcrumb","itemListElement":[{"@type":"ListItem","position":1,"name":"Ana s\u0259hif\u0259","item":"https:\/\/www.meydan.tv\/az\/"},{"@type":"ListItem","position":2,"name":"M\u0259d\u0259niyy\u0259t","item":"https:\/\/www.meydan.tv\/az\/section\/medeniyyet\/"},{"@type":"ListItem","position":3,"name":"\u201cBeyn\u0259lxalq m\u00fcsabiq\u0259l\u0259r\u0259 d\u00f6vl\u0259t v\u0259saiti x\u0259rcl\u0259nm\u0259m\u0259lidir\u201d"}]},{"@type":"WebSite","@id":"https:\/\/www.meydan.tv\/az\/#website","url":"https:\/\/www.meydan.tv\/az\/","name":"MEYDAN.TV","description":"Meydan TV Az\u0259rbaycan\u0131n media m\u0259kan\u0131ndak\u0131 alternativ s\u0259sidir","publisher":{"@id":"https:\/\/www.meydan.tv\/az\/#organization"},"potentialAction":[{"@type":"SearchAction","target":{"@type":"EntryPoint","urlTemplate":"https:\/\/www.meydan.tv\/az\/?s={search_term_string}"},"query-input":{"@type":"PropertyValueSpecification","valueRequired":true,"valueName":"search_term_string"}}],"inLanguage":"az"},{"@type":"Organization","@id":"https:\/\/www.meydan.tv\/az\/#organization","name":"Meydan TV","url":"https:\/\/www.meydan.tv\/az\/","logo":{"@type":"ImageObject","inLanguage":"az","@id":"https:\/\/www.meydan.tv\/az\/#\/schema\/logo\/image\/","url":"https:\/\/www.meydan.tv\/wp-content\/uploads\/2021\/07\/meydan-logo.svg","contentUrl":"https:\/\/www.meydan.tv\/wp-content\/uploads\/2021\/07\/meydan-logo.svg","width":195,"height":46,"caption":"Meydan TV"},"image":{"@id":"https:\/\/www.meydan.tv\/az\/#\/schema\/logo\/image\/"}},{"@type":"Person","@id":"https:\/\/www.meydan.tv\/az\/#\/schema\/person\/9cdbecf90d17180ce1dfbd95b08dcf47","name":"elli","sameAs":["https:\/\/x.com\/elli"]}]}},"_links":{"self":[{"href":"https:\/\/www.meydan.tv\/az\/wp-json\/wp\/v2\/posts\/258989","targetHints":{"allow":["GET"]}}],"collection":[{"href":"https:\/\/www.meydan.tv\/az\/wp-json\/wp\/v2\/posts"}],"about":[{"href":"https:\/\/www.meydan.tv\/az\/wp-json\/wp\/v2\/types\/post"}],"author":[{"embeddable":true,"href":"https:\/\/www.meydan.tv\/az\/wp-json\/wp\/v2\/users\/8"}],"replies":[{"embeddable":true,"href":"https:\/\/www.meydan.tv\/az\/wp-json\/wp\/v2\/comments?post=258989"}],"version-history":[{"count":1,"href":"https:\/\/www.meydan.tv\/az\/wp-json\/wp\/v2\/posts\/258989\/revisions"}],"predecessor-version":[{"id":258990,"href":"https:\/\/www.meydan.tv\/az\/wp-json\/wp\/v2\/posts\/258989\/revisions\/258990"}],"wp:featuredmedia":[{"embeddable":true,"href":"https:\/\/www.meydan.tv\/az\/wp-json\/wp\/v2\/media\/236083"}],"wp:attachment":[{"href":"https:\/\/www.meydan.tv\/az\/wp-json\/wp\/v2\/media?parent=258989"}],"wp:term":[{"taxonomy":"category","embeddable":true,"href":"https:\/\/www.meydan.tv\/az\/wp-json\/wp\/v2\/categories?post=258989"},{"taxonomy":"post_tag","embeddable":true,"href":"https:\/\/www.meydan.tv\/az\/wp-json\/wp\/v2\/tags?post=258989"}],"curies":[{"name":"wp","href":"https:\/\/api.w.org\/{rel}","templated":true}]}}