{"id":258954,"date":"2022-10-21T14:20:13","date_gmt":"2022-10-21T10:20:13","guid":{"rendered":"https:\/\/www.meydan.tv\/?p=258954"},"modified":"2022-10-21T14:20:18","modified_gmt":"2022-10-21T10:20:18","slug":"serefeliler-tehsil-is-dalinca-gedenler-geri-qayitmir","status":"publish","type":"post","link":"https:\/\/www.meydan.tv\/az\/article\/serefeliler-tehsil-is-dalinca-gedenler-geri-qayitmir\/","title":{"rendered":"\u015e\u0259r\u0259f\u0259lil\u0259r: \u201cT\u0259hsil, i\u015f dal\u0131nca ged\u0259nl\u0259r geri qay\u0131tm\u0131r\u201d"},"content":{"rendered":"\n<p><\/p>\n\n\n\n<p><em>K\u0259ndlil\u0259r yoldan, qazdan, i\u015fsizlikd\u0259n gileyl\u0259nir<\/em><\/p>\n\n\n\n<p>\u00d6t\u0259n il Meydan TV Masall\u0131n\u0131n \u015e\u0259r\u0259f\u0259 k\u0259ndinin bir hiss\u0259sind\u0259 mavi yanaca\u011f\u0131n olmamas\u0131ndan <a href=\"https:\/\/www.meydan.tv\/az\/article\/qaz-xettini-eve-qeder-cekib-getirseler-odunu-kime-satar\/\" target=\"_blank\" rel=\"noreferrer noopener\">yaz\u0131b<\/a>. H\u0259min vaxt Masall\u0131n\u0131n icra hakimiyy\u0259tind\u0259n bildirmi\u015fdil\u0259r ki, k\u0259ndd\u0259 qaz var, bar\u0259sind\u0259 dan\u0131\u015f\u0131lan yax\u0131nl\u0131qdak\u0131 yeni massiv\u0259 d\u0259 qaz x\u0259tti \u00e7\u0259kil\u0259c\u0259k. \u0130ndi sakinl\u0259r t\u0259krar m\u00fcraci\u0259t edibl\u0259r v\u0259 deyirl\u0259r ki, n\u00f6vb\u0259ti q\u0131\u015f qap\u0131dad\u0131r, qaz x\u0259tti is\u0259 h\u0259l\u0259 d\u0259 yoxdur. Bu d\u0259f\u0259 sakinl\u0259r \u00fcst\u0259lik yol v\u0259 i\u015fsizlikd\u0259n d\u0259 \u015fikay\u0259t\u00e7idir.<\/p>\n\n\n\n<p>Musa \u0130manov deyir, ya\u015fad\u0131qlar\u0131 ya\u015fay\u0131\u015f massivinin mavi yanacaq problemiyl\u0259 ba\u011fl\u0131 d\u0259rc olunmu\u015f yaz\u0131n\u0131 oxuyark\u0259n, icra hakimiyy\u0259tinin verdiyi cavaba t\u0259\u0259cc\u00fcbl\u0259nibl\u0259r:<\/p>\n\n\n\n<p>\u201cDeyirl\u0259r ki, yeni ya\u015fay\u0131\u015f massivinin qaz problemi\u2026 Yeni ya\u015fay\u0131\u015f massivi 3-5 ilin ya\u015fay\u0131\u015f yerin\u0259 deyilir. Buradasa 30 ild\u0259n \u00e7ox ya\u015fayan ail\u0259l\u0259r var, m\u0259n \u00f6z\u00fcm 1997-ci ild\u0259 ev tikib, buraya k\u00f6\u00e7m\u00fc\u015f\u0259m. \u0130ll\u0259r \u00f6td\u00fc, burada evl\u0259r artd\u0131, insan say\u0131 artd\u0131, ancaq n\u0259 yolu oldu, n\u0259 qaz\u0131, n\u0259 normal suyu, i\u015f\u0131\u011f\u0131\u2026 El\u0259 bil c\u0259ng\u0259llikd\u0259 ya\u015fay\u0131r\u0131q\u201d.<\/p>\n\n\n\n<figure class=\"wp-block-image size-full\"><img decoding=\"async\" width=\"1200\" height=\"800\" data-src=\"https:\/\/www.meydan.tv\/wp-content\/uploads\/untitled-design-3-41.jpg\" alt=\"\" class=\"wp-image-258948 lazyload\" src=\"data:image\/svg+xml;base64,PHN2ZyB3aWR0aD0iMSIgaGVpZ2h0PSIxIiB4bWxucz0iaHR0cDovL3d3dy53My5vcmcvMjAwMC9zdmciPjwvc3ZnPg==\" style=\"--smush-placeholder-width: 1200px; --smush-placeholder-aspect-ratio: 1200\/800;\" \/><\/figure>\n\n\n\n<p>\u201cH\u00f6kum\u0259t \u00e7\u0131x\u0131\u015f yolu g\u00f6st\u0259rsin\u201d<\/p>\n\n\n\n<p>Sakin V\u0259zif\u0259 F\u0259r\u0259cova deyir, qaz x\u0259tti ya\u015fay\u0131\u015f massivinin yax\u0131nl\u0131\u011f\u0131ndan ke\u00e7ir, ancaq x\u0259tti evl\u0259r\u0259 q\u0259d\u0259r uzatmaq v\u0259 dig\u0259r i\u015fl\u0259r \u00fc\u00e7\u00fcn \u00f6d\u0259ni\u015f \u00e7ox bahad\u0131r dey\u0259, he\u00e7 kim bunu ed\u0259 bilmir:<\/p>\n\n\n\n<p>\u201c2500 manata ba\u015fa g\u0259lir. K\u0259nd yerind\u0259 kimd\u0259 bu q\u0259d\u0259r pul var? H\u0259yat yolda\u015f\u0131mla m\u0259nim ayl\u0131q qazanc\u0131m toplam he\u00e7 400 manat etmir. H\u0259l\u0259 s\u00f6hb\u0259t i\u015fl\u0259yib maa\u015f alan ail\u0259d\u0259n gedir. Bel\u0259 ail\u0259l\u0259rs\u0259 k\u0259ndd\u0259 \u00e7ox azd\u0131r\u201d.<\/p>\n\n\n\n<p>Ba\u015fqa k\u0259nd sakini Ziv\u0259r Ba\u011f\u0131rova da bel\u0259 ya\u015fay\u0131\u015fdan cana doyub. Deyir, 30 il\u0259 yax\u0131nd\u0131r ki, odun \u00fcmidin\u0259 ya\u015fay\u0131rlar. Odunsa ilb\u0259il bahala\u015f\u0131r: \u201cD\u00fcn\u0259n bir qiym\u0259t\u0259 satan, sabah ba\u015fqa qiym\u0259t\u0259 g\u0259tirir. H\u0259y\u0259timizd\u0259ki a\u011faclar\u0131 da k\u0259sm\u0259y\u0259 qoymayan h\u00f6kum\u0259t biz\u0259 bir \u00e7\u0131x\u0131\u015f yolu g\u00f6st\u0259rsin\u201d.<\/p>\n\n\n\n<figure class=\"wp-block-image size-full\"><img decoding=\"async\" width=\"1200\" height=\"800\" data-src=\"https:\/\/www.meydan.tv\/wp-content\/uploads\/untitled-design-4-41.jpg\" alt=\"\" class=\"wp-image-258951 lazyload\" src=\"data:image\/svg+xml;base64,PHN2ZyB3aWR0aD0iMSIgaGVpZ2h0PSIxIiB4bWxucz0iaHR0cDovL3d3dy53My5vcmcvMjAwMC9zdmciPjwvc3ZnPg==\" style=\"--smush-placeholder-width: 1200px; --smush-placeholder-aspect-ratio: 1200\/800;\" \/><figcaption>Ziv\u0259r Ba\u011f\u0131rova v\u0259 V\u0259zif\u0259 F\u0259r\u0259cova<\/figcaption><\/figure>\n\n\n\n<p>\u201c\u0130\u015fsizlik taleyimiz\u0259 yaz\u0131l\u0131b\u201d<\/p>\n\n\n\n<p>Ya\u015fay\u0131\u015f massivinin yolu da b\u0259rbadd\u0131r. Sakinl\u0259rin s\u00f6zl\u0259rin\u0259 g\u00f6r\u0259, m\u0259kt\u0259blil\u0259r ya\u015fay\u0131\u015f massivind\u0259n k\u0259nd m\u0259kt\u0259bin\u0259 \u00e7atmaq \u00fc\u00e7\u00fcn pal\u00e7\u0131qla add\u0131mlamal\u0131 olurlar.<\/p>\n\n\n\n<p>Sakinl\u0259r i\u015fsizlikd\u0259n d\u0259 \u015fikay\u0259t\u00e7idil\u0259r. Burada i\u015fsizlik sanki h\u0259r k\u0259sin taleyin\u0259 yaz\u0131l\u0131b. G\u0259nc n\u0259sil k\u0259ndd\u0259 q\u0259rar tuta bilmir, ya paytaxta, ya da ba\u015fqa b\u00f6lg\u0259l\u0259r\u0259 \u00fcz tutur:<\/p>\n\n\n\n<p>\u201cYa\u015fl\u0131 n\u0259sild\u0259 yer\u0259-yurda ba\u011fl\u0131l\u0131q var, d\u00f6z\u00fcb otururuq, g\u0259nc n\u0259sil bel\u0259 ya\u015famaq ist\u0259mir, d\u0259yi\u015fiklik, yax\u015f\u0131 \u015f\u0259raitd\u0259 ya\u015famaq arzusu var. Ancaq \u0259lind\u0259n bir \u015fey g\u0259lm\u0259y\u0259nd\u0259 m\u0259cburdur ki, box\u00e7as\u0131n\u0131 y\u0131\u011f\u0131b, harada azca g\u00fcz\u0259ran qura bil\u0259rs\u0259, ora k\u00f6\u00e7s\u00fcn. Hans\u0131 qap\u0131n\u0131 d\u00f6ys\u0259niz, bunun \u015fahidi olars\u0131n\u0131z. T\u0259hsil, i\u015f dal\u0131nca ged\u0259nl\u0259r geri qay\u0131tm\u0131r\u201d.<\/p>\n\n\n\n<figure class=\"wp-block-image size-full\"><img decoding=\"async\" width=\"1200\" height=\"800\" data-src=\"https:\/\/www.meydan.tv\/wp-content\/uploads\/untitled-design-68.jpg\" alt=\"\" class=\"wp-image-258942 lazyload\" src=\"data:image\/svg+xml;base64,PHN2ZyB3aWR0aD0iMSIgaGVpZ2h0PSIxIiB4bWxucz0iaHR0cDovL3d3dy53My5vcmcvMjAwMC9zdmciPjwvc3ZnPg==\" style=\"--smush-placeholder-width: 1200px; --smush-placeholder-aspect-ratio: 1200\/800;\" \/><\/figure>\n\n\n\n<p>Masall\u0131 Rayon \u0130cra Hakimiyy\u0259tind\u0259n Meydan TV-y\u0259 bildirlib ki, \u015e\u0259r\u0259f\u0259d\u0259ki qeyd olunan ya\u015fay\u0131\u015f massivinin qaz, yol probleminin h\u0259lli \u00fc\u00e7\u00fcn aidiyy\u0259ti qurumlara m\u00fcraci\u0259t olunub:<\/p>\n\n\n\n<p>\u201cO ya\u015fay\u0131\u015f massivinin sakinl\u0259ri h\u0259r yer\u0259 \u015fikay\u0259t edir. Biz d\u0259 aidiyy\u0259ti qurumlara m\u00fcraci\u0259t edirik. \u0130cra hakimiyy\u0259ti qaz \u00e7\u0259kmir, yol salm\u0131r. K\u0259ndi\u00e7i yollar\u0131 b\u0259l\u0259diyy\u0259 d\u00fcz\u0259ltm\u0259lidir. Qaz x\u0259ttin\u0259 g\u0259linc\u0259, h\u0259min \u0259razid\u0259n qaz x\u0259tti ke\u00e7ir, ancaq qanuna g\u00f6r\u0259, abonent \u00f6z\u00fc podrat\u00e7\u0131 \u015firk\u0259tl\u0259 m\u00fcqavil\u0259 ba\u011flay\u0131b, m\u00fc\u0259yy\u0259n \u00f6d\u0259ni\u015f edib, ana x\u0259td\u0259n ya\u015fad\u0131\u011f\u0131 \u00fcnvana qaz x\u0259tti \u00e7\u0259kdir\u0259 bil\u0259r\u201d.<\/p>\n","protected":false},"excerpt":{"rendered":"<p>K\u0259ndlil\u0259r yoldan, qazdan, i\u015fsizlikd\u0259n gileyl\u0259nir \u00d6t\u0259n il Meydan TV Masall\u0131n\u0131n &#8230; <\/p>\n<p class=\"read-more-container\"><a title=\"\u015e\u0259r\u0259f\u0259lil\u0259r: \u201cT\u0259hsil, i\u015f dal\u0131nca ged\u0259nl\u0259r geri qay\u0131tm\u0131r\u201d\" class=\"read-more button\" href=\"https:\/\/www.meydan.tv\/az\/article\/serefeliler-tehsil-is-dalinca-gedenler-geri-qayitmir\/#more-258954\" aria-label=\"Read more about \u015e\u0259r\u0259f\u0259lil\u0259r: \u201cT\u0259hsil, i\u015f dal\u0131nca ged\u0259nl\u0259r geri qay\u0131tm\u0131r\u201d\">Davam\u0131<\/a><\/p>\n","protected":false},"author":8,"featured_media":258945,"comment_status":"closed","ping_status":"closed","sticky":false,"template":"","format":"standard","meta":{"_acf_changed":false,"_sitemap_exclude":false,"_sitemap_priority":"","_sitemap_frequency":"","footnotes":""},"categories":[60,56],"tags":[],"class_list":["post-258954","post","type-post","status-publish","format-standard","has-post-thumbnail","hentry","category-bolge","category-xeberler","infinite-scroll-item","generate-columns","tablet-grid-50","mobile-grid-100","grid-parent","grid-33","no-featured-image-padding"],"acf":[],"yoast_head":"<!-- This site is optimized with the Yoast SEO plugin v27.5 - https:\/\/yoast.com\/product\/yoast-seo-wordpress\/ -->\n<title>\u015e\u0259r\u0259f\u0259lil\u0259r: \u201cT\u0259hsil, i\u015f dal\u0131nca ged\u0259nl\u0259r geri qay\u0131tm\u0131r\u201d - MEYDAN.TV<\/title>\n<meta name=\"robots\" content=\"index, follow, max-snippet:-1, max-image-preview:large, max-video-preview:-1\" \/>\n<link rel=\"canonical\" href=\"https:\/\/www.meydan.tv\/az\/article\/serefeliler-tehsil-is-dalinca-gedenler-geri-qayitmir\/\" \/>\n<meta property=\"og:locale\" content=\"az_AZ\" \/>\n<meta property=\"og:type\" content=\"article\" \/>\n<meta property=\"og:title\" content=\"\u015e\u0259r\u0259f\u0259lil\u0259r: \u201cT\u0259hsil, i\u015f dal\u0131nca ged\u0259nl\u0259r geri qay\u0131tm\u0131r\u201d - MEYDAN.TV\" \/>\n<meta property=\"og:description\" content=\"K\u0259ndlil\u0259r yoldan, qazdan, i\u015fsizlikd\u0259n gileyl\u0259nir \u00d6t\u0259n il Meydan TV Masall\u0131n\u0131n ... Davam\u0131\" \/>\n<meta property=\"og:url\" content=\"https:\/\/www.meydan.tv\/az\/article\/serefeliler-tehsil-is-dalinca-gedenler-geri-qayitmir\/\" \/>\n<meta property=\"og:site_name\" content=\"MEYDAN.TV\" \/>\n<meta property=\"article:published_time\" content=\"2022-10-21T10:20:13+00:00\" \/>\n<meta property=\"article:modified_time\" content=\"2022-10-21T10:20:18+00:00\" \/>\n<meta property=\"og:image\" content=\"https:\/\/www.meydan.tv\/wp-content\/uploads\/untitled-design-2-52.jpg\" \/>\n\t<meta property=\"og:image:width\" content=\"1200\" \/>\n\t<meta property=\"og:image:height\" content=\"800\" \/>\n\t<meta property=\"og:image:type\" content=\"image\/jpeg\" \/>\n<meta name=\"author\" content=\"elli\" \/>\n<meta name=\"twitter:card\" content=\"summary_large_image\" \/>\n<meta name=\"twitter:creator\" content=\"@elli\" \/>\n<script type=\"application\/ld+json\" class=\"yoast-schema-graph\">{\"@context\":\"https:\\\/\\\/schema.org\",\"@graph\":[{\"@type\":\"Article\",\"@id\":\"https:\\\/\\\/www.meydan.tv\\\/az\\\/article\\\/serefeliler-tehsil-is-dalinca-gedenler-geri-qayitmir\\\/#article\",\"isPartOf\":{\"@id\":\"https:\\\/\\\/www.meydan.tv\\\/az\\\/article\\\/serefeliler-tehsil-is-dalinca-gedenler-geri-qayitmir\\\/\"},\"author\":{\"name\":\"elli\",\"@id\":\"https:\\\/\\\/www.meydan.tv\\\/az\\\/#\\\/schema\\\/person\\\/9cdbecf90d17180ce1dfbd95b08dcf47\"},\"headline\":\"\u015e\u0259r\u0259f\u0259lil\u0259r: \u201cT\u0259hsil, i\u015f dal\u0131nca ged\u0259nl\u0259r geri qay\u0131tm\u0131r\u201d\",\"datePublished\":\"2022-10-21T10:20:13+00:00\",\"dateModified\":\"2022-10-21T10:20:18+00:00\",\"mainEntityOfPage\":{\"@id\":\"https:\\\/\\\/www.meydan.tv\\\/az\\\/article\\\/serefeliler-tehsil-is-dalinca-gedenler-geri-qayitmir\\\/\"},\"wordCount\":698,\"publisher\":{\"@id\":\"https:\\\/\\\/www.meydan.tv\\\/az\\\/#organization\"},\"image\":{\"@id\":\"https:\\\/\\\/www.meydan.tv\\\/az\\\/article\\\/serefeliler-tehsil-is-dalinca-gedenler-geri-qayitmir\\\/#primaryimage\"},\"thumbnailUrl\":\"https:\\\/\\\/www.meydan.tv\\\/wp-content\\\/uploads\\\/untitled-design-2-52.jpg\",\"articleSection\":[\"B\u00f6lg\u0259\",\"X\u0259b\u0259rl\u0259r\"],\"inLanguage\":\"az\"},{\"@type\":\"WebPage\",\"@id\":\"https:\\\/\\\/www.meydan.tv\\\/az\\\/article\\\/serefeliler-tehsil-is-dalinca-gedenler-geri-qayitmir\\\/\",\"url\":\"https:\\\/\\\/www.meydan.tv\\\/az\\\/article\\\/serefeliler-tehsil-is-dalinca-gedenler-geri-qayitmir\\\/\",\"name\":\"\u015e\u0259r\u0259f\u0259lil\u0259r: \u201cT\u0259hsil, i\u015f dal\u0131nca ged\u0259nl\u0259r geri qay\u0131tm\u0131r\u201d - MEYDAN.TV\",\"isPartOf\":{\"@id\":\"https:\\\/\\\/www.meydan.tv\\\/az\\\/#website\"},\"primaryImageOfPage\":{\"@id\":\"https:\\\/\\\/www.meydan.tv\\\/az\\\/article\\\/serefeliler-tehsil-is-dalinca-gedenler-geri-qayitmir\\\/#primaryimage\"},\"image\":{\"@id\":\"https:\\\/\\\/www.meydan.tv\\\/az\\\/article\\\/serefeliler-tehsil-is-dalinca-gedenler-geri-qayitmir\\\/#primaryimage\"},\"thumbnailUrl\":\"https:\\\/\\\/www.meydan.tv\\\/wp-content\\\/uploads\\\/untitled-design-2-52.jpg\",\"datePublished\":\"2022-10-21T10:20:13+00:00\",\"dateModified\":\"2022-10-21T10:20:18+00:00\",\"breadcrumb\":{\"@id\":\"https:\\\/\\\/www.meydan.tv\\\/az\\\/article\\\/serefeliler-tehsil-is-dalinca-gedenler-geri-qayitmir\\\/#breadcrumb\"},\"inLanguage\":\"az\",\"potentialAction\":[{\"@type\":\"ReadAction\",\"target\":[\"https:\\\/\\\/www.meydan.tv\\\/az\\\/article\\\/serefeliler-tehsil-is-dalinca-gedenler-geri-qayitmir\\\/\"]}]},{\"@type\":\"ImageObject\",\"inLanguage\":\"az\",\"@id\":\"https:\\\/\\\/www.meydan.tv\\\/az\\\/article\\\/serefeliler-tehsil-is-dalinca-gedenler-geri-qayitmir\\\/#primaryimage\",\"url\":\"https:\\\/\\\/www.meydan.tv\\\/wp-content\\\/uploads\\\/untitled-design-2-52.jpg\",\"contentUrl\":\"https:\\\/\\\/www.meydan.tv\\\/wp-content\\\/uploads\\\/untitled-design-2-52.jpg\",\"width\":1200,\"height\":800,\"caption\":\"Fotolar: Meydan TV\"},{\"@type\":\"BreadcrumbList\",\"@id\":\"https:\\\/\\\/www.meydan.tv\\\/az\\\/article\\\/serefeliler-tehsil-is-dalinca-gedenler-geri-qayitmir\\\/#breadcrumb\",\"itemListElement\":[{\"@type\":\"ListItem\",\"position\":1,\"name\":\"Ana s\u0259hif\u0259\",\"item\":\"https:\\\/\\\/www.meydan.tv\\\/az\\\/\"},{\"@type\":\"ListItem\",\"position\":2,\"name\":\"B\u00f6lg\u0259\",\"item\":\"https:\\\/\\\/www.meydan.tv\\\/az\\\/section\\\/bolge\\\/\"},{\"@type\":\"ListItem\",\"position\":3,\"name\":\"\u015e\u0259r\u0259f\u0259lil\u0259r: \u201cT\u0259hsil, i\u015f dal\u0131nca ged\u0259nl\u0259r geri qay\u0131tm\u0131r\u201d\"}]},{\"@type\":\"WebSite\",\"@id\":\"https:\\\/\\\/www.meydan.tv\\\/az\\\/#website\",\"url\":\"https:\\\/\\\/www.meydan.tv\\\/az\\\/\",\"name\":\"MEYDAN.TV\",\"description\":\"Meydan TV Az\u0259rbaycan\u0131n media m\u0259kan\u0131ndak\u0131 alternativ s\u0259sidir\",\"publisher\":{\"@id\":\"https:\\\/\\\/www.meydan.tv\\\/az\\\/#organization\"},\"potentialAction\":[{\"@type\":\"SearchAction\",\"target\":{\"@type\":\"EntryPoint\",\"urlTemplate\":\"https:\\\/\\\/www.meydan.tv\\\/az\\\/?s={search_term_string}\"},\"query-input\":{\"@type\":\"PropertyValueSpecification\",\"valueRequired\":true,\"valueName\":\"search_term_string\"}}],\"inLanguage\":\"az\"},{\"@type\":\"Organization\",\"@id\":\"https:\\\/\\\/www.meydan.tv\\\/az\\\/#organization\",\"name\":\"Meydan TV\",\"url\":\"https:\\\/\\\/www.meydan.tv\\\/az\\\/\",\"logo\":{\"@type\":\"ImageObject\",\"inLanguage\":\"az\",\"@id\":\"https:\\\/\\\/www.meydan.tv\\\/az\\\/#\\\/schema\\\/logo\\\/image\\\/\",\"url\":\"https:\\\/\\\/www.meydan.tv\\\/wp-content\\\/uploads\\\/2021\\\/07\\\/meydan-logo.svg\",\"contentUrl\":\"https:\\\/\\\/www.meydan.tv\\\/wp-content\\\/uploads\\\/2021\\\/07\\\/meydan-logo.svg\",\"width\":195,\"height\":46,\"caption\":\"Meydan TV\"},\"image\":{\"@id\":\"https:\\\/\\\/www.meydan.tv\\\/az\\\/#\\\/schema\\\/logo\\\/image\\\/\"}},{\"@type\":\"Person\",\"@id\":\"https:\\\/\\\/www.meydan.tv\\\/az\\\/#\\\/schema\\\/person\\\/9cdbecf90d17180ce1dfbd95b08dcf47\",\"name\":\"elli\",\"sameAs\":[\"https:\\\/\\\/x.com\\\/elli\"]}]}<\/script>\n<!-- \/ Yoast SEO plugin. -->","yoast_head_json":{"title":"\u015e\u0259r\u0259f\u0259lil\u0259r: \u201cT\u0259hsil, i\u015f dal\u0131nca ged\u0259nl\u0259r geri qay\u0131tm\u0131r\u201d - MEYDAN.TV","robots":{"index":"index","follow":"follow","max-snippet":"max-snippet:-1","max-image-preview":"max-image-preview:large","max-video-preview":"max-video-preview:-1"},"canonical":"https:\/\/www.meydan.tv\/az\/article\/serefeliler-tehsil-is-dalinca-gedenler-geri-qayitmir\/","og_locale":"az_AZ","og_type":"article","og_title":"\u015e\u0259r\u0259f\u0259lil\u0259r: \u201cT\u0259hsil, i\u015f dal\u0131nca ged\u0259nl\u0259r geri qay\u0131tm\u0131r\u201d - MEYDAN.TV","og_description":"K\u0259ndlil\u0259r yoldan, qazdan, i\u015fsizlikd\u0259n gileyl\u0259nir \u00d6t\u0259n il Meydan TV Masall\u0131n\u0131n ... Davam\u0131","og_url":"https:\/\/www.meydan.tv\/az\/article\/serefeliler-tehsil-is-dalinca-gedenler-geri-qayitmir\/","og_site_name":"MEYDAN.TV","article_published_time":"2022-10-21T10:20:13+00:00","article_modified_time":"2022-10-21T10:20:18+00:00","og_image":[{"width":1200,"height":800,"url":"https:\/\/www.meydan.tv\/wp-content\/uploads\/untitled-design-2-52.jpg","type":"image\/jpeg"}],"author":"elli","twitter_card":"summary_large_image","twitter_creator":"@elli","schema":{"@context":"https:\/\/schema.org","@graph":[{"@type":"Article","@id":"https:\/\/www.meydan.tv\/az\/article\/serefeliler-tehsil-is-dalinca-gedenler-geri-qayitmir\/#article","isPartOf":{"@id":"https:\/\/www.meydan.tv\/az\/article\/serefeliler-tehsil-is-dalinca-gedenler-geri-qayitmir\/"},"author":{"name":"elli","@id":"https:\/\/www.meydan.tv\/az\/#\/schema\/person\/9cdbecf90d17180ce1dfbd95b08dcf47"},"headline":"\u015e\u0259r\u0259f\u0259lil\u0259r: \u201cT\u0259hsil, i\u015f dal\u0131nca ged\u0259nl\u0259r geri qay\u0131tm\u0131r\u201d","datePublished":"2022-10-21T10:20:13+00:00","dateModified":"2022-10-21T10:20:18+00:00","mainEntityOfPage":{"@id":"https:\/\/www.meydan.tv\/az\/article\/serefeliler-tehsil-is-dalinca-gedenler-geri-qayitmir\/"},"wordCount":698,"publisher":{"@id":"https:\/\/www.meydan.tv\/az\/#organization"},"image":{"@id":"https:\/\/www.meydan.tv\/az\/article\/serefeliler-tehsil-is-dalinca-gedenler-geri-qayitmir\/#primaryimage"},"thumbnailUrl":"https:\/\/www.meydan.tv\/wp-content\/uploads\/untitled-design-2-52.jpg","articleSection":["B\u00f6lg\u0259","X\u0259b\u0259rl\u0259r"],"inLanguage":"az"},{"@type":"WebPage","@id":"https:\/\/www.meydan.tv\/az\/article\/serefeliler-tehsil-is-dalinca-gedenler-geri-qayitmir\/","url":"https:\/\/www.meydan.tv\/az\/article\/serefeliler-tehsil-is-dalinca-gedenler-geri-qayitmir\/","name":"\u015e\u0259r\u0259f\u0259lil\u0259r: \u201cT\u0259hsil, i\u015f dal\u0131nca ged\u0259nl\u0259r geri qay\u0131tm\u0131r\u201d - MEYDAN.TV","isPartOf":{"@id":"https:\/\/www.meydan.tv\/az\/#website"},"primaryImageOfPage":{"@id":"https:\/\/www.meydan.tv\/az\/article\/serefeliler-tehsil-is-dalinca-gedenler-geri-qayitmir\/#primaryimage"},"image":{"@id":"https:\/\/www.meydan.tv\/az\/article\/serefeliler-tehsil-is-dalinca-gedenler-geri-qayitmir\/#primaryimage"},"thumbnailUrl":"https:\/\/www.meydan.tv\/wp-content\/uploads\/untitled-design-2-52.jpg","datePublished":"2022-10-21T10:20:13+00:00","dateModified":"2022-10-21T10:20:18+00:00","breadcrumb":{"@id":"https:\/\/www.meydan.tv\/az\/article\/serefeliler-tehsil-is-dalinca-gedenler-geri-qayitmir\/#breadcrumb"},"inLanguage":"az","potentialAction":[{"@type":"ReadAction","target":["https:\/\/www.meydan.tv\/az\/article\/serefeliler-tehsil-is-dalinca-gedenler-geri-qayitmir\/"]}]},{"@type":"ImageObject","inLanguage":"az","@id":"https:\/\/www.meydan.tv\/az\/article\/serefeliler-tehsil-is-dalinca-gedenler-geri-qayitmir\/#primaryimage","url":"https:\/\/www.meydan.tv\/wp-content\/uploads\/untitled-design-2-52.jpg","contentUrl":"https:\/\/www.meydan.tv\/wp-content\/uploads\/untitled-design-2-52.jpg","width":1200,"height":800,"caption":"Fotolar: Meydan TV"},{"@type":"BreadcrumbList","@id":"https:\/\/www.meydan.tv\/az\/article\/serefeliler-tehsil-is-dalinca-gedenler-geri-qayitmir\/#breadcrumb","itemListElement":[{"@type":"ListItem","position":1,"name":"Ana s\u0259hif\u0259","item":"https:\/\/www.meydan.tv\/az\/"},{"@type":"ListItem","position":2,"name":"B\u00f6lg\u0259","item":"https:\/\/www.meydan.tv\/az\/section\/bolge\/"},{"@type":"ListItem","position":3,"name":"\u015e\u0259r\u0259f\u0259lil\u0259r: \u201cT\u0259hsil, i\u015f dal\u0131nca ged\u0259nl\u0259r geri qay\u0131tm\u0131r\u201d"}]},{"@type":"WebSite","@id":"https:\/\/www.meydan.tv\/az\/#website","url":"https:\/\/www.meydan.tv\/az\/","name":"MEYDAN.TV","description":"Meydan TV Az\u0259rbaycan\u0131n media m\u0259kan\u0131ndak\u0131 alternativ s\u0259sidir","publisher":{"@id":"https:\/\/www.meydan.tv\/az\/#organization"},"potentialAction":[{"@type":"SearchAction","target":{"@type":"EntryPoint","urlTemplate":"https:\/\/www.meydan.tv\/az\/?s={search_term_string}"},"query-input":{"@type":"PropertyValueSpecification","valueRequired":true,"valueName":"search_term_string"}}],"inLanguage":"az"},{"@type":"Organization","@id":"https:\/\/www.meydan.tv\/az\/#organization","name":"Meydan TV","url":"https:\/\/www.meydan.tv\/az\/","logo":{"@type":"ImageObject","inLanguage":"az","@id":"https:\/\/www.meydan.tv\/az\/#\/schema\/logo\/image\/","url":"https:\/\/www.meydan.tv\/wp-content\/uploads\/2021\/07\/meydan-logo.svg","contentUrl":"https:\/\/www.meydan.tv\/wp-content\/uploads\/2021\/07\/meydan-logo.svg","width":195,"height":46,"caption":"Meydan TV"},"image":{"@id":"https:\/\/www.meydan.tv\/az\/#\/schema\/logo\/image\/"}},{"@type":"Person","@id":"https:\/\/www.meydan.tv\/az\/#\/schema\/person\/9cdbecf90d17180ce1dfbd95b08dcf47","name":"elli","sameAs":["https:\/\/x.com\/elli"]}]}},"_links":{"self":[{"href":"https:\/\/www.meydan.tv\/az\/wp-json\/wp\/v2\/posts\/258954","targetHints":{"allow":["GET"]}}],"collection":[{"href":"https:\/\/www.meydan.tv\/az\/wp-json\/wp\/v2\/posts"}],"about":[{"href":"https:\/\/www.meydan.tv\/az\/wp-json\/wp\/v2\/types\/post"}],"author":[{"embeddable":true,"href":"https:\/\/www.meydan.tv\/az\/wp-json\/wp\/v2\/users\/8"}],"replies":[{"embeddable":true,"href":"https:\/\/www.meydan.tv\/az\/wp-json\/wp\/v2\/comments?post=258954"}],"version-history":[{"count":1,"href":"https:\/\/www.meydan.tv\/az\/wp-json\/wp\/v2\/posts\/258954\/revisions"}],"predecessor-version":[{"id":258955,"href":"https:\/\/www.meydan.tv\/az\/wp-json\/wp\/v2\/posts\/258954\/revisions\/258955"}],"wp:featuredmedia":[{"embeddable":true,"href":"https:\/\/www.meydan.tv\/az\/wp-json\/wp\/v2\/media\/258945"}],"wp:attachment":[{"href":"https:\/\/www.meydan.tv\/az\/wp-json\/wp\/v2\/media?parent=258954"}],"wp:term":[{"taxonomy":"category","embeddable":true,"href":"https:\/\/www.meydan.tv\/az\/wp-json\/wp\/v2\/categories?post=258954"},{"taxonomy":"post_tag","embeddable":true,"href":"https:\/\/www.meydan.tv\/az\/wp-json\/wp\/v2\/tags?post=258954"}],"curies":[{"name":"wp","href":"https:\/\/api.w.org\/{rel}","templated":true}]}}