{"id":258858,"date":"2022-10-20T17:39:11","date_gmt":"2022-10-20T13:39:11","guid":{"rendered":"https:\/\/www.meydan.tv\/?p=258858"},"modified":"2022-10-20T17:40:42","modified_gmt":"2022-10-20T13:40:42","slug":"qizi-suleyman-abdullayevin-sehhetinin-yaxsilasdigini-deyir","status":"publish","type":"post","link":"https:\/\/www.meydan.tv\/az\/article\/qizi-suleyman-abdullayevin-sehhetinin-yaxsilasdigini-deyir\/","title":{"rendered":"Q\u0131z\u0131 S\u00fcleyman Abdullayevin s\u0259hh\u0259tinin yax\u015f\u0131la\u015fd\u0131\u011f\u0131n\u0131 deyir"},"content":{"rendered":"\n<p><\/p>\n\n\n\n<p><em>Xan\u0259nd\u0259 art\u0131q yem\u0259k yey\u0259 bilir<\/em><\/p>\n\n\n\n<p>\u018fm\u0259kdar artist, xan\u0259nd\u0259 S\u00fcleyman Abdullayevin v\u0259ziyy\u0259ti yax\u015f\u0131la\u015f\u0131r.<\/p>\n\n\n\n<p>Bu haqda Meydan TV-y\u0259 xan\u0259nd\u0259nin q\u0131z\u0131 Ayg\u00fcn Abdullayeva m\u0259lumat verib.<\/p>\n\n\n\n<p>\u201cAtam on s\u0259kkiz g\u00fcn idi ki, he\u00e7 n\u0259 yemirdi. Bu g\u00fcnl\u0259r \u0259rzind\u0259 h\u0259kiml\u0259r ona sistem qo\u015fmaq ist\u0259yirdil\u0259r, lakin b\u0259d\u0259ni q\u0259bul etmirdi. Sistem qoyulan kimi damarlar\u0131 partlay\u0131rd\u0131. Oktyabr\u0131n 18-d\u0259 ax\u015fam saatlar\u0131nda q\u0259fil dedi ki, xa\u015f ist\u0259yir\u0259m. Biz d\u0259 ist\u0259diyi yem\u0259yi ona t\u0259\u015fkil etdik, yedi. O g\u00fcnd\u0259n s\u0259hh\u0259tind\u0259n ir\u0259lil\u0259yi\u015f var, art\u0131q qida q\u0259bul edir. H\u0259kiml\u0259r g\u00f6zl\u0259yirl\u0259r ki, bir ne\u00e7\u0259 g\u00fcn d\u0259 ke\u00e7sin, v\u0259ziyy\u0259ti yenid\u0259n qiym\u0259tl\u0259ndirilsin\u201d.<\/p>\n\n\n\n<p>Ayg\u00fcn Abdullayeva bildirib ki, xan\u0259nd\u0259 yax\u0131n g\u00fcnl\u0259rd\u0259 x\u0259st\u0259xanaya yerl\u0259\u015fdiril\u0259c\u0259k, m\u00fcalic\u0259sini orada davam etdir\u0259c\u0259k:<\/p>\n\n\n\n<p>\u201cXalq artisti A\u011fadada\u015f A\u011fayev v\u0259 teleapar\u0131c\u0131 Nuran H\u00fcseynov bir ne\u00e7\u0259 g\u00fcn \u00f6nc\u0259 atam\u0131n yan\u0131na g\u0259lmi\u015fdil\u0259r. Sa\u011f olsunlar, yard\u0131mlar\u0131n\u0131 bizd\u0259n \u0259sirg\u0259m\u0259dil\u0259r. Dedil\u0259r ki, h\u0259kiml\u0259rl\u0259 dan\u0131\u015f\u0131qlar apar\u0131l\u0131r. Ola bilsin ki, atam x\u0259st\u0259xanaya yerl\u0259\u015fdirilsin. Atam x\u0259st\u0259xanada m\u00fcalic\u0259 olunmaq ist\u0259mirdi. Nuran H\u00fcseynov onu yola g\u0259tirdi\u201d.<\/p>\n\n\n\n<p>Q\u0131z\u0131n\u0131n dediyin\u0259 g\u00f6r\u0259, S\u00fcleyman Abdullayev 45 ya\u015f\u0131ndan \u015f\u0259k\u0259rli diabet x\u0259st\u0259liyind\u0259n \u0259ziyy\u0259t \u00e7\u0259kir. Buna g\u00f6r\u0259 xan\u0259nd\u0259nin 2021-ci ild\u0259 a\u015fa\u011f\u0131 \u0259traflar\u0131nda qanqrena ba\u015f verib v\u0259 aya\u011f\u0131n\u0131n ba\u015f barma\u011f\u0131 amputasiya olunub:<\/p>\n\n\n\n<p>\u201cBu il avqustun sonlar\u0131nda yenid\u0259n aya\u011f\u0131 qanqrena etdi. R\u0259hm\u0259tlik anam h\u0259kim idi, h\u0259mi\u015f\u0259 deyirdi ki, \u015f\u0259k\u0259r x\u0259st\u0259si he\u00e7 vaxt aya\u011f\u0131n\u0131 s\u0131xan, narahat ayaqqab\u0131 geyinm\u0259m\u0259lidir. Atam da s\u0259n\u0259t adam\u0131d\u0131r, xalq aras\u0131nda olurdu. Ba\u015f barma\u011f\u0131 k\u0259sil\u0259nd\u0259n sonra h\u0259kim idman ayaqqab\u0131s\u0131, daha do\u011frusu, ortopedik ayaqqab\u0131 geyinm\u0259yi m\u0259sl\u0259h\u0259t g\u00f6rd\u00fc. Atam raz\u0131la\u015fmad\u0131 ki, s\u0259n\u0259t adam\u0131yam, camaat i\u00e7in\u0259 \u00e7\u0131x\u0131ram, biab\u0131r olaram. \u00d6n hiss\u0259si dar olan ayaqqab\u0131lar geyindiyi \u00fc\u00e7\u00fcn bu d\u0259f\u0259 aya\u011f\u0131n\u0131n \u00e7e\u00e7\u0259l\u0259 barma\u011f\u0131 qanqrena etdi\u201d.<\/p>\n\n\n\n<p>Ayg\u00fcn Abdullayevan\u0131n s\u00f6zl\u0259rin\u0259 g\u00f6r\u0259, h\u0259kim m\u00fcayin\u0259si zaman\u0131 m\u0259lum olub ki, xan\u0259nd\u0259nin s\u0259hh\u0259tind\u0259 daha ciddi probleml\u0259r var:<\/p>\n\n\n\n<p>\u201c\u00c7e\u00e7\u0259l\u0259 barma\u011f\u0131 da amputasiya olundu. Bundan sonra atam yata\u011fa d\u00fc\u015fd\u00fc, hal\u0131 g\u00fcnd\u0259n-g\u00fcn\u0259 pisl\u0259\u015fdi. Eyni zamanda b\u00f6yr\u0259yind\u0259 d\u0259 problem yaranm\u0131\u015fd\u0131. M\u00fcayin\u0259 zaman\u0131 m\u0259lum oldur ki, \u00fcr\u0259yinin 20-30 faizi i\u015fl\u0259yir. Sol b\u00f6yr\u0259yi is\u0259 tamamil\u0259 i\u015fl\u0259mir. Aya\u011f\u0131 bir t\u0259r\u0259fd\u0259n, b\u00f6yr\u0259yind\u0259 yaranan problem dig\u0259r t\u0259r\u0259fd\u0259n atam\u0131 tamamil\u0259 \u00fczd\u00fc. \u0130ndi s\u0259hh\u0259ti yax\u015f\u0131la\u015f\u0131r, tamamil\u0259 sa\u011falaca\u011f\u0131na \u00fcmid edir\u0259m\u201d.<\/p>\n\n\n\n<p>S\u00fcleyman Abdullayev 1939-cu ild\u0259 F\u00fczulinin Qo\u00e7\u0259hm\u0259dli k\u0259ndind\u0259 do\u011fulub.<\/p>\n\n\n\n<p>O, 1960-1964-c\u00fc ill\u0259r \u0259rzind\u0259 Az\u0259rbaycan D\u00f6vl\u0259t Musiqi M\u0259kt\u0259bind\u0259 Seyid \u015eu\u015finskinin sinfind\u0259 t\u0259hsil al\u0131b.<\/p>\n\n\n\n<p>1964-c\u00fc ild\u0259n M\u00fcsl\u00fcm Maqomayev ad\u0131na Az\u0259rbaycan D\u00f6vl\u0259t Filarmoniyas\u0131n\u0131n solisti kimi f\u0259aliyy\u0259t\u0259 ba\u015flay\u0131b.<\/p>\n\n\n\n<p>1969-cu ild\u0259 T\u00fcrkiy\u0259nin \u0130stanbul \u015f\u0259h\u0259rind\u0259 ke\u00e7iril\u0259n \u00fcmumd\u00fcnya festival\u0131n\u0131n qalibi olub.<\/p>\n\n\n\n<p>S\u0259si il\u0259 \u00e7ox sevil\u0259n xan\u0259nd\u0259y\u0259 \u201cD\u0259d\u0259 S\u00fcleyman\u201d l\u0259q\u0259bi verilib.<\/p>\n","protected":false},"excerpt":{"rendered":"<p>Xan\u0259nd\u0259 art\u0131q yem\u0259k yey\u0259 bilir \u018fm\u0259kdar artist, xan\u0259nd\u0259 S\u00fcleyman Abdullayevin &#8230; <\/p>\n<p class=\"read-more-container\"><a title=\"Q\u0131z\u0131 S\u00fcleyman Abdullayevin s\u0259hh\u0259tinin yax\u015f\u0131la\u015fd\u0131\u011f\u0131n\u0131 deyir\" class=\"read-more button\" href=\"https:\/\/www.meydan.tv\/az\/article\/qizi-suleyman-abdullayevin-sehhetinin-yaxsilasdigini-deyir\/#more-258858\" aria-label=\"Read more about Q\u0131z\u0131 S\u00fcleyman Abdullayevin s\u0259hh\u0259tinin yax\u015f\u0131la\u015fd\u0131\u011f\u0131n\u0131 deyir\">Davam\u0131<\/a><\/p>\n","protected":false},"author":8,"featured_media":258859,"comment_status":"closed","ping_status":"closed","sticky":false,"template":"","format":"standard","meta":{"_acf_changed":false,"_sitemap_exclude":false,"_sitemap_priority":"","_sitemap_frequency":"","footnotes":""},"categories":[52,56],"tags":[],"class_list":["post-258858","post","type-post","status-publish","format-standard","has-post-thumbnail","hentry","category-medeniyyet","category-xeberler","infinite-scroll-item","generate-columns","tablet-grid-50","mobile-grid-100","grid-parent","grid-33","no-featured-image-padding"],"acf":[],"yoast_head":"<!-- This site is optimized with the Yoast SEO plugin v27.5 - https:\/\/yoast.com\/product\/yoast-seo-wordpress\/ -->\n<title>Q\u0131z\u0131 S\u00fcleyman Abdullayevin s\u0259hh\u0259tinin yax\u015f\u0131la\u015fd\u0131\u011f\u0131n\u0131 deyir - MEYDAN.TV<\/title>\n<meta name=\"robots\" content=\"index, follow, max-snippet:-1, max-image-preview:large, max-video-preview:-1\" \/>\n<link rel=\"canonical\" href=\"https:\/\/www.meydan.tv\/az\/article\/qizi-suleyman-abdullayevin-sehhetinin-yaxsilasdigini-deyir\/\" \/>\n<meta property=\"og:locale\" content=\"az_AZ\" \/>\n<meta property=\"og:type\" content=\"article\" \/>\n<meta property=\"og:title\" content=\"Q\u0131z\u0131 S\u00fcleyman Abdullayevin s\u0259hh\u0259tinin yax\u015f\u0131la\u015fd\u0131\u011f\u0131n\u0131 deyir - MEYDAN.TV\" \/>\n<meta property=\"og:description\" content=\"Xan\u0259nd\u0259 art\u0131q yem\u0259k yey\u0259 bilir \u018fm\u0259kdar artist, xan\u0259nd\u0259 S\u00fcleyman Abdullayevin ... Davam\u0131\" \/>\n<meta property=\"og:url\" content=\"https:\/\/www.meydan.tv\/az\/article\/qizi-suleyman-abdullayevin-sehhetinin-yaxsilasdigini-deyir\/\" \/>\n<meta property=\"og:site_name\" content=\"MEYDAN.TV\" \/>\n<meta property=\"article:published_time\" content=\"2022-10-20T13:39:11+00:00\" \/>\n<meta property=\"article:modified_time\" content=\"2022-10-20T13:40:42+00:00\" \/>\n<meta property=\"og:image\" content=\"https:\/\/www.meydan.tv\/wp-content\/uploads\/634e59b3ddac0634e59b3ddac11666079155634e59b3ddabe634e59b3ddabf-e1666273234655.jpg\" \/>\n\t<meta property=\"og:image:width\" content=\"1200\" \/>\n\t<meta property=\"og:image:height\" content=\"708\" \/>\n\t<meta property=\"og:image:type\" content=\"image\/jpeg\" \/>\n<meta name=\"author\" content=\"elli\" \/>\n<meta name=\"twitter:card\" content=\"summary_large_image\" \/>\n<meta name=\"twitter:creator\" content=\"@elli\" \/>\n<script type=\"application\/ld+json\" class=\"yoast-schema-graph\">{\"@context\":\"https:\\\/\\\/schema.org\",\"@graph\":[{\"@type\":\"Article\",\"@id\":\"https:\\\/\\\/www.meydan.tv\\\/az\\\/article\\\/qizi-suleyman-abdullayevin-sehhetinin-yaxsilasdigini-deyir\\\/#article\",\"isPartOf\":{\"@id\":\"https:\\\/\\\/www.meydan.tv\\\/az\\\/article\\\/qizi-suleyman-abdullayevin-sehhetinin-yaxsilasdigini-deyir\\\/\"},\"author\":{\"name\":\"elli\",\"@id\":\"https:\\\/\\\/www.meydan.tv\\\/az\\\/#\\\/schema\\\/person\\\/9cdbecf90d17180ce1dfbd95b08dcf47\"},\"headline\":\"Q\u0131z\u0131 S\u00fcleyman Abdullayevin s\u0259hh\u0259tinin yax\u015f\u0131la\u015fd\u0131\u011f\u0131n\u0131 deyir\",\"datePublished\":\"2022-10-20T13:39:11+00:00\",\"dateModified\":\"2022-10-20T13:40:42+00:00\",\"mainEntityOfPage\":{\"@id\":\"https:\\\/\\\/www.meydan.tv\\\/az\\\/article\\\/qizi-suleyman-abdullayevin-sehhetinin-yaxsilasdigini-deyir\\\/\"},\"wordCount\":625,\"publisher\":{\"@id\":\"https:\\\/\\\/www.meydan.tv\\\/az\\\/#organization\"},\"image\":{\"@id\":\"https:\\\/\\\/www.meydan.tv\\\/az\\\/article\\\/qizi-suleyman-abdullayevin-sehhetinin-yaxsilasdigini-deyir\\\/#primaryimage\"},\"thumbnailUrl\":\"https:\\\/\\\/www.meydan.tv\\\/wp-content\\\/uploads\\\/634e59b3ddac0634e59b3ddac11666079155634e59b3ddabe634e59b3ddabf-e1666273234655.jpg\",\"articleSection\":[\"M\u0259d\u0259niyy\u0259t\",\"X\u0259b\u0259rl\u0259r\"],\"inLanguage\":\"az\"},{\"@type\":\"WebPage\",\"@id\":\"https:\\\/\\\/www.meydan.tv\\\/az\\\/article\\\/qizi-suleyman-abdullayevin-sehhetinin-yaxsilasdigini-deyir\\\/\",\"url\":\"https:\\\/\\\/www.meydan.tv\\\/az\\\/article\\\/qizi-suleyman-abdullayevin-sehhetinin-yaxsilasdigini-deyir\\\/\",\"name\":\"Q\u0131z\u0131 S\u00fcleyman Abdullayevin s\u0259hh\u0259tinin yax\u015f\u0131la\u015fd\u0131\u011f\u0131n\u0131 deyir - MEYDAN.TV\",\"isPartOf\":{\"@id\":\"https:\\\/\\\/www.meydan.tv\\\/az\\\/#website\"},\"primaryImageOfPage\":{\"@id\":\"https:\\\/\\\/www.meydan.tv\\\/az\\\/article\\\/qizi-suleyman-abdullayevin-sehhetinin-yaxsilasdigini-deyir\\\/#primaryimage\"},\"image\":{\"@id\":\"https:\\\/\\\/www.meydan.tv\\\/az\\\/article\\\/qizi-suleyman-abdullayevin-sehhetinin-yaxsilasdigini-deyir\\\/#primaryimage\"},\"thumbnailUrl\":\"https:\\\/\\\/www.meydan.tv\\\/wp-content\\\/uploads\\\/634e59b3ddac0634e59b3ddac11666079155634e59b3ddabe634e59b3ddabf-e1666273234655.jpg\",\"datePublished\":\"2022-10-20T13:39:11+00:00\",\"dateModified\":\"2022-10-20T13:40:42+00:00\",\"breadcrumb\":{\"@id\":\"https:\\\/\\\/www.meydan.tv\\\/az\\\/article\\\/qizi-suleyman-abdullayevin-sehhetinin-yaxsilasdigini-deyir\\\/#breadcrumb\"},\"inLanguage\":\"az\",\"potentialAction\":[{\"@type\":\"ReadAction\",\"target\":[\"https:\\\/\\\/www.meydan.tv\\\/az\\\/article\\\/qizi-suleyman-abdullayevin-sehhetinin-yaxsilasdigini-deyir\\\/\"]}]},{\"@type\":\"ImageObject\",\"inLanguage\":\"az\",\"@id\":\"https:\\\/\\\/www.meydan.tv\\\/az\\\/article\\\/qizi-suleyman-abdullayevin-sehhetinin-yaxsilasdigini-deyir\\\/#primaryimage\",\"url\":\"https:\\\/\\\/www.meydan.tv\\\/wp-content\\\/uploads\\\/634e59b3ddac0634e59b3ddac11666079155634e59b3ddabe634e59b3ddabf-e1666273234655.jpg\",\"contentUrl\":\"https:\\\/\\\/www.meydan.tv\\\/wp-content\\\/uploads\\\/634e59b3ddac0634e59b3ddac11666079155634e59b3ddabe634e59b3ddabf-e1666273234655.jpg\",\"width\":1200,\"height\":708,\"caption\":\"Foto: APA\"},{\"@type\":\"BreadcrumbList\",\"@id\":\"https:\\\/\\\/www.meydan.tv\\\/az\\\/article\\\/qizi-suleyman-abdullayevin-sehhetinin-yaxsilasdigini-deyir\\\/#breadcrumb\",\"itemListElement\":[{\"@type\":\"ListItem\",\"position\":1,\"name\":\"Ana s\u0259hif\u0259\",\"item\":\"https:\\\/\\\/www.meydan.tv\\\/az\\\/\"},{\"@type\":\"ListItem\",\"position\":2,\"name\":\"M\u0259d\u0259niyy\u0259t\",\"item\":\"https:\\\/\\\/www.meydan.tv\\\/az\\\/section\\\/medeniyyet\\\/\"},{\"@type\":\"ListItem\",\"position\":3,\"name\":\"Q\u0131z\u0131 S\u00fcleyman Abdullayevin s\u0259hh\u0259tinin yax\u015f\u0131la\u015fd\u0131\u011f\u0131n\u0131 deyir\"}]},{\"@type\":\"WebSite\",\"@id\":\"https:\\\/\\\/www.meydan.tv\\\/az\\\/#website\",\"url\":\"https:\\\/\\\/www.meydan.tv\\\/az\\\/\",\"name\":\"MEYDAN.TV\",\"description\":\"Meydan TV Az\u0259rbaycan\u0131n media m\u0259kan\u0131ndak\u0131 alternativ s\u0259sidir\",\"publisher\":{\"@id\":\"https:\\\/\\\/www.meydan.tv\\\/az\\\/#organization\"},\"potentialAction\":[{\"@type\":\"SearchAction\",\"target\":{\"@type\":\"EntryPoint\",\"urlTemplate\":\"https:\\\/\\\/www.meydan.tv\\\/az\\\/?s={search_term_string}\"},\"query-input\":{\"@type\":\"PropertyValueSpecification\",\"valueRequired\":true,\"valueName\":\"search_term_string\"}}],\"inLanguage\":\"az\"},{\"@type\":\"Organization\",\"@id\":\"https:\\\/\\\/www.meydan.tv\\\/az\\\/#organization\",\"name\":\"Meydan TV\",\"url\":\"https:\\\/\\\/www.meydan.tv\\\/az\\\/\",\"logo\":{\"@type\":\"ImageObject\",\"inLanguage\":\"az\",\"@id\":\"https:\\\/\\\/www.meydan.tv\\\/az\\\/#\\\/schema\\\/logo\\\/image\\\/\",\"url\":\"https:\\\/\\\/www.meydan.tv\\\/wp-content\\\/uploads\\\/2021\\\/07\\\/meydan-logo.svg\",\"contentUrl\":\"https:\\\/\\\/www.meydan.tv\\\/wp-content\\\/uploads\\\/2021\\\/07\\\/meydan-logo.svg\",\"width\":195,\"height\":46,\"caption\":\"Meydan TV\"},\"image\":{\"@id\":\"https:\\\/\\\/www.meydan.tv\\\/az\\\/#\\\/schema\\\/logo\\\/image\\\/\"}},{\"@type\":\"Person\",\"@id\":\"https:\\\/\\\/www.meydan.tv\\\/az\\\/#\\\/schema\\\/person\\\/9cdbecf90d17180ce1dfbd95b08dcf47\",\"name\":\"elli\",\"sameAs\":[\"https:\\\/\\\/x.com\\\/elli\"]}]}<\/script>\n<!-- \/ Yoast SEO plugin. -->","yoast_head_json":{"title":"Q\u0131z\u0131 S\u00fcleyman Abdullayevin s\u0259hh\u0259tinin yax\u015f\u0131la\u015fd\u0131\u011f\u0131n\u0131 deyir - MEYDAN.TV","robots":{"index":"index","follow":"follow","max-snippet":"max-snippet:-1","max-image-preview":"max-image-preview:large","max-video-preview":"max-video-preview:-1"},"canonical":"https:\/\/www.meydan.tv\/az\/article\/qizi-suleyman-abdullayevin-sehhetinin-yaxsilasdigini-deyir\/","og_locale":"az_AZ","og_type":"article","og_title":"Q\u0131z\u0131 S\u00fcleyman Abdullayevin s\u0259hh\u0259tinin yax\u015f\u0131la\u015fd\u0131\u011f\u0131n\u0131 deyir - MEYDAN.TV","og_description":"Xan\u0259nd\u0259 art\u0131q yem\u0259k yey\u0259 bilir \u018fm\u0259kdar artist, xan\u0259nd\u0259 S\u00fcleyman Abdullayevin ... Davam\u0131","og_url":"https:\/\/www.meydan.tv\/az\/article\/qizi-suleyman-abdullayevin-sehhetinin-yaxsilasdigini-deyir\/","og_site_name":"MEYDAN.TV","article_published_time":"2022-10-20T13:39:11+00:00","article_modified_time":"2022-10-20T13:40:42+00:00","og_image":[{"width":1200,"height":708,"url":"https:\/\/www.meydan.tv\/wp-content\/uploads\/634e59b3ddac0634e59b3ddac11666079155634e59b3ddabe634e59b3ddabf-e1666273234655.jpg","type":"image\/jpeg"}],"author":"elli","twitter_card":"summary_large_image","twitter_creator":"@elli","schema":{"@context":"https:\/\/schema.org","@graph":[{"@type":"Article","@id":"https:\/\/www.meydan.tv\/az\/article\/qizi-suleyman-abdullayevin-sehhetinin-yaxsilasdigini-deyir\/#article","isPartOf":{"@id":"https:\/\/www.meydan.tv\/az\/article\/qizi-suleyman-abdullayevin-sehhetinin-yaxsilasdigini-deyir\/"},"author":{"name":"elli","@id":"https:\/\/www.meydan.tv\/az\/#\/schema\/person\/9cdbecf90d17180ce1dfbd95b08dcf47"},"headline":"Q\u0131z\u0131 S\u00fcleyman Abdullayevin s\u0259hh\u0259tinin yax\u015f\u0131la\u015fd\u0131\u011f\u0131n\u0131 deyir","datePublished":"2022-10-20T13:39:11+00:00","dateModified":"2022-10-20T13:40:42+00:00","mainEntityOfPage":{"@id":"https:\/\/www.meydan.tv\/az\/article\/qizi-suleyman-abdullayevin-sehhetinin-yaxsilasdigini-deyir\/"},"wordCount":625,"publisher":{"@id":"https:\/\/www.meydan.tv\/az\/#organization"},"image":{"@id":"https:\/\/www.meydan.tv\/az\/article\/qizi-suleyman-abdullayevin-sehhetinin-yaxsilasdigini-deyir\/#primaryimage"},"thumbnailUrl":"https:\/\/www.meydan.tv\/wp-content\/uploads\/634e59b3ddac0634e59b3ddac11666079155634e59b3ddabe634e59b3ddabf-e1666273234655.jpg","articleSection":["M\u0259d\u0259niyy\u0259t","X\u0259b\u0259rl\u0259r"],"inLanguage":"az"},{"@type":"WebPage","@id":"https:\/\/www.meydan.tv\/az\/article\/qizi-suleyman-abdullayevin-sehhetinin-yaxsilasdigini-deyir\/","url":"https:\/\/www.meydan.tv\/az\/article\/qizi-suleyman-abdullayevin-sehhetinin-yaxsilasdigini-deyir\/","name":"Q\u0131z\u0131 S\u00fcleyman Abdullayevin s\u0259hh\u0259tinin yax\u015f\u0131la\u015fd\u0131\u011f\u0131n\u0131 deyir - MEYDAN.TV","isPartOf":{"@id":"https:\/\/www.meydan.tv\/az\/#website"},"primaryImageOfPage":{"@id":"https:\/\/www.meydan.tv\/az\/article\/qizi-suleyman-abdullayevin-sehhetinin-yaxsilasdigini-deyir\/#primaryimage"},"image":{"@id":"https:\/\/www.meydan.tv\/az\/article\/qizi-suleyman-abdullayevin-sehhetinin-yaxsilasdigini-deyir\/#primaryimage"},"thumbnailUrl":"https:\/\/www.meydan.tv\/wp-content\/uploads\/634e59b3ddac0634e59b3ddac11666079155634e59b3ddabe634e59b3ddabf-e1666273234655.jpg","datePublished":"2022-10-20T13:39:11+00:00","dateModified":"2022-10-20T13:40:42+00:00","breadcrumb":{"@id":"https:\/\/www.meydan.tv\/az\/article\/qizi-suleyman-abdullayevin-sehhetinin-yaxsilasdigini-deyir\/#breadcrumb"},"inLanguage":"az","potentialAction":[{"@type":"ReadAction","target":["https:\/\/www.meydan.tv\/az\/article\/qizi-suleyman-abdullayevin-sehhetinin-yaxsilasdigini-deyir\/"]}]},{"@type":"ImageObject","inLanguage":"az","@id":"https:\/\/www.meydan.tv\/az\/article\/qizi-suleyman-abdullayevin-sehhetinin-yaxsilasdigini-deyir\/#primaryimage","url":"https:\/\/www.meydan.tv\/wp-content\/uploads\/634e59b3ddac0634e59b3ddac11666079155634e59b3ddabe634e59b3ddabf-e1666273234655.jpg","contentUrl":"https:\/\/www.meydan.tv\/wp-content\/uploads\/634e59b3ddac0634e59b3ddac11666079155634e59b3ddabe634e59b3ddabf-e1666273234655.jpg","width":1200,"height":708,"caption":"Foto: APA"},{"@type":"BreadcrumbList","@id":"https:\/\/www.meydan.tv\/az\/article\/qizi-suleyman-abdullayevin-sehhetinin-yaxsilasdigini-deyir\/#breadcrumb","itemListElement":[{"@type":"ListItem","position":1,"name":"Ana s\u0259hif\u0259","item":"https:\/\/www.meydan.tv\/az\/"},{"@type":"ListItem","position":2,"name":"M\u0259d\u0259niyy\u0259t","item":"https:\/\/www.meydan.tv\/az\/section\/medeniyyet\/"},{"@type":"ListItem","position":3,"name":"Q\u0131z\u0131 S\u00fcleyman Abdullayevin s\u0259hh\u0259tinin yax\u015f\u0131la\u015fd\u0131\u011f\u0131n\u0131 deyir"}]},{"@type":"WebSite","@id":"https:\/\/www.meydan.tv\/az\/#website","url":"https:\/\/www.meydan.tv\/az\/","name":"MEYDAN.TV","description":"Meydan TV Az\u0259rbaycan\u0131n media m\u0259kan\u0131ndak\u0131 alternativ s\u0259sidir","publisher":{"@id":"https:\/\/www.meydan.tv\/az\/#organization"},"potentialAction":[{"@type":"SearchAction","target":{"@type":"EntryPoint","urlTemplate":"https:\/\/www.meydan.tv\/az\/?s={search_term_string}"},"query-input":{"@type":"PropertyValueSpecification","valueRequired":true,"valueName":"search_term_string"}}],"inLanguage":"az"},{"@type":"Organization","@id":"https:\/\/www.meydan.tv\/az\/#organization","name":"Meydan TV","url":"https:\/\/www.meydan.tv\/az\/","logo":{"@type":"ImageObject","inLanguage":"az","@id":"https:\/\/www.meydan.tv\/az\/#\/schema\/logo\/image\/","url":"https:\/\/www.meydan.tv\/wp-content\/uploads\/2021\/07\/meydan-logo.svg","contentUrl":"https:\/\/www.meydan.tv\/wp-content\/uploads\/2021\/07\/meydan-logo.svg","width":195,"height":46,"caption":"Meydan TV"},"image":{"@id":"https:\/\/www.meydan.tv\/az\/#\/schema\/logo\/image\/"}},{"@type":"Person","@id":"https:\/\/www.meydan.tv\/az\/#\/schema\/person\/9cdbecf90d17180ce1dfbd95b08dcf47","name":"elli","sameAs":["https:\/\/x.com\/elli"]}]}},"_links":{"self":[{"href":"https:\/\/www.meydan.tv\/az\/wp-json\/wp\/v2\/posts\/258858","targetHints":{"allow":["GET"]}}],"collection":[{"href":"https:\/\/www.meydan.tv\/az\/wp-json\/wp\/v2\/posts"}],"about":[{"href":"https:\/\/www.meydan.tv\/az\/wp-json\/wp\/v2\/types\/post"}],"author":[{"embeddable":true,"href":"https:\/\/www.meydan.tv\/az\/wp-json\/wp\/v2\/users\/8"}],"replies":[{"embeddable":true,"href":"https:\/\/www.meydan.tv\/az\/wp-json\/wp\/v2\/comments?post=258858"}],"version-history":[{"count":1,"href":"https:\/\/www.meydan.tv\/az\/wp-json\/wp\/v2\/posts\/258858\/revisions"}],"predecessor-version":[{"id":258862,"href":"https:\/\/www.meydan.tv\/az\/wp-json\/wp\/v2\/posts\/258858\/revisions\/258862"}],"wp:featuredmedia":[{"embeddable":true,"href":"https:\/\/www.meydan.tv\/az\/wp-json\/wp\/v2\/media\/258859"}],"wp:attachment":[{"href":"https:\/\/www.meydan.tv\/az\/wp-json\/wp\/v2\/media?parent=258858"}],"wp:term":[{"taxonomy":"category","embeddable":true,"href":"https:\/\/www.meydan.tv\/az\/wp-json\/wp\/v2\/categories?post=258858"},{"taxonomy":"post_tag","embeddable":true,"href":"https:\/\/www.meydan.tv\/az\/wp-json\/wp\/v2\/tags?post=258858"}],"curies":[{"name":"wp","href":"https:\/\/api.w.org\/{rel}","templated":true}]}}