{"id":258829,"date":"2022-10-20T15:22:05","date_gmt":"2022-10-20T11:22:05","guid":{"rendered":"https:\/\/www.meydan.tv\/?p=258829"},"modified":"2022-10-20T15:22:10","modified_gmt":"2022-10-20T11:22:10","slug":"nermin-isinde-vezifeli-sexslerin-dindirilmesi-teleb-olundu-kamal-qilicov-sirzad-esgerov","status":"publish","type":"post","link":"https:\/\/www.meydan.tv\/az\/article\/nermin-isinde-vezifeli-sexslerin-dindirilmesi-teleb-olundu-kamal-qilicov-sirzad-esgerov\/","title":{"rendered":"\u201cN\u0259rmin i\u015fi\u201dnd\u0259 v\u0259zif\u0259li \u015f\u0259xsl\u0259rin dindirilm\u0259si t\u0259l\u0259b olundu: Kamal Q\u0131l\u0131cov, \u015eirzad \u018fsg\u0259rov\u2026"},"content":{"rendered":"\n<p><\/p>\n\n\n\n<p><em>M\u0259hk\u0259m\u0259 bir ne\u00e7\u0259 v\u0259sat\u0259ti t\u0259min edib<\/em><\/p>\n\n\n\n<p>Tovuz rayonunun Dondar Qu\u015f\u00e7u k\u0259ndind\u0259 10 ya\u015fl\u0131 N\u0259rmin Quliyevan\u0131n o\u011furlanmas\u0131, 47 g\u00fcn sonra k\u0259ndd\u0259 yand\u0131r\u0131lm\u0131\u015f meyitin tap\u0131lmas\u0131yla ba\u011fl\u0131 m\u0259hk\u0259m\u0259 prosesi davam edir. G\u0259nc\u0259 A\u011f\u0131r Cinay\u0259tl\u0259r M\u0259hk\u0259m\u0259sind\u0259 ke\u00e7iril\u0259n bud\u0259f\u0259ki m\u0259hk\u0259m\u0259 iclas\u0131nda azya\u015fl\u0131n\u0131 o\u011furlay\u0131b \u00f6ld\u00fcrm\u0259kd\u0259 ittiham olunan \u0130lkin S\u00fcleymanovun v\u0259kill\u0259ri bir \u00e7ox \u015f\u0259xsin m\u0259hk\u0259m\u0259y\u0259 \u00e7a\u011f\u0131r\u0131l\u0131b dindirilm\u0259si bar\u0259d\u0259 v\u0259sat\u0259t qald\u0131r\u0131blar. Onlar\u0131n aras\u0131nda Ba\u015f Prokurorlu\u011fun Xidm\u0259ti Ara\u015fd\u0131rmalar \u0130dar\u0259sinin r\u0259isi Kamal Q\u0131l\u0131cov, Tovuz rayon Polis \u015e\u00f6b\u0259sinin ke\u00e7mi\u015f r\u0259isi \u015eirzad \u018fsg\u0259rov da vard\u0131. H\u0259r iki \u015f\u0259xsin ad\u0131 uzun m\u00fcdd\u0259tdir ki, azya\u015fl\u0131n\u0131n o\u011furlan\u0131b \u00f6ld\u00fcr\u00fclm\u0259siyl\u0259 ba\u011fl\u0131 m\u0259hk\u0259m\u0259 prosesind\u0259 d\u0259f\u0259l\u0259rl\u0259 hallan\u0131b.<\/p>\n\n\n\n<p>M\u0259s\u0259l\u0259n, N\u0259rminin anas\u0131 Aynur\u0259 \u0130smay\u0131lova m\u0259hk\u0259m\u0259d\u0259 dindiril\u0259nd\u0259 demi\u015fdi ki, yand\u0131r\u0131lm\u0131\u015f meyit tap\u0131lmam\u0131\u015fdan iki-\u00fc\u00e7 g\u00fcn \u0259vv\u0259l polis r\u0259isi onlara g\u0259lib, tan\u0131nmaz halda tap\u0131larsa, u\u015fa\u011f\u0131 n\u0259d\u0259n tan\u0131ya bil\u0259c\u0259kl\u0259rini soru\u015fub. \u0130lkin S\u00fcleymanovun v\u0259kill\u0259rind\u0259 d\u0259 sual yaranm\u0131\u015fd\u0131 ki, \u015eirzad \u018fsg\u0259rov N\u0259rminin meyitinin tan\u0131nmaz halda tap\u0131laca\u011f\u0131n\u0131 \u0259vv\u0259ld\u0259n hardan bilirdi?<\/p>\n\n\n\n<p>Kamal Q\u0131l\u0131cova g\u0259linc\u0259, o, Quliyevl\u0259r ail\u0259sigil\u0259 g\u0259lib. \u0130lkin S\u00fcleymanov deyir ki, Tovuz Rayon Polis \u0130dar\u0259sind\u0259 birba\u015fa onun g\u00f6z\u00fcn\u00fcn qar\u015f\u0131s\u0131nda i\u015fg\u0259nc\u0259l\u0259r\u0259 m\u0259ruz qal\u0131b. Onun s\u00f6zl\u0259rin\u0259 g\u00f6r\u0259, Q\u0131l\u0131cov \u00f6z\u00fc d\u0259 \u015f\u0259xs\u0259n ona t\u0259zyiq g\u00f6st\u0259r\u0259r\u0259k, bu cinay\u0259ti \u00fcz\u0259rin\u0259 g\u00f6t\u00fcrm\u0259sini t\u0259l\u0259b edib.<\/p>\n\n\n\n<p>M\u0259hk\u0259m\u0259 Ba\u015f Prokurorlu\u011fun idar\u0259 r\u0259isi v\u0259 haz\u0131rda t\u0259qa\u00fcdd\u0259 olan ke\u00e7mi\u015f polis r\u0259isi il\u0259 ba\u011fl\u0131 v\u0259sat\u0259ti h\u0259l\u0259lik m\u00fczakir\u0259y\u0259 \u00e7\u0131xarmay\u0131b.<\/p>\n\n\n\n<p>V\u0259kill\u0259r N\u0259rmin Quliyevan\u0131n ana n\u0259n\u0259si Minay\u0259 \u0130smay\u0131lovan\u0131n, \u0130lkinin bac\u0131s\u0131n\u0131n evd\u0259 d\u0259rs ke\u00e7diyi iki \u015fagirdin, Dondar Qu\u015f\u00e7u k\u0259ndinin bir s\u0131ra sakinl\u0259rinin, bu cinay\u0259t i\u015fi \u00fczr\u0259 r\u0259y vermi\u015f ekspert Aysel Cavadovan\u0131n da m\u0259hk\u0259m\u0259d\u0259 dindirilm\u0259si bar\u0259d\u0259 v\u0259sat\u0259tl\u0259r qald\u0131r\u0131blar. Bu v\u0259sat\u0259tl\u0259rin bir hiss\u0259si t\u0259min olunub.<\/p>\n\n\n\n<p>Cinay\u0259t i\u015find\u0259 iddia olunur ki, \u0130lkin S\u00fcleymanov azya\u015fl\u0131n\u0131 2019-cu il noyabr\u0131n 21-d\u0259 saat 15.30 rad\u0259l\u0259rind\u0259 qap\u0131lar\u0131ndan ke\u00e7\u0259nd\u0259 \u00e7a\u011f\u0131r\u0131b ev\u0259 g\u0259tirib, onu \u0259vv\u0259lc\u0259 kitablar olan ota\u011fa apar\u0131b. V\u0259kill\u0259r is\u0259 bildirir ki, m\u0259hz h\u0259min g\u00fcnd\u0259 v\u0259 o saatlarda s\u00f6z\u00fcged\u0259n otaqda \u0130lham\u0259 S\u00fcleymanova \u015fagirdl\u0259r\u0259 d\u0259rs ke\u00e7ib. \u018fg\u0259r h\u0259min vaxt N\u0259rmin ora g\u0259lmi\u015f olsayd\u0131, \u015fagirdl\u0259r onu g\u00f6r\u0259 bil\u0259rdi. M\u0259hk\u0259m\u0259 h\u0259min \u015fagirdl\u0259ri dindirm\u0259y\u0259 raz\u0131l\u0131q verib.<\/p>\n\n\n\n<p>\u0130\u015f \u00fczr\u0259 ekspert r\u0259yl\u0259rind\u0259 iddia olunur ki, meyitin \u00fcst\u00fcnd\u0259n tap\u0131lan paltarlarda \u0130lkin S\u00fcleymanovun g\u00f6d\u0259k\u00e7\u0259sinin lifi \u00e7\u0131x\u0131b. \u0130lkin S\u00fcleymanov da m\u0259hk\u0259m\u0259d\u0259 bildirib ki, \u0259g\u0259r g\u00f6d\u0259k\u00e7\u0259 il\u0259 h\u0259min paltarlar bir-birin\u0259 s\u00fcrt\u00fcn\u00fcbs\u0259, onlardan g\u00f6d\u0259k\u00e7\u0259sinin lifi tap\u0131l\u0131bsa, dem\u0259li, avtomatik g\u00f6d\u0259k\u00e7\u0259d\u0259 d\u0259 h\u0259min paltarlar\u0131n lifi olmal\u0131yd\u0131. Lakin onun g\u00f6d\u0259k\u00e7\u0259sind\u0259n N\u0259rminin paltarlar\u0131na aid lif tap\u0131lmay\u0131b.<\/p>\n\n\n\n<p>\u201cYaxud da ekspert yaz\u0131b ki, \u0130lkin S\u00fcleymanova aid isti alt paltar\u0131n\u0131n \u00fcst\u00fcnd\u0259n N\u0259rminin paltarlar\u0131n\u0131n lifi tap\u0131l\u0131b. B\u0259s niy\u0259 h\u0259min paltarlarda isti alt geyiminin lifl\u0259ri yoxdur? H\u0259l\u0259 onu demirik ki, o alt geyiminin \u0130lkin S\u00fcleymanov tutulandan sonra \u2013 polis \u015f\u00f6b\u0259sind\u0259 saxlan\u0131lark\u0259n al\u0131nd\u0131\u011f\u0131n\u0131 m\u0259hk\u0259m\u0259d\u0259 dindiril\u0259n sat\u0131c\u0131 da t\u0259sdiql\u0259di. Bildirdi ki, \u0130lkin art\u0131q tutulmu\u015fdu, qarda\u015f\u0131 onun yan\u0131na g\u00f6nd\u0259rm\u0259k \u00fc\u00e7\u00fcn g\u0259lib ondan alm\u0131\u015fd\u0131. Ba\u015fqa bir m\u0259s\u0259l\u0259, u\u015faq cins \u015falvar\u0131n\u0131n \u00fcst\u00fcnd\u0259n d\u0259 \u0130lkinin paltar\u0131na aid lif tap\u0131lmas\u0131 haqda r\u0259y verilib. O cins \u015falvar\u0131 ekspertiza kimd\u0259n al\u0131b, bilinmir. \u00c7\u00fcnki meyitin \u00fcst\u00fcnd\u0259n tap\u0131lan paltarlar aras\u0131nda cins \u015falvar yoxdur. H\u0259min ekspert adi g\u00f6zl\u0259 baxanda f\u0259rqli oldu\u011fu g\u00f6r\u00fcn\u0259n par\u00e7alarla ba\u011fl\u0131 r\u0259y verib ki, eyni materialdand\u0131r. Aysel Cavadova g\u0259lsin, b\u00fct\u00fcn bu ziddiyy\u0259tl\u0259r\u0259 ayd\u0131nl\u0131q g\u0259tirsin\u201d, &#8211; v\u0259kill\u0259r bildirib.<\/p>\n\n\n\n<p>\u0130lkin S\u00fcleymanov i\u015fg\u0259nc\u0259y\u0259 m\u0259ruz qalmas\u0131 fakt\u0131n\u0131n t\u0259sdiql\u0259nm\u0259si \u00fc\u00e7\u00fcn onunla Bak\u0131 \u0130stintaq T\u0259cridxanas\u0131nda eyni kamerada saxlanm\u0131\u015f Mehman H\u0259s\u0259novun da m\u0259hk\u0259m\u0259d\u0259 dindirilm\u0259sini ist\u0259yib. O bildirib ki, Tovuz Rayon Polis \u015e\u00f6b\u0259sind\u0259 a\u011flas\u0131\u011fmaz i\u015fg\u0259nc\u0259l\u0259r\u0259 m\u0259ruz qalm\u0131\u015fd\u0131, cinay\u0259ti \u00fcst\u00fcn\u0259 g\u00f6t\u00fcr\u00fcb t\u0259cridxanaya k\u00f6\u00e7\u00fcr\u00fcl\u0259nd\u0259 \u00e7ox pis v\u0259ziyy\u0259td\u0259 idi:<\/p>\n\n\n\n<p>\u201cM\u0259n\u0259 yaralar\u0131ma s\u00fcrtm\u0259k \u00fc\u00e7\u00fcn maz vermi\u015fdil\u0259r. H\u0259tta qalx\u0131b onu s\u00fcrtm\u0259y\u0259 d\u0259 taq\u0259tim yox idi. Mehman H\u0259s\u0259nov yaralar\u0131ma maz s\u00fcrtm\u0259y\u0259 d\u0259 k\u00f6m\u0259k edirdi\u201d.<\/p>\n\n\n\n<p>V\u0259kill\u0259r \u0130lkin S\u00fcleymanovun telefonuna aid anten m\u0259lumatlar\u0131n\u0131n al\u0131nmas\u0131 bar\u0259d\u0259 d\u0259 v\u0259sat\u0259t qald\u0131r\u0131b. M\u00fcdafi\u0259\u00e7il\u0259r bildirib ki, bu m\u0259lumatlarla \u0130lkin S\u00fcleymanovun u\u015fa\u011f\u0131 onlar\u0131n evind\u0259 saxland\u0131\u011f\u0131 iddia olunan vaxtlarda \u0259slind\u0259, d\u0259f\u0259l\u0259rl\u0259 Dondar Qu\u015f\u00e7udan k\u0259narda oldu\u011fu ayd\u0131nla\u015facaq. Bundan ba\u015fqa, \u0130lkin S\u00fcleymanovun 2020-ci il yanvar\u0131n 10-da tutuldu\u011fu i\u015f materiallar\u0131nda yaz\u0131l\u0131b. Lakin o, yanvar\u0131n 6-dan Tovuz Rayon Polis \u015e\u00f6b\u0259sind\u0259 saxland\u0131\u011f\u0131n\u0131, d\u00f6rd g\u00fcn m\u00fcxt\u0259lif formada i\u015fg\u0259nc\u0259y\u0259 m\u0259ruz qalandan sonra cinay\u0259ti \u00fcz\u0259rin\u0259 g\u00f6t\u00fcrd\u00fcy\u00fcn\u00fc deyir. V\u0259kill\u0259r bildirib ki, anten m\u0259lumatlar\u0131 h\u0259min 4 g\u00fcn \u0259rzind\u0259 d\u0259 \u0130lkin S\u00fcleymanovun harada olmas\u0131 m\u0259s\u0259l\u0259sin\u0259 ayd\u0131nl\u0131q g\u0259tir\u0259 bil\u0259r.<\/p>\n\n\n\n<p>M\u0259hk\u0259m\u0259 bu v\u0259sat\u0259ti t\u0259min edib \u2013 2019-cu il noyabr\u0131n 21-d\u0259n (N\u0259rmin itdiyi g\u00fcnd\u0259n) 2020-ci il yanvar\u0131n 10-na q\u0259d\u0259r anten m\u0259lumatlar\u0131n\u0131n al\u0131nmas\u0131na q\u0259rar verilib.<\/p>\n\n\n\n<p>V\u0259kill\u0259r onu da bildirib ki, azya\u015fl\u0131 N\u0259rminin valideynl\u0259ri eyni m\u0259s\u0259l\u0259l\u0259rl\u0259 ba\u011fl\u0131 istintaqa ifad\u0259l\u0259rind\u0259 bir c\u00fcr dan\u0131\u015f\u0131b, mediaya m\u00fcsahib\u0259l\u0259rind\u0259 is\u0259 tamam f\u0259rqli fikirl\u0259r s\u0259sl\u0259ndiribl\u0259r. V\u0259kill\u0259r h\u0259min video-m\u00fcsahib\u0259l\u0259rl\u0259 ba\u011fl\u0131 diskl\u0259r\u0259 d\u0259 bax\u0131\u015f ke\u00e7irilm\u0259sini ist\u0259yib.<\/p>\n\n\n\n<p>M\u0259hk\u0259m\u0259 ara\u015fd\u0131rmalar\u0131 oktyabr\u0131n 26-da diskl\u0259r\u0259 bax\u0131\u015f ke\u00e7irilm\u0259sil\u0259 davam ed\u0259c\u0259k.<\/p>\n\n\n\n<p>1973-c\u00fc il t\u0259v\u0259ll\u00fcdl\u00fc \u0130lkin S\u00fcleymanov Cinay\u0259t M\u0259c\u0259ll\u0259sinin 120.2.4 (x\u00fcsusi amans\u0131zl\u0131qla q\u0259sd\u0259n adam \u00f6ld\u00fcrm\u0259), 120.2.9 (t\u0259qsirkar \u015f\u0259xs \u00fc\u00e7\u00fcn a\u015fkar sur\u0259td\u0259 k\u00f6m\u0259ksiz v\u0259ziyy\u0259td\u0259 olan adam\u0131 q\u0259sd\u0259n \u00f6ld\u00fcrm\u0259), 133.2.1 (o\u011furlanm\u0131\u015f \u015f\u0259xs\u0259 \u0259zab verm\u0259), 133.2.4 (yetkinlik ya\u015f\u0131na \u00e7atmayan, k\u00f6m\u0259ksiz v\u0259ziyy\u0259td\u0259 olan \u015f\u0259xs\u0259 \u0259zab verm\u0259), 144-c\u00fc (adam o\u011furlu\u011fu) madd\u0259l\u0259ril\u0259 ittiham olunur.<\/p>\n\n\n\n<p>\u0130ttihama \u0259sas\u0259n, o, sinif yolda\u015f\u0131 \u015e\u0259rif Quliyevin ail\u0259si, u\u015faqlar\u0131 oldu\u011funa g\u00f6r\u0259 onu q\u0131sqan\u0131b, buna g\u00f6r\u0259 d\u0259 onun q\u0131z\u0131 N\u0259rmini o\u011furlayaraq, 47 g\u00fcn sonra q\u0259tl\u0259 yetirib.<\/p>\n\n\n\n<p>\u0130lkin S\u00fcleymanov is\u0259 azya\u015fl\u0131n\u0131n \u00f6l\u00fcm\u00fcn\u0259 aidiyy\u0259ti olmad\u0131\u011f\u0131n\u0131 deyir. \u0130lkin ifad\u0259sind\u0259ki etirafa g\u0259linc\u0259, o bildirib ki, 2020-ci il yanvar\u0131n 6-dan 10-na q\u0259d\u0259r Tovuz rayon Polis \u015e\u00f6b\u0259sind\u0259 i\u015fg\u0259nc\u0259y\u0259 m\u0259ruz qal\u0131b. D\u00f6rd g\u00fcn sonra i\u015fg\u0259nc\u0259l\u0259r\u0259 d\u00f6zm\u0259y\u0259r\u0259k, etiraf ifad\u0259sin\u0259 imza atma\u011fa m\u0259cbur olub.<\/p>\n\n\n\n<p>Ba\u015f Prokurorluq is\u0259 i\u015fg\u0259nc\u0259 iddialar\u0131n\u0131 t\u0259kzib edib.<\/p>\n","protected":false},"excerpt":{"rendered":"<p>M\u0259hk\u0259m\u0259 bir ne\u00e7\u0259 v\u0259sat\u0259ti t\u0259min edib Tovuz rayonunun Dondar Qu\u015f\u00e7u &#8230; <\/p>\n<p class=\"read-more-container\"><a title=\"\u201cN\u0259rmin i\u015fi\u201dnd\u0259 v\u0259zif\u0259li \u015f\u0259xsl\u0259rin dindirilm\u0259si t\u0259l\u0259b olundu: Kamal Q\u0131l\u0131cov, \u015eirzad \u018fsg\u0259rov\u2026\" class=\"read-more button\" href=\"https:\/\/www.meydan.tv\/az\/article\/nermin-isinde-vezifeli-sexslerin-dindirilmesi-teleb-olundu-kamal-qilicov-sirzad-esgerov\/#more-258829\" aria-label=\"Read more about \u201cN\u0259rmin i\u015fi\u201dnd\u0259 v\u0259zif\u0259li \u015f\u0259xsl\u0259rin dindirilm\u0259si t\u0259l\u0259b olundu: Kamal Q\u0131l\u0131cov, \u015eirzad \u018fsg\u0259rov\u2026\">Davam\u0131<\/a><\/p>\n","protected":false},"author":8,"featured_media":255098,"comment_status":"closed","ping_status":"closed","sticky":false,"template":"","format":"standard","meta":{"_acf_changed":false,"_sitemap_exclude":false,"_sitemap_priority":"","_sitemap_frequency":"","footnotes":""},"categories":[60,88,56],"tags":[],"class_list":["post-258829","post","type-post","status-publish","format-standard","has-post-thumbnail","hentry","category-bolge","category-redaktor-secimi","category-xeberler","infinite-scroll-item","generate-columns","tablet-grid-50","mobile-grid-100","grid-parent","grid-33","no-featured-image-padding"],"acf":[],"yoast_head":"<!-- This site is optimized with the Yoast SEO plugin v27.5 - https:\/\/yoast.com\/product\/yoast-seo-wordpress\/ -->\n<title>\u201cN\u0259rmin i\u015fi\u201dnd\u0259 v\u0259zif\u0259li \u015f\u0259xsl\u0259rin dindirilm\u0259si t\u0259l\u0259b olundu: Kamal Q\u0131l\u0131cov, \u015eirzad \u018fsg\u0259rov\u2026 - MEYDAN.TV<\/title>\n<meta name=\"robots\" content=\"index, follow, max-snippet:-1, max-image-preview:large, max-video-preview:-1\" \/>\n<link rel=\"canonical\" href=\"https:\/\/www.meydan.tv\/az\/article\/nermin-isinde-vezifeli-sexslerin-dindirilmesi-teleb-olundu-kamal-qilicov-sirzad-esgerov\/\" \/>\n<meta property=\"og:locale\" content=\"az_AZ\" \/>\n<meta property=\"og:type\" content=\"article\" \/>\n<meta property=\"og:title\" content=\"\u201cN\u0259rmin i\u015fi\u201dnd\u0259 v\u0259zif\u0259li \u015f\u0259xsl\u0259rin dindirilm\u0259si t\u0259l\u0259b olundu: Kamal Q\u0131l\u0131cov, \u015eirzad \u018fsg\u0259rov\u2026 - MEYDAN.TV\" \/>\n<meta property=\"og:description\" content=\"M\u0259hk\u0259m\u0259 bir ne\u00e7\u0259 v\u0259sat\u0259ti t\u0259min edib Tovuz rayonunun Dondar Qu\u015f\u00e7u ... Davam\u0131\" \/>\n<meta property=\"og:url\" content=\"https:\/\/www.meydan.tv\/az\/article\/nermin-isinde-vezifeli-sexslerin-dindirilmesi-teleb-olundu-kamal-qilicov-sirzad-esgerov\/\" \/>\n<meta property=\"og:site_name\" content=\"MEYDAN.TV\" \/>\n<meta property=\"article:published_time\" content=\"2022-10-20T11:22:05+00:00\" \/>\n<meta property=\"article:modified_time\" content=\"2022-10-20T11:22:10+00:00\" \/>\n<meta property=\"og:image\" content=\"https:\/\/www.meydan.tv\/wp-content\/uploads\/photo-2022-09-07-17-11-47.jpg\" \/>\n\t<meta property=\"og:image:width\" content=\"1200\" \/>\n\t<meta property=\"og:image:height\" content=\"675\" \/>\n\t<meta property=\"og:image:type\" content=\"image\/jpeg\" \/>\n<meta name=\"author\" content=\"elli\" \/>\n<meta name=\"twitter:card\" content=\"summary_large_image\" \/>\n<meta name=\"twitter:creator\" content=\"@elli\" \/>\n<script type=\"application\/ld+json\" class=\"yoast-schema-graph\">{\"@context\":\"https:\\\/\\\/schema.org\",\"@graph\":[{\"@type\":\"Article\",\"@id\":\"https:\\\/\\\/www.meydan.tv\\\/az\\\/article\\\/nermin-isinde-vezifeli-sexslerin-dindirilmesi-teleb-olundu-kamal-qilicov-sirzad-esgerov\\\/#article\",\"isPartOf\":{\"@id\":\"https:\\\/\\\/www.meydan.tv\\\/az\\\/article\\\/nermin-isinde-vezifeli-sexslerin-dindirilmesi-teleb-olundu-kamal-qilicov-sirzad-esgerov\\\/\"},\"author\":{\"name\":\"elli\",\"@id\":\"https:\\\/\\\/www.meydan.tv\\\/az\\\/#\\\/schema\\\/person\\\/9cdbecf90d17180ce1dfbd95b08dcf47\"},\"headline\":\"\u201cN\u0259rmin i\u015fi\u201dnd\u0259 v\u0259zif\u0259li \u015f\u0259xsl\u0259rin dindirilm\u0259si t\u0259l\u0259b olundu: Kamal Q\u0131l\u0131cov, \u015eirzad \u018fsg\u0259rov\u2026\",\"datePublished\":\"2022-10-20T11:22:05+00:00\",\"dateModified\":\"2022-10-20T11:22:10+00:00\",\"mainEntityOfPage\":{\"@id\":\"https:\\\/\\\/www.meydan.tv\\\/az\\\/article\\\/nermin-isinde-vezifeli-sexslerin-dindirilmesi-teleb-olundu-kamal-qilicov-sirzad-esgerov\\\/\"},\"wordCount\":1436,\"publisher\":{\"@id\":\"https:\\\/\\\/www.meydan.tv\\\/az\\\/#organization\"},\"image\":{\"@id\":\"https:\\\/\\\/www.meydan.tv\\\/az\\\/article\\\/nermin-isinde-vezifeli-sexslerin-dindirilmesi-teleb-olundu-kamal-qilicov-sirzad-esgerov\\\/#primaryimage\"},\"thumbnailUrl\":\"https:\\\/\\\/www.meydan.tv\\\/wp-content\\\/uploads\\\/photo-2022-09-07-17-11-47.jpg\",\"articleSection\":[\"B\u00f6lg\u0259\",\"Redaktor se\u00e7imi\",\"X\u0259b\u0259rl\u0259r\"],\"inLanguage\":\"az\"},{\"@type\":\"WebPage\",\"@id\":\"https:\\\/\\\/www.meydan.tv\\\/az\\\/article\\\/nermin-isinde-vezifeli-sexslerin-dindirilmesi-teleb-olundu-kamal-qilicov-sirzad-esgerov\\\/\",\"url\":\"https:\\\/\\\/www.meydan.tv\\\/az\\\/article\\\/nermin-isinde-vezifeli-sexslerin-dindirilmesi-teleb-olundu-kamal-qilicov-sirzad-esgerov\\\/\",\"name\":\"\u201cN\u0259rmin i\u015fi\u201dnd\u0259 v\u0259zif\u0259li \u015f\u0259xsl\u0259rin dindirilm\u0259si t\u0259l\u0259b olundu: Kamal Q\u0131l\u0131cov, \u015eirzad \u018fsg\u0259rov\u2026 - MEYDAN.TV\",\"isPartOf\":{\"@id\":\"https:\\\/\\\/www.meydan.tv\\\/az\\\/#website\"},\"primaryImageOfPage\":{\"@id\":\"https:\\\/\\\/www.meydan.tv\\\/az\\\/article\\\/nermin-isinde-vezifeli-sexslerin-dindirilmesi-teleb-olundu-kamal-qilicov-sirzad-esgerov\\\/#primaryimage\"},\"image\":{\"@id\":\"https:\\\/\\\/www.meydan.tv\\\/az\\\/article\\\/nermin-isinde-vezifeli-sexslerin-dindirilmesi-teleb-olundu-kamal-qilicov-sirzad-esgerov\\\/#primaryimage\"},\"thumbnailUrl\":\"https:\\\/\\\/www.meydan.tv\\\/wp-content\\\/uploads\\\/photo-2022-09-07-17-11-47.jpg\",\"datePublished\":\"2022-10-20T11:22:05+00:00\",\"dateModified\":\"2022-10-20T11:22:10+00:00\",\"breadcrumb\":{\"@id\":\"https:\\\/\\\/www.meydan.tv\\\/az\\\/article\\\/nermin-isinde-vezifeli-sexslerin-dindirilmesi-teleb-olundu-kamal-qilicov-sirzad-esgerov\\\/#breadcrumb\"},\"inLanguage\":\"az\",\"potentialAction\":[{\"@type\":\"ReadAction\",\"target\":[\"https:\\\/\\\/www.meydan.tv\\\/az\\\/article\\\/nermin-isinde-vezifeli-sexslerin-dindirilmesi-teleb-olundu-kamal-qilicov-sirzad-esgerov\\\/\"]}]},{\"@type\":\"ImageObject\",\"inLanguage\":\"az\",\"@id\":\"https:\\\/\\\/www.meydan.tv\\\/az\\\/article\\\/nermin-isinde-vezifeli-sexslerin-dindirilmesi-teleb-olundu-kamal-qilicov-sirzad-esgerov\\\/#primaryimage\",\"url\":\"https:\\\/\\\/www.meydan.tv\\\/wp-content\\\/uploads\\\/photo-2022-09-07-17-11-47.jpg\",\"contentUrl\":\"https:\\\/\\\/www.meydan.tv\\\/wp-content\\\/uploads\\\/photo-2022-09-07-17-11-47.jpg\",\"width\":1200,\"height\":675,\"caption\":\"\u0130lkin S\u00fcleymanov. Foto: Meydan TV\"},{\"@type\":\"BreadcrumbList\",\"@id\":\"https:\\\/\\\/www.meydan.tv\\\/az\\\/article\\\/nermin-isinde-vezifeli-sexslerin-dindirilmesi-teleb-olundu-kamal-qilicov-sirzad-esgerov\\\/#breadcrumb\",\"itemListElement\":[{\"@type\":\"ListItem\",\"position\":1,\"name\":\"Ana s\u0259hif\u0259\",\"item\":\"https:\\\/\\\/www.meydan.tv\\\/az\\\/\"},{\"@type\":\"ListItem\",\"position\":2,\"name\":\"B\u00f6lg\u0259\",\"item\":\"https:\\\/\\\/www.meydan.tv\\\/az\\\/section\\\/bolge\\\/\"},{\"@type\":\"ListItem\",\"position\":3,\"name\":\"\u201cN\u0259rmin i\u015fi\u201dnd\u0259 v\u0259zif\u0259li \u015f\u0259xsl\u0259rin dindirilm\u0259si t\u0259l\u0259b olundu: Kamal Q\u0131l\u0131cov, \u015eirzad \u018fsg\u0259rov\u2026\"}]},{\"@type\":\"WebSite\",\"@id\":\"https:\\\/\\\/www.meydan.tv\\\/az\\\/#website\",\"url\":\"https:\\\/\\\/www.meydan.tv\\\/az\\\/\",\"name\":\"MEYDAN.TV\",\"description\":\"Meydan TV Az\u0259rbaycan\u0131n media m\u0259kan\u0131ndak\u0131 alternativ s\u0259sidir\",\"publisher\":{\"@id\":\"https:\\\/\\\/www.meydan.tv\\\/az\\\/#organization\"},\"potentialAction\":[{\"@type\":\"SearchAction\",\"target\":{\"@type\":\"EntryPoint\",\"urlTemplate\":\"https:\\\/\\\/www.meydan.tv\\\/az\\\/?s={search_term_string}\"},\"query-input\":{\"@type\":\"PropertyValueSpecification\",\"valueRequired\":true,\"valueName\":\"search_term_string\"}}],\"inLanguage\":\"az\"},{\"@type\":\"Organization\",\"@id\":\"https:\\\/\\\/www.meydan.tv\\\/az\\\/#organization\",\"name\":\"Meydan TV\",\"url\":\"https:\\\/\\\/www.meydan.tv\\\/az\\\/\",\"logo\":{\"@type\":\"ImageObject\",\"inLanguage\":\"az\",\"@id\":\"https:\\\/\\\/www.meydan.tv\\\/az\\\/#\\\/schema\\\/logo\\\/image\\\/\",\"url\":\"https:\\\/\\\/www.meydan.tv\\\/wp-content\\\/uploads\\\/2021\\\/07\\\/meydan-logo.svg\",\"contentUrl\":\"https:\\\/\\\/www.meydan.tv\\\/wp-content\\\/uploads\\\/2021\\\/07\\\/meydan-logo.svg\",\"width\":195,\"height\":46,\"caption\":\"Meydan TV\"},\"image\":{\"@id\":\"https:\\\/\\\/www.meydan.tv\\\/az\\\/#\\\/schema\\\/logo\\\/image\\\/\"}},{\"@type\":\"Person\",\"@id\":\"https:\\\/\\\/www.meydan.tv\\\/az\\\/#\\\/schema\\\/person\\\/9cdbecf90d17180ce1dfbd95b08dcf47\",\"name\":\"elli\",\"sameAs\":[\"https:\\\/\\\/x.com\\\/elli\"]}]}<\/script>\n<!-- \/ Yoast SEO plugin. -->","yoast_head_json":{"title":"\u201cN\u0259rmin i\u015fi\u201dnd\u0259 v\u0259zif\u0259li \u015f\u0259xsl\u0259rin dindirilm\u0259si t\u0259l\u0259b olundu: Kamal Q\u0131l\u0131cov, \u015eirzad \u018fsg\u0259rov\u2026 - MEYDAN.TV","robots":{"index":"index","follow":"follow","max-snippet":"max-snippet:-1","max-image-preview":"max-image-preview:large","max-video-preview":"max-video-preview:-1"},"canonical":"https:\/\/www.meydan.tv\/az\/article\/nermin-isinde-vezifeli-sexslerin-dindirilmesi-teleb-olundu-kamal-qilicov-sirzad-esgerov\/","og_locale":"az_AZ","og_type":"article","og_title":"\u201cN\u0259rmin i\u015fi\u201dnd\u0259 v\u0259zif\u0259li \u015f\u0259xsl\u0259rin dindirilm\u0259si t\u0259l\u0259b olundu: Kamal Q\u0131l\u0131cov, \u015eirzad \u018fsg\u0259rov\u2026 - MEYDAN.TV","og_description":"M\u0259hk\u0259m\u0259 bir ne\u00e7\u0259 v\u0259sat\u0259ti t\u0259min edib Tovuz rayonunun Dondar Qu\u015f\u00e7u ... Davam\u0131","og_url":"https:\/\/www.meydan.tv\/az\/article\/nermin-isinde-vezifeli-sexslerin-dindirilmesi-teleb-olundu-kamal-qilicov-sirzad-esgerov\/","og_site_name":"MEYDAN.TV","article_published_time":"2022-10-20T11:22:05+00:00","article_modified_time":"2022-10-20T11:22:10+00:00","og_image":[{"width":1200,"height":675,"url":"https:\/\/www.meydan.tv\/wp-content\/uploads\/photo-2022-09-07-17-11-47.jpg","type":"image\/jpeg"}],"author":"elli","twitter_card":"summary_large_image","twitter_creator":"@elli","schema":{"@context":"https:\/\/schema.org","@graph":[{"@type":"Article","@id":"https:\/\/www.meydan.tv\/az\/article\/nermin-isinde-vezifeli-sexslerin-dindirilmesi-teleb-olundu-kamal-qilicov-sirzad-esgerov\/#article","isPartOf":{"@id":"https:\/\/www.meydan.tv\/az\/article\/nermin-isinde-vezifeli-sexslerin-dindirilmesi-teleb-olundu-kamal-qilicov-sirzad-esgerov\/"},"author":{"name":"elli","@id":"https:\/\/www.meydan.tv\/az\/#\/schema\/person\/9cdbecf90d17180ce1dfbd95b08dcf47"},"headline":"\u201cN\u0259rmin i\u015fi\u201dnd\u0259 v\u0259zif\u0259li \u015f\u0259xsl\u0259rin dindirilm\u0259si t\u0259l\u0259b olundu: Kamal Q\u0131l\u0131cov, \u015eirzad \u018fsg\u0259rov\u2026","datePublished":"2022-10-20T11:22:05+00:00","dateModified":"2022-10-20T11:22:10+00:00","mainEntityOfPage":{"@id":"https:\/\/www.meydan.tv\/az\/article\/nermin-isinde-vezifeli-sexslerin-dindirilmesi-teleb-olundu-kamal-qilicov-sirzad-esgerov\/"},"wordCount":1436,"publisher":{"@id":"https:\/\/www.meydan.tv\/az\/#organization"},"image":{"@id":"https:\/\/www.meydan.tv\/az\/article\/nermin-isinde-vezifeli-sexslerin-dindirilmesi-teleb-olundu-kamal-qilicov-sirzad-esgerov\/#primaryimage"},"thumbnailUrl":"https:\/\/www.meydan.tv\/wp-content\/uploads\/photo-2022-09-07-17-11-47.jpg","articleSection":["B\u00f6lg\u0259","Redaktor se\u00e7imi","X\u0259b\u0259rl\u0259r"],"inLanguage":"az"},{"@type":"WebPage","@id":"https:\/\/www.meydan.tv\/az\/article\/nermin-isinde-vezifeli-sexslerin-dindirilmesi-teleb-olundu-kamal-qilicov-sirzad-esgerov\/","url":"https:\/\/www.meydan.tv\/az\/article\/nermin-isinde-vezifeli-sexslerin-dindirilmesi-teleb-olundu-kamal-qilicov-sirzad-esgerov\/","name":"\u201cN\u0259rmin i\u015fi\u201dnd\u0259 v\u0259zif\u0259li \u015f\u0259xsl\u0259rin dindirilm\u0259si t\u0259l\u0259b olundu: Kamal Q\u0131l\u0131cov, \u015eirzad \u018fsg\u0259rov\u2026 - MEYDAN.TV","isPartOf":{"@id":"https:\/\/www.meydan.tv\/az\/#website"},"primaryImageOfPage":{"@id":"https:\/\/www.meydan.tv\/az\/article\/nermin-isinde-vezifeli-sexslerin-dindirilmesi-teleb-olundu-kamal-qilicov-sirzad-esgerov\/#primaryimage"},"image":{"@id":"https:\/\/www.meydan.tv\/az\/article\/nermin-isinde-vezifeli-sexslerin-dindirilmesi-teleb-olundu-kamal-qilicov-sirzad-esgerov\/#primaryimage"},"thumbnailUrl":"https:\/\/www.meydan.tv\/wp-content\/uploads\/photo-2022-09-07-17-11-47.jpg","datePublished":"2022-10-20T11:22:05+00:00","dateModified":"2022-10-20T11:22:10+00:00","breadcrumb":{"@id":"https:\/\/www.meydan.tv\/az\/article\/nermin-isinde-vezifeli-sexslerin-dindirilmesi-teleb-olundu-kamal-qilicov-sirzad-esgerov\/#breadcrumb"},"inLanguage":"az","potentialAction":[{"@type":"ReadAction","target":["https:\/\/www.meydan.tv\/az\/article\/nermin-isinde-vezifeli-sexslerin-dindirilmesi-teleb-olundu-kamal-qilicov-sirzad-esgerov\/"]}]},{"@type":"ImageObject","inLanguage":"az","@id":"https:\/\/www.meydan.tv\/az\/article\/nermin-isinde-vezifeli-sexslerin-dindirilmesi-teleb-olundu-kamal-qilicov-sirzad-esgerov\/#primaryimage","url":"https:\/\/www.meydan.tv\/wp-content\/uploads\/photo-2022-09-07-17-11-47.jpg","contentUrl":"https:\/\/www.meydan.tv\/wp-content\/uploads\/photo-2022-09-07-17-11-47.jpg","width":1200,"height":675,"caption":"\u0130lkin S\u00fcleymanov. Foto: Meydan TV"},{"@type":"BreadcrumbList","@id":"https:\/\/www.meydan.tv\/az\/article\/nermin-isinde-vezifeli-sexslerin-dindirilmesi-teleb-olundu-kamal-qilicov-sirzad-esgerov\/#breadcrumb","itemListElement":[{"@type":"ListItem","position":1,"name":"Ana s\u0259hif\u0259","item":"https:\/\/www.meydan.tv\/az\/"},{"@type":"ListItem","position":2,"name":"B\u00f6lg\u0259","item":"https:\/\/www.meydan.tv\/az\/section\/bolge\/"},{"@type":"ListItem","position":3,"name":"\u201cN\u0259rmin i\u015fi\u201dnd\u0259 v\u0259zif\u0259li \u015f\u0259xsl\u0259rin dindirilm\u0259si t\u0259l\u0259b olundu: Kamal Q\u0131l\u0131cov, \u015eirzad \u018fsg\u0259rov\u2026"}]},{"@type":"WebSite","@id":"https:\/\/www.meydan.tv\/az\/#website","url":"https:\/\/www.meydan.tv\/az\/","name":"MEYDAN.TV","description":"Meydan TV Az\u0259rbaycan\u0131n media m\u0259kan\u0131ndak\u0131 alternativ s\u0259sidir","publisher":{"@id":"https:\/\/www.meydan.tv\/az\/#organization"},"potentialAction":[{"@type":"SearchAction","target":{"@type":"EntryPoint","urlTemplate":"https:\/\/www.meydan.tv\/az\/?s={search_term_string}"},"query-input":{"@type":"PropertyValueSpecification","valueRequired":true,"valueName":"search_term_string"}}],"inLanguage":"az"},{"@type":"Organization","@id":"https:\/\/www.meydan.tv\/az\/#organization","name":"Meydan TV","url":"https:\/\/www.meydan.tv\/az\/","logo":{"@type":"ImageObject","inLanguage":"az","@id":"https:\/\/www.meydan.tv\/az\/#\/schema\/logo\/image\/","url":"https:\/\/www.meydan.tv\/wp-content\/uploads\/2021\/07\/meydan-logo.svg","contentUrl":"https:\/\/www.meydan.tv\/wp-content\/uploads\/2021\/07\/meydan-logo.svg","width":195,"height":46,"caption":"Meydan TV"},"image":{"@id":"https:\/\/www.meydan.tv\/az\/#\/schema\/logo\/image\/"}},{"@type":"Person","@id":"https:\/\/www.meydan.tv\/az\/#\/schema\/person\/9cdbecf90d17180ce1dfbd95b08dcf47","name":"elli","sameAs":["https:\/\/x.com\/elli"]}]}},"_links":{"self":[{"href":"https:\/\/www.meydan.tv\/az\/wp-json\/wp\/v2\/posts\/258829","targetHints":{"allow":["GET"]}}],"collection":[{"href":"https:\/\/www.meydan.tv\/az\/wp-json\/wp\/v2\/posts"}],"about":[{"href":"https:\/\/www.meydan.tv\/az\/wp-json\/wp\/v2\/types\/post"}],"author":[{"embeddable":true,"href":"https:\/\/www.meydan.tv\/az\/wp-json\/wp\/v2\/users\/8"}],"replies":[{"embeddable":true,"href":"https:\/\/www.meydan.tv\/az\/wp-json\/wp\/v2\/comments?post=258829"}],"version-history":[{"count":1,"href":"https:\/\/www.meydan.tv\/az\/wp-json\/wp\/v2\/posts\/258829\/revisions"}],"predecessor-version":[{"id":258830,"href":"https:\/\/www.meydan.tv\/az\/wp-json\/wp\/v2\/posts\/258829\/revisions\/258830"}],"wp:featuredmedia":[{"embeddable":true,"href":"https:\/\/www.meydan.tv\/az\/wp-json\/wp\/v2\/media\/255098"}],"wp:attachment":[{"href":"https:\/\/www.meydan.tv\/az\/wp-json\/wp\/v2\/media?parent=258829"}],"wp:term":[{"taxonomy":"category","embeddable":true,"href":"https:\/\/www.meydan.tv\/az\/wp-json\/wp\/v2\/categories?post=258829"},{"taxonomy":"post_tag","embeddable":true,"href":"https:\/\/www.meydan.tv\/az\/wp-json\/wp\/v2\/tags?post=258829"}],"curies":[{"name":"wp","href":"https:\/\/api.w.org\/{rel}","templated":true}]}}