{"id":258781,"date":"2022-10-20T12:04:29","date_gmt":"2022-10-20T08:04:29","guid":{"rendered":"https:\/\/www.meydan.tv\/?p=258781"},"modified":"2022-10-20T12:22:55","modified_gmt":"2022-10-20T08:22:55","slug":"tiranada-muzey-sinaq-laboratoriyasi-isgence-otagi","status":"publish","type":"post","link":"https:\/\/www.meydan.tv\/az\/article\/tiranada-muzey-sinaq-laboratoriyasi-isgence-otagi\/","title":{"rendered":"Tiranada muzey: S\u0131naq laboratoriyas\u0131, i\u015fg\u0259nc\u0259 ota\u011f\u0131&#8230;"},"content":{"rendered":"\n<p><\/p>\n\n\n\n<p><em>Albaniyan\u0131n bu muzeyi turistl\u0259rin \u0259n \u00e7ox mara\u011f\u0131na s\u0259b\u0259b olan yerdir<\/em><\/p>\n\n\n\n<p>Tirana \u015f\u0259h\u0259rinin m\u0259rk\u0259zind\u0259 ikim\u0259rt\u0259b\u0259li bina var ki, ziyar\u0259t\u00e7il\u0259rind\u0259 maraq qar\u0131\u015f\u0131q qorxu hissi yarad\u0131r.<\/p>\n\n\n\n<p>Hasara al\u0131nm\u0131\u015f divarlar v\u0259 b\u00f6y\u00fck a\u011faclar binan\u0131 gizl\u0259tm\u0259y\u0259 \u00e7al\u0131\u015fsa da, yoldan \u00f6t\u0259nl\u0259rin \u0259ks\u0259riyy\u0259ti buran\u0131n ke\u00e7mi\u015find\u0259n x\u0259b\u0259rdard\u0131r.<\/p>\n\n\n\n<p>\u201cYarpaqlar Evi\u201d adlanan sad\u0259 g\u00f6r\u00fcn\u00fc\u015fl\u00fc bu binan\u0131n 1931-ci ild\u0259 in\u015fa edildiyi v\u0259 Albaniyada ilk \u00f6z\u0259l do\u011fum evi kimi f\u0259aliyy\u0259t g\u00f6st\u0259rdiyi m\u0259lumdur.<\/p>\n\n\n\n<p>Bina \u0130kinci D\u00fcnya m\u00fcharib\u0259si zaman\u0131 \u201cGestapo\u201dnun (Alman D\u00f6vl\u0259t Gizli Polisi) n\u0259zar\u0259tin\u0259 ke\u00e7ib. M\u00fcharib\u0259d\u0259n sonra, 1991-ci ild\u0259 kommunist rejiminin s\u00fcqutuna q\u0259d\u0259r is\u0259 binada \u201cSiqurimi\u201d- Alban m\u0259xfi polisinin q\u0259rargah\u0131 yerl\u0259\u015fib.<\/p>\n\n\n\n<p>\u0130kinci D\u00fcnya m\u00fcharib\u0259sinin sonunda qurulan v\u0259 dem\u0259k olar ki, yar\u0131m \u0259sr davam ed\u0259n kommunist rejimi d\u00f6vr\u00fcnd\u0259 Albaniyan\u0131n \u00f6z\u00fcn\u00fcn tarixi kimi, \u201cYarpaqlar Evi\u201d d\u0259 uzun m\u00fcdd\u0259t nam\u0259lum bir sirr olaraq qal\u0131b.<\/p>\n\n\n\n<p><strong><strong>Sirl\u0259rl\u0259 dolu \u201cYarpaqlar Evi\u201d &#8211; Gizli M\u00fc\u015fahid\u0259 Muzeyi<\/strong><\/strong><\/p>\n\n\n\n<p>\u201cSiqurimi\u201d m\u0259xfi xidm\u0259ti 1944-c\u00fc ild\u0259 Albaniya Xalq Sosialist Respublikas\u0131n\u0131n r\u0259hb\u0259ri \u018fnv\u0259r Xoca t\u0259r\u0259find\u0259n yarad\u0131l\u0131b. M\u0259qs\u0259di is\u0259 m\u00f6vcud siyasi sistemi saxlamaq v\u0259 m\u00fcxalif h\u0259r\u0259katlar\u0131 yat\u0131rmaq olub.<\/p>\n\n\n\n<p>1990-1992-ci ill\u0259rd\u0259 Albaniyada kommunist rejiminin s\u00fcqutundan sonra m\u0259xfi xidm\u0259tin d\u0259 f\u0259aliyy\u0259ti dayand\u0131r\u0131l\u0131b.<\/p>\n\n\n\n<figure class=\"wp-block-image size-full\"><img decoding=\"async\" width=\"1200\" height=\"800\" data-src=\"https:\/\/www.meydan.tv\/wp-content\/uploads\/untitled-design-5-30.jpg\" alt=\"\" class=\"wp-image-258764 lazyload\" src=\"data:image\/svg+xml;base64,PHN2ZyB3aWR0aD0iMSIgaGVpZ2h0PSIxIiB4bWxucz0iaHR0cDovL3d3dy53My5vcmcvMjAwMC9zdmciPjwvc3ZnPg==\" style=\"--smush-placeholder-width: 1200px; --smush-placeholder-aspect-ratio: 1200\/800;\" \/><\/figure>\n\n\n\n<p>Bina 2017-ci ild\u0259n etibar\u0259n Albaniya tarixinin qaranl\u0131q bir d\u00f6vr\u00fcn\u0259 n\u0259z\u0259r salan &#8211; Gizli M\u00fc\u015fahid\u0259 Muzeyin\u0259 \u00e7evrilib.<\/p>\n\n\n\n<p>\u201cYarpaqlar Evi\u201d (Gizli M\u00fc\u015fahid\u0259 Muzeyi) haz\u0131rda Albaniyada a\u00e7\u0131lan \u0259n yeni v\u0259 turistl\u0259rin b\u00f6y\u00fck mara\u011f\u0131na s\u0259b\u0259b olan m\u0259kand\u0131r.<\/p>\n\n\n\n<p>Bilet qiym\u0259ti is\u0259 \u2013 700 lek, t\u0259xmin\u0259n 10 manatd\u0131r.<\/p>\n\n\n\n<p><strong>\u0130nsanlar\u0131n p\u0131\u00e7\u0131lt\u0131s\u0131, yarpaqlar\u0131n x\u0131\u015f\u0131lt\u0131s\u0131<\/strong><\/p>\n\n\n\n<p>Bina fasad\u0131n\u0131 \u00f6rt\u0259n sarma\u015f\u0131qlara g\u00f6r\u0259 \u201cYarpaqlar Evi\u201d ad\u0131n\u0131 da\u015f\u0131y\u0131r. Yarpaqlar\u0131n x\u0131\u015f\u0131lt\u0131s\u0131 is\u0259 sanki Albaniyan\u0131n ke\u00e7mi\u015find\u0259n g\u0259l\u0259n p\u0131\u00e7\u0131lt\u0131lara b\u0259nz\u0259yir. Yarpaqlar\u0131n iki s\u0259tiralt\u0131 m\u0259nas\u0131 oldu\u011fu deyilir: me\u015f\u0259d\u0259 gizl\u0259dil\u0259nl\u0259r v\u0259 ya insanlar \u00fc\u00e7\u00fcn burax\u0131lan qovluqlar.<\/p>\n\n\n\n<p>Binan\u0131n giri\u015find\u0259ki l\u00f6hv\u0259d\u0259 &#8211; \u201cBu muzey, kommunist rejimi d\u00f6vr\u00fcnd\u0259 gizli izl\u0259nil\u0259n, t\u0259qib\u0259 m\u0259ruz qalan, h\u0259bs olunan v\u0259 edam edil\u0259n g\u00fcnahs\u0131z insanlara h\u0259sr olunub\u201d, &#8211; yaz\u0131l\u0131b.<\/p>\n\n\n\n<figure class=\"wp-block-image size-full\"><img decoding=\"async\" width=\"1200\" height=\"800\" data-src=\"https:\/\/www.meydan.tv\/wp-content\/uploads\/untitled-design-7-22.jpg\" alt=\"\" class=\"wp-image-258771 lazyload\" src=\"data:image\/svg+xml;base64,PHN2ZyB3aWR0aD0iMSIgaGVpZ2h0PSIxIiB4bWxucz0iaHR0cDovL3d3dy53My5vcmcvMjAwMC9zdmciPjwvc3ZnPg==\" style=\"--smush-placeholder-width: 1200px; --smush-placeholder-aspect-ratio: 1200\/800;\" \/><\/figure>\n\n\n\n<p><strong>Dinl\u0259m\u0259, izl\u0259m\u0259, s\u0131naq laboratoriyalar\u0131<\/strong><\/p>\n\n\n\n<p>\u201cYarpaqlar Evi\u201d bir-biri il\u0259 ba\u011fl\u0131 olan otuz bir otaqdan ibar\u0259tdir v\u0259 h\u0259r birinin x\u00fcsusi funksiyas\u0131 var. Burada telefon dan\u0131\u015f\u0131qlar\u0131n\u0131 dinl\u0259m\u0259 otaqlar\u0131, fotolar\u0131n a\u015fkarlanmas\u0131, h\u0259m\u00e7inin silah kimi istifad\u0259 edil\u0259n bioloji v\u0259 radioaktiv kimy\u0259vi madd\u0259l\u0259ri yoxlamaq \u00fc\u00e7\u00fcn laboratoriyalar m\u00f6vcuddur.<\/p>\n\n\n\n<p>Muzeyd\u0259ki s\u0259rginin yar\u0131dan \u00e7oxu dinl\u0259m\u0259 aparatlar\u0131d\u0131r. Avadanl\u0131qlara baxan zaman, anlay\u0131rsan ki, \u201cSiqurimi\u201dnin ixtiyar\u0131nda d\u00f6vr\u00fcn\u00fcn \u0259n m\u00fcasir texnologiyas\u0131 olub. Eksponatlar\u0131n aras\u0131nda Almaniya, Rusiya, Yaponiya v\u0259 \u00c7in istehsal\u0131 bahal\u0131 m\u00fc\u015fahid\u0259 avadanl\u0131qlar\u0131 var.<\/p>\n\n\n\n<figure class=\"wp-block-image size-full\"><img decoding=\"async\" width=\"1200\" height=\"800\" data-src=\"https:\/\/www.meydan.tv\/wp-content\/uploads\/untitled-design-4-40.jpg\" alt=\"\" class=\"wp-image-258761 lazyload\" src=\"data:image\/svg+xml;base64,PHN2ZyB3aWR0aD0iMSIgaGVpZ2h0PSIxIiB4bWxucz0iaHR0cDovL3d3dy53My5vcmcvMjAwMC9zdmciPjwvc3ZnPg==\" style=\"--smush-placeholder-width: 1200px; --smush-placeholder-aspect-ratio: 1200\/800;\" \/><\/figure>\n\n\n\n<p><strong>\u018fsass\u0131z h\u0259bsl\u0259r, i\u015fg\u0259nc\u0259l\u0259r v\u0259 edamlar<\/strong><\/p>\n\n\n\n<p>Muzeyi g\u0259z\u0259rk\u0259n divarlardak\u0131 yaz\u0131lar diqq\u0259ti c\u0259lb edir. Onlardan birind\u0259 \u201cBir s\u00f6z, mahn\u0131, t\u0259sad\u00fcfi g\u00f6r\u00fc\u015f d\u00fc\u015fm\u0259n\u00e7ilik f\u0259aliyy\u0259ti hesab edil\u0259 bil\u0259r\u201d, &#8211; deyilir.<\/p>\n\n\n\n<p>M\u00fchakim\u0259 olunan, h\u0259bs\u0259 at\u0131lan v\u0259 edam edil\u0259nl\u0259rin sonsuz siyah\u0131lar\u0131ndan ibar\u0259t l\u00f6vh\u0259l\u0259r is\u0259 t\u00fck \u00fcrp\u0259ndirir.<\/p>\n\n\n\n<p>M\u0259hbuslara i\u015fg\u0259nc\u0259 veril\u0259n ota\u011f\u0131n divarlar\u0131nda i\u015fg\u0259nc\u0259l\u0259ri \u0259ks etdir\u0259n t\u0259svirl\u0259r var.<\/p>\n\n\n\n<p>Divarda yaz\u0131lan dig\u0259r bir sitatda is\u0259 \u201cOla bilsin, m\u0259n o vaxt bel\u0259 d\u00fc\u015f\u00fcnm\u00fcrd\u00fcm. Lakin sonralar fikirl\u0259\u015fdim ki, \u00fczr ist\u0259m\u0259y\u0259n bu insanlar ifrat d\u0259r\u0259c\u0259d\u0259 c\u0259sar\u0259tli olublar\u201d, &#8211; deyilir.<\/p>\n\n\n\n<p>M\u00f6vcudlu\u011funun sonuna yax\u0131n, 1990-c\u0131 ild\u0259 \u201cSiqurimi\u201dnin 15000 i\u015f\u00e7isi oldu\u011fu bildirilir.<\/p>\n\n\n\n<figure class=\"wp-block-image size-full\"><img decoding=\"async\" width=\"1200\" height=\"800\" data-src=\"https:\/\/www.meydan.tv\/wp-content\/uploads\/untitled-design-3-40.jpg\" alt=\"\" class=\"wp-image-258758 lazyload\" src=\"data:image\/svg+xml;base64,PHN2ZyB3aWR0aD0iMSIgaGVpZ2h0PSIxIiB4bWxucz0iaHR0cDovL3d3dy53My5vcmcvMjAwMC9zdmciPjwvc3ZnPg==\" style=\"--smush-placeholder-width: 1200px; --smush-placeholder-aspect-ratio: 1200\/800;\" \/><\/figure>\n\n\n\n<p><strong>B\u0259s r\u0259q\u0259ml\u0259r n\u0259 deyir?<\/strong><\/p>\n\n\n\n<p>Balkan Ara\u015fd\u0131rma\u00e7\u0131 Reportyorluq \u015e\u0259b\u0259k\u0259sinin (BIRN) hesabat\u0131na deyilir ki, kommunist rejimi d\u00f6vr\u00fcnd\u0259 h\u0259tta he\u00e7 bir casusluq fakt\u0131 olmayan insanlar h\u0259bs\u0259 at\u0131l\u0131b, bir \u00e7oxunun h\u0259yat\u0131na son qoyulub.<\/p>\n\n\n\n<p>R\u0259smi r\u0259q\u0259ml\u0259r\u0259 g\u00f6r\u0259, \u018fnv\u0259r Xocan\u0131n hakimiyy\u0259ti d\u00f6vr\u00fcnd\u0259 siyasi edamlar\u0131n say\u0131 6027 n\u0259f\u0259rdir. 984 n\u0259f\u0259r h\u0259bsxanalarda (308 n\u0259f\u0259r a\u011fl\u0131n\u0131 itirib), 7000 n\u0259f\u0259rd\u0259n \u00e7oxu \u0259m\u0259k d\u00fc\u015f\u0259rg\u0259l\u0259rind\u0259 v\u0259 deportasiya zaman\u0131 h\u0259lak olub.<\/p>\n\n\n\n<p>34135 n\u0259f\u0259r siyasi ittihamlarla m\u00fcxt\u0259lif m\u00fcdd\u0259tl\u0259r\u0259 azadl\u0131qdan m\u0259hrum edilib. 59000 n\u0259f\u0259r t\u0259rbiy\u0259 d\u00fc\u015f\u0259rg\u0259l\u0259rin\u0259 g\u00f6nd\u0259rilib. H\u0259m\u00e7inin y\u00fczl\u0259rl\u0259 i\u015fg\u0259nc\u0259 hallar\u0131 s\u0259n\u0259dl\u0259\u015fdirilib.<\/p>\n\n\n\n<p>R\u0259smi statistikaya \u0259saslanan dig\u0259r hesablamalarda da ox\u015far r\u0259q\u0259ml\u0259r verilir.<\/p>\n\n\n\n<p>5487 siyasi edam (5037 ki\u015fi, 450 qad\u0131n), h\u0259bsxanalarda 995 \u00f6l\u00fcm (988 ki\u015fi, 7 qad\u0131n), 34155 siyasi m\u0259hbus (26778 ki\u015fi, 7367 qad\u0131n), repressiyaya m\u0259ruz qalan 1253 \u0259cn\u0259bi (1215 ki\u015fi, 38 qad\u0131n).<\/p>\n\n\n\n<p>Albaniya Kommunizm Cinay\u0259tl\u0259rinin T\u0259dqiqi \u0130nstitutu is\u0259 21,3 min n\u0259f\u0259rin edam edildiyini, 10 min n\u0259f\u0259rin i\u015fg\u0259nc\u0259d\u0259n \u00f6ld\u00fcy\u00fcn\u00fc, 64,1 min n\u0259f\u0259rin siyasi m\u0259hbus (orta h\u0259bs m\u00fcdd\u0259ti 9 ildir), 220 min n\u0259f\u0259r deportasiya edildiyini bildirir.<\/p>\n\n\n\n<figure class=\"wp-block-image size-full\"><img decoding=\"async\" width=\"1200\" height=\"800\" data-src=\"https:\/\/www.meydan.tv\/wp-content\/uploads\/untitled-design-6-21.jpg\" alt=\"\" class=\"wp-image-258767 lazyload\" src=\"data:image\/svg+xml;base64,PHN2ZyB3aWR0aD0iMSIgaGVpZ2h0PSIxIiB4bWxucz0iaHR0cDovL3d3dy53My5vcmcvMjAwMC9zdmciPjwvc3ZnPg==\" style=\"--smush-placeholder-width: 1200px; --smush-placeholder-aspect-ratio: 1200\/800;\" \/><\/figure>\n\n\n\n<p>H\u0259bsl\u0259r, sor\u011fu-suallar, m\u0259cburi \u0259m\u0259k, polis n\u0259zar\u0259ti Albaniya \u0259halisinin \u00fc\u00e7d\u0259 birin\u0259 t\u0259tbiq edildiyi iddia edilir.<\/p>\n\n\n\n<p><strong>Arxivl\u0259rin a\u00e7\u0131lmas\u0131<\/strong><\/p>\n\n\n\n<p>Albaniya 1995-ci ild\u0259 \u201cKommunist rejimi d\u00f6vr\u00fcnd\u0259 siyasi, ideoloji v\u0259 dini s\u0259b\u0259bl\u0259r\u0259 g\u00f6r\u0259 t\u00f6r\u0259dilmi\u015f soyq\u0131r\u0131m v\u0259 insanl\u0131\u011fa qar\u015f\u0131 cinay\u0259tl\u0259r haqq\u0131nda\u201d qanun q\u0259bul edib.<\/p>\n\n\n\n<p>Daha sonra h\u0259min ill\u0259ri \u0259hat\u0259 ed\u0259n arxiv materiallar\u0131 &#8211; fotolar, s\u0259n\u0259dl\u0259r v\u0259 s. ictimaiyy\u0259t\u0259 t\u0259qdim olunub.<\/p>\n\n\n\n<p>Arxiv s\u0259n\u0259dl\u0259ri haz\u0131rda Gizli M\u00fc\u015fahid\u0259 Muzeyind\u0259 s\u0259rgil\u0259nir.<\/p>\n\n\n\n<p>Bura 2020-ci ild\u0259 is\u0259 Avropa \u015euras\u0131n\u0131n Muzey M\u00fckafat\u0131 \u00fczr\u0259 \u201c\u0130lin Muzeyi\u201d se\u00e7ilib.<\/p>\n","protected":false},"excerpt":{"rendered":"<p>Albaniyan\u0131n bu muzeyi turistl\u0259rin \u0259n \u00e7ox mara\u011f\u0131na s\u0259b\u0259b olan yerdir &#8230; <\/p>\n<p class=\"read-more-container\"><a title=\"Tiranada muzey: S\u0131naq laboratoriyas\u0131, i\u015fg\u0259nc\u0259 ota\u011f\u0131&#8230;\" class=\"read-more button\" href=\"https:\/\/www.meydan.tv\/az\/article\/tiranada-muzey-sinaq-laboratoriyasi-isgence-otagi\/#more-258781\" aria-label=\"Read more about Tiranada muzey: S\u0131naq laboratoriyas\u0131, i\u015fg\u0259nc\u0259 ota\u011f\u0131&#8230;\">Davam\u0131<\/a><\/p>\n","protected":false},"author":8,"featured_media":258755,"comment_status":"closed","ping_status":"closed","sticky":false,"template":"","format":"standard","meta":{"_acf_changed":false,"_sitemap_exclude":false,"_sitemap_priority":"","_sitemap_frequency":"","footnotes":""},"categories":[52,56],"tags":[],"class_list":["post-258781","post","type-post","status-publish","format-standard","has-post-thumbnail","hentry","category-medeniyyet","category-xeberler","infinite-scroll-item","generate-columns","tablet-grid-50","mobile-grid-100","grid-parent","grid-33","no-featured-image-padding"],"acf":[],"yoast_head":"<!-- This site is optimized with the Yoast SEO plugin v27.5 - https:\/\/yoast.com\/product\/yoast-seo-wordpress\/ -->\n<title>Tiranada muzey: S\u0131naq laboratoriyas\u0131, i\u015fg\u0259nc\u0259 ota\u011f\u0131... - MEYDAN.TV<\/title>\n<meta name=\"robots\" content=\"index, follow, max-snippet:-1, max-image-preview:large, max-video-preview:-1\" \/>\n<link rel=\"canonical\" href=\"https:\/\/www.meydan.tv\/az\/article\/tiranada-muzey-sinaq-laboratoriyasi-isgence-otagi\/\" \/>\n<meta property=\"og:locale\" content=\"az_AZ\" \/>\n<meta property=\"og:type\" content=\"article\" \/>\n<meta property=\"og:title\" content=\"Tiranada muzey: S\u0131naq laboratoriyas\u0131, i\u015fg\u0259nc\u0259 ota\u011f\u0131... - MEYDAN.TV\" \/>\n<meta property=\"og:description\" content=\"Albaniyan\u0131n bu muzeyi turistl\u0259rin \u0259n \u00e7ox mara\u011f\u0131na s\u0259b\u0259b olan yerdir ... Davam\u0131\" \/>\n<meta property=\"og:url\" content=\"https:\/\/www.meydan.tv\/az\/article\/tiranada-muzey-sinaq-laboratoriyasi-isgence-otagi\/\" \/>\n<meta property=\"og:site_name\" content=\"MEYDAN.TV\" \/>\n<meta property=\"article:published_time\" content=\"2022-10-20T08:04:29+00:00\" \/>\n<meta property=\"article:modified_time\" content=\"2022-10-20T08:22:55+00:00\" \/>\n<meta property=\"og:image\" content=\"https:\/\/www.meydan.tv\/wp-content\/uploads\/untitled-design-2-51.jpg\" \/>\n\t<meta property=\"og:image:width\" content=\"1200\" \/>\n\t<meta property=\"og:image:height\" content=\"800\" \/>\n\t<meta property=\"og:image:type\" content=\"image\/jpeg\" \/>\n<meta name=\"author\" content=\"elli\" \/>\n<meta name=\"twitter:card\" content=\"summary_large_image\" \/>\n<meta name=\"twitter:creator\" content=\"@elli\" \/>\n<script type=\"application\/ld+json\" class=\"yoast-schema-graph\">{\"@context\":\"https:\\\/\\\/schema.org\",\"@graph\":[{\"@type\":\"Article\",\"@id\":\"https:\\\/\\\/www.meydan.tv\\\/az\\\/article\\\/tiranada-muzey-sinaq-laboratoriyasi-isgence-otagi\\\/#article\",\"isPartOf\":{\"@id\":\"https:\\\/\\\/www.meydan.tv\\\/az\\\/article\\\/tiranada-muzey-sinaq-laboratoriyasi-isgence-otagi\\\/\"},\"author\":{\"name\":\"elli\",\"@id\":\"https:\\\/\\\/www.meydan.tv\\\/az\\\/#\\\/schema\\\/person\\\/9cdbecf90d17180ce1dfbd95b08dcf47\"},\"headline\":\"Tiranada muzey: S\u0131naq laboratoriyas\u0131, i\u015fg\u0259nc\u0259 ota\u011f\u0131&#8230;\",\"datePublished\":\"2022-10-20T08:04:29+00:00\",\"dateModified\":\"2022-10-20T08:22:55+00:00\",\"mainEntityOfPage\":{\"@id\":\"https:\\\/\\\/www.meydan.tv\\\/az\\\/article\\\/tiranada-muzey-sinaq-laboratoriyasi-isgence-otagi\\\/\"},\"wordCount\":1076,\"publisher\":{\"@id\":\"https:\\\/\\\/www.meydan.tv\\\/az\\\/#organization\"},\"image\":{\"@id\":\"https:\\\/\\\/www.meydan.tv\\\/az\\\/article\\\/tiranada-muzey-sinaq-laboratoriyasi-isgence-otagi\\\/#primaryimage\"},\"thumbnailUrl\":\"https:\\\/\\\/www.meydan.tv\\\/wp-content\\\/uploads\\\/untitled-design-2-51.jpg\",\"articleSection\":[\"M\u0259d\u0259niyy\u0259t\",\"X\u0259b\u0259rl\u0259r\"],\"inLanguage\":\"az\"},{\"@type\":\"WebPage\",\"@id\":\"https:\\\/\\\/www.meydan.tv\\\/az\\\/article\\\/tiranada-muzey-sinaq-laboratoriyasi-isgence-otagi\\\/\",\"url\":\"https:\\\/\\\/www.meydan.tv\\\/az\\\/article\\\/tiranada-muzey-sinaq-laboratoriyasi-isgence-otagi\\\/\",\"name\":\"Tiranada muzey: S\u0131naq laboratoriyas\u0131, i\u015fg\u0259nc\u0259 ota\u011f\u0131... - MEYDAN.TV\",\"isPartOf\":{\"@id\":\"https:\\\/\\\/www.meydan.tv\\\/az\\\/#website\"},\"primaryImageOfPage\":{\"@id\":\"https:\\\/\\\/www.meydan.tv\\\/az\\\/article\\\/tiranada-muzey-sinaq-laboratoriyasi-isgence-otagi\\\/#primaryimage\"},\"image\":{\"@id\":\"https:\\\/\\\/www.meydan.tv\\\/az\\\/article\\\/tiranada-muzey-sinaq-laboratoriyasi-isgence-otagi\\\/#primaryimage\"},\"thumbnailUrl\":\"https:\\\/\\\/www.meydan.tv\\\/wp-content\\\/uploads\\\/untitled-design-2-51.jpg\",\"datePublished\":\"2022-10-20T08:04:29+00:00\",\"dateModified\":\"2022-10-20T08:22:55+00:00\",\"breadcrumb\":{\"@id\":\"https:\\\/\\\/www.meydan.tv\\\/az\\\/article\\\/tiranada-muzey-sinaq-laboratoriyasi-isgence-otagi\\\/#breadcrumb\"},\"inLanguage\":\"az\",\"potentialAction\":[{\"@type\":\"ReadAction\",\"target\":[\"https:\\\/\\\/www.meydan.tv\\\/az\\\/article\\\/tiranada-muzey-sinaq-laboratoriyasi-isgence-otagi\\\/\"]}]},{\"@type\":\"ImageObject\",\"inLanguage\":\"az\",\"@id\":\"https:\\\/\\\/www.meydan.tv\\\/az\\\/article\\\/tiranada-muzey-sinaq-laboratoriyasi-isgence-otagi\\\/#primaryimage\",\"url\":\"https:\\\/\\\/www.meydan.tv\\\/wp-content\\\/uploads\\\/untitled-design-2-51.jpg\",\"contentUrl\":\"https:\\\/\\\/www.meydan.tv\\\/wp-content\\\/uploads\\\/untitled-design-2-51.jpg\",\"width\":1200,\"height\":800,\"caption\":\"Fotolar: Meydan TV\"},{\"@type\":\"BreadcrumbList\",\"@id\":\"https:\\\/\\\/www.meydan.tv\\\/az\\\/article\\\/tiranada-muzey-sinaq-laboratoriyasi-isgence-otagi\\\/#breadcrumb\",\"itemListElement\":[{\"@type\":\"ListItem\",\"position\":1,\"name\":\"Ana s\u0259hif\u0259\",\"item\":\"https:\\\/\\\/www.meydan.tv\\\/az\\\/\"},{\"@type\":\"ListItem\",\"position\":2,\"name\":\"M\u0259d\u0259niyy\u0259t\",\"item\":\"https:\\\/\\\/www.meydan.tv\\\/az\\\/section\\\/medeniyyet\\\/\"},{\"@type\":\"ListItem\",\"position\":3,\"name\":\"Tiranada muzey: S\u0131naq laboratoriyas\u0131, i\u015fg\u0259nc\u0259 ota\u011f\u0131&#8230;\"}]},{\"@type\":\"WebSite\",\"@id\":\"https:\\\/\\\/www.meydan.tv\\\/az\\\/#website\",\"url\":\"https:\\\/\\\/www.meydan.tv\\\/az\\\/\",\"name\":\"MEYDAN.TV\",\"description\":\"Meydan TV Az\u0259rbaycan\u0131n media m\u0259kan\u0131ndak\u0131 alternativ s\u0259sidir\",\"publisher\":{\"@id\":\"https:\\\/\\\/www.meydan.tv\\\/az\\\/#organization\"},\"potentialAction\":[{\"@type\":\"SearchAction\",\"target\":{\"@type\":\"EntryPoint\",\"urlTemplate\":\"https:\\\/\\\/www.meydan.tv\\\/az\\\/?s={search_term_string}\"},\"query-input\":{\"@type\":\"PropertyValueSpecification\",\"valueRequired\":true,\"valueName\":\"search_term_string\"}}],\"inLanguage\":\"az\"},{\"@type\":\"Organization\",\"@id\":\"https:\\\/\\\/www.meydan.tv\\\/az\\\/#organization\",\"name\":\"Meydan TV\",\"url\":\"https:\\\/\\\/www.meydan.tv\\\/az\\\/\",\"logo\":{\"@type\":\"ImageObject\",\"inLanguage\":\"az\",\"@id\":\"https:\\\/\\\/www.meydan.tv\\\/az\\\/#\\\/schema\\\/logo\\\/image\\\/\",\"url\":\"https:\\\/\\\/www.meydan.tv\\\/wp-content\\\/uploads\\\/2021\\\/07\\\/meydan-logo.svg\",\"contentUrl\":\"https:\\\/\\\/www.meydan.tv\\\/wp-content\\\/uploads\\\/2021\\\/07\\\/meydan-logo.svg\",\"width\":195,\"height\":46,\"caption\":\"Meydan TV\"},\"image\":{\"@id\":\"https:\\\/\\\/www.meydan.tv\\\/az\\\/#\\\/schema\\\/logo\\\/image\\\/\"}},{\"@type\":\"Person\",\"@id\":\"https:\\\/\\\/www.meydan.tv\\\/az\\\/#\\\/schema\\\/person\\\/9cdbecf90d17180ce1dfbd95b08dcf47\",\"name\":\"elli\",\"sameAs\":[\"https:\\\/\\\/x.com\\\/elli\"]}]}<\/script>\n<!-- \/ Yoast SEO plugin. -->","yoast_head_json":{"title":"Tiranada muzey: S\u0131naq laboratoriyas\u0131, i\u015fg\u0259nc\u0259 ota\u011f\u0131... - MEYDAN.TV","robots":{"index":"index","follow":"follow","max-snippet":"max-snippet:-1","max-image-preview":"max-image-preview:large","max-video-preview":"max-video-preview:-1"},"canonical":"https:\/\/www.meydan.tv\/az\/article\/tiranada-muzey-sinaq-laboratoriyasi-isgence-otagi\/","og_locale":"az_AZ","og_type":"article","og_title":"Tiranada muzey: S\u0131naq laboratoriyas\u0131, i\u015fg\u0259nc\u0259 ota\u011f\u0131... - MEYDAN.TV","og_description":"Albaniyan\u0131n bu muzeyi turistl\u0259rin \u0259n \u00e7ox mara\u011f\u0131na s\u0259b\u0259b olan yerdir ... Davam\u0131","og_url":"https:\/\/www.meydan.tv\/az\/article\/tiranada-muzey-sinaq-laboratoriyasi-isgence-otagi\/","og_site_name":"MEYDAN.TV","article_published_time":"2022-10-20T08:04:29+00:00","article_modified_time":"2022-10-20T08:22:55+00:00","og_image":[{"width":1200,"height":800,"url":"https:\/\/www.meydan.tv\/wp-content\/uploads\/untitled-design-2-51.jpg","type":"image\/jpeg"}],"author":"elli","twitter_card":"summary_large_image","twitter_creator":"@elli","schema":{"@context":"https:\/\/schema.org","@graph":[{"@type":"Article","@id":"https:\/\/www.meydan.tv\/az\/article\/tiranada-muzey-sinaq-laboratoriyasi-isgence-otagi\/#article","isPartOf":{"@id":"https:\/\/www.meydan.tv\/az\/article\/tiranada-muzey-sinaq-laboratoriyasi-isgence-otagi\/"},"author":{"name":"elli","@id":"https:\/\/www.meydan.tv\/az\/#\/schema\/person\/9cdbecf90d17180ce1dfbd95b08dcf47"},"headline":"Tiranada muzey: S\u0131naq laboratoriyas\u0131, i\u015fg\u0259nc\u0259 ota\u011f\u0131&#8230;","datePublished":"2022-10-20T08:04:29+00:00","dateModified":"2022-10-20T08:22:55+00:00","mainEntityOfPage":{"@id":"https:\/\/www.meydan.tv\/az\/article\/tiranada-muzey-sinaq-laboratoriyasi-isgence-otagi\/"},"wordCount":1076,"publisher":{"@id":"https:\/\/www.meydan.tv\/az\/#organization"},"image":{"@id":"https:\/\/www.meydan.tv\/az\/article\/tiranada-muzey-sinaq-laboratoriyasi-isgence-otagi\/#primaryimage"},"thumbnailUrl":"https:\/\/www.meydan.tv\/wp-content\/uploads\/untitled-design-2-51.jpg","articleSection":["M\u0259d\u0259niyy\u0259t","X\u0259b\u0259rl\u0259r"],"inLanguage":"az"},{"@type":"WebPage","@id":"https:\/\/www.meydan.tv\/az\/article\/tiranada-muzey-sinaq-laboratoriyasi-isgence-otagi\/","url":"https:\/\/www.meydan.tv\/az\/article\/tiranada-muzey-sinaq-laboratoriyasi-isgence-otagi\/","name":"Tiranada muzey: S\u0131naq laboratoriyas\u0131, i\u015fg\u0259nc\u0259 ota\u011f\u0131... - MEYDAN.TV","isPartOf":{"@id":"https:\/\/www.meydan.tv\/az\/#website"},"primaryImageOfPage":{"@id":"https:\/\/www.meydan.tv\/az\/article\/tiranada-muzey-sinaq-laboratoriyasi-isgence-otagi\/#primaryimage"},"image":{"@id":"https:\/\/www.meydan.tv\/az\/article\/tiranada-muzey-sinaq-laboratoriyasi-isgence-otagi\/#primaryimage"},"thumbnailUrl":"https:\/\/www.meydan.tv\/wp-content\/uploads\/untitled-design-2-51.jpg","datePublished":"2022-10-20T08:04:29+00:00","dateModified":"2022-10-20T08:22:55+00:00","breadcrumb":{"@id":"https:\/\/www.meydan.tv\/az\/article\/tiranada-muzey-sinaq-laboratoriyasi-isgence-otagi\/#breadcrumb"},"inLanguage":"az","potentialAction":[{"@type":"ReadAction","target":["https:\/\/www.meydan.tv\/az\/article\/tiranada-muzey-sinaq-laboratoriyasi-isgence-otagi\/"]}]},{"@type":"ImageObject","inLanguage":"az","@id":"https:\/\/www.meydan.tv\/az\/article\/tiranada-muzey-sinaq-laboratoriyasi-isgence-otagi\/#primaryimage","url":"https:\/\/www.meydan.tv\/wp-content\/uploads\/untitled-design-2-51.jpg","contentUrl":"https:\/\/www.meydan.tv\/wp-content\/uploads\/untitled-design-2-51.jpg","width":1200,"height":800,"caption":"Fotolar: Meydan TV"},{"@type":"BreadcrumbList","@id":"https:\/\/www.meydan.tv\/az\/article\/tiranada-muzey-sinaq-laboratoriyasi-isgence-otagi\/#breadcrumb","itemListElement":[{"@type":"ListItem","position":1,"name":"Ana s\u0259hif\u0259","item":"https:\/\/www.meydan.tv\/az\/"},{"@type":"ListItem","position":2,"name":"M\u0259d\u0259niyy\u0259t","item":"https:\/\/www.meydan.tv\/az\/section\/medeniyyet\/"},{"@type":"ListItem","position":3,"name":"Tiranada muzey: S\u0131naq laboratoriyas\u0131, i\u015fg\u0259nc\u0259 ota\u011f\u0131&#8230;"}]},{"@type":"WebSite","@id":"https:\/\/www.meydan.tv\/az\/#website","url":"https:\/\/www.meydan.tv\/az\/","name":"MEYDAN.TV","description":"Meydan TV Az\u0259rbaycan\u0131n media m\u0259kan\u0131ndak\u0131 alternativ s\u0259sidir","publisher":{"@id":"https:\/\/www.meydan.tv\/az\/#organization"},"potentialAction":[{"@type":"SearchAction","target":{"@type":"EntryPoint","urlTemplate":"https:\/\/www.meydan.tv\/az\/?s={search_term_string}"},"query-input":{"@type":"PropertyValueSpecification","valueRequired":true,"valueName":"search_term_string"}}],"inLanguage":"az"},{"@type":"Organization","@id":"https:\/\/www.meydan.tv\/az\/#organization","name":"Meydan TV","url":"https:\/\/www.meydan.tv\/az\/","logo":{"@type":"ImageObject","inLanguage":"az","@id":"https:\/\/www.meydan.tv\/az\/#\/schema\/logo\/image\/","url":"https:\/\/www.meydan.tv\/wp-content\/uploads\/2021\/07\/meydan-logo.svg","contentUrl":"https:\/\/www.meydan.tv\/wp-content\/uploads\/2021\/07\/meydan-logo.svg","width":195,"height":46,"caption":"Meydan TV"},"image":{"@id":"https:\/\/www.meydan.tv\/az\/#\/schema\/logo\/image\/"}},{"@type":"Person","@id":"https:\/\/www.meydan.tv\/az\/#\/schema\/person\/9cdbecf90d17180ce1dfbd95b08dcf47","name":"elli","sameAs":["https:\/\/x.com\/elli"]}]}},"_links":{"self":[{"href":"https:\/\/www.meydan.tv\/az\/wp-json\/wp\/v2\/posts\/258781","targetHints":{"allow":["GET"]}}],"collection":[{"href":"https:\/\/www.meydan.tv\/az\/wp-json\/wp\/v2\/posts"}],"about":[{"href":"https:\/\/www.meydan.tv\/az\/wp-json\/wp\/v2\/types\/post"}],"author":[{"embeddable":true,"href":"https:\/\/www.meydan.tv\/az\/wp-json\/wp\/v2\/users\/8"}],"replies":[{"embeddable":true,"href":"https:\/\/www.meydan.tv\/az\/wp-json\/wp\/v2\/comments?post=258781"}],"version-history":[{"count":6,"href":"https:\/\/www.meydan.tv\/az\/wp-json\/wp\/v2\/posts\/258781\/revisions"}],"predecessor-version":[{"id":258790,"href":"https:\/\/www.meydan.tv\/az\/wp-json\/wp\/v2\/posts\/258781\/revisions\/258790"}],"wp:featuredmedia":[{"embeddable":true,"href":"https:\/\/www.meydan.tv\/az\/wp-json\/wp\/v2\/media\/258755"}],"wp:attachment":[{"href":"https:\/\/www.meydan.tv\/az\/wp-json\/wp\/v2\/media?parent=258781"}],"wp:term":[{"taxonomy":"category","embeddable":true,"href":"https:\/\/www.meydan.tv\/az\/wp-json\/wp\/v2\/categories?post=258781"},{"taxonomy":"post_tag","embeddable":true,"href":"https:\/\/www.meydan.tv\/az\/wp-json\/wp\/v2\/tags?post=258781"}],"curies":[{"name":"wp","href":"https:\/\/api.w.org\/{rel}","templated":true}]}}