{"id":258729,"date":"2022-10-19T18:17:55","date_gmt":"2022-10-19T14:17:55","guid":{"rendered":"https:\/\/www.meydan.tv\/?p=258729"},"modified":"2022-10-19T18:17:57","modified_gmt":"2022-10-19T14:17:57","slug":"gencede-qarabag-elili-olumunden-sonra-beraet-aldi","status":"publish","type":"post","link":"https:\/\/www.meydan.tv\/az\/article\/gencede-qarabag-elili-olumunden-sonra-beraet-aldi\/","title":{"rendered":"G\u0259nc\u0259d\u0259 Qaraba\u011f \u0259lili \u00f6l\u00fcm\u00fcnd\u0259n sonra b\u0259ra\u0259t ald\u0131"},"content":{"rendered":"\n<p><\/p>\n\n\n\n<p>Ev\u0259 1 kq narkotiki kim qoyub?<\/p>\n\n\n\n<p>G\u0259nc\u0259 \u015e\u0259h\u0259r Ba\u015f Polis \u0130dar\u0259si \u0259m\u0259kda\u015flar\u0131n\u0131n narkotik ittiham\u0131yla tutdu\u011fu iki ayr\u0131 i\u015fd\u0259 m\u0259hk\u0259m\u0259 h\u0259min \u015f\u0259xsl\u0259rin t\u0259qsirsiz oldu\u011fu q\u0259na\u0259tin\u0259 g\u0259lib. Ona g\u00f6r\u0259 d\u0259 t\u0259qsirl\u0259ndiril\u0259n \u015f\u0259xsl\u0259rin \u2013 M\u00fc\u015ffiq V\u0259liyev v\u0259 Elsev\u0259r N\u0259biyevin h\u0259r biri haqq\u0131nda b\u0259ra\u0259t h\u00f6km\u00fc \u00e7\u0131xar\u0131l\u0131b. Lakin ikinci qrup Qaraba\u011f \u0259lili olan M\u00fc\u015ffiq V\u0259liyev b\u0259ra\u0259t ald\u0131\u011f\u0131n\u0131 bilm\u0259d\u0259n \u2013 m\u0259hk\u0259m\u0259 prosesinin gedi\u015find\u0259 v\u0259fat edib.<\/p>\n\n\n\n<p>B\u0259ra\u0259t h\u00f6kml\u0259rinin h\u0259r ikisi G\u0259nc\u0259 A\u011f\u0131r Cinay\u0259tl\u0259r M\u0259hk\u0259m\u0259sind\u0259 verilib \u2013 Elsev\u0259r N\u0259biyev haqq\u0131nda h\u00f6km oktyabr\u0131n 11-d\u0259, M\u00fc\u015ffiq V\u0259liyev haqq\u0131nda is\u0259 oktyabr\u0131n 17-d\u0259 \u00e7\u0131xar\u0131l\u0131b.1 kiloqram narkotiki ev\u0259 polisl\u0259r qoyub?<\/p>\n\n\n\n<p>Elsev\u0259r N\u0259biyevin \u00fcst\u00fcnd\u0259n 3 qrama yax\u0131n, evind\u0259n is\u0259 1 kiloqramdan art\u0131q narkotik \u2013 heroin tap\u0131ld\u0131\u011f\u0131 iddia olunurdu. H\u0259tta bununla ba\u011fl\u0131 Daxili \u0130\u015fl\u0259r Nazirliyi G\u0259nc\u0259 \u015f\u0259h\u0259r Ba\u015f Polis \u0130dar\u0259si \u0259m\u0259kda\u015flar\u0131n\u0131n u\u011furlu \u0259m\u0259liyyat ke\u00e7irm\u0259si, 1 kiloqramdan art\u0131q narkotik tapmas\u0131 haqda m\u0259lumat yay\u0131b. M\u00fcxt\u0259lif media orqanlar\u0131 da h\u0259min m\u0259lumat\u0131 tirajlay\u0131b.<\/p>\n\n\n\n<p>Elsev\u0259r N\u0259biyev etiraf edir ki, 3 ildir narkotik istifad\u0259\u00e7isidir. 2021-ci ilin yay\u0131nda polisl\u0259r onu protokollarda yaz\u0131lanlardan f\u0259rqli olaraq, k\u00fc\u00e7\u0259d\u0259 yox, evd\u0259 oturdu\u011fu yerd\u0259 g\u0259lib apar\u0131blar. Onun s\u00f6zl\u0259rin\u0259 g\u00f6r\u0259, polisl\u0259r g\u0259l\u0259nd\u0259 el\u0259 yenic\u0259 narkotikd\u0259n istifad\u0259 etmi\u015fdi.30 ya\u015fl\u0131 Elsev\u0259r N\u0259biyev bildirib ki, G\u0259nc\u0259 \u015e\u0259h\u0259r Ba\u015f Polis \u0130dar\u0259sind\u0259 o q\u0259d\u0259r d\u00f6y\u00fcl\u00fcb, ona aidiyy\u0259ti olmayan narkotiki boynuna g\u00f6t\u00fcrm\u0259kd\u0259n ba\u015fqa \u00e7ar\u0259si qalmay\u0131b. O, i\u015fg\u0259nc\u0259y\u0259 m\u0259ruz qalmas\u0131na g\u00f6r\u0259 G\u0259nc\u0259 \u015e\u0259h\u0259r Ba\u015f Polis \u0130dar\u0259sinin R\u0259\u015fad, Com\u0259rd v\u0259 S\u0259rxan adl\u0131 \u0259m\u0259kda\u015flar\u0131n\u0131 ittiham edib. Onun s\u00f6zl\u0259rin\u0259 g\u00f6r\u0259, t\u0259l\u0259b olunan ifad\u0259ni verm\u0259y\u0259 raz\u0131la\u015fandan sonra onu n\u0259 dey\u0259c\u0259yi haqda \u0259vv\u0259lc\u0259d\u0259n \u00f6yr\u0259dib, sonra kamera qar\u015f\u0131s\u0131na \u00e7\u0131xar\u0131blar. H\u0259min \u00e7\u0259kili\u015f zaman\u0131 o da \u00f6yr\u0259dildiyi kimi dan\u0131\u015f\u0131b. Deyib ki, evd\u0259 d\u0259 narkotik var.Elsev\u0259r N\u0259biyev onu da bildirib ki, evl\u0259rin\u0259 iki d\u0259f\u0259 bax\u0131\u015f ke\u00e7irilib. Birinci d\u0259f\u0259 onu g\u0259lib tutub aparanda axtar\u0131blar, he\u00e7 n\u0259 tapmay\u0131blar. \u0130kinci d\u0259f\u0259 idar\u0259d\u0259 d\u00f6y\u0259nd\u0259n sonra birlikd\u0259 ev\u0259 qay\u0131d\u0131blar. Polis \u0259m\u0259kda\u015flar\u0131 narkotiki \u00e7arpay\u0131n\u0131n yan\u0131ndak\u0131 \u015fkafa yerl\u0259\u015fdirib, ona da deyib ki, kamera \u00e7\u0259k\u0259-\u00e7\u0259k\u0259 gedib onu g\u00f6t\u00fcrs\u00fcn.<\/p>\n\n\n\n<p>\u0130st\u0259r saxland\u0131\u011f\u0131 vaxt, ist\u0259rs\u0259 d\u0259 sonradan narkotik tap\u0131lmas\u0131 bar\u0259d\u0259 \u00e7\u0259kili\u015f ed\u0259nd\u0259 evd\u0259 he\u00e7 kim olmay\u0131b.<\/p>\n\n\n\n<p>Bundan ba\u015fqa, Elsev\u0259r N\u0259biyev istintaqa ifad\u0259sind\u0259 g\u00f6st\u0259rib ki, evind\u0259n tap\u0131lan narkotiki bir ne\u00e7\u0259 g\u00fcn \u0259vv\u0259l Bak\u0131da avtova\u011fzal yax\u0131nl\u0131\u011f\u0131nda \u0130ran v\u0259t\u0259nda\u015f\u0131ndan al\u0131b. Amma m\u0259hk\u0259m\u0259d\u0259 bildirib ki, o, son vaxtlar \u00fcmumiyy\u0259tl\u0259, Bak\u0131ya getm\u0259yib. \u00c7\u00fcnki bundan \u0259vv\u0259l o\u011furlu\u011fa g\u00f6r\u0259 ona veril\u0259n azadl\u0131\u011f\u0131n m\u0259hdudla\u015fd\u0131r\u0131lmas\u0131 c\u0259zas\u0131yla \u0259laq\u0259dar G\u0259nc\u0259ni t\u0259rk ed\u0259 bilm\u0259z. Bu c\u0259zan\u0131n icras\u0131na n\u0259zar\u0259t m\u0259qs\u0259dil\u0259 ona elektron bil\u0259rzik vurulub. \u018fg\u0259r G\u0259nc\u0259ni t\u0259rk ets\u0259ydi, d\u0259rhal icra v\u0259 probasiya \u015f\u00f6b\u0259si bundan x\u0259b\u0259r tutard\u0131. O vur\u011fulay\u0131b ki, polis idar\u0259sind\u0259 el\u0259 \u00f6yr\u0259dildiyin\u0259 g\u00f6r\u0259 kamera qar\u015f\u0131s\u0131nda da narkotiki Bak\u0131da \u0130ran v\u0259t\u0259nda\u015f\u0131ndan ald\u0131\u011f\u0131n\u0131 deyib.<\/p>\n\n\n\n<p>M\u0259hk\u0259m\u0259 d\u0259 ara\u015fd\u0131r\u0131b v\u0259 \u0259min olub ki, h\u0259qiq\u0259t\u0259n Elsev\u0259r N\u0259biyev Bak\u0131ya getm\u0259yib.<\/p>\n\n\n\n<p>Elsev\u0259r N\u0259biyev polis idar\u0259sind\u0259n istintaq t\u0259cridxanas\u0131na k\u00f6\u00e7\u00fcr\u00fcl\u0259nd\u0259 onun \u00fcz\u0259rind\u0259 \u00e7oxsayl\u0131 x\u0259sar\u0259tl\u0259r olub. T\u0259cridxanada m\u00fcayin\u0259 zaman\u0131 onlar qeyd\u0259 al\u0131n\u0131b. Elsev\u0259r N\u0259biyevd\u0259n x\u0259sar\u0259tl\u0259rin s\u0259b\u0259bini soru\u015fduqda is\u0259 o, polisl\u0259r t\u0259r\u0259find\u0259n d\u00f6y\u00fcld\u00fcy\u00fcn\u00fc bildirib.<\/p>\n\n\n\n<p>Hakiml\u0259r i\u015fg\u0259nc\u0259 v\u0259 ziddiyy\u0259tli hallar\u0131 n\u0259z\u0259r\u0259 alaraq, bel\u0259 n\u0259tic\u0259y\u0259 g\u0259lib ki, Elsev\u0259r N\u0259biyev\u0259 qar\u015f\u0131 ittiham s\u00fcbuta yetirilm\u0259yib. Ona g\u00f6r\u0259 d\u0259 oktyabr\u0131n 11-d\u0259 h\u00f6km elan edil\u0259rk\u0259n m\u0259hk\u0259m\u0259 zal\u0131ndan azadl\u0131\u011fa burax\u0131l\u0131b.<\/p>\n\n\n\n<p>Qaraba\u011f \u0259lili onu \u015f\u0259rl\u0259diyini dey\u0259n polisl\u0259r\u0259 g\u00f6r\u0259 minn\u0259tdarl\u0131q edir?<\/p>\n\n\n\n<p>Qaraba\u011f \u0259lili M\u00fc\u015ffiq V\u0259liyev s\u0259hh\u0259tind\u0259ki probleml\u0259r\u0259 g\u00f6r\u0259 istintaq d\u00f6vr\u00fcnd\u0259 h\u0259bs edilm\u0259yib, onun bar\u0259sind\u0259 alternativ q\u0259timkan t\u0259dbiri se\u00e7ilib. O, m\u0259hk\u0259m\u0259d\u0259 dindiril\u0259rk\u0259n bildirib ki, Cinay\u0259t M\u0259c\u0259ll\u0259sinin 234.4.3 (sat\u0131\u015f m\u0259qs\u0259di il\u0259 k\u00fclli miqdarda narkotik \u0259ld\u0259 etm\u0259, da\u015f\u0131ma, saxlama) madd\u0259sil\u0259 ona qar\u015f\u0131 ir\u0259li s\u00fcr\u00fcl\u0259n ittiham b\u00f6htand\u0131r. Onun s\u00f6zl\u0259rin\u0259 g\u00f6r\u0259, \u00fcst\u00fcnd\u0259 n\u0259 marixuana, n\u0259 d\u0259 ba\u015fqa n\u00f6v narkotik olub. Sad\u0259c\u0259, t\u0259zyiql\u0259r\u0259 d\u00f6zm\u0259y\u0259r\u0259k, ittihamda g\u00f6st\u0259ril\u0259n narkotikin cibind\u0259n \u00e7\u0131xmas\u0131 haqda ifad\u0259 verib.<\/p>\n\n\n\n<p>M\u0259rhum M\u00fc\u015ffiq V\u0259liyev narkotiki cibin\u0259 G\u0259nc\u0259 \u015e\u0259h\u0259r Ba\u015f Polis \u0130dar\u0259sinin Cinay\u0259t-Axtar\u0131\u015f \u0130dar\u0259sinin r\u0259is m\u00fcavini \u015eahin Musayevin atd\u0131\u011f\u0131n\u0131 bildirib. Polkovnik-leytenant \u015eahin Musayev M\u00fc\u015ffiq V\u0259liyev h\u0259bs olundu\u011fu d\u00f6vrd\u0259 haz\u0131rda r\u0259is m\u00fcavini oldu\u011fu idar\u0259d\u0259 \u0259m\u0259liyyat m\u00fcv\u0259kkili v\u0259zif\u0259sind\u0259 \u00e7al\u0131\u015f\u0131rd\u0131. O, 2022-ci ilin iyulunda r\u0259is m\u00fcavini t\u0259yin edilib.<\/p>\n\n\n\n<p>M\u00fc\u015ffiq V\u0259liyevin tutulmas\u0131 haqda protokollarda \u015eahin Musayevin h\u0259min \u0259m\u0259liyyatda i\u015ftirak\u0131 g\u00f6st\u0259rilm\u0259s\u0259 d\u0259, \u00f6z\u00fc m\u0259hk\u0259m\u0259d\u0259 dindiril\u0259rk\u0259n bunu t\u0259sdiql\u0259yib. O etiraf edib ki, Qaraba\u011f \u0259lilinin saxlanmas\u0131 \u0259m\u0259liyyat\u0131n\u0131n i\u015ftirak\u00e7\u0131lar\u0131ndan biri olub. Amma bunun niy\u0259 r\u0259smil\u0259\u015fdirilm\u0259diyin\u0259 ayd\u0131nl\u0131q g\u0259tirilm\u0259yib. Polis polkovniki saxlan\u0131lan \u015f\u0259xsin cibin\u0259 narkotik at\u0131lmas\u0131, ona t\u0259zyiq g\u00f6st\u0259rilm\u0259si haqda iddialar\u0131 is\u0259 r\u0259dd edib.<\/p>\n\n\n\n<p>Bu i\u015fd\u0259 diqq\u0259t \u00e7\u0259k\u0259n m\u0259qamlardan biri d\u0259 m\u0259rhum M\u00fc\u015ffiq V\u0259liyevin Daxili \u0130\u015fl\u0259r naziri Vilay\u0259t Eyvazova m\u0259ktubudur. Bir t\u0259r\u0259fd\u0259n \u015f\u0259rl\u0259ndiyini dey\u0259n M\u00fc\u015ffiq V\u0259liyev dig\u0259r t\u0259r\u0259fd\u0259n m\u0259ktubda G\u0259nc\u0259 polisl\u0259rinin humanizmin\u0259, \u0259dal\u0259tin\u0259 g\u00f6r\u0259 nazir\u0259 v\u0259 prezident\u0259 minn\u0259tdarl\u0131q edir.<\/p>\n\n\n\n<p>\u201cUlu \u00f6nd\u0259r Heyd\u0259r \u018fliyevin layiqli davam\u00e7\u0131s\u0131 \u0130lham \u018fliyevin apard\u0131\u011f\u0131 siyas\u0259tin b\u0259hr\u0259sidir ki, bu g\u00fcn polis orqanlar\u0131n\u0131n f\u0259aliyy\u0259ti n\u0259tic\u0259sind\u0259 \u00f6lk\u0259mizd\u0259 \u0259min-amanl\u0131q m\u00f6vcuddur. Bunun \u00fc\u00e7\u00fcn ail\u0259m v\u0259 m\u0259n d\u00f6vl\u0259timiz\u0259 minn\u0259tdar\u0131q.Bundan ba\u015fqa, G\u0259nc\u0259 \u015f\u0259h\u0259r Ba\u015f Polis \u0130dar\u0259sind\u0259 bar\u0259md\u0259 apr\u0131lan ara\u015fd\u0131rmadan raz\u0131yam. Bel\u0259 ki, m\u0259nim bar\u0259md\u0259 apar\u0131lan ara\u015fd\u0131rma obyektiv, qanuni v\u0259 \u0259dal\u0259tlidir. \u00dcmum\u0259n polis orqanlar\u0131n\u0131n, x\u00fcsus\u0259n d\u0259 G\u0259nc\u0259 \u015f\u0259h\u0259rinin polisl\u0259rinin humanistliyind\u0259n, \u0259dal\u0259tind\u0259n raz\u0131yam. Bununla ba\u011fl\u0131 c\u0259nab prezidentimiz \u0130lham \u018fliyev\u0259 v\u0259 siz\u0259 d\u0259rin minn\u0259tdarl\u0131\u011f\u0131m\u0131 bildirir\u0259m\u201d, &#8211; 21 sentyabr 2021-ci il tarixli m\u0259ktubunda yaz\u0131l\u0131b.<\/p>\n\n\n\n<p>M\u00fc\u015ffiq V\u0259liyev yax\u0131nlar\u0131na deyib ki, bu m\u0259ktubdak\u0131 m\u0259tni polisl\u0259r yaz\u0131b v\u0259 ondan imzalay\u0131b g\u00f6nd\u0259rm\u0259yib t\u0259l\u0259b edibl\u0259r.<\/p>\n\n\n\n<p>Yax\u0131nlar\u0131 onu da bildirib ki, M\u00fc\u015ffiq V\u0259liyevin saxta ittihamla cinay\u0259t m\u0259suliyy\u0259tin\u0259 c\u0259lb olunandan sonra onun s\u0259hh\u0259tind\u0259ki probleml\u0259r k\u0259skinl\u0259\u015fmi\u015fdi. O, iyulda \u2013 haqq\u0131nda b\u0259ra\u0259t h\u00f6km\u00fc \u00e7\u0131xar\u0131lmam\u0131\u015fdan \u00fc\u00e7 ay \u00f6nc\u0259 v\u0259fat edib.<\/p>\n","protected":false},"excerpt":{"rendered":"<p>Ev\u0259 1 kq narkotiki kim qoyub? G\u0259nc\u0259 \u015e\u0259h\u0259r Ba\u015f Polis &#8230; <\/p>\n<p class=\"read-more-container\"><a title=\"G\u0259nc\u0259d\u0259 Qaraba\u011f \u0259lili \u00f6l\u00fcm\u00fcnd\u0259n sonra b\u0259ra\u0259t ald\u0131\" class=\"read-more button\" href=\"https:\/\/www.meydan.tv\/az\/article\/gencede-qarabag-elili-olumunden-sonra-beraet-aldi\/#more-258729\" aria-label=\"Read more about G\u0259nc\u0259d\u0259 Qaraba\u011f \u0259lili \u00f6l\u00fcm\u00fcnd\u0259n sonra b\u0259ra\u0259t ald\u0131\">Davam\u0131<\/a><\/p>\n","protected":false},"author":8,"featured_media":258731,"comment_status":"closed","ping_status":"closed","sticky":false,"template":"","format":"standard","meta":{"_acf_changed":false,"_sitemap_exclude":false,"_sitemap_priority":"","_sitemap_frequency":"","footnotes":""},"categories":[60,56],"tags":[],"class_list":["post-258729","post","type-post","status-publish","format-standard","has-post-thumbnail","hentry","category-bolge","category-xeberler","infinite-scroll-item","generate-columns","tablet-grid-50","mobile-grid-100","grid-parent","grid-33","no-featured-image-padding"],"acf":[],"yoast_head":"<!-- This site is optimized with the Yoast SEO plugin v27.5 - https:\/\/yoast.com\/product\/yoast-seo-wordpress\/ -->\n<title>G\u0259nc\u0259d\u0259 Qaraba\u011f \u0259lili \u00f6l\u00fcm\u00fcnd\u0259n sonra b\u0259ra\u0259t ald\u0131 - MEYDAN.TV<\/title>\n<meta name=\"robots\" content=\"index, follow, max-snippet:-1, max-image-preview:large, max-video-preview:-1\" \/>\n<link rel=\"canonical\" href=\"https:\/\/www.meydan.tv\/az\/article\/gencede-qarabag-elili-olumunden-sonra-beraet-aldi\/\" \/>\n<meta property=\"og:locale\" content=\"az_AZ\" \/>\n<meta property=\"og:type\" content=\"article\" \/>\n<meta property=\"og:title\" content=\"G\u0259nc\u0259d\u0259 Qaraba\u011f \u0259lili \u00f6l\u00fcm\u00fcnd\u0259n sonra b\u0259ra\u0259t ald\u0131 - MEYDAN.TV\" \/>\n<meta property=\"og:description\" content=\"Ev\u0259 1 kq narkotiki kim qoyub? G\u0259nc\u0259 \u015e\u0259h\u0259r Ba\u015f Polis ... Davam\u0131\" \/>\n<meta property=\"og:url\" content=\"https:\/\/www.meydan.tv\/az\/article\/gencede-qarabag-elili-olumunden-sonra-beraet-aldi\/\" \/>\n<meta property=\"og:site_name\" content=\"MEYDAN.TV\" \/>\n<meta property=\"article:published_time\" content=\"2022-10-19T14:17:55+00:00\" \/>\n<meta property=\"article:modified_time\" content=\"2022-10-19T14:17:57+00:00\" \/>\n<meta property=\"og:image\" content=\"https:\/\/www.meydan.tv\/wp-content\/uploads\/3360134.png\" \/>\n\t<meta property=\"og:image:width\" content=\"1200\" \/>\n\t<meta property=\"og:image:height\" content=\"803\" \/>\n\t<meta property=\"og:image:type\" content=\"image\/png\" \/>\n<meta name=\"author\" content=\"elli\" \/>\n<meta name=\"twitter:card\" content=\"summary_large_image\" \/>\n<meta name=\"twitter:creator\" content=\"@elli\" \/>\n<script type=\"application\/ld+json\" class=\"yoast-schema-graph\">{\"@context\":\"https:\\\/\\\/schema.org\",\"@graph\":[{\"@type\":\"Article\",\"@id\":\"https:\\\/\\\/www.meydan.tv\\\/az\\\/article\\\/gencede-qarabag-elili-olumunden-sonra-beraet-aldi\\\/#article\",\"isPartOf\":{\"@id\":\"https:\\\/\\\/www.meydan.tv\\\/az\\\/article\\\/gencede-qarabag-elili-olumunden-sonra-beraet-aldi\\\/\"},\"author\":{\"name\":\"elli\",\"@id\":\"https:\\\/\\\/www.meydan.tv\\\/az\\\/#\\\/schema\\\/person\\\/9cdbecf90d17180ce1dfbd95b08dcf47\"},\"headline\":\"G\u0259nc\u0259d\u0259 Qaraba\u011f \u0259lili \u00f6l\u00fcm\u00fcnd\u0259n sonra b\u0259ra\u0259t ald\u0131\",\"datePublished\":\"2022-10-19T14:17:55+00:00\",\"dateModified\":\"2022-10-19T14:17:57+00:00\",\"mainEntityOfPage\":{\"@id\":\"https:\\\/\\\/www.meydan.tv\\\/az\\\/article\\\/gencede-qarabag-elili-olumunden-sonra-beraet-aldi\\\/\"},\"wordCount\":1375,\"publisher\":{\"@id\":\"https:\\\/\\\/www.meydan.tv\\\/az\\\/#organization\"},\"image\":{\"@id\":\"https:\\\/\\\/www.meydan.tv\\\/az\\\/article\\\/gencede-qarabag-elili-olumunden-sonra-beraet-aldi\\\/#primaryimage\"},\"thumbnailUrl\":\"https:\\\/\\\/www.meydan.tv\\\/wp-content\\\/uploads\\\/3360134.png\",\"articleSection\":[\"B\u00f6lg\u0259\",\"X\u0259b\u0259rl\u0259r\"],\"inLanguage\":\"az\"},{\"@type\":\"WebPage\",\"@id\":\"https:\\\/\\\/www.meydan.tv\\\/az\\\/article\\\/gencede-qarabag-elili-olumunden-sonra-beraet-aldi\\\/\",\"url\":\"https:\\\/\\\/www.meydan.tv\\\/az\\\/article\\\/gencede-qarabag-elili-olumunden-sonra-beraet-aldi\\\/\",\"name\":\"G\u0259nc\u0259d\u0259 Qaraba\u011f \u0259lili \u00f6l\u00fcm\u00fcnd\u0259n sonra b\u0259ra\u0259t ald\u0131 - MEYDAN.TV\",\"isPartOf\":{\"@id\":\"https:\\\/\\\/www.meydan.tv\\\/az\\\/#website\"},\"primaryImageOfPage\":{\"@id\":\"https:\\\/\\\/www.meydan.tv\\\/az\\\/article\\\/gencede-qarabag-elili-olumunden-sonra-beraet-aldi\\\/#primaryimage\"},\"image\":{\"@id\":\"https:\\\/\\\/www.meydan.tv\\\/az\\\/article\\\/gencede-qarabag-elili-olumunden-sonra-beraet-aldi\\\/#primaryimage\"},\"thumbnailUrl\":\"https:\\\/\\\/www.meydan.tv\\\/wp-content\\\/uploads\\\/3360134.png\",\"datePublished\":\"2022-10-19T14:17:55+00:00\",\"dateModified\":\"2022-10-19T14:17:57+00:00\",\"breadcrumb\":{\"@id\":\"https:\\\/\\\/www.meydan.tv\\\/az\\\/article\\\/gencede-qarabag-elili-olumunden-sonra-beraet-aldi\\\/#breadcrumb\"},\"inLanguage\":\"az\",\"potentialAction\":[{\"@type\":\"ReadAction\",\"target\":[\"https:\\\/\\\/www.meydan.tv\\\/az\\\/article\\\/gencede-qarabag-elili-olumunden-sonra-beraet-aldi\\\/\"]}]},{\"@type\":\"ImageObject\",\"inLanguage\":\"az\",\"@id\":\"https:\\\/\\\/www.meydan.tv\\\/az\\\/article\\\/gencede-qarabag-elili-olumunden-sonra-beraet-aldi\\\/#primaryimage\",\"url\":\"https:\\\/\\\/www.meydan.tv\\\/wp-content\\\/uploads\\\/3360134.png\",\"contentUrl\":\"https:\\\/\\\/www.meydan.tv\\\/wp-content\\\/uploads\\\/3360134.png\",\"width\":1200,\"height\":803,\"caption\":\"G\u0259nc\u0259 \u015e\u0259h\u0259r Ba\u015f Polis \u0130dar\u0259si. Foto: \\\"Facebook\\\"\"},{\"@type\":\"BreadcrumbList\",\"@id\":\"https:\\\/\\\/www.meydan.tv\\\/az\\\/article\\\/gencede-qarabag-elili-olumunden-sonra-beraet-aldi\\\/#breadcrumb\",\"itemListElement\":[{\"@type\":\"ListItem\",\"position\":1,\"name\":\"Ana s\u0259hif\u0259\",\"item\":\"https:\\\/\\\/www.meydan.tv\\\/az\\\/\"},{\"@type\":\"ListItem\",\"position\":2,\"name\":\"B\u00f6lg\u0259\",\"item\":\"https:\\\/\\\/www.meydan.tv\\\/az\\\/section\\\/bolge\\\/\"},{\"@type\":\"ListItem\",\"position\":3,\"name\":\"G\u0259nc\u0259d\u0259 Qaraba\u011f \u0259lili \u00f6l\u00fcm\u00fcnd\u0259n sonra b\u0259ra\u0259t ald\u0131\"}]},{\"@type\":\"WebSite\",\"@id\":\"https:\\\/\\\/www.meydan.tv\\\/az\\\/#website\",\"url\":\"https:\\\/\\\/www.meydan.tv\\\/az\\\/\",\"name\":\"MEYDAN.TV\",\"description\":\"Meydan TV Az\u0259rbaycan\u0131n media m\u0259kan\u0131ndak\u0131 alternativ s\u0259sidir\",\"publisher\":{\"@id\":\"https:\\\/\\\/www.meydan.tv\\\/az\\\/#organization\"},\"potentialAction\":[{\"@type\":\"SearchAction\",\"target\":{\"@type\":\"EntryPoint\",\"urlTemplate\":\"https:\\\/\\\/www.meydan.tv\\\/az\\\/?s={search_term_string}\"},\"query-input\":{\"@type\":\"PropertyValueSpecification\",\"valueRequired\":true,\"valueName\":\"search_term_string\"}}],\"inLanguage\":\"az\"},{\"@type\":\"Organization\",\"@id\":\"https:\\\/\\\/www.meydan.tv\\\/az\\\/#organization\",\"name\":\"Meydan TV\",\"url\":\"https:\\\/\\\/www.meydan.tv\\\/az\\\/\",\"logo\":{\"@type\":\"ImageObject\",\"inLanguage\":\"az\",\"@id\":\"https:\\\/\\\/www.meydan.tv\\\/az\\\/#\\\/schema\\\/logo\\\/image\\\/\",\"url\":\"https:\\\/\\\/www.meydan.tv\\\/wp-content\\\/uploads\\\/2021\\\/07\\\/meydan-logo.svg\",\"contentUrl\":\"https:\\\/\\\/www.meydan.tv\\\/wp-content\\\/uploads\\\/2021\\\/07\\\/meydan-logo.svg\",\"width\":195,\"height\":46,\"caption\":\"Meydan TV\"},\"image\":{\"@id\":\"https:\\\/\\\/www.meydan.tv\\\/az\\\/#\\\/schema\\\/logo\\\/image\\\/\"}},{\"@type\":\"Person\",\"@id\":\"https:\\\/\\\/www.meydan.tv\\\/az\\\/#\\\/schema\\\/person\\\/9cdbecf90d17180ce1dfbd95b08dcf47\",\"name\":\"elli\",\"sameAs\":[\"https:\\\/\\\/x.com\\\/elli\"]}]}<\/script>\n<!-- \/ Yoast SEO plugin. -->","yoast_head_json":{"title":"G\u0259nc\u0259d\u0259 Qaraba\u011f \u0259lili \u00f6l\u00fcm\u00fcnd\u0259n sonra b\u0259ra\u0259t ald\u0131 - MEYDAN.TV","robots":{"index":"index","follow":"follow","max-snippet":"max-snippet:-1","max-image-preview":"max-image-preview:large","max-video-preview":"max-video-preview:-1"},"canonical":"https:\/\/www.meydan.tv\/az\/article\/gencede-qarabag-elili-olumunden-sonra-beraet-aldi\/","og_locale":"az_AZ","og_type":"article","og_title":"G\u0259nc\u0259d\u0259 Qaraba\u011f \u0259lili \u00f6l\u00fcm\u00fcnd\u0259n sonra b\u0259ra\u0259t ald\u0131 - MEYDAN.TV","og_description":"Ev\u0259 1 kq narkotiki kim qoyub? G\u0259nc\u0259 \u015e\u0259h\u0259r Ba\u015f Polis ... Davam\u0131","og_url":"https:\/\/www.meydan.tv\/az\/article\/gencede-qarabag-elili-olumunden-sonra-beraet-aldi\/","og_site_name":"MEYDAN.TV","article_published_time":"2022-10-19T14:17:55+00:00","article_modified_time":"2022-10-19T14:17:57+00:00","og_image":[{"width":1200,"height":803,"url":"https:\/\/www.meydan.tv\/wp-content\/uploads\/3360134.png","type":"image\/png"}],"author":"elli","twitter_card":"summary_large_image","twitter_creator":"@elli","schema":{"@context":"https:\/\/schema.org","@graph":[{"@type":"Article","@id":"https:\/\/www.meydan.tv\/az\/article\/gencede-qarabag-elili-olumunden-sonra-beraet-aldi\/#article","isPartOf":{"@id":"https:\/\/www.meydan.tv\/az\/article\/gencede-qarabag-elili-olumunden-sonra-beraet-aldi\/"},"author":{"name":"elli","@id":"https:\/\/www.meydan.tv\/az\/#\/schema\/person\/9cdbecf90d17180ce1dfbd95b08dcf47"},"headline":"G\u0259nc\u0259d\u0259 Qaraba\u011f \u0259lili \u00f6l\u00fcm\u00fcnd\u0259n sonra b\u0259ra\u0259t ald\u0131","datePublished":"2022-10-19T14:17:55+00:00","dateModified":"2022-10-19T14:17:57+00:00","mainEntityOfPage":{"@id":"https:\/\/www.meydan.tv\/az\/article\/gencede-qarabag-elili-olumunden-sonra-beraet-aldi\/"},"wordCount":1375,"publisher":{"@id":"https:\/\/www.meydan.tv\/az\/#organization"},"image":{"@id":"https:\/\/www.meydan.tv\/az\/article\/gencede-qarabag-elili-olumunden-sonra-beraet-aldi\/#primaryimage"},"thumbnailUrl":"https:\/\/www.meydan.tv\/wp-content\/uploads\/3360134.png","articleSection":["B\u00f6lg\u0259","X\u0259b\u0259rl\u0259r"],"inLanguage":"az"},{"@type":"WebPage","@id":"https:\/\/www.meydan.tv\/az\/article\/gencede-qarabag-elili-olumunden-sonra-beraet-aldi\/","url":"https:\/\/www.meydan.tv\/az\/article\/gencede-qarabag-elili-olumunden-sonra-beraet-aldi\/","name":"G\u0259nc\u0259d\u0259 Qaraba\u011f \u0259lili \u00f6l\u00fcm\u00fcnd\u0259n sonra b\u0259ra\u0259t ald\u0131 - MEYDAN.TV","isPartOf":{"@id":"https:\/\/www.meydan.tv\/az\/#website"},"primaryImageOfPage":{"@id":"https:\/\/www.meydan.tv\/az\/article\/gencede-qarabag-elili-olumunden-sonra-beraet-aldi\/#primaryimage"},"image":{"@id":"https:\/\/www.meydan.tv\/az\/article\/gencede-qarabag-elili-olumunden-sonra-beraet-aldi\/#primaryimage"},"thumbnailUrl":"https:\/\/www.meydan.tv\/wp-content\/uploads\/3360134.png","datePublished":"2022-10-19T14:17:55+00:00","dateModified":"2022-10-19T14:17:57+00:00","breadcrumb":{"@id":"https:\/\/www.meydan.tv\/az\/article\/gencede-qarabag-elili-olumunden-sonra-beraet-aldi\/#breadcrumb"},"inLanguage":"az","potentialAction":[{"@type":"ReadAction","target":["https:\/\/www.meydan.tv\/az\/article\/gencede-qarabag-elili-olumunden-sonra-beraet-aldi\/"]}]},{"@type":"ImageObject","inLanguage":"az","@id":"https:\/\/www.meydan.tv\/az\/article\/gencede-qarabag-elili-olumunden-sonra-beraet-aldi\/#primaryimage","url":"https:\/\/www.meydan.tv\/wp-content\/uploads\/3360134.png","contentUrl":"https:\/\/www.meydan.tv\/wp-content\/uploads\/3360134.png","width":1200,"height":803,"caption":"G\u0259nc\u0259 \u015e\u0259h\u0259r Ba\u015f Polis \u0130dar\u0259si. Foto: \"Facebook\""},{"@type":"BreadcrumbList","@id":"https:\/\/www.meydan.tv\/az\/article\/gencede-qarabag-elili-olumunden-sonra-beraet-aldi\/#breadcrumb","itemListElement":[{"@type":"ListItem","position":1,"name":"Ana s\u0259hif\u0259","item":"https:\/\/www.meydan.tv\/az\/"},{"@type":"ListItem","position":2,"name":"B\u00f6lg\u0259","item":"https:\/\/www.meydan.tv\/az\/section\/bolge\/"},{"@type":"ListItem","position":3,"name":"G\u0259nc\u0259d\u0259 Qaraba\u011f \u0259lili \u00f6l\u00fcm\u00fcnd\u0259n sonra b\u0259ra\u0259t ald\u0131"}]},{"@type":"WebSite","@id":"https:\/\/www.meydan.tv\/az\/#website","url":"https:\/\/www.meydan.tv\/az\/","name":"MEYDAN.TV","description":"Meydan TV Az\u0259rbaycan\u0131n media m\u0259kan\u0131ndak\u0131 alternativ s\u0259sidir","publisher":{"@id":"https:\/\/www.meydan.tv\/az\/#organization"},"potentialAction":[{"@type":"SearchAction","target":{"@type":"EntryPoint","urlTemplate":"https:\/\/www.meydan.tv\/az\/?s={search_term_string}"},"query-input":{"@type":"PropertyValueSpecification","valueRequired":true,"valueName":"search_term_string"}}],"inLanguage":"az"},{"@type":"Organization","@id":"https:\/\/www.meydan.tv\/az\/#organization","name":"Meydan TV","url":"https:\/\/www.meydan.tv\/az\/","logo":{"@type":"ImageObject","inLanguage":"az","@id":"https:\/\/www.meydan.tv\/az\/#\/schema\/logo\/image\/","url":"https:\/\/www.meydan.tv\/wp-content\/uploads\/2021\/07\/meydan-logo.svg","contentUrl":"https:\/\/www.meydan.tv\/wp-content\/uploads\/2021\/07\/meydan-logo.svg","width":195,"height":46,"caption":"Meydan TV"},"image":{"@id":"https:\/\/www.meydan.tv\/az\/#\/schema\/logo\/image\/"}},{"@type":"Person","@id":"https:\/\/www.meydan.tv\/az\/#\/schema\/person\/9cdbecf90d17180ce1dfbd95b08dcf47","name":"elli","sameAs":["https:\/\/x.com\/elli"]}]}},"_links":{"self":[{"href":"https:\/\/www.meydan.tv\/az\/wp-json\/wp\/v2\/posts\/258729","targetHints":{"allow":["GET"]}}],"collection":[{"href":"https:\/\/www.meydan.tv\/az\/wp-json\/wp\/v2\/posts"}],"about":[{"href":"https:\/\/www.meydan.tv\/az\/wp-json\/wp\/v2\/types\/post"}],"author":[{"embeddable":true,"href":"https:\/\/www.meydan.tv\/az\/wp-json\/wp\/v2\/users\/8"}],"replies":[{"embeddable":true,"href":"https:\/\/www.meydan.tv\/az\/wp-json\/wp\/v2\/comments?post=258729"}],"version-history":[{"count":1,"href":"https:\/\/www.meydan.tv\/az\/wp-json\/wp\/v2\/posts\/258729\/revisions"}],"predecessor-version":[{"id":258734,"href":"https:\/\/www.meydan.tv\/az\/wp-json\/wp\/v2\/posts\/258729\/revisions\/258734"}],"wp:featuredmedia":[{"embeddable":true,"href":"https:\/\/www.meydan.tv\/az\/wp-json\/wp\/v2\/media\/258731"}],"wp:attachment":[{"href":"https:\/\/www.meydan.tv\/az\/wp-json\/wp\/v2\/media?parent=258729"}],"wp:term":[{"taxonomy":"category","embeddable":true,"href":"https:\/\/www.meydan.tv\/az\/wp-json\/wp\/v2\/categories?post=258729"},{"taxonomy":"post_tag","embeddable":true,"href":"https:\/\/www.meydan.tv\/az\/wp-json\/wp\/v2\/tags?post=258729"}],"curies":[{"name":"wp","href":"https:\/\/api.w.org\/{rel}","templated":true}]}}