{"id":258707,"date":"2022-10-19T15:39:22","date_gmt":"2022-10-19T11:39:22","guid":{"rendered":"https:\/\/www.meydan.tv\/?p=258707"},"modified":"2022-10-19T15:39:24","modified_gmt":"2022-10-19T11:39:24","slug":"kinotenqidci-invisible-republic-fulya-filmind%d3%99n-daha-yaxsidir","status":"publish","type":"post","link":"https:\/\/www.meydan.tv\/az\/article\/kinotenqidci-invisible-republic-fulya-filmind%d3%99n-daha-yaxsidir\/","title":{"rendered":"Kinot\u0259nqid\u00e7i: \u201c\u201cInvisible Republic\u201d \u201cFulya\u201d filmind\u04d9n daha yax\u015f\u0131d\u0131r\u201d"},"content":{"rendered":"\n<p><em>M\u0259d\u0259niyy\u0259t Nazirliyi Erm\u0259nistan\u0131n i\u015ftirak etdiyi festivallar\u0131 qeyri-ciddi adland\u0131r\u0131b<\/em><\/p>\n\n\n\n<p>Oktyabr\u0131n 14-d\u0259n 23-d\u0259k Pol\u015fan\u0131n paytaxt\u0131nda \u0259n\u0259n\u0259vi 38-ci Beyn\u0259lxalq Var\u015fava Film Festival\u0131 ke\u00e7iril\u0259c\u0259k.<br>Kinot\u0259nqid\u00e7i Hac\u0131 S\u0259f\u0259rov festivalda g\u04d9nc kinot\u04d9nqid\u00e7il\u04d9rin \u04d9n yax\u015f\u0131 filmi m\u00fc\u04d9yy\u04d9n etdiyi j\u00fcri hey\u04d9tind\u0259 t\u0259msil olunur.<\/p>\n\n\n\n<p>O, bug\u00fcnl\u0259rd\u0259 \u201cTelegram\u201d kanal\u0131nda festival \u00e7\u0259r\u00e7iv\u0259sind\u0259 \u0130kinci Qaraba\u011f m\u00fcharib\u0259sin\u0259 dair Erm\u0259nistan istehsal\u0131 olan \u201cInvisible Republic\u201d adl\u0131 s\u0259n\u0259dli filml\u0259 ba\u011fl\u0131 fikirl\u0259rini <a href=\"https:\/\/t.me\/haciseferov\/502\">payla\u015f\u0131b:<\/a><br><br>\u201cFilm bir jurnalistin 44 g\u00fcnl\u00fck m\u00fcharib\u0259 vaxt\u0131 ba\u015f\u0131na g\u0259l\u0259nl\u0259r bar\u0259d\u0259dir. Filmi g\u00f6r\u0259nd\u0259, yad\u0131ma d\u00fc\u015fd\u00fc ki, az\u0259rbaycanl\u0131 m\u00fcst\u0259qil jurnalistl\u0259ri n\u0259inki d\u00f6y\u00fc\u015f b\u00f6lg\u0259sin\u0259 buraxm\u0131rd\u0131lar, h\u0259tta G\u0259nc\u0259 bombalananda da \u00e7\u0259kili\u015f aparma\u011fa qoymurdular. S\u0259n etm\u0259y\u0259nd\u0259, ba\u015fqalar\u0131 nec\u0259s\u0259 edir. Filmin ilk n\u00fcmayi\u015fi \u201cQ\u0131z\u0131l \u018frik\u201d Yerevan Beyn\u0259lxalq Film Festival\u0131nda olub. Var\u015favada da s\u0259n\u0259dli film yar\u0131\u015fmas\u0131nda g\u00f6st\u0259ril\u0259c\u0259k\u201d.<\/p>\n\n\n\n<p>Hac\u0131 S\u0259f\u0259rov daha sonra qeyd edib ki, \u201cInvisible Republic\u201d \u201cFulya\u201d filmind\u04d9n daha yax\u015f\u0131d\u0131r.<br>\u201c\u04d8n az\u0131ndan tama\u015fa\u00e7\u0131n\u0131 nec\u04d9 \u04d9l\u04d9 ke\u00e7irm\u04d9k olar, onu bilirl\u04d9r\u201d, &#8211; t\u0259nqid\u00e7i <a href=\"https:\/\/t.me\/haciseferov\/511\">deyib.<\/a><br><br>M\u0259d\u0259niyy\u0259t Nazirliyinin Audiovizual v\u0259 interaktiv media \u015f\u00f6b\u0259sinin m\u00fcdiri R\u00fcf\u0259t H\u0259s\u0259nov is\u0259 m\u0259s\u0259l\u0259y\u0259 m\u00fcnasib\u0259t bildir\u0259rk\u0259n \u201cErm\u0259nistan\u0131n \u00e7\u0259kdiyi b\u0259dii filml\u0259rin i\u015ftirak etdiyi festivallar ciddi deyil\u201d, &#8211; <a href=\"https:\/\/report.az\/medeniyyet-siyaseti\/medeniyyet-nazirliyi-ermenistanin-cekdiyi-filmlerin-istirak-etdiyi-festivallar-ciddi-deyil\/\">deyib.<\/a><br><br>O bildirib ki, \u0259g\u0259r h\u0259min filml\u0259r A kateqoriyal\u0131 festivallarda i\u015ftirak etmirs\u0259, onu ciddi i\u015f kimi q\u0259bul etm\u0259k olmaz:<\/p>\n\n\n\n<p>\u201c\u018fn yax\u0131n zamanda n\u00fcfuzlu festivalda Vaqif Mustafayevin filmi n\u00fcmayi\u015f olunacaq\u201d.<\/p>\n\n\n\n<p>Hac\u0131 S\u0259f\u0259rovun nazirlik r\u0259smisin\u0259 cavab\u0131 <a href=\"https:\/\/t.me\/haciseferov\/513\">gecikm\u0259yib.<\/a><br><br>T\u0259nqid\u00e7i Beyn\u0259lxalq Var\u015fava Film Festival\u0131n\u0131n 1985-ci ild\u04d9n ke\u00e7ildiyini xat\u0131rlad\u0131b. Daha sonra is\u0259 festival\u0131n \u00f6n\u0259mind\u0259n dan\u0131\u015f\u0131b:<\/p>\n\n\n\n<p>\u201cKa\u015f bizd\u04d9 d\u04d9 bel\u04d9 qeyri-ciddi festivallar olayd\u0131. Dig\u04d9r t\u04d9r\u04d9fd\u04d9n, M\u04d9d\u04d9niyy\u04d9t Nazirliyi bu \u00f6lk\u0259d\u0259 hans\u0131sa festival bar\u04d9d\u04d9 \u201cqeyri-ciddidir\u201d, &#8211; dey\u04d9c\u04d9k \u04d9n son qurumdur. Qurum ill\u04d9rl\u04d9 \u015eamil \u04d8liyevin \u201c\u00c7\u00f6l\u00e7\u00fc\u201d filminin m\u00fcxt\u04d9lif festivallarda m\u00fckafat ald\u0131\u011f\u0131n\u0131 b\u04d9h-b\u04d9hl\u04d9 payla\u015f\u0131rd\u0131. He\u00e7 onda \u201cciddilik\u201d, \u201cqeyri-ciddilik\u201d yada d\u00fc\u015fm\u00fcrd\u00fc. Halbuki, h\u04d9min festivallar\u0131n \u04d9ks\u04d9riyy\u0259ti fiziki olaraq m\u00f6vcud deyill\u04d9r. O c\u00fcr festivallardan siz d\u04d9 bir sayt a\u00e7araq ke\u00e7ir\u04d9 bil\u04d9rsiniz\u201d.<\/p>\n\n\n\n<p>T\u0259nqid\u00e7i daha sonra Az\u0259rbaycan kinosunun \u201cOskar\u201d intriqalar\u0131na diqq\u0259t \u00e7\u0259kib (Az\u0259rbaycan Kinematoqraf\u00e7\u0131lar \u0130ttifaq\u0131 v\u0259 sonradan yarad\u0131lm\u0131\u015f Az\u0259rbaycan Respublikas\u0131 Kinematoqraf\u00e7\u0131lar \u0130ttifaq\u0131 aras\u0131ndak\u0131 intriqalar n\u0259z\u0259rd\u0259 tutulur):<\/p>\n\n\n\n<p>\u201cAdamlar Erm\u04d9nistan ad\u0131 il\u04d9 film \u00e7\u04d9kibl\u04d9r, film\u04d9 beyn\u04d9lxalq fondlardan d\u04d9st\u04d9k tap\u0131blar. Filmin istehsal \u00f6lk\u04d9si Artsax yaz\u0131lsa, b\u04d9lk\u04d9 onda n\u04d9s\u04d9 ed\u04d9 bil\u04d9rl\u04d9r. Bu halda is\u04d9 m\u00fc\u015fk\u00fcl m\u04d9s\u04d9l\u04d9dir. N\u00fcmun\u04d9 olaraq deyim ki, Nora Martirosyan\u0131n \u201cShould the Wind Drop\u201d filmi \u201cKann\u201dda se\u00e7ilmi\u015fdi, \u201cToronto\u201d Beyn\u0259lxalq Film Festival\u0131nda da, h\u04d9tta Erm\u04d9nistan\u0131n \u201cOskar\u201d m\u00fckafat\u0131na namiz\u04d9d d\u04d9 olmu\u015fdu. Daxili intriqalara g\u00f6r\u04d9 film g\u00f6nd\u04d9rm\u04d9diyimiz \u201cOskar\u201da namiz\u04d9ddir. Filmd\u04d9 hadis\u04d9l\u04d9r Xank\u04d9ndid\u04d9 ke\u00e7irdi. Bizd\u04d9n etirazlar olmu\u015fdu, amma he\u00e7 n\u04d9 olmam\u0131\u015fd\u0131. \u00c7\u00fcnki d\u00fcnya ba\u015fqa c\u00fcr i\u015fl\u04d9yir. \u04d8vv\u04d9lc\u04d9 bunu ba\u015fa d\u00fc\u015fm\u04d9k laz\u0131md\u0131. Qalan\u0131 d\u00fcz\u04d9l\u04d9c\u04d9k\u201d.<\/p>\n","protected":false},"excerpt":{"rendered":"<p>M\u0259d\u0259niyy\u0259t Nazirliyi Erm\u0259nistan\u0131n i\u015ftirak etdiyi festivallar\u0131 qeyri-ciddi adland\u0131r\u0131b Oktyabr\u0131n 14-d\u0259n &#8230; <\/p>\n<p class=\"read-more-container\"><a title=\"Kinot\u0259nqid\u00e7i: \u201c\u201cInvisible Republic\u201d \u201cFulya\u201d filmind\u04d9n daha yax\u015f\u0131d\u0131r\u201d\" class=\"read-more button\" href=\"https:\/\/www.meydan.tv\/az\/article\/kinotenqidci-invisible-republic-fulya-filmind%d3%99n-daha-yaxsidir\/#more-258707\" aria-label=\"Read more about Kinot\u0259nqid\u00e7i: \u201c\u201cInvisible Republic\u201d \u201cFulya\u201d filmind\u04d9n daha yax\u015f\u0131d\u0131r\u201d\">Davam\u0131<\/a><\/p>\n","protected":false},"author":12,"featured_media":258708,"comment_status":"closed","ping_status":"closed","sticky":false,"template":"","format":"standard","meta":{"_acf_changed":false,"_sitemap_exclude":false,"_sitemap_priority":"","_sitemap_frequency":"","footnotes":""},"categories":[52,56],"tags":[],"class_list":["post-258707","post","type-post","status-publish","format-standard","has-post-thumbnail","hentry","category-medeniyyet","category-xeberler","infinite-scroll-item","generate-columns","tablet-grid-50","mobile-grid-100","grid-parent","grid-33","no-featured-image-padding"],"acf":[],"yoast_head":"<!-- This site is optimized with the Yoast SEO plugin v27.5 - https:\/\/yoast.com\/product\/yoast-seo-wordpress\/ -->\n<title>Kinot\u0259nqid\u00e7i: \u201c\u201cInvisible Republic\u201d \u201cFulya\u201d filmind\u04d9n daha yax\u015f\u0131d\u0131r\u201d - MEYDAN.TV<\/title>\n<meta name=\"robots\" content=\"index, follow, max-snippet:-1, max-image-preview:large, max-video-preview:-1\" \/>\n<link rel=\"canonical\" href=\"https:\/\/www.meydan.tv\/az\/article\/kinotenqidci-invisible-republic-fulya-filmind%d3%99n-daha-yaxsidir\/\" \/>\n<meta property=\"og:locale\" content=\"az_AZ\" \/>\n<meta property=\"og:type\" content=\"article\" \/>\n<meta property=\"og:title\" content=\"Kinot\u0259nqid\u00e7i: \u201c\u201cInvisible Republic\u201d \u201cFulya\u201d filmind\u04d9n daha yax\u015f\u0131d\u0131r\u201d - MEYDAN.TV\" \/>\n<meta property=\"og:description\" content=\"M\u0259d\u0259niyy\u0259t Nazirliyi Erm\u0259nistan\u0131n i\u015ftirak etdiyi festivallar\u0131 qeyri-ciddi adland\u0131r\u0131b Oktyabr\u0131n 14-d\u0259n ... Davam\u0131\" \/>\n<meta property=\"og:url\" content=\"https:\/\/www.meydan.tv\/az\/article\/kinotenqidci-invisible-republic-fulya-filmind%d3%99n-daha-yaxsidir\/\" \/>\n<meta property=\"og:site_name\" content=\"MEYDAN.TV\" \/>\n<meta property=\"article:published_time\" content=\"2022-10-19T11:39:22+00:00\" \/>\n<meta property=\"article:modified_time\" content=\"2022-10-19T11:39:24+00:00\" \/>\n<meta property=\"og:image\" content=\"https:\/\/www.meydan.tv\/wp-content\/uploads\/screenshot-2022-10-19-at-13.38.35-1200x677.png\" \/>\n\t<meta property=\"og:image:width\" content=\"1200\" \/>\n\t<meta property=\"og:image:height\" content=\"677\" \/>\n\t<meta property=\"og:image:type\" content=\"image\/png\" \/>\n<meta name=\"author\" content=\"aleks\" \/>\n<meta name=\"twitter:card\" content=\"summary_large_image\" \/>\n<script type=\"application\/ld+json\" class=\"yoast-schema-graph\">{\"@context\":\"https:\\\/\\\/schema.org\",\"@graph\":[{\"@type\":\"Article\",\"@id\":\"https:\\\/\\\/www.meydan.tv\\\/az\\\/article\\\/kinotenqidci-invisible-republic-fulya-filmind%d3%99n-daha-yaxsidir\\\/#article\",\"isPartOf\":{\"@id\":\"https:\\\/\\\/www.meydan.tv\\\/az\\\/article\\\/kinotenqidci-invisible-republic-fulya-filmind%d3%99n-daha-yaxsidir\\\/\"},\"author\":{\"name\":\"aleks\",\"@id\":\"https:\\\/\\\/www.meydan.tv\\\/az\\\/#\\\/schema\\\/person\\\/476e9360e593fa131d5d71d51866f8da\"},\"headline\":\"Kinot\u0259nqid\u00e7i: \u201c\u201cInvisible Republic\u201d \u201cFulya\u201d filmind\u04d9n daha yax\u015f\u0131d\u0131r\u201d\",\"datePublished\":\"2022-10-19T11:39:22+00:00\",\"dateModified\":\"2022-10-19T11:39:24+00:00\",\"mainEntityOfPage\":{\"@id\":\"https:\\\/\\\/www.meydan.tv\\\/az\\\/article\\\/kinotenqidci-invisible-republic-fulya-filmind%d3%99n-daha-yaxsidir\\\/\"},\"wordCount\":635,\"publisher\":{\"@id\":\"https:\\\/\\\/www.meydan.tv\\\/az\\\/#organization\"},\"image\":{\"@id\":\"https:\\\/\\\/www.meydan.tv\\\/az\\\/article\\\/kinotenqidci-invisible-republic-fulya-filmind%d3%99n-daha-yaxsidir\\\/#primaryimage\"},\"thumbnailUrl\":\"https:\\\/\\\/www.meydan.tv\\\/wp-content\\\/uploads\\\/screenshot-2022-10-19-at-13.38.35.png\",\"articleSection\":[\"M\u0259d\u0259niyy\u0259t\",\"X\u0259b\u0259rl\u0259r\"],\"inLanguage\":\"az\"},{\"@type\":\"WebPage\",\"@id\":\"https:\\\/\\\/www.meydan.tv\\\/az\\\/article\\\/kinotenqidci-invisible-republic-fulya-filmind%d3%99n-daha-yaxsidir\\\/\",\"url\":\"https:\\\/\\\/www.meydan.tv\\\/az\\\/article\\\/kinotenqidci-invisible-republic-fulya-filmind%d3%99n-daha-yaxsidir\\\/\",\"name\":\"Kinot\u0259nqid\u00e7i: \u201c\u201cInvisible Republic\u201d \u201cFulya\u201d filmind\u04d9n daha yax\u015f\u0131d\u0131r\u201d - MEYDAN.TV\",\"isPartOf\":{\"@id\":\"https:\\\/\\\/www.meydan.tv\\\/az\\\/#website\"},\"primaryImageOfPage\":{\"@id\":\"https:\\\/\\\/www.meydan.tv\\\/az\\\/article\\\/kinotenqidci-invisible-republic-fulya-filmind%d3%99n-daha-yaxsidir\\\/#primaryimage\"},\"image\":{\"@id\":\"https:\\\/\\\/www.meydan.tv\\\/az\\\/article\\\/kinotenqidci-invisible-republic-fulya-filmind%d3%99n-daha-yaxsidir\\\/#primaryimage\"},\"thumbnailUrl\":\"https:\\\/\\\/www.meydan.tv\\\/wp-content\\\/uploads\\\/screenshot-2022-10-19-at-13.38.35.png\",\"datePublished\":\"2022-10-19T11:39:22+00:00\",\"dateModified\":\"2022-10-19T11:39:24+00:00\",\"breadcrumb\":{\"@id\":\"https:\\\/\\\/www.meydan.tv\\\/az\\\/article\\\/kinotenqidci-invisible-republic-fulya-filmind%d3%99n-daha-yaxsidir\\\/#breadcrumb\"},\"inLanguage\":\"az\",\"potentialAction\":[{\"@type\":\"ReadAction\",\"target\":[\"https:\\\/\\\/www.meydan.tv\\\/az\\\/article\\\/kinotenqidci-invisible-republic-fulya-filmind%d3%99n-daha-yaxsidir\\\/\"]}]},{\"@type\":\"ImageObject\",\"inLanguage\":\"az\",\"@id\":\"https:\\\/\\\/www.meydan.tv\\\/az\\\/article\\\/kinotenqidci-invisible-republic-fulya-filmind%d3%99n-daha-yaxsidir\\\/#primaryimage\",\"url\":\"https:\\\/\\\/www.meydan.tv\\\/wp-content\\\/uploads\\\/screenshot-2022-10-19-at-13.38.35.png\",\"contentUrl\":\"https:\\\/\\\/www.meydan.tv\\\/wp-content\\\/uploads\\\/screenshot-2022-10-19-at-13.38.35.png\",\"width\":2266,\"height\":1278,\"caption\":\"Hac\u0131 S\u0259f\u0259rov\"},{\"@type\":\"BreadcrumbList\",\"@id\":\"https:\\\/\\\/www.meydan.tv\\\/az\\\/article\\\/kinotenqidci-invisible-republic-fulya-filmind%d3%99n-daha-yaxsidir\\\/#breadcrumb\",\"itemListElement\":[{\"@type\":\"ListItem\",\"position\":1,\"name\":\"Ana s\u0259hif\u0259\",\"item\":\"https:\\\/\\\/www.meydan.tv\\\/az\\\/\"},{\"@type\":\"ListItem\",\"position\":2,\"name\":\"M\u0259d\u0259niyy\u0259t\",\"item\":\"https:\\\/\\\/www.meydan.tv\\\/az\\\/section\\\/medeniyyet\\\/\"},{\"@type\":\"ListItem\",\"position\":3,\"name\":\"Kinot\u0259nqid\u00e7i: \u201c\u201cInvisible Republic\u201d \u201cFulya\u201d filmind\u04d9n daha yax\u015f\u0131d\u0131r\u201d\"}]},{\"@type\":\"WebSite\",\"@id\":\"https:\\\/\\\/www.meydan.tv\\\/az\\\/#website\",\"url\":\"https:\\\/\\\/www.meydan.tv\\\/az\\\/\",\"name\":\"MEYDAN.TV\",\"description\":\"Meydan TV Az\u0259rbaycan\u0131n media m\u0259kan\u0131ndak\u0131 alternativ s\u0259sidir\",\"publisher\":{\"@id\":\"https:\\\/\\\/www.meydan.tv\\\/az\\\/#organization\"},\"potentialAction\":[{\"@type\":\"SearchAction\",\"target\":{\"@type\":\"EntryPoint\",\"urlTemplate\":\"https:\\\/\\\/www.meydan.tv\\\/az\\\/?s={search_term_string}\"},\"query-input\":{\"@type\":\"PropertyValueSpecification\",\"valueRequired\":true,\"valueName\":\"search_term_string\"}}],\"inLanguage\":\"az\"},{\"@type\":\"Organization\",\"@id\":\"https:\\\/\\\/www.meydan.tv\\\/az\\\/#organization\",\"name\":\"Meydan TV\",\"url\":\"https:\\\/\\\/www.meydan.tv\\\/az\\\/\",\"logo\":{\"@type\":\"ImageObject\",\"inLanguage\":\"az\",\"@id\":\"https:\\\/\\\/www.meydan.tv\\\/az\\\/#\\\/schema\\\/logo\\\/image\\\/\",\"url\":\"https:\\\/\\\/www.meydan.tv\\\/wp-content\\\/uploads\\\/2021\\\/07\\\/meydan-logo.svg\",\"contentUrl\":\"https:\\\/\\\/www.meydan.tv\\\/wp-content\\\/uploads\\\/2021\\\/07\\\/meydan-logo.svg\",\"width\":195,\"height\":46,\"caption\":\"Meydan TV\"},\"image\":{\"@id\":\"https:\\\/\\\/www.meydan.tv\\\/az\\\/#\\\/schema\\\/logo\\\/image\\\/\"}},{\"@type\":\"Person\",\"@id\":\"https:\\\/\\\/www.meydan.tv\\\/az\\\/#\\\/schema\\\/person\\\/476e9360e593fa131d5d71d51866f8da\",\"name\":\"aleks\"}]}<\/script>\n<!-- \/ Yoast SEO plugin. -->","yoast_head_json":{"title":"Kinot\u0259nqid\u00e7i: \u201c\u201cInvisible Republic\u201d \u201cFulya\u201d filmind\u04d9n daha yax\u015f\u0131d\u0131r\u201d - MEYDAN.TV","robots":{"index":"index","follow":"follow","max-snippet":"max-snippet:-1","max-image-preview":"max-image-preview:large","max-video-preview":"max-video-preview:-1"},"canonical":"https:\/\/www.meydan.tv\/az\/article\/kinotenqidci-invisible-republic-fulya-filmind%d3%99n-daha-yaxsidir\/","og_locale":"az_AZ","og_type":"article","og_title":"Kinot\u0259nqid\u00e7i: \u201c\u201cInvisible Republic\u201d \u201cFulya\u201d filmind\u04d9n daha yax\u015f\u0131d\u0131r\u201d - MEYDAN.TV","og_description":"M\u0259d\u0259niyy\u0259t Nazirliyi Erm\u0259nistan\u0131n i\u015ftirak etdiyi festivallar\u0131 qeyri-ciddi adland\u0131r\u0131b Oktyabr\u0131n 14-d\u0259n ... Davam\u0131","og_url":"https:\/\/www.meydan.tv\/az\/article\/kinotenqidci-invisible-republic-fulya-filmind%d3%99n-daha-yaxsidir\/","og_site_name":"MEYDAN.TV","article_published_time":"2022-10-19T11:39:22+00:00","article_modified_time":"2022-10-19T11:39:24+00:00","og_image":[{"width":1200,"height":677,"url":"https:\/\/www.meydan.tv\/wp-content\/uploads\/screenshot-2022-10-19-at-13.38.35-1200x677.png","type":"image\/png"}],"author":"aleks","twitter_card":"summary_large_image","schema":{"@context":"https:\/\/schema.org","@graph":[{"@type":"Article","@id":"https:\/\/www.meydan.tv\/az\/article\/kinotenqidci-invisible-republic-fulya-filmind%d3%99n-daha-yaxsidir\/#article","isPartOf":{"@id":"https:\/\/www.meydan.tv\/az\/article\/kinotenqidci-invisible-republic-fulya-filmind%d3%99n-daha-yaxsidir\/"},"author":{"name":"aleks","@id":"https:\/\/www.meydan.tv\/az\/#\/schema\/person\/476e9360e593fa131d5d71d51866f8da"},"headline":"Kinot\u0259nqid\u00e7i: \u201c\u201cInvisible Republic\u201d \u201cFulya\u201d filmind\u04d9n daha yax\u015f\u0131d\u0131r\u201d","datePublished":"2022-10-19T11:39:22+00:00","dateModified":"2022-10-19T11:39:24+00:00","mainEntityOfPage":{"@id":"https:\/\/www.meydan.tv\/az\/article\/kinotenqidci-invisible-republic-fulya-filmind%d3%99n-daha-yaxsidir\/"},"wordCount":635,"publisher":{"@id":"https:\/\/www.meydan.tv\/az\/#organization"},"image":{"@id":"https:\/\/www.meydan.tv\/az\/article\/kinotenqidci-invisible-republic-fulya-filmind%d3%99n-daha-yaxsidir\/#primaryimage"},"thumbnailUrl":"https:\/\/www.meydan.tv\/wp-content\/uploads\/screenshot-2022-10-19-at-13.38.35.png","articleSection":["M\u0259d\u0259niyy\u0259t","X\u0259b\u0259rl\u0259r"],"inLanguage":"az"},{"@type":"WebPage","@id":"https:\/\/www.meydan.tv\/az\/article\/kinotenqidci-invisible-republic-fulya-filmind%d3%99n-daha-yaxsidir\/","url":"https:\/\/www.meydan.tv\/az\/article\/kinotenqidci-invisible-republic-fulya-filmind%d3%99n-daha-yaxsidir\/","name":"Kinot\u0259nqid\u00e7i: \u201c\u201cInvisible Republic\u201d \u201cFulya\u201d filmind\u04d9n daha yax\u015f\u0131d\u0131r\u201d - MEYDAN.TV","isPartOf":{"@id":"https:\/\/www.meydan.tv\/az\/#website"},"primaryImageOfPage":{"@id":"https:\/\/www.meydan.tv\/az\/article\/kinotenqidci-invisible-republic-fulya-filmind%d3%99n-daha-yaxsidir\/#primaryimage"},"image":{"@id":"https:\/\/www.meydan.tv\/az\/article\/kinotenqidci-invisible-republic-fulya-filmind%d3%99n-daha-yaxsidir\/#primaryimage"},"thumbnailUrl":"https:\/\/www.meydan.tv\/wp-content\/uploads\/screenshot-2022-10-19-at-13.38.35.png","datePublished":"2022-10-19T11:39:22+00:00","dateModified":"2022-10-19T11:39:24+00:00","breadcrumb":{"@id":"https:\/\/www.meydan.tv\/az\/article\/kinotenqidci-invisible-republic-fulya-filmind%d3%99n-daha-yaxsidir\/#breadcrumb"},"inLanguage":"az","potentialAction":[{"@type":"ReadAction","target":["https:\/\/www.meydan.tv\/az\/article\/kinotenqidci-invisible-republic-fulya-filmind%d3%99n-daha-yaxsidir\/"]}]},{"@type":"ImageObject","inLanguage":"az","@id":"https:\/\/www.meydan.tv\/az\/article\/kinotenqidci-invisible-republic-fulya-filmind%d3%99n-daha-yaxsidir\/#primaryimage","url":"https:\/\/www.meydan.tv\/wp-content\/uploads\/screenshot-2022-10-19-at-13.38.35.png","contentUrl":"https:\/\/www.meydan.tv\/wp-content\/uploads\/screenshot-2022-10-19-at-13.38.35.png","width":2266,"height":1278,"caption":"Hac\u0131 S\u0259f\u0259rov"},{"@type":"BreadcrumbList","@id":"https:\/\/www.meydan.tv\/az\/article\/kinotenqidci-invisible-republic-fulya-filmind%d3%99n-daha-yaxsidir\/#breadcrumb","itemListElement":[{"@type":"ListItem","position":1,"name":"Ana s\u0259hif\u0259","item":"https:\/\/www.meydan.tv\/az\/"},{"@type":"ListItem","position":2,"name":"M\u0259d\u0259niyy\u0259t","item":"https:\/\/www.meydan.tv\/az\/section\/medeniyyet\/"},{"@type":"ListItem","position":3,"name":"Kinot\u0259nqid\u00e7i: \u201c\u201cInvisible Republic\u201d \u201cFulya\u201d filmind\u04d9n daha yax\u015f\u0131d\u0131r\u201d"}]},{"@type":"WebSite","@id":"https:\/\/www.meydan.tv\/az\/#website","url":"https:\/\/www.meydan.tv\/az\/","name":"MEYDAN.TV","description":"Meydan TV Az\u0259rbaycan\u0131n media m\u0259kan\u0131ndak\u0131 alternativ s\u0259sidir","publisher":{"@id":"https:\/\/www.meydan.tv\/az\/#organization"},"potentialAction":[{"@type":"SearchAction","target":{"@type":"EntryPoint","urlTemplate":"https:\/\/www.meydan.tv\/az\/?s={search_term_string}"},"query-input":{"@type":"PropertyValueSpecification","valueRequired":true,"valueName":"search_term_string"}}],"inLanguage":"az"},{"@type":"Organization","@id":"https:\/\/www.meydan.tv\/az\/#organization","name":"Meydan TV","url":"https:\/\/www.meydan.tv\/az\/","logo":{"@type":"ImageObject","inLanguage":"az","@id":"https:\/\/www.meydan.tv\/az\/#\/schema\/logo\/image\/","url":"https:\/\/www.meydan.tv\/wp-content\/uploads\/2021\/07\/meydan-logo.svg","contentUrl":"https:\/\/www.meydan.tv\/wp-content\/uploads\/2021\/07\/meydan-logo.svg","width":195,"height":46,"caption":"Meydan TV"},"image":{"@id":"https:\/\/www.meydan.tv\/az\/#\/schema\/logo\/image\/"}},{"@type":"Person","@id":"https:\/\/www.meydan.tv\/az\/#\/schema\/person\/476e9360e593fa131d5d71d51866f8da","name":"aleks"}]}},"_links":{"self":[{"href":"https:\/\/www.meydan.tv\/az\/wp-json\/wp\/v2\/posts\/258707","targetHints":{"allow":["GET"]}}],"collection":[{"href":"https:\/\/www.meydan.tv\/az\/wp-json\/wp\/v2\/posts"}],"about":[{"href":"https:\/\/www.meydan.tv\/az\/wp-json\/wp\/v2\/types\/post"}],"author":[{"embeddable":true,"href":"https:\/\/www.meydan.tv\/az\/wp-json\/wp\/v2\/users\/12"}],"replies":[{"embeddable":true,"href":"https:\/\/www.meydan.tv\/az\/wp-json\/wp\/v2\/comments?post=258707"}],"version-history":[{"count":1,"href":"https:\/\/www.meydan.tv\/az\/wp-json\/wp\/v2\/posts\/258707\/revisions"}],"predecessor-version":[{"id":258711,"href":"https:\/\/www.meydan.tv\/az\/wp-json\/wp\/v2\/posts\/258707\/revisions\/258711"}],"wp:featuredmedia":[{"embeddable":true,"href":"https:\/\/www.meydan.tv\/az\/wp-json\/wp\/v2\/media\/258708"}],"wp:attachment":[{"href":"https:\/\/www.meydan.tv\/az\/wp-json\/wp\/v2\/media?parent=258707"}],"wp:term":[{"taxonomy":"category","embeddable":true,"href":"https:\/\/www.meydan.tv\/az\/wp-json\/wp\/v2\/categories?post=258707"},{"taxonomy":"post_tag","embeddable":true,"href":"https:\/\/www.meydan.tv\/az\/wp-json\/wp\/v2\/tags?post=258707"}],"curies":[{"name":"wp","href":"https:\/\/api.w.org\/{rel}","templated":true}]}}