{"id":258702,"date":"2022-10-19T15:30:23","date_gmt":"2022-10-19T11:30:23","guid":{"rendered":"https:\/\/www.meydan.tv\/?p=258702"},"modified":"2022-10-19T18:12:37","modified_gmt":"2022-10-19T14:12:37","slug":"ilham-eliyevle-ibrahim-reisinin-astanada-mubahise-etdiyi-bildirilir","status":"publish","type":"post","link":"https:\/\/www.meydan.tv\/az\/article\/ilham-eliyevle-ibrahim-reisinin-astanada-mubahise-etdiyi-bildirilir\/","title":{"rendered":"\u0130lham \u018fliyevl\u0259 \u0130brahim R\u0259isinin Astanada m\u00fcbahis\u0259 etdiyi bildirilir"},"content":{"rendered":"\n<figure class=\"wp-block-embed is-type-video is-provider-youtube wp-block-embed-youtube wp-embed-aspect-16-9 wp-has-aspect-ratio\"><div class=\"wp-block-embed__wrapper\">\n<iframe title=\"\u018fliyevl\u0259 R\u0259isinin Astanada m\u00fcbahis\u0259 etdiyi bildirilir - \u0130ranla s\u0259rh\u0259dd\u0259 n\u0259 ba\u015f verir?\" width=\"1200\" height=\"675\" data-src=\"https:\/\/www.youtube.com\/embed\/dVLvRV7FzxA?feature=oembed\" frameborder=\"0\" allow=\"accelerometer; autoplay; clipboard-write; encrypted-media; gyroscope; picture-in-picture\" allowfullscreen src=\"data:image\/svg+xml;base64,PHN2ZyB3aWR0aD0iMSIgaGVpZ2h0PSIxIiB4bWxucz0iaHR0cDovL3d3dy53My5vcmcvMjAwMC9zdmciPjwvc3ZnPg==\" class=\"lazyload\" data-load-mode=\"1\"><\/iframe>\n<\/div><\/figure>\n\n\n\n<p><em>Sayt yaz\u0131r ki, \u018fliyev \u0130ran\u0131 Erm\u0259nistana d\u0259st\u0259kd\u0259, R\u0259isi is\u0259 Az\u0259rbaycan\u0131 \u201csionistl\u0259r\u201d\u0259 tabe olmaqda ittiham edib<\/em><\/p>\n\n\n\n<p>Livan\u0131n \u201ckataeb.org\u201d portal\u0131 \u0130ran\u0131n \u015fimal-q\u0259rb s\u0259rh\u0259dl\u0259rind\u0259 ke\u00e7irdiyi h\u0259rbi t\u0259liml\u0259rd\u0259n yaz\u0131b.<br>M\u0259qal\u0259d\u0259 \u0130ran v\u0259 Az\u0259rbaycan prezidentl\u0259ri aras\u0131nda Astanada ke\u00e7iril\u0259n g\u00f6r\u00fc\u015f\u00fcn t\u0259f\u0259rr\u00fcatlar\u0131 da yer al\u0131b.<\/p>\n\n\n\n<p>N\u0259\u015fr yaz\u0131b ki, \u0130brahim R\u0259isi il\u0259 \u0130lham \u018fliyev aras\u0131nda g\u00f6r\u00fc\u015f dostluq \u015f\u0259raitind\u0259 ke\u00e7m\u0259yib, \u0259ksin\u0259, iki lider aras\u0131nda m\u00fcbahis\u0259 olub.<\/p>\n\n\n\n<p>M\u00fcbahis\u0259 \u018fliyevin \u0130ran q\u00fcvv\u0259l\u0259rinin Az\u0259rbaycanla s\u0259rh\u0259dd\u0259 c\u0259ml\u0259\u015fm\u0259sini t\u0259nqid etm\u0259sind\u0259n v\u0259 bunu Bak\u0131n\u0131n t\u0259hl\u00fck\u0259sizliyin\u0259 t\u0259hdid adland\u0131rmas\u0131ndan sonra yaran\u0131b.<\/p>\n\n\n\n<p>R\u0259isi q\u00fcvv\u0259l\u0259rin \u0259raziy\u0259 \u0259yl\u0259nc\u0259 v\u0259 ya t\u0259lim \u00fc\u00e7\u00fcn deyil, t\u0259hl\u00fck\u0259sizlik v\u0259 sabitliyin yarad\u0131lmas\u0131, \u0130ranla Erm\u0259nistan aras\u0131nda s\u0259rh\u0259din d\u0259yi\u015fdirilm\u0259si v\u0259 ya k\u0259silm\u0259sin\u0259 y\u00f6n\u0259lmi\u015f ist\u0259nil\u0259n plana qar\u015f\u0131 m\u00fcbariz\u0259 \u00fc\u00e7\u00fcn g\u00f6nd\u0259rildiyini bildirib. \u018fliyev is\u0259 buna k\u0259skin reaksiya verib.<\/p>\n\n\n\n<p>\u018fliyev R\u0259isini Az\u0259rbaycanla qar\u015f\u0131durma yaratmaq \u00fc\u00e7\u00fcn Erm\u0259nistan\u0131 silahland\u0131rmaqda v\u0259 h\u0259rbi yard\u0131m g\u00f6st\u0259rm\u0259kd\u0259 ittiham edib. R\u0259isi bu ittihamlar\u0131 t\u0259kzib ed\u0259r\u0259k \u018fliyevi \u201csionistl\u0259r\u201d\u0259 tabe olmaqda ittiham edib. \u0130ran d\u00f6vl\u0259t ba\u015f\u00e7\u0131s\u0131 \u0130srail m\u00fcdafi\u0259 nazirinin Bak\u0131ya s\u0259f\u0259rini d\u0259 t\u0259nqid edib.<\/p>\n\n\n\n<p>O da qeyd olunub ki, R\u0259isi \u018fliyevi \u0130randak\u0131 etirazlar fonunda bu \u00f6lk\u0259d\u0259 ya\u015fayan t\u00fcrkl\u0259ri d\u0259st\u0259kl\u0259m\u0259kd\u0259 v\u0259 media vasit\u0259sil\u0259 onlara d\u0259st\u0259k olmaqda ittiham edib.<\/p>\n\n\n\n<p>Az\u0259rbaycan\u0131n r\u0259smi medias\u0131 \u018fliyevl\u0259 R\u0259isinin g\u00f6r\u00fc\u015f\u00fc bar\u0259d\u0259 m\u0259lumat vers\u0259 d\u0259, s\u00f6z\u00fcged\u0259n dialoqla ba\u011fl\u0131 he\u00e7 n\u0259 yazmay\u0131b.<\/p>\n","protected":false},"excerpt":{"rendered":"<p>Sayt yaz\u0131r ki, \u018fliyev \u0130ran\u0131 Erm\u0259nistana d\u0259st\u0259kd\u0259, R\u0259isi is\u0259 Az\u0259rbaycan\u0131 &#8230; <\/p>\n<p class=\"read-more-container\"><a title=\"\u0130lham \u018fliyevl\u0259 \u0130brahim R\u0259isinin Astanada m\u00fcbahis\u0259 etdiyi bildirilir\" class=\"read-more button\" href=\"https:\/\/www.meydan.tv\/az\/article\/ilham-eliyevle-ibrahim-reisinin-astanada-mubahise-etdiyi-bildirilir\/#more-258702\" aria-label=\"Read more about \u0130lham \u018fliyevl\u0259 \u0130brahim R\u0259isinin Astanada m\u00fcbahis\u0259 etdiyi bildirilir\">Davam\u0131<\/a><\/p>\n","protected":false},"author":12,"featured_media":258703,"comment_status":"closed","ping_status":"closed","sticky":false,"template":"","format":"standard","meta":{"_acf_changed":false,"_sitemap_exclude":false,"_sitemap_priority":"","_sitemap_frequency":"","footnotes":""},"categories":[59,79,63,56],"tags":[],"class_list":["post-258702","post","type-post","status-publish","format-standard","has-post-thumbnail","hentry","category-siyaset","category-featured","category-video-2","category-xeberler","infinite-scroll-item","generate-columns","tablet-grid-50","mobile-grid-100","grid-parent","grid-33","no-featured-image-padding"],"acf":[],"yoast_head":"<!-- This site is optimized with the Yoast SEO plugin v27.5 - https:\/\/yoast.com\/product\/yoast-seo-wordpress\/ -->\n<title>\u0130lham \u018fliyevl\u0259 \u0130brahim R\u0259isinin Astanada m\u00fcbahis\u0259 etdiyi bildirilir - MEYDAN.TV<\/title>\n<meta name=\"robots\" content=\"index, follow, max-snippet:-1, max-image-preview:large, max-video-preview:-1\" \/>\n<link rel=\"canonical\" href=\"https:\/\/www.meydan.tv\/az\/article\/ilham-eliyevle-ibrahim-reisinin-astanada-mubahise-etdiyi-bildirilir\/\" \/>\n<meta property=\"og:locale\" content=\"az_AZ\" \/>\n<meta property=\"og:type\" content=\"article\" \/>\n<meta property=\"og:title\" content=\"\u0130lham \u018fliyevl\u0259 \u0130brahim R\u0259isinin Astanada m\u00fcbahis\u0259 etdiyi bildirilir - MEYDAN.TV\" \/>\n<meta property=\"og:description\" content=\"Sayt yaz\u0131r ki, \u018fliyev \u0130ran\u0131 Erm\u0259nistana d\u0259st\u0259kd\u0259, R\u0259isi is\u0259 Az\u0259rbaycan\u0131 ... Davam\u0131\" \/>\n<meta property=\"og:url\" content=\"https:\/\/www.meydan.tv\/az\/article\/ilham-eliyevle-ibrahim-reisinin-astanada-mubahise-etdiyi-bildirilir\/\" \/>\n<meta property=\"og:site_name\" content=\"MEYDAN.TV\" \/>\n<meta property=\"article:published_time\" content=\"2022-10-19T11:30:23+00:00\" \/>\n<meta property=\"article:modified_time\" content=\"2022-10-19T14:12:37+00:00\" \/>\n<meta property=\"og:image\" content=\"https:\/\/www.meydan.tv\/wp-content\/uploads\/pviwhokgo_02.jpeg\" \/>\n\t<meta property=\"og:image:width\" content=\"2360\" \/>\n\t<meta property=\"og:image:height\" content=\"1196\" \/>\n\t<meta property=\"og:image:type\" content=\"image\/jpeg\" \/>\n<meta name=\"author\" content=\"aleks\" \/>\n<meta name=\"twitter:card\" content=\"summary_large_image\" \/>\n<script type=\"application\/ld+json\" class=\"yoast-schema-graph\">{\"@context\":\"https:\\\/\\\/schema.org\",\"@graph\":[{\"@type\":\"Article\",\"@id\":\"https:\\\/\\\/www.meydan.tv\\\/az\\\/article\\\/ilham-eliyevle-ibrahim-reisinin-astanada-mubahise-etdiyi-bildirilir\\\/#article\",\"isPartOf\":{\"@id\":\"https:\\\/\\\/www.meydan.tv\\\/az\\\/article\\\/ilham-eliyevle-ibrahim-reisinin-astanada-mubahise-etdiyi-bildirilir\\\/\"},\"author\":{\"name\":\"aleks\",\"@id\":\"https:\\\/\\\/www.meydan.tv\\\/az\\\/#\\\/schema\\\/person\\\/476e9360e593fa131d5d71d51866f8da\"},\"headline\":\"\u0130lham \u018fliyevl\u0259 \u0130brahim R\u0259isinin Astanada m\u00fcbahis\u0259 etdiyi bildirilir\",\"datePublished\":\"2022-10-19T11:30:23+00:00\",\"dateModified\":\"2022-10-19T14:12:37+00:00\",\"mainEntityOfPage\":{\"@id\":\"https:\\\/\\\/www.meydan.tv\\\/az\\\/article\\\/ilham-eliyevle-ibrahim-reisinin-astanada-mubahise-etdiyi-bildirilir\\\/\"},\"wordCount\":337,\"publisher\":{\"@id\":\"https:\\\/\\\/www.meydan.tv\\\/az\\\/#organization\"},\"image\":{\"@id\":\"https:\\\/\\\/www.meydan.tv\\\/az\\\/article\\\/ilham-eliyevle-ibrahim-reisinin-astanada-mubahise-etdiyi-bildirilir\\\/#primaryimage\"},\"thumbnailUrl\":\"https:\\\/\\\/www.meydan.tv\\\/wp-content\\\/uploads\\\/pviwhokgo_02.jpeg\",\"articleSection\":[\"Siyas\u0259t\",\"T\u00f6vsiy\u0259\",\"Video\",\"X\u0259b\u0259rl\u0259r\"],\"inLanguage\":\"az\"},{\"@type\":\"WebPage\",\"@id\":\"https:\\\/\\\/www.meydan.tv\\\/az\\\/article\\\/ilham-eliyevle-ibrahim-reisinin-astanada-mubahise-etdiyi-bildirilir\\\/\",\"url\":\"https:\\\/\\\/www.meydan.tv\\\/az\\\/article\\\/ilham-eliyevle-ibrahim-reisinin-astanada-mubahise-etdiyi-bildirilir\\\/\",\"name\":\"\u0130lham \u018fliyevl\u0259 \u0130brahim R\u0259isinin Astanada m\u00fcbahis\u0259 etdiyi bildirilir - MEYDAN.TV\",\"isPartOf\":{\"@id\":\"https:\\\/\\\/www.meydan.tv\\\/az\\\/#website\"},\"primaryImageOfPage\":{\"@id\":\"https:\\\/\\\/www.meydan.tv\\\/az\\\/article\\\/ilham-eliyevle-ibrahim-reisinin-astanada-mubahise-etdiyi-bildirilir\\\/#primaryimage\"},\"image\":{\"@id\":\"https:\\\/\\\/www.meydan.tv\\\/az\\\/article\\\/ilham-eliyevle-ibrahim-reisinin-astanada-mubahise-etdiyi-bildirilir\\\/#primaryimage\"},\"thumbnailUrl\":\"https:\\\/\\\/www.meydan.tv\\\/wp-content\\\/uploads\\\/pviwhokgo_02.jpeg\",\"datePublished\":\"2022-10-19T11:30:23+00:00\",\"dateModified\":\"2022-10-19T14:12:37+00:00\",\"breadcrumb\":{\"@id\":\"https:\\\/\\\/www.meydan.tv\\\/az\\\/article\\\/ilham-eliyevle-ibrahim-reisinin-astanada-mubahise-etdiyi-bildirilir\\\/#breadcrumb\"},\"inLanguage\":\"az\",\"potentialAction\":[{\"@type\":\"ReadAction\",\"target\":[\"https:\\\/\\\/www.meydan.tv\\\/az\\\/article\\\/ilham-eliyevle-ibrahim-reisinin-astanada-mubahise-etdiyi-bildirilir\\\/\"]}]},{\"@type\":\"ImageObject\",\"inLanguage\":\"az\",\"@id\":\"https:\\\/\\\/www.meydan.tv\\\/az\\\/article\\\/ilham-eliyevle-ibrahim-reisinin-astanada-mubahise-etdiyi-bildirilir\\\/#primaryimage\",\"url\":\"https:\\\/\\\/www.meydan.tv\\\/wp-content\\\/uploads\\\/pviwhokgo_02.jpeg\",\"contentUrl\":\"https:\\\/\\\/www.meydan.tv\\\/wp-content\\\/uploads\\\/pviwhokgo_02.jpeg\",\"width\":2360,\"height\":1196,\"caption\":\"\u0130lham \u018fliyevin \u0130ran Prezidenti Seyid \u0130brahim R\u0259isi il\u0259 g\u00f6r\u00fc\u015f\u00fc\"},{\"@type\":\"BreadcrumbList\",\"@id\":\"https:\\\/\\\/www.meydan.tv\\\/az\\\/article\\\/ilham-eliyevle-ibrahim-reisinin-astanada-mubahise-etdiyi-bildirilir\\\/#breadcrumb\",\"itemListElement\":[{\"@type\":\"ListItem\",\"position\":1,\"name\":\"Ana s\u0259hif\u0259\",\"item\":\"https:\\\/\\\/www.meydan.tv\\\/az\\\/\"},{\"@type\":\"ListItem\",\"position\":2,\"name\":\"X\u0259b\u0259rl\u0259r\",\"item\":\"https:\\\/\\\/www.meydan.tv\\\/az\\\/section\\\/xeberler\\\/\"},{\"@type\":\"ListItem\",\"position\":3,\"name\":\"\u0130lham \u018fliyevl\u0259 \u0130brahim R\u0259isinin Astanada m\u00fcbahis\u0259 etdiyi bildirilir\"}]},{\"@type\":\"WebSite\",\"@id\":\"https:\\\/\\\/www.meydan.tv\\\/az\\\/#website\",\"url\":\"https:\\\/\\\/www.meydan.tv\\\/az\\\/\",\"name\":\"MEYDAN.TV\",\"description\":\"Meydan TV Az\u0259rbaycan\u0131n media m\u0259kan\u0131ndak\u0131 alternativ s\u0259sidir\",\"publisher\":{\"@id\":\"https:\\\/\\\/www.meydan.tv\\\/az\\\/#organization\"},\"potentialAction\":[{\"@type\":\"SearchAction\",\"target\":{\"@type\":\"EntryPoint\",\"urlTemplate\":\"https:\\\/\\\/www.meydan.tv\\\/az\\\/?s={search_term_string}\"},\"query-input\":{\"@type\":\"PropertyValueSpecification\",\"valueRequired\":true,\"valueName\":\"search_term_string\"}}],\"inLanguage\":\"az\"},{\"@type\":\"Organization\",\"@id\":\"https:\\\/\\\/www.meydan.tv\\\/az\\\/#organization\",\"name\":\"Meydan TV\",\"url\":\"https:\\\/\\\/www.meydan.tv\\\/az\\\/\",\"logo\":{\"@type\":\"ImageObject\",\"inLanguage\":\"az\",\"@id\":\"https:\\\/\\\/www.meydan.tv\\\/az\\\/#\\\/schema\\\/logo\\\/image\\\/\",\"url\":\"https:\\\/\\\/www.meydan.tv\\\/wp-content\\\/uploads\\\/2021\\\/07\\\/meydan-logo.svg\",\"contentUrl\":\"https:\\\/\\\/www.meydan.tv\\\/wp-content\\\/uploads\\\/2021\\\/07\\\/meydan-logo.svg\",\"width\":195,\"height\":46,\"caption\":\"Meydan TV\"},\"image\":{\"@id\":\"https:\\\/\\\/www.meydan.tv\\\/az\\\/#\\\/schema\\\/logo\\\/image\\\/\"}},{\"@type\":\"Person\",\"@id\":\"https:\\\/\\\/www.meydan.tv\\\/az\\\/#\\\/schema\\\/person\\\/476e9360e593fa131d5d71d51866f8da\",\"name\":\"aleks\"}]}<\/script>\n<!-- \/ Yoast SEO plugin. -->","yoast_head_json":{"title":"\u0130lham \u018fliyevl\u0259 \u0130brahim R\u0259isinin Astanada m\u00fcbahis\u0259 etdiyi bildirilir - MEYDAN.TV","robots":{"index":"index","follow":"follow","max-snippet":"max-snippet:-1","max-image-preview":"max-image-preview:large","max-video-preview":"max-video-preview:-1"},"canonical":"https:\/\/www.meydan.tv\/az\/article\/ilham-eliyevle-ibrahim-reisinin-astanada-mubahise-etdiyi-bildirilir\/","og_locale":"az_AZ","og_type":"article","og_title":"\u0130lham \u018fliyevl\u0259 \u0130brahim R\u0259isinin Astanada m\u00fcbahis\u0259 etdiyi bildirilir - MEYDAN.TV","og_description":"Sayt yaz\u0131r ki, \u018fliyev \u0130ran\u0131 Erm\u0259nistana d\u0259st\u0259kd\u0259, R\u0259isi is\u0259 Az\u0259rbaycan\u0131 ... Davam\u0131","og_url":"https:\/\/www.meydan.tv\/az\/article\/ilham-eliyevle-ibrahim-reisinin-astanada-mubahise-etdiyi-bildirilir\/","og_site_name":"MEYDAN.TV","article_published_time":"2022-10-19T11:30:23+00:00","article_modified_time":"2022-10-19T14:12:37+00:00","og_image":[{"width":2360,"height":1196,"url":"https:\/\/www.meydan.tv\/wp-content\/uploads\/pviwhokgo_02.jpeg","type":"image\/jpeg"}],"author":"aleks","twitter_card":"summary_large_image","schema":{"@context":"https:\/\/schema.org","@graph":[{"@type":"Article","@id":"https:\/\/www.meydan.tv\/az\/article\/ilham-eliyevle-ibrahim-reisinin-astanada-mubahise-etdiyi-bildirilir\/#article","isPartOf":{"@id":"https:\/\/www.meydan.tv\/az\/article\/ilham-eliyevle-ibrahim-reisinin-astanada-mubahise-etdiyi-bildirilir\/"},"author":{"name":"aleks","@id":"https:\/\/www.meydan.tv\/az\/#\/schema\/person\/476e9360e593fa131d5d71d51866f8da"},"headline":"\u0130lham \u018fliyevl\u0259 \u0130brahim R\u0259isinin Astanada m\u00fcbahis\u0259 etdiyi bildirilir","datePublished":"2022-10-19T11:30:23+00:00","dateModified":"2022-10-19T14:12:37+00:00","mainEntityOfPage":{"@id":"https:\/\/www.meydan.tv\/az\/article\/ilham-eliyevle-ibrahim-reisinin-astanada-mubahise-etdiyi-bildirilir\/"},"wordCount":337,"publisher":{"@id":"https:\/\/www.meydan.tv\/az\/#organization"},"image":{"@id":"https:\/\/www.meydan.tv\/az\/article\/ilham-eliyevle-ibrahim-reisinin-astanada-mubahise-etdiyi-bildirilir\/#primaryimage"},"thumbnailUrl":"https:\/\/www.meydan.tv\/wp-content\/uploads\/pviwhokgo_02.jpeg","articleSection":["Siyas\u0259t","T\u00f6vsiy\u0259","Video","X\u0259b\u0259rl\u0259r"],"inLanguage":"az"},{"@type":"WebPage","@id":"https:\/\/www.meydan.tv\/az\/article\/ilham-eliyevle-ibrahim-reisinin-astanada-mubahise-etdiyi-bildirilir\/","url":"https:\/\/www.meydan.tv\/az\/article\/ilham-eliyevle-ibrahim-reisinin-astanada-mubahise-etdiyi-bildirilir\/","name":"\u0130lham \u018fliyevl\u0259 \u0130brahim R\u0259isinin Astanada m\u00fcbahis\u0259 etdiyi bildirilir - MEYDAN.TV","isPartOf":{"@id":"https:\/\/www.meydan.tv\/az\/#website"},"primaryImageOfPage":{"@id":"https:\/\/www.meydan.tv\/az\/article\/ilham-eliyevle-ibrahim-reisinin-astanada-mubahise-etdiyi-bildirilir\/#primaryimage"},"image":{"@id":"https:\/\/www.meydan.tv\/az\/article\/ilham-eliyevle-ibrahim-reisinin-astanada-mubahise-etdiyi-bildirilir\/#primaryimage"},"thumbnailUrl":"https:\/\/www.meydan.tv\/wp-content\/uploads\/pviwhokgo_02.jpeg","datePublished":"2022-10-19T11:30:23+00:00","dateModified":"2022-10-19T14:12:37+00:00","breadcrumb":{"@id":"https:\/\/www.meydan.tv\/az\/article\/ilham-eliyevle-ibrahim-reisinin-astanada-mubahise-etdiyi-bildirilir\/#breadcrumb"},"inLanguage":"az","potentialAction":[{"@type":"ReadAction","target":["https:\/\/www.meydan.tv\/az\/article\/ilham-eliyevle-ibrahim-reisinin-astanada-mubahise-etdiyi-bildirilir\/"]}]},{"@type":"ImageObject","inLanguage":"az","@id":"https:\/\/www.meydan.tv\/az\/article\/ilham-eliyevle-ibrahim-reisinin-astanada-mubahise-etdiyi-bildirilir\/#primaryimage","url":"https:\/\/www.meydan.tv\/wp-content\/uploads\/pviwhokgo_02.jpeg","contentUrl":"https:\/\/www.meydan.tv\/wp-content\/uploads\/pviwhokgo_02.jpeg","width":2360,"height":1196,"caption":"\u0130lham \u018fliyevin \u0130ran Prezidenti Seyid \u0130brahim R\u0259isi il\u0259 g\u00f6r\u00fc\u015f\u00fc"},{"@type":"BreadcrumbList","@id":"https:\/\/www.meydan.tv\/az\/article\/ilham-eliyevle-ibrahim-reisinin-astanada-mubahise-etdiyi-bildirilir\/#breadcrumb","itemListElement":[{"@type":"ListItem","position":1,"name":"Ana s\u0259hif\u0259","item":"https:\/\/www.meydan.tv\/az\/"},{"@type":"ListItem","position":2,"name":"X\u0259b\u0259rl\u0259r","item":"https:\/\/www.meydan.tv\/az\/section\/xeberler\/"},{"@type":"ListItem","position":3,"name":"\u0130lham \u018fliyevl\u0259 \u0130brahim R\u0259isinin Astanada m\u00fcbahis\u0259 etdiyi bildirilir"}]},{"@type":"WebSite","@id":"https:\/\/www.meydan.tv\/az\/#website","url":"https:\/\/www.meydan.tv\/az\/","name":"MEYDAN.TV","description":"Meydan TV Az\u0259rbaycan\u0131n media m\u0259kan\u0131ndak\u0131 alternativ s\u0259sidir","publisher":{"@id":"https:\/\/www.meydan.tv\/az\/#organization"},"potentialAction":[{"@type":"SearchAction","target":{"@type":"EntryPoint","urlTemplate":"https:\/\/www.meydan.tv\/az\/?s={search_term_string}"},"query-input":{"@type":"PropertyValueSpecification","valueRequired":true,"valueName":"search_term_string"}}],"inLanguage":"az"},{"@type":"Organization","@id":"https:\/\/www.meydan.tv\/az\/#organization","name":"Meydan TV","url":"https:\/\/www.meydan.tv\/az\/","logo":{"@type":"ImageObject","inLanguage":"az","@id":"https:\/\/www.meydan.tv\/az\/#\/schema\/logo\/image\/","url":"https:\/\/www.meydan.tv\/wp-content\/uploads\/2021\/07\/meydan-logo.svg","contentUrl":"https:\/\/www.meydan.tv\/wp-content\/uploads\/2021\/07\/meydan-logo.svg","width":195,"height":46,"caption":"Meydan TV"},"image":{"@id":"https:\/\/www.meydan.tv\/az\/#\/schema\/logo\/image\/"}},{"@type":"Person","@id":"https:\/\/www.meydan.tv\/az\/#\/schema\/person\/476e9360e593fa131d5d71d51866f8da","name":"aleks"}]}},"_links":{"self":[{"href":"https:\/\/www.meydan.tv\/az\/wp-json\/wp\/v2\/posts\/258702","targetHints":{"allow":["GET"]}}],"collection":[{"href":"https:\/\/www.meydan.tv\/az\/wp-json\/wp\/v2\/posts"}],"about":[{"href":"https:\/\/www.meydan.tv\/az\/wp-json\/wp\/v2\/types\/post"}],"author":[{"embeddable":true,"href":"https:\/\/www.meydan.tv\/az\/wp-json\/wp\/v2\/users\/12"}],"replies":[{"embeddable":true,"href":"https:\/\/www.meydan.tv\/az\/wp-json\/wp\/v2\/comments?post=258702"}],"version-history":[{"count":2,"href":"https:\/\/www.meydan.tv\/az\/wp-json\/wp\/v2\/posts\/258702\/revisions"}],"predecessor-version":[{"id":258730,"href":"https:\/\/www.meydan.tv\/az\/wp-json\/wp\/v2\/posts\/258702\/revisions\/258730"}],"wp:featuredmedia":[{"embeddable":true,"href":"https:\/\/www.meydan.tv\/az\/wp-json\/wp\/v2\/media\/258703"}],"wp:attachment":[{"href":"https:\/\/www.meydan.tv\/az\/wp-json\/wp\/v2\/media?parent=258702"}],"wp:term":[{"taxonomy":"category","embeddable":true,"href":"https:\/\/www.meydan.tv\/az\/wp-json\/wp\/v2\/categories?post=258702"},{"taxonomy":"post_tag","embeddable":true,"href":"https:\/\/www.meydan.tv\/az\/wp-json\/wp\/v2\/tags?post=258702"}],"curies":[{"name":"wp","href":"https:\/\/api.w.org\/{rel}","templated":true}]}}