{"id":258665,"date":"2022-10-19T12:41:49","date_gmt":"2022-10-19T08:41:49","guid":{"rendered":"https:\/\/www.meydan.tv\/?p=258665"},"modified":"2022-10-19T12:41:52","modified_gmt":"2022-10-19T08:41:52","slug":"agdasda-qarabag-qazisi-belediyyeden-narazidir","status":"publish","type":"post","link":"https:\/\/www.meydan.tv\/az\/article\/agdasda-qarabag-qazisi-belediyyeden-narazidir\/","title":{"rendered":"A\u011fda\u015fda Qaraba\u011f qazisi b\u0259l\u0259diyy\u0259d\u0259n naraz\u0131d\u0131r"},"content":{"rendered":"\n<p><\/p>\n\n\n\n<p><em>\u201cB\u0259l\u0259diyy\u0259 m\u0259n\u0259 \u0259kin\u0259 yarars\u0131z torpaq t\u0259klif edir\u201d<\/em><br><\/p>\n\n\n\n<p>\u201c\u0130kinci Qaraba\u011f M\u00fcharib\u0259si i\u015ftirak\u00e7\u0131s\u0131yam. Ya\u015fad\u0131\u011f\u0131m k\u0259ndd\u0259 \u0259kin\u0259 yararl\u0131 torpaq sah\u0259si ist\u0259yir\u0259m ki, \u0259kin-bi\u00e7inl\u0259 m\u0259\u015f\u011ful olub, dolan\u0131m. T\u0259k ist\u0259yim odur ki, he\u00e7 kim\u0259 m\u00f6htac olmadan \u00e7\u00f6r\u0259k pulu qazana bilim. Amma k\u00f6m\u0259klik edilmir, b\u0259l\u0259diyy\u0259 m\u0259n\u0259 \u0259kin\u0259 yarars\u0131z torpaq t\u0259klif edir\u201d.<\/p>\n\n\n\n<p>Bunu Meydan TV-y\u0259 A\u011fda\u015f rayonu, \u018fr\u0259b\u015f\u0259ki k\u0259nd sakini, 2000-ci il t\u0259v\u0259ll\u00fcdl\u00fc Nurlan Qism\u0259t o\u011flu Qurbanov bildirib. Onun s\u00f6zl\u0259rin\u0259 g\u00f6r\u0259, ona torpaq sah\u0259si ayr\u0131lmas\u0131 \u00fc\u00e7\u00fcn yerli icra n\u00fcmay\u0259nd\u0259sin\u0259 tap\u015f\u0131r\u0131q verilib. Amma b\u0259l\u0259diyy\u0259 ona \u0259kin \u00fc\u00e7\u00fcn yarars\u0131z torpaq sah\u0259si t\u0259klif edib.<\/p>\n\n\n\n<p>\u201cHans\u0131 ki, h\u0259min \u0259razi mal-qara \u00fc\u00e7\u00fcn n\u0259z\u0259rd\u0259 tutulmu\u015f \u00f6r\u00fc\u015f sah\u0259sidir. K\u0259ndimizl\u0259 \u00f6r\u00fc\u015f sah\u0259si aras\u0131nda 15-20 kilometr m\u0259saf\u0259 var. Bu m\u0259saf\u0259ni h\u0259r g\u00fcn nec\u0259 gedib-g\u0259lim? K\u0259ndd\u0259 \u0259kin\u0259 yararl\u0131 sah\u0259si olanlar \u00e7oxdur, b\u0259l\u0259diyy\u0259nin ehtiyat fondundan onlara yer ayr\u0131l\u0131b\u201d, &#8211; N.Qurbanov bildirib.<\/p>\n\n\n<div class=\"wp-block-image\">\n<figure class=\"alignright size-large is-resized\"><img decoding=\"async\" data-src=\"https:\/\/www.meydan.tv\/wp-content\/uploads\/54f4deb1-f273-43e5-80f6-28194c6f4cd8-616x821.jpg\" alt=\"\" class=\"wp-image-258662 lazyload\" width=\"327\" height=\"436\" src=\"data:image\/svg+xml;base64,PHN2ZyB3aWR0aD0iMSIgaGVpZ2h0PSIxIiB4bWxucz0iaHR0cDovL3d3dy53My5vcmcvMjAwMC9zdmciPjwvc3ZnPg==\" style=\"--smush-placeholder-width: 327px; --smush-placeholder-aspect-ratio: 327\/436;\" \/><\/figure>\n<\/div>\n\n\n<p>\u018fr\u0259b\u015f\u0259ki k\u0131ndinin d\u0259 daxil oldu\u011fu Eymur b\u0259l\u0259diyy\u0259sind\u0259n Meydan TV-y\u0259 bildiribl\u0259r ki, \u018fr\u0259b\u015f\u0259ki k\u0259ndind\u0259 5 m\u00fcharib\u0259 i\u015ftirak\u00e7\u0131s\u0131 var. Onlar\u0131n h\u0259r birin\u0259 b\u0259l\u0259diyy\u0259nin ehtiyat fondundan torpaq sah\u0259si t\u0259klif edilib. Lakin N.Qurbanov g\u00f6st\u0259ril\u0259n torpaq sah\u0259sind\u0259n imtina edib.<\/p>\n\n\n\n<p>\u201c\u0130ki m\u00fcharib\u0259 veteran\u0131 haz\u0131rda h\u0259min sah\u0259d\u0259 \u0259kin-bi\u00e7inl\u0259 m\u0259\u015f\u011ful olub. Qurbanova da 1 hektar torpaq t\u0259klif edilib, lakin h\u0259min \u0259razini ist\u0259mir. Ba\u015fqa \u0259razid\u0259 d\u0259 torpaq yoxdur. Nurlan ail\u0259si il\u0259 birg\u0259 qal\u0131r, h\u0259yatyan\u0131 sah\u0259l\u0259ri, pay torpaqlar\u0131 var. \u0130st\u0259diyi vaxt t\u0259klif edil\u0259n \u0259razid\u0259 torpaq g\u00f6t\u00fcr\u0259 bil\u0259r. T\u0259klif edil\u0259n sah\u0259 \u0259kin \u00fc\u00e7\u00fcn yararl\u0131d\u0131r\u201d, &#8211; b\u0259l\u0259diyy\u0259d\u0259n qeyd edibl\u0259r.<\/p>\n","protected":false},"excerpt":{"rendered":"<p>\u201cB\u0259l\u0259diyy\u0259 m\u0259n\u0259 \u0259kin\u0259 yarars\u0131z torpaq t\u0259klif edir\u201d \u201c\u0130kinci Qaraba\u011f M\u00fcharib\u0259si &#8230; <\/p>\n<p class=\"read-more-container\"><a title=\"A\u011fda\u015fda Qaraba\u011f qazisi b\u0259l\u0259diyy\u0259d\u0259n naraz\u0131d\u0131r\" class=\"read-more button\" href=\"https:\/\/www.meydan.tv\/az\/article\/agdasda-qarabag-qazisi-belediyyeden-narazidir\/#more-258665\" aria-label=\"Read more about A\u011fda\u015fda Qaraba\u011f qazisi b\u0259l\u0259diyy\u0259d\u0259n naraz\u0131d\u0131r\">Davam\u0131<\/a><\/p>\n","protected":false},"author":8,"featured_media":258659,"comment_status":"closed","ping_status":"closed","sticky":false,"template":"","format":"standard","meta":{"_acf_changed":false,"_sitemap_exclude":false,"_sitemap_priority":"","_sitemap_frequency":"","footnotes":""},"categories":[60,56],"tags":[],"class_list":["post-258665","post","type-post","status-publish","format-standard","has-post-thumbnail","hentry","category-bolge","category-xeberler","infinite-scroll-item","generate-columns","tablet-grid-50","mobile-grid-100","grid-parent","grid-33","no-featured-image-padding"],"acf":[],"yoast_head":"<!-- This site is optimized with the Yoast SEO plugin v27.5 - https:\/\/yoast.com\/product\/yoast-seo-wordpress\/ -->\n<title>A\u011fda\u015fda Qaraba\u011f qazisi b\u0259l\u0259diyy\u0259d\u0259n naraz\u0131d\u0131r - MEYDAN.TV<\/title>\n<meta name=\"robots\" content=\"index, follow, max-snippet:-1, max-image-preview:large, max-video-preview:-1\" \/>\n<link rel=\"canonical\" href=\"https:\/\/www.meydan.tv\/az\/article\/agdasda-qarabag-qazisi-belediyyeden-narazidir\/\" \/>\n<meta property=\"og:locale\" content=\"az_AZ\" \/>\n<meta property=\"og:type\" content=\"article\" \/>\n<meta property=\"og:title\" content=\"A\u011fda\u015fda Qaraba\u011f qazisi b\u0259l\u0259diyy\u0259d\u0259n naraz\u0131d\u0131r - MEYDAN.TV\" \/>\n<meta property=\"og:description\" content=\"\u201cB\u0259l\u0259diyy\u0259 m\u0259n\u0259 \u0259kin\u0259 yarars\u0131z torpaq t\u0259klif edir\u201d \u201c\u0130kinci Qaraba\u011f M\u00fcharib\u0259si ... Davam\u0131\" \/>\n<meta property=\"og:url\" content=\"https:\/\/www.meydan.tv\/az\/article\/agdasda-qarabag-qazisi-belediyyeden-narazidir\/\" \/>\n<meta property=\"og:site_name\" content=\"MEYDAN.TV\" \/>\n<meta property=\"article:published_time\" content=\"2022-10-19T08:41:49+00:00\" \/>\n<meta property=\"article:modified_time\" content=\"2022-10-19T08:41:52+00:00\" \/>\n<meta property=\"og:image\" content=\"https:\/\/www.meydan.tv\/wp-content\/uploads\/untitled-design-66-e1666168901982.jpg\" \/>\n\t<meta property=\"og:image:width\" content=\"1200\" \/>\n\t<meta property=\"og:image:height\" content=\"753\" \/>\n\t<meta property=\"og:image:type\" content=\"image\/jpeg\" \/>\n<meta name=\"author\" content=\"elli\" \/>\n<meta name=\"twitter:card\" content=\"summary_large_image\" \/>\n<meta name=\"twitter:creator\" content=\"@elli\" \/>\n<script type=\"application\/ld+json\" class=\"yoast-schema-graph\">{\"@context\":\"https:\\\/\\\/schema.org\",\"@graph\":[{\"@type\":\"Article\",\"@id\":\"https:\\\/\\\/www.meydan.tv\\\/az\\\/article\\\/agdasda-qarabag-qazisi-belediyyeden-narazidir\\\/#article\",\"isPartOf\":{\"@id\":\"https:\\\/\\\/www.meydan.tv\\\/az\\\/article\\\/agdasda-qarabag-qazisi-belediyyeden-narazidir\\\/\"},\"author\":{\"name\":\"elli\",\"@id\":\"https:\\\/\\\/www.meydan.tv\\\/az\\\/#\\\/schema\\\/person\\\/9cdbecf90d17180ce1dfbd95b08dcf47\"},\"headline\":\"A\u011fda\u015fda Qaraba\u011f qazisi b\u0259l\u0259diyy\u0259d\u0259n naraz\u0131d\u0131r\",\"datePublished\":\"2022-10-19T08:41:49+00:00\",\"dateModified\":\"2022-10-19T08:41:52+00:00\",\"mainEntityOfPage\":{\"@id\":\"https:\\\/\\\/www.meydan.tv\\\/az\\\/article\\\/agdasda-qarabag-qazisi-belediyyeden-narazidir\\\/\"},\"wordCount\":354,\"publisher\":{\"@id\":\"https:\\\/\\\/www.meydan.tv\\\/az\\\/#organization\"},\"image\":{\"@id\":\"https:\\\/\\\/www.meydan.tv\\\/az\\\/article\\\/agdasda-qarabag-qazisi-belediyyeden-narazidir\\\/#primaryimage\"},\"thumbnailUrl\":\"https:\\\/\\\/www.meydan.tv\\\/wp-content\\\/uploads\\\/untitled-design-66-e1666168901982.jpg\",\"articleSection\":[\"B\u00f6lg\u0259\",\"X\u0259b\u0259rl\u0259r\"],\"inLanguage\":\"az\"},{\"@type\":\"WebPage\",\"@id\":\"https:\\\/\\\/www.meydan.tv\\\/az\\\/article\\\/agdasda-qarabag-qazisi-belediyyeden-narazidir\\\/\",\"url\":\"https:\\\/\\\/www.meydan.tv\\\/az\\\/article\\\/agdasda-qarabag-qazisi-belediyyeden-narazidir\\\/\",\"name\":\"A\u011fda\u015fda Qaraba\u011f qazisi b\u0259l\u0259diyy\u0259d\u0259n naraz\u0131d\u0131r - MEYDAN.TV\",\"isPartOf\":{\"@id\":\"https:\\\/\\\/www.meydan.tv\\\/az\\\/#website\"},\"primaryImageOfPage\":{\"@id\":\"https:\\\/\\\/www.meydan.tv\\\/az\\\/article\\\/agdasda-qarabag-qazisi-belediyyeden-narazidir\\\/#primaryimage\"},\"image\":{\"@id\":\"https:\\\/\\\/www.meydan.tv\\\/az\\\/article\\\/agdasda-qarabag-qazisi-belediyyeden-narazidir\\\/#primaryimage\"},\"thumbnailUrl\":\"https:\\\/\\\/www.meydan.tv\\\/wp-content\\\/uploads\\\/untitled-design-66-e1666168901982.jpg\",\"datePublished\":\"2022-10-19T08:41:49+00:00\",\"dateModified\":\"2022-10-19T08:41:52+00:00\",\"breadcrumb\":{\"@id\":\"https:\\\/\\\/www.meydan.tv\\\/az\\\/article\\\/agdasda-qarabag-qazisi-belediyyeden-narazidir\\\/#breadcrumb\"},\"inLanguage\":\"az\",\"potentialAction\":[{\"@type\":\"ReadAction\",\"target\":[\"https:\\\/\\\/www.meydan.tv\\\/az\\\/article\\\/agdasda-qarabag-qazisi-belediyyeden-narazidir\\\/\"]}]},{\"@type\":\"ImageObject\",\"inLanguage\":\"az\",\"@id\":\"https:\\\/\\\/www.meydan.tv\\\/az\\\/article\\\/agdasda-qarabag-qazisi-belediyyeden-narazidir\\\/#primaryimage\",\"url\":\"https:\\\/\\\/www.meydan.tv\\\/wp-content\\\/uploads\\\/untitled-design-66-e1666168901982.jpg\",\"contentUrl\":\"https:\\\/\\\/www.meydan.tv\\\/wp-content\\\/uploads\\\/untitled-design-66-e1666168901982.jpg\",\"width\":1200,\"height\":753,\"caption\":\"Foto: Nurlan Qurbanovun \u015f\u0259xsi arxivind\u0259ndir\"},{\"@type\":\"BreadcrumbList\",\"@id\":\"https:\\\/\\\/www.meydan.tv\\\/az\\\/article\\\/agdasda-qarabag-qazisi-belediyyeden-narazidir\\\/#breadcrumb\",\"itemListElement\":[{\"@type\":\"ListItem\",\"position\":1,\"name\":\"Ana s\u0259hif\u0259\",\"item\":\"https:\\\/\\\/www.meydan.tv\\\/az\\\/\"},{\"@type\":\"ListItem\",\"position\":2,\"name\":\"B\u00f6lg\u0259\",\"item\":\"https:\\\/\\\/www.meydan.tv\\\/az\\\/section\\\/bolge\\\/\"},{\"@type\":\"ListItem\",\"position\":3,\"name\":\"A\u011fda\u015fda Qaraba\u011f qazisi b\u0259l\u0259diyy\u0259d\u0259n naraz\u0131d\u0131r\"}]},{\"@type\":\"WebSite\",\"@id\":\"https:\\\/\\\/www.meydan.tv\\\/az\\\/#website\",\"url\":\"https:\\\/\\\/www.meydan.tv\\\/az\\\/\",\"name\":\"MEYDAN.TV\",\"description\":\"Meydan TV Az\u0259rbaycan\u0131n media m\u0259kan\u0131ndak\u0131 alternativ s\u0259sidir\",\"publisher\":{\"@id\":\"https:\\\/\\\/www.meydan.tv\\\/az\\\/#organization\"},\"potentialAction\":[{\"@type\":\"SearchAction\",\"target\":{\"@type\":\"EntryPoint\",\"urlTemplate\":\"https:\\\/\\\/www.meydan.tv\\\/az\\\/?s={search_term_string}\"},\"query-input\":{\"@type\":\"PropertyValueSpecification\",\"valueRequired\":true,\"valueName\":\"search_term_string\"}}],\"inLanguage\":\"az\"},{\"@type\":\"Organization\",\"@id\":\"https:\\\/\\\/www.meydan.tv\\\/az\\\/#organization\",\"name\":\"Meydan TV\",\"url\":\"https:\\\/\\\/www.meydan.tv\\\/az\\\/\",\"logo\":{\"@type\":\"ImageObject\",\"inLanguage\":\"az\",\"@id\":\"https:\\\/\\\/www.meydan.tv\\\/az\\\/#\\\/schema\\\/logo\\\/image\\\/\",\"url\":\"https:\\\/\\\/www.meydan.tv\\\/wp-content\\\/uploads\\\/2021\\\/07\\\/meydan-logo.svg\",\"contentUrl\":\"https:\\\/\\\/www.meydan.tv\\\/wp-content\\\/uploads\\\/2021\\\/07\\\/meydan-logo.svg\",\"width\":195,\"height\":46,\"caption\":\"Meydan TV\"},\"image\":{\"@id\":\"https:\\\/\\\/www.meydan.tv\\\/az\\\/#\\\/schema\\\/logo\\\/image\\\/\"}},{\"@type\":\"Person\",\"@id\":\"https:\\\/\\\/www.meydan.tv\\\/az\\\/#\\\/schema\\\/person\\\/9cdbecf90d17180ce1dfbd95b08dcf47\",\"name\":\"elli\",\"sameAs\":[\"https:\\\/\\\/x.com\\\/elli\"]}]}<\/script>\n<!-- \/ Yoast SEO plugin. -->","yoast_head_json":{"title":"A\u011fda\u015fda Qaraba\u011f qazisi b\u0259l\u0259diyy\u0259d\u0259n naraz\u0131d\u0131r - MEYDAN.TV","robots":{"index":"index","follow":"follow","max-snippet":"max-snippet:-1","max-image-preview":"max-image-preview:large","max-video-preview":"max-video-preview:-1"},"canonical":"https:\/\/www.meydan.tv\/az\/article\/agdasda-qarabag-qazisi-belediyyeden-narazidir\/","og_locale":"az_AZ","og_type":"article","og_title":"A\u011fda\u015fda Qaraba\u011f qazisi b\u0259l\u0259diyy\u0259d\u0259n naraz\u0131d\u0131r - MEYDAN.TV","og_description":"\u201cB\u0259l\u0259diyy\u0259 m\u0259n\u0259 \u0259kin\u0259 yarars\u0131z torpaq t\u0259klif edir\u201d \u201c\u0130kinci Qaraba\u011f M\u00fcharib\u0259si ... Davam\u0131","og_url":"https:\/\/www.meydan.tv\/az\/article\/agdasda-qarabag-qazisi-belediyyeden-narazidir\/","og_site_name":"MEYDAN.TV","article_published_time":"2022-10-19T08:41:49+00:00","article_modified_time":"2022-10-19T08:41:52+00:00","og_image":[{"width":1200,"height":753,"url":"https:\/\/www.meydan.tv\/wp-content\/uploads\/untitled-design-66-e1666168901982.jpg","type":"image\/jpeg"}],"author":"elli","twitter_card":"summary_large_image","twitter_creator":"@elli","schema":{"@context":"https:\/\/schema.org","@graph":[{"@type":"Article","@id":"https:\/\/www.meydan.tv\/az\/article\/agdasda-qarabag-qazisi-belediyyeden-narazidir\/#article","isPartOf":{"@id":"https:\/\/www.meydan.tv\/az\/article\/agdasda-qarabag-qazisi-belediyyeden-narazidir\/"},"author":{"name":"elli","@id":"https:\/\/www.meydan.tv\/az\/#\/schema\/person\/9cdbecf90d17180ce1dfbd95b08dcf47"},"headline":"A\u011fda\u015fda Qaraba\u011f qazisi b\u0259l\u0259diyy\u0259d\u0259n naraz\u0131d\u0131r","datePublished":"2022-10-19T08:41:49+00:00","dateModified":"2022-10-19T08:41:52+00:00","mainEntityOfPage":{"@id":"https:\/\/www.meydan.tv\/az\/article\/agdasda-qarabag-qazisi-belediyyeden-narazidir\/"},"wordCount":354,"publisher":{"@id":"https:\/\/www.meydan.tv\/az\/#organization"},"image":{"@id":"https:\/\/www.meydan.tv\/az\/article\/agdasda-qarabag-qazisi-belediyyeden-narazidir\/#primaryimage"},"thumbnailUrl":"https:\/\/www.meydan.tv\/wp-content\/uploads\/untitled-design-66-e1666168901982.jpg","articleSection":["B\u00f6lg\u0259","X\u0259b\u0259rl\u0259r"],"inLanguage":"az"},{"@type":"WebPage","@id":"https:\/\/www.meydan.tv\/az\/article\/agdasda-qarabag-qazisi-belediyyeden-narazidir\/","url":"https:\/\/www.meydan.tv\/az\/article\/agdasda-qarabag-qazisi-belediyyeden-narazidir\/","name":"A\u011fda\u015fda Qaraba\u011f qazisi b\u0259l\u0259diyy\u0259d\u0259n naraz\u0131d\u0131r - MEYDAN.TV","isPartOf":{"@id":"https:\/\/www.meydan.tv\/az\/#website"},"primaryImageOfPage":{"@id":"https:\/\/www.meydan.tv\/az\/article\/agdasda-qarabag-qazisi-belediyyeden-narazidir\/#primaryimage"},"image":{"@id":"https:\/\/www.meydan.tv\/az\/article\/agdasda-qarabag-qazisi-belediyyeden-narazidir\/#primaryimage"},"thumbnailUrl":"https:\/\/www.meydan.tv\/wp-content\/uploads\/untitled-design-66-e1666168901982.jpg","datePublished":"2022-10-19T08:41:49+00:00","dateModified":"2022-10-19T08:41:52+00:00","breadcrumb":{"@id":"https:\/\/www.meydan.tv\/az\/article\/agdasda-qarabag-qazisi-belediyyeden-narazidir\/#breadcrumb"},"inLanguage":"az","potentialAction":[{"@type":"ReadAction","target":["https:\/\/www.meydan.tv\/az\/article\/agdasda-qarabag-qazisi-belediyyeden-narazidir\/"]}]},{"@type":"ImageObject","inLanguage":"az","@id":"https:\/\/www.meydan.tv\/az\/article\/agdasda-qarabag-qazisi-belediyyeden-narazidir\/#primaryimage","url":"https:\/\/www.meydan.tv\/wp-content\/uploads\/untitled-design-66-e1666168901982.jpg","contentUrl":"https:\/\/www.meydan.tv\/wp-content\/uploads\/untitled-design-66-e1666168901982.jpg","width":1200,"height":753,"caption":"Foto: Nurlan Qurbanovun \u015f\u0259xsi arxivind\u0259ndir"},{"@type":"BreadcrumbList","@id":"https:\/\/www.meydan.tv\/az\/article\/agdasda-qarabag-qazisi-belediyyeden-narazidir\/#breadcrumb","itemListElement":[{"@type":"ListItem","position":1,"name":"Ana s\u0259hif\u0259","item":"https:\/\/www.meydan.tv\/az\/"},{"@type":"ListItem","position":2,"name":"B\u00f6lg\u0259","item":"https:\/\/www.meydan.tv\/az\/section\/bolge\/"},{"@type":"ListItem","position":3,"name":"A\u011fda\u015fda Qaraba\u011f qazisi b\u0259l\u0259diyy\u0259d\u0259n naraz\u0131d\u0131r"}]},{"@type":"WebSite","@id":"https:\/\/www.meydan.tv\/az\/#website","url":"https:\/\/www.meydan.tv\/az\/","name":"MEYDAN.TV","description":"Meydan TV Az\u0259rbaycan\u0131n media m\u0259kan\u0131ndak\u0131 alternativ s\u0259sidir","publisher":{"@id":"https:\/\/www.meydan.tv\/az\/#organization"},"potentialAction":[{"@type":"SearchAction","target":{"@type":"EntryPoint","urlTemplate":"https:\/\/www.meydan.tv\/az\/?s={search_term_string}"},"query-input":{"@type":"PropertyValueSpecification","valueRequired":true,"valueName":"search_term_string"}}],"inLanguage":"az"},{"@type":"Organization","@id":"https:\/\/www.meydan.tv\/az\/#organization","name":"Meydan TV","url":"https:\/\/www.meydan.tv\/az\/","logo":{"@type":"ImageObject","inLanguage":"az","@id":"https:\/\/www.meydan.tv\/az\/#\/schema\/logo\/image\/","url":"https:\/\/www.meydan.tv\/wp-content\/uploads\/2021\/07\/meydan-logo.svg","contentUrl":"https:\/\/www.meydan.tv\/wp-content\/uploads\/2021\/07\/meydan-logo.svg","width":195,"height":46,"caption":"Meydan TV"},"image":{"@id":"https:\/\/www.meydan.tv\/az\/#\/schema\/logo\/image\/"}},{"@type":"Person","@id":"https:\/\/www.meydan.tv\/az\/#\/schema\/person\/9cdbecf90d17180ce1dfbd95b08dcf47","name":"elli","sameAs":["https:\/\/x.com\/elli"]}]}},"_links":{"self":[{"href":"https:\/\/www.meydan.tv\/az\/wp-json\/wp\/v2\/posts\/258665","targetHints":{"allow":["GET"]}}],"collection":[{"href":"https:\/\/www.meydan.tv\/az\/wp-json\/wp\/v2\/posts"}],"about":[{"href":"https:\/\/www.meydan.tv\/az\/wp-json\/wp\/v2\/types\/post"}],"author":[{"embeddable":true,"href":"https:\/\/www.meydan.tv\/az\/wp-json\/wp\/v2\/users\/8"}],"replies":[{"embeddable":true,"href":"https:\/\/www.meydan.tv\/az\/wp-json\/wp\/v2\/comments?post=258665"}],"version-history":[{"count":1,"href":"https:\/\/www.meydan.tv\/az\/wp-json\/wp\/v2\/posts\/258665\/revisions"}],"predecessor-version":[{"id":258666,"href":"https:\/\/www.meydan.tv\/az\/wp-json\/wp\/v2\/posts\/258665\/revisions\/258666"}],"wp:featuredmedia":[{"embeddable":true,"href":"https:\/\/www.meydan.tv\/az\/wp-json\/wp\/v2\/media\/258659"}],"wp:attachment":[{"href":"https:\/\/www.meydan.tv\/az\/wp-json\/wp\/v2\/media?parent=258665"}],"wp:term":[{"taxonomy":"category","embeddable":true,"href":"https:\/\/www.meydan.tv\/az\/wp-json\/wp\/v2\/categories?post=258665"},{"taxonomy":"post_tag","embeddable":true,"href":"https:\/\/www.meydan.tv\/az\/wp-json\/wp\/v2\/tags?post=258665"}],"curies":[{"name":"wp","href":"https:\/\/api.w.org\/{rel}","templated":true}]}}