{"id":258624,"date":"2022-10-18T18:10:25","date_gmt":"2022-10-18T14:10:25","guid":{"rendered":"https:\/\/www.meydan.tv\/?p=258624"},"modified":"2022-10-18T18:10:28","modified_gmt":"2022-10-18T14:10:28","slug":"mehbusun-qardasi-emeliyyat-olunmasa-ayaqlari-tutula-biler","status":"publish","type":"post","link":"https:\/\/www.meydan.tv\/az\/article\/mehbusun-qardasi-emeliyyat-olunmasa-ayaqlari-tutula-biler\/","title":{"rendered":"M\u0259hbusun qarda\u015f\u0131: \u201c\u018fm\u0259liyyat olunmasa, ayaqlar\u0131 tutula bil\u0259r\u201d"},"content":{"rendered":"\n<p><\/p>\n\n\n\n<p><em>18 il azadl\u0131qdan m\u0259hrum edil\u0259n Ceyhun Qurbanovun s\u0259hh\u0259tinin a\u011f\u0131rla\u015fd\u0131\u011f\u0131 bildirilir<\/em><\/p>\n\n\n\n<p>\u201cH\u0259r d\u0259f\u0259 g\u0259tirirl\u0259r m\u00fcalic\u0259 m\u00fc\u0259ssis\u0259sin\u0259, 21 g\u00fcn saxlay\u0131rlar, vaxt tamam olan kimi qaytar\u0131rlar c\u0259za\u00e7\u0259km\u0259 m\u00fc\u0259ssis\u0259sin\u0259. Sad\u0259c\u0259, ad olsun ki, b\u0259li, m\u0259hbus m\u00fcalic\u0259 m\u00fc\u0259ssis\u0259sin\u0259 getm\u0259k ist\u0259di, biz d\u0259 k\u00f6\u00e7\u00fcrtd\u00fck. Ger\u00e7\u0259kd\u0259 is\u0259 n\u0259 m\u00fcalic\u0259 var, n\u0259 m\u00fcayin\u0259&#8230; Epilepsiya d\u0259rmanlar\u0131n\u0131 da \u00f6z\u00fcm\u00fcz al\u0131b veririk ora&#8230;\u201d.<\/p>\n\n\n\n<p>G\u0259nc\u0259 sakini Samit Qurbanov G\u0259nc\u0259nin icra ba\u015f\u00e7\u0131s\u0131na qar\u015f\u0131 terrorda t\u0259qsirl\u0259ndiril\u0259r\u0259k 18 illik h\u0259bs\u0259 m\u0259hkum edilmi\u015f qarda\u015f\u0131 Ceyhun Qurbanovdan dan\u0131\u015f\u0131r. Deyir, m\u00fcxt\u0259lif x\u0259st\u0259likl\u0259rd\u0259n \u0259ziyy\u0259t \u00e7\u0259k\u0259n qarda\u015f\u0131 h\u0259bsd\u0259 oldu\u011fu 4 il \u0259rzind\u0259 d\u0259f\u0259l\u0259rl\u0259 m\u00fcalic\u0259 m\u00fc\u0259ssis\u0259sin\u0259 k\u00f6\u00e7\u00fcr\u00fcl\u00fcb, ancaq he\u00e7 vaxt m\u00fcalic\u0259 olunmay\u0131b:<\/p>\n\n\n\n<p>\u201cQarda\u015f\u0131m\u0131n ba\u015f\u0131nda g\u00fccl\u00fc a\u011fr\u0131lar olur, u\u015faql\u0131qda lift q\u0259zas\u0131 ke\u00e7irib, k\u0259ll\u0259 s\u00fcm\u00fcy\u00fcn\u00fcn bir hiss\u0259si \u0259m\u0259liyyatla \u00e7\u0131xar\u0131l\u0131b, o vaxtdan daimi ba\u015fa\u011fr\u0131lar\u0131 olur, m\u00fcalic\u0259l\u0259r g\u00f6t\u00fcrm\u0259kl\u0259 y\u00fcng\u00fcll\u0259\u015fir. Ancaq m\u00fcalic\u0259 m\u00fc\u0259ssis\u0259si onu MRT aparat\u0131na sala bilmirdi, s\u0259b\u0259b kimi qarda\u015f\u0131m\u0131n \u00e7\u0259kisinin 100 kilodan \u00e7ox olmas\u0131n\u0131 g\u00f6st\u0259rirdil\u0259r. N\u0259hay\u0259t, aylarla yalvar-yaxar\u0131m\u0131zdan sonra n\u0259hay\u0259t, bu ilin iyulunda onun \u00f6z\u0259l x\u0259st\u0259xanalardan birin\u0259 apar\u0131l\u0131b ba\u015f\u0131n\u0131n m\u00fcaliy\u0259 edilm\u0259sin\u0259 nail ola bildik. \u0130ndi is\u0259 belind\u0259 v\u0259 ayaqlar\u0131nda \u015fidd\u0259tli a\u011fr\u0131lar var. H\u0259m a\u011f\u0131r \u00e7\u0259ki, h\u0259m a\u011fr\u0131lar yerim\u0259sin\u0259 imkan vermir. 4 il K\u00fcrd\u0259xan\u0131 h\u0259bsxanas\u0131nda \u0259ziyy\u0259t \u00e7\u0259kib, 4 ayd\u0131r ki, 11 sayl\u0131 C\u0259za\u00e7\u0259km\u0259 M\u00fc\u0259ssis\u0259sin\u0259 k\u00f6\u00e7\u00fcr\u00fcl\u00fcb. N\u0259hay\u0259t, iki h\u0259ft\u0259d\u0259n \u00e7oxdur ki, n\u00f6vb\u0259ti d\u0259f\u0259 m\u00fcalic\u0259 m\u00fc\u0259ssis\u0259sin\u0259 k\u00f6\u00e7\u00fcr\u00fcl\u00fcb, ancaq yen\u0259 deyirl\u0259r ki, bunu MRT etdirm\u0259k \u00fc\u00e7\u00fcn g\u0259r\u0259k 24 kiloqram \u00e7\u0259ki ats\u0131n. Qarda\u015f\u0131m havas\u0131zl\u0131qdan, hormonal poz\u011funluqdan, x\u0259st\u0259likd\u0259n \u015fi\u015fib, yem\u0259kd\u0259n yox&#8230; Yen\u0259 g\u00f6zl\u0259yirl\u0259r ki, 21 g\u00fcn tamam olsun, qaytars\u0131nlar c\u0259za\u00e7\u0259km\u0259 m\u00fc\u0259ssis\u0259sin\u0259. Bu adam s\u0259rb\u0259st h\u0259r\u0259k\u0259t ed\u0259 bilmir, bel a\u011fr\u0131s\u0131ndan yerl\u0259 s\u00fcr\u00fcn\u00fcr, \u00e7ay\u0131n\u0131, suyunu da dustaq yolda\u015flar\u0131 verir. \u018fm\u0259liyyat olunmasa, ayaqlar\u0131 tamamil\u0259 tutula bil\u0259r\u201d.\u00a0<\/p>\n\n\n\n<p>Samit Qurbanov h\u0259bsxanada v\u0259 \u018fdliyy\u0259 Nazirliyinin M\u00fcalic\u0259 M\u00fc\u0259ssis\u0259sind\u0259 m\u0259hbuslara d\u0259rmanlar\u0131n verilm\u0259m\u0259sind\u0259n d\u0259 dan\u0131\u015f\u0131r:<\/p>\n\n\n\n<p>\u201c4 ildir ki, h\u0259bsd\u0259dir. Q\u0131colmaya g\u00f6r\u0259 h\u0259l\u0259 u\u015faql\u0131qdan \u00f6m\u00fcrl\u00fck t\u0259yin olunmu\u015f v\u0259 g\u00fcnd\u0259lik istifad\u0259 etdiyi d\u0259rmanlar\u0131 \u00f6z\u00fcm\u00fcz al\u0131b veririk. Birc\u0259 d\u0259f\u0259 d\u0259 ona q\u0131colmaya g\u00f6r\u0259 d\u0259rman verilm\u0259yib. Halbuki, azca h\u0259y\u0259can ke\u00e7ir\u0259nd\u0259 g\u00fcn \u0259rzind\u0259 d\u0259f\u0259l\u0259rl\u0259 q\u0131colmas\u0131 tutur\u201d.<\/p>\n\n\n\n<p>Ail\u0259d\u0259n bildirilib ki, m\u0259hbus 3 g\u00fcnd\u00fcr he\u00e7 bir m\u00fcalic\u0259, m\u00fcayin\u0259 olunmadan C\u0259za\u00e7\u0259km\u0259 M\u00fc\u0259ssis\u0259sin\u0259 qaytar\u0131l\u0131b.<br>\u018fdliyy\u0259 Nazirliyinin Tibb Ba\u015f \u0130dar\u0259sinin r\u0259is m\u00fcavini \u0130ftixar Qurbanov Meydan TV-y\u0259 m\u0259s\u0259l\u0259 il\u0259 maraqlanaca\u011f\u0131n\u0131 deyib.<\/p>\n","protected":false},"excerpt":{"rendered":"<p>18 il azadl\u0131qdan m\u0259hrum edil\u0259n Ceyhun Qurbanovun s\u0259hh\u0259tinin a\u011f\u0131rla\u015fd\u0131\u011f\u0131 bildirilir &#8230; <\/p>\n<p class=\"read-more-container\"><a title=\"M\u0259hbusun qarda\u015f\u0131: \u201c\u018fm\u0259liyyat olunmasa, ayaqlar\u0131 tutula bil\u0259r\u201d\" class=\"read-more button\" href=\"https:\/\/www.meydan.tv\/az\/article\/mehbusun-qardasi-emeliyyat-olunmasa-ayaqlari-tutula-biler\/#more-258624\" aria-label=\"Read more about M\u0259hbusun qarda\u015f\u0131: \u201c\u018fm\u0259liyyat olunmasa, ayaqlar\u0131 tutula bil\u0259r\u201d\">Davam\u0131<\/a><\/p>\n","protected":false},"author":8,"featured_media":258625,"comment_status":"closed","ping_status":"closed","sticky":false,"template":"","format":"standard","meta":{"_acf_changed":false,"_sitemap_exclude":false,"_sitemap_priority":"","_sitemap_frequency":"","footnotes":""},"categories":[60,56],"tags":[],"class_list":["post-258624","post","type-post","status-publish","format-standard","has-post-thumbnail","hentry","category-bolge","category-xeberler","infinite-scroll-item","generate-columns","tablet-grid-50","mobile-grid-100","grid-parent","grid-33","no-featured-image-padding"],"acf":[],"yoast_head":"<!-- This site is optimized with the Yoast SEO plugin v27.5 - https:\/\/yoast.com\/product\/yoast-seo-wordpress\/ -->\n<title>M\u0259hbusun qarda\u015f\u0131: \u201c\u018fm\u0259liyyat olunmasa, ayaqlar\u0131 tutula bil\u0259r\u201d - MEYDAN.TV<\/title>\n<meta name=\"robots\" content=\"index, follow, max-snippet:-1, max-image-preview:large, max-video-preview:-1\" \/>\n<link rel=\"canonical\" href=\"https:\/\/www.meydan.tv\/az\/article\/mehbusun-qardasi-emeliyyat-olunmasa-ayaqlari-tutula-biler\/\" \/>\n<meta property=\"og:locale\" content=\"az_AZ\" \/>\n<meta property=\"og:type\" content=\"article\" \/>\n<meta property=\"og:title\" content=\"M\u0259hbusun qarda\u015f\u0131: \u201c\u018fm\u0259liyyat olunmasa, ayaqlar\u0131 tutula bil\u0259r\u201d - MEYDAN.TV\" \/>\n<meta property=\"og:description\" content=\"18 il azadl\u0131qdan m\u0259hrum edil\u0259n Ceyhun Qurbanovun s\u0259hh\u0259tinin a\u011f\u0131rla\u015fd\u0131\u011f\u0131 bildirilir ... Davam\u0131\" \/>\n<meta property=\"og:url\" content=\"https:\/\/www.meydan.tv\/az\/article\/mehbusun-qardasi-emeliyyat-olunmasa-ayaqlari-tutula-biler\/\" \/>\n<meta property=\"og:site_name\" content=\"MEYDAN.TV\" \/>\n<meta property=\"article:published_time\" content=\"2022-10-18T14:10:25+00:00\" \/>\n<meta property=\"article:modified_time\" content=\"2022-10-18T14:10:28+00:00\" \/>\n<meta property=\"og:image\" content=\"https:\/\/www.meydan.tv\/wp-content\/uploads\/untitled-design-4-36.jpg\" \/>\n\t<meta property=\"og:image:width\" content=\"1200\" \/>\n\t<meta property=\"og:image:height\" content=\"800\" \/>\n\t<meta property=\"og:image:type\" content=\"image\/jpeg\" \/>\n<meta name=\"author\" content=\"elli\" \/>\n<meta name=\"twitter:card\" content=\"summary_large_image\" \/>\n<meta name=\"twitter:creator\" content=\"@elli\" \/>\n<script type=\"application\/ld+json\" class=\"yoast-schema-graph\">{\"@context\":\"https:\\\/\\\/schema.org\",\"@graph\":[{\"@type\":\"Article\",\"@id\":\"https:\\\/\\\/www.meydan.tv\\\/az\\\/article\\\/mehbusun-qardasi-emeliyyat-olunmasa-ayaqlari-tutula-biler\\\/#article\",\"isPartOf\":{\"@id\":\"https:\\\/\\\/www.meydan.tv\\\/az\\\/article\\\/mehbusun-qardasi-emeliyyat-olunmasa-ayaqlari-tutula-biler\\\/\"},\"author\":{\"name\":\"elli\",\"@id\":\"https:\\\/\\\/www.meydan.tv\\\/az\\\/#\\\/schema\\\/person\\\/9cdbecf90d17180ce1dfbd95b08dcf47\"},\"headline\":\"M\u0259hbusun qarda\u015f\u0131: \u201c\u018fm\u0259liyyat olunmasa, ayaqlar\u0131 tutula bil\u0259r\u201d\",\"datePublished\":\"2022-10-18T14:10:25+00:00\",\"dateModified\":\"2022-10-18T14:10:28+00:00\",\"mainEntityOfPage\":{\"@id\":\"https:\\\/\\\/www.meydan.tv\\\/az\\\/article\\\/mehbusun-qardasi-emeliyyat-olunmasa-ayaqlari-tutula-biler\\\/\"},\"wordCount\":585,\"publisher\":{\"@id\":\"https:\\\/\\\/www.meydan.tv\\\/az\\\/#organization\"},\"image\":{\"@id\":\"https:\\\/\\\/www.meydan.tv\\\/az\\\/article\\\/mehbusun-qardasi-emeliyyat-olunmasa-ayaqlari-tutula-biler\\\/#primaryimage\"},\"thumbnailUrl\":\"https:\\\/\\\/www.meydan.tv\\\/wp-content\\\/uploads\\\/untitled-design-4-36.jpg\",\"articleSection\":[\"B\u00f6lg\u0259\",\"X\u0259b\u0259rl\u0259r\"],\"inLanguage\":\"az\"},{\"@type\":\"WebPage\",\"@id\":\"https:\\\/\\\/www.meydan.tv\\\/az\\\/article\\\/mehbusun-qardasi-emeliyyat-olunmasa-ayaqlari-tutula-biler\\\/\",\"url\":\"https:\\\/\\\/www.meydan.tv\\\/az\\\/article\\\/mehbusun-qardasi-emeliyyat-olunmasa-ayaqlari-tutula-biler\\\/\",\"name\":\"M\u0259hbusun qarda\u015f\u0131: \u201c\u018fm\u0259liyyat olunmasa, ayaqlar\u0131 tutula bil\u0259r\u201d - MEYDAN.TV\",\"isPartOf\":{\"@id\":\"https:\\\/\\\/www.meydan.tv\\\/az\\\/#website\"},\"primaryImageOfPage\":{\"@id\":\"https:\\\/\\\/www.meydan.tv\\\/az\\\/article\\\/mehbusun-qardasi-emeliyyat-olunmasa-ayaqlari-tutula-biler\\\/#primaryimage\"},\"image\":{\"@id\":\"https:\\\/\\\/www.meydan.tv\\\/az\\\/article\\\/mehbusun-qardasi-emeliyyat-olunmasa-ayaqlari-tutula-biler\\\/#primaryimage\"},\"thumbnailUrl\":\"https:\\\/\\\/www.meydan.tv\\\/wp-content\\\/uploads\\\/untitled-design-4-36.jpg\",\"datePublished\":\"2022-10-18T14:10:25+00:00\",\"dateModified\":\"2022-10-18T14:10:28+00:00\",\"breadcrumb\":{\"@id\":\"https:\\\/\\\/www.meydan.tv\\\/az\\\/article\\\/mehbusun-qardasi-emeliyyat-olunmasa-ayaqlari-tutula-biler\\\/#breadcrumb\"},\"inLanguage\":\"az\",\"potentialAction\":[{\"@type\":\"ReadAction\",\"target\":[\"https:\\\/\\\/www.meydan.tv\\\/az\\\/article\\\/mehbusun-qardasi-emeliyyat-olunmasa-ayaqlari-tutula-biler\\\/\"]}]},{\"@type\":\"ImageObject\",\"inLanguage\":\"az\",\"@id\":\"https:\\\/\\\/www.meydan.tv\\\/az\\\/article\\\/mehbusun-qardasi-emeliyyat-olunmasa-ayaqlari-tutula-biler\\\/#primaryimage\",\"url\":\"https:\\\/\\\/www.meydan.tv\\\/wp-content\\\/uploads\\\/untitled-design-4-36.jpg\",\"contentUrl\":\"https:\\\/\\\/www.meydan.tv\\\/wp-content\\\/uploads\\\/untitled-design-4-36.jpg\",\"width\":1200,\"height\":800,\"caption\":\"Foto: Ceyhun Qurbanovun yax\u0131nlar\u0131n\u0131n arxivind\u0259n\"},{\"@type\":\"BreadcrumbList\",\"@id\":\"https:\\\/\\\/www.meydan.tv\\\/az\\\/article\\\/mehbusun-qardasi-emeliyyat-olunmasa-ayaqlari-tutula-biler\\\/#breadcrumb\",\"itemListElement\":[{\"@type\":\"ListItem\",\"position\":1,\"name\":\"Ana s\u0259hif\u0259\",\"item\":\"https:\\\/\\\/www.meydan.tv\\\/az\\\/\"},{\"@type\":\"ListItem\",\"position\":2,\"name\":\"B\u00f6lg\u0259\",\"item\":\"https:\\\/\\\/www.meydan.tv\\\/az\\\/section\\\/bolge\\\/\"},{\"@type\":\"ListItem\",\"position\":3,\"name\":\"M\u0259hbusun qarda\u015f\u0131: \u201c\u018fm\u0259liyyat olunmasa, ayaqlar\u0131 tutula bil\u0259r\u201d\"}]},{\"@type\":\"WebSite\",\"@id\":\"https:\\\/\\\/www.meydan.tv\\\/az\\\/#website\",\"url\":\"https:\\\/\\\/www.meydan.tv\\\/az\\\/\",\"name\":\"MEYDAN.TV\",\"description\":\"Meydan TV Az\u0259rbaycan\u0131n media m\u0259kan\u0131ndak\u0131 alternativ s\u0259sidir\",\"publisher\":{\"@id\":\"https:\\\/\\\/www.meydan.tv\\\/az\\\/#organization\"},\"potentialAction\":[{\"@type\":\"SearchAction\",\"target\":{\"@type\":\"EntryPoint\",\"urlTemplate\":\"https:\\\/\\\/www.meydan.tv\\\/az\\\/?s={search_term_string}\"},\"query-input\":{\"@type\":\"PropertyValueSpecification\",\"valueRequired\":true,\"valueName\":\"search_term_string\"}}],\"inLanguage\":\"az\"},{\"@type\":\"Organization\",\"@id\":\"https:\\\/\\\/www.meydan.tv\\\/az\\\/#organization\",\"name\":\"Meydan TV\",\"url\":\"https:\\\/\\\/www.meydan.tv\\\/az\\\/\",\"logo\":{\"@type\":\"ImageObject\",\"inLanguage\":\"az\",\"@id\":\"https:\\\/\\\/www.meydan.tv\\\/az\\\/#\\\/schema\\\/logo\\\/image\\\/\",\"url\":\"https:\\\/\\\/www.meydan.tv\\\/wp-content\\\/uploads\\\/2021\\\/07\\\/meydan-logo.svg\",\"contentUrl\":\"https:\\\/\\\/www.meydan.tv\\\/wp-content\\\/uploads\\\/2021\\\/07\\\/meydan-logo.svg\",\"width\":195,\"height\":46,\"caption\":\"Meydan TV\"},\"image\":{\"@id\":\"https:\\\/\\\/www.meydan.tv\\\/az\\\/#\\\/schema\\\/logo\\\/image\\\/\"}},{\"@type\":\"Person\",\"@id\":\"https:\\\/\\\/www.meydan.tv\\\/az\\\/#\\\/schema\\\/person\\\/9cdbecf90d17180ce1dfbd95b08dcf47\",\"name\":\"elli\",\"sameAs\":[\"https:\\\/\\\/x.com\\\/elli\"]}]}<\/script>\n<!-- \/ Yoast SEO plugin. -->","yoast_head_json":{"title":"M\u0259hbusun qarda\u015f\u0131: \u201c\u018fm\u0259liyyat olunmasa, ayaqlar\u0131 tutula bil\u0259r\u201d - MEYDAN.TV","robots":{"index":"index","follow":"follow","max-snippet":"max-snippet:-1","max-image-preview":"max-image-preview:large","max-video-preview":"max-video-preview:-1"},"canonical":"https:\/\/www.meydan.tv\/az\/article\/mehbusun-qardasi-emeliyyat-olunmasa-ayaqlari-tutula-biler\/","og_locale":"az_AZ","og_type":"article","og_title":"M\u0259hbusun qarda\u015f\u0131: \u201c\u018fm\u0259liyyat olunmasa, ayaqlar\u0131 tutula bil\u0259r\u201d - MEYDAN.TV","og_description":"18 il azadl\u0131qdan m\u0259hrum edil\u0259n Ceyhun Qurbanovun s\u0259hh\u0259tinin a\u011f\u0131rla\u015fd\u0131\u011f\u0131 bildirilir ... Davam\u0131","og_url":"https:\/\/www.meydan.tv\/az\/article\/mehbusun-qardasi-emeliyyat-olunmasa-ayaqlari-tutula-biler\/","og_site_name":"MEYDAN.TV","article_published_time":"2022-10-18T14:10:25+00:00","article_modified_time":"2022-10-18T14:10:28+00:00","og_image":[{"width":1200,"height":800,"url":"https:\/\/www.meydan.tv\/wp-content\/uploads\/untitled-design-4-36.jpg","type":"image\/jpeg"}],"author":"elli","twitter_card":"summary_large_image","twitter_creator":"@elli","schema":{"@context":"https:\/\/schema.org","@graph":[{"@type":"Article","@id":"https:\/\/www.meydan.tv\/az\/article\/mehbusun-qardasi-emeliyyat-olunmasa-ayaqlari-tutula-biler\/#article","isPartOf":{"@id":"https:\/\/www.meydan.tv\/az\/article\/mehbusun-qardasi-emeliyyat-olunmasa-ayaqlari-tutula-biler\/"},"author":{"name":"elli","@id":"https:\/\/www.meydan.tv\/az\/#\/schema\/person\/9cdbecf90d17180ce1dfbd95b08dcf47"},"headline":"M\u0259hbusun qarda\u015f\u0131: \u201c\u018fm\u0259liyyat olunmasa, ayaqlar\u0131 tutula bil\u0259r\u201d","datePublished":"2022-10-18T14:10:25+00:00","dateModified":"2022-10-18T14:10:28+00:00","mainEntityOfPage":{"@id":"https:\/\/www.meydan.tv\/az\/article\/mehbusun-qardasi-emeliyyat-olunmasa-ayaqlari-tutula-biler\/"},"wordCount":585,"publisher":{"@id":"https:\/\/www.meydan.tv\/az\/#organization"},"image":{"@id":"https:\/\/www.meydan.tv\/az\/article\/mehbusun-qardasi-emeliyyat-olunmasa-ayaqlari-tutula-biler\/#primaryimage"},"thumbnailUrl":"https:\/\/www.meydan.tv\/wp-content\/uploads\/untitled-design-4-36.jpg","articleSection":["B\u00f6lg\u0259","X\u0259b\u0259rl\u0259r"],"inLanguage":"az"},{"@type":"WebPage","@id":"https:\/\/www.meydan.tv\/az\/article\/mehbusun-qardasi-emeliyyat-olunmasa-ayaqlari-tutula-biler\/","url":"https:\/\/www.meydan.tv\/az\/article\/mehbusun-qardasi-emeliyyat-olunmasa-ayaqlari-tutula-biler\/","name":"M\u0259hbusun qarda\u015f\u0131: \u201c\u018fm\u0259liyyat olunmasa, ayaqlar\u0131 tutula bil\u0259r\u201d - MEYDAN.TV","isPartOf":{"@id":"https:\/\/www.meydan.tv\/az\/#website"},"primaryImageOfPage":{"@id":"https:\/\/www.meydan.tv\/az\/article\/mehbusun-qardasi-emeliyyat-olunmasa-ayaqlari-tutula-biler\/#primaryimage"},"image":{"@id":"https:\/\/www.meydan.tv\/az\/article\/mehbusun-qardasi-emeliyyat-olunmasa-ayaqlari-tutula-biler\/#primaryimage"},"thumbnailUrl":"https:\/\/www.meydan.tv\/wp-content\/uploads\/untitled-design-4-36.jpg","datePublished":"2022-10-18T14:10:25+00:00","dateModified":"2022-10-18T14:10:28+00:00","breadcrumb":{"@id":"https:\/\/www.meydan.tv\/az\/article\/mehbusun-qardasi-emeliyyat-olunmasa-ayaqlari-tutula-biler\/#breadcrumb"},"inLanguage":"az","potentialAction":[{"@type":"ReadAction","target":["https:\/\/www.meydan.tv\/az\/article\/mehbusun-qardasi-emeliyyat-olunmasa-ayaqlari-tutula-biler\/"]}]},{"@type":"ImageObject","inLanguage":"az","@id":"https:\/\/www.meydan.tv\/az\/article\/mehbusun-qardasi-emeliyyat-olunmasa-ayaqlari-tutula-biler\/#primaryimage","url":"https:\/\/www.meydan.tv\/wp-content\/uploads\/untitled-design-4-36.jpg","contentUrl":"https:\/\/www.meydan.tv\/wp-content\/uploads\/untitled-design-4-36.jpg","width":1200,"height":800,"caption":"Foto: Ceyhun Qurbanovun yax\u0131nlar\u0131n\u0131n arxivind\u0259n"},{"@type":"BreadcrumbList","@id":"https:\/\/www.meydan.tv\/az\/article\/mehbusun-qardasi-emeliyyat-olunmasa-ayaqlari-tutula-biler\/#breadcrumb","itemListElement":[{"@type":"ListItem","position":1,"name":"Ana s\u0259hif\u0259","item":"https:\/\/www.meydan.tv\/az\/"},{"@type":"ListItem","position":2,"name":"B\u00f6lg\u0259","item":"https:\/\/www.meydan.tv\/az\/section\/bolge\/"},{"@type":"ListItem","position":3,"name":"M\u0259hbusun qarda\u015f\u0131: \u201c\u018fm\u0259liyyat olunmasa, ayaqlar\u0131 tutula bil\u0259r\u201d"}]},{"@type":"WebSite","@id":"https:\/\/www.meydan.tv\/az\/#website","url":"https:\/\/www.meydan.tv\/az\/","name":"MEYDAN.TV","description":"Meydan TV Az\u0259rbaycan\u0131n media m\u0259kan\u0131ndak\u0131 alternativ s\u0259sidir","publisher":{"@id":"https:\/\/www.meydan.tv\/az\/#organization"},"potentialAction":[{"@type":"SearchAction","target":{"@type":"EntryPoint","urlTemplate":"https:\/\/www.meydan.tv\/az\/?s={search_term_string}"},"query-input":{"@type":"PropertyValueSpecification","valueRequired":true,"valueName":"search_term_string"}}],"inLanguage":"az"},{"@type":"Organization","@id":"https:\/\/www.meydan.tv\/az\/#organization","name":"Meydan TV","url":"https:\/\/www.meydan.tv\/az\/","logo":{"@type":"ImageObject","inLanguage":"az","@id":"https:\/\/www.meydan.tv\/az\/#\/schema\/logo\/image\/","url":"https:\/\/www.meydan.tv\/wp-content\/uploads\/2021\/07\/meydan-logo.svg","contentUrl":"https:\/\/www.meydan.tv\/wp-content\/uploads\/2021\/07\/meydan-logo.svg","width":195,"height":46,"caption":"Meydan TV"},"image":{"@id":"https:\/\/www.meydan.tv\/az\/#\/schema\/logo\/image\/"}},{"@type":"Person","@id":"https:\/\/www.meydan.tv\/az\/#\/schema\/person\/9cdbecf90d17180ce1dfbd95b08dcf47","name":"elli","sameAs":["https:\/\/x.com\/elli"]}]}},"_links":{"self":[{"href":"https:\/\/www.meydan.tv\/az\/wp-json\/wp\/v2\/posts\/258624","targetHints":{"allow":["GET"]}}],"collection":[{"href":"https:\/\/www.meydan.tv\/az\/wp-json\/wp\/v2\/posts"}],"about":[{"href":"https:\/\/www.meydan.tv\/az\/wp-json\/wp\/v2\/types\/post"}],"author":[{"embeddable":true,"href":"https:\/\/www.meydan.tv\/az\/wp-json\/wp\/v2\/users\/8"}],"replies":[{"embeddable":true,"href":"https:\/\/www.meydan.tv\/az\/wp-json\/wp\/v2\/comments?post=258624"}],"version-history":[{"count":1,"href":"https:\/\/www.meydan.tv\/az\/wp-json\/wp\/v2\/posts\/258624\/revisions"}],"predecessor-version":[{"id":258637,"href":"https:\/\/www.meydan.tv\/az\/wp-json\/wp\/v2\/posts\/258624\/revisions\/258637"}],"wp:featuredmedia":[{"embeddable":true,"href":"https:\/\/www.meydan.tv\/az\/wp-json\/wp\/v2\/media\/258625"}],"wp:attachment":[{"href":"https:\/\/www.meydan.tv\/az\/wp-json\/wp\/v2\/media?parent=258624"}],"wp:term":[{"taxonomy":"category","embeddable":true,"href":"https:\/\/www.meydan.tv\/az\/wp-json\/wp\/v2\/categories?post=258624"},{"taxonomy":"post_tag","embeddable":true,"href":"https:\/\/www.meydan.tv\/az\/wp-json\/wp\/v2\/tags?post=258624"}],"curies":[{"name":"wp","href":"https:\/\/api.w.org\/{rel}","templated":true}]}}