{"id":258621,"date":"2022-10-18T16:59:09","date_gmt":"2022-10-18T12:59:09","guid":{"rendered":"https:\/\/www.meydan.tv\/?p=258621"},"modified":"2022-10-18T17:08:41","modified_gmt":"2022-10-18T13:08:41","slug":"ikinci-qarabag-muharibesi-haqqinda-film-gelen-il-cekilecek","status":"publish","type":"post","link":"https:\/\/www.meydan.tv\/az\/article\/ikinci-qarabag-muharibesi-haqqinda-film-gelen-il-cekilecek\/","title":{"rendered":"\u0130kinci Qaraba\u011f m\u00fcharib\u0259si haqq\u0131nda film\u0259 1 milyon 700 min manat ayr\u0131l\u0131b"},"content":{"rendered":"\n<p><\/p>\n\n\n\n<p><em>Az\u0259rbaycanl\u0131lardan ibar\u0259t aktyor hey\u0259tinin se\u00e7imi v\u0259 onlarla s\u0131naq \u00e7\u0259kili\u015fl\u0259ri d\u0259 yekunla\u015f\u0131b<\/em><br><\/p>\n\n\n\n<p>\u0130kinci Qaraba\u011f m\u00fcharib\u0259si haqq\u0131nda \u00e7\u0259kil\u0259n s\u0259kkiz seriyal\u0131 b\u0259dii filmin istehsal prosesin\u0259 ba\u015flan\u0131l\u0131b. Filmi T\u00fcrkiy\u0259nin \u201cBozda\u011f Film\u201d Yap\u0131m Prod\u00fcksiyon Reklam \u0130n\u015faat Turizm Sanayi Ticaret Anonim \u015eirketi \u00e7\u0259kir.<br>M\u0259d\u0259niyy\u0259t Nazirliyinin Audiovizual v\u0259 interaktiv media \u015f\u00f6b\u0259sinin m\u00fcdiri R\u00fcf\u0259t H\u0259s\u0259nov serialla ba\u011fl\u0131 ke\u00e7iril\u0259n brifinqd\u0259 bu haqda m\u0259lumat verib.<\/p>\n\n\n\n<p>Deyib ki, \u015f\u0259rti ad\u0131 \u201cQaraba\u011f V\u0259t\u0259n m\u00fcharib\u0259si\u201d adlanacaq serial\u0131n \u00e7\u0259kili\u015fl\u0259ri Bak\u0131, G\u0259nc\u0259 v\u0259 \u015eu\u015fa \u015f\u0259h\u0259rl\u0259rind\u0259, F\u00fczuli, Quba, \u0130smay\u0131ll\u0131, Da\u015fk\u0259s\u0259n, \u015eamax\u0131, Q\u0259b\u0259l\u0259, X\u0131z\u0131 rayonlar\u0131nda v\u0259 Hadrut q\u0259s\u0259b\u0259sind\u0259 apar\u0131lacaq.<\/p>\n\n\n\n<p>O bildirib ki, serial\u0131n istehsal\u0131 il\u0259 ba\u011fl\u0131 pirotexnika, \u0259lb\u0259s\u0259, rekvizit, s\u0259s v\u0259 dig\u0259r sah\u0259l\u0259r \u00fczr\u0259 texniki, h\u0259m\u00e7inin yarad\u0131c\u0131 hey\u0259t \u00fczvl\u0259ri m\u00fc\u0259yy\u0259n olunub v\u0259 onlar art\u0131q f\u0259aliyy\u0259t\u0259 ba\u015flay\u0131blar.<\/p>\n\n\n\n<p>Az\u0259rbaycanl\u0131lardan ibar\u0259t aktyor hey\u0259tinin se\u00e7imi v\u0259 onlarla s\u0131naq \u00e7\u0259kili\u015fl\u0259ri d\u0259 yekunla\u015f\u0131b.<br>Serial\u0131n \u00e7\u0259kili\u015fl\u0259rin\u0259 2023-c\u00fc ilin mart\u0131na ba\u015flan\u0131lacaq. S\u0259kkis hiss\u0259li serial\u0131n h\u0259r birinin xronometraj\u0131 bir saat olacaq.<\/p>\n\n\n\n<p>\u015e\u00f6b\u0259 m\u00fcdiri serial\u0131n b\u00fcdc\u0259si haqq\u0131nda dan\u0131\u015f\u0131b. Deyib ki, bir b\u00f6l\u00fcm\u00fcn b\u00fcdc\u0259si 212 min dollard\u0131r.<\/p>\n\n\n\n<p>Serial\u0131n \u00e7\u0259kilm\u0259si il\u0259 ba\u011fl\u0131 m\u0259lumat 2022-ci ilin avqustunda D\u00f6vl\u0259t sat\u0131nalmalar\u0131n\u0131n vahid internet portal\u0131nda yerl\u0259\u015fdirilmi\u015fdi.<\/p>\n\n\n\n<p>M\u0259lumatda bildirilirdi ki, sifari\u015f M\u0259d\u0259niyy\u0259t Nazirliyi t\u0259r\u0259find\u0259n verilib v\u0259 d\u00f6vl\u0259t b\u00fcdc\u0259sind\u0259n layih\u0259y\u0259 1 milyon 700 min manat v\u0259sait ayr\u0131l\u0131b.<\/p>\n\n\n\n<p>Nazirlikd\u0259n Meydan TV-y\u0259 bildirilmi\u015fdi ki, serial layih\u0259si bir m\u0259nb\u0259d\u0259n sat\u0131nalma metodunu t\u0259tbiq edilm\u0259kl\u0259 apar\u0131l\u0131b.<\/p>\n\n\n\n<p>\u201c\u00c7oxhiss\u0259li filmin istehsal\u0131 \u0130qtisadiyyat Nazirliyi yan\u0131nda \u0130ntiinhisar v\u0259 \u0130stehlak Bazar\u0131na N\u0259zar\u0259t D\u00f6vl\u0259t Xidm\u0259tinin m\u00fcvafiq raz\u0131l\u0131q m\u0259ktubu \u0259sas\u0131nda, \u201cD\u00f6vl\u0259t sat\u0131nalmalar\u0131 haqq\u0131nda\u201d Qanunun 21.1.2-ci madd\u0259sin\u0259 \u0259sas\u0259n bir m\u0259nb\u0259d\u0259n sat\u0131nalma metodunu t\u0259tbiq etm\u0259kl\u0259 v\u0259 Nazirlikl\u0259 s\u00f6z\u00fcged\u0259n \u015firk\u0259t aras\u0131nda layih\u0259nin icras\u0131 m\u0259qs\u0259dil\u0259 sat\u0131nalma m\u00fcqavil\u0259si ba\u011flan\u0131lmaqla h\u0259yata ke\u00e7irilm\u0259y\u0259 ba\u015flan\u0131b\u201d, \u2013 nazirliyin m\u0259lumat\u0131nda <a href=\"https:\/\/d9mc3ts4czbpr.cloudfront.net\/az\/article\/muharibe-ile-bagli-film-tenderle-deyil-satinalma-ile-xarici-sirkete-verilib\/\" target=\"_blank\" rel=\"noreferrer noopener\">deyilirdi.<\/a><\/p>\n","protected":false},"excerpt":{"rendered":"<p>Az\u0259rbaycanl\u0131lardan ibar\u0259t aktyor hey\u0259tinin se\u00e7imi v\u0259 onlarla s\u0131naq \u00e7\u0259kili\u015fl\u0259ri d\u0259 &#8230; <\/p>\n<p class=\"read-more-container\"><a title=\"\u0130kinci Qaraba\u011f m\u00fcharib\u0259si haqq\u0131nda film\u0259 1 milyon 700 min manat ayr\u0131l\u0131b\" class=\"read-more button\" href=\"https:\/\/www.meydan.tv\/az\/article\/ikinci-qarabag-muharibesi-haqqinda-film-gelen-il-cekilecek\/#more-258621\" aria-label=\"Read more about \u0130kinci Qaraba\u011f m\u00fcharib\u0259si haqq\u0131nda film\u0259 1 milyon 700 min manat ayr\u0131l\u0131b\">Davam\u0131<\/a><\/p>\n","protected":false},"author":8,"featured_media":229591,"comment_status":"closed","ping_status":"closed","sticky":false,"template":"","format":"standard","meta":{"_acf_changed":false,"_sitemap_exclude":false,"_sitemap_priority":"","_sitemap_frequency":"","footnotes":""},"categories":[52,56],"tags":[],"class_list":["post-258621","post","type-post","status-publish","format-standard","has-post-thumbnail","hentry","category-medeniyyet","category-xeberler","infinite-scroll-item","generate-columns","tablet-grid-50","mobile-grid-100","grid-parent","grid-33","no-featured-image-padding"],"acf":[],"yoast_head":"<!-- This site is optimized with the Yoast SEO plugin v27.5 - https:\/\/yoast.com\/product\/yoast-seo-wordpress\/ -->\n<title>\u0130kinci Qaraba\u011f m\u00fcharib\u0259si haqq\u0131nda film\u0259 1 milyon 700 min manat ayr\u0131l\u0131b - MEYDAN.TV<\/title>\n<meta name=\"robots\" content=\"index, follow, max-snippet:-1, max-image-preview:large, max-video-preview:-1\" \/>\n<link rel=\"canonical\" href=\"https:\/\/www.meydan.tv\/az\/article\/ikinci-qarabag-muharibesi-haqqinda-film-gelen-il-cekilecek\/\" \/>\n<meta property=\"og:locale\" content=\"az_AZ\" \/>\n<meta property=\"og:type\" content=\"article\" \/>\n<meta property=\"og:title\" content=\"\u0130kinci Qaraba\u011f m\u00fcharib\u0259si haqq\u0131nda film\u0259 1 milyon 700 min manat ayr\u0131l\u0131b - MEYDAN.TV\" \/>\n<meta property=\"og:description\" content=\"Az\u0259rbaycanl\u0131lardan ibar\u0259t aktyor hey\u0259tinin se\u00e7imi v\u0259 onlarla s\u0131naq \u00e7\u0259kili\u015fl\u0259ri d\u0259 ... Davam\u0131\" \/>\n<meta property=\"og:url\" content=\"https:\/\/www.meydan.tv\/az\/article\/ikinci-qarabag-muharibesi-haqqinda-film-gelen-il-cekilecek\/\" \/>\n<meta property=\"og:site_name\" content=\"MEYDAN.TV\" \/>\n<meta property=\"article:published_time\" content=\"2022-10-18T12:59:09+00:00\" \/>\n<meta property=\"article:modified_time\" content=\"2022-10-18T13:08:41+00:00\" \/>\n<meta property=\"og:image\" content=\"https:\/\/www.meydan.tv\/wp-content\/uploads\/shutterstock_424072060.jpg\" \/>\n\t<meta property=\"og:image:width\" content=\"1200\" \/>\n\t<meta property=\"og:image:height\" content=\"794\" \/>\n\t<meta property=\"og:image:type\" content=\"image\/jpeg\" \/>\n<meta name=\"author\" content=\"elli\" \/>\n<meta name=\"twitter:card\" content=\"summary_large_image\" \/>\n<meta name=\"twitter:creator\" content=\"@elli\" \/>\n<script type=\"application\/ld+json\" class=\"yoast-schema-graph\">{\"@context\":\"https:\\\/\\\/schema.org\",\"@graph\":[{\"@type\":\"Article\",\"@id\":\"https:\\\/\\\/www.meydan.tv\\\/az\\\/article\\\/ikinci-qarabag-muharibesi-haqqinda-film-gelen-il-cekilecek\\\/#article\",\"isPartOf\":{\"@id\":\"https:\\\/\\\/www.meydan.tv\\\/az\\\/article\\\/ikinci-qarabag-muharibesi-haqqinda-film-gelen-il-cekilecek\\\/\"},\"author\":{\"name\":\"elli\",\"@id\":\"https:\\\/\\\/www.meydan.tv\\\/az\\\/#\\\/schema\\\/person\\\/9cdbecf90d17180ce1dfbd95b08dcf47\"},\"headline\":\"\u0130kinci Qaraba\u011f m\u00fcharib\u0259si haqq\u0131nda film\u0259 1 milyon 700 min manat ayr\u0131l\u0131b\",\"datePublished\":\"2022-10-18T12:59:09+00:00\",\"dateModified\":\"2022-10-18T13:08:41+00:00\",\"mainEntityOfPage\":{\"@id\":\"https:\\\/\\\/www.meydan.tv\\\/az\\\/article\\\/ikinci-qarabag-muharibesi-haqqinda-film-gelen-il-cekilecek\\\/\"},\"wordCount\":448,\"publisher\":{\"@id\":\"https:\\\/\\\/www.meydan.tv\\\/az\\\/#organization\"},\"image\":{\"@id\":\"https:\\\/\\\/www.meydan.tv\\\/az\\\/article\\\/ikinci-qarabag-muharibesi-haqqinda-film-gelen-il-cekilecek\\\/#primaryimage\"},\"thumbnailUrl\":\"https:\\\/\\\/www.meydan.tv\\\/wp-content\\\/uploads\\\/shutterstock_424072060.jpg\",\"articleSection\":[\"M\u0259d\u0259niyy\u0259t\",\"X\u0259b\u0259rl\u0259r\"],\"inLanguage\":\"az\"},{\"@type\":\"WebPage\",\"@id\":\"https:\\\/\\\/www.meydan.tv\\\/az\\\/article\\\/ikinci-qarabag-muharibesi-haqqinda-film-gelen-il-cekilecek\\\/\",\"url\":\"https:\\\/\\\/www.meydan.tv\\\/az\\\/article\\\/ikinci-qarabag-muharibesi-haqqinda-film-gelen-il-cekilecek\\\/\",\"name\":\"\u0130kinci Qaraba\u011f m\u00fcharib\u0259si haqq\u0131nda film\u0259 1 milyon 700 min manat ayr\u0131l\u0131b - MEYDAN.TV\",\"isPartOf\":{\"@id\":\"https:\\\/\\\/www.meydan.tv\\\/az\\\/#website\"},\"primaryImageOfPage\":{\"@id\":\"https:\\\/\\\/www.meydan.tv\\\/az\\\/article\\\/ikinci-qarabag-muharibesi-haqqinda-film-gelen-il-cekilecek\\\/#primaryimage\"},\"image\":{\"@id\":\"https:\\\/\\\/www.meydan.tv\\\/az\\\/article\\\/ikinci-qarabag-muharibesi-haqqinda-film-gelen-il-cekilecek\\\/#primaryimage\"},\"thumbnailUrl\":\"https:\\\/\\\/www.meydan.tv\\\/wp-content\\\/uploads\\\/shutterstock_424072060.jpg\",\"datePublished\":\"2022-10-18T12:59:09+00:00\",\"dateModified\":\"2022-10-18T13:08:41+00:00\",\"breadcrumb\":{\"@id\":\"https:\\\/\\\/www.meydan.tv\\\/az\\\/article\\\/ikinci-qarabag-muharibesi-haqqinda-film-gelen-il-cekilecek\\\/#breadcrumb\"},\"inLanguage\":\"az\",\"potentialAction\":[{\"@type\":\"ReadAction\",\"target\":[\"https:\\\/\\\/www.meydan.tv\\\/az\\\/article\\\/ikinci-qarabag-muharibesi-haqqinda-film-gelen-il-cekilecek\\\/\"]}]},{\"@type\":\"ImageObject\",\"inLanguage\":\"az\",\"@id\":\"https:\\\/\\\/www.meydan.tv\\\/az\\\/article\\\/ikinci-qarabag-muharibesi-haqqinda-film-gelen-il-cekilecek\\\/#primaryimage\",\"url\":\"https:\\\/\\\/www.meydan.tv\\\/wp-content\\\/uploads\\\/shutterstock_424072060.jpg\",\"contentUrl\":\"https:\\\/\\\/www.meydan.tv\\\/wp-content\\\/uploads\\\/shutterstock_424072060.jpg\",\"width\":1200,\"height\":794,\"caption\":\"Foto: Igor Dymov\\\/Shutterstock\"},{\"@type\":\"BreadcrumbList\",\"@id\":\"https:\\\/\\\/www.meydan.tv\\\/az\\\/article\\\/ikinci-qarabag-muharibesi-haqqinda-film-gelen-il-cekilecek\\\/#breadcrumb\",\"itemListElement\":[{\"@type\":\"ListItem\",\"position\":1,\"name\":\"Ana s\u0259hif\u0259\",\"item\":\"https:\\\/\\\/www.meydan.tv\\\/az\\\/\"},{\"@type\":\"ListItem\",\"position\":2,\"name\":\"M\u0259d\u0259niyy\u0259t\",\"item\":\"https:\\\/\\\/www.meydan.tv\\\/az\\\/section\\\/medeniyyet\\\/\"},{\"@type\":\"ListItem\",\"position\":3,\"name\":\"\u0130kinci Qaraba\u011f m\u00fcharib\u0259si haqq\u0131nda film\u0259 1 milyon 700 min manat ayr\u0131l\u0131b\"}]},{\"@type\":\"WebSite\",\"@id\":\"https:\\\/\\\/www.meydan.tv\\\/az\\\/#website\",\"url\":\"https:\\\/\\\/www.meydan.tv\\\/az\\\/\",\"name\":\"MEYDAN.TV\",\"description\":\"Meydan TV Az\u0259rbaycan\u0131n media m\u0259kan\u0131ndak\u0131 alternativ s\u0259sidir\",\"publisher\":{\"@id\":\"https:\\\/\\\/www.meydan.tv\\\/az\\\/#organization\"},\"potentialAction\":[{\"@type\":\"SearchAction\",\"target\":{\"@type\":\"EntryPoint\",\"urlTemplate\":\"https:\\\/\\\/www.meydan.tv\\\/az\\\/?s={search_term_string}\"},\"query-input\":{\"@type\":\"PropertyValueSpecification\",\"valueRequired\":true,\"valueName\":\"search_term_string\"}}],\"inLanguage\":\"az\"},{\"@type\":\"Organization\",\"@id\":\"https:\\\/\\\/www.meydan.tv\\\/az\\\/#organization\",\"name\":\"Meydan TV\",\"url\":\"https:\\\/\\\/www.meydan.tv\\\/az\\\/\",\"logo\":{\"@type\":\"ImageObject\",\"inLanguage\":\"az\",\"@id\":\"https:\\\/\\\/www.meydan.tv\\\/az\\\/#\\\/schema\\\/logo\\\/image\\\/\",\"url\":\"https:\\\/\\\/www.meydan.tv\\\/wp-content\\\/uploads\\\/2021\\\/07\\\/meydan-logo.svg\",\"contentUrl\":\"https:\\\/\\\/www.meydan.tv\\\/wp-content\\\/uploads\\\/2021\\\/07\\\/meydan-logo.svg\",\"width\":195,\"height\":46,\"caption\":\"Meydan TV\"},\"image\":{\"@id\":\"https:\\\/\\\/www.meydan.tv\\\/az\\\/#\\\/schema\\\/logo\\\/image\\\/\"}},{\"@type\":\"Person\",\"@id\":\"https:\\\/\\\/www.meydan.tv\\\/az\\\/#\\\/schema\\\/person\\\/9cdbecf90d17180ce1dfbd95b08dcf47\",\"name\":\"elli\",\"sameAs\":[\"https:\\\/\\\/x.com\\\/elli\"]}]}<\/script>\n<!-- \/ Yoast SEO plugin. -->","yoast_head_json":{"title":"\u0130kinci Qaraba\u011f m\u00fcharib\u0259si haqq\u0131nda film\u0259 1 milyon 700 min manat ayr\u0131l\u0131b - MEYDAN.TV","robots":{"index":"index","follow":"follow","max-snippet":"max-snippet:-1","max-image-preview":"max-image-preview:large","max-video-preview":"max-video-preview:-1"},"canonical":"https:\/\/www.meydan.tv\/az\/article\/ikinci-qarabag-muharibesi-haqqinda-film-gelen-il-cekilecek\/","og_locale":"az_AZ","og_type":"article","og_title":"\u0130kinci Qaraba\u011f m\u00fcharib\u0259si haqq\u0131nda film\u0259 1 milyon 700 min manat ayr\u0131l\u0131b - MEYDAN.TV","og_description":"Az\u0259rbaycanl\u0131lardan ibar\u0259t aktyor hey\u0259tinin se\u00e7imi v\u0259 onlarla s\u0131naq \u00e7\u0259kili\u015fl\u0259ri d\u0259 ... Davam\u0131","og_url":"https:\/\/www.meydan.tv\/az\/article\/ikinci-qarabag-muharibesi-haqqinda-film-gelen-il-cekilecek\/","og_site_name":"MEYDAN.TV","article_published_time":"2022-10-18T12:59:09+00:00","article_modified_time":"2022-10-18T13:08:41+00:00","og_image":[{"width":1200,"height":794,"url":"https:\/\/www.meydan.tv\/wp-content\/uploads\/shutterstock_424072060.jpg","type":"image\/jpeg"}],"author":"elli","twitter_card":"summary_large_image","twitter_creator":"@elli","schema":{"@context":"https:\/\/schema.org","@graph":[{"@type":"Article","@id":"https:\/\/www.meydan.tv\/az\/article\/ikinci-qarabag-muharibesi-haqqinda-film-gelen-il-cekilecek\/#article","isPartOf":{"@id":"https:\/\/www.meydan.tv\/az\/article\/ikinci-qarabag-muharibesi-haqqinda-film-gelen-il-cekilecek\/"},"author":{"name":"elli","@id":"https:\/\/www.meydan.tv\/az\/#\/schema\/person\/9cdbecf90d17180ce1dfbd95b08dcf47"},"headline":"\u0130kinci Qaraba\u011f m\u00fcharib\u0259si haqq\u0131nda film\u0259 1 milyon 700 min manat ayr\u0131l\u0131b","datePublished":"2022-10-18T12:59:09+00:00","dateModified":"2022-10-18T13:08:41+00:00","mainEntityOfPage":{"@id":"https:\/\/www.meydan.tv\/az\/article\/ikinci-qarabag-muharibesi-haqqinda-film-gelen-il-cekilecek\/"},"wordCount":448,"publisher":{"@id":"https:\/\/www.meydan.tv\/az\/#organization"},"image":{"@id":"https:\/\/www.meydan.tv\/az\/article\/ikinci-qarabag-muharibesi-haqqinda-film-gelen-il-cekilecek\/#primaryimage"},"thumbnailUrl":"https:\/\/www.meydan.tv\/wp-content\/uploads\/shutterstock_424072060.jpg","articleSection":["M\u0259d\u0259niyy\u0259t","X\u0259b\u0259rl\u0259r"],"inLanguage":"az"},{"@type":"WebPage","@id":"https:\/\/www.meydan.tv\/az\/article\/ikinci-qarabag-muharibesi-haqqinda-film-gelen-il-cekilecek\/","url":"https:\/\/www.meydan.tv\/az\/article\/ikinci-qarabag-muharibesi-haqqinda-film-gelen-il-cekilecek\/","name":"\u0130kinci Qaraba\u011f m\u00fcharib\u0259si haqq\u0131nda film\u0259 1 milyon 700 min manat ayr\u0131l\u0131b - MEYDAN.TV","isPartOf":{"@id":"https:\/\/www.meydan.tv\/az\/#website"},"primaryImageOfPage":{"@id":"https:\/\/www.meydan.tv\/az\/article\/ikinci-qarabag-muharibesi-haqqinda-film-gelen-il-cekilecek\/#primaryimage"},"image":{"@id":"https:\/\/www.meydan.tv\/az\/article\/ikinci-qarabag-muharibesi-haqqinda-film-gelen-il-cekilecek\/#primaryimage"},"thumbnailUrl":"https:\/\/www.meydan.tv\/wp-content\/uploads\/shutterstock_424072060.jpg","datePublished":"2022-10-18T12:59:09+00:00","dateModified":"2022-10-18T13:08:41+00:00","breadcrumb":{"@id":"https:\/\/www.meydan.tv\/az\/article\/ikinci-qarabag-muharibesi-haqqinda-film-gelen-il-cekilecek\/#breadcrumb"},"inLanguage":"az","potentialAction":[{"@type":"ReadAction","target":["https:\/\/www.meydan.tv\/az\/article\/ikinci-qarabag-muharibesi-haqqinda-film-gelen-il-cekilecek\/"]}]},{"@type":"ImageObject","inLanguage":"az","@id":"https:\/\/www.meydan.tv\/az\/article\/ikinci-qarabag-muharibesi-haqqinda-film-gelen-il-cekilecek\/#primaryimage","url":"https:\/\/www.meydan.tv\/wp-content\/uploads\/shutterstock_424072060.jpg","contentUrl":"https:\/\/www.meydan.tv\/wp-content\/uploads\/shutterstock_424072060.jpg","width":1200,"height":794,"caption":"Foto: Igor Dymov\/Shutterstock"},{"@type":"BreadcrumbList","@id":"https:\/\/www.meydan.tv\/az\/article\/ikinci-qarabag-muharibesi-haqqinda-film-gelen-il-cekilecek\/#breadcrumb","itemListElement":[{"@type":"ListItem","position":1,"name":"Ana s\u0259hif\u0259","item":"https:\/\/www.meydan.tv\/az\/"},{"@type":"ListItem","position":2,"name":"M\u0259d\u0259niyy\u0259t","item":"https:\/\/www.meydan.tv\/az\/section\/medeniyyet\/"},{"@type":"ListItem","position":3,"name":"\u0130kinci Qaraba\u011f m\u00fcharib\u0259si haqq\u0131nda film\u0259 1 milyon 700 min manat ayr\u0131l\u0131b"}]},{"@type":"WebSite","@id":"https:\/\/www.meydan.tv\/az\/#website","url":"https:\/\/www.meydan.tv\/az\/","name":"MEYDAN.TV","description":"Meydan TV Az\u0259rbaycan\u0131n media m\u0259kan\u0131ndak\u0131 alternativ s\u0259sidir","publisher":{"@id":"https:\/\/www.meydan.tv\/az\/#organization"},"potentialAction":[{"@type":"SearchAction","target":{"@type":"EntryPoint","urlTemplate":"https:\/\/www.meydan.tv\/az\/?s={search_term_string}"},"query-input":{"@type":"PropertyValueSpecification","valueRequired":true,"valueName":"search_term_string"}}],"inLanguage":"az"},{"@type":"Organization","@id":"https:\/\/www.meydan.tv\/az\/#organization","name":"Meydan TV","url":"https:\/\/www.meydan.tv\/az\/","logo":{"@type":"ImageObject","inLanguage":"az","@id":"https:\/\/www.meydan.tv\/az\/#\/schema\/logo\/image\/","url":"https:\/\/www.meydan.tv\/wp-content\/uploads\/2021\/07\/meydan-logo.svg","contentUrl":"https:\/\/www.meydan.tv\/wp-content\/uploads\/2021\/07\/meydan-logo.svg","width":195,"height":46,"caption":"Meydan TV"},"image":{"@id":"https:\/\/www.meydan.tv\/az\/#\/schema\/logo\/image\/"}},{"@type":"Person","@id":"https:\/\/www.meydan.tv\/az\/#\/schema\/person\/9cdbecf90d17180ce1dfbd95b08dcf47","name":"elli","sameAs":["https:\/\/x.com\/elli"]}]}},"_links":{"self":[{"href":"https:\/\/www.meydan.tv\/az\/wp-json\/wp\/v2\/posts\/258621","targetHints":{"allow":["GET"]}}],"collection":[{"href":"https:\/\/www.meydan.tv\/az\/wp-json\/wp\/v2\/posts"}],"about":[{"href":"https:\/\/www.meydan.tv\/az\/wp-json\/wp\/v2\/types\/post"}],"author":[{"embeddable":true,"href":"https:\/\/www.meydan.tv\/az\/wp-json\/wp\/v2\/users\/8"}],"replies":[{"embeddable":true,"href":"https:\/\/www.meydan.tv\/az\/wp-json\/wp\/v2\/comments?post=258621"}],"version-history":[{"count":2,"href":"https:\/\/www.meydan.tv\/az\/wp-json\/wp\/v2\/posts\/258621\/revisions"}],"predecessor-version":[{"id":258623,"href":"https:\/\/www.meydan.tv\/az\/wp-json\/wp\/v2\/posts\/258621\/revisions\/258623"}],"wp:featuredmedia":[{"embeddable":true,"href":"https:\/\/www.meydan.tv\/az\/wp-json\/wp\/v2\/media\/229591"}],"wp:attachment":[{"href":"https:\/\/www.meydan.tv\/az\/wp-json\/wp\/v2\/media?parent=258621"}],"wp:term":[{"taxonomy":"category","embeddable":true,"href":"https:\/\/www.meydan.tv\/az\/wp-json\/wp\/v2\/categories?post=258621"},{"taxonomy":"post_tag","embeddable":true,"href":"https:\/\/www.meydan.tv\/az\/wp-json\/wp\/v2\/tags?post=258621"}],"curies":[{"name":"wp","href":"https:\/\/api.w.org\/{rel}","templated":true}]}}