{"id":258595,"date":"2022-10-18T16:02:37","date_gmt":"2022-10-18T12:02:37","guid":{"rendered":"https:\/\/www.meydan.tv\/?p=258595"},"modified":"2022-10-18T16:02:39","modified_gmt":"2022-10-18T12:02:39","slug":"ukraynali-mugenni-oz-dogum-gununde-olkesine-bir-milyonluq-iane-edib","status":"publish","type":"post","link":"https:\/\/www.meydan.tv\/az\/article\/ukraynali-mugenni-oz-dogum-gununde-olkesine-bir-milyonluq-iane-edib\/","title":{"rendered":"Ukraynal\u0131 m\u00fc\u011f\u0259nni \u00f6z do\u011fum g\u00fcn\u00fcnd\u0259 \u00f6lk\u0259sin\u0259 bir milyonluq ian\u0259 edib"},"content":{"rendered":"\n<p><\/p>\n\n\n\n<p><em>\u201cBir milyon qrivna bu evl\u0259rd\u0259 \u0259sas v\u0259 strateji \u0259h\u0259miyy\u0259tli i\u015fl\u0259r \u00fc\u00e7\u00fcn laz\u0131m olan v\u0259saitin yaln\u0131z bir hiss\u0259sidir\u201d<\/em><br><\/p>\n\n\n\n<p>Ukraynan\u0131n \u0259m\u0259kdar artisti Svetlana Loboda do\u011fum g\u00fcn\u00fcnd\u0259 bir milyonluq ian\u0259 edib.<br>M\u00fc\u011f\u0259nni Ukraynadak\u0131 h\u0259rbi \u0259m\u0259liyyatlar zaman\u0131 da\u011f\u0131d\u0131lm\u0131\u015f do\u011fuldu\u011fu \u0130rpin \u015f\u0259h\u0259rini b\u0259rpa etm\u0259k \u00fc\u00e7\u00fcn bir milyon qrivna ba\u011f\u0131\u015flay\u0131b.<\/p>\n\n\n\n<p>\u201cBir milyon q\u0131rm\u0131z\u0131 q\u0131z\u0131lg\u00fcl \u0259v\u0259zin\u0259, evl\u0259rin b\u0259rpas\u0131 \u00fc\u00e7\u00fcn bir milyon qrivna\u201d, &#8211; m\u00fc\u011f\u0259nni \u201cInstagram\u201d s\u0259hif\u0259sind\u0259 <a href=\"https:\/\/www.instagram.com\/p\/Cj11R05IS87\/\" target=\"_blank\" rel=\"noreferrer noopener\">yaz\u0131b<\/a>.<\/p>\n\n\n\n<p>\u201cDo\u011fma Ukraynada s\u00fclh olsun. Bu arzu tezlikl\u0259 ger\u00e7\u0259kl\u0259\u015f\u0259c\u0259k. Bu g\u00fcn m\u0259n ad g\u00fcn\u00fcm\u00fc ail\u0259ml\u0259 qeyd edir\u0259m v\u0259 \u00e7ox ist\u0259yir\u0259m ki, evini itirmi\u015f h\u0259r bir ukraynal\u0131 onu yenid\u0259n taps\u0131n. B\u00fct\u00fcn ail\u0259l\u0259r tez bir zamanda \u00f6z geni\u015f v\u0259 dinc s\u00fcfr\u0259l\u0259rin\u0259 topla\u015fs\u0131nlar. Ona g\u00f6r\u0259 d\u0259 ad g\u00fcn\u00fcmd\u0259 \u0130rpin \u015f\u0259h\u0259rind\u0259 da\u011f\u0131lm\u0131\u015f \u00fc\u00e7 \u00e7oxm\u0259rt\u0259b\u0259li binan\u0131n b\u0259rpas\u0131 \u00fc\u00e7\u00fcn bir milyon qrivna k\u00f6\u00e7\u00fcrm\u0259k ist\u0259yir\u0259m\u201d, &#8211; Loboda bildirib.<\/p>\n\n\n\n<p>\u018flav\u0259 edib ki, d\u00f6y\u00fc\u015f \u0259m\u0259liyyatlar\u0131 zaman\u0131 da\u011f\u0131lan evl\u0259rin h\u0259r birind\u0259 \u015f\u0259xs\u0259n olub:<\/p>\n\n\n\n<p>\u201cRus ordusunun gerid\u0259 qoydu\u011fu d\u0259h\u015f\u0259tl\u0259ri \u00f6z g\u00f6zl\u0259riml\u0259 g\u00f6rd\u00fcm. Bir milyon qrivna bu evl\u0259rd\u0259 \u0259sas v\u0259 strateji \u0259h\u0259miyy\u0259tli i\u015fl\u0259r \u00fc\u00e7\u00fcn laz\u0131m olan v\u0259saitin yaln\u0131z bir hiss\u0259sidir, lakin daha \u00e7ox m\u00fcraci\u0259tl\u0259r var. Damlar\u0131n b\u0259rpas\u0131 v\u0259 fasadlar\u0131n m\u00f6hk\u0259ml\u0259ndirilm\u0259si \u00fczr\u0259 i\u015fl\u0259rin \u00fcmumi b\u00fcdc\u0259si is\u0259 d\u00f6rd milyon qrivnad\u0131r\u201d.<\/p>\n\n\n\n<p>Bir m\u00fcdd\u0259t \u00f6nc\u0259 Svetlana Loboda \u201cDUSHA\u201d beyn\u0259lxalq xeyriyy\u0259 fondunu yarad\u0131b.<\/p>\n\n\n\n<p>Fondun \u0259sas f\u0259aliyy\u0259ti da\u011f\u0131d\u0131lm\u0131\u015f \u0130rpin \u015f\u0259h\u0259rini b\u0259rpa etm\u0259k, u\u015faqlara v\u0259 b\u00f6y\u00fckl\u0259r\u0259 tibbi-psixoloji yard\u0131m g\u00f6st\u0259rm\u0259kdir.<\/p>\n\n\n\n<p>2022-ci ilin mart\u0131nda amerikal\u0131 aktyor Leonardo Di Kaprionun Ukrayna ordusuna 10 milyon dollar ian\u0259 <a href=\"https:\/\/d9mc3ts4czbpr.cloudfront.net\/az\/article\/amerikali-aktyorun-ukraynaya-10-milyon-dollar-iane-etdiyi-bildirilir\/\" target=\"_blank\" rel=\"noreferrer noopener\">edib<\/a>.<br><br>Rusiya Prezidenti Vladimir Putin Ukraynan\u0131n \u015f\u0259rqind\u0259ki separat\u00e7\u0131 qurumlar\u0131 tan\u0131d\u0131\u011f\u0131n\u0131 b\u0259yan etdikd\u0259n 2 g\u00fcn sonra, 2022-ci il fevral\u0131n 24-d\u0259 Ukraynaya qar\u015f\u0131 m\u00fcharib\u0259y\u0259 ba\u015flay\u0131b.<\/p>\n\n\n\n<p>D\u00fcnyan\u0131n \u0259ks\u0259r \u00f6lk\u0259si Rusiyan\u0131n h\u00fccumunu pisl\u0259yib.<br>Bundan sonra Avropa Birliyi \u00f6lk\u0259l\u0259ri, el\u0259c\u0259 d\u0259 AB\u015e Rusiyaya qar\u015f\u0131 sanksiyalar t\u0259tbiq edib.<\/p>\n\n\n\n<p>Rusiyada t\u0259\u015fkil olunacaq yar\u0131\u015flar t\u0259xir\u0259 sal\u0131n\u0131b, bu \u00f6lk\u0259nin ad\u0131 m\u00fch\u00fcm t\u0259dbirl\u0259rd\u0259n v\u0259 t\u0259\u015fkilatlardan \u00e7\u0131xar\u0131l\u0131b.<br>Sanksiyalar m\u0259d\u0259niyy\u0259t sah\u0259sin\u0259 d\u0259 t\u0259sirsiz \u00f6t\u00fc\u015fm\u0259yib.<br>Dig\u0259r \u00f6lk\u0259l\u0259rd\u0259 f\u0259aliyy\u0259t g\u00f6st\u0259r\u0259n rus s\u0259n\u0259t\u00e7il\u0259rin\u0259 qada\u011falar t\u0259tbiq edilib.<\/p>\n","protected":false},"excerpt":{"rendered":"<p>\u201cBir milyon qrivna bu evl\u0259rd\u0259 \u0259sas v\u0259 strateji \u0259h\u0259miyy\u0259tli i\u015fl\u0259r &#8230; <\/p>\n<p class=\"read-more-container\"><a title=\"Ukraynal\u0131 m\u00fc\u011f\u0259nni \u00f6z do\u011fum g\u00fcn\u00fcnd\u0259 \u00f6lk\u0259sin\u0259 bir milyonluq ian\u0259 edib\" class=\"read-more button\" href=\"https:\/\/www.meydan.tv\/az\/article\/ukraynali-mugenni-oz-dogum-gununde-olkesine-bir-milyonluq-iane-edib\/#more-258595\" aria-label=\"Read more about Ukraynal\u0131 m\u00fc\u011f\u0259nni \u00f6z do\u011fum g\u00fcn\u00fcnd\u0259 \u00f6lk\u0259sin\u0259 bir milyonluq ian\u0259 edib\">Davam\u0131<\/a><\/p>\n","protected":false},"author":8,"featured_media":258596,"comment_status":"closed","ping_status":"closed","sticky":false,"template":"","format":"standard","meta":{"_acf_changed":false,"_sitemap_exclude":false,"_sitemap_priority":"","_sitemap_frequency":"","footnotes":""},"categories":[52,56],"tags":[],"class_list":["post-258595","post","type-post","status-publish","format-standard","has-post-thumbnail","hentry","category-medeniyyet","category-xeberler","infinite-scroll-item","generate-columns","tablet-grid-50","mobile-grid-100","grid-parent","grid-33","no-featured-image-padding"],"acf":[],"yoast_head":"<!-- This site is optimized with the Yoast SEO plugin v27.5 - https:\/\/yoast.com\/product\/yoast-seo-wordpress\/ -->\n<title>Ukraynal\u0131 m\u00fc\u011f\u0259nni \u00f6z do\u011fum g\u00fcn\u00fcnd\u0259 \u00f6lk\u0259sin\u0259 bir milyonluq ian\u0259 edib - MEYDAN.TV<\/title>\n<meta name=\"robots\" content=\"index, follow, max-snippet:-1, max-image-preview:large, max-video-preview:-1\" \/>\n<link rel=\"canonical\" href=\"https:\/\/www.meydan.tv\/az\/article\/ukraynali-mugenni-oz-dogum-gununde-olkesine-bir-milyonluq-iane-edib\/\" \/>\n<meta property=\"og:locale\" content=\"az_AZ\" \/>\n<meta property=\"og:type\" content=\"article\" \/>\n<meta property=\"og:title\" content=\"Ukraynal\u0131 m\u00fc\u011f\u0259nni \u00f6z do\u011fum g\u00fcn\u00fcnd\u0259 \u00f6lk\u0259sin\u0259 bir milyonluq ian\u0259 edib - MEYDAN.TV\" \/>\n<meta property=\"og:description\" content=\"\u201cBir milyon qrivna bu evl\u0259rd\u0259 \u0259sas v\u0259 strateji \u0259h\u0259miyy\u0259tli i\u015fl\u0259r ... Davam\u0131\" \/>\n<meta property=\"og:url\" content=\"https:\/\/www.meydan.tv\/az\/article\/ukraynali-mugenni-oz-dogum-gununde-olkesine-bir-milyonluq-iane-edib\/\" \/>\n<meta property=\"og:site_name\" content=\"MEYDAN.TV\" \/>\n<meta property=\"article:published_time\" content=\"2022-10-18T12:02:37+00:00\" \/>\n<meta property=\"article:modified_time\" content=\"2022-10-18T12:02:39+00:00\" \/>\n<meta property=\"og:image\" content=\"https:\/\/www.meydan.tv\/wp-content\/uploads\/svetlana_loboda_na_vk_fest_2018-e1666094552148.jpg\" \/>\n\t<meta property=\"og:image:width\" content=\"1200\" \/>\n\t<meta property=\"og:image:height\" content=\"624\" \/>\n\t<meta property=\"og:image:type\" content=\"image\/jpeg\" \/>\n<meta name=\"author\" content=\"elli\" \/>\n<meta name=\"twitter:card\" content=\"summary_large_image\" \/>\n<meta name=\"twitter:creator\" content=\"@elli\" \/>\n<script type=\"application\/ld+json\" class=\"yoast-schema-graph\">{\"@context\":\"https:\\\/\\\/schema.org\",\"@graph\":[{\"@type\":\"Article\",\"@id\":\"https:\\\/\\\/www.meydan.tv\\\/az\\\/article\\\/ukraynali-mugenni-oz-dogum-gununde-olkesine-bir-milyonluq-iane-edib\\\/#article\",\"isPartOf\":{\"@id\":\"https:\\\/\\\/www.meydan.tv\\\/az\\\/article\\\/ukraynali-mugenni-oz-dogum-gununde-olkesine-bir-milyonluq-iane-edib\\\/\"},\"author\":{\"name\":\"elli\",\"@id\":\"https:\\\/\\\/www.meydan.tv\\\/az\\\/#\\\/schema\\\/person\\\/9cdbecf90d17180ce1dfbd95b08dcf47\"},\"headline\":\"Ukraynal\u0131 m\u00fc\u011f\u0259nni \u00f6z do\u011fum g\u00fcn\u00fcnd\u0259 \u00f6lk\u0259sin\u0259 bir milyonluq ian\u0259 edib\",\"datePublished\":\"2022-10-18T12:02:37+00:00\",\"dateModified\":\"2022-10-18T12:02:39+00:00\",\"mainEntityOfPage\":{\"@id\":\"https:\\\/\\\/www.meydan.tv\\\/az\\\/article\\\/ukraynali-mugenni-oz-dogum-gununde-olkesine-bir-milyonluq-iane-edib\\\/\"},\"wordCount\":490,\"publisher\":{\"@id\":\"https:\\\/\\\/www.meydan.tv\\\/az\\\/#organization\"},\"image\":{\"@id\":\"https:\\\/\\\/www.meydan.tv\\\/az\\\/article\\\/ukraynali-mugenni-oz-dogum-gununde-olkesine-bir-milyonluq-iane-edib\\\/#primaryimage\"},\"thumbnailUrl\":\"https:\\\/\\\/www.meydan.tv\\\/wp-content\\\/uploads\\\/svetlana_loboda_na_vk_fest_2018-e1666094552148.jpg\",\"articleSection\":[\"M\u0259d\u0259niyy\u0259t\",\"X\u0259b\u0259rl\u0259r\"],\"inLanguage\":\"az\"},{\"@type\":\"WebPage\",\"@id\":\"https:\\\/\\\/www.meydan.tv\\\/az\\\/article\\\/ukraynali-mugenni-oz-dogum-gununde-olkesine-bir-milyonluq-iane-edib\\\/\",\"url\":\"https:\\\/\\\/www.meydan.tv\\\/az\\\/article\\\/ukraynali-mugenni-oz-dogum-gununde-olkesine-bir-milyonluq-iane-edib\\\/\",\"name\":\"Ukraynal\u0131 m\u00fc\u011f\u0259nni \u00f6z do\u011fum g\u00fcn\u00fcnd\u0259 \u00f6lk\u0259sin\u0259 bir milyonluq ian\u0259 edib - MEYDAN.TV\",\"isPartOf\":{\"@id\":\"https:\\\/\\\/www.meydan.tv\\\/az\\\/#website\"},\"primaryImageOfPage\":{\"@id\":\"https:\\\/\\\/www.meydan.tv\\\/az\\\/article\\\/ukraynali-mugenni-oz-dogum-gununde-olkesine-bir-milyonluq-iane-edib\\\/#primaryimage\"},\"image\":{\"@id\":\"https:\\\/\\\/www.meydan.tv\\\/az\\\/article\\\/ukraynali-mugenni-oz-dogum-gununde-olkesine-bir-milyonluq-iane-edib\\\/#primaryimage\"},\"thumbnailUrl\":\"https:\\\/\\\/www.meydan.tv\\\/wp-content\\\/uploads\\\/svetlana_loboda_na_vk_fest_2018-e1666094552148.jpg\",\"datePublished\":\"2022-10-18T12:02:37+00:00\",\"dateModified\":\"2022-10-18T12:02:39+00:00\",\"breadcrumb\":{\"@id\":\"https:\\\/\\\/www.meydan.tv\\\/az\\\/article\\\/ukraynali-mugenni-oz-dogum-gununde-olkesine-bir-milyonluq-iane-edib\\\/#breadcrumb\"},\"inLanguage\":\"az\",\"potentialAction\":[{\"@type\":\"ReadAction\",\"target\":[\"https:\\\/\\\/www.meydan.tv\\\/az\\\/article\\\/ukraynali-mugenni-oz-dogum-gununde-olkesine-bir-milyonluq-iane-edib\\\/\"]}]},{\"@type\":\"ImageObject\",\"inLanguage\":\"az\",\"@id\":\"https:\\\/\\\/www.meydan.tv\\\/az\\\/article\\\/ukraynali-mugenni-oz-dogum-gununde-olkesine-bir-milyonluq-iane-edib\\\/#primaryimage\",\"url\":\"https:\\\/\\\/www.meydan.tv\\\/wp-content\\\/uploads\\\/svetlana_loboda_na_vk_fest_2018-e1666094552148.jpg\",\"contentUrl\":\"https:\\\/\\\/www.meydan.tv\\\/wp-content\\\/uploads\\\/svetlana_loboda_na_vk_fest_2018-e1666094552148.jpg\",\"width\":1200,\"height\":624,\"caption\":\"Svetlana Loboda. M\u0259nb\u0259: Wikipedia\"},{\"@type\":\"BreadcrumbList\",\"@id\":\"https:\\\/\\\/www.meydan.tv\\\/az\\\/article\\\/ukraynali-mugenni-oz-dogum-gununde-olkesine-bir-milyonluq-iane-edib\\\/#breadcrumb\",\"itemListElement\":[{\"@type\":\"ListItem\",\"position\":1,\"name\":\"Ana s\u0259hif\u0259\",\"item\":\"https:\\\/\\\/www.meydan.tv\\\/az\\\/\"},{\"@type\":\"ListItem\",\"position\":2,\"name\":\"M\u0259d\u0259niyy\u0259t\",\"item\":\"https:\\\/\\\/www.meydan.tv\\\/az\\\/section\\\/medeniyyet\\\/\"},{\"@type\":\"ListItem\",\"position\":3,\"name\":\"Ukraynal\u0131 m\u00fc\u011f\u0259nni \u00f6z do\u011fum g\u00fcn\u00fcnd\u0259 \u00f6lk\u0259sin\u0259 bir milyonluq ian\u0259 edib\"}]},{\"@type\":\"WebSite\",\"@id\":\"https:\\\/\\\/www.meydan.tv\\\/az\\\/#website\",\"url\":\"https:\\\/\\\/www.meydan.tv\\\/az\\\/\",\"name\":\"MEYDAN.TV\",\"description\":\"Meydan TV Az\u0259rbaycan\u0131n media m\u0259kan\u0131ndak\u0131 alternativ s\u0259sidir\",\"publisher\":{\"@id\":\"https:\\\/\\\/www.meydan.tv\\\/az\\\/#organization\"},\"potentialAction\":[{\"@type\":\"SearchAction\",\"target\":{\"@type\":\"EntryPoint\",\"urlTemplate\":\"https:\\\/\\\/www.meydan.tv\\\/az\\\/?s={search_term_string}\"},\"query-input\":{\"@type\":\"PropertyValueSpecification\",\"valueRequired\":true,\"valueName\":\"search_term_string\"}}],\"inLanguage\":\"az\"},{\"@type\":\"Organization\",\"@id\":\"https:\\\/\\\/www.meydan.tv\\\/az\\\/#organization\",\"name\":\"Meydan TV\",\"url\":\"https:\\\/\\\/www.meydan.tv\\\/az\\\/\",\"logo\":{\"@type\":\"ImageObject\",\"inLanguage\":\"az\",\"@id\":\"https:\\\/\\\/www.meydan.tv\\\/az\\\/#\\\/schema\\\/logo\\\/image\\\/\",\"url\":\"https:\\\/\\\/www.meydan.tv\\\/wp-content\\\/uploads\\\/2021\\\/07\\\/meydan-logo.svg\",\"contentUrl\":\"https:\\\/\\\/www.meydan.tv\\\/wp-content\\\/uploads\\\/2021\\\/07\\\/meydan-logo.svg\",\"width\":195,\"height\":46,\"caption\":\"Meydan TV\"},\"image\":{\"@id\":\"https:\\\/\\\/www.meydan.tv\\\/az\\\/#\\\/schema\\\/logo\\\/image\\\/\"}},{\"@type\":\"Person\",\"@id\":\"https:\\\/\\\/www.meydan.tv\\\/az\\\/#\\\/schema\\\/person\\\/9cdbecf90d17180ce1dfbd95b08dcf47\",\"name\":\"elli\",\"sameAs\":[\"https:\\\/\\\/x.com\\\/elli\"]}]}<\/script>\n<!-- \/ Yoast SEO plugin. -->","yoast_head_json":{"title":"Ukraynal\u0131 m\u00fc\u011f\u0259nni \u00f6z do\u011fum g\u00fcn\u00fcnd\u0259 \u00f6lk\u0259sin\u0259 bir milyonluq ian\u0259 edib - MEYDAN.TV","robots":{"index":"index","follow":"follow","max-snippet":"max-snippet:-1","max-image-preview":"max-image-preview:large","max-video-preview":"max-video-preview:-1"},"canonical":"https:\/\/www.meydan.tv\/az\/article\/ukraynali-mugenni-oz-dogum-gununde-olkesine-bir-milyonluq-iane-edib\/","og_locale":"az_AZ","og_type":"article","og_title":"Ukraynal\u0131 m\u00fc\u011f\u0259nni \u00f6z do\u011fum g\u00fcn\u00fcnd\u0259 \u00f6lk\u0259sin\u0259 bir milyonluq ian\u0259 edib - MEYDAN.TV","og_description":"\u201cBir milyon qrivna bu evl\u0259rd\u0259 \u0259sas v\u0259 strateji \u0259h\u0259miyy\u0259tli i\u015fl\u0259r ... Davam\u0131","og_url":"https:\/\/www.meydan.tv\/az\/article\/ukraynali-mugenni-oz-dogum-gununde-olkesine-bir-milyonluq-iane-edib\/","og_site_name":"MEYDAN.TV","article_published_time":"2022-10-18T12:02:37+00:00","article_modified_time":"2022-10-18T12:02:39+00:00","og_image":[{"width":1200,"height":624,"url":"https:\/\/www.meydan.tv\/wp-content\/uploads\/svetlana_loboda_na_vk_fest_2018-e1666094552148.jpg","type":"image\/jpeg"}],"author":"elli","twitter_card":"summary_large_image","twitter_creator":"@elli","schema":{"@context":"https:\/\/schema.org","@graph":[{"@type":"Article","@id":"https:\/\/www.meydan.tv\/az\/article\/ukraynali-mugenni-oz-dogum-gununde-olkesine-bir-milyonluq-iane-edib\/#article","isPartOf":{"@id":"https:\/\/www.meydan.tv\/az\/article\/ukraynali-mugenni-oz-dogum-gununde-olkesine-bir-milyonluq-iane-edib\/"},"author":{"name":"elli","@id":"https:\/\/www.meydan.tv\/az\/#\/schema\/person\/9cdbecf90d17180ce1dfbd95b08dcf47"},"headline":"Ukraynal\u0131 m\u00fc\u011f\u0259nni \u00f6z do\u011fum g\u00fcn\u00fcnd\u0259 \u00f6lk\u0259sin\u0259 bir milyonluq ian\u0259 edib","datePublished":"2022-10-18T12:02:37+00:00","dateModified":"2022-10-18T12:02:39+00:00","mainEntityOfPage":{"@id":"https:\/\/www.meydan.tv\/az\/article\/ukraynali-mugenni-oz-dogum-gununde-olkesine-bir-milyonluq-iane-edib\/"},"wordCount":490,"publisher":{"@id":"https:\/\/www.meydan.tv\/az\/#organization"},"image":{"@id":"https:\/\/www.meydan.tv\/az\/article\/ukraynali-mugenni-oz-dogum-gununde-olkesine-bir-milyonluq-iane-edib\/#primaryimage"},"thumbnailUrl":"https:\/\/www.meydan.tv\/wp-content\/uploads\/svetlana_loboda_na_vk_fest_2018-e1666094552148.jpg","articleSection":["M\u0259d\u0259niyy\u0259t","X\u0259b\u0259rl\u0259r"],"inLanguage":"az"},{"@type":"WebPage","@id":"https:\/\/www.meydan.tv\/az\/article\/ukraynali-mugenni-oz-dogum-gununde-olkesine-bir-milyonluq-iane-edib\/","url":"https:\/\/www.meydan.tv\/az\/article\/ukraynali-mugenni-oz-dogum-gununde-olkesine-bir-milyonluq-iane-edib\/","name":"Ukraynal\u0131 m\u00fc\u011f\u0259nni \u00f6z do\u011fum g\u00fcn\u00fcnd\u0259 \u00f6lk\u0259sin\u0259 bir milyonluq ian\u0259 edib - MEYDAN.TV","isPartOf":{"@id":"https:\/\/www.meydan.tv\/az\/#website"},"primaryImageOfPage":{"@id":"https:\/\/www.meydan.tv\/az\/article\/ukraynali-mugenni-oz-dogum-gununde-olkesine-bir-milyonluq-iane-edib\/#primaryimage"},"image":{"@id":"https:\/\/www.meydan.tv\/az\/article\/ukraynali-mugenni-oz-dogum-gununde-olkesine-bir-milyonluq-iane-edib\/#primaryimage"},"thumbnailUrl":"https:\/\/www.meydan.tv\/wp-content\/uploads\/svetlana_loboda_na_vk_fest_2018-e1666094552148.jpg","datePublished":"2022-10-18T12:02:37+00:00","dateModified":"2022-10-18T12:02:39+00:00","breadcrumb":{"@id":"https:\/\/www.meydan.tv\/az\/article\/ukraynali-mugenni-oz-dogum-gununde-olkesine-bir-milyonluq-iane-edib\/#breadcrumb"},"inLanguage":"az","potentialAction":[{"@type":"ReadAction","target":["https:\/\/www.meydan.tv\/az\/article\/ukraynali-mugenni-oz-dogum-gununde-olkesine-bir-milyonluq-iane-edib\/"]}]},{"@type":"ImageObject","inLanguage":"az","@id":"https:\/\/www.meydan.tv\/az\/article\/ukraynali-mugenni-oz-dogum-gununde-olkesine-bir-milyonluq-iane-edib\/#primaryimage","url":"https:\/\/www.meydan.tv\/wp-content\/uploads\/svetlana_loboda_na_vk_fest_2018-e1666094552148.jpg","contentUrl":"https:\/\/www.meydan.tv\/wp-content\/uploads\/svetlana_loboda_na_vk_fest_2018-e1666094552148.jpg","width":1200,"height":624,"caption":"Svetlana Loboda. M\u0259nb\u0259: Wikipedia"},{"@type":"BreadcrumbList","@id":"https:\/\/www.meydan.tv\/az\/article\/ukraynali-mugenni-oz-dogum-gununde-olkesine-bir-milyonluq-iane-edib\/#breadcrumb","itemListElement":[{"@type":"ListItem","position":1,"name":"Ana s\u0259hif\u0259","item":"https:\/\/www.meydan.tv\/az\/"},{"@type":"ListItem","position":2,"name":"M\u0259d\u0259niyy\u0259t","item":"https:\/\/www.meydan.tv\/az\/section\/medeniyyet\/"},{"@type":"ListItem","position":3,"name":"Ukraynal\u0131 m\u00fc\u011f\u0259nni \u00f6z do\u011fum g\u00fcn\u00fcnd\u0259 \u00f6lk\u0259sin\u0259 bir milyonluq ian\u0259 edib"}]},{"@type":"WebSite","@id":"https:\/\/www.meydan.tv\/az\/#website","url":"https:\/\/www.meydan.tv\/az\/","name":"MEYDAN.TV","description":"Meydan TV Az\u0259rbaycan\u0131n media m\u0259kan\u0131ndak\u0131 alternativ s\u0259sidir","publisher":{"@id":"https:\/\/www.meydan.tv\/az\/#organization"},"potentialAction":[{"@type":"SearchAction","target":{"@type":"EntryPoint","urlTemplate":"https:\/\/www.meydan.tv\/az\/?s={search_term_string}"},"query-input":{"@type":"PropertyValueSpecification","valueRequired":true,"valueName":"search_term_string"}}],"inLanguage":"az"},{"@type":"Organization","@id":"https:\/\/www.meydan.tv\/az\/#organization","name":"Meydan TV","url":"https:\/\/www.meydan.tv\/az\/","logo":{"@type":"ImageObject","inLanguage":"az","@id":"https:\/\/www.meydan.tv\/az\/#\/schema\/logo\/image\/","url":"https:\/\/www.meydan.tv\/wp-content\/uploads\/2021\/07\/meydan-logo.svg","contentUrl":"https:\/\/www.meydan.tv\/wp-content\/uploads\/2021\/07\/meydan-logo.svg","width":195,"height":46,"caption":"Meydan TV"},"image":{"@id":"https:\/\/www.meydan.tv\/az\/#\/schema\/logo\/image\/"}},{"@type":"Person","@id":"https:\/\/www.meydan.tv\/az\/#\/schema\/person\/9cdbecf90d17180ce1dfbd95b08dcf47","name":"elli","sameAs":["https:\/\/x.com\/elli"]}]}},"_links":{"self":[{"href":"https:\/\/www.meydan.tv\/az\/wp-json\/wp\/v2\/posts\/258595","targetHints":{"allow":["GET"]}}],"collection":[{"href":"https:\/\/www.meydan.tv\/az\/wp-json\/wp\/v2\/posts"}],"about":[{"href":"https:\/\/www.meydan.tv\/az\/wp-json\/wp\/v2\/types\/post"}],"author":[{"embeddable":true,"href":"https:\/\/www.meydan.tv\/az\/wp-json\/wp\/v2\/users\/8"}],"replies":[{"embeddable":true,"href":"https:\/\/www.meydan.tv\/az\/wp-json\/wp\/v2\/comments?post=258595"}],"version-history":[{"count":1,"href":"https:\/\/www.meydan.tv\/az\/wp-json\/wp\/v2\/posts\/258595\/revisions"}],"predecessor-version":[{"id":258599,"href":"https:\/\/www.meydan.tv\/az\/wp-json\/wp\/v2\/posts\/258595\/revisions\/258599"}],"wp:featuredmedia":[{"embeddable":true,"href":"https:\/\/www.meydan.tv\/az\/wp-json\/wp\/v2\/media\/258596"}],"wp:attachment":[{"href":"https:\/\/www.meydan.tv\/az\/wp-json\/wp\/v2\/media?parent=258595"}],"wp:term":[{"taxonomy":"category","embeddable":true,"href":"https:\/\/www.meydan.tv\/az\/wp-json\/wp\/v2\/categories?post=258595"},{"taxonomy":"post_tag","embeddable":true,"href":"https:\/\/www.meydan.tv\/az\/wp-json\/wp\/v2\/tags?post=258595"}],"curies":[{"name":"wp","href":"https:\/\/api.w.org\/{rel}","templated":true}]}}