{"id":258576,"date":"2022-10-18T14:43:01","date_gmt":"2022-10-18T10:43:01","guid":{"rendered":"https:\/\/www.meydan.tv\/?p=258576"},"modified":"2022-10-18T14:43:08","modified_gmt":"2022-10-18T10:43:08","slug":"sehid-ailesi-ne-menzil-verilir-ne-is","status":"publish","type":"post","link":"https:\/\/www.meydan.tv\/az\/article\/sehid-ailesi-ne-menzil-verilir-ne-is\/","title":{"rendered":"\u015e\u0259hid ail\u0259si: \u201cN\u0259 m\u0259nzil verilir, n\u0259 i\u015f\u201d"},"content":{"rendered":"\n<p><\/p>\n\n\n\n<p><em>\u201c\u0130ll\u0259rdir ki, rayonda aidiyy\u0259ti qurumlar \u015fikay\u0259tl\u0259rimizi, m\u00fcraci\u0259tl\u0259rimizi g\u00f6zard\u0131 edir\u201d<\/em><\/p>\n\n\n\n<p>Lerikin Orand k\u0259nd sakini Cabir Nodiyev yerli icra hakimiyy\u0259tind\u0259n \u015fikay\u0259t\u00e7idir.<br>O, Meydan TV-y\u0259 deyib ki, qarda\u015f\u0131 Alxas Nodiyev 1992-ci ild\u0259 Birinci Qaraba\u011f m\u00fcharib\u0259si zaman\u0131 K\u0259lb\u0259c\u0259rin \u00c7\u0131ld\u0131ran k\u0259ndi u\u011frunda ged\u0259n d\u00f6y\u00fc\u015fl\u0259rd\u0259 itkin d\u00fc\u015f\u00fcb. Ona 2011-ci ild\u0259 \u015f\u0259hid statusu verilib.<\/p>\n\n\n\n<p>M\u0259rhumun anas\u0131 Qiym\u0259t Nodiyeva 2014-c\u00fc ild\u0259 Lerik Rayon \u0130cra Hakimiyy\u0259tind\u0259 m\u0259nzil n\u00f6vb\u0259sin\u0259 dayansa da, ona ev verilmir.<\/p>\n\n\n\n<p>Cabir Nodiyev deyir ki, \u00f6z\u00fc 2019-cu ild\u0259n d\u0259f\u0259l\u0259rl\u0259 i\u015fl\u0259 \u0259laq\u0259dar quruma m\u00fcraci\u0259t edib, lakin he\u00e7 bir n\u0259tic\u0259si yoxdur:<\/p>\n\n\n\n<p>\u201cMaddi imkan\u0131m\u0131z yoxdur. \u0130ll\u0259rdir ki, rayonda aidiyy\u0259ti qurumlar \u015fikay\u0259tl\u0259rimizi, m\u00fcraci\u0259tl\u0259rimizi g\u00f6zard\u0131 edir. Anam m\u0259nzil n\u00f6vb\u0259sind\u0259 64-c\u00fcd\u00fcr. H\u0259r d\u0259f\u0259 d\u0259 ged\u0259nd\u0259 deyirl\u0259r ki, t\u0259l\u0259sm\u0259yin, siz\u0259 d\u0259 n\u00f6vb\u0259 \u00e7atacaq. \u0130\u015fl\u0259 d\u0259 t\u0259min etmirl\u0259r. Bilmir\u0259m, b\u0259lk\u0259 d\u0259 ba\u015fqalar\u0131n\u0131 i\u015fl\u0259 r\u00fc\u015fv\u0259t qar\u015f\u0131l\u0131\u011f\u0131nda t\u0259min edirl\u0259r\u201d.<\/p>\n\n\n\n<p>Lerik Rayon \u0130cra Hakimiyy\u0259tinin V\u0259t\u0259n m\u00fcharib\u0259si i\u015ftirak\u00e7\u0131lar\u0131 v\u0259 \u015f\u0259hid ail\u0259l\u0259ri il\u0259 i\u015fin t\u0259\u015fkili \u015f\u00f6b\u0259sinin m\u0259sl\u0259h\u0259t\u00e7isi \u0130sk\u0259nd\u0259r Tahirli Meydan TV-y\u0259 deyib ki, Qiym\u0259t v\u0259 Cabir Nodiyevl\u0259rin m\u00fcraci\u0259tl\u0259ri aidiyy\u0259ti \u00fczr\u0259 y\u00f6nl\u0259ndirilib:<\/p>\n\n\n\n<p>\u201cEvi icra hakimiyy\u0259ti deyil, \u018fm\u0259k v\u0259 \u018fhalinin Sosial M\u00fcdafi\u0259si Nazirliyi tikir. \u0130cra hakimiyy\u0259ti m\u0259nzill\u0259 ba\u011fl\u0131 m\u00fcraci\u0259t ed\u0259nl\u0259rin ham\u0131s\u0131n\u0131 n\u00f6vb\u0259y\u0259 g\u00f6t\u00fcr\u00fcr. Daha sonra siyah\u0131 nazirliy\u0259 g\u00f6nd\u0259rilir, onlar da ard\u0131c\u0131ll\u0131qla m\u00fcraci\u0259t ed\u0259nl\u0259ri evl\u0259 t\u0259min edirl\u0259r. Cabir Nodiyev i\u015fl\u0259 t\u0259min olunmas\u0131 il\u0259 \u0259laq\u0259dar biz\u0259 m\u00fcraci\u0259t edib. Biz d\u0259 r\u0259smi \u015f\u0259kild\u0259 M\u0259\u015f\u011fulluq M\u0259rk\u0259zin\u0259 m\u00fcraci\u0259t etmi\u015fik ki, \u015f\u0259hid ail\u0259si oldu\u011funu n\u0259z\u0259r\u0259 al\u0131b i\u015fl\u0259 t\u0259min edilsin. H\u0259l\u0259 vakant yer yoxdur, olan kimi v\u0259t\u0259nda\u015f i\u015fl\u0259 t\u0259min olunacaq. \u00c7\u00fcnki prezidentin tap\u015f\u0131r\u0131\u011f\u0131 var ki, ilk n\u00f6vb\u0259d\u0259 \u015f\u0259hid ail\u0259l\u0259ri, qazil\u0259r i\u015fl\u0259 t\u0259min olunmal\u0131d\u0131r\u201d.<br>\u018fm\u0259k v\u0259 \u018fhalinin Sosial M\u00fcdafi\u0259si Nazirliyind\u0259n m\u0259s\u0259l\u0259y\u0259 m\u00fcnasib\u0259t bildirilm\u0259yib.<br><\/p>\n\n\n\n<p>Qaraba\u011f Qazil\u0259r Birliyinin m\u0259tbuat xidm\u0259tinin r\u0259hb\u0259ri Rey K\u0259rimo\u011flu bir m\u00fcdd\u0259t \u0259vv\u0259l Meydan TV-y\u0259 demi\u015fdi ki, b\u00f6lg\u0259l\u0259rd\u0259 n\u0259inki d\u00f6y\u00fc\u015f\u00e7\u00fcl\u0259r, h\u0259tta \u015f\u0259hid ail\u0259l\u0259ri v\u0259 \u0130kinci Qaraba\u011f m\u00fcharib\u0259si \u0259lill\u0259rinin probleml\u0259rin\u0259 <a href=\"https:\/\/d9mc3ts4czbpr.cloudfront.net\/az\/article\/qazi-icra-hakimiyyetinden-sikayetcidir-dediler-ki-torpaq-senin-haqqin-deyil\/\" target=\"_blank\" rel=\"noreferrer noopener\">bax\u0131lm\u0131r<\/a>:<br><br>\u201cPrezident \u0130lham \u018fliyevin tap\u015f\u0131r\u0131\u011f\u0131 var ki, \u0130kinci Qaraba\u011f m\u00fcharib\u0259sind\u0259 \u015f\u0259hid olanlar\u0131n ail\u0259l\u0259ri, \u0259lill\u0259r v\u0259 veteranlara x\u00fcsusi qay\u011f\u0131, diqq\u0259t g\u00f6st\u0259rilsin. \u018fks\u0259r rayon icra hakimiyy\u0259tl\u0259ri \u015f\u0259hid ail\u0259l\u0259ri, veteran v\u0259 Qaraba\u011f \u0259lill\u0259rinin m\u00fcraci\u0259tl\u0259rin\u0259 m\u0259h\u0259l qoymur. Bax\u0131rsan ki, hans\u0131sa rayonda m\u0259murun, ya da icra ba\u015f\u00e7\u0131s\u0131n\u0131n \u00fc\u00e7 min-be\u015f min hektar torpa\u011f\u0131 var. D\u0259d\u0259sinin deyil, d\u00f6vl\u0259tin torpa\u011f\u0131d\u0131r. Torpaqlar\u0131n ham\u0131s\u0131n\u0131 qanunsuz yollarla m\u0259nims\u0259yibl\u0259r. Deyirs\u0259n ki, qaziy\u0259 on hektar torpaq ver, vermir. \u018fks\u0259r rayonlarda bu problem var. H\u0259rbi qulluq\u00e7u, veteranlara torpaq v\u0259 ya m\u0259nzil verilm\u0259lidir. He\u00e7 birin\u0259 verilm\u0259yib\u201d.<\/p>\n\n\n\n<p>Qaraba\u011f Qazil\u0259r Birliyi m\u00fcharib\u0259 i\u015ftirak\u00e7\u0131lar\u0131n\u0131n sosial v\u0259ziyy\u0259tini yax\u015f\u0131la\u015fd\u0131rmaq m\u0259qs\u0259dil\u0259 proqram <a href=\"https:\/\/d9mc3ts4czbpr.cloudfront.net\/az\/article\/beyleqandan-sikayet-var-qazi-icra-hakimiyyetinden-narazidir\/\" target=\"_blank\" rel=\"noreferrer noopener\">haz\u0131rlay\u0131b<\/a>:<\/p>\n\n\n\n<p>\u201cQaraba\u011f Qazil\u0259ri \u0130ctimai Birliyi olaraq on yeddi t\u0259klif g\u00f6nd\u0259rmi\u015fik. T\u0259klifl\u0259rd\u0259n biri d\u0259 odur ki, k\u0259nd t\u0259s\u0259rr\u00fcffat\u0131 rayonlar\u0131nda \u015f\u0259hid ail\u0259l\u0259ri, veteranlar, qazil\u0259r \u00fc\u00e7\u00fcn torpaq sah\u0259si ayr\u0131ls\u0131n v\u0259 onlara \u015f\u0259raiti yarad\u0131ls\u0131n. \u0130cra hakimiyy\u0259tl\u0259rind\u0259 yarad\u0131lm\u0131\u015f V\u0259t\u0259n m\u00fcharib\u0259si i\u015ftirak\u00e7\u0131lar\u0131 v\u0259 \u015f\u0259hid ail\u0259l\u0259ri il\u0259 i\u015fin t\u0259\u015fkili \u015f\u00f6b\u0259l\u0259rinin b\u0259zil\u0259ri he\u00e7 bir i\u015f g\u00f6rm\u00fcrl\u0259r. Yaxud da qazinin birin\u0259 yard\u0131m edirl\u0259r, \u0259llisi k\u0259narda qal\u0131r\u201d.<\/p>\n","protected":false},"excerpt":{"rendered":"<p>\u201c\u0130ll\u0259rdir ki, rayonda aidiyy\u0259ti qurumlar \u015fikay\u0259tl\u0259rimizi, m\u00fcraci\u0259tl\u0259rimizi g\u00f6zard\u0131 edir\u201d Lerikin &#8230; <\/p>\n<p class=\"read-more-container\"><a title=\"\u015e\u0259hid ail\u0259si: \u201cN\u0259 m\u0259nzil verilir, n\u0259 i\u015f\u201d\" class=\"read-more button\" href=\"https:\/\/www.meydan.tv\/az\/article\/sehid-ailesi-ne-menzil-verilir-ne-is\/#more-258576\" aria-label=\"Read more about \u015e\u0259hid ail\u0259si: \u201cN\u0259 m\u0259nzil verilir, n\u0259 i\u015f\u201d\">Davam\u0131<\/a><\/p>\n","protected":false},"author":8,"featured_media":258577,"comment_status":"closed","ping_status":"closed","sticky":false,"template":"","format":"standard","meta":{"_acf_changed":false,"_sitemap_exclude":false,"_sitemap_priority":"","_sitemap_frequency":"","footnotes":""},"categories":[60,56],"tags":[],"class_list":["post-258576","post","type-post","status-publish","format-standard","has-post-thumbnail","hentry","category-bolge","category-xeberler","infinite-scroll-item","generate-columns","tablet-grid-50","mobile-grid-100","grid-parent","grid-33","no-featured-image-padding"],"acf":[],"yoast_head":"<!-- This site is optimized with the Yoast SEO plugin v27.5 - https:\/\/yoast.com\/product\/yoast-seo-wordpress\/ -->\n<title>\u015e\u0259hid ail\u0259si: \u201cN\u0259 m\u0259nzil verilir, n\u0259 i\u015f\u201d - MEYDAN.TV<\/title>\n<meta name=\"robots\" content=\"index, follow, max-snippet:-1, max-image-preview:large, max-video-preview:-1\" \/>\n<link rel=\"canonical\" href=\"https:\/\/www.meydan.tv\/az\/article\/sehid-ailesi-ne-menzil-verilir-ne-is\/\" \/>\n<meta property=\"og:locale\" content=\"az_AZ\" \/>\n<meta property=\"og:type\" content=\"article\" \/>\n<meta property=\"og:title\" content=\"\u015e\u0259hid ail\u0259si: \u201cN\u0259 m\u0259nzil verilir, n\u0259 i\u015f\u201d - MEYDAN.TV\" \/>\n<meta property=\"og:description\" content=\"\u201c\u0130ll\u0259rdir ki, rayonda aidiyy\u0259ti qurumlar \u015fikay\u0259tl\u0259rimizi, m\u00fcraci\u0259tl\u0259rimizi g\u00f6zard\u0131 edir\u201d Lerikin ... Davam\u0131\" \/>\n<meta property=\"og:url\" content=\"https:\/\/www.meydan.tv\/az\/article\/sehid-ailesi-ne-menzil-verilir-ne-is\/\" \/>\n<meta property=\"og:site_name\" content=\"MEYDAN.TV\" \/>\n<meta property=\"article:published_time\" content=\"2022-10-18T10:43:01+00:00\" \/>\n<meta property=\"article:modified_time\" content=\"2022-10-18T10:43:08+00:00\" \/>\n<meta property=\"og:image\" content=\"https:\/\/www.meydan.tv\/wp-content\/uploads\/62de5b84e333362de5b84e3334165873958862de5b84e333162de5b84e3332.png\" \/>\n\t<meta property=\"og:image:width\" content=\"1200\" \/>\n\t<meta property=\"og:image:height\" content=\"799\" \/>\n\t<meta property=\"og:image:type\" content=\"image\/png\" \/>\n<meta name=\"author\" content=\"elli\" \/>\n<meta name=\"twitter:card\" content=\"summary_large_image\" \/>\n<meta name=\"twitter:creator\" content=\"@elli\" \/>\n<script type=\"application\/ld+json\" class=\"yoast-schema-graph\">{\"@context\":\"https:\\\/\\\/schema.org\",\"@graph\":[{\"@type\":\"Article\",\"@id\":\"https:\\\/\\\/www.meydan.tv\\\/az\\\/article\\\/sehid-ailesi-ne-menzil-verilir-ne-is\\\/#article\",\"isPartOf\":{\"@id\":\"https:\\\/\\\/www.meydan.tv\\\/az\\\/article\\\/sehid-ailesi-ne-menzil-verilir-ne-is\\\/\"},\"author\":{\"name\":\"elli\",\"@id\":\"https:\\\/\\\/www.meydan.tv\\\/az\\\/#\\\/schema\\\/person\\\/9cdbecf90d17180ce1dfbd95b08dcf47\"},\"headline\":\"\u015e\u0259hid ail\u0259si: \u201cN\u0259 m\u0259nzil verilir, n\u0259 i\u015f\u201d\",\"datePublished\":\"2022-10-18T10:43:01+00:00\",\"dateModified\":\"2022-10-18T10:43:08+00:00\",\"mainEntityOfPage\":{\"@id\":\"https:\\\/\\\/www.meydan.tv\\\/az\\\/article\\\/sehid-ailesi-ne-menzil-verilir-ne-is\\\/\"},\"wordCount\":737,\"publisher\":{\"@id\":\"https:\\\/\\\/www.meydan.tv\\\/az\\\/#organization\"},\"image\":{\"@id\":\"https:\\\/\\\/www.meydan.tv\\\/az\\\/article\\\/sehid-ailesi-ne-menzil-verilir-ne-is\\\/#primaryimage\"},\"thumbnailUrl\":\"https:\\\/\\\/www.meydan.tv\\\/wp-content\\\/uploads\\\/62de5b84e333362de5b84e3334165873958862de5b84e333162de5b84e3332.png\",\"articleSection\":[\"B\u00f6lg\u0259\",\"X\u0259b\u0259rl\u0259r\"],\"inLanguage\":\"az\"},{\"@type\":\"WebPage\",\"@id\":\"https:\\\/\\\/www.meydan.tv\\\/az\\\/article\\\/sehid-ailesi-ne-menzil-verilir-ne-is\\\/\",\"url\":\"https:\\\/\\\/www.meydan.tv\\\/az\\\/article\\\/sehid-ailesi-ne-menzil-verilir-ne-is\\\/\",\"name\":\"\u015e\u0259hid ail\u0259si: \u201cN\u0259 m\u0259nzil verilir, n\u0259 i\u015f\u201d - MEYDAN.TV\",\"isPartOf\":{\"@id\":\"https:\\\/\\\/www.meydan.tv\\\/az\\\/#website\"},\"primaryImageOfPage\":{\"@id\":\"https:\\\/\\\/www.meydan.tv\\\/az\\\/article\\\/sehid-ailesi-ne-menzil-verilir-ne-is\\\/#primaryimage\"},\"image\":{\"@id\":\"https:\\\/\\\/www.meydan.tv\\\/az\\\/article\\\/sehid-ailesi-ne-menzil-verilir-ne-is\\\/#primaryimage\"},\"thumbnailUrl\":\"https:\\\/\\\/www.meydan.tv\\\/wp-content\\\/uploads\\\/62de5b84e333362de5b84e3334165873958862de5b84e333162de5b84e3332.png\",\"datePublished\":\"2022-10-18T10:43:01+00:00\",\"dateModified\":\"2022-10-18T10:43:08+00:00\",\"breadcrumb\":{\"@id\":\"https:\\\/\\\/www.meydan.tv\\\/az\\\/article\\\/sehid-ailesi-ne-menzil-verilir-ne-is\\\/#breadcrumb\"},\"inLanguage\":\"az\",\"potentialAction\":[{\"@type\":\"ReadAction\",\"target\":[\"https:\\\/\\\/www.meydan.tv\\\/az\\\/article\\\/sehid-ailesi-ne-menzil-verilir-ne-is\\\/\"]}]},{\"@type\":\"ImageObject\",\"inLanguage\":\"az\",\"@id\":\"https:\\\/\\\/www.meydan.tv\\\/az\\\/article\\\/sehid-ailesi-ne-menzil-verilir-ne-is\\\/#primaryimage\",\"url\":\"https:\\\/\\\/www.meydan.tv\\\/wp-content\\\/uploads\\\/62de5b84e333362de5b84e3334165873958862de5b84e333162de5b84e3332.png\",\"contentUrl\":\"https:\\\/\\\/www.meydan.tv\\\/wp-content\\\/uploads\\\/62de5b84e333362de5b84e3334165873958862de5b84e333162de5b84e3332.png\",\"width\":1200,\"height\":799,\"caption\":\"Lerik Rayon \u0130cra Hakimiyy\u0259ti. Foto: APA\"},{\"@type\":\"BreadcrumbList\",\"@id\":\"https:\\\/\\\/www.meydan.tv\\\/az\\\/article\\\/sehid-ailesi-ne-menzil-verilir-ne-is\\\/#breadcrumb\",\"itemListElement\":[{\"@type\":\"ListItem\",\"position\":1,\"name\":\"Ana s\u0259hif\u0259\",\"item\":\"https:\\\/\\\/www.meydan.tv\\\/az\\\/\"},{\"@type\":\"ListItem\",\"position\":2,\"name\":\"B\u00f6lg\u0259\",\"item\":\"https:\\\/\\\/www.meydan.tv\\\/az\\\/section\\\/bolge\\\/\"},{\"@type\":\"ListItem\",\"position\":3,\"name\":\"\u015e\u0259hid ail\u0259si: \u201cN\u0259 m\u0259nzil verilir, n\u0259 i\u015f\u201d\"}]},{\"@type\":\"WebSite\",\"@id\":\"https:\\\/\\\/www.meydan.tv\\\/az\\\/#website\",\"url\":\"https:\\\/\\\/www.meydan.tv\\\/az\\\/\",\"name\":\"MEYDAN.TV\",\"description\":\"Meydan TV Az\u0259rbaycan\u0131n media m\u0259kan\u0131ndak\u0131 alternativ s\u0259sidir\",\"publisher\":{\"@id\":\"https:\\\/\\\/www.meydan.tv\\\/az\\\/#organization\"},\"potentialAction\":[{\"@type\":\"SearchAction\",\"target\":{\"@type\":\"EntryPoint\",\"urlTemplate\":\"https:\\\/\\\/www.meydan.tv\\\/az\\\/?s={search_term_string}\"},\"query-input\":{\"@type\":\"PropertyValueSpecification\",\"valueRequired\":true,\"valueName\":\"search_term_string\"}}],\"inLanguage\":\"az\"},{\"@type\":\"Organization\",\"@id\":\"https:\\\/\\\/www.meydan.tv\\\/az\\\/#organization\",\"name\":\"Meydan TV\",\"url\":\"https:\\\/\\\/www.meydan.tv\\\/az\\\/\",\"logo\":{\"@type\":\"ImageObject\",\"inLanguage\":\"az\",\"@id\":\"https:\\\/\\\/www.meydan.tv\\\/az\\\/#\\\/schema\\\/logo\\\/image\\\/\",\"url\":\"https:\\\/\\\/www.meydan.tv\\\/wp-content\\\/uploads\\\/2021\\\/07\\\/meydan-logo.svg\",\"contentUrl\":\"https:\\\/\\\/www.meydan.tv\\\/wp-content\\\/uploads\\\/2021\\\/07\\\/meydan-logo.svg\",\"width\":195,\"height\":46,\"caption\":\"Meydan TV\"},\"image\":{\"@id\":\"https:\\\/\\\/www.meydan.tv\\\/az\\\/#\\\/schema\\\/logo\\\/image\\\/\"}},{\"@type\":\"Person\",\"@id\":\"https:\\\/\\\/www.meydan.tv\\\/az\\\/#\\\/schema\\\/person\\\/9cdbecf90d17180ce1dfbd95b08dcf47\",\"name\":\"elli\",\"sameAs\":[\"https:\\\/\\\/x.com\\\/elli\"]}]}<\/script>\n<!-- \/ Yoast SEO plugin. -->","yoast_head_json":{"title":"\u015e\u0259hid ail\u0259si: \u201cN\u0259 m\u0259nzil verilir, n\u0259 i\u015f\u201d - MEYDAN.TV","robots":{"index":"index","follow":"follow","max-snippet":"max-snippet:-1","max-image-preview":"max-image-preview:large","max-video-preview":"max-video-preview:-1"},"canonical":"https:\/\/www.meydan.tv\/az\/article\/sehid-ailesi-ne-menzil-verilir-ne-is\/","og_locale":"az_AZ","og_type":"article","og_title":"\u015e\u0259hid ail\u0259si: \u201cN\u0259 m\u0259nzil verilir, n\u0259 i\u015f\u201d - MEYDAN.TV","og_description":"\u201c\u0130ll\u0259rdir ki, rayonda aidiyy\u0259ti qurumlar \u015fikay\u0259tl\u0259rimizi, m\u00fcraci\u0259tl\u0259rimizi g\u00f6zard\u0131 edir\u201d Lerikin ... Davam\u0131","og_url":"https:\/\/www.meydan.tv\/az\/article\/sehid-ailesi-ne-menzil-verilir-ne-is\/","og_site_name":"MEYDAN.TV","article_published_time":"2022-10-18T10:43:01+00:00","article_modified_time":"2022-10-18T10:43:08+00:00","og_image":[{"width":1200,"height":799,"url":"https:\/\/www.meydan.tv\/wp-content\/uploads\/62de5b84e333362de5b84e3334165873958862de5b84e333162de5b84e3332.png","type":"image\/png"}],"author":"elli","twitter_card":"summary_large_image","twitter_creator":"@elli","schema":{"@context":"https:\/\/schema.org","@graph":[{"@type":"Article","@id":"https:\/\/www.meydan.tv\/az\/article\/sehid-ailesi-ne-menzil-verilir-ne-is\/#article","isPartOf":{"@id":"https:\/\/www.meydan.tv\/az\/article\/sehid-ailesi-ne-menzil-verilir-ne-is\/"},"author":{"name":"elli","@id":"https:\/\/www.meydan.tv\/az\/#\/schema\/person\/9cdbecf90d17180ce1dfbd95b08dcf47"},"headline":"\u015e\u0259hid ail\u0259si: \u201cN\u0259 m\u0259nzil verilir, n\u0259 i\u015f\u201d","datePublished":"2022-10-18T10:43:01+00:00","dateModified":"2022-10-18T10:43:08+00:00","mainEntityOfPage":{"@id":"https:\/\/www.meydan.tv\/az\/article\/sehid-ailesi-ne-menzil-verilir-ne-is\/"},"wordCount":737,"publisher":{"@id":"https:\/\/www.meydan.tv\/az\/#organization"},"image":{"@id":"https:\/\/www.meydan.tv\/az\/article\/sehid-ailesi-ne-menzil-verilir-ne-is\/#primaryimage"},"thumbnailUrl":"https:\/\/www.meydan.tv\/wp-content\/uploads\/62de5b84e333362de5b84e3334165873958862de5b84e333162de5b84e3332.png","articleSection":["B\u00f6lg\u0259","X\u0259b\u0259rl\u0259r"],"inLanguage":"az"},{"@type":"WebPage","@id":"https:\/\/www.meydan.tv\/az\/article\/sehid-ailesi-ne-menzil-verilir-ne-is\/","url":"https:\/\/www.meydan.tv\/az\/article\/sehid-ailesi-ne-menzil-verilir-ne-is\/","name":"\u015e\u0259hid ail\u0259si: \u201cN\u0259 m\u0259nzil verilir, n\u0259 i\u015f\u201d - MEYDAN.TV","isPartOf":{"@id":"https:\/\/www.meydan.tv\/az\/#website"},"primaryImageOfPage":{"@id":"https:\/\/www.meydan.tv\/az\/article\/sehid-ailesi-ne-menzil-verilir-ne-is\/#primaryimage"},"image":{"@id":"https:\/\/www.meydan.tv\/az\/article\/sehid-ailesi-ne-menzil-verilir-ne-is\/#primaryimage"},"thumbnailUrl":"https:\/\/www.meydan.tv\/wp-content\/uploads\/62de5b84e333362de5b84e3334165873958862de5b84e333162de5b84e3332.png","datePublished":"2022-10-18T10:43:01+00:00","dateModified":"2022-10-18T10:43:08+00:00","breadcrumb":{"@id":"https:\/\/www.meydan.tv\/az\/article\/sehid-ailesi-ne-menzil-verilir-ne-is\/#breadcrumb"},"inLanguage":"az","potentialAction":[{"@type":"ReadAction","target":["https:\/\/www.meydan.tv\/az\/article\/sehid-ailesi-ne-menzil-verilir-ne-is\/"]}]},{"@type":"ImageObject","inLanguage":"az","@id":"https:\/\/www.meydan.tv\/az\/article\/sehid-ailesi-ne-menzil-verilir-ne-is\/#primaryimage","url":"https:\/\/www.meydan.tv\/wp-content\/uploads\/62de5b84e333362de5b84e3334165873958862de5b84e333162de5b84e3332.png","contentUrl":"https:\/\/www.meydan.tv\/wp-content\/uploads\/62de5b84e333362de5b84e3334165873958862de5b84e333162de5b84e3332.png","width":1200,"height":799,"caption":"Lerik Rayon \u0130cra Hakimiyy\u0259ti. Foto: APA"},{"@type":"BreadcrumbList","@id":"https:\/\/www.meydan.tv\/az\/article\/sehid-ailesi-ne-menzil-verilir-ne-is\/#breadcrumb","itemListElement":[{"@type":"ListItem","position":1,"name":"Ana s\u0259hif\u0259","item":"https:\/\/www.meydan.tv\/az\/"},{"@type":"ListItem","position":2,"name":"B\u00f6lg\u0259","item":"https:\/\/www.meydan.tv\/az\/section\/bolge\/"},{"@type":"ListItem","position":3,"name":"\u015e\u0259hid ail\u0259si: \u201cN\u0259 m\u0259nzil verilir, n\u0259 i\u015f\u201d"}]},{"@type":"WebSite","@id":"https:\/\/www.meydan.tv\/az\/#website","url":"https:\/\/www.meydan.tv\/az\/","name":"MEYDAN.TV","description":"Meydan TV Az\u0259rbaycan\u0131n media m\u0259kan\u0131ndak\u0131 alternativ s\u0259sidir","publisher":{"@id":"https:\/\/www.meydan.tv\/az\/#organization"},"potentialAction":[{"@type":"SearchAction","target":{"@type":"EntryPoint","urlTemplate":"https:\/\/www.meydan.tv\/az\/?s={search_term_string}"},"query-input":{"@type":"PropertyValueSpecification","valueRequired":true,"valueName":"search_term_string"}}],"inLanguage":"az"},{"@type":"Organization","@id":"https:\/\/www.meydan.tv\/az\/#organization","name":"Meydan TV","url":"https:\/\/www.meydan.tv\/az\/","logo":{"@type":"ImageObject","inLanguage":"az","@id":"https:\/\/www.meydan.tv\/az\/#\/schema\/logo\/image\/","url":"https:\/\/www.meydan.tv\/wp-content\/uploads\/2021\/07\/meydan-logo.svg","contentUrl":"https:\/\/www.meydan.tv\/wp-content\/uploads\/2021\/07\/meydan-logo.svg","width":195,"height":46,"caption":"Meydan TV"},"image":{"@id":"https:\/\/www.meydan.tv\/az\/#\/schema\/logo\/image\/"}},{"@type":"Person","@id":"https:\/\/www.meydan.tv\/az\/#\/schema\/person\/9cdbecf90d17180ce1dfbd95b08dcf47","name":"elli","sameAs":["https:\/\/x.com\/elli"]}]}},"_links":{"self":[{"href":"https:\/\/www.meydan.tv\/az\/wp-json\/wp\/v2\/posts\/258576","targetHints":{"allow":["GET"]}}],"collection":[{"href":"https:\/\/www.meydan.tv\/az\/wp-json\/wp\/v2\/posts"}],"about":[{"href":"https:\/\/www.meydan.tv\/az\/wp-json\/wp\/v2\/types\/post"}],"author":[{"embeddable":true,"href":"https:\/\/www.meydan.tv\/az\/wp-json\/wp\/v2\/users\/8"}],"replies":[{"embeddable":true,"href":"https:\/\/www.meydan.tv\/az\/wp-json\/wp\/v2\/comments?post=258576"}],"version-history":[{"count":1,"href":"https:\/\/www.meydan.tv\/az\/wp-json\/wp\/v2\/posts\/258576\/revisions"}],"predecessor-version":[{"id":258580,"href":"https:\/\/www.meydan.tv\/az\/wp-json\/wp\/v2\/posts\/258576\/revisions\/258580"}],"wp:featuredmedia":[{"embeddable":true,"href":"https:\/\/www.meydan.tv\/az\/wp-json\/wp\/v2\/media\/258577"}],"wp:attachment":[{"href":"https:\/\/www.meydan.tv\/az\/wp-json\/wp\/v2\/media?parent=258576"}],"wp:term":[{"taxonomy":"category","embeddable":true,"href":"https:\/\/www.meydan.tv\/az\/wp-json\/wp\/v2\/categories?post=258576"},{"taxonomy":"post_tag","embeddable":true,"href":"https:\/\/www.meydan.tv\/az\/wp-json\/wp\/v2\/tags?post=258576"}],"curies":[{"name":"wp","href":"https:\/\/api.w.org\/{rel}","templated":true}]}}