{"id":258562,"date":"2022-10-18T13:02:41","date_gmt":"2022-10-18T09:02:41","guid":{"rendered":"https:\/\/www.meydan.tv\/?p=258562"},"modified":"2022-10-18T13:02:47","modified_gmt":"2022-10-18T09:02:47","slug":"ismayilli-sakini-evimin-bir-gun-basima-ucacagindan-qorxuram","status":"publish","type":"post","link":"https:\/\/www.meydan.tv\/az\/article\/ismayilli-sakini-evimin-bir-gun-basima-ucacagindan-qorxuram\/","title":{"rendered":"\u0130smay\u0131ll\u0131 sakini: \u201cEvimin bir g\u00fcn ba\u015f\u0131ma u\u00e7aca\u011f\u0131ndan qorxuram\u201d"},"content":{"rendered":"\n<p><\/p>\n\n\n\n<p><em>\u201cN\u0259 vaxta q\u0259d\u0259r qohum-qon\u015fu evind\u0259 gec\u0259l\u0259y\u0259c\u0259m?\u201d<\/em><\/p>\n\n\n\n<p>\u201cYa\u015fad\u0131\u011f\u0131m ev ne\u00e7\u0259 ill\u0259rdir t\u0259mir edilm\u0259diyind\u0259n q\u0259zal\u0131 v\u0259ziyy\u0259t\u0259 d\u00fc\u015f\u00fcb. H\u0259yat yolda\u015f\u0131m v\u0259fat edib, kims\u0259siz\u0259m. Evim el\u0259 v\u0259ziyy\u0259td\u0259dir ki, bir g\u00fcn ba\u015f\u0131ma u\u00e7aca\u011f\u0131ndan qorxuram\u201d.<\/p>\n\n\n\n<p>Bunu Meydan TV-y\u0259 \u0130smay\u0131ll\u0131 rayon, Mollaisaql\u0131 k\u0259nd sakini, 67 ya\u015fl\u0131 \u0130zaf\u0259t Qorxmaz q\u0131z\u0131 Ba\u011f\u0131yeva bildirib.<\/p>\n\n\n\n<p>Evin tavan\u0131 \u00e7\u00f6k\u00fcb, d\u00f6\u015f\u0259m\u0259nin taxtas\u0131 \u00e7\u00fcr\u00fcy\u00fcb, divarlarda d\u0259rin \u00e7atlar yaran\u0131b. Ya\u011fan ya\u011f\u0131\u015f, qar evin t\u0259kc\u0259 tavandan deyil, divarda a\u00e7\u0131lan d\u0259likl\u0259rd\u0259n i\u00e7\u0259risin\u0259 dolur. \u0130zaf\u0259t Ba\u011f\u0131yeva deyir ki, d\u0259f\u0259l\u0259rl\u0259 evin\u0259 ilanlar, z\u0259h\u0259rli h\u0259\u015f\u0259ratlar girib. B\u0259z\u0259n g\u00fcnl\u0259rl\u0259 qorxusundan qon\u015fularda gec\u0259l\u0259m\u0259y\u0259 m\u0259cbur qal\u0131b: <\/p>\n\n\n\n<figure class=\"wp-block-image size-large\"><img decoding=\"async\" width=\"1200\" height=\"540\" data-src=\"https:\/\/www.meydan.tv\/wp-content\/uploads\/309957944_999058824824257_8865553580155171049_n-1200x540.jpg\" alt=\"\" class=\"wp-image-258550 lazyload\" src=\"data:image\/svg+xml;base64,PHN2ZyB3aWR0aD0iMSIgaGVpZ2h0PSIxIiB4bWxucz0iaHR0cDovL3d3dy53My5vcmcvMjAwMC9zdmciPjwvc3ZnPg==\" style=\"--smush-placeholder-width: 1200px; --smush-placeholder-aspect-ratio: 1200\/540;\" \/><\/figure>\n\n\n\n<p>\u201cT\u0259bii f\u0259lak\u0259tl\u0259rd\u0259n sonra \u00e7atlar yaranm\u0131\u015fd\u0131. Amma imkan\u0131m olmad\u0131\u011f\u0131ndan t\u0259mir etdir\u0259 bilm\u0259dim. Sonradan daha da b\u0259rbad v\u0259ziyy\u0259t\u0259 d\u00fc\u015fd\u00fc. Ya\u011f\u0131\u015f ya\u011fanda h\u0259r yana qablar d\u00fcz\u00fcr\u0259m, el\u0259 vaxt olur ki, su bas\u0131r evim\u0259 gir\u0259 bilmir\u0259m. N\u0259 vaxta q\u0259d\u0259r qohum-qon\u015fu evind\u0259 gec\u0259l\u0259y\u0259c\u0259m? Utan\u0131ram\u201d.<\/p>\n\n\n\n<p>\u015eikay\u0259t\u00e7i s\u00f6yl\u0259yib ki, \u00fc\u00e7 q\u0131z \u00f6vlad\u0131 var, ancaq onlar\u0131n da imkan\u0131 yoxdur.<\/p>\n\n\n\n<figure class=\"wp-block-image size-large\"><img decoding=\"async\" width=\"1200\" height=\"540\" data-src=\"https:\/\/www.meydan.tv\/wp-content\/uploads\/310046009_999058624824277_3569421947398605997_n-1200x540.jpg\" alt=\"\" class=\"wp-image-258556 lazyload\" src=\"data:image\/svg+xml;base64,PHN2ZyB3aWR0aD0iMSIgaGVpZ2h0PSIxIiB4bWxucz0iaHR0cDovL3d3dy53My5vcmcvMjAwMC9zdmciPjwvc3ZnPg==\" style=\"--smush-placeholder-width: 1200px; --smush-placeholder-aspect-ratio: 1200\/540;\" \/><\/figure>\n\n\n\n<p>\u201cOlduqca b\u0259db\u0259xt anayam, bunu qon\u015fular\u0131m da bilir. D\u0259f\u0259l\u0259rl\u0259 \u0130smay\u0131ll\u0131 Rayon \u0130cra Hakimiyy\u0259tin\u0259 m\u00fcraci\u0259t etmi\u015f\u0259m. H\u0259tta icra ba\u015f\u00e7\u0131s\u0131 Nahid Ba\u011f\u0131rovun da q\u0259bulunda olmu\u015fam. M\u0259s\u0259l\u0259 il\u0259 \u0259laq\u0259dar \u00f6t\u0259n il Arxitektura v\u0259 Memarl\u0131q \u015f\u00f6b\u0259sind\u0259n g\u0259l\u0259r\u0259k video \u00e7\u0259kili\u015fl\u0259 ev\u0259 bax\u0131\u015f ke\u00e7irdil\u0259r. Bunun da he\u00e7 bir n\u0259tic\u0259si olmad\u0131. Daha sonra Mehriban \u018fliyevaya da yaz\u0131l\u0131 \u0259riz\u0259 \u00fcnvanlad\u0131m. Mehriban xan\u0131mdan g\u0259l\u0259n m\u00fc\u0259yy\u0259n g\u00f6st\u0259ri\u015f d\u0259 \u0130smay\u0131ll\u0131 Rayon \u0130cra Hakimiyy\u0259tind\u0259 icra olunmad\u0131. Olduqca \u00e7ar\u0259siz durumdayam\u201d,- Ba\u011f\u0131yeva qeyd edib.<\/p>\n\n\n\n<figure class=\"wp-block-image size-large\"><img decoding=\"async\" width=\"1200\" height=\"540\" data-src=\"https:\/\/www.meydan.tv\/wp-content\/uploads\/310267898_999058881490918_4349234950512294376_n-1200x540.jpg\" alt=\"\" class=\"wp-image-258547 lazyload\" src=\"data:image\/svg+xml;base64,PHN2ZyB3aWR0aD0iMSIgaGVpZ2h0PSIxIiB4bWxucz0iaHR0cDovL3d3dy53My5vcmcvMjAwMC9zdmciPjwvc3ZnPg==\" style=\"--smush-placeholder-width: 1200px; --smush-placeholder-aspect-ratio: 1200\/540;\" \/><\/figure>\n\n\n\n<p>\u015e\u0259k\u0259rli diabet, o c\u00fcml\u0259d\u0259n y\u00fcks\u0259k qan t\u0259zyiqind\u0259n \u0259ziyy\u0259t \u00e7\u0259kdiyini dey\u0259n \u015fikay\u0259t\u00e7i t\u0259qa\u00fcd\u00fcn\u00fcn yaln\u0131z g\u00fcnd\u0259lik \u00e7\u00f6r\u0259k puluna v\u0259 d\u0259rmanlar\u0131na b\u0259s etdiyini deyib.<\/p>\n\n\n\n<p>K\u0259nd icra n\u00fcmay\u0259nd\u0259si H\u0259\u015fim H\u0259\u015fimov Meydan TV-y\u0259 bildirib ki, \u0130zaf\u0259t Ba\u011f\u0131yevan\u0131n evin\u0259 bax\u0131\u015f ke\u00e7irilib. <\/p>\n\n\n\n<figure class=\"wp-block-image size-large\"><img decoding=\"async\" width=\"1200\" height=\"540\" data-src=\"https:\/\/www.meydan.tv\/wp-content\/uploads\/310003919_999058694824270_6626311696653076947_n-1200x540.jpg\" alt=\"\" class=\"wp-image-258553 lazyload\" src=\"data:image\/svg+xml;base64,PHN2ZyB3aWR0aD0iMSIgaGVpZ2h0PSIxIiB4bWxucz0iaHR0cDovL3d3dy53My5vcmcvMjAwMC9zdmciPjwvc3ZnPg==\" style=\"--smush-placeholder-width: 1200px; --smush-placeholder-aspect-ratio: 1200\/540;\" \/><\/figure>\n\n\n\n<p>M\u0259lum olub ki, ev fiziki a\u015f\u0131nmaya m\u0259ruz qal\u0131b. Bununla ba\u011fl\u0131 ona r\u0259smi cavab da g\u00f6nd\u0259rilib.<\/p>\n\n\n\n<p>\u201cBizim k\u0259nd s\u00fcr\u00fc\u015fm\u0259 \u0259razisi deyil, z\u0259lz\u0259l\u0259 d\u0259 ba\u015f verm\u0259yib. Ev fiziki a\u015f\u0131nmaya m\u0259ruz qal\u0131b. \u0130cra n\u00fcmay\u0259nd\u0259liyinin is\u0259 t\u0259mir \u00fc\u00e7\u00fcn v\u0259saiti yoxdur\u201d,- H\u0259\u015fim H\u0259\u015fimov deyib. Bildirib ki, Ba\u011f\u0131yevan\u0131n \u00fc\u00e7 q\u0131z \u00f6vlad\u0131 v\u0259 2 o\u011fullu\u011fu var.<\/p>\n\n\n\n<figure class=\"wp-block-image size-large\"><img decoding=\"async\" width=\"1200\" height=\"540\" data-src=\"https:\/\/www.meydan.tv\/wp-content\/uploads\/310082058_999058614824278_7472552100712302899_n-1200x540.jpg\" alt=\"\" class=\"wp-image-258559 lazyload\" src=\"data:image\/svg+xml;base64,PHN2ZyB3aWR0aD0iMSIgaGVpZ2h0PSIxIiB4bWxucz0iaHR0cDovL3d3dy53My5vcmcvMjAwMC9zdmciPjwvc3ZnPg==\" style=\"--smush-placeholder-width: 1200px; --smush-placeholder-aspect-ratio: 1200\/540;\" \/><\/figure>\n\n\n\n<p>\u0130smay\u0131ll\u0131 Rayon \u0130cra Hakimiyy\u0259tind\u0259n is\u0259 suallar\u0131 cavabland\u0131rmaq ist\u0259m\u0259yibl\u0259r. Qurumdan deyibl\u0259r ki, sual\u0131 yaln\u0131z memar cavabland\u0131ra bil\u0259r. Lakin m\u00fcvafiq \u015f\u00f6b\u0259d\u0259n telefonlara cavab verilm\u0259yib.<\/p>\n\n\n\n<figure class=\"wp-block-image size-full\"><img decoding=\"async\" width=\"1049\" height=\"528\" data-src=\"https:\/\/www.meydan.tv\/wp-content\/uploads\/d40d4d72-bde8-4f59-9e70-db1ce781d371.jpg\" alt=\"\" class=\"wp-image-258564 lazyload\" src=\"data:image\/svg+xml;base64,PHN2ZyB3aWR0aD0iMSIgaGVpZ2h0PSIxIiB4bWxucz0iaHR0cDovL3d3dy53My5vcmcvMjAwMC9zdmciPjwvc3ZnPg==\" style=\"--smush-placeholder-width: 1049px; --smush-placeholder-aspect-ratio: 1049\/528;\" \/><figcaption>\u0130zaf\u0259t Ba\u011f\u0131yeva.<\/figcaption><\/figure>\n","protected":false},"excerpt":{"rendered":"<p>\u201cN\u0259 vaxta q\u0259d\u0259r qohum-qon\u015fu evind\u0259 gec\u0259l\u0259y\u0259c\u0259m?\u201d \u201cYa\u015fad\u0131\u011f\u0131m ev ne\u00e7\u0259 ill\u0259rdir &#8230; <\/p>\n<p class=\"read-more-container\"><a title=\"\u0130smay\u0131ll\u0131 sakini: \u201cEvimin bir g\u00fcn ba\u015f\u0131ma u\u00e7aca\u011f\u0131ndan qorxuram\u201d\" class=\"read-more button\" href=\"https:\/\/www.meydan.tv\/az\/article\/ismayilli-sakini-evimin-bir-gun-basima-ucacagindan-qorxuram\/#more-258562\" aria-label=\"Read more about \u0130smay\u0131ll\u0131 sakini: \u201cEvimin bir g\u00fcn ba\u015f\u0131ma u\u00e7aca\u011f\u0131ndan qorxuram\u201d\">Davam\u0131<\/a><\/p>\n","protected":false},"author":8,"featured_media":258544,"comment_status":"closed","ping_status":"closed","sticky":false,"template":"","format":"standard","meta":{"_acf_changed":false,"_sitemap_exclude":false,"_sitemap_priority":"","_sitemap_frequency":"","footnotes":""},"categories":[60,79,56],"tags":[],"class_list":["post-258562","post","type-post","status-publish","format-standard","has-post-thumbnail","hentry","category-bolge","category-featured","category-xeberler","infinite-scroll-item","generate-columns","tablet-grid-50","mobile-grid-100","grid-parent","grid-33","no-featured-image-padding"],"acf":[],"yoast_head":"<!-- This site is optimized with the Yoast SEO plugin v27.5 - https:\/\/yoast.com\/product\/yoast-seo-wordpress\/ -->\n<title>\u0130smay\u0131ll\u0131 sakini: \u201cEvimin bir g\u00fcn ba\u015f\u0131ma u\u00e7aca\u011f\u0131ndan qorxuram\u201d - MEYDAN.TV<\/title>\n<meta name=\"robots\" content=\"index, follow, max-snippet:-1, max-image-preview:large, max-video-preview:-1\" \/>\n<link rel=\"canonical\" href=\"https:\/\/www.meydan.tv\/az\/article\/ismayilli-sakini-evimin-bir-gun-basima-ucacagindan-qorxuram\/\" \/>\n<meta property=\"og:locale\" content=\"az_AZ\" \/>\n<meta property=\"og:type\" content=\"article\" \/>\n<meta property=\"og:title\" content=\"\u0130smay\u0131ll\u0131 sakini: \u201cEvimin bir g\u00fcn ba\u015f\u0131ma u\u00e7aca\u011f\u0131ndan qorxuram\u201d - MEYDAN.TV\" \/>\n<meta property=\"og:description\" content=\"\u201cN\u0259 vaxta q\u0259d\u0259r qohum-qon\u015fu evind\u0259 gec\u0259l\u0259y\u0259c\u0259m?\u201d \u201cYa\u015fad\u0131\u011f\u0131m ev ne\u00e7\u0259 ill\u0259rdir ... Davam\u0131\" \/>\n<meta property=\"og:url\" content=\"https:\/\/www.meydan.tv\/az\/article\/ismayilli-sakini-evimin-bir-gun-basima-ucacagindan-qorxuram\/\" \/>\n<meta property=\"og:site_name\" content=\"MEYDAN.TV\" \/>\n<meta property=\"article:published_time\" content=\"2022-10-18T09:02:41+00:00\" \/>\n<meta property=\"article:modified_time\" content=\"2022-10-18T09:02:47+00:00\" \/>\n<meta property=\"og:image\" content=\"https:\/\/www.meydan.tv\/wp-content\/uploads\/310320672_999058488157624_260255671130280351_n.jpg\" \/>\n\t<meta property=\"og:image:width\" content=\"1200\" \/>\n\t<meta property=\"og:image:height\" content=\"540\" \/>\n\t<meta property=\"og:image:type\" content=\"image\/jpeg\" \/>\n<meta name=\"author\" content=\"elli\" \/>\n<meta name=\"twitter:card\" content=\"summary_large_image\" \/>\n<meta name=\"twitter:creator\" content=\"@elli\" \/>\n<script type=\"application\/ld+json\" class=\"yoast-schema-graph\">{\"@context\":\"https:\\\/\\\/schema.org\",\"@graph\":[{\"@type\":\"Article\",\"@id\":\"https:\\\/\\\/www.meydan.tv\\\/az\\\/article\\\/ismayilli-sakini-evimin-bir-gun-basima-ucacagindan-qorxuram\\\/#article\",\"isPartOf\":{\"@id\":\"https:\\\/\\\/www.meydan.tv\\\/az\\\/article\\\/ismayilli-sakini-evimin-bir-gun-basima-ucacagindan-qorxuram\\\/\"},\"author\":{\"name\":\"elli\",\"@id\":\"https:\\\/\\\/www.meydan.tv\\\/az\\\/#\\\/schema\\\/person\\\/9cdbecf90d17180ce1dfbd95b08dcf47\"},\"headline\":\"\u0130smay\u0131ll\u0131 sakini: \u201cEvimin bir g\u00fcn ba\u015f\u0131ma u\u00e7aca\u011f\u0131ndan qorxuram\u201d\",\"datePublished\":\"2022-10-18T09:02:41+00:00\",\"dateModified\":\"2022-10-18T09:02:47+00:00\",\"mainEntityOfPage\":{\"@id\":\"https:\\\/\\\/www.meydan.tv\\\/az\\\/article\\\/ismayilli-sakini-evimin-bir-gun-basima-ucacagindan-qorxuram\\\/\"},\"wordCount\":548,\"publisher\":{\"@id\":\"https:\\\/\\\/www.meydan.tv\\\/az\\\/#organization\"},\"image\":{\"@id\":\"https:\\\/\\\/www.meydan.tv\\\/az\\\/article\\\/ismayilli-sakini-evimin-bir-gun-basima-ucacagindan-qorxuram\\\/#primaryimage\"},\"thumbnailUrl\":\"https:\\\/\\\/www.meydan.tv\\\/wp-content\\\/uploads\\\/310320672_999058488157624_260255671130280351_n.jpg\",\"articleSection\":[\"B\u00f6lg\u0259\",\"T\u00f6vsiy\u0259\",\"X\u0259b\u0259rl\u0259r\"],\"inLanguage\":\"az\"},{\"@type\":\"WebPage\",\"@id\":\"https:\\\/\\\/www.meydan.tv\\\/az\\\/article\\\/ismayilli-sakini-evimin-bir-gun-basima-ucacagindan-qorxuram\\\/\",\"url\":\"https:\\\/\\\/www.meydan.tv\\\/az\\\/article\\\/ismayilli-sakini-evimin-bir-gun-basima-ucacagindan-qorxuram\\\/\",\"name\":\"\u0130smay\u0131ll\u0131 sakini: \u201cEvimin bir g\u00fcn ba\u015f\u0131ma u\u00e7aca\u011f\u0131ndan qorxuram\u201d - MEYDAN.TV\",\"isPartOf\":{\"@id\":\"https:\\\/\\\/www.meydan.tv\\\/az\\\/#website\"},\"primaryImageOfPage\":{\"@id\":\"https:\\\/\\\/www.meydan.tv\\\/az\\\/article\\\/ismayilli-sakini-evimin-bir-gun-basima-ucacagindan-qorxuram\\\/#primaryimage\"},\"image\":{\"@id\":\"https:\\\/\\\/www.meydan.tv\\\/az\\\/article\\\/ismayilli-sakini-evimin-bir-gun-basima-ucacagindan-qorxuram\\\/#primaryimage\"},\"thumbnailUrl\":\"https:\\\/\\\/www.meydan.tv\\\/wp-content\\\/uploads\\\/310320672_999058488157624_260255671130280351_n.jpg\",\"datePublished\":\"2022-10-18T09:02:41+00:00\",\"dateModified\":\"2022-10-18T09:02:47+00:00\",\"breadcrumb\":{\"@id\":\"https:\\\/\\\/www.meydan.tv\\\/az\\\/article\\\/ismayilli-sakini-evimin-bir-gun-basima-ucacagindan-qorxuram\\\/#breadcrumb\"},\"inLanguage\":\"az\",\"potentialAction\":[{\"@type\":\"ReadAction\",\"target\":[\"https:\\\/\\\/www.meydan.tv\\\/az\\\/article\\\/ismayilli-sakini-evimin-bir-gun-basima-ucacagindan-qorxuram\\\/\"]}]},{\"@type\":\"ImageObject\",\"inLanguage\":\"az\",\"@id\":\"https:\\\/\\\/www.meydan.tv\\\/az\\\/article\\\/ismayilli-sakini-evimin-bir-gun-basima-ucacagindan-qorxuram\\\/#primaryimage\",\"url\":\"https:\\\/\\\/www.meydan.tv\\\/wp-content\\\/uploads\\\/310320672_999058488157624_260255671130280351_n.jpg\",\"contentUrl\":\"https:\\\/\\\/www.meydan.tv\\\/wp-content\\\/uploads\\\/310320672_999058488157624_260255671130280351_n.jpg\",\"width\":1200,\"height\":540,\"caption\":\"\u0130zaf\u0259t Ba\u011f\u0131yeva. Fotolar: Meydan TV\"},{\"@type\":\"BreadcrumbList\",\"@id\":\"https:\\\/\\\/www.meydan.tv\\\/az\\\/article\\\/ismayilli-sakini-evimin-bir-gun-basima-ucacagindan-qorxuram\\\/#breadcrumb\",\"itemListElement\":[{\"@type\":\"ListItem\",\"position\":1,\"name\":\"Ana s\u0259hif\u0259\",\"item\":\"https:\\\/\\\/www.meydan.tv\\\/az\\\/\"},{\"@type\":\"ListItem\",\"position\":2,\"name\":\"B\u00f6lg\u0259\",\"item\":\"https:\\\/\\\/www.meydan.tv\\\/az\\\/section\\\/bolge\\\/\"},{\"@type\":\"ListItem\",\"position\":3,\"name\":\"\u0130smay\u0131ll\u0131 sakini: \u201cEvimin bir g\u00fcn ba\u015f\u0131ma u\u00e7aca\u011f\u0131ndan qorxuram\u201d\"}]},{\"@type\":\"WebSite\",\"@id\":\"https:\\\/\\\/www.meydan.tv\\\/az\\\/#website\",\"url\":\"https:\\\/\\\/www.meydan.tv\\\/az\\\/\",\"name\":\"MEYDAN.TV\",\"description\":\"Meydan TV Az\u0259rbaycan\u0131n media m\u0259kan\u0131ndak\u0131 alternativ s\u0259sidir\",\"publisher\":{\"@id\":\"https:\\\/\\\/www.meydan.tv\\\/az\\\/#organization\"},\"potentialAction\":[{\"@type\":\"SearchAction\",\"target\":{\"@type\":\"EntryPoint\",\"urlTemplate\":\"https:\\\/\\\/www.meydan.tv\\\/az\\\/?s={search_term_string}\"},\"query-input\":{\"@type\":\"PropertyValueSpecification\",\"valueRequired\":true,\"valueName\":\"search_term_string\"}}],\"inLanguage\":\"az\"},{\"@type\":\"Organization\",\"@id\":\"https:\\\/\\\/www.meydan.tv\\\/az\\\/#organization\",\"name\":\"Meydan TV\",\"url\":\"https:\\\/\\\/www.meydan.tv\\\/az\\\/\",\"logo\":{\"@type\":\"ImageObject\",\"inLanguage\":\"az\",\"@id\":\"https:\\\/\\\/www.meydan.tv\\\/az\\\/#\\\/schema\\\/logo\\\/image\\\/\",\"url\":\"https:\\\/\\\/www.meydan.tv\\\/wp-content\\\/uploads\\\/2021\\\/07\\\/meydan-logo.svg\",\"contentUrl\":\"https:\\\/\\\/www.meydan.tv\\\/wp-content\\\/uploads\\\/2021\\\/07\\\/meydan-logo.svg\",\"width\":195,\"height\":46,\"caption\":\"Meydan TV\"},\"image\":{\"@id\":\"https:\\\/\\\/www.meydan.tv\\\/az\\\/#\\\/schema\\\/logo\\\/image\\\/\"}},{\"@type\":\"Person\",\"@id\":\"https:\\\/\\\/www.meydan.tv\\\/az\\\/#\\\/schema\\\/person\\\/9cdbecf90d17180ce1dfbd95b08dcf47\",\"name\":\"elli\",\"sameAs\":[\"https:\\\/\\\/x.com\\\/elli\"]}]}<\/script>\n<!-- \/ Yoast SEO plugin. -->","yoast_head_json":{"title":"\u0130smay\u0131ll\u0131 sakini: \u201cEvimin bir g\u00fcn ba\u015f\u0131ma u\u00e7aca\u011f\u0131ndan qorxuram\u201d - MEYDAN.TV","robots":{"index":"index","follow":"follow","max-snippet":"max-snippet:-1","max-image-preview":"max-image-preview:large","max-video-preview":"max-video-preview:-1"},"canonical":"https:\/\/www.meydan.tv\/az\/article\/ismayilli-sakini-evimin-bir-gun-basima-ucacagindan-qorxuram\/","og_locale":"az_AZ","og_type":"article","og_title":"\u0130smay\u0131ll\u0131 sakini: \u201cEvimin bir g\u00fcn ba\u015f\u0131ma u\u00e7aca\u011f\u0131ndan qorxuram\u201d - MEYDAN.TV","og_description":"\u201cN\u0259 vaxta q\u0259d\u0259r qohum-qon\u015fu evind\u0259 gec\u0259l\u0259y\u0259c\u0259m?\u201d \u201cYa\u015fad\u0131\u011f\u0131m ev ne\u00e7\u0259 ill\u0259rdir ... Davam\u0131","og_url":"https:\/\/www.meydan.tv\/az\/article\/ismayilli-sakini-evimin-bir-gun-basima-ucacagindan-qorxuram\/","og_site_name":"MEYDAN.TV","article_published_time":"2022-10-18T09:02:41+00:00","article_modified_time":"2022-10-18T09:02:47+00:00","og_image":[{"width":1200,"height":540,"url":"https:\/\/www.meydan.tv\/wp-content\/uploads\/310320672_999058488157624_260255671130280351_n.jpg","type":"image\/jpeg"}],"author":"elli","twitter_card":"summary_large_image","twitter_creator":"@elli","schema":{"@context":"https:\/\/schema.org","@graph":[{"@type":"Article","@id":"https:\/\/www.meydan.tv\/az\/article\/ismayilli-sakini-evimin-bir-gun-basima-ucacagindan-qorxuram\/#article","isPartOf":{"@id":"https:\/\/www.meydan.tv\/az\/article\/ismayilli-sakini-evimin-bir-gun-basima-ucacagindan-qorxuram\/"},"author":{"name":"elli","@id":"https:\/\/www.meydan.tv\/az\/#\/schema\/person\/9cdbecf90d17180ce1dfbd95b08dcf47"},"headline":"\u0130smay\u0131ll\u0131 sakini: \u201cEvimin bir g\u00fcn ba\u015f\u0131ma u\u00e7aca\u011f\u0131ndan qorxuram\u201d","datePublished":"2022-10-18T09:02:41+00:00","dateModified":"2022-10-18T09:02:47+00:00","mainEntityOfPage":{"@id":"https:\/\/www.meydan.tv\/az\/article\/ismayilli-sakini-evimin-bir-gun-basima-ucacagindan-qorxuram\/"},"wordCount":548,"publisher":{"@id":"https:\/\/www.meydan.tv\/az\/#organization"},"image":{"@id":"https:\/\/www.meydan.tv\/az\/article\/ismayilli-sakini-evimin-bir-gun-basima-ucacagindan-qorxuram\/#primaryimage"},"thumbnailUrl":"https:\/\/www.meydan.tv\/wp-content\/uploads\/310320672_999058488157624_260255671130280351_n.jpg","articleSection":["B\u00f6lg\u0259","T\u00f6vsiy\u0259","X\u0259b\u0259rl\u0259r"],"inLanguage":"az"},{"@type":"WebPage","@id":"https:\/\/www.meydan.tv\/az\/article\/ismayilli-sakini-evimin-bir-gun-basima-ucacagindan-qorxuram\/","url":"https:\/\/www.meydan.tv\/az\/article\/ismayilli-sakini-evimin-bir-gun-basima-ucacagindan-qorxuram\/","name":"\u0130smay\u0131ll\u0131 sakini: \u201cEvimin bir g\u00fcn ba\u015f\u0131ma u\u00e7aca\u011f\u0131ndan qorxuram\u201d - MEYDAN.TV","isPartOf":{"@id":"https:\/\/www.meydan.tv\/az\/#website"},"primaryImageOfPage":{"@id":"https:\/\/www.meydan.tv\/az\/article\/ismayilli-sakini-evimin-bir-gun-basima-ucacagindan-qorxuram\/#primaryimage"},"image":{"@id":"https:\/\/www.meydan.tv\/az\/article\/ismayilli-sakini-evimin-bir-gun-basima-ucacagindan-qorxuram\/#primaryimage"},"thumbnailUrl":"https:\/\/www.meydan.tv\/wp-content\/uploads\/310320672_999058488157624_260255671130280351_n.jpg","datePublished":"2022-10-18T09:02:41+00:00","dateModified":"2022-10-18T09:02:47+00:00","breadcrumb":{"@id":"https:\/\/www.meydan.tv\/az\/article\/ismayilli-sakini-evimin-bir-gun-basima-ucacagindan-qorxuram\/#breadcrumb"},"inLanguage":"az","potentialAction":[{"@type":"ReadAction","target":["https:\/\/www.meydan.tv\/az\/article\/ismayilli-sakini-evimin-bir-gun-basima-ucacagindan-qorxuram\/"]}]},{"@type":"ImageObject","inLanguage":"az","@id":"https:\/\/www.meydan.tv\/az\/article\/ismayilli-sakini-evimin-bir-gun-basima-ucacagindan-qorxuram\/#primaryimage","url":"https:\/\/www.meydan.tv\/wp-content\/uploads\/310320672_999058488157624_260255671130280351_n.jpg","contentUrl":"https:\/\/www.meydan.tv\/wp-content\/uploads\/310320672_999058488157624_260255671130280351_n.jpg","width":1200,"height":540,"caption":"\u0130zaf\u0259t Ba\u011f\u0131yeva. Fotolar: Meydan TV"},{"@type":"BreadcrumbList","@id":"https:\/\/www.meydan.tv\/az\/article\/ismayilli-sakini-evimin-bir-gun-basima-ucacagindan-qorxuram\/#breadcrumb","itemListElement":[{"@type":"ListItem","position":1,"name":"Ana s\u0259hif\u0259","item":"https:\/\/www.meydan.tv\/az\/"},{"@type":"ListItem","position":2,"name":"B\u00f6lg\u0259","item":"https:\/\/www.meydan.tv\/az\/section\/bolge\/"},{"@type":"ListItem","position":3,"name":"\u0130smay\u0131ll\u0131 sakini: \u201cEvimin bir g\u00fcn ba\u015f\u0131ma u\u00e7aca\u011f\u0131ndan qorxuram\u201d"}]},{"@type":"WebSite","@id":"https:\/\/www.meydan.tv\/az\/#website","url":"https:\/\/www.meydan.tv\/az\/","name":"MEYDAN.TV","description":"Meydan TV Az\u0259rbaycan\u0131n media m\u0259kan\u0131ndak\u0131 alternativ s\u0259sidir","publisher":{"@id":"https:\/\/www.meydan.tv\/az\/#organization"},"potentialAction":[{"@type":"SearchAction","target":{"@type":"EntryPoint","urlTemplate":"https:\/\/www.meydan.tv\/az\/?s={search_term_string}"},"query-input":{"@type":"PropertyValueSpecification","valueRequired":true,"valueName":"search_term_string"}}],"inLanguage":"az"},{"@type":"Organization","@id":"https:\/\/www.meydan.tv\/az\/#organization","name":"Meydan TV","url":"https:\/\/www.meydan.tv\/az\/","logo":{"@type":"ImageObject","inLanguage":"az","@id":"https:\/\/www.meydan.tv\/az\/#\/schema\/logo\/image\/","url":"https:\/\/www.meydan.tv\/wp-content\/uploads\/2021\/07\/meydan-logo.svg","contentUrl":"https:\/\/www.meydan.tv\/wp-content\/uploads\/2021\/07\/meydan-logo.svg","width":195,"height":46,"caption":"Meydan TV"},"image":{"@id":"https:\/\/www.meydan.tv\/az\/#\/schema\/logo\/image\/"}},{"@type":"Person","@id":"https:\/\/www.meydan.tv\/az\/#\/schema\/person\/9cdbecf90d17180ce1dfbd95b08dcf47","name":"elli","sameAs":["https:\/\/x.com\/elli"]}]}},"_links":{"self":[{"href":"https:\/\/www.meydan.tv\/az\/wp-json\/wp\/v2\/posts\/258562","targetHints":{"allow":["GET"]}}],"collection":[{"href":"https:\/\/www.meydan.tv\/az\/wp-json\/wp\/v2\/posts"}],"about":[{"href":"https:\/\/www.meydan.tv\/az\/wp-json\/wp\/v2\/types\/post"}],"author":[{"embeddable":true,"href":"https:\/\/www.meydan.tv\/az\/wp-json\/wp\/v2\/users\/8"}],"replies":[{"embeddable":true,"href":"https:\/\/www.meydan.tv\/az\/wp-json\/wp\/v2\/comments?post=258562"}],"version-history":[{"count":1,"href":"https:\/\/www.meydan.tv\/az\/wp-json\/wp\/v2\/posts\/258562\/revisions"}],"predecessor-version":[{"id":258567,"href":"https:\/\/www.meydan.tv\/az\/wp-json\/wp\/v2\/posts\/258562\/revisions\/258567"}],"wp:featuredmedia":[{"embeddable":true,"href":"https:\/\/www.meydan.tv\/az\/wp-json\/wp\/v2\/media\/258544"}],"wp:attachment":[{"href":"https:\/\/www.meydan.tv\/az\/wp-json\/wp\/v2\/media?parent=258562"}],"wp:term":[{"taxonomy":"category","embeddable":true,"href":"https:\/\/www.meydan.tv\/az\/wp-json\/wp\/v2\/categories?post=258562"},{"taxonomy":"post_tag","embeddable":true,"href":"https:\/\/www.meydan.tv\/az\/wp-json\/wp\/v2\/tags?post=258562"}],"curies":[{"name":"wp","href":"https:\/\/api.w.org\/{rel}","templated":true}]}}