{"id":258399,"date":"2022-10-17T12:35:13","date_gmt":"2022-10-17T08:35:13","guid":{"rendered":"https:\/\/www.meydan.tv\/?p=258399"},"modified":"2022-10-17T12:49:12","modified_gmt":"2022-10-17T08:49:12","slug":"pestetuk-sakini-mese-torpaqlarna-asfalt-saliblar-das-plite-duzubler","status":"publish","type":"post","link":"https:\/\/www.meydan.tv\/az\/article\/pestetuk-sakini-mese-torpaqlarna-asfalt-saliblar-das-plite-duzubler\/","title":{"rendered":"Pe\u015ft\u0259t\u00fck sakini: \u201cMe\u015f\u0259 torpaqlar\u0131na asfalt sal\u0131blar, da\u015f plit\u0259 d\u00fcz\u00fcbl\u0259r\u201d"},"content":{"rendered":"\n<p><\/p>\n\n\n\n<p><em>K\u0259nd sakinl\u0259ri pay torpaqlar\u0131n\u0131n h\u00fcquqi sahibi olmad\u0131qlar\u0131n\u0131 s\u00f6yl\u0259yirl\u0259r<\/em><\/p>\n\n\n\n<p>1998-ci ild\u0259 D\u00f6vl\u0259t \u0130slahat Komissiyas\u0131 t\u0259r\u0259find\u0259n torpaqlar pay torpa\u011f\u0131 kimi v\u0259t\u0259nda\u015flar aras\u0131nda b\u0259rab\u0259r b\u00f6l\u00fcn\u00fcb. H\u0259min torpaqlar v\u0259t\u0259nda\u015flar\u0131n m\u00fclkiyy\u0259tin\u0259 verilib. Ancaq Lerikin Pe\u015ft\u0259t\u00fck k\u0259ndinin sakinl\u0259ri 20 ild\u0259n \u00e7oxdur istifad\u0259l\u0259rind\u0259 olan pay torpaqlar\u0131n\u0131n h\u00fcquqi sahibi deyill\u0259r. Vaxtil\u0259 torpaqlar paylansa da, v\u0259t\u0259nda\u015flara D\u00f6vl\u0259t Akt\u0131 verilm\u0259yib. Rayonun ba\u015fqa k\u0259ndl\u0259rind\u0259 bu proses tam ba\u015fa \u00e7atd\u0131r\u0131lsa da, Pe\u015ft\u0259t\u00fckd\u0259 yar\u0131m\u00e7\u0131q qal\u0131b. Bu, k\u0259ndlil\u0259r\u0259 torpaqlar\u0131n Me\u015f\u0259 Fonduna aid olmas\u0131yla \u0259sasland\u0131r\u0131l\u0131b.<\/p>\n\n\n\n<p>Bu bar\u0259d\u0259 Meydan TV-y\u0259 dan\u0131\u015fan Eldost A\u011faverdiyevin s\u00f6zl\u0259rin\u0259 g\u00f6r\u0259, k\u0259ndin \u0259razisi b\u00fct\u00f6vl\u00fckd\u0259 Me\u015f\u0259 Fondunun balans\u0131nda g\u00f6st\u0259rilir. Bunu \u0259sas g\u0259tirib deyirl\u0259r ki, bu torpaqlar \u015f\u0259xsi m\u00fclkiyy\u0259t\u0259 veril\u0259 bilm\u0259z. K\u0259nd sakinl\u0259ri d\u0259 ayr\u0131lm\u0131\u015f torpaq sah\u0259l\u0259rind\u0259n faktiki istifad\u0259 edib, m\u0259s\u0259l\u0259nin n\u0259 vaxtsa h\u00fcquqi bax\u0131mdan h\u0259llini tapaca\u011f\u0131 g\u00fcn\u00fc g\u00f6zl\u0259yib.<\/p>\n\n\n\n<figure class=\"wp-block-image size-large\"><img decoding=\"async\" width=\"1200\" height=\"675\" data-src=\"https:\/\/www.meydan.tv\/wp-content\/uploads\/eldost_agaverdiyev-1200x675.jpg\" alt=\"\" class=\"wp-image-258387 lazyload\" src=\"data:image\/svg+xml;base64,PHN2ZyB3aWR0aD0iMSIgaGVpZ2h0PSIxIiB4bWxucz0iaHR0cDovL3d3dy53My5vcmcvMjAwMC9zdmciPjwvc3ZnPg==\" style=\"--smush-placeholder-width: 1200px; --smush-placeholder-aspect-ratio: 1200\/675;\" \/><figcaption>Eldost A\u011faverdiyev. Foto: Meydan TV<\/figcaption><\/figure>\n\n\n\n<p><strong>\u201cBiri g\u0259lir, k\u0259ndlini torpaqdan qovur\u201d<\/strong><\/p>\n\n\n\n<p>K\u0259nd sakinl\u0259ri bir d\u0259 x\u0259b\u0259r tutublar ki, pay torpaqlar\u0131 yava\u015f-yava\u015f \u0259ld\u0259n \u00e7\u0131x\u0131r. Eldost A\u011faverdiyev dan\u0131\u015f\u0131r:<\/p>\n\n\n\n<p>\u201cM\u0259s\u0259l\u0259n, bir i\u015fbaz g\u0259lir, \u0259lind\u0259 Eklologiya v\u0259 T\u0259bii S\u0259rv\u0259tl\u0259r Nazirliyinin icaz\u0259 s\u0259n\u0259di, k\u0259ndlid\u0259 is\u0259 he\u00e7 bir s\u0259n\u0259d yox, deyir, \u00e7\u0131x, d\u00f6vl\u0259t buran\u0131 m\u0259n\u0259 s\u0259n\u0259dl\u0259 icar\u0259y\u0259 verib. K\u0259ndli d\u0259 m\u0259cbur olub ill\u0259rl\u0259 istifad\u0259sind\u0259 olan pay torpa\u011f\u0131n\u0131 t\u0259hvil verir\u201d.<\/p>\n\n\n\n<p>Sakinin dem\u0259sin\u0259 g\u00f6r\u0259, \u0259vv\u0259ll\u0259r bu hallar t\u0259k-t\u00fck ba\u015f verdiyind\u0259n k\u0259ndlil\u0259r \u00e7ox ciddiy\u0259 almay\u0131blar. Ancaq son ill\u0259r k\u00fctl\u0259vil\u0259\u015fdiyind\u0259n narahatl\u0131q yarad\u0131b:<\/p>\n\n\n\n<p>\u201cBiz d\u0259 torpaqlar\u0131m\u0131za s\u0259n\u0259d t\u0259l\u0259b etm\u0259y\u0259 ba\u015flad\u0131q. B\u00fct\u00fcn m\u00fcraci\u0259tl\u0259rimiz\u0259 cavab g\u0259lir ki, torpaqlar Me\u015f\u0259 Fondunun balans\u0131ndad\u0131r. Torpaqlar\u0131n t\u0259yinat\u0131n\u0131 yaln\u0131z Nazirl\u0259r Kabinetini d\u0259yi\u015f\u0259 bil\u0259r. \u0130ndiki v\u0259 bundan \u0259vv\u0259lki icra ba\u015f\u00e7\u0131lar\u0131ndansa ancaq quru v\u0259dl\u0259r e\u015fitmi\u015fik ki, guya bu m\u0259s\u0259l\u0259 n\u0259 vaxtsa h\u0259llini tapacaq\u201d.<\/p>\n\n\n\n<p><strong>\u201c\u0130ll\u0259rdir ba\u015f\u0131m\u0131z\u0131n alt\u0131na yast\u0131q qoyurlar\u201d<\/strong><\/p>\n\n\n\n<p>Sakin deyir, ayr\u0131-ayr\u0131 sahibkarlar Me\u015f\u0259 Fonduna aid oldu\u011fu iddia edil\u0259n torpaqlarda tikinti, h\u0259tta asfaltlanma i\u015fl\u0259ri apar\u0131blar. Ekologiya v\u0259 T\u0259bii S\u0259rv\u0259tl\u0259r Nazirliyi is\u0259 aradabir \u0259raziy\u0259 komissiya g\u00f6nd\u0259rm\u0259kl\u0259 sakinl\u0259rin ba\u015f\u0131n\u0131n alt\u0131na yast\u0131q qoyub:<\/p>\n\n\n\n<p>\u201cKomissiya g\u0259lib bax\u0131\u015f ke\u00e7irib, aktlar t\u0259rtib edib. H\u0259min aktlarda da sahibkarlar t\u0259r\u0259find\u0259n edilmi\u015f qanunsuz h\u0259r\u0259k\u0259tl\u0259r qeyd edilib. \u00d6zl\u0259ri d\u0259 \u015fahid olublar ki, sahibkarlar yaratd\u0131qlar\u0131 istirah\u0259t m\u0259rk\u0259zl\u0259rind\u0259 m\u00fcxt\u0259lif \u00f6l\u00e7\u00fcd\u0259 bi\u015fmi\u015f k\u0259rpicd\u0259n restoranlar, yatacaq yerl\u0259ri, motorxana tikibl\u0259r. \u00c7ay yata\u011f\u0131n\u0131 doldurublar. Me\u015f\u0259 \u0259razisin\u0259 asfalt d\u00f6\u015f\u0259yibl\u0259r, da\u015f plit\u0259l\u0259r d\u00fcz\u00fcbl\u0259r. Halbuki, k\u0259ndlil\u0259r oran\u0131 \u0259kin sah\u0259si kimi istifad\u0259 edirdi\u201d.<\/p>\n\n\n\n<figure class=\"wp-block-image size-full\"><img decoding=\"async\" width=\"512\" height=\"682\" data-src=\"https:\/\/www.meydan.tv\/wp-content\/uploads\/senedd-1.jpg\" alt=\"\" class=\"wp-image-258396 lazyload\" src=\"data:image\/svg+xml;base64,PHN2ZyB3aWR0aD0iMSIgaGVpZ2h0PSIxIiB4bWxucz0iaHR0cDovL3d3dy53My5vcmcvMjAwMC9zdmciPjwvc3ZnPg==\" style=\"--smush-placeholder-width: 512px; --smush-placeholder-aspect-ratio: 512\/682;\" \/><figcaption>M\u00fcqavil\u0259.<\/figcaption><\/figure>\n\n\n\n<p><strong>M\u00fcqavil\u0259y\u0259 xitam verilib, amma\u2026<\/strong><\/p>\n\n\n\n<p>1 sayl\u0131 L\u0259nk\u0259ran Regional Ekologiya v\u0259 T\u0259bii S\u0259rv\u0259tl\u0259r \u0130dar\u0259sind\u0259n bildirilib ki, G\u00fcrd\u0259s\u0259r me\u015f\u0259b\u0259yliyind\u0259 2,3 hektar me\u015f\u0259 il\u0259 \u00f6rt\u00fcy\u00fc olmayan bo\u015f \u0259razi istirah\u0259t obyekti yarad\u0131lmas\u0131 m\u0259qs\u0259dil\u0259 m\u00fcqavil\u0259yl\u0259 \u201cC\u0259nub T\u0130M\u201d MMC-nin 5 illik icar\u0259sin\u0259 verilib. 1 il sonra m\u00fcqavil\u0259nin icra v\u0259ziyy\u0259ti yoxlan\u0131lark\u0259n pozuntular a\u015fkar edilib v\u0259 m\u00fcqavil\u0259y\u0259 birt\u0259r\u0259fli xitam verilib. \u201cC\u0259nub T\u0130M\u201d MMC-nin sahibi m\u00fcqavil\u0259nin uzad\u0131lmas\u0131 il\u0259 ba\u011fl\u0131 Ekologiya v\u0259 T\u0259bii S\u0259rv\u0259tl\u0259r Nazirliyinin yan\u0131nda Apelyasiya \u015euras\u0131na m\u00fcraci\u0259t edib. 2021-ci ilin avqustunda Apelyasiya \u015euras\u0131 m\u00fcraci\u0259ti t\u0259min edib, m\u00fcqavil\u0259 n\u00f6vb\u0259ti 5 il m\u00fcdd\u0259tin\u0259 uzad\u0131l\u0131b.<\/p>\n\n\n\n<p>\u0130ndi k\u0259nd sakinl\u0259rinin pay torpaqlar\u0131na s\u0259n\u0259d almaq problemi arxa plana ke\u00e7ib, onlar me\u015f\u0259 torpaqlar\u0131n\u0131n tikintil\u0259rd\u0259n t\u0259mizl\u0259nm\u0259sini ist\u0259yirl\u0259r.<\/p>\n\n\n\n<figure class=\"wp-block-image size-full\"><img decoding=\"async\" width=\"637\" height=\"400\" data-src=\"https:\/\/www.meydan.tv\/wp-content\/uploads\/sened_1.jpg\" alt=\"\" class=\"wp-image-258390 lazyload\" src=\"data:image\/svg+xml;base64,PHN2ZyB3aWR0aD0iMSIgaGVpZ2h0PSIxIiB4bWxucz0iaHR0cDovL3d3dy53My5vcmcvMjAwMC9zdmciPjwvc3ZnPg==\" style=\"--smush-placeholder-width: 637px; --smush-placeholder-aspect-ratio: 637\/400;\" \/><figcaption>Cavab m\u0259ktubu.<\/figcaption><\/figure>\n","protected":false},"excerpt":{"rendered":"<p>K\u0259nd sakinl\u0259ri pay torpaqlar\u0131n\u0131n h\u00fcquqi sahibi olmad\u0131qlar\u0131n\u0131 s\u00f6yl\u0259yirl\u0259r 1998-ci ild\u0259 &#8230; <\/p>\n<p class=\"read-more-container\"><a title=\"Pe\u015ft\u0259t\u00fck sakini: \u201cMe\u015f\u0259 torpaqlar\u0131na asfalt sal\u0131blar, da\u015f plit\u0259 d\u00fcz\u00fcbl\u0259r\u201d\" class=\"read-more button\" href=\"https:\/\/www.meydan.tv\/az\/article\/pestetuk-sakini-mese-torpaqlarna-asfalt-saliblar-das-plite-duzubler\/#more-258399\" aria-label=\"Read more about Pe\u015ft\u0259t\u00fck sakini: \u201cMe\u015f\u0259 torpaqlar\u0131na asfalt sal\u0131blar, da\u015f plit\u0259 d\u00fcz\u00fcbl\u0259r\u201d\">Davam\u0131<\/a><\/p>\n","protected":false},"author":8,"featured_media":258384,"comment_status":"closed","ping_status":"closed","sticky":false,"template":"","format":"standard","meta":{"_acf_changed":false,"_sitemap_exclude":false,"_sitemap_priority":"","_sitemap_frequency":"","footnotes":""},"categories":[60,79,56],"tags":[],"class_list":["post-258399","post","type-post","status-publish","format-standard","has-post-thumbnail","hentry","category-bolge","category-featured","category-xeberler","infinite-scroll-item","generate-columns","tablet-grid-50","mobile-grid-100","grid-parent","grid-33","no-featured-image-padding"],"acf":[],"yoast_head":"<!-- This site is optimized with the Yoast SEO plugin v27.5 - https:\/\/yoast.com\/product\/yoast-seo-wordpress\/ -->\n<title>Pe\u015ft\u0259t\u00fck sakini: \u201cMe\u015f\u0259 torpaqlar\u0131na asfalt sal\u0131blar, da\u015f plit\u0259 d\u00fcz\u00fcbl\u0259r\u201d - MEYDAN.TV<\/title>\n<meta name=\"robots\" content=\"index, follow, max-snippet:-1, max-image-preview:large, max-video-preview:-1\" \/>\n<link rel=\"canonical\" href=\"https:\/\/www.meydan.tv\/az\/article\/pestetuk-sakini-mese-torpaqlarna-asfalt-saliblar-das-plite-duzubler\/\" \/>\n<meta property=\"og:locale\" content=\"az_AZ\" \/>\n<meta property=\"og:type\" content=\"article\" \/>\n<meta property=\"og:title\" content=\"Pe\u015ft\u0259t\u00fck sakini: \u201cMe\u015f\u0259 torpaqlar\u0131na asfalt sal\u0131blar, da\u015f plit\u0259 d\u00fcz\u00fcbl\u0259r\u201d - MEYDAN.TV\" \/>\n<meta property=\"og:description\" content=\"K\u0259nd sakinl\u0259ri pay torpaqlar\u0131n\u0131n h\u00fcquqi sahibi olmad\u0131qlar\u0131n\u0131 s\u00f6yl\u0259yirl\u0259r 1998-ci ild\u0259 ... Davam\u0131\" \/>\n<meta property=\"og:url\" content=\"https:\/\/www.meydan.tv\/az\/article\/pestetuk-sakini-mese-torpaqlarna-asfalt-saliblar-das-plite-duzubler\/\" \/>\n<meta property=\"og:site_name\" content=\"MEYDAN.TV\" \/>\n<meta property=\"article:published_time\" content=\"2022-10-17T08:35:13+00:00\" \/>\n<meta property=\"article:modified_time\" content=\"2022-10-17T08:49:12+00:00\" \/>\n<meta property=\"og:image\" content=\"https:\/\/www.meydan.tv\/wp-content\/uploads\/lerik_mesheleri.jpg\" \/>\n\t<meta property=\"og:image:width\" content=\"1280\" \/>\n\t<meta property=\"og:image:height\" content=\"720\" \/>\n\t<meta property=\"og:image:type\" content=\"image\/jpeg\" \/>\n<meta name=\"author\" content=\"elli\" \/>\n<meta name=\"twitter:card\" content=\"summary_large_image\" \/>\n<meta name=\"twitter:creator\" content=\"@elli\" \/>\n<script type=\"application\/ld+json\" class=\"yoast-schema-graph\">{\"@context\":\"https:\\\/\\\/schema.org\",\"@graph\":[{\"@type\":\"Article\",\"@id\":\"https:\\\/\\\/www.meydan.tv\\\/az\\\/article\\\/pestetuk-sakini-mese-torpaqlarna-asfalt-saliblar-das-plite-duzubler\\\/#article\",\"isPartOf\":{\"@id\":\"https:\\\/\\\/www.meydan.tv\\\/az\\\/article\\\/pestetuk-sakini-mese-torpaqlarna-asfalt-saliblar-das-plite-duzubler\\\/\"},\"author\":{\"name\":\"elli\",\"@id\":\"https:\\\/\\\/www.meydan.tv\\\/az\\\/#\\\/schema\\\/person\\\/9cdbecf90d17180ce1dfbd95b08dcf47\"},\"headline\":\"Pe\u015ft\u0259t\u00fck sakini: \u201cMe\u015f\u0259 torpaqlar\u0131na asfalt sal\u0131blar, da\u015f plit\u0259 d\u00fcz\u00fcbl\u0259r\u201d\",\"datePublished\":\"2022-10-17T08:35:13+00:00\",\"dateModified\":\"2022-10-17T08:49:12+00:00\",\"mainEntityOfPage\":{\"@id\":\"https:\\\/\\\/www.meydan.tv\\\/az\\\/article\\\/pestetuk-sakini-mese-torpaqlarna-asfalt-saliblar-das-plite-duzubler\\\/\"},\"wordCount\":769,\"publisher\":{\"@id\":\"https:\\\/\\\/www.meydan.tv\\\/az\\\/#organization\"},\"image\":{\"@id\":\"https:\\\/\\\/www.meydan.tv\\\/az\\\/article\\\/pestetuk-sakini-mese-torpaqlarna-asfalt-saliblar-das-plite-duzubler\\\/#primaryimage\"},\"thumbnailUrl\":\"https:\\\/\\\/www.meydan.tv\\\/wp-content\\\/uploads\\\/lerik_mesheleri.jpg\",\"articleSection\":[\"B\u00f6lg\u0259\",\"T\u00f6vsiy\u0259\",\"X\u0259b\u0259rl\u0259r\"],\"inLanguage\":\"az\"},{\"@type\":\"WebPage\",\"@id\":\"https:\\\/\\\/www.meydan.tv\\\/az\\\/article\\\/pestetuk-sakini-mese-torpaqlarna-asfalt-saliblar-das-plite-duzubler\\\/\",\"url\":\"https:\\\/\\\/www.meydan.tv\\\/az\\\/article\\\/pestetuk-sakini-mese-torpaqlarna-asfalt-saliblar-das-plite-duzubler\\\/\",\"name\":\"Pe\u015ft\u0259t\u00fck sakini: \u201cMe\u015f\u0259 torpaqlar\u0131na asfalt sal\u0131blar, da\u015f plit\u0259 d\u00fcz\u00fcbl\u0259r\u201d - MEYDAN.TV\",\"isPartOf\":{\"@id\":\"https:\\\/\\\/www.meydan.tv\\\/az\\\/#website\"},\"primaryImageOfPage\":{\"@id\":\"https:\\\/\\\/www.meydan.tv\\\/az\\\/article\\\/pestetuk-sakini-mese-torpaqlarna-asfalt-saliblar-das-plite-duzubler\\\/#primaryimage\"},\"image\":{\"@id\":\"https:\\\/\\\/www.meydan.tv\\\/az\\\/article\\\/pestetuk-sakini-mese-torpaqlarna-asfalt-saliblar-das-plite-duzubler\\\/#primaryimage\"},\"thumbnailUrl\":\"https:\\\/\\\/www.meydan.tv\\\/wp-content\\\/uploads\\\/lerik_mesheleri.jpg\",\"datePublished\":\"2022-10-17T08:35:13+00:00\",\"dateModified\":\"2022-10-17T08:49:12+00:00\",\"breadcrumb\":{\"@id\":\"https:\\\/\\\/www.meydan.tv\\\/az\\\/article\\\/pestetuk-sakini-mese-torpaqlarna-asfalt-saliblar-das-plite-duzubler\\\/#breadcrumb\"},\"inLanguage\":\"az\",\"potentialAction\":[{\"@type\":\"ReadAction\",\"target\":[\"https:\\\/\\\/www.meydan.tv\\\/az\\\/article\\\/pestetuk-sakini-mese-torpaqlarna-asfalt-saliblar-das-plite-duzubler\\\/\"]}]},{\"@type\":\"ImageObject\",\"inLanguage\":\"az\",\"@id\":\"https:\\\/\\\/www.meydan.tv\\\/az\\\/article\\\/pestetuk-sakini-mese-torpaqlarna-asfalt-saliblar-das-plite-duzubler\\\/#primaryimage\",\"url\":\"https:\\\/\\\/www.meydan.tv\\\/wp-content\\\/uploads\\\/lerik_mesheleri.jpg\",\"contentUrl\":\"https:\\\/\\\/www.meydan.tv\\\/wp-content\\\/uploads\\\/lerik_mesheleri.jpg\",\"width\":1280,\"height\":720,\"caption\":\"Pe\u015ft\u0259t\u00fck. Foto: Meydan TV\"},{\"@type\":\"BreadcrumbList\",\"@id\":\"https:\\\/\\\/www.meydan.tv\\\/az\\\/article\\\/pestetuk-sakini-mese-torpaqlarna-asfalt-saliblar-das-plite-duzubler\\\/#breadcrumb\",\"itemListElement\":[{\"@type\":\"ListItem\",\"position\":1,\"name\":\"Ana s\u0259hif\u0259\",\"item\":\"https:\\\/\\\/www.meydan.tv\\\/az\\\/\"},{\"@type\":\"ListItem\",\"position\":2,\"name\":\"B\u00f6lg\u0259\",\"item\":\"https:\\\/\\\/www.meydan.tv\\\/az\\\/section\\\/bolge\\\/\"},{\"@type\":\"ListItem\",\"position\":3,\"name\":\"Pe\u015ft\u0259t\u00fck sakini: \u201cMe\u015f\u0259 torpaqlar\u0131na asfalt sal\u0131blar, da\u015f plit\u0259 d\u00fcz\u00fcbl\u0259r\u201d\"}]},{\"@type\":\"WebSite\",\"@id\":\"https:\\\/\\\/www.meydan.tv\\\/az\\\/#website\",\"url\":\"https:\\\/\\\/www.meydan.tv\\\/az\\\/\",\"name\":\"MEYDAN.TV\",\"description\":\"Meydan TV Az\u0259rbaycan\u0131n media m\u0259kan\u0131ndak\u0131 alternativ s\u0259sidir\",\"publisher\":{\"@id\":\"https:\\\/\\\/www.meydan.tv\\\/az\\\/#organization\"},\"potentialAction\":[{\"@type\":\"SearchAction\",\"target\":{\"@type\":\"EntryPoint\",\"urlTemplate\":\"https:\\\/\\\/www.meydan.tv\\\/az\\\/?s={search_term_string}\"},\"query-input\":{\"@type\":\"PropertyValueSpecification\",\"valueRequired\":true,\"valueName\":\"search_term_string\"}}],\"inLanguage\":\"az\"},{\"@type\":\"Organization\",\"@id\":\"https:\\\/\\\/www.meydan.tv\\\/az\\\/#organization\",\"name\":\"Meydan TV\",\"url\":\"https:\\\/\\\/www.meydan.tv\\\/az\\\/\",\"logo\":{\"@type\":\"ImageObject\",\"inLanguage\":\"az\",\"@id\":\"https:\\\/\\\/www.meydan.tv\\\/az\\\/#\\\/schema\\\/logo\\\/image\\\/\",\"url\":\"https:\\\/\\\/www.meydan.tv\\\/wp-content\\\/uploads\\\/2021\\\/07\\\/meydan-logo.svg\",\"contentUrl\":\"https:\\\/\\\/www.meydan.tv\\\/wp-content\\\/uploads\\\/2021\\\/07\\\/meydan-logo.svg\",\"width\":195,\"height\":46,\"caption\":\"Meydan TV\"},\"image\":{\"@id\":\"https:\\\/\\\/www.meydan.tv\\\/az\\\/#\\\/schema\\\/logo\\\/image\\\/\"}},{\"@type\":\"Person\",\"@id\":\"https:\\\/\\\/www.meydan.tv\\\/az\\\/#\\\/schema\\\/person\\\/9cdbecf90d17180ce1dfbd95b08dcf47\",\"name\":\"elli\",\"sameAs\":[\"https:\\\/\\\/x.com\\\/elli\"]}]}<\/script>\n<!-- \/ Yoast SEO plugin. -->","yoast_head_json":{"title":"Pe\u015ft\u0259t\u00fck sakini: \u201cMe\u015f\u0259 torpaqlar\u0131na asfalt sal\u0131blar, da\u015f plit\u0259 d\u00fcz\u00fcbl\u0259r\u201d - MEYDAN.TV","robots":{"index":"index","follow":"follow","max-snippet":"max-snippet:-1","max-image-preview":"max-image-preview:large","max-video-preview":"max-video-preview:-1"},"canonical":"https:\/\/www.meydan.tv\/az\/article\/pestetuk-sakini-mese-torpaqlarna-asfalt-saliblar-das-plite-duzubler\/","og_locale":"az_AZ","og_type":"article","og_title":"Pe\u015ft\u0259t\u00fck sakini: \u201cMe\u015f\u0259 torpaqlar\u0131na asfalt sal\u0131blar, da\u015f plit\u0259 d\u00fcz\u00fcbl\u0259r\u201d - MEYDAN.TV","og_description":"K\u0259nd sakinl\u0259ri pay torpaqlar\u0131n\u0131n h\u00fcquqi sahibi olmad\u0131qlar\u0131n\u0131 s\u00f6yl\u0259yirl\u0259r 1998-ci ild\u0259 ... Davam\u0131","og_url":"https:\/\/www.meydan.tv\/az\/article\/pestetuk-sakini-mese-torpaqlarna-asfalt-saliblar-das-plite-duzubler\/","og_site_name":"MEYDAN.TV","article_published_time":"2022-10-17T08:35:13+00:00","article_modified_time":"2022-10-17T08:49:12+00:00","og_image":[{"width":1280,"height":720,"url":"https:\/\/www.meydan.tv\/wp-content\/uploads\/lerik_mesheleri.jpg","type":"image\/jpeg"}],"author":"elli","twitter_card":"summary_large_image","twitter_creator":"@elli","schema":{"@context":"https:\/\/schema.org","@graph":[{"@type":"Article","@id":"https:\/\/www.meydan.tv\/az\/article\/pestetuk-sakini-mese-torpaqlarna-asfalt-saliblar-das-plite-duzubler\/#article","isPartOf":{"@id":"https:\/\/www.meydan.tv\/az\/article\/pestetuk-sakini-mese-torpaqlarna-asfalt-saliblar-das-plite-duzubler\/"},"author":{"name":"elli","@id":"https:\/\/www.meydan.tv\/az\/#\/schema\/person\/9cdbecf90d17180ce1dfbd95b08dcf47"},"headline":"Pe\u015ft\u0259t\u00fck sakini: \u201cMe\u015f\u0259 torpaqlar\u0131na asfalt sal\u0131blar, da\u015f plit\u0259 d\u00fcz\u00fcbl\u0259r\u201d","datePublished":"2022-10-17T08:35:13+00:00","dateModified":"2022-10-17T08:49:12+00:00","mainEntityOfPage":{"@id":"https:\/\/www.meydan.tv\/az\/article\/pestetuk-sakini-mese-torpaqlarna-asfalt-saliblar-das-plite-duzubler\/"},"wordCount":769,"publisher":{"@id":"https:\/\/www.meydan.tv\/az\/#organization"},"image":{"@id":"https:\/\/www.meydan.tv\/az\/article\/pestetuk-sakini-mese-torpaqlarna-asfalt-saliblar-das-plite-duzubler\/#primaryimage"},"thumbnailUrl":"https:\/\/www.meydan.tv\/wp-content\/uploads\/lerik_mesheleri.jpg","articleSection":["B\u00f6lg\u0259","T\u00f6vsiy\u0259","X\u0259b\u0259rl\u0259r"],"inLanguage":"az"},{"@type":"WebPage","@id":"https:\/\/www.meydan.tv\/az\/article\/pestetuk-sakini-mese-torpaqlarna-asfalt-saliblar-das-plite-duzubler\/","url":"https:\/\/www.meydan.tv\/az\/article\/pestetuk-sakini-mese-torpaqlarna-asfalt-saliblar-das-plite-duzubler\/","name":"Pe\u015ft\u0259t\u00fck sakini: \u201cMe\u015f\u0259 torpaqlar\u0131na asfalt sal\u0131blar, da\u015f plit\u0259 d\u00fcz\u00fcbl\u0259r\u201d - MEYDAN.TV","isPartOf":{"@id":"https:\/\/www.meydan.tv\/az\/#website"},"primaryImageOfPage":{"@id":"https:\/\/www.meydan.tv\/az\/article\/pestetuk-sakini-mese-torpaqlarna-asfalt-saliblar-das-plite-duzubler\/#primaryimage"},"image":{"@id":"https:\/\/www.meydan.tv\/az\/article\/pestetuk-sakini-mese-torpaqlarna-asfalt-saliblar-das-plite-duzubler\/#primaryimage"},"thumbnailUrl":"https:\/\/www.meydan.tv\/wp-content\/uploads\/lerik_mesheleri.jpg","datePublished":"2022-10-17T08:35:13+00:00","dateModified":"2022-10-17T08:49:12+00:00","breadcrumb":{"@id":"https:\/\/www.meydan.tv\/az\/article\/pestetuk-sakini-mese-torpaqlarna-asfalt-saliblar-das-plite-duzubler\/#breadcrumb"},"inLanguage":"az","potentialAction":[{"@type":"ReadAction","target":["https:\/\/www.meydan.tv\/az\/article\/pestetuk-sakini-mese-torpaqlarna-asfalt-saliblar-das-plite-duzubler\/"]}]},{"@type":"ImageObject","inLanguage":"az","@id":"https:\/\/www.meydan.tv\/az\/article\/pestetuk-sakini-mese-torpaqlarna-asfalt-saliblar-das-plite-duzubler\/#primaryimage","url":"https:\/\/www.meydan.tv\/wp-content\/uploads\/lerik_mesheleri.jpg","contentUrl":"https:\/\/www.meydan.tv\/wp-content\/uploads\/lerik_mesheleri.jpg","width":1280,"height":720,"caption":"Pe\u015ft\u0259t\u00fck. Foto: Meydan TV"},{"@type":"BreadcrumbList","@id":"https:\/\/www.meydan.tv\/az\/article\/pestetuk-sakini-mese-torpaqlarna-asfalt-saliblar-das-plite-duzubler\/#breadcrumb","itemListElement":[{"@type":"ListItem","position":1,"name":"Ana s\u0259hif\u0259","item":"https:\/\/www.meydan.tv\/az\/"},{"@type":"ListItem","position":2,"name":"B\u00f6lg\u0259","item":"https:\/\/www.meydan.tv\/az\/section\/bolge\/"},{"@type":"ListItem","position":3,"name":"Pe\u015ft\u0259t\u00fck sakini: \u201cMe\u015f\u0259 torpaqlar\u0131na asfalt sal\u0131blar, da\u015f plit\u0259 d\u00fcz\u00fcbl\u0259r\u201d"}]},{"@type":"WebSite","@id":"https:\/\/www.meydan.tv\/az\/#website","url":"https:\/\/www.meydan.tv\/az\/","name":"MEYDAN.TV","description":"Meydan TV Az\u0259rbaycan\u0131n media m\u0259kan\u0131ndak\u0131 alternativ s\u0259sidir","publisher":{"@id":"https:\/\/www.meydan.tv\/az\/#organization"},"potentialAction":[{"@type":"SearchAction","target":{"@type":"EntryPoint","urlTemplate":"https:\/\/www.meydan.tv\/az\/?s={search_term_string}"},"query-input":{"@type":"PropertyValueSpecification","valueRequired":true,"valueName":"search_term_string"}}],"inLanguage":"az"},{"@type":"Organization","@id":"https:\/\/www.meydan.tv\/az\/#organization","name":"Meydan TV","url":"https:\/\/www.meydan.tv\/az\/","logo":{"@type":"ImageObject","inLanguage":"az","@id":"https:\/\/www.meydan.tv\/az\/#\/schema\/logo\/image\/","url":"https:\/\/www.meydan.tv\/wp-content\/uploads\/2021\/07\/meydan-logo.svg","contentUrl":"https:\/\/www.meydan.tv\/wp-content\/uploads\/2021\/07\/meydan-logo.svg","width":195,"height":46,"caption":"Meydan TV"},"image":{"@id":"https:\/\/www.meydan.tv\/az\/#\/schema\/logo\/image\/"}},{"@type":"Person","@id":"https:\/\/www.meydan.tv\/az\/#\/schema\/person\/9cdbecf90d17180ce1dfbd95b08dcf47","name":"elli","sameAs":["https:\/\/x.com\/elli"]}]}},"_links":{"self":[{"href":"https:\/\/www.meydan.tv\/az\/wp-json\/wp\/v2\/posts\/258399","targetHints":{"allow":["GET"]}}],"collection":[{"href":"https:\/\/www.meydan.tv\/az\/wp-json\/wp\/v2\/posts"}],"about":[{"href":"https:\/\/www.meydan.tv\/az\/wp-json\/wp\/v2\/types\/post"}],"author":[{"embeddable":true,"href":"https:\/\/www.meydan.tv\/az\/wp-json\/wp\/v2\/users\/8"}],"replies":[{"embeddable":true,"href":"https:\/\/www.meydan.tv\/az\/wp-json\/wp\/v2\/comments?post=258399"}],"version-history":[{"count":2,"href":"https:\/\/www.meydan.tv\/az\/wp-json\/wp\/v2\/posts\/258399\/revisions"}],"predecessor-version":[{"id":258407,"href":"https:\/\/www.meydan.tv\/az\/wp-json\/wp\/v2\/posts\/258399\/revisions\/258407"}],"wp:featuredmedia":[{"embeddable":true,"href":"https:\/\/www.meydan.tv\/az\/wp-json\/wp\/v2\/media\/258384"}],"wp:attachment":[{"href":"https:\/\/www.meydan.tv\/az\/wp-json\/wp\/v2\/media?parent=258399"}],"wp:term":[{"taxonomy":"category","embeddable":true,"href":"https:\/\/www.meydan.tv\/az\/wp-json\/wp\/v2\/categories?post=258399"},{"taxonomy":"post_tag","embeddable":true,"href":"https:\/\/www.meydan.tv\/az\/wp-json\/wp\/v2\/tags?post=258399"}],"curies":[{"name":"wp","href":"https:\/\/api.w.org\/{rel}","templated":true}]}}