{"id":258379,"date":"2022-10-17T13:06:16","date_gmt":"2022-10-17T09:06:16","guid":{"rendered":"https:\/\/www.meydan.tv\/?p=258379"},"modified":"2022-10-17T13:06:16","modified_gmt":"2022-10-17T09:06:16","slug":"meyart-cavansir-quliyev-gordum-mene-munasibet-deyisib-azerbaycana-qayitdim","status":"publish","type":"post","link":"https:\/\/www.meydan.tv\/az\/article\/meyart-cavansir-quliyev-gordum-mene-munasibet-deyisib-azerbaycana-qayitdim\/","title":{"rendered":"MeyArt &#8211; Cavan\u015fir Quliyev: &#8220;G\u00f6rd\u00fcm m\u0259n\u0259 m\u00fcnasib\u0259t d\u0259yi\u015fib, Az\u0259rbaycana qay\u0131td\u0131m&#8221;"},"content":{"rendered":"\n<figure class=\"wp-block-embed is-type-video is-provider-youtube wp-block-embed-youtube wp-embed-aspect-16-9 wp-has-aspect-ratio\"><div class=\"wp-block-embed__wrapper\">\n<iframe title=\"MeyArt - Cavan\u015fir Quliyev: &quot;G\u00f6rd\u00fcm m\u0259n\u0259 m\u00fcnasib\u0259t d\u0259yi\u015fib, Az\u0259rbaycana qay\u0131td\u0131m&quot;\" width=\"1200\" height=\"675\" data-src=\"https:\/\/www.youtube.com\/embed\/Xqd0RmYbhMQ?feature=oembed\" frameborder=\"0\" allow=\"accelerometer; autoplay; clipboard-write; encrypted-media; gyroscope; picture-in-picture\" allowfullscreen src=\"data:image\/svg+xml;base64,PHN2ZyB3aWR0aD0iMSIgaGVpZ2h0PSIxIiB4bWxucz0iaHR0cDovL3d3dy53My5vcmcvMjAwMC9zdmciPjwvc3ZnPg==\" class=\"lazyload\" data-load-mode=\"1\"><\/iframe>\n<\/div><\/figure>\n\n\n\n<!--more-->\n\n\n\n<p>&#8211;&nbsp; Az\u0259rbaycan D\u00f6vl\u0259t Akademik Filarmoniyas\u0131nda b\u0259st\u0259kar Cavan\u015fir Quliyevin yarad\u0131c\u0131l\u0131q gec\u0259si ke\u00e7irilib.<\/p>\n\n\n\n<p>&#8211; Musiqili gec\u0259d\u0259 29 ya\u015f\u0131nda repressiya qurban\u0131 olan Mikay\u0131l M\u00fc\u015ffiq\u0259 h\u0259sr olunmu\u015f \u201cM\u00fc\u015ffiq a\u011f\u0131lar\u0131\u201d adl\u0131 oratoriyan\u0131n premyeras\u0131 olub. \u018fs\u0259r b\u00fct\u00fcn haqlar\u0131 pozulanlara h\u0259sr olunub.<\/p>\n\n\n\n<p>&#8211; Cavan\u015fir Quliyev 19 ild\u0259n sonra ya\u015fad\u0131\u011f\u0131 \u015eimali Kipr Respublikas\u0131ndan Az\u0259rbaycana d\u00f6n\u00fcb. B\u0259st\u0259kar \u00f6lk\u0259y\u0259 qay\u0131tmas\u0131n\u0131 ona olan m\u00fcnasib\u0259tin m\u00fcsb\u0259t y\u00f6nd\u0259 d\u0259yi\u015fm\u0259sil\u0259 d\u0259 \u0259laq\u0259l\u0259ndirir.&nbsp;<\/p>\n\n\n\n<p>\u201cSon zamanlar Az\u0259rbaycanda m\u0259n\u0259 qar\u015f\u0131 yax\u015f\u0131ya do\u011fru m\u00fcnasib\u0259t d\u0259yi\u015fildi. \u018fs\u0259rl\u0259rim \u00e7al\u0131nma\u011fa, ifa olunma\u011fa ba\u015flad\u0131. Televiziya kanallar\u0131 m\u0259ni d\u0259v\u0259t etm\u0259y\u0259 ba\u015flad\u0131lar. Ham\u0131s\u0131 ill\u0259rl\u0259 qapal\u0131 idi, bilirsiniz. M\u0259n d\u0259 d\u00fc\u015f\u00fcnd\u00fcm ki, madam ki, \u0259s\u0259rl\u0259rimi tama\u015fa\u00e7\u0131lara n\u00fcmayi\u015f etdirm\u0259y\u0259 imkan yaran\u0131b gedim \u0259s\u0259rl\u0259rimi ifa edim\u201d, &#8211; b\u0259st\u0259kar deyir.<\/p>\n\n\n\n<p>&#8211;&nbsp; M\u0259d\u0259niyy\u0259t naziri Anar K\u0259rimov musiqi m\u0259kt\u0259bl\u0259rind\u0259 korrupsiya hallar\u0131n\u0131n oldu\u011funu deyib. O deyib ki, musiqi m\u0259kt\u0259bl\u0259rind\u0259 n\u0259zar\u0259t sisteminin olmamas\u0131, \u201c\u00f6l\u00fc canlar\u201d, v\u0259 dig\u0259r bu kimi pozuntular m\u0259kt\u0259bl\u0259rin f\u0259aliyy\u0259tin\u0259 m\u0259nfi t\u0259sir g\u00f6st\u0259rir. Nazir h\u0259m\u00e7inin bildirib ki, 210 u\u015faq musiqi v\u0259 inc\u0259s\u0259n\u0259t m\u0259kt\u0259bl\u0259rind\u0259 m\u00fc\u0259llim v\u0259 \u015fagirdl\u0259rin davamiyy\u0259tin\u0259 n\u0259zar\u0259t etm\u0259k m\u0259qs\u0259dil\u0259 barmaq izl\u0259rini oxuyan x\u00fcsusi cihazlar qura\u015fd\u0131r\u0131l\u0131b.<\/p>\n\n\n\n<p>&#8211; Bu \u00fcsulla t\u0259dris apar\u0131lmad\u0131\u011f\u0131 t\u0259qdird\u0259 maa\u015f verilm\u0259si hallar\u0131n\u0131n qar\u015f\u0131s\u0131 al\u0131nacaq.<\/p>\n\n\n\n<p>&#8211;\u00a0 Az\u0259rbaycan Yaz\u0131\u00e7\u0131lar Birliyi qurultaya haz\u0131rla\u015f\u0131r. Bel\u0259 ki, M\u0259d\u0259niyy\u0259t Nazirliyi Yaz\u0131\u00e7\u0131lar Birliyinin (AYB) qurultay\u0131n\u0131n ke\u00e7irilm\u0259si \u00fc\u00e7\u00fcn 203,6 min manat v\u0259sait ay\u0131r\u0131b. Birliyin XIII Qurultay\u0131 oktyabr\u0131n 26-da\u00a0 Az\u0259rbaycan D\u00f6vl\u0259t Akademik Milli Dram Teatr\u0131nda ke\u00e7iril\u0259c\u0259k. Qurultayda s\u0259dr se\u00e7kisi yolu il\u0259 n\u00f6vb\u0259ti 5 ild\u0259 birliyin s\u0259drinin kim olaca\u011f\u0131 m\u00fc\u0259yy\u0259n edilir. 35 ildir ki, bu ad d\u0259yi\u015fmir. Yaz\u0131\u00e7\u0131 Anar Rzayev bu il d\u0259 namiz\u0259dliyini ir\u0259li s\u00fcr\u00fcb.<\/p>\n\n\n\n<p>&#8211;\u00a0 \u0130qlim d\u0259yi\u015fikliyi f\u0259allar\u0131 London Milli Qalereyas\u0131nda Vinsent van Qoqun m\u0259\u015fhur \u201cG\u00fcn\u0259baxanlar\u201d tablosunun \u00fcz\u0259rin\u0259 pomidor \u015forbas\u0131 ataraq \u00e7\u0259r\u00e7iv\u0259y\u0259 ki\u00e7ik ziyan vurublar. M\u0259\u015fhur tablonun t\u0259xmini d\u0259y\u0259ri 82 milyon dollard\u0131r. F\u0259allar deyir ki, &#8220;Daha d\u0259y\u0259rli n\u0259dir, s\u0259n\u0259t, yoxsa h\u0259yat? Sizi daha \u00e7ox bir r\u0259sm \u0259s\u0259rinin qorunmas\u0131 narahat edir, yoxsa planetimizin v\u0259 insanlar\u0131n qorunmas\u0131? Bu qalereyada insan yarad\u0131c\u0131l\u0131\u011f\u0131 v\u0259 dahiliyi n\u00fcmayi\u015f etdirilir, lakin h\u00f6kum\u0259timizin iqlim v\u0259 ya\u015fay\u0131\u015f b\u00f6hran\u0131 il\u0259 ba\u011fl\u0131 f\u0259aliyy\u0259t g\u00f6st\u0259rm\u0259m\u0259si il\u0259 irsimiz m\u0259hv edilir&#8221;.<\/p>\n","protected":false},"excerpt":{"rendered":"","protected":false},"author":14,"featured_media":258380,"comment_status":"closed","ping_status":"","sticky":false,"template":"","format":"standard","meta":{"_acf_changed":false,"_sitemap_exclude":false,"_sitemap_priority":"","_sitemap_frequency":"","footnotes":""},"categories":[52,63],"tags":[],"class_list":["post-258379","post","type-post","status-publish","format-standard","has-post-thumbnail","hentry","category-medeniyyet","category-video-2","infinite-scroll-item","generate-columns","tablet-grid-50","mobile-grid-100","grid-parent","grid-33","no-featured-image-padding"],"acf":[],"yoast_head":"<!-- This site is optimized with the Yoast SEO plugin v27.5 - https:\/\/yoast.com\/product\/yoast-seo-wordpress\/ -->\n<title>MeyArt - Cavan\u015fir Quliyev: &quot;G\u00f6rd\u00fcm m\u0259n\u0259 m\u00fcnasib\u0259t d\u0259yi\u015fib, Az\u0259rbaycana qay\u0131td\u0131m&quot; - MEYDAN.TV<\/title>\n<meta name=\"robots\" content=\"index, follow, max-snippet:-1, max-image-preview:large, max-video-preview:-1\" \/>\n<link rel=\"canonical\" href=\"https:\/\/www.meydan.tv\/az\/article\/meyart-cavansir-quliyev-gordum-mene-munasibet-deyisib-azerbaycana-qayitdim\/\" \/>\n<meta property=\"og:locale\" content=\"az_AZ\" \/>\n<meta property=\"og:type\" content=\"article\" \/>\n<meta property=\"og:title\" content=\"MeyArt - Cavan\u015fir Quliyev: &quot;G\u00f6rd\u00fcm m\u0259n\u0259 m\u00fcnasib\u0259t d\u0259yi\u015fib, Az\u0259rbaycana qay\u0131td\u0131m&quot; - MEYDAN.TV\" \/>\n<meta property=\"og:url\" content=\"https:\/\/www.meydan.tv\/az\/article\/meyart-cavansir-quliyev-gordum-mene-munasibet-deyisib-azerbaycana-qayitdim\/\" \/>\n<meta property=\"og:site_name\" content=\"MEYDAN.TV\" \/>\n<meta property=\"article:published_time\" content=\"2022-10-17T09:06:16+00:00\" \/>\n<meta name=\"author\" content=\"roma\" \/>\n<meta name=\"twitter:card\" content=\"summary_large_image\" \/>\n<script type=\"application\/ld+json\" class=\"yoast-schema-graph\">{\"@context\":\"https:\\\/\\\/schema.org\",\"@graph\":[{\"@type\":\"Article\",\"@id\":\"https:\\\/\\\/www.meydan.tv\\\/az\\\/article\\\/meyart-cavansir-quliyev-gordum-mene-munasibet-deyisib-azerbaycana-qayitdim\\\/#article\",\"isPartOf\":{\"@id\":\"https:\\\/\\\/www.meydan.tv\\\/az\\\/article\\\/meyart-cavansir-quliyev-gordum-mene-munasibet-deyisib-azerbaycana-qayitdim\\\/\"},\"author\":{\"name\":\"roma\",\"@id\":\"https:\\\/\\\/www.meydan.tv\\\/az\\\/#\\\/schema\\\/person\\\/8f23e01c4de63326c13c319fb65ee65d\"},\"headline\":\"MeyArt &#8211; Cavan\u015fir Quliyev: &#8220;G\u00f6rd\u00fcm m\u0259n\u0259 m\u00fcnasib\u0259t d\u0259yi\u015fib, Az\u0259rbaycana qay\u0131td\u0131m&#8221;\",\"datePublished\":\"2022-10-17T09:06:16+00:00\",\"mainEntityOfPage\":{\"@id\":\"https:\\\/\\\/www.meydan.tv\\\/az\\\/article\\\/meyart-cavansir-quliyev-gordum-mene-munasibet-deyisib-azerbaycana-qayitdim\\\/\"},\"wordCount\":539,\"publisher\":{\"@id\":\"https:\\\/\\\/www.meydan.tv\\\/az\\\/#organization\"},\"image\":{\"@id\":\"https:\\\/\\\/www.meydan.tv\\\/az\\\/article\\\/meyart-cavansir-quliyev-gordum-mene-munasibet-deyisib-azerbaycana-qayitdim\\\/#primaryimage\"},\"thumbnailUrl\":\"https:\\\/\\\/www.meydan.tv\\\/wp-content\\\/uploads\\\/screenshot-at-oct-16-14-01-09.png\",\"articleSection\":[\"M\u0259d\u0259niyy\u0259t\",\"Video\"],\"inLanguage\":\"az\"},{\"@type\":\"WebPage\",\"@id\":\"https:\\\/\\\/www.meydan.tv\\\/az\\\/article\\\/meyart-cavansir-quliyev-gordum-mene-munasibet-deyisib-azerbaycana-qayitdim\\\/\",\"url\":\"https:\\\/\\\/www.meydan.tv\\\/az\\\/article\\\/meyart-cavansir-quliyev-gordum-mene-munasibet-deyisib-azerbaycana-qayitdim\\\/\",\"name\":\"MeyArt - Cavan\u015fir Quliyev: \\\"G\u00f6rd\u00fcm m\u0259n\u0259 m\u00fcnasib\u0259t d\u0259yi\u015fib, Az\u0259rbaycana qay\u0131td\u0131m\\\" - MEYDAN.TV\",\"isPartOf\":{\"@id\":\"https:\\\/\\\/www.meydan.tv\\\/az\\\/#website\"},\"primaryImageOfPage\":{\"@id\":\"https:\\\/\\\/www.meydan.tv\\\/az\\\/article\\\/meyart-cavansir-quliyev-gordum-mene-munasibet-deyisib-azerbaycana-qayitdim\\\/#primaryimage\"},\"image\":{\"@id\":\"https:\\\/\\\/www.meydan.tv\\\/az\\\/article\\\/meyart-cavansir-quliyev-gordum-mene-munasibet-deyisib-azerbaycana-qayitdim\\\/#primaryimage\"},\"thumbnailUrl\":\"https:\\\/\\\/www.meydan.tv\\\/wp-content\\\/uploads\\\/screenshot-at-oct-16-14-01-09.png\",\"datePublished\":\"2022-10-17T09:06:16+00:00\",\"breadcrumb\":{\"@id\":\"https:\\\/\\\/www.meydan.tv\\\/az\\\/article\\\/meyart-cavansir-quliyev-gordum-mene-munasibet-deyisib-azerbaycana-qayitdim\\\/#breadcrumb\"},\"inLanguage\":\"az\",\"potentialAction\":[{\"@type\":\"ReadAction\",\"target\":[\"https:\\\/\\\/www.meydan.tv\\\/az\\\/article\\\/meyart-cavansir-quliyev-gordum-mene-munasibet-deyisib-azerbaycana-qayitdim\\\/\"]}]},{\"@type\":\"ImageObject\",\"inLanguage\":\"az\",\"@id\":\"https:\\\/\\\/www.meydan.tv\\\/az\\\/article\\\/meyart-cavansir-quliyev-gordum-mene-munasibet-deyisib-azerbaycana-qayitdim\\\/#primaryimage\",\"url\":\"https:\\\/\\\/www.meydan.tv\\\/wp-content\\\/uploads\\\/screenshot-at-oct-16-14-01-09.png\",\"contentUrl\":\"https:\\\/\\\/www.meydan.tv\\\/wp-content\\\/uploads\\\/screenshot-at-oct-16-14-01-09.png\",\"width\":1360,\"height\":756},{\"@type\":\"BreadcrumbList\",\"@id\":\"https:\\\/\\\/www.meydan.tv\\\/az\\\/article\\\/meyart-cavansir-quliyev-gordum-mene-munasibet-deyisib-azerbaycana-qayitdim\\\/#breadcrumb\",\"itemListElement\":[{\"@type\":\"ListItem\",\"position\":1,\"name\":\"Ana s\u0259hif\u0259\",\"item\":\"https:\\\/\\\/www.meydan.tv\\\/az\\\/\"},{\"@type\":\"ListItem\",\"position\":2,\"name\":\"Uncategorized @az\",\"item\":\"https:\\\/\\\/www.meydan.tv\\\/az\\\/section\\\/uncategorized-az\\\/\"},{\"@type\":\"ListItem\",\"position\":3,\"name\":\"MeyArt &#8211; Cavan\u015fir Quliyev: &#8220;G\u00f6rd\u00fcm m\u0259n\u0259 m\u00fcnasib\u0259t d\u0259yi\u015fib, Az\u0259rbaycana qay\u0131td\u0131m&#8221;\"}]},{\"@type\":\"WebSite\",\"@id\":\"https:\\\/\\\/www.meydan.tv\\\/az\\\/#website\",\"url\":\"https:\\\/\\\/www.meydan.tv\\\/az\\\/\",\"name\":\"MEYDAN.TV\",\"description\":\"Meydan TV Az\u0259rbaycan\u0131n media m\u0259kan\u0131ndak\u0131 alternativ s\u0259sidir\",\"publisher\":{\"@id\":\"https:\\\/\\\/www.meydan.tv\\\/az\\\/#organization\"},\"potentialAction\":[{\"@type\":\"SearchAction\",\"target\":{\"@type\":\"EntryPoint\",\"urlTemplate\":\"https:\\\/\\\/www.meydan.tv\\\/az\\\/?s={search_term_string}\"},\"query-input\":{\"@type\":\"PropertyValueSpecification\",\"valueRequired\":true,\"valueName\":\"search_term_string\"}}],\"inLanguage\":\"az\"},{\"@type\":\"Organization\",\"@id\":\"https:\\\/\\\/www.meydan.tv\\\/az\\\/#organization\",\"name\":\"Meydan TV\",\"url\":\"https:\\\/\\\/www.meydan.tv\\\/az\\\/\",\"logo\":{\"@type\":\"ImageObject\",\"inLanguage\":\"az\",\"@id\":\"https:\\\/\\\/www.meydan.tv\\\/az\\\/#\\\/schema\\\/logo\\\/image\\\/\",\"url\":\"https:\\\/\\\/www.meydan.tv\\\/wp-content\\\/uploads\\\/2021\\\/07\\\/meydan-logo.svg\",\"contentUrl\":\"https:\\\/\\\/www.meydan.tv\\\/wp-content\\\/uploads\\\/2021\\\/07\\\/meydan-logo.svg\",\"width\":195,\"height\":46,\"caption\":\"Meydan TV\"},\"image\":{\"@id\":\"https:\\\/\\\/www.meydan.tv\\\/az\\\/#\\\/schema\\\/logo\\\/image\\\/\"}},{\"@type\":\"Person\",\"@id\":\"https:\\\/\\\/www.meydan.tv\\\/az\\\/#\\\/schema\\\/person\\\/8f23e01c4de63326c13c319fb65ee65d\",\"name\":\"roma\"}]}<\/script>\n<!-- \/ Yoast SEO plugin. -->","yoast_head_json":{"title":"MeyArt - Cavan\u015fir Quliyev: \"G\u00f6rd\u00fcm m\u0259n\u0259 m\u00fcnasib\u0259t d\u0259yi\u015fib, Az\u0259rbaycana qay\u0131td\u0131m\" - MEYDAN.TV","robots":{"index":"index","follow":"follow","max-snippet":"max-snippet:-1","max-image-preview":"max-image-preview:large","max-video-preview":"max-video-preview:-1"},"canonical":"https:\/\/www.meydan.tv\/az\/article\/meyart-cavansir-quliyev-gordum-mene-munasibet-deyisib-azerbaycana-qayitdim\/","og_locale":"az_AZ","og_type":"article","og_title":"MeyArt - Cavan\u015fir Quliyev: \"G\u00f6rd\u00fcm m\u0259n\u0259 m\u00fcnasib\u0259t d\u0259yi\u015fib, Az\u0259rbaycana qay\u0131td\u0131m\" - MEYDAN.TV","og_url":"https:\/\/www.meydan.tv\/az\/article\/meyart-cavansir-quliyev-gordum-mene-munasibet-deyisib-azerbaycana-qayitdim\/","og_site_name":"MEYDAN.TV","article_published_time":"2022-10-17T09:06:16+00:00","author":"roma","twitter_card":"summary_large_image","schema":{"@context":"https:\/\/schema.org","@graph":[{"@type":"Article","@id":"https:\/\/www.meydan.tv\/az\/article\/meyart-cavansir-quliyev-gordum-mene-munasibet-deyisib-azerbaycana-qayitdim\/#article","isPartOf":{"@id":"https:\/\/www.meydan.tv\/az\/article\/meyart-cavansir-quliyev-gordum-mene-munasibet-deyisib-azerbaycana-qayitdim\/"},"author":{"name":"roma","@id":"https:\/\/www.meydan.tv\/az\/#\/schema\/person\/8f23e01c4de63326c13c319fb65ee65d"},"headline":"MeyArt &#8211; Cavan\u015fir Quliyev: &#8220;G\u00f6rd\u00fcm m\u0259n\u0259 m\u00fcnasib\u0259t d\u0259yi\u015fib, Az\u0259rbaycana qay\u0131td\u0131m&#8221;","datePublished":"2022-10-17T09:06:16+00:00","mainEntityOfPage":{"@id":"https:\/\/www.meydan.tv\/az\/article\/meyart-cavansir-quliyev-gordum-mene-munasibet-deyisib-azerbaycana-qayitdim\/"},"wordCount":539,"publisher":{"@id":"https:\/\/www.meydan.tv\/az\/#organization"},"image":{"@id":"https:\/\/www.meydan.tv\/az\/article\/meyart-cavansir-quliyev-gordum-mene-munasibet-deyisib-azerbaycana-qayitdim\/#primaryimage"},"thumbnailUrl":"https:\/\/www.meydan.tv\/wp-content\/uploads\/screenshot-at-oct-16-14-01-09.png","articleSection":["M\u0259d\u0259niyy\u0259t","Video"],"inLanguage":"az"},{"@type":"WebPage","@id":"https:\/\/www.meydan.tv\/az\/article\/meyart-cavansir-quliyev-gordum-mene-munasibet-deyisib-azerbaycana-qayitdim\/","url":"https:\/\/www.meydan.tv\/az\/article\/meyart-cavansir-quliyev-gordum-mene-munasibet-deyisib-azerbaycana-qayitdim\/","name":"MeyArt - Cavan\u015fir Quliyev: \"G\u00f6rd\u00fcm m\u0259n\u0259 m\u00fcnasib\u0259t d\u0259yi\u015fib, Az\u0259rbaycana qay\u0131td\u0131m\" - MEYDAN.TV","isPartOf":{"@id":"https:\/\/www.meydan.tv\/az\/#website"},"primaryImageOfPage":{"@id":"https:\/\/www.meydan.tv\/az\/article\/meyart-cavansir-quliyev-gordum-mene-munasibet-deyisib-azerbaycana-qayitdim\/#primaryimage"},"image":{"@id":"https:\/\/www.meydan.tv\/az\/article\/meyart-cavansir-quliyev-gordum-mene-munasibet-deyisib-azerbaycana-qayitdim\/#primaryimage"},"thumbnailUrl":"https:\/\/www.meydan.tv\/wp-content\/uploads\/screenshot-at-oct-16-14-01-09.png","datePublished":"2022-10-17T09:06:16+00:00","breadcrumb":{"@id":"https:\/\/www.meydan.tv\/az\/article\/meyart-cavansir-quliyev-gordum-mene-munasibet-deyisib-azerbaycana-qayitdim\/#breadcrumb"},"inLanguage":"az","potentialAction":[{"@type":"ReadAction","target":["https:\/\/www.meydan.tv\/az\/article\/meyart-cavansir-quliyev-gordum-mene-munasibet-deyisib-azerbaycana-qayitdim\/"]}]},{"@type":"ImageObject","inLanguage":"az","@id":"https:\/\/www.meydan.tv\/az\/article\/meyart-cavansir-quliyev-gordum-mene-munasibet-deyisib-azerbaycana-qayitdim\/#primaryimage","url":"https:\/\/www.meydan.tv\/wp-content\/uploads\/screenshot-at-oct-16-14-01-09.png","contentUrl":"https:\/\/www.meydan.tv\/wp-content\/uploads\/screenshot-at-oct-16-14-01-09.png","width":1360,"height":756},{"@type":"BreadcrumbList","@id":"https:\/\/www.meydan.tv\/az\/article\/meyart-cavansir-quliyev-gordum-mene-munasibet-deyisib-azerbaycana-qayitdim\/#breadcrumb","itemListElement":[{"@type":"ListItem","position":1,"name":"Ana s\u0259hif\u0259","item":"https:\/\/www.meydan.tv\/az\/"},{"@type":"ListItem","position":2,"name":"Uncategorized @az","item":"https:\/\/www.meydan.tv\/az\/section\/uncategorized-az\/"},{"@type":"ListItem","position":3,"name":"MeyArt &#8211; Cavan\u015fir Quliyev: &#8220;G\u00f6rd\u00fcm m\u0259n\u0259 m\u00fcnasib\u0259t d\u0259yi\u015fib, Az\u0259rbaycana qay\u0131td\u0131m&#8221;"}]},{"@type":"WebSite","@id":"https:\/\/www.meydan.tv\/az\/#website","url":"https:\/\/www.meydan.tv\/az\/","name":"MEYDAN.TV","description":"Meydan TV Az\u0259rbaycan\u0131n media m\u0259kan\u0131ndak\u0131 alternativ s\u0259sidir","publisher":{"@id":"https:\/\/www.meydan.tv\/az\/#organization"},"potentialAction":[{"@type":"SearchAction","target":{"@type":"EntryPoint","urlTemplate":"https:\/\/www.meydan.tv\/az\/?s={search_term_string}"},"query-input":{"@type":"PropertyValueSpecification","valueRequired":true,"valueName":"search_term_string"}}],"inLanguage":"az"},{"@type":"Organization","@id":"https:\/\/www.meydan.tv\/az\/#organization","name":"Meydan TV","url":"https:\/\/www.meydan.tv\/az\/","logo":{"@type":"ImageObject","inLanguage":"az","@id":"https:\/\/www.meydan.tv\/az\/#\/schema\/logo\/image\/","url":"https:\/\/www.meydan.tv\/wp-content\/uploads\/2021\/07\/meydan-logo.svg","contentUrl":"https:\/\/www.meydan.tv\/wp-content\/uploads\/2021\/07\/meydan-logo.svg","width":195,"height":46,"caption":"Meydan TV"},"image":{"@id":"https:\/\/www.meydan.tv\/az\/#\/schema\/logo\/image\/"}},{"@type":"Person","@id":"https:\/\/www.meydan.tv\/az\/#\/schema\/person\/8f23e01c4de63326c13c319fb65ee65d","name":"roma"}]}},"_links":{"self":[{"href":"https:\/\/www.meydan.tv\/az\/wp-json\/wp\/v2\/posts\/258379","targetHints":{"allow":["GET"]}}],"collection":[{"href":"https:\/\/www.meydan.tv\/az\/wp-json\/wp\/v2\/posts"}],"about":[{"href":"https:\/\/www.meydan.tv\/az\/wp-json\/wp\/v2\/types\/post"}],"author":[{"embeddable":true,"href":"https:\/\/www.meydan.tv\/az\/wp-json\/wp\/v2\/users\/14"}],"replies":[{"embeddable":true,"href":"https:\/\/www.meydan.tv\/az\/wp-json\/wp\/v2\/comments?post=258379"}],"version-history":[{"count":1,"href":"https:\/\/www.meydan.tv\/az\/wp-json\/wp\/v2\/posts\/258379\/revisions"}],"predecessor-version":[{"id":258423,"href":"https:\/\/www.meydan.tv\/az\/wp-json\/wp\/v2\/posts\/258379\/revisions\/258423"}],"wp:featuredmedia":[{"embeddable":true,"href":"https:\/\/www.meydan.tv\/az\/wp-json\/wp\/v2\/media\/258380"}],"wp:attachment":[{"href":"https:\/\/www.meydan.tv\/az\/wp-json\/wp\/v2\/media?parent=258379"}],"wp:term":[{"taxonomy":"category","embeddable":true,"href":"https:\/\/www.meydan.tv\/az\/wp-json\/wp\/v2\/categories?post=258379"},{"taxonomy":"post_tag","embeddable":true,"href":"https:\/\/www.meydan.tv\/az\/wp-json\/wp\/v2\/tags?post=258379"}],"curies":[{"name":"wp","href":"https:\/\/api.w.org\/{rel}","templated":true}]}}