{"id":258279,"date":"2022-10-13T18:06:24","date_gmt":"2022-10-13T14:06:24","guid":{"rendered":"https:\/\/www.meydan.tv\/?p=258279"},"modified":"2022-10-13T18:06:26","modified_gmt":"2022-10-13T14:06:26","slug":"sehid-ailesine-verilen-qanpulu-da-yolun-temirine-getdi","status":"publish","type":"post","link":"https:\/\/www.meydan.tv\/az\/article\/sehid-ailesine-verilen-qanpulu-da-yolun-temirine-getdi\/","title":{"rendered":"\u201c\u015e\u0259hid ail\u0259sin\u0259 veril\u0259n qanpulu da yolun t\u0259mirin\u0259 getdi\u201d"},"content":{"rendered":"\n<p><\/p>\n\n\n\n<p><em>Da\u011f\u0131n ba\u015f\u0131ndak\u0131 k\u0259ndin sakinl\u0259ri da\u011fdan a\u011f\u0131r probleml\u0259r i\u00e7ind\u0259 ya\u015fad\u0131qlar\u0131n\u0131 deyirl\u0259r<\/em><\/p>\n\n\n\n<p>\u201c\u00d6t\u0259n il k\u00fcl\u0259yin vurub yer\u0259 sald\u0131\u011f\u0131 elektrik naqill\u0259rin\u0259 ili\u015f\u0259n qoyunlar\u0131m\u0131z\u0131 c\u0259r\u0259yan vurub \u00f6ld\u00fcrd\u00fc. U\u015faqlar m\u0259kt\u0259b\u0259 gedib-g\u0259l\u0259nd\u0259 b\u0259z\u0259n elektrik naqill\u0259rinin \u00fcz\u0259rind\u0259n hoppan\u0131b ke\u00e7irl\u0259r. Bizim h\u0259y\u0259t\u0259 d\u00f6n\u0259n yolda da tez-tez naqill\u0259r q\u0131r\u0131l\u0131b yer\u0259 d\u00fc\u015f\u00fcr, qaranl\u0131qda g\u00f6rm\u0259k m\u00fcmk\u00fcn olmur\u201d.<\/p>\n\n\n\n<p>Lerikin Soru k\u0259nd sakinl\u0259ri Meydan TV-y\u0259 k\u0259ndi a\u011fu\u015funa alm\u0131\u015f sosial probleml\u0259rd\u0259n dan\u0131\u015f\u0131blar. Onlar\u0131n iddias\u0131na g\u00f6r\u0259, uzun ill\u0259rdir ki, k\u0259ndd\u0259ki i\u015f\u0131q, yol, su k\u0259ndd\u0259ki enerji paylay\u0131c\u0131s\u0131 \u00e7oxdan \u00f6mr\u00fcn\u00fc ba\u015fa vursa da, t\u0259z\u0259siyl\u0259 \u0259v\u0259z olunmur. N\u0259tic\u0259d\u0259, sakinl\u0259r k\u0259nd i\u00e7ind\u0259 canlar\u0131n\u0131 di\u015fl\u0259rin\u0259 tutub g\u0259zirl\u0259r.<\/p>\n\n\n\n<figure class=\"wp-block-image size-full\"><img decoding=\"async\" width=\"1200\" height=\"675\" data-src=\"https:\/\/www.meydan.tv\/wp-content\/uploads\/kendin_girish_lovhesi.jpg\" alt=\"\" class=\"wp-image-258273 lazyload\" src=\"data:image\/svg+xml;base64,PHN2ZyB3aWR0aD0iMSIgaGVpZ2h0PSIxIiB4bWxucz0iaHR0cDovL3d3dy53My5vcmcvMjAwMC9zdmciPjwvc3ZnPg==\" style=\"--smush-placeholder-width: 1200px; --smush-placeholder-aspect-ratio: 1200\/675;\" \/><figcaption>Fotolar: Meydan TV<\/figcaption><\/figure>\n\n\n\n<p><strong>\u201cElektrik naqill\u0259ri yerl\u0259 s\u00fcr\u00fcn\u00fcr\u201d<\/strong><\/p>\n\n\n\n<p>K\u0259nd sakini \u015e\u0259rif N\u0259sirli dan\u0131\u015f\u0131r:<\/p>\n\n\n\n<p>\u201cTransformator k\u00f6hn\u0259dir, tez-tez partlay\u0131r, azca k\u00fcl\u0259k \u0259s\u0259n kimi i\u015f\u0131q dir\u0259kl\u0259ri \u00e7\u00f6k\u00fcr, \u00e7\u00fcr\u00fck naqill\u0259r q\u0131r\u0131l\u0131b yer\u0259 d\u00fc\u015f\u00fcr. Ya\u011f\u0131\u015fl\u0131 g\u00fcnl\u0259rd\u0259 bu, insan h\u0259yat\u0131 \u00fc\u00e7\u00fcn daha t\u0259hl\u00fck\u0259li olur. Yer ya\u015f oldu\u011fundan naqill\u0259rin d\u00fc\u015fd\u00fcy\u00fc \u0259razinin yax\u0131nl\u0131\u011f\u0131ndan ke\u00e7\u0259nl\u0259ri c\u0259r\u0259yan vurur\u201d.<\/p>\n\n\n\n<p>Sakin deyir, k\u00fcl\u0259k i\u015f\u0131q dir\u0259kl\u0259rini a\u015f\u0131randa aidiyy\u0259ti qurumlar\u0131n i\u015f\u00e7il\u0259ri \u00e7a\u011f\u0131r\u0131\u015fa g\u0259lm\u0259dikl\u0259rin\u0259 g\u00f6r\u0259 \u00f6zl\u0259ri qald\u0131r\u0131b yerin\u0259 b\u0259rkidir, naqill\u0259ri d\u0259 dir\u0259kl\u0259r\u0259 sar\u0131y\u0131rlar:<\/p>\n\n\n\n<p>\u201cAx\u015fam q\u0131r\u0131l\u0131r, d\u00fc\u015f\u00fcr yer\u0259, qaranl\u0131qda telefonun f\u0259n\u0259rini tutub g\u0259zirik, qorxuruq ki, tapdalayar\u0131q, c\u0259r\u0259yan vurar. \u018fn \u00e7ox da u\u015faqlar \u00fc\u00e7\u00fcn qorxuruq. Qa\u015f qaralanda k\u00fc\u00e7\u0259y\u0259 buraxm\u0131r\u0131q\u201d.<\/p>\n\n\n\n<figure class=\"wp-block-image size-full\"><img decoding=\"async\" width=\"1200\" height=\"675\" data-src=\"https:\/\/www.meydan.tv\/wp-content\/uploads\/kendin_transformatoru.jpg\" alt=\"\" class=\"wp-image-258267 lazyload\" src=\"data:image\/svg+xml;base64,PHN2ZyB3aWR0aD0iMSIgaGVpZ2h0PSIxIiB4bWxucz0iaHR0cDovL3d3dy53My5vcmcvMjAwMC9zdmciPjwvc3ZnPg==\" style=\"--smush-placeholder-width: 1200px; --smush-placeholder-aspect-ratio: 1200\/675;\" \/><\/figure>\n\n\n\n<p><strong>T\u0259z\u0259 m\u0259kt\u0259b\u0259 k\u00f6hn\u0259 yollarla\u2026<\/strong><\/p>\n\n\n\n<p>K\u0259ndi\u00e7i yollar da pal\u00e7\u0131ql\u0131d\u0131r. Sakinl\u0259r pul toplay\u0131b yolu t\u0259mir edibl\u0259r, ancaq bu i\u015fl\u0259r d\u0259 yar\u0131m\u00e7\u0131q qal\u0131b:<\/p>\n\n\n\n<p>\u201c\u015e\u0259hid ail\u0259sin\u0259 veril\u0259n qanpulu da yolun t\u0259mirin\u0259 getdi. Ancaq d\u00f6vl\u0259t \u00f6z\u00fc bu i\u015fl\u0259 m\u0259\u015f\u011ful olmasa, kas\u0131b k\u0259ndlinin qald\u0131raca\u011f\u0131 y\u00fck deyil bu\u2026 H\u0259r g\u00fcn u\u015faqlar\u0131m\u0131z bu yollarla m\u0259kt\u0259b\u0259 gedib-g\u0259lm\u0259li olurlar\u201d.<\/p>\n\n\n\n<p>M\u0259kt\u0259b demi\u015fk\u0259n, Soruda he\u00e7 \u0259m\u0259lli-ba\u015fl\u0131 m\u0259kt\u0259b d\u0259 yoxdur. Azya\u015fl\u0131lar k\u00f6hn\u0259, soyuq sinif otaqlar\u0131nda t\u0259hsil al\u0131r.<\/p>\n\n\n\n<p>Soruda qaz, su problemi d\u0259 m\u00f6vcuddur. \u018fsas\u0259n d\u0259 yay aylar\u0131nda k\u0259ndlil\u0259r n\u0259 suvarma, n\u0259 d\u0259 i\u00e7m\u0259li su tap\u0131rlar. Bir s\u00f6zl\u0259, 1500-d\u0259n \u00e7ox \u0259halisi olan k\u0259nd probleml\u0259rin m\u0259ng\u0259n\u0259sind\u0259 s\u0131x\u0131l\u0131r.<\/p>\n\n\n\n<figure class=\"wp-block-image size-full\"><img decoding=\"async\" width=\"1200\" height=\"675\" data-src=\"https:\/\/www.meydan.tv\/wp-content\/uploads\/kend_sakini_sherif_nesirli.jpg\" alt=\"\" class=\"wp-image-258276 lazyload\" src=\"data:image\/svg+xml;base64,PHN2ZyB3aWR0aD0iMSIgaGVpZ2h0PSIxIiB4bWxucz0iaHR0cDovL3d3dy53My5vcmcvMjAwMC9zdmciPjwvc3ZnPg==\" style=\"--smush-placeholder-width: 1200px; --smush-placeholder-aspect-ratio: 1200\/675;\" \/><figcaption>\u015e\u0259rif N\u0259sirli. Foto: Meydan TV<\/figcaption><\/figure>\n\n\n\n<p>Lerik Rayon \u0130cra Hakimiyy\u0259tind\u0259n Meydan TV-y\u0259 bildirilib ki, oktyabr\u0131n \u0259vv\u0259li icra hakimiyy\u0259tinin ba\u015f\u00e7\u0131s\u0131 \u018fkb\u0259r Abbasov Soru k\u0259ndind\u0259 n\u00f6vb\u0259ti d\u0259f\u0259 s\u0259yyar g\u00f6r\u00fc\u015f ke\u00e7irib, k\u0259ndlil\u0259rin probleml\u0259rini dinl\u0259yib, bu probleml\u0259rin h\u0259lli \u00fc\u00e7\u00fcn aidiyy\u0259ti qurumlara m\u00fcraci\u0259t olunub.<\/p>\n\n\n\n<p>\u201cAz\u0259ri\u015f\u0131q\u201d ASC-d\u0259n is\u0259 bildirilib ki, k\u0259ndin i\u015f\u0131q problemiyl\u0259 ba\u011fl\u0131 m\u0259lumatlar\u0131 var v\u0259 probleml\u0259ri yerind\u0259 daha \u0259trafl\u0131 \u00f6yr\u0259nm\u0259k \u00fc\u00e7\u00fcn bir ne\u00e7\u0259 g\u00fcn\u0259 k\u0259nd\u0259 n\u00fcmay\u0259nd\u0259l\u0259r g\u00f6nd\u0259ril\u0259c\u0259k.<\/p>\n","protected":false},"excerpt":{"rendered":"<p>Da\u011f\u0131n ba\u015f\u0131ndak\u0131 k\u0259ndin sakinl\u0259ri da\u011fdan a\u011f\u0131r probleml\u0259r i\u00e7ind\u0259 ya\u015fad\u0131qlar\u0131n\u0131 deyirl\u0259r &#8230; <\/p>\n<p class=\"read-more-container\"><a title=\"\u201c\u015e\u0259hid ail\u0259sin\u0259 veril\u0259n qanpulu da yolun t\u0259mirin\u0259 getdi\u201d\" class=\"read-more button\" href=\"https:\/\/www.meydan.tv\/az\/article\/sehid-ailesine-verilen-qanpulu-da-yolun-temirine-getdi\/#more-258279\" aria-label=\"Read more about \u201c\u015e\u0259hid ail\u0259sin\u0259 veril\u0259n qanpulu da yolun t\u0259mirin\u0259 getdi\u201d\">Davam\u0131<\/a><\/p>\n","protected":false},"author":8,"featured_media":258270,"comment_status":"closed","ping_status":"closed","sticky":false,"template":"","format":"standard","meta":{"_acf_changed":false,"_sitemap_exclude":false,"_sitemap_priority":"","_sitemap_frequency":"","footnotes":""},"categories":[60,56],"tags":[],"class_list":["post-258279","post","type-post","status-publish","format-standard","has-post-thumbnail","hentry","category-bolge","category-xeberler","infinite-scroll-item","generate-columns","tablet-grid-50","mobile-grid-100","grid-parent","grid-33","no-featured-image-padding"],"acf":[],"yoast_head":"<!-- This site is optimized with the Yoast SEO plugin v27.5 - https:\/\/yoast.com\/product\/yoast-seo-wordpress\/ -->\n<title>\u201c\u015e\u0259hid ail\u0259sin\u0259 veril\u0259n qanpulu da yolun t\u0259mirin\u0259 getdi\u201d - MEYDAN.TV<\/title>\n<meta name=\"robots\" content=\"index, follow, max-snippet:-1, max-image-preview:large, max-video-preview:-1\" \/>\n<link rel=\"canonical\" href=\"https:\/\/www.meydan.tv\/az\/article\/sehid-ailesine-verilen-qanpulu-da-yolun-temirine-getdi\/\" \/>\n<meta property=\"og:locale\" content=\"az_AZ\" \/>\n<meta property=\"og:type\" content=\"article\" \/>\n<meta property=\"og:title\" content=\"\u201c\u015e\u0259hid ail\u0259sin\u0259 veril\u0259n qanpulu da yolun t\u0259mirin\u0259 getdi\u201d - MEYDAN.TV\" \/>\n<meta property=\"og:description\" content=\"Da\u011f\u0131n ba\u015f\u0131ndak\u0131 k\u0259ndin sakinl\u0259ri da\u011fdan a\u011f\u0131r probleml\u0259r i\u00e7ind\u0259 ya\u015fad\u0131qlar\u0131n\u0131 deyirl\u0259r ... Davam\u0131\" \/>\n<meta property=\"og:url\" content=\"https:\/\/www.meydan.tv\/az\/article\/sehid-ailesine-verilen-qanpulu-da-yolun-temirine-getdi\/\" \/>\n<meta property=\"og:site_name\" content=\"MEYDAN.TV\" \/>\n<meta property=\"article:published_time\" content=\"2022-10-13T14:06:24+00:00\" \/>\n<meta property=\"article:modified_time\" content=\"2022-10-13T14:06:26+00:00\" \/>\n<meta property=\"og:image\" content=\"https:\/\/www.meydan.tv\/wp-content\/uploads\/kendin_ishiq_direkleri.jpg\" \/>\n\t<meta property=\"og:image:width\" content=\"1200\" \/>\n\t<meta property=\"og:image:height\" content=\"675\" \/>\n\t<meta property=\"og:image:type\" content=\"image\/jpeg\" \/>\n<meta name=\"author\" content=\"elli\" \/>\n<meta name=\"twitter:card\" content=\"summary_large_image\" \/>\n<meta name=\"twitter:creator\" content=\"@elli\" \/>\n<script type=\"application\/ld+json\" class=\"yoast-schema-graph\">{\"@context\":\"https:\\\/\\\/schema.org\",\"@graph\":[{\"@type\":\"Article\",\"@id\":\"https:\\\/\\\/www.meydan.tv\\\/az\\\/article\\\/sehid-ailesine-verilen-qanpulu-da-yolun-temirine-getdi\\\/#article\",\"isPartOf\":{\"@id\":\"https:\\\/\\\/www.meydan.tv\\\/az\\\/article\\\/sehid-ailesine-verilen-qanpulu-da-yolun-temirine-getdi\\\/\"},\"author\":{\"name\":\"elli\",\"@id\":\"https:\\\/\\\/www.meydan.tv\\\/az\\\/#\\\/schema\\\/person\\\/9cdbecf90d17180ce1dfbd95b08dcf47\"},\"headline\":\"\u201c\u015e\u0259hid ail\u0259sin\u0259 veril\u0259n qanpulu da yolun t\u0259mirin\u0259 getdi\u201d\",\"datePublished\":\"2022-10-13T14:06:24+00:00\",\"dateModified\":\"2022-10-13T14:06:26+00:00\",\"mainEntityOfPage\":{\"@id\":\"https:\\\/\\\/www.meydan.tv\\\/az\\\/article\\\/sehid-ailesine-verilen-qanpulu-da-yolun-temirine-getdi\\\/\"},\"wordCount\":621,\"publisher\":{\"@id\":\"https:\\\/\\\/www.meydan.tv\\\/az\\\/#organization\"},\"image\":{\"@id\":\"https:\\\/\\\/www.meydan.tv\\\/az\\\/article\\\/sehid-ailesine-verilen-qanpulu-da-yolun-temirine-getdi\\\/#primaryimage\"},\"thumbnailUrl\":\"https:\\\/\\\/www.meydan.tv\\\/wp-content\\\/uploads\\\/kendin_ishiq_direkleri.jpg\",\"articleSection\":[\"B\u00f6lg\u0259\",\"X\u0259b\u0259rl\u0259r\"],\"inLanguage\":\"az\"},{\"@type\":\"WebPage\",\"@id\":\"https:\\\/\\\/www.meydan.tv\\\/az\\\/article\\\/sehid-ailesine-verilen-qanpulu-da-yolun-temirine-getdi\\\/\",\"url\":\"https:\\\/\\\/www.meydan.tv\\\/az\\\/article\\\/sehid-ailesine-verilen-qanpulu-da-yolun-temirine-getdi\\\/\",\"name\":\"\u201c\u015e\u0259hid ail\u0259sin\u0259 veril\u0259n qanpulu da yolun t\u0259mirin\u0259 getdi\u201d - MEYDAN.TV\",\"isPartOf\":{\"@id\":\"https:\\\/\\\/www.meydan.tv\\\/az\\\/#website\"},\"primaryImageOfPage\":{\"@id\":\"https:\\\/\\\/www.meydan.tv\\\/az\\\/article\\\/sehid-ailesine-verilen-qanpulu-da-yolun-temirine-getdi\\\/#primaryimage\"},\"image\":{\"@id\":\"https:\\\/\\\/www.meydan.tv\\\/az\\\/article\\\/sehid-ailesine-verilen-qanpulu-da-yolun-temirine-getdi\\\/#primaryimage\"},\"thumbnailUrl\":\"https:\\\/\\\/www.meydan.tv\\\/wp-content\\\/uploads\\\/kendin_ishiq_direkleri.jpg\",\"datePublished\":\"2022-10-13T14:06:24+00:00\",\"dateModified\":\"2022-10-13T14:06:26+00:00\",\"breadcrumb\":{\"@id\":\"https:\\\/\\\/www.meydan.tv\\\/az\\\/article\\\/sehid-ailesine-verilen-qanpulu-da-yolun-temirine-getdi\\\/#breadcrumb\"},\"inLanguage\":\"az\",\"potentialAction\":[{\"@type\":\"ReadAction\",\"target\":[\"https:\\\/\\\/www.meydan.tv\\\/az\\\/article\\\/sehid-ailesine-verilen-qanpulu-da-yolun-temirine-getdi\\\/\"]}]},{\"@type\":\"ImageObject\",\"inLanguage\":\"az\",\"@id\":\"https:\\\/\\\/www.meydan.tv\\\/az\\\/article\\\/sehid-ailesine-verilen-qanpulu-da-yolun-temirine-getdi\\\/#primaryimage\",\"url\":\"https:\\\/\\\/www.meydan.tv\\\/wp-content\\\/uploads\\\/kendin_ishiq_direkleri.jpg\",\"contentUrl\":\"https:\\\/\\\/www.meydan.tv\\\/wp-content\\\/uploads\\\/kendin_ishiq_direkleri.jpg\",\"width\":1200,\"height\":675},{\"@type\":\"BreadcrumbList\",\"@id\":\"https:\\\/\\\/www.meydan.tv\\\/az\\\/article\\\/sehid-ailesine-verilen-qanpulu-da-yolun-temirine-getdi\\\/#breadcrumb\",\"itemListElement\":[{\"@type\":\"ListItem\",\"position\":1,\"name\":\"Ana s\u0259hif\u0259\",\"item\":\"https:\\\/\\\/www.meydan.tv\\\/az\\\/\"},{\"@type\":\"ListItem\",\"position\":2,\"name\":\"B\u00f6lg\u0259\",\"item\":\"https:\\\/\\\/www.meydan.tv\\\/az\\\/section\\\/bolge\\\/\"},{\"@type\":\"ListItem\",\"position\":3,\"name\":\"\u201c\u015e\u0259hid ail\u0259sin\u0259 veril\u0259n qanpulu da yolun t\u0259mirin\u0259 getdi\u201d\"}]},{\"@type\":\"WebSite\",\"@id\":\"https:\\\/\\\/www.meydan.tv\\\/az\\\/#website\",\"url\":\"https:\\\/\\\/www.meydan.tv\\\/az\\\/\",\"name\":\"MEYDAN.TV\",\"description\":\"Meydan TV Az\u0259rbaycan\u0131n media m\u0259kan\u0131ndak\u0131 alternativ s\u0259sidir\",\"publisher\":{\"@id\":\"https:\\\/\\\/www.meydan.tv\\\/az\\\/#organization\"},\"potentialAction\":[{\"@type\":\"SearchAction\",\"target\":{\"@type\":\"EntryPoint\",\"urlTemplate\":\"https:\\\/\\\/www.meydan.tv\\\/az\\\/?s={search_term_string}\"},\"query-input\":{\"@type\":\"PropertyValueSpecification\",\"valueRequired\":true,\"valueName\":\"search_term_string\"}}],\"inLanguage\":\"az\"},{\"@type\":\"Organization\",\"@id\":\"https:\\\/\\\/www.meydan.tv\\\/az\\\/#organization\",\"name\":\"Meydan TV\",\"url\":\"https:\\\/\\\/www.meydan.tv\\\/az\\\/\",\"logo\":{\"@type\":\"ImageObject\",\"inLanguage\":\"az\",\"@id\":\"https:\\\/\\\/www.meydan.tv\\\/az\\\/#\\\/schema\\\/logo\\\/image\\\/\",\"url\":\"https:\\\/\\\/www.meydan.tv\\\/wp-content\\\/uploads\\\/2021\\\/07\\\/meydan-logo.svg\",\"contentUrl\":\"https:\\\/\\\/www.meydan.tv\\\/wp-content\\\/uploads\\\/2021\\\/07\\\/meydan-logo.svg\",\"width\":195,\"height\":46,\"caption\":\"Meydan TV\"},\"image\":{\"@id\":\"https:\\\/\\\/www.meydan.tv\\\/az\\\/#\\\/schema\\\/logo\\\/image\\\/\"}},{\"@type\":\"Person\",\"@id\":\"https:\\\/\\\/www.meydan.tv\\\/az\\\/#\\\/schema\\\/person\\\/9cdbecf90d17180ce1dfbd95b08dcf47\",\"name\":\"elli\",\"sameAs\":[\"https:\\\/\\\/x.com\\\/elli\"]}]}<\/script>\n<!-- \/ Yoast SEO plugin. -->","yoast_head_json":{"title":"\u201c\u015e\u0259hid ail\u0259sin\u0259 veril\u0259n qanpulu da yolun t\u0259mirin\u0259 getdi\u201d - MEYDAN.TV","robots":{"index":"index","follow":"follow","max-snippet":"max-snippet:-1","max-image-preview":"max-image-preview:large","max-video-preview":"max-video-preview:-1"},"canonical":"https:\/\/www.meydan.tv\/az\/article\/sehid-ailesine-verilen-qanpulu-da-yolun-temirine-getdi\/","og_locale":"az_AZ","og_type":"article","og_title":"\u201c\u015e\u0259hid ail\u0259sin\u0259 veril\u0259n qanpulu da yolun t\u0259mirin\u0259 getdi\u201d - MEYDAN.TV","og_description":"Da\u011f\u0131n ba\u015f\u0131ndak\u0131 k\u0259ndin sakinl\u0259ri da\u011fdan a\u011f\u0131r probleml\u0259r i\u00e7ind\u0259 ya\u015fad\u0131qlar\u0131n\u0131 deyirl\u0259r ... Davam\u0131","og_url":"https:\/\/www.meydan.tv\/az\/article\/sehid-ailesine-verilen-qanpulu-da-yolun-temirine-getdi\/","og_site_name":"MEYDAN.TV","article_published_time":"2022-10-13T14:06:24+00:00","article_modified_time":"2022-10-13T14:06:26+00:00","og_image":[{"width":1200,"height":675,"url":"https:\/\/www.meydan.tv\/wp-content\/uploads\/kendin_ishiq_direkleri.jpg","type":"image\/jpeg"}],"author":"elli","twitter_card":"summary_large_image","twitter_creator":"@elli","schema":{"@context":"https:\/\/schema.org","@graph":[{"@type":"Article","@id":"https:\/\/www.meydan.tv\/az\/article\/sehid-ailesine-verilen-qanpulu-da-yolun-temirine-getdi\/#article","isPartOf":{"@id":"https:\/\/www.meydan.tv\/az\/article\/sehid-ailesine-verilen-qanpulu-da-yolun-temirine-getdi\/"},"author":{"name":"elli","@id":"https:\/\/www.meydan.tv\/az\/#\/schema\/person\/9cdbecf90d17180ce1dfbd95b08dcf47"},"headline":"\u201c\u015e\u0259hid ail\u0259sin\u0259 veril\u0259n qanpulu da yolun t\u0259mirin\u0259 getdi\u201d","datePublished":"2022-10-13T14:06:24+00:00","dateModified":"2022-10-13T14:06:26+00:00","mainEntityOfPage":{"@id":"https:\/\/www.meydan.tv\/az\/article\/sehid-ailesine-verilen-qanpulu-da-yolun-temirine-getdi\/"},"wordCount":621,"publisher":{"@id":"https:\/\/www.meydan.tv\/az\/#organization"},"image":{"@id":"https:\/\/www.meydan.tv\/az\/article\/sehid-ailesine-verilen-qanpulu-da-yolun-temirine-getdi\/#primaryimage"},"thumbnailUrl":"https:\/\/www.meydan.tv\/wp-content\/uploads\/kendin_ishiq_direkleri.jpg","articleSection":["B\u00f6lg\u0259","X\u0259b\u0259rl\u0259r"],"inLanguage":"az"},{"@type":"WebPage","@id":"https:\/\/www.meydan.tv\/az\/article\/sehid-ailesine-verilen-qanpulu-da-yolun-temirine-getdi\/","url":"https:\/\/www.meydan.tv\/az\/article\/sehid-ailesine-verilen-qanpulu-da-yolun-temirine-getdi\/","name":"\u201c\u015e\u0259hid ail\u0259sin\u0259 veril\u0259n qanpulu da yolun t\u0259mirin\u0259 getdi\u201d - MEYDAN.TV","isPartOf":{"@id":"https:\/\/www.meydan.tv\/az\/#website"},"primaryImageOfPage":{"@id":"https:\/\/www.meydan.tv\/az\/article\/sehid-ailesine-verilen-qanpulu-da-yolun-temirine-getdi\/#primaryimage"},"image":{"@id":"https:\/\/www.meydan.tv\/az\/article\/sehid-ailesine-verilen-qanpulu-da-yolun-temirine-getdi\/#primaryimage"},"thumbnailUrl":"https:\/\/www.meydan.tv\/wp-content\/uploads\/kendin_ishiq_direkleri.jpg","datePublished":"2022-10-13T14:06:24+00:00","dateModified":"2022-10-13T14:06:26+00:00","breadcrumb":{"@id":"https:\/\/www.meydan.tv\/az\/article\/sehid-ailesine-verilen-qanpulu-da-yolun-temirine-getdi\/#breadcrumb"},"inLanguage":"az","potentialAction":[{"@type":"ReadAction","target":["https:\/\/www.meydan.tv\/az\/article\/sehid-ailesine-verilen-qanpulu-da-yolun-temirine-getdi\/"]}]},{"@type":"ImageObject","inLanguage":"az","@id":"https:\/\/www.meydan.tv\/az\/article\/sehid-ailesine-verilen-qanpulu-da-yolun-temirine-getdi\/#primaryimage","url":"https:\/\/www.meydan.tv\/wp-content\/uploads\/kendin_ishiq_direkleri.jpg","contentUrl":"https:\/\/www.meydan.tv\/wp-content\/uploads\/kendin_ishiq_direkleri.jpg","width":1200,"height":675},{"@type":"BreadcrumbList","@id":"https:\/\/www.meydan.tv\/az\/article\/sehid-ailesine-verilen-qanpulu-da-yolun-temirine-getdi\/#breadcrumb","itemListElement":[{"@type":"ListItem","position":1,"name":"Ana s\u0259hif\u0259","item":"https:\/\/www.meydan.tv\/az\/"},{"@type":"ListItem","position":2,"name":"B\u00f6lg\u0259","item":"https:\/\/www.meydan.tv\/az\/section\/bolge\/"},{"@type":"ListItem","position":3,"name":"\u201c\u015e\u0259hid ail\u0259sin\u0259 veril\u0259n qanpulu da yolun t\u0259mirin\u0259 getdi\u201d"}]},{"@type":"WebSite","@id":"https:\/\/www.meydan.tv\/az\/#website","url":"https:\/\/www.meydan.tv\/az\/","name":"MEYDAN.TV","description":"Meydan TV Az\u0259rbaycan\u0131n media m\u0259kan\u0131ndak\u0131 alternativ s\u0259sidir","publisher":{"@id":"https:\/\/www.meydan.tv\/az\/#organization"},"potentialAction":[{"@type":"SearchAction","target":{"@type":"EntryPoint","urlTemplate":"https:\/\/www.meydan.tv\/az\/?s={search_term_string}"},"query-input":{"@type":"PropertyValueSpecification","valueRequired":true,"valueName":"search_term_string"}}],"inLanguage":"az"},{"@type":"Organization","@id":"https:\/\/www.meydan.tv\/az\/#organization","name":"Meydan TV","url":"https:\/\/www.meydan.tv\/az\/","logo":{"@type":"ImageObject","inLanguage":"az","@id":"https:\/\/www.meydan.tv\/az\/#\/schema\/logo\/image\/","url":"https:\/\/www.meydan.tv\/wp-content\/uploads\/2021\/07\/meydan-logo.svg","contentUrl":"https:\/\/www.meydan.tv\/wp-content\/uploads\/2021\/07\/meydan-logo.svg","width":195,"height":46,"caption":"Meydan TV"},"image":{"@id":"https:\/\/www.meydan.tv\/az\/#\/schema\/logo\/image\/"}},{"@type":"Person","@id":"https:\/\/www.meydan.tv\/az\/#\/schema\/person\/9cdbecf90d17180ce1dfbd95b08dcf47","name":"elli","sameAs":["https:\/\/x.com\/elli"]}]}},"_links":{"self":[{"href":"https:\/\/www.meydan.tv\/az\/wp-json\/wp\/v2\/posts\/258279","targetHints":{"allow":["GET"]}}],"collection":[{"href":"https:\/\/www.meydan.tv\/az\/wp-json\/wp\/v2\/posts"}],"about":[{"href":"https:\/\/www.meydan.tv\/az\/wp-json\/wp\/v2\/types\/post"}],"author":[{"embeddable":true,"href":"https:\/\/www.meydan.tv\/az\/wp-json\/wp\/v2\/users\/8"}],"replies":[{"embeddable":true,"href":"https:\/\/www.meydan.tv\/az\/wp-json\/wp\/v2\/comments?post=258279"}],"version-history":[{"count":1,"href":"https:\/\/www.meydan.tv\/az\/wp-json\/wp\/v2\/posts\/258279\/revisions"}],"predecessor-version":[{"id":258280,"href":"https:\/\/www.meydan.tv\/az\/wp-json\/wp\/v2\/posts\/258279\/revisions\/258280"}],"wp:featuredmedia":[{"embeddable":true,"href":"https:\/\/www.meydan.tv\/az\/wp-json\/wp\/v2\/media\/258270"}],"wp:attachment":[{"href":"https:\/\/www.meydan.tv\/az\/wp-json\/wp\/v2\/media?parent=258279"}],"wp:term":[{"taxonomy":"category","embeddable":true,"href":"https:\/\/www.meydan.tv\/az\/wp-json\/wp\/v2\/categories?post=258279"},{"taxonomy":"post_tag","embeddable":true,"href":"https:\/\/www.meydan.tv\/az\/wp-json\/wp\/v2\/tags?post=258279"}],"curies":[{"name":"wp","href":"https:\/\/api.w.org\/{rel}","templated":true}]}}