{"id":258203,"date":"2022-10-13T16:07:07","date_gmt":"2022-10-13T12:07:07","guid":{"rendered":"https:\/\/www.meydan.tv\/?p=258203"},"modified":"2022-10-13T16:22:17","modified_gmt":"2022-10-13T12:22:17","slug":"ayb-sozcusu-olke-bascisina-muraciet-etdik-pul-ayirdilar","status":"publish","type":"post","link":"https:\/\/www.meydan.tv\/az\/article\/ayb-sozcusu-olke-bascisina-muraciet-etdik-pul-ayirdilar\/","title":{"rendered":"AYB s\u00f6z\u00e7\u00fcs\u00fc: &#8220;\u00d6lk\u0259 ba\u015f\u00e7\u0131s\u0131na m\u00fcraci\u0259t etdik, pul ay\u0131rd\u0131lar\u2026&#8221;"},"content":{"rendered":"\n<p><\/p>\n\n\n\n<p><em>X\u0259yal Rza: &#8220;Bankdan g\u00f6t\u00fcr\u00fcl\u0259n kredit bu ay qaytar\u0131lacaq&#8221;<\/em><\/p>\n\n\n\n<p>\u201cAz\u0259rbaycan Yaz\u0131\u00e7\u0131lar Birliyi n\u00fcfuzlu bir qurum oldu\u011fu \u00fc\u00e7\u00fcn qurultay\u0131n ke\u00e7irilm\u0259si il\u0259 \u0259laq\u0259dar birba\u015fa \u00f6lk\u0259 r\u0259hb\u0259rliyin\u0259 m\u00fcraci\u0259t edib. M\u00fcraci\u0259timiz d\u0259 t\u0259sdiql\u0259nib\u201d.<\/p>\n\n\n\n<p>Bunu Meydan TV-y\u0259 Az\u0259rbaycan Yaz\u0131\u00e7\u0131lar Birliyinin m\u0259tbuat xidm\u0259tinin r\u0259hb\u0259ri, \u015fair X\u0259yal Rza M\u0259d\u0259niyy\u0259t Nazirliyi t\u0259r\u0259find\u0259n AYB-nin XIII qurultay\u0131 il\u0259 ba\u011fl\u0131 203,6 min manat\u0131n ayr\u0131lmas\u0131na m\u00fcnasib\u0259t bildir\u0259rk\u0259n deyib.<\/p>\n\n\n\n<p>O bildirib ki, pul art\u0131q M\u0259d\u0259niyy\u0259t Nazirliyi vasit\u0259sil\u0259 birliyin hesab\u0131na k\u00f6\u00e7\u00fcr\u00fcl\u00fcb.<\/p>\n\n\n\n<p>\u201cReport\u201dun m\u0259lumat\u0131nda bildirilir ki, qurultay\u0131n ke\u00e7irilm\u0259si m\u0259s\u0259l\u0259si il\u0259 \u0259laq\u0259dar AYB t\u0259r\u0259find\u0259n birba\u015fa M\u0259d\u0259niyy\u0259t Nazirliyin\u0259 m\u00fcraci\u0259t <a href=\"https:\/\/report.az\/medeniyyet-siyaseti\/yazicilarin-qurultayinin-kecirilmesi-ucun-ayb-ye-203-min-manat-pul-ayirilib-ekskluzi\/\" target=\"_blank\" rel=\"noreferrer noopener\">olunmay\u0131b<\/a>.<\/p>\n\n\n\n<p>AYB-in qurultay\u0131n\u0131n 2022-ci il sentyabr\u0131n 30-da ke\u00e7irilm\u0259si planla\u015fd\u0131r\u0131lsa da, daha sonra t\u0259xir\u0259 sal\u0131nm\u0131\u015fd\u0131.<\/p>\n\n\n\n<p>AYB s\u0259dri, Xalq yaz\u0131\u00e7\u0131s\u0131 Anar Rzayev \u201cQaynarinfo\u201dya a\u00e7\u0131qlamas\u0131nda qurumun n\u00f6vb\u0259ti qurultay\u0131n\u0131n ke\u00e7irilm\u0259si \u00fc\u00e7\u00fcn kredit g\u00f6t\u00fcr\u00fcld\u00fcy\u00fcn\u00fc <a href=\"https:\/\/qaynarinfo.az\/az\/yazici-anar-tesdiqledi-beli-kredit-goeturmusuk-1\" target=\"_blank\" rel=\"noreferrer noopener\">demi\u015fdi<\/a>:  <\/p>\n\n\n\n<p>\u201c\u00c7\u00fcnki biz\u0259 pul laz\u0131m idi. Pul ay\u0131r\u0131blar, amma h\u0259min maliyy\u0259 hesaba yatmay\u0131b. Onun \u00fc\u00e7\u00fcn d\u0259 kredit g\u00f6t\u00fcrd\u00fck. Pul hesaba yatandan sonra h\u0259min maliyy\u0259 il\u0259 d\u0259 banka olan borcumuzu ba\u011flayacay\u0131q\u201d.<\/p>\n\n\n\n<figure class=\"wp-block-image size-full\"><img decoding=\"async\" data-src=\"https:\/\/www.meydan.tv\/wp-content\/uploads\/39762.jpg\" alt=\"Anar\" class=\"wp-image-100509 lazyload\" src=\"data:image\/svg+xml;base64,PHN2ZyB3aWR0aD0iMSIgaGVpZ2h0PSIxIiB4bWxucz0iaHR0cDovL3d3dy53My5vcmcvMjAwMC9zdmciPjwvc3ZnPg==\" style=\"--smush-placeholder-width: 1000px; --smush-placeholder-aspect-ratio: 1000\/541;\" \/><figcaption>Anar. M\u0259nb\u0259: Kulis.az<\/figcaption><\/figure>\n\n\n\n<p>X\u0259yal Rza deyir ki, AYB \u00f6zl\u00fcy\u00fcnd\u0259 m\u00fcst\u0259qil qurumdur, M\u0259d\u0259niyy\u0259t Nazirliyinin b\u00fcdc\u0259si is\u0259 yaln\u0131z \u00f6z layih\u0259 v\u0259 planlar\u0131na uy\u011fun edilir: <\/p>\n\n\n\n<p>\u201cKredit g\u00f6t\u00fcrm\u0259k m\u0259s\u0259l\u0259sin\u0259 g\u0259linc\u0259, bu, zaman-zaman olur. Az\u0259rbaycan Yaz\u0131\u00e7\u0131lar Birliyi m\u00fcst\u0259qil t\u0259\u015fkilatd\u0131r, n\u0259 vaxtsa maliyy\u0259 s\u0131x\u0131nt\u0131s\u0131 ya\u015fay\u0131rsa, hans\u0131sa bankdan kredit g\u00f6t\u00fcr\u00fcl\u00fcb. Sonra m\u0259s\u0259l\u0259ni nec\u0259 h\u0259ll etm\u0259si \u2013 qurumun \u00f6z i\u015fidir. B\u00fct\u00fcn qurultay x\u0259rcl\u0259rini 203,6 min manata uy\u011funla\u015fd\u0131rm\u0131\u015f\u0131q. Biz qurultay\u0131n i\u015fini ba\u015flamaq ist\u0259yirdik. Bilirsiniz ki, biletl\u0259r g\u00fcnd\u0259n-g\u00fcn\u0259 bahala\u015f\u0131r. Biletl\u0259ri almaq laz\u0131m idi, g\u0259l\u0259n qonaqlar\u0131 yerb\u0259yer edilm\u0259si m\u0259s\u0259l\u0259si d\u0259 var. Ona g\u00f6r\u0259 q\u0131sa m\u00fcdd\u0259tlik bel\u0259 bir add\u0131m at\u0131l\u0131b. Y\u0259qin ki, bu aydan pul qaytar\u0131lacaq\u201d.<\/p>\n\n\n\n<figure class=\"wp-block-image size-large\"><img decoding=\"async\" width=\"1013\" height=\"821\" data-src=\"https:\/\/www.meydan.tv\/wp-content\/uploads\/227438_prb145b6qu-1013x821.jpg\" alt=\"\" class=\"wp-image-258207 lazyload\" src=\"data:image\/svg+xml;base64,PHN2ZyB3aWR0aD0iMSIgaGVpZ2h0PSIxIiB4bWxucz0iaHR0cDovL3d3dy53My5vcmcvMjAwMC9zdmciPjwvc3ZnPg==\" style=\"--smush-placeholder-width: 1013px; --smush-placeholder-aspect-ratio: 1013\/821;\" \/><figcaption>X\u0259yal Rza. M\u0259nb\u0259: 525.az<\/figcaption><\/figure>\n\n\n\n<p>AYB-nin 2022-ci il oktyabr\u0131n 3-d\u0259 ke\u00e7iril\u0259n iclas\u0131nda q\u0259rara al\u0131n\u0131b ki, oktyabr\u0131n 15-d\u0259 qurultay\u0131n d\u0259qiq tarixi, oktyabr\u0131n 22-d\u0259 is\u0259 qurultay n\u00fcmay\u0259nd\u0259l\u0259rinin siyah\u0131s\u0131 \u201c\u018fd\u0259biyyat q\u0259zeti\u201dnd\u0259 \u00e7ap edilsin.<\/p>\n\n\n\n<p>AYB-d\u0259 qurultay be\u015f ild\u0259n bir \u00e7a\u011f\u0131r\u0131l\u0131r.<\/p>\n\n\n\n<p>Qurultay sonuncu d\u0259f\u0259 2014-c\u00fc ild\u0259 ke\u00e7irilib.<\/p>\n\n\n\n<p>2019-cu ild\u0259n b\u0259ri is\u0259 t\u0259dbirin pandemiya s\u0259b\u0259bind\u0259n ke\u00e7irilm\u0259si m\u00fcmk\u00fcn olmay\u0131b.<\/p>\n","protected":false},"excerpt":{"rendered":"<p>X\u0259yal Rza: &#8220;Bankdan g\u00f6t\u00fcr\u00fcl\u0259n kredit bu ay qaytar\u0131lacaq&#8221; \u201cAz\u0259rbaycan Yaz\u0131\u00e7\u0131lar &#8230; <\/p>\n<p class=\"read-more-container\"><a title=\"AYB s\u00f6z\u00e7\u00fcs\u00fc: &#8220;\u00d6lk\u0259 ba\u015f\u00e7\u0131s\u0131na m\u00fcraci\u0259t etdik, pul ay\u0131rd\u0131lar\u2026&#8221;\" class=\"read-more button\" href=\"https:\/\/www.meydan.tv\/az\/article\/ayb-sozcusu-olke-bascisina-muraciet-etdik-pul-ayirdilar\/#more-258203\" aria-label=\"Read more about AYB s\u00f6z\u00e7\u00fcs\u00fc: &#8220;\u00d6lk\u0259 ba\u015f\u00e7\u0131s\u0131na m\u00fcraci\u0259t etdik, pul ay\u0131rd\u0131lar\u2026&#8221;\">Davam\u0131<\/a><\/p>\n","protected":false},"author":8,"featured_media":258204,"comment_status":"closed","ping_status":"closed","sticky":false,"template":"","format":"standard","meta":{"_acf_changed":false,"_sitemap_exclude":false,"_sitemap_priority":"","_sitemap_frequency":"","footnotes":""},"categories":[52,79,56],"tags":[],"class_list":["post-258203","post","type-post","status-publish","format-standard","has-post-thumbnail","hentry","category-medeniyyet","category-featured","category-xeberler","infinite-scroll-item","generate-columns","tablet-grid-50","mobile-grid-100","grid-parent","grid-33","no-featured-image-padding"],"acf":[],"yoast_head":"<!-- This site is optimized with the Yoast SEO plugin v27.5 - https:\/\/yoast.com\/product\/yoast-seo-wordpress\/ -->\n<title>AYB s\u00f6z\u00e7\u00fcs\u00fc: &quot;\u00d6lk\u0259 ba\u015f\u00e7\u0131s\u0131na m\u00fcraci\u0259t etdik, pul ay\u0131rd\u0131lar\u2026&quot; - MEYDAN.TV<\/title>\n<meta name=\"robots\" content=\"index, follow, max-snippet:-1, max-image-preview:large, max-video-preview:-1\" \/>\n<link rel=\"canonical\" href=\"https:\/\/www.meydan.tv\/az\/article\/ayb-sozcusu-olke-bascisina-muraciet-etdik-pul-ayirdilar\/\" \/>\n<meta property=\"og:locale\" content=\"az_AZ\" \/>\n<meta property=\"og:type\" content=\"article\" \/>\n<meta property=\"og:title\" content=\"AYB s\u00f6z\u00e7\u00fcs\u00fc: &quot;\u00d6lk\u0259 ba\u015f\u00e7\u0131s\u0131na m\u00fcraci\u0259t etdik, pul ay\u0131rd\u0131lar\u2026&quot; - MEYDAN.TV\" \/>\n<meta property=\"og:description\" content=\"X\u0259yal Rza: &#8220;Bankdan g\u00f6t\u00fcr\u00fcl\u0259n kredit bu ay qaytar\u0131lacaq&#8221; \u201cAz\u0259rbaycan Yaz\u0131\u00e7\u0131lar ... Davam\u0131\" \/>\n<meta property=\"og:url\" content=\"https:\/\/www.meydan.tv\/az\/article\/ayb-sozcusu-olke-bascisina-muraciet-etdik-pul-ayirdilar\/\" \/>\n<meta property=\"og:site_name\" content=\"MEYDAN.TV\" \/>\n<meta property=\"article:published_time\" content=\"2022-10-13T12:07:07+00:00\" \/>\n<meta property=\"article:modified_time\" content=\"2022-10-13T12:22:17+00:00\" \/>\n<meta property=\"og:image\" content=\"https:\/\/www.meydan.tv\/wp-content\/uploads\/1-8-520x390-1.jpg\" \/>\n\t<meta property=\"og:image:width\" content=\"1200\" \/>\n\t<meta property=\"og:image:height\" content=\"900\" \/>\n\t<meta property=\"og:image:type\" content=\"image\/jpeg\" \/>\n<meta name=\"author\" content=\"elli\" \/>\n<meta name=\"twitter:card\" content=\"summary_large_image\" \/>\n<meta name=\"twitter:creator\" content=\"@elli\" \/>\n<script type=\"application\/ld+json\" class=\"yoast-schema-graph\">{\"@context\":\"https:\\\/\\\/schema.org\",\"@graph\":[{\"@type\":\"Article\",\"@id\":\"https:\\\/\\\/www.meydan.tv\\\/az\\\/article\\\/ayb-sozcusu-olke-bascisina-muraciet-etdik-pul-ayirdilar\\\/#article\",\"isPartOf\":{\"@id\":\"https:\\\/\\\/www.meydan.tv\\\/az\\\/article\\\/ayb-sozcusu-olke-bascisina-muraciet-etdik-pul-ayirdilar\\\/\"},\"author\":{\"name\":\"elli\",\"@id\":\"https:\\\/\\\/www.meydan.tv\\\/az\\\/#\\\/schema\\\/person\\\/9cdbecf90d17180ce1dfbd95b08dcf47\"},\"headline\":\"AYB s\u00f6z\u00e7\u00fcs\u00fc: &#8220;\u00d6lk\u0259 ba\u015f\u00e7\u0131s\u0131na m\u00fcraci\u0259t etdik, pul ay\u0131rd\u0131lar\u2026&#8221;\",\"datePublished\":\"2022-10-13T12:07:07+00:00\",\"dateModified\":\"2022-10-13T12:22:17+00:00\",\"mainEntityOfPage\":{\"@id\":\"https:\\\/\\\/www.meydan.tv\\\/az\\\/article\\\/ayb-sozcusu-olke-bascisina-muraciet-etdik-pul-ayirdilar\\\/\"},\"wordCount\":527,\"publisher\":{\"@id\":\"https:\\\/\\\/www.meydan.tv\\\/az\\\/#organization\"},\"image\":{\"@id\":\"https:\\\/\\\/www.meydan.tv\\\/az\\\/article\\\/ayb-sozcusu-olke-bascisina-muraciet-etdik-pul-ayirdilar\\\/#primaryimage\"},\"thumbnailUrl\":\"https:\\\/\\\/www.meydan.tv\\\/wp-content\\\/uploads\\\/1-8-520x390-1.jpg\",\"articleSection\":[\"M\u0259d\u0259niyy\u0259t\",\"T\u00f6vsiy\u0259\",\"X\u0259b\u0259rl\u0259r\"],\"inLanguage\":\"az\"},{\"@type\":\"WebPage\",\"@id\":\"https:\\\/\\\/www.meydan.tv\\\/az\\\/article\\\/ayb-sozcusu-olke-bascisina-muraciet-etdik-pul-ayirdilar\\\/\",\"url\":\"https:\\\/\\\/www.meydan.tv\\\/az\\\/article\\\/ayb-sozcusu-olke-bascisina-muraciet-etdik-pul-ayirdilar\\\/\",\"name\":\"AYB s\u00f6z\u00e7\u00fcs\u00fc: \\\"\u00d6lk\u0259 ba\u015f\u00e7\u0131s\u0131na m\u00fcraci\u0259t etdik, pul ay\u0131rd\u0131lar\u2026\\\" - MEYDAN.TV\",\"isPartOf\":{\"@id\":\"https:\\\/\\\/www.meydan.tv\\\/az\\\/#website\"},\"primaryImageOfPage\":{\"@id\":\"https:\\\/\\\/www.meydan.tv\\\/az\\\/article\\\/ayb-sozcusu-olke-bascisina-muraciet-etdik-pul-ayirdilar\\\/#primaryimage\"},\"image\":{\"@id\":\"https:\\\/\\\/www.meydan.tv\\\/az\\\/article\\\/ayb-sozcusu-olke-bascisina-muraciet-etdik-pul-ayirdilar\\\/#primaryimage\"},\"thumbnailUrl\":\"https:\\\/\\\/www.meydan.tv\\\/wp-content\\\/uploads\\\/1-8-520x390-1.jpg\",\"datePublished\":\"2022-10-13T12:07:07+00:00\",\"dateModified\":\"2022-10-13T12:22:17+00:00\",\"breadcrumb\":{\"@id\":\"https:\\\/\\\/www.meydan.tv\\\/az\\\/article\\\/ayb-sozcusu-olke-bascisina-muraciet-etdik-pul-ayirdilar\\\/#breadcrumb\"},\"inLanguage\":\"az\",\"potentialAction\":[{\"@type\":\"ReadAction\",\"target\":[\"https:\\\/\\\/www.meydan.tv\\\/az\\\/article\\\/ayb-sozcusu-olke-bascisina-muraciet-etdik-pul-ayirdilar\\\/\"]}]},{\"@type\":\"ImageObject\",\"inLanguage\":\"az\",\"@id\":\"https:\\\/\\\/www.meydan.tv\\\/az\\\/article\\\/ayb-sozcusu-olke-bascisina-muraciet-etdik-pul-ayirdilar\\\/#primaryimage\",\"url\":\"https:\\\/\\\/www.meydan.tv\\\/wp-content\\\/uploads\\\/1-8-520x390-1.jpg\",\"contentUrl\":\"https:\\\/\\\/www.meydan.tv\\\/wp-content\\\/uploads\\\/1-8-520x390-1.jpg\",\"width\":1200,\"height\":900,\"caption\":\"M\u0259nb\u0259: AYB\"},{\"@type\":\"BreadcrumbList\",\"@id\":\"https:\\\/\\\/www.meydan.tv\\\/az\\\/article\\\/ayb-sozcusu-olke-bascisina-muraciet-etdik-pul-ayirdilar\\\/#breadcrumb\",\"itemListElement\":[{\"@type\":\"ListItem\",\"position\":1,\"name\":\"Ana s\u0259hif\u0259\",\"item\":\"https:\\\/\\\/www.meydan.tv\\\/az\\\/\"},{\"@type\":\"ListItem\",\"position\":2,\"name\":\"M\u0259d\u0259niyy\u0259t\",\"item\":\"https:\\\/\\\/www.meydan.tv\\\/az\\\/section\\\/medeniyyet\\\/\"},{\"@type\":\"ListItem\",\"position\":3,\"name\":\"AYB s\u00f6z\u00e7\u00fcs\u00fc: &#8220;\u00d6lk\u0259 ba\u015f\u00e7\u0131s\u0131na m\u00fcraci\u0259t etdik, pul ay\u0131rd\u0131lar\u2026&#8221;\"}]},{\"@type\":\"WebSite\",\"@id\":\"https:\\\/\\\/www.meydan.tv\\\/az\\\/#website\",\"url\":\"https:\\\/\\\/www.meydan.tv\\\/az\\\/\",\"name\":\"MEYDAN.TV\",\"description\":\"Meydan TV Az\u0259rbaycan\u0131n media m\u0259kan\u0131ndak\u0131 alternativ s\u0259sidir\",\"publisher\":{\"@id\":\"https:\\\/\\\/www.meydan.tv\\\/az\\\/#organization\"},\"potentialAction\":[{\"@type\":\"SearchAction\",\"target\":{\"@type\":\"EntryPoint\",\"urlTemplate\":\"https:\\\/\\\/www.meydan.tv\\\/az\\\/?s={search_term_string}\"},\"query-input\":{\"@type\":\"PropertyValueSpecification\",\"valueRequired\":true,\"valueName\":\"search_term_string\"}}],\"inLanguage\":\"az\"},{\"@type\":\"Organization\",\"@id\":\"https:\\\/\\\/www.meydan.tv\\\/az\\\/#organization\",\"name\":\"Meydan TV\",\"url\":\"https:\\\/\\\/www.meydan.tv\\\/az\\\/\",\"logo\":{\"@type\":\"ImageObject\",\"inLanguage\":\"az\",\"@id\":\"https:\\\/\\\/www.meydan.tv\\\/az\\\/#\\\/schema\\\/logo\\\/image\\\/\",\"url\":\"https:\\\/\\\/www.meydan.tv\\\/wp-content\\\/uploads\\\/2021\\\/07\\\/meydan-logo.svg\",\"contentUrl\":\"https:\\\/\\\/www.meydan.tv\\\/wp-content\\\/uploads\\\/2021\\\/07\\\/meydan-logo.svg\",\"width\":195,\"height\":46,\"caption\":\"Meydan TV\"},\"image\":{\"@id\":\"https:\\\/\\\/www.meydan.tv\\\/az\\\/#\\\/schema\\\/logo\\\/image\\\/\"}},{\"@type\":\"Person\",\"@id\":\"https:\\\/\\\/www.meydan.tv\\\/az\\\/#\\\/schema\\\/person\\\/9cdbecf90d17180ce1dfbd95b08dcf47\",\"name\":\"elli\",\"sameAs\":[\"https:\\\/\\\/x.com\\\/elli\"]}]}<\/script>\n<!-- \/ Yoast SEO plugin. -->","yoast_head_json":{"title":"AYB s\u00f6z\u00e7\u00fcs\u00fc: \"\u00d6lk\u0259 ba\u015f\u00e7\u0131s\u0131na m\u00fcraci\u0259t etdik, pul ay\u0131rd\u0131lar\u2026\" - MEYDAN.TV","robots":{"index":"index","follow":"follow","max-snippet":"max-snippet:-1","max-image-preview":"max-image-preview:large","max-video-preview":"max-video-preview:-1"},"canonical":"https:\/\/www.meydan.tv\/az\/article\/ayb-sozcusu-olke-bascisina-muraciet-etdik-pul-ayirdilar\/","og_locale":"az_AZ","og_type":"article","og_title":"AYB s\u00f6z\u00e7\u00fcs\u00fc: \"\u00d6lk\u0259 ba\u015f\u00e7\u0131s\u0131na m\u00fcraci\u0259t etdik, pul ay\u0131rd\u0131lar\u2026\" - MEYDAN.TV","og_description":"X\u0259yal Rza: &#8220;Bankdan g\u00f6t\u00fcr\u00fcl\u0259n kredit bu ay qaytar\u0131lacaq&#8221; \u201cAz\u0259rbaycan Yaz\u0131\u00e7\u0131lar ... Davam\u0131","og_url":"https:\/\/www.meydan.tv\/az\/article\/ayb-sozcusu-olke-bascisina-muraciet-etdik-pul-ayirdilar\/","og_site_name":"MEYDAN.TV","article_published_time":"2022-10-13T12:07:07+00:00","article_modified_time":"2022-10-13T12:22:17+00:00","og_image":[{"width":1200,"height":900,"url":"https:\/\/www.meydan.tv\/wp-content\/uploads\/1-8-520x390-1.jpg","type":"image\/jpeg"}],"author":"elli","twitter_card":"summary_large_image","twitter_creator":"@elli","schema":{"@context":"https:\/\/schema.org","@graph":[{"@type":"Article","@id":"https:\/\/www.meydan.tv\/az\/article\/ayb-sozcusu-olke-bascisina-muraciet-etdik-pul-ayirdilar\/#article","isPartOf":{"@id":"https:\/\/www.meydan.tv\/az\/article\/ayb-sozcusu-olke-bascisina-muraciet-etdik-pul-ayirdilar\/"},"author":{"name":"elli","@id":"https:\/\/www.meydan.tv\/az\/#\/schema\/person\/9cdbecf90d17180ce1dfbd95b08dcf47"},"headline":"AYB s\u00f6z\u00e7\u00fcs\u00fc: &#8220;\u00d6lk\u0259 ba\u015f\u00e7\u0131s\u0131na m\u00fcraci\u0259t etdik, pul ay\u0131rd\u0131lar\u2026&#8221;","datePublished":"2022-10-13T12:07:07+00:00","dateModified":"2022-10-13T12:22:17+00:00","mainEntityOfPage":{"@id":"https:\/\/www.meydan.tv\/az\/article\/ayb-sozcusu-olke-bascisina-muraciet-etdik-pul-ayirdilar\/"},"wordCount":527,"publisher":{"@id":"https:\/\/www.meydan.tv\/az\/#organization"},"image":{"@id":"https:\/\/www.meydan.tv\/az\/article\/ayb-sozcusu-olke-bascisina-muraciet-etdik-pul-ayirdilar\/#primaryimage"},"thumbnailUrl":"https:\/\/www.meydan.tv\/wp-content\/uploads\/1-8-520x390-1.jpg","articleSection":["M\u0259d\u0259niyy\u0259t","T\u00f6vsiy\u0259","X\u0259b\u0259rl\u0259r"],"inLanguage":"az"},{"@type":"WebPage","@id":"https:\/\/www.meydan.tv\/az\/article\/ayb-sozcusu-olke-bascisina-muraciet-etdik-pul-ayirdilar\/","url":"https:\/\/www.meydan.tv\/az\/article\/ayb-sozcusu-olke-bascisina-muraciet-etdik-pul-ayirdilar\/","name":"AYB s\u00f6z\u00e7\u00fcs\u00fc: \"\u00d6lk\u0259 ba\u015f\u00e7\u0131s\u0131na m\u00fcraci\u0259t etdik, pul ay\u0131rd\u0131lar\u2026\" - MEYDAN.TV","isPartOf":{"@id":"https:\/\/www.meydan.tv\/az\/#website"},"primaryImageOfPage":{"@id":"https:\/\/www.meydan.tv\/az\/article\/ayb-sozcusu-olke-bascisina-muraciet-etdik-pul-ayirdilar\/#primaryimage"},"image":{"@id":"https:\/\/www.meydan.tv\/az\/article\/ayb-sozcusu-olke-bascisina-muraciet-etdik-pul-ayirdilar\/#primaryimage"},"thumbnailUrl":"https:\/\/www.meydan.tv\/wp-content\/uploads\/1-8-520x390-1.jpg","datePublished":"2022-10-13T12:07:07+00:00","dateModified":"2022-10-13T12:22:17+00:00","breadcrumb":{"@id":"https:\/\/www.meydan.tv\/az\/article\/ayb-sozcusu-olke-bascisina-muraciet-etdik-pul-ayirdilar\/#breadcrumb"},"inLanguage":"az","potentialAction":[{"@type":"ReadAction","target":["https:\/\/www.meydan.tv\/az\/article\/ayb-sozcusu-olke-bascisina-muraciet-etdik-pul-ayirdilar\/"]}]},{"@type":"ImageObject","inLanguage":"az","@id":"https:\/\/www.meydan.tv\/az\/article\/ayb-sozcusu-olke-bascisina-muraciet-etdik-pul-ayirdilar\/#primaryimage","url":"https:\/\/www.meydan.tv\/wp-content\/uploads\/1-8-520x390-1.jpg","contentUrl":"https:\/\/www.meydan.tv\/wp-content\/uploads\/1-8-520x390-1.jpg","width":1200,"height":900,"caption":"M\u0259nb\u0259: AYB"},{"@type":"BreadcrumbList","@id":"https:\/\/www.meydan.tv\/az\/article\/ayb-sozcusu-olke-bascisina-muraciet-etdik-pul-ayirdilar\/#breadcrumb","itemListElement":[{"@type":"ListItem","position":1,"name":"Ana s\u0259hif\u0259","item":"https:\/\/www.meydan.tv\/az\/"},{"@type":"ListItem","position":2,"name":"M\u0259d\u0259niyy\u0259t","item":"https:\/\/www.meydan.tv\/az\/section\/medeniyyet\/"},{"@type":"ListItem","position":3,"name":"AYB s\u00f6z\u00e7\u00fcs\u00fc: &#8220;\u00d6lk\u0259 ba\u015f\u00e7\u0131s\u0131na m\u00fcraci\u0259t etdik, pul ay\u0131rd\u0131lar\u2026&#8221;"}]},{"@type":"WebSite","@id":"https:\/\/www.meydan.tv\/az\/#website","url":"https:\/\/www.meydan.tv\/az\/","name":"MEYDAN.TV","description":"Meydan TV Az\u0259rbaycan\u0131n media m\u0259kan\u0131ndak\u0131 alternativ s\u0259sidir","publisher":{"@id":"https:\/\/www.meydan.tv\/az\/#organization"},"potentialAction":[{"@type":"SearchAction","target":{"@type":"EntryPoint","urlTemplate":"https:\/\/www.meydan.tv\/az\/?s={search_term_string}"},"query-input":{"@type":"PropertyValueSpecification","valueRequired":true,"valueName":"search_term_string"}}],"inLanguage":"az"},{"@type":"Organization","@id":"https:\/\/www.meydan.tv\/az\/#organization","name":"Meydan TV","url":"https:\/\/www.meydan.tv\/az\/","logo":{"@type":"ImageObject","inLanguage":"az","@id":"https:\/\/www.meydan.tv\/az\/#\/schema\/logo\/image\/","url":"https:\/\/www.meydan.tv\/wp-content\/uploads\/2021\/07\/meydan-logo.svg","contentUrl":"https:\/\/www.meydan.tv\/wp-content\/uploads\/2021\/07\/meydan-logo.svg","width":195,"height":46,"caption":"Meydan TV"},"image":{"@id":"https:\/\/www.meydan.tv\/az\/#\/schema\/logo\/image\/"}},{"@type":"Person","@id":"https:\/\/www.meydan.tv\/az\/#\/schema\/person\/9cdbecf90d17180ce1dfbd95b08dcf47","name":"elli","sameAs":["https:\/\/x.com\/elli"]}]}},"_links":{"self":[{"href":"https:\/\/www.meydan.tv\/az\/wp-json\/wp\/v2\/posts\/258203","targetHints":{"allow":["GET"]}}],"collection":[{"href":"https:\/\/www.meydan.tv\/az\/wp-json\/wp\/v2\/posts"}],"about":[{"href":"https:\/\/www.meydan.tv\/az\/wp-json\/wp\/v2\/types\/post"}],"author":[{"embeddable":true,"href":"https:\/\/www.meydan.tv\/az\/wp-json\/wp\/v2\/users\/8"}],"replies":[{"embeddable":true,"href":"https:\/\/www.meydan.tv\/az\/wp-json\/wp\/v2\/comments?post=258203"}],"version-history":[{"count":1,"href":"https:\/\/www.meydan.tv\/az\/wp-json\/wp\/v2\/posts\/258203\/revisions"}],"predecessor-version":[{"id":258210,"href":"https:\/\/www.meydan.tv\/az\/wp-json\/wp\/v2\/posts\/258203\/revisions\/258210"}],"wp:featuredmedia":[{"embeddable":true,"href":"https:\/\/www.meydan.tv\/az\/wp-json\/wp\/v2\/media\/258204"}],"wp:attachment":[{"href":"https:\/\/www.meydan.tv\/az\/wp-json\/wp\/v2\/media?parent=258203"}],"wp:term":[{"taxonomy":"category","embeddable":true,"href":"https:\/\/www.meydan.tv\/az\/wp-json\/wp\/v2\/categories?post=258203"},{"taxonomy":"post_tag","embeddable":true,"href":"https:\/\/www.meydan.tv\/az\/wp-json\/wp\/v2\/tags?post=258203"}],"curies":[{"name":"wp","href":"https:\/\/api.w.org\/{rel}","templated":true}]}}